{"id":393118,"date":"2026-09-01T10:55:54","date_gmt":"2026-09-01T08:55:54","guid":{"rendered":"https:\/\/cyclingpro.net\/spaziociclismo\/?p=393118"},"modified":"2026-09-01T10:56:35","modified_gmt":"2026-09-01T08:56:35","slug":"jayco-alula-al-salvataggio-della-squadra-arriva-un-fondo-di-investimenti-svizzero-e-si-pensa-a-primoz-roglic-per-il-ciclomercato","status":"publish","type":"post","link":"https:\/\/cyclingpro.net\/spaziociclismo\/ciclomercato\/jayco-alula-al-salvataggio-della-squadra-arriva-un-fondo-di-investimenti-svizzero-e-si-pensa-a-primoz-roglic-per-il-ciclomercato\/","title":{"rendered":"Jayco-AlUla, al salvataggio della squadra arriva un fondo di investimenti svizzero &#8211; E si pensa a Primo\u017e Rogli\u010d per il CicloMercato"},"content":{"rendered":"<p>Le ipotesi peggiori sul futuro della<strong> Jayco-AlUla<\/strong> sembrano ormai alle spalle. La squadra WorldTour australiana, che ha anche una formazione di pari grado sul palcoscenico femminile, ha vissuto momenti difficili sul piano del proseguimento dell&#8217;attivit\u00e0 al massimo livello,<a href=\"https:\/\/cyclingpro.net\/spaziociclismo\/ciclomercato\/jayco-alula-problemi-economici-e-ciclomercato-fermo-la-guerra-in-medio-oriente-ha-messo-in-difficolta-lo-sponsor-arabo-e-la-famiglia-spinge-perche-patron-gerry-ryan-lasci\/\" target=\"_blank\" rel=\"noopener\"> dato che lo sponsor saudita (AlUla) ha dovuto ridurre il suo impegno a causa della guerra in Medio Oriente<\/a> e considerando che gli sforzi del proprietario, l&#8217;imprenditore australiano <strong>Gerry Ryan<\/strong>, non sono pi\u00f9 sufficienti per tenere accesa la &#8220;macchina&#8221;. Inoltre, lo stesso Ryan deve fare i conti con una opposizione &#8220;familiare&#8221;, dato che i figli gli avrebbero chiesto di limitare le spese nel settore ciclismo.<\/p>\n<p>Nei giorni scorsi, per\u00f2, lo stesso Ryan e il direttore generale della squadra, <strong>Brent Copeland<\/strong>, hanno incontrato &#8211; per via telematica e in maniera peraltro abbastanza sbrigativa &#8211; i corridori e il personale rassicurandoli sulla situazione. In quel frangente si era parlato di un nuovo &#8220;investitore&#8221; non meglio precisato, ma nelle ultime ore stanno filtrando informazioni supplementari sulla situazione della realt\u00e0 australiana.<\/p>\n<p>Stando a quanto riporta <a href=\"https:\/\/www.hln.be\/vuelta\/naast-plotse-kans-op-eindzege-ook-transferkoorts-hoe-voor-primoz-roglic-en-co-ook-hun-toekomst-op-het-spel-staat-in-vuelta~ab9794d4\/\" target=\"_blank\" rel=\"noopener\"><em>HLN<\/em><\/a>, infatti, <strong>la dirigenza dell&#8217;attuale Jayco-AlUla avrebbe trovato un accordo con un fondo di investimenti battente bandiera svizzera<\/strong>, che entrerebbe cos\u00ec &#8220;ex novo&#8221; nel mondo del ciclismo. Il fondo in questione, per\u00f2, non \u00e8 del tutto nuovo allo sport internazionale, dato che si tratterebbe di una realt\u00e0 gi\u00e0 da tempo attiva nel settore dei diritti televisivi del calcio.<\/p>\n<p>L&#8217;accordo, se effettivamente formalizzato, sbloccherebbe anche il <strong>CicloMercato<\/strong> della formazione australiana, attualmente fermo. Gli &#8220;spifferi&#8221; delle ultime ore parlano di un nome di grosso calibro, quello di <strong>Primo\u017e Rogli\u010d<\/strong>, sulla lista della spesa dei dirigenti di quella che oggi \u00e8 ancora Jayco-AlUla. Su futuro dello sloveno, 36 anni, che non rester\u00e0 alla <strong>Red Bull-Bora-hansgrohe<\/strong>, si stanno comunque affollando diverse possibilit\u00e0 (Lotto-Intermarch\u00e9, NSN, XDS Astana, Pinarello-Q36.5 e Tudor),<a href=\"https:\/\/cyclingpro.net\/spaziociclismo\/ciclomercato\/ciclomercato-2027-cinque-squadre-vogliono-primoz-roglic-lo-sloveno-chiede-4-milioni-di-euro-per-un-anno\/\" target=\"_blank\" rel=\"noopener\"> al netto del fatto che la richiesta contrattuale del campione olimpico di Tokyo 2021 a cronometro \u00e8 decisamente significativa.<\/a><\/p>\n","protected":false},"excerpt":{"rendered":"<p>La realt\u00e0 australiana ha vissuto momenti di grande incertezza sul suo futuro, ma la situazione sembra essersi sbloccata. #CicloMercato<\/p>\n","protected":false},"author":25,"featured_media":390722,"comment_status":"open","ping_status":"closed","sticky":false,"template":"","format":"standard","meta":{"footnotes":"","_members_access_role":[],"_members_access_error":""},"categories":[5,25],"tags":[6769,6738],"class_list":["post-393118","post","type-post","status-publish","format-standard","has-post-thumbnail","hentry","category-ciclomercato","category-worldtour","tag-ciclomercato-2027","tag-team-jayco-alula-2026"],"yoast_head":"<!-- This site is optimized with the Yoast SEO plugin v28.3 - https:\/\/yoast.com\/product\/yoast-seo-wordpress\/ -->\n<title>Jayco-AlUla, al salvataggio della squadra arriva un fondo di investimenti svizzero - E si pensa a Primo\u017e Rogli\u010d per il CicloMercato - SpazioCiclismo<\/title>\n<meta name=\"robots\" content=\"index, follow, max-snippet:-1, max-image-preview:large, max-video-preview:-1\" \/>\n<link rel=\"canonical\" href=\"https:\/\/cyclingpro.net\/spaziociclismo\/ciclomercato\/jayco-alula-al-salvataggio-della-squadra-arriva-un-fondo-di-investimenti-svizzero-e-si-pensa-a-primoz-roglic-per-il-ciclomercato\/\" \/>\n<meta property=\"og:locale\" content=\"it_IT\" \/>\n<meta property=\"og:type\" content=\"article\" \/>\n<meta property=\"og:title\" content=\"Jayco-AlUla, al salvataggio della squadra arriva un fondo di investimenti svizzero - E si pensa a Primo\u017e Rogli\u010d per il CicloMercato - SpazioCiclismo\" \/>\n<meta property=\"og:description\" content=\"La realt\u00e0 australiana ha vissuto momenti di grande incertezza sul suo futuro, ma la situazione sembra essersi sbloccata. #CicloMercato\" \/>\n<meta property=\"og:url\" content=\"https:\/\/cyclingpro.net\/spaziociclismo\/ciclomercato\/jayco-alula-al-salvataggio-della-squadra-arriva-un-fondo-di-investimenti-svizzero-e-si-pensa-a-primoz-roglic-per-il-ciclomercato\/\" \/>\n<meta property=\"og:site_name\" content=\"SpazioCiclismo\" \/>\n<meta property=\"article:publisher\" content=\"https:\/\/www.facebook.com\/SpazioCiclismo\/\" \/>\n<meta property=\"article:published_time\" content=\"2026-09-01T08:55:54+00:00\" \/>\n<meta property=\"article:modified_time\" content=\"2026-09-01T08:56:35+00:00\" \/>\n<meta property=\"og:image\" content=\"https:\/\/cyclingpro.net\/spaziociclismo\/wp-content\/uploads\/2026\/08\/1284451629-scaled.jpg\" \/>\n\t<meta property=\"og:image:width\" content=\"2560\" \/>\n\t<meta property=\"og:image:height\" content=\"1707\" \/>\n\t<meta property=\"og:image:type\" content=\"image\/jpeg\" \/>\n<meta name=\"author\" content=\"Francesco Mitola\" \/>\n<meta name=\"twitter:card\" content=\"summary_large_image\" \/>\n<meta name=\"twitter:creator\" content=\"@spaziociclismo\" \/>\n<meta name=\"twitter:site\" content=\"@spaziociclismo\" \/>\n<meta name=\"twitter:label1\" content=\"Scritto da\" \/>\n\t<meta name=\"twitter:data1\" content=\"Francesco Mitola\" \/>\n\t<meta name=\"twitter:label2\" content=\"Tempo di lettura stimato\" \/>\n\t<meta name=\"twitter:data2\" content=\"2 minuti\" \/>\n<script type=\"application\/ld+json\" class=\"yoast-schema-graph\">{\"@context\":\"https:\\\/\\\/schema.org\",\"@graph\":[{\"@type\":\"Article\",\"@id\":\"https:\\\/\\\/cyclingpro.net\\\/spaziociclismo\\\/ciclomercato\\\/jayco-alula-al-salvataggio-della-squadra-arriva-un-fondo-di-investimenti-svizzero-e-si-pensa-a-primoz-roglic-per-il-ciclomercato\\\/#article\",\"isPartOf\":{\"@id\":\"https:\\\/\\\/cyclingpro.net\\\/spaziociclismo\\\/ciclomercato\\\/jayco-alula-al-salvataggio-della-squadra-arriva-un-fondo-di-investimenti-svizzero-e-si-pensa-a-primoz-roglic-per-il-ciclomercato\\\/\"},\"author\":{\"name\":\"Francesco Mitola\",\"@id\":\"https:\\\/\\\/cyclingpro.net\\\/spaziociclismo\\\/#\\\/schema\\\/person\\\/627dbc08c9712c25304b059bbb765de8\"},\"headline\":\"Jayco-AlUla, al salvataggio della squadra arriva un fondo di investimenti svizzero &#8211; E si pensa a Primo\u017e Rogli\u010d per il CicloMercato\",\"datePublished\":\"2026-09-01T08:55:54+00:00\",\"dateModified\":\"2026-09-01T08:56:35+00:00\",\"mainEntityOfPage\":{\"@id\":\"https:\\\/\\\/cyclingpro.net\\\/spaziociclismo\\\/ciclomercato\\\/jayco-alula-al-salvataggio-della-squadra-arriva-un-fondo-di-investimenti-svizzero-e-si-pensa-a-primoz-roglic-per-il-ciclomercato\\\/\"},\"wordCount\":333,\"commentCount\":0,\"publisher\":{\"@id\":\"https:\\\/\\\/cyclingpro.net\\\/spaziociclismo\\\/#organization\"},\"image\":{\"@id\":\"https:\\\/\\\/cyclingpro.net\\\/spaziociclismo\\\/ciclomercato\\\/jayco-alula-al-salvataggio-della-squadra-arriva-un-fondo-di-investimenti-svizzero-e-si-pensa-a-primoz-roglic-per-il-ciclomercato\\\/#primaryimage\"},\"thumbnailUrl\":\"https:\\\/\\\/cyclingpro.net\\\/spaziociclismo\\\/wp-content\\\/uploads\\\/2026\\\/08\\\/1284451629-scaled.jpg\",\"keywords\":[\"CicloMercato 2027\",\"Team Jayco AlUla 2026\"],\"articleSection\":[\"CicloMercato\",\"WorldTour\"],\"inLanguage\":\"it-IT\",\"potentialAction\":[{\"@type\":\"CommentAction\",\"name\":\"Comment\",\"target\":[\"https:\\\/\\\/cyclingpro.net\\\/spaziociclismo\\\/ciclomercato\\\/jayco-alula-al-salvataggio-della-squadra-arriva-un-fondo-di-investimenti-svizzero-e-si-pensa-a-primoz-roglic-per-il-ciclomercato\\\/#respond\"]}]},{\"@type\":\"WebPage\",\"@id\":\"https:\\\/\\\/cyclingpro.net\\\/spaziociclismo\\\/ciclomercato\\\/jayco-alula-al-salvataggio-della-squadra-arriva-un-fondo-di-investimenti-svizzero-e-si-pensa-a-primoz-roglic-per-il-ciclomercato\\\/\",\"url\":\"https:\\\/\\\/cyclingpro.net\\\/spaziociclismo\\\/ciclomercato\\\/jayco-alula-al-salvataggio-della-squadra-arriva-un-fondo-di-investimenti-svizzero-e-si-pensa-a-primoz-roglic-per-il-ciclomercato\\\/\",\"name\":\"Jayco-AlUla, al salvataggio della squadra arriva un fondo di investimenti svizzero - E si pensa a Primo\u017e Rogli\u010d per il CicloMercato - SpazioCiclismo\",\"isPartOf\":{\"@id\":\"https:\\\/\\\/cyclingpro.net\\\/spaziociclismo\\\/#website\"},\"primaryImageOfPage\":{\"@id\":\"https:\\\/\\\/cyclingpro.net\\\/spaziociclismo\\\/ciclomercato\\\/jayco-alula-al-salvataggio-della-squadra-arriva-un-fondo-di-investimenti-svizzero-e-si-pensa-a-primoz-roglic-per-il-ciclomercato\\\/#primaryimage\"},\"image\":{\"@id\":\"https:\\\/\\\/cyclingpro.net\\\/spaziociclismo\\\/ciclomercato\\\/jayco-alula-al-salvataggio-della-squadra-arriva-un-fondo-di-investimenti-svizzero-e-si-pensa-a-primoz-roglic-per-il-ciclomercato\\\/#primaryimage\"},\"thumbnailUrl\":\"https:\\\/\\\/cyclingpro.net\\\/spaziociclismo\\\/wp-content\\\/uploads\\\/2026\\\/08\\\/1284451629-scaled.jpg\",\"datePublished\":\"2026-09-01T08:55:54+00:00\",\"dateModified\":\"2026-09-01T08:56:35+00:00\",\"breadcrumb\":{\"@id\":\"https:\\\/\\\/cyclingpro.net\\\/spaziociclismo\\\/ciclomercato\\\/jayco-alula-al-salvataggio-della-squadra-arriva-un-fondo-di-investimenti-svizzero-e-si-pensa-a-primoz-roglic-per-il-ciclomercato\\\/#breadcrumb\"},\"inLanguage\":\"it-IT\",\"potentialAction\":[{\"@type\":\"ReadAction\",\"target\":[\"https:\\\/\\\/cyclingpro.net\\\/spaziociclismo\\\/ciclomercato\\\/jayco-alula-al-salvataggio-della-squadra-arriva-un-fondo-di-investimenti-svizzero-e-si-pensa-a-primoz-roglic-per-il-ciclomercato\\\/\"]}]},{\"@type\":\"ImageObject\",\"inLanguage\":\"it-IT\",\"@id\":\"https:\\\/\\\/cyclingpro.net\\\/spaziociclismo\\\/ciclomercato\\\/jayco-alula-al-salvataggio-della-squadra-arriva-un-fondo-di-investimenti-svizzero-e-si-pensa-a-primoz-roglic-per-il-ciclomercato\\\/#primaryimage\",\"url\":\"https:\\\/\\\/cyclingpro.net\\\/spaziociclismo\\\/wp-content\\\/uploads\\\/2026\\\/08\\\/1284451629-scaled.jpg\",\"contentUrl\":\"https:\\\/\\\/cyclingpro.net\\\/spaziociclismo\\\/wp-content\\\/uploads\\\/2026\\\/08\\\/1284451629-scaled.jpg\",\"width\":2560,\"height\":1707,\"caption\":\"\u00a9 Sirotti\"},{\"@type\":\"BreadcrumbList\",\"@id\":\"https:\\\/\\\/cyclingpro.net\\\/spaziociclismo\\\/ciclomercato\\\/jayco-alula-al-salvataggio-della-squadra-arriva-un-fondo-di-investimenti-svizzero-e-si-pensa-a-primoz-roglic-per-il-ciclomercato\\\/#breadcrumb\",\"itemListElement\":[{\"@type\":\"ListItem\",\"position\":1,\"name\":\"Home\",\"item\":\"https:\\\/\\\/cyclingpro.net\\\/spaziociclismo\\\/\"},{\"@type\":\"ListItem\",\"position\":2,\"name\":\"Jayco-AlUla, al salvataggio della squadra arriva un fondo di investimenti svizzero &#8211; E si pensa a Primo\u017e Rogli\u010d per il CicloMercato\"}]},{\"@type\":\"WebSite\",\"@id\":\"https:\\\/\\\/cyclingpro.net\\\/spaziociclismo\\\/#website\",\"url\":\"https:\\\/\\\/cyclingpro.net\\\/spaziociclismo\\\/\",\"name\":\"SpazioCiclismo\",\"description\":\"Tutto il ciclismo minuto per minuto\",\"publisher\":{\"@id\":\"https:\\\/\\\/cyclingpro.net\\\/spaziociclismo\\\/#organization\"},\"potentialAction\":[{\"@type\":\"SearchAction\",\"target\":{\"@type\":\"EntryPoint\",\"urlTemplate\":\"https:\\\/\\\/cyclingpro.net\\\/spaziociclismo\\\/?s={search_term_string}\"},\"query-input\":{\"@type\":\"PropertyValueSpecification\",\"valueRequired\":true,\"valueName\":\"search_term_string\"}}],\"inLanguage\":\"it-IT\"},{\"@type\":\"Organization\",\"@id\":\"https:\\\/\\\/cyclingpro.net\\\/spaziociclismo\\\/#organization\",\"name\":\"SpazioCiclismo\",\"url\":\"https:\\\/\\\/cyclingpro.net\\\/spaziociclismo\\\/\",\"logo\":{\"@type\":\"ImageObject\",\"inLanguage\":\"it-IT\",\"@id\":\"https:\\\/\\\/cyclingpro.net\\\/spaziociclismo\\\/#\\\/schema\\\/logo\\\/image\\\/\",\"url\":\"https:\\\/\\\/cyclingpro.net\\\/spaziociclismo\\\/wp-content\\\/uploads\\\/2017\\\/02\\\/SpazioCiclismo-Logo-Quadrato.png\",\"contentUrl\":\"https:\\\/\\\/cyclingpro.net\\\/spaziociclismo\\\/wp-content\\\/uploads\\\/2017\\\/02\\\/SpazioCiclismo-Logo-Quadrato.png\",\"width\":450,\"height\":450,\"caption\":\"SpazioCiclismo\"},\"image\":{\"@id\":\"https:\\\/\\\/cyclingpro.net\\\/spaziociclismo\\\/#\\\/schema\\\/logo\\\/image\\\/\"},\"sameAs\":[\"https:\\\/\\\/www.facebook.com\\\/SpazioCiclismo\\\/\",\"https:\\\/\\\/x.com\\\/spaziociclismo\",\"https:\\\/\\\/www.instagram.com\\\/spaziociclismo\\\/\"]},{\"@type\":\"Person\",\"@id\":\"https:\\\/\\\/cyclingpro.net\\\/spaziociclismo\\\/#\\\/schema\\\/person\\\/627dbc08c9712c25304b059bbb765de8\",\"name\":\"Francesco Mitola\",\"image\":{\"@type\":\"ImageObject\",\"inLanguage\":\"it-IT\",\"@id\":\"https:\\\/\\\/secure.gravatar.com\\\/avatar\\\/dc58a640368550cd17129d2ff185eec5cb2821b7c3403fc06dcaca847ae762d3?s=96&d=mm&r=g\",\"url\":\"https:\\\/\\\/secure.gravatar.com\\\/avatar\\\/dc58a640368550cd17129d2ff185eec5cb2821b7c3403fc06dcaca847ae762d3?s=96&d=mm&r=g\",\"contentUrl\":\"https:\\\/\\\/secure.gravatar.com\\\/avatar\\\/dc58a640368550cd17129d2ff185eec5cb2821b7c3403fc06dcaca847ae762d3?s=96&d=mm&r=g\",\"caption\":\"Francesco Mitola\"},\"url\":\"https:\\\/\\\/cyclingpro.net\\\/spaziociclismo\\\/author\\\/fmitola\\\/\"}]}<\/script>\n<!-- \/ Yoast SEO plugin. -->","yoast_head_json":{"title":"Jayco-AlUla, al salvataggio della squadra arriva un fondo di investimenti svizzero - E si pensa a Primo\u017e Rogli\u010d per il CicloMercato - SpazioCiclismo","robots":{"index":"index","follow":"follow","max-snippet":"max-snippet:-1","max-image-preview":"max-image-preview:large","max-video-preview":"max-video-preview:-1"},"canonical":"https:\/\/cyclingpro.net\/spaziociclismo\/ciclomercato\/jayco-alula-al-salvataggio-della-squadra-arriva-un-fondo-di-investimenti-svizzero-e-si-pensa-a-primoz-roglic-per-il-ciclomercato\/","og_locale":"it_IT","og_type":"article","og_title":"Jayco-AlUla, al salvataggio della squadra arriva un fondo di investimenti svizzero - E si pensa a Primo\u017e Rogli\u010d per il CicloMercato - SpazioCiclismo","og_description":"La realt\u00e0 australiana ha vissuto momenti di grande incertezza sul suo futuro, ma la situazione sembra essersi sbloccata. #CicloMercato","og_url":"https:\/\/cyclingpro.net\/spaziociclismo\/ciclomercato\/jayco-alula-al-salvataggio-della-squadra-arriva-un-fondo-di-investimenti-svizzero-e-si-pensa-a-primoz-roglic-per-il-ciclomercato\/","og_site_name":"SpazioCiclismo","article_publisher":"https:\/\/www.facebook.com\/SpazioCiclismo\/","article_published_time":"2026-09-01T08:55:54+00:00","article_modified_time":"2026-09-01T08:56:35+00:00","og_image":[{"width":2560,"height":1707,"url":"https:\/\/cyclingpro.net\/spaziociclismo\/wp-content\/uploads\/2026\/08\/1284451629-scaled.jpg","type":"image\/jpeg"}],"author":"Francesco Mitola","twitter_card":"summary_large_image","twitter_creator":"@spaziociclismo","twitter_site":"@spaziociclismo","twitter_misc":{"Scritto da":"Francesco Mitola","Tempo di lettura stimato":"2 minuti"},"schema":{"@context":"https:\/\/schema.org","@graph":[{"@type":"Article","@id":"https:\/\/cyclingpro.net\/spaziociclismo\/ciclomercato\/jayco-alula-al-salvataggio-della-squadra-arriva-un-fondo-di-investimenti-svizzero-e-si-pensa-a-primoz-roglic-per-il-ciclomercato\/#article","isPartOf":{"@id":"https:\/\/cyclingpro.net\/spaziociclismo\/ciclomercato\/jayco-alula-al-salvataggio-della-squadra-arriva-un-fondo-di-investimenti-svizzero-e-si-pensa-a-primoz-roglic-per-il-ciclomercato\/"},"author":{"name":"Francesco Mitola","@id":"https:\/\/cyclingpro.net\/spaziociclismo\/#\/schema\/person\/627dbc08c9712c25304b059bbb765de8"},"headline":"Jayco-AlUla, al salvataggio della squadra arriva un fondo di investimenti svizzero &#8211; E si pensa a Primo\u017e Rogli\u010d per il CicloMercato","datePublished":"2026-09-01T08:55:54+00:00","dateModified":"2026-09-01T08:56:35+00:00","mainEntityOfPage":{"@id":"https:\/\/cyclingpro.net\/spaziociclismo\/ciclomercato\/jayco-alula-al-salvataggio-della-squadra-arriva-un-fondo-di-investimenti-svizzero-e-si-pensa-a-primoz-roglic-per-il-ciclomercato\/"},"wordCount":333,"commentCount":0,"publisher":{"@id":"https:\/\/cyclingpro.net\/spaziociclismo\/#organization"},"image":{"@id":"https:\/\/cyclingpro.net\/spaziociclismo\/ciclomercato\/jayco-alula-al-salvataggio-della-squadra-arriva-un-fondo-di-investimenti-svizzero-e-si-pensa-a-primoz-roglic-per-il-ciclomercato\/#primaryimage"},"thumbnailUrl":"https:\/\/cyclingpro.net\/spaziociclismo\/wp-content\/uploads\/2026\/08\/1284451629-scaled.jpg","keywords":["CicloMercato 2027","Team Jayco AlUla 2026"],"articleSection":["CicloMercato","WorldTour"],"inLanguage":"it-IT","potentialAction":[{"@type":"CommentAction","name":"Comment","target":["https:\/\/cyclingpro.net\/spaziociclismo\/ciclomercato\/jayco-alula-al-salvataggio-della-squadra-arriva-un-fondo-di-investimenti-svizzero-e-si-pensa-a-primoz-roglic-per-il-ciclomercato\/#respond"]}]},{"@type":"WebPage","@id":"https:\/\/cyclingpro.net\/spaziociclismo\/ciclomercato\/jayco-alula-al-salvataggio-della-squadra-arriva-un-fondo-di-investimenti-svizzero-e-si-pensa-a-primoz-roglic-per-il-ciclomercato\/","url":"https:\/\/cyclingpro.net\/spaziociclismo\/ciclomercato\/jayco-alula-al-salvataggio-della-squadra-arriva-un-fondo-di-investimenti-svizzero-e-si-pensa-a-primoz-roglic-per-il-ciclomercato\/","name":"Jayco-AlUla, al salvataggio della squadra arriva un fondo di investimenti svizzero - E si pensa a Primo\u017e Rogli\u010d per il CicloMercato - SpazioCiclismo","isPartOf":{"@id":"https:\/\/cyclingpro.net\/spaziociclismo\/#website"},"primaryImageOfPage":{"@id":"https:\/\/cyclingpro.net\/spaziociclismo\/ciclomercato\/jayco-alula-al-salvataggio-della-squadra-arriva-un-fondo-di-investimenti-svizzero-e-si-pensa-a-primoz-roglic-per-il-ciclomercato\/#primaryimage"},"image":{"@id":"https:\/\/cyclingpro.net\/spaziociclismo\/ciclomercato\/jayco-alula-al-salvataggio-della-squadra-arriva-un-fondo-di-investimenti-svizzero-e-si-pensa-a-primoz-roglic-per-il-ciclomercato\/#primaryimage"},"thumbnailUrl":"https:\/\/cyclingpro.net\/spaziociclismo\/wp-content\/uploads\/2026\/08\/1284451629-scaled.jpg","datePublished":"2026-09-01T08:55:54+00:00","dateModified":"2026-09-01T08:56:35+00:00","breadcrumb":{"@id":"https:\/\/cyclingpro.net\/spaziociclismo\/ciclomercato\/jayco-alula-al-salvataggio-della-squadra-arriva-un-fondo-di-investimenti-svizzero-e-si-pensa-a-primoz-roglic-per-il-ciclomercato\/#breadcrumb"},"inLanguage":"it-IT","potentialAction":[{"@type":"ReadAction","target":["https:\/\/cyclingpro.net\/spaziociclismo\/ciclomercato\/jayco-alula-al-salvataggio-della-squadra-arriva-un-fondo-di-investimenti-svizzero-e-si-pensa-a-primoz-roglic-per-il-ciclomercato\/"]}]},{"@type":"ImageObject","inLanguage":"it-IT","@id":"https:\/\/cyclingpro.net\/spaziociclismo\/ciclomercato\/jayco-alula-al-salvataggio-della-squadra-arriva-un-fondo-di-investimenti-svizzero-e-si-pensa-a-primoz-roglic-per-il-ciclomercato\/#primaryimage","url":"https:\/\/cyclingpro.net\/spaziociclismo\/wp-content\/uploads\/2026\/08\/1284451629-scaled.jpg","contentUrl":"https:\/\/cyclingpro.net\/spaziociclismo\/wp-content\/uploads\/2026\/08\/1284451629-scaled.jpg","width":2560,"height":1707,"caption":"\u00a9 Sirotti"},{"@type":"BreadcrumbList","@id":"https:\/\/cyclingpro.net\/spaziociclismo\/ciclomercato\/jayco-alula-al-salvataggio-della-squadra-arriva-un-fondo-di-investimenti-svizzero-e-si-pensa-a-primoz-roglic-per-il-ciclomercato\/#breadcrumb","itemListElement":[{"@type":"ListItem","position":1,"name":"Home","item":"https:\/\/cyclingpro.net\/spaziociclismo\/"},{"@type":"ListItem","position":2,"name":"Jayco-AlUla, al salvataggio della squadra arriva un fondo di investimenti svizzero &#8211; E si pensa a Primo\u017e Rogli\u010d per il CicloMercato"}]},{"@type":"WebSite","@id":"https:\/\/cyclingpro.net\/spaziociclismo\/#website","url":"https:\/\/cyclingpro.net\/spaziociclismo\/","name":"SpazioCiclismo","description":"Tutto il ciclismo minuto per minuto","publisher":{"@id":"https:\/\/cyclingpro.net\/spaziociclismo\/#organization"},"potentialAction":[{"@type":"SearchAction","target":{"@type":"EntryPoint","urlTemplate":"https:\/\/cyclingpro.net\/spaziociclismo\/?s={search_term_string}"},"query-input":{"@type":"PropertyValueSpecification","valueRequired":true,"valueName":"search_term_string"}}],"inLanguage":"it-IT"},{"@type":"Organization","@id":"https:\/\/cyclingpro.net\/spaziociclismo\/#organization","name":"SpazioCiclismo","url":"https:\/\/cyclingpro.net\/spaziociclismo\/","logo":{"@type":"ImageObject","inLanguage":"it-IT","@id":"https:\/\/cyclingpro.net\/spaziociclismo\/#\/schema\/logo\/image\/","url":"https:\/\/cyclingpro.net\/spaziociclismo\/wp-content\/uploads\/2017\/02\/SpazioCiclismo-Logo-Quadrato.png","contentUrl":"https:\/\/cyclingpro.net\/spaziociclismo\/wp-content\/uploads\/2017\/02\/SpazioCiclismo-Logo-Quadrato.png","width":450,"height":450,"caption":"SpazioCiclismo"},"image":{"@id":"https:\/\/cyclingpro.net\/spaziociclismo\/#\/schema\/logo\/image\/"},"sameAs":["https:\/\/www.facebook.com\/SpazioCiclismo\/","https:\/\/x.com\/spaziociclismo","https:\/\/www.instagram.com\/spaziociclismo\/"]},{"@type":"Person","@id":"https:\/\/cyclingpro.net\/spaziociclismo\/#\/schema\/person\/627dbc08c9712c25304b059bbb765de8","name":"Francesco Mitola","image":{"@type":"ImageObject","inLanguage":"it-IT","@id":"https:\/\/secure.gravatar.com\/avatar\/dc58a640368550cd17129d2ff185eec5cb2821b7c3403fc06dcaca847ae762d3?s=96&d=mm&r=g","url":"https:\/\/secure.gravatar.com\/avatar\/dc58a640368550cd17129d2ff185eec5cb2821b7c3403fc06dcaca847ae762d3?s=96&d=mm&r=g","contentUrl":"https:\/\/secure.gravatar.com\/avatar\/dc58a640368550cd17129d2ff185eec5cb2821b7c3403fc06dcaca847ae762d3?s=96&d=mm&r=g","caption":"Francesco Mitola"},"url":"https:\/\/cyclingpro.net\/spaziociclismo\/author\/fmitola\/"}]}},"_links":{"self":[{"href":"https:\/\/cyclingpro.net\/spaziociclismo\/wp-json\/wp\/v2\/posts\/393118","targetHints":{"allow":["GET"]}}],"collection":[{"href":"https:\/\/cyclingpro.net\/spaziociclismo\/wp-json\/wp\/v2\/posts"}],"about":[{"href":"https:\/\/cyclingpro.net\/spaziociclismo\/wp-json\/wp\/v2\/types\/post"}],"author":[{"embeddable":true,"href":"https:\/\/cyclingpro.net\/spaziociclismo\/wp-json\/wp\/v2\/users\/25"}],"replies":[{"embeddable":true,"href":"https:\/\/cyclingpro.net\/spaziociclismo\/wp-json\/wp\/v2\/comments?post=393118"}],"version-history":[{"count":2,"href":"https:\/\/cyclingpro.net\/spaziociclismo\/wp-json\/wp\/v2\/posts\/393118\/revisions"}],"predecessor-version":[{"id":393120,"href":"https:\/\/cyclingpro.net\/spaziociclismo\/wp-json\/wp\/v2\/posts\/393118\/revisions\/393120"}],"wp:featuredmedia":[{"embeddable":true,"href":"https:\/\/cyclingpro.net\/spaziociclismo\/wp-json\/wp\/v2\/media\/390722"}],"wp:attachment":[{"href":"https:\/\/cyclingpro.net\/spaziociclismo\/wp-json\/wp\/v2\/media?parent=393118"}],"wp:term":[{"taxonomy":"category","embeddable":true,"href":"https:\/\/cyclingpro.net\/spaziociclismo\/wp-json\/wp\/v2\/categories?post=393118"},{"taxonomy":"post_tag","embeddable":true,"href":"https:\/\/cyclingpro.net\/spaziociclismo\/wp-json\/wp\/v2\/tags?post=393118"}],"curies":[{"name":"wp","href":"https:\/\/api.w.org\/{rel}","templated":true}]}}