{"id":393103,"date":"2026-09-01T09:46:37","date_gmt":"2026-09-01T07:46:37","guid":{"rendered":"https:\/\/cyclingpro.net\/spaziociclismo\/?p=393103"},"modified":"2026-09-01T09:47:52","modified_gmt":"2026-09-01T07:47:52","slug":"ciclomercato-2027-grandi-manovre-di-nuovo-in-casa-lidl-trek-arrivano-in-tanti-e-in-uscita-potrebbero-esserci-giulio-ciccone-e-mattias-skjelmose","status":"publish","type":"post","link":"https:\/\/cyclingpro.net\/spaziociclismo\/ciclomercato\/ciclomercato-2027-grandi-manovre-di-nuovo-in-casa-lidl-trek-arrivano-in-tanti-e-in-uscita-potrebbero-esserci-giulio-ciccone-e-mattias-skjelmose\/","title":{"rendered":"CicloMercato 2027, grandi manovre (di nuovo) in casa Lidl-Trek: arrivano in tanti e in uscita potrebbero esserci Giulio Ciccone e Mattias Skjelmose"},"content":{"rendered":"<p>La<strong> Lidl-Trek<\/strong> aveva gi\u00e0 vissuto un CicloMercato 2026 particolarmente vivace, considerando soprattutto l&#8217;arrivo di<strong> Juan Ayuso<\/strong> dalla <strong>UAE Emirates XRG<\/strong>, ma l&#8217;impressione \u00e8 che la finestra di trasferimenti in vista della stagione 2027 sar\u00e0 ancora pi\u00f9 frizzante. In termini di ufficialit\u00e0, la squadra WorldTour tedesca, <a href=\"https:\/\/cyclingpro.net\/spaziociclismo\/worldtour\/lidl-trek-la-rivoluzione-e-completata-il-dopo-guercilena-vedra-andy-schleck-lex-visma-grischa-niermann-e-lex-red-bull-dan-lorang-ai-posti-di-comando\/\" target=\"_blank\" rel=\"noopener\">che ha cambiato anche moltissimo in sede dirigenziale e tecnica dopo la separazione da <strong>Luca Guercilena<\/strong><\/a>, ha gi\u00e0 annunciato l&#8217;arrivo del regolarista francese <strong>Jordan Jegat<\/strong> e la promozione, dalla formazione di sviluppo, dell&#8217;esplosivo spagnolo <strong>H\u00e9ctor \u00c1lvarez<\/strong>. Ma di annunci ne arriveranno parecchi nei prossimi giorni.<\/p>\n<p>Voci di CicloMercato danno praticamente per conclusi gli accordi con l&#8217;attaccante <strong>Igor Arrieta<\/strong> (UAE), con il velocista <strong>Jordi Meeus<\/strong> (Red Bull-Bora-hansgrohe), con il polivalente <strong>Georg Zimmermann<\/strong> (Lotto-Intemarch\u00e9) e, soprattutto, con il duo austriaco in uscita dalla Decathlon CMA CGM, <a href=\"https:\/\/cyclingpro.net\/spaziociclismo\/ciclomercato\/lidl-trek-felix-gall-e-gregor-muhlberger-sempre-piu-vicini\/\" target=\"_blank\" rel=\"noopener\">composto da <strong>Gregor M\u00fchlberger<\/strong> e <strong>Felix Gall<\/strong>, con quest&#8217;ultimo che andr\u00e0 a infoltire ancora di pi\u00f9 il parco degli uomini di classifica<\/a>, che prevede gi\u00e0 il citato Ayuso, il canadese Derek Gee-West e il danese Mattias Skjelmose.<\/p>\n<p>Per tanti che entrano, evidentemente, qualcuno dovr\u00e0 uscire, considerato il tetto massimo di 30 corridori in organico. Sono gi\u00e0 ufficiali gli addii di\u00a0<strong>Andrea Bagioli<\/strong> (XDS Astana) e di <strong>Tim Torn Teutenberg<\/strong> (Soudal Quick-Step), oltre che la chiusura della carriera di Bauke Mollema. Con questi movimenti si arriva precisi al numero di 30 corridori, ma bisogna considerare che a fine 2026 vanno in scadenza di contratto\u00a0<span style=\"font-size: 12pt;\"><strong>Tao Geoghegan Hart, Amanuel Ghebreigzabhier, S\u00f8ren Kragh Andersen, Sam Oomen, Quinn Simmons<\/strong> e <strong>Toms Skuji\u0146\u0161<\/strong>.<\/span><\/p>\n<p>Per quel che riguarda Andersen e Geoghegan Hart, non sembrano esserci prospettive di rinnovo, mentre per Oomen \u00e8 tutto da vedere. Ghebreigzabhier sarebbe invece pronto a firmare un nuovo biennale e con lui arriviamo gi\u00e0 a 31. Simmons e <span style=\"font-size: 12pt;\">Skuji\u0146\u0161 sono poi corridori di grande importanza e un&#8217;eventuale rinuncia a uno dei due (o a entrambi) potrebbe essere sorprendente. Quindi, se lo statunitense e il lettone rimangono e non consideriamo Oomen, siamo a 33. E allora chi parte?\u00a0<\/span><\/p>\n<p>Secondo quel che riporta <a href=\"https:\/\/www.hln.be\/vuelta\/naast-plotse-kans-op-eindzege-ook-transferkoorts-hoe-voor-primoz-roglic-en-co-ook-hun-toekomst-op-het-spel-staat-in-vuelta~ab9794d4\/\" target=\"_blank\" rel=\"noopener\"><em>HLN<\/em>,<\/a> fra le possibilit\u00e0 di separazione anticipata ci sarebbero quella da <strong>Giulio Ciccone<\/strong>, che potrebbe prendere la strada verso la Decathlon CMA CGM o quella che porta alla XDS Astana, e, soprattutto quella da <strong>Mattias Skjelmose<\/strong>. Il danese, attualmente impegnato alla Vuelta a Espa\u00f1a 2026, gi\u00e0 non aveva preso benissimo ai tempi l&#8217;arrivo di Ayuso e potrebbe non gradire, dal punto di vista degli spazi a disposizione, quello di Gall, che andrebbe ad affollare ulteriormente la &#8220;stanza&#8221; degli uomini di classifica.<\/p>\n<p>Sempre stando a quanto raccolto dalla testata belga, Skjelmose preferirebbe di gran lunga una situazione di squadra diversa, che gli permetta di essere il corridore di riferimento, considerando anche che, come nel caso della Vuelta attualmente in corso, spesso le formazioni della Lidl-Trek che lo vedono coinvolto hanno anche qualche altra &#8220;stella&#8221; da tenere in conto (in Spagna c&#8217;\u00e8 il suo connazionale Mads Pedersen in gara) e che le scelte strategiche non sono spesso state fatte pensando alle necessit\u00e0 di Skjelmose. Il danese, ad esempio, non avrebbe gradito la non-convocazione di <strong>Carlos Verona<\/strong>, che avrebbe potuto essergli accanto nelle tappe pi\u00f9 dure dal punto di vista altimetrico della Vuelta 2026.<\/p>\n","protected":false},"excerpt":{"rendered":"<p>La squadra tedesca sta vivendo un periodo di grandi cambiamenti dopo la separazione da Luca Guercilena e potrebbe cambiare ancora di pi\u00f9 nel prossimo futuro. #CicloMercato<\/p>\n","protected":false},"author":25,"featured_media":381989,"comment_status":"open","ping_status":"closed","sticky":false,"template":"","format":"standard","meta":{"footnotes":"","_members_access_role":[],"_members_access_error":""},"categories":[5,25],"tags":[6769,6546],"class_list":["post-393103","post","type-post","status-publish","format-standard","has-post-thumbnail","hentry","category-ciclomercato","category-worldtour","tag-ciclomercato-2027","tag-lidl-trek-2026"],"yoast_head":"<!-- This site is optimized with the Yoast SEO plugin v28.3 - https:\/\/yoast.com\/product\/yoast-seo-wordpress\/ -->\n<title>CicloMercato 2027, grandi manovre (di nuovo) in casa Lidl-Trek: arrivano in tanti e in uscita potrebbero esserci Giulio Ciccone e Mattias Skjelmose - SpazioCiclismo<\/title>\n<meta name=\"robots\" content=\"index, follow, max-snippet:-1, max-image-preview:large, max-video-preview:-1\" \/>\n<link rel=\"canonical\" href=\"https:\/\/cyclingpro.net\/spaziociclismo\/ciclomercato\/ciclomercato-2027-grandi-manovre-di-nuovo-in-casa-lidl-trek-arrivano-in-tanti-e-in-uscita-potrebbero-esserci-giulio-ciccone-e-mattias-skjelmose\/\" \/>\n<meta property=\"og:locale\" content=\"it_IT\" \/>\n<meta property=\"og:type\" content=\"article\" \/>\n<meta property=\"og:title\" content=\"CicloMercato 2027, grandi manovre (di nuovo) in casa Lidl-Trek: arrivano in tanti e in uscita potrebbero esserci Giulio Ciccone e Mattias Skjelmose - SpazioCiclismo\" \/>\n<meta property=\"og:description\" content=\"La squadra tedesca sta vivendo un periodo di grandi cambiamenti dopo la separazione da Luca Guercilena e potrebbe cambiare ancora di pi\u00f9 nel prossimo futuro. #CicloMercato\" \/>\n<meta property=\"og:url\" content=\"https:\/\/cyclingpro.net\/spaziociclismo\/ciclomercato\/ciclomercato-2027-grandi-manovre-di-nuovo-in-casa-lidl-trek-arrivano-in-tanti-e-in-uscita-potrebbero-esserci-giulio-ciccone-e-mattias-skjelmose\/\" \/>\n<meta property=\"og:site_name\" content=\"SpazioCiclismo\" \/>\n<meta property=\"article:publisher\" content=\"https:\/\/www.facebook.com\/SpazioCiclismo\/\" \/>\n<meta property=\"article:published_time\" content=\"2026-09-01T07:46:37+00:00\" \/>\n<meta property=\"article:modified_time\" content=\"2026-09-01T07:47:52+00:00\" \/>\n<meta property=\"og:image\" content=\"https:\/\/cyclingpro.net\/spaziociclismo\/wp-content\/uploads\/2026\/06\/Juan-Ayuso-Mattias-Skjelmose-scaled.jpg\" \/>\n\t<meta property=\"og:image:width\" content=\"2560\" \/>\n\t<meta property=\"og:image:height\" content=\"1707\" \/>\n\t<meta property=\"og:image:type\" content=\"image\/jpeg\" \/>\n<meta name=\"author\" content=\"Francesco Mitola\" \/>\n<meta name=\"twitter:card\" content=\"summary_large_image\" \/>\n<meta name=\"twitter:creator\" content=\"@spaziociclismo\" \/>\n<meta name=\"twitter:site\" content=\"@spaziociclismo\" \/>\n<meta name=\"twitter:label1\" content=\"Scritto da\" \/>\n\t<meta name=\"twitter:data1\" content=\"Francesco Mitola\" \/>\n\t<meta name=\"twitter:label2\" content=\"Tempo di lettura stimato\" \/>\n\t<meta name=\"twitter:data2\" content=\"3 minuti\" \/>\n<script type=\"application\/ld+json\" class=\"yoast-schema-graph\">{\"@context\":\"https:\\\/\\\/schema.org\",\"@graph\":[{\"@type\":\"Article\",\"@id\":\"https:\\\/\\\/cyclingpro.net\\\/spaziociclismo\\\/ciclomercato\\\/ciclomercato-2027-grandi-manovre-di-nuovo-in-casa-lidl-trek-arrivano-in-tanti-e-in-uscita-potrebbero-esserci-giulio-ciccone-e-mattias-skjelmose\\\/#article\",\"isPartOf\":{\"@id\":\"https:\\\/\\\/cyclingpro.net\\\/spaziociclismo\\\/ciclomercato\\\/ciclomercato-2027-grandi-manovre-di-nuovo-in-casa-lidl-trek-arrivano-in-tanti-e-in-uscita-potrebbero-esserci-giulio-ciccone-e-mattias-skjelmose\\\/\"},\"author\":{\"name\":\"Francesco Mitola\",\"@id\":\"https:\\\/\\\/cyclingpro.net\\\/spaziociclismo\\\/#\\\/schema\\\/person\\\/627dbc08c9712c25304b059bbb765de8\"},\"headline\":\"CicloMercato 2027, grandi manovre (di nuovo) in casa Lidl-Trek: arrivano in tanti e in uscita potrebbero esserci Giulio Ciccone e Mattias Skjelmose\",\"datePublished\":\"2026-09-01T07:46:37+00:00\",\"dateModified\":\"2026-09-01T07:47:52+00:00\",\"mainEntityOfPage\":{\"@id\":\"https:\\\/\\\/cyclingpro.net\\\/spaziociclismo\\\/ciclomercato\\\/ciclomercato-2027-grandi-manovre-di-nuovo-in-casa-lidl-trek-arrivano-in-tanti-e-in-uscita-potrebbero-esserci-giulio-ciccone-e-mattias-skjelmose\\\/\"},\"wordCount\":542,\"commentCount\":0,\"publisher\":{\"@id\":\"https:\\\/\\\/cyclingpro.net\\\/spaziociclismo\\\/#organization\"},\"image\":{\"@id\":\"https:\\\/\\\/cyclingpro.net\\\/spaziociclismo\\\/ciclomercato\\\/ciclomercato-2027-grandi-manovre-di-nuovo-in-casa-lidl-trek-arrivano-in-tanti-e-in-uscita-potrebbero-esserci-giulio-ciccone-e-mattias-skjelmose\\\/#primaryimage\"},\"thumbnailUrl\":\"https:\\\/\\\/cyclingpro.net\\\/spaziociclismo\\\/wp-content\\\/uploads\\\/2026\\\/06\\\/Juan-Ayuso-Mattias-Skjelmose-scaled.jpg\",\"keywords\":[\"CicloMercato 2027\",\"Lidl - Trek 2026\"],\"articleSection\":[\"CicloMercato\",\"WorldTour\"],\"inLanguage\":\"it-IT\",\"potentialAction\":[{\"@type\":\"CommentAction\",\"name\":\"Comment\",\"target\":[\"https:\\\/\\\/cyclingpro.net\\\/spaziociclismo\\\/ciclomercato\\\/ciclomercato-2027-grandi-manovre-di-nuovo-in-casa-lidl-trek-arrivano-in-tanti-e-in-uscita-potrebbero-esserci-giulio-ciccone-e-mattias-skjelmose\\\/#respond\"]}]},{\"@type\":\"WebPage\",\"@id\":\"https:\\\/\\\/cyclingpro.net\\\/spaziociclismo\\\/ciclomercato\\\/ciclomercato-2027-grandi-manovre-di-nuovo-in-casa-lidl-trek-arrivano-in-tanti-e-in-uscita-potrebbero-esserci-giulio-ciccone-e-mattias-skjelmose\\\/\",\"url\":\"https:\\\/\\\/cyclingpro.net\\\/spaziociclismo\\\/ciclomercato\\\/ciclomercato-2027-grandi-manovre-di-nuovo-in-casa-lidl-trek-arrivano-in-tanti-e-in-uscita-potrebbero-esserci-giulio-ciccone-e-mattias-skjelmose\\\/\",\"name\":\"CicloMercato 2027, grandi manovre (di nuovo) in casa Lidl-Trek: arrivano in tanti e in uscita potrebbero esserci Giulio Ciccone e Mattias Skjelmose - SpazioCiclismo\",\"isPartOf\":{\"@id\":\"https:\\\/\\\/cyclingpro.net\\\/spaziociclismo\\\/#website\"},\"primaryImageOfPage\":{\"@id\":\"https:\\\/\\\/cyclingpro.net\\\/spaziociclismo\\\/ciclomercato\\\/ciclomercato-2027-grandi-manovre-di-nuovo-in-casa-lidl-trek-arrivano-in-tanti-e-in-uscita-potrebbero-esserci-giulio-ciccone-e-mattias-skjelmose\\\/#primaryimage\"},\"image\":{\"@id\":\"https:\\\/\\\/cyclingpro.net\\\/spaziociclismo\\\/ciclomercato\\\/ciclomercato-2027-grandi-manovre-di-nuovo-in-casa-lidl-trek-arrivano-in-tanti-e-in-uscita-potrebbero-esserci-giulio-ciccone-e-mattias-skjelmose\\\/#primaryimage\"},\"thumbnailUrl\":\"https:\\\/\\\/cyclingpro.net\\\/spaziociclismo\\\/wp-content\\\/uploads\\\/2026\\\/06\\\/Juan-Ayuso-Mattias-Skjelmose-scaled.jpg\",\"datePublished\":\"2026-09-01T07:46:37+00:00\",\"dateModified\":\"2026-09-01T07:47:52+00:00\",\"breadcrumb\":{\"@id\":\"https:\\\/\\\/cyclingpro.net\\\/spaziociclismo\\\/ciclomercato\\\/ciclomercato-2027-grandi-manovre-di-nuovo-in-casa-lidl-trek-arrivano-in-tanti-e-in-uscita-potrebbero-esserci-giulio-ciccone-e-mattias-skjelmose\\\/#breadcrumb\"},\"inLanguage\":\"it-IT\",\"potentialAction\":[{\"@type\":\"ReadAction\",\"target\":[\"https:\\\/\\\/cyclingpro.net\\\/spaziociclismo\\\/ciclomercato\\\/ciclomercato-2027-grandi-manovre-di-nuovo-in-casa-lidl-trek-arrivano-in-tanti-e-in-uscita-potrebbero-esserci-giulio-ciccone-e-mattias-skjelmose\\\/\"]}]},{\"@type\":\"ImageObject\",\"inLanguage\":\"it-IT\",\"@id\":\"https:\\\/\\\/cyclingpro.net\\\/spaziociclismo\\\/ciclomercato\\\/ciclomercato-2027-grandi-manovre-di-nuovo-in-casa-lidl-trek-arrivano-in-tanti-e-in-uscita-potrebbero-esserci-giulio-ciccone-e-mattias-skjelmose\\\/#primaryimage\",\"url\":\"https:\\\/\\\/cyclingpro.net\\\/spaziociclismo\\\/wp-content\\\/uploads\\\/2026\\\/06\\\/Juan-Ayuso-Mattias-Skjelmose-scaled.jpg\",\"contentUrl\":\"https:\\\/\\\/cyclingpro.net\\\/spaziociclismo\\\/wp-content\\\/uploads\\\/2026\\\/06\\\/Juan-Ayuso-Mattias-Skjelmose-scaled.jpg\",\"width\":2560,\"height\":1707,\"caption\":\"\u00a9 Sirotti\"},{\"@type\":\"BreadcrumbList\",\"@id\":\"https:\\\/\\\/cyclingpro.net\\\/spaziociclismo\\\/ciclomercato\\\/ciclomercato-2027-grandi-manovre-di-nuovo-in-casa-lidl-trek-arrivano-in-tanti-e-in-uscita-potrebbero-esserci-giulio-ciccone-e-mattias-skjelmose\\\/#breadcrumb\",\"itemListElement\":[{\"@type\":\"ListItem\",\"position\":1,\"name\":\"Home\",\"item\":\"https:\\\/\\\/cyclingpro.net\\\/spaziociclismo\\\/\"},{\"@type\":\"ListItem\",\"position\":2,\"name\":\"CicloMercato 2027, grandi manovre (di nuovo) in casa Lidl-Trek: arrivano in tanti e in uscita potrebbero esserci Giulio Ciccone e Mattias Skjelmose\"}]},{\"@type\":\"WebSite\",\"@id\":\"https:\\\/\\\/cyclingpro.net\\\/spaziociclismo\\\/#website\",\"url\":\"https:\\\/\\\/cyclingpro.net\\\/spaziociclismo\\\/\",\"name\":\"SpazioCiclismo\",\"description\":\"Tutto il ciclismo minuto per minuto\",\"publisher\":{\"@id\":\"https:\\\/\\\/cyclingpro.net\\\/spaziociclismo\\\/#organization\"},\"potentialAction\":[{\"@type\":\"SearchAction\",\"target\":{\"@type\":\"EntryPoint\",\"urlTemplate\":\"https:\\\/\\\/cyclingpro.net\\\/spaziociclismo\\\/?s={search_term_string}\"},\"query-input\":{\"@type\":\"PropertyValueSpecification\",\"valueRequired\":true,\"valueName\":\"search_term_string\"}}],\"inLanguage\":\"it-IT\"},{\"@type\":\"Organization\",\"@id\":\"https:\\\/\\\/cyclingpro.net\\\/spaziociclismo\\\/#organization\",\"name\":\"SpazioCiclismo\",\"url\":\"https:\\\/\\\/cyclingpro.net\\\/spaziociclismo\\\/\",\"logo\":{\"@type\":\"ImageObject\",\"inLanguage\":\"it-IT\",\"@id\":\"https:\\\/\\\/cyclingpro.net\\\/spaziociclismo\\\/#\\\/schema\\\/logo\\\/image\\\/\",\"url\":\"https:\\\/\\\/cyclingpro.net\\\/spaziociclismo\\\/wp-content\\\/uploads\\\/2017\\\/02\\\/SpazioCiclismo-Logo-Quadrato.png\",\"contentUrl\":\"https:\\\/\\\/cyclingpro.net\\\/spaziociclismo\\\/wp-content\\\/uploads\\\/2017\\\/02\\\/SpazioCiclismo-Logo-Quadrato.png\",\"width\":450,\"height\":450,\"caption\":\"SpazioCiclismo\"},\"image\":{\"@id\":\"https:\\\/\\\/cyclingpro.net\\\/spaziociclismo\\\/#\\\/schema\\\/logo\\\/image\\\/\"},\"sameAs\":[\"https:\\\/\\\/www.facebook.com\\\/SpazioCiclismo\\\/\",\"https:\\\/\\\/x.com\\\/spaziociclismo\",\"https:\\\/\\\/www.instagram.com\\\/spaziociclismo\\\/\"]},{\"@type\":\"Person\",\"@id\":\"https:\\\/\\\/cyclingpro.net\\\/spaziociclismo\\\/#\\\/schema\\\/person\\\/627dbc08c9712c25304b059bbb765de8\",\"name\":\"Francesco Mitola\",\"image\":{\"@type\":\"ImageObject\",\"inLanguage\":\"it-IT\",\"@id\":\"https:\\\/\\\/secure.gravatar.com\\\/avatar\\\/dc58a640368550cd17129d2ff185eec5cb2821b7c3403fc06dcaca847ae762d3?s=96&d=mm&r=g\",\"url\":\"https:\\\/\\\/secure.gravatar.com\\\/avatar\\\/dc58a640368550cd17129d2ff185eec5cb2821b7c3403fc06dcaca847ae762d3?s=96&d=mm&r=g\",\"contentUrl\":\"https:\\\/\\\/secure.gravatar.com\\\/avatar\\\/dc58a640368550cd17129d2ff185eec5cb2821b7c3403fc06dcaca847ae762d3?s=96&d=mm&r=g\",\"caption\":\"Francesco Mitola\"},\"url\":\"https:\\\/\\\/cyclingpro.net\\\/spaziociclismo\\\/author\\\/fmitola\\\/\"}]}<\/script>\n<!-- \/ Yoast SEO plugin. -->","yoast_head_json":{"title":"CicloMercato 2027, grandi manovre (di nuovo) in casa Lidl-Trek: arrivano in tanti e in uscita potrebbero esserci Giulio Ciccone e Mattias Skjelmose - SpazioCiclismo","robots":{"index":"index","follow":"follow","max-snippet":"max-snippet:-1","max-image-preview":"max-image-preview:large","max-video-preview":"max-video-preview:-1"},"canonical":"https:\/\/cyclingpro.net\/spaziociclismo\/ciclomercato\/ciclomercato-2027-grandi-manovre-di-nuovo-in-casa-lidl-trek-arrivano-in-tanti-e-in-uscita-potrebbero-esserci-giulio-ciccone-e-mattias-skjelmose\/","og_locale":"it_IT","og_type":"article","og_title":"CicloMercato 2027, grandi manovre (di nuovo) in casa Lidl-Trek: arrivano in tanti e in uscita potrebbero esserci Giulio Ciccone e Mattias Skjelmose - SpazioCiclismo","og_description":"La squadra tedesca sta vivendo un periodo di grandi cambiamenti dopo la separazione da Luca Guercilena e potrebbe cambiare ancora di pi\u00f9 nel prossimo futuro. #CicloMercato","og_url":"https:\/\/cyclingpro.net\/spaziociclismo\/ciclomercato\/ciclomercato-2027-grandi-manovre-di-nuovo-in-casa-lidl-trek-arrivano-in-tanti-e-in-uscita-potrebbero-esserci-giulio-ciccone-e-mattias-skjelmose\/","og_site_name":"SpazioCiclismo","article_publisher":"https:\/\/www.facebook.com\/SpazioCiclismo\/","article_published_time":"2026-09-01T07:46:37+00:00","article_modified_time":"2026-09-01T07:47:52+00:00","og_image":[{"width":2560,"height":1707,"url":"https:\/\/cyclingpro.net\/spaziociclismo\/wp-content\/uploads\/2026\/06\/Juan-Ayuso-Mattias-Skjelmose-scaled.jpg","type":"image\/jpeg"}],"author":"Francesco Mitola","twitter_card":"summary_large_image","twitter_creator":"@spaziociclismo","twitter_site":"@spaziociclismo","twitter_misc":{"Scritto da":"Francesco Mitola","Tempo di lettura stimato":"3 minuti"},"schema":{"@context":"https:\/\/schema.org","@graph":[{"@type":"Article","@id":"https:\/\/cyclingpro.net\/spaziociclismo\/ciclomercato\/ciclomercato-2027-grandi-manovre-di-nuovo-in-casa-lidl-trek-arrivano-in-tanti-e-in-uscita-potrebbero-esserci-giulio-ciccone-e-mattias-skjelmose\/#article","isPartOf":{"@id":"https:\/\/cyclingpro.net\/spaziociclismo\/ciclomercato\/ciclomercato-2027-grandi-manovre-di-nuovo-in-casa-lidl-trek-arrivano-in-tanti-e-in-uscita-potrebbero-esserci-giulio-ciccone-e-mattias-skjelmose\/"},"author":{"name":"Francesco Mitola","@id":"https:\/\/cyclingpro.net\/spaziociclismo\/#\/schema\/person\/627dbc08c9712c25304b059bbb765de8"},"headline":"CicloMercato 2027, grandi manovre (di nuovo) in casa Lidl-Trek: arrivano in tanti e in uscita potrebbero esserci Giulio Ciccone e Mattias Skjelmose","datePublished":"2026-09-01T07:46:37+00:00","dateModified":"2026-09-01T07:47:52+00:00","mainEntityOfPage":{"@id":"https:\/\/cyclingpro.net\/spaziociclismo\/ciclomercato\/ciclomercato-2027-grandi-manovre-di-nuovo-in-casa-lidl-trek-arrivano-in-tanti-e-in-uscita-potrebbero-esserci-giulio-ciccone-e-mattias-skjelmose\/"},"wordCount":542,"commentCount":0,"publisher":{"@id":"https:\/\/cyclingpro.net\/spaziociclismo\/#organization"},"image":{"@id":"https:\/\/cyclingpro.net\/spaziociclismo\/ciclomercato\/ciclomercato-2027-grandi-manovre-di-nuovo-in-casa-lidl-trek-arrivano-in-tanti-e-in-uscita-potrebbero-esserci-giulio-ciccone-e-mattias-skjelmose\/#primaryimage"},"thumbnailUrl":"https:\/\/cyclingpro.net\/spaziociclismo\/wp-content\/uploads\/2026\/06\/Juan-Ayuso-Mattias-Skjelmose-scaled.jpg","keywords":["CicloMercato 2027","Lidl - Trek 2026"],"articleSection":["CicloMercato","WorldTour"],"inLanguage":"it-IT","potentialAction":[{"@type":"CommentAction","name":"Comment","target":["https:\/\/cyclingpro.net\/spaziociclismo\/ciclomercato\/ciclomercato-2027-grandi-manovre-di-nuovo-in-casa-lidl-trek-arrivano-in-tanti-e-in-uscita-potrebbero-esserci-giulio-ciccone-e-mattias-skjelmose\/#respond"]}]},{"@type":"WebPage","@id":"https:\/\/cyclingpro.net\/spaziociclismo\/ciclomercato\/ciclomercato-2027-grandi-manovre-di-nuovo-in-casa-lidl-trek-arrivano-in-tanti-e-in-uscita-potrebbero-esserci-giulio-ciccone-e-mattias-skjelmose\/","url":"https:\/\/cyclingpro.net\/spaziociclismo\/ciclomercato\/ciclomercato-2027-grandi-manovre-di-nuovo-in-casa-lidl-trek-arrivano-in-tanti-e-in-uscita-potrebbero-esserci-giulio-ciccone-e-mattias-skjelmose\/","name":"CicloMercato 2027, grandi manovre (di nuovo) in casa Lidl-Trek: arrivano in tanti e in uscita potrebbero esserci Giulio Ciccone e Mattias Skjelmose - SpazioCiclismo","isPartOf":{"@id":"https:\/\/cyclingpro.net\/spaziociclismo\/#website"},"primaryImageOfPage":{"@id":"https:\/\/cyclingpro.net\/spaziociclismo\/ciclomercato\/ciclomercato-2027-grandi-manovre-di-nuovo-in-casa-lidl-trek-arrivano-in-tanti-e-in-uscita-potrebbero-esserci-giulio-ciccone-e-mattias-skjelmose\/#primaryimage"},"image":{"@id":"https:\/\/cyclingpro.net\/spaziociclismo\/ciclomercato\/ciclomercato-2027-grandi-manovre-di-nuovo-in-casa-lidl-trek-arrivano-in-tanti-e-in-uscita-potrebbero-esserci-giulio-ciccone-e-mattias-skjelmose\/#primaryimage"},"thumbnailUrl":"https:\/\/cyclingpro.net\/spaziociclismo\/wp-content\/uploads\/2026\/06\/Juan-Ayuso-Mattias-Skjelmose-scaled.jpg","datePublished":"2026-09-01T07:46:37+00:00","dateModified":"2026-09-01T07:47:52+00:00","breadcrumb":{"@id":"https:\/\/cyclingpro.net\/spaziociclismo\/ciclomercato\/ciclomercato-2027-grandi-manovre-di-nuovo-in-casa-lidl-trek-arrivano-in-tanti-e-in-uscita-potrebbero-esserci-giulio-ciccone-e-mattias-skjelmose\/#breadcrumb"},"inLanguage":"it-IT","potentialAction":[{"@type":"ReadAction","target":["https:\/\/cyclingpro.net\/spaziociclismo\/ciclomercato\/ciclomercato-2027-grandi-manovre-di-nuovo-in-casa-lidl-trek-arrivano-in-tanti-e-in-uscita-potrebbero-esserci-giulio-ciccone-e-mattias-skjelmose\/"]}]},{"@type":"ImageObject","inLanguage":"it-IT","@id":"https:\/\/cyclingpro.net\/spaziociclismo\/ciclomercato\/ciclomercato-2027-grandi-manovre-di-nuovo-in-casa-lidl-trek-arrivano-in-tanti-e-in-uscita-potrebbero-esserci-giulio-ciccone-e-mattias-skjelmose\/#primaryimage","url":"https:\/\/cyclingpro.net\/spaziociclismo\/wp-content\/uploads\/2026\/06\/Juan-Ayuso-Mattias-Skjelmose-scaled.jpg","contentUrl":"https:\/\/cyclingpro.net\/spaziociclismo\/wp-content\/uploads\/2026\/06\/Juan-Ayuso-Mattias-Skjelmose-scaled.jpg","width":2560,"height":1707,"caption":"\u00a9 Sirotti"},{"@type":"BreadcrumbList","@id":"https:\/\/cyclingpro.net\/spaziociclismo\/ciclomercato\/ciclomercato-2027-grandi-manovre-di-nuovo-in-casa-lidl-trek-arrivano-in-tanti-e-in-uscita-potrebbero-esserci-giulio-ciccone-e-mattias-skjelmose\/#breadcrumb","itemListElement":[{"@type":"ListItem","position":1,"name":"Home","item":"https:\/\/cyclingpro.net\/spaziociclismo\/"},{"@type":"ListItem","position":2,"name":"CicloMercato 2027, grandi manovre (di nuovo) in casa Lidl-Trek: arrivano in tanti e in uscita potrebbero esserci Giulio Ciccone e Mattias Skjelmose"}]},{"@type":"WebSite","@id":"https:\/\/cyclingpro.net\/spaziociclismo\/#website","url":"https:\/\/cyclingpro.net\/spaziociclismo\/","name":"SpazioCiclismo","description":"Tutto il ciclismo minuto per minuto","publisher":{"@id":"https:\/\/cyclingpro.net\/spaziociclismo\/#organization"},"potentialAction":[{"@type":"SearchAction","target":{"@type":"EntryPoint","urlTemplate":"https:\/\/cyclingpro.net\/spaziociclismo\/?s={search_term_string}"},"query-input":{"@type":"PropertyValueSpecification","valueRequired":true,"valueName":"search_term_string"}}],"inLanguage":"it-IT"},{"@type":"Organization","@id":"https:\/\/cyclingpro.net\/spaziociclismo\/#organization","name":"SpazioCiclismo","url":"https:\/\/cyclingpro.net\/spaziociclismo\/","logo":{"@type":"ImageObject","inLanguage":"it-IT","@id":"https:\/\/cyclingpro.net\/spaziociclismo\/#\/schema\/logo\/image\/","url":"https:\/\/cyclingpro.net\/spaziociclismo\/wp-content\/uploads\/2017\/02\/SpazioCiclismo-Logo-Quadrato.png","contentUrl":"https:\/\/cyclingpro.net\/spaziociclismo\/wp-content\/uploads\/2017\/02\/SpazioCiclismo-Logo-Quadrato.png","width":450,"height":450,"caption":"SpazioCiclismo"},"image":{"@id":"https:\/\/cyclingpro.net\/spaziociclismo\/#\/schema\/logo\/image\/"},"sameAs":["https:\/\/www.facebook.com\/SpazioCiclismo\/","https:\/\/x.com\/spaziociclismo","https:\/\/www.instagram.com\/spaziociclismo\/"]},{"@type":"Person","@id":"https:\/\/cyclingpro.net\/spaziociclismo\/#\/schema\/person\/627dbc08c9712c25304b059bbb765de8","name":"Francesco Mitola","image":{"@type":"ImageObject","inLanguage":"it-IT","@id":"https:\/\/secure.gravatar.com\/avatar\/dc58a640368550cd17129d2ff185eec5cb2821b7c3403fc06dcaca847ae762d3?s=96&d=mm&r=g","url":"https:\/\/secure.gravatar.com\/avatar\/dc58a640368550cd17129d2ff185eec5cb2821b7c3403fc06dcaca847ae762d3?s=96&d=mm&r=g","contentUrl":"https:\/\/secure.gravatar.com\/avatar\/dc58a640368550cd17129d2ff185eec5cb2821b7c3403fc06dcaca847ae762d3?s=96&d=mm&r=g","caption":"Francesco Mitola"},"url":"https:\/\/cyclingpro.net\/spaziociclismo\/author\/fmitola\/"}]}},"_links":{"self":[{"href":"https:\/\/cyclingpro.net\/spaziociclismo\/wp-json\/wp\/v2\/posts\/393103","targetHints":{"allow":["GET"]}}],"collection":[{"href":"https:\/\/cyclingpro.net\/spaziociclismo\/wp-json\/wp\/v2\/posts"}],"about":[{"href":"https:\/\/cyclingpro.net\/spaziociclismo\/wp-json\/wp\/v2\/types\/post"}],"author":[{"embeddable":true,"href":"https:\/\/cyclingpro.net\/spaziociclismo\/wp-json\/wp\/v2\/users\/25"}],"replies":[{"embeddable":true,"href":"https:\/\/cyclingpro.net\/spaziociclismo\/wp-json\/wp\/v2\/comments?post=393103"}],"version-history":[{"count":3,"href":"https:\/\/cyclingpro.net\/spaziociclismo\/wp-json\/wp\/v2\/posts\/393103\/revisions"}],"predecessor-version":[{"id":393106,"href":"https:\/\/cyclingpro.net\/spaziociclismo\/wp-json\/wp\/v2\/posts\/393103\/revisions\/393106"}],"wp:featuredmedia":[{"embeddable":true,"href":"https:\/\/cyclingpro.net\/spaziociclismo\/wp-json\/wp\/v2\/media\/381989"}],"wp:attachment":[{"href":"https:\/\/cyclingpro.net\/spaziociclismo\/wp-json\/wp\/v2\/media?parent=393103"}],"wp:term":[{"taxonomy":"category","embeddable":true,"href":"https:\/\/cyclingpro.net\/spaziociclismo\/wp-json\/wp\/v2\/categories?post=393103"},{"taxonomy":"post_tag","embeddable":true,"href":"https:\/\/cyclingpro.net\/spaziociclismo\/wp-json\/wp\/v2\/tags?post=393103"}],"curies":[{"name":"wp","href":"https:\/\/api.w.org\/{rel}","templated":true}]}}