{"id":393100,"date":"2026-09-01T09:08:52","date_gmt":"2026-09-01T07:08:52","guid":{"rendered":"https:\/\/cyclingpro.net\/spaziociclismo\/?p=393100"},"modified":"2026-09-01T09:08:52","modified_gmt":"2026-09-01T07:08:52","slug":"vuelta-a-espana-2026-fra-i-pretendenti-al-titolo-ce-anche-oscar-onley-con-il-ritiro-di-pogacar-per-me-non-e-cambiato-nulla-i-miei-rivali-diretti-rimangono-gli-stessi","status":"publish","type":"post","link":"https:\/\/cyclingpro.net\/spaziociclismo\/vuelta-2026\/vuelta-a-espana-2026-fra-i-pretendenti-al-titolo-ce-anche-oscar-onley-con-il-ritiro-di-pogacar-per-me-non-e-cambiato-nulla-i-miei-rivali-diretti-rimangono-gli-stessi\/","title":{"rendered":"Vuelta a Espa\u00f1a 2026, fra i pretendenti al titolo c&#8217;\u00e8 anche Oscar Onley: &#8220;Con il ritiro di Poga\u010dar per me non \u00e8 cambiato nulla, i miei rivali diretti rimangono gli stessi&#8221;"},"content":{"rendered":"<p>Alla <strong>Vuelta a Espa\u00f1a 2026<\/strong> \u00e8 cambiato del tutto il panorama in un momento, per quel che riguarda la classifica generale. Tutto sembrava gi\u00e0 scritto e deciso, con la presenza di un<strong> Tadej Poga\u010dar<\/strong> lanciatissimo verso il successo finale, dopo aver vinto tre tappe nell&#8217;arco di una settimana. Poi, per\u00f2,<a href=\"https:\/\/cyclingpro.net\/spaziociclismo\/worldtour\/uae-team-emirates-xrg-tadej-pogacar-non-perde-il-senso-dellumorismo-dopo-il-ritiro-dalla-vuelta-e-posta-un-selfie-dallospedale-stayin-alive\/\" target=\"_blank\" rel=\"noopener\"> un incidente di gara ha modificato radicalmente la trama del Grande Giro spagnolo<\/a> e corridori che inizialmente avevano messo un posto di rilievo in graduatoria come obiettivo massimo possono anche permettersi di pensare molto pi\u00f9 in grande. Fra questi c&#8217;\u00e8 <strong>Oscar Onley<\/strong>, che si era presentato alla Vuelta dopo una stagione non facile e che adesso ha la possibilit\u00e0 di puntare, almeno, al podio di Granada.<\/p>\n<p>Lo scozzese \u00e8 infatti quarto in classifica generale (oltre che Maglia Bianca), <a href=\"https:\/\/cyclingpro.net\/spaziociclismo\/vuelta-2026\/vuelta-a-espana-2026-la-classifica-dei-big\/\" target=\"_blank\" rel=\"noopener\">con un distacco abbastanza contenuto dai corridori che lo precedono<\/a>: &#8220;<strong>Sono abbastanza felice di dove mi trovo, considerando quel che mi \u00e8 capitato nella prima settimana<\/strong> &#8211; le parole del capitano della <strong>Netcompany Ineos<\/strong> nell&#8217;arco del primo giorno di riposo della Vuelta &#8211; Ho avuto qualche problema di stomaco e sono anche caduto durante la tappa numero 8. Non ho perso comunque molto tempo e quindi sono contento, sia della classifica, sia di come mi sento ora&#8221;.<\/p>\n<p>Onley \u00e8 stato molto brillante nel corso del &#8220;tappone&#8221; di domenica 30 agosto, contesto in cui solo Enric Mas ha saputo fare meglio di lui: &#8220;Io mi sono sentito bene, ho capito subito di aver ritrovato le giuste sensazioni. <strong>Poi, quando la Decathlon CMA CGM ha spinto per alzare il ritmo, a me la cosa andava bene.<\/strong> Nel finale la cosa si \u00e8 fatta un po&#8217; pi\u00f9 tattica e io mi sono sentito sempre in controllo, che \u00e8 sicuramente un aspetto positivo&#8221;.<\/p>\n<p>Com&#8217;\u00e8 lo scenario senza Poga\u010dar? &#8220;Per me non cambia nulla &#8211; il commento del 23enne scozzese &#8211; Quelli con cui dovevo confrontarmi sono rimasti gli stessi. <strong>Ovviamente, so bene che se dovessi battere questi corridori, le conseguenze di questo risultato sarebbero ben pi\u00f9 grandi,<\/strong> perch\u00e9 c&#8217;\u00e8 la possibilit\u00e0 di vincere un Grande Giro, ma al momento non ci sto pensando. Mi sto concentrando solo su dove e come guadagnare terreno su Mas e su <strong>Primo\u017e Rogli\u010d<\/strong>, continuando a comunque ad affrontare la corsa nel modo che preferisco&#8221;.<\/p>\n<p>Per Onley, la sfida allo spagnolo e allo sloveno \u00e8 per certi versi &#8220;generazionale&#8221;: &#8220;Ora mi trovo in una corsa abbastanza diversa da quelle che ho vissuto in passato &#8211; le parole di Onley &#8211; <strong>I corridori di riferimento adesso sono un po&#8217; pi\u00f9 vecchi e hanno molta pi\u00f9 esperienza, cosa che mi render\u00e0 probabilmente le cose pi\u00f9 difficili.<\/strong> Di solito, mi misuro con corridori di et\u00e0 simile alla mia e di base corriamo in maniera comune, facendo magari pi\u00f9 errori. Mas e Rogli\u010d hanno molta pi\u00f9 esperienza e si sono trovati in questa situazione molto pi\u00f9 spesso. Mi danno l&#8217;idea di sapere sempre cosa stanno facendo e che tu non puoi permetterti nessun errore&#8221;.<\/p>\n<p>Obiettivo finale? &#8220;Non penso molto alla Maglia Bianca &#8211; il punto di vista dello scozzese &#8211; Sono qui per la generale ed eventualmente quella sar\u00e0 un bonus. Prender\u00f2 la corsa giorno dopo giorno e guarder\u00f2 alle opportunit\u00e0 che ci saranno quando mi sentir\u00f2 al meglio. <strong>Voglio tirare fuori il massimo da me stesso, vincendo una tappa e chiudendo il pi\u00f9 alto possibile in classifica generale<\/strong>&#8220;.<\/p>\n","protected":false},"excerpt":{"rendered":"<p>Lo scozzese entra nella seconda parte de #LaVuelta26 al quarto posto della generale e in Maglia Bianca: &#8220;Con Mas e Rogli\u010d \u00e8 difficile, sono esperti e non potr\u00f2 concedermi nessun errore&#8221;<\/p>\n","protected":false},"author":25,"featured_media":393101,"comment_status":"open","ping_status":"closed","sticky":false,"template":"","format":"standard","meta":{"footnotes":"","_members_access_role":[],"_members_access_error":""},"categories":[6589],"tags":[4791,5752],"class_list":["post-393100","post","type-post","status-publish","format-standard","has-post-thumbnail","hentry","category-vuelta-2026","tag-oscar-onley","tag-vuelta-a-espana-2026"],"yoast_head":"<!-- This site is optimized with the Yoast SEO plugin v28.3 - https:\/\/yoast.com\/product\/yoast-seo-wordpress\/ -->\n<title>Vuelta a Espa\u00f1a 2026, fra i pretendenti al titolo c&#039;\u00e8 anche Oscar Onley: &quot;Con il ritiro di Poga\u010dar per me non \u00e8 cambiato nulla, i miei rivali diretti rimangono gli stessi&quot; - SpazioCiclismo<\/title>\n<meta name=\"robots\" content=\"index, follow, max-snippet:-1, max-image-preview:large, max-video-preview:-1\" \/>\n<link rel=\"canonical\" href=\"https:\/\/cyclingpro.net\/spaziociclismo\/vuelta-2026\/vuelta-a-espana-2026-fra-i-pretendenti-al-titolo-ce-anche-oscar-onley-con-il-ritiro-di-pogacar-per-me-non-e-cambiato-nulla-i-miei-rivali-diretti-rimangono-gli-stessi\/\" \/>\n<meta property=\"og:locale\" content=\"it_IT\" \/>\n<meta property=\"og:type\" content=\"article\" \/>\n<meta property=\"og:title\" content=\"Vuelta a Espa\u00f1a 2026, fra i pretendenti al titolo c&#039;\u00e8 anche Oscar Onley: &quot;Con il ritiro di Poga\u010dar per me non \u00e8 cambiato nulla, i miei rivali diretti rimangono gli stessi&quot; - SpazioCiclismo\" \/>\n<meta property=\"og:description\" content=\"Lo scozzese entra nella seconda parte de #LaVuelta26 al quarto posto della generale e in Maglia Bianca: &quot;Con Mas e Rogli\u010d \u00e8 difficile, sono esperti e non potr\u00f2 concedermi nessun errore&quot;\" \/>\n<meta property=\"og:url\" content=\"https:\/\/cyclingpro.net\/spaziociclismo\/vuelta-2026\/vuelta-a-espana-2026-fra-i-pretendenti-al-titolo-ce-anche-oscar-onley-con-il-ritiro-di-pogacar-per-me-non-e-cambiato-nulla-i-miei-rivali-diretti-rimangono-gli-stessi\/\" \/>\n<meta property=\"og:site_name\" content=\"SpazioCiclismo\" \/>\n<meta property=\"article:publisher\" content=\"https:\/\/www.facebook.com\/SpazioCiclismo\/\" \/>\n<meta property=\"article:published_time\" content=\"2026-09-01T07:08:52+00:00\" \/>\n<meta property=\"og:image\" content=\"https:\/\/cyclingpro.net\/spaziociclismo\/wp-content\/uploads\/2026\/09\/1289739444-scaled.jpg\" \/>\n\t<meta property=\"og:image:width\" content=\"2560\" \/>\n\t<meta property=\"og:image:height\" content=\"1707\" \/>\n\t<meta property=\"og:image:type\" content=\"image\/jpeg\" \/>\n<meta name=\"author\" content=\"Francesco Mitola\" \/>\n<meta name=\"twitter:card\" content=\"summary_large_image\" \/>\n<meta name=\"twitter:creator\" content=\"@spaziociclismo\" \/>\n<meta name=\"twitter:site\" content=\"@spaziociclismo\" \/>\n<meta name=\"twitter:label1\" content=\"Scritto da\" \/>\n\t<meta name=\"twitter:data1\" content=\"Francesco Mitola\" \/>\n\t<meta name=\"twitter:label2\" content=\"Tempo di lettura stimato\" \/>\n\t<meta name=\"twitter:data2\" content=\"4 minuti\" \/>\n<script type=\"application\/ld+json\" class=\"yoast-schema-graph\">{\"@context\":\"https:\\\/\\\/schema.org\",\"@graph\":[{\"@type\":\"Article\",\"@id\":\"https:\\\/\\\/cyclingpro.net\\\/spaziociclismo\\\/vuelta-2026\\\/vuelta-a-espana-2026-fra-i-pretendenti-al-titolo-ce-anche-oscar-onley-con-il-ritiro-di-pogacar-per-me-non-e-cambiato-nulla-i-miei-rivali-diretti-rimangono-gli-stessi\\\/#article\",\"isPartOf\":{\"@id\":\"https:\\\/\\\/cyclingpro.net\\\/spaziociclismo\\\/vuelta-2026\\\/vuelta-a-espana-2026-fra-i-pretendenti-al-titolo-ce-anche-oscar-onley-con-il-ritiro-di-pogacar-per-me-non-e-cambiato-nulla-i-miei-rivali-diretti-rimangono-gli-stessi\\\/\"},\"author\":{\"name\":\"Francesco Mitola\",\"@id\":\"https:\\\/\\\/cyclingpro.net\\\/spaziociclismo\\\/#\\\/schema\\\/person\\\/627dbc08c9712c25304b059bbb765de8\"},\"headline\":\"Vuelta a Espa\u00f1a 2026, fra i pretendenti al titolo c&#8217;\u00e8 anche Oscar Onley: &#8220;Con il ritiro di Poga\u010dar per me non \u00e8 cambiato nulla, i miei rivali diretti rimangono gli stessi&#8221;\",\"datePublished\":\"2026-09-01T07:08:52+00:00\",\"mainEntityOfPage\":{\"@id\":\"https:\\\/\\\/cyclingpro.net\\\/spaziociclismo\\\/vuelta-2026\\\/vuelta-a-espana-2026-fra-i-pretendenti-al-titolo-ce-anche-oscar-onley-con-il-ritiro-di-pogacar-per-me-non-e-cambiato-nulla-i-miei-rivali-diretti-rimangono-gli-stessi\\\/\"},\"wordCount\":581,\"commentCount\":0,\"publisher\":{\"@id\":\"https:\\\/\\\/cyclingpro.net\\\/spaziociclismo\\\/#organization\"},\"image\":{\"@id\":\"https:\\\/\\\/cyclingpro.net\\\/spaziociclismo\\\/vuelta-2026\\\/vuelta-a-espana-2026-fra-i-pretendenti-al-titolo-ce-anche-oscar-onley-con-il-ritiro-di-pogacar-per-me-non-e-cambiato-nulla-i-miei-rivali-diretti-rimangono-gli-stessi\\\/#primaryimage\"},\"thumbnailUrl\":\"https:\\\/\\\/cyclingpro.net\\\/spaziociclismo\\\/wp-content\\\/uploads\\\/2026\\\/09\\\/1289739444-scaled.jpg\",\"keywords\":[\"Oscar Onley\",\"Vuelta a Espa\u00f1a 2026\"],\"articleSection\":[\"Vuelta 2026\"],\"inLanguage\":\"it-IT\",\"potentialAction\":[{\"@type\":\"CommentAction\",\"name\":\"Comment\",\"target\":[\"https:\\\/\\\/cyclingpro.net\\\/spaziociclismo\\\/vuelta-2026\\\/vuelta-a-espana-2026-fra-i-pretendenti-al-titolo-ce-anche-oscar-onley-con-il-ritiro-di-pogacar-per-me-non-e-cambiato-nulla-i-miei-rivali-diretti-rimangono-gli-stessi\\\/#respond\"]}]},{\"@type\":\"WebPage\",\"@id\":\"https:\\\/\\\/cyclingpro.net\\\/spaziociclismo\\\/vuelta-2026\\\/vuelta-a-espana-2026-fra-i-pretendenti-al-titolo-ce-anche-oscar-onley-con-il-ritiro-di-pogacar-per-me-non-e-cambiato-nulla-i-miei-rivali-diretti-rimangono-gli-stessi\\\/\",\"url\":\"https:\\\/\\\/cyclingpro.net\\\/spaziociclismo\\\/vuelta-2026\\\/vuelta-a-espana-2026-fra-i-pretendenti-al-titolo-ce-anche-oscar-onley-con-il-ritiro-di-pogacar-per-me-non-e-cambiato-nulla-i-miei-rivali-diretti-rimangono-gli-stessi\\\/\",\"name\":\"Vuelta a Espa\u00f1a 2026, fra i pretendenti al titolo c'\u00e8 anche Oscar Onley: \\\"Con il ritiro di Poga\u010dar per me non \u00e8 cambiato nulla, i miei rivali diretti rimangono gli stessi\\\" - SpazioCiclismo\",\"isPartOf\":{\"@id\":\"https:\\\/\\\/cyclingpro.net\\\/spaziociclismo\\\/#website\"},\"primaryImageOfPage\":{\"@id\":\"https:\\\/\\\/cyclingpro.net\\\/spaziociclismo\\\/vuelta-2026\\\/vuelta-a-espana-2026-fra-i-pretendenti-al-titolo-ce-anche-oscar-onley-con-il-ritiro-di-pogacar-per-me-non-e-cambiato-nulla-i-miei-rivali-diretti-rimangono-gli-stessi\\\/#primaryimage\"},\"image\":{\"@id\":\"https:\\\/\\\/cyclingpro.net\\\/spaziociclismo\\\/vuelta-2026\\\/vuelta-a-espana-2026-fra-i-pretendenti-al-titolo-ce-anche-oscar-onley-con-il-ritiro-di-pogacar-per-me-non-e-cambiato-nulla-i-miei-rivali-diretti-rimangono-gli-stessi\\\/#primaryimage\"},\"thumbnailUrl\":\"https:\\\/\\\/cyclingpro.net\\\/spaziociclismo\\\/wp-content\\\/uploads\\\/2026\\\/09\\\/1289739444-scaled.jpg\",\"datePublished\":\"2026-09-01T07:08:52+00:00\",\"breadcrumb\":{\"@id\":\"https:\\\/\\\/cyclingpro.net\\\/spaziociclismo\\\/vuelta-2026\\\/vuelta-a-espana-2026-fra-i-pretendenti-al-titolo-ce-anche-oscar-onley-con-il-ritiro-di-pogacar-per-me-non-e-cambiato-nulla-i-miei-rivali-diretti-rimangono-gli-stessi\\\/#breadcrumb\"},\"inLanguage\":\"it-IT\",\"potentialAction\":[{\"@type\":\"ReadAction\",\"target\":[\"https:\\\/\\\/cyclingpro.net\\\/spaziociclismo\\\/vuelta-2026\\\/vuelta-a-espana-2026-fra-i-pretendenti-al-titolo-ce-anche-oscar-onley-con-il-ritiro-di-pogacar-per-me-non-e-cambiato-nulla-i-miei-rivali-diretti-rimangono-gli-stessi\\\/\"]}]},{\"@type\":\"ImageObject\",\"inLanguage\":\"it-IT\",\"@id\":\"https:\\\/\\\/cyclingpro.net\\\/spaziociclismo\\\/vuelta-2026\\\/vuelta-a-espana-2026-fra-i-pretendenti-al-titolo-ce-anche-oscar-onley-con-il-ritiro-di-pogacar-per-me-non-e-cambiato-nulla-i-miei-rivali-diretti-rimangono-gli-stessi\\\/#primaryimage\",\"url\":\"https:\\\/\\\/cyclingpro.net\\\/spaziociclismo\\\/wp-content\\\/uploads\\\/2026\\\/09\\\/1289739444-scaled.jpg\",\"contentUrl\":\"https:\\\/\\\/cyclingpro.net\\\/spaziociclismo\\\/wp-content\\\/uploads\\\/2026\\\/09\\\/1289739444-scaled.jpg\",\"width\":2560,\"height\":1707,\"caption\":\"30-08-2026 Vuelta A Espana; Tappa 09 Villajoyosa - Alto De Aitana; 2026, Net Company - Ineos; Onley, Edgar Oscar; Alto De Aitana;\"},{\"@type\":\"BreadcrumbList\",\"@id\":\"https:\\\/\\\/cyclingpro.net\\\/spaziociclismo\\\/vuelta-2026\\\/vuelta-a-espana-2026-fra-i-pretendenti-al-titolo-ce-anche-oscar-onley-con-il-ritiro-di-pogacar-per-me-non-e-cambiato-nulla-i-miei-rivali-diretti-rimangono-gli-stessi\\\/#breadcrumb\",\"itemListElement\":[{\"@type\":\"ListItem\",\"position\":1,\"name\":\"Home\",\"item\":\"https:\\\/\\\/cyclingpro.net\\\/spaziociclismo\\\/\"},{\"@type\":\"ListItem\",\"position\":2,\"name\":\"Vuelta a Espa\u00f1a 2026, fra i pretendenti al titolo c&#8217;\u00e8 anche Oscar Onley: &#8220;Con il ritiro di Poga\u010dar per me non \u00e8 cambiato nulla, i miei rivali diretti rimangono gli stessi&#8221;\"}]},{\"@type\":\"WebSite\",\"@id\":\"https:\\\/\\\/cyclingpro.net\\\/spaziociclismo\\\/#website\",\"url\":\"https:\\\/\\\/cyclingpro.net\\\/spaziociclismo\\\/\",\"name\":\"SpazioCiclismo\",\"description\":\"Tutto il ciclismo minuto per minuto\",\"publisher\":{\"@id\":\"https:\\\/\\\/cyclingpro.net\\\/spaziociclismo\\\/#organization\"},\"potentialAction\":[{\"@type\":\"SearchAction\",\"target\":{\"@type\":\"EntryPoint\",\"urlTemplate\":\"https:\\\/\\\/cyclingpro.net\\\/spaziociclismo\\\/?s={search_term_string}\"},\"query-input\":{\"@type\":\"PropertyValueSpecification\",\"valueRequired\":true,\"valueName\":\"search_term_string\"}}],\"inLanguage\":\"it-IT\"},{\"@type\":\"Organization\",\"@id\":\"https:\\\/\\\/cyclingpro.net\\\/spaziociclismo\\\/#organization\",\"name\":\"SpazioCiclismo\",\"url\":\"https:\\\/\\\/cyclingpro.net\\\/spaziociclismo\\\/\",\"logo\":{\"@type\":\"ImageObject\",\"inLanguage\":\"it-IT\",\"@id\":\"https:\\\/\\\/cyclingpro.net\\\/spaziociclismo\\\/#\\\/schema\\\/logo\\\/image\\\/\",\"url\":\"https:\\\/\\\/cyclingpro.net\\\/spaziociclismo\\\/wp-content\\\/uploads\\\/2017\\\/02\\\/SpazioCiclismo-Logo-Quadrato.png\",\"contentUrl\":\"https:\\\/\\\/cyclingpro.net\\\/spaziociclismo\\\/wp-content\\\/uploads\\\/2017\\\/02\\\/SpazioCiclismo-Logo-Quadrato.png\",\"width\":450,\"height\":450,\"caption\":\"SpazioCiclismo\"},\"image\":{\"@id\":\"https:\\\/\\\/cyclingpro.net\\\/spaziociclismo\\\/#\\\/schema\\\/logo\\\/image\\\/\"},\"sameAs\":[\"https:\\\/\\\/www.facebook.com\\\/SpazioCiclismo\\\/\",\"https:\\\/\\\/x.com\\\/spaziociclismo\",\"https:\\\/\\\/www.instagram.com\\\/spaziociclismo\\\/\"]},{\"@type\":\"Person\",\"@id\":\"https:\\\/\\\/cyclingpro.net\\\/spaziociclismo\\\/#\\\/schema\\\/person\\\/627dbc08c9712c25304b059bbb765de8\",\"name\":\"Francesco Mitola\",\"image\":{\"@type\":\"ImageObject\",\"inLanguage\":\"it-IT\",\"@id\":\"https:\\\/\\\/secure.gravatar.com\\\/avatar\\\/dc58a640368550cd17129d2ff185eec5cb2821b7c3403fc06dcaca847ae762d3?s=96&d=mm&r=g\",\"url\":\"https:\\\/\\\/secure.gravatar.com\\\/avatar\\\/dc58a640368550cd17129d2ff185eec5cb2821b7c3403fc06dcaca847ae762d3?s=96&d=mm&r=g\",\"contentUrl\":\"https:\\\/\\\/secure.gravatar.com\\\/avatar\\\/dc58a640368550cd17129d2ff185eec5cb2821b7c3403fc06dcaca847ae762d3?s=96&d=mm&r=g\",\"caption\":\"Francesco Mitola\"},\"url\":\"https:\\\/\\\/cyclingpro.net\\\/spaziociclismo\\\/author\\\/fmitola\\\/\"}]}<\/script>\n<!-- \/ Yoast SEO plugin. -->","yoast_head_json":{"title":"Vuelta a Espa\u00f1a 2026, fra i pretendenti al titolo c'\u00e8 anche Oscar Onley: \"Con il ritiro di Poga\u010dar per me non \u00e8 cambiato nulla, i miei rivali diretti rimangono gli stessi\" - SpazioCiclismo","robots":{"index":"index","follow":"follow","max-snippet":"max-snippet:-1","max-image-preview":"max-image-preview:large","max-video-preview":"max-video-preview:-1"},"canonical":"https:\/\/cyclingpro.net\/spaziociclismo\/vuelta-2026\/vuelta-a-espana-2026-fra-i-pretendenti-al-titolo-ce-anche-oscar-onley-con-il-ritiro-di-pogacar-per-me-non-e-cambiato-nulla-i-miei-rivali-diretti-rimangono-gli-stessi\/","og_locale":"it_IT","og_type":"article","og_title":"Vuelta a Espa\u00f1a 2026, fra i pretendenti al titolo c'\u00e8 anche Oscar Onley: \"Con il ritiro di Poga\u010dar per me non \u00e8 cambiato nulla, i miei rivali diretti rimangono gli stessi\" - SpazioCiclismo","og_description":"Lo scozzese entra nella seconda parte de #LaVuelta26 al quarto posto della generale e in Maglia Bianca: \"Con Mas e Rogli\u010d \u00e8 difficile, sono esperti e non potr\u00f2 concedermi nessun errore\"","og_url":"https:\/\/cyclingpro.net\/spaziociclismo\/vuelta-2026\/vuelta-a-espana-2026-fra-i-pretendenti-al-titolo-ce-anche-oscar-onley-con-il-ritiro-di-pogacar-per-me-non-e-cambiato-nulla-i-miei-rivali-diretti-rimangono-gli-stessi\/","og_site_name":"SpazioCiclismo","article_publisher":"https:\/\/www.facebook.com\/SpazioCiclismo\/","article_published_time":"2026-09-01T07:08:52+00:00","og_image":[{"width":2560,"height":1707,"url":"https:\/\/cyclingpro.net\/spaziociclismo\/wp-content\/uploads\/2026\/09\/1289739444-scaled.jpg","type":"image\/jpeg"}],"author":"Francesco Mitola","twitter_card":"summary_large_image","twitter_creator":"@spaziociclismo","twitter_site":"@spaziociclismo","twitter_misc":{"Scritto da":"Francesco Mitola","Tempo di lettura stimato":"4 minuti"},"schema":{"@context":"https:\/\/schema.org","@graph":[{"@type":"Article","@id":"https:\/\/cyclingpro.net\/spaziociclismo\/vuelta-2026\/vuelta-a-espana-2026-fra-i-pretendenti-al-titolo-ce-anche-oscar-onley-con-il-ritiro-di-pogacar-per-me-non-e-cambiato-nulla-i-miei-rivali-diretti-rimangono-gli-stessi\/#article","isPartOf":{"@id":"https:\/\/cyclingpro.net\/spaziociclismo\/vuelta-2026\/vuelta-a-espana-2026-fra-i-pretendenti-al-titolo-ce-anche-oscar-onley-con-il-ritiro-di-pogacar-per-me-non-e-cambiato-nulla-i-miei-rivali-diretti-rimangono-gli-stessi\/"},"author":{"name":"Francesco Mitola","@id":"https:\/\/cyclingpro.net\/spaziociclismo\/#\/schema\/person\/627dbc08c9712c25304b059bbb765de8"},"headline":"Vuelta a Espa\u00f1a 2026, fra i pretendenti al titolo c&#8217;\u00e8 anche Oscar Onley: &#8220;Con il ritiro di Poga\u010dar per me non \u00e8 cambiato nulla, i miei rivali diretti rimangono gli stessi&#8221;","datePublished":"2026-09-01T07:08:52+00:00","mainEntityOfPage":{"@id":"https:\/\/cyclingpro.net\/spaziociclismo\/vuelta-2026\/vuelta-a-espana-2026-fra-i-pretendenti-al-titolo-ce-anche-oscar-onley-con-il-ritiro-di-pogacar-per-me-non-e-cambiato-nulla-i-miei-rivali-diretti-rimangono-gli-stessi\/"},"wordCount":581,"commentCount":0,"publisher":{"@id":"https:\/\/cyclingpro.net\/spaziociclismo\/#organization"},"image":{"@id":"https:\/\/cyclingpro.net\/spaziociclismo\/vuelta-2026\/vuelta-a-espana-2026-fra-i-pretendenti-al-titolo-ce-anche-oscar-onley-con-il-ritiro-di-pogacar-per-me-non-e-cambiato-nulla-i-miei-rivali-diretti-rimangono-gli-stessi\/#primaryimage"},"thumbnailUrl":"https:\/\/cyclingpro.net\/spaziociclismo\/wp-content\/uploads\/2026\/09\/1289739444-scaled.jpg","keywords":["Oscar Onley","Vuelta a Espa\u00f1a 2026"],"articleSection":["Vuelta 2026"],"inLanguage":"it-IT","potentialAction":[{"@type":"CommentAction","name":"Comment","target":["https:\/\/cyclingpro.net\/spaziociclismo\/vuelta-2026\/vuelta-a-espana-2026-fra-i-pretendenti-al-titolo-ce-anche-oscar-onley-con-il-ritiro-di-pogacar-per-me-non-e-cambiato-nulla-i-miei-rivali-diretti-rimangono-gli-stessi\/#respond"]}]},{"@type":"WebPage","@id":"https:\/\/cyclingpro.net\/spaziociclismo\/vuelta-2026\/vuelta-a-espana-2026-fra-i-pretendenti-al-titolo-ce-anche-oscar-onley-con-il-ritiro-di-pogacar-per-me-non-e-cambiato-nulla-i-miei-rivali-diretti-rimangono-gli-stessi\/","url":"https:\/\/cyclingpro.net\/spaziociclismo\/vuelta-2026\/vuelta-a-espana-2026-fra-i-pretendenti-al-titolo-ce-anche-oscar-onley-con-il-ritiro-di-pogacar-per-me-non-e-cambiato-nulla-i-miei-rivali-diretti-rimangono-gli-stessi\/","name":"Vuelta a Espa\u00f1a 2026, fra i pretendenti al titolo c'\u00e8 anche Oscar Onley: \"Con il ritiro di Poga\u010dar per me non \u00e8 cambiato nulla, i miei rivali diretti rimangono gli stessi\" - SpazioCiclismo","isPartOf":{"@id":"https:\/\/cyclingpro.net\/spaziociclismo\/#website"},"primaryImageOfPage":{"@id":"https:\/\/cyclingpro.net\/spaziociclismo\/vuelta-2026\/vuelta-a-espana-2026-fra-i-pretendenti-al-titolo-ce-anche-oscar-onley-con-il-ritiro-di-pogacar-per-me-non-e-cambiato-nulla-i-miei-rivali-diretti-rimangono-gli-stessi\/#primaryimage"},"image":{"@id":"https:\/\/cyclingpro.net\/spaziociclismo\/vuelta-2026\/vuelta-a-espana-2026-fra-i-pretendenti-al-titolo-ce-anche-oscar-onley-con-il-ritiro-di-pogacar-per-me-non-e-cambiato-nulla-i-miei-rivali-diretti-rimangono-gli-stessi\/#primaryimage"},"thumbnailUrl":"https:\/\/cyclingpro.net\/spaziociclismo\/wp-content\/uploads\/2026\/09\/1289739444-scaled.jpg","datePublished":"2026-09-01T07:08:52+00:00","breadcrumb":{"@id":"https:\/\/cyclingpro.net\/spaziociclismo\/vuelta-2026\/vuelta-a-espana-2026-fra-i-pretendenti-al-titolo-ce-anche-oscar-onley-con-il-ritiro-di-pogacar-per-me-non-e-cambiato-nulla-i-miei-rivali-diretti-rimangono-gli-stessi\/#breadcrumb"},"inLanguage":"it-IT","potentialAction":[{"@type":"ReadAction","target":["https:\/\/cyclingpro.net\/spaziociclismo\/vuelta-2026\/vuelta-a-espana-2026-fra-i-pretendenti-al-titolo-ce-anche-oscar-onley-con-il-ritiro-di-pogacar-per-me-non-e-cambiato-nulla-i-miei-rivali-diretti-rimangono-gli-stessi\/"]}]},{"@type":"ImageObject","inLanguage":"it-IT","@id":"https:\/\/cyclingpro.net\/spaziociclismo\/vuelta-2026\/vuelta-a-espana-2026-fra-i-pretendenti-al-titolo-ce-anche-oscar-onley-con-il-ritiro-di-pogacar-per-me-non-e-cambiato-nulla-i-miei-rivali-diretti-rimangono-gli-stessi\/#primaryimage","url":"https:\/\/cyclingpro.net\/spaziociclismo\/wp-content\/uploads\/2026\/09\/1289739444-scaled.jpg","contentUrl":"https:\/\/cyclingpro.net\/spaziociclismo\/wp-content\/uploads\/2026\/09\/1289739444-scaled.jpg","width":2560,"height":1707,"caption":"30-08-2026 Vuelta A Espana; Tappa 09 Villajoyosa - Alto De Aitana; 2026, Net Company - Ineos; Onley, Edgar Oscar; Alto De Aitana;"},{"@type":"BreadcrumbList","@id":"https:\/\/cyclingpro.net\/spaziociclismo\/vuelta-2026\/vuelta-a-espana-2026-fra-i-pretendenti-al-titolo-ce-anche-oscar-onley-con-il-ritiro-di-pogacar-per-me-non-e-cambiato-nulla-i-miei-rivali-diretti-rimangono-gli-stessi\/#breadcrumb","itemListElement":[{"@type":"ListItem","position":1,"name":"Home","item":"https:\/\/cyclingpro.net\/spaziociclismo\/"},{"@type":"ListItem","position":2,"name":"Vuelta a Espa\u00f1a 2026, fra i pretendenti al titolo c&#8217;\u00e8 anche Oscar Onley: &#8220;Con il ritiro di Poga\u010dar per me non \u00e8 cambiato nulla, i miei rivali diretti rimangono gli stessi&#8221;"}]},{"@type":"WebSite","@id":"https:\/\/cyclingpro.net\/spaziociclismo\/#website","url":"https:\/\/cyclingpro.net\/spaziociclismo\/","name":"SpazioCiclismo","description":"Tutto il ciclismo minuto per minuto","publisher":{"@id":"https:\/\/cyclingpro.net\/spaziociclismo\/#organization"},"potentialAction":[{"@type":"SearchAction","target":{"@type":"EntryPoint","urlTemplate":"https:\/\/cyclingpro.net\/spaziociclismo\/?s={search_term_string}"},"query-input":{"@type":"PropertyValueSpecification","valueRequired":true,"valueName":"search_term_string"}}],"inLanguage":"it-IT"},{"@type":"Organization","@id":"https:\/\/cyclingpro.net\/spaziociclismo\/#organization","name":"SpazioCiclismo","url":"https:\/\/cyclingpro.net\/spaziociclismo\/","logo":{"@type":"ImageObject","inLanguage":"it-IT","@id":"https:\/\/cyclingpro.net\/spaziociclismo\/#\/schema\/logo\/image\/","url":"https:\/\/cyclingpro.net\/spaziociclismo\/wp-content\/uploads\/2017\/02\/SpazioCiclismo-Logo-Quadrato.png","contentUrl":"https:\/\/cyclingpro.net\/spaziociclismo\/wp-content\/uploads\/2017\/02\/SpazioCiclismo-Logo-Quadrato.png","width":450,"height":450,"caption":"SpazioCiclismo"},"image":{"@id":"https:\/\/cyclingpro.net\/spaziociclismo\/#\/schema\/logo\/image\/"},"sameAs":["https:\/\/www.facebook.com\/SpazioCiclismo\/","https:\/\/x.com\/spaziociclismo","https:\/\/www.instagram.com\/spaziociclismo\/"]},{"@type":"Person","@id":"https:\/\/cyclingpro.net\/spaziociclismo\/#\/schema\/person\/627dbc08c9712c25304b059bbb765de8","name":"Francesco Mitola","image":{"@type":"ImageObject","inLanguage":"it-IT","@id":"https:\/\/secure.gravatar.com\/avatar\/dc58a640368550cd17129d2ff185eec5cb2821b7c3403fc06dcaca847ae762d3?s=96&d=mm&r=g","url":"https:\/\/secure.gravatar.com\/avatar\/dc58a640368550cd17129d2ff185eec5cb2821b7c3403fc06dcaca847ae762d3?s=96&d=mm&r=g","contentUrl":"https:\/\/secure.gravatar.com\/avatar\/dc58a640368550cd17129d2ff185eec5cb2821b7c3403fc06dcaca847ae762d3?s=96&d=mm&r=g","caption":"Francesco Mitola"},"url":"https:\/\/cyclingpro.net\/spaziociclismo\/author\/fmitola\/"}]}},"_links":{"self":[{"href":"https:\/\/cyclingpro.net\/spaziociclismo\/wp-json\/wp\/v2\/posts\/393100","targetHints":{"allow":["GET"]}}],"collection":[{"href":"https:\/\/cyclingpro.net\/spaziociclismo\/wp-json\/wp\/v2\/posts"}],"about":[{"href":"https:\/\/cyclingpro.net\/spaziociclismo\/wp-json\/wp\/v2\/types\/post"}],"author":[{"embeddable":true,"href":"https:\/\/cyclingpro.net\/spaziociclismo\/wp-json\/wp\/v2\/users\/25"}],"replies":[{"embeddable":true,"href":"https:\/\/cyclingpro.net\/spaziociclismo\/wp-json\/wp\/v2\/comments?post=393100"}],"version-history":[{"count":1,"href":"https:\/\/cyclingpro.net\/spaziociclismo\/wp-json\/wp\/v2\/posts\/393100\/revisions"}],"predecessor-version":[{"id":393102,"href":"https:\/\/cyclingpro.net\/spaziociclismo\/wp-json\/wp\/v2\/posts\/393100\/revisions\/393102"}],"wp:featuredmedia":[{"embeddable":true,"href":"https:\/\/cyclingpro.net\/spaziociclismo\/wp-json\/wp\/v2\/media\/393101"}],"wp:attachment":[{"href":"https:\/\/cyclingpro.net\/spaziociclismo\/wp-json\/wp\/v2\/media?parent=393100"}],"wp:term":[{"taxonomy":"category","embeddable":true,"href":"https:\/\/cyclingpro.net\/spaziociclismo\/wp-json\/wp\/v2\/categories?post=393100"},{"taxonomy":"post_tag","embeddable":true,"href":"https:\/\/cyclingpro.net\/spaziociclismo\/wp-json\/wp\/v2\/tags?post=393100"}],"curies":[{"name":"wp","href":"https:\/\/api.w.org\/{rel}","templated":true}]}}