{"id":393097,"date":"2026-09-01T08:39:15","date_gmt":"2026-09-01T06:39:15","guid":{"rendered":"https:\/\/cyclingpro.net\/spaziociclismo\/?p=393097"},"modified":"2026-09-01T08:39:15","modified_gmt":"2026-09-01T06:39:15","slug":"spazio-agenda-il-programma-di-martedi-1-settembre-tutti-i-riflettori-accesi-sulla-vuelta-a-espana-2026-sara-fuga-o-volata","status":"publish","type":"post","link":"https:\/\/cyclingpro.net\/spaziociclismo\/calendario\/spazio-agenda-il-programma-di-martedi-1-settembre-tutti-i-riflettori-accesi-sulla-vuelta-a-espana-2026-sara-fuga-o-volata\/","title":{"rendered":"Spazio Agenda, il programma di marted\u00ec 1 settembre: tutti i riflettori accesi sulla Vuelta a Espa\u00f1a 2026 &#8211; Sar\u00e0 fuga o volata?"},"content":{"rendered":"<p>Si entra nel mese di settembre, la stagione ciclistica inizia a intravedere i suoi ultimi atti, ma ci sono ancora tante gare importanti da disputare, fra cui una <strong>Vuelta a Espa\u00f1a 2026<\/strong> che deve ancora arrivare alla metaforica boa di met\u00e0 percorso. Nella giornata di <strong>marted\u00ec 1 settembre<\/strong> il Grande Giro spagnolo sar\u00e0 l&#8217;unico appuntamento in agenda, anticipando poi quello che sar\u00e0 un resto di settimana molto intenso. Sulle strade spagnole c&#8217;\u00e8 ovviamente grande interesse per capire chi riuscir\u00e0 a cogliere la grandissima occasione venutasi a creare dopo l&#8217;infortunio e il conseguente ritiro di Tadej Poga\u010dar, che intanto \u00e8 gi\u00e0 sulla via del recupero, <a href=\"https:\/\/cyclingpro.net\/spaziociclismo\/worldtour\/uae-team-emirates-xrg-tadej-pogacar-operato-con-successo-alla-clavicola-sinistra\/\" target=\"_blank\" rel=\"noopener\">dopo aver sub\u00ecto un&#8217;operazione chirurgica alla clavicola fratturata.\u00a0<\/a><\/p>\n<p><a href=\"https:\/\/cyclingpro.net\/spaziociclismo\/calendario\/calendario-e-orario-corse-della-settimana-31-agosto-6-settembre-2\/\" target=\"_blank\" rel=\"noopener\">Qui gli orari delle corse\u00a0<\/a><br \/>\n<a href=\"https:\/\/cyclingpro.net\/spaziociclismo\/calendario\/ciclismo-in-tv-e-streaming-gli-orari-della-settimana-31-agosto-6-settembre\/\" target=\"_blank\" rel=\"noopener\">Qui la programmazione TV \/ Streaming<\/a><\/p>\n<h3>Vuelta a Espa\u00f1a 2026<\/h3>\n<p><a href=\"https:\/\/cyclingpro.net\/spaziociclismo\/startlist\/startlist-vuelta-a-espana-2026-elenco-partecipanti\/\" target=\"_blank\" rel=\"noopener\">Qui la<\/a> <a href=\"https:\/\/cyclingpro.net\/spaziociclismo\/startlist\/startlist-vuelta-a-espana-2026-elenco-partecipanti\/\" target=\"_blank\" rel=\"noopener\">Startlist<\/a>\u00a0\\ <a href=\"https:\/\/cyclingpro.net\/spaziociclismo\/vuelta-2026\/percorso-vuelta-a-espana-2026-tutte-le-tappe-altimetrie-e-planimetrie\/\" target=\"_blank\" rel=\"noopener\">Qui Altimetria e Planimetria <\/a>\\ <a href=\"https:\/\/cyclingpro.net\/spaziociclismo\/sintesi-gare\/vuelta-a-espana-2026-enric-mas-vince-in-maglia-rossa-allalto-de-aitana-lo-spagnolo-batte-onley-in-volata-terzo-roglic\/\" target=\"_blank\" rel=\"noopener\">Qui l&#8217;esito della Tappa 9<\/a><br \/>\n<strong>Tappa 10: Alcaraz &#8211; Elche de la Sierra (184,7 km &#8211; mossa)<br \/>\n<\/strong>La Vuelta\u00a0a Espa\u00f1a 2026 riparte dopo il suo primo giorno di riposo e lo fa proponendo una &#8220;classica&#8221; tappa dal pronostico complicato. Gli organizzatori hanno disegnato infatti un tracciato molto agitato, seppur senza difficolt\u00e0 particolari, nella regione centrale della Spagna e in particolare nella Provincia di Albacete. Non dovrebbero esserci movimenti particolari di classifica, ma una diffusa determinazione nell&#8217;andare alla ricerca della vittoria di tappa. Da vedere, per\u00f2, se ci saranno squadre che vorranno tenere cucita la corsa per propiziare una volata o se sar\u00e0 una giornata di &#8220;libert\u00e0&#8221; per gli attaccanti da lontano.<\/p>\n","protected":false},"excerpt":{"rendered":"<p>Un solo appuntamento agonistico oggi, a #LaVuelta26, per scaldare le gambe in vista di giornate che saranno poi ben pi\u00f9 movimentate. <\/p>\n","protected":false},"author":25,"featured_media":392935,"comment_status":"open","ping_status":"closed","sticky":false,"template":"","format":"standard","meta":{"footnotes":"","_members_access_role":[],"_members_access_error":""},"categories":[2044],"tags":[5752],"class_list":["post-393097","post","type-post","status-publish","format-standard","has-post-thumbnail","hentry","category-calendario","tag-vuelta-a-espana-2026"],"yoast_head":"<!-- This site is optimized with the Yoast SEO plugin v28.3 - https:\/\/yoast.com\/product\/yoast-seo-wordpress\/ -->\n<title>Spazio Agenda, il programma di marted\u00ec 1 settembre: tutti i riflettori accesi sulla Vuelta a Espa\u00f1a 2026 - Sar\u00e0 fuga o volata? - SpazioCiclismo<\/title>\n<meta name=\"robots\" content=\"index, follow, max-snippet:-1, max-image-preview:large, max-video-preview:-1\" \/>\n<link rel=\"canonical\" href=\"https:\/\/cyclingpro.net\/spaziociclismo\/calendario\/spazio-agenda-il-programma-di-martedi-1-settembre-tutti-i-riflettori-accesi-sulla-vuelta-a-espana-2026-sara-fuga-o-volata\/\" \/>\n<meta property=\"og:locale\" content=\"it_IT\" \/>\n<meta property=\"og:type\" content=\"article\" \/>\n<meta property=\"og:title\" content=\"Spazio Agenda, il programma di marted\u00ec 1 settembre: tutti i riflettori accesi sulla Vuelta a Espa\u00f1a 2026 - Sar\u00e0 fuga o volata? - SpazioCiclismo\" \/>\n<meta property=\"og:description\" content=\"Un solo appuntamento agonistico oggi, a #LaVuelta26, per scaldare le gambe in vista di giornate che saranno poi ben pi\u00f9 movimentate.\" \/>\n<meta property=\"og:url\" content=\"https:\/\/cyclingpro.net\/spaziociclismo\/calendario\/spazio-agenda-il-programma-di-martedi-1-settembre-tutti-i-riflettori-accesi-sulla-vuelta-a-espana-2026-sara-fuga-o-volata\/\" \/>\n<meta property=\"og:site_name\" content=\"SpazioCiclismo\" \/>\n<meta property=\"article:publisher\" content=\"https:\/\/www.facebook.com\/SpazioCiclismo\/\" \/>\n<meta property=\"article:published_time\" content=\"2026-09-01T06:39:15+00:00\" \/>\n<meta property=\"og:image\" content=\"https:\/\/cyclingpro.net\/spaziociclismo\/wp-content\/uploads\/2026\/08\/1289650130-scaled.jpg\" \/>\n\t<meta property=\"og:image:width\" content=\"2560\" \/>\n\t<meta property=\"og:image:height\" content=\"1707\" \/>\n\t<meta property=\"og:image:type\" content=\"image\/jpeg\" \/>\n<meta name=\"author\" content=\"Francesco Mitola\" \/>\n<meta name=\"twitter:card\" content=\"summary_large_image\" \/>\n<meta name=\"twitter:creator\" content=\"@spaziociclismo\" \/>\n<meta name=\"twitter:site\" content=\"@spaziociclismo\" \/>\n<meta name=\"twitter:label1\" content=\"Scritto da\" \/>\n\t<meta name=\"twitter:data1\" content=\"Francesco Mitola\" \/>\n\t<meta name=\"twitter:label2\" content=\"Tempo di lettura stimato\" \/>\n\t<meta name=\"twitter:data2\" content=\"2 minuti\" \/>\n<script type=\"application\/ld+json\" class=\"yoast-schema-graph\">{\"@context\":\"https:\\\/\\\/schema.org\",\"@graph\":[{\"@type\":\"Article\",\"@id\":\"https:\\\/\\\/cyclingpro.net\\\/spaziociclismo\\\/calendario\\\/spazio-agenda-il-programma-di-martedi-1-settembre-tutti-i-riflettori-accesi-sulla-vuelta-a-espana-2026-sara-fuga-o-volata\\\/#article\",\"isPartOf\":{\"@id\":\"https:\\\/\\\/cyclingpro.net\\\/spaziociclismo\\\/calendario\\\/spazio-agenda-il-programma-di-martedi-1-settembre-tutti-i-riflettori-accesi-sulla-vuelta-a-espana-2026-sara-fuga-o-volata\\\/\"},\"author\":{\"name\":\"Francesco Mitola\",\"@id\":\"https:\\\/\\\/cyclingpro.net\\\/spaziociclismo\\\/#\\\/schema\\\/person\\\/627dbc08c9712c25304b059bbb765de8\"},\"headline\":\"Spazio Agenda, il programma di marted\u00ec 1 settembre: tutti i riflettori accesi sulla Vuelta a Espa\u00f1a 2026 &#8211; Sar\u00e0 fuga o volata?\",\"datePublished\":\"2026-09-01T06:39:15+00:00\",\"mainEntityOfPage\":{\"@id\":\"https:\\\/\\\/cyclingpro.net\\\/spaziociclismo\\\/calendario\\\/spazio-agenda-il-programma-di-martedi-1-settembre-tutti-i-riflettori-accesi-sulla-vuelta-a-espana-2026-sara-fuga-o-volata\\\/\"},\"wordCount\":268,\"commentCount\":0,\"publisher\":{\"@id\":\"https:\\\/\\\/cyclingpro.net\\\/spaziociclismo\\\/#organization\"},\"image\":{\"@id\":\"https:\\\/\\\/cyclingpro.net\\\/spaziociclismo\\\/calendario\\\/spazio-agenda-il-programma-di-martedi-1-settembre-tutti-i-riflettori-accesi-sulla-vuelta-a-espana-2026-sara-fuga-o-volata\\\/#primaryimage\"},\"thumbnailUrl\":\"https:\\\/\\\/cyclingpro.net\\\/spaziociclismo\\\/wp-content\\\/uploads\\\/2026\\\/08\\\/1289650130-scaled.jpg\",\"keywords\":[\"Vuelta a Espa\u00f1a 2026\"],\"articleSection\":[\"Calendario\"],\"inLanguage\":\"it-IT\",\"potentialAction\":[{\"@type\":\"CommentAction\",\"name\":\"Comment\",\"target\":[\"https:\\\/\\\/cyclingpro.net\\\/spaziociclismo\\\/calendario\\\/spazio-agenda-il-programma-di-martedi-1-settembre-tutti-i-riflettori-accesi-sulla-vuelta-a-espana-2026-sara-fuga-o-volata\\\/#respond\"]}]},{\"@type\":\"WebPage\",\"@id\":\"https:\\\/\\\/cyclingpro.net\\\/spaziociclismo\\\/calendario\\\/spazio-agenda-il-programma-di-martedi-1-settembre-tutti-i-riflettori-accesi-sulla-vuelta-a-espana-2026-sara-fuga-o-volata\\\/\",\"url\":\"https:\\\/\\\/cyclingpro.net\\\/spaziociclismo\\\/calendario\\\/spazio-agenda-il-programma-di-martedi-1-settembre-tutti-i-riflettori-accesi-sulla-vuelta-a-espana-2026-sara-fuga-o-volata\\\/\",\"name\":\"Spazio Agenda, il programma di marted\u00ec 1 settembre: tutti i riflettori accesi sulla Vuelta a Espa\u00f1a 2026 - Sar\u00e0 fuga o volata? - SpazioCiclismo\",\"isPartOf\":{\"@id\":\"https:\\\/\\\/cyclingpro.net\\\/spaziociclismo\\\/#website\"},\"primaryImageOfPage\":{\"@id\":\"https:\\\/\\\/cyclingpro.net\\\/spaziociclismo\\\/calendario\\\/spazio-agenda-il-programma-di-martedi-1-settembre-tutti-i-riflettori-accesi-sulla-vuelta-a-espana-2026-sara-fuga-o-volata\\\/#primaryimage\"},\"image\":{\"@id\":\"https:\\\/\\\/cyclingpro.net\\\/spaziociclismo\\\/calendario\\\/spazio-agenda-il-programma-di-martedi-1-settembre-tutti-i-riflettori-accesi-sulla-vuelta-a-espana-2026-sara-fuga-o-volata\\\/#primaryimage\"},\"thumbnailUrl\":\"https:\\\/\\\/cyclingpro.net\\\/spaziociclismo\\\/wp-content\\\/uploads\\\/2026\\\/08\\\/1289650130-scaled.jpg\",\"datePublished\":\"2026-09-01T06:39:15+00:00\",\"breadcrumb\":{\"@id\":\"https:\\\/\\\/cyclingpro.net\\\/spaziociclismo\\\/calendario\\\/spazio-agenda-il-programma-di-martedi-1-settembre-tutti-i-riflettori-accesi-sulla-vuelta-a-espana-2026-sara-fuga-o-volata\\\/#breadcrumb\"},\"inLanguage\":\"it-IT\",\"potentialAction\":[{\"@type\":\"ReadAction\",\"target\":[\"https:\\\/\\\/cyclingpro.net\\\/spaziociclismo\\\/calendario\\\/spazio-agenda-il-programma-di-martedi-1-settembre-tutti-i-riflettori-accesi-sulla-vuelta-a-espana-2026-sara-fuga-o-volata\\\/\"]}]},{\"@type\":\"ImageObject\",\"inLanguage\":\"it-IT\",\"@id\":\"https:\\\/\\\/cyclingpro.net\\\/spaziociclismo\\\/calendario\\\/spazio-agenda-il-programma-di-martedi-1-settembre-tutti-i-riflettori-accesi-sulla-vuelta-a-espana-2026-sara-fuga-o-volata\\\/#primaryimage\",\"url\":\"https:\\\/\\\/cyclingpro.net\\\/spaziociclismo\\\/wp-content\\\/uploads\\\/2026\\\/08\\\/1289650130-scaled.jpg\",\"contentUrl\":\"https:\\\/\\\/cyclingpro.net\\\/spaziociclismo\\\/wp-content\\\/uploads\\\/2026\\\/08\\\/1289650130-scaled.jpg\",\"width\":2560,\"height\":1707,\"caption\":\"\u00a9 Sirotti\"},{\"@type\":\"BreadcrumbList\",\"@id\":\"https:\\\/\\\/cyclingpro.net\\\/spaziociclismo\\\/calendario\\\/spazio-agenda-il-programma-di-martedi-1-settembre-tutti-i-riflettori-accesi-sulla-vuelta-a-espana-2026-sara-fuga-o-volata\\\/#breadcrumb\",\"itemListElement\":[{\"@type\":\"ListItem\",\"position\":1,\"name\":\"Home\",\"item\":\"https:\\\/\\\/cyclingpro.net\\\/spaziociclismo\\\/\"},{\"@type\":\"ListItem\",\"position\":2,\"name\":\"Spazio Agenda, il programma di marted\u00ec 1 settembre: tutti i riflettori accesi sulla Vuelta a Espa\u00f1a 2026 &#8211; Sar\u00e0 fuga o volata?\"}]},{\"@type\":\"WebSite\",\"@id\":\"https:\\\/\\\/cyclingpro.net\\\/spaziociclismo\\\/#website\",\"url\":\"https:\\\/\\\/cyclingpro.net\\\/spaziociclismo\\\/\",\"name\":\"SpazioCiclismo\",\"description\":\"Tutto il ciclismo minuto per minuto\",\"publisher\":{\"@id\":\"https:\\\/\\\/cyclingpro.net\\\/spaziociclismo\\\/#organization\"},\"potentialAction\":[{\"@type\":\"SearchAction\",\"target\":{\"@type\":\"EntryPoint\",\"urlTemplate\":\"https:\\\/\\\/cyclingpro.net\\\/spaziociclismo\\\/?s={search_term_string}\"},\"query-input\":{\"@type\":\"PropertyValueSpecification\",\"valueRequired\":true,\"valueName\":\"search_term_string\"}}],\"inLanguage\":\"it-IT\"},{\"@type\":\"Organization\",\"@id\":\"https:\\\/\\\/cyclingpro.net\\\/spaziociclismo\\\/#organization\",\"name\":\"SpazioCiclismo\",\"url\":\"https:\\\/\\\/cyclingpro.net\\\/spaziociclismo\\\/\",\"logo\":{\"@type\":\"ImageObject\",\"inLanguage\":\"it-IT\",\"@id\":\"https:\\\/\\\/cyclingpro.net\\\/spaziociclismo\\\/#\\\/schema\\\/logo\\\/image\\\/\",\"url\":\"https:\\\/\\\/cyclingpro.net\\\/spaziociclismo\\\/wp-content\\\/uploads\\\/2017\\\/02\\\/SpazioCiclismo-Logo-Quadrato.png\",\"contentUrl\":\"https:\\\/\\\/cyclingpro.net\\\/spaziociclismo\\\/wp-content\\\/uploads\\\/2017\\\/02\\\/SpazioCiclismo-Logo-Quadrato.png\",\"width\":450,\"height\":450,\"caption\":\"SpazioCiclismo\"},\"image\":{\"@id\":\"https:\\\/\\\/cyclingpro.net\\\/spaziociclismo\\\/#\\\/schema\\\/logo\\\/image\\\/\"},\"sameAs\":[\"https:\\\/\\\/www.facebook.com\\\/SpazioCiclismo\\\/\",\"https:\\\/\\\/x.com\\\/spaziociclismo\",\"https:\\\/\\\/www.instagram.com\\\/spaziociclismo\\\/\"]},{\"@type\":\"Person\",\"@id\":\"https:\\\/\\\/cyclingpro.net\\\/spaziociclismo\\\/#\\\/schema\\\/person\\\/627dbc08c9712c25304b059bbb765de8\",\"name\":\"Francesco Mitola\",\"image\":{\"@type\":\"ImageObject\",\"inLanguage\":\"it-IT\",\"@id\":\"https:\\\/\\\/secure.gravatar.com\\\/avatar\\\/dc58a640368550cd17129d2ff185eec5cb2821b7c3403fc06dcaca847ae762d3?s=96&d=mm&r=g\",\"url\":\"https:\\\/\\\/secure.gravatar.com\\\/avatar\\\/dc58a640368550cd17129d2ff185eec5cb2821b7c3403fc06dcaca847ae762d3?s=96&d=mm&r=g\",\"contentUrl\":\"https:\\\/\\\/secure.gravatar.com\\\/avatar\\\/dc58a640368550cd17129d2ff185eec5cb2821b7c3403fc06dcaca847ae762d3?s=96&d=mm&r=g\",\"caption\":\"Francesco Mitola\"},\"url\":\"https:\\\/\\\/cyclingpro.net\\\/spaziociclismo\\\/author\\\/fmitola\\\/\"}]}<\/script>\n<!-- \/ Yoast SEO plugin. -->","yoast_head_json":{"title":"Spazio Agenda, il programma di marted\u00ec 1 settembre: tutti i riflettori accesi sulla Vuelta a Espa\u00f1a 2026 - Sar\u00e0 fuga o volata? - SpazioCiclismo","robots":{"index":"index","follow":"follow","max-snippet":"max-snippet:-1","max-image-preview":"max-image-preview:large","max-video-preview":"max-video-preview:-1"},"canonical":"https:\/\/cyclingpro.net\/spaziociclismo\/calendario\/spazio-agenda-il-programma-di-martedi-1-settembre-tutti-i-riflettori-accesi-sulla-vuelta-a-espana-2026-sara-fuga-o-volata\/","og_locale":"it_IT","og_type":"article","og_title":"Spazio Agenda, il programma di marted\u00ec 1 settembre: tutti i riflettori accesi sulla Vuelta a Espa\u00f1a 2026 - Sar\u00e0 fuga o volata? - SpazioCiclismo","og_description":"Un solo appuntamento agonistico oggi, a #LaVuelta26, per scaldare le gambe in vista di giornate che saranno poi ben pi\u00f9 movimentate.","og_url":"https:\/\/cyclingpro.net\/spaziociclismo\/calendario\/spazio-agenda-il-programma-di-martedi-1-settembre-tutti-i-riflettori-accesi-sulla-vuelta-a-espana-2026-sara-fuga-o-volata\/","og_site_name":"SpazioCiclismo","article_publisher":"https:\/\/www.facebook.com\/SpazioCiclismo\/","article_published_time":"2026-09-01T06:39:15+00:00","og_image":[{"width":2560,"height":1707,"url":"https:\/\/cyclingpro.net\/spaziociclismo\/wp-content\/uploads\/2026\/08\/1289650130-scaled.jpg","type":"image\/jpeg"}],"author":"Francesco Mitola","twitter_card":"summary_large_image","twitter_creator":"@spaziociclismo","twitter_site":"@spaziociclismo","twitter_misc":{"Scritto da":"Francesco Mitola","Tempo di lettura stimato":"2 minuti"},"schema":{"@context":"https:\/\/schema.org","@graph":[{"@type":"Article","@id":"https:\/\/cyclingpro.net\/spaziociclismo\/calendario\/spazio-agenda-il-programma-di-martedi-1-settembre-tutti-i-riflettori-accesi-sulla-vuelta-a-espana-2026-sara-fuga-o-volata\/#article","isPartOf":{"@id":"https:\/\/cyclingpro.net\/spaziociclismo\/calendario\/spazio-agenda-il-programma-di-martedi-1-settembre-tutti-i-riflettori-accesi-sulla-vuelta-a-espana-2026-sara-fuga-o-volata\/"},"author":{"name":"Francesco Mitola","@id":"https:\/\/cyclingpro.net\/spaziociclismo\/#\/schema\/person\/627dbc08c9712c25304b059bbb765de8"},"headline":"Spazio Agenda, il programma di marted\u00ec 1 settembre: tutti i riflettori accesi sulla Vuelta a Espa\u00f1a 2026 &#8211; Sar\u00e0 fuga o volata?","datePublished":"2026-09-01T06:39:15+00:00","mainEntityOfPage":{"@id":"https:\/\/cyclingpro.net\/spaziociclismo\/calendario\/spazio-agenda-il-programma-di-martedi-1-settembre-tutti-i-riflettori-accesi-sulla-vuelta-a-espana-2026-sara-fuga-o-volata\/"},"wordCount":268,"commentCount":0,"publisher":{"@id":"https:\/\/cyclingpro.net\/spaziociclismo\/#organization"},"image":{"@id":"https:\/\/cyclingpro.net\/spaziociclismo\/calendario\/spazio-agenda-il-programma-di-martedi-1-settembre-tutti-i-riflettori-accesi-sulla-vuelta-a-espana-2026-sara-fuga-o-volata\/#primaryimage"},"thumbnailUrl":"https:\/\/cyclingpro.net\/spaziociclismo\/wp-content\/uploads\/2026\/08\/1289650130-scaled.jpg","keywords":["Vuelta a Espa\u00f1a 2026"],"articleSection":["Calendario"],"inLanguage":"it-IT","potentialAction":[{"@type":"CommentAction","name":"Comment","target":["https:\/\/cyclingpro.net\/spaziociclismo\/calendario\/spazio-agenda-il-programma-di-martedi-1-settembre-tutti-i-riflettori-accesi-sulla-vuelta-a-espana-2026-sara-fuga-o-volata\/#respond"]}]},{"@type":"WebPage","@id":"https:\/\/cyclingpro.net\/spaziociclismo\/calendario\/spazio-agenda-il-programma-di-martedi-1-settembre-tutti-i-riflettori-accesi-sulla-vuelta-a-espana-2026-sara-fuga-o-volata\/","url":"https:\/\/cyclingpro.net\/spaziociclismo\/calendario\/spazio-agenda-il-programma-di-martedi-1-settembre-tutti-i-riflettori-accesi-sulla-vuelta-a-espana-2026-sara-fuga-o-volata\/","name":"Spazio Agenda, il programma di marted\u00ec 1 settembre: tutti i riflettori accesi sulla Vuelta a Espa\u00f1a 2026 - Sar\u00e0 fuga o volata? - SpazioCiclismo","isPartOf":{"@id":"https:\/\/cyclingpro.net\/spaziociclismo\/#website"},"primaryImageOfPage":{"@id":"https:\/\/cyclingpro.net\/spaziociclismo\/calendario\/spazio-agenda-il-programma-di-martedi-1-settembre-tutti-i-riflettori-accesi-sulla-vuelta-a-espana-2026-sara-fuga-o-volata\/#primaryimage"},"image":{"@id":"https:\/\/cyclingpro.net\/spaziociclismo\/calendario\/spazio-agenda-il-programma-di-martedi-1-settembre-tutti-i-riflettori-accesi-sulla-vuelta-a-espana-2026-sara-fuga-o-volata\/#primaryimage"},"thumbnailUrl":"https:\/\/cyclingpro.net\/spaziociclismo\/wp-content\/uploads\/2026\/08\/1289650130-scaled.jpg","datePublished":"2026-09-01T06:39:15+00:00","breadcrumb":{"@id":"https:\/\/cyclingpro.net\/spaziociclismo\/calendario\/spazio-agenda-il-programma-di-martedi-1-settembre-tutti-i-riflettori-accesi-sulla-vuelta-a-espana-2026-sara-fuga-o-volata\/#breadcrumb"},"inLanguage":"it-IT","potentialAction":[{"@type":"ReadAction","target":["https:\/\/cyclingpro.net\/spaziociclismo\/calendario\/spazio-agenda-il-programma-di-martedi-1-settembre-tutti-i-riflettori-accesi-sulla-vuelta-a-espana-2026-sara-fuga-o-volata\/"]}]},{"@type":"ImageObject","inLanguage":"it-IT","@id":"https:\/\/cyclingpro.net\/spaziociclismo\/calendario\/spazio-agenda-il-programma-di-martedi-1-settembre-tutti-i-riflettori-accesi-sulla-vuelta-a-espana-2026-sara-fuga-o-volata\/#primaryimage","url":"https:\/\/cyclingpro.net\/spaziociclismo\/wp-content\/uploads\/2026\/08\/1289650130-scaled.jpg","contentUrl":"https:\/\/cyclingpro.net\/spaziociclismo\/wp-content\/uploads\/2026\/08\/1289650130-scaled.jpg","width":2560,"height":1707,"caption":"\u00a9 Sirotti"},{"@type":"BreadcrumbList","@id":"https:\/\/cyclingpro.net\/spaziociclismo\/calendario\/spazio-agenda-il-programma-di-martedi-1-settembre-tutti-i-riflettori-accesi-sulla-vuelta-a-espana-2026-sara-fuga-o-volata\/#breadcrumb","itemListElement":[{"@type":"ListItem","position":1,"name":"Home","item":"https:\/\/cyclingpro.net\/spaziociclismo\/"},{"@type":"ListItem","position":2,"name":"Spazio Agenda, il programma di marted\u00ec 1 settembre: tutti i riflettori accesi sulla Vuelta a Espa\u00f1a 2026 &#8211; Sar\u00e0 fuga o volata?"}]},{"@type":"WebSite","@id":"https:\/\/cyclingpro.net\/spaziociclismo\/#website","url":"https:\/\/cyclingpro.net\/spaziociclismo\/","name":"SpazioCiclismo","description":"Tutto il ciclismo minuto per minuto","publisher":{"@id":"https:\/\/cyclingpro.net\/spaziociclismo\/#organization"},"potentialAction":[{"@type":"SearchAction","target":{"@type":"EntryPoint","urlTemplate":"https:\/\/cyclingpro.net\/spaziociclismo\/?s={search_term_string}"},"query-input":{"@type":"PropertyValueSpecification","valueRequired":true,"valueName":"search_term_string"}}],"inLanguage":"it-IT"},{"@type":"Organization","@id":"https:\/\/cyclingpro.net\/spaziociclismo\/#organization","name":"SpazioCiclismo","url":"https:\/\/cyclingpro.net\/spaziociclismo\/","logo":{"@type":"ImageObject","inLanguage":"it-IT","@id":"https:\/\/cyclingpro.net\/spaziociclismo\/#\/schema\/logo\/image\/","url":"https:\/\/cyclingpro.net\/spaziociclismo\/wp-content\/uploads\/2017\/02\/SpazioCiclismo-Logo-Quadrato.png","contentUrl":"https:\/\/cyclingpro.net\/spaziociclismo\/wp-content\/uploads\/2017\/02\/SpazioCiclismo-Logo-Quadrato.png","width":450,"height":450,"caption":"SpazioCiclismo"},"image":{"@id":"https:\/\/cyclingpro.net\/spaziociclismo\/#\/schema\/logo\/image\/"},"sameAs":["https:\/\/www.facebook.com\/SpazioCiclismo\/","https:\/\/x.com\/spaziociclismo","https:\/\/www.instagram.com\/spaziociclismo\/"]},{"@type":"Person","@id":"https:\/\/cyclingpro.net\/spaziociclismo\/#\/schema\/person\/627dbc08c9712c25304b059bbb765de8","name":"Francesco Mitola","image":{"@type":"ImageObject","inLanguage":"it-IT","@id":"https:\/\/secure.gravatar.com\/avatar\/dc58a640368550cd17129d2ff185eec5cb2821b7c3403fc06dcaca847ae762d3?s=96&d=mm&r=g","url":"https:\/\/secure.gravatar.com\/avatar\/dc58a640368550cd17129d2ff185eec5cb2821b7c3403fc06dcaca847ae762d3?s=96&d=mm&r=g","contentUrl":"https:\/\/secure.gravatar.com\/avatar\/dc58a640368550cd17129d2ff185eec5cb2821b7c3403fc06dcaca847ae762d3?s=96&d=mm&r=g","caption":"Francesco Mitola"},"url":"https:\/\/cyclingpro.net\/spaziociclismo\/author\/fmitola\/"}]}},"_links":{"self":[{"href":"https:\/\/cyclingpro.net\/spaziociclismo\/wp-json\/wp\/v2\/posts\/393097","targetHints":{"allow":["GET"]}}],"collection":[{"href":"https:\/\/cyclingpro.net\/spaziociclismo\/wp-json\/wp\/v2\/posts"}],"about":[{"href":"https:\/\/cyclingpro.net\/spaziociclismo\/wp-json\/wp\/v2\/types\/post"}],"author":[{"embeddable":true,"href":"https:\/\/cyclingpro.net\/spaziociclismo\/wp-json\/wp\/v2\/users\/25"}],"replies":[{"embeddable":true,"href":"https:\/\/cyclingpro.net\/spaziociclismo\/wp-json\/wp\/v2\/comments?post=393097"}],"version-history":[{"count":1,"href":"https:\/\/cyclingpro.net\/spaziociclismo\/wp-json\/wp\/v2\/posts\/393097\/revisions"}],"predecessor-version":[{"id":393099,"href":"https:\/\/cyclingpro.net\/spaziociclismo\/wp-json\/wp\/v2\/posts\/393097\/revisions\/393099"}],"wp:featuredmedia":[{"embeddable":true,"href":"https:\/\/cyclingpro.net\/spaziociclismo\/wp-json\/wp\/v2\/media\/392935"}],"wp:attachment":[{"href":"https:\/\/cyclingpro.net\/spaziociclismo\/wp-json\/wp\/v2\/media?parent=393097"}],"wp:term":[{"taxonomy":"category","embeddable":true,"href":"https:\/\/cyclingpro.net\/spaziociclismo\/wp-json\/wp\/v2\/categories?post=393097"},{"taxonomy":"post_tag","embeddable":true,"href":"https:\/\/cyclingpro.net\/spaziociclismo\/wp-json\/wp\/v2\/tags?post=393097"}],"curies":[{"name":"wp","href":"https:\/\/api.w.org\/{rel}","templated":true}]}}