{"id":393091,"date":"2026-09-01T08:00:31","date_gmt":"2026-09-01T06:00:31","guid":{"rendered":"https:\/\/cyclingpro.net\/spaziociclismo\/?p=393091"},"modified":"2026-09-01T07:54:57","modified_gmt":"2026-09-01T05:54:57","slug":"un-anno-fa-vuelta-a-espana-2025-giulio-ciccone-versione-icaro-e-stato-un-errore-seguire-jonas-vingegaard","status":"publish","type":"post","link":"https:\/\/cyclingpro.net\/spaziociclismo\/un-anno-fa\/un-anno-fa-vuelta-a-espana-2025-giulio-ciccone-versione-icaro-e-stato-un-errore-seguire-jonas-vingegaard\/","title":{"rendered":"Un anno fa&#8230; Vuelta a Espa\u00f1a 2025, Giulio Ciccone versione Icaro: &#8220;\u00c8 stato un errore seguire Jonas Vingegaard&#8221;"},"content":{"rendered":"<p>Giulio Ciccone \u00e8 andato troppo vicino al sole nella nona tappa della Vuelta a Espa\u00f1a 2025. Unico a seguire inizialmente Jonas Vingegaard dopo l&#8217;accelerazione propiziata dal forcing improvviso di Matteo Jorgenson, il leader della Lidl &#8211; Trek ha retto un chilometro a ruota dello scalatore danese, ma nel farlo si \u00e8 probabilmente bruciato, compiendo un fuorigiri che si \u00e8 trovato a pagare piuttosto caro poi nel corso della salita. Ripreso da Joao Almeida,\u00a0 Tom Pidcock e Felix Gall, il 30enne abruzzese non \u00e8 infatti riuscito a seguire neanche quel treno, finendo cos\u00ec per concludere la tappa a 1&#8217;46&#8221; dal vincitore, nel gruppetto degli altri uomini di classifica. Il classe 1994 ha osato e gli va riconosciuto, ma ha evidentemente chiesto troppo a s\u00e9 stesso.<\/p>\n<p>\u201cPenso che sia andato troppo veloce &#8211; ammette senza perdere il sorriso ai giornalisti che lo fermano dopo il traguardo, tra i quali i nostri inviati &#8211; Era troppo dura per me. Ho fatto davvero del mio meglio, ma forse \u00e8 stato un errore seguirlo. Forse sarebbe stato meglio impostare il mio ritmo ai piedi della salita\u201d.<\/p>\n<p>Con il settimo posto al traguardo, il corridore chietino \u00e8 sceso in sesta posizione in classifica generale, venendo superato da Pidcock e Gall e perdendo cos\u00ec contatto con Almeida e Vingegaard, ai quali pagava appena una manciata di secondi al termine della prima settimana di gara. Le sue chance di classifica sono ovviamente ancora tutte in piedi visto che malgrado la decisione forse troppo avventata se l&#8217;\u00e8 comunque giocata alla pari con tutti gli altri.<\/p>\n<p>Tuttavia, se da un lato c&#8217;\u00e8 il rammarico di non aver sfruttato al meglio il terreno a sua disposizione, c&#8217;\u00e8 comunque una nota positiva: \u201cLe sensazioni erano buona &#8211; conclude &#8211;\u00a0 Avevamo davvero la fiducia necessaria per provarci in questa tappa. \u00c8 andata cos\u00ec. A volte va bene, a volte no. Oggi Jonas \u00e8 stato fortissimo. Ci riproveremo sicuramente\u201d.<\/p>\n","protected":false},"excerpt":{"rendered":"<p>#UnAnnoFa a #LaVuelta25 l&#8217;abruzzese viveva giornate da protagonista, confrontandosi direttamente con chi poi quella corsa l&#8217;avrebbe vinta. <\/p>\n","protected":false},"author":25,"featured_media":345384,"comment_status":"open","ping_status":"closed","sticky":false,"template":"","format":"standard","meta":{"footnotes":"","_members_access_role":[],"_members_access_error":""},"categories":[490],"tags":[],"class_list":["post-393091","post","type-post","status-publish","format-standard","has-post-thumbnail","hentry","category-un-anno-fa"],"yoast_head":"<!-- This site is optimized with the Yoast SEO plugin v28.3 - https:\/\/yoast.com\/product\/yoast-seo-wordpress\/ -->\n<title>Un anno fa... Vuelta a Espa\u00f1a 2025, Giulio Ciccone versione Icaro: &quot;\u00c8 stato un errore seguire Jonas Vingegaard&quot; - SpazioCiclismo<\/title>\n<meta name=\"robots\" content=\"index, follow, max-snippet:-1, max-image-preview:large, max-video-preview:-1\" \/>\n<link rel=\"canonical\" href=\"https:\/\/cyclingpro.net\/spaziociclismo\/un-anno-fa\/un-anno-fa-vuelta-a-espana-2025-giulio-ciccone-versione-icaro-e-stato-un-errore-seguire-jonas-vingegaard\/\" \/>\n<meta property=\"og:locale\" content=\"it_IT\" \/>\n<meta property=\"og:type\" content=\"article\" \/>\n<meta property=\"og:title\" content=\"Un anno fa... Vuelta a Espa\u00f1a 2025, Giulio Ciccone versione Icaro: &quot;\u00c8 stato un errore seguire Jonas Vingegaard&quot; - SpazioCiclismo\" \/>\n<meta property=\"og:description\" content=\"#UnAnnoFa a #LaVuelta25 l&#039;abruzzese viveva giornate da protagonista, confrontandosi direttamente con chi poi quella corsa l&#039;avrebbe vinta.\" \/>\n<meta property=\"og:url\" content=\"https:\/\/cyclingpro.net\/spaziociclismo\/un-anno-fa\/un-anno-fa-vuelta-a-espana-2025-giulio-ciccone-versione-icaro-e-stato-un-errore-seguire-jonas-vingegaard\/\" \/>\n<meta property=\"og:site_name\" content=\"SpazioCiclismo\" \/>\n<meta property=\"article:publisher\" content=\"https:\/\/www.facebook.com\/SpazioCiclismo\/\" \/>\n<meta property=\"article:published_time\" content=\"2026-09-01T06:00:31+00:00\" \/>\n<meta property=\"og:image\" content=\"https:\/\/cyclingpro.net\/spaziociclismo\/wp-content\/uploads\/2025\/08\/1233328969-scaled.jpg\" \/>\n\t<meta property=\"og:image:width\" content=\"2560\" \/>\n\t<meta property=\"og:image:height\" content=\"1707\" \/>\n\t<meta property=\"og:image:type\" content=\"image\/jpeg\" \/>\n<meta name=\"author\" content=\"Francesco Mitola\" \/>\n<meta name=\"twitter:card\" content=\"summary_large_image\" \/>\n<meta name=\"twitter:creator\" content=\"@spaziociclismo\" \/>\n<meta name=\"twitter:site\" content=\"@spaziociclismo\" \/>\n<meta name=\"twitter:label1\" content=\"Scritto da\" \/>\n\t<meta name=\"twitter:data1\" content=\"Francesco Mitola\" \/>\n\t<meta name=\"twitter:label2\" content=\"Tempo di lettura stimato\" \/>\n\t<meta name=\"twitter:data2\" content=\"2 minuti\" \/>\n<script type=\"application\/ld+json\" class=\"yoast-schema-graph\">{\"@context\":\"https:\\\/\\\/schema.org\",\"@graph\":[{\"@type\":\"Article\",\"@id\":\"https:\\\/\\\/cyclingpro.net\\\/spaziociclismo\\\/un-anno-fa\\\/un-anno-fa-vuelta-a-espana-2025-giulio-ciccone-versione-icaro-e-stato-un-errore-seguire-jonas-vingegaard\\\/#article\",\"isPartOf\":{\"@id\":\"https:\\\/\\\/cyclingpro.net\\\/spaziociclismo\\\/un-anno-fa\\\/un-anno-fa-vuelta-a-espana-2025-giulio-ciccone-versione-icaro-e-stato-un-errore-seguire-jonas-vingegaard\\\/\"},\"author\":{\"name\":\"Francesco Mitola\",\"@id\":\"https:\\\/\\\/cyclingpro.net\\\/spaziociclismo\\\/#\\\/schema\\\/person\\\/627dbc08c9712c25304b059bbb765de8\"},\"headline\":\"Un anno fa&#8230; Vuelta a Espa\u00f1a 2025, Giulio Ciccone versione Icaro: &#8220;\u00c8 stato un errore seguire Jonas Vingegaard&#8221;\",\"datePublished\":\"2026-09-01T06:00:31+00:00\",\"mainEntityOfPage\":{\"@id\":\"https:\\\/\\\/cyclingpro.net\\\/spaziociclismo\\\/un-anno-fa\\\/un-anno-fa-vuelta-a-espana-2025-giulio-ciccone-versione-icaro-e-stato-un-errore-seguire-jonas-vingegaard\\\/\"},\"wordCount\":323,\"commentCount\":0,\"publisher\":{\"@id\":\"https:\\\/\\\/cyclingpro.net\\\/spaziociclismo\\\/#organization\"},\"image\":{\"@id\":\"https:\\\/\\\/cyclingpro.net\\\/spaziociclismo\\\/un-anno-fa\\\/un-anno-fa-vuelta-a-espana-2025-giulio-ciccone-versione-icaro-e-stato-un-errore-seguire-jonas-vingegaard\\\/#primaryimage\"},\"thumbnailUrl\":\"https:\\\/\\\/cyclingpro.net\\\/spaziociclismo\\\/wp-content\\\/uploads\\\/2025\\\/08\\\/1233328969-scaled.jpg\",\"articleSection\":[\"Un anno fa\"],\"inLanguage\":\"it-IT\",\"potentialAction\":[{\"@type\":\"CommentAction\",\"name\":\"Comment\",\"target\":[\"https:\\\/\\\/cyclingpro.net\\\/spaziociclismo\\\/un-anno-fa\\\/un-anno-fa-vuelta-a-espana-2025-giulio-ciccone-versione-icaro-e-stato-un-errore-seguire-jonas-vingegaard\\\/#respond\"]}]},{\"@type\":\"WebPage\",\"@id\":\"https:\\\/\\\/cyclingpro.net\\\/spaziociclismo\\\/un-anno-fa\\\/un-anno-fa-vuelta-a-espana-2025-giulio-ciccone-versione-icaro-e-stato-un-errore-seguire-jonas-vingegaard\\\/\",\"url\":\"https:\\\/\\\/cyclingpro.net\\\/spaziociclismo\\\/un-anno-fa\\\/un-anno-fa-vuelta-a-espana-2025-giulio-ciccone-versione-icaro-e-stato-un-errore-seguire-jonas-vingegaard\\\/\",\"name\":\"Un anno fa... Vuelta a Espa\u00f1a 2025, Giulio Ciccone versione Icaro: \\\"\u00c8 stato un errore seguire Jonas Vingegaard\\\" - SpazioCiclismo\",\"isPartOf\":{\"@id\":\"https:\\\/\\\/cyclingpro.net\\\/spaziociclismo\\\/#website\"},\"primaryImageOfPage\":{\"@id\":\"https:\\\/\\\/cyclingpro.net\\\/spaziociclismo\\\/un-anno-fa\\\/un-anno-fa-vuelta-a-espana-2025-giulio-ciccone-versione-icaro-e-stato-un-errore-seguire-jonas-vingegaard\\\/#primaryimage\"},\"image\":{\"@id\":\"https:\\\/\\\/cyclingpro.net\\\/spaziociclismo\\\/un-anno-fa\\\/un-anno-fa-vuelta-a-espana-2025-giulio-ciccone-versione-icaro-e-stato-un-errore-seguire-jonas-vingegaard\\\/#primaryimage\"},\"thumbnailUrl\":\"https:\\\/\\\/cyclingpro.net\\\/spaziociclismo\\\/wp-content\\\/uploads\\\/2025\\\/08\\\/1233328969-scaled.jpg\",\"datePublished\":\"2026-09-01T06:00:31+00:00\",\"breadcrumb\":{\"@id\":\"https:\\\/\\\/cyclingpro.net\\\/spaziociclismo\\\/un-anno-fa\\\/un-anno-fa-vuelta-a-espana-2025-giulio-ciccone-versione-icaro-e-stato-un-errore-seguire-jonas-vingegaard\\\/#breadcrumb\"},\"inLanguage\":\"it-IT\",\"potentialAction\":[{\"@type\":\"ReadAction\",\"target\":[\"https:\\\/\\\/cyclingpro.net\\\/spaziociclismo\\\/un-anno-fa\\\/un-anno-fa-vuelta-a-espana-2025-giulio-ciccone-versione-icaro-e-stato-un-errore-seguire-jonas-vingegaard\\\/\"]}]},{\"@type\":\"ImageObject\",\"inLanguage\":\"it-IT\",\"@id\":\"https:\\\/\\\/cyclingpro.net\\\/spaziociclismo\\\/un-anno-fa\\\/un-anno-fa-vuelta-a-espana-2025-giulio-ciccone-versione-icaro-e-stato-un-errore-seguire-jonas-vingegaard\\\/#primaryimage\",\"url\":\"https:\\\/\\\/cyclingpro.net\\\/spaziociclismo\\\/wp-content\\\/uploads\\\/2025\\\/08\\\/1233328969-scaled.jpg\",\"contentUrl\":\"https:\\\/\\\/cyclingpro.net\\\/spaziociclismo\\\/wp-content\\\/uploads\\\/2025\\\/08\\\/1233328969-scaled.jpg\",\"width\":2560,\"height\":1707,\"caption\":\"\u00a9 Sirotti\"},{\"@type\":\"BreadcrumbList\",\"@id\":\"https:\\\/\\\/cyclingpro.net\\\/spaziociclismo\\\/un-anno-fa\\\/un-anno-fa-vuelta-a-espana-2025-giulio-ciccone-versione-icaro-e-stato-un-errore-seguire-jonas-vingegaard\\\/#breadcrumb\",\"itemListElement\":[{\"@type\":\"ListItem\",\"position\":1,\"name\":\"Home\",\"item\":\"https:\\\/\\\/cyclingpro.net\\\/spaziociclismo\\\/\"},{\"@type\":\"ListItem\",\"position\":2,\"name\":\"Un anno fa&#8230; Vuelta a Espa\u00f1a 2025, Giulio Ciccone versione Icaro: &#8220;\u00c8 stato un errore seguire Jonas Vingegaard&#8221;\"}]},{\"@type\":\"WebSite\",\"@id\":\"https:\\\/\\\/cyclingpro.net\\\/spaziociclismo\\\/#website\",\"url\":\"https:\\\/\\\/cyclingpro.net\\\/spaziociclismo\\\/\",\"name\":\"SpazioCiclismo\",\"description\":\"Tutto il ciclismo minuto per minuto\",\"publisher\":{\"@id\":\"https:\\\/\\\/cyclingpro.net\\\/spaziociclismo\\\/#organization\"},\"potentialAction\":[{\"@type\":\"SearchAction\",\"target\":{\"@type\":\"EntryPoint\",\"urlTemplate\":\"https:\\\/\\\/cyclingpro.net\\\/spaziociclismo\\\/?s={search_term_string}\"},\"query-input\":{\"@type\":\"PropertyValueSpecification\",\"valueRequired\":true,\"valueName\":\"search_term_string\"}}],\"inLanguage\":\"it-IT\"},{\"@type\":\"Organization\",\"@id\":\"https:\\\/\\\/cyclingpro.net\\\/spaziociclismo\\\/#organization\",\"name\":\"SpazioCiclismo\",\"url\":\"https:\\\/\\\/cyclingpro.net\\\/spaziociclismo\\\/\",\"logo\":{\"@type\":\"ImageObject\",\"inLanguage\":\"it-IT\",\"@id\":\"https:\\\/\\\/cyclingpro.net\\\/spaziociclismo\\\/#\\\/schema\\\/logo\\\/image\\\/\",\"url\":\"https:\\\/\\\/cyclingpro.net\\\/spaziociclismo\\\/wp-content\\\/uploads\\\/2017\\\/02\\\/SpazioCiclismo-Logo-Quadrato.png\",\"contentUrl\":\"https:\\\/\\\/cyclingpro.net\\\/spaziociclismo\\\/wp-content\\\/uploads\\\/2017\\\/02\\\/SpazioCiclismo-Logo-Quadrato.png\",\"width\":450,\"height\":450,\"caption\":\"SpazioCiclismo\"},\"image\":{\"@id\":\"https:\\\/\\\/cyclingpro.net\\\/spaziociclismo\\\/#\\\/schema\\\/logo\\\/image\\\/\"},\"sameAs\":[\"https:\\\/\\\/www.facebook.com\\\/SpazioCiclismo\\\/\",\"https:\\\/\\\/x.com\\\/spaziociclismo\",\"https:\\\/\\\/www.instagram.com\\\/spaziociclismo\\\/\"]},{\"@type\":\"Person\",\"@id\":\"https:\\\/\\\/cyclingpro.net\\\/spaziociclismo\\\/#\\\/schema\\\/person\\\/627dbc08c9712c25304b059bbb765de8\",\"name\":\"Francesco Mitola\",\"image\":{\"@type\":\"ImageObject\",\"inLanguage\":\"it-IT\",\"@id\":\"https:\\\/\\\/secure.gravatar.com\\\/avatar\\\/dc58a640368550cd17129d2ff185eec5cb2821b7c3403fc06dcaca847ae762d3?s=96&d=mm&r=g\",\"url\":\"https:\\\/\\\/secure.gravatar.com\\\/avatar\\\/dc58a640368550cd17129d2ff185eec5cb2821b7c3403fc06dcaca847ae762d3?s=96&d=mm&r=g\",\"contentUrl\":\"https:\\\/\\\/secure.gravatar.com\\\/avatar\\\/dc58a640368550cd17129d2ff185eec5cb2821b7c3403fc06dcaca847ae762d3?s=96&d=mm&r=g\",\"caption\":\"Francesco Mitola\"},\"url\":\"https:\\\/\\\/cyclingpro.net\\\/spaziociclismo\\\/author\\\/fmitola\\\/\"}]}<\/script>\n<!-- \/ Yoast SEO plugin. -->","yoast_head_json":{"title":"Un anno fa... Vuelta a Espa\u00f1a 2025, Giulio Ciccone versione Icaro: \"\u00c8 stato un errore seguire Jonas Vingegaard\" - SpazioCiclismo","robots":{"index":"index","follow":"follow","max-snippet":"max-snippet:-1","max-image-preview":"max-image-preview:large","max-video-preview":"max-video-preview:-1"},"canonical":"https:\/\/cyclingpro.net\/spaziociclismo\/un-anno-fa\/un-anno-fa-vuelta-a-espana-2025-giulio-ciccone-versione-icaro-e-stato-un-errore-seguire-jonas-vingegaard\/","og_locale":"it_IT","og_type":"article","og_title":"Un anno fa... Vuelta a Espa\u00f1a 2025, Giulio Ciccone versione Icaro: \"\u00c8 stato un errore seguire Jonas Vingegaard\" - SpazioCiclismo","og_description":"#UnAnnoFa a #LaVuelta25 l'abruzzese viveva giornate da protagonista, confrontandosi direttamente con chi poi quella corsa l'avrebbe vinta.","og_url":"https:\/\/cyclingpro.net\/spaziociclismo\/un-anno-fa\/un-anno-fa-vuelta-a-espana-2025-giulio-ciccone-versione-icaro-e-stato-un-errore-seguire-jonas-vingegaard\/","og_site_name":"SpazioCiclismo","article_publisher":"https:\/\/www.facebook.com\/SpazioCiclismo\/","article_published_time":"2026-09-01T06:00:31+00:00","og_image":[{"width":2560,"height":1707,"url":"https:\/\/cyclingpro.net\/spaziociclismo\/wp-content\/uploads\/2025\/08\/1233328969-scaled.jpg","type":"image\/jpeg"}],"author":"Francesco Mitola","twitter_card":"summary_large_image","twitter_creator":"@spaziociclismo","twitter_site":"@spaziociclismo","twitter_misc":{"Scritto da":"Francesco Mitola","Tempo di lettura stimato":"2 minuti"},"schema":{"@context":"https:\/\/schema.org","@graph":[{"@type":"Article","@id":"https:\/\/cyclingpro.net\/spaziociclismo\/un-anno-fa\/un-anno-fa-vuelta-a-espana-2025-giulio-ciccone-versione-icaro-e-stato-un-errore-seguire-jonas-vingegaard\/#article","isPartOf":{"@id":"https:\/\/cyclingpro.net\/spaziociclismo\/un-anno-fa\/un-anno-fa-vuelta-a-espana-2025-giulio-ciccone-versione-icaro-e-stato-un-errore-seguire-jonas-vingegaard\/"},"author":{"name":"Francesco Mitola","@id":"https:\/\/cyclingpro.net\/spaziociclismo\/#\/schema\/person\/627dbc08c9712c25304b059bbb765de8"},"headline":"Un anno fa&#8230; Vuelta a Espa\u00f1a 2025, Giulio Ciccone versione Icaro: &#8220;\u00c8 stato un errore seguire Jonas Vingegaard&#8221;","datePublished":"2026-09-01T06:00:31+00:00","mainEntityOfPage":{"@id":"https:\/\/cyclingpro.net\/spaziociclismo\/un-anno-fa\/un-anno-fa-vuelta-a-espana-2025-giulio-ciccone-versione-icaro-e-stato-un-errore-seguire-jonas-vingegaard\/"},"wordCount":323,"commentCount":0,"publisher":{"@id":"https:\/\/cyclingpro.net\/spaziociclismo\/#organization"},"image":{"@id":"https:\/\/cyclingpro.net\/spaziociclismo\/un-anno-fa\/un-anno-fa-vuelta-a-espana-2025-giulio-ciccone-versione-icaro-e-stato-un-errore-seguire-jonas-vingegaard\/#primaryimage"},"thumbnailUrl":"https:\/\/cyclingpro.net\/spaziociclismo\/wp-content\/uploads\/2025\/08\/1233328969-scaled.jpg","articleSection":["Un anno fa"],"inLanguage":"it-IT","potentialAction":[{"@type":"CommentAction","name":"Comment","target":["https:\/\/cyclingpro.net\/spaziociclismo\/un-anno-fa\/un-anno-fa-vuelta-a-espana-2025-giulio-ciccone-versione-icaro-e-stato-un-errore-seguire-jonas-vingegaard\/#respond"]}]},{"@type":"WebPage","@id":"https:\/\/cyclingpro.net\/spaziociclismo\/un-anno-fa\/un-anno-fa-vuelta-a-espana-2025-giulio-ciccone-versione-icaro-e-stato-un-errore-seguire-jonas-vingegaard\/","url":"https:\/\/cyclingpro.net\/spaziociclismo\/un-anno-fa\/un-anno-fa-vuelta-a-espana-2025-giulio-ciccone-versione-icaro-e-stato-un-errore-seguire-jonas-vingegaard\/","name":"Un anno fa... Vuelta a Espa\u00f1a 2025, Giulio Ciccone versione Icaro: \"\u00c8 stato un errore seguire Jonas Vingegaard\" - SpazioCiclismo","isPartOf":{"@id":"https:\/\/cyclingpro.net\/spaziociclismo\/#website"},"primaryImageOfPage":{"@id":"https:\/\/cyclingpro.net\/spaziociclismo\/un-anno-fa\/un-anno-fa-vuelta-a-espana-2025-giulio-ciccone-versione-icaro-e-stato-un-errore-seguire-jonas-vingegaard\/#primaryimage"},"image":{"@id":"https:\/\/cyclingpro.net\/spaziociclismo\/un-anno-fa\/un-anno-fa-vuelta-a-espana-2025-giulio-ciccone-versione-icaro-e-stato-un-errore-seguire-jonas-vingegaard\/#primaryimage"},"thumbnailUrl":"https:\/\/cyclingpro.net\/spaziociclismo\/wp-content\/uploads\/2025\/08\/1233328969-scaled.jpg","datePublished":"2026-09-01T06:00:31+00:00","breadcrumb":{"@id":"https:\/\/cyclingpro.net\/spaziociclismo\/un-anno-fa\/un-anno-fa-vuelta-a-espana-2025-giulio-ciccone-versione-icaro-e-stato-un-errore-seguire-jonas-vingegaard\/#breadcrumb"},"inLanguage":"it-IT","potentialAction":[{"@type":"ReadAction","target":["https:\/\/cyclingpro.net\/spaziociclismo\/un-anno-fa\/un-anno-fa-vuelta-a-espana-2025-giulio-ciccone-versione-icaro-e-stato-un-errore-seguire-jonas-vingegaard\/"]}]},{"@type":"ImageObject","inLanguage":"it-IT","@id":"https:\/\/cyclingpro.net\/spaziociclismo\/un-anno-fa\/un-anno-fa-vuelta-a-espana-2025-giulio-ciccone-versione-icaro-e-stato-un-errore-seguire-jonas-vingegaard\/#primaryimage","url":"https:\/\/cyclingpro.net\/spaziociclismo\/wp-content\/uploads\/2025\/08\/1233328969-scaled.jpg","contentUrl":"https:\/\/cyclingpro.net\/spaziociclismo\/wp-content\/uploads\/2025\/08\/1233328969-scaled.jpg","width":2560,"height":1707,"caption":"\u00a9 Sirotti"},{"@type":"BreadcrumbList","@id":"https:\/\/cyclingpro.net\/spaziociclismo\/un-anno-fa\/un-anno-fa-vuelta-a-espana-2025-giulio-ciccone-versione-icaro-e-stato-un-errore-seguire-jonas-vingegaard\/#breadcrumb","itemListElement":[{"@type":"ListItem","position":1,"name":"Home","item":"https:\/\/cyclingpro.net\/spaziociclismo\/"},{"@type":"ListItem","position":2,"name":"Un anno fa&#8230; Vuelta a Espa\u00f1a 2025, Giulio Ciccone versione Icaro: &#8220;\u00c8 stato un errore seguire Jonas Vingegaard&#8221;"}]},{"@type":"WebSite","@id":"https:\/\/cyclingpro.net\/spaziociclismo\/#website","url":"https:\/\/cyclingpro.net\/spaziociclismo\/","name":"SpazioCiclismo","description":"Tutto il ciclismo minuto per minuto","publisher":{"@id":"https:\/\/cyclingpro.net\/spaziociclismo\/#organization"},"potentialAction":[{"@type":"SearchAction","target":{"@type":"EntryPoint","urlTemplate":"https:\/\/cyclingpro.net\/spaziociclismo\/?s={search_term_string}"},"query-input":{"@type":"PropertyValueSpecification","valueRequired":true,"valueName":"search_term_string"}}],"inLanguage":"it-IT"},{"@type":"Organization","@id":"https:\/\/cyclingpro.net\/spaziociclismo\/#organization","name":"SpazioCiclismo","url":"https:\/\/cyclingpro.net\/spaziociclismo\/","logo":{"@type":"ImageObject","inLanguage":"it-IT","@id":"https:\/\/cyclingpro.net\/spaziociclismo\/#\/schema\/logo\/image\/","url":"https:\/\/cyclingpro.net\/spaziociclismo\/wp-content\/uploads\/2017\/02\/SpazioCiclismo-Logo-Quadrato.png","contentUrl":"https:\/\/cyclingpro.net\/spaziociclismo\/wp-content\/uploads\/2017\/02\/SpazioCiclismo-Logo-Quadrato.png","width":450,"height":450,"caption":"SpazioCiclismo"},"image":{"@id":"https:\/\/cyclingpro.net\/spaziociclismo\/#\/schema\/logo\/image\/"},"sameAs":["https:\/\/www.facebook.com\/SpazioCiclismo\/","https:\/\/x.com\/spaziociclismo","https:\/\/www.instagram.com\/spaziociclismo\/"]},{"@type":"Person","@id":"https:\/\/cyclingpro.net\/spaziociclismo\/#\/schema\/person\/627dbc08c9712c25304b059bbb765de8","name":"Francesco Mitola","image":{"@type":"ImageObject","inLanguage":"it-IT","@id":"https:\/\/secure.gravatar.com\/avatar\/dc58a640368550cd17129d2ff185eec5cb2821b7c3403fc06dcaca847ae762d3?s=96&d=mm&r=g","url":"https:\/\/secure.gravatar.com\/avatar\/dc58a640368550cd17129d2ff185eec5cb2821b7c3403fc06dcaca847ae762d3?s=96&d=mm&r=g","contentUrl":"https:\/\/secure.gravatar.com\/avatar\/dc58a640368550cd17129d2ff185eec5cb2821b7c3403fc06dcaca847ae762d3?s=96&d=mm&r=g","caption":"Francesco Mitola"},"url":"https:\/\/cyclingpro.net\/spaziociclismo\/author\/fmitola\/"}]}},"_links":{"self":[{"href":"https:\/\/cyclingpro.net\/spaziociclismo\/wp-json\/wp\/v2\/posts\/393091","targetHints":{"allow":["GET"]}}],"collection":[{"href":"https:\/\/cyclingpro.net\/spaziociclismo\/wp-json\/wp\/v2\/posts"}],"about":[{"href":"https:\/\/cyclingpro.net\/spaziociclismo\/wp-json\/wp\/v2\/types\/post"}],"author":[{"embeddable":true,"href":"https:\/\/cyclingpro.net\/spaziociclismo\/wp-json\/wp\/v2\/users\/25"}],"replies":[{"embeddable":true,"href":"https:\/\/cyclingpro.net\/spaziociclismo\/wp-json\/wp\/v2\/comments?post=393091"}],"version-history":[{"count":1,"href":"https:\/\/cyclingpro.net\/spaziociclismo\/wp-json\/wp\/v2\/posts\/393091\/revisions"}],"predecessor-version":[{"id":393092,"href":"https:\/\/cyclingpro.net\/spaziociclismo\/wp-json\/wp\/v2\/posts\/393091\/revisions\/393092"}],"wp:featuredmedia":[{"embeddable":true,"href":"https:\/\/cyclingpro.net\/spaziociclismo\/wp-json\/wp\/v2\/media\/345384"}],"wp:attachment":[{"href":"https:\/\/cyclingpro.net\/spaziociclismo\/wp-json\/wp\/v2\/media?parent=393091"}],"wp:term":[{"taxonomy":"category","embeddable":true,"href":"https:\/\/cyclingpro.net\/spaziociclismo\/wp-json\/wp\/v2\/categories?post=393091"},{"taxonomy":"post_tag","embeddable":true,"href":"https:\/\/cyclingpro.net\/spaziociclismo\/wp-json\/wp\/v2\/tags?post=393091"}],"curies":[{"name":"wp","href":"https:\/\/api.w.org\/{rel}","templated":true}]}}