{"id":393088,"date":"2026-08-31T20:49:44","date_gmt":"2026-08-31T18:49:44","guid":{"rendered":"https:\/\/cyclingpro.net\/spaziociclismo\/?p=393088"},"modified":"2026-08-31T20:50:30","modified_gmt":"2026-08-31T18:50:30","slug":"uae-team-emirates-xrg-tadej-pogacar-operato-con-successo-alla-clavicola-sinistra","status":"publish","type":"post","link":"https:\/\/cyclingpro.net\/spaziociclismo\/worldtour\/uae-team-emirates-xrg-tadej-pogacar-operato-con-successo-alla-clavicola-sinistra\/","title":{"rendered":"UAE Team Emirates &#8211; XRG, Tadej Poga\u010dar operato con successo alla clavicola sinistra"},"content":{"rendered":"<p style=\"font-weight: 400;\"><strong>Tadej Poga\u010dar<\/strong> \u00e8 stato sottoposto quest\u2019oggi all\u2019<strong>intervento chirurgico alla clavicola sinistra<\/strong>. Come confermato dal direttore medico della <strong>UAE Team Emirates \u2013 XRG<\/strong>, <strong>Adrian Rotunno<\/strong>, nel pomeriggio \u00e8 arrivato il via libera per procedere all\u2019operazione che si \u00e8 conclusa con successo. Dalle ultime indiscrezioni <a href=\"https:\/\/cyclingpro.net\/spaziociclismo\/worldtour\/uae-team-emirates-xrg-mauro-gianetti-aggiorna-sulle-condizioni-di-tadej-pogacar-domani-lo-operano-e-presto-per-capire-se-correra-il-finale-di-stagione\/\">sembrava che l\u2019intervento dovesse svolgersi nelle prossime giornate<\/a>, ma l\u2019equipe medica ha deciso di anticipare i tempi. Il Campione del Mondo in carica, caduto e ritiratosi sabato nel corso dell\u2019ottava tappa della <strong>Vuelta a Espa\u00f1a 2026<\/strong>, rester\u00e0 in ospedale a Barcellona per qualche altro giorno sotto osservazione prima di esser dimesso.<\/p>\n<p style=\"font-weight: 400;\">\u201c<strong>Quando sar\u00e0 pronto, Tadej torner\u00e0 a casa per iniziare il percorso di recupero e riabilitazione<\/strong>, sotto la supervisione dello staff medico della squadra. Continueremo a monitorare i suoi progressi attentamente lungo il processo di recupero\u201d, ha concluso il dottor Rotunno nel comunicato della squadra. Al momento non si \u00e8 parlato di quali potrebbero essere i tempi per un ritorno alle competizioni, bisogner\u00e0 aspettare ancora qualche giorno.<\/p>\n","protected":false},"excerpt":{"rendered":"<p>Tadej Poga\u010dar \u00e8 stato operato questo pomeriggio alla clavicola sinistra. Lo sloveno si era ritirato sabato da\u00a0#LaVuelta26 dopo una brutta caduta<\/p>\n","protected":false},"author":4,"featured_media":392719,"comment_status":"open","ping_status":"closed","sticky":false,"template":"","format":"standard","meta":{"footnotes":"","_members_access_role":[],"_members_access_error":""},"categories":[21,6589,25],"tags":[2166,6779],"class_list":["post-393088","post","type-post","status-publish","format-standard","has-post-thumbnail","hentry","category-vetrina","category-vuelta-2026","category-worldtour","tag-tadej-pogacar","tag-uae-team-emirates-xrg-2026"],"yoast_head":"<!-- This site is optimized with the Yoast SEO plugin v28.3 - https:\/\/yoast.com\/product\/yoast-seo-wordpress\/ -->\n<title>UAE Team Emirates - XRG, Tadej Poga\u010dar operato con successo alla clavicola sinistra - SpazioCiclismo<\/title>\n<meta name=\"robots\" content=\"index, follow, max-snippet:-1, max-image-preview:large, max-video-preview:-1\" \/>\n<link rel=\"canonical\" href=\"https:\/\/cyclingpro.net\/spaziociclismo\/vetrina\/uae-team-emirates-xrg-tadej-pogacar-operato-con-successo-alla-clavicola-sinistra\/\" \/>\n<meta property=\"og:locale\" content=\"it_IT\" \/>\n<meta property=\"og:type\" content=\"article\" \/>\n<meta property=\"og:title\" content=\"UAE Team Emirates - XRG, Tadej Poga\u010dar operato con successo alla clavicola sinistra - SpazioCiclismo\" \/>\n<meta property=\"og:description\" content=\"Tadej Poga\u010dar \u00e8 stato operato questo pomeriggio alla clavicola sinistra. Lo sloveno si era ritirato sabato da\u00a0#LaVuelta26 dopo una brutta caduta\" \/>\n<meta property=\"og:url\" content=\"https:\/\/cyclingpro.net\/spaziociclismo\/vetrina\/uae-team-emirates-xrg-tadej-pogacar-operato-con-successo-alla-clavicola-sinistra\/\" \/>\n<meta property=\"og:site_name\" content=\"SpazioCiclismo\" \/>\n<meta property=\"article:publisher\" content=\"https:\/\/www.facebook.com\/SpazioCiclismo\/\" \/>\n<meta property=\"article:published_time\" content=\"2026-08-31T18:49:44+00:00\" \/>\n<meta property=\"article:modified_time\" content=\"2026-08-31T18:50:30+00:00\" \/>\n<meta property=\"og:image\" content=\"https:\/\/cyclingpro.net\/spaziociclismo\/wp-content\/uploads\/2026\/08\/Ritiro-Pogacar-Vuelta-2026.png\" \/>\n\t<meta property=\"og:image:width\" content=\"1022\" \/>\n\t<meta property=\"og:image:height\" content=\"581\" \/>\n\t<meta property=\"og:image:type\" content=\"image\/png\" \/>\n<meta name=\"author\" content=\"Luca Pellegrini\" \/>\n<meta name=\"twitter:card\" content=\"summary_large_image\" \/>\n<meta name=\"twitter:creator\" content=\"@spaziociclismo\" \/>\n<meta name=\"twitter:site\" content=\"@spaziociclismo\" \/>\n<meta name=\"twitter:label1\" content=\"Scritto da\" \/>\n\t<meta name=\"twitter:data1\" content=\"Luca Pellegrini\" \/>\n\t<meta name=\"twitter:label2\" content=\"Tempo di lettura stimato\" \/>\n\t<meta name=\"twitter:data2\" content=\"2 minuti\" \/>\n<script type=\"application\/ld+json\" class=\"yoast-schema-graph\">{\"@context\":\"https:\\\/\\\/schema.org\",\"@graph\":[{\"@type\":\"Article\",\"@id\":\"https:\\\/\\\/cyclingpro.net\\\/spaziociclismo\\\/vetrina\\\/uae-team-emirates-xrg-tadej-pogacar-operato-con-successo-alla-clavicola-sinistra\\\/#article\",\"isPartOf\":{\"@id\":\"https:\\\/\\\/cyclingpro.net\\\/spaziociclismo\\\/vetrina\\\/uae-team-emirates-xrg-tadej-pogacar-operato-con-successo-alla-clavicola-sinistra\\\/\"},\"author\":{\"name\":\"Luca Pellegrini\",\"@id\":\"https:\\\/\\\/cyclingpro.net\\\/spaziociclismo\\\/#\\\/schema\\\/person\\\/dba3a57e86bb6baefba5acbf905f8801\"},\"headline\":\"UAE Team Emirates &#8211; XRG, Tadej Poga\u010dar operato con successo alla clavicola sinistra\",\"datePublished\":\"2026-08-31T18:49:44+00:00\",\"dateModified\":\"2026-08-31T18:50:30+00:00\",\"mainEntityOfPage\":{\"@id\":\"https:\\\/\\\/cyclingpro.net\\\/spaziociclismo\\\/vetrina\\\/uae-team-emirates-xrg-tadej-pogacar-operato-con-successo-alla-clavicola-sinistra\\\/\"},\"wordCount\":176,\"commentCount\":0,\"publisher\":{\"@id\":\"https:\\\/\\\/cyclingpro.net\\\/spaziociclismo\\\/#organization\"},\"image\":{\"@id\":\"https:\\\/\\\/cyclingpro.net\\\/spaziociclismo\\\/vetrina\\\/uae-team-emirates-xrg-tadej-pogacar-operato-con-successo-alla-clavicola-sinistra\\\/#primaryimage\"},\"thumbnailUrl\":\"https:\\\/\\\/cyclingpro.net\\\/spaziociclismo\\\/wp-content\\\/uploads\\\/2026\\\/08\\\/Ritiro-Pogacar-Vuelta-2026.png\",\"keywords\":[\"Tadej Poga\u010dar\",\"UAE Team Emirates XRG 2026\"],\"articleSection\":[\"Vetrina\",\"Vuelta 2026\",\"WorldTour\"],\"inLanguage\":\"it-IT\",\"potentialAction\":[{\"@type\":\"CommentAction\",\"name\":\"Comment\",\"target\":[\"https:\\\/\\\/cyclingpro.net\\\/spaziociclismo\\\/vetrina\\\/uae-team-emirates-xrg-tadej-pogacar-operato-con-successo-alla-clavicola-sinistra\\\/#respond\"]}]},{\"@type\":\"WebPage\",\"@id\":\"https:\\\/\\\/cyclingpro.net\\\/spaziociclismo\\\/vetrina\\\/uae-team-emirates-xrg-tadej-pogacar-operato-con-successo-alla-clavicola-sinistra\\\/\",\"url\":\"https:\\\/\\\/cyclingpro.net\\\/spaziociclismo\\\/vetrina\\\/uae-team-emirates-xrg-tadej-pogacar-operato-con-successo-alla-clavicola-sinistra\\\/\",\"name\":\"UAE Team Emirates - XRG, Tadej Poga\u010dar operato con successo alla clavicola sinistra - SpazioCiclismo\",\"isPartOf\":{\"@id\":\"https:\\\/\\\/cyclingpro.net\\\/spaziociclismo\\\/#website\"},\"primaryImageOfPage\":{\"@id\":\"https:\\\/\\\/cyclingpro.net\\\/spaziociclismo\\\/vetrina\\\/uae-team-emirates-xrg-tadej-pogacar-operato-con-successo-alla-clavicola-sinistra\\\/#primaryimage\"},\"image\":{\"@id\":\"https:\\\/\\\/cyclingpro.net\\\/spaziociclismo\\\/vetrina\\\/uae-team-emirates-xrg-tadej-pogacar-operato-con-successo-alla-clavicola-sinistra\\\/#primaryimage\"},\"thumbnailUrl\":\"https:\\\/\\\/cyclingpro.net\\\/spaziociclismo\\\/wp-content\\\/uploads\\\/2026\\\/08\\\/Ritiro-Pogacar-Vuelta-2026.png\",\"datePublished\":\"2026-08-31T18:49:44+00:00\",\"dateModified\":\"2026-08-31T18:50:30+00:00\",\"breadcrumb\":{\"@id\":\"https:\\\/\\\/cyclingpro.net\\\/spaziociclismo\\\/vetrina\\\/uae-team-emirates-xrg-tadej-pogacar-operato-con-successo-alla-clavicola-sinistra\\\/#breadcrumb\"},\"inLanguage\":\"it-IT\",\"potentialAction\":[{\"@type\":\"ReadAction\",\"target\":[\"https:\\\/\\\/cyclingpro.net\\\/spaziociclismo\\\/vetrina\\\/uae-team-emirates-xrg-tadej-pogacar-operato-con-successo-alla-clavicola-sinistra\\\/\"]}]},{\"@type\":\"ImageObject\",\"inLanguage\":\"it-IT\",\"@id\":\"https:\\\/\\\/cyclingpro.net\\\/spaziociclismo\\\/vetrina\\\/uae-team-emirates-xrg-tadej-pogacar-operato-con-successo-alla-clavicola-sinistra\\\/#primaryimage\",\"url\":\"https:\\\/\\\/cyclingpro.net\\\/spaziociclismo\\\/wp-content\\\/uploads\\\/2026\\\/08\\\/Ritiro-Pogacar-Vuelta-2026.png\",\"contentUrl\":\"https:\\\/\\\/cyclingpro.net\\\/spaziociclismo\\\/wp-content\\\/uploads\\\/2026\\\/08\\\/Ritiro-Pogacar-Vuelta-2026.png\",\"width\":1022,\"height\":581},{\"@type\":\"BreadcrumbList\",\"@id\":\"https:\\\/\\\/cyclingpro.net\\\/spaziociclismo\\\/vetrina\\\/uae-team-emirates-xrg-tadej-pogacar-operato-con-successo-alla-clavicola-sinistra\\\/#breadcrumb\",\"itemListElement\":[{\"@type\":\"ListItem\",\"position\":1,\"name\":\"Home\",\"item\":\"https:\\\/\\\/cyclingpro.net\\\/spaziociclismo\\\/\"},{\"@type\":\"ListItem\",\"position\":2,\"name\":\"UAE Team Emirates &#8211; XRG, Tadej Poga\u010dar operato con successo alla clavicola sinistra\"}]},{\"@type\":\"WebSite\",\"@id\":\"https:\\\/\\\/cyclingpro.net\\\/spaziociclismo\\\/#website\",\"url\":\"https:\\\/\\\/cyclingpro.net\\\/spaziociclismo\\\/\",\"name\":\"SpazioCiclismo\",\"description\":\"Tutto il ciclismo minuto per minuto\",\"publisher\":{\"@id\":\"https:\\\/\\\/cyclingpro.net\\\/spaziociclismo\\\/#organization\"},\"potentialAction\":[{\"@type\":\"SearchAction\",\"target\":{\"@type\":\"EntryPoint\",\"urlTemplate\":\"https:\\\/\\\/cyclingpro.net\\\/spaziociclismo\\\/?s={search_term_string}\"},\"query-input\":{\"@type\":\"PropertyValueSpecification\",\"valueRequired\":true,\"valueName\":\"search_term_string\"}}],\"inLanguage\":\"it-IT\"},{\"@type\":\"Organization\",\"@id\":\"https:\\\/\\\/cyclingpro.net\\\/spaziociclismo\\\/#organization\",\"name\":\"SpazioCiclismo\",\"url\":\"https:\\\/\\\/cyclingpro.net\\\/spaziociclismo\\\/\",\"logo\":{\"@type\":\"ImageObject\",\"inLanguage\":\"it-IT\",\"@id\":\"https:\\\/\\\/cyclingpro.net\\\/spaziociclismo\\\/#\\\/schema\\\/logo\\\/image\\\/\",\"url\":\"https:\\\/\\\/cyclingpro.net\\\/spaziociclismo\\\/wp-content\\\/uploads\\\/2017\\\/02\\\/SpazioCiclismo-Logo-Quadrato.png\",\"contentUrl\":\"https:\\\/\\\/cyclingpro.net\\\/spaziociclismo\\\/wp-content\\\/uploads\\\/2017\\\/02\\\/SpazioCiclismo-Logo-Quadrato.png\",\"width\":450,\"height\":450,\"caption\":\"SpazioCiclismo\"},\"image\":{\"@id\":\"https:\\\/\\\/cyclingpro.net\\\/spaziociclismo\\\/#\\\/schema\\\/logo\\\/image\\\/\"},\"sameAs\":[\"https:\\\/\\\/www.facebook.com\\\/SpazioCiclismo\\\/\",\"https:\\\/\\\/x.com\\\/spaziociclismo\",\"https:\\\/\\\/www.instagram.com\\\/spaziociclismo\\\/\"]},{\"@type\":\"Person\",\"@id\":\"https:\\\/\\\/cyclingpro.net\\\/spaziociclismo\\\/#\\\/schema\\\/person\\\/dba3a57e86bb6baefba5acbf905f8801\",\"name\":\"Luca Pellegrini\",\"image\":{\"@type\":\"ImageObject\",\"inLanguage\":\"it-IT\",\"@id\":\"https:\\\/\\\/secure.gravatar.com\\\/avatar\\\/e233a6b2a31aba774a86fc0121b1a3bd7f6e7d1a4d2162cde93df050675351b8?s=96&d=mm&r=g\",\"url\":\"https:\\\/\\\/secure.gravatar.com\\\/avatar\\\/e233a6b2a31aba774a86fc0121b1a3bd7f6e7d1a4d2162cde93df050675351b8?s=96&d=mm&r=g\",\"contentUrl\":\"https:\\\/\\\/secure.gravatar.com\\\/avatar\\\/e233a6b2a31aba774a86fc0121b1a3bd7f6e7d1a4d2162cde93df050675351b8?s=96&d=mm&r=g\",\"caption\":\"Luca Pellegrini\"},\"url\":\"https:\\\/\\\/cyclingpro.net\\\/spaziociclismo\\\/author\\\/lpellegrini\\\/\"}]}<\/script>\n<!-- \/ Yoast SEO plugin. -->","yoast_head_json":{"title":"UAE Team Emirates - XRG, Tadej Poga\u010dar operato con successo alla clavicola sinistra - SpazioCiclismo","robots":{"index":"index","follow":"follow","max-snippet":"max-snippet:-1","max-image-preview":"max-image-preview:large","max-video-preview":"max-video-preview:-1"},"canonical":"https:\/\/cyclingpro.net\/spaziociclismo\/vetrina\/uae-team-emirates-xrg-tadej-pogacar-operato-con-successo-alla-clavicola-sinistra\/","og_locale":"it_IT","og_type":"article","og_title":"UAE Team Emirates - XRG, Tadej Poga\u010dar operato con successo alla clavicola sinistra - SpazioCiclismo","og_description":"Tadej Poga\u010dar \u00e8 stato operato questo pomeriggio alla clavicola sinistra. Lo sloveno si era ritirato sabato da\u00a0#LaVuelta26 dopo una brutta caduta","og_url":"https:\/\/cyclingpro.net\/spaziociclismo\/vetrina\/uae-team-emirates-xrg-tadej-pogacar-operato-con-successo-alla-clavicola-sinistra\/","og_site_name":"SpazioCiclismo","article_publisher":"https:\/\/www.facebook.com\/SpazioCiclismo\/","article_published_time":"2026-08-31T18:49:44+00:00","article_modified_time":"2026-08-31T18:50:30+00:00","og_image":[{"width":1022,"height":581,"url":"https:\/\/cyclingpro.net\/spaziociclismo\/wp-content\/uploads\/2026\/08\/Ritiro-Pogacar-Vuelta-2026.png","type":"image\/png"}],"author":"Luca Pellegrini","twitter_card":"summary_large_image","twitter_creator":"@spaziociclismo","twitter_site":"@spaziociclismo","twitter_misc":{"Scritto da":"Luca Pellegrini","Tempo di lettura stimato":"2 minuti"},"schema":{"@context":"https:\/\/schema.org","@graph":[{"@type":"Article","@id":"https:\/\/cyclingpro.net\/spaziociclismo\/vetrina\/uae-team-emirates-xrg-tadej-pogacar-operato-con-successo-alla-clavicola-sinistra\/#article","isPartOf":{"@id":"https:\/\/cyclingpro.net\/spaziociclismo\/vetrina\/uae-team-emirates-xrg-tadej-pogacar-operato-con-successo-alla-clavicola-sinistra\/"},"author":{"name":"Luca Pellegrini","@id":"https:\/\/cyclingpro.net\/spaziociclismo\/#\/schema\/person\/dba3a57e86bb6baefba5acbf905f8801"},"headline":"UAE Team Emirates &#8211; XRG, Tadej Poga\u010dar operato con successo alla clavicola sinistra","datePublished":"2026-08-31T18:49:44+00:00","dateModified":"2026-08-31T18:50:30+00:00","mainEntityOfPage":{"@id":"https:\/\/cyclingpro.net\/spaziociclismo\/vetrina\/uae-team-emirates-xrg-tadej-pogacar-operato-con-successo-alla-clavicola-sinistra\/"},"wordCount":176,"commentCount":0,"publisher":{"@id":"https:\/\/cyclingpro.net\/spaziociclismo\/#organization"},"image":{"@id":"https:\/\/cyclingpro.net\/spaziociclismo\/vetrina\/uae-team-emirates-xrg-tadej-pogacar-operato-con-successo-alla-clavicola-sinistra\/#primaryimage"},"thumbnailUrl":"https:\/\/cyclingpro.net\/spaziociclismo\/wp-content\/uploads\/2026\/08\/Ritiro-Pogacar-Vuelta-2026.png","keywords":["Tadej Poga\u010dar","UAE Team Emirates XRG 2026"],"articleSection":["Vetrina","Vuelta 2026","WorldTour"],"inLanguage":"it-IT","potentialAction":[{"@type":"CommentAction","name":"Comment","target":["https:\/\/cyclingpro.net\/spaziociclismo\/vetrina\/uae-team-emirates-xrg-tadej-pogacar-operato-con-successo-alla-clavicola-sinistra\/#respond"]}]},{"@type":"WebPage","@id":"https:\/\/cyclingpro.net\/spaziociclismo\/vetrina\/uae-team-emirates-xrg-tadej-pogacar-operato-con-successo-alla-clavicola-sinistra\/","url":"https:\/\/cyclingpro.net\/spaziociclismo\/vetrina\/uae-team-emirates-xrg-tadej-pogacar-operato-con-successo-alla-clavicola-sinistra\/","name":"UAE Team Emirates - XRG, Tadej Poga\u010dar operato con successo alla clavicola sinistra - SpazioCiclismo","isPartOf":{"@id":"https:\/\/cyclingpro.net\/spaziociclismo\/#website"},"primaryImageOfPage":{"@id":"https:\/\/cyclingpro.net\/spaziociclismo\/vetrina\/uae-team-emirates-xrg-tadej-pogacar-operato-con-successo-alla-clavicola-sinistra\/#primaryimage"},"image":{"@id":"https:\/\/cyclingpro.net\/spaziociclismo\/vetrina\/uae-team-emirates-xrg-tadej-pogacar-operato-con-successo-alla-clavicola-sinistra\/#primaryimage"},"thumbnailUrl":"https:\/\/cyclingpro.net\/spaziociclismo\/wp-content\/uploads\/2026\/08\/Ritiro-Pogacar-Vuelta-2026.png","datePublished":"2026-08-31T18:49:44+00:00","dateModified":"2026-08-31T18:50:30+00:00","breadcrumb":{"@id":"https:\/\/cyclingpro.net\/spaziociclismo\/vetrina\/uae-team-emirates-xrg-tadej-pogacar-operato-con-successo-alla-clavicola-sinistra\/#breadcrumb"},"inLanguage":"it-IT","potentialAction":[{"@type":"ReadAction","target":["https:\/\/cyclingpro.net\/spaziociclismo\/vetrina\/uae-team-emirates-xrg-tadej-pogacar-operato-con-successo-alla-clavicola-sinistra\/"]}]},{"@type":"ImageObject","inLanguage":"it-IT","@id":"https:\/\/cyclingpro.net\/spaziociclismo\/vetrina\/uae-team-emirates-xrg-tadej-pogacar-operato-con-successo-alla-clavicola-sinistra\/#primaryimage","url":"https:\/\/cyclingpro.net\/spaziociclismo\/wp-content\/uploads\/2026\/08\/Ritiro-Pogacar-Vuelta-2026.png","contentUrl":"https:\/\/cyclingpro.net\/spaziociclismo\/wp-content\/uploads\/2026\/08\/Ritiro-Pogacar-Vuelta-2026.png","width":1022,"height":581},{"@type":"BreadcrumbList","@id":"https:\/\/cyclingpro.net\/spaziociclismo\/vetrina\/uae-team-emirates-xrg-tadej-pogacar-operato-con-successo-alla-clavicola-sinistra\/#breadcrumb","itemListElement":[{"@type":"ListItem","position":1,"name":"Home","item":"https:\/\/cyclingpro.net\/spaziociclismo\/"},{"@type":"ListItem","position":2,"name":"UAE Team Emirates &#8211; XRG, Tadej Poga\u010dar operato con successo alla clavicola sinistra"}]},{"@type":"WebSite","@id":"https:\/\/cyclingpro.net\/spaziociclismo\/#website","url":"https:\/\/cyclingpro.net\/spaziociclismo\/","name":"SpazioCiclismo","description":"Tutto il ciclismo minuto per minuto","publisher":{"@id":"https:\/\/cyclingpro.net\/spaziociclismo\/#organization"},"potentialAction":[{"@type":"SearchAction","target":{"@type":"EntryPoint","urlTemplate":"https:\/\/cyclingpro.net\/spaziociclismo\/?s={search_term_string}"},"query-input":{"@type":"PropertyValueSpecification","valueRequired":true,"valueName":"search_term_string"}}],"inLanguage":"it-IT"},{"@type":"Organization","@id":"https:\/\/cyclingpro.net\/spaziociclismo\/#organization","name":"SpazioCiclismo","url":"https:\/\/cyclingpro.net\/spaziociclismo\/","logo":{"@type":"ImageObject","inLanguage":"it-IT","@id":"https:\/\/cyclingpro.net\/spaziociclismo\/#\/schema\/logo\/image\/","url":"https:\/\/cyclingpro.net\/spaziociclismo\/wp-content\/uploads\/2017\/02\/SpazioCiclismo-Logo-Quadrato.png","contentUrl":"https:\/\/cyclingpro.net\/spaziociclismo\/wp-content\/uploads\/2017\/02\/SpazioCiclismo-Logo-Quadrato.png","width":450,"height":450,"caption":"SpazioCiclismo"},"image":{"@id":"https:\/\/cyclingpro.net\/spaziociclismo\/#\/schema\/logo\/image\/"},"sameAs":["https:\/\/www.facebook.com\/SpazioCiclismo\/","https:\/\/x.com\/spaziociclismo","https:\/\/www.instagram.com\/spaziociclismo\/"]},{"@type":"Person","@id":"https:\/\/cyclingpro.net\/spaziociclismo\/#\/schema\/person\/dba3a57e86bb6baefba5acbf905f8801","name":"Luca Pellegrini","image":{"@type":"ImageObject","inLanguage":"it-IT","@id":"https:\/\/secure.gravatar.com\/avatar\/e233a6b2a31aba774a86fc0121b1a3bd7f6e7d1a4d2162cde93df050675351b8?s=96&d=mm&r=g","url":"https:\/\/secure.gravatar.com\/avatar\/e233a6b2a31aba774a86fc0121b1a3bd7f6e7d1a4d2162cde93df050675351b8?s=96&d=mm&r=g","contentUrl":"https:\/\/secure.gravatar.com\/avatar\/e233a6b2a31aba774a86fc0121b1a3bd7f6e7d1a4d2162cde93df050675351b8?s=96&d=mm&r=g","caption":"Luca Pellegrini"},"url":"https:\/\/cyclingpro.net\/spaziociclismo\/author\/lpellegrini\/"}]}},"_links":{"self":[{"href":"https:\/\/cyclingpro.net\/spaziociclismo\/wp-json\/wp\/v2\/posts\/393088","targetHints":{"allow":["GET"]}}],"collection":[{"href":"https:\/\/cyclingpro.net\/spaziociclismo\/wp-json\/wp\/v2\/posts"}],"about":[{"href":"https:\/\/cyclingpro.net\/spaziociclismo\/wp-json\/wp\/v2\/types\/post"}],"author":[{"embeddable":true,"href":"https:\/\/cyclingpro.net\/spaziociclismo\/wp-json\/wp\/v2\/users\/4"}],"replies":[{"embeddable":true,"href":"https:\/\/cyclingpro.net\/spaziociclismo\/wp-json\/wp\/v2\/comments?post=393088"}],"version-history":[{"count":1,"href":"https:\/\/cyclingpro.net\/spaziociclismo\/wp-json\/wp\/v2\/posts\/393088\/revisions"}],"predecessor-version":[{"id":393089,"href":"https:\/\/cyclingpro.net\/spaziociclismo\/wp-json\/wp\/v2\/posts\/393088\/revisions\/393089"}],"wp:featuredmedia":[{"embeddable":true,"href":"https:\/\/cyclingpro.net\/spaziociclismo\/wp-json\/wp\/v2\/media\/392719"}],"wp:attachment":[{"href":"https:\/\/cyclingpro.net\/spaziociclismo\/wp-json\/wp\/v2\/media?parent=393088"}],"wp:term":[{"taxonomy":"category","embeddable":true,"href":"https:\/\/cyclingpro.net\/spaziociclismo\/wp-json\/wp\/v2\/categories?post=393088"},{"taxonomy":"post_tag","embeddable":true,"href":"https:\/\/cyclingpro.net\/spaziociclismo\/wp-json\/wp\/v2\/tags?post=393088"}],"curies":[{"name":"wp","href":"https:\/\/api.w.org\/{rel}","templated":true}]}}