{"id":393074,"date":"2026-08-31T19:17:39","date_gmt":"2026-08-31T17:17:39","guid":{"rendered":"https:\/\/cyclingpro.net\/spaziociclismo\/?p=393074"},"modified":"2026-08-31T19:17:39","modified_gmt":"2026-08-31T17:17:39","slug":"kern-pharma-nessuna-schiarita-sul-futuro-della-squadra-spagnola-ogni-giorno-che-passa-e-un-peso-ma-i-sogni-non-hanno-data-di-scadenza","status":"publish","type":"post","link":"https:\/\/cyclingpro.net\/spaziociclismo\/ciclomercato\/kern-pharma-nessuna-schiarita-sul-futuro-della-squadra-spagnola-ogni-giorno-che-passa-e-un-peso-ma-i-sogni-non-hanno-data-di-scadenza\/","title":{"rendered":"Kern Pharma, nessuna schiarita sul futuro della squadra spagnola: &#8220;Ogni giorno che passa \u00e8 un peso, ma i sogni non hanno data di scadenza&#8221;"},"content":{"rendered":"<p>Da un lato c&#8217;\u00e8 la determinazione nel tirar fuori il massimo dalla possibilit\u00e0 di essere in gara alla <strong>Vuelta a Espa\u00f1a 2026<\/strong>, vetrina importantissima per una Professional. Dall&#8217;altro, in casa <strong>Kern Pharma<\/strong>, c&#8217;\u00e8 per\u00f2 la preoccupazione per un futuro che si fa sempre pi\u00f9 complicato, giorno dopo giorno.<a href=\"https:\/\/cyclingpro.net\/spaziociclismo\/continental\/equipo-kern-pharma-la-squadra-professional-a-rischio-chiusura-per-la-mancanza-di-un-nuovo-sponsor-non-possiamo-garantire-ai-corridori-un-contratto-per-il-prossimo-anno\/\" target=\"_blank\" rel=\"noopener\"> La struttura spagnola perder\u00e0 infatti a fine stagione il sostegno dello sponsor principale<\/a>, l&#8217;azienda farmaceutica che le ha dato denominazione fin dalla sua creazione, che risale al 2020, e al momento non ha trovato soluzioni che ne possano garantire la continuit\u00e0 operativa, almeno a livello Professional.<\/p>\n<p>La situazione incerta sta portando diversi corridori a guardare altrove, anche se, a oggi, solo uno ha gi\u00e0 ufficialmente trovato un&#8217;altra soluzione: \u00e8 <strong>Unai Iribar<\/strong>, che partir\u00e0 in direzione Caja Rural-Seguros RGA. Sembrano per\u00f2 solo da annunciare i trasferimenti di <strong>Urko Berrade<\/strong> ed<strong> Iv\u00e1n Ramiro Sosa<\/strong> alla Ef Education-EasyPost, di <strong>Marc Brustenga<\/strong> alla Caja Rural-Seguros RGA, di <strong>Iv\u00e1n Cobo<\/strong> e <strong>Diego Uriarte<\/strong> alla Movistar e di <strong>Ibon Ruiz<\/strong> alla Bahrain Victorious.<\/p>\n<p>&#8220;I sogni non hanno una data di scadenza e noi vogliamo continuare a sognare di essere una squadra partita da zero e arrivata al massimo &#8211; le parole di <b>Juanjo Oroz,\u00a0<\/b>direttore generale della squadra, in un&#8217;intervista concessa ad <a href=\"https:\/\/as.com\/ciclismo\/vuelta_espana\/el-sos-del-kern-pharma-cada-dia-que-pasa-es-una-losa-no-me-rendire-f202608-n\/\" target=\"_blank\" rel=\"noopener\"><em>AS<\/em><\/a> &#8211; Stiamo cercando di tenere separato l&#8217;aspetto sportivo da quello societario, in modo che i ragazzi possano esprimersi al meglio in gara, <strong>considerando che non ti capita tutti i giorni di essere alla Vuelta<\/strong>&#8220;.<\/p>\n<p>Prospettive future? &#8220;Stiamo lavorando duramente &#8211; aggiunge Oroz &#8211; Vogliamo mantenere la struttura attuale, ma soprattutto, che sia a livello Professional o pi\u00f9 in basso, vogliamo continuare a fare quello che stiamo facendo. La priorit\u00e0 \u00e8 mantenere la categoria attuale. Altrimenti, potremo scendre a livello Continental e se non sar\u00e0 possibile nemmeno questo, punteremo a mantenere la squadra U23 (che c&#8217;\u00e8 gi\u00e0, la Finisher &#8211; <em>ndr<\/em>). Non nego che sia un periodo molto difficile, ma non ci arrendiamo. <strong>Ogni giorno che passa \u00e8 un peso, ma, allo stesso tempo, vedo ogni nuova giornata come un&#8217;opportunit\u00e0<\/strong>&#8220;.<\/p>\n<p>Il cielo all&#8217;orizzonte, comunque, rimane grigio, anche se l&#8217;UCI si sta mostrando molto paziente con la formazione spagnola: &#8220;Noi abbiamo compilato gi\u00e0 i documenti che potevamo compilare, in modo da essere gi\u00e0 pronti per la Professional in caso si riesca a trovare un contratto entro ottobre. Altrimenti, scenderemo di livello. Comunque, non so se una vittoria alla Vuelta possa cambiare le cose. Io dico sempre ai corridori che non \u00e8 un successo a definirli, ma \u00e8 il percorso che fanno. <strong>E questa squadra \u00e8 definita dal percorso che abbiamo fatto e non da quello che abbiamo vinto o potremo vincere<\/strong>&#8220;.<\/p>\n","protected":false},"excerpt":{"rendered":"<p>I corridori pi\u00f9 importanti in organico hanno in pratica accordi di #CicloMercato gi\u00e0 pronti con altre squadre, ma i dirigenti della Kern Pharma non si arrendono: &#8220;Vogliamo continuare a fare quello che stiamo facendo&#8221;. <\/p>\n","protected":false},"author":25,"featured_media":393077,"comment_status":"open","ping_status":"closed","sticky":false,"template":"","format":"standard","meta":{"footnotes":"","_members_access_role":[],"_members_access_error":""},"categories":[5,6],"tags":[6792],"class_list":["post-393074","post","type-post","status-publish","format-standard","has-post-thumbnail","hentry","category-ciclomercato","category-continental","tag-equipo-kern-pharma-2026"],"yoast_head":"<!-- This site is optimized with the Yoast SEO plugin v28.3 - https:\/\/yoast.com\/product\/yoast-seo-wordpress\/ -->\n<title>Kern Pharma, nessuna schiarita sul futuro della squadra spagnola: &quot;Ogni giorno che passa \u00e8 un peso, ma i sogni non hanno data di scadenza&quot; - SpazioCiclismo<\/title>\n<meta name=\"robots\" content=\"index, follow, max-snippet:-1, max-image-preview:large, max-video-preview:-1\" \/>\n<link rel=\"canonical\" href=\"https:\/\/cyclingpro.net\/spaziociclismo\/ciclomercato\/kern-pharma-nessuna-schiarita-sul-futuro-della-squadra-spagnola-ogni-giorno-che-passa-e-un-peso-ma-i-sogni-non-hanno-data-di-scadenza\/\" \/>\n<meta property=\"og:locale\" content=\"it_IT\" \/>\n<meta property=\"og:type\" content=\"article\" \/>\n<meta property=\"og:title\" content=\"Kern Pharma, nessuna schiarita sul futuro della squadra spagnola: &quot;Ogni giorno che passa \u00e8 un peso, ma i sogni non hanno data di scadenza&quot; - SpazioCiclismo\" \/>\n<meta property=\"og:description\" content=\"I corridori pi\u00f9 importanti in organico hanno in pratica accordi di #CicloMercato gi\u00e0 pronti con altre squadre, ma i dirigenti della Kern Pharma non si arrendono: &quot;Vogliamo continuare a fare quello che stiamo facendo&quot;.\" \/>\n<meta property=\"og:url\" content=\"https:\/\/cyclingpro.net\/spaziociclismo\/ciclomercato\/kern-pharma-nessuna-schiarita-sul-futuro-della-squadra-spagnola-ogni-giorno-che-passa-e-un-peso-ma-i-sogni-non-hanno-data-di-scadenza\/\" \/>\n<meta property=\"og:site_name\" content=\"SpazioCiclismo\" \/>\n<meta property=\"article:publisher\" content=\"https:\/\/www.facebook.com\/SpazioCiclismo\/\" \/>\n<meta property=\"article:published_time\" content=\"2026-08-31T17:17:39+00:00\" \/>\n<meta property=\"og:image\" content=\"https:\/\/cyclingpro.net\/spaziociclismo\/wp-content\/uploads\/2026\/08\/1288353038-scaled.jpg\" \/>\n\t<meta property=\"og:image:width\" content=\"2560\" \/>\n\t<meta property=\"og:image:height\" content=\"1707\" \/>\n\t<meta property=\"og:image:type\" content=\"image\/jpeg\" \/>\n<meta name=\"author\" content=\"Francesco Mitola\" \/>\n<meta name=\"twitter:card\" content=\"summary_large_image\" \/>\n<meta name=\"twitter:creator\" content=\"@spaziociclismo\" \/>\n<meta name=\"twitter:site\" content=\"@spaziociclismo\" \/>\n<meta name=\"twitter:label1\" content=\"Scritto da\" \/>\n\t<meta name=\"twitter:data1\" content=\"Francesco Mitola\" \/>\n\t<meta name=\"twitter:label2\" content=\"Tempo di lettura stimato\" \/>\n\t<meta name=\"twitter:data2\" content=\"3 minuti\" \/>\n<script type=\"application\/ld+json\" class=\"yoast-schema-graph\">{\"@context\":\"https:\\\/\\\/schema.org\",\"@graph\":[{\"@type\":\"Article\",\"@id\":\"https:\\\/\\\/cyclingpro.net\\\/spaziociclismo\\\/ciclomercato\\\/kern-pharma-nessuna-schiarita-sul-futuro-della-squadra-spagnola-ogni-giorno-che-passa-e-un-peso-ma-i-sogni-non-hanno-data-di-scadenza\\\/#article\",\"isPartOf\":{\"@id\":\"https:\\\/\\\/cyclingpro.net\\\/spaziociclismo\\\/ciclomercato\\\/kern-pharma-nessuna-schiarita-sul-futuro-della-squadra-spagnola-ogni-giorno-che-passa-e-un-peso-ma-i-sogni-non-hanno-data-di-scadenza\\\/\"},\"author\":{\"name\":\"Francesco Mitola\",\"@id\":\"https:\\\/\\\/cyclingpro.net\\\/spaziociclismo\\\/#\\\/schema\\\/person\\\/627dbc08c9712c25304b059bbb765de8\"},\"headline\":\"Kern Pharma, nessuna schiarita sul futuro della squadra spagnola: &#8220;Ogni giorno che passa \u00e8 un peso, ma i sogni non hanno data di scadenza&#8221;\",\"datePublished\":\"2026-08-31T17:17:39+00:00\",\"mainEntityOfPage\":{\"@id\":\"https:\\\/\\\/cyclingpro.net\\\/spaziociclismo\\\/ciclomercato\\\/kern-pharma-nessuna-schiarita-sul-futuro-della-squadra-spagnola-ogni-giorno-che-passa-e-un-peso-ma-i-sogni-non-hanno-data-di-scadenza\\\/\"},\"wordCount\":460,\"commentCount\":0,\"publisher\":{\"@id\":\"https:\\\/\\\/cyclingpro.net\\\/spaziociclismo\\\/#organization\"},\"image\":{\"@id\":\"https:\\\/\\\/cyclingpro.net\\\/spaziociclismo\\\/ciclomercato\\\/kern-pharma-nessuna-schiarita-sul-futuro-della-squadra-spagnola-ogni-giorno-che-passa-e-un-peso-ma-i-sogni-non-hanno-data-di-scadenza\\\/#primaryimage\"},\"thumbnailUrl\":\"https:\\\/\\\/cyclingpro.net\\\/spaziociclismo\\\/wp-content\\\/uploads\\\/2026\\\/08\\\/1288353038-scaled.jpg\",\"keywords\":[\"Equipo Kern Pharma 2026\"],\"articleSection\":[\"CicloMercato\",\"Continental\"],\"inLanguage\":\"it-IT\",\"potentialAction\":[{\"@type\":\"CommentAction\",\"name\":\"Comment\",\"target\":[\"https:\\\/\\\/cyclingpro.net\\\/spaziociclismo\\\/ciclomercato\\\/kern-pharma-nessuna-schiarita-sul-futuro-della-squadra-spagnola-ogni-giorno-che-passa-e-un-peso-ma-i-sogni-non-hanno-data-di-scadenza\\\/#respond\"]}]},{\"@type\":\"WebPage\",\"@id\":\"https:\\\/\\\/cyclingpro.net\\\/spaziociclismo\\\/ciclomercato\\\/kern-pharma-nessuna-schiarita-sul-futuro-della-squadra-spagnola-ogni-giorno-che-passa-e-un-peso-ma-i-sogni-non-hanno-data-di-scadenza\\\/\",\"url\":\"https:\\\/\\\/cyclingpro.net\\\/spaziociclismo\\\/ciclomercato\\\/kern-pharma-nessuna-schiarita-sul-futuro-della-squadra-spagnola-ogni-giorno-che-passa-e-un-peso-ma-i-sogni-non-hanno-data-di-scadenza\\\/\",\"name\":\"Kern Pharma, nessuna schiarita sul futuro della squadra spagnola: \\\"Ogni giorno che passa \u00e8 un peso, ma i sogni non hanno data di scadenza\\\" - SpazioCiclismo\",\"isPartOf\":{\"@id\":\"https:\\\/\\\/cyclingpro.net\\\/spaziociclismo\\\/#website\"},\"primaryImageOfPage\":{\"@id\":\"https:\\\/\\\/cyclingpro.net\\\/spaziociclismo\\\/ciclomercato\\\/kern-pharma-nessuna-schiarita-sul-futuro-della-squadra-spagnola-ogni-giorno-che-passa-e-un-peso-ma-i-sogni-non-hanno-data-di-scadenza\\\/#primaryimage\"},\"image\":{\"@id\":\"https:\\\/\\\/cyclingpro.net\\\/spaziociclismo\\\/ciclomercato\\\/kern-pharma-nessuna-schiarita-sul-futuro-della-squadra-spagnola-ogni-giorno-che-passa-e-un-peso-ma-i-sogni-non-hanno-data-di-scadenza\\\/#primaryimage\"},\"thumbnailUrl\":\"https:\\\/\\\/cyclingpro.net\\\/spaziociclismo\\\/wp-content\\\/uploads\\\/2026\\\/08\\\/1288353038-scaled.jpg\",\"datePublished\":\"2026-08-31T17:17:39+00:00\",\"breadcrumb\":{\"@id\":\"https:\\\/\\\/cyclingpro.net\\\/spaziociclismo\\\/ciclomercato\\\/kern-pharma-nessuna-schiarita-sul-futuro-della-squadra-spagnola-ogni-giorno-che-passa-e-un-peso-ma-i-sogni-non-hanno-data-di-scadenza\\\/#breadcrumb\"},\"inLanguage\":\"it-IT\",\"potentialAction\":[{\"@type\":\"ReadAction\",\"target\":[\"https:\\\/\\\/cyclingpro.net\\\/spaziociclismo\\\/ciclomercato\\\/kern-pharma-nessuna-schiarita-sul-futuro-della-squadra-spagnola-ogni-giorno-che-passa-e-un-peso-ma-i-sogni-non-hanno-data-di-scadenza\\\/\"]}]},{\"@type\":\"ImageObject\",\"inLanguage\":\"it-IT\",\"@id\":\"https:\\\/\\\/cyclingpro.net\\\/spaziociclismo\\\/ciclomercato\\\/kern-pharma-nessuna-schiarita-sul-futuro-della-squadra-spagnola-ogni-giorno-che-passa-e-un-peso-ma-i-sogni-non-hanno-data-di-scadenza\\\/#primaryimage\",\"url\":\"https:\\\/\\\/cyclingpro.net\\\/spaziociclismo\\\/wp-content\\\/uploads\\\/2026\\\/08\\\/1288353038-scaled.jpg\",\"contentUrl\":\"https:\\\/\\\/cyclingpro.net\\\/spaziociclismo\\\/wp-content\\\/uploads\\\/2026\\\/08\\\/1288353038-scaled.jpg\",\"width\":2560,\"height\":1707,\"caption\":\"\u00a9 Sirotti\"},{\"@type\":\"BreadcrumbList\",\"@id\":\"https:\\\/\\\/cyclingpro.net\\\/spaziociclismo\\\/ciclomercato\\\/kern-pharma-nessuna-schiarita-sul-futuro-della-squadra-spagnola-ogni-giorno-che-passa-e-un-peso-ma-i-sogni-non-hanno-data-di-scadenza\\\/#breadcrumb\",\"itemListElement\":[{\"@type\":\"ListItem\",\"position\":1,\"name\":\"Home\",\"item\":\"https:\\\/\\\/cyclingpro.net\\\/spaziociclismo\\\/\"},{\"@type\":\"ListItem\",\"position\":2,\"name\":\"Kern Pharma, nessuna schiarita sul futuro della squadra spagnola: &#8220;Ogni giorno che passa \u00e8 un peso, ma i sogni non hanno data di scadenza&#8221;\"}]},{\"@type\":\"WebSite\",\"@id\":\"https:\\\/\\\/cyclingpro.net\\\/spaziociclismo\\\/#website\",\"url\":\"https:\\\/\\\/cyclingpro.net\\\/spaziociclismo\\\/\",\"name\":\"SpazioCiclismo\",\"description\":\"Tutto il ciclismo minuto per minuto\",\"publisher\":{\"@id\":\"https:\\\/\\\/cyclingpro.net\\\/spaziociclismo\\\/#organization\"},\"potentialAction\":[{\"@type\":\"SearchAction\",\"target\":{\"@type\":\"EntryPoint\",\"urlTemplate\":\"https:\\\/\\\/cyclingpro.net\\\/spaziociclismo\\\/?s={search_term_string}\"},\"query-input\":{\"@type\":\"PropertyValueSpecification\",\"valueRequired\":true,\"valueName\":\"search_term_string\"}}],\"inLanguage\":\"it-IT\"},{\"@type\":\"Organization\",\"@id\":\"https:\\\/\\\/cyclingpro.net\\\/spaziociclismo\\\/#organization\",\"name\":\"SpazioCiclismo\",\"url\":\"https:\\\/\\\/cyclingpro.net\\\/spaziociclismo\\\/\",\"logo\":{\"@type\":\"ImageObject\",\"inLanguage\":\"it-IT\",\"@id\":\"https:\\\/\\\/cyclingpro.net\\\/spaziociclismo\\\/#\\\/schema\\\/logo\\\/image\\\/\",\"url\":\"https:\\\/\\\/cyclingpro.net\\\/spaziociclismo\\\/wp-content\\\/uploads\\\/2017\\\/02\\\/SpazioCiclismo-Logo-Quadrato.png\",\"contentUrl\":\"https:\\\/\\\/cyclingpro.net\\\/spaziociclismo\\\/wp-content\\\/uploads\\\/2017\\\/02\\\/SpazioCiclismo-Logo-Quadrato.png\",\"width\":450,\"height\":450,\"caption\":\"SpazioCiclismo\"},\"image\":{\"@id\":\"https:\\\/\\\/cyclingpro.net\\\/spaziociclismo\\\/#\\\/schema\\\/logo\\\/image\\\/\"},\"sameAs\":[\"https:\\\/\\\/www.facebook.com\\\/SpazioCiclismo\\\/\",\"https:\\\/\\\/x.com\\\/spaziociclismo\",\"https:\\\/\\\/www.instagram.com\\\/spaziociclismo\\\/\"]},{\"@type\":\"Person\",\"@id\":\"https:\\\/\\\/cyclingpro.net\\\/spaziociclismo\\\/#\\\/schema\\\/person\\\/627dbc08c9712c25304b059bbb765de8\",\"name\":\"Francesco Mitola\",\"image\":{\"@type\":\"ImageObject\",\"inLanguage\":\"it-IT\",\"@id\":\"https:\\\/\\\/secure.gravatar.com\\\/avatar\\\/dc58a640368550cd17129d2ff185eec5cb2821b7c3403fc06dcaca847ae762d3?s=96&d=mm&r=g\",\"url\":\"https:\\\/\\\/secure.gravatar.com\\\/avatar\\\/dc58a640368550cd17129d2ff185eec5cb2821b7c3403fc06dcaca847ae762d3?s=96&d=mm&r=g\",\"contentUrl\":\"https:\\\/\\\/secure.gravatar.com\\\/avatar\\\/dc58a640368550cd17129d2ff185eec5cb2821b7c3403fc06dcaca847ae762d3?s=96&d=mm&r=g\",\"caption\":\"Francesco Mitola\"},\"url\":\"https:\\\/\\\/cyclingpro.net\\\/spaziociclismo\\\/author\\\/fmitola\\\/\"}]}<\/script>\n<!-- \/ Yoast SEO plugin. -->","yoast_head_json":{"title":"Kern Pharma, nessuna schiarita sul futuro della squadra spagnola: \"Ogni giorno che passa \u00e8 un peso, ma i sogni non hanno data di scadenza\" - SpazioCiclismo","robots":{"index":"index","follow":"follow","max-snippet":"max-snippet:-1","max-image-preview":"max-image-preview:large","max-video-preview":"max-video-preview:-1"},"canonical":"https:\/\/cyclingpro.net\/spaziociclismo\/ciclomercato\/kern-pharma-nessuna-schiarita-sul-futuro-della-squadra-spagnola-ogni-giorno-che-passa-e-un-peso-ma-i-sogni-non-hanno-data-di-scadenza\/","og_locale":"it_IT","og_type":"article","og_title":"Kern Pharma, nessuna schiarita sul futuro della squadra spagnola: \"Ogni giorno che passa \u00e8 un peso, ma i sogni non hanno data di scadenza\" - SpazioCiclismo","og_description":"I corridori pi\u00f9 importanti in organico hanno in pratica accordi di #CicloMercato gi\u00e0 pronti con altre squadre, ma i dirigenti della Kern Pharma non si arrendono: \"Vogliamo continuare a fare quello che stiamo facendo\".","og_url":"https:\/\/cyclingpro.net\/spaziociclismo\/ciclomercato\/kern-pharma-nessuna-schiarita-sul-futuro-della-squadra-spagnola-ogni-giorno-che-passa-e-un-peso-ma-i-sogni-non-hanno-data-di-scadenza\/","og_site_name":"SpazioCiclismo","article_publisher":"https:\/\/www.facebook.com\/SpazioCiclismo\/","article_published_time":"2026-08-31T17:17:39+00:00","og_image":[{"width":2560,"height":1707,"url":"https:\/\/cyclingpro.net\/spaziociclismo\/wp-content\/uploads\/2026\/08\/1288353038-scaled.jpg","type":"image\/jpeg"}],"author":"Francesco Mitola","twitter_card":"summary_large_image","twitter_creator":"@spaziociclismo","twitter_site":"@spaziociclismo","twitter_misc":{"Scritto da":"Francesco Mitola","Tempo di lettura stimato":"3 minuti"},"schema":{"@context":"https:\/\/schema.org","@graph":[{"@type":"Article","@id":"https:\/\/cyclingpro.net\/spaziociclismo\/ciclomercato\/kern-pharma-nessuna-schiarita-sul-futuro-della-squadra-spagnola-ogni-giorno-che-passa-e-un-peso-ma-i-sogni-non-hanno-data-di-scadenza\/#article","isPartOf":{"@id":"https:\/\/cyclingpro.net\/spaziociclismo\/ciclomercato\/kern-pharma-nessuna-schiarita-sul-futuro-della-squadra-spagnola-ogni-giorno-che-passa-e-un-peso-ma-i-sogni-non-hanno-data-di-scadenza\/"},"author":{"name":"Francesco Mitola","@id":"https:\/\/cyclingpro.net\/spaziociclismo\/#\/schema\/person\/627dbc08c9712c25304b059bbb765de8"},"headline":"Kern Pharma, nessuna schiarita sul futuro della squadra spagnola: &#8220;Ogni giorno che passa \u00e8 un peso, ma i sogni non hanno data di scadenza&#8221;","datePublished":"2026-08-31T17:17:39+00:00","mainEntityOfPage":{"@id":"https:\/\/cyclingpro.net\/spaziociclismo\/ciclomercato\/kern-pharma-nessuna-schiarita-sul-futuro-della-squadra-spagnola-ogni-giorno-che-passa-e-un-peso-ma-i-sogni-non-hanno-data-di-scadenza\/"},"wordCount":460,"commentCount":0,"publisher":{"@id":"https:\/\/cyclingpro.net\/spaziociclismo\/#organization"},"image":{"@id":"https:\/\/cyclingpro.net\/spaziociclismo\/ciclomercato\/kern-pharma-nessuna-schiarita-sul-futuro-della-squadra-spagnola-ogni-giorno-che-passa-e-un-peso-ma-i-sogni-non-hanno-data-di-scadenza\/#primaryimage"},"thumbnailUrl":"https:\/\/cyclingpro.net\/spaziociclismo\/wp-content\/uploads\/2026\/08\/1288353038-scaled.jpg","keywords":["Equipo Kern Pharma 2026"],"articleSection":["CicloMercato","Continental"],"inLanguage":"it-IT","potentialAction":[{"@type":"CommentAction","name":"Comment","target":["https:\/\/cyclingpro.net\/spaziociclismo\/ciclomercato\/kern-pharma-nessuna-schiarita-sul-futuro-della-squadra-spagnola-ogni-giorno-che-passa-e-un-peso-ma-i-sogni-non-hanno-data-di-scadenza\/#respond"]}]},{"@type":"WebPage","@id":"https:\/\/cyclingpro.net\/spaziociclismo\/ciclomercato\/kern-pharma-nessuna-schiarita-sul-futuro-della-squadra-spagnola-ogni-giorno-che-passa-e-un-peso-ma-i-sogni-non-hanno-data-di-scadenza\/","url":"https:\/\/cyclingpro.net\/spaziociclismo\/ciclomercato\/kern-pharma-nessuna-schiarita-sul-futuro-della-squadra-spagnola-ogni-giorno-che-passa-e-un-peso-ma-i-sogni-non-hanno-data-di-scadenza\/","name":"Kern Pharma, nessuna schiarita sul futuro della squadra spagnola: \"Ogni giorno che passa \u00e8 un peso, ma i sogni non hanno data di scadenza\" - SpazioCiclismo","isPartOf":{"@id":"https:\/\/cyclingpro.net\/spaziociclismo\/#website"},"primaryImageOfPage":{"@id":"https:\/\/cyclingpro.net\/spaziociclismo\/ciclomercato\/kern-pharma-nessuna-schiarita-sul-futuro-della-squadra-spagnola-ogni-giorno-che-passa-e-un-peso-ma-i-sogni-non-hanno-data-di-scadenza\/#primaryimage"},"image":{"@id":"https:\/\/cyclingpro.net\/spaziociclismo\/ciclomercato\/kern-pharma-nessuna-schiarita-sul-futuro-della-squadra-spagnola-ogni-giorno-che-passa-e-un-peso-ma-i-sogni-non-hanno-data-di-scadenza\/#primaryimage"},"thumbnailUrl":"https:\/\/cyclingpro.net\/spaziociclismo\/wp-content\/uploads\/2026\/08\/1288353038-scaled.jpg","datePublished":"2026-08-31T17:17:39+00:00","breadcrumb":{"@id":"https:\/\/cyclingpro.net\/spaziociclismo\/ciclomercato\/kern-pharma-nessuna-schiarita-sul-futuro-della-squadra-spagnola-ogni-giorno-che-passa-e-un-peso-ma-i-sogni-non-hanno-data-di-scadenza\/#breadcrumb"},"inLanguage":"it-IT","potentialAction":[{"@type":"ReadAction","target":["https:\/\/cyclingpro.net\/spaziociclismo\/ciclomercato\/kern-pharma-nessuna-schiarita-sul-futuro-della-squadra-spagnola-ogni-giorno-che-passa-e-un-peso-ma-i-sogni-non-hanno-data-di-scadenza\/"]}]},{"@type":"ImageObject","inLanguage":"it-IT","@id":"https:\/\/cyclingpro.net\/spaziociclismo\/ciclomercato\/kern-pharma-nessuna-schiarita-sul-futuro-della-squadra-spagnola-ogni-giorno-che-passa-e-un-peso-ma-i-sogni-non-hanno-data-di-scadenza\/#primaryimage","url":"https:\/\/cyclingpro.net\/spaziociclismo\/wp-content\/uploads\/2026\/08\/1288353038-scaled.jpg","contentUrl":"https:\/\/cyclingpro.net\/spaziociclismo\/wp-content\/uploads\/2026\/08\/1288353038-scaled.jpg","width":2560,"height":1707,"caption":"\u00a9 Sirotti"},{"@type":"BreadcrumbList","@id":"https:\/\/cyclingpro.net\/spaziociclismo\/ciclomercato\/kern-pharma-nessuna-schiarita-sul-futuro-della-squadra-spagnola-ogni-giorno-che-passa-e-un-peso-ma-i-sogni-non-hanno-data-di-scadenza\/#breadcrumb","itemListElement":[{"@type":"ListItem","position":1,"name":"Home","item":"https:\/\/cyclingpro.net\/spaziociclismo\/"},{"@type":"ListItem","position":2,"name":"Kern Pharma, nessuna schiarita sul futuro della squadra spagnola: &#8220;Ogni giorno che passa \u00e8 un peso, ma i sogni non hanno data di scadenza&#8221;"}]},{"@type":"WebSite","@id":"https:\/\/cyclingpro.net\/spaziociclismo\/#website","url":"https:\/\/cyclingpro.net\/spaziociclismo\/","name":"SpazioCiclismo","description":"Tutto il ciclismo minuto per minuto","publisher":{"@id":"https:\/\/cyclingpro.net\/spaziociclismo\/#organization"},"potentialAction":[{"@type":"SearchAction","target":{"@type":"EntryPoint","urlTemplate":"https:\/\/cyclingpro.net\/spaziociclismo\/?s={search_term_string}"},"query-input":{"@type":"PropertyValueSpecification","valueRequired":true,"valueName":"search_term_string"}}],"inLanguage":"it-IT"},{"@type":"Organization","@id":"https:\/\/cyclingpro.net\/spaziociclismo\/#organization","name":"SpazioCiclismo","url":"https:\/\/cyclingpro.net\/spaziociclismo\/","logo":{"@type":"ImageObject","inLanguage":"it-IT","@id":"https:\/\/cyclingpro.net\/spaziociclismo\/#\/schema\/logo\/image\/","url":"https:\/\/cyclingpro.net\/spaziociclismo\/wp-content\/uploads\/2017\/02\/SpazioCiclismo-Logo-Quadrato.png","contentUrl":"https:\/\/cyclingpro.net\/spaziociclismo\/wp-content\/uploads\/2017\/02\/SpazioCiclismo-Logo-Quadrato.png","width":450,"height":450,"caption":"SpazioCiclismo"},"image":{"@id":"https:\/\/cyclingpro.net\/spaziociclismo\/#\/schema\/logo\/image\/"},"sameAs":["https:\/\/www.facebook.com\/SpazioCiclismo\/","https:\/\/x.com\/spaziociclismo","https:\/\/www.instagram.com\/spaziociclismo\/"]},{"@type":"Person","@id":"https:\/\/cyclingpro.net\/spaziociclismo\/#\/schema\/person\/627dbc08c9712c25304b059bbb765de8","name":"Francesco Mitola","image":{"@type":"ImageObject","inLanguage":"it-IT","@id":"https:\/\/secure.gravatar.com\/avatar\/dc58a640368550cd17129d2ff185eec5cb2821b7c3403fc06dcaca847ae762d3?s=96&d=mm&r=g","url":"https:\/\/secure.gravatar.com\/avatar\/dc58a640368550cd17129d2ff185eec5cb2821b7c3403fc06dcaca847ae762d3?s=96&d=mm&r=g","contentUrl":"https:\/\/secure.gravatar.com\/avatar\/dc58a640368550cd17129d2ff185eec5cb2821b7c3403fc06dcaca847ae762d3?s=96&d=mm&r=g","caption":"Francesco Mitola"},"url":"https:\/\/cyclingpro.net\/spaziociclismo\/author\/fmitola\/"}]}},"_links":{"self":[{"href":"https:\/\/cyclingpro.net\/spaziociclismo\/wp-json\/wp\/v2\/posts\/393074","targetHints":{"allow":["GET"]}}],"collection":[{"href":"https:\/\/cyclingpro.net\/spaziociclismo\/wp-json\/wp\/v2\/posts"}],"about":[{"href":"https:\/\/cyclingpro.net\/spaziociclismo\/wp-json\/wp\/v2\/types\/post"}],"author":[{"embeddable":true,"href":"https:\/\/cyclingpro.net\/spaziociclismo\/wp-json\/wp\/v2\/users\/25"}],"replies":[{"embeddable":true,"href":"https:\/\/cyclingpro.net\/spaziociclismo\/wp-json\/wp\/v2\/comments?post=393074"}],"version-history":[{"count":1,"href":"https:\/\/cyclingpro.net\/spaziociclismo\/wp-json\/wp\/v2\/posts\/393074\/revisions"}],"predecessor-version":[{"id":393081,"href":"https:\/\/cyclingpro.net\/spaziociclismo\/wp-json\/wp\/v2\/posts\/393074\/revisions\/393081"}],"wp:featuredmedia":[{"embeddable":true,"href":"https:\/\/cyclingpro.net\/spaziociclismo\/wp-json\/wp\/v2\/media\/393077"}],"wp:attachment":[{"href":"https:\/\/cyclingpro.net\/spaziociclismo\/wp-json\/wp\/v2\/media?parent=393074"}],"wp:term":[{"taxonomy":"category","embeddable":true,"href":"https:\/\/cyclingpro.net\/spaziociclismo\/wp-json\/wp\/v2\/categories?post=393074"},{"taxonomy":"post_tag","embeddable":true,"href":"https:\/\/cyclingpro.net\/spaziociclismo\/wp-json\/wp\/v2\/tags?post=393074"}],"curies":[{"name":"wp","href":"https:\/\/api.w.org\/{rel}","templated":true}]}}