{"id":393054,"date":"2026-08-31T18:00:43","date_gmt":"2026-08-31T16:00:43","guid":{"rendered":"https:\/\/cyclingpro.net\/spaziociclismo\/?p=393054"},"modified":"2026-08-31T17:58:40","modified_gmt":"2026-08-31T15:58:40","slug":"vuelta-a-espana-2026-le-tappe-della-seconda-settimana-due-arrivi-in-salita-due-di-media-montagne-e-due-tappe-mosse-per-fuggitivi-o-velocisti","status":"publish","type":"post","link":"https:\/\/cyclingpro.net\/spaziociclismo\/vuelta-2026\/vuelta-a-espana-2026-le-tappe-della-seconda-settimana-due-arrivi-in-salita-due-di-media-montagne-e-due-tappe-mosse-per-fuggitivi-o-velocisti\/","title":{"rendered":"Vuelta a Espa\u00f1a 2026,  le tappe della seconda settimana: due arrivi in salita, due di media montagne e due tappe mosse per fuggitivi o velocisti"},"content":{"rendered":"<p>Dopo nove giorni ricchi di colpi di scena e battaglie tra gli uomini di classifica, la <strong>Vuelta a Espa\u00f1a 2026<\/strong> si appresta a entrare in una\u00a0<strong>seconda settimana\u00a0<\/strong>forse con meno giornate adatte agli scalatori puri ma con diverse giornate adatte per le volate o per i fuggitivi. Si inizia con una giornata collinare, con un finale mosso aperto a opzioni differenti: potrebbe essere uno sprint o una giornata per gli attaccanti. Pi\u00f9 facile immaginare un arrivo per velocisti nella giornata di mercoled\u00ec, mentre gli uomini di classifica dovrebbero avere terreno adatto a loro gioved\u00ec e sabato. Venerd\u00ec e domenica invece sono in programma giornate di media montagna per gli attaccanti pi\u00f9 resistenti e magari altre fughe.<\/p>\n<p>Il primo giorno di riposo \u00e8 seguito dalla\u00a0<strong>Alcaraz &#8211; Elche de la Sierra<\/strong>, frazione di 184,7 km che pu\u00f2 finire in diversi modi. Dopo la partenza infatti la strada inizia subito a salire, fino ad arrivare a quasi 1400 metri sul livello del mare. I GPM di giornata per\u00f2 sono tre, tutti di terza categoria: il\u00a0<strong>Puerto del Peralejo\u00a0<\/strong>(5,2 km al 4,3%), il\u00a0<strong>Puerto de Ayna\u00a0<\/strong>(7,7 km al 4%) e soprattutto il <strong>Puerto de Socovos\u00a0<\/strong>(9,8 km al 3,5% con una punta al 10%). Quest&#8217;ultimo termina a 21 chilometri dall&#8217;arrivo ed \u00e8 seguito da una lunga discesa: potrebbe quindi essere il trampolino di lancio per un attacco decisivo. Il finale \u00e8 in falsopiano ascendente di 4 km intorno al 4%., con un breve tratto al 7%.<\/p>\n<p style=\"font-weight: 400;\">Presenta meno difficolt\u00e0 altimetriche la\u00a0<strong>Cartagena &#8211; Lorca<\/strong>, undicesima tappa in programma. Nei suoi 153,8 km comprende un solo GPM, l&#8217;<strong>Alto de Aledo<\/strong>, lungo 9,5 km con una pendenza media del 4,2%. Lo scollinamento \u00e8 previsto a 32 km dalla conclusione, buona parte dei quali sono in discesa prima di un finale pianeggiante. Non sar\u00e0 facile liberarsi delle ruote veloci, che dovrebbero avere la loro unica vera chance della seconda settimana.<\/p>\n<p>Gli uomini di classifica tornano protagonisti nella <strong>Vera &#8211; Calar Alto<\/strong>, 166,6 km durissimi con arrivo in salita. In una giornata ricchissima di salite, si inizia subito con l&#8217;Alto del Cabecico (3\u00aa cat., 8,3 km al 3,3%), poi si affrontano <strong>Alto de Cobdar<\/strong> (3\u00aa cat., 4,9 km al 4,5%) e <strong>Collado Garcia<\/strong> (2\u00aa cat., 18,5 km al 2,4%) nel tratto centrale prima di 60 km durissimi, nei quali il gruppo salir\u00e0 da 500 metri sul livello del mare all&#8217;arrivo, posto a 2153 metri. Nel mezzo ci sono da scalare i due prima categoria dell&#8217;<strong>Alto de Velefique\u00a0<\/strong>(13,1 km al 7,2%) e soprattutto proprio il\u00a0<strong>Calar Alto<\/strong>, salita molto lunga (16,9 km) con una pendenza media del 5,6% che non deve ingannare: i primi 8 km sono tutti all&#8217;8%, prima che un tratto pianeggiante e in leggero falsopiano diminuisca la difficolt\u00e0 complessiva. Chi si stacca nel pezzo iniziale pu\u00f2 pagare un distacco notevole all&#8217;arrivo.<\/p>\n<p>Dopo le fatiche del giorno precedente, la 14\u00aa tappa, da <strong>Almu\u00f1\u00e9car<\/strong> a <strong>Loja<\/strong>, dovrebbe essere pi\u00f9 tranquilla. I 192,8 km metteranno s\u00ec ulteriore fatica nelle gambe, ma le difficolt\u00e0 sono concentrate soprattutto nella prima parte. Subito dopo il via infatti si scala la\u00a0<strong>Venta de la Venta de Cebada\u00a0<\/strong>(14,1 km al 5,1%), GPM di prima categoria dove potrebbe formarsi la fuga di giornata. Una serie di saliscendi conducono poi ai piedi dell&#8217;<strong>Alto de Legionario\u00a0<\/strong>(15,6 km al 3,1%), salita lunga ma molto irregolare. A questo punto mancheranno per\u00f2 ancora pi\u00f9 di 100 km dall&#8217;arrivo, nei quali la prima parte permetter\u00e0 di rifiatare. Il momento decisivo sar\u00e0 il\u00a0<strong>Puerto de Granda\u00a0<\/strong>(7,4 km al 5,6%), posizionato a 37 km dalla conclusione: sar\u00e0 questo l&#8217;unico scenario di possibili attacchi in classifica generale.<\/p>\n<p>I big per\u00f2 potrebbero aspettare la successiva <strong>Ja\u00e9n &#8211; Sierra de la Pandera<\/strong>, 154,5 km che terminano ancora in salita. Dopo una prima parte ricca di mangia e bevi, il primo GPM viene affrontato al km 82 ed \u00e8 il\u00a0<strong>Puerto de Los Villares\u00a0<\/strong>(10,5 km al 5,4%). La corsa si animer\u00e0 al\u00a0<strong>Puerto de Locubin\u00a0<\/strong>(8,8 km al 5,1%) per poi decidersi sulla salita finale, appunto la\u00a0<strong>Sierra de la Pandera<\/strong>, prima categoria di 11,9 km con una pendenza media del 7,2%. Difficile che i migliori si lascino sfuggire questa occasione per darsi battaglia.<\/p>\n<p>La seconda settimana si conclude poi con la <strong>Palma del R\u00edo &#8211; C\u00f3rdoba<\/strong> (189,7 km), che conta 3 GPM: il\u00a0<strong>Puerto de la Forestal\u00a0<\/strong>(6,7 km al 4,1%) in avvio,\u00a0<strong>Alto de Villaviciosa de Cordoba\u00a0<\/strong>(5,7 km al 4,8%) a poco meno di 70 km dalla conclusione e infine\u00a0<strong>Puerto Artafi\u00a0<\/strong>(5,9 km al 5,5%) a 36 km dall&#8217;arrivo. Quest&#8217;ultimo \u00e8 seguito da una breve discesa, da un paio di altri strappi importanti e da una lunga picchiata verso il traguardo di Cordoba, dove potrebbe arrivare una fuga o anche qualche coraggioso dal gruppo. Non \u00e8 comunque da escludere un arrivo a ranghi pi\u00f9 o meno compatti per chiudere la settimana con uno sprint.<\/p>\n<h2>Tappe Seconda Settimana Vuelta a Espa\u00f1a 2026<\/h2>\n<table style=\"width: 100%; height: 240px;\" width=\"549\">\n<tbody>\n<tr style=\"height: 10px;\">\n<td style=\"width: 8.99795%; height: 10px;\" width=\"64\"><strong>#<\/strong><\/td>\n<td style=\"width: 10.5317%; height: 10px;\" width=\"64\"><strong>Giorno<\/strong><\/td>\n<td style=\"width: 23.1084%; height: 10px;\" width=\"141\"><strong>Tipo<\/strong><\/td>\n<td style=\"width: 45.6032%; height: 10px;\" width=\"216\"><strong>Tappa<\/strong><\/td>\n<td style=\"width: 11.6564%; height: 10px;\" width=\"64\"><strong>KM<\/strong><\/td>\n<\/tr>\n<tr>\n<td style=\"width: 8.99795%;\" align=\"right\">10\u00aa<\/td>\n<td style=\"width: 10.5317%;\">01\/09<\/td>\n<td style=\"width: 23.1084%;\">Collina<\/td>\n<td style=\"width: 45.6032%;\">Alcaraz &#8211; Elche de la Sierra<\/td>\n<td style=\"width: 11.6564%;\" align=\"right\">184,7<\/td>\n<\/tr>\n<tr>\n<td style=\"width: 8.99795%;\" align=\"right\">11\u00aa<\/td>\n<td style=\"width: 10.5317%;\">02\/09<\/td>\n<td style=\"width: 23.1084%;\">Pianura<\/td>\n<td style=\"width: 45.6032%;\">Cartagena &#8211; Lorca<\/td>\n<td style=\"width: 11.6564%;\" align=\"right\">153,8<\/td>\n<\/tr>\n<tr>\n<td style=\"width: 8.99795%;\" align=\"right\">12\u00aa<\/td>\n<td style=\"width: 10.5317%;\">03\/09<\/td>\n<td style=\"width: 23.1084%;\">Montagna<\/td>\n<td style=\"width: 45.6032%;\">Vera &#8211; Calar Alto<\/td>\n<td style=\"width: 11.6564%;\" align=\"right\">166,6<\/td>\n<\/tr>\n<tr>\n<td style=\"width: 8.99795%;\" align=\"right\">13\u00aa<\/td>\n<td style=\"width: 10.5317%;\">04\/09<\/td>\n<td style=\"width: 23.1084%;\">Media montagna<\/td>\n<td style=\"width: 45.6032%;\">Almu\u00f1\u00e9car &#8211; Loja<\/td>\n<td style=\"width: 11.6564%;\" align=\"right\">192,8<\/td>\n<\/tr>\n<tr>\n<td style=\"width: 8.99795%;\" align=\"right\">14\u00aa<\/td>\n<td style=\"width: 10.5317%;\">05\/09<\/td>\n<td style=\"width: 23.1084%;\">Montagna<\/td>\n<td style=\"width: 45.6032%;\">Ja\u00e9n &#8211; Sierra de la Pandera<\/td>\n<td style=\"width: 11.6564%;\" align=\"right\">154,5<\/td>\n<\/tr>\n<tr>\n<td style=\"width: 8.99795%;\" align=\"right\">15\u00aa<\/td>\n<td style=\"width: 10.5317%;\">06\/09<\/td>\n<td style=\"width: 23.1084%;\">Media montagna<\/td>\n<td style=\"width: 45.6032%;\">Palma del R\u00edo &#8211; C\u00f3rdoba<\/td>\n<td style=\"width: 11.6564%;\" align=\"right\">189,7<\/td>\n<\/tr>\n<\/tbody>\n<\/table>\n<h2>Altimetrie e Planimetrie Seconda Settimana Vuelta a Espa\u00f1a 2026<\/h2>\n<h3>Tappa 10 (01\/09): Alcaraz &#8211; Elche de la Sierra (184,7 km)<\/h3>\n<p><iframe loading=\"lazy\" src=\"https:\/\/secure.cyclingprodata.com\/widgets\/latest\/widgets.html?type=profile&amp;language=it&amp;tour_id=1072&amp;stage_number=10\" width=\"100%\" height=\"420px\" data-mce-fragment=\"1\"><span style=\"display: inline-block; width: 0px; overflow: hidden; line-height: 0;\" data-mce-type=\"bookmark\" class=\"mce_SELRES_start\">\ufeff<\/span><span data-mce-type=\"bookmark\" style=\"display: inline-block; width: 0px; overflow: hidden; line-height: 0;\" class=\"mce_SELRES_start\">\ufeff<\/span><span data-mce-type=\"bookmark\" style=\"display: inline-block; width: 0px; overflow: hidden; line-height: 0;\" class=\"mce_SELRES_start\">\ufeff<\/span><\/iframe><iframe loading=\"lazy\" src=\"https:\/\/secure.cyclingprodata.com\/widgets\/latest\/widgets.html?type=map&amp;language=it&amp;tour_id=1072&amp;stage_number=10\" width=\"100%\" height=\"420px\" data-mce-fragment=\"1\"><span data-mce-type=\"bookmark\" style=\"display: inline-block; width: 0px; overflow: hidden; line-height: 0;\" class=\"mce_SELRES_start\">\ufeff<\/span><span data-mce-type=\"bookmark\" style=\"display: inline-block; width: 0px; overflow: hidden; line-height: 0;\" class=\"mce_SELRES_start\">\ufeff<\/span><span data-mce-type=\"bookmark\" style=\"display: inline-block; width: 0px; overflow: hidden; line-height: 0;\" class=\"mce_SELRES_start\">\ufeff<\/span><span data-mce-type=\"bookmark\" style=\"display: inline-block; width: 0px; overflow: hidden; line-height: 0;\" class=\"mce_SELRES_start\">\ufeff<\/span><span data-mce-type=\"bookmark\" style=\"display: inline-block; width: 0px; overflow: hidden; line-height: 0;\" class=\"mce_SELRES_start\">\ufeff<\/span><span data-mce-type=\"bookmark\" style=\"display: inline-block; width: 0px; overflow: hidden; line-height: 0;\" class=\"mce_SELRES_start\">\ufeff<\/span><span data-mce-type=\"bookmark\" style=\"display: inline-block; width: 0px; overflow: hidden; line-height: 0;\" class=\"mce_SELRES_start\"><span class=\"mce_SELRES_start\" style=\"width: 0px; line-height: 0; overflow: hidden; display: inline-block;\" data-mce-type=\"bookmark\">\ufeff<\/span>\ufeff<\/span><\/iframe><\/p>\n<h3>Tappa 11 (02\/09): Cartagena &#8211; Lorca (153,8 km)<\/h3>\n<p><iframe loading=\"lazy\" src=\"https:\/\/secure.cyclingprodata.com\/widgets\/latest\/widgets.html?type=profile&amp;language=it&amp;tour_id=1072&amp;stage_number=11\" width=\"100%\" height=\"420px\" data-mce-fragment=\"1\"><span style=\"display: inline-block; width: 0px; overflow: hidden; line-height: 0;\" data-mce-type=\"bookmark\" class=\"mce_SELRES_start\">\ufeff<\/span><span data-mce-type=\"bookmark\" style=\"display: inline-block; width: 0px; overflow: hidden; line-height: 0;\" class=\"mce_SELRES_start\">\ufeff<\/span><span data-mce-type=\"bookmark\" style=\"display: inline-block; width: 0px; overflow: hidden; line-height: 0;\" class=\"mce_SELRES_start\">\ufeff<\/span><\/iframe><iframe loading=\"lazy\" src=\"https:\/\/secure.cyclingprodata.com\/widgets\/latest\/widgets.html?type=map&amp;language=it&amp;tour_id=1072&amp;stage_number=11\" width=\"100%\" height=\"420px\" data-mce-fragment=\"1\"><span data-mce-type=\"bookmark\" style=\"display: inline-block; width: 0px; overflow: hidden; line-height: 0;\" class=\"mce_SELRES_start\">\ufeff<\/span><span data-mce-type=\"bookmark\" style=\"display: inline-block; width: 0px; overflow: hidden; line-height: 0;\" class=\"mce_SELRES_start\">\ufeff<\/span><span data-mce-type=\"bookmark\" style=\"display: inline-block; width: 0px; overflow: hidden; line-height: 0;\" class=\"mce_SELRES_start\">\ufeff<\/span><span data-mce-type=\"bookmark\" style=\"display: inline-block; width: 0px; overflow: hidden; line-height: 0;\" class=\"mce_SELRES_start\">\ufeff<\/span><span data-mce-type=\"bookmark\" style=\"display: inline-block; width: 0px; overflow: hidden; line-height: 0;\" class=\"mce_SELRES_start\">\ufeff<\/span><span data-mce-type=\"bookmark\" style=\"display: inline-block; width: 0px; overflow: hidden; line-height: 0;\" class=\"mce_SELRES_start\">\ufeff<\/span><span data-mce-type=\"bookmark\" style=\"display: inline-block; width: 0px; overflow: hidden; line-height: 0;\" class=\"mce_SELRES_start\"><span class=\"mce_SELRES_start\" style=\"width: 0px; line-height: 0; overflow: hidden; display: inline-block;\" data-mce-type=\"bookmark\">\ufeff<\/span>\ufeff<\/span><\/iframe><\/p>\n<h3>Tappa 12 (03\/09): Vera &#8211; Calar Alto (166,6 km)<\/h3>\n<p><iframe loading=\"lazy\" src=\"https:\/\/secure.cyclingprodata.com\/widgets\/latest\/widgets.html?type=profile&amp;language=it&amp;tour_id=1072&amp;stage_number=12\" width=\"100%\" height=\"420px\" data-mce-fragment=\"1\"><span style=\"display: inline-block; width: 0px; overflow: hidden; line-height: 0;\" data-mce-type=\"bookmark\" class=\"mce_SELRES_start\">\ufeff<\/span><span data-mce-type=\"bookmark\" style=\"display: inline-block; width: 0px; overflow: hidden; line-height: 0;\" class=\"mce_SELRES_start\">\ufeff<\/span><span data-mce-type=\"bookmark\" style=\"display: inline-block; width: 0px; overflow: hidden; line-height: 0;\" class=\"mce_SELRES_start\">\ufeff<\/span><\/iframe><iframe loading=\"lazy\" src=\"https:\/\/secure.cyclingprodata.com\/widgets\/latest\/widgets.html?type=map&amp;language=it&amp;tour_id=1072&amp;stage_number=12\" width=\"100%\" height=\"420px\" data-mce-fragment=\"1\"><span data-mce-type=\"bookmark\" style=\"display: inline-block; width: 0px; overflow: hidden; line-height: 0;\" class=\"mce_SELRES_start\">\ufeff<\/span><span data-mce-type=\"bookmark\" style=\"display: inline-block; width: 0px; overflow: hidden; line-height: 0;\" class=\"mce_SELRES_start\">\ufeff<\/span><span data-mce-type=\"bookmark\" style=\"display: inline-block; width: 0px; overflow: hidden; line-height: 0;\" class=\"mce_SELRES_start\">\ufeff<\/span><span data-mce-type=\"bookmark\" style=\"display: inline-block; width: 0px; overflow: hidden; line-height: 0;\" class=\"mce_SELRES_start\">\ufeff<\/span><span data-mce-type=\"bookmark\" style=\"display: inline-block; width: 0px; overflow: hidden; line-height: 0;\" class=\"mce_SELRES_start\">\ufeff<\/span><span data-mce-type=\"bookmark\" style=\"display: inline-block; width: 0px; overflow: hidden; line-height: 0;\" class=\"mce_SELRES_start\">\ufeff<\/span><span data-mce-type=\"bookmark\" style=\"display: inline-block; width: 0px; overflow: hidden; line-height: 0;\" class=\"mce_SELRES_start\"><span class=\"mce_SELRES_start\" style=\"width: 0px; line-height: 0; overflow: hidden; display: inline-block;\" data-mce-type=\"bookmark\">\ufeff<\/span>\ufeff<\/span><\/iframe><\/p>\n<h3>Tappa 13 (04\/09): Almu\u00f1\u00e9car &#8211; Loja (192,8 km)<\/h3>\n<p><iframe loading=\"lazy\" src=\"https:\/\/secure.cyclingprodata.com\/widgets\/latest\/widgets.html?type=profile&amp;language=it&amp;tour_id=1072&amp;stage_number=13\" width=\"100%\" height=\"420px\" data-mce-fragment=\"1\"><span style=\"display: inline-block; width: 0px; overflow: hidden; line-height: 0;\" data-mce-type=\"bookmark\" class=\"mce_SELRES_start\">\ufeff<\/span><span data-mce-type=\"bookmark\" style=\"display: inline-block; width: 0px; overflow: hidden; line-height: 0;\" class=\"mce_SELRES_start\">\ufeff<\/span><span data-mce-type=\"bookmark\" style=\"display: inline-block; width: 0px; overflow: hidden; line-height: 0;\" class=\"mce_SELRES_start\">\ufeff<\/span><\/iframe><iframe loading=\"lazy\" src=\"https:\/\/secure.cyclingprodata.com\/widgets\/latest\/widgets.html?type=map&amp;language=it&amp;tour_id=1072&amp;stage_number=13\" width=\"100%\" height=\"420px\" data-mce-fragment=\"1\"><span data-mce-type=\"bookmark\" style=\"display: inline-block; width: 0px; overflow: hidden; line-height: 0;\" class=\"mce_SELRES_start\">\ufeff<\/span><span data-mce-type=\"bookmark\" style=\"display: inline-block; width: 0px; overflow: hidden; line-height: 0;\" class=\"mce_SELRES_start\">\ufeff<\/span><span data-mce-type=\"bookmark\" style=\"display: inline-block; width: 0px; overflow: hidden; line-height: 0;\" class=\"mce_SELRES_start\">\ufeff<\/span><span data-mce-type=\"bookmark\" style=\"display: inline-block; width: 0px; overflow: hidden; line-height: 0;\" class=\"mce_SELRES_start\">\ufeff<\/span><span data-mce-type=\"bookmark\" style=\"display: inline-block; width: 0px; overflow: hidden; line-height: 0;\" class=\"mce_SELRES_start\">\ufeff<\/span><span data-mce-type=\"bookmark\" style=\"display: inline-block; width: 0px; overflow: hidden; line-height: 0;\" class=\"mce_SELRES_start\">\ufeff<\/span><span data-mce-type=\"bookmark\" style=\"display: inline-block; width: 0px; overflow: hidden; line-height: 0;\" class=\"mce_SELRES_start\"><span class=\"mce_SELRES_start\" style=\"width: 0px; line-height: 0; overflow: hidden; display: inline-block;\" data-mce-type=\"bookmark\">\ufeff<\/span>\ufeff<\/span><\/iframe><\/p>\n<h3>Tappa 14 (05\/09): Ja\u00e9n &#8211; Sierra de la Pandera (154,5 km)<\/h3>\n<p><iframe loading=\"lazy\" src=\"https:\/\/secure.cyclingprodata.com\/widgets\/latest\/widgets.html?type=profile&amp;language=it&amp;tour_id=1072&amp;stage_number=14\" width=\"100%\" height=\"420px\" data-mce-fragment=\"1\"><span style=\"display: inline-block; width: 0px; overflow: hidden; line-height: 0;\" data-mce-type=\"bookmark\" class=\"mce_SELRES_start\">\ufeff<\/span><span data-mce-type=\"bookmark\" style=\"display: inline-block; width: 0px; overflow: hidden; line-height: 0;\" class=\"mce_SELRES_start\">\ufeff<\/span><span data-mce-type=\"bookmark\" style=\"display: inline-block; width: 0px; overflow: hidden; line-height: 0;\" class=\"mce_SELRES_start\">\ufeff<\/span><\/iframe><iframe loading=\"lazy\" src=\"https:\/\/secure.cyclingprodata.com\/widgets\/latest\/widgets.html?type=map&amp;language=it&amp;tour_id=1072&amp;stage_number=14\" width=\"100%\" height=\"420px\" data-mce-fragment=\"1\"><span data-mce-type=\"bookmark\" style=\"display: inline-block; width: 0px; overflow: hidden; line-height: 0;\" class=\"mce_SELRES_start\">\ufeff<\/span><span data-mce-type=\"bookmark\" style=\"display: inline-block; width: 0px; overflow: hidden; line-height: 0;\" class=\"mce_SELRES_start\">\ufeff<\/span><span data-mce-type=\"bookmark\" style=\"display: inline-block; width: 0px; overflow: hidden; line-height: 0;\" class=\"mce_SELRES_start\">\ufeff<\/span><span data-mce-type=\"bookmark\" style=\"display: inline-block; width: 0px; overflow: hidden; line-height: 0;\" class=\"mce_SELRES_start\">\ufeff<\/span><span data-mce-type=\"bookmark\" style=\"display: inline-block; width: 0px; overflow: hidden; line-height: 0;\" class=\"mce_SELRES_start\">\ufeff<\/span><span data-mce-type=\"bookmark\" style=\"display: inline-block; width: 0px; overflow: hidden; line-height: 0;\" class=\"mce_SELRES_start\">\ufeff<\/span><span data-mce-type=\"bookmark\" style=\"display: inline-block; width: 0px; overflow: hidden; line-height: 0;\" class=\"mce_SELRES_start\"><span class=\"mce_SELRES_start\" style=\"width: 0px; line-height: 0; overflow: hidden; display: inline-block;\" data-mce-type=\"bookmark\">\ufeff<\/span>\ufeff<\/span><\/iframe><\/p>\n<h3>Tappa 15 (06\/09): Palma del R\u00edo &#8211; C\u00f3rdoba (189,7 km)<\/h3>\n<p><iframe loading=\"lazy\" src=\"https:\/\/secure.cyclingprodata.com\/widgets\/latest\/widgets.html?type=profile&amp;language=it&amp;tour_id=1072&amp;stage_number=15\" width=\"100%\" height=\"420px\" data-mce-fragment=\"1\"><span style=\"display: inline-block; width: 0px; overflow: hidden; line-height: 0;\" data-mce-type=\"bookmark\" class=\"mce_SELRES_start\">\ufeff<\/span><span data-mce-type=\"bookmark\" style=\"display: inline-block; width: 0px; overflow: hidden; line-height: 0;\" class=\"mce_SELRES_start\">\ufeff<\/span><span data-mce-type=\"bookmark\" style=\"display: inline-block; width: 0px; overflow: hidden; line-height: 0;\" class=\"mce_SELRES_start\">\ufeff<\/span><\/iframe><iframe loading=\"lazy\" src=\"https:\/\/secure.cyclingprodata.com\/widgets\/latest\/widgets.html?type=map&amp;language=it&amp;tour_id=1072&amp;stage_number=15\" width=\"100%\" height=\"420px\" data-mce-fragment=\"1\"><span data-mce-type=\"bookmark\" style=\"display: inline-block; width: 0px; overflow: hidden; line-height: 0;\" class=\"mce_SELRES_start\">\ufeff<\/span><span data-mce-type=\"bookmark\" style=\"display: inline-block; width: 0px; overflow: hidden; line-height: 0;\" class=\"mce_SELRES_start\">\ufeff<\/span><span data-mce-type=\"bookmark\" style=\"display: inline-block; width: 0px; overflow: hidden; line-height: 0;\" class=\"mce_SELRES_start\">\ufeff<\/span><span data-mce-type=\"bookmark\" style=\"display: inline-block; width: 0px; overflow: hidden; line-height: 0;\" class=\"mce_SELRES_start\">\ufeff<\/span><span data-mce-type=\"bookmark\" style=\"display: inline-block; width: 0px; overflow: hidden; line-height: 0;\" class=\"mce_SELRES_start\">\ufeff<\/span><span data-mce-type=\"bookmark\" style=\"display: inline-block; width: 0px; overflow: hidden; line-height: 0;\" class=\"mce_SELRES_start\">\ufeff<\/span><span data-mce-type=\"bookmark\" style=\"display: inline-block; width: 0px; overflow: hidden; line-height: 0;\" class=\"mce_SELRES_start\">\ufeff<\/span><span data-mce-type=\"bookmark\" style=\"display: inline-block; width: 0px; overflow: hidden; line-height: 0;\" class=\"mce_SELRES_start\">\ufeff<\/span><span data-mce-type=\"bookmark\" style=\"display: inline-block; width: 0px; overflow: hidden; line-height: 0;\" class=\"mce_SELRES_start\"><span class=\"mce_SELRES_start\" style=\"width: 0px; line-height: 0; overflow: hidden; display: inline-block;\" data-mce-type=\"bookmark\">\ufeff<\/span>\ufeff<\/span><\/iframe><\/p>\n","protected":false},"excerpt":{"rendered":"<p>Vediamo nel dettaglio cosa ci aspetta questa settimana a #LaVuelta26<\/p>\n","protected":false},"author":15,"featured_media":392813,"comment_status":"open","ping_status":"closed","sticky":false,"template":"","format":"standard","meta":{"footnotes":"","_members_access_role":[],"_members_access_error":""},"categories":[21,6589],"tags":[5752],"class_list":["post-393054","post","type-post","status-publish","format-standard","has-post-thumbnail","hentry","category-vetrina","category-vuelta-2026","tag-vuelta-a-espana-2026"],"yoast_head":"<!-- This site is optimized with the Yoast SEO plugin v28.3 - https:\/\/yoast.com\/product\/yoast-seo-wordpress\/ -->\n<title>Vuelta a Espa\u00f1a 2026, le tappe della seconda settimana: due arrivi in salita, due di media montagne e due tappe mosse per fuggitivi o velocisti - SpazioCiclismo<\/title>\n<meta name=\"robots\" content=\"index, follow, max-snippet:-1, max-image-preview:large, max-video-preview:-1\" \/>\n<link rel=\"canonical\" href=\"https:\/\/cyclingpro.net\/spaziociclismo\/vuelta-2026\/vuelta-a-espana-2026-le-tappe-della-seconda-settimana-due-arrivi-in-salita-due-di-media-montagne-e-due-tappe-mosse-per-fuggitivi-o-velocisti\/\" \/>\n<meta property=\"og:locale\" content=\"it_IT\" \/>\n<meta property=\"og:type\" content=\"article\" \/>\n<meta property=\"og:title\" content=\"Vuelta a Espa\u00f1a 2026, le tappe della seconda settimana: due arrivi in salita, due di media montagne e due tappe mosse per fuggitivi o velocisti - SpazioCiclismo\" \/>\n<meta property=\"og:description\" content=\"Vediamo nel dettaglio cosa ci aspetta questa settimana a #LaVuelta26\" \/>\n<meta property=\"og:url\" content=\"https:\/\/cyclingpro.net\/spaziociclismo\/vuelta-2026\/vuelta-a-espana-2026-le-tappe-della-seconda-settimana-due-arrivi-in-salita-due-di-media-montagne-e-due-tappe-mosse-per-fuggitivi-o-velocisti\/\" \/>\n<meta property=\"og:site_name\" content=\"SpazioCiclismo\" \/>\n<meta property=\"article:publisher\" content=\"https:\/\/www.facebook.com\/SpazioCiclismo\/\" \/>\n<meta property=\"article:published_time\" content=\"2026-08-31T16:00:43+00:00\" \/>\n<meta property=\"og:image\" content=\"https:\/\/cyclingpro.net\/spaziociclismo\/wp-content\/uploads\/2026\/08\/1289307244-scaled.jpg\" \/>\n\t<meta property=\"og:image:width\" content=\"2560\" \/>\n\t<meta property=\"og:image:height\" content=\"1707\" \/>\n\t<meta property=\"og:image:type\" content=\"image\/jpeg\" \/>\n<meta name=\"author\" content=\"Davide Terraneo\" \/>\n<meta name=\"twitter:card\" content=\"summary_large_image\" \/>\n<meta name=\"twitter:creator\" content=\"@spaziociclismo\" \/>\n<meta name=\"twitter:site\" content=\"@spaziociclismo\" \/>\n<meta name=\"twitter:label1\" content=\"Scritto da\" \/>\n\t<meta name=\"twitter:data1\" content=\"Davide Terraneo\" \/>\n\t<meta name=\"twitter:label2\" content=\"Tempo di lettura stimato\" \/>\n\t<meta name=\"twitter:data2\" content=\"6 minuti\" \/>\n<script type=\"application\/ld+json\" class=\"yoast-schema-graph\">{\"@context\":\"https:\\\/\\\/schema.org\",\"@graph\":[{\"@type\":\"Article\",\"@id\":\"https:\\\/\\\/cyclingpro.net\\\/spaziociclismo\\\/vuelta-2026\\\/vuelta-a-espana-2026-le-tappe-della-seconda-settimana-due-arrivi-in-salita-due-di-media-montagne-e-due-tappe-mosse-per-fuggitivi-o-velocisti\\\/#article\",\"isPartOf\":{\"@id\":\"https:\\\/\\\/cyclingpro.net\\\/spaziociclismo\\\/vuelta-2026\\\/vuelta-a-espana-2026-le-tappe-della-seconda-settimana-due-arrivi-in-salita-due-di-media-montagne-e-due-tappe-mosse-per-fuggitivi-o-velocisti\\\/\"},\"author\":{\"name\":\"Davide Terraneo\",\"@id\":\"https:\\\/\\\/cyclingpro.net\\\/spaziociclismo\\\/#\\\/schema\\\/person\\\/7e1a937a7dba4e684209b697ab87796a\"},\"headline\":\"Vuelta a Espa\u00f1a 2026, le tappe della seconda settimana: due arrivi in salita, due di media montagne e due tappe mosse per fuggitivi o velocisti\",\"datePublished\":\"2026-08-31T16:00:43+00:00\",\"mainEntityOfPage\":{\"@id\":\"https:\\\/\\\/cyclingpro.net\\\/spaziociclismo\\\/vuelta-2026\\\/vuelta-a-espana-2026-le-tappe-della-seconda-settimana-due-arrivi-in-salita-due-di-media-montagne-e-due-tappe-mosse-per-fuggitivi-o-velocisti\\\/\"},\"wordCount\":883,\"commentCount\":0,\"publisher\":{\"@id\":\"https:\\\/\\\/cyclingpro.net\\\/spaziociclismo\\\/#organization\"},\"image\":{\"@id\":\"https:\\\/\\\/cyclingpro.net\\\/spaziociclismo\\\/vuelta-2026\\\/vuelta-a-espana-2026-le-tappe-della-seconda-settimana-due-arrivi-in-salita-due-di-media-montagne-e-due-tappe-mosse-per-fuggitivi-o-velocisti\\\/#primaryimage\"},\"thumbnailUrl\":\"https:\\\/\\\/cyclingpro.net\\\/spaziociclismo\\\/wp-content\\\/uploads\\\/2026\\\/08\\\/1289307244-scaled.jpg\",\"keywords\":[\"Vuelta a Espa\u00f1a 2026\"],\"articleSection\":[\"Vetrina\",\"Vuelta 2026\"],\"inLanguage\":\"it-IT\",\"potentialAction\":[{\"@type\":\"CommentAction\",\"name\":\"Comment\",\"target\":[\"https:\\\/\\\/cyclingpro.net\\\/spaziociclismo\\\/vuelta-2026\\\/vuelta-a-espana-2026-le-tappe-della-seconda-settimana-due-arrivi-in-salita-due-di-media-montagne-e-due-tappe-mosse-per-fuggitivi-o-velocisti\\\/#respond\"]}]},{\"@type\":\"WebPage\",\"@id\":\"https:\\\/\\\/cyclingpro.net\\\/spaziociclismo\\\/vuelta-2026\\\/vuelta-a-espana-2026-le-tappe-della-seconda-settimana-due-arrivi-in-salita-due-di-media-montagne-e-due-tappe-mosse-per-fuggitivi-o-velocisti\\\/\",\"url\":\"https:\\\/\\\/cyclingpro.net\\\/spaziociclismo\\\/vuelta-2026\\\/vuelta-a-espana-2026-le-tappe-della-seconda-settimana-due-arrivi-in-salita-due-di-media-montagne-e-due-tappe-mosse-per-fuggitivi-o-velocisti\\\/\",\"name\":\"Vuelta a Espa\u00f1a 2026, le tappe della seconda settimana: due arrivi in salita, due di media montagne e due tappe mosse per fuggitivi o velocisti - SpazioCiclismo\",\"isPartOf\":{\"@id\":\"https:\\\/\\\/cyclingpro.net\\\/spaziociclismo\\\/#website\"},\"primaryImageOfPage\":{\"@id\":\"https:\\\/\\\/cyclingpro.net\\\/spaziociclismo\\\/vuelta-2026\\\/vuelta-a-espana-2026-le-tappe-della-seconda-settimana-due-arrivi-in-salita-due-di-media-montagne-e-due-tappe-mosse-per-fuggitivi-o-velocisti\\\/#primaryimage\"},\"image\":{\"@id\":\"https:\\\/\\\/cyclingpro.net\\\/spaziociclismo\\\/vuelta-2026\\\/vuelta-a-espana-2026-le-tappe-della-seconda-settimana-due-arrivi-in-salita-due-di-media-montagne-e-due-tappe-mosse-per-fuggitivi-o-velocisti\\\/#primaryimage\"},\"thumbnailUrl\":\"https:\\\/\\\/cyclingpro.net\\\/spaziociclismo\\\/wp-content\\\/uploads\\\/2026\\\/08\\\/1289307244-scaled.jpg\",\"datePublished\":\"2026-08-31T16:00:43+00:00\",\"breadcrumb\":{\"@id\":\"https:\\\/\\\/cyclingpro.net\\\/spaziociclismo\\\/vuelta-2026\\\/vuelta-a-espana-2026-le-tappe-della-seconda-settimana-due-arrivi-in-salita-due-di-media-montagne-e-due-tappe-mosse-per-fuggitivi-o-velocisti\\\/#breadcrumb\"},\"inLanguage\":\"it-IT\",\"potentialAction\":[{\"@type\":\"ReadAction\",\"target\":[\"https:\\\/\\\/cyclingpro.net\\\/spaziociclismo\\\/vuelta-2026\\\/vuelta-a-espana-2026-le-tappe-della-seconda-settimana-due-arrivi-in-salita-due-di-media-montagne-e-due-tappe-mosse-per-fuggitivi-o-velocisti\\\/\"]}]},{\"@type\":\"ImageObject\",\"inLanguage\":\"it-IT\",\"@id\":\"https:\\\/\\\/cyclingpro.net\\\/spaziociclismo\\\/vuelta-2026\\\/vuelta-a-espana-2026-le-tappe-della-seconda-settimana-due-arrivi-in-salita-due-di-media-montagne-e-due-tappe-mosse-per-fuggitivi-o-velocisti\\\/#primaryimage\",\"url\":\"https:\\\/\\\/cyclingpro.net\\\/spaziociclismo\\\/wp-content\\\/uploads\\\/2026\\\/08\\\/1289307244-scaled.jpg\",\"contentUrl\":\"https:\\\/\\\/cyclingpro.net\\\/spaziociclismo\\\/wp-content\\\/uploads\\\/2026\\\/08\\\/1289307244-scaled.jpg\",\"width\":2560,\"height\":1707,\"caption\":\"\u00a9 Sirotti\"},{\"@type\":\"BreadcrumbList\",\"@id\":\"https:\\\/\\\/cyclingpro.net\\\/spaziociclismo\\\/vuelta-2026\\\/vuelta-a-espana-2026-le-tappe-della-seconda-settimana-due-arrivi-in-salita-due-di-media-montagne-e-due-tappe-mosse-per-fuggitivi-o-velocisti\\\/#breadcrumb\",\"itemListElement\":[{\"@type\":\"ListItem\",\"position\":1,\"name\":\"Home\",\"item\":\"https:\\\/\\\/cyclingpro.net\\\/spaziociclismo\\\/\"},{\"@type\":\"ListItem\",\"position\":2,\"name\":\"Vuelta a Espa\u00f1a 2026, le tappe della seconda settimana: due arrivi in salita, due di media montagne e due tappe mosse per fuggitivi o velocisti\"}]},{\"@type\":\"WebSite\",\"@id\":\"https:\\\/\\\/cyclingpro.net\\\/spaziociclismo\\\/#website\",\"url\":\"https:\\\/\\\/cyclingpro.net\\\/spaziociclismo\\\/\",\"name\":\"SpazioCiclismo\",\"description\":\"Tutto il ciclismo minuto per minuto\",\"publisher\":{\"@id\":\"https:\\\/\\\/cyclingpro.net\\\/spaziociclismo\\\/#organization\"},\"potentialAction\":[{\"@type\":\"SearchAction\",\"target\":{\"@type\":\"EntryPoint\",\"urlTemplate\":\"https:\\\/\\\/cyclingpro.net\\\/spaziociclismo\\\/?s={search_term_string}\"},\"query-input\":{\"@type\":\"PropertyValueSpecification\",\"valueRequired\":true,\"valueName\":\"search_term_string\"}}],\"inLanguage\":\"it-IT\"},{\"@type\":\"Organization\",\"@id\":\"https:\\\/\\\/cyclingpro.net\\\/spaziociclismo\\\/#organization\",\"name\":\"SpazioCiclismo\",\"url\":\"https:\\\/\\\/cyclingpro.net\\\/spaziociclismo\\\/\",\"logo\":{\"@type\":\"ImageObject\",\"inLanguage\":\"it-IT\",\"@id\":\"https:\\\/\\\/cyclingpro.net\\\/spaziociclismo\\\/#\\\/schema\\\/logo\\\/image\\\/\",\"url\":\"https:\\\/\\\/cyclingpro.net\\\/spaziociclismo\\\/wp-content\\\/uploads\\\/2017\\\/02\\\/SpazioCiclismo-Logo-Quadrato.png\",\"contentUrl\":\"https:\\\/\\\/cyclingpro.net\\\/spaziociclismo\\\/wp-content\\\/uploads\\\/2017\\\/02\\\/SpazioCiclismo-Logo-Quadrato.png\",\"width\":450,\"height\":450,\"caption\":\"SpazioCiclismo\"},\"image\":{\"@id\":\"https:\\\/\\\/cyclingpro.net\\\/spaziociclismo\\\/#\\\/schema\\\/logo\\\/image\\\/\"},\"sameAs\":[\"https:\\\/\\\/www.facebook.com\\\/SpazioCiclismo\\\/\",\"https:\\\/\\\/x.com\\\/spaziociclismo\",\"https:\\\/\\\/www.instagram.com\\\/spaziociclismo\\\/\"]},{\"@type\":\"Person\",\"@id\":\"https:\\\/\\\/cyclingpro.net\\\/spaziociclismo\\\/#\\\/schema\\\/person\\\/7e1a937a7dba4e684209b697ab87796a\",\"name\":\"Davide Terraneo\",\"image\":{\"@type\":\"ImageObject\",\"inLanguage\":\"it-IT\",\"@id\":\"https:\\\/\\\/secure.gravatar.com\\\/avatar\\\/ff8491b63094864b9d94b44d6465d0050c0872ad4112e51a3cee77d0500a47c5?s=96&d=mm&r=g\",\"url\":\"https:\\\/\\\/secure.gravatar.com\\\/avatar\\\/ff8491b63094864b9d94b44d6465d0050c0872ad4112e51a3cee77d0500a47c5?s=96&d=mm&r=g\",\"contentUrl\":\"https:\\\/\\\/secure.gravatar.com\\\/avatar\\\/ff8491b63094864b9d94b44d6465d0050c0872ad4112e51a3cee77d0500a47c5?s=96&d=mm&r=g\",\"caption\":\"Davide Terraneo\"},\"url\":\"https:\\\/\\\/cyclingpro.net\\\/spaziociclismo\\\/author\\\/dterraneo\\\/\"}]}<\/script>\n<!-- \/ Yoast SEO plugin. -->","yoast_head_json":{"title":"Vuelta a Espa\u00f1a 2026, le tappe della seconda settimana: due arrivi in salita, due di media montagne e due tappe mosse per fuggitivi o velocisti - SpazioCiclismo","robots":{"index":"index","follow":"follow","max-snippet":"max-snippet:-1","max-image-preview":"max-image-preview:large","max-video-preview":"max-video-preview:-1"},"canonical":"https:\/\/cyclingpro.net\/spaziociclismo\/vuelta-2026\/vuelta-a-espana-2026-le-tappe-della-seconda-settimana-due-arrivi-in-salita-due-di-media-montagne-e-due-tappe-mosse-per-fuggitivi-o-velocisti\/","og_locale":"it_IT","og_type":"article","og_title":"Vuelta a Espa\u00f1a 2026, le tappe della seconda settimana: due arrivi in salita, due di media montagne e due tappe mosse per fuggitivi o velocisti - SpazioCiclismo","og_description":"Vediamo nel dettaglio cosa ci aspetta questa settimana a #LaVuelta26","og_url":"https:\/\/cyclingpro.net\/spaziociclismo\/vuelta-2026\/vuelta-a-espana-2026-le-tappe-della-seconda-settimana-due-arrivi-in-salita-due-di-media-montagne-e-due-tappe-mosse-per-fuggitivi-o-velocisti\/","og_site_name":"SpazioCiclismo","article_publisher":"https:\/\/www.facebook.com\/SpazioCiclismo\/","article_published_time":"2026-08-31T16:00:43+00:00","og_image":[{"width":2560,"height":1707,"url":"https:\/\/cyclingpro.net\/spaziociclismo\/wp-content\/uploads\/2026\/08\/1289307244-scaled.jpg","type":"image\/jpeg"}],"author":"Davide Terraneo","twitter_card":"summary_large_image","twitter_creator":"@spaziociclismo","twitter_site":"@spaziociclismo","twitter_misc":{"Scritto da":"Davide Terraneo","Tempo di lettura stimato":"6 minuti"},"schema":{"@context":"https:\/\/schema.org","@graph":[{"@type":"Article","@id":"https:\/\/cyclingpro.net\/spaziociclismo\/vuelta-2026\/vuelta-a-espana-2026-le-tappe-della-seconda-settimana-due-arrivi-in-salita-due-di-media-montagne-e-due-tappe-mosse-per-fuggitivi-o-velocisti\/#article","isPartOf":{"@id":"https:\/\/cyclingpro.net\/spaziociclismo\/vuelta-2026\/vuelta-a-espana-2026-le-tappe-della-seconda-settimana-due-arrivi-in-salita-due-di-media-montagne-e-due-tappe-mosse-per-fuggitivi-o-velocisti\/"},"author":{"name":"Davide Terraneo","@id":"https:\/\/cyclingpro.net\/spaziociclismo\/#\/schema\/person\/7e1a937a7dba4e684209b697ab87796a"},"headline":"Vuelta a Espa\u00f1a 2026, le tappe della seconda settimana: due arrivi in salita, due di media montagne e due tappe mosse per fuggitivi o velocisti","datePublished":"2026-08-31T16:00:43+00:00","mainEntityOfPage":{"@id":"https:\/\/cyclingpro.net\/spaziociclismo\/vuelta-2026\/vuelta-a-espana-2026-le-tappe-della-seconda-settimana-due-arrivi-in-salita-due-di-media-montagne-e-due-tappe-mosse-per-fuggitivi-o-velocisti\/"},"wordCount":883,"commentCount":0,"publisher":{"@id":"https:\/\/cyclingpro.net\/spaziociclismo\/#organization"},"image":{"@id":"https:\/\/cyclingpro.net\/spaziociclismo\/vuelta-2026\/vuelta-a-espana-2026-le-tappe-della-seconda-settimana-due-arrivi-in-salita-due-di-media-montagne-e-due-tappe-mosse-per-fuggitivi-o-velocisti\/#primaryimage"},"thumbnailUrl":"https:\/\/cyclingpro.net\/spaziociclismo\/wp-content\/uploads\/2026\/08\/1289307244-scaled.jpg","keywords":["Vuelta a Espa\u00f1a 2026"],"articleSection":["Vetrina","Vuelta 2026"],"inLanguage":"it-IT","potentialAction":[{"@type":"CommentAction","name":"Comment","target":["https:\/\/cyclingpro.net\/spaziociclismo\/vuelta-2026\/vuelta-a-espana-2026-le-tappe-della-seconda-settimana-due-arrivi-in-salita-due-di-media-montagne-e-due-tappe-mosse-per-fuggitivi-o-velocisti\/#respond"]}]},{"@type":"WebPage","@id":"https:\/\/cyclingpro.net\/spaziociclismo\/vuelta-2026\/vuelta-a-espana-2026-le-tappe-della-seconda-settimana-due-arrivi-in-salita-due-di-media-montagne-e-due-tappe-mosse-per-fuggitivi-o-velocisti\/","url":"https:\/\/cyclingpro.net\/spaziociclismo\/vuelta-2026\/vuelta-a-espana-2026-le-tappe-della-seconda-settimana-due-arrivi-in-salita-due-di-media-montagne-e-due-tappe-mosse-per-fuggitivi-o-velocisti\/","name":"Vuelta a Espa\u00f1a 2026, le tappe della seconda settimana: due arrivi in salita, due di media montagne e due tappe mosse per fuggitivi o velocisti - SpazioCiclismo","isPartOf":{"@id":"https:\/\/cyclingpro.net\/spaziociclismo\/#website"},"primaryImageOfPage":{"@id":"https:\/\/cyclingpro.net\/spaziociclismo\/vuelta-2026\/vuelta-a-espana-2026-le-tappe-della-seconda-settimana-due-arrivi-in-salita-due-di-media-montagne-e-due-tappe-mosse-per-fuggitivi-o-velocisti\/#primaryimage"},"image":{"@id":"https:\/\/cyclingpro.net\/spaziociclismo\/vuelta-2026\/vuelta-a-espana-2026-le-tappe-della-seconda-settimana-due-arrivi-in-salita-due-di-media-montagne-e-due-tappe-mosse-per-fuggitivi-o-velocisti\/#primaryimage"},"thumbnailUrl":"https:\/\/cyclingpro.net\/spaziociclismo\/wp-content\/uploads\/2026\/08\/1289307244-scaled.jpg","datePublished":"2026-08-31T16:00:43+00:00","breadcrumb":{"@id":"https:\/\/cyclingpro.net\/spaziociclismo\/vuelta-2026\/vuelta-a-espana-2026-le-tappe-della-seconda-settimana-due-arrivi-in-salita-due-di-media-montagne-e-due-tappe-mosse-per-fuggitivi-o-velocisti\/#breadcrumb"},"inLanguage":"it-IT","potentialAction":[{"@type":"ReadAction","target":["https:\/\/cyclingpro.net\/spaziociclismo\/vuelta-2026\/vuelta-a-espana-2026-le-tappe-della-seconda-settimana-due-arrivi-in-salita-due-di-media-montagne-e-due-tappe-mosse-per-fuggitivi-o-velocisti\/"]}]},{"@type":"ImageObject","inLanguage":"it-IT","@id":"https:\/\/cyclingpro.net\/spaziociclismo\/vuelta-2026\/vuelta-a-espana-2026-le-tappe-della-seconda-settimana-due-arrivi-in-salita-due-di-media-montagne-e-due-tappe-mosse-per-fuggitivi-o-velocisti\/#primaryimage","url":"https:\/\/cyclingpro.net\/spaziociclismo\/wp-content\/uploads\/2026\/08\/1289307244-scaled.jpg","contentUrl":"https:\/\/cyclingpro.net\/spaziociclismo\/wp-content\/uploads\/2026\/08\/1289307244-scaled.jpg","width":2560,"height":1707,"caption":"\u00a9 Sirotti"},{"@type":"BreadcrumbList","@id":"https:\/\/cyclingpro.net\/spaziociclismo\/vuelta-2026\/vuelta-a-espana-2026-le-tappe-della-seconda-settimana-due-arrivi-in-salita-due-di-media-montagne-e-due-tappe-mosse-per-fuggitivi-o-velocisti\/#breadcrumb","itemListElement":[{"@type":"ListItem","position":1,"name":"Home","item":"https:\/\/cyclingpro.net\/spaziociclismo\/"},{"@type":"ListItem","position":2,"name":"Vuelta a Espa\u00f1a 2026, le tappe della seconda settimana: due arrivi in salita, due di media montagne e due tappe mosse per fuggitivi o velocisti"}]},{"@type":"WebSite","@id":"https:\/\/cyclingpro.net\/spaziociclismo\/#website","url":"https:\/\/cyclingpro.net\/spaziociclismo\/","name":"SpazioCiclismo","description":"Tutto il ciclismo minuto per minuto","publisher":{"@id":"https:\/\/cyclingpro.net\/spaziociclismo\/#organization"},"potentialAction":[{"@type":"SearchAction","target":{"@type":"EntryPoint","urlTemplate":"https:\/\/cyclingpro.net\/spaziociclismo\/?s={search_term_string}"},"query-input":{"@type":"PropertyValueSpecification","valueRequired":true,"valueName":"search_term_string"}}],"inLanguage":"it-IT"},{"@type":"Organization","@id":"https:\/\/cyclingpro.net\/spaziociclismo\/#organization","name":"SpazioCiclismo","url":"https:\/\/cyclingpro.net\/spaziociclismo\/","logo":{"@type":"ImageObject","inLanguage":"it-IT","@id":"https:\/\/cyclingpro.net\/spaziociclismo\/#\/schema\/logo\/image\/","url":"https:\/\/cyclingpro.net\/spaziociclismo\/wp-content\/uploads\/2017\/02\/SpazioCiclismo-Logo-Quadrato.png","contentUrl":"https:\/\/cyclingpro.net\/spaziociclismo\/wp-content\/uploads\/2017\/02\/SpazioCiclismo-Logo-Quadrato.png","width":450,"height":450,"caption":"SpazioCiclismo"},"image":{"@id":"https:\/\/cyclingpro.net\/spaziociclismo\/#\/schema\/logo\/image\/"},"sameAs":["https:\/\/www.facebook.com\/SpazioCiclismo\/","https:\/\/x.com\/spaziociclismo","https:\/\/www.instagram.com\/spaziociclismo\/"]},{"@type":"Person","@id":"https:\/\/cyclingpro.net\/spaziociclismo\/#\/schema\/person\/7e1a937a7dba4e684209b697ab87796a","name":"Davide Terraneo","image":{"@type":"ImageObject","inLanguage":"it-IT","@id":"https:\/\/secure.gravatar.com\/avatar\/ff8491b63094864b9d94b44d6465d0050c0872ad4112e51a3cee77d0500a47c5?s=96&d=mm&r=g","url":"https:\/\/secure.gravatar.com\/avatar\/ff8491b63094864b9d94b44d6465d0050c0872ad4112e51a3cee77d0500a47c5?s=96&d=mm&r=g","contentUrl":"https:\/\/secure.gravatar.com\/avatar\/ff8491b63094864b9d94b44d6465d0050c0872ad4112e51a3cee77d0500a47c5?s=96&d=mm&r=g","caption":"Davide Terraneo"},"url":"https:\/\/cyclingpro.net\/spaziociclismo\/author\/dterraneo\/"}]}},"_links":{"self":[{"href":"https:\/\/cyclingpro.net\/spaziociclismo\/wp-json\/wp\/v2\/posts\/393054","targetHints":{"allow":["GET"]}}],"collection":[{"href":"https:\/\/cyclingpro.net\/spaziociclismo\/wp-json\/wp\/v2\/posts"}],"about":[{"href":"https:\/\/cyclingpro.net\/spaziociclismo\/wp-json\/wp\/v2\/types\/post"}],"author":[{"embeddable":true,"href":"https:\/\/cyclingpro.net\/spaziociclismo\/wp-json\/wp\/v2\/users\/15"}],"replies":[{"embeddable":true,"href":"https:\/\/cyclingpro.net\/spaziociclismo\/wp-json\/wp\/v2\/comments?post=393054"}],"version-history":[{"count":7,"href":"https:\/\/cyclingpro.net\/spaziociclismo\/wp-json\/wp\/v2\/posts\/393054\/revisions"}],"predecessor-version":[{"id":393071,"href":"https:\/\/cyclingpro.net\/spaziociclismo\/wp-json\/wp\/v2\/posts\/393054\/revisions\/393071"}],"wp:featuredmedia":[{"embeddable":true,"href":"https:\/\/cyclingpro.net\/spaziociclismo\/wp-json\/wp\/v2\/media\/392813"}],"wp:attachment":[{"href":"https:\/\/cyclingpro.net\/spaziociclismo\/wp-json\/wp\/v2\/media?parent=393054"}],"wp:term":[{"taxonomy":"category","embeddable":true,"href":"https:\/\/cyclingpro.net\/spaziociclismo\/wp-json\/wp\/v2\/categories?post=393054"},{"taxonomy":"post_tag","embeddable":true,"href":"https:\/\/cyclingpro.net\/spaziociclismo\/wp-json\/wp\/v2\/tags?post=393054"}],"curies":[{"name":"wp","href":"https:\/\/api.w.org\/{rel}","templated":true}]}}