{"id":393045,"date":"2026-08-31T16:32:13","date_gmt":"2026-08-31T14:32:13","guid":{"rendered":"https:\/\/cyclingpro.net\/spaziociclismo\/?p=393045"},"modified":"2026-08-31T16:42:57","modified_gmt":"2026-08-31T14:42:57","slug":"vuelta-a-espana-2026-la-maglia-rossa-enric-mas-non-ha-dubbi-roglic-e-il-corridore-che-mi-preoccupa-di-piu","status":"publish","type":"post","link":"https:\/\/cyclingpro.net\/spaziociclismo\/vuelta-2026\/vuelta-a-espana-2026-la-maglia-rossa-enric-mas-non-ha-dubbi-roglic-e-il-corridore-che-mi-preoccupa-di-piu\/","title":{"rendered":"Vuelta a Espa\u00f1a 2026, la maglia rossa Enric Mas non ha dubbi: &#8220;Rogli\u010d \u00e8 il corridore che mi preoccupa di pi\u00f9&#8221;"},"content":{"rendered":"<p>Primo giorno di riposo in maglia rossa per <a href=\"https:\/\/cyclingpro.net\/spaziociclismo\/vuelta-2026\/vuelta-a-espana-2026-enric-mas-coglie-subito-loccasione-e-torna-a-vincere-una-corsa-a-quasi-4-anni-dallultima-volta-ora-capisco-pogacar-la-maglia-roja-ti-mette-le-ali\/\" target=\"_blank\" rel=\"noopener\"><strong>Enric Mas <\/strong><\/a>alla <strong>Vuelta a Espa\u00f1a 2026<\/strong>. Il capitano del\u00a0<strong>Movistar Team\u00a0<\/strong>ha indossato il simbolo del primato nel giorno in cui si \u00e8 ritirato\u00a0<strong>Tadej Pogacar\u00a0<\/strong>(UAE Team Emirates &#8211; XRG), vittima di una caduta. Gi\u00e0 brillante nei primi arrivi in salita della corsa, lo spagnolo ha poi certificato il suo status di leader con il successo sull&#8217;Alto de Aitana, nel corso della nona frazione del Grand Tour. A questo punto, il 31enne pu\u00f2 gestire <a href=\"https:\/\/cyclingpro.net\/spaziociclismo\/vuelta-2026\/vuelta-a-espana-2026-la-classifica-dei-big\/\" target=\"_blank\" rel=\"noopener\">un vantaggio di 1&#8217;18&#8221; nei confronti di <strong>Primo\u017e Rogli\u010d<\/strong><\/a> (Red Bull &#8211; BORA &#8211; hansgrohe), apparso in leggera crescita dopo qualche difficolt\u00e0 nelle prime giornata di questa corsa, a cui si presentava con una condizione un po&#8217; carente per un incidente in allenamento.<\/p>\n<p>Proprio durante il primo giorno di riposo, <strong>Enric Mas <\/strong>ha parlato della sensazione di essere leader della corsa: &#8220;<strong>Non \u00e8 che sono spaventato, \u00e8 solo che se penso tutto il giorno a vincere la Vuelta, finisce che accumulo troppo stress che non voglio adesso<\/strong>. Al momento, mi sto solo godendo il momento, mi sto godendo la maglia rossa, il team, e dobbiamo concentrarci su cosa sta per arrivare questa settimana&#8221;.<\/p>\n<p>&#8220;<strong>Ultimamente ho attraversato alcuni momenti difficili<\/strong> &#8211; ha ricordato lo spagnolo &#8211; Non \u00e8 stata la parte peggiore della mia vita professionale. \u00c8 vero che \u00e8 stato difficile tornare ad alto livello e riguadagnare la mia forma, ma oggi sono contento di essere nella forma in cui sono ed essere di nuovo sorridente alla Vuelta. <strong>Non \u00e8 cambiato molto nella mia preparazione, ho semplicemente continuato a fare ci\u00f2 che ho sempre fatto<\/strong>: allenarmi bene, prendermi cura di me stesso, provare a fare tutto perfettamente e godermi questo processo. Ma non \u00e8 cambiato niente&#8221;.<\/p>\n<p>Infine, <strong>Enric Mas <\/strong>non ha avuto dubbi nel rilevare il suo rivale principale per la classifica generale di quest&#8217;edizione:\u00a0&#8220;<strong>Penso che con la storia che ha Roglic alla Vuelta, \u00e8 quello che mi preoccupa di pi\u00f9 nella corsa verso Granada. A essere sincero, non ho idea di com&#8217;\u00e8 il percorso nel dettaglio<\/strong>. Non abbiamo ancora fatto il meeting. Ci sono poche tappe che saranno chiaramente cruciali per la classifica generale, ma da ieri a oggi non ho avuto tempo per fare niente. Non ho guardato niente&#8221;.<\/p>\n","protected":false},"excerpt":{"rendered":"<p>Il leader de #LaVuelta26 si prepara alla seconda settimana: &#8220;Non conosco ancora bene il percorso&#8221;<\/p>\n","protected":false},"author":15,"featured_media":392912,"comment_status":"open","ping_status":"closed","sticky":false,"template":"","format":"standard","meta":{"footnotes":"","_members_access_role":[],"_members_access_error":""},"categories":[21,6589],"tags":[1279,6625,5752],"class_list":["post-393045","post","type-post","status-publish","format-standard","has-post-thumbnail","hentry","category-vetrina","category-vuelta-2026","tag-enric-mas","tag-movistar-team-2026","tag-vuelta-a-espana-2026"],"yoast_head":"<!-- This site is optimized with the Yoast SEO plugin v28.3 - https:\/\/yoast.com\/product\/yoast-seo-wordpress\/ -->\n<title>Vuelta a Espa\u00f1a 2026, la maglia rossa Enric Mas non ha dubbi: &quot;Rogli\u010d \u00e8 il corridore che mi preoccupa di pi\u00f9&quot; - SpazioCiclismo<\/title>\n<meta name=\"robots\" content=\"index, follow, max-snippet:-1, max-image-preview:large, max-video-preview:-1\" \/>\n<link rel=\"canonical\" href=\"https:\/\/cyclingpro.net\/spaziociclismo\/vuelta-2026\/vuelta-a-espana-2026-la-maglia-rossa-enric-mas-non-ha-dubbi-roglic-e-il-corridore-che-mi-preoccupa-di-piu\/\" \/>\n<meta property=\"og:locale\" content=\"it_IT\" \/>\n<meta property=\"og:type\" content=\"article\" \/>\n<meta property=\"og:title\" content=\"Vuelta a Espa\u00f1a 2026, la maglia rossa Enric Mas non ha dubbi: &quot;Rogli\u010d \u00e8 il corridore che mi preoccupa di pi\u00f9&quot; - SpazioCiclismo\" \/>\n<meta property=\"og:description\" content=\"Il leader de #LaVuelta26 si prepara alla seconda settimana: &quot;Non conosco ancora bene il percorso&quot;\" \/>\n<meta property=\"og:url\" content=\"https:\/\/cyclingpro.net\/spaziociclismo\/vuelta-2026\/vuelta-a-espana-2026-la-maglia-rossa-enric-mas-non-ha-dubbi-roglic-e-il-corridore-che-mi-preoccupa-di-piu\/\" \/>\n<meta property=\"og:site_name\" content=\"SpazioCiclismo\" \/>\n<meta property=\"article:publisher\" content=\"https:\/\/www.facebook.com\/SpazioCiclismo\/\" \/>\n<meta property=\"article:published_time\" content=\"2026-08-31T14:32:13+00:00\" \/>\n<meta property=\"article:modified_time\" content=\"2026-08-31T14:42:57+00:00\" \/>\n<meta property=\"og:image\" content=\"https:\/\/cyclingpro.net\/spaziociclismo\/wp-content\/uploads\/2026\/08\/1289606968-scaled.jpg\" \/>\n\t<meta property=\"og:image:width\" content=\"2560\" \/>\n\t<meta property=\"og:image:height\" content=\"1707\" \/>\n\t<meta property=\"og:image:type\" content=\"image\/jpeg\" \/>\n<meta name=\"author\" content=\"Davide Terraneo\" \/>\n<meta name=\"twitter:card\" content=\"summary_large_image\" \/>\n<meta name=\"twitter:creator\" content=\"@spaziociclismo\" \/>\n<meta name=\"twitter:site\" content=\"@spaziociclismo\" \/>\n<meta name=\"twitter:label1\" content=\"Scritto da\" \/>\n\t<meta name=\"twitter:data1\" content=\"Davide Terraneo\" \/>\n\t<meta name=\"twitter:label2\" content=\"Tempo di lettura stimato\" \/>\n\t<meta name=\"twitter:data2\" content=\"3 minuti\" \/>\n<script type=\"application\/ld+json\" class=\"yoast-schema-graph\">{\"@context\":\"https:\\\/\\\/schema.org\",\"@graph\":[{\"@type\":\"Article\",\"@id\":\"https:\\\/\\\/cyclingpro.net\\\/spaziociclismo\\\/vuelta-2026\\\/vuelta-a-espana-2026-la-maglia-rossa-enric-mas-non-ha-dubbi-roglic-e-il-corridore-che-mi-preoccupa-di-piu\\\/#article\",\"isPartOf\":{\"@id\":\"https:\\\/\\\/cyclingpro.net\\\/spaziociclismo\\\/vuelta-2026\\\/vuelta-a-espana-2026-la-maglia-rossa-enric-mas-non-ha-dubbi-roglic-e-il-corridore-che-mi-preoccupa-di-piu\\\/\"},\"author\":{\"name\":\"Davide Terraneo\",\"@id\":\"https:\\\/\\\/cyclingpro.net\\\/spaziociclismo\\\/#\\\/schema\\\/person\\\/7e1a937a7dba4e684209b697ab87796a\"},\"headline\":\"Vuelta a Espa\u00f1a 2026, la maglia rossa Enric Mas non ha dubbi: &#8220;Rogli\u010d \u00e8 il corridore che mi preoccupa di pi\u00f9&#8221;\",\"datePublished\":\"2026-08-31T14:32:13+00:00\",\"dateModified\":\"2026-08-31T14:42:57+00:00\",\"mainEntityOfPage\":{\"@id\":\"https:\\\/\\\/cyclingpro.net\\\/spaziociclismo\\\/vuelta-2026\\\/vuelta-a-espana-2026-la-maglia-rossa-enric-mas-non-ha-dubbi-roglic-e-il-corridore-che-mi-preoccupa-di-piu\\\/\"},\"wordCount\":388,\"commentCount\":0,\"publisher\":{\"@id\":\"https:\\\/\\\/cyclingpro.net\\\/spaziociclismo\\\/#organization\"},\"image\":{\"@id\":\"https:\\\/\\\/cyclingpro.net\\\/spaziociclismo\\\/vuelta-2026\\\/vuelta-a-espana-2026-la-maglia-rossa-enric-mas-non-ha-dubbi-roglic-e-il-corridore-che-mi-preoccupa-di-piu\\\/#primaryimage\"},\"thumbnailUrl\":\"https:\\\/\\\/cyclingpro.net\\\/spaziociclismo\\\/wp-content\\\/uploads\\\/2026\\\/08\\\/1289606968-scaled.jpg\",\"keywords\":[\"Enric Mas\",\"Movistar Team 2026\",\"Vuelta a Espa\u00f1a 2026\"],\"articleSection\":[\"Vetrina\",\"Vuelta 2026\"],\"inLanguage\":\"it-IT\",\"potentialAction\":[{\"@type\":\"CommentAction\",\"name\":\"Comment\",\"target\":[\"https:\\\/\\\/cyclingpro.net\\\/spaziociclismo\\\/vuelta-2026\\\/vuelta-a-espana-2026-la-maglia-rossa-enric-mas-non-ha-dubbi-roglic-e-il-corridore-che-mi-preoccupa-di-piu\\\/#respond\"]}]},{\"@type\":\"WebPage\",\"@id\":\"https:\\\/\\\/cyclingpro.net\\\/spaziociclismo\\\/vuelta-2026\\\/vuelta-a-espana-2026-la-maglia-rossa-enric-mas-non-ha-dubbi-roglic-e-il-corridore-che-mi-preoccupa-di-piu\\\/\",\"url\":\"https:\\\/\\\/cyclingpro.net\\\/spaziociclismo\\\/vuelta-2026\\\/vuelta-a-espana-2026-la-maglia-rossa-enric-mas-non-ha-dubbi-roglic-e-il-corridore-che-mi-preoccupa-di-piu\\\/\",\"name\":\"Vuelta a Espa\u00f1a 2026, la maglia rossa Enric Mas non ha dubbi: \\\"Rogli\u010d \u00e8 il corridore che mi preoccupa di pi\u00f9\\\" - SpazioCiclismo\",\"isPartOf\":{\"@id\":\"https:\\\/\\\/cyclingpro.net\\\/spaziociclismo\\\/#website\"},\"primaryImageOfPage\":{\"@id\":\"https:\\\/\\\/cyclingpro.net\\\/spaziociclismo\\\/vuelta-2026\\\/vuelta-a-espana-2026-la-maglia-rossa-enric-mas-non-ha-dubbi-roglic-e-il-corridore-che-mi-preoccupa-di-piu\\\/#primaryimage\"},\"image\":{\"@id\":\"https:\\\/\\\/cyclingpro.net\\\/spaziociclismo\\\/vuelta-2026\\\/vuelta-a-espana-2026-la-maglia-rossa-enric-mas-non-ha-dubbi-roglic-e-il-corridore-che-mi-preoccupa-di-piu\\\/#primaryimage\"},\"thumbnailUrl\":\"https:\\\/\\\/cyclingpro.net\\\/spaziociclismo\\\/wp-content\\\/uploads\\\/2026\\\/08\\\/1289606968-scaled.jpg\",\"datePublished\":\"2026-08-31T14:32:13+00:00\",\"dateModified\":\"2026-08-31T14:42:57+00:00\",\"breadcrumb\":{\"@id\":\"https:\\\/\\\/cyclingpro.net\\\/spaziociclismo\\\/vuelta-2026\\\/vuelta-a-espana-2026-la-maglia-rossa-enric-mas-non-ha-dubbi-roglic-e-il-corridore-che-mi-preoccupa-di-piu\\\/#breadcrumb\"},\"inLanguage\":\"it-IT\",\"potentialAction\":[{\"@type\":\"ReadAction\",\"target\":[\"https:\\\/\\\/cyclingpro.net\\\/spaziociclismo\\\/vuelta-2026\\\/vuelta-a-espana-2026-la-maglia-rossa-enric-mas-non-ha-dubbi-roglic-e-il-corridore-che-mi-preoccupa-di-piu\\\/\"]}]},{\"@type\":\"ImageObject\",\"inLanguage\":\"it-IT\",\"@id\":\"https:\\\/\\\/cyclingpro.net\\\/spaziociclismo\\\/vuelta-2026\\\/vuelta-a-espana-2026-la-maglia-rossa-enric-mas-non-ha-dubbi-roglic-e-il-corridore-che-mi-preoccupa-di-piu\\\/#primaryimage\",\"url\":\"https:\\\/\\\/cyclingpro.net\\\/spaziociclismo\\\/wp-content\\\/uploads\\\/2026\\\/08\\\/1289606968-scaled.jpg\",\"contentUrl\":\"https:\\\/\\\/cyclingpro.net\\\/spaziociclismo\\\/wp-content\\\/uploads\\\/2026\\\/08\\\/1289606968-scaled.jpg\",\"width\":2560,\"height\":1707,\"caption\":\"\u00a9 Sirotti\"},{\"@type\":\"BreadcrumbList\",\"@id\":\"https:\\\/\\\/cyclingpro.net\\\/spaziociclismo\\\/vuelta-2026\\\/vuelta-a-espana-2026-la-maglia-rossa-enric-mas-non-ha-dubbi-roglic-e-il-corridore-che-mi-preoccupa-di-piu\\\/#breadcrumb\",\"itemListElement\":[{\"@type\":\"ListItem\",\"position\":1,\"name\":\"Home\",\"item\":\"https:\\\/\\\/cyclingpro.net\\\/spaziociclismo\\\/\"},{\"@type\":\"ListItem\",\"position\":2,\"name\":\"Vuelta a Espa\u00f1a 2026, la maglia rossa Enric Mas non ha dubbi: &#8220;Rogli\u010d \u00e8 il corridore che mi preoccupa di pi\u00f9&#8221;\"}]},{\"@type\":\"WebSite\",\"@id\":\"https:\\\/\\\/cyclingpro.net\\\/spaziociclismo\\\/#website\",\"url\":\"https:\\\/\\\/cyclingpro.net\\\/spaziociclismo\\\/\",\"name\":\"SpazioCiclismo\",\"description\":\"Tutto il ciclismo minuto per minuto\",\"publisher\":{\"@id\":\"https:\\\/\\\/cyclingpro.net\\\/spaziociclismo\\\/#organization\"},\"potentialAction\":[{\"@type\":\"SearchAction\",\"target\":{\"@type\":\"EntryPoint\",\"urlTemplate\":\"https:\\\/\\\/cyclingpro.net\\\/spaziociclismo\\\/?s={search_term_string}\"},\"query-input\":{\"@type\":\"PropertyValueSpecification\",\"valueRequired\":true,\"valueName\":\"search_term_string\"}}],\"inLanguage\":\"it-IT\"},{\"@type\":\"Organization\",\"@id\":\"https:\\\/\\\/cyclingpro.net\\\/spaziociclismo\\\/#organization\",\"name\":\"SpazioCiclismo\",\"url\":\"https:\\\/\\\/cyclingpro.net\\\/spaziociclismo\\\/\",\"logo\":{\"@type\":\"ImageObject\",\"inLanguage\":\"it-IT\",\"@id\":\"https:\\\/\\\/cyclingpro.net\\\/spaziociclismo\\\/#\\\/schema\\\/logo\\\/image\\\/\",\"url\":\"https:\\\/\\\/cyclingpro.net\\\/spaziociclismo\\\/wp-content\\\/uploads\\\/2017\\\/02\\\/SpazioCiclismo-Logo-Quadrato.png\",\"contentUrl\":\"https:\\\/\\\/cyclingpro.net\\\/spaziociclismo\\\/wp-content\\\/uploads\\\/2017\\\/02\\\/SpazioCiclismo-Logo-Quadrato.png\",\"width\":450,\"height\":450,\"caption\":\"SpazioCiclismo\"},\"image\":{\"@id\":\"https:\\\/\\\/cyclingpro.net\\\/spaziociclismo\\\/#\\\/schema\\\/logo\\\/image\\\/\"},\"sameAs\":[\"https:\\\/\\\/www.facebook.com\\\/SpazioCiclismo\\\/\",\"https:\\\/\\\/x.com\\\/spaziociclismo\",\"https:\\\/\\\/www.instagram.com\\\/spaziociclismo\\\/\"]},{\"@type\":\"Person\",\"@id\":\"https:\\\/\\\/cyclingpro.net\\\/spaziociclismo\\\/#\\\/schema\\\/person\\\/7e1a937a7dba4e684209b697ab87796a\",\"name\":\"Davide Terraneo\",\"image\":{\"@type\":\"ImageObject\",\"inLanguage\":\"it-IT\",\"@id\":\"https:\\\/\\\/secure.gravatar.com\\\/avatar\\\/ff8491b63094864b9d94b44d6465d0050c0872ad4112e51a3cee77d0500a47c5?s=96&d=mm&r=g\",\"url\":\"https:\\\/\\\/secure.gravatar.com\\\/avatar\\\/ff8491b63094864b9d94b44d6465d0050c0872ad4112e51a3cee77d0500a47c5?s=96&d=mm&r=g\",\"contentUrl\":\"https:\\\/\\\/secure.gravatar.com\\\/avatar\\\/ff8491b63094864b9d94b44d6465d0050c0872ad4112e51a3cee77d0500a47c5?s=96&d=mm&r=g\",\"caption\":\"Davide Terraneo\"},\"url\":\"https:\\\/\\\/cyclingpro.net\\\/spaziociclismo\\\/author\\\/dterraneo\\\/\"}]}<\/script>\n<!-- \/ Yoast SEO plugin. -->","yoast_head_json":{"title":"Vuelta a Espa\u00f1a 2026, la maglia rossa Enric Mas non ha dubbi: \"Rogli\u010d \u00e8 il corridore che mi preoccupa di pi\u00f9\" - SpazioCiclismo","robots":{"index":"index","follow":"follow","max-snippet":"max-snippet:-1","max-image-preview":"max-image-preview:large","max-video-preview":"max-video-preview:-1"},"canonical":"https:\/\/cyclingpro.net\/spaziociclismo\/vuelta-2026\/vuelta-a-espana-2026-la-maglia-rossa-enric-mas-non-ha-dubbi-roglic-e-il-corridore-che-mi-preoccupa-di-piu\/","og_locale":"it_IT","og_type":"article","og_title":"Vuelta a Espa\u00f1a 2026, la maglia rossa Enric Mas non ha dubbi: \"Rogli\u010d \u00e8 il corridore che mi preoccupa di pi\u00f9\" - SpazioCiclismo","og_description":"Il leader de #LaVuelta26 si prepara alla seconda settimana: \"Non conosco ancora bene il percorso\"","og_url":"https:\/\/cyclingpro.net\/spaziociclismo\/vuelta-2026\/vuelta-a-espana-2026-la-maglia-rossa-enric-mas-non-ha-dubbi-roglic-e-il-corridore-che-mi-preoccupa-di-piu\/","og_site_name":"SpazioCiclismo","article_publisher":"https:\/\/www.facebook.com\/SpazioCiclismo\/","article_published_time":"2026-08-31T14:32:13+00:00","article_modified_time":"2026-08-31T14:42:57+00:00","og_image":[{"width":2560,"height":1707,"url":"https:\/\/cyclingpro.net\/spaziociclismo\/wp-content\/uploads\/2026\/08\/1289606968-scaled.jpg","type":"image\/jpeg"}],"author":"Davide Terraneo","twitter_card":"summary_large_image","twitter_creator":"@spaziociclismo","twitter_site":"@spaziociclismo","twitter_misc":{"Scritto da":"Davide Terraneo","Tempo di lettura stimato":"3 minuti"},"schema":{"@context":"https:\/\/schema.org","@graph":[{"@type":"Article","@id":"https:\/\/cyclingpro.net\/spaziociclismo\/vuelta-2026\/vuelta-a-espana-2026-la-maglia-rossa-enric-mas-non-ha-dubbi-roglic-e-il-corridore-che-mi-preoccupa-di-piu\/#article","isPartOf":{"@id":"https:\/\/cyclingpro.net\/spaziociclismo\/vuelta-2026\/vuelta-a-espana-2026-la-maglia-rossa-enric-mas-non-ha-dubbi-roglic-e-il-corridore-che-mi-preoccupa-di-piu\/"},"author":{"name":"Davide Terraneo","@id":"https:\/\/cyclingpro.net\/spaziociclismo\/#\/schema\/person\/7e1a937a7dba4e684209b697ab87796a"},"headline":"Vuelta a Espa\u00f1a 2026, la maglia rossa Enric Mas non ha dubbi: &#8220;Rogli\u010d \u00e8 il corridore che mi preoccupa di pi\u00f9&#8221;","datePublished":"2026-08-31T14:32:13+00:00","dateModified":"2026-08-31T14:42:57+00:00","mainEntityOfPage":{"@id":"https:\/\/cyclingpro.net\/spaziociclismo\/vuelta-2026\/vuelta-a-espana-2026-la-maglia-rossa-enric-mas-non-ha-dubbi-roglic-e-il-corridore-che-mi-preoccupa-di-piu\/"},"wordCount":388,"commentCount":0,"publisher":{"@id":"https:\/\/cyclingpro.net\/spaziociclismo\/#organization"},"image":{"@id":"https:\/\/cyclingpro.net\/spaziociclismo\/vuelta-2026\/vuelta-a-espana-2026-la-maglia-rossa-enric-mas-non-ha-dubbi-roglic-e-il-corridore-che-mi-preoccupa-di-piu\/#primaryimage"},"thumbnailUrl":"https:\/\/cyclingpro.net\/spaziociclismo\/wp-content\/uploads\/2026\/08\/1289606968-scaled.jpg","keywords":["Enric Mas","Movistar Team 2026","Vuelta a Espa\u00f1a 2026"],"articleSection":["Vetrina","Vuelta 2026"],"inLanguage":"it-IT","potentialAction":[{"@type":"CommentAction","name":"Comment","target":["https:\/\/cyclingpro.net\/spaziociclismo\/vuelta-2026\/vuelta-a-espana-2026-la-maglia-rossa-enric-mas-non-ha-dubbi-roglic-e-il-corridore-che-mi-preoccupa-di-piu\/#respond"]}]},{"@type":"WebPage","@id":"https:\/\/cyclingpro.net\/spaziociclismo\/vuelta-2026\/vuelta-a-espana-2026-la-maglia-rossa-enric-mas-non-ha-dubbi-roglic-e-il-corridore-che-mi-preoccupa-di-piu\/","url":"https:\/\/cyclingpro.net\/spaziociclismo\/vuelta-2026\/vuelta-a-espana-2026-la-maglia-rossa-enric-mas-non-ha-dubbi-roglic-e-il-corridore-che-mi-preoccupa-di-piu\/","name":"Vuelta a Espa\u00f1a 2026, la maglia rossa Enric Mas non ha dubbi: \"Rogli\u010d \u00e8 il corridore che mi preoccupa di pi\u00f9\" - SpazioCiclismo","isPartOf":{"@id":"https:\/\/cyclingpro.net\/spaziociclismo\/#website"},"primaryImageOfPage":{"@id":"https:\/\/cyclingpro.net\/spaziociclismo\/vuelta-2026\/vuelta-a-espana-2026-la-maglia-rossa-enric-mas-non-ha-dubbi-roglic-e-il-corridore-che-mi-preoccupa-di-piu\/#primaryimage"},"image":{"@id":"https:\/\/cyclingpro.net\/spaziociclismo\/vuelta-2026\/vuelta-a-espana-2026-la-maglia-rossa-enric-mas-non-ha-dubbi-roglic-e-il-corridore-che-mi-preoccupa-di-piu\/#primaryimage"},"thumbnailUrl":"https:\/\/cyclingpro.net\/spaziociclismo\/wp-content\/uploads\/2026\/08\/1289606968-scaled.jpg","datePublished":"2026-08-31T14:32:13+00:00","dateModified":"2026-08-31T14:42:57+00:00","breadcrumb":{"@id":"https:\/\/cyclingpro.net\/spaziociclismo\/vuelta-2026\/vuelta-a-espana-2026-la-maglia-rossa-enric-mas-non-ha-dubbi-roglic-e-il-corridore-che-mi-preoccupa-di-piu\/#breadcrumb"},"inLanguage":"it-IT","potentialAction":[{"@type":"ReadAction","target":["https:\/\/cyclingpro.net\/spaziociclismo\/vuelta-2026\/vuelta-a-espana-2026-la-maglia-rossa-enric-mas-non-ha-dubbi-roglic-e-il-corridore-che-mi-preoccupa-di-piu\/"]}]},{"@type":"ImageObject","inLanguage":"it-IT","@id":"https:\/\/cyclingpro.net\/spaziociclismo\/vuelta-2026\/vuelta-a-espana-2026-la-maglia-rossa-enric-mas-non-ha-dubbi-roglic-e-il-corridore-che-mi-preoccupa-di-piu\/#primaryimage","url":"https:\/\/cyclingpro.net\/spaziociclismo\/wp-content\/uploads\/2026\/08\/1289606968-scaled.jpg","contentUrl":"https:\/\/cyclingpro.net\/spaziociclismo\/wp-content\/uploads\/2026\/08\/1289606968-scaled.jpg","width":2560,"height":1707,"caption":"\u00a9 Sirotti"},{"@type":"BreadcrumbList","@id":"https:\/\/cyclingpro.net\/spaziociclismo\/vuelta-2026\/vuelta-a-espana-2026-la-maglia-rossa-enric-mas-non-ha-dubbi-roglic-e-il-corridore-che-mi-preoccupa-di-piu\/#breadcrumb","itemListElement":[{"@type":"ListItem","position":1,"name":"Home","item":"https:\/\/cyclingpro.net\/spaziociclismo\/"},{"@type":"ListItem","position":2,"name":"Vuelta a Espa\u00f1a 2026, la maglia rossa Enric Mas non ha dubbi: &#8220;Rogli\u010d \u00e8 il corridore che mi preoccupa di pi\u00f9&#8221;"}]},{"@type":"WebSite","@id":"https:\/\/cyclingpro.net\/spaziociclismo\/#website","url":"https:\/\/cyclingpro.net\/spaziociclismo\/","name":"SpazioCiclismo","description":"Tutto il ciclismo minuto per minuto","publisher":{"@id":"https:\/\/cyclingpro.net\/spaziociclismo\/#organization"},"potentialAction":[{"@type":"SearchAction","target":{"@type":"EntryPoint","urlTemplate":"https:\/\/cyclingpro.net\/spaziociclismo\/?s={search_term_string}"},"query-input":{"@type":"PropertyValueSpecification","valueRequired":true,"valueName":"search_term_string"}}],"inLanguage":"it-IT"},{"@type":"Organization","@id":"https:\/\/cyclingpro.net\/spaziociclismo\/#organization","name":"SpazioCiclismo","url":"https:\/\/cyclingpro.net\/spaziociclismo\/","logo":{"@type":"ImageObject","inLanguage":"it-IT","@id":"https:\/\/cyclingpro.net\/spaziociclismo\/#\/schema\/logo\/image\/","url":"https:\/\/cyclingpro.net\/spaziociclismo\/wp-content\/uploads\/2017\/02\/SpazioCiclismo-Logo-Quadrato.png","contentUrl":"https:\/\/cyclingpro.net\/spaziociclismo\/wp-content\/uploads\/2017\/02\/SpazioCiclismo-Logo-Quadrato.png","width":450,"height":450,"caption":"SpazioCiclismo"},"image":{"@id":"https:\/\/cyclingpro.net\/spaziociclismo\/#\/schema\/logo\/image\/"},"sameAs":["https:\/\/www.facebook.com\/SpazioCiclismo\/","https:\/\/x.com\/spaziociclismo","https:\/\/www.instagram.com\/spaziociclismo\/"]},{"@type":"Person","@id":"https:\/\/cyclingpro.net\/spaziociclismo\/#\/schema\/person\/7e1a937a7dba4e684209b697ab87796a","name":"Davide Terraneo","image":{"@type":"ImageObject","inLanguage":"it-IT","@id":"https:\/\/secure.gravatar.com\/avatar\/ff8491b63094864b9d94b44d6465d0050c0872ad4112e51a3cee77d0500a47c5?s=96&d=mm&r=g","url":"https:\/\/secure.gravatar.com\/avatar\/ff8491b63094864b9d94b44d6465d0050c0872ad4112e51a3cee77d0500a47c5?s=96&d=mm&r=g","contentUrl":"https:\/\/secure.gravatar.com\/avatar\/ff8491b63094864b9d94b44d6465d0050c0872ad4112e51a3cee77d0500a47c5?s=96&d=mm&r=g","caption":"Davide Terraneo"},"url":"https:\/\/cyclingpro.net\/spaziociclismo\/author\/dterraneo\/"}]}},"_links":{"self":[{"href":"https:\/\/cyclingpro.net\/spaziociclismo\/wp-json\/wp\/v2\/posts\/393045","targetHints":{"allow":["GET"]}}],"collection":[{"href":"https:\/\/cyclingpro.net\/spaziociclismo\/wp-json\/wp\/v2\/posts"}],"about":[{"href":"https:\/\/cyclingpro.net\/spaziociclismo\/wp-json\/wp\/v2\/types\/post"}],"author":[{"embeddable":true,"href":"https:\/\/cyclingpro.net\/spaziociclismo\/wp-json\/wp\/v2\/users\/15"}],"replies":[{"embeddable":true,"href":"https:\/\/cyclingpro.net\/spaziociclismo\/wp-json\/wp\/v2\/comments?post=393045"}],"version-history":[{"count":6,"href":"https:\/\/cyclingpro.net\/spaziociclismo\/wp-json\/wp\/v2\/posts\/393045\/revisions"}],"predecessor-version":[{"id":393052,"href":"https:\/\/cyclingpro.net\/spaziociclismo\/wp-json\/wp\/v2\/posts\/393045\/revisions\/393052"}],"wp:featuredmedia":[{"embeddable":true,"href":"https:\/\/cyclingpro.net\/spaziociclismo\/wp-json\/wp\/v2\/media\/392912"}],"wp:attachment":[{"href":"https:\/\/cyclingpro.net\/spaziociclismo\/wp-json\/wp\/v2\/media?parent=393045"}],"wp:term":[{"taxonomy":"category","embeddable":true,"href":"https:\/\/cyclingpro.net\/spaziociclismo\/wp-json\/wp\/v2\/categories?post=393045"},{"taxonomy":"post_tag","embeddable":true,"href":"https:\/\/cyclingpro.net\/spaziociclismo\/wp-json\/wp\/v2\/tags?post=393045"}],"curies":[{"name":"wp","href":"https:\/\/api.w.org\/{rel}","templated":true}]}}