{"id":393039,"date":"2026-08-31T15:46:59","date_gmt":"2026-08-31T13:46:59","guid":{"rendered":"https:\/\/cyclingpro.net\/spaziociclismo\/?p=393039"},"modified":"2026-08-31T16:59:54","modified_gmt":"2026-08-31T14:59:54","slug":"mondiali-2035-il-giappone-pensa-in-grande-piu-discipline-e-gare-in-citta-diverse","status":"publish","type":"post","link":"https:\/\/cyclingpro.net\/spaziociclismo\/worldtour\/mondiali-2035-il-giappone-pensa-in-grande-piu-discipline-e-gare-in-citta-diverse\/","title":{"rendered":"Mondiali 2035, il Giappone pensa in grande per l&#8217;edizione &#8220;Super&#8221;: pi\u00f9 discipline e gare in citt\u00e0 diverse"},"content":{"rendered":"<p>Il <strong>Giappone<\/strong> pensa in grande per i <strong>Mondiali 2035<\/strong>. Dopo l\u2019edizione del 2025, che ha visto i corridori contendersi la maglia di Campione del Mondo sulle strade di Kigali, in Rwanda, non \u00e8 escluso che nei prossimi anni l\u2019<strong>Unione Ciclistica Internazionale<\/strong> possa ampliare i palcoscenici della rassegna iridata, portandola in diverse zone del mondo finora poco o addirittura mai coinvolte. Finora, l\u2019Asia ha ospitato due edizioni dei Mondiali, quella del 1990 proprio in Giappone, a Utsunomiya, e quella del 2016 a Doha (Qatar), e per il 2028 \u00e8 gi\u00e0 prevista la trasferta ad Abu Dhabi (Emirati Arabi Uniti). Inoltre, c&#8217;\u00e8 la possibilit\u00e0 che <a href=\"https:\/\/cyclingpro.net\/spaziociclismo\/worldtour\/mondiali-2032-lindia-fa-sul-serio-lo-stato-del-maharashtra-ha-gia-garantito-i-fondi-necessari-per-lorganizzazione-in-caso-di-assegnazione\/\">nel 2032 si corra in India<\/a> e ora, per quella che sarebbe la quarta edizione della versione &#8220;Super&#8221; dei Mondiali (dopo Glasgow 2023, Haute-Savoie 2027 e Trentino 2031), si starebbe facendo nuovamente avanti proprio il Paese nipponico.<\/p>\n<p>In un&#8217;intervista realizzata dal quotidiano <em>Yomiuri Shimbun <\/em>a <strong>Hiroshi Nakano<\/strong>, vicepresidente della Federazione Ciclistica Giapponese, e a <strong>Kunihiko Kaji<\/strong>, direttore esecutivo, e citata dal <a href=\"https:\/\/jcf.or.jp\/news-84239\/?category=jcf\"><em>sito della Federazione Ciclistica Giapponese<\/em><\/a>, \u00e8 stato illustrato il progetto a cui starebbe lavorando il Paese nipponico, che presenterebbe delle peculiarit\u00e0 rispetto alla struttura dei Mondiali &#8220;Super&#8221; cos\u00ec come li stiamo conoscendo. L&#8217;idea sarebbe quella di disputare i Mondiali delle diverse discipline (come \u00e8 appunto nel formato &#8220;Super&#8221;) <strong>all&#8217;interno di un modello di organizzazione &#8220;multi-citt\u00e0&#8221;, che preveda quindi il coinvolgimento di pi\u00f9 centri e aree del Paese<\/strong>. La patria del keirin aprirebbe dunque a una formula diversa da quella di Glasgow 2023, che ospit\u00f2 le diverse discipline del ciclismo in citt\u00e0 o negli immediati dintorni, o a quelle gi\u00e0 pi\u00f9 &#8220;regionali&#8221; che si svolgeranno in Haute-Savoie e Trentino, mentre in questo caso si tratterebbe di una rassegna &#8220;policentrica&#8221; ed estesa a tutto il Giappone. Il progetto \u00e8 ancora in divenire e la Federazione Ciclistica Giapponese avrebbe fatto sapere che continuer\u00e0 a lavorare in vista della candidatura.<\/p>\n","protected":false},"excerpt":{"rendered":"<p>Il Giappone pensa in grande per i Mondiali 2035.<\/p>\n","protected":false},"author":46,"featured_media":348326,"comment_status":"open","ping_status":"closed","sticky":false,"template":"","format":"standard","meta":{"footnotes":"","_members_access_role":[],"_members_access_error":""},"categories":[25],"tags":[],"class_list":["post-393039","post","type-post","status-publish","format-standard","has-post-thumbnail","hentry","category-worldtour"],"yoast_head":"<!-- This site is optimized with the Yoast SEO plugin v28.3 - https:\/\/yoast.com\/product\/yoast-seo-wordpress\/ -->\n<title>Mondiali 2035, il Giappone pensa in grande per l&#039;edizione &quot;Super&quot;: pi\u00f9 discipline e gare in citt\u00e0 diverse - SpazioCiclismo<\/title>\n<meta name=\"robots\" content=\"index, follow, max-snippet:-1, max-image-preview:large, max-video-preview:-1\" \/>\n<link rel=\"canonical\" href=\"https:\/\/cyclingpro.net\/spaziociclismo\/worldtour\/mondiali-2035-il-giappone-pensa-in-grande-piu-discipline-e-gare-in-citta-diverse\/\" \/>\n<meta property=\"og:locale\" content=\"it_IT\" \/>\n<meta property=\"og:type\" content=\"article\" \/>\n<meta property=\"og:title\" content=\"Mondiali 2035, il Giappone pensa in grande per l&#039;edizione &quot;Super&quot;: pi\u00f9 discipline e gare in citt\u00e0 diverse - SpazioCiclismo\" \/>\n<meta property=\"og:description\" content=\"Il Giappone pensa in grande per i Mondiali 2035.\" \/>\n<meta property=\"og:url\" content=\"https:\/\/cyclingpro.net\/spaziociclismo\/worldtour\/mondiali-2035-il-giappone-pensa-in-grande-piu-discipline-e-gare-in-citta-diverse\/\" \/>\n<meta property=\"og:site_name\" content=\"SpazioCiclismo\" \/>\n<meta property=\"article:publisher\" content=\"https:\/\/www.facebook.com\/SpazioCiclismo\/\" \/>\n<meta property=\"article:published_time\" content=\"2026-08-31T13:46:59+00:00\" \/>\n<meta property=\"article:modified_time\" content=\"2026-08-31T14:59:54+00:00\" \/>\n<meta property=\"og:image\" content=\"https:\/\/cyclingpro.net\/spaziociclismo\/wp-content\/uploads\/2025\/09\/Mondiali-Zurigo-2024-Prova-in-linea-Uomini-elite-Gruppo.jpg\" \/>\n\t<meta property=\"og:image:width\" content=\"1200\" \/>\n\t<meta property=\"og:image:height\" content=\"800\" \/>\n\t<meta property=\"og:image:type\" content=\"image\/jpeg\" \/>\n<meta name=\"author\" content=\"Michela Guarguaglini\" \/>\n<meta name=\"twitter:card\" content=\"summary_large_image\" \/>\n<meta name=\"twitter:creator\" content=\"@spaziociclismo\" \/>\n<meta name=\"twitter:site\" content=\"@spaziociclismo\" \/>\n<meta name=\"twitter:label1\" content=\"Scritto da\" \/>\n\t<meta name=\"twitter:data1\" content=\"Michela Guarguaglini\" \/>\n\t<meta name=\"twitter:label2\" content=\"Tempo di lettura stimato\" \/>\n\t<meta name=\"twitter:data2\" content=\"2 minuti\" \/>\n<script type=\"application\/ld+json\" class=\"yoast-schema-graph\">{\"@context\":\"https:\\\/\\\/schema.org\",\"@graph\":[{\"@type\":\"Article\",\"@id\":\"https:\\\/\\\/cyclingpro.net\\\/spaziociclismo\\\/worldtour\\\/mondiali-2035-il-giappone-pensa-in-grande-piu-discipline-e-gare-in-citta-diverse\\\/#article\",\"isPartOf\":{\"@id\":\"https:\\\/\\\/cyclingpro.net\\\/spaziociclismo\\\/worldtour\\\/mondiali-2035-il-giappone-pensa-in-grande-piu-discipline-e-gare-in-citta-diverse\\\/\"},\"author\":{\"name\":\"Michela Guarguaglini\",\"@id\":\"https:\\\/\\\/cyclingpro.net\\\/spaziociclismo\\\/#\\\/schema\\\/person\\\/dd749f54075861d6da7622fa9f4ca58d\"},\"headline\":\"Mondiali 2035, il Giappone pensa in grande per l&#8217;edizione &#8220;Super&#8221;: pi\u00f9 discipline e gare in citt\u00e0 diverse\",\"datePublished\":\"2026-08-31T13:46:59+00:00\",\"dateModified\":\"2026-08-31T14:59:54+00:00\",\"mainEntityOfPage\":{\"@id\":\"https:\\\/\\\/cyclingpro.net\\\/spaziociclismo\\\/worldtour\\\/mondiali-2035-il-giappone-pensa-in-grande-piu-discipline-e-gare-in-citta-diverse\\\/\"},\"wordCount\":318,\"commentCount\":0,\"publisher\":{\"@id\":\"https:\\\/\\\/cyclingpro.net\\\/spaziociclismo\\\/#organization\"},\"image\":{\"@id\":\"https:\\\/\\\/cyclingpro.net\\\/spaziociclismo\\\/worldtour\\\/mondiali-2035-il-giappone-pensa-in-grande-piu-discipline-e-gare-in-citta-diverse\\\/#primaryimage\"},\"thumbnailUrl\":\"https:\\\/\\\/cyclingpro.net\\\/spaziociclismo\\\/wp-content\\\/uploads\\\/2025\\\/09\\\/Mondiali-Zurigo-2024-Prova-in-linea-Uomini-elite-Gruppo.jpg\",\"articleSection\":[\"WorldTour\"],\"inLanguage\":\"it-IT\",\"potentialAction\":[{\"@type\":\"CommentAction\",\"name\":\"Comment\",\"target\":[\"https:\\\/\\\/cyclingpro.net\\\/spaziociclismo\\\/worldtour\\\/mondiali-2035-il-giappone-pensa-in-grande-piu-discipline-e-gare-in-citta-diverse\\\/#respond\"]}]},{\"@type\":\"WebPage\",\"@id\":\"https:\\\/\\\/cyclingpro.net\\\/spaziociclismo\\\/worldtour\\\/mondiali-2035-il-giappone-pensa-in-grande-piu-discipline-e-gare-in-citta-diverse\\\/\",\"url\":\"https:\\\/\\\/cyclingpro.net\\\/spaziociclismo\\\/worldtour\\\/mondiali-2035-il-giappone-pensa-in-grande-piu-discipline-e-gare-in-citta-diverse\\\/\",\"name\":\"Mondiali 2035, il Giappone pensa in grande per l'edizione \\\"Super\\\": pi\u00f9 discipline e gare in citt\u00e0 diverse - SpazioCiclismo\",\"isPartOf\":{\"@id\":\"https:\\\/\\\/cyclingpro.net\\\/spaziociclismo\\\/#website\"},\"primaryImageOfPage\":{\"@id\":\"https:\\\/\\\/cyclingpro.net\\\/spaziociclismo\\\/worldtour\\\/mondiali-2035-il-giappone-pensa-in-grande-piu-discipline-e-gare-in-citta-diverse\\\/#primaryimage\"},\"image\":{\"@id\":\"https:\\\/\\\/cyclingpro.net\\\/spaziociclismo\\\/worldtour\\\/mondiali-2035-il-giappone-pensa-in-grande-piu-discipline-e-gare-in-citta-diverse\\\/#primaryimage\"},\"thumbnailUrl\":\"https:\\\/\\\/cyclingpro.net\\\/spaziociclismo\\\/wp-content\\\/uploads\\\/2025\\\/09\\\/Mondiali-Zurigo-2024-Prova-in-linea-Uomini-elite-Gruppo.jpg\",\"datePublished\":\"2026-08-31T13:46:59+00:00\",\"dateModified\":\"2026-08-31T14:59:54+00:00\",\"breadcrumb\":{\"@id\":\"https:\\\/\\\/cyclingpro.net\\\/spaziociclismo\\\/worldtour\\\/mondiali-2035-il-giappone-pensa-in-grande-piu-discipline-e-gare-in-citta-diverse\\\/#breadcrumb\"},\"inLanguage\":\"it-IT\",\"potentialAction\":[{\"@type\":\"ReadAction\",\"target\":[\"https:\\\/\\\/cyclingpro.net\\\/spaziociclismo\\\/worldtour\\\/mondiali-2035-il-giappone-pensa-in-grande-piu-discipline-e-gare-in-citta-diverse\\\/\"]}]},{\"@type\":\"ImageObject\",\"inLanguage\":\"it-IT\",\"@id\":\"https:\\\/\\\/cyclingpro.net\\\/spaziociclismo\\\/worldtour\\\/mondiali-2035-il-giappone-pensa-in-grande-piu-discipline-e-gare-in-citta-diverse\\\/#primaryimage\",\"url\":\"https:\\\/\\\/cyclingpro.net\\\/spaziociclismo\\\/wp-content\\\/uploads\\\/2025\\\/09\\\/Mondiali-Zurigo-2024-Prova-in-linea-Uomini-elite-Gruppo.jpg\",\"contentUrl\":\"https:\\\/\\\/cyclingpro.net\\\/spaziociclismo\\\/wp-content\\\/uploads\\\/2025\\\/09\\\/Mondiali-Zurigo-2024-Prova-in-linea-Uomini-elite-Gruppo.jpg\",\"width\":1200,\"height\":800,\"caption\":\"\u00a9 Sirotti\"},{\"@type\":\"BreadcrumbList\",\"@id\":\"https:\\\/\\\/cyclingpro.net\\\/spaziociclismo\\\/worldtour\\\/mondiali-2035-il-giappone-pensa-in-grande-piu-discipline-e-gare-in-citta-diverse\\\/#breadcrumb\",\"itemListElement\":[{\"@type\":\"ListItem\",\"position\":1,\"name\":\"Home\",\"item\":\"https:\\\/\\\/cyclingpro.net\\\/spaziociclismo\\\/\"},{\"@type\":\"ListItem\",\"position\":2,\"name\":\"Mondiali 2035, il Giappone pensa in grande per l&#8217;edizione &#8220;Super&#8221;: pi\u00f9 discipline e gare in citt\u00e0 diverse\"}]},{\"@type\":\"WebSite\",\"@id\":\"https:\\\/\\\/cyclingpro.net\\\/spaziociclismo\\\/#website\",\"url\":\"https:\\\/\\\/cyclingpro.net\\\/spaziociclismo\\\/\",\"name\":\"SpazioCiclismo\",\"description\":\"Tutto il ciclismo minuto per minuto\",\"publisher\":{\"@id\":\"https:\\\/\\\/cyclingpro.net\\\/spaziociclismo\\\/#organization\"},\"potentialAction\":[{\"@type\":\"SearchAction\",\"target\":{\"@type\":\"EntryPoint\",\"urlTemplate\":\"https:\\\/\\\/cyclingpro.net\\\/spaziociclismo\\\/?s={search_term_string}\"},\"query-input\":{\"@type\":\"PropertyValueSpecification\",\"valueRequired\":true,\"valueName\":\"search_term_string\"}}],\"inLanguage\":\"it-IT\"},{\"@type\":\"Organization\",\"@id\":\"https:\\\/\\\/cyclingpro.net\\\/spaziociclismo\\\/#organization\",\"name\":\"SpazioCiclismo\",\"url\":\"https:\\\/\\\/cyclingpro.net\\\/spaziociclismo\\\/\",\"logo\":{\"@type\":\"ImageObject\",\"inLanguage\":\"it-IT\",\"@id\":\"https:\\\/\\\/cyclingpro.net\\\/spaziociclismo\\\/#\\\/schema\\\/logo\\\/image\\\/\",\"url\":\"https:\\\/\\\/cyclingpro.net\\\/spaziociclismo\\\/wp-content\\\/uploads\\\/2017\\\/02\\\/SpazioCiclismo-Logo-Quadrato.png\",\"contentUrl\":\"https:\\\/\\\/cyclingpro.net\\\/spaziociclismo\\\/wp-content\\\/uploads\\\/2017\\\/02\\\/SpazioCiclismo-Logo-Quadrato.png\",\"width\":450,\"height\":450,\"caption\":\"SpazioCiclismo\"},\"image\":{\"@id\":\"https:\\\/\\\/cyclingpro.net\\\/spaziociclismo\\\/#\\\/schema\\\/logo\\\/image\\\/\"},\"sameAs\":[\"https:\\\/\\\/www.facebook.com\\\/SpazioCiclismo\\\/\",\"https:\\\/\\\/x.com\\\/spaziociclismo\",\"https:\\\/\\\/www.instagram.com\\\/spaziociclismo\\\/\"]},{\"@type\":\"Person\",\"@id\":\"https:\\\/\\\/cyclingpro.net\\\/spaziociclismo\\\/#\\\/schema\\\/person\\\/dd749f54075861d6da7622fa9f4ca58d\",\"name\":\"Michela Guarguaglini\",\"image\":{\"@type\":\"ImageObject\",\"inLanguage\":\"it-IT\",\"@id\":\"https:\\\/\\\/secure.gravatar.com\\\/avatar\\\/7c861ceff251a282d2b1cc9b3503d3893a703cfd410d29b7869304cd92a0c7c2?s=96&d=mm&r=g\",\"url\":\"https:\\\/\\\/secure.gravatar.com\\\/avatar\\\/7c861ceff251a282d2b1cc9b3503d3893a703cfd410d29b7869304cd92a0c7c2?s=96&d=mm&r=g\",\"contentUrl\":\"https:\\\/\\\/secure.gravatar.com\\\/avatar\\\/7c861ceff251a282d2b1cc9b3503d3893a703cfd410d29b7869304cd92a0c7c2?s=96&d=mm&r=g\",\"caption\":\"Michela Guarguaglini\"},\"url\":\"https:\\\/\\\/cyclingpro.net\\\/spaziociclismo\\\/author\\\/mguarguaglini\\\/\"}]}<\/script>\n<!-- \/ Yoast SEO plugin. -->","yoast_head_json":{"title":"Mondiali 2035, il Giappone pensa in grande per l'edizione \"Super\": pi\u00f9 discipline e gare in citt\u00e0 diverse - SpazioCiclismo","robots":{"index":"index","follow":"follow","max-snippet":"max-snippet:-1","max-image-preview":"max-image-preview:large","max-video-preview":"max-video-preview:-1"},"canonical":"https:\/\/cyclingpro.net\/spaziociclismo\/worldtour\/mondiali-2035-il-giappone-pensa-in-grande-piu-discipline-e-gare-in-citta-diverse\/","og_locale":"it_IT","og_type":"article","og_title":"Mondiali 2035, il Giappone pensa in grande per l'edizione \"Super\": pi\u00f9 discipline e gare in citt\u00e0 diverse - SpazioCiclismo","og_description":"Il Giappone pensa in grande per i Mondiali 2035.","og_url":"https:\/\/cyclingpro.net\/spaziociclismo\/worldtour\/mondiali-2035-il-giappone-pensa-in-grande-piu-discipline-e-gare-in-citta-diverse\/","og_site_name":"SpazioCiclismo","article_publisher":"https:\/\/www.facebook.com\/SpazioCiclismo\/","article_published_time":"2026-08-31T13:46:59+00:00","article_modified_time":"2026-08-31T14:59:54+00:00","og_image":[{"width":1200,"height":800,"url":"https:\/\/cyclingpro.net\/spaziociclismo\/wp-content\/uploads\/2025\/09\/Mondiali-Zurigo-2024-Prova-in-linea-Uomini-elite-Gruppo.jpg","type":"image\/jpeg"}],"author":"Michela Guarguaglini","twitter_card":"summary_large_image","twitter_creator":"@spaziociclismo","twitter_site":"@spaziociclismo","twitter_misc":{"Scritto da":"Michela Guarguaglini","Tempo di lettura stimato":"2 minuti"},"schema":{"@context":"https:\/\/schema.org","@graph":[{"@type":"Article","@id":"https:\/\/cyclingpro.net\/spaziociclismo\/worldtour\/mondiali-2035-il-giappone-pensa-in-grande-piu-discipline-e-gare-in-citta-diverse\/#article","isPartOf":{"@id":"https:\/\/cyclingpro.net\/spaziociclismo\/worldtour\/mondiali-2035-il-giappone-pensa-in-grande-piu-discipline-e-gare-in-citta-diverse\/"},"author":{"name":"Michela Guarguaglini","@id":"https:\/\/cyclingpro.net\/spaziociclismo\/#\/schema\/person\/dd749f54075861d6da7622fa9f4ca58d"},"headline":"Mondiali 2035, il Giappone pensa in grande per l&#8217;edizione &#8220;Super&#8221;: pi\u00f9 discipline e gare in citt\u00e0 diverse","datePublished":"2026-08-31T13:46:59+00:00","dateModified":"2026-08-31T14:59:54+00:00","mainEntityOfPage":{"@id":"https:\/\/cyclingpro.net\/spaziociclismo\/worldtour\/mondiali-2035-il-giappone-pensa-in-grande-piu-discipline-e-gare-in-citta-diverse\/"},"wordCount":318,"commentCount":0,"publisher":{"@id":"https:\/\/cyclingpro.net\/spaziociclismo\/#organization"},"image":{"@id":"https:\/\/cyclingpro.net\/spaziociclismo\/worldtour\/mondiali-2035-il-giappone-pensa-in-grande-piu-discipline-e-gare-in-citta-diverse\/#primaryimage"},"thumbnailUrl":"https:\/\/cyclingpro.net\/spaziociclismo\/wp-content\/uploads\/2025\/09\/Mondiali-Zurigo-2024-Prova-in-linea-Uomini-elite-Gruppo.jpg","articleSection":["WorldTour"],"inLanguage":"it-IT","potentialAction":[{"@type":"CommentAction","name":"Comment","target":["https:\/\/cyclingpro.net\/spaziociclismo\/worldtour\/mondiali-2035-il-giappone-pensa-in-grande-piu-discipline-e-gare-in-citta-diverse\/#respond"]}]},{"@type":"WebPage","@id":"https:\/\/cyclingpro.net\/spaziociclismo\/worldtour\/mondiali-2035-il-giappone-pensa-in-grande-piu-discipline-e-gare-in-citta-diverse\/","url":"https:\/\/cyclingpro.net\/spaziociclismo\/worldtour\/mondiali-2035-il-giappone-pensa-in-grande-piu-discipline-e-gare-in-citta-diverse\/","name":"Mondiali 2035, il Giappone pensa in grande per l'edizione \"Super\": pi\u00f9 discipline e gare in citt\u00e0 diverse - SpazioCiclismo","isPartOf":{"@id":"https:\/\/cyclingpro.net\/spaziociclismo\/#website"},"primaryImageOfPage":{"@id":"https:\/\/cyclingpro.net\/spaziociclismo\/worldtour\/mondiali-2035-il-giappone-pensa-in-grande-piu-discipline-e-gare-in-citta-diverse\/#primaryimage"},"image":{"@id":"https:\/\/cyclingpro.net\/spaziociclismo\/worldtour\/mondiali-2035-il-giappone-pensa-in-grande-piu-discipline-e-gare-in-citta-diverse\/#primaryimage"},"thumbnailUrl":"https:\/\/cyclingpro.net\/spaziociclismo\/wp-content\/uploads\/2025\/09\/Mondiali-Zurigo-2024-Prova-in-linea-Uomini-elite-Gruppo.jpg","datePublished":"2026-08-31T13:46:59+00:00","dateModified":"2026-08-31T14:59:54+00:00","breadcrumb":{"@id":"https:\/\/cyclingpro.net\/spaziociclismo\/worldtour\/mondiali-2035-il-giappone-pensa-in-grande-piu-discipline-e-gare-in-citta-diverse\/#breadcrumb"},"inLanguage":"it-IT","potentialAction":[{"@type":"ReadAction","target":["https:\/\/cyclingpro.net\/spaziociclismo\/worldtour\/mondiali-2035-il-giappone-pensa-in-grande-piu-discipline-e-gare-in-citta-diverse\/"]}]},{"@type":"ImageObject","inLanguage":"it-IT","@id":"https:\/\/cyclingpro.net\/spaziociclismo\/worldtour\/mondiali-2035-il-giappone-pensa-in-grande-piu-discipline-e-gare-in-citta-diverse\/#primaryimage","url":"https:\/\/cyclingpro.net\/spaziociclismo\/wp-content\/uploads\/2025\/09\/Mondiali-Zurigo-2024-Prova-in-linea-Uomini-elite-Gruppo.jpg","contentUrl":"https:\/\/cyclingpro.net\/spaziociclismo\/wp-content\/uploads\/2025\/09\/Mondiali-Zurigo-2024-Prova-in-linea-Uomini-elite-Gruppo.jpg","width":1200,"height":800,"caption":"\u00a9 Sirotti"},{"@type":"BreadcrumbList","@id":"https:\/\/cyclingpro.net\/spaziociclismo\/worldtour\/mondiali-2035-il-giappone-pensa-in-grande-piu-discipline-e-gare-in-citta-diverse\/#breadcrumb","itemListElement":[{"@type":"ListItem","position":1,"name":"Home","item":"https:\/\/cyclingpro.net\/spaziociclismo\/"},{"@type":"ListItem","position":2,"name":"Mondiali 2035, il Giappone pensa in grande per l&#8217;edizione &#8220;Super&#8221;: pi\u00f9 discipline e gare in citt\u00e0 diverse"}]},{"@type":"WebSite","@id":"https:\/\/cyclingpro.net\/spaziociclismo\/#website","url":"https:\/\/cyclingpro.net\/spaziociclismo\/","name":"SpazioCiclismo","description":"Tutto il ciclismo minuto per minuto","publisher":{"@id":"https:\/\/cyclingpro.net\/spaziociclismo\/#organization"},"potentialAction":[{"@type":"SearchAction","target":{"@type":"EntryPoint","urlTemplate":"https:\/\/cyclingpro.net\/spaziociclismo\/?s={search_term_string}"},"query-input":{"@type":"PropertyValueSpecification","valueRequired":true,"valueName":"search_term_string"}}],"inLanguage":"it-IT"},{"@type":"Organization","@id":"https:\/\/cyclingpro.net\/spaziociclismo\/#organization","name":"SpazioCiclismo","url":"https:\/\/cyclingpro.net\/spaziociclismo\/","logo":{"@type":"ImageObject","inLanguage":"it-IT","@id":"https:\/\/cyclingpro.net\/spaziociclismo\/#\/schema\/logo\/image\/","url":"https:\/\/cyclingpro.net\/spaziociclismo\/wp-content\/uploads\/2017\/02\/SpazioCiclismo-Logo-Quadrato.png","contentUrl":"https:\/\/cyclingpro.net\/spaziociclismo\/wp-content\/uploads\/2017\/02\/SpazioCiclismo-Logo-Quadrato.png","width":450,"height":450,"caption":"SpazioCiclismo"},"image":{"@id":"https:\/\/cyclingpro.net\/spaziociclismo\/#\/schema\/logo\/image\/"},"sameAs":["https:\/\/www.facebook.com\/SpazioCiclismo\/","https:\/\/x.com\/spaziociclismo","https:\/\/www.instagram.com\/spaziociclismo\/"]},{"@type":"Person","@id":"https:\/\/cyclingpro.net\/spaziociclismo\/#\/schema\/person\/dd749f54075861d6da7622fa9f4ca58d","name":"Michela Guarguaglini","image":{"@type":"ImageObject","inLanguage":"it-IT","@id":"https:\/\/secure.gravatar.com\/avatar\/7c861ceff251a282d2b1cc9b3503d3893a703cfd410d29b7869304cd92a0c7c2?s=96&d=mm&r=g","url":"https:\/\/secure.gravatar.com\/avatar\/7c861ceff251a282d2b1cc9b3503d3893a703cfd410d29b7869304cd92a0c7c2?s=96&d=mm&r=g","contentUrl":"https:\/\/secure.gravatar.com\/avatar\/7c861ceff251a282d2b1cc9b3503d3893a703cfd410d29b7869304cd92a0c7c2?s=96&d=mm&r=g","caption":"Michela Guarguaglini"},"url":"https:\/\/cyclingpro.net\/spaziociclismo\/author\/mguarguaglini\/"}]}},"_links":{"self":[{"href":"https:\/\/cyclingpro.net\/spaziociclismo\/wp-json\/wp\/v2\/posts\/393039","targetHints":{"allow":["GET"]}}],"collection":[{"href":"https:\/\/cyclingpro.net\/spaziociclismo\/wp-json\/wp\/v2\/posts"}],"about":[{"href":"https:\/\/cyclingpro.net\/spaziociclismo\/wp-json\/wp\/v2\/types\/post"}],"author":[{"embeddable":true,"href":"https:\/\/cyclingpro.net\/spaziociclismo\/wp-json\/wp\/v2\/users\/46"}],"replies":[{"embeddable":true,"href":"https:\/\/cyclingpro.net\/spaziociclismo\/wp-json\/wp\/v2\/comments?post=393039"}],"version-history":[{"count":6,"href":"https:\/\/cyclingpro.net\/spaziociclismo\/wp-json\/wp\/v2\/posts\/393039\/revisions"}],"predecessor-version":[{"id":393060,"href":"https:\/\/cyclingpro.net\/spaziociclismo\/wp-json\/wp\/v2\/posts\/393039\/revisions\/393060"}],"wp:featuredmedia":[{"embeddable":true,"href":"https:\/\/cyclingpro.net\/spaziociclismo\/wp-json\/wp\/v2\/media\/348326"}],"wp:attachment":[{"href":"https:\/\/cyclingpro.net\/spaziociclismo\/wp-json\/wp\/v2\/media?parent=393039"}],"wp:term":[{"taxonomy":"category","embeddable":true,"href":"https:\/\/cyclingpro.net\/spaziociclismo\/wp-json\/wp\/v2\/categories?post=393039"},{"taxonomy":"post_tag","embeddable":true,"href":"https:\/\/cyclingpro.net\/spaziociclismo\/wp-json\/wp\/v2\/tags?post=393039"}],"curies":[{"name":"wp","href":"https:\/\/api.w.org\/{rel}","templated":true}]}}