{"id":393032,"date":"2026-08-31T20:00:48","date_gmt":"2026-08-31T18:00:48","guid":{"rendered":"https:\/\/cyclingpro.net\/spaziociclismo\/?p=393032"},"modified":"2026-08-31T20:18:00","modified_gmt":"2026-08-31T18:18:00","slug":"vuelta-a-espana-2026-presentazione-percorso-e-favoriti-decima-tappa-alcaraz-elche-de-la-sierra-1847-km","status":"publish","type":"post","link":"https:\/\/cyclingpro.net\/spaziociclismo\/presentazione-corse\/vuelta-a-espana-2026-presentazione-percorso-e-favoriti-decima-tappa-alcaraz-elche-de-la-sierra-1847-km\/","title":{"rendered":"Vuelta a Espa\u00f1a 2026, Presentazione Percorso e Favoriti decima tappa: Alcaraz &#8211; Elche de la Sierra (184,7 km)"},"content":{"rendered":"<p>La seconda settimana della <strong>Vuelta a Espa\u00f1a 2026<\/strong> si apre con una tappa tutt\u2019altro che semplice da decifrare. La decima frazione si snoder\u00e0 su un percorso di 184,7 chilometri, da <strong>Alcaraz<\/strong> fino al traguardo di <strong>Elche de la Sierra<\/strong>. L\u2019esito della giornata \u00e8 tutt\u2019altro che scontato: il tracciato mosso, si presta molto bene a possibili attacchi e potrebbe favorire una fuga da lontano. Tuttavia, nonostante la presenza di tre Gran Premi della Montagna di Terza categoria e di 2991 metri di dislivello positivo, non \u00e8 del tutto da escludere, anzi, che anche le ruote veloci pi\u00f9 resistenti possano giocarsi le proprie possibilit\u00e0 sul rettilineo finale.<\/p>\n<p><strong>ORARIO DI PARTENZA<\/strong>: 12:45<br \/>\n<strong>ORARIO DI ARRIVO (PREVISTO)<\/strong>: 17:17-17:44<br \/>\n<strong>DIRETTA TV E STREAMING<\/strong>: 14:45-18:00 Eurosport 1 \/ Discovery+ \/ HBO Max<br \/>\n<strong>HASHTAG UFFICIALE: <\/strong>#LaVuelta26<\/p>\n<h2>Percorso Decima Tappa Vuelta a Espa\u00f1a 2026<\/h2>\n<p>Si parte da Alcaraz e, dopo un breve tratto tranquillo, si inizia subito a salire, anche se gli organizzatori hanno optato per non categorizzare un settore di percorso abbastanza spinoso, che si concluder\u00e0 intorno al km 30. Una sezione di discesa placida porter\u00e0 poi la corsa ai piedi del primo Gpm di giornata, il <strong>Puerto del Peralejo<\/strong> (5,2 km al 4,3 per cento), non particolarmente esigente. Il tracciato rimarr\u00e0 ondulato fino al km 65, quando si imboccher\u00e0 una discesa abbastanza pronunciata, seguita per\u00f2 da un nuovo Gpm, quello posto in cima al <strong>Puerto de A\u00fdna<\/strong> (7,7 km al 4 per cento).<\/p>\n<p>Da l\u00ec in poi le cose si faranno un po&#8217; meno selettive, soprattutto pensando alle ambizioni dei corridori veloci presenti in gruppo. La strada prender\u00e0 una piega a scendere, seppur con continui cambi di pendenza, e con questo andazzo si arriver\u00e0 anche al traguardo volante di <strong>Hellin<\/strong>, dove saranno in palio anche secondi di abbuono. Nel finale, per\u00f2, il terzo Gpm di giornara potrebbe scombinare molti piani: si va al <strong>Puerto de Socovos<\/strong> (9,8 al 3,5 per cento), che, come dicono i numeri \u00e8 tutt&#8217;altro che difficile, ma che pu\u00f2 rappresentare un buon trampolino per coloro che vorranno evitare la volata.<\/p>\n<p>Il Gpm \u00e8 comunque posto a pi\u00f9 di 20 chilometri dall&#8217;arrivo di <strong>Elche de la Sierra<\/strong> e quindi ci sar\u00e0 tempo e modo, per chi vorr\u00e0, di provare ad apparecchiare la tavola per la volata. Attenzione, per\u00f2, al finale, dato che negli ultimi cinque chilometri la strada andr\u00e0 sempre a salire, per quanto non ci siano pendenze proibitive sul men\u00f9 (il gradiente si attesta intorno al 3 per cento).<\/p>\n<h2>Salite Decima Tappa Vuelta a Espa\u00f1a 2026<\/h2>\n<table style=\"width: 99.7309%; height: 98px;\" border=\"0\" rules=\"NONE\" cellspacing=\"0\" cellpadding=\"0\">\n<colgroup>\n<col width=\"33\" \/>\n<col width=\"252\" \/>\n<col width=\"176\" \/>\n<col width=\"42\" \/>\n<col width=\"63\" \/>\n<col width=\"47\" \/>\n<col width=\"86\" \/>\n<col width=\"86\" \/>\n<col width=\"86\" \/>\n<col width=\"86\" \/>\n<col width=\"86\" \/><\/colgroup>\n<tbody>\n<tr style=\"height: 10px;\">\n<td style=\"width: 28.3118%; height: 10px;\"><strong>NOME<\/strong><\/td>\n<td style=\"width: 6.42341%; text-align: center; height: 10px;\"><strong>CAT<\/strong><\/td>\n<td style=\"width: 13.6301%; text-align: center; height: 10px;\"><strong>QUOTA<\/strong><\/td>\n<td style=\"width: 11.8812%; text-align: center; height: 10px;\"><strong>GPM<\/strong><\/td>\n<td style=\"width: 9.85877%; text-align: center; height: 10px;\"><strong>INIZIO<\/strong><\/td>\n<td style=\"width: 8.18831%; text-align: center; height: 10px;\"><strong>LUNGH<\/strong><\/td>\n<td style=\"width: 11.2728%; text-align: center; height: 10px;\"><strong>DISLIVELLO<\/strong><\/td>\n<td style=\"width: 52.1545%; text-align: center; height: 10px;\"><strong>%MEDIA<\/strong><\/td>\n<\/tr>\n<tr style=\"height: 38px;\">\n<td style=\"width: 28.3118%; height: 12px;\" align=\"LEFT\">Puerto del Peralejo<\/td>\n<td style=\"width: 6.42341%; height: 12px;\" align=\"CENTER\">3<\/td>\n<td style=\"width: 13.6301%; height: 12px;\" align=\"CENTER\">1132<\/td>\n<td style=\"width: 11.8812%; height: 12px;\" align=\"LEFT\">47,6<\/td>\n<td style=\"width: 9.85877%; height: 12px;\" align=\"LEFT\">42,4<\/td>\n<td style=\"width: 8.18831%; height: 12px;\" align=\"LEFT\">5,2<\/td>\n<td style=\"width: 11.2728%; height: 12px;\">227<\/td>\n<td style=\"width: 52.1545%; height: 12px;\" align=\"LEFT\">4,3%<\/td>\n<\/tr>\n<tr style=\"height: 38px;\">\n<td style=\"width: 28.3118%; height: 38px;\">Puerto de A\u00fdna<\/td>\n<td style=\"width: 6.42341%; height: 38px;\">3<\/td>\n<td style=\"width: 13.6301%; height: 38px;\">950<\/td>\n<td style=\"width: 11.8812%; height: 38px;\">86,3<\/td>\n<td style=\"width: 9.85877%; height: 38px;\">78,6<\/td>\n<td style=\"width: 8.18831%; height: 38px;\">7,7<\/td>\n<td style=\"width: 11.2728%; height: 38px;\">302<\/td>\n<td style=\"width: 52.1545%; height: 38px;\">4%<\/td>\n<\/tr>\n<tr style=\"height: 38px;\">\n<td style=\"width: 28.3118%; height: 38px;\">Puerto de Socovos<\/td>\n<td style=\"width: 6.42341%; height: 38px;\">3<\/td>\n<td style=\"width: 13.6301%; height: 38px;\">782<\/td>\n<td style=\"width: 11.8812%; height: 38px;\">163,2<\/td>\n<td style=\"width: 9.85877%; height: 38px;\">153,4<\/td>\n<td style=\"width: 8.18831%; height: 38px;\">9,8<\/td>\n<td style=\"width: 11.2728%; height: 38px;\">341<\/td>\n<td style=\"width: 52.1545%; height: 38px;\">3,5%<\/td>\n<\/tr>\n<\/tbody>\n<\/table>\n<h2>Favoriti Decima Tappa Vuelta a Espa\u00f1a 2026<\/h2>\n<p>\u00c8 una giornata in cui tutti guarderanno alla Visma|Lease a Bike. La formazione neerlandese ha due corridori potenzialmente adattissimi entrambi all&#8217;arrivo e uno di questi, <strong>Matthew Brennan<\/strong>, ha gi\u00e0 fatto vedere di essere in forma eccezionale. Il britannico potrebbe cercare il tris, ma le strategie di squadra potrebbero questa volta propendere per <strong>Wout van Aert<\/strong>, che \u00e8 il tenutario della Maglia Verde e che potrebbe sfruttare la giornata proprio per fare un gran passo avanti nella Classifica a punti. Il belga ha accusato un lieve problema fisico nel finale della tappa precedente, ma pare in condizioni pi\u00f9 che buone e ha dalla sua anche le capacit\u00e0 per far fruttare al massimo una sua eventuale presenza in fuga.<\/p>\n<p>Avversario diretto dei gialloneri sar\u00e0 <strong>Mads Pedersen<\/strong> (Lidl-Trek), che ha iniziato la Vuelta a un ritmo pi\u00f9 basso del solito, ma che ha fatto vedere, con il secondo posto della tappa numero 8, di essere in crescendo. Il tracciato \u00e8 perfetto per il danese, anche lui potenziale candidato persino a una fuga da lontano, situazione di corsa che in passato ha mostrato di gradire molto. L&#8217;iridato di Harrogate si \u00e8 visto sfuggire la vittoria, qualche giorno fa, a causa della super volata sfoderata da <strong>Bryan Coquard<\/strong> (Cofidis): il francese \u00e8 corridore che ha fondo e che sa gestire le fatiche di una corsa a tappe. Inoltre, il morale suo (e della squadra) \u00e8 altissimo e si sa che l&#8217;appetito vien mangiando.<\/p>\n<p>Un corridore che sarebbe ideale per un tracciato simile, ma che sembra gi\u00e0 in fase di &#8220;pre-pensionamento&#8221; (finir\u00e0 la carriera al termine della stagione) \u00e8 <strong>Magnus Cort<\/strong> (Uno-X Mobility): il danese per\u00f2 \u00e8 quel tipo di personaggio che proprio non puoi tagliare fuori a prescindere, perch\u00e9 una giornata di grazia la pu\u00f2 sempre avere nelle gambe. La possibilit\u00e0 \u00e8 di quelle buone per <strong>Vincenzo Albanese<\/strong> (Ef Education-EasyPost), gi\u00e0 ben piazzato nei giorni scorsi, e anche per il venezuelano <strong>Orluis Aular<\/strong> (Movistar), che dovr\u00e0 per\u00f2 fare un po&#8217; tutto da solo, considerando che la squadra sar\u00e0 interamente e integralmente dedicata alla &#8220;protezione&#8221; di Enric Mas. Corridori che possono trovare il loro spazio di manovra in un finale veloce sono poi lo spagnolo <strong>Pau Miquel<\/strong> (Bahrain Victorious), anche lui gi\u00e0 protagonista nei giorni scorsi, e il britannico <strong>Ben Turner<\/strong> (Netcompany Ineos), che pare in crescendo di condizione.<\/p>\n<p>In chiave italiana, c&#8217;\u00e8 nuovamente spazio per la voglia di mettersi in luce di <strong>Alessandro Romele<\/strong> (XDS Astana), che ha gi\u00e0 fatto vedere cose pregevoli, al primo Grande Giro della carriera, e che sembra scalpitare nella ricerca di risultati importanti. Da vedere poi quali saranno le intenzioni di <strong>Ethan Hayter<\/strong> (Soudal Quick-Step), che potrebbe provare a muoversi da lontano, e quale sar\u00e0 il rendimento di<strong> Jordi Meeus<\/strong> (Red Bull-Bora-hansgrohe), che, parlando di velocisti puri in gara, \u00e8 uno dei pi\u00f9 forti del lotto. Davanti a lui, per\u00f2, c&#8217;\u00e8 una giornata che potrebbe rivelarsi dura da mandar gi\u00f9, guardando al profilo altimetrico.<\/p>\n<p>Un occhio andr\u00e0 dato poi a <strong>Bastien Tronchon<\/strong> (Groupama-FDJ United), corridore polivalente di buon livello, e anche ai suoi connazionali francesi <strong>Jordan Labrosse<\/strong> (Decathlon CMA CGM) e <strong>Hugo Hofstetter<\/strong> (NSN), con quest&#8217;ultimo che \u00e8 pi\u00f9 uomo da volata pi\u00f9 o meno numerosa rispetto ai due colleghi prima citati. Da valutare inoltre le condizioni di <strong>Marco Brenner<\/strong> (Tudor), altro corridore capace di spunti interessanti, ma caduto nei giorni scorsi.<\/p>\n<p>C&#8217;\u00e8 poi uno stuolo di corridori che hanno potenzialit\u00e0 e caratteristiche per mettersi in luce entrando nella fuga giusta, che abbia poi modo di fare tutta la strada fino all&#8217;arrivo. Nell&#8217;elenco possono entrare sia atleti che possano poi far fruttare il loro spunto veloce, vedasi <strong>Axel Laurance<\/strong> (Netcompany Ineos), <strong>Andreas Kron<\/strong> (Uno-X Mobility) e <strong>Marcel Camprub\u00ed<\/strong> (Pinarello-Q36.5), ma anche interpreti pi\u00f9 da &#8220;percorso mosso&#8221;. In questo elenco possono entrare <strong>Alexey Lutsenko<\/strong> (NSN), <strong>Urko Berrade<\/strong> e <strong>Mats Wenzel<\/strong> (Kern Pharma), <strong>Will Barta<\/strong> (Tudor), <strong>Valentin Madouas<\/strong> (Groupama-FDJ United), <strong>Henri-Franc\u00e7ois Renard Haquin<\/strong> (Picnic PostNL), <strong>Fredrik Dversnes Lavik<\/strong> (Uno-X Mobility), e magari quel <strong>Thibau Nys<\/strong> (Lidl-Trek) da cui ci si aspetta qualche segnale in queste settimane. Da escludere, almeno in partenza, i vari cacciatori di tappe della Movistar, come Iv\u00e1n Romeo e Ra\u00fal Garc\u00eda Pierna, che saranno probabilmente schierati al gran completo intorno al compagno capolista Mas.<\/p>\n<h3><span style=\"font-size: 22px;\">Borsino dei Favoriti Decima Tappa Vuelta a Espa\u00f1a 2026\u00a0<\/span><\/h3>\n<p>***** Wout van Aert<br \/>\n**** Matthew Brennan, Mads Pedersen<br \/>\n*** Orluis Aular, Bryan Coquard, Magnus Cort<br \/>\n** Vincenzo Albanese, Pau Miquel, Alessandro Romele, Ben Turner<br \/>\n* Marcel Camprub\u00ed, Ethan Hayter, Axel Laurance, Andreas Kron, Jordi Meeus<\/p>\n<h2>Le scelte di redazione<\/h2>\n<p>In questa sezione ogni redattore indica il proprio favorito tra i 15 nomi del borsino per riflettere meglio un confronto di sensibilit\u00e0, intuizioni e analisi differenti che portano alla creazione del nostro tradizionale borsino. Proprio per questa molteplicit\u00e0 di scelte e ragionamenti abbiamo scelto di proporre anche le singole opinioni, creando un piccolo gioco interno che abbiamo deciso di condividere con voi: i lettori possono cos\u00ec scoprire diversi punti di vista e confrontarli con i propri nell\u2019attesa della corsa.<\/p>\n<p><strong>Davide F.: <\/strong>Wout van Aert<br \/>\n<strong>Davide T.<\/strong>: Matthew Brennan<br \/>\n<strong>Francesco:\u00a0<\/strong>Mads Pedersen<br \/>\n<strong>Leonardo: <\/strong>Wout van Aert<strong><br \/>\nLuca: <\/strong>Wout van Aert<br \/>\n<strong>Michela: <\/strong>Wout van Aert<\/p>\n<h2>Meteo previsto Decima Tappa Vuelta a Espa\u00f1a 2026<\/h2>\n<p>Poco nuvoloso. Possibilit\u00e0 di precipitazioni: 0%. Umidit\u00e0: 50%. Vento direzione SSE fino a 7 km\/h. Temperatura prevista: minima 29\u00b0, massima 34\u00b0.<\/p>\n<h2>Maggiori insidie Decima Tappa Vuelta a Espa\u00f1a 2026<\/h2>\n<p>Si riparte dopo il giorno di riposo e c&#8217;\u00e8 sempre il rischio che le varie attivit\u00e0 che scandiscono queste giornate possano lasciare qualche strascico nell&#8217;organismo dei corridori, che peraltro si troveranno di fronte una tappa da quasi 3000 metri di dislivello positivo. Far\u00e0 caldo e il percorso \u00e8 di quelli che possono anche causare qualche scompenso, anche se \u00e8 lecito aspettarsi una giornata controllata dalle squadre dei velocisti e non particolarmente caotica. Attenzione, per\u00f2, a eventuali tranelli, considerando inoltre che &#8211; come abbiamo purtroppo visto qualche giorno &#8211; nel ciclismo l&#8217;imprevisto \u00e8 sempre dietro ogni angolo.<\/p>\n<h2>Altimetria e Planimetria Decima Tappa Vuelta a Espa\u00f1a 2026<\/h2>\n<p><iframe loading=\"lazy\" src=\"https:\/\/secure.cyclingprodata.com\/widgets\/latest\/widgets.html?type=profile&amp;language=it&amp;tour_id=1072&amp;stage_number=10\" width=\"100%\" height=\"420px\" data-mce-fragment=\"1\"><span style=\"display: inline-block; width: 0px; overflow: hidden; line-height: 0;\" data-mce-type=\"bookmark\" class=\"mce_SELRES_start\">\ufeff<\/span><span style=\"display: inline-block; width: 0px; overflow: hidden; line-height: 0;\" data-mce-type=\"bookmark\" class=\"mce_SELRES_start\">\ufeff<\/span><span style=\"display: inline-block; width: 0px; overflow: hidden; line-height: 0;\" data-mce-type=\"bookmark\" class=\"mce_SELRES_start\">\ufeff<\/span><span style=\"display: inline-block; width: 0px; overflow: hidden; line-height: 0;\" data-mce-type=\"bookmark\" class=\"mce_SELRES_start\">\ufeff<\/span><span data-mce-type=\"bookmark\" style=\"display: inline-block; width: 0px; overflow: hidden; line-height: 0;\" class=\"mce_SELRES_start\">\ufeff<\/span><span data-mce-type=\"bookmark\" style=\"display: inline-block; width: 0px; overflow: hidden; line-height: 0;\" class=\"mce_SELRES_start\">\ufeff<\/span><\/iframe><iframe loading=\"lazy\" src=\"https:\/\/secure.cyclingprodata.com\/widgets\/latest\/widgets.html?type=map&amp;language=it&amp;tour_id=1072&amp;stage_number=10\" width=\"100%\" height=\"420px\" data-mce-fragment=\"1\"><span data-mce-type=\"bookmark\" style=\"display: inline-block; width: 0px; overflow: hidden; line-height: 0;\" class=\"mce_SELRES_start\">\ufeff<\/span><span style=\"display: inline-block; width: 0px; overflow: hidden; line-height: 0;\" data-mce-type=\"bookmark\" class=\"mce_SELRES_start\">\ufeff<\/span><span style=\"display: inline-block; width: 0px; overflow: hidden; line-height: 0;\" data-mce-type=\"bookmark\" class=\"mce_SELRES_start\">\ufeff<\/span><span data-mce-type=\"bookmark\" style=\"display: inline-block; width: 0px; overflow: hidden; line-height: 0;\" class=\"mce_SELRES_start\">\ufeff<\/span><span data-mce-type=\"bookmark\" style=\"display: inline-block; width: 0px; overflow: hidden; line-height: 0;\" class=\"mce_SELRES_start\">\ufeff<\/span><span data-mce-type=\"bookmark\" style=\"display: inline-block; width: 0px; overflow: hidden; line-height: 0;\" class=\"mce_SELRES_start\">\ufeff<\/span><span data-mce-type=\"bookmark\" style=\"display: inline-block; width: 0px; overflow: hidden; line-height: 0;\" class=\"mce_SELRES_start\">\ufeff<\/span><span data-mce-type=\"bookmark\" style=\"display: inline-block; width: 0px; overflow: hidden; line-height: 0;\" class=\"mce_SELRES_start\">\ufeff<\/span><span data-mce-type=\"bookmark\" style=\"display: inline-block; width: 0px; overflow: hidden; line-height: 0;\" class=\"mce_SELRES_start\">\ufeff<\/span><span data-mce-type=\"bookmark\" style=\"display: inline-block; width: 0px; overflow: hidden; line-height: 0;\" class=\"mce_SELRES_start\">\ufeff<\/span><span data-mce-type=\"bookmark\" style=\"display: inline-block; width: 0px; overflow: hidden; line-height: 0;\" class=\"mce_SELRES_start\">\ufeff<\/span><span data-mce-type=\"bookmark\" style=\"display: inline-block; width: 0px; overflow: hidden; line-height: 0;\" class=\"mce_SELRES_start\"><span class=\"mce_SELRES_start\" style=\"width: 0px; line-height: 0; overflow: hidden; display: inline-block;\" data-mce-type=\"bookmark\">\ufeff<\/span>\ufeff<\/span><\/iframe><\/p>\n<h2>Cronotabella Decima Tappa Vuelta a Espa\u00f1a 2026<\/h2>\n<table style=\"width: 99.6868%; height: 1597px;\">\n<thead>\n<tr style=\"height: 47px;\">\n<th style=\"width: 56.6492%; height: 47px;\">LOCALIT\u00c0<\/th>\n<th style=\"width: 23.1413%; text-align: center; height: 47px;\" colspan=\"2\">CHILOMETRI<\/th>\n<th style=\"width: 20%; text-align: center; height: 47px;\" colspan=\"3\">ORARI<\/th>\n<\/tr>\n<\/thead>\n<tbody>\n<tr style=\"height: 62px;\">\n<td style=\"width: 56.6492%; height: 62px;\"><\/td>\n<td style=\"width: 11.1741%; text-align: center; height: 62px;\">ALL\u2019ARRIVO<\/td>\n<td style=\"width: 11.9672%; text-align: center; height: 62px;\">DALLA PARTENZA<\/td>\n<td style=\"width: 6.70157%; height: 62px;\">43km\/h<\/td>\n<td style=\"width: 6.70157%; height: 62px;\">41km\/h<\/td>\n<td style=\"width: 6.59686%; height: 62px;\">39km\/h<\/td>\n<\/tr>\n<tr style=\"height: 62px;\">\n<td style=\"width: 56.6492%; height: 45px; text-align: left;\">Salida lanzada por la N-322 direcci\u00f3n Reolid, Ubeda<\/td>\n<td style=\"width: 11.1741%; height: 45px; text-align: center;\">184.7<\/td>\n<td style=\"width: 11.9672%; height: 45px; text-align: center;\">0<\/td>\n<td style=\"width: 6.70157%; height: 45px; text-align: center;\">12:59<\/td>\n<td style=\"width: 6.70157%; height: 45px; text-align: center;\">12:59<\/td>\n<td style=\"width: 6.59686%; height: 45px; text-align: center;\">12:59<\/td>\n<\/tr>\n<tr style=\"height: 62px;\">\n<td style=\"width: 56.6492%; height: 35px; text-align: left;\">Reolid cruce izquierda direcci\u00f3n Ri\u00f3par<\/td>\n<td style=\"width: 11.1741%; height: 35px; text-align: center;\">178.5<\/td>\n<td style=\"width: 11.9672%; height: 35px; text-align: center;\">6.2<\/td>\n<td style=\"width: 6.70157%; height: 35px; text-align: center;\">13:07<\/td>\n<td style=\"width: 6.70157%; height: 35px; text-align: center;\">13:08<\/td>\n<td style=\"width: 6.59686%; height: 35px; text-align: center;\">13:09<\/td>\n<\/tr>\n<tr style=\"height: 62px;\">\n<td style=\"width: 56.6492%; height: 24px; text-align: left;\">Cruce recto direcci\u00f3n Ri\u00f3par<\/td>\n<td style=\"width: 11.1741%; height: 24px; text-align: center;\">178.3<\/td>\n<td style=\"width: 11.9672%; height: 24px; text-align: center;\">6.4<\/td>\n<td style=\"width: 6.70157%; height: 24px; text-align: center;\">13:08<\/td>\n<td style=\"width: 6.70157%; height: 24px; text-align: center;\">13:08<\/td>\n<td style=\"width: 6.59686%; height: 24px; text-align: center;\">13:08<\/td>\n<\/tr>\n<tr style=\"height: 62px;\">\n<td style=\"width: 56.6492%; height: 33px; text-align: left;\">Giro derecha direcci\u00f3n Salobre<\/td>\n<td style=\"width: 11.1741%; height: 33px; text-align: center;\">174.4<\/td>\n<td style=\"width: 11.9672%; height: 33px; text-align: center;\">10.3<\/td>\n<td style=\"width: 6.70157%; height: 33px; text-align: center;\">13:14<\/td>\n<td style=\"width: 6.70157%; height: 33px; text-align: center;\">13:15<\/td>\n<td style=\"width: 6.59686%; height: 33px; text-align: center;\">13:15<\/td>\n<\/tr>\n<tr style=\"height: 62px;\">\n<td style=\"width: 56.6492%; height: 24px; text-align: left;\">Salobre<\/td>\n<td style=\"width: 11.1741%; height: 24px; text-align: center;\">173.7<\/td>\n<td style=\"width: 11.9672%; height: 24px; text-align: center;\">11<\/td>\n<td style=\"width: 6.70157%; height: 24px; text-align: center;\">13:15<\/td>\n<td style=\"width: 6.70157%; height: 24px; text-align: center;\">13:16<\/td>\n<td style=\"width: 6.59686%; height: 24px; text-align: center;\">13:17<\/td>\n<\/tr>\n<tr style=\"height: 62px;\">\n<td style=\"width: 56.6492%; height: 24px; text-align: left;\">Parideras<\/td>\n<td style=\"width: 11.1741%; height: 24px; text-align: center;\">169.1<\/td>\n<td style=\"width: 11.9672%; height: 24px; text-align: center;\">15.6<\/td>\n<td style=\"width: 6.70157%; height: 24px; text-align: center;\">13:23<\/td>\n<td style=\"width: 6.70157%; height: 24px; text-align: center;\">13:24<\/td>\n<td style=\"width: 6.59686%; height: 24px; text-align: center;\">13:25<\/td>\n<\/tr>\n<tr style=\"height: 62px;\">\n<td style=\"width: 56.6492%; height: 22px; text-align: left;\">Cortijo del Cura<\/td>\n<td style=\"width: 11.1741%; height: 22px; text-align: center;\">156.9<\/td>\n<td style=\"width: 11.9672%; height: 22px; text-align: center;\">27.8<\/td>\n<td style=\"width: 6.70157%; height: 22px; text-align: center;\">13:40<\/td>\n<td style=\"width: 6.70157%; height: 22px; text-align: center;\">13:42<\/td>\n<td style=\"width: 6.59686%; height: 22px; text-align: center;\">13:45<\/td>\n<\/tr>\n<tr style=\"height: 62px;\">\n<td style=\"width: 56.6492%; height: 34px; text-align: left;\">Riopar<\/td>\n<td style=\"width: 11.1741%; height: 34px; text-align: center;\">151.7<\/td>\n<td style=\"width: 11.9672%; height: 34px; text-align: center;\">33<\/td>\n<td style=\"width: 6.70157%; height: 34px; text-align: center;\">13:47<\/td>\n<td style=\"width: 6.70157%; height: 34px; text-align: center;\">13:49<\/td>\n<td style=\"width: 6.59686%; height: 34px; text-align: center;\">13:51<\/td>\n<\/tr>\n<tr style=\"height: 62px;\">\n<td style=\"width: 56.6492%; height: 23px; text-align: left;\">Comienza puerto<\/td>\n<td style=\"width: 11.1741%; height: 23px; text-align: center;\">142.3<\/td>\n<td style=\"width: 11.9672%; height: 23px; text-align: center;\">42.4<\/td>\n<td style=\"width: 6.70157%; height: 23px; text-align: center;\">13:58<\/td>\n<td style=\"width: 6.70157%; height: 23px; text-align: center;\">14:01<\/td>\n<td style=\"width: 6.59686%; height: 23px; text-align: center;\">14:04<\/td>\n<\/tr>\n<tr style=\"height: 62px;\">\n<td style=\"width: 56.6492%; height: 30px; text-align: left;\">PM 3\u00aa Puerto del Peralejo<\/td>\n<td style=\"width: 11.1741%; height: 30px; text-align: center;\">137.1<\/td>\n<td style=\"width: 11.9672%; height: 30px; text-align: center;\">47.6<\/td>\n<td style=\"width: 6.70157%; height: 30px; text-align: center;\">14:09<\/td>\n<td style=\"width: 6.70157%; height: 30px; text-align: center;\">14:12<\/td>\n<td style=\"width: 6.59686%; height: 30px; text-align: center;\">14:16<\/td>\n<\/tr>\n<tr style=\"height: 62px;\">\n<td style=\"width: 56.6492%; height: 10px; text-align: left;\">Fuente-Higuera<\/td>\n<td style=\"width: 11.1741%; height: 10px; text-align: center;\">133.7<\/td>\n<td style=\"width: 11.9672%; height: 10px; text-align: center;\">51<\/td>\n<td style=\"width: 6.70157%; height: 10px; text-align: center;\">14:13<\/td>\n<td style=\"width: 6.70157%; height: 10px; text-align: center;\">14:16<\/td>\n<td style=\"width: 6.59686%; height: 10px; text-align: center;\">14:20<\/td>\n<\/tr>\n<tr style=\"height: 62px;\">\n<td style=\"width: 56.6492%; height: 35px; text-align: left;\">Cruce izquierda direcci\u00f3n Fuente del Taif<\/td>\n<td style=\"width: 11.1741%; height: 35px; text-align: center;\">131.2<\/td>\n<td style=\"width: 11.9672%; height: 35px; text-align: center;\">53.5<\/td>\n<td style=\"width: 6.70157%; height: 35px; text-align: center;\">14:16<\/td>\n<td style=\"width: 6.70157%; height: 35px; text-align: center;\">14:20<\/td>\n<td style=\"width: 6.59686%; height: 35px; text-align: center;\">14:24<\/td>\n<\/tr>\n<tr style=\"height: 62px;\">\n<td style=\"width: 56.6492%; height: 36px; text-align: left;\">Cambio de carretera<\/td>\n<td style=\"width: 11.1741%; height: 36px; text-align: center;\">123.7<\/td>\n<td style=\"width: 11.9672%; height: 36px; text-align: center;\">61<\/td>\n<td style=\"width: 6.70157%; height: 36px; text-align: center;\">14:27<\/td>\n<td style=\"width: 6.70157%; height: 36px; text-align: center;\">14:32<\/td>\n<td style=\"width: 6.59686%; height: 36px; text-align: center;\">14:36<\/td>\n<\/tr>\n<tr style=\"height: 62px;\">\n<td style=\"width: 56.6492%; height: 20px; text-align: left;\">El Pozuelo<\/td>\n<td style=\"width: 11.1741%; height: 20px; text-align: center;\">120.7<\/td>\n<td style=\"width: 11.9672%; height: 20px; text-align: center;\">64<\/td>\n<td style=\"width: 6.70157%; height: 20px; text-align: center;\">14:31<\/td>\n<td style=\"width: 6.70157%; height: 20px; text-align: center;\">14:35<\/td>\n<td style=\"width: 6.59686%; height: 20px; text-align: center;\">14:40<\/td>\n<\/tr>\n<tr style=\"height: 62px;\">\n<td style=\"width: 56.6492%; height: 23px; text-align: left;\">Cruce izquierda direcci\u00f3n A\u00fdna, Albacete<\/td>\n<td style=\"width: 11.1741%; height: 23px; text-align: center;\">115<\/td>\n<td style=\"width: 11.9672%; height: 23px; text-align: center;\">69.7<\/td>\n<td style=\"width: 6.70157%; height: 23px; text-align: center;\">14:38<\/td>\n<td style=\"width: 6.70157%; height: 23px; text-align: center;\">14:43<\/td>\n<td style=\"width: 6.59686%; height: 23px; text-align: center;\">14:48<\/td>\n<\/tr>\n<tr style=\"height: 62px;\">\n<td style=\"width: 56.6492%; height: 62px; text-align: left;\">Hoyas de Arriba<\/td>\n<td style=\"width: 11.1741%; height: 62px; text-align: center;\">110.7<\/td>\n<td style=\"width: 11.9672%; height: 62px; text-align: center;\">74<\/td>\n<td style=\"width: 6.70157%; height: 62px; text-align: center;\">14:43<\/td>\n<td style=\"width: 6.70157%; height: 62px; text-align: center;\">14:48<\/td>\n<td style=\"width: 6.59686%; height: 62px; text-align: center;\">14:53<\/td>\n<\/tr>\n<tr style=\"height: 62px;\">\n<td style=\"width: 56.6492%; height: 62px; text-align: left;\">2 tuneles de 20 metros<\/td>\n<td style=\"width: 11.1741%; height: 62px; text-align: center;\">107.7<\/td>\n<td style=\"width: 11.9672%; height: 62px; text-align: center;\">77<\/td>\n<td style=\"width: 6.70157%; height: 62px; text-align: center;\">14:46<\/td>\n<td style=\"width: 6.70157%; height: 62px; text-align: center;\">14:51<\/td>\n<td style=\"width: 6.59686%; height: 62px; text-align: center;\">14:57<\/td>\n<\/tr>\n<tr style=\"height: 62px;\">\n<td style=\"width: 56.6492%; height: 62px; text-align: left;\">Comienza puerto<\/td>\n<td style=\"width: 11.1741%; height: 62px; text-align: center;\">106.1<\/td>\n<td style=\"width: 11.9672%; height: 62px; text-align: center;\">78.6<\/td>\n<td style=\"width: 6.70157%; height: 62px; text-align: center;\">14:48<\/td>\n<td style=\"width: 6.70157%; height: 62px; text-align: center;\">14:53<\/td>\n<td style=\"width: 6.59686%; height: 62px; text-align: center;\">14:59<\/td>\n<\/tr>\n<tr style=\"height: 62px;\">\n<td style=\"width: 56.6492%; height: 62px; text-align: left;\">A\u00fdna<\/td>\n<td style=\"width: 11.1741%; height: 62px; text-align: center;\">105.4<\/td>\n<td style=\"width: 11.9672%; height: 62px; text-align: center;\">79.3<\/td>\n<td style=\"width: 6.70157%; height: 62px; text-align: center;\">14:50<\/td>\n<td style=\"width: 6.70157%; height: 62px; text-align: center;\">14:55<\/td>\n<td style=\"width: 6.59686%; height: 62px; text-align: center;\">15:01<\/td>\n<\/tr>\n<tr style=\"height: 62px;\">\n<td style=\"width: 56.6492%; height: 62px; text-align: left;\">La Sarguilla<\/td>\n<td style=\"width: 11.1741%; height: 62px; text-align: center;\">99.3<\/td>\n<td style=\"width: 11.9672%; height: 62px; text-align: center;\">85.4<\/td>\n<td style=\"width: 6.70157%; height: 62px; text-align: center;\">15:01<\/td>\n<td style=\"width: 6.70157%; height: 62px; text-align: center;\">15:07<\/td>\n<td style=\"width: 6.59686%; height: 62px; text-align: center;\">15:14<\/td>\n<\/tr>\n<tr style=\"height: 62px;\">\n<td style=\"width: 56.6492%; height: 62px; text-align: left;\">PM 3\u00aa Puerto de A\u00fdna<\/td>\n<td style=\"width: 11.1741%; height: 62px; text-align: center;\">98.4<\/td>\n<td style=\"width: 11.9672%; height: 62px; text-align: center;\">86.3<\/td>\n<td style=\"width: 6.70157%; height: 62px; text-align: center;\">15:03<\/td>\n<td style=\"width: 6.70157%; height: 62px; text-align: center;\">15:09<\/td>\n<td style=\"width: 6.59686%; height: 62px; text-align: center;\">15:15<\/td>\n<\/tr>\n<tr style=\"height: 62px;\">\n<td style=\"width: 56.6492%; height: 62px; text-align: left;\">Cruce derecha direcci\u00f3n Li\u00e9tor, Hell\u00edn<\/td>\n<td style=\"width: 11.1741%; height: 62px; text-align: center;\">96.4<\/td>\n<td style=\"width: 11.9672%; height: 62px; text-align: center;\">88.3<\/td>\n<td style=\"width: 6.70157%; height: 62px; text-align: center;\">15:05<\/td>\n<td style=\"width: 6.70157%; height: 62px; text-align: center;\">15:11<\/td>\n<td style=\"width: 6.59686%; height: 62px; text-align: center;\">15:18<\/td>\n<\/tr>\n<tr style=\"height: 62px;\">\n<td style=\"width: 56.6492%; height: 62px; text-align: left;\">El Villarejo<\/td>\n<td style=\"width: 11.1741%; height: 62px; text-align: center;\">96.1<\/td>\n<td style=\"width: 11.9672%; height: 62px; text-align: center;\">88.6<\/td>\n<td style=\"width: 6.70157%; height: 62px; text-align: center;\">15:05<\/td>\n<td style=\"width: 6.70157%; height: 62px; text-align: center;\">15:11<\/td>\n<td style=\"width: 6.59686%; height: 62px; text-align: center;\">15:18<\/td>\n<\/tr>\n<tr style=\"height: 62px;\">\n<td style=\"width: 56.6492%; height: 62px; text-align: left;\">Rotonda izquierda direcci\u00f3n Hell\u00edn (norte), Almansa<\/td>\n<td style=\"width: 11.1741%; height: 62px; text-align: center;\">66.2<\/td>\n<td style=\"width: 11.9672%; height: 62px; text-align: center;\">118.5<\/td>\n<td style=\"width: 6.70157%; height: 62px; text-align: center;\">15:43<\/td>\n<td style=\"width: 6.70157%; height: 62px; text-align: center;\">15:51<\/td>\n<td style=\"width: 6.59686%; height: 62px; text-align: center;\">15:59<\/td>\n<\/tr>\n<tr style=\"height: 62px;\">\n<td style=\"width: 56.6492%; height: 24px; text-align: left;\">Giro derecha direcci\u00f3n Hell\u00edn (norte)<\/td>\n<td style=\"width: 11.1741%; height: 24px; text-align: center;\">63.5<\/td>\n<td style=\"width: 11.9672%; height: 24px; text-align: center;\">121.2<\/td>\n<td style=\"width: 6.70157%; height: 24px; text-align: center;\">15:46<\/td>\n<td style=\"width: 6.70157%; height: 24px; text-align: center;\">15:55<\/td>\n<td style=\"width: 6.59686%; height: 24px; text-align: center;\">16:04<\/td>\n<\/tr>\n<tr style=\"height: 62px;\">\n<td style=\"width: 56.6492%; height: 62px; text-align: left;\">Rotonda derecha direcci\u00f3n Hell\u00edn<\/td>\n<td style=\"width: 11.1741%; height: 62px; text-align: center;\">63.2<\/td>\n<td style=\"width: 11.9672%; height: 62px; text-align: center;\">121.5<\/td>\n<td style=\"width: 6.70157%; height: 62px; text-align: center;\">15:47<\/td>\n<td style=\"width: 6.70157%; height: 62px; text-align: center;\">15:55<\/td>\n<td style=\"width: 6.59686%; height: 62px; text-align: center;\">16:04<\/td>\n<\/tr>\n<tr style=\"height: 62px;\">\n<td style=\"width: 56.6492%; height: 62px; text-align: left;\">Hell\u00edn Avda. de la Libertad, C\/Melchor de Macanaz<\/td>\n<td style=\"width: 11.1741%; height: 62px; text-align: center;\">59.7<\/td>\n<td style=\"width: 11.9672%; height: 62px; text-align: center;\">125<\/td>\n<td style=\"width: 6.70157%; height: 62px; text-align: center;\">15:51<\/td>\n<td style=\"width: 6.70157%; height: 62px; text-align: center;\">15:59<\/td>\n<td style=\"width: 6.59686%; height: 62px; text-align: center;\">16:09<\/td>\n<\/tr>\n<tr style=\"height: 62px;\">\n<td style=\"width: 56.6492%; height: 62px; text-align: left;\">Isso<\/td>\n<td style=\"width: 11.1741%; height: 62px; text-align: center;\">55.7<\/td>\n<td style=\"width: 11.9672%; height: 62px; text-align: center;\">129<\/td>\n<td style=\"width: 6.70157%; height: 62px; text-align: center;\">15:56<\/td>\n<td style=\"width: 6.70157%; height: 62px; text-align: center;\">16:04<\/td>\n<td style=\"width: 6.59686%; height: 62px; text-align: center;\">16:14<\/td>\n<\/tr>\n<tr style=\"height: 62px;\">\n<td style=\"width: 56.6492%; height: 28px; text-align: left;\">Rotonda izquierda direcci\u00f3n Elche de la Sierra<\/td>\n<td style=\"width: 11.1741%; height: 28px; text-align: center;\">52.1<\/td>\n<td style=\"width: 11.9672%; height: 28px; text-align: center;\">132.6<\/td>\n<td style=\"width: 6.70157%; height: 28px; text-align: center;\">16:00<\/td>\n<td style=\"width: 6.70157%; height: 28px; text-align: center;\">16:09<\/td>\n<td style=\"width: 6.59686%; height: 28px; text-align: center;\">16:18<\/td>\n<\/tr>\n<tr style=\"height: 62px;\">\n<td style=\"width: 56.6492%; height: 62px; text-align: left;\">Cruce izquierda direcci\u00f3n Socovos, Letur<\/td>\n<td style=\"width: 11.1741%; height: 62px; text-align: center;\">43.7<\/td>\n<td style=\"width: 11.9672%; height: 62px; text-align: center;\">141<\/td>\n<td style=\"width: 6.70157%; height: 62px; text-align: center;\">16:12<\/td>\n<td style=\"width: 6.70157%; height: 62px; text-align: center;\">16:21<\/td>\n<td style=\"width: 6.59686%; height: 62px; text-align: center;\">16:32<\/td>\n<\/tr>\n<tr style=\"height: 62px;\">\n<td style=\"width: 56.6492%; height: 10px; text-align: left;\">Comienza puerto<\/td>\n<td style=\"width: 11.1741%; height: 10px; text-align: center;\">31.2<\/td>\n<td style=\"width: 11.9672%; height: 10px; text-align: center;\">153.5<\/td>\n<td style=\"width: 6.70157%; height: 10px; text-align: center;\">16:30<\/td>\n<td style=\"width: 6.70157%; height: 10px; text-align: center;\">16:40<\/td>\n<td style=\"width: 6.59686%; height: 10px; text-align: center;\">16:51<\/td>\n<\/tr>\n<tr style=\"height: 62px;\">\n<td style=\"width: 56.6492%; height: 62px; text-align: left;\">PM 3\u00aa Puerto de Socovos<\/td>\n<td style=\"width: 11.1741%; height: 62px; text-align: center;\">21.5<\/td>\n<td style=\"width: 11.9672%; height: 62px; text-align: center;\">163.2<\/td>\n<td style=\"width: 6.70157%; height: 62px; text-align: center;\">16:48<\/td>\n<td style=\"width: 6.70157%; height: 62px; text-align: center;\">16:59<\/td>\n<td style=\"width: 6.59686%; height: 62px; text-align: center;\">17:11<\/td>\n<\/tr>\n<tr style=\"height: 62px;\">\n<td style=\"width: 56.6492%; height: 26px; text-align: left;\">Socovos rotonda derecha direcci\u00f3n F\u00e9rez, Letur<\/td>\n<td style=\"width: 11.1741%; height: 26px; text-align: center;\">21.3<\/td>\n<td style=\"width: 11.9672%; height: 26px; text-align: center;\">163.4<\/td>\n<td style=\"width: 6.70157%; height: 26px; text-align: center;\">16:48<\/td>\n<td style=\"width: 6.70157%; height: 26px; text-align: center;\">16:59<\/td>\n<td style=\"width: 6.59686%; height: 26px; text-align: center;\">17:12<\/td>\n<\/tr>\n<tr style=\"height: 62px;\">\n<td style=\"width: 56.6492%; height: 62px; text-align: left;\">F\u00e9rez<\/td>\n<td style=\"width: 11.1741%; height: 62px; text-align: center;\">18.7<\/td>\n<td style=\"width: 11.9672%; height: 62px; text-align: center;\">166<\/td>\n<td style=\"width: 6.70157%; height: 62px; text-align: center;\">16:51<\/td>\n<td style=\"width: 6.70157%; height: 62px; text-align: center;\">17:02<\/td>\n<td style=\"width: 6.59686%; height: 62px; text-align: center;\">17:14<\/td>\n<\/tr>\n<tr style=\"height: 62px;\">\n<td style=\"width: 56.6492%; height: 13px; text-align: left;\">El Gallego<\/td>\n<td style=\"width: 11.1741%; height: 13px; text-align: center;\">7.7<\/td>\n<td style=\"width: 11.9672%; height: 13px; text-align: center;\">177<\/td>\n<td style=\"width: 6.70157%; height: 13px; text-align: center;\">17:04<\/td>\n<td style=\"width: 6.70157%; height: 13px; text-align: center;\">17:16<\/td>\n<td style=\"width: 6.59686%; height: 13px; text-align: center;\">17:30<\/td>\n<\/tr>\n<tr style=\"height: 62px;\">\n<td style=\"width: 56.6492%; height: 22px; text-align: left;\">Villares<\/td>\n<td style=\"width: 11.1741%; height: 22px; text-align: center;\">3.4<\/td>\n<td style=\"width: 11.9672%; height: 22px; text-align: center;\">181.3<\/td>\n<td style=\"width: 6.70157%; height: 22px; text-align: center;\">17:12<\/td>\n<td style=\"width: 6.70157%; height: 22px; text-align: center;\">17:24<\/td>\n<td style=\"width: 6.59686%; height: 22px; text-align: center;\">17:38<\/td>\n<\/tr>\n<tr style=\"height: 62px;\">\n<td style=\"width: 56.6492%; height: 17px; text-align: left;\">Meta Elche de la Sierra<\/td>\n<td style=\"width: 11.1741%; height: 17px; text-align: center;\">0<\/td>\n<td style=\"width: 11.9672%; height: 17px; text-align: center;\">184.7<\/td>\n<td style=\"width: 6.70157%; height: 17px; text-align: center;\">17:17<\/td>\n<td style=\"width: 6.70157%; height: 17px; text-align: center;\">17:30<\/td>\n<td style=\"width: 6.59686%; height: 17px; text-align: center;\">17:44<\/td>\n<\/tr>\n<\/tbody>\n<\/table>\n","protected":false},"excerpt":{"rendered":"<p>Una tappa di non facile lettura per aprire la seconda settimana a #LaVuelta26. <\/p>\n","protected":false},"author":46,"featured_media":391442,"comment_status":"open","ping_status":"closed","sticky":false,"template":"","format":"standard","meta":{"footnotes":"","_members_access_role":[],"_members_access_error":""},"categories":[14,21,6589],"tags":[5752],"class_list":["post-393032","post","type-post","status-publish","format-standard","has-post-thumbnail","hentry","category-presentazione-corse","category-vetrina","category-vuelta-2026","tag-vuelta-a-espana-2026"],"yoast_head":"<!-- This site is optimized with the Yoast SEO plugin v28.3 - https:\/\/yoast.com\/product\/yoast-seo-wordpress\/ -->\n<title>Vuelta a Espa\u00f1a 2026, Presentazione Percorso e Favoriti decima tappa: Alcaraz - Elche de la Sierra (184,7 km) - SpazioCiclismo<\/title>\n<meta name=\"robots\" content=\"index, follow, max-snippet:-1, max-image-preview:large, max-video-preview:-1\" \/>\n<link rel=\"canonical\" href=\"https:\/\/cyclingpro.net\/spaziociclismo\/presentazione-corse\/vuelta-a-espana-2026-presentazione-percorso-e-favoriti-decima-tappa-alcaraz-elche-de-la-sierra-1847-km\/\" \/>\n<meta property=\"og:locale\" content=\"it_IT\" \/>\n<meta property=\"og:type\" content=\"article\" \/>\n<meta property=\"og:title\" content=\"Vuelta a Espa\u00f1a 2026, Presentazione Percorso e Favoriti decima tappa: Alcaraz - Elche de la Sierra (184,7 km) - SpazioCiclismo\" \/>\n<meta property=\"og:description\" content=\"Una tappa di non facile lettura per aprire la seconda settimana a #LaVuelta26.\" \/>\n<meta property=\"og:url\" content=\"https:\/\/cyclingpro.net\/spaziociclismo\/presentazione-corse\/vuelta-a-espana-2026-presentazione-percorso-e-favoriti-decima-tappa-alcaraz-elche-de-la-sierra-1847-km\/\" \/>\n<meta property=\"og:site_name\" content=\"SpazioCiclismo\" \/>\n<meta property=\"article:publisher\" content=\"https:\/\/www.facebook.com\/SpazioCiclismo\/\" \/>\n<meta property=\"article:published_time\" content=\"2026-08-31T18:00:48+00:00\" \/>\n<meta property=\"article:modified_time\" content=\"2026-08-31T18:18:00+00:00\" \/>\n<meta property=\"og:image\" content=\"https:\/\/cyclingpro.net\/spaziociclismo\/wp-content\/uploads\/2026\/08\/Vuelta-a-Espana-2026-Tappa-10-Altimetria-Def.jpg\" \/>\n\t<meta property=\"og:image:width\" content=\"1600\" \/>\n\t<meta property=\"og:image:height\" content=\"750\" \/>\n\t<meta property=\"og:image:type\" content=\"image\/jpeg\" \/>\n<meta name=\"author\" content=\"Michela Guarguaglini\" \/>\n<meta name=\"twitter:card\" content=\"summary_large_image\" \/>\n<meta name=\"twitter:creator\" content=\"@spaziociclismo\" \/>\n<meta name=\"twitter:site\" content=\"@spaziociclismo\" \/>\n<meta name=\"twitter:label1\" content=\"Scritto da\" \/>\n\t<meta name=\"twitter:data1\" content=\"Michela Guarguaglini\" \/>\n\t<meta name=\"twitter:label2\" content=\"Tempo di lettura stimato\" \/>\n\t<meta name=\"twitter:data2\" content=\"10 minuti\" \/>\n<script type=\"application\/ld+json\" class=\"yoast-schema-graph\">{\"@context\":\"https:\\\/\\\/schema.org\",\"@graph\":[{\"@type\":\"Article\",\"@id\":\"https:\\\/\\\/cyclingpro.net\\\/spaziociclismo\\\/presentazione-corse\\\/vuelta-a-espana-2026-presentazione-percorso-e-favoriti-decima-tappa-alcaraz-elche-de-la-sierra-1847-km\\\/#article\",\"isPartOf\":{\"@id\":\"https:\\\/\\\/cyclingpro.net\\\/spaziociclismo\\\/presentazione-corse\\\/vuelta-a-espana-2026-presentazione-percorso-e-favoriti-decima-tappa-alcaraz-elche-de-la-sierra-1847-km\\\/\"},\"author\":{\"name\":\"Michela Guarguaglini\",\"@id\":\"https:\\\/\\\/cyclingpro.net\\\/spaziociclismo\\\/#\\\/schema\\\/person\\\/dd749f54075861d6da7622fa9f4ca58d\"},\"headline\":\"Vuelta a Espa\u00f1a 2026, Presentazione Percorso e Favoriti decima tappa: Alcaraz &#8211; Elche de la Sierra (184,7 km)\",\"datePublished\":\"2026-08-31T18:00:48+00:00\",\"dateModified\":\"2026-08-31T18:18:00+00:00\",\"mainEntityOfPage\":{\"@id\":\"https:\\\/\\\/cyclingpro.net\\\/spaziociclismo\\\/presentazione-corse\\\/vuelta-a-espana-2026-presentazione-percorso-e-favoriti-decima-tappa-alcaraz-elche-de-la-sierra-1847-km\\\/\"},\"wordCount\":1595,\"commentCount\":0,\"publisher\":{\"@id\":\"https:\\\/\\\/cyclingpro.net\\\/spaziociclismo\\\/#organization\"},\"image\":{\"@id\":\"https:\\\/\\\/cyclingpro.net\\\/spaziociclismo\\\/presentazione-corse\\\/vuelta-a-espana-2026-presentazione-percorso-e-favoriti-decima-tappa-alcaraz-elche-de-la-sierra-1847-km\\\/#primaryimage\"},\"thumbnailUrl\":\"https:\\\/\\\/cyclingpro.net\\\/spaziociclismo\\\/wp-content\\\/uploads\\\/2026\\\/08\\\/Vuelta-a-Espana-2026-Tappa-10-Altimetria-Def.jpg\",\"keywords\":[\"Vuelta a Espa\u00f1a 2026\"],\"articleSection\":[\"Presentazione Corse\",\"Vetrina\",\"Vuelta 2026\"],\"inLanguage\":\"it-IT\",\"potentialAction\":[{\"@type\":\"CommentAction\",\"name\":\"Comment\",\"target\":[\"https:\\\/\\\/cyclingpro.net\\\/spaziociclismo\\\/presentazione-corse\\\/vuelta-a-espana-2026-presentazione-percorso-e-favoriti-decima-tappa-alcaraz-elche-de-la-sierra-1847-km\\\/#respond\"]}]},{\"@type\":\"WebPage\",\"@id\":\"https:\\\/\\\/cyclingpro.net\\\/spaziociclismo\\\/presentazione-corse\\\/vuelta-a-espana-2026-presentazione-percorso-e-favoriti-decima-tappa-alcaraz-elche-de-la-sierra-1847-km\\\/\",\"url\":\"https:\\\/\\\/cyclingpro.net\\\/spaziociclismo\\\/presentazione-corse\\\/vuelta-a-espana-2026-presentazione-percorso-e-favoriti-decima-tappa-alcaraz-elche-de-la-sierra-1847-km\\\/\",\"name\":\"Vuelta a Espa\u00f1a 2026, Presentazione Percorso e Favoriti decima tappa: Alcaraz - Elche de la Sierra (184,7 km) - SpazioCiclismo\",\"isPartOf\":{\"@id\":\"https:\\\/\\\/cyclingpro.net\\\/spaziociclismo\\\/#website\"},\"primaryImageOfPage\":{\"@id\":\"https:\\\/\\\/cyclingpro.net\\\/spaziociclismo\\\/presentazione-corse\\\/vuelta-a-espana-2026-presentazione-percorso-e-favoriti-decima-tappa-alcaraz-elche-de-la-sierra-1847-km\\\/#primaryimage\"},\"image\":{\"@id\":\"https:\\\/\\\/cyclingpro.net\\\/spaziociclismo\\\/presentazione-corse\\\/vuelta-a-espana-2026-presentazione-percorso-e-favoriti-decima-tappa-alcaraz-elche-de-la-sierra-1847-km\\\/#primaryimage\"},\"thumbnailUrl\":\"https:\\\/\\\/cyclingpro.net\\\/spaziociclismo\\\/wp-content\\\/uploads\\\/2026\\\/08\\\/Vuelta-a-Espana-2026-Tappa-10-Altimetria-Def.jpg\",\"datePublished\":\"2026-08-31T18:00:48+00:00\",\"dateModified\":\"2026-08-31T18:18:00+00:00\",\"breadcrumb\":{\"@id\":\"https:\\\/\\\/cyclingpro.net\\\/spaziociclismo\\\/presentazione-corse\\\/vuelta-a-espana-2026-presentazione-percorso-e-favoriti-decima-tappa-alcaraz-elche-de-la-sierra-1847-km\\\/#breadcrumb\"},\"inLanguage\":\"it-IT\",\"potentialAction\":[{\"@type\":\"ReadAction\",\"target\":[\"https:\\\/\\\/cyclingpro.net\\\/spaziociclismo\\\/presentazione-corse\\\/vuelta-a-espana-2026-presentazione-percorso-e-favoriti-decima-tappa-alcaraz-elche-de-la-sierra-1847-km\\\/\"]}]},{\"@type\":\"ImageObject\",\"inLanguage\":\"it-IT\",\"@id\":\"https:\\\/\\\/cyclingpro.net\\\/spaziociclismo\\\/presentazione-corse\\\/vuelta-a-espana-2026-presentazione-percorso-e-favoriti-decima-tappa-alcaraz-elche-de-la-sierra-1847-km\\\/#primaryimage\",\"url\":\"https:\\\/\\\/cyclingpro.net\\\/spaziociclismo\\\/wp-content\\\/uploads\\\/2026\\\/08\\\/Vuelta-a-Espana-2026-Tappa-10-Altimetria-Def.jpg\",\"contentUrl\":\"https:\\\/\\\/cyclingpro.net\\\/spaziociclismo\\\/wp-content\\\/uploads\\\/2026\\\/08\\\/Vuelta-a-Espana-2026-Tappa-10-Altimetria-Def.jpg\",\"width\":1600,\"height\":750},{\"@type\":\"BreadcrumbList\",\"@id\":\"https:\\\/\\\/cyclingpro.net\\\/spaziociclismo\\\/presentazione-corse\\\/vuelta-a-espana-2026-presentazione-percorso-e-favoriti-decima-tappa-alcaraz-elche-de-la-sierra-1847-km\\\/#breadcrumb\",\"itemListElement\":[{\"@type\":\"ListItem\",\"position\":1,\"name\":\"Home\",\"item\":\"https:\\\/\\\/cyclingpro.net\\\/spaziociclismo\\\/\"},{\"@type\":\"ListItem\",\"position\":2,\"name\":\"Vuelta a Espa\u00f1a 2026, Presentazione Percorso e Favoriti decima tappa: Alcaraz &#8211; Elche de la Sierra (184,7 km)\"}]},{\"@type\":\"WebSite\",\"@id\":\"https:\\\/\\\/cyclingpro.net\\\/spaziociclismo\\\/#website\",\"url\":\"https:\\\/\\\/cyclingpro.net\\\/spaziociclismo\\\/\",\"name\":\"SpazioCiclismo\",\"description\":\"Tutto il ciclismo minuto per minuto\",\"publisher\":{\"@id\":\"https:\\\/\\\/cyclingpro.net\\\/spaziociclismo\\\/#organization\"},\"potentialAction\":[{\"@type\":\"SearchAction\",\"target\":{\"@type\":\"EntryPoint\",\"urlTemplate\":\"https:\\\/\\\/cyclingpro.net\\\/spaziociclismo\\\/?s={search_term_string}\"},\"query-input\":{\"@type\":\"PropertyValueSpecification\",\"valueRequired\":true,\"valueName\":\"search_term_string\"}}],\"inLanguage\":\"it-IT\"},{\"@type\":\"Organization\",\"@id\":\"https:\\\/\\\/cyclingpro.net\\\/spaziociclismo\\\/#organization\",\"name\":\"SpazioCiclismo\",\"url\":\"https:\\\/\\\/cyclingpro.net\\\/spaziociclismo\\\/\",\"logo\":{\"@type\":\"ImageObject\",\"inLanguage\":\"it-IT\",\"@id\":\"https:\\\/\\\/cyclingpro.net\\\/spaziociclismo\\\/#\\\/schema\\\/logo\\\/image\\\/\",\"url\":\"https:\\\/\\\/cyclingpro.net\\\/spaziociclismo\\\/wp-content\\\/uploads\\\/2017\\\/02\\\/SpazioCiclismo-Logo-Quadrato.png\",\"contentUrl\":\"https:\\\/\\\/cyclingpro.net\\\/spaziociclismo\\\/wp-content\\\/uploads\\\/2017\\\/02\\\/SpazioCiclismo-Logo-Quadrato.png\",\"width\":450,\"height\":450,\"caption\":\"SpazioCiclismo\"},\"image\":{\"@id\":\"https:\\\/\\\/cyclingpro.net\\\/spaziociclismo\\\/#\\\/schema\\\/logo\\\/image\\\/\"},\"sameAs\":[\"https:\\\/\\\/www.facebook.com\\\/SpazioCiclismo\\\/\",\"https:\\\/\\\/x.com\\\/spaziociclismo\",\"https:\\\/\\\/www.instagram.com\\\/spaziociclismo\\\/\"]},{\"@type\":\"Person\",\"@id\":\"https:\\\/\\\/cyclingpro.net\\\/spaziociclismo\\\/#\\\/schema\\\/person\\\/dd749f54075861d6da7622fa9f4ca58d\",\"name\":\"Michela Guarguaglini\",\"image\":{\"@type\":\"ImageObject\",\"inLanguage\":\"it-IT\",\"@id\":\"https:\\\/\\\/secure.gravatar.com\\\/avatar\\\/7c861ceff251a282d2b1cc9b3503d3893a703cfd410d29b7869304cd92a0c7c2?s=96&d=mm&r=g\",\"url\":\"https:\\\/\\\/secure.gravatar.com\\\/avatar\\\/7c861ceff251a282d2b1cc9b3503d3893a703cfd410d29b7869304cd92a0c7c2?s=96&d=mm&r=g\",\"contentUrl\":\"https:\\\/\\\/secure.gravatar.com\\\/avatar\\\/7c861ceff251a282d2b1cc9b3503d3893a703cfd410d29b7869304cd92a0c7c2?s=96&d=mm&r=g\",\"caption\":\"Michela Guarguaglini\"},\"url\":\"https:\\\/\\\/cyclingpro.net\\\/spaziociclismo\\\/author\\\/mguarguaglini\\\/\"}]}<\/script>\n<!-- \/ Yoast SEO plugin. -->","yoast_head_json":{"title":"Vuelta a Espa\u00f1a 2026, Presentazione Percorso e Favoriti decima tappa: Alcaraz - Elche de la Sierra (184,7 km) - SpazioCiclismo","robots":{"index":"index","follow":"follow","max-snippet":"max-snippet:-1","max-image-preview":"max-image-preview:large","max-video-preview":"max-video-preview:-1"},"canonical":"https:\/\/cyclingpro.net\/spaziociclismo\/presentazione-corse\/vuelta-a-espana-2026-presentazione-percorso-e-favoriti-decima-tappa-alcaraz-elche-de-la-sierra-1847-km\/","og_locale":"it_IT","og_type":"article","og_title":"Vuelta a Espa\u00f1a 2026, Presentazione Percorso e Favoriti decima tappa: Alcaraz - Elche de la Sierra (184,7 km) - SpazioCiclismo","og_description":"Una tappa di non facile lettura per aprire la seconda settimana a #LaVuelta26.","og_url":"https:\/\/cyclingpro.net\/spaziociclismo\/presentazione-corse\/vuelta-a-espana-2026-presentazione-percorso-e-favoriti-decima-tappa-alcaraz-elche-de-la-sierra-1847-km\/","og_site_name":"SpazioCiclismo","article_publisher":"https:\/\/www.facebook.com\/SpazioCiclismo\/","article_published_time":"2026-08-31T18:00:48+00:00","article_modified_time":"2026-08-31T18:18:00+00:00","og_image":[{"width":1600,"height":750,"url":"https:\/\/cyclingpro.net\/spaziociclismo\/wp-content\/uploads\/2026\/08\/Vuelta-a-Espana-2026-Tappa-10-Altimetria-Def.jpg","type":"image\/jpeg"}],"author":"Michela Guarguaglini","twitter_card":"summary_large_image","twitter_creator":"@spaziociclismo","twitter_site":"@spaziociclismo","twitter_misc":{"Scritto da":"Michela Guarguaglini","Tempo di lettura stimato":"10 minuti"},"schema":{"@context":"https:\/\/schema.org","@graph":[{"@type":"Article","@id":"https:\/\/cyclingpro.net\/spaziociclismo\/presentazione-corse\/vuelta-a-espana-2026-presentazione-percorso-e-favoriti-decima-tappa-alcaraz-elche-de-la-sierra-1847-km\/#article","isPartOf":{"@id":"https:\/\/cyclingpro.net\/spaziociclismo\/presentazione-corse\/vuelta-a-espana-2026-presentazione-percorso-e-favoriti-decima-tappa-alcaraz-elche-de-la-sierra-1847-km\/"},"author":{"name":"Michela Guarguaglini","@id":"https:\/\/cyclingpro.net\/spaziociclismo\/#\/schema\/person\/dd749f54075861d6da7622fa9f4ca58d"},"headline":"Vuelta a Espa\u00f1a 2026, Presentazione Percorso e Favoriti decima tappa: Alcaraz &#8211; Elche de la Sierra (184,7 km)","datePublished":"2026-08-31T18:00:48+00:00","dateModified":"2026-08-31T18:18:00+00:00","mainEntityOfPage":{"@id":"https:\/\/cyclingpro.net\/spaziociclismo\/presentazione-corse\/vuelta-a-espana-2026-presentazione-percorso-e-favoriti-decima-tappa-alcaraz-elche-de-la-sierra-1847-km\/"},"wordCount":1595,"commentCount":0,"publisher":{"@id":"https:\/\/cyclingpro.net\/spaziociclismo\/#organization"},"image":{"@id":"https:\/\/cyclingpro.net\/spaziociclismo\/presentazione-corse\/vuelta-a-espana-2026-presentazione-percorso-e-favoriti-decima-tappa-alcaraz-elche-de-la-sierra-1847-km\/#primaryimage"},"thumbnailUrl":"https:\/\/cyclingpro.net\/spaziociclismo\/wp-content\/uploads\/2026\/08\/Vuelta-a-Espana-2026-Tappa-10-Altimetria-Def.jpg","keywords":["Vuelta a Espa\u00f1a 2026"],"articleSection":["Presentazione Corse","Vetrina","Vuelta 2026"],"inLanguage":"it-IT","potentialAction":[{"@type":"CommentAction","name":"Comment","target":["https:\/\/cyclingpro.net\/spaziociclismo\/presentazione-corse\/vuelta-a-espana-2026-presentazione-percorso-e-favoriti-decima-tappa-alcaraz-elche-de-la-sierra-1847-km\/#respond"]}]},{"@type":"WebPage","@id":"https:\/\/cyclingpro.net\/spaziociclismo\/presentazione-corse\/vuelta-a-espana-2026-presentazione-percorso-e-favoriti-decima-tappa-alcaraz-elche-de-la-sierra-1847-km\/","url":"https:\/\/cyclingpro.net\/spaziociclismo\/presentazione-corse\/vuelta-a-espana-2026-presentazione-percorso-e-favoriti-decima-tappa-alcaraz-elche-de-la-sierra-1847-km\/","name":"Vuelta a Espa\u00f1a 2026, Presentazione Percorso e Favoriti decima tappa: Alcaraz - Elche de la Sierra (184,7 km) - SpazioCiclismo","isPartOf":{"@id":"https:\/\/cyclingpro.net\/spaziociclismo\/#website"},"primaryImageOfPage":{"@id":"https:\/\/cyclingpro.net\/spaziociclismo\/presentazione-corse\/vuelta-a-espana-2026-presentazione-percorso-e-favoriti-decima-tappa-alcaraz-elche-de-la-sierra-1847-km\/#primaryimage"},"image":{"@id":"https:\/\/cyclingpro.net\/spaziociclismo\/presentazione-corse\/vuelta-a-espana-2026-presentazione-percorso-e-favoriti-decima-tappa-alcaraz-elche-de-la-sierra-1847-km\/#primaryimage"},"thumbnailUrl":"https:\/\/cyclingpro.net\/spaziociclismo\/wp-content\/uploads\/2026\/08\/Vuelta-a-Espana-2026-Tappa-10-Altimetria-Def.jpg","datePublished":"2026-08-31T18:00:48+00:00","dateModified":"2026-08-31T18:18:00+00:00","breadcrumb":{"@id":"https:\/\/cyclingpro.net\/spaziociclismo\/presentazione-corse\/vuelta-a-espana-2026-presentazione-percorso-e-favoriti-decima-tappa-alcaraz-elche-de-la-sierra-1847-km\/#breadcrumb"},"inLanguage":"it-IT","potentialAction":[{"@type":"ReadAction","target":["https:\/\/cyclingpro.net\/spaziociclismo\/presentazione-corse\/vuelta-a-espana-2026-presentazione-percorso-e-favoriti-decima-tappa-alcaraz-elche-de-la-sierra-1847-km\/"]}]},{"@type":"ImageObject","inLanguage":"it-IT","@id":"https:\/\/cyclingpro.net\/spaziociclismo\/presentazione-corse\/vuelta-a-espana-2026-presentazione-percorso-e-favoriti-decima-tappa-alcaraz-elche-de-la-sierra-1847-km\/#primaryimage","url":"https:\/\/cyclingpro.net\/spaziociclismo\/wp-content\/uploads\/2026\/08\/Vuelta-a-Espana-2026-Tappa-10-Altimetria-Def.jpg","contentUrl":"https:\/\/cyclingpro.net\/spaziociclismo\/wp-content\/uploads\/2026\/08\/Vuelta-a-Espana-2026-Tappa-10-Altimetria-Def.jpg","width":1600,"height":750},{"@type":"BreadcrumbList","@id":"https:\/\/cyclingpro.net\/spaziociclismo\/presentazione-corse\/vuelta-a-espana-2026-presentazione-percorso-e-favoriti-decima-tappa-alcaraz-elche-de-la-sierra-1847-km\/#breadcrumb","itemListElement":[{"@type":"ListItem","position":1,"name":"Home","item":"https:\/\/cyclingpro.net\/spaziociclismo\/"},{"@type":"ListItem","position":2,"name":"Vuelta a Espa\u00f1a 2026, Presentazione Percorso e Favoriti decima tappa: Alcaraz &#8211; Elche de la Sierra (184,7 km)"}]},{"@type":"WebSite","@id":"https:\/\/cyclingpro.net\/spaziociclismo\/#website","url":"https:\/\/cyclingpro.net\/spaziociclismo\/","name":"SpazioCiclismo","description":"Tutto il ciclismo minuto per minuto","publisher":{"@id":"https:\/\/cyclingpro.net\/spaziociclismo\/#organization"},"potentialAction":[{"@type":"SearchAction","target":{"@type":"EntryPoint","urlTemplate":"https:\/\/cyclingpro.net\/spaziociclismo\/?s={search_term_string}"},"query-input":{"@type":"PropertyValueSpecification","valueRequired":true,"valueName":"search_term_string"}}],"inLanguage":"it-IT"},{"@type":"Organization","@id":"https:\/\/cyclingpro.net\/spaziociclismo\/#organization","name":"SpazioCiclismo","url":"https:\/\/cyclingpro.net\/spaziociclismo\/","logo":{"@type":"ImageObject","inLanguage":"it-IT","@id":"https:\/\/cyclingpro.net\/spaziociclismo\/#\/schema\/logo\/image\/","url":"https:\/\/cyclingpro.net\/spaziociclismo\/wp-content\/uploads\/2017\/02\/SpazioCiclismo-Logo-Quadrato.png","contentUrl":"https:\/\/cyclingpro.net\/spaziociclismo\/wp-content\/uploads\/2017\/02\/SpazioCiclismo-Logo-Quadrato.png","width":450,"height":450,"caption":"SpazioCiclismo"},"image":{"@id":"https:\/\/cyclingpro.net\/spaziociclismo\/#\/schema\/logo\/image\/"},"sameAs":["https:\/\/www.facebook.com\/SpazioCiclismo\/","https:\/\/x.com\/spaziociclismo","https:\/\/www.instagram.com\/spaziociclismo\/"]},{"@type":"Person","@id":"https:\/\/cyclingpro.net\/spaziociclismo\/#\/schema\/person\/dd749f54075861d6da7622fa9f4ca58d","name":"Michela Guarguaglini","image":{"@type":"ImageObject","inLanguage":"it-IT","@id":"https:\/\/secure.gravatar.com\/avatar\/7c861ceff251a282d2b1cc9b3503d3893a703cfd410d29b7869304cd92a0c7c2?s=96&d=mm&r=g","url":"https:\/\/secure.gravatar.com\/avatar\/7c861ceff251a282d2b1cc9b3503d3893a703cfd410d29b7869304cd92a0c7c2?s=96&d=mm&r=g","contentUrl":"https:\/\/secure.gravatar.com\/avatar\/7c861ceff251a282d2b1cc9b3503d3893a703cfd410d29b7869304cd92a0c7c2?s=96&d=mm&r=g","caption":"Michela Guarguaglini"},"url":"https:\/\/cyclingpro.net\/spaziociclismo\/author\/mguarguaglini\/"}]}},"_links":{"self":[{"href":"https:\/\/cyclingpro.net\/spaziociclismo\/wp-json\/wp\/v2\/posts\/393032","targetHints":{"allow":["GET"]}}],"collection":[{"href":"https:\/\/cyclingpro.net\/spaziociclismo\/wp-json\/wp\/v2\/posts"}],"about":[{"href":"https:\/\/cyclingpro.net\/spaziociclismo\/wp-json\/wp\/v2\/types\/post"}],"author":[{"embeddable":true,"href":"https:\/\/cyclingpro.net\/spaziociclismo\/wp-json\/wp\/v2\/users\/46"}],"replies":[{"embeddable":true,"href":"https:\/\/cyclingpro.net\/spaziociclismo\/wp-json\/wp\/v2\/comments?post=393032"}],"version-history":[{"count":9,"href":"https:\/\/cyclingpro.net\/spaziociclismo\/wp-json\/wp\/v2\/posts\/393032\/revisions"}],"predecessor-version":[{"id":393086,"href":"https:\/\/cyclingpro.net\/spaziociclismo\/wp-json\/wp\/v2\/posts\/393032\/revisions\/393086"}],"wp:featuredmedia":[{"embeddable":true,"href":"https:\/\/cyclingpro.net\/spaziociclismo\/wp-json\/wp\/v2\/media\/391442"}],"wp:attachment":[{"href":"https:\/\/cyclingpro.net\/spaziociclismo\/wp-json\/wp\/v2\/media?parent=393032"}],"wp:term":[{"taxonomy":"category","embeddable":true,"href":"https:\/\/cyclingpro.net\/spaziociclismo\/wp-json\/wp\/v2\/categories?post=393032"},{"taxonomy":"post_tag","embeddable":true,"href":"https:\/\/cyclingpro.net\/spaziociclismo\/wp-json\/wp\/v2\/tags?post=393032"}],"curies":[{"name":"wp","href":"https:\/\/api.w.org\/{rel}","templated":true}]}}