{"id":393024,"date":"2026-08-31T13:34:50","date_gmt":"2026-08-31T11:34:50","guid":{"rendered":"https:\/\/cyclingpro.net\/spaziociclismo\/?p=393024"},"modified":"2026-08-31T13:34:50","modified_gmt":"2026-08-31T11:34:50","slug":"uae-team-emirates-xrg-quando-torna-tadej-pogacar-in-caso-di-nuova-caduta-rischierebbe-molto-persino-la-paralisi-ma-ci-sono-pareri-discordanti","status":"publish","type":"post","link":"https:\/\/cyclingpro.net\/spaziociclismo\/worldtour\/uae-team-emirates-xrg-quando-torna-tadej-pogacar-in-caso-di-nuova-caduta-rischierebbe-molto-persino-la-paralisi-ma-ci-sono-pareri-discordanti\/","title":{"rendered":"UAE Team Emirates XRG, quando torna Tadej Pogacar? &#8220;In caso di nuova caduta rischierebbe molto, persino la paralisi&#8221; &#8211; Ma ci sono pareri discordanti&#8230;"},"content":{"rendered":"<p><strong>Tadej Pogacar<\/strong> riuscir\u00e0 a tornare in gara quest&#8217;anno? <a href=\"https:\/\/cyclingpro.net\/spaziociclismo\/vuelta-2026\/vuelta-a-espana-2026-clamoroso-tadej-pogacar-si-ritira-caduto-violentemente-e-problema-alla-spalla\/\">Dopo il suo violento ritiro dalla <strong>Vuelta a Espa\u00f1a 2026<\/strong><\/a> la domanda corre di bocca in bocca, ma al momento una risposta concreta non \u00e8 arrivata. La squadra non si \u00e8 espressa e preferisce aspettare che il quadro clinico sia pi\u00f9 chiaro, con particolare attenzione alla commozione cerebrale che possa consentire l&#8217;operazione di riduzione della frattura alla clavicola. Questi sono i primi due passaggi che possono permettere di chiarire meglio la situazione, ma ovviamente l&#8217;infortunio che sembra essere pi\u00f9 decisivo \u00e8 la frattura della settima vertebra cervicale, la cui entit\u00e0 non \u00e8 stata chiaramente divulgata con esattezza, e che dunque potrebbe aprire a numerosi scenari, pi\u00f9 o meno gravi e preoccupanti. In attesa dell&#8217;intervento alla spalla, si discute dunque molto della frattura al collo, che potrebbe rappresentare un ostacolo maggiore (e per la quale in ogni caso servono settimane di riposo quasi completo e stabilizzazione con il collare).<\/p>\n<p>A provare a fare chiarezza riguardo la situazione, in particolare riguardo i potenziali pericoli di un eventuale rientro affrettato, ci ha pensato il\u00a0dottor <strong>Paolo Baudi<\/strong>, specialista in chirurgia della spalla e responsabile della Shoulder clinic di Modena, che intervistato da <em>La Repubblica<\/em> ha voluto lanciare un monito: &#8220;Fino a completa guarigione sarebbe molto pericoloso per lui tornare in bici: <strong>in caso di nuova caduta rischierebbe molto, persino la paralisi<\/strong>. Potrebbe non ricevere l&#8217;idoneit\u00e0 finch\u00e9 non sar\u00e0 totalmente guarito&#8221;. Una diagnosi medica che impone chiaramente massima cautela.<\/p>\n<p>Ovviamente, in casa UAE Team Emirates XRG vorranno a loro volta essere molto cauti e non prenderanno decisioni affrettate, anche perch\u00e9, va sottolineato, la gran parte degli esperti che stanno intervenendo in questi giorni, non conoscono il caso specifico, per cui si tratta di valutazioni generiche, non specifiche allo sloveno e quindi non necessariamente puntuali. Un discorso che vale sia per coloro che parlano di prudenza, sia per coloro che invece ritengono che &#8220;<strong>la stagione di Tadej Pogacar potrebbe non essere finita<\/strong>&#8220;, come il dottor Alfredo Falchi, direttore del servizio di ortopedia-traumatologia dello sport e riabilitazione, Gruppo Iseni Sanit\u00e0, che per Malpensa24 non esclude che potremmo rivedere lo sloveno con il numero sulla schiena in questa stagione. Una valutazione fatta con i dovuti condizionali, basandosi anche sulle immagini del collare che lo sloveno ha mostrato con il suo post su instagram, con il quale ha voluto rassicurare gli appassionati. &#8220;Le fratture cervicali sono importanti perch\u00e9 possono lasciare un deficit funzionale &#8211; dettaglia, ricordando giustamente i potenziali pericoli &#8211; Per\u00f2, visto anche il collare che gli hanno messo, quella di Pogacar non dovrebbe essere una grande cosa. Probabilmente \u00e8 di un processo trasverso. Non mobile e non grave\u201d.<\/p>\n","protected":false},"excerpt":{"rendered":"<p>Tadej Pogacar riuscir\u00e0 a tornare in gara quest&#8217;anno? Dopo il suo violento ritiro dalla Vuelta a Espa\u00f1a 2026 la domanda corre di bocca in bocca, ma al momento una risposta concreta non \u00e8 arrivata. Molti esperti stanno intervenendo in questi giorni, ma va sottolineato che non conoscono il caso specifico, per cui si tratta di valutazioni generiche, non specifiche allo sloveno e quindi non necessariamente puntuali<\/p>\n","protected":false},"author":2,"featured_media":392790,"comment_status":"open","ping_status":"closed","sticky":false,"template":"","format":"standard","meta":{"footnotes":"","_members_access_role":[],"_members_access_error":""},"categories":[21,25],"tags":[],"class_list":["post-393024","post","type-post","status-publish","format-standard","has-post-thumbnail","hentry","category-vetrina","category-worldtour"],"yoast_head":"<!-- This site is optimized with the Yoast SEO plugin v28.3 - https:\/\/yoast.com\/product\/yoast-seo-wordpress\/ -->\n<title>UAE Team Emirates XRG, quando torna Tadej Pogacar? &quot;In caso di nuova caduta rischierebbe molto, persino la paralisi&quot; - Ma ci sono pareri discordanti... - SpazioCiclismo<\/title>\n<meta name=\"robots\" content=\"index, follow, max-snippet:-1, max-image-preview:large, max-video-preview:-1\" \/>\n<link rel=\"canonical\" href=\"https:\/\/cyclingpro.net\/spaziociclismo\/worldtour\/uae-team-emirates-xrg-quando-torna-tadej-pogacar-in-caso-di-nuova-caduta-rischierebbe-molto-persino-la-paralisi-ma-ci-sono-pareri-discordanti\/\" \/>\n<meta property=\"og:locale\" content=\"it_IT\" \/>\n<meta property=\"og:type\" content=\"article\" \/>\n<meta property=\"og:title\" content=\"UAE Team Emirates XRG, quando torna Tadej Pogacar? &quot;In caso di nuova caduta rischierebbe molto, persino la paralisi&quot; - Ma ci sono pareri discordanti... - SpazioCiclismo\" \/>\n<meta property=\"og:description\" content=\"Tadej Pogacar riuscir\u00e0 a tornare in gara quest&#039;anno? Dopo il suo violento ritiro dalla Vuelta a Espa\u00f1a 2026 la domanda corre di bocca in bocca, ma al momento una risposta concreta non \u00e8 arrivata. Molti esperti stanno intervenendo in questi giorni, ma va sottolineato che non conoscono il caso specifico, per cui si tratta di valutazioni generiche, non specifiche allo sloveno e quindi non necessariamente puntuali\" \/>\n<meta property=\"og:url\" content=\"https:\/\/cyclingpro.net\/spaziociclismo\/worldtour\/uae-team-emirates-xrg-quando-torna-tadej-pogacar-in-caso-di-nuova-caduta-rischierebbe-molto-persino-la-paralisi-ma-ci-sono-pareri-discordanti\/\" \/>\n<meta property=\"og:site_name\" content=\"SpazioCiclismo\" \/>\n<meta property=\"article:publisher\" content=\"https:\/\/www.facebook.com\/SpazioCiclismo\/\" \/>\n<meta property=\"article:published_time\" content=\"2026-08-31T11:34:50+00:00\" \/>\n<meta property=\"og:image\" content=\"https:\/\/cyclingpro.net\/spaziociclismo\/wp-content\/uploads\/2026\/08\/Pogacar-Ambulanza-ferita-spalla-caduta-Vuelta-a-Espana-2026.webp\" \/>\n\t<meta property=\"og:image:width\" content=\"1205\" \/>\n\t<meta property=\"og:image:height\" content=\"800\" \/>\n\t<meta property=\"og:image:type\" content=\"image\/webp\" \/>\n<meta name=\"author\" content=\"Redazione SpazioCiclismo\" \/>\n<meta name=\"twitter:card\" content=\"summary_large_image\" \/>\n<meta name=\"twitter:creator\" content=\"@spaziociclismo\" \/>\n<meta name=\"twitter:site\" content=\"@spaziociclismo\" \/>\n<meta name=\"twitter:label1\" content=\"Scritto da\" \/>\n\t<meta name=\"twitter:data1\" content=\"Redazione SpazioCiclismo\" \/>\n\t<meta name=\"twitter:label2\" content=\"Tempo di lettura stimato\" \/>\n\t<meta name=\"twitter:data2\" content=\"3 minuti\" \/>\n<script type=\"application\/ld+json\" class=\"yoast-schema-graph\">{\"@context\":\"https:\\\/\\\/schema.org\",\"@graph\":[{\"@type\":\"Article\",\"@id\":\"https:\\\/\\\/cyclingpro.net\\\/spaziociclismo\\\/worldtour\\\/uae-team-emirates-xrg-quando-torna-tadej-pogacar-in-caso-di-nuova-caduta-rischierebbe-molto-persino-la-paralisi-ma-ci-sono-pareri-discordanti\\\/#article\",\"isPartOf\":{\"@id\":\"https:\\\/\\\/cyclingpro.net\\\/spaziociclismo\\\/worldtour\\\/uae-team-emirates-xrg-quando-torna-tadej-pogacar-in-caso-di-nuova-caduta-rischierebbe-molto-persino-la-paralisi-ma-ci-sono-pareri-discordanti\\\/\"},\"author\":{\"name\":\"Redazione SpazioCiclismo\",\"@id\":\"https:\\\/\\\/cyclingpro.net\\\/spaziociclismo\\\/#\\\/schema\\\/person\\\/f104b5d2588ef53ce9f1b43295c352e1\"},\"headline\":\"UAE Team Emirates XRG, quando torna Tadej Pogacar? &#8220;In caso di nuova caduta rischierebbe molto, persino la paralisi&#8221; &#8211; Ma ci sono pareri discordanti&#8230;\",\"datePublished\":\"2026-08-31T11:34:50+00:00\",\"mainEntityOfPage\":{\"@id\":\"https:\\\/\\\/cyclingpro.net\\\/spaziociclismo\\\/worldtour\\\/uae-team-emirates-xrg-quando-torna-tadej-pogacar-in-caso-di-nuova-caduta-rischierebbe-molto-persino-la-paralisi-ma-ci-sono-pareri-discordanti\\\/\"},\"wordCount\":464,\"commentCount\":0,\"publisher\":{\"@id\":\"https:\\\/\\\/cyclingpro.net\\\/spaziociclismo\\\/#organization\"},\"image\":{\"@id\":\"https:\\\/\\\/cyclingpro.net\\\/spaziociclismo\\\/worldtour\\\/uae-team-emirates-xrg-quando-torna-tadej-pogacar-in-caso-di-nuova-caduta-rischierebbe-molto-persino-la-paralisi-ma-ci-sono-pareri-discordanti\\\/#primaryimage\"},\"thumbnailUrl\":\"https:\\\/\\\/cyclingpro.net\\\/spaziociclismo\\\/wp-content\\\/uploads\\\/2026\\\/08\\\/Pogacar-Ambulanza-ferita-spalla-caduta-Vuelta-a-Espana-2026.webp\",\"articleSection\":[\"Vetrina\",\"WorldTour\"],\"inLanguage\":\"it-IT\",\"potentialAction\":[{\"@type\":\"CommentAction\",\"name\":\"Comment\",\"target\":[\"https:\\\/\\\/cyclingpro.net\\\/spaziociclismo\\\/worldtour\\\/uae-team-emirates-xrg-quando-torna-tadej-pogacar-in-caso-di-nuova-caduta-rischierebbe-molto-persino-la-paralisi-ma-ci-sono-pareri-discordanti\\\/#respond\"]}]},{\"@type\":\"WebPage\",\"@id\":\"https:\\\/\\\/cyclingpro.net\\\/spaziociclismo\\\/worldtour\\\/uae-team-emirates-xrg-quando-torna-tadej-pogacar-in-caso-di-nuova-caduta-rischierebbe-molto-persino-la-paralisi-ma-ci-sono-pareri-discordanti\\\/\",\"url\":\"https:\\\/\\\/cyclingpro.net\\\/spaziociclismo\\\/worldtour\\\/uae-team-emirates-xrg-quando-torna-tadej-pogacar-in-caso-di-nuova-caduta-rischierebbe-molto-persino-la-paralisi-ma-ci-sono-pareri-discordanti\\\/\",\"name\":\"UAE Team Emirates XRG, quando torna Tadej Pogacar? \\\"In caso di nuova caduta rischierebbe molto, persino la paralisi\\\" - Ma ci sono pareri discordanti... - SpazioCiclismo\",\"isPartOf\":{\"@id\":\"https:\\\/\\\/cyclingpro.net\\\/spaziociclismo\\\/#website\"},\"primaryImageOfPage\":{\"@id\":\"https:\\\/\\\/cyclingpro.net\\\/spaziociclismo\\\/worldtour\\\/uae-team-emirates-xrg-quando-torna-tadej-pogacar-in-caso-di-nuova-caduta-rischierebbe-molto-persino-la-paralisi-ma-ci-sono-pareri-discordanti\\\/#primaryimage\"},\"image\":{\"@id\":\"https:\\\/\\\/cyclingpro.net\\\/spaziociclismo\\\/worldtour\\\/uae-team-emirates-xrg-quando-torna-tadej-pogacar-in-caso-di-nuova-caduta-rischierebbe-molto-persino-la-paralisi-ma-ci-sono-pareri-discordanti\\\/#primaryimage\"},\"thumbnailUrl\":\"https:\\\/\\\/cyclingpro.net\\\/spaziociclismo\\\/wp-content\\\/uploads\\\/2026\\\/08\\\/Pogacar-Ambulanza-ferita-spalla-caduta-Vuelta-a-Espana-2026.webp\",\"datePublished\":\"2026-08-31T11:34:50+00:00\",\"breadcrumb\":{\"@id\":\"https:\\\/\\\/cyclingpro.net\\\/spaziociclismo\\\/worldtour\\\/uae-team-emirates-xrg-quando-torna-tadej-pogacar-in-caso-di-nuova-caduta-rischierebbe-molto-persino-la-paralisi-ma-ci-sono-pareri-discordanti\\\/#breadcrumb\"},\"inLanguage\":\"it-IT\",\"potentialAction\":[{\"@type\":\"ReadAction\",\"target\":[\"https:\\\/\\\/cyclingpro.net\\\/spaziociclismo\\\/worldtour\\\/uae-team-emirates-xrg-quando-torna-tadej-pogacar-in-caso-di-nuova-caduta-rischierebbe-molto-persino-la-paralisi-ma-ci-sono-pareri-discordanti\\\/\"]}]},{\"@type\":\"ImageObject\",\"inLanguage\":\"it-IT\",\"@id\":\"https:\\\/\\\/cyclingpro.net\\\/spaziociclismo\\\/worldtour\\\/uae-team-emirates-xrg-quando-torna-tadej-pogacar-in-caso-di-nuova-caduta-rischierebbe-molto-persino-la-paralisi-ma-ci-sono-pareri-discordanti\\\/#primaryimage\",\"url\":\"https:\\\/\\\/cyclingpro.net\\\/spaziociclismo\\\/wp-content\\\/uploads\\\/2026\\\/08\\\/Pogacar-Ambulanza-ferita-spalla-caduta-Vuelta-a-Espana-2026.webp\",\"contentUrl\":\"https:\\\/\\\/cyclingpro.net\\\/spaziociclismo\\\/wp-content\\\/uploads\\\/2026\\\/08\\\/Pogacar-Ambulanza-ferita-spalla-caduta-Vuelta-a-Espana-2026.webp\",\"width\":1205,\"height\":800},{\"@type\":\"BreadcrumbList\",\"@id\":\"https:\\\/\\\/cyclingpro.net\\\/spaziociclismo\\\/worldtour\\\/uae-team-emirates-xrg-quando-torna-tadej-pogacar-in-caso-di-nuova-caduta-rischierebbe-molto-persino-la-paralisi-ma-ci-sono-pareri-discordanti\\\/#breadcrumb\",\"itemListElement\":[{\"@type\":\"ListItem\",\"position\":1,\"name\":\"Home\",\"item\":\"https:\\\/\\\/cyclingpro.net\\\/spaziociclismo\\\/\"},{\"@type\":\"ListItem\",\"position\":2,\"name\":\"UAE Team Emirates XRG, quando torna Tadej Pogacar? &#8220;In caso di nuova caduta rischierebbe molto, persino la paralisi&#8221; &#8211; Ma ci sono pareri discordanti&#8230;\"}]},{\"@type\":\"WebSite\",\"@id\":\"https:\\\/\\\/cyclingpro.net\\\/spaziociclismo\\\/#website\",\"url\":\"https:\\\/\\\/cyclingpro.net\\\/spaziociclismo\\\/\",\"name\":\"SpazioCiclismo\",\"description\":\"Tutto il ciclismo minuto per minuto\",\"publisher\":{\"@id\":\"https:\\\/\\\/cyclingpro.net\\\/spaziociclismo\\\/#organization\"},\"potentialAction\":[{\"@type\":\"SearchAction\",\"target\":{\"@type\":\"EntryPoint\",\"urlTemplate\":\"https:\\\/\\\/cyclingpro.net\\\/spaziociclismo\\\/?s={search_term_string}\"},\"query-input\":{\"@type\":\"PropertyValueSpecification\",\"valueRequired\":true,\"valueName\":\"search_term_string\"}}],\"inLanguage\":\"it-IT\"},{\"@type\":\"Organization\",\"@id\":\"https:\\\/\\\/cyclingpro.net\\\/spaziociclismo\\\/#organization\",\"name\":\"SpazioCiclismo\",\"url\":\"https:\\\/\\\/cyclingpro.net\\\/spaziociclismo\\\/\",\"logo\":{\"@type\":\"ImageObject\",\"inLanguage\":\"it-IT\",\"@id\":\"https:\\\/\\\/cyclingpro.net\\\/spaziociclismo\\\/#\\\/schema\\\/logo\\\/image\\\/\",\"url\":\"https:\\\/\\\/cyclingpro.net\\\/spaziociclismo\\\/wp-content\\\/uploads\\\/2017\\\/02\\\/SpazioCiclismo-Logo-Quadrato.png\",\"contentUrl\":\"https:\\\/\\\/cyclingpro.net\\\/spaziociclismo\\\/wp-content\\\/uploads\\\/2017\\\/02\\\/SpazioCiclismo-Logo-Quadrato.png\",\"width\":450,\"height\":450,\"caption\":\"SpazioCiclismo\"},\"image\":{\"@id\":\"https:\\\/\\\/cyclingpro.net\\\/spaziociclismo\\\/#\\\/schema\\\/logo\\\/image\\\/\"},\"sameAs\":[\"https:\\\/\\\/www.facebook.com\\\/SpazioCiclismo\\\/\",\"https:\\\/\\\/x.com\\\/spaziociclismo\",\"https:\\\/\\\/www.instagram.com\\\/spaziociclismo\\\/\"]},{\"@type\":\"Person\",\"@id\":\"https:\\\/\\\/cyclingpro.net\\\/spaziociclismo\\\/#\\\/schema\\\/person\\\/f104b5d2588ef53ce9f1b43295c352e1\",\"name\":\"Redazione SpazioCiclismo\",\"image\":{\"@type\":\"ImageObject\",\"inLanguage\":\"it-IT\",\"@id\":\"https:\\\/\\\/secure.gravatar.com\\\/avatar\\\/f1cae17b9ecd38864463422521239d4a656d6b657478a63e445df7b8ebc2b81c?s=96&d=mm&r=g\",\"url\":\"https:\\\/\\\/secure.gravatar.com\\\/avatar\\\/f1cae17b9ecd38864463422521239d4a656d6b657478a63e445df7b8ebc2b81c?s=96&d=mm&r=g\",\"contentUrl\":\"https:\\\/\\\/secure.gravatar.com\\\/avatar\\\/f1cae17b9ecd38864463422521239d4a656d6b657478a63e445df7b8ebc2b81c?s=96&d=mm&r=g\",\"caption\":\"Redazione SpazioCiclismo\"},\"url\":\"https:\\\/\\\/cyclingpro.net\\\/spaziociclismo\\\/author\\\/wptstmssc\\\/\"}]}<\/script>\n<!-- \/ Yoast SEO plugin. -->","yoast_head_json":{"title":"UAE Team Emirates XRG, quando torna Tadej Pogacar? \"In caso di nuova caduta rischierebbe molto, persino la paralisi\" - Ma ci sono pareri discordanti... - SpazioCiclismo","robots":{"index":"index","follow":"follow","max-snippet":"max-snippet:-1","max-image-preview":"max-image-preview:large","max-video-preview":"max-video-preview:-1"},"canonical":"https:\/\/cyclingpro.net\/spaziociclismo\/worldtour\/uae-team-emirates-xrg-quando-torna-tadej-pogacar-in-caso-di-nuova-caduta-rischierebbe-molto-persino-la-paralisi-ma-ci-sono-pareri-discordanti\/","og_locale":"it_IT","og_type":"article","og_title":"UAE Team Emirates XRG, quando torna Tadej Pogacar? \"In caso di nuova caduta rischierebbe molto, persino la paralisi\" - Ma ci sono pareri discordanti... - SpazioCiclismo","og_description":"Tadej Pogacar riuscir\u00e0 a tornare in gara quest'anno? Dopo il suo violento ritiro dalla Vuelta a Espa\u00f1a 2026 la domanda corre di bocca in bocca, ma al momento una risposta concreta non \u00e8 arrivata. Molti esperti stanno intervenendo in questi giorni, ma va sottolineato che non conoscono il caso specifico, per cui si tratta di valutazioni generiche, non specifiche allo sloveno e quindi non necessariamente puntuali","og_url":"https:\/\/cyclingpro.net\/spaziociclismo\/worldtour\/uae-team-emirates-xrg-quando-torna-tadej-pogacar-in-caso-di-nuova-caduta-rischierebbe-molto-persino-la-paralisi-ma-ci-sono-pareri-discordanti\/","og_site_name":"SpazioCiclismo","article_publisher":"https:\/\/www.facebook.com\/SpazioCiclismo\/","article_published_time":"2026-08-31T11:34:50+00:00","og_image":[{"width":1205,"height":800,"url":"https:\/\/cyclingpro.net\/spaziociclismo\/wp-content\/uploads\/2026\/08\/Pogacar-Ambulanza-ferita-spalla-caduta-Vuelta-a-Espana-2026.webp","type":"image\/webp"}],"author":"Redazione SpazioCiclismo","twitter_card":"summary_large_image","twitter_creator":"@spaziociclismo","twitter_site":"@spaziociclismo","twitter_misc":{"Scritto da":"Redazione SpazioCiclismo","Tempo di lettura stimato":"3 minuti"},"schema":{"@context":"https:\/\/schema.org","@graph":[{"@type":"Article","@id":"https:\/\/cyclingpro.net\/spaziociclismo\/worldtour\/uae-team-emirates-xrg-quando-torna-tadej-pogacar-in-caso-di-nuova-caduta-rischierebbe-molto-persino-la-paralisi-ma-ci-sono-pareri-discordanti\/#article","isPartOf":{"@id":"https:\/\/cyclingpro.net\/spaziociclismo\/worldtour\/uae-team-emirates-xrg-quando-torna-tadej-pogacar-in-caso-di-nuova-caduta-rischierebbe-molto-persino-la-paralisi-ma-ci-sono-pareri-discordanti\/"},"author":{"name":"Redazione SpazioCiclismo","@id":"https:\/\/cyclingpro.net\/spaziociclismo\/#\/schema\/person\/f104b5d2588ef53ce9f1b43295c352e1"},"headline":"UAE Team Emirates XRG, quando torna Tadej Pogacar? &#8220;In caso di nuova caduta rischierebbe molto, persino la paralisi&#8221; &#8211; Ma ci sono pareri discordanti&#8230;","datePublished":"2026-08-31T11:34:50+00:00","mainEntityOfPage":{"@id":"https:\/\/cyclingpro.net\/spaziociclismo\/worldtour\/uae-team-emirates-xrg-quando-torna-tadej-pogacar-in-caso-di-nuova-caduta-rischierebbe-molto-persino-la-paralisi-ma-ci-sono-pareri-discordanti\/"},"wordCount":464,"commentCount":0,"publisher":{"@id":"https:\/\/cyclingpro.net\/spaziociclismo\/#organization"},"image":{"@id":"https:\/\/cyclingpro.net\/spaziociclismo\/worldtour\/uae-team-emirates-xrg-quando-torna-tadej-pogacar-in-caso-di-nuova-caduta-rischierebbe-molto-persino-la-paralisi-ma-ci-sono-pareri-discordanti\/#primaryimage"},"thumbnailUrl":"https:\/\/cyclingpro.net\/spaziociclismo\/wp-content\/uploads\/2026\/08\/Pogacar-Ambulanza-ferita-spalla-caduta-Vuelta-a-Espana-2026.webp","articleSection":["Vetrina","WorldTour"],"inLanguage":"it-IT","potentialAction":[{"@type":"CommentAction","name":"Comment","target":["https:\/\/cyclingpro.net\/spaziociclismo\/worldtour\/uae-team-emirates-xrg-quando-torna-tadej-pogacar-in-caso-di-nuova-caduta-rischierebbe-molto-persino-la-paralisi-ma-ci-sono-pareri-discordanti\/#respond"]}]},{"@type":"WebPage","@id":"https:\/\/cyclingpro.net\/spaziociclismo\/worldtour\/uae-team-emirates-xrg-quando-torna-tadej-pogacar-in-caso-di-nuova-caduta-rischierebbe-molto-persino-la-paralisi-ma-ci-sono-pareri-discordanti\/","url":"https:\/\/cyclingpro.net\/spaziociclismo\/worldtour\/uae-team-emirates-xrg-quando-torna-tadej-pogacar-in-caso-di-nuova-caduta-rischierebbe-molto-persino-la-paralisi-ma-ci-sono-pareri-discordanti\/","name":"UAE Team Emirates XRG, quando torna Tadej Pogacar? \"In caso di nuova caduta rischierebbe molto, persino la paralisi\" - Ma ci sono pareri discordanti... - SpazioCiclismo","isPartOf":{"@id":"https:\/\/cyclingpro.net\/spaziociclismo\/#website"},"primaryImageOfPage":{"@id":"https:\/\/cyclingpro.net\/spaziociclismo\/worldtour\/uae-team-emirates-xrg-quando-torna-tadej-pogacar-in-caso-di-nuova-caduta-rischierebbe-molto-persino-la-paralisi-ma-ci-sono-pareri-discordanti\/#primaryimage"},"image":{"@id":"https:\/\/cyclingpro.net\/spaziociclismo\/worldtour\/uae-team-emirates-xrg-quando-torna-tadej-pogacar-in-caso-di-nuova-caduta-rischierebbe-molto-persino-la-paralisi-ma-ci-sono-pareri-discordanti\/#primaryimage"},"thumbnailUrl":"https:\/\/cyclingpro.net\/spaziociclismo\/wp-content\/uploads\/2026\/08\/Pogacar-Ambulanza-ferita-spalla-caduta-Vuelta-a-Espana-2026.webp","datePublished":"2026-08-31T11:34:50+00:00","breadcrumb":{"@id":"https:\/\/cyclingpro.net\/spaziociclismo\/worldtour\/uae-team-emirates-xrg-quando-torna-tadej-pogacar-in-caso-di-nuova-caduta-rischierebbe-molto-persino-la-paralisi-ma-ci-sono-pareri-discordanti\/#breadcrumb"},"inLanguage":"it-IT","potentialAction":[{"@type":"ReadAction","target":["https:\/\/cyclingpro.net\/spaziociclismo\/worldtour\/uae-team-emirates-xrg-quando-torna-tadej-pogacar-in-caso-di-nuova-caduta-rischierebbe-molto-persino-la-paralisi-ma-ci-sono-pareri-discordanti\/"]}]},{"@type":"ImageObject","inLanguage":"it-IT","@id":"https:\/\/cyclingpro.net\/spaziociclismo\/worldtour\/uae-team-emirates-xrg-quando-torna-tadej-pogacar-in-caso-di-nuova-caduta-rischierebbe-molto-persino-la-paralisi-ma-ci-sono-pareri-discordanti\/#primaryimage","url":"https:\/\/cyclingpro.net\/spaziociclismo\/wp-content\/uploads\/2026\/08\/Pogacar-Ambulanza-ferita-spalla-caduta-Vuelta-a-Espana-2026.webp","contentUrl":"https:\/\/cyclingpro.net\/spaziociclismo\/wp-content\/uploads\/2026\/08\/Pogacar-Ambulanza-ferita-spalla-caduta-Vuelta-a-Espana-2026.webp","width":1205,"height":800},{"@type":"BreadcrumbList","@id":"https:\/\/cyclingpro.net\/spaziociclismo\/worldtour\/uae-team-emirates-xrg-quando-torna-tadej-pogacar-in-caso-di-nuova-caduta-rischierebbe-molto-persino-la-paralisi-ma-ci-sono-pareri-discordanti\/#breadcrumb","itemListElement":[{"@type":"ListItem","position":1,"name":"Home","item":"https:\/\/cyclingpro.net\/spaziociclismo\/"},{"@type":"ListItem","position":2,"name":"UAE Team Emirates XRG, quando torna Tadej Pogacar? &#8220;In caso di nuova caduta rischierebbe molto, persino la paralisi&#8221; &#8211; Ma ci sono pareri discordanti&#8230;"}]},{"@type":"WebSite","@id":"https:\/\/cyclingpro.net\/spaziociclismo\/#website","url":"https:\/\/cyclingpro.net\/spaziociclismo\/","name":"SpazioCiclismo","description":"Tutto il ciclismo minuto per minuto","publisher":{"@id":"https:\/\/cyclingpro.net\/spaziociclismo\/#organization"},"potentialAction":[{"@type":"SearchAction","target":{"@type":"EntryPoint","urlTemplate":"https:\/\/cyclingpro.net\/spaziociclismo\/?s={search_term_string}"},"query-input":{"@type":"PropertyValueSpecification","valueRequired":true,"valueName":"search_term_string"}}],"inLanguage":"it-IT"},{"@type":"Organization","@id":"https:\/\/cyclingpro.net\/spaziociclismo\/#organization","name":"SpazioCiclismo","url":"https:\/\/cyclingpro.net\/spaziociclismo\/","logo":{"@type":"ImageObject","inLanguage":"it-IT","@id":"https:\/\/cyclingpro.net\/spaziociclismo\/#\/schema\/logo\/image\/","url":"https:\/\/cyclingpro.net\/spaziociclismo\/wp-content\/uploads\/2017\/02\/SpazioCiclismo-Logo-Quadrato.png","contentUrl":"https:\/\/cyclingpro.net\/spaziociclismo\/wp-content\/uploads\/2017\/02\/SpazioCiclismo-Logo-Quadrato.png","width":450,"height":450,"caption":"SpazioCiclismo"},"image":{"@id":"https:\/\/cyclingpro.net\/spaziociclismo\/#\/schema\/logo\/image\/"},"sameAs":["https:\/\/www.facebook.com\/SpazioCiclismo\/","https:\/\/x.com\/spaziociclismo","https:\/\/www.instagram.com\/spaziociclismo\/"]},{"@type":"Person","@id":"https:\/\/cyclingpro.net\/spaziociclismo\/#\/schema\/person\/f104b5d2588ef53ce9f1b43295c352e1","name":"Redazione SpazioCiclismo","image":{"@type":"ImageObject","inLanguage":"it-IT","@id":"https:\/\/secure.gravatar.com\/avatar\/f1cae17b9ecd38864463422521239d4a656d6b657478a63e445df7b8ebc2b81c?s=96&d=mm&r=g","url":"https:\/\/secure.gravatar.com\/avatar\/f1cae17b9ecd38864463422521239d4a656d6b657478a63e445df7b8ebc2b81c?s=96&d=mm&r=g","contentUrl":"https:\/\/secure.gravatar.com\/avatar\/f1cae17b9ecd38864463422521239d4a656d6b657478a63e445df7b8ebc2b81c?s=96&d=mm&r=g","caption":"Redazione SpazioCiclismo"},"url":"https:\/\/cyclingpro.net\/spaziociclismo\/author\/wptstmssc\/"}]}},"_links":{"self":[{"href":"https:\/\/cyclingpro.net\/spaziociclismo\/wp-json\/wp\/v2\/posts\/393024","targetHints":{"allow":["GET"]}}],"collection":[{"href":"https:\/\/cyclingpro.net\/spaziociclismo\/wp-json\/wp\/v2\/posts"}],"about":[{"href":"https:\/\/cyclingpro.net\/spaziociclismo\/wp-json\/wp\/v2\/types\/post"}],"author":[{"embeddable":true,"href":"https:\/\/cyclingpro.net\/spaziociclismo\/wp-json\/wp\/v2\/users\/2"}],"replies":[{"embeddable":true,"href":"https:\/\/cyclingpro.net\/spaziociclismo\/wp-json\/wp\/v2\/comments?post=393024"}],"version-history":[{"count":2,"href":"https:\/\/cyclingpro.net\/spaziociclismo\/wp-json\/wp\/v2\/posts\/393024\/revisions"}],"predecessor-version":[{"id":393028,"href":"https:\/\/cyclingpro.net\/spaziociclismo\/wp-json\/wp\/v2\/posts\/393024\/revisions\/393028"}],"wp:featuredmedia":[{"embeddable":true,"href":"https:\/\/cyclingpro.net\/spaziociclismo\/wp-json\/wp\/v2\/media\/392790"}],"wp:attachment":[{"href":"https:\/\/cyclingpro.net\/spaziociclismo\/wp-json\/wp\/v2\/media?parent=393024"}],"wp:term":[{"taxonomy":"category","embeddable":true,"href":"https:\/\/cyclingpro.net\/spaziociclismo\/wp-json\/wp\/v2\/categories?post=393024"},{"taxonomy":"post_tag","embeddable":true,"href":"https:\/\/cyclingpro.net\/spaziociclismo\/wp-json\/wp\/v2\/tags?post=393024"}],"curies":[{"name":"wp","href":"https:\/\/api.w.org\/{rel}","templated":true}]}}