{"id":392999,"date":"2026-08-31T08:35:50","date_gmt":"2026-08-31T06:35:50","guid":{"rendered":"https:\/\/cyclingpro.net\/spaziociclismo\/?p=392999"},"modified":"2026-08-31T09:15:03","modified_gmt":"2026-08-31T07:15:03","slug":"calendario-e-orario-corse-della-settimana-31-agosto-6-settembre-2","status":"publish","type":"post","link":"https:\/\/cyclingpro.net\/spaziociclismo\/calendario\/calendario-e-orario-corse-della-settimana-31-agosto-6-settembre-2\/","title":{"rendered":"Calendario e Orario corse della settimana (31 Agosto &#8211; 6 Settembre)"},"content":{"rendered":"<p>Con l&#8217;inizio del mese di settembre la <strong>Vuelta a Espa\u00f1a<\/strong> entra nella sua seconda settimana. La corsa iberica vivr\u00e0 il suo primo giorno di riposo in un luned\u00ec privo anche di altri appuntamenti ciclistici, per poi proseguire con le frazioni dalla numero 10 alla 15 che faranno entrare sempre pi\u00f9 nel vivo la lotta per la Maglia Rossa. All&#8217;ultimo Grande Giro della stagione si affiancheranno per\u00f2 altre tre gare a tappe, iniziando da mercoled\u00ec con <strong>Tour of Britain<\/strong> e <strong>ZLM Tour<\/strong>, che proseguiranno entrambi fino a domenica, giorno nel quale si concluder\u00e0 anche il <strong>Tour of Istanbul<\/strong>, che prender\u00e0 invece il via gioved\u00ec.<\/p>\n<p>L&#8217;ultimo giorno della settimana coincider\u00e0 anche con la ripresa del calendario italiano maschile, aprendo l&#8217;intenso finale di stagione con il <strong>GP Larciano<\/strong>. Nel fine settimana si correr\u00e0 poi anche a livello femminile con due gare sulle strade francesi, la <strong>Tout commence en Finist\u00e8re<\/strong> <strong>Ladies Classic<\/strong> e la <strong>Pointe du Raz Ladies Classic<\/strong>.<\/p>\n<ul>\n<li><a href=\"https:\/\/cyclingpro.net\/spaziociclismo\/calendario\/ciclismo-in-tv-e-streaming-gli-orari-della-settimana-31-agosto-6-settembre\/\"><strong>Clicca qui per gli orari TV e Streaming della settimana<\/strong><\/a><\/li>\n<\/ul>\n<table style=\"height: 994px; width: 100%;\">\n<tbody>\n<tr style=\"height: 75px;\">\n<td style=\"height: 75px; width: 99.8522%;\" colspan=\"3\">\n<h2 style=\"text-align: center;\">Calendario Settimana 31 Agosto &#8211; 6 Settembre<\/h2>\n<\/td>\n<\/tr>\n<tr style=\"height: 24px;\">\n<td style=\"height: 10px; width: 60.1642%;\"><\/td>\n<td style=\"height: 10px; width: 17.7318%;\"><strong>Partenza<\/strong><\/td>\n<td style=\"height: 10px; width: 21.9562%;\"><strong>Arrivo<\/strong><\/td>\n<\/tr>\n<tr style=\"height: 24px;\">\n<td style=\"height: 24px; width: 99.8522%;\" colspan=\"3\"><strong>Luned\u00ec 31 Agosto<\/strong><\/td>\n<\/tr>\n<tr style=\"height: 10px;\">\n<td style=\"width: 60.1642%; height: 10px;\">&#8211;<\/td>\n<td style=\"width: 17.7318%; height: 10px;\">&#8211;<\/td>\n<td style=\"width: 21.9562%; height: 10px;\">&#8211;<\/td>\n<\/tr>\n<tr style=\"height: 24px;\">\n<td style=\"height: 23px; width: 99.8522%;\" colspan=\"3\"><strong>Marted\u00ec 1 Settembre<\/strong><\/td>\n<\/tr>\n<tr style=\"height: 10px;\">\n<td style=\"width: 60.1642%; height: 10px;\">Vuelta a Espa\u00f1a T10 (2.UWT)<\/td>\n<td style=\"width: 17.7318%; height: 10px;\">12:45<\/td>\n<td style=\"width: 21.9562%; height: 10px;\">17:17-17:44<\/td>\n<\/tr>\n<tr style=\"height: 24px;\">\n<td style=\"height: 24px; width: 99.8522%;\" colspan=\"3\"><strong>Mercoled\u00ec 2 Settembre<\/strong><\/td>\n<\/tr>\n<tr style=\"height: 10px;\">\n<td style=\"width: 60.1642%; height: 10px;\">Vuelta a Espa\u00f1a T11 (2.UWT)<\/td>\n<td style=\"width: 17.7318%; height: 10px;\">13:50<\/td>\n<td style=\"width: 21.9562%; height: 10px;\">17:21-17:39<\/td>\n<\/tr>\n<tr style=\"height: 38px;\">\n<td style=\"width: 60.1642%; height: 38px;\">Tour of Britain T1 (2.Pro)<\/td>\n<td style=\"width: 17.7318%; height: 38px;\">11:30<\/td>\n<td style=\"width: 21.9562%; height: 38px;\">15:50-16:44<\/td>\n<\/tr>\n<tr style=\"height: 10px;\">\n<td style=\"width: 60.1642%; height: 10px;\">ZLM Tour T1 (2.1)<\/td>\n<td style=\"width: 17.7318%; height: 10px;\">17:15<\/td>\n<td style=\"width: 21.9562%; height: 10px;\">19:40<\/td>\n<\/tr>\n<tr style=\"height: 24px;\">\n<td style=\"height: 24px; width: 99.8522%;\" colspan=\"3\"><strong>Gioved\u00ec 3 Settembre<\/strong><\/td>\n<\/tr>\n<tr style=\"height: 38px;\">\n<td style=\"width: 60.1642%; height: 38px;\">Vuelta a Espa\u00f1a T12 (2.UWT)<\/td>\n<td style=\"width: 17.7318%; height: 38px;\">13:00<\/td>\n<td style=\"width: 21.9562%; height: 38px;\">17:16-17:44<\/td>\n<\/tr>\n<tr style=\"height: 38px;\">\n<td style=\"width: 60.1642%; height: 38px;\">Tour of Britain T2 (2.Pro)<\/td>\n<td style=\"width: 17.7318%; height: 38px;\">11:30<\/td>\n<td style=\"width: 21.9562%; height: 38px;\">15:40-16:33<\/td>\n<\/tr>\n<tr style=\"height: 10px;\">\n<td style=\"width: 60.1642%; height: 10px;\">ZLM Tour T2 (2.1)<\/td>\n<td style=\"width: 17.7318%; height: 10px;\">11:50<\/td>\n<td style=\"width: 21.9562%; height: 10px;\">15:54-16:11<\/td>\n<\/tr>\n<tr style=\"height: 38px;\">\n<td style=\"width: 60.1642%; height: 38px;\">Tour of Istanbul T1 (2.1)<\/td>\n<td style=\"width: 17.7318%; height: 38px;\">09:55<\/td>\n<td style=\"width: 21.9562%; height: 38px;\">13:27-13:48<\/td>\n<\/tr>\n<tr style=\"height: 24px;\">\n<td style=\"height: 10px; width: 99.8522%;\" colspan=\"3\"><strong>Venerd\u00ec 4 Settembre<\/strong><\/td>\n<\/tr>\n<tr style=\"height: 38px;\">\n<td style=\"width: 60.1642%; height: 38px;\">Vuelta a Espa\u00f1a T13 (2.UWT)<\/td>\n<td style=\"width: 17.7318%; height: 38px;\">12:20<\/td>\n<td style=\"width: 21.9562%; height: 38px;\">17:16-17:45<\/td>\n<\/tr>\n<tr style=\"height: 38px;\">\n<td style=\"width: 60.1642%; height: 38px;\">Tour of Britain T3 (2.Pro)<\/td>\n<td style=\"width: 17.7318%; height: 38px;\">11:30<\/td>\n<td style=\"width: 21.9562%; height: 38px;\">15:43-16:36<\/td>\n<\/tr>\n<tr style=\"height: 38px;\">\n<td style=\"width: 60.1642%; height: 38px;\">ZLM Tour T3 (2.1)<\/td>\n<td style=\"width: 17.7318%; height: 38px;\">11:30<\/td>\n<td style=\"width: 21.9562%; height: 38px;\">15:55-16:12<\/td>\n<\/tr>\n<tr style=\"height: 38px;\">\n<td style=\"width: 60.1642%; height: 38px;\">Tour of Istanbul T2 (2.1)<\/td>\n<td style=\"width: 17.7318%; height: 38px;\">10:00<\/td>\n<td style=\"width: 21.9562%; height: 38px;\">13:28-13:49<\/td>\n<\/tr>\n<tr style=\"height: 24px;\">\n<td style=\"height: 24px; width: 99.8522%;\" colspan=\"3\"><strong>Sabato 5 Settembre<\/strong><\/td>\n<\/tr>\n<tr style=\"height: 38px;\">\n<td style=\"width: 60.1642%; height: 38px;\">Vuelta a Espa\u00f1a T14 (2.UWT)<\/td>\n<td style=\"width: 17.7318%; height: 38px;\">13:15<\/td>\n<td style=\"width: 21.9562%; height: 38px;\">17:19-17:43<\/td>\n<\/tr>\n<tr style=\"height: 38px;\">\n<td style=\"width: 60.1642%; height: 38px;\">Tour of Britain T4 (2.Pro)<\/td>\n<td style=\"width: 17.7318%; height: 38px;\">12:00<\/td>\n<td style=\"width: 21.9562%; height: 38px;\">15:47-16:34<\/td>\n<\/tr>\n<tr style=\"height: 38px;\">\n<td style=\"width: 60.1642%; height: 38px;\">ZLM Tour T4 (2.1)<\/td>\n<td style=\"width: 17.7318%; height: 38px;\">11:30<\/td>\n<td style=\"width: 21.9562%; height: 38px;\">15:53-16:12<\/td>\n<\/tr>\n<tr style=\"height: 38px;\">\n<td style=\"width: 60.1642%; height: 38px;\">Tour of Istanbul T3 (2.1)<\/td>\n<td style=\"width: 17.7318%; height: 38px;\">08:00<\/td>\n<td style=\"width: 21.9562%; height: 38px;\">10:00-10:11<\/td>\n<\/tr>\n<tr style=\"height: 38px;\">\n<td style=\"width: 60.1642%; height: 38px;\">Tout commence en Finist\u00e8re Ladies Classic (1.1)<\/td>\n<td style=\"width: 17.7318%; height: 38px;\">14:15<\/td>\n<td style=\"width: 21.9562%; height: 38px;\">16:39-16:47<\/td>\n<\/tr>\n<tr style=\"height: 24px;\">\n<td style=\"height: 10px; width: 99.8522%;\" colspan=\"3\"><strong>Domenica 6 Settembre<\/strong><\/td>\n<\/tr>\n<tr style=\"height: 38px;\">\n<td style=\"width: 60.1642%; height: 38px;\">Vuelta a Espa\u00f1a T15 (2.UWT)<\/td>\n<td style=\"width: 17.7318%; height: 38px;\">12:35<\/td>\n<td style=\"width: 21.9562%; height: 38px;\">17:16-17:45<\/td>\n<\/tr>\n<tr style=\"height: 38px;\">\n<td style=\"width: 60.1642%; height: 38px;\">Tour of Britain T5 (2.Pro)<\/td>\n<td style=\"width: 17.7318%; height: 38px;\">12:00<\/td>\n<td style=\"width: 21.9562%; height: 38px;\">15:35-16:20<\/td>\n<\/tr>\n<tr style=\"height: 38px;\">\n<td style=\"width: 60.1642%; height: 38px;\">ZLM Tour T5 (2.1)<\/td>\n<td style=\"width: 17.7318%; height: 38px;\">12:00<\/td>\n<td style=\"width: 21.9562%; height: 38px;\">15:57-16:13<\/td>\n<\/tr>\n<tr style=\"height: 37px;\">\n<td style=\"width: 60.1642%; height: 37px;\">Tour of Istanbul T4 (2.1)<\/td>\n<td style=\"width: 17.7318%; height: 37px;\">10:00<\/td>\n<td style=\"width: 21.9562%; height: 37px;\">12:30<\/td>\n<\/tr>\n<tr style=\"height: 38px;\">\n<td style=\"width: 60.1642%; height: 38px;\">GP Larciano (1.Pro)<\/td>\n<td style=\"width: 17.7318%; height: 38px;\"><\/td>\n<td style=\"width: 21.9562%; height: 38px;\"><\/td>\n<\/tr>\n<tr style=\"height: 37px;\">\n<td style=\"width: 60.1642%; height: 37px;\">Pointe du Raz Ladies Classic (1.Pro)<\/td>\n<td style=\"width: 17.7318%; height: 37px;\">13:15<\/td>\n<td style=\"width: 21.9562%; height: 37px;\">16:44-16:55<\/td>\n<\/tr>\n<\/tbody>\n<\/table>\n","protected":false},"excerpt":{"rendered":"<p>Diversi gli appuntamenti ciclistici in programma durante questa settimana<\/p>\n","protected":false},"author":27,"featured_media":392308,"comment_status":"open","ping_status":"closed","sticky":false,"template":"","format":"standard","meta":{"footnotes":"","_members_access_role":[],"_members_access_error":""},"categories":[2044,21],"tags":[7219,7237,7110,7221,7236,5752,7215],"class_list":["post-392999","post","type-post","status-publish","format-standard","has-post-thumbnail","hentry","category-calendario","category-vetrina","tag-gp-larciano-2026","tag-pointe-du-raz-ladies-classic-2026","tag-tour-of-britain-2026","tag-tour-of-istanbul-2026","tag-tout-commence-en-finistere-ladies-classic-2026","tag-vuelta-a-espana-2026","tag-zlm-tour-2026"],"yoast_head":"<!-- This site is optimized with the Yoast SEO plugin v28.3 - https:\/\/yoast.com\/product\/yoast-seo-wordpress\/ -->\n<title>Calendario e Orario corse della settimana (31 Agosto - 6 Settembre) - SpazioCiclismo<\/title>\n<meta name=\"robots\" content=\"index, follow, max-snippet:-1, max-image-preview:large, max-video-preview:-1\" \/>\n<link rel=\"canonical\" href=\"https:\/\/cyclingpro.net\/spaziociclismo\/calendario\/calendario-e-orario-corse-della-settimana-31-agosto-6-settembre-2\/\" \/>\n<meta property=\"og:locale\" content=\"it_IT\" \/>\n<meta property=\"og:type\" content=\"article\" \/>\n<meta property=\"og:title\" content=\"Calendario e Orario corse della settimana (31 Agosto - 6 Settembre) - SpazioCiclismo\" \/>\n<meta property=\"og:description\" content=\"Diversi gli appuntamenti ciclistici in programma durante questa settimana\" \/>\n<meta property=\"og:url\" content=\"https:\/\/cyclingpro.net\/spaziociclismo\/calendario\/calendario-e-orario-corse-della-settimana-31-agosto-6-settembre-2\/\" \/>\n<meta property=\"og:site_name\" content=\"SpazioCiclismo\" \/>\n<meta property=\"article:publisher\" content=\"https:\/\/www.facebook.com\/SpazioCiclismo\/\" \/>\n<meta property=\"article:published_time\" content=\"2026-08-31T06:35:50+00:00\" \/>\n<meta property=\"article:modified_time\" content=\"2026-08-31T07:15:03+00:00\" \/>\n<meta property=\"og:image\" content=\"https:\/\/cyclingpro.net\/spaziociclismo\/wp-content\/uploads\/2026\/08\/Vuelta-a-Espana-2026-Tappa-5-Gruppo-Canale.jpg\" \/>\n\t<meta property=\"og:image:width\" content=\"1000\" \/>\n\t<meta property=\"og:image:height\" content=\"666\" \/>\n\t<meta property=\"og:image:type\" content=\"image\/jpeg\" \/>\n<meta name=\"author\" content=\"Davide Filippi\" \/>\n<meta name=\"twitter:card\" content=\"summary_large_image\" \/>\n<meta name=\"twitter:creator\" content=\"@spaziociclismo\" \/>\n<meta name=\"twitter:site\" content=\"@spaziociclismo\" \/>\n<meta name=\"twitter:label1\" content=\"Scritto da\" \/>\n\t<meta name=\"twitter:data1\" content=\"Davide Filippi\" \/>\n\t<meta name=\"twitter:label2\" content=\"Tempo di lettura stimato\" \/>\n\t<meta name=\"twitter:data2\" content=\"3 minuti\" \/>\n<script type=\"application\/ld+json\" class=\"yoast-schema-graph\">{\"@context\":\"https:\\\/\\\/schema.org\",\"@graph\":[{\"@type\":\"Article\",\"@id\":\"https:\\\/\\\/cyclingpro.net\\\/spaziociclismo\\\/calendario\\\/calendario-e-orario-corse-della-settimana-31-agosto-6-settembre-2\\\/#article\",\"isPartOf\":{\"@id\":\"https:\\\/\\\/cyclingpro.net\\\/spaziociclismo\\\/calendario\\\/calendario-e-orario-corse-della-settimana-31-agosto-6-settembre-2\\\/\"},\"author\":{\"name\":\"Davide Filippi\",\"@id\":\"https:\\\/\\\/cyclingpro.net\\\/spaziociclismo\\\/#\\\/schema\\\/person\\\/5b11f525424bc937dcd939655cae5de3\"},\"headline\":\"Calendario e Orario corse della settimana (31 Agosto &#8211; 6 Settembre)\",\"datePublished\":\"2026-08-31T06:35:50+00:00\",\"dateModified\":\"2026-08-31T07:15:03+00:00\",\"mainEntityOfPage\":{\"@id\":\"https:\\\/\\\/cyclingpro.net\\\/spaziociclismo\\\/calendario\\\/calendario-e-orario-corse-della-settimana-31-agosto-6-settembre-2\\\/\"},\"wordCount\":330,\"commentCount\":0,\"publisher\":{\"@id\":\"https:\\\/\\\/cyclingpro.net\\\/spaziociclismo\\\/#organization\"},\"image\":{\"@id\":\"https:\\\/\\\/cyclingpro.net\\\/spaziociclismo\\\/calendario\\\/calendario-e-orario-corse-della-settimana-31-agosto-6-settembre-2\\\/#primaryimage\"},\"thumbnailUrl\":\"https:\\\/\\\/cyclingpro.net\\\/spaziociclismo\\\/wp-content\\\/uploads\\\/2026\\\/08\\\/Vuelta-a-Espana-2026-Tappa-5-Gruppo-Canale.jpg\",\"keywords\":[\"GP Larciano 2026\",\"Pointe du Raz Ladies Classic 2026\",\"Tour of Britain 2026\",\"Tour of Istanbul 2026\",\"Tout commence en Finist\u00e8re Ladies Classic 2026\",\"Vuelta a Espa\u00f1a 2026\",\"ZLM Tour 2026\"],\"articleSection\":[\"Calendario\",\"Vetrina\"],\"inLanguage\":\"it-IT\",\"potentialAction\":[{\"@type\":\"CommentAction\",\"name\":\"Comment\",\"target\":[\"https:\\\/\\\/cyclingpro.net\\\/spaziociclismo\\\/calendario\\\/calendario-e-orario-corse-della-settimana-31-agosto-6-settembre-2\\\/#respond\"]}]},{\"@type\":\"WebPage\",\"@id\":\"https:\\\/\\\/cyclingpro.net\\\/spaziociclismo\\\/calendario\\\/calendario-e-orario-corse-della-settimana-31-agosto-6-settembre-2\\\/\",\"url\":\"https:\\\/\\\/cyclingpro.net\\\/spaziociclismo\\\/calendario\\\/calendario-e-orario-corse-della-settimana-31-agosto-6-settembre-2\\\/\",\"name\":\"Calendario e Orario corse della settimana (31 Agosto - 6 Settembre) - SpazioCiclismo\",\"isPartOf\":{\"@id\":\"https:\\\/\\\/cyclingpro.net\\\/spaziociclismo\\\/#website\"},\"primaryImageOfPage\":{\"@id\":\"https:\\\/\\\/cyclingpro.net\\\/spaziociclismo\\\/calendario\\\/calendario-e-orario-corse-della-settimana-31-agosto-6-settembre-2\\\/#primaryimage\"},\"image\":{\"@id\":\"https:\\\/\\\/cyclingpro.net\\\/spaziociclismo\\\/calendario\\\/calendario-e-orario-corse-della-settimana-31-agosto-6-settembre-2\\\/#primaryimage\"},\"thumbnailUrl\":\"https:\\\/\\\/cyclingpro.net\\\/spaziociclismo\\\/wp-content\\\/uploads\\\/2026\\\/08\\\/Vuelta-a-Espana-2026-Tappa-5-Gruppo-Canale.jpg\",\"datePublished\":\"2026-08-31T06:35:50+00:00\",\"dateModified\":\"2026-08-31T07:15:03+00:00\",\"breadcrumb\":{\"@id\":\"https:\\\/\\\/cyclingpro.net\\\/spaziociclismo\\\/calendario\\\/calendario-e-orario-corse-della-settimana-31-agosto-6-settembre-2\\\/#breadcrumb\"},\"inLanguage\":\"it-IT\",\"potentialAction\":[{\"@type\":\"ReadAction\",\"target\":[\"https:\\\/\\\/cyclingpro.net\\\/spaziociclismo\\\/calendario\\\/calendario-e-orario-corse-della-settimana-31-agosto-6-settembre-2\\\/\"]}]},{\"@type\":\"ImageObject\",\"inLanguage\":\"it-IT\",\"@id\":\"https:\\\/\\\/cyclingpro.net\\\/spaziociclismo\\\/calendario\\\/calendario-e-orario-corse-della-settimana-31-agosto-6-settembre-2\\\/#primaryimage\",\"url\":\"https:\\\/\\\/cyclingpro.net\\\/spaziociclismo\\\/wp-content\\\/uploads\\\/2026\\\/08\\\/Vuelta-a-Espana-2026-Tappa-5-Gruppo-Canale.jpg\",\"contentUrl\":\"https:\\\/\\\/cyclingpro.net\\\/spaziociclismo\\\/wp-content\\\/uploads\\\/2026\\\/08\\\/Vuelta-a-Espana-2026-Tappa-5-Gruppo-Canale.jpg\",\"width\":1000,\"height\":666,\"caption\":\"\u00a9 Cxcling\"},{\"@type\":\"BreadcrumbList\",\"@id\":\"https:\\\/\\\/cyclingpro.net\\\/spaziociclismo\\\/calendario\\\/calendario-e-orario-corse-della-settimana-31-agosto-6-settembre-2\\\/#breadcrumb\",\"itemListElement\":[{\"@type\":\"ListItem\",\"position\":1,\"name\":\"Home\",\"item\":\"https:\\\/\\\/cyclingpro.net\\\/spaziociclismo\\\/\"},{\"@type\":\"ListItem\",\"position\":2,\"name\":\"Calendario e Orario corse della settimana (31 Agosto &#8211; 6 Settembre)\"}]},{\"@type\":\"WebSite\",\"@id\":\"https:\\\/\\\/cyclingpro.net\\\/spaziociclismo\\\/#website\",\"url\":\"https:\\\/\\\/cyclingpro.net\\\/spaziociclismo\\\/\",\"name\":\"SpazioCiclismo\",\"description\":\"Tutto il ciclismo minuto per minuto\",\"publisher\":{\"@id\":\"https:\\\/\\\/cyclingpro.net\\\/spaziociclismo\\\/#organization\"},\"potentialAction\":[{\"@type\":\"SearchAction\",\"target\":{\"@type\":\"EntryPoint\",\"urlTemplate\":\"https:\\\/\\\/cyclingpro.net\\\/spaziociclismo\\\/?s={search_term_string}\"},\"query-input\":{\"@type\":\"PropertyValueSpecification\",\"valueRequired\":true,\"valueName\":\"search_term_string\"}}],\"inLanguage\":\"it-IT\"},{\"@type\":\"Organization\",\"@id\":\"https:\\\/\\\/cyclingpro.net\\\/spaziociclismo\\\/#organization\",\"name\":\"SpazioCiclismo\",\"url\":\"https:\\\/\\\/cyclingpro.net\\\/spaziociclismo\\\/\",\"logo\":{\"@type\":\"ImageObject\",\"inLanguage\":\"it-IT\",\"@id\":\"https:\\\/\\\/cyclingpro.net\\\/spaziociclismo\\\/#\\\/schema\\\/logo\\\/image\\\/\",\"url\":\"https:\\\/\\\/cyclingpro.net\\\/spaziociclismo\\\/wp-content\\\/uploads\\\/2017\\\/02\\\/SpazioCiclismo-Logo-Quadrato.png\",\"contentUrl\":\"https:\\\/\\\/cyclingpro.net\\\/spaziociclismo\\\/wp-content\\\/uploads\\\/2017\\\/02\\\/SpazioCiclismo-Logo-Quadrato.png\",\"width\":450,\"height\":450,\"caption\":\"SpazioCiclismo\"},\"image\":{\"@id\":\"https:\\\/\\\/cyclingpro.net\\\/spaziociclismo\\\/#\\\/schema\\\/logo\\\/image\\\/\"},\"sameAs\":[\"https:\\\/\\\/www.facebook.com\\\/SpazioCiclismo\\\/\",\"https:\\\/\\\/x.com\\\/spaziociclismo\",\"https:\\\/\\\/www.instagram.com\\\/spaziociclismo\\\/\"]},{\"@type\":\"Person\",\"@id\":\"https:\\\/\\\/cyclingpro.net\\\/spaziociclismo\\\/#\\\/schema\\\/person\\\/5b11f525424bc937dcd939655cae5de3\",\"name\":\"Davide Filippi\",\"image\":{\"@type\":\"ImageObject\",\"inLanguage\":\"it-IT\",\"@id\":\"https:\\\/\\\/secure.gravatar.com\\\/avatar\\\/acf38569376402ef43c46c36ea62f8a431f13c39fac703a2ed157f3bbfa5c1ab?s=96&d=mm&r=g\",\"url\":\"https:\\\/\\\/secure.gravatar.com\\\/avatar\\\/acf38569376402ef43c46c36ea62f8a431f13c39fac703a2ed157f3bbfa5c1ab?s=96&d=mm&r=g\",\"contentUrl\":\"https:\\\/\\\/secure.gravatar.com\\\/avatar\\\/acf38569376402ef43c46c36ea62f8a431f13c39fac703a2ed157f3bbfa5c1ab?s=96&d=mm&r=g\",\"caption\":\"Davide Filippi\"},\"url\":\"https:\\\/\\\/cyclingpro.net\\\/spaziociclismo\\\/author\\\/dfilippi\\\/\"}]}<\/script>\n<!-- \/ Yoast SEO plugin. -->","yoast_head_json":{"title":"Calendario e Orario corse della settimana (31 Agosto - 6 Settembre) - SpazioCiclismo","robots":{"index":"index","follow":"follow","max-snippet":"max-snippet:-1","max-image-preview":"max-image-preview:large","max-video-preview":"max-video-preview:-1"},"canonical":"https:\/\/cyclingpro.net\/spaziociclismo\/calendario\/calendario-e-orario-corse-della-settimana-31-agosto-6-settembre-2\/","og_locale":"it_IT","og_type":"article","og_title":"Calendario e Orario corse della settimana (31 Agosto - 6 Settembre) - SpazioCiclismo","og_description":"Diversi gli appuntamenti ciclistici in programma durante questa settimana","og_url":"https:\/\/cyclingpro.net\/spaziociclismo\/calendario\/calendario-e-orario-corse-della-settimana-31-agosto-6-settembre-2\/","og_site_name":"SpazioCiclismo","article_publisher":"https:\/\/www.facebook.com\/SpazioCiclismo\/","article_published_time":"2026-08-31T06:35:50+00:00","article_modified_time":"2026-08-31T07:15:03+00:00","og_image":[{"width":1000,"height":666,"url":"https:\/\/cyclingpro.net\/spaziociclismo\/wp-content\/uploads\/2026\/08\/Vuelta-a-Espana-2026-Tappa-5-Gruppo-Canale.jpg","type":"image\/jpeg"}],"author":"Davide Filippi","twitter_card":"summary_large_image","twitter_creator":"@spaziociclismo","twitter_site":"@spaziociclismo","twitter_misc":{"Scritto da":"Davide Filippi","Tempo di lettura stimato":"3 minuti"},"schema":{"@context":"https:\/\/schema.org","@graph":[{"@type":"Article","@id":"https:\/\/cyclingpro.net\/spaziociclismo\/calendario\/calendario-e-orario-corse-della-settimana-31-agosto-6-settembre-2\/#article","isPartOf":{"@id":"https:\/\/cyclingpro.net\/spaziociclismo\/calendario\/calendario-e-orario-corse-della-settimana-31-agosto-6-settembre-2\/"},"author":{"name":"Davide Filippi","@id":"https:\/\/cyclingpro.net\/spaziociclismo\/#\/schema\/person\/5b11f525424bc937dcd939655cae5de3"},"headline":"Calendario e Orario corse della settimana (31 Agosto &#8211; 6 Settembre)","datePublished":"2026-08-31T06:35:50+00:00","dateModified":"2026-08-31T07:15:03+00:00","mainEntityOfPage":{"@id":"https:\/\/cyclingpro.net\/spaziociclismo\/calendario\/calendario-e-orario-corse-della-settimana-31-agosto-6-settembre-2\/"},"wordCount":330,"commentCount":0,"publisher":{"@id":"https:\/\/cyclingpro.net\/spaziociclismo\/#organization"},"image":{"@id":"https:\/\/cyclingpro.net\/spaziociclismo\/calendario\/calendario-e-orario-corse-della-settimana-31-agosto-6-settembre-2\/#primaryimage"},"thumbnailUrl":"https:\/\/cyclingpro.net\/spaziociclismo\/wp-content\/uploads\/2026\/08\/Vuelta-a-Espana-2026-Tappa-5-Gruppo-Canale.jpg","keywords":["GP Larciano 2026","Pointe du Raz Ladies Classic 2026","Tour of Britain 2026","Tour of Istanbul 2026","Tout commence en Finist\u00e8re Ladies Classic 2026","Vuelta a Espa\u00f1a 2026","ZLM Tour 2026"],"articleSection":["Calendario","Vetrina"],"inLanguage":"it-IT","potentialAction":[{"@type":"CommentAction","name":"Comment","target":["https:\/\/cyclingpro.net\/spaziociclismo\/calendario\/calendario-e-orario-corse-della-settimana-31-agosto-6-settembre-2\/#respond"]}]},{"@type":"WebPage","@id":"https:\/\/cyclingpro.net\/spaziociclismo\/calendario\/calendario-e-orario-corse-della-settimana-31-agosto-6-settembre-2\/","url":"https:\/\/cyclingpro.net\/spaziociclismo\/calendario\/calendario-e-orario-corse-della-settimana-31-agosto-6-settembre-2\/","name":"Calendario e Orario corse della settimana (31 Agosto - 6 Settembre) - SpazioCiclismo","isPartOf":{"@id":"https:\/\/cyclingpro.net\/spaziociclismo\/#website"},"primaryImageOfPage":{"@id":"https:\/\/cyclingpro.net\/spaziociclismo\/calendario\/calendario-e-orario-corse-della-settimana-31-agosto-6-settembre-2\/#primaryimage"},"image":{"@id":"https:\/\/cyclingpro.net\/spaziociclismo\/calendario\/calendario-e-orario-corse-della-settimana-31-agosto-6-settembre-2\/#primaryimage"},"thumbnailUrl":"https:\/\/cyclingpro.net\/spaziociclismo\/wp-content\/uploads\/2026\/08\/Vuelta-a-Espana-2026-Tappa-5-Gruppo-Canale.jpg","datePublished":"2026-08-31T06:35:50+00:00","dateModified":"2026-08-31T07:15:03+00:00","breadcrumb":{"@id":"https:\/\/cyclingpro.net\/spaziociclismo\/calendario\/calendario-e-orario-corse-della-settimana-31-agosto-6-settembre-2\/#breadcrumb"},"inLanguage":"it-IT","potentialAction":[{"@type":"ReadAction","target":["https:\/\/cyclingpro.net\/spaziociclismo\/calendario\/calendario-e-orario-corse-della-settimana-31-agosto-6-settembre-2\/"]}]},{"@type":"ImageObject","inLanguage":"it-IT","@id":"https:\/\/cyclingpro.net\/spaziociclismo\/calendario\/calendario-e-orario-corse-della-settimana-31-agosto-6-settembre-2\/#primaryimage","url":"https:\/\/cyclingpro.net\/spaziociclismo\/wp-content\/uploads\/2026\/08\/Vuelta-a-Espana-2026-Tappa-5-Gruppo-Canale.jpg","contentUrl":"https:\/\/cyclingpro.net\/spaziociclismo\/wp-content\/uploads\/2026\/08\/Vuelta-a-Espana-2026-Tappa-5-Gruppo-Canale.jpg","width":1000,"height":666,"caption":"\u00a9 Cxcling"},{"@type":"BreadcrumbList","@id":"https:\/\/cyclingpro.net\/spaziociclismo\/calendario\/calendario-e-orario-corse-della-settimana-31-agosto-6-settembre-2\/#breadcrumb","itemListElement":[{"@type":"ListItem","position":1,"name":"Home","item":"https:\/\/cyclingpro.net\/spaziociclismo\/"},{"@type":"ListItem","position":2,"name":"Calendario e Orario corse della settimana (31 Agosto &#8211; 6 Settembre)"}]},{"@type":"WebSite","@id":"https:\/\/cyclingpro.net\/spaziociclismo\/#website","url":"https:\/\/cyclingpro.net\/spaziociclismo\/","name":"SpazioCiclismo","description":"Tutto il ciclismo minuto per minuto","publisher":{"@id":"https:\/\/cyclingpro.net\/spaziociclismo\/#organization"},"potentialAction":[{"@type":"SearchAction","target":{"@type":"EntryPoint","urlTemplate":"https:\/\/cyclingpro.net\/spaziociclismo\/?s={search_term_string}"},"query-input":{"@type":"PropertyValueSpecification","valueRequired":true,"valueName":"search_term_string"}}],"inLanguage":"it-IT"},{"@type":"Organization","@id":"https:\/\/cyclingpro.net\/spaziociclismo\/#organization","name":"SpazioCiclismo","url":"https:\/\/cyclingpro.net\/spaziociclismo\/","logo":{"@type":"ImageObject","inLanguage":"it-IT","@id":"https:\/\/cyclingpro.net\/spaziociclismo\/#\/schema\/logo\/image\/","url":"https:\/\/cyclingpro.net\/spaziociclismo\/wp-content\/uploads\/2017\/02\/SpazioCiclismo-Logo-Quadrato.png","contentUrl":"https:\/\/cyclingpro.net\/spaziociclismo\/wp-content\/uploads\/2017\/02\/SpazioCiclismo-Logo-Quadrato.png","width":450,"height":450,"caption":"SpazioCiclismo"},"image":{"@id":"https:\/\/cyclingpro.net\/spaziociclismo\/#\/schema\/logo\/image\/"},"sameAs":["https:\/\/www.facebook.com\/SpazioCiclismo\/","https:\/\/x.com\/spaziociclismo","https:\/\/www.instagram.com\/spaziociclismo\/"]},{"@type":"Person","@id":"https:\/\/cyclingpro.net\/spaziociclismo\/#\/schema\/person\/5b11f525424bc937dcd939655cae5de3","name":"Davide Filippi","image":{"@type":"ImageObject","inLanguage":"it-IT","@id":"https:\/\/secure.gravatar.com\/avatar\/acf38569376402ef43c46c36ea62f8a431f13c39fac703a2ed157f3bbfa5c1ab?s=96&d=mm&r=g","url":"https:\/\/secure.gravatar.com\/avatar\/acf38569376402ef43c46c36ea62f8a431f13c39fac703a2ed157f3bbfa5c1ab?s=96&d=mm&r=g","contentUrl":"https:\/\/secure.gravatar.com\/avatar\/acf38569376402ef43c46c36ea62f8a431f13c39fac703a2ed157f3bbfa5c1ab?s=96&d=mm&r=g","caption":"Davide Filippi"},"url":"https:\/\/cyclingpro.net\/spaziociclismo\/author\/dfilippi\/"}]}},"_links":{"self":[{"href":"https:\/\/cyclingpro.net\/spaziociclismo\/wp-json\/wp\/v2\/posts\/392999","targetHints":{"allow":["GET"]}}],"collection":[{"href":"https:\/\/cyclingpro.net\/spaziociclismo\/wp-json\/wp\/v2\/posts"}],"about":[{"href":"https:\/\/cyclingpro.net\/spaziociclismo\/wp-json\/wp\/v2\/types\/post"}],"author":[{"embeddable":true,"href":"https:\/\/cyclingpro.net\/spaziociclismo\/wp-json\/wp\/v2\/users\/27"}],"replies":[{"embeddable":true,"href":"https:\/\/cyclingpro.net\/spaziociclismo\/wp-json\/wp\/v2\/comments?post=392999"}],"version-history":[{"count":3,"href":"https:\/\/cyclingpro.net\/spaziociclismo\/wp-json\/wp\/v2\/posts\/392999\/revisions"}],"predecessor-version":[{"id":393004,"href":"https:\/\/cyclingpro.net\/spaziociclismo\/wp-json\/wp\/v2\/posts\/392999\/revisions\/393004"}],"wp:featuredmedia":[{"embeddable":true,"href":"https:\/\/cyclingpro.net\/spaziociclismo\/wp-json\/wp\/v2\/media\/392308"}],"wp:attachment":[{"href":"https:\/\/cyclingpro.net\/spaziociclismo\/wp-json\/wp\/v2\/media?parent=392999"}],"wp:term":[{"taxonomy":"category","embeddable":true,"href":"https:\/\/cyclingpro.net\/spaziociclismo\/wp-json\/wp\/v2\/categories?post=392999"},{"taxonomy":"post_tag","embeddable":true,"href":"https:\/\/cyclingpro.net\/spaziociclismo\/wp-json\/wp\/v2\/tags?post=392999"}],"curies":[{"name":"wp","href":"https:\/\/api.w.org\/{rel}","templated":true}]}}