{"id":390245,"date":"2026-08-15T08:20:22","date_gmt":"2026-08-15T06:20:22","guid":{"rendered":"https:\/\/cyclingpro.net\/spaziociclismo\/?p=390245"},"modified":"2026-08-15T08:29:24","modified_gmt":"2026-08-15T06:29:24","slug":"giro-del-portogallo-2026-confermata-la-dinamica-della-morte-di-finlay-tarling","status":"publish","type":"post","link":"https:\/\/cyclingpro.net\/spaziociclismo\/continental\/giro-del-portogallo-2026-confermata-la-dinamica-della-morte-di-finlay-tarling\/","title":{"rendered":"Giro del Portogallo 2026, confermata la dinamica della morte di Finlay Tarling: l&#8217;autista di un furgoncino \u00e8 entrato sul percorso in senso opposto alla marcia dei corridori"},"content":{"rendered":"<p>Emergono i primi dettagli sulla <a href=\"https:\/\/cyclingpro.net\/spaziociclismo\/continental\/giro-del-portogallo-2026-corsa-sospesa-per-la-tragica-morte-in-gara-del-diciannovenne-finlay-tarling\/\" target=\"_blank\" rel=\"noopener\">tragedia del\u00a0<strong>Giro del Portogallo 2026\u00a0<\/strong>che \u00e8 costata la vita a\u00a0<strong>Finlay Tarling<\/strong><\/a>. Come riportano diversi siti portoghesi, tra cui\u00a0<em><a href=\"https:\/\/www.rtp.pt\/noticias\/ciclismo\/acidente-mortal-na-volta-ciclista-foi-atropelado-por-carro-em-contramao_d1759516\" target=\"_blank\" rel=\"noopener\">RTP<\/a>\u00a0<\/em>e\u00a0<a href=\"https:\/\/www.abola.pt\/noticias\/acidente-mortal-com-ciclista-da-volta-a-portugal-2026081415545734260?fbclid=IwY2xjawTsI3xwZG9mBWV4dG4DYWVtAjEwAGJyaWQRMXZlbVU4bjdEeERGVTg0OWZzcnRjBmFwcF9pZBAyMjIwMzkxNzg4MjAwODkyAAEerAFs1HXHZrRKrxNoQ9N0SXLyOs34Itt_oBSOhRSkAkunG-m9zA8LA6qI5EI_aem_IuEqX4Ie-SrwOg3aqXX4Pw\" target=\"_blank\" rel=\"noopener\"><em>A Bola<\/em><\/a>, il 19enne sarebbe morto a causa di un incidente avvenuto con un&#8217;automobile non della corsa entrata sul percorso contromano rispetto al senso di percorrenza dei corridori. Il britannico avrebbe avuto un forte impatto con il veicolo, impattando violentemente il capo. Per lui non c&#8217;\u00e8 stato niente da fare. Non a caso, l&#8217;ottava tappa della corsa lusitana \u00e8 stata neutralizzata quasi subito, appena \u00e8 stata appresa la gravit\u00e0 della situazione. I corridori hanno quindi raggiunto l&#8217;arrivo di Fafe a velocit\u00e0 controllata e la cerimonia del podio \u00e8 stata annullata.<\/p>\n<p>Per il momento, l&#8217;organizzazione della corsa non ha rilasciato motivazioni ufficiali. Nel suo comunicato l&#8217;organizzazione del\u00a0<strong>Giro del Portogallo 2026<\/strong>\u00a0scrive: &#8220;<strong>La Volta a Portugal em Bicicleta \u00e8 profondamente addolorata nell&#8217;informare della morte del corridore britannico Finlay Tarling<\/strong>, dell&#8217;NSN Development Team, a seguito di un grave incidente avvenuto durante l&#8217;ottava tappa della corsa, da Melga\u00e7o a Fafe. In questo momento di profondo dolore, l&#8217;organizzazione della Volta a Portugal e la Federazione Ciclistica Portoghese esprimono le loro pi\u00f9 sentite condoglianze alla famiglia di Finlay Tarling, ai suoi compagni di squadra, all&#8217;NSN Development Team e a tutti i suoi amici e cari. <strong>Per questo tragico avvenimento, la corsa sar\u00e0 neutralizzata fino all&#8217;arrivo di Fafe<\/strong> e, insegno di rispetto e lutto, non sar\u00e0 fatta la cerimonia del podio prevista per oggi. L&#8217;organizzazione dar\u00e0 tutte le informazioni aggiuntive appena ci saranno le condizioni adatte a farlo&#8221;.<\/p>\n<p>Probabilmente, nelle prossime ore verranno rilasciate ulteriori informazioni sull&#8217;incidente che \u00e8 costato la vita al giovane\u00a0<strong>Finlay Tarling<\/strong>, che il prossimo 2 ottobre avrebbe compiuto 20 anni. A quel punto sar\u00e0 da determinare le responsabilit\u00e0 di quanto accaduto al corridore della\u00a0<strong>NSN Development Team<\/strong>, fratello del professionista\u00a0<strong>Joshua Tarling<\/strong>.<\/p>\n<p><strong>AGGIORNAMENTO Ore 08:00 (15\/08)<\/strong>: Secondo quel che riporta <em><a href=\"https:\/\/www.abola.pt\/noticias\/tragedia-na-volta-gnr-confirma-colisao-com-veiculo-em-contramao-2026081417201579801\" target=\"_blank\" rel=\"noopener\">A Bola<\/a><\/em>, fonti della Guardia Nazionale Repubblicana portoghese hanno confermato la dinamica dell&#8217;incidente costato la vita a Finlay Tarling. Nel territorio di Arcozelo, facente parte della municipalit\u00e0 di Ponte de Lima, a poco pi\u00f9 di 60 chilometri dal traguardo di Fafe, l&#8217;autista di un furgoncino ha deciso di entrare nel percorso di gara, iniziando a muoversi in senso contrario rispetto alla marcia dei corridori. In corrispondenza di una curva a sinistra (per i corridori), Tarling si \u00e8 trovato di fronte il furgoncino e non c&#8217;\u00e8 stato pi\u00f9 nulla da fare: il giovane britannico \u00e8 morto sul colpo.<\/p>\n","protected":false},"excerpt":{"rendered":"<p>Il 19enne sarebbe morto a causa di un&#8217;auto entrata contromano in corsa #VP26<\/p>\n","protected":false},"author":15,"featured_media":390238,"comment_status":"open","ping_status":"closed","sticky":false,"template":"","format":"standard","meta":{"footnotes":"","_members_access_role":[],"_members_access_error":""},"categories":[6,21],"tags":[5761,6768,6753],"class_list":["post-390245","post","type-post","status-publish","format-standard","has-post-thumbnail","hentry","category-continental","category-vetrina","tag-finlay-tarling","tag-giro-del-portogallo-2026","tag-nsn-cycling-team-2026"],"yoast_head":"<!-- This site is optimized with the Yoast SEO plugin v28.4 - https:\/\/yoast.com\/product\/yoast-seo-wordpress\/ -->\n<title>Giro del Portogallo 2026, confermata la dinamica della morte di Finlay Tarling: l&#039;autista di un furgoncino \u00e8 entrato sul percorso in senso opposto alla marcia dei corridori - SpazioCiclismo<\/title>\n<meta name=\"robots\" content=\"index, follow, max-snippet:-1, max-image-preview:large, max-video-preview:-1\" \/>\n<link rel=\"canonical\" href=\"https:\/\/cyclingpro.net\/spaziociclismo\/continental\/giro-del-portogallo-2026-confermata-la-dinamica-della-morte-di-finlay-tarling\/\" \/>\n<meta property=\"og:locale\" content=\"it_IT\" \/>\n<meta property=\"og:type\" content=\"article\" \/>\n<meta property=\"og:title\" content=\"Giro del Portogallo 2026, confermata la dinamica della morte di Finlay Tarling: l&#039;autista di un furgoncino \u00e8 entrato sul percorso in senso opposto alla marcia dei corridori - SpazioCiclismo\" \/>\n<meta property=\"og:description\" content=\"Il 19enne sarebbe morto a causa di un&#039;auto entrata contromano in corsa #VP26\" \/>\n<meta property=\"og:url\" content=\"https:\/\/cyclingpro.net\/spaziociclismo\/continental\/giro-del-portogallo-2026-confermata-la-dinamica-della-morte-di-finlay-tarling\/\" \/>\n<meta property=\"og:site_name\" content=\"SpazioCiclismo\" \/>\n<meta property=\"article:publisher\" content=\"https:\/\/www.facebook.com\/SpazioCiclismo\/\" \/>\n<meta property=\"article:published_time\" content=\"2026-08-15T06:20:22+00:00\" \/>\n<meta property=\"article:modified_time\" content=\"2026-08-15T06:29:24+00:00\" \/>\n<meta property=\"og:image\" content=\"https:\/\/cyclingpro.net\/spaziociclismo\/wp-content\/uploads\/2026\/08\/Finlay-Tarling-e1786724028373.jpg\" \/>\n\t<meta property=\"og:image:width\" content=\"447\" \/>\n\t<meta property=\"og:image:height\" content=\"254\" \/>\n\t<meta property=\"og:image:type\" content=\"image\/jpeg\" \/>\n<meta name=\"author\" content=\"Davide Terraneo\" \/>\n<meta name=\"twitter:card\" content=\"summary_large_image\" \/>\n<meta name=\"twitter:creator\" content=\"@spaziociclismo\" \/>\n<meta name=\"twitter:site\" content=\"@spaziociclismo\" \/>\n<meta name=\"twitter:label1\" content=\"Scritto da\" \/>\n\t<meta name=\"twitter:data1\" content=\"Davide Terraneo\" \/>\n\t<meta name=\"twitter:label2\" content=\"Tempo di lettura stimato\" \/>\n\t<meta name=\"twitter:data2\" content=\"3 minuti\" \/>\n<script type=\"application\/ld+json\" class=\"yoast-schema-graph\">{\"@context\":\"https:\\\/\\\/schema.org\",\"@graph\":[{\"@type\":\"Article\",\"@id\":\"https:\\\/\\\/cyclingpro.net\\\/spaziociclismo\\\/continental\\\/giro-del-portogallo-2026-confermata-la-dinamica-della-morte-di-finlay-tarling\\\/#article\",\"isPartOf\":{\"@id\":\"https:\\\/\\\/cyclingpro.net\\\/spaziociclismo\\\/continental\\\/giro-del-portogallo-2026-confermata-la-dinamica-della-morte-di-finlay-tarling\\\/\"},\"author\":{\"name\":\"Davide Terraneo\",\"@id\":\"https:\\\/\\\/cyclingpro.net\\\/spaziociclismo\\\/#\\\/schema\\\/person\\\/7e1a937a7dba4e684209b697ab87796a\"},\"headline\":\"Giro del Portogallo 2026, confermata la dinamica della morte di Finlay Tarling: l&#8217;autista di un furgoncino \u00e8 entrato sul percorso in senso opposto alla marcia dei corridori\",\"datePublished\":\"2026-08-15T06:20:22+00:00\",\"dateModified\":\"2026-08-15T06:29:24+00:00\",\"mainEntityOfPage\":{\"@id\":\"https:\\\/\\\/cyclingpro.net\\\/spaziociclismo\\\/continental\\\/giro-del-portogallo-2026-confermata-la-dinamica-della-morte-di-finlay-tarling\\\/\"},\"wordCount\":441,\"commentCount\":0,\"publisher\":{\"@id\":\"https:\\\/\\\/cyclingpro.net\\\/spaziociclismo\\\/#organization\"},\"image\":{\"@id\":\"https:\\\/\\\/cyclingpro.net\\\/spaziociclismo\\\/continental\\\/giro-del-portogallo-2026-confermata-la-dinamica-della-morte-di-finlay-tarling\\\/#primaryimage\"},\"thumbnailUrl\":\"https:\\\/\\\/cyclingpro.net\\\/spaziociclismo\\\/wp-content\\\/uploads\\\/2026\\\/08\\\/Finlay-Tarling-e1786724028373.jpg\",\"keywords\":[\"Finlay Tarling\",\"Giro del Portogallo 2026\",\"NSN Cycling Team 2026\"],\"articleSection\":[\"Continental\",\"Vetrina\"],\"inLanguage\":\"it-IT\",\"potentialAction\":[{\"@type\":\"CommentAction\",\"name\":\"Comment\",\"target\":[\"https:\\\/\\\/cyclingpro.net\\\/spaziociclismo\\\/continental\\\/giro-del-portogallo-2026-confermata-la-dinamica-della-morte-di-finlay-tarling\\\/#respond\"]}]},{\"@type\":\"WebPage\",\"@id\":\"https:\\\/\\\/cyclingpro.net\\\/spaziociclismo\\\/continental\\\/giro-del-portogallo-2026-confermata-la-dinamica-della-morte-di-finlay-tarling\\\/\",\"url\":\"https:\\\/\\\/cyclingpro.net\\\/spaziociclismo\\\/continental\\\/giro-del-portogallo-2026-confermata-la-dinamica-della-morte-di-finlay-tarling\\\/\",\"name\":\"Giro del Portogallo 2026, confermata la dinamica della morte di Finlay Tarling: l'autista di un furgoncino \u00e8 entrato sul percorso in senso opposto alla marcia dei corridori - SpazioCiclismo\",\"isPartOf\":{\"@id\":\"https:\\\/\\\/cyclingpro.net\\\/spaziociclismo\\\/#website\"},\"primaryImageOfPage\":{\"@id\":\"https:\\\/\\\/cyclingpro.net\\\/spaziociclismo\\\/continental\\\/giro-del-portogallo-2026-confermata-la-dinamica-della-morte-di-finlay-tarling\\\/#primaryimage\"},\"image\":{\"@id\":\"https:\\\/\\\/cyclingpro.net\\\/spaziociclismo\\\/continental\\\/giro-del-portogallo-2026-confermata-la-dinamica-della-morte-di-finlay-tarling\\\/#primaryimage\"},\"thumbnailUrl\":\"https:\\\/\\\/cyclingpro.net\\\/spaziociclismo\\\/wp-content\\\/uploads\\\/2026\\\/08\\\/Finlay-Tarling-e1786724028373.jpg\",\"datePublished\":\"2026-08-15T06:20:22+00:00\",\"dateModified\":\"2026-08-15T06:29:24+00:00\",\"breadcrumb\":{\"@id\":\"https:\\\/\\\/cyclingpro.net\\\/spaziociclismo\\\/continental\\\/giro-del-portogallo-2026-confermata-la-dinamica-della-morte-di-finlay-tarling\\\/#breadcrumb\"},\"inLanguage\":\"it-IT\",\"potentialAction\":[{\"@type\":\"ReadAction\",\"target\":[\"https:\\\/\\\/cyclingpro.net\\\/spaziociclismo\\\/continental\\\/giro-del-portogallo-2026-confermata-la-dinamica-della-morte-di-finlay-tarling\\\/\"]}]},{\"@type\":\"ImageObject\",\"inLanguage\":\"it-IT\",\"@id\":\"https:\\\/\\\/cyclingpro.net\\\/spaziociclismo\\\/continental\\\/giro-del-portogallo-2026-confermata-la-dinamica-della-morte-di-finlay-tarling\\\/#primaryimage\",\"url\":\"https:\\\/\\\/cyclingpro.net\\\/spaziociclismo\\\/wp-content\\\/uploads\\\/2026\\\/08\\\/Finlay-Tarling-e1786724028373.jpg\",\"contentUrl\":\"https:\\\/\\\/cyclingpro.net\\\/spaziociclismo\\\/wp-content\\\/uploads\\\/2026\\\/08\\\/Finlay-Tarling-e1786724028373.jpg\",\"width\":447,\"height\":254},{\"@type\":\"BreadcrumbList\",\"@id\":\"https:\\\/\\\/cyclingpro.net\\\/spaziociclismo\\\/continental\\\/giro-del-portogallo-2026-confermata-la-dinamica-della-morte-di-finlay-tarling\\\/#breadcrumb\",\"itemListElement\":[{\"@type\":\"ListItem\",\"position\":1,\"name\":\"Home\",\"item\":\"https:\\\/\\\/cyclingpro.net\\\/spaziociclismo\\\/\"},{\"@type\":\"ListItem\",\"position\":2,\"name\":\"Giro del Portogallo 2026, confermata la dinamica della morte di Finlay Tarling: l&#8217;autista di un furgoncino \u00e8 entrato sul percorso in senso opposto alla marcia dei corridori\"}]},{\"@type\":\"WebSite\",\"@id\":\"https:\\\/\\\/cyclingpro.net\\\/spaziociclismo\\\/#website\",\"url\":\"https:\\\/\\\/cyclingpro.net\\\/spaziociclismo\\\/\",\"name\":\"SpazioCiclismo\",\"description\":\"Tutto il ciclismo minuto per minuto\",\"publisher\":{\"@id\":\"https:\\\/\\\/cyclingpro.net\\\/spaziociclismo\\\/#organization\"},\"potentialAction\":[{\"@type\":\"SearchAction\",\"target\":{\"@type\":\"EntryPoint\",\"urlTemplate\":\"https:\\\/\\\/cyclingpro.net\\\/spaziociclismo\\\/?s={search_term_string}\"},\"query-input\":{\"@type\":\"PropertyValueSpecification\",\"valueRequired\":true,\"valueName\":\"search_term_string\"}}],\"inLanguage\":\"it-IT\"},{\"@type\":\"Organization\",\"@id\":\"https:\\\/\\\/cyclingpro.net\\\/spaziociclismo\\\/#organization\",\"name\":\"SpazioCiclismo\",\"url\":\"https:\\\/\\\/cyclingpro.net\\\/spaziociclismo\\\/\",\"logo\":{\"@type\":\"ImageObject\",\"inLanguage\":\"it-IT\",\"@id\":\"https:\\\/\\\/cyclingpro.net\\\/spaziociclismo\\\/#\\\/schema\\\/logo\\\/image\\\/\",\"url\":\"https:\\\/\\\/cyclingpro.net\\\/spaziociclismo\\\/wp-content\\\/uploads\\\/2017\\\/02\\\/SpazioCiclismo-Logo-Quadrato.png\",\"contentUrl\":\"https:\\\/\\\/cyclingpro.net\\\/spaziociclismo\\\/wp-content\\\/uploads\\\/2017\\\/02\\\/SpazioCiclismo-Logo-Quadrato.png\",\"width\":450,\"height\":450,\"caption\":\"SpazioCiclismo\"},\"image\":{\"@id\":\"https:\\\/\\\/cyclingpro.net\\\/spaziociclismo\\\/#\\\/schema\\\/logo\\\/image\\\/\"},\"sameAs\":[\"https:\\\/\\\/www.facebook.com\\\/SpazioCiclismo\\\/\",\"https:\\\/\\\/x.com\\\/spaziociclismo\",\"https:\\\/\\\/www.instagram.com\\\/spaziociclismo\\\/\"]},{\"@type\":\"Person\",\"@id\":\"https:\\\/\\\/cyclingpro.net\\\/spaziociclismo\\\/#\\\/schema\\\/person\\\/7e1a937a7dba4e684209b697ab87796a\",\"name\":\"Davide Terraneo\",\"image\":{\"@type\":\"ImageObject\",\"inLanguage\":\"it-IT\",\"@id\":\"https:\\\/\\\/secure.gravatar.com\\\/avatar\\\/ff8491b63094864b9d94b44d6465d0050c0872ad4112e51a3cee77d0500a47c5?s=96&d=mm&r=g\",\"url\":\"https:\\\/\\\/secure.gravatar.com\\\/avatar\\\/ff8491b63094864b9d94b44d6465d0050c0872ad4112e51a3cee77d0500a47c5?s=96&d=mm&r=g\",\"contentUrl\":\"https:\\\/\\\/secure.gravatar.com\\\/avatar\\\/ff8491b63094864b9d94b44d6465d0050c0872ad4112e51a3cee77d0500a47c5?s=96&d=mm&r=g\",\"caption\":\"Davide Terraneo\"},\"url\":\"https:\\\/\\\/cyclingpro.net\\\/spaziociclismo\\\/author\\\/dterraneo\\\/\"}]}<\/script>\n<!-- \/ Yoast SEO plugin. -->","yoast_head_json":{"title":"Giro del Portogallo 2026, confermata la dinamica della morte di Finlay Tarling: l'autista di un furgoncino \u00e8 entrato sul percorso in senso opposto alla marcia dei corridori - SpazioCiclismo","robots":{"index":"index","follow":"follow","max-snippet":"max-snippet:-1","max-image-preview":"max-image-preview:large","max-video-preview":"max-video-preview:-1"},"canonical":"https:\/\/cyclingpro.net\/spaziociclismo\/continental\/giro-del-portogallo-2026-confermata-la-dinamica-della-morte-di-finlay-tarling\/","og_locale":"it_IT","og_type":"article","og_title":"Giro del Portogallo 2026, confermata la dinamica della morte di Finlay Tarling: l'autista di un furgoncino \u00e8 entrato sul percorso in senso opposto alla marcia dei corridori - SpazioCiclismo","og_description":"Il 19enne sarebbe morto a causa di un'auto entrata contromano in corsa #VP26","og_url":"https:\/\/cyclingpro.net\/spaziociclismo\/continental\/giro-del-portogallo-2026-confermata-la-dinamica-della-morte-di-finlay-tarling\/","og_site_name":"SpazioCiclismo","article_publisher":"https:\/\/www.facebook.com\/SpazioCiclismo\/","article_published_time":"2026-08-15T06:20:22+00:00","article_modified_time":"2026-08-15T06:29:24+00:00","og_image":[{"width":447,"height":254,"url":"https:\/\/cyclingpro.net\/spaziociclismo\/wp-content\/uploads\/2026\/08\/Finlay-Tarling-e1786724028373.jpg","type":"image\/jpeg"}],"author":"Davide Terraneo","twitter_card":"summary_large_image","twitter_creator":"@spaziociclismo","twitter_site":"@spaziociclismo","twitter_misc":{"Scritto da":"Davide Terraneo","Tempo di lettura stimato":"3 minuti"},"schema":{"@context":"https:\/\/schema.org","@graph":[{"@type":"Article","@id":"https:\/\/cyclingpro.net\/spaziociclismo\/continental\/giro-del-portogallo-2026-confermata-la-dinamica-della-morte-di-finlay-tarling\/#article","isPartOf":{"@id":"https:\/\/cyclingpro.net\/spaziociclismo\/continental\/giro-del-portogallo-2026-confermata-la-dinamica-della-morte-di-finlay-tarling\/"},"author":{"name":"Davide Terraneo","@id":"https:\/\/cyclingpro.net\/spaziociclismo\/#\/schema\/person\/7e1a937a7dba4e684209b697ab87796a"},"headline":"Giro del Portogallo 2026, confermata la dinamica della morte di Finlay Tarling: l&#8217;autista di un furgoncino \u00e8 entrato sul percorso in senso opposto alla marcia dei corridori","datePublished":"2026-08-15T06:20:22+00:00","dateModified":"2026-08-15T06:29:24+00:00","mainEntityOfPage":{"@id":"https:\/\/cyclingpro.net\/spaziociclismo\/continental\/giro-del-portogallo-2026-confermata-la-dinamica-della-morte-di-finlay-tarling\/"},"wordCount":441,"commentCount":0,"publisher":{"@id":"https:\/\/cyclingpro.net\/spaziociclismo\/#organization"},"image":{"@id":"https:\/\/cyclingpro.net\/spaziociclismo\/continental\/giro-del-portogallo-2026-confermata-la-dinamica-della-morte-di-finlay-tarling\/#primaryimage"},"thumbnailUrl":"https:\/\/cyclingpro.net\/spaziociclismo\/wp-content\/uploads\/2026\/08\/Finlay-Tarling-e1786724028373.jpg","keywords":["Finlay Tarling","Giro del Portogallo 2026","NSN Cycling Team 2026"],"articleSection":["Continental","Vetrina"],"inLanguage":"it-IT","potentialAction":[{"@type":"CommentAction","name":"Comment","target":["https:\/\/cyclingpro.net\/spaziociclismo\/continental\/giro-del-portogallo-2026-confermata-la-dinamica-della-morte-di-finlay-tarling\/#respond"]}]},{"@type":"WebPage","@id":"https:\/\/cyclingpro.net\/spaziociclismo\/continental\/giro-del-portogallo-2026-confermata-la-dinamica-della-morte-di-finlay-tarling\/","url":"https:\/\/cyclingpro.net\/spaziociclismo\/continental\/giro-del-portogallo-2026-confermata-la-dinamica-della-morte-di-finlay-tarling\/","name":"Giro del Portogallo 2026, confermata la dinamica della morte di Finlay Tarling: l'autista di un furgoncino \u00e8 entrato sul percorso in senso opposto alla marcia dei corridori - SpazioCiclismo","isPartOf":{"@id":"https:\/\/cyclingpro.net\/spaziociclismo\/#website"},"primaryImageOfPage":{"@id":"https:\/\/cyclingpro.net\/spaziociclismo\/continental\/giro-del-portogallo-2026-confermata-la-dinamica-della-morte-di-finlay-tarling\/#primaryimage"},"image":{"@id":"https:\/\/cyclingpro.net\/spaziociclismo\/continental\/giro-del-portogallo-2026-confermata-la-dinamica-della-morte-di-finlay-tarling\/#primaryimage"},"thumbnailUrl":"https:\/\/cyclingpro.net\/spaziociclismo\/wp-content\/uploads\/2026\/08\/Finlay-Tarling-e1786724028373.jpg","datePublished":"2026-08-15T06:20:22+00:00","dateModified":"2026-08-15T06:29:24+00:00","breadcrumb":{"@id":"https:\/\/cyclingpro.net\/spaziociclismo\/continental\/giro-del-portogallo-2026-confermata-la-dinamica-della-morte-di-finlay-tarling\/#breadcrumb"},"inLanguage":"it-IT","potentialAction":[{"@type":"ReadAction","target":["https:\/\/cyclingpro.net\/spaziociclismo\/continental\/giro-del-portogallo-2026-confermata-la-dinamica-della-morte-di-finlay-tarling\/"]}]},{"@type":"ImageObject","inLanguage":"it-IT","@id":"https:\/\/cyclingpro.net\/spaziociclismo\/continental\/giro-del-portogallo-2026-confermata-la-dinamica-della-morte-di-finlay-tarling\/#primaryimage","url":"https:\/\/cyclingpro.net\/spaziociclismo\/wp-content\/uploads\/2026\/08\/Finlay-Tarling-e1786724028373.jpg","contentUrl":"https:\/\/cyclingpro.net\/spaziociclismo\/wp-content\/uploads\/2026\/08\/Finlay-Tarling-e1786724028373.jpg","width":447,"height":254},{"@type":"BreadcrumbList","@id":"https:\/\/cyclingpro.net\/spaziociclismo\/continental\/giro-del-portogallo-2026-confermata-la-dinamica-della-morte-di-finlay-tarling\/#breadcrumb","itemListElement":[{"@type":"ListItem","position":1,"name":"Home","item":"https:\/\/cyclingpro.net\/spaziociclismo\/"},{"@type":"ListItem","position":2,"name":"Giro del Portogallo 2026, confermata la dinamica della morte di Finlay Tarling: l&#8217;autista di un furgoncino \u00e8 entrato sul percorso in senso opposto alla marcia dei corridori"}]},{"@type":"WebSite","@id":"https:\/\/cyclingpro.net\/spaziociclismo\/#website","url":"https:\/\/cyclingpro.net\/spaziociclismo\/","name":"SpazioCiclismo","description":"Tutto il ciclismo minuto per minuto","publisher":{"@id":"https:\/\/cyclingpro.net\/spaziociclismo\/#organization"},"potentialAction":[{"@type":"SearchAction","target":{"@type":"EntryPoint","urlTemplate":"https:\/\/cyclingpro.net\/spaziociclismo\/?s={search_term_string}"},"query-input":{"@type":"PropertyValueSpecification","valueRequired":true,"valueName":"search_term_string"}}],"inLanguage":"it-IT"},{"@type":"Organization","@id":"https:\/\/cyclingpro.net\/spaziociclismo\/#organization","name":"SpazioCiclismo","url":"https:\/\/cyclingpro.net\/spaziociclismo\/","logo":{"@type":"ImageObject","inLanguage":"it-IT","@id":"https:\/\/cyclingpro.net\/spaziociclismo\/#\/schema\/logo\/image\/","url":"https:\/\/cyclingpro.net\/spaziociclismo\/wp-content\/uploads\/2017\/02\/SpazioCiclismo-Logo-Quadrato.png","contentUrl":"https:\/\/cyclingpro.net\/spaziociclismo\/wp-content\/uploads\/2017\/02\/SpazioCiclismo-Logo-Quadrato.png","width":450,"height":450,"caption":"SpazioCiclismo"},"image":{"@id":"https:\/\/cyclingpro.net\/spaziociclismo\/#\/schema\/logo\/image\/"},"sameAs":["https:\/\/www.facebook.com\/SpazioCiclismo\/","https:\/\/x.com\/spaziociclismo","https:\/\/www.instagram.com\/spaziociclismo\/"]},{"@type":"Person","@id":"https:\/\/cyclingpro.net\/spaziociclismo\/#\/schema\/person\/7e1a937a7dba4e684209b697ab87796a","name":"Davide Terraneo","image":{"@type":"ImageObject","inLanguage":"it-IT","@id":"https:\/\/secure.gravatar.com\/avatar\/ff8491b63094864b9d94b44d6465d0050c0872ad4112e51a3cee77d0500a47c5?s=96&d=mm&r=g","url":"https:\/\/secure.gravatar.com\/avatar\/ff8491b63094864b9d94b44d6465d0050c0872ad4112e51a3cee77d0500a47c5?s=96&d=mm&r=g","contentUrl":"https:\/\/secure.gravatar.com\/avatar\/ff8491b63094864b9d94b44d6465d0050c0872ad4112e51a3cee77d0500a47c5?s=96&d=mm&r=g","caption":"Davide Terraneo"},"url":"https:\/\/cyclingpro.net\/spaziociclismo\/author\/dterraneo\/"}]}},"_links":{"self":[{"href":"https:\/\/cyclingpro.net\/spaziociclismo\/wp-json\/wp\/v2\/posts\/390245","targetHints":{"allow":["GET"]}}],"collection":[{"href":"https:\/\/cyclingpro.net\/spaziociclismo\/wp-json\/wp\/v2\/posts"}],"about":[{"href":"https:\/\/cyclingpro.net\/spaziociclismo\/wp-json\/wp\/v2\/types\/post"}],"author":[{"embeddable":true,"href":"https:\/\/cyclingpro.net\/spaziociclismo\/wp-json\/wp\/v2\/users\/15"}],"replies":[{"embeddable":true,"href":"https:\/\/cyclingpro.net\/spaziociclismo\/wp-json\/wp\/v2\/comments?post=390245"}],"version-history":[{"count":6,"href":"https:\/\/cyclingpro.net\/spaziociclismo\/wp-json\/wp\/v2\/posts\/390245\/revisions"}],"predecessor-version":[{"id":390279,"href":"https:\/\/cyclingpro.net\/spaziociclismo\/wp-json\/wp\/v2\/posts\/390245\/revisions\/390279"}],"wp:featuredmedia":[{"embeddable":true,"href":"https:\/\/cyclingpro.net\/spaziociclismo\/wp-json\/wp\/v2\/media\/390238"}],"wp:attachment":[{"href":"https:\/\/cyclingpro.net\/spaziociclismo\/wp-json\/wp\/v2\/media?parent=390245"}],"wp:term":[{"taxonomy":"category","embeddable":true,"href":"https:\/\/cyclingpro.net\/spaziociclismo\/wp-json\/wp\/v2\/categories?post=390245"},{"taxonomy":"post_tag","embeddable":true,"href":"https:\/\/cyclingpro.net\/spaziociclismo\/wp-json\/wp\/v2\/tags?post=390245"}],"curies":[{"name":"wp","href":"https:\/\/api.w.org\/{rel}","templated":true}]}}