{"id":388898,"date":"2026-08-21T13:15:53","date_gmt":"2026-08-21T11:15:53","guid":{"rendered":"https:\/\/cyclingpro.net\/spaziociclismo\/?p=388898"},"modified":"2026-08-21T15:11:56","modified_gmt":"2026-08-21T13:11:56","slug":"startlist-vuelta-a-espana-2026-elenco-partecipanti","status":"publish","type":"post","link":"https:\/\/cyclingpro.net\/spaziociclismo\/startlist\/startlist-vuelta-a-espana-2026-elenco-partecipanti\/","title":{"rendered":"Startlist Vuelta a Espa\u00f1a 2026, l\u2019elenco dei partecipanti definitivo"},"content":{"rendered":"<p>La <strong>Vuelta a Espa\u00f1a 2026<\/strong> chiude come da tradizione la stagione dei Grandi Giri. In programma <strong>dal 22 agosto al 13 settembre<\/strong>, la corsa a tappe spagnola si preannuncia spettacolare, con tanti nomi di livello al via. Saranno complessivamente 23 le squadre in gara, con le 18 del circuito WorldTour alle quali si uniranno Tudor Pro Cycling, Pinarello Q36.5 Pro Cycling e Cofidis invitate di diritto, mentre Burgos BH Burpellet ed Equipo Kern Pharma godranno della WildCard concessa dall&#8217;organizzazione. In questa pagina sar\u00e0 possibile tenere sotto controllo il campo partenti della corsa iberica, che si comporr\u00e0 giorno per giorno a seguito delle varie informazioni che arriveranno da qui sino alla partenza, che quest&#8217;anno avverr\u00e0 dal Principato di Monaco, mentre il traguardo finale sar\u00e0 a Granada.<\/p>\n<h2>Partecipanti Vuelta a Espa\u00f1a 2026<\/h2>\n<p>Dopo anni di rinunce per privilegiare altri obiettivi, questa volta \u00e8 ufficiale: <strong>Tadej Poga\u010dar<\/strong> (UAE Team Emirates XRG) sar\u00e0 al via. A sette anni di distanza dalla sua prima e unica partecipazione, chiusa al terzo posto finale e con tre successi di tappa, il fenomeno sloveno torner\u00e0 a correre il GT spagnolo con l&#8217;obiettivo di diventare il nono corridore nella storia a completare la Tripla Corona nei Grandi Giri, aggiungendo cos\u00ec un ulteriore trionfo al suo gi\u00e0 straordinario palmares. Il campione del mondo parte ovviamente con i favori del pronostico e potr\u00e0 contare sul supporto di compagni di squadra quali <strong>Jo\u00e3o Almeida<\/strong>, secondo un anno fa, <strong>Jay Vine<\/strong>, vincitore della Maglia a Pois nelle ultime due edizioni, e <strong>Pavel Sivakov<\/strong>.<\/p>\n<p>Uno dei suoi principali rivali avrebbe potuto essere <strong>Primo\u017e Rogli\u010d<\/strong> (Red Bull-Bora-hansgrohe), per una sfida tutta slovena, ma il 36enne arriva a questa Vuelta dopo settimane (e, pi\u00f9 nel complesso, un&#8217;annata) piuttosto complicate a causa di un incidente in allenamento che non gli ha permesso di svolgere una regolare preparazione. Gi\u00e0 vincitore per quattro volte della Maglia Rossa, il classe &#8217;89 puntava al record assoluto di cinque successi, ma a questo punto non sar\u00e0 facile per lui riuscirci. Possibile che, al suo fianco, possa provare a fare una buona classifica l&#8217;australiano Luke Tuckwell, giovane prospetto al primo Grande Giro della carriera.<\/p>\n<p>Non ci sar\u00e0 invece il campione uscente <strong>Jonas Vingegaard<\/strong>, che gi\u00e0 non aveva in programma di correre il GT iberico dopo aver gi\u00e0 fatto (e vinto) il Giro d&#8217;Italia e il Tour de France, dove il danese si \u00e8 dovuto ritirare per una caduta che gli ha causato la frattura della clavicola e ha posto fine anticipatamente alla sua stagione. La sua Visma | Lease a Bike, capace di imporsi in cinque delle ultime sette edizioni, potr\u00e0 comunque contare sull&#8217;ex vincitore <strong>Sepp Kuss<\/strong>, che tuttavia non dovrebbe fare classifica, ma anche su <strong>Ben Tulett<\/strong> e sul giovane <strong>J\u00f8rgen Nordhagen<\/strong>, che affronter\u00e0 per la prima volta una corsa di tre settimane.<\/p>\n<p>Alle spalle di Poga\u010dar la lotta per il podio sembra piuttosto aperta e potrebbe vedere tra i protagonisti <strong>Felix Gall<\/strong> (Decathlon CMA CGM) e <strong>Oscar Onley<\/strong> (Netcompany Ineos). L&#8217;austriaco, accompagnato anche dal quinto classificato e Maglia Bianca della scorsa edizione, <strong>Matthew Riccitello<\/strong>, arriva dal secondo posto al Giro d&#8217;Italia alle spalle di Vingegaard e, pi\u00f9 nel complesso, da un&#8217;annata piuttosto solida, in particolare in salita. Tutto l&#8217;opposto per il 23enne britannico, che in questa stagione ha avuto tanti problemi cos\u00ec come il compagno di squadra (e possibile alternativa) <strong>Carlos Rodriguez<\/strong>, uno dei quali lo ha anche costretto a saltare il Tour. La Vuelta rappresenter\u00e0 quindi per lui la possibilit\u00e0 di rilanciarsi e di dimostrare che il quarto posto alla Grande Boucle dello scorso anno non \u00e8 stato un caso.<\/p>\n<p>Annata complicata anche per un corridore che \u00e8 gi\u00e0 salito pi\u00f9 volte sul podio finale della corsa iberica: parliamo ovviamente di <strong>Enric Mas<\/strong> (Movistar), che andr\u00e0 quindi in cerca di riscatto sulle strade di casa assieme al pi\u00f9 giovane <strong>Cian Uijtdebroeks<\/strong>. Proveranno a rilanciarsi anche <strong>Santiago Buitrago<\/strong> (Bahrain Victorious) e <strong>Mikel Landa<\/strong> (Soudal Quick-Step), entrambi piuttosto sfortunati in questo 2026, mentre cercheranno di confermarsi su ottimi livelli <strong>Mattias Skjelmose<\/strong> (Lidl-Trek), quinto al recente Tour, <strong>Richard Carapaz<\/strong> (EF Education-EasyPost), che proprio alla Grande Boucle \u00e8 stato grande protagonista, e <strong>Tobias Halland Johannessen<\/strong> (Uno-X Mobility). Infine, in chiave classifica saranno da tenere d&#8217;occhio anche i giovani <strong>Jarno Widar<\/strong> (Lotto Intermarch\u00e9) e <strong>Jakob Omrzel<\/strong> (Bahrain Victorious), vincitori del Giro Next Gen rispettivamente nel 2024 e 2025, e la XDS Astana con il trio composto da <strong>Harold Tejada<\/strong>,<strong> Lorenzo Fortunato<\/strong> e <strong>Cristian Rodriguez<\/strong>.<\/p>\n<p>Guardando ai cacciatori di tappe, come da tradizione la Vuelta non offre molte opportunit\u00e0 agli sprinter puri, tuttavia qualche tappa dovrebbe concludersi in volata e, diverse altre, con sprint magari un po&#8217; pi\u00f9 ristretti e nei quali veder protagonisti anche coloro che sono qualcosa in pi\u00f9 di semplici velocisti (resistenti o no). Come <strong>Mads Pedersen<\/strong> (Lidl-Trek) e <strong>Wout Van Aert<\/strong> (Visma | Lease a Bike), che appaiono destinati a dar vita a un&#8217;epica battaglia per la Maglia Verde, gi\u00e0 conquistata dal danese in due occasioni (2022 e 2025) e vestita dal belga nel 2024, quando sembrava poterla far sua prima di ritirarsi per una caduta. In queste giornate, per\u00f2, la Visma avr\u00e0 anche un&#8217;altra interessante opzione: si tratta del talentuoso <strong>Matthew Brennan<\/strong>, che sar\u00e0 al debutto assoluto in un Grande Giro.<\/p>\n<p>Tra le ruote veloci saranno poi presenti anche <strong>Kaden Groves<\/strong> (Alpecin-Premier Tech), vincitore qui di sette tappe e due classifiche a punti (2023 e 2024), <strong>Jordi Meeus<\/strong> (Red Bull-Bora-hansgrohe), <strong>Ben Turner<\/strong> (Netcompany Ineos), <strong>Bryan Coquard<\/strong> (Cofidis), <strong>Orluis Aular<\/strong> (Movistar), <strong>Hugo Hofstetter<\/strong> (NSN Cycling Team) e <strong>Alberto Dainese<\/strong> (Soudal Quick-Step). C&#8217;\u00e8 poi tutta una serie di corridori che potranno andare a caccia di un successo parziale provando soprattutto ad andare in fuga da lontano. Tra questi, possiamo citare <strong>Pablo Castrillo<\/strong> (Movistar), <strong>Christophe Laporte<\/strong> (Visma | Lease a Bike), <strong>Eddie Dunbar<\/strong> (Pinarello Q36.5 Pro Cycling Team), <strong>Axel Laurance<\/strong> (Netcompany Ineos), <strong>Pello Bilbao<\/strong> (Bahrain Victorious), <strong>Thibau Nys<\/strong> (Lidl-Trek), <strong>Valentin Madouas<\/strong> e <strong>Guillaume Martin<\/strong> (Groupama-FDJ United), <strong>Valentin Paret-Peintre<\/strong> e <strong>Filippo Zana<\/strong> (Soudal Quick-Step), <strong>Magnus Cort<\/strong> (Uno-X Mobility), <strong>Alessandro Covi<\/strong> (Team Jayco AlUla), <strong>Marco Brenner<\/strong> (Tudor Pro Cycling Team), <strong>Vincenzo Albanese<\/strong> e <strong>Georg Steinhauser<\/strong> (EF Education-EasyPost).<\/p>\n<h2>Startlist Definitiva Vuelta a Espa\u00f1a 2026<\/h2>\n<p><strong>RED BULL-BORA-HANSGROHE<\/strong><br \/>\n1 ROGLI\u010c Primo\u017e<br \/>\n2 FISHER-BLACK Finn<br \/>\n3 MEEUS Jordi<br \/>\n4 MOSCON Gianni<br \/>\n5 THORNLEY Callum<br \/>\n6 TUCKWELL Luke<br \/>\n7 VERMEERSCH Gianni<br \/>\n8 WANDAHL Frederik<\/p>\n<p><strong>UAE TEAM EMIRATES XRG<\/strong><br \/>\n11 POGA\u010cAR Tadej<br \/>\n12 ALMEIDA Jo\u00e3o<br \/>\n13 NOVAK Domen<br \/>\n14 OLIVEIRA Ivo<br \/>\n15 SIVAKOV Pavel<br \/>\n16 TORRES Pablo<br \/>\n17 VERMAERKE Kevin<br \/>\n18 VINE Jay<\/p>\n<p><strong>MOVISTAR TEAM<\/strong><br \/>\n21 MAS Enric<br \/>\n22 ARCAS Jorge<br \/>\n23 AULAR SANABRIA Orluis Alberto<br \/>\n24 CANAL Carlos<br \/>\n25 CASTRILLO Pablo<br \/>\n26 GARCIA PIERNA Raul<br \/>\n27 ROMEO ABAD Ivan<br \/>\n28 UIJTDEBROEKS Cian<\/p>\n<p><strong>TEAM VISMA | LEASE A BIKE<\/strong><br \/>\n31 VAN AERT Wout<br \/>\n32 ARMIRAIL Bruno<br \/>\n33 BRENNAN James Matthew<br \/>\n34 KRUIJSWIJK Steven<br \/>\n35 KUSS Sepp<br \/>\n36 LAPORTE Christophe<br \/>\n37 NORDHAGEN J\u00f8rgen<br \/>\n38 TULETT Ben<\/p>\n<p><strong>DECATHLON CMA CGM TEAM<\/strong><br \/>\n41 GALL Felix<br \/>\n42 BISIAUX L\u00e9o<br \/>\n43 CHAMBERLAIN Andrew Oscar<br \/>\n44 DE PESTEL Sander<br \/>\n45 LABROSSE Jordan<br \/>\n46 M\u00dcHLBERGER Gregor<br \/>\n47 RICCITELLO Matthew<br \/>\n48 SCOTSON Callum<\/p>\n<p><strong>PINARELLO Q36.5 PRO CYCLING TEAM<\/strong><br \/>\n51 DE LA CRUZ David<br \/>\n52 AZPARREN IRURZUN Xabier<br \/>\n53 CALZONI Walter<br \/>\n54 CAMPRUBI PIJUAN Marcel<br \/>\n55 DUNBAR Edward<br \/>\n56 GLOAG Thomas<br \/>\n57 GONZALEZ LOPEZ David<br \/>\n58 VADER Milan<\/p>\n<p><strong>NETCOMPANY INEOS<\/strong><br \/>\n61 ONLEY Oscar<br \/>\n62 HAIG Jack<br \/>\n63 HAMILTON Lucas<br \/>\n64 LAURANCE Axel<br \/>\n65 RODRIGUEZ Carlos<br \/>\n66 SVESTAD-B\u00c5RDSENG Embret<br \/>\n67 TARLING Joshua<br \/>\n68 TURNER Ben<\/p>\n<p><strong>BAHRAIN VICTORIOUS<\/strong><br \/>\n71 BILBAO Pello<br \/>\n72 BUITRAGO Santiago<br \/>\n73 ERMAKOV Roman<br \/>\n74 GOVEKAR Matev\u017e<br \/>\n75 MIQUEL DELGADO Pau<br \/>\n76 OMRZEL Jakob<br \/>\n77 PAASSCHENS Mathijs<br \/>\n78 VALTER Attila<\/p>\n<p><strong>LIDL-TREK<\/strong><br \/>\n81 SKJELMOSE Mattias<br \/>\n82 BERNARD Julien<br \/>\n83 K\u00c4MNA Lennard<br \/>\n84 KONRAD Patrick<br \/>\n85 MOSCA Jacopo<br \/>\n86 NORSGAARD Sunek\u00e6r Mathias<br \/>\n87 NYS Thibau<br \/>\n88 PEDERSEN Mads<\/p>\n<p><strong>GROUPAMA-FDJ UNITED<\/strong><br \/>\n91 BERTHET Cl\u00e9ment<br \/>\n92 LE GAC Olivier<br \/>\n93 MADOUAS Valentin<br \/>\n94 MARTIN GUYONNET Guillaume<br \/>\n95 MOLARD Rudy<br \/>\n96 PALENI Enzo<br \/>\n97 ROCHAS R\u00e9my<br \/>\n98 TRONCHON Bastien<\/p>\n<p><strong>ALPECIN-PREMIER TECH<\/strong><br \/>\n101 GROVES Kaden<br \/>\n102 BUSATTO Francesco<br \/>\n103 DE VYLDER Lindsay<br \/>\n104 DEBRUYNE Ramses<br \/>\n105 GLIVAR Gal<br \/>\n106 GOGL Michael<br \/>\n107 HOULE Hugo<br \/>\n108 SENTJENS Sente<\/p>\n<p><strong>NSN CYCLING TEAM<\/strong><br \/>\n111 LUTSENKO Alexey<br \/>\n112 BENNETT George<br \/>\n113 HIRT Jan<br \/>\n114 HOFSTETTER Hugo<br \/>\n115 KRETSCHY Moritz<br \/>\n116 MARTI SORIANO Pau<br \/>\n117 SCHULTZ Nicholas<br \/>\n118 VAN TRICHT Floris<\/p>\n<p><strong>SOUDAL QUICK-STEP<\/strong><br \/>\n121 LANDA Mikel<br \/>\n122 DAINESE Alberto<br \/>\n123 GAROFOLI Gianmarco<br \/>\n124 HAYTER Ethan Edward<br \/>\n125 PARET PEINTRE Valentin<br \/>\n126 VAN DEN BOSSCHE Fabio<br \/>\n127 VANSEVENANT Mauri<br \/>\n128 ZANA Filippo<\/p>\n<p><strong>UNO-X MOBILITY<\/strong><br \/>\n131 CORT NIELSEN Magnus<br \/>\n132 DALBY Simon<br \/>\n133 DVERSNES Fredrik<br \/>\n134 JOHANNESSEN Tobias Halland<br \/>\n135 KRON Andreas<br \/>\n136 LEKNESSUND Andreas<br \/>\n137 TILLER Rasmus<br \/>\n138 TJ\u00d8TTA Martin<\/p>\n<p><strong>COFIDIS<\/strong><br \/>\n141 BUCHMANN Emanuel<br \/>\n142 COQUARD Bryan<br \/>\n143 KIRSCH Alex<br \/>\n144 MONIQUET Sylvain<br \/>\n145 OURSELIN Paul<br \/>\n146 RENARD Alexis<br \/>\n147 ROULAND Louis<br \/>\n148 SAMITIER SAMITIER Sergio<\/p>\n<p><strong>TEAM JAYCO ALULA<\/strong><br \/>\n151 COVI Alessandro<br \/>\n152 BOUWMAN Koen<br \/>\n153 DOUBLE Paul<br \/>\n154 HELLEMOSE Asbj\u00f8rn<br \/>\n155 MCKENZIE Hamish<br \/>\n156 PICKERING Xavier Finlay<br \/>\n157 PORTER Rudy<br \/>\n158 S\u00dcTTERLIN Jasha<\/p>\n<p><strong>EF EDUCATION-EASYPOST<\/strong><br \/>\n161 CARAPAZ Richard<br \/>\n162 ALBANESE Vincenzo<br \/>\n163 BELOKI Markel<br \/>\n164 MACKELLAR Alastair<br \/>\n165 RAFFERTY Darren<br \/>\n166 RODRIGUEZ CONTRERAS Juan Felipe<br \/>\n167 SHAW James<br \/>\n168 STEINHAUSER Georg<\/p>\n<p><strong>TUDOR PRO CYCLING TEAM<\/strong><br \/>\n171 BRENNER Marco<br \/>\n172 BARTA William<br \/>\n173 KLUCKERS Arthur<br \/>\n174 K\u00dcNG Stefan<br \/>\n175 THALMANN Roland<br \/>\n176 WARBASSE Lawrence<br \/>\n177 WEISS Fabian<br \/>\n178 WILKSCH Hannes<\/p>\n<p><strong>XDS ASTANA TEAM<\/strong><br \/>\n181 TEJADA Harold<br \/>\n182 FEDOROV Yevgeniy<br \/>\n183 FORTUNATO Lorenzo<br \/>\n184 LANGELLOTTI Victor<br \/>\n185 MULUBRHAN Henok<br \/>\n186 RODRIGUEZ Cristian<br \/>\n187 ROMELE Alessandro<br \/>\n188 VAN BEKKUM Darren<\/p>\n<p><strong>BURGOS BURPELLET BH<\/strong><br \/>\n191 HERRADA Jesus<br \/>\n192 ALLENO Clement<br \/>\n193 APARICIO MU\u00d1OZ Mario<br \/>\n194 CHUMIL GONZALEZ Sergio Geovani<br \/>\n195 DIAZ GALLEGO Jose Manuel<br \/>\n196 FAURA ASENSIO Jose Luis<br \/>\n197 FERNANDEZ RODRIGUEZ Sinuhe<br \/>\n198 MACIAS ESTRADA Cesar<\/p>\n<p><strong>LOTTO INTERMARCH\u00c9<\/strong><br \/>\n201 WIDAR Jarno<br \/>\n202 BRAET Vito<br \/>\n203 CRAPS Lars<br \/>\n204 DE SCHUYTENEER Steffen<br \/>\n205 ROTA Lorenzo<br \/>\n206 THOMPSON Reuben<br \/>\n207 VAN BOVEN Luca<br \/>\n208 VAN SINTMAARTENSDIJK Roel<\/p>\n<p><strong>TEAM PICNIC POSTNL<\/strong><br \/>\n211 HAMILTON Christopher<br \/>\n212 DE JONG Timo<br \/>\n213 GAFFURI Mattia<br \/>\n214 LEEMREIZE Gijs<br \/>\n215 MARTINEZ HUERTAS Guillermo Juan<br \/>\n216 PEACE Oliver<br \/>\n217 RENARD HAQUIN Henri Francois<br \/>\n218 ROOSEN Timo<\/p>\n<p><strong>EQUIPO KERN PHARMA<\/strong><br \/>\n221 BERRADE FERNANDEZ Urko<br \/>\n222 BRUSTENGA MASAGUE Marc<br \/>\n223 COBO CAYON Ivan<br \/>\n224 ELOSEGUI MOME\u00d1E I\u00f1igo<br \/>\n225 RUIZ SEDANO Ibon<br \/>\n226 SOSA Ivan<br \/>\n227 URIARTE BELZUNEGI Diego<br \/>\n228 WENZEL Mats<\/p>\n","protected":false},"excerpt":{"rendered":"<p>Prima bozza della startlist de #LaVuelta26: Tadej Poga\u010dar e non solo al via dell&#8217;ultimo GT della stagione<\/p>\n","protected":false},"author":2,"featured_media":347239,"comment_status":"open","ping_status":"closed","sticky":false,"template":"","format":"standard","meta":{"footnotes":"","_members_access_role":[],"_members_access_error":""},"categories":[18,21],"tags":[5752],"class_list":["post-388898","post","type-post","status-publish","format-standard","has-post-thumbnail","hentry","category-startlist","category-vetrina","tag-vuelta-a-espana-2026"],"yoast_head":"<!-- This site is optimized with the Yoast SEO plugin v28.3 - https:\/\/yoast.com\/product\/yoast-seo-wordpress\/ -->\n<title>Startlist Vuelta a Espa\u00f1a 2026, l\u2019elenco dei partecipanti definitivo - SpazioCiclismo<\/title>\n<meta name=\"robots\" content=\"index, follow, max-snippet:-1, max-image-preview:large, max-video-preview:-1\" \/>\n<link rel=\"canonical\" href=\"https:\/\/cyclingpro.net\/spaziociclismo\/startlist\/startlist-vuelta-a-espana-2026-elenco-partecipanti\/\" \/>\n<meta property=\"og:locale\" content=\"it_IT\" \/>\n<meta property=\"og:type\" content=\"article\" \/>\n<meta property=\"og:title\" content=\"Startlist Vuelta a Espa\u00f1a 2026, l\u2019elenco dei partecipanti definitivo - SpazioCiclismo\" \/>\n<meta property=\"og:description\" content=\"Prima bozza della startlist de #LaVuelta26: Tadej Poga\u010dar e non solo al via dell&#039;ultimo GT della stagione\" \/>\n<meta property=\"og:url\" content=\"https:\/\/cyclingpro.net\/spaziociclismo\/startlist\/startlist-vuelta-a-espana-2026-elenco-partecipanti\/\" \/>\n<meta property=\"og:site_name\" content=\"SpazioCiclismo\" \/>\n<meta property=\"article:publisher\" content=\"https:\/\/www.facebook.com\/SpazioCiclismo\/\" \/>\n<meta property=\"article:published_time\" content=\"2026-08-21T11:15:53+00:00\" \/>\n<meta property=\"article:modified_time\" content=\"2026-08-21T13:11:56+00:00\" \/>\n<meta property=\"og:image\" content=\"https:\/\/cyclingpro.net\/spaziociclismo\/wp-content\/uploads\/2025\/09\/Vuelta-a-Espana-2025-Tappa-15-Gruppo.jpg\" \/>\n\t<meta property=\"og:image:width\" content=\"1000\" \/>\n\t<meta property=\"og:image:height\" content=\"667\" \/>\n\t<meta property=\"og:image:type\" content=\"image\/jpeg\" \/>\n<meta name=\"author\" content=\"Redazione SpazioCiclismo\" \/>\n<meta name=\"twitter:card\" content=\"summary_large_image\" \/>\n<meta name=\"twitter:creator\" content=\"@spaziociclismo\" \/>\n<meta name=\"twitter:site\" content=\"@spaziociclismo\" \/>\n<meta name=\"twitter:label1\" content=\"Scritto da\" \/>\n\t<meta name=\"twitter:data1\" content=\"Redazione SpazioCiclismo\" \/>\n\t<meta name=\"twitter:label2\" content=\"Tempo di lettura stimato\" \/>\n\t<meta name=\"twitter:data2\" content=\"10 minuti\" \/>\n<script type=\"application\/ld+json\" class=\"yoast-schema-graph\">{\"@context\":\"https:\\\/\\\/schema.org\",\"@graph\":[{\"@type\":\"Article\",\"@id\":\"https:\\\/\\\/cyclingpro.net\\\/spaziociclismo\\\/startlist\\\/startlist-vuelta-a-espana-2026-elenco-partecipanti\\\/#article\",\"isPartOf\":{\"@id\":\"https:\\\/\\\/cyclingpro.net\\\/spaziociclismo\\\/startlist\\\/startlist-vuelta-a-espana-2026-elenco-partecipanti\\\/\"},\"author\":{\"name\":\"Redazione SpazioCiclismo\",\"@id\":\"https:\\\/\\\/cyclingpro.net\\\/spaziociclismo\\\/#\\\/schema\\\/person\\\/f104b5d2588ef53ce9f1b43295c352e1\"},\"headline\":\"Startlist Vuelta a Espa\u00f1a 2026, l\u2019elenco dei partecipanti definitivo\",\"datePublished\":\"2026-08-21T11:15:53+00:00\",\"dateModified\":\"2026-08-21T13:11:56+00:00\",\"mainEntityOfPage\":{\"@id\":\"https:\\\/\\\/cyclingpro.net\\\/spaziociclismo\\\/startlist\\\/startlist-vuelta-a-espana-2026-elenco-partecipanti\\\/\"},\"wordCount\":1515,\"commentCount\":0,\"publisher\":{\"@id\":\"https:\\\/\\\/cyclingpro.net\\\/spaziociclismo\\\/#organization\"},\"image\":{\"@id\":\"https:\\\/\\\/cyclingpro.net\\\/spaziociclismo\\\/startlist\\\/startlist-vuelta-a-espana-2026-elenco-partecipanti\\\/#primaryimage\"},\"thumbnailUrl\":\"https:\\\/\\\/cyclingpro.net\\\/spaziociclismo\\\/wp-content\\\/uploads\\\/2025\\\/09\\\/Vuelta-a-Espana-2025-Tappa-15-Gruppo.jpg\",\"keywords\":[\"Vuelta a Espa\u00f1a 2026\"],\"articleSection\":[\"Startlist\",\"Vetrina\"],\"inLanguage\":\"it-IT\",\"potentialAction\":[{\"@type\":\"CommentAction\",\"name\":\"Comment\",\"target\":[\"https:\\\/\\\/cyclingpro.net\\\/spaziociclismo\\\/startlist\\\/startlist-vuelta-a-espana-2026-elenco-partecipanti\\\/#respond\"]}]},{\"@type\":\"WebPage\",\"@id\":\"https:\\\/\\\/cyclingpro.net\\\/spaziociclismo\\\/startlist\\\/startlist-vuelta-a-espana-2026-elenco-partecipanti\\\/\",\"url\":\"https:\\\/\\\/cyclingpro.net\\\/spaziociclismo\\\/startlist\\\/startlist-vuelta-a-espana-2026-elenco-partecipanti\\\/\",\"name\":\"Startlist Vuelta a Espa\u00f1a 2026, l\u2019elenco dei partecipanti definitivo - SpazioCiclismo\",\"isPartOf\":{\"@id\":\"https:\\\/\\\/cyclingpro.net\\\/spaziociclismo\\\/#website\"},\"primaryImageOfPage\":{\"@id\":\"https:\\\/\\\/cyclingpro.net\\\/spaziociclismo\\\/startlist\\\/startlist-vuelta-a-espana-2026-elenco-partecipanti\\\/#primaryimage\"},\"image\":{\"@id\":\"https:\\\/\\\/cyclingpro.net\\\/spaziociclismo\\\/startlist\\\/startlist-vuelta-a-espana-2026-elenco-partecipanti\\\/#primaryimage\"},\"thumbnailUrl\":\"https:\\\/\\\/cyclingpro.net\\\/spaziociclismo\\\/wp-content\\\/uploads\\\/2025\\\/09\\\/Vuelta-a-Espana-2025-Tappa-15-Gruppo.jpg\",\"datePublished\":\"2026-08-21T11:15:53+00:00\",\"dateModified\":\"2026-08-21T13:11:56+00:00\",\"breadcrumb\":{\"@id\":\"https:\\\/\\\/cyclingpro.net\\\/spaziociclismo\\\/startlist\\\/startlist-vuelta-a-espana-2026-elenco-partecipanti\\\/#breadcrumb\"},\"inLanguage\":\"it-IT\",\"potentialAction\":[{\"@type\":\"ReadAction\",\"target\":[\"https:\\\/\\\/cyclingpro.net\\\/spaziociclismo\\\/startlist\\\/startlist-vuelta-a-espana-2026-elenco-partecipanti\\\/\"]}]},{\"@type\":\"ImageObject\",\"inLanguage\":\"it-IT\",\"@id\":\"https:\\\/\\\/cyclingpro.net\\\/spaziociclismo\\\/startlist\\\/startlist-vuelta-a-espana-2026-elenco-partecipanti\\\/#primaryimage\",\"url\":\"https:\\\/\\\/cyclingpro.net\\\/spaziociclismo\\\/wp-content\\\/uploads\\\/2025\\\/09\\\/Vuelta-a-Espana-2025-Tappa-15-Gruppo.jpg\",\"contentUrl\":\"https:\\\/\\\/cyclingpro.net\\\/spaziociclismo\\\/wp-content\\\/uploads\\\/2025\\\/09\\\/Vuelta-a-Espana-2025-Tappa-15-Gruppo.jpg\",\"width\":1000,\"height\":667,\"caption\":\"\u00a9 Unipublic \\\/ Antonio Baixauli\"},{\"@type\":\"BreadcrumbList\",\"@id\":\"https:\\\/\\\/cyclingpro.net\\\/spaziociclismo\\\/startlist\\\/startlist-vuelta-a-espana-2026-elenco-partecipanti\\\/#breadcrumb\",\"itemListElement\":[{\"@type\":\"ListItem\",\"position\":1,\"name\":\"Home\",\"item\":\"https:\\\/\\\/cyclingpro.net\\\/spaziociclismo\\\/\"},{\"@type\":\"ListItem\",\"position\":2,\"name\":\"Startlist Vuelta a Espa\u00f1a 2026, l\u2019elenco dei partecipanti definitivo\"}]},{\"@type\":\"WebSite\",\"@id\":\"https:\\\/\\\/cyclingpro.net\\\/spaziociclismo\\\/#website\",\"url\":\"https:\\\/\\\/cyclingpro.net\\\/spaziociclismo\\\/\",\"name\":\"SpazioCiclismo\",\"description\":\"Tutto il ciclismo minuto per minuto\",\"publisher\":{\"@id\":\"https:\\\/\\\/cyclingpro.net\\\/spaziociclismo\\\/#organization\"},\"potentialAction\":[{\"@type\":\"SearchAction\",\"target\":{\"@type\":\"EntryPoint\",\"urlTemplate\":\"https:\\\/\\\/cyclingpro.net\\\/spaziociclismo\\\/?s={search_term_string}\"},\"query-input\":{\"@type\":\"PropertyValueSpecification\",\"valueRequired\":true,\"valueName\":\"search_term_string\"}}],\"inLanguage\":\"it-IT\"},{\"@type\":\"Organization\",\"@id\":\"https:\\\/\\\/cyclingpro.net\\\/spaziociclismo\\\/#organization\",\"name\":\"SpazioCiclismo\",\"url\":\"https:\\\/\\\/cyclingpro.net\\\/spaziociclismo\\\/\",\"logo\":{\"@type\":\"ImageObject\",\"inLanguage\":\"it-IT\",\"@id\":\"https:\\\/\\\/cyclingpro.net\\\/spaziociclismo\\\/#\\\/schema\\\/logo\\\/image\\\/\",\"url\":\"https:\\\/\\\/cyclingpro.net\\\/spaziociclismo\\\/wp-content\\\/uploads\\\/2017\\\/02\\\/SpazioCiclismo-Logo-Quadrato.png\",\"contentUrl\":\"https:\\\/\\\/cyclingpro.net\\\/spaziociclismo\\\/wp-content\\\/uploads\\\/2017\\\/02\\\/SpazioCiclismo-Logo-Quadrato.png\",\"width\":450,\"height\":450,\"caption\":\"SpazioCiclismo\"},\"image\":{\"@id\":\"https:\\\/\\\/cyclingpro.net\\\/spaziociclismo\\\/#\\\/schema\\\/logo\\\/image\\\/\"},\"sameAs\":[\"https:\\\/\\\/www.facebook.com\\\/SpazioCiclismo\\\/\",\"https:\\\/\\\/x.com\\\/spaziociclismo\",\"https:\\\/\\\/www.instagram.com\\\/spaziociclismo\\\/\"]},{\"@type\":\"Person\",\"@id\":\"https:\\\/\\\/cyclingpro.net\\\/spaziociclismo\\\/#\\\/schema\\\/person\\\/f104b5d2588ef53ce9f1b43295c352e1\",\"name\":\"Redazione SpazioCiclismo\",\"image\":{\"@type\":\"ImageObject\",\"inLanguage\":\"it-IT\",\"@id\":\"https:\\\/\\\/secure.gravatar.com\\\/avatar\\\/f1cae17b9ecd38864463422521239d4a656d6b657478a63e445df7b8ebc2b81c?s=96&d=mm&r=g\",\"url\":\"https:\\\/\\\/secure.gravatar.com\\\/avatar\\\/f1cae17b9ecd38864463422521239d4a656d6b657478a63e445df7b8ebc2b81c?s=96&d=mm&r=g\",\"contentUrl\":\"https:\\\/\\\/secure.gravatar.com\\\/avatar\\\/f1cae17b9ecd38864463422521239d4a656d6b657478a63e445df7b8ebc2b81c?s=96&d=mm&r=g\",\"caption\":\"Redazione SpazioCiclismo\"},\"url\":\"https:\\\/\\\/cyclingpro.net\\\/spaziociclismo\\\/author\\\/wptstmssc\\\/\"}]}<\/script>\n<!-- \/ Yoast SEO plugin. -->","yoast_head_json":{"title":"Startlist Vuelta a Espa\u00f1a 2026, l\u2019elenco dei partecipanti definitivo - SpazioCiclismo","robots":{"index":"index","follow":"follow","max-snippet":"max-snippet:-1","max-image-preview":"max-image-preview:large","max-video-preview":"max-video-preview:-1"},"canonical":"https:\/\/cyclingpro.net\/spaziociclismo\/startlist\/startlist-vuelta-a-espana-2026-elenco-partecipanti\/","og_locale":"it_IT","og_type":"article","og_title":"Startlist Vuelta a Espa\u00f1a 2026, l\u2019elenco dei partecipanti definitivo - SpazioCiclismo","og_description":"Prima bozza della startlist de #LaVuelta26: Tadej Poga\u010dar e non solo al via dell'ultimo GT della stagione","og_url":"https:\/\/cyclingpro.net\/spaziociclismo\/startlist\/startlist-vuelta-a-espana-2026-elenco-partecipanti\/","og_site_name":"SpazioCiclismo","article_publisher":"https:\/\/www.facebook.com\/SpazioCiclismo\/","article_published_time":"2026-08-21T11:15:53+00:00","article_modified_time":"2026-08-21T13:11:56+00:00","og_image":[{"width":1000,"height":667,"url":"https:\/\/cyclingpro.net\/spaziociclismo\/wp-content\/uploads\/2025\/09\/Vuelta-a-Espana-2025-Tappa-15-Gruppo.jpg","type":"image\/jpeg"}],"author":"Redazione SpazioCiclismo","twitter_card":"summary_large_image","twitter_creator":"@spaziociclismo","twitter_site":"@spaziociclismo","twitter_misc":{"Scritto da":"Redazione SpazioCiclismo","Tempo di lettura stimato":"10 minuti"},"schema":{"@context":"https:\/\/schema.org","@graph":[{"@type":"Article","@id":"https:\/\/cyclingpro.net\/spaziociclismo\/startlist\/startlist-vuelta-a-espana-2026-elenco-partecipanti\/#article","isPartOf":{"@id":"https:\/\/cyclingpro.net\/spaziociclismo\/startlist\/startlist-vuelta-a-espana-2026-elenco-partecipanti\/"},"author":{"name":"Redazione SpazioCiclismo","@id":"https:\/\/cyclingpro.net\/spaziociclismo\/#\/schema\/person\/f104b5d2588ef53ce9f1b43295c352e1"},"headline":"Startlist Vuelta a Espa\u00f1a 2026, l\u2019elenco dei partecipanti definitivo","datePublished":"2026-08-21T11:15:53+00:00","dateModified":"2026-08-21T13:11:56+00:00","mainEntityOfPage":{"@id":"https:\/\/cyclingpro.net\/spaziociclismo\/startlist\/startlist-vuelta-a-espana-2026-elenco-partecipanti\/"},"wordCount":1515,"commentCount":0,"publisher":{"@id":"https:\/\/cyclingpro.net\/spaziociclismo\/#organization"},"image":{"@id":"https:\/\/cyclingpro.net\/spaziociclismo\/startlist\/startlist-vuelta-a-espana-2026-elenco-partecipanti\/#primaryimage"},"thumbnailUrl":"https:\/\/cyclingpro.net\/spaziociclismo\/wp-content\/uploads\/2025\/09\/Vuelta-a-Espana-2025-Tappa-15-Gruppo.jpg","keywords":["Vuelta a Espa\u00f1a 2026"],"articleSection":["Startlist","Vetrina"],"inLanguage":"it-IT","potentialAction":[{"@type":"CommentAction","name":"Comment","target":["https:\/\/cyclingpro.net\/spaziociclismo\/startlist\/startlist-vuelta-a-espana-2026-elenco-partecipanti\/#respond"]}]},{"@type":"WebPage","@id":"https:\/\/cyclingpro.net\/spaziociclismo\/startlist\/startlist-vuelta-a-espana-2026-elenco-partecipanti\/","url":"https:\/\/cyclingpro.net\/spaziociclismo\/startlist\/startlist-vuelta-a-espana-2026-elenco-partecipanti\/","name":"Startlist Vuelta a Espa\u00f1a 2026, l\u2019elenco dei partecipanti definitivo - SpazioCiclismo","isPartOf":{"@id":"https:\/\/cyclingpro.net\/spaziociclismo\/#website"},"primaryImageOfPage":{"@id":"https:\/\/cyclingpro.net\/spaziociclismo\/startlist\/startlist-vuelta-a-espana-2026-elenco-partecipanti\/#primaryimage"},"image":{"@id":"https:\/\/cyclingpro.net\/spaziociclismo\/startlist\/startlist-vuelta-a-espana-2026-elenco-partecipanti\/#primaryimage"},"thumbnailUrl":"https:\/\/cyclingpro.net\/spaziociclismo\/wp-content\/uploads\/2025\/09\/Vuelta-a-Espana-2025-Tappa-15-Gruppo.jpg","datePublished":"2026-08-21T11:15:53+00:00","dateModified":"2026-08-21T13:11:56+00:00","breadcrumb":{"@id":"https:\/\/cyclingpro.net\/spaziociclismo\/startlist\/startlist-vuelta-a-espana-2026-elenco-partecipanti\/#breadcrumb"},"inLanguage":"it-IT","potentialAction":[{"@type":"ReadAction","target":["https:\/\/cyclingpro.net\/spaziociclismo\/startlist\/startlist-vuelta-a-espana-2026-elenco-partecipanti\/"]}]},{"@type":"ImageObject","inLanguage":"it-IT","@id":"https:\/\/cyclingpro.net\/spaziociclismo\/startlist\/startlist-vuelta-a-espana-2026-elenco-partecipanti\/#primaryimage","url":"https:\/\/cyclingpro.net\/spaziociclismo\/wp-content\/uploads\/2025\/09\/Vuelta-a-Espana-2025-Tappa-15-Gruppo.jpg","contentUrl":"https:\/\/cyclingpro.net\/spaziociclismo\/wp-content\/uploads\/2025\/09\/Vuelta-a-Espana-2025-Tappa-15-Gruppo.jpg","width":1000,"height":667,"caption":"\u00a9 Unipublic \/ Antonio Baixauli"},{"@type":"BreadcrumbList","@id":"https:\/\/cyclingpro.net\/spaziociclismo\/startlist\/startlist-vuelta-a-espana-2026-elenco-partecipanti\/#breadcrumb","itemListElement":[{"@type":"ListItem","position":1,"name":"Home","item":"https:\/\/cyclingpro.net\/spaziociclismo\/"},{"@type":"ListItem","position":2,"name":"Startlist Vuelta a Espa\u00f1a 2026, l\u2019elenco dei partecipanti definitivo"}]},{"@type":"WebSite","@id":"https:\/\/cyclingpro.net\/spaziociclismo\/#website","url":"https:\/\/cyclingpro.net\/spaziociclismo\/","name":"SpazioCiclismo","description":"Tutto il ciclismo minuto per minuto","publisher":{"@id":"https:\/\/cyclingpro.net\/spaziociclismo\/#organization"},"potentialAction":[{"@type":"SearchAction","target":{"@type":"EntryPoint","urlTemplate":"https:\/\/cyclingpro.net\/spaziociclismo\/?s={search_term_string}"},"query-input":{"@type":"PropertyValueSpecification","valueRequired":true,"valueName":"search_term_string"}}],"inLanguage":"it-IT"},{"@type":"Organization","@id":"https:\/\/cyclingpro.net\/spaziociclismo\/#organization","name":"SpazioCiclismo","url":"https:\/\/cyclingpro.net\/spaziociclismo\/","logo":{"@type":"ImageObject","inLanguage":"it-IT","@id":"https:\/\/cyclingpro.net\/spaziociclismo\/#\/schema\/logo\/image\/","url":"https:\/\/cyclingpro.net\/spaziociclismo\/wp-content\/uploads\/2017\/02\/SpazioCiclismo-Logo-Quadrato.png","contentUrl":"https:\/\/cyclingpro.net\/spaziociclismo\/wp-content\/uploads\/2017\/02\/SpazioCiclismo-Logo-Quadrato.png","width":450,"height":450,"caption":"SpazioCiclismo"},"image":{"@id":"https:\/\/cyclingpro.net\/spaziociclismo\/#\/schema\/logo\/image\/"},"sameAs":["https:\/\/www.facebook.com\/SpazioCiclismo\/","https:\/\/x.com\/spaziociclismo","https:\/\/www.instagram.com\/spaziociclismo\/"]},{"@type":"Person","@id":"https:\/\/cyclingpro.net\/spaziociclismo\/#\/schema\/person\/f104b5d2588ef53ce9f1b43295c352e1","name":"Redazione SpazioCiclismo","image":{"@type":"ImageObject","inLanguage":"it-IT","@id":"https:\/\/secure.gravatar.com\/avatar\/f1cae17b9ecd38864463422521239d4a656d6b657478a63e445df7b8ebc2b81c?s=96&d=mm&r=g","url":"https:\/\/secure.gravatar.com\/avatar\/f1cae17b9ecd38864463422521239d4a656d6b657478a63e445df7b8ebc2b81c?s=96&d=mm&r=g","contentUrl":"https:\/\/secure.gravatar.com\/avatar\/f1cae17b9ecd38864463422521239d4a656d6b657478a63e445df7b8ebc2b81c?s=96&d=mm&r=g","caption":"Redazione SpazioCiclismo"},"url":"https:\/\/cyclingpro.net\/spaziociclismo\/author\/wptstmssc\/"}]}},"_links":{"self":[{"href":"https:\/\/cyclingpro.net\/spaziociclismo\/wp-json\/wp\/v2\/posts\/388898","targetHints":{"allow":["GET"]}}],"collection":[{"href":"https:\/\/cyclingpro.net\/spaziociclismo\/wp-json\/wp\/v2\/posts"}],"about":[{"href":"https:\/\/cyclingpro.net\/spaziociclismo\/wp-json\/wp\/v2\/types\/post"}],"author":[{"embeddable":true,"href":"https:\/\/cyclingpro.net\/spaziociclismo\/wp-json\/wp\/v2\/users\/2"}],"replies":[{"embeddable":true,"href":"https:\/\/cyclingpro.net\/spaziociclismo\/wp-json\/wp\/v2\/comments?post=388898"}],"version-history":[{"count":38,"href":"https:\/\/cyclingpro.net\/spaziociclismo\/wp-json\/wp\/v2\/posts\/388898\/revisions"}],"predecessor-version":[{"id":391243,"href":"https:\/\/cyclingpro.net\/spaziociclismo\/wp-json\/wp\/v2\/posts\/388898\/revisions\/391243"}],"wp:featuredmedia":[{"embeddable":true,"href":"https:\/\/cyclingpro.net\/spaziociclismo\/wp-json\/wp\/v2\/media\/347239"}],"wp:attachment":[{"href":"https:\/\/cyclingpro.net\/spaziociclismo\/wp-json\/wp\/v2\/media?parent=388898"}],"wp:term":[{"taxonomy":"category","embeddable":true,"href":"https:\/\/cyclingpro.net\/spaziociclismo\/wp-json\/wp\/v2\/categories?post=388898"},{"taxonomy":"post_tag","embeddable":true,"href":"https:\/\/cyclingpro.net\/spaziociclismo\/wp-json\/wp\/v2\/tags?post=388898"}],"curies":[{"name":"wp","href":"https:\/\/api.w.org\/{rel}","templated":true}]}}