{"id":374580,"date":"2026-04-22T16:04:31","date_gmt":"2026-04-22T14:04:31","guid":{"rendered":"https:\/\/cyclingpro.net\/spaziociclismo\/?p=374580"},"modified":"2026-04-22T20:49:08","modified_gmt":"2026-04-22T18:49:08","slug":"tour-of-the-alps-2026-tom-pidcock-sul-primo-gpm-mi-ero-staccato-e-piu-bello-vincere-cosi-che-quando-si-e-in-forma","status":"publish","type":"post","link":"https:\/\/cyclingpro.net\/spaziociclismo\/continental\/tour-of-the-alps-2026-tom-pidcock-sul-primo-gpm-mi-ero-staccato-e-piu-bello-vincere-cosi-che-quando-si-e-in-forma\/","title":{"rendered":"Tour of the Alps 2026, Tom Pidcock: &#8220;Sul primo GPM mi ero staccato. \u00c8 pi\u00f9 bello vincere cos\u00ec che quando si \u00e8 in forma&#8221;"},"content":{"rendered":"<p>Alla fine\u00a0<strong>Tom Pidcock\u00a0<\/strong>ha ottenuto il suo successo al\u00a0<strong>Tour of the Alps 2026<\/strong>. Il corridore della\u00a0<strong>Pinarello-Q36.5 Pro Cycling\u00a0<\/strong>aveva sfiorato la vittoria nella prima giornata, arrivando secondo sul traguardo su Innsbruck, e aveva vissuto un momento di netta difficolt\u00e0 sull&#8217;arrivo di Val Martello, tagliando il traguardo a pi\u00f9 di 6 minuti dal vincitore\u00a0<strong>Giulio Pellizzari\u00a0<\/strong>(Red Bull &#8211; BORA &#8211; hansgrohe). Nella terza frazione il britannico si \u00e8 rifatto nel migliore dei modi, vincendo in volata sull&#8217;arrivo di Arco. Un successo speciale, se si considera che arriva meno di un mese dopo la terribile caduta in discesa durante la\u00a0<strong>Volta a Catalunya 2026<\/strong>.<\/p>\n<p>&#8220;Questa vittoria \u00e8 davvero bella &#8211; ha dichiarato il 26enne appena terminata la tappa &#8211; <strong>Sono venuto qui soffrendo, mi sento completamente l&#8217;opposto rispetto a prima della mia caduta<\/strong>. Mentalmente \u00e8 davvero difficile, ma \u00e8 davvero bello vincere cos\u00ec. <strong>Sul primo GPM della giornata mi ero staccato, ho pedalato per un po&#8217; tra le ammiraglie<\/strong>. Poi sono riuscito a rientrare. D<strong>opo il secondo GPM ho detto ai miei compagni di squadra di andare loro per la vittoria di tappa<\/strong>, perch\u00e9 c&#8217;erano buone probabilit\u00e0 che venissi staccato sulla salita finale. <strong>Alla fine \u00e8 stato perfetto, \u00e8 anche pi\u00f9 bello di vincere quando si \u00e8 in forma<\/strong>&#8220;.<\/p>\n<p><strong>Tom Pidcock <\/strong>ha poi parlato del suo tentativo di allungo nella discesa finale, quando una sua azione ha riportato il gruppo a pochi secondi da <strong>Sam Oomen <\/strong>(Lidl-Trek) e <strong>Darren Rafferty <\/strong>(EF Education &#8211; EasyPost), i due fuggitivi di giornata: &#8220;<strong>Nella discesa finale ho provato ad attaccare perch\u00e9 non sapevo quanti team avrebbero aiutato nell&#8217;inseguimento dei due fuggitivi<\/strong>. Quindi ho pensato che sarebbe stato pi\u00f9 semplice rientrare sui due al comando e provare a battere loro due, perch\u00e9 altrimenti in gruppo avrei avuto una cinquantina di corridori da battere. <strong>Domani il finale \u00e8 adatto a me? S\u00ec, ma ci sono tante salite prima, \u00e8 questo il problema<\/strong> (ride, ndr)&#8221;.<\/p>\n<p>Infine, riguardo la possibilit\u00e0 di abbandonare il <strong>Tour of the Alps <\/strong>in anticipo per riposare in vista della <strong>Liegi-Bastogne-Liegi 2026<\/strong> di domenica, corsa a cui non ha nascosto di voler provare a puntare, l&#8217;inglese ha dichiarato: &#8220;Non ci ho davvero pensato, al momento. Il piano \u00e8 andare a Liegi venerd\u00ec, dopo il Tour of the Alps. <strong>Il fatto che non sono pi\u00f9 in lotta per la classifica generale significa che posso tranquillamente decidere cosa fare nell&#8217;ultima tappa<\/strong>&#8220;.<\/p>\n<p>In seguito, nella conferenza stampa il vincitore di giornata ha aggiunto: &#8220;<strong>Nella prima tappa \u00e8 stato davvero il peggior giorno della mia vita in bici<\/strong>. Ok, sono arrivato secondo, ma ho fatto davvero tanta fatica. Ogni giorno mi sento sempre un pochino meglio. Vedremo fino a che punto posso migliorare. Ritornare dopo la caduta al Catalunya non \u00e8 stato cos\u00ec difficile, \u00e8 andata bene. Non puoi farci molto. Ovviamente senti che hai perso il ritmo nell&#8217;allenamento e nella corsa, ho fatto fatica, ma penso anche che essere in grado di vincere dimostra che il processo stia andando bene&#8221;.<\/p>\n<p>&#8220;Le persone sottovalutano quanto sia difficile fare questo lavoro &#8211; ha proseguito &#8211; soprattutto quanto diamo di noi stessi per poter correre al massimo delle nostre possibilit\u00e0. <strong>A volte ci si sente un po&#8217; di m&#8230; quando non si riesce ad andare come si vorrebbe<\/strong>. Devi prendere quello che puoi in base alla situazione, cambiare il tuo mindset e fare piccoli passi per tornare al tuo livello. Quando cadi, non hai tempo di essere arrabbiato con te stesso. Puoi solo pensare a come migliorare e a come tornare nella forma migliore. Ma arrabbiarti con te stesso o con qualcun altro \u00e8 solo uno spreco di energie. <strong>La Liegi? Penso sar\u00e0 difficile per me lottare per la vittoria<\/strong>. Spero di poter migliorare abbastanza per fare un risultato per il team. Mi piacerebbe lottare per vincere, ma devo anche tenere in mente che anche fare punti per il team va bene. Se sono in forma decente, posso lottare per un piazzamento&#8221;.<\/p>\n<p><span class=\"5iLV3JIX0Bqu7tfloFzmeQx2aOrUjMERcGw1\"><iframe loading=\"lazy\" title=\"Tom Pidcock - Interview at the finish - Stage 3 - Tour of the Alps 2026\" width=\"500\" height=\"281\" src=\"https:\/\/www.youtube.com\/embed\/izpogI7kyD4?feature=oembed\" frameborder=\"0\" allow=\"accelerometer; autoplay; clipboard-write; encrypted-media; gyroscope; picture-in-picture; web-share\" referrerpolicy=\"strict-origin-when-cross-origin\" allowfullscreen><\/iframe><\/span><\/p>\n","protected":false},"excerpt":{"rendered":"<p>Il vincitore della terza tappa del #TotA Tom Pidcock: &#8220;Dopo il secondo GPM ho detto ai miei compagni di squadra di andare loro per la vittoria di tappa, perch\u00e9 c&#8217;erano buone probabilit\u00e0 che venissi staccato sulla salita finale&#8221;<\/p>\n","protected":false},"author":15,"featured_media":374336,"comment_status":"open","ping_status":"closed","sticky":false,"template":"","format":"standard","meta":{"footnotes":""},"categories":[6],"tags":[6728,1648,6729],"class_list":["post-374580","post","type-post","status-publish","format-standard","has-post-thumbnail","hentry","category-continental","tag-pinarello-q36-5-pro-cycling-team-2026","tag-tom-pidcock","tag-tour-of-the-alps-2026"],"yoast_head":"<!-- This site is optimized with the Yoast SEO plugin v27.4 - https:\/\/yoast.com\/product\/yoast-seo-wordpress\/ -->\n<title>Tour of the Alps 2026, Tom Pidcock: &quot;Sul primo GPM mi ero staccato. \u00c8 pi\u00f9 bello vincere cos\u00ec che quando si \u00e8 in forma&quot; - SpazioCiclismo<\/title>\n<meta name=\"robots\" content=\"index, follow, max-snippet:-1, max-image-preview:large, max-video-preview:-1\" \/>\n<link rel=\"canonical\" href=\"https:\/\/cyclingpro.net\/spaziociclismo\/continental\/tour-of-the-alps-2026-tom-pidcock-sul-primo-gpm-mi-ero-staccato-e-piu-bello-vincere-cosi-che-quando-si-e-in-forma\/\" \/>\n<meta property=\"og:locale\" content=\"it_IT\" \/>\n<meta property=\"og:type\" content=\"article\" \/>\n<meta property=\"og:title\" content=\"Tour of the Alps 2026, Tom Pidcock: &quot;Sul primo GPM mi ero staccato. \u00c8 pi\u00f9 bello vincere cos\u00ec che quando si \u00e8 in forma&quot; - SpazioCiclismo\" \/>\n<meta property=\"og:description\" content=\"Il vincitore della terza tappa del #TotA Tom Pidcock: &quot;Dopo il secondo GPM ho detto ai miei compagni di squadra di andare loro per la vittoria di tappa, perch\u00e9 c&#039;erano buone probabilit\u00e0 che venissi staccato sulla salita finale&quot;\" \/>\n<meta property=\"og:url\" content=\"https:\/\/cyclingpro.net\/spaziociclismo\/continental\/tour-of-the-alps-2026-tom-pidcock-sul-primo-gpm-mi-ero-staccato-e-piu-bello-vincere-cosi-che-quando-si-e-in-forma\/\" \/>\n<meta property=\"og:site_name\" content=\"SpazioCiclismo\" \/>\n<meta property=\"article:publisher\" content=\"https:\/\/www.facebook.com\/SpazioCiclismo\/\" \/>\n<meta property=\"article:published_time\" content=\"2026-04-22T14:04:31+00:00\" \/>\n<meta property=\"article:modified_time\" content=\"2026-04-22T18:49:08+00:00\" \/>\n<meta property=\"og:image\" content=\"https:\/\/cyclingpro.net\/spaziociclismo\/wp-content\/uploads\/2026\/04\/1265667042.jpeg\" \/>\n\t<meta property=\"og:image:width\" content=\"1200\" \/>\n\t<meta property=\"og:image:height\" content=\"800\" \/>\n\t<meta property=\"og:image:type\" content=\"image\/jpeg\" \/>\n<meta name=\"author\" content=\"Davide Terraneo\" \/>\n<meta name=\"twitter:card\" content=\"summary_large_image\" \/>\n<meta name=\"twitter:creator\" content=\"@spaziociclismo\" \/>\n<meta name=\"twitter:site\" content=\"@spaziociclismo\" \/>\n<meta name=\"twitter:label1\" content=\"Scritto da\" \/>\n\t<meta name=\"twitter:data1\" content=\"Davide Terraneo\" \/>\n\t<meta name=\"twitter:label2\" content=\"Tempo di lettura stimato\" \/>\n\t<meta name=\"twitter:data2\" content=\"4 minuti\" \/>\n<script type=\"application\/ld+json\" class=\"yoast-schema-graph\">{\"@context\":\"https:\\\/\\\/schema.org\",\"@graph\":[{\"@type\":\"Article\",\"@id\":\"https:\\\/\\\/cyclingpro.net\\\/spaziociclismo\\\/continental\\\/tour-of-the-alps-2026-tom-pidcock-sul-primo-gpm-mi-ero-staccato-e-piu-bello-vincere-cosi-che-quando-si-e-in-forma\\\/#article\",\"isPartOf\":{\"@id\":\"https:\\\/\\\/cyclingpro.net\\\/spaziociclismo\\\/continental\\\/tour-of-the-alps-2026-tom-pidcock-sul-primo-gpm-mi-ero-staccato-e-piu-bello-vincere-cosi-che-quando-si-e-in-forma\\\/\"},\"author\":{\"name\":\"Davide Terraneo\",\"@id\":\"https:\\\/\\\/cyclingpro.net\\\/spaziociclismo\\\/#\\\/schema\\\/person\\\/7e1a937a7dba4e684209b697ab87796a\"},\"headline\":\"Tour of the Alps 2026, Tom Pidcock: &#8220;Sul primo GPM mi ero staccato. \u00c8 pi\u00f9 bello vincere cos\u00ec che quando si \u00e8 in forma&#8221;\",\"datePublished\":\"2026-04-22T14:04:31+00:00\",\"dateModified\":\"2026-04-22T18:49:08+00:00\",\"mainEntityOfPage\":{\"@id\":\"https:\\\/\\\/cyclingpro.net\\\/spaziociclismo\\\/continental\\\/tour-of-the-alps-2026-tom-pidcock-sul-primo-gpm-mi-ero-staccato-e-piu-bello-vincere-cosi-che-quando-si-e-in-forma\\\/\"},\"wordCount\":673,\"commentCount\":0,\"publisher\":{\"@id\":\"https:\\\/\\\/cyclingpro.net\\\/spaziociclismo\\\/#organization\"},\"image\":{\"@id\":\"https:\\\/\\\/cyclingpro.net\\\/spaziociclismo\\\/continental\\\/tour-of-the-alps-2026-tom-pidcock-sul-primo-gpm-mi-ero-staccato-e-piu-bello-vincere-cosi-che-quando-si-e-in-forma\\\/#primaryimage\"},\"thumbnailUrl\":\"https:\\\/\\\/cyclingpro.net\\\/spaziociclismo\\\/wp-content\\\/uploads\\\/2026\\\/04\\\/1265667042.jpeg\",\"keywords\":[\"Pinarello - Q36.5 Pro Cycling Team 2026\",\"Tom Pidcock\",\"Tour of the Alps 2026\"],\"articleSection\":[\"Continental\"],\"inLanguage\":\"it-IT\",\"potentialAction\":[{\"@type\":\"CommentAction\",\"name\":\"Comment\",\"target\":[\"https:\\\/\\\/cyclingpro.net\\\/spaziociclismo\\\/continental\\\/tour-of-the-alps-2026-tom-pidcock-sul-primo-gpm-mi-ero-staccato-e-piu-bello-vincere-cosi-che-quando-si-e-in-forma\\\/#respond\"]}]},{\"@type\":\"WebPage\",\"@id\":\"https:\\\/\\\/cyclingpro.net\\\/spaziociclismo\\\/continental\\\/tour-of-the-alps-2026-tom-pidcock-sul-primo-gpm-mi-ero-staccato-e-piu-bello-vincere-cosi-che-quando-si-e-in-forma\\\/\",\"url\":\"https:\\\/\\\/cyclingpro.net\\\/spaziociclismo\\\/continental\\\/tour-of-the-alps-2026-tom-pidcock-sul-primo-gpm-mi-ero-staccato-e-piu-bello-vincere-cosi-che-quando-si-e-in-forma\\\/\",\"name\":\"Tour of the Alps 2026, Tom Pidcock: \\\"Sul primo GPM mi ero staccato. \u00c8 pi\u00f9 bello vincere cos\u00ec che quando si \u00e8 in forma\\\" - SpazioCiclismo\",\"isPartOf\":{\"@id\":\"https:\\\/\\\/cyclingpro.net\\\/spaziociclismo\\\/#website\"},\"primaryImageOfPage\":{\"@id\":\"https:\\\/\\\/cyclingpro.net\\\/spaziociclismo\\\/continental\\\/tour-of-the-alps-2026-tom-pidcock-sul-primo-gpm-mi-ero-staccato-e-piu-bello-vincere-cosi-che-quando-si-e-in-forma\\\/#primaryimage\"},\"image\":{\"@id\":\"https:\\\/\\\/cyclingpro.net\\\/spaziociclismo\\\/continental\\\/tour-of-the-alps-2026-tom-pidcock-sul-primo-gpm-mi-ero-staccato-e-piu-bello-vincere-cosi-che-quando-si-e-in-forma\\\/#primaryimage\"},\"thumbnailUrl\":\"https:\\\/\\\/cyclingpro.net\\\/spaziociclismo\\\/wp-content\\\/uploads\\\/2026\\\/04\\\/1265667042.jpeg\",\"datePublished\":\"2026-04-22T14:04:31+00:00\",\"dateModified\":\"2026-04-22T18:49:08+00:00\",\"breadcrumb\":{\"@id\":\"https:\\\/\\\/cyclingpro.net\\\/spaziociclismo\\\/continental\\\/tour-of-the-alps-2026-tom-pidcock-sul-primo-gpm-mi-ero-staccato-e-piu-bello-vincere-cosi-che-quando-si-e-in-forma\\\/#breadcrumb\"},\"inLanguage\":\"it-IT\",\"potentialAction\":[{\"@type\":\"ReadAction\",\"target\":[\"https:\\\/\\\/cyclingpro.net\\\/spaziociclismo\\\/continental\\\/tour-of-the-alps-2026-tom-pidcock-sul-primo-gpm-mi-ero-staccato-e-piu-bello-vincere-cosi-che-quando-si-e-in-forma\\\/\"]}]},{\"@type\":\"ImageObject\",\"inLanguage\":\"it-IT\",\"@id\":\"https:\\\/\\\/cyclingpro.net\\\/spaziociclismo\\\/continental\\\/tour-of-the-alps-2026-tom-pidcock-sul-primo-gpm-mi-ero-staccato-e-piu-bello-vincere-cosi-che-quando-si-e-in-forma\\\/#primaryimage\",\"url\":\"https:\\\/\\\/cyclingpro.net\\\/spaziociclismo\\\/wp-content\\\/uploads\\\/2026\\\/04\\\/1265667042.jpeg\",\"contentUrl\":\"https:\\\/\\\/cyclingpro.net\\\/spaziociclismo\\\/wp-content\\\/uploads\\\/2026\\\/04\\\/1265667042.jpeg\",\"width\":1200,\"height\":800,\"caption\":\"\u00a9 Sirotti\"},{\"@type\":\"BreadcrumbList\",\"@id\":\"https:\\\/\\\/cyclingpro.net\\\/spaziociclismo\\\/continental\\\/tour-of-the-alps-2026-tom-pidcock-sul-primo-gpm-mi-ero-staccato-e-piu-bello-vincere-cosi-che-quando-si-e-in-forma\\\/#breadcrumb\",\"itemListElement\":[{\"@type\":\"ListItem\",\"position\":1,\"name\":\"Home\",\"item\":\"https:\\\/\\\/cyclingpro.net\\\/spaziociclismo\\\/\"},{\"@type\":\"ListItem\",\"position\":2,\"name\":\"Tour of the Alps 2026, Tom Pidcock: &#8220;Sul primo GPM mi ero staccato. \u00c8 pi\u00f9 bello vincere cos\u00ec che quando si \u00e8 in forma&#8221;\"}]},{\"@type\":\"WebSite\",\"@id\":\"https:\\\/\\\/cyclingpro.net\\\/spaziociclismo\\\/#website\",\"url\":\"https:\\\/\\\/cyclingpro.net\\\/spaziociclismo\\\/\",\"name\":\"SpazioCiclismo\",\"description\":\"Tutto il ciclismo minuto per minuto\",\"publisher\":{\"@id\":\"https:\\\/\\\/cyclingpro.net\\\/spaziociclismo\\\/#organization\"},\"potentialAction\":[{\"@type\":\"SearchAction\",\"target\":{\"@type\":\"EntryPoint\",\"urlTemplate\":\"https:\\\/\\\/cyclingpro.net\\\/spaziociclismo\\\/?s={search_term_string}\"},\"query-input\":{\"@type\":\"PropertyValueSpecification\",\"valueRequired\":true,\"valueName\":\"search_term_string\"}}],\"inLanguage\":\"it-IT\"},{\"@type\":\"Organization\",\"@id\":\"https:\\\/\\\/cyclingpro.net\\\/spaziociclismo\\\/#organization\",\"name\":\"SpazioCiclismo\",\"url\":\"https:\\\/\\\/cyclingpro.net\\\/spaziociclismo\\\/\",\"logo\":{\"@type\":\"ImageObject\",\"inLanguage\":\"it-IT\",\"@id\":\"https:\\\/\\\/cyclingpro.net\\\/spaziociclismo\\\/#\\\/schema\\\/logo\\\/image\\\/\",\"url\":\"https:\\\/\\\/cyclingpro.net\\\/spaziociclismo\\\/wp-content\\\/uploads\\\/2017\\\/02\\\/SpazioCiclismo-Logo-Quadrato.png\",\"contentUrl\":\"https:\\\/\\\/cyclingpro.net\\\/spaziociclismo\\\/wp-content\\\/uploads\\\/2017\\\/02\\\/SpazioCiclismo-Logo-Quadrato.png\",\"width\":450,\"height\":450,\"caption\":\"SpazioCiclismo\"},\"image\":{\"@id\":\"https:\\\/\\\/cyclingpro.net\\\/spaziociclismo\\\/#\\\/schema\\\/logo\\\/image\\\/\"},\"sameAs\":[\"https:\\\/\\\/www.facebook.com\\\/SpazioCiclismo\\\/\",\"https:\\\/\\\/x.com\\\/spaziociclismo\",\"https:\\\/\\\/www.instagram.com\\\/spaziociclismo\\\/\"]},{\"@type\":\"Person\",\"@id\":\"https:\\\/\\\/cyclingpro.net\\\/spaziociclismo\\\/#\\\/schema\\\/person\\\/7e1a937a7dba4e684209b697ab87796a\",\"name\":\"Davide Terraneo\",\"image\":{\"@type\":\"ImageObject\",\"inLanguage\":\"it-IT\",\"@id\":\"https:\\\/\\\/secure.gravatar.com\\\/avatar\\\/ff8491b63094864b9d94b44d6465d0050c0872ad4112e51a3cee77d0500a47c5?s=96&d=mm&r=g\",\"url\":\"https:\\\/\\\/secure.gravatar.com\\\/avatar\\\/ff8491b63094864b9d94b44d6465d0050c0872ad4112e51a3cee77d0500a47c5?s=96&d=mm&r=g\",\"contentUrl\":\"https:\\\/\\\/secure.gravatar.com\\\/avatar\\\/ff8491b63094864b9d94b44d6465d0050c0872ad4112e51a3cee77d0500a47c5?s=96&d=mm&r=g\",\"caption\":\"Davide Terraneo\"},\"url\":\"https:\\\/\\\/cyclingpro.net\\\/spaziociclismo\\\/author\\\/dterraneo\\\/\"}]}<\/script>\n<!-- \/ Yoast SEO plugin. -->","yoast_head_json":{"title":"Tour of the Alps 2026, Tom Pidcock: \"Sul primo GPM mi ero staccato. \u00c8 pi\u00f9 bello vincere cos\u00ec che quando si \u00e8 in forma\" - SpazioCiclismo","robots":{"index":"index","follow":"follow","max-snippet":"max-snippet:-1","max-image-preview":"max-image-preview:large","max-video-preview":"max-video-preview:-1"},"canonical":"https:\/\/cyclingpro.net\/spaziociclismo\/continental\/tour-of-the-alps-2026-tom-pidcock-sul-primo-gpm-mi-ero-staccato-e-piu-bello-vincere-cosi-che-quando-si-e-in-forma\/","og_locale":"it_IT","og_type":"article","og_title":"Tour of the Alps 2026, Tom Pidcock: \"Sul primo GPM mi ero staccato. \u00c8 pi\u00f9 bello vincere cos\u00ec che quando si \u00e8 in forma\" - SpazioCiclismo","og_description":"Il vincitore della terza tappa del #TotA Tom Pidcock: \"Dopo il secondo GPM ho detto ai miei compagni di squadra di andare loro per la vittoria di tappa, perch\u00e9 c'erano buone probabilit\u00e0 che venissi staccato sulla salita finale\"","og_url":"https:\/\/cyclingpro.net\/spaziociclismo\/continental\/tour-of-the-alps-2026-tom-pidcock-sul-primo-gpm-mi-ero-staccato-e-piu-bello-vincere-cosi-che-quando-si-e-in-forma\/","og_site_name":"SpazioCiclismo","article_publisher":"https:\/\/www.facebook.com\/SpazioCiclismo\/","article_published_time":"2026-04-22T14:04:31+00:00","article_modified_time":"2026-04-22T18:49:08+00:00","og_image":[{"width":1200,"height":800,"url":"https:\/\/cyclingpro.net\/spaziociclismo\/wp-content\/uploads\/2026\/04\/1265667042.jpeg","type":"image\/jpeg"}],"author":"Davide Terraneo","twitter_card":"summary_large_image","twitter_creator":"@spaziociclismo","twitter_site":"@spaziociclismo","twitter_misc":{"Scritto da":"Davide Terraneo","Tempo di lettura stimato":"4 minuti"},"schema":{"@context":"https:\/\/schema.org","@graph":[{"@type":"Article","@id":"https:\/\/cyclingpro.net\/spaziociclismo\/continental\/tour-of-the-alps-2026-tom-pidcock-sul-primo-gpm-mi-ero-staccato-e-piu-bello-vincere-cosi-che-quando-si-e-in-forma\/#article","isPartOf":{"@id":"https:\/\/cyclingpro.net\/spaziociclismo\/continental\/tour-of-the-alps-2026-tom-pidcock-sul-primo-gpm-mi-ero-staccato-e-piu-bello-vincere-cosi-che-quando-si-e-in-forma\/"},"author":{"name":"Davide Terraneo","@id":"https:\/\/cyclingpro.net\/spaziociclismo\/#\/schema\/person\/7e1a937a7dba4e684209b697ab87796a"},"headline":"Tour of the Alps 2026, Tom Pidcock: &#8220;Sul primo GPM mi ero staccato. \u00c8 pi\u00f9 bello vincere cos\u00ec che quando si \u00e8 in forma&#8221;","datePublished":"2026-04-22T14:04:31+00:00","dateModified":"2026-04-22T18:49:08+00:00","mainEntityOfPage":{"@id":"https:\/\/cyclingpro.net\/spaziociclismo\/continental\/tour-of-the-alps-2026-tom-pidcock-sul-primo-gpm-mi-ero-staccato-e-piu-bello-vincere-cosi-che-quando-si-e-in-forma\/"},"wordCount":673,"commentCount":0,"publisher":{"@id":"https:\/\/cyclingpro.net\/spaziociclismo\/#organization"},"image":{"@id":"https:\/\/cyclingpro.net\/spaziociclismo\/continental\/tour-of-the-alps-2026-tom-pidcock-sul-primo-gpm-mi-ero-staccato-e-piu-bello-vincere-cosi-che-quando-si-e-in-forma\/#primaryimage"},"thumbnailUrl":"https:\/\/cyclingpro.net\/spaziociclismo\/wp-content\/uploads\/2026\/04\/1265667042.jpeg","keywords":["Pinarello - Q36.5 Pro Cycling Team 2026","Tom Pidcock","Tour of the Alps 2026"],"articleSection":["Continental"],"inLanguage":"it-IT","potentialAction":[{"@type":"CommentAction","name":"Comment","target":["https:\/\/cyclingpro.net\/spaziociclismo\/continental\/tour-of-the-alps-2026-tom-pidcock-sul-primo-gpm-mi-ero-staccato-e-piu-bello-vincere-cosi-che-quando-si-e-in-forma\/#respond"]}]},{"@type":"WebPage","@id":"https:\/\/cyclingpro.net\/spaziociclismo\/continental\/tour-of-the-alps-2026-tom-pidcock-sul-primo-gpm-mi-ero-staccato-e-piu-bello-vincere-cosi-che-quando-si-e-in-forma\/","url":"https:\/\/cyclingpro.net\/spaziociclismo\/continental\/tour-of-the-alps-2026-tom-pidcock-sul-primo-gpm-mi-ero-staccato-e-piu-bello-vincere-cosi-che-quando-si-e-in-forma\/","name":"Tour of the Alps 2026, Tom Pidcock: \"Sul primo GPM mi ero staccato. \u00c8 pi\u00f9 bello vincere cos\u00ec che quando si \u00e8 in forma\" - SpazioCiclismo","isPartOf":{"@id":"https:\/\/cyclingpro.net\/spaziociclismo\/#website"},"primaryImageOfPage":{"@id":"https:\/\/cyclingpro.net\/spaziociclismo\/continental\/tour-of-the-alps-2026-tom-pidcock-sul-primo-gpm-mi-ero-staccato-e-piu-bello-vincere-cosi-che-quando-si-e-in-forma\/#primaryimage"},"image":{"@id":"https:\/\/cyclingpro.net\/spaziociclismo\/continental\/tour-of-the-alps-2026-tom-pidcock-sul-primo-gpm-mi-ero-staccato-e-piu-bello-vincere-cosi-che-quando-si-e-in-forma\/#primaryimage"},"thumbnailUrl":"https:\/\/cyclingpro.net\/spaziociclismo\/wp-content\/uploads\/2026\/04\/1265667042.jpeg","datePublished":"2026-04-22T14:04:31+00:00","dateModified":"2026-04-22T18:49:08+00:00","breadcrumb":{"@id":"https:\/\/cyclingpro.net\/spaziociclismo\/continental\/tour-of-the-alps-2026-tom-pidcock-sul-primo-gpm-mi-ero-staccato-e-piu-bello-vincere-cosi-che-quando-si-e-in-forma\/#breadcrumb"},"inLanguage":"it-IT","potentialAction":[{"@type":"ReadAction","target":["https:\/\/cyclingpro.net\/spaziociclismo\/continental\/tour-of-the-alps-2026-tom-pidcock-sul-primo-gpm-mi-ero-staccato-e-piu-bello-vincere-cosi-che-quando-si-e-in-forma\/"]}]},{"@type":"ImageObject","inLanguage":"it-IT","@id":"https:\/\/cyclingpro.net\/spaziociclismo\/continental\/tour-of-the-alps-2026-tom-pidcock-sul-primo-gpm-mi-ero-staccato-e-piu-bello-vincere-cosi-che-quando-si-e-in-forma\/#primaryimage","url":"https:\/\/cyclingpro.net\/spaziociclismo\/wp-content\/uploads\/2026\/04\/1265667042.jpeg","contentUrl":"https:\/\/cyclingpro.net\/spaziociclismo\/wp-content\/uploads\/2026\/04\/1265667042.jpeg","width":1200,"height":800,"caption":"\u00a9 Sirotti"},{"@type":"BreadcrumbList","@id":"https:\/\/cyclingpro.net\/spaziociclismo\/continental\/tour-of-the-alps-2026-tom-pidcock-sul-primo-gpm-mi-ero-staccato-e-piu-bello-vincere-cosi-che-quando-si-e-in-forma\/#breadcrumb","itemListElement":[{"@type":"ListItem","position":1,"name":"Home","item":"https:\/\/cyclingpro.net\/spaziociclismo\/"},{"@type":"ListItem","position":2,"name":"Tour of the Alps 2026, Tom Pidcock: &#8220;Sul primo GPM mi ero staccato. \u00c8 pi\u00f9 bello vincere cos\u00ec che quando si \u00e8 in forma&#8221;"}]},{"@type":"WebSite","@id":"https:\/\/cyclingpro.net\/spaziociclismo\/#website","url":"https:\/\/cyclingpro.net\/spaziociclismo\/","name":"SpazioCiclismo","description":"Tutto il ciclismo minuto per minuto","publisher":{"@id":"https:\/\/cyclingpro.net\/spaziociclismo\/#organization"},"potentialAction":[{"@type":"SearchAction","target":{"@type":"EntryPoint","urlTemplate":"https:\/\/cyclingpro.net\/spaziociclismo\/?s={search_term_string}"},"query-input":{"@type":"PropertyValueSpecification","valueRequired":true,"valueName":"search_term_string"}}],"inLanguage":"it-IT"},{"@type":"Organization","@id":"https:\/\/cyclingpro.net\/spaziociclismo\/#organization","name":"SpazioCiclismo","url":"https:\/\/cyclingpro.net\/spaziociclismo\/","logo":{"@type":"ImageObject","inLanguage":"it-IT","@id":"https:\/\/cyclingpro.net\/spaziociclismo\/#\/schema\/logo\/image\/","url":"https:\/\/cyclingpro.net\/spaziociclismo\/wp-content\/uploads\/2017\/02\/SpazioCiclismo-Logo-Quadrato.png","contentUrl":"https:\/\/cyclingpro.net\/spaziociclismo\/wp-content\/uploads\/2017\/02\/SpazioCiclismo-Logo-Quadrato.png","width":450,"height":450,"caption":"SpazioCiclismo"},"image":{"@id":"https:\/\/cyclingpro.net\/spaziociclismo\/#\/schema\/logo\/image\/"},"sameAs":["https:\/\/www.facebook.com\/SpazioCiclismo\/","https:\/\/x.com\/spaziociclismo","https:\/\/www.instagram.com\/spaziociclismo\/"]},{"@type":"Person","@id":"https:\/\/cyclingpro.net\/spaziociclismo\/#\/schema\/person\/7e1a937a7dba4e684209b697ab87796a","name":"Davide Terraneo","image":{"@type":"ImageObject","inLanguage":"it-IT","@id":"https:\/\/secure.gravatar.com\/avatar\/ff8491b63094864b9d94b44d6465d0050c0872ad4112e51a3cee77d0500a47c5?s=96&d=mm&r=g","url":"https:\/\/secure.gravatar.com\/avatar\/ff8491b63094864b9d94b44d6465d0050c0872ad4112e51a3cee77d0500a47c5?s=96&d=mm&r=g","contentUrl":"https:\/\/secure.gravatar.com\/avatar\/ff8491b63094864b9d94b44d6465d0050c0872ad4112e51a3cee77d0500a47c5?s=96&d=mm&r=g","caption":"Davide Terraneo"},"url":"https:\/\/cyclingpro.net\/spaziociclismo\/author\/dterraneo\/"}]}},"_links":{"self":[{"href":"https:\/\/cyclingpro.net\/spaziociclismo\/wp-json\/wp\/v2\/posts\/374580","targetHints":{"allow":["GET"]}}],"collection":[{"href":"https:\/\/cyclingpro.net\/spaziociclismo\/wp-json\/wp\/v2\/posts"}],"about":[{"href":"https:\/\/cyclingpro.net\/spaziociclismo\/wp-json\/wp\/v2\/types\/post"}],"author":[{"embeddable":true,"href":"https:\/\/cyclingpro.net\/spaziociclismo\/wp-json\/wp\/v2\/users\/15"}],"replies":[{"embeddable":true,"href":"https:\/\/cyclingpro.net\/spaziociclismo\/wp-json\/wp\/v2\/comments?post=374580"}],"version-history":[{"count":6,"href":"https:\/\/cyclingpro.net\/spaziociclismo\/wp-json\/wp\/v2\/posts\/374580\/revisions"}],"predecessor-version":[{"id":374611,"href":"https:\/\/cyclingpro.net\/spaziociclismo\/wp-json\/wp\/v2\/posts\/374580\/revisions\/374611"}],"wp:featuredmedia":[{"embeddable":true,"href":"https:\/\/cyclingpro.net\/spaziociclismo\/wp-json\/wp\/v2\/media\/374336"}],"wp:attachment":[{"href":"https:\/\/cyclingpro.net\/spaziociclismo\/wp-json\/wp\/v2\/media?parent=374580"}],"wp:term":[{"taxonomy":"category","embeddable":true,"href":"https:\/\/cyclingpro.net\/spaziociclismo\/wp-json\/wp\/v2\/categories?post=374580"},{"taxonomy":"post_tag","embeddable":true,"href":"https:\/\/cyclingpro.net\/spaziociclismo\/wp-json\/wp\/v2\/tags?post=374580"}],"curies":[{"name":"wp","href":"https:\/\/api.w.org\/{rel}","templated":true}]}}