{"id":374566,"date":"2026-04-22T15:18:43","date_gmt":"2026-04-22T13:18:43","guid":{"rendered":"https:\/\/cyclingpro.net\/spaziociclismo\/?p=374566"},"modified":"2026-04-22T15:40:58","modified_gmt":"2026-04-22T13:40:58","slug":"uae-team-emirates-gen-z-moritz-mauss-cade-in-pista-e-una-scheggia-di-50-cm-gli-si-conficca-nella-gambasolo-pochi-centimetri-in-piu-avrebbero-potuto-significare-un-infortunio-che-avrebbe-posto-fine","status":"publish","type":"post","link":"https:\/\/cyclingpro.net\/spaziociclismo\/altro\/pista\/uae-team-emirates-gen-z-moritz-mauss-cade-in-pista-e-una-scheggia-di-50-cm-gli-si-conficca-nella-gambasolo-pochi-centimetri-in-piu-avrebbero-potuto-significare-un-infortunio-che-avrebbe-posto-fine\/","title":{"rendered":"UAE Team Emirates, Moritz Mauss cade in pista e una scheggia di 50 cm gli si conficca nella gamba: &#8220;Solo pochi centimetri in pi\u00f9 e poteva essere la  fine alla mia carriera&#8221;"},"content":{"rendered":"<p>Un bel rischio per <strong>Moritz Mauss<\/strong> dopo la caduta nella Madison a Gand. Il corridore tedesco della <strong>UAE Team Emirates Gen Z<\/strong>, attivo anche su pista, \u00e8 stato vittima, domenica 19 aprile, di una brutta caduta durante la gara della Madison al Belgian Open Track Meeting di Gand. Il 18enne ha affidato ai social il racconto dell\u2019accaduto, spiegando come la caduta in s\u00e9 non avrebbe causato conseguenze molto gravi se non fosse stato per una scheggia del velodromo, lunga circa 50 cm, che gli si \u00e8 conficcata nella gamba sinistra. Fortunatamente, le conseguenze sono state meno gravi di quanto si potesse temere e la scheggia non ha danneggiato n\u00e9 i nervi n\u00e9 la muscolatura.<\/p>\n<p>\u201c<strong>Durante la caduta sono scivolato lungo la pista e una scheggia di legno lungo 50 cm si \u00e8 staccata dalla pista (come si vede nella foto), conficcandosi direttamente nell\u2019anca e nella parte superiore della gamba sinistra<\/strong>&#8211; ha raccontato Mauss tramite i social &#8211; Sono stato portato direttamente in ospedale e sono stato operato solo circa due ore dopo l&#8217;incidente. Tutto \u00e8 andato liscio e ora sono gi\u00e0 tornato a casa\u201c.<\/p>\n<p>Tutto \u00e8 andato per il meglio, ma le conseguenze sarebbero potute essere anche peggiori. \u201cSono stato davvero fortunato perch\u00e9 la scheggia ha mancato i nervi e la maggior parte dei muscoli della gamba. Ora dovr\u00f2 stare lontano dalle gare per un po&#8217;, ma sarebbe potuta andare molto peggio. <strong>Solo pochi centimetri in pi\u00f9 avrebbero potuto significare un infortunio che avrebbe posto fine alla mia carriera<\/strong>\u201d, ha dichiarato.<\/p>\n","protected":false},"excerpt":{"rendered":"<p>Un bel rischio per Moritz Mauss dopo la caduta nella Madison a Gand<\/p>\n","protected":false},"author":46,"featured_media":374570,"comment_status":"open","ping_status":"closed","sticky":false,"template":"","format":"standard","meta":{"footnotes":""},"categories":[13],"tags":[7009,6259],"class_list":["post-374566","post","type-post","status-publish","format-standard","has-post-thumbnail","hentry","category-pista","tag-moritz-mauss","tag-uae-team-emirates-gen-z"],"yoast_head":"<!-- This site is optimized with the Yoast SEO plugin v27.4 - https:\/\/yoast.com\/product\/yoast-seo-wordpress\/ -->\n<title>UAE Team Emirates, Moritz Mauss cade in pista e una scheggia di 50 cm gli si conficca nella gamba: &quot;Solo pochi centimetri in pi\u00f9 e poteva essere la fine alla mia carriera&quot; - SpazioCiclismo<\/title>\n<meta name=\"robots\" content=\"index, follow, max-snippet:-1, max-image-preview:large, max-video-preview:-1\" \/>\n<link rel=\"canonical\" href=\"https:\/\/cyclingpro.net\/spaziociclismo\/continental\/uae-team-emirates-gen-z-moritz-mauss-cade-in-pista-e-una-scheggia-di-50-cm-gli-si-conficca-nella-gambasolo-pochi-centimetri-in-piu-avrebbero-potuto-significare-un-infortunio-che-avrebbe-posto-fine\/\" \/>\n<meta property=\"og:locale\" content=\"it_IT\" \/>\n<meta property=\"og:type\" content=\"article\" \/>\n<meta property=\"og:title\" content=\"UAE Team Emirates, Moritz Mauss cade in pista e una scheggia di 50 cm gli si conficca nella gamba: &quot;Solo pochi centimetri in pi\u00f9 e poteva essere la fine alla mia carriera&quot; - SpazioCiclismo\" \/>\n<meta property=\"og:description\" content=\"Un bel rischio per Moritz Mauss dopo la caduta nella Madison a Gand\" \/>\n<meta property=\"og:url\" content=\"https:\/\/cyclingpro.net\/spaziociclismo\/continental\/uae-team-emirates-gen-z-moritz-mauss-cade-in-pista-e-una-scheggia-di-50-cm-gli-si-conficca-nella-gambasolo-pochi-centimetri-in-piu-avrebbero-potuto-significare-un-infortunio-che-avrebbe-posto-fine\/\" \/>\n<meta property=\"og:site_name\" content=\"SpazioCiclismo\" \/>\n<meta property=\"article:publisher\" content=\"https:\/\/www.facebook.com\/SpazioCiclismo\/\" \/>\n<meta property=\"article:published_time\" content=\"2026-04-22T13:18:43+00:00\" \/>\n<meta property=\"article:modified_time\" content=\"2026-04-22T13:40:58+00:00\" \/>\n<meta property=\"og:image\" content=\"https:\/\/cyclingpro.net\/spaziociclismo\/wp-content\/uploads\/2026\/04\/Screenshot-2026-04-22-151206.png\" \/>\n\t<meta property=\"og:image:width\" content=\"860\" \/>\n\t<meta property=\"og:image:height\" content=\"669\" \/>\n\t<meta property=\"og:image:type\" content=\"image\/png\" \/>\n<meta name=\"author\" content=\"Michela Guarguaglini\" \/>\n<meta name=\"twitter:card\" content=\"summary_large_image\" \/>\n<meta name=\"twitter:creator\" content=\"@spaziociclismo\" \/>\n<meta name=\"twitter:site\" content=\"@spaziociclismo\" \/>\n<meta name=\"twitter:label1\" content=\"Scritto da\" \/>\n\t<meta name=\"twitter:data1\" content=\"Michela Guarguaglini\" \/>\n\t<meta name=\"twitter:label2\" content=\"Tempo di lettura stimato\" \/>\n\t<meta name=\"twitter:data2\" content=\"2 minuti\" \/>\n<script type=\"application\/ld+json\" class=\"yoast-schema-graph\">{\"@context\":\"https:\\\/\\\/schema.org\",\"@graph\":[{\"@type\":\"Article\",\"@id\":\"https:\\\/\\\/cyclingpro.net\\\/spaziociclismo\\\/continental\\\/uae-team-emirates-gen-z-moritz-mauss-cade-in-pista-e-una-scheggia-di-50-cm-gli-si-conficca-nella-gambasolo-pochi-centimetri-in-piu-avrebbero-potuto-significare-un-infortunio-che-avrebbe-posto-fine\\\/#article\",\"isPartOf\":{\"@id\":\"https:\\\/\\\/cyclingpro.net\\\/spaziociclismo\\\/continental\\\/uae-team-emirates-gen-z-moritz-mauss-cade-in-pista-e-una-scheggia-di-50-cm-gli-si-conficca-nella-gambasolo-pochi-centimetri-in-piu-avrebbero-potuto-significare-un-infortunio-che-avrebbe-posto-fine\\\/\"},\"author\":{\"name\":\"Michela Guarguaglini\",\"@id\":\"https:\\\/\\\/cyclingpro.net\\\/spaziociclismo\\\/#\\\/schema\\\/person\\\/dd749f54075861d6da7622fa9f4ca58d\"},\"headline\":\"UAE Team Emirates, Moritz Mauss cade in pista e una scheggia di 50 cm gli si conficca nella gamba: &#8220;Solo pochi centimetri in pi\u00f9 e poteva essere la fine alla mia carriera&#8221;\",\"datePublished\":\"2026-04-22T13:18:43+00:00\",\"dateModified\":\"2026-04-22T13:40:58+00:00\",\"mainEntityOfPage\":{\"@id\":\"https:\\\/\\\/cyclingpro.net\\\/spaziociclismo\\\/continental\\\/uae-team-emirates-gen-z-moritz-mauss-cade-in-pista-e-una-scheggia-di-50-cm-gli-si-conficca-nella-gambasolo-pochi-centimetri-in-piu-avrebbero-potuto-significare-un-infortunio-che-avrebbe-posto-fine\\\/\"},\"wordCount\":277,\"commentCount\":0,\"publisher\":{\"@id\":\"https:\\\/\\\/cyclingpro.net\\\/spaziociclismo\\\/#organization\"},\"image\":{\"@id\":\"https:\\\/\\\/cyclingpro.net\\\/spaziociclismo\\\/continental\\\/uae-team-emirates-gen-z-moritz-mauss-cade-in-pista-e-una-scheggia-di-50-cm-gli-si-conficca-nella-gambasolo-pochi-centimetri-in-piu-avrebbero-potuto-significare-un-infortunio-che-avrebbe-posto-fine\\\/#primaryimage\"},\"thumbnailUrl\":\"https:\\\/\\\/cyclingpro.net\\\/spaziociclismo\\\/wp-content\\\/uploads\\\/2026\\\/04\\\/Screenshot-2026-04-22-151206.png\",\"keywords\":[\"Moritz Mauss\",\"UAE Team Emirates Gen Z\"],\"articleSection\":[\"Pista\"],\"inLanguage\":\"it-IT\",\"potentialAction\":[{\"@type\":\"CommentAction\",\"name\":\"Comment\",\"target\":[\"https:\\\/\\\/cyclingpro.net\\\/spaziociclismo\\\/continental\\\/uae-team-emirates-gen-z-moritz-mauss-cade-in-pista-e-una-scheggia-di-50-cm-gli-si-conficca-nella-gambasolo-pochi-centimetri-in-piu-avrebbero-potuto-significare-un-infortunio-che-avrebbe-posto-fine\\\/#respond\"]}]},{\"@type\":\"WebPage\",\"@id\":\"https:\\\/\\\/cyclingpro.net\\\/spaziociclismo\\\/continental\\\/uae-team-emirates-gen-z-moritz-mauss-cade-in-pista-e-una-scheggia-di-50-cm-gli-si-conficca-nella-gambasolo-pochi-centimetri-in-piu-avrebbero-potuto-significare-un-infortunio-che-avrebbe-posto-fine\\\/\",\"url\":\"https:\\\/\\\/cyclingpro.net\\\/spaziociclismo\\\/continental\\\/uae-team-emirates-gen-z-moritz-mauss-cade-in-pista-e-una-scheggia-di-50-cm-gli-si-conficca-nella-gambasolo-pochi-centimetri-in-piu-avrebbero-potuto-significare-un-infortunio-che-avrebbe-posto-fine\\\/\",\"name\":\"UAE Team Emirates, Moritz Mauss cade in pista e una scheggia di 50 cm gli si conficca nella gamba: \\\"Solo pochi centimetri in pi\u00f9 e poteva essere la fine alla mia carriera\\\" - SpazioCiclismo\",\"isPartOf\":{\"@id\":\"https:\\\/\\\/cyclingpro.net\\\/spaziociclismo\\\/#website\"},\"primaryImageOfPage\":{\"@id\":\"https:\\\/\\\/cyclingpro.net\\\/spaziociclismo\\\/continental\\\/uae-team-emirates-gen-z-moritz-mauss-cade-in-pista-e-una-scheggia-di-50-cm-gli-si-conficca-nella-gambasolo-pochi-centimetri-in-piu-avrebbero-potuto-significare-un-infortunio-che-avrebbe-posto-fine\\\/#primaryimage\"},\"image\":{\"@id\":\"https:\\\/\\\/cyclingpro.net\\\/spaziociclismo\\\/continental\\\/uae-team-emirates-gen-z-moritz-mauss-cade-in-pista-e-una-scheggia-di-50-cm-gli-si-conficca-nella-gambasolo-pochi-centimetri-in-piu-avrebbero-potuto-significare-un-infortunio-che-avrebbe-posto-fine\\\/#primaryimage\"},\"thumbnailUrl\":\"https:\\\/\\\/cyclingpro.net\\\/spaziociclismo\\\/wp-content\\\/uploads\\\/2026\\\/04\\\/Screenshot-2026-04-22-151206.png\",\"datePublished\":\"2026-04-22T13:18:43+00:00\",\"dateModified\":\"2026-04-22T13:40:58+00:00\",\"breadcrumb\":{\"@id\":\"https:\\\/\\\/cyclingpro.net\\\/spaziociclismo\\\/continental\\\/uae-team-emirates-gen-z-moritz-mauss-cade-in-pista-e-una-scheggia-di-50-cm-gli-si-conficca-nella-gambasolo-pochi-centimetri-in-piu-avrebbero-potuto-significare-un-infortunio-che-avrebbe-posto-fine\\\/#breadcrumb\"},\"inLanguage\":\"it-IT\",\"potentialAction\":[{\"@type\":\"ReadAction\",\"target\":[\"https:\\\/\\\/cyclingpro.net\\\/spaziociclismo\\\/continental\\\/uae-team-emirates-gen-z-moritz-mauss-cade-in-pista-e-una-scheggia-di-50-cm-gli-si-conficca-nella-gambasolo-pochi-centimetri-in-piu-avrebbero-potuto-significare-un-infortunio-che-avrebbe-posto-fine\\\/\"]}]},{\"@type\":\"ImageObject\",\"inLanguage\":\"it-IT\",\"@id\":\"https:\\\/\\\/cyclingpro.net\\\/spaziociclismo\\\/continental\\\/uae-team-emirates-gen-z-moritz-mauss-cade-in-pista-e-una-scheggia-di-50-cm-gli-si-conficca-nella-gambasolo-pochi-centimetri-in-piu-avrebbero-potuto-significare-un-infortunio-che-avrebbe-posto-fine\\\/#primaryimage\",\"url\":\"https:\\\/\\\/cyclingpro.net\\\/spaziociclismo\\\/wp-content\\\/uploads\\\/2026\\\/04\\\/Screenshot-2026-04-22-151206.png\",\"contentUrl\":\"https:\\\/\\\/cyclingpro.net\\\/spaziociclismo\\\/wp-content\\\/uploads\\\/2026\\\/04\\\/Screenshot-2026-04-22-151206.png\",\"width\":860,\"height\":669,\"caption\":\"Moritz Mauss\"},{\"@type\":\"BreadcrumbList\",\"@id\":\"https:\\\/\\\/cyclingpro.net\\\/spaziociclismo\\\/continental\\\/uae-team-emirates-gen-z-moritz-mauss-cade-in-pista-e-una-scheggia-di-50-cm-gli-si-conficca-nella-gambasolo-pochi-centimetri-in-piu-avrebbero-potuto-significare-un-infortunio-che-avrebbe-posto-fine\\\/#breadcrumb\",\"itemListElement\":[{\"@type\":\"ListItem\",\"position\":1,\"name\":\"Home\",\"item\":\"https:\\\/\\\/cyclingpro.net\\\/spaziociclismo\\\/\"},{\"@type\":\"ListItem\",\"position\":2,\"name\":\"UAE Team Emirates Gen Z, Moritz Mauss cade in pista e una scheggia di 50 cm gli si conficca nella gamba:&#8221;Solo pochi centimetri in pi\u00f9 avrebbero potuto significare un infortunio che avrebbe posto fine alla mia carriera&#8221;\"}]},{\"@type\":\"WebSite\",\"@id\":\"https:\\\/\\\/cyclingpro.net\\\/spaziociclismo\\\/#website\",\"url\":\"https:\\\/\\\/cyclingpro.net\\\/spaziociclismo\\\/\",\"name\":\"SpazioCiclismo\",\"description\":\"Tutto il ciclismo minuto per minuto\",\"publisher\":{\"@id\":\"https:\\\/\\\/cyclingpro.net\\\/spaziociclismo\\\/#organization\"},\"potentialAction\":[{\"@type\":\"SearchAction\",\"target\":{\"@type\":\"EntryPoint\",\"urlTemplate\":\"https:\\\/\\\/cyclingpro.net\\\/spaziociclismo\\\/?s={search_term_string}\"},\"query-input\":{\"@type\":\"PropertyValueSpecification\",\"valueRequired\":true,\"valueName\":\"search_term_string\"}}],\"inLanguage\":\"it-IT\"},{\"@type\":\"Organization\",\"@id\":\"https:\\\/\\\/cyclingpro.net\\\/spaziociclismo\\\/#organization\",\"name\":\"SpazioCiclismo\",\"url\":\"https:\\\/\\\/cyclingpro.net\\\/spaziociclismo\\\/\",\"logo\":{\"@type\":\"ImageObject\",\"inLanguage\":\"it-IT\",\"@id\":\"https:\\\/\\\/cyclingpro.net\\\/spaziociclismo\\\/#\\\/schema\\\/logo\\\/image\\\/\",\"url\":\"https:\\\/\\\/cyclingpro.net\\\/spaziociclismo\\\/wp-content\\\/uploads\\\/2017\\\/02\\\/SpazioCiclismo-Logo-Quadrato.png\",\"contentUrl\":\"https:\\\/\\\/cyclingpro.net\\\/spaziociclismo\\\/wp-content\\\/uploads\\\/2017\\\/02\\\/SpazioCiclismo-Logo-Quadrato.png\",\"width\":450,\"height\":450,\"caption\":\"SpazioCiclismo\"},\"image\":{\"@id\":\"https:\\\/\\\/cyclingpro.net\\\/spaziociclismo\\\/#\\\/schema\\\/logo\\\/image\\\/\"},\"sameAs\":[\"https:\\\/\\\/www.facebook.com\\\/SpazioCiclismo\\\/\",\"https:\\\/\\\/x.com\\\/spaziociclismo\",\"https:\\\/\\\/www.instagram.com\\\/spaziociclismo\\\/\"]},{\"@type\":\"Person\",\"@id\":\"https:\\\/\\\/cyclingpro.net\\\/spaziociclismo\\\/#\\\/schema\\\/person\\\/dd749f54075861d6da7622fa9f4ca58d\",\"name\":\"Michela Guarguaglini\",\"image\":{\"@type\":\"ImageObject\",\"inLanguage\":\"it-IT\",\"@id\":\"https:\\\/\\\/secure.gravatar.com\\\/avatar\\\/7c861ceff251a282d2b1cc9b3503d3893a703cfd410d29b7869304cd92a0c7c2?s=96&d=mm&r=g\",\"url\":\"https:\\\/\\\/secure.gravatar.com\\\/avatar\\\/7c861ceff251a282d2b1cc9b3503d3893a703cfd410d29b7869304cd92a0c7c2?s=96&d=mm&r=g\",\"contentUrl\":\"https:\\\/\\\/secure.gravatar.com\\\/avatar\\\/7c861ceff251a282d2b1cc9b3503d3893a703cfd410d29b7869304cd92a0c7c2?s=96&d=mm&r=g\",\"caption\":\"Michela Guarguaglini\"},\"url\":\"https:\\\/\\\/cyclingpro.net\\\/spaziociclismo\\\/author\\\/mguarguaglini\\\/\"}]}<\/script>\n<!-- \/ Yoast SEO plugin. -->","yoast_head_json":{"title":"UAE Team Emirates, Moritz Mauss cade in pista e una scheggia di 50 cm gli si conficca nella gamba: \"Solo pochi centimetri in pi\u00f9 e poteva essere la fine alla mia carriera\" - SpazioCiclismo","robots":{"index":"index","follow":"follow","max-snippet":"max-snippet:-1","max-image-preview":"max-image-preview:large","max-video-preview":"max-video-preview:-1"},"canonical":"https:\/\/cyclingpro.net\/spaziociclismo\/continental\/uae-team-emirates-gen-z-moritz-mauss-cade-in-pista-e-una-scheggia-di-50-cm-gli-si-conficca-nella-gambasolo-pochi-centimetri-in-piu-avrebbero-potuto-significare-un-infortunio-che-avrebbe-posto-fine\/","og_locale":"it_IT","og_type":"article","og_title":"UAE Team Emirates, Moritz Mauss cade in pista e una scheggia di 50 cm gli si conficca nella gamba: \"Solo pochi centimetri in pi\u00f9 e poteva essere la fine alla mia carriera\" - SpazioCiclismo","og_description":"Un bel rischio per Moritz Mauss dopo la caduta nella Madison a Gand","og_url":"https:\/\/cyclingpro.net\/spaziociclismo\/continental\/uae-team-emirates-gen-z-moritz-mauss-cade-in-pista-e-una-scheggia-di-50-cm-gli-si-conficca-nella-gambasolo-pochi-centimetri-in-piu-avrebbero-potuto-significare-un-infortunio-che-avrebbe-posto-fine\/","og_site_name":"SpazioCiclismo","article_publisher":"https:\/\/www.facebook.com\/SpazioCiclismo\/","article_published_time":"2026-04-22T13:18:43+00:00","article_modified_time":"2026-04-22T13:40:58+00:00","og_image":[{"width":860,"height":669,"url":"https:\/\/cyclingpro.net\/spaziociclismo\/wp-content\/uploads\/2026\/04\/Screenshot-2026-04-22-151206.png","type":"image\/png"}],"author":"Michela Guarguaglini","twitter_card":"summary_large_image","twitter_creator":"@spaziociclismo","twitter_site":"@spaziociclismo","twitter_misc":{"Scritto da":"Michela Guarguaglini","Tempo di lettura stimato":"2 minuti"},"schema":{"@context":"https:\/\/schema.org","@graph":[{"@type":"Article","@id":"https:\/\/cyclingpro.net\/spaziociclismo\/continental\/uae-team-emirates-gen-z-moritz-mauss-cade-in-pista-e-una-scheggia-di-50-cm-gli-si-conficca-nella-gambasolo-pochi-centimetri-in-piu-avrebbero-potuto-significare-un-infortunio-che-avrebbe-posto-fine\/#article","isPartOf":{"@id":"https:\/\/cyclingpro.net\/spaziociclismo\/continental\/uae-team-emirates-gen-z-moritz-mauss-cade-in-pista-e-una-scheggia-di-50-cm-gli-si-conficca-nella-gambasolo-pochi-centimetri-in-piu-avrebbero-potuto-significare-un-infortunio-che-avrebbe-posto-fine\/"},"author":{"name":"Michela Guarguaglini","@id":"https:\/\/cyclingpro.net\/spaziociclismo\/#\/schema\/person\/dd749f54075861d6da7622fa9f4ca58d"},"headline":"UAE Team Emirates, Moritz Mauss cade in pista e una scheggia di 50 cm gli si conficca nella gamba: &#8220;Solo pochi centimetri in pi\u00f9 e poteva essere la fine alla mia carriera&#8221;","datePublished":"2026-04-22T13:18:43+00:00","dateModified":"2026-04-22T13:40:58+00:00","mainEntityOfPage":{"@id":"https:\/\/cyclingpro.net\/spaziociclismo\/continental\/uae-team-emirates-gen-z-moritz-mauss-cade-in-pista-e-una-scheggia-di-50-cm-gli-si-conficca-nella-gambasolo-pochi-centimetri-in-piu-avrebbero-potuto-significare-un-infortunio-che-avrebbe-posto-fine\/"},"wordCount":277,"commentCount":0,"publisher":{"@id":"https:\/\/cyclingpro.net\/spaziociclismo\/#organization"},"image":{"@id":"https:\/\/cyclingpro.net\/spaziociclismo\/continental\/uae-team-emirates-gen-z-moritz-mauss-cade-in-pista-e-una-scheggia-di-50-cm-gli-si-conficca-nella-gambasolo-pochi-centimetri-in-piu-avrebbero-potuto-significare-un-infortunio-che-avrebbe-posto-fine\/#primaryimage"},"thumbnailUrl":"https:\/\/cyclingpro.net\/spaziociclismo\/wp-content\/uploads\/2026\/04\/Screenshot-2026-04-22-151206.png","keywords":["Moritz Mauss","UAE Team Emirates Gen Z"],"articleSection":["Pista"],"inLanguage":"it-IT","potentialAction":[{"@type":"CommentAction","name":"Comment","target":["https:\/\/cyclingpro.net\/spaziociclismo\/continental\/uae-team-emirates-gen-z-moritz-mauss-cade-in-pista-e-una-scheggia-di-50-cm-gli-si-conficca-nella-gambasolo-pochi-centimetri-in-piu-avrebbero-potuto-significare-un-infortunio-che-avrebbe-posto-fine\/#respond"]}]},{"@type":"WebPage","@id":"https:\/\/cyclingpro.net\/spaziociclismo\/continental\/uae-team-emirates-gen-z-moritz-mauss-cade-in-pista-e-una-scheggia-di-50-cm-gli-si-conficca-nella-gambasolo-pochi-centimetri-in-piu-avrebbero-potuto-significare-un-infortunio-che-avrebbe-posto-fine\/","url":"https:\/\/cyclingpro.net\/spaziociclismo\/continental\/uae-team-emirates-gen-z-moritz-mauss-cade-in-pista-e-una-scheggia-di-50-cm-gli-si-conficca-nella-gambasolo-pochi-centimetri-in-piu-avrebbero-potuto-significare-un-infortunio-che-avrebbe-posto-fine\/","name":"UAE Team Emirates, Moritz Mauss cade in pista e una scheggia di 50 cm gli si conficca nella gamba: \"Solo pochi centimetri in pi\u00f9 e poteva essere la fine alla mia carriera\" - SpazioCiclismo","isPartOf":{"@id":"https:\/\/cyclingpro.net\/spaziociclismo\/#website"},"primaryImageOfPage":{"@id":"https:\/\/cyclingpro.net\/spaziociclismo\/continental\/uae-team-emirates-gen-z-moritz-mauss-cade-in-pista-e-una-scheggia-di-50-cm-gli-si-conficca-nella-gambasolo-pochi-centimetri-in-piu-avrebbero-potuto-significare-un-infortunio-che-avrebbe-posto-fine\/#primaryimage"},"image":{"@id":"https:\/\/cyclingpro.net\/spaziociclismo\/continental\/uae-team-emirates-gen-z-moritz-mauss-cade-in-pista-e-una-scheggia-di-50-cm-gli-si-conficca-nella-gambasolo-pochi-centimetri-in-piu-avrebbero-potuto-significare-un-infortunio-che-avrebbe-posto-fine\/#primaryimage"},"thumbnailUrl":"https:\/\/cyclingpro.net\/spaziociclismo\/wp-content\/uploads\/2026\/04\/Screenshot-2026-04-22-151206.png","datePublished":"2026-04-22T13:18:43+00:00","dateModified":"2026-04-22T13:40:58+00:00","breadcrumb":{"@id":"https:\/\/cyclingpro.net\/spaziociclismo\/continental\/uae-team-emirates-gen-z-moritz-mauss-cade-in-pista-e-una-scheggia-di-50-cm-gli-si-conficca-nella-gambasolo-pochi-centimetri-in-piu-avrebbero-potuto-significare-un-infortunio-che-avrebbe-posto-fine\/#breadcrumb"},"inLanguage":"it-IT","potentialAction":[{"@type":"ReadAction","target":["https:\/\/cyclingpro.net\/spaziociclismo\/continental\/uae-team-emirates-gen-z-moritz-mauss-cade-in-pista-e-una-scheggia-di-50-cm-gli-si-conficca-nella-gambasolo-pochi-centimetri-in-piu-avrebbero-potuto-significare-un-infortunio-che-avrebbe-posto-fine\/"]}]},{"@type":"ImageObject","inLanguage":"it-IT","@id":"https:\/\/cyclingpro.net\/spaziociclismo\/continental\/uae-team-emirates-gen-z-moritz-mauss-cade-in-pista-e-una-scheggia-di-50-cm-gli-si-conficca-nella-gambasolo-pochi-centimetri-in-piu-avrebbero-potuto-significare-un-infortunio-che-avrebbe-posto-fine\/#primaryimage","url":"https:\/\/cyclingpro.net\/spaziociclismo\/wp-content\/uploads\/2026\/04\/Screenshot-2026-04-22-151206.png","contentUrl":"https:\/\/cyclingpro.net\/spaziociclismo\/wp-content\/uploads\/2026\/04\/Screenshot-2026-04-22-151206.png","width":860,"height":669,"caption":"Moritz Mauss"},{"@type":"BreadcrumbList","@id":"https:\/\/cyclingpro.net\/spaziociclismo\/continental\/uae-team-emirates-gen-z-moritz-mauss-cade-in-pista-e-una-scheggia-di-50-cm-gli-si-conficca-nella-gambasolo-pochi-centimetri-in-piu-avrebbero-potuto-significare-un-infortunio-che-avrebbe-posto-fine\/#breadcrumb","itemListElement":[{"@type":"ListItem","position":1,"name":"Home","item":"https:\/\/cyclingpro.net\/spaziociclismo\/"},{"@type":"ListItem","position":2,"name":"UAE Team Emirates Gen Z, Moritz Mauss cade in pista e una scheggia di 50 cm gli si conficca nella gamba:&#8221;Solo pochi centimetri in pi\u00f9 avrebbero potuto significare un infortunio che avrebbe posto fine alla mia carriera&#8221;"}]},{"@type":"WebSite","@id":"https:\/\/cyclingpro.net\/spaziociclismo\/#website","url":"https:\/\/cyclingpro.net\/spaziociclismo\/","name":"SpazioCiclismo","description":"Tutto il ciclismo minuto per minuto","publisher":{"@id":"https:\/\/cyclingpro.net\/spaziociclismo\/#organization"},"potentialAction":[{"@type":"SearchAction","target":{"@type":"EntryPoint","urlTemplate":"https:\/\/cyclingpro.net\/spaziociclismo\/?s={search_term_string}"},"query-input":{"@type":"PropertyValueSpecification","valueRequired":true,"valueName":"search_term_string"}}],"inLanguage":"it-IT"},{"@type":"Organization","@id":"https:\/\/cyclingpro.net\/spaziociclismo\/#organization","name":"SpazioCiclismo","url":"https:\/\/cyclingpro.net\/spaziociclismo\/","logo":{"@type":"ImageObject","inLanguage":"it-IT","@id":"https:\/\/cyclingpro.net\/spaziociclismo\/#\/schema\/logo\/image\/","url":"https:\/\/cyclingpro.net\/spaziociclismo\/wp-content\/uploads\/2017\/02\/SpazioCiclismo-Logo-Quadrato.png","contentUrl":"https:\/\/cyclingpro.net\/spaziociclismo\/wp-content\/uploads\/2017\/02\/SpazioCiclismo-Logo-Quadrato.png","width":450,"height":450,"caption":"SpazioCiclismo"},"image":{"@id":"https:\/\/cyclingpro.net\/spaziociclismo\/#\/schema\/logo\/image\/"},"sameAs":["https:\/\/www.facebook.com\/SpazioCiclismo\/","https:\/\/x.com\/spaziociclismo","https:\/\/www.instagram.com\/spaziociclismo\/"]},{"@type":"Person","@id":"https:\/\/cyclingpro.net\/spaziociclismo\/#\/schema\/person\/dd749f54075861d6da7622fa9f4ca58d","name":"Michela Guarguaglini","image":{"@type":"ImageObject","inLanguage":"it-IT","@id":"https:\/\/secure.gravatar.com\/avatar\/7c861ceff251a282d2b1cc9b3503d3893a703cfd410d29b7869304cd92a0c7c2?s=96&d=mm&r=g","url":"https:\/\/secure.gravatar.com\/avatar\/7c861ceff251a282d2b1cc9b3503d3893a703cfd410d29b7869304cd92a0c7c2?s=96&d=mm&r=g","contentUrl":"https:\/\/secure.gravatar.com\/avatar\/7c861ceff251a282d2b1cc9b3503d3893a703cfd410d29b7869304cd92a0c7c2?s=96&d=mm&r=g","caption":"Michela Guarguaglini"},"url":"https:\/\/cyclingpro.net\/spaziociclismo\/author\/mguarguaglini\/"}]}},"_links":{"self":[{"href":"https:\/\/cyclingpro.net\/spaziociclismo\/wp-json\/wp\/v2\/posts\/374566","targetHints":{"allow":["GET"]}}],"collection":[{"href":"https:\/\/cyclingpro.net\/spaziociclismo\/wp-json\/wp\/v2\/posts"}],"about":[{"href":"https:\/\/cyclingpro.net\/spaziociclismo\/wp-json\/wp\/v2\/types\/post"}],"author":[{"embeddable":true,"href":"https:\/\/cyclingpro.net\/spaziociclismo\/wp-json\/wp\/v2\/users\/46"}],"replies":[{"embeddable":true,"href":"https:\/\/cyclingpro.net\/spaziociclismo\/wp-json\/wp\/v2\/comments?post=374566"}],"version-history":[{"count":3,"href":"https:\/\/cyclingpro.net\/spaziociclismo\/wp-json\/wp\/v2\/posts\/374566\/revisions"}],"predecessor-version":[{"id":374579,"href":"https:\/\/cyclingpro.net\/spaziociclismo\/wp-json\/wp\/v2\/posts\/374566\/revisions\/374579"}],"wp:featuredmedia":[{"embeddable":true,"href":"https:\/\/cyclingpro.net\/spaziociclismo\/wp-json\/wp\/v2\/media\/374570"}],"wp:attachment":[{"href":"https:\/\/cyclingpro.net\/spaziociclismo\/wp-json\/wp\/v2\/media?parent=374566"}],"wp:term":[{"taxonomy":"category","embeddable":true,"href":"https:\/\/cyclingpro.net\/spaziociclismo\/wp-json\/wp\/v2\/categories?post=374566"},{"taxonomy":"post_tag","embeddable":true,"href":"https:\/\/cyclingpro.net\/spaziociclismo\/wp-json\/wp\/v2\/tags?post=374566"}],"curies":[{"name":"wp","href":"https:\/\/api.w.org\/{rel}","templated":true}]}}