{"id":372480,"date":"2026-04-06T20:00:22","date_gmt":"2026-04-06T18:00:22","guid":{"rendered":"https:\/\/cyclingpro.net\/spaziociclismo\/?p=372480"},"modified":"2026-04-07T14:25:48","modified_gmt":"2026-04-07T12:25:48","slug":"presentazione-percorso-e-favoriti-region-pays-de-la-loire-tour-2026","status":"publish","type":"post","link":"https:\/\/cyclingpro.net\/spaziociclismo\/presentazione-corse\/presentazione-percorso-e-favoriti-region-pays-de-la-loire-tour-2026\/","title":{"rendered":"Presentazione Percorso e Favoriti R\u00e9gion Pays de la Loire Tour 2026"},"content":{"rendered":"<p>Da <strong>marted\u00ec 7 aprile<\/strong> si correr\u00e0 il <strong>R\u00e9gion Pays de la Loire Tour 2026<\/strong>, con una novit\u00e0 importante. La breve gara a tappe francese, dopo essere stata classificata come corsa UCI 2.1 fino allo scorso anno, nel 2026 ha compiuto il salto di categoria entrando nel calendario ProSeries. La competizione transalpina si svolger\u00e0 fino a<strong>\u00a0venerd\u00ec 10 aprile<\/strong> e va a collocarsi a circa un mese prima della partenza del Giro d\u2019Italia; per questo motivo potrebbe rappresentare un terreno adatto di preparazione in vista della Corsa Rosa. Nel 2025 \u00e8 stato <strong>K\u00e9vin Vauquelin<\/strong> a conquistare la vittoria finale nella classifica generale, ma quest\u2019anno non sar\u00e0 al via per difendere il titolo.<\/p>\n<p><strong>HASHTAG UFFICIALE:\u00a0<\/strong>#R\u00e9gionTour<\/p>\n<h2>Albo d\u2019Oro recente R\u00e9gion Pays de la Loire Tour<\/h2>\n<p><a href=\"https:\/\/cyclingpro.net\/spaziociclismo\/sintesi-gare\/region-pays-de-la-loire-tour-2025-kevin-vauquelin-vince-lultima-tappa-e-conquista-la-corsa\/\">2025 VAUQUELIN K\u00e9vin<\/a><br \/>\n<a href=\"https:\/\/cyclingpro.net\/spaziociclismo\/sintesi-gare\/region-pays-de-la-loire-2024-marijn-van-den-berg-si-prende-tappa-e-corsa\/\">2024 VAN DEN BERG Marijn<\/a><br \/>\n<a href=\"https:\/\/cyclingpro.net\/spaziociclismo\/sintesi-gare\/region-pays-de-la-loire-tour-2023-frederik-dversnes-conquista-lultima-ma-la-corsa-e-di-alexander-kamp\/\">2023 KAMP Alexander<\/a><br \/>\n<a href=\"https:\/\/cyclingpro.net\/spaziociclismo\/sintesi-gare\/circuit-de-la-sarthe-2022-bis-di-olav-kooij-battuto-xandro-meurisse-in-uno-sprint-a-due-il-neerlandese-conquista-anche-la-generale\/\">2022 KOOIJ Olav<\/a><br \/>\n<a href=\"https:\/\/cyclingpro.net\/spaziociclismo\/continental\/circuit-de-la-sarthe-2021-gli-organizzatori-annunciano-lannullamento-e-danno-appuntamento-al-2022\/\">2021 Non disputato<\/a><br \/>\n<a href=\"https:\/\/cyclingpro.net\/spaziociclismo\/continental\/coronavirus-saltano-anche-ronde-van-drenthe-e-circuit-de-la-sarthe-corsa-annullata-dopo-le-misure-prese-dal-governo-olandese\/\">2020 Non disputato<\/a><br \/>\n<a href=\"https:\/\/cyclingpro.net\/spaziociclismo\/sintesi-gare\/circuit-de-la-sarthe-2019-stoccata-di-vendrame-gougeard-vince-la-generale\/\">2019 GOUGEARD Alexis<\/a><br \/>\n<a href=\"https:\/\/cyclingpro.net\/spaziociclismo\/sintesi-gare\/circuit-de-la-sarthe-21018-si-chiude-nel-segno-di-mclay\/\">2018 MARTIN Guillaume<\/a><br \/>\n<a href=\"https:\/\/cyclingpro.net\/spaziociclismo\/continental\/circuit-de-la-sarthe-2017-festa-doppia-la-direct-energie-coquard-vince-la-tappa-calmejane-la-generale\/\">2017 CALMEJANE Lilian<\/a><br \/>\n2016 FOURNIER Marc<\/p>\n<h2>Percorso R\u00e9gion Pays de la Loire Tour 2026<\/h2>\n<p>Nella prima tappa la corsa misurer\u00e0 187,5 chilometri e prender\u00e0 il via da <strong>Fontevraud-l\u2019Abbaye<\/strong> per poi concludersi a <strong>Vertou<\/strong>. Il percorso si presenter\u00e0 mosso ma privo particolari insidie a livello altimetrico. Dopo 151 chilometri il gruppo attraverser\u00e0 per la prima volta la linea del traguardo, per poi affrontare il circuito conclusivo di 9 chilometri, da ripetere quattro volte prima del finale. Il tracciato dovrebbe dunque favorire le ruote veloci, con un probabile arrivo a ranghi compatti.<\/p>\n<p>Il giorno successivo il programma propone una frazione di 153,6 chilometri, con partenza da <strong>La Garnache<\/strong> e arrivo a <strong>Les Sables d\u2019Olonne<\/strong>, attraverso la Vandea. Anche questa seconda frazione, priva di particolari difficolt\u00e0 altimetriche, dovrebbe favorire i velocisti, in una giornata che si preannuncia piuttosto nervosa. Dopo circa 105 chilometri i corridori passeranno per la prima volta sul traguardo, per poi affrontare, come nella frazione precedente, un circuito finale. In questo caso il circuito misurer\u00e0 25 chilometri e dovr\u00e0 essere percorso due volte, prima della probabile volata conclusiva a Les Sables d\u2019Olonne.<\/p>\n<p>La terza tappa sar\u00e0 la pi\u00f9 lunga dell&#8217;itinerario disegnato dagli organizzatori, visti i 199 chilometri che divideranno i corridori dalla partenza di <strong>Avrill\u00e9<\/strong> all&#8217;arrivo di <strong>Sainte-Suzanne-et-Chammes<\/strong>. La prima met\u00e0 della giornata sar\u00e0 tranquilla, senza particolari difficolt\u00e0 altimetriche. Ben diversa sar\u00e0 la seconda parte, che presenter\u00e0 gli strappi di Le Rottu e de Le Montalgu in una posizione che probabilmente smuover\u00e0 le acque. La corsa far\u00e0 poi rotta verso la localit\u00e0 di arrivo, dove imboccher\u00e0 un circuito di circa 17 chilometri, da percorrere tre volte, che presenter\u00e0 al suo interno la C\u00f4te de la Fousilli\u00e9re, strappo breve ma impegnativo, che potr\u00e0 dare il l\u00e0 a qualche attacco ben portato da qualche cacciatore di tappa.<\/p>\n<p>Si annuncia frizzante anche la quarta e ultima tappa, con partenza da <strong>Br\u00fblon<\/strong> e arrivo a <strong>Le Mans<\/strong>, dopo 179,5 chilometri. Anche in questo caso, la prima parte del tracciato risulta abbastanza placida, considerando comunque qualche saliscendi tipico della zona in cui si gareggia. Un primo Gpm, dopo 96,5 km di gara, aprir\u00e0 le danze, dato che da l\u00ec in poi la strada sar\u00e0 ben pi\u00f9 nervosa. Questa caratteristica trover\u00e0 la sua sublimazione nel circuito finale, lungo 9,3 km e da percorrere per ben 6 volte; nel men\u00f9 ci sar\u00e0 l&#8217;insidioso strappo di Gazonfier, che viene scollinato a 6 km dal cartello del traguardo e che potr\u00e0 risultare decisivo, sia nell&#8217;ultimo passaggio sia per via della fatica dovuta alle sue ripetizioni.<\/p>\n<h2>Tappe R\u00e9gion Pays de la Loire Tour 2026<\/h2>\n<p>Tappa 1 (07\/04): Fontevraud-l\u2019Abbaye \u2013 Vertou (187,5 km)<br \/>\nTappa 2 (08\/04): La Garnache \u2013 Les Sables d\u2019Olonne (153,6 km)<br \/>\nTappa 3 (09\/04): Avrill\u00e9 \u2013 Sainte-Suzanne-et-Chammes (199 km)<br \/>\nTappa 4 (10\/04): Br\u00fblon \u2013 Le Mans (179,5 km)<\/p>\n<h2>Favoriti R\u00e9gion Pays de la Loire Tour 2026<\/h2>\n<p>Complessivamente il percorso sembra rendere questa corsa molto appetitosa per i velocisti resistenti, capaci di fare la differenza nei finali pi\u00f9 concitati e anche di tenere botta quando la strada sale, seppur per periodi non troppo lunghi. Qualche riflettore sar\u00e0 per questo sicuramente acceso su <strong>Corbin Strong<\/strong> (NSN), che in carriera ha vinto le classifiche generali di due corse tendenzialmente simili, il Giro di Norvegia e il Giro di Vallonia. Dalla sua, il neozelandese avr\u00e0 anche una squadra molto ben assortita, che vedr\u00e0 in gara anche<strong> Alexey Lutsenko<\/strong>; il kazako pare ormai lontano dai livelli toccati in passato, ma una serie di giornate regolari, con qualche acuto, potrebbero anche portarlo in alto in classifica a fine gara.<\/p>\n<p>Velocista resistente e in ottime condizioni di forma \u00e8 pure <strong>Pierre Gautherat<\/strong> (Decathlon CMA CGM), che recentemente ha vinto su percorsi insidiosi e che ha le caratteristiche giuste per spiccare in queste quattro giornate. Le strade affrontate rappresentano per\u00f2 un terreno su cui gli attacchi potranno fioccare: ecco quindi che corridori in grado di piazzare stoccate di classe, anche solitarie, possono ricavarsi spazi importanti nella generale. \u00c8 il caso di <strong>Benjamin Thomas<\/strong> (Cofidis) e di <strong>Ewen Costiou<\/strong> (Groupama-FDJ United), che saranno frecce importante nelle faretre delle rispettive squadre.<\/p>\n<p>Da vedere poi quale sar\u00e0 il rendimento, e anche la strategia che la squadra sceglier\u00e0 per lui, di <strong>Lander Loockx<\/strong> (Unibet Rose Rockets), corridore che sa come muoversi in contesti di questo tipo e che in passato ha gi\u00e0 raccolto risultati individuali di buon livello. Con la stessa maglia sar\u00e0 in azione inoltre <strong>Adrien Maire<\/strong>, che per\u00f2 \u00e8 pi\u00f9 scalatore rispetto al collega: qualche scenario particolare di gara potrebbe comunque permettergli di ritagliarsi un ruolo importante per la graduatoria generale.<\/p>\n<p>Nelle ultime settimane <strong>Martin Marcellusi<\/strong> (Bardiani CSF 7 Saber) ha mostrato una buonissima condizione e qualche attacco ben congegnato potrebbe dargli modo di lottare per risultati importanti, oltre che per traguardi di giornata. Stesso discorso potr\u00e0 valere per <strong>Quinten Hermans<\/strong> (Pinarello-Q36.5), che potrebbe trovarsi molto bene sugli strappi delle ultime due tappe, e anche per <strong>Mirco Maestri<\/strong> (Polti VisitMalta), qualora l&#8217;andamento di gara lo porti nel cuore di azioni importanti. Far\u00e0 poi probabilmente classifica <strong>Alexandre Delettre<\/strong> (TotalEnergies), corridore regolare ed efficace, che nel 2025 chiuse sul secondo gradino del podio.<\/p>\n<p>A caccia di piazzamenti significativi, e anche dei numerosi punti UCI in palio nella classifica generale, andranno anche <strong>Tom Donnenwirth<\/strong> (Groupama-FDJ United), <strong>Alexander Kamp<\/strong> (Uno-X Mobility), anche se la sua squadra sembra ben pi\u00f9 orientata alle vittorie di tappa, e alcuni rappresentanti delle squadre Continental presenti, fra cui <strong>Thomas Champion<\/strong> (St Michel-Preference Home-Auber 93) e <strong>L\u00e9andre Lozouet<\/strong> (CIC Academy), oltre a quel <strong>Thibault Guernalec<\/strong> (TotalEnergies), che sar\u00e0 per\u00f2 all&#8217;esordio stagionale in gara, con tutti i dubbi che ne possono conseguire in merito alla condizione.<\/p>\n<h3>Borsino dei Favoriti R\u00e9gion Pays de la Loire Tour 2026<\/h3>\n<p>***** Corbin Strong<br \/>\n**** Pierre Gautherat, Benjamin Thomas<br \/>\n*** Ewen Costiou, Lander Loockx, Martin Marcellusi<br \/>\n** Alexandre Delettre, Tom Donnenwirth, Quinten Hermans, Mirco Maestri<br \/>\n* Thomas Champion, Alexander Kamp, L\u00e9andre Lozouet, Alexey Lutsenko, Adrien Maire<\/p>\n<h2>Cacciatori di tappe R\u00e9gion Pays de la Loire Tour 2026<\/h2>\n<p>Ci sono almeno due traguardi che sembrano riservati ai velocisti, categoria di corridori decisamente ben rappresentata nel campo partenti. Oltre a quelli che potrebbero avere mire di classifica generale, bisogner\u00e0 tenere d&#8217;occhio <strong>Noah Hobbs<\/strong> (Ef Education-EasyPost), <strong>Paul Penho\u00ebt<\/strong> (Groupama-FDJ United), <strong>Erlend Blikra<\/strong> (Uno-X Mobility), <strong>Bryan Coquard<\/strong> (Cofidis), <strong>Jason Tesson<\/strong> (TotalEnergies), <strong>Cl\u00e9ment Venturini<\/strong> (Unibet Rose Rockets), <strong>Manuel Pe\u00f1alver<\/strong> (Polti VisitMalta), <strong>Enrico Zanoncello<\/strong> (Bardiani CSF 7 Saber), <strong>Paul Hennequin<\/strong> (Euskaltel-Euskadi), <strong>Fernando Gaviria<\/strong> (Caja Rural-Seguros RGA) e <strong>Louis Hardouin<\/strong> (Van Rysel Roubaix), oltre a un <strong>Sam Bennett<\/strong> (Pinarello-Q36.5) che spera di ritrovare lo spunto di qualche anno fa.<\/p>\n<p>Notevole, poi, la &#8220;batteria&#8221; schierata dalla NSN, che oltre al sopracitato Strong schiera anche <strong>Jake Stewart<\/strong> e, soprattutto, <strong>Ethan Vernon,<\/strong> entrambi in grado di fare cose importanti in finali veloci e caotici. Ci sono poi diversi corridori che possono provare a lasciare il loro marchio sulla corsa attaccando da lontano o provando a muoversi in momenti propizi: attenzione, quindi, a <strong>R\u00e9mi Cavagna<\/strong> (Groupama-FDJ United), <strong>Noa Isidore<\/strong> (Decathlon CMA CGM), <strong>Stian Fredheim<\/strong> (Uno-X Mobility), <strong>Valentin Ferron<\/strong> (Cofidis), <strong>Walter Calzoni<\/strong> (Pinarello-Q36.5), <strong>Davide Bais<\/strong> (Polti VisitMalta), <strong>Matthias Schwarzbacker<\/strong> (Ef Education-EasyPost), <strong>Mathis Le Berre<\/strong> (TotalEnergies) e <strong>Axel Van der Tuuk<\/strong> (Euskaltel-Euskadi),<\/p>\n<h2>Punti UCI R\u00e9gion Pays de la Loire Tour 2026<\/h2>\n<div class=\"table-is-responsive\">\n<table style=\"height: 609px; width: 100%; border-collapse: collapse;\">\n<tbody>\n<tr style=\"height: 37px;\">\n<td style=\"width: 30.2676%; height: 37px;\"><span style=\"font-size: 12pt;\"><strong>POSIZIONE CLASSIFICA FINALE\u00a0<\/strong><\/span><\/td>\n<td style=\"width: 23.1237%; height: 37px;\"><span style=\"font-size: 12pt;\"><strong>PUNTI UCI<\/strong><\/span><\/td>\n<td style=\"width: 26.3187%; height: 37px;\"><span style=\"font-size: 12pt;\"><strong>POSIZIONE TAPPA SINGOLA<\/strong><\/span><\/td>\n<td style=\"width: 20.29%; height: 37px;\"><span style=\"font-size: 12pt;\"><strong>PUNTI UCI<\/strong><\/span><\/td>\n<\/tr>\n<tr style=\"height: 37px;\">\n<td style=\"width: 30.2676%; height: 37px;\"><span style=\"font-size: 12pt;\">1<\/span><\/td>\n<td style=\"width: 23.1237%; height: 37px;\"><span style=\"font-size: 12pt;\">250<\/span><\/td>\n<td style=\"width: 26.3187%; height: 37px;\"><span style=\"font-size: 12pt;\">1<\/span><\/td>\n<td style=\"width: 20.29%; height: 37px;\"><span style=\"font-size: 12pt;\">25<\/span><\/td>\n<\/tr>\n<tr style=\"height: 37px;\">\n<td style=\"width: 30.2676%; height: 37px;\"><span style=\"font-size: 12pt;\">2<\/span><\/td>\n<td style=\"width: 23.1237%; height: 37px;\"><span style=\"font-size: 12pt;\">170<\/span><\/td>\n<td style=\"width: 26.3187%; height: 37px;\"><span style=\"font-size: 12pt;\">2<\/span><\/td>\n<td style=\"width: 20.29%; height: 37px;\"><span style=\"font-size: 12pt;\">15<\/span><\/td>\n<\/tr>\n<tr style=\"height: 37px;\">\n<td style=\"width: 30.2676%; height: 37px;\"><span style=\"font-size: 12pt;\">3<\/span><\/td>\n<td style=\"width: 23.1237%; height: 37px;\"><span style=\"font-size: 12pt;\">140<\/span><\/td>\n<td style=\"width: 26.3187%; height: 37px;\"><span style=\"font-size: 12pt;\">3<\/span><\/td>\n<td style=\"width: 20.29%; height: 37px;\"><span style=\"font-size: 12pt;\">10<\/span><\/td>\n<\/tr>\n<tr style=\"height: 37px;\">\n<td style=\"width: 30.2676%; height: 37px;\"><span style=\"font-size: 12pt;\">4<\/span><\/td>\n<td style=\"width: 23.1237%; height: 37px;\"><span style=\"font-size: 12pt;\">120<\/span><\/td>\n<td style=\"width: 26.3187%; height: 37px;\">4<\/td>\n<td style=\"width: 20.29%; height: 37px;\">5<\/td>\n<\/tr>\n<tr style=\"height: 37px;\">\n<td style=\"width: 30.2676%; height: 37px;\"><span style=\"font-size: 12pt;\">5<\/span><\/td>\n<td style=\"width: 23.1237%; height: 37px;\"><span style=\"font-size: 12pt;\">100<\/span><\/td>\n<td style=\"width: 26.3187%; height: 37px;\">5<\/td>\n<td style=\"width: 20.29%; height: 37px;\">3<\/td>\n<\/tr>\n<tr style=\"height: 37px;\">\n<td style=\"width: 30.2676%; height: 37px;\"><span style=\"font-size: 12pt;\">6<\/span><\/td>\n<td style=\"width: 23.1237%; height: 37px;\"><span style=\"font-size: 12pt;\">80<\/span><\/td>\n<td style=\"width: 26.3187%; height: 37px;\"><\/td>\n<td style=\"width: 20.29%; height: 37px;\"><\/td>\n<\/tr>\n<tr style=\"height: 37px;\">\n<td style=\"width: 30.2676%; height: 37px;\"><span style=\"font-size: 12pt;\">7<\/span><\/td>\n<td style=\"width: 23.1237%; height: 37px;\"><span style=\"font-size: 12pt;\">70<\/span><\/td>\n<td style=\"width: 26.3187%; height: 37px;\"><\/td>\n<td style=\"width: 20.29%; height: 37px;\"><\/td>\n<\/tr>\n<tr style=\"height: 37px;\">\n<td style=\"width: 30.2676%; height: 37px;\"><span style=\"font-size: 12pt;\">8<\/span><\/td>\n<td style=\"width: 23.1237%; height: 37px;\"><span style=\"font-size: 12pt;\">60<\/span><\/td>\n<td style=\"width: 26.3187%; height: 37px;\"><\/td>\n<td style=\"width: 20.29%; height: 37px;\"><\/td>\n<\/tr>\n<tr style=\"height: 37px;\">\n<td style=\"width: 30.2676%; height: 37px;\"><span style=\"font-size: 12pt;\">9<\/span><\/td>\n<td style=\"width: 23.1237%; height: 37px;\"><span style=\"font-size: 12pt;\">50<\/span><\/td>\n<td style=\"width: 26.3187%; height: 37px;\"><\/td>\n<td style=\"width: 20.29%; height: 37px;\"><\/td>\n<\/tr>\n<tr style=\"height: 37px;\">\n<td style=\"width: 30.2676%; height: 37px;\"><span style=\"font-size: 12pt;\">10<\/span><\/td>\n<td style=\"width: 23.1237%; height: 37px;\"><span style=\"font-size: 12pt;\">40<\/span><\/td>\n<td style=\"width: 26.3187%; height: 37px;\"><\/td>\n<td style=\"width: 20.29%; height: 37px;\"><\/td>\n<\/tr>\n<tr style=\"height: 37px;\">\n<td style=\"width: 30.2676%; height: 37px;\"><span style=\"font-size: 12pt;\">11<\/span><\/td>\n<td style=\"width: 23.1237%; height: 37px;\"><span style=\"font-size: 12pt;\">30<\/span><\/td>\n<td style=\"width: 26.3187%; height: 37px;\"><\/td>\n<td style=\"width: 20.29%; height: 37px;\"><\/td>\n<\/tr>\n<tr style=\"height: 37px;\">\n<td style=\"width: 30.2676%; height: 37px;\"><span style=\"font-size: 12pt;\">12<\/span><\/td>\n<td style=\"width: 23.1237%; height: 37px;\"><span style=\"font-size: 12pt;\">20<\/span><\/td>\n<td style=\"width: 26.3187%; height: 37px;\"><\/td>\n<td style=\"width: 20.29%; height: 37px;\"><\/td>\n<\/tr>\n<tr style=\"height: 37px;\">\n<td style=\"width: 30.2676%; height: 37px;\"><span style=\"font-size: 12pt;\">13<\/span><\/td>\n<td style=\"width: 23.1237%; height: 37px;\">10<\/td>\n<td style=\"width: 26.3187%; height: 37px;\"><\/td>\n<td style=\"width: 20.29%; height: 37px;\"><\/td>\n<\/tr>\n<tr style=\"height: 37px;\">\n<td style=\"width: 30.2676%; height: 37px;\"><span style=\"font-size: 12pt;\">14<\/span><\/td>\n<td style=\"width: 23.1237%; height: 37px;\"><span style=\"font-size: 12pt;\">10<\/span><\/td>\n<td style=\"width: 26.3187%; height: 37px;\"><\/td>\n<td style=\"width: 20.29%; height: 37px;\"><\/td>\n<\/tr>\n<tr style=\"height: 37px;\">\n<td style=\"width: 30.2676%; height: 37px;\"><span style=\"font-size: 12pt;\">15<\/span><\/td>\n<td style=\"width: 23.1237%; height: 37px;\"><span style=\"font-size: 12pt;\">10<\/span><\/td>\n<td style=\"width: 26.3187%; height: 37px;\"><\/td>\n<td style=\"width: 20.29%; height: 37px;\"><\/td>\n<\/tr>\n<tr style=\"height: 37px;\">\n<td style=\"width: 30.2676%; height: 17px;\"><span style=\"font-size: 12pt;\">16-25<\/span><\/td>\n<td style=\"width: 23.1237%; height: 17px;\"><span style=\"font-size: 12pt;\">6<\/span><\/td>\n<td style=\"width: 26.3187%; height: 17px;\"><\/td>\n<td style=\"width: 20.29%; height: 17px;\"><\/td>\n<\/tr>\n<tr>\n<td style=\"width: 30.2676%;\"><span style=\"font-size: 12pt;\">26-30<\/span><\/td>\n<td style=\"width: 23.1237%;\">5<\/td>\n<td style=\"width: 26.3187%;\"><\/td>\n<td style=\"width: 20.29%;\"><\/td>\n<\/tr>\n<tr>\n<td style=\"width: 30.2676%;\"><span style=\"font-size: 12pt;\">31-40<\/span><\/td>\n<td style=\"width: 23.1237%;\">3<\/td>\n<td style=\"width: 26.3187%;\"><\/td>\n<td style=\"width: 20.29%;\"><\/td>\n<\/tr>\n<\/tbody>\n<\/table>\n<\/div>\n<h2>Altimetrie e Planimetrie R\u00e9gion Pays de la Loire Tour 2026<\/h2>\n<h3>Tappa 1 (07\/04): Fontevraud-l\u2019Abbaye \u2013 Vertou (187,5 km)<\/h3>\n<p><iframe loading=\"lazy\" src=\"https:\/\/secure.cyclingprodata.com\/widgets\/latest\/widgets.html?type=profile&amp;tour_id=1131&amp;stage_number=1&amp;language=it&amp;show_gradients=true\" width=\"100%\" height=\"420px\" data-mce-fragment=\"1\"><\/iframe><iframe loading=\"lazy\" src=\"https:\/\/secure.cyclingprodata.com\/widgets\/latest\/widgets.html?type=map&amp;tour_id=1131&amp;stage_number=1&amp;language=it\" width=\"100%\" height=\"420px\" data-mce-fragment=\"1\"><span data-mce-type=\"bookmark\" style=\"display: inline-block; width: 0px; overflow: hidden; line-height: 0;\" class=\"mce_SELRES_start\">\ufeff<\/span><span data-mce-type=\"bookmark\" style=\"display: inline-block; width: 0px; overflow: hidden; line-height: 0;\" class=\"mce_SELRES_start\">\ufeff<\/span><span data-mce-type=\"bookmark\" style=\"display: inline-block; width: 0px; overflow: hidden; line-height: 0;\" class=\"mce_SELRES_start\">\ufeff<\/span><span data-mce-type=\"bookmark\" style=\"display: inline-block; width: 0px; overflow: hidden; line-height: 0;\" class=\"mce_SELRES_start\">\ufeff<\/span><\/iframe><\/p>\n<h3>Tappa 2 (08\/04): La Garnache \u2013 Les Sables d\u2019Olonne (153,6 km)<\/h3>\n<p><iframe loading=\"lazy\" src=\"https:\/\/secure.cyclingprodata.com\/widgets\/latest\/widgets.html?type=profile&amp;tour_id=1131&amp;stage_number=2&amp;language=it&amp;show_gradients=true\" width=\"100%\" height=\"420px\" data-mce-fragment=\"1\"><\/iframe><iframe loading=\"lazy\" src=\"https:\/\/secure.cyclingprodata.com\/widgets\/latest\/widgets.html?type=map&amp;tour_id=1131&amp;stage_number=2&amp;language=it\" width=\"100%\" height=\"420px\" data-mce-fragment=\"1\"><span data-mce-type=\"bookmark\" style=\"display: inline-block; width: 0px; overflow: hidden; line-height: 0;\" class=\"mce_SELRES_start\">\ufeff<\/span><span data-mce-type=\"bookmark\" style=\"display: inline-block; width: 0px; overflow: hidden; line-height: 0;\" class=\"mce_SELRES_start\">\ufeff<\/span><span data-mce-type=\"bookmark\" style=\"display: inline-block; width: 0px; overflow: hidden; line-height: 0;\" class=\"mce_SELRES_start\">\ufeff<\/span><span data-mce-type=\"bookmark\" style=\"display: inline-block; width: 0px; overflow: hidden; line-height: 0;\" class=\"mce_SELRES_start\">\ufeff<\/span><\/iframe><\/p>\n<h3>Tappa 3 (09\/04): Avrill\u00e9 \u2013 Sainte-Suzanne-et-Chammes (199 km)<\/h3>\n<p><iframe loading=\"lazy\" src=\"https:\/\/secure.cyclingprodata.com\/widgets\/latest\/widgets.html?type=profile&amp;tour_id=1131&amp;stage_number=3&amp;language=it&amp;show_gradients=true\" width=\"100%\" height=\"420px\" data-mce-fragment=\"1\"><\/iframe><iframe loading=\"lazy\" src=\"https:\/\/secure.cyclingprodata.com\/widgets\/latest\/widgets.html?type=map&amp;tour_id=1131&amp;stage_number=3&amp;language=it\" width=\"100%\" height=\"420px\" data-mce-fragment=\"1\"><span data-mce-type=\"bookmark\" style=\"display: inline-block; width: 0px; overflow: hidden; line-height: 0;\" class=\"mce_SELRES_start\">\ufeff<\/span><span data-mce-type=\"bookmark\" style=\"display: inline-block; width: 0px; overflow: hidden; line-height: 0;\" class=\"mce_SELRES_start\">\ufeff<\/span><span data-mce-type=\"bookmark\" style=\"display: inline-block; width: 0px; overflow: hidden; line-height: 0;\" class=\"mce_SELRES_start\">\ufeff<\/span><span data-mce-type=\"bookmark\" style=\"display: inline-block; width: 0px; overflow: hidden; line-height: 0;\" class=\"mce_SELRES_start\">\ufeff<\/span><\/iframe><\/p>\n<h3>Tappa 4 (10\/04): Br\u00fblon \u2013 Le Mans (179,5 km)<\/h3>\n<p><iframe loading=\"lazy\" src=\"https:\/\/secure.cyclingprodata.com\/widgets\/latest\/widgets.html?type=profile&amp;tour_id=1131&amp;stage_number=4&amp;language=it&amp;show_gradients=true\" width=\"100%\" height=\"420px\" data-mce-fragment=\"1\"><\/iframe><iframe loading=\"lazy\" src=\"https:\/\/secure.cyclingprodata.com\/widgets\/latest\/widgets.html?type=map&amp;tour_id=1131&amp;stage_number=4&amp;language=it\" width=\"100%\" height=\"420px\" data-mce-fragment=\"1\"><span data-mce-type=\"bookmark\" style=\"display: inline-block; width: 0px; overflow: hidden; line-height: 0;\" class=\"mce_SELRES_start\">\ufeff<\/span><span data-mce-type=\"bookmark\" style=\"display: inline-block; width: 0px; overflow: hidden; line-height: 0;\" class=\"mce_SELRES_start\">\ufeff<\/span><span data-mce-type=\"bookmark\" style=\"display: inline-block; width: 0px; overflow: hidden; line-height: 0;\" class=\"mce_SELRES_start\">\ufeff<\/span><span data-mce-type=\"bookmark\" style=\"display: inline-block; width: 0px; overflow: hidden; line-height: 0;\" class=\"mce_SELRES_start\">\ufeff<\/span><\/iframe><\/p>\n","protected":false},"excerpt":{"rendered":"<p>Da marted\u00ec 7 e fino a venerd\u00ec 10 si correr\u00e0 il R\u00e9gion Pays de la Loire Tour 2026, con una novit\u00e0 importante. #R\u00e9gionTour\u00a0<\/p>\n","protected":false},"author":25,"featured_media":330385,"comment_status":"open","ping_status":"closed","sticky":false,"template":"","format":"standard","meta":{"footnotes":""},"categories":[6,14,21],"tags":[6809],"class_list":["post-372480","post","type-post","status-publish","format-standard","has-post-thumbnail","hentry","category-continental","category-presentazione-corse","category-vetrina","tag-region-pays-de-la-loire-tour-2026"],"yoast_head":"<!-- This site is optimized with the Yoast SEO plugin v27.4 - https:\/\/yoast.com\/product\/yoast-seo-wordpress\/ -->\n<title>Presentazione Percorso e Favoriti R\u00e9gion Pays de la Loire Tour 2026 - SpazioCiclismo<\/title>\n<meta name=\"robots\" content=\"index, follow, max-snippet:-1, max-image-preview:large, max-video-preview:-1\" \/>\n<link rel=\"canonical\" href=\"https:\/\/cyclingpro.net\/spaziociclismo\/presentazione-corse\/presentazione-percorso-e-favoriti-region-pays-de-la-loire-tour-2026\/\" \/>\n<meta property=\"og:locale\" content=\"it_IT\" \/>\n<meta property=\"og:type\" content=\"article\" \/>\n<meta property=\"og:title\" content=\"Presentazione Percorso e Favoriti R\u00e9gion Pays de la Loire Tour 2026 - SpazioCiclismo\" \/>\n<meta property=\"og:description\" content=\"Da marted\u00ec 7 e fino a venerd\u00ec 10 si correr\u00e0 il R\u00e9gion Pays de la Loire Tour 2026, con una novit\u00e0 importante. #R\u00e9gionTour\u00a0\" \/>\n<meta property=\"og:url\" content=\"https:\/\/cyclingpro.net\/spaziociclismo\/presentazione-corse\/presentazione-percorso-e-favoriti-region-pays-de-la-loire-tour-2026\/\" \/>\n<meta property=\"og:site_name\" content=\"SpazioCiclismo\" \/>\n<meta property=\"article:publisher\" content=\"https:\/\/www.facebook.com\/SpazioCiclismo\/\" \/>\n<meta property=\"article:published_time\" content=\"2026-04-06T18:00:22+00:00\" \/>\n<meta property=\"article:modified_time\" content=\"2026-04-07T12:25:48+00:00\" \/>\n<meta property=\"og:image\" content=\"https:\/\/cyclingpro.net\/spaziociclismo\/wp-content\/uploads\/2025\/04\/Kevin-Vauquelin-Tappa-4-Region-Pays-de-la-Loire-Tour-2025.jpg\" \/>\n\t<meta property=\"og:image:width\" content=\"1200\" \/>\n\t<meta property=\"og:image:height\" content=\"800\" \/>\n\t<meta property=\"og:image:type\" content=\"image\/jpeg\" \/>\n<meta name=\"author\" content=\"Francesco Mitola\" \/>\n<meta name=\"twitter:card\" content=\"summary_large_image\" \/>\n<meta name=\"twitter:creator\" content=\"@spaziociclismo\" \/>\n<meta name=\"twitter:site\" content=\"@spaziociclismo\" \/>\n<meta name=\"twitter:label1\" content=\"Scritto da\" \/>\n\t<meta name=\"twitter:data1\" content=\"Francesco Mitola\" \/>\n\t<meta name=\"twitter:label2\" content=\"Tempo di lettura stimato\" \/>\n\t<meta name=\"twitter:data2\" content=\"8 minuti\" \/>\n<script type=\"application\/ld+json\" class=\"yoast-schema-graph\">{\"@context\":\"https:\\\/\\\/schema.org\",\"@graph\":[{\"@type\":\"Article\",\"@id\":\"https:\\\/\\\/cyclingpro.net\\\/spaziociclismo\\\/presentazione-corse\\\/presentazione-percorso-e-favoriti-region-pays-de-la-loire-tour-2026\\\/#article\",\"isPartOf\":{\"@id\":\"https:\\\/\\\/cyclingpro.net\\\/spaziociclismo\\\/presentazione-corse\\\/presentazione-percorso-e-favoriti-region-pays-de-la-loire-tour-2026\\\/\"},\"author\":{\"name\":\"Francesco Mitola\",\"@id\":\"https:\\\/\\\/cyclingpro.net\\\/spaziociclismo\\\/#\\\/schema\\\/person\\\/627dbc08c9712c25304b059bbb765de8\"},\"headline\":\"Presentazione Percorso e Favoriti R\u00e9gion Pays de la Loire Tour 2026\",\"datePublished\":\"2026-04-06T18:00:22+00:00\",\"dateModified\":\"2026-04-07T12:25:48+00:00\",\"mainEntityOfPage\":{\"@id\":\"https:\\\/\\\/cyclingpro.net\\\/spaziociclismo\\\/presentazione-corse\\\/presentazione-percorso-e-favoriti-region-pays-de-la-loire-tour-2026\\\/\"},\"wordCount\":1361,\"commentCount\":0,\"publisher\":{\"@id\":\"https:\\\/\\\/cyclingpro.net\\\/spaziociclismo\\\/#organization\"},\"image\":{\"@id\":\"https:\\\/\\\/cyclingpro.net\\\/spaziociclismo\\\/presentazione-corse\\\/presentazione-percorso-e-favoriti-region-pays-de-la-loire-tour-2026\\\/#primaryimage\"},\"thumbnailUrl\":\"https:\\\/\\\/cyclingpro.net\\\/spaziociclismo\\\/wp-content\\\/uploads\\\/2025\\\/04\\\/Kevin-Vauquelin-Tappa-4-Region-Pays-de-la-Loire-Tour-2025.jpg\",\"keywords\":[\"R\u00e9gion Pays de la Loire Tour 2026\"],\"articleSection\":[\"Continental\",\"Presentazione Corse\",\"Vetrina\"],\"inLanguage\":\"it-IT\",\"potentialAction\":[{\"@type\":\"CommentAction\",\"name\":\"Comment\",\"target\":[\"https:\\\/\\\/cyclingpro.net\\\/spaziociclismo\\\/presentazione-corse\\\/presentazione-percorso-e-favoriti-region-pays-de-la-loire-tour-2026\\\/#respond\"]}]},{\"@type\":\"WebPage\",\"@id\":\"https:\\\/\\\/cyclingpro.net\\\/spaziociclismo\\\/presentazione-corse\\\/presentazione-percorso-e-favoriti-region-pays-de-la-loire-tour-2026\\\/\",\"url\":\"https:\\\/\\\/cyclingpro.net\\\/spaziociclismo\\\/presentazione-corse\\\/presentazione-percorso-e-favoriti-region-pays-de-la-loire-tour-2026\\\/\",\"name\":\"Presentazione Percorso e Favoriti R\u00e9gion Pays de la Loire Tour 2026 - SpazioCiclismo\",\"isPartOf\":{\"@id\":\"https:\\\/\\\/cyclingpro.net\\\/spaziociclismo\\\/#website\"},\"primaryImageOfPage\":{\"@id\":\"https:\\\/\\\/cyclingpro.net\\\/spaziociclismo\\\/presentazione-corse\\\/presentazione-percorso-e-favoriti-region-pays-de-la-loire-tour-2026\\\/#primaryimage\"},\"image\":{\"@id\":\"https:\\\/\\\/cyclingpro.net\\\/spaziociclismo\\\/presentazione-corse\\\/presentazione-percorso-e-favoriti-region-pays-de-la-loire-tour-2026\\\/#primaryimage\"},\"thumbnailUrl\":\"https:\\\/\\\/cyclingpro.net\\\/spaziociclismo\\\/wp-content\\\/uploads\\\/2025\\\/04\\\/Kevin-Vauquelin-Tappa-4-Region-Pays-de-la-Loire-Tour-2025.jpg\",\"datePublished\":\"2026-04-06T18:00:22+00:00\",\"dateModified\":\"2026-04-07T12:25:48+00:00\",\"breadcrumb\":{\"@id\":\"https:\\\/\\\/cyclingpro.net\\\/spaziociclismo\\\/presentazione-corse\\\/presentazione-percorso-e-favoriti-region-pays-de-la-loire-tour-2026\\\/#breadcrumb\"},\"inLanguage\":\"it-IT\",\"potentialAction\":[{\"@type\":\"ReadAction\",\"target\":[\"https:\\\/\\\/cyclingpro.net\\\/spaziociclismo\\\/presentazione-corse\\\/presentazione-percorso-e-favoriti-region-pays-de-la-loire-tour-2026\\\/\"]}]},{\"@type\":\"ImageObject\",\"inLanguage\":\"it-IT\",\"@id\":\"https:\\\/\\\/cyclingpro.net\\\/spaziociclismo\\\/presentazione-corse\\\/presentazione-percorso-e-favoriti-region-pays-de-la-loire-tour-2026\\\/#primaryimage\",\"url\":\"https:\\\/\\\/cyclingpro.net\\\/spaziociclismo\\\/wp-content\\\/uploads\\\/2025\\\/04\\\/Kevin-Vauquelin-Tappa-4-Region-Pays-de-la-Loire-Tour-2025.jpg\",\"contentUrl\":\"https:\\\/\\\/cyclingpro.net\\\/spaziociclismo\\\/wp-content\\\/uploads\\\/2025\\\/04\\\/Kevin-Vauquelin-Tappa-4-Region-Pays-de-la-Loire-Tour-2025.jpg\",\"width\":1200,\"height\":800,\"caption\":\"\u00a9 LNC \\\/ Marie Vaning\"},{\"@type\":\"BreadcrumbList\",\"@id\":\"https:\\\/\\\/cyclingpro.net\\\/spaziociclismo\\\/presentazione-corse\\\/presentazione-percorso-e-favoriti-region-pays-de-la-loire-tour-2026\\\/#breadcrumb\",\"itemListElement\":[{\"@type\":\"ListItem\",\"position\":1,\"name\":\"Home\",\"item\":\"https:\\\/\\\/cyclingpro.net\\\/spaziociclismo\\\/\"},{\"@type\":\"ListItem\",\"position\":2,\"name\":\"Presentazione Percorso e Favoriti R\u00e9gion Pays de la Loire Tour 2026\"}]},{\"@type\":\"WebSite\",\"@id\":\"https:\\\/\\\/cyclingpro.net\\\/spaziociclismo\\\/#website\",\"url\":\"https:\\\/\\\/cyclingpro.net\\\/spaziociclismo\\\/\",\"name\":\"SpazioCiclismo\",\"description\":\"Tutto il ciclismo minuto per minuto\",\"publisher\":{\"@id\":\"https:\\\/\\\/cyclingpro.net\\\/spaziociclismo\\\/#organization\"},\"potentialAction\":[{\"@type\":\"SearchAction\",\"target\":{\"@type\":\"EntryPoint\",\"urlTemplate\":\"https:\\\/\\\/cyclingpro.net\\\/spaziociclismo\\\/?s={search_term_string}\"},\"query-input\":{\"@type\":\"PropertyValueSpecification\",\"valueRequired\":true,\"valueName\":\"search_term_string\"}}],\"inLanguage\":\"it-IT\"},{\"@type\":\"Organization\",\"@id\":\"https:\\\/\\\/cyclingpro.net\\\/spaziociclismo\\\/#organization\",\"name\":\"SpazioCiclismo\",\"url\":\"https:\\\/\\\/cyclingpro.net\\\/spaziociclismo\\\/\",\"logo\":{\"@type\":\"ImageObject\",\"inLanguage\":\"it-IT\",\"@id\":\"https:\\\/\\\/cyclingpro.net\\\/spaziociclismo\\\/#\\\/schema\\\/logo\\\/image\\\/\",\"url\":\"https:\\\/\\\/cyclingpro.net\\\/spaziociclismo\\\/wp-content\\\/uploads\\\/2017\\\/02\\\/SpazioCiclismo-Logo-Quadrato.png\",\"contentUrl\":\"https:\\\/\\\/cyclingpro.net\\\/spaziociclismo\\\/wp-content\\\/uploads\\\/2017\\\/02\\\/SpazioCiclismo-Logo-Quadrato.png\",\"width\":450,\"height\":450,\"caption\":\"SpazioCiclismo\"},\"image\":{\"@id\":\"https:\\\/\\\/cyclingpro.net\\\/spaziociclismo\\\/#\\\/schema\\\/logo\\\/image\\\/\"},\"sameAs\":[\"https:\\\/\\\/www.facebook.com\\\/SpazioCiclismo\\\/\",\"https:\\\/\\\/x.com\\\/spaziociclismo\",\"https:\\\/\\\/www.instagram.com\\\/spaziociclismo\\\/\"]},{\"@type\":\"Person\",\"@id\":\"https:\\\/\\\/cyclingpro.net\\\/spaziociclismo\\\/#\\\/schema\\\/person\\\/627dbc08c9712c25304b059bbb765de8\",\"name\":\"Francesco Mitola\",\"image\":{\"@type\":\"ImageObject\",\"inLanguage\":\"it-IT\",\"@id\":\"https:\\\/\\\/secure.gravatar.com\\\/avatar\\\/dc58a640368550cd17129d2ff185eec5cb2821b7c3403fc06dcaca847ae762d3?s=96&d=mm&r=g\",\"url\":\"https:\\\/\\\/secure.gravatar.com\\\/avatar\\\/dc58a640368550cd17129d2ff185eec5cb2821b7c3403fc06dcaca847ae762d3?s=96&d=mm&r=g\",\"contentUrl\":\"https:\\\/\\\/secure.gravatar.com\\\/avatar\\\/dc58a640368550cd17129d2ff185eec5cb2821b7c3403fc06dcaca847ae762d3?s=96&d=mm&r=g\",\"caption\":\"Francesco Mitola\"},\"url\":\"https:\\\/\\\/cyclingpro.net\\\/spaziociclismo\\\/author\\\/fmitola\\\/\"}]}<\/script>\n<!-- \/ Yoast SEO plugin. -->","yoast_head_json":{"title":"Presentazione Percorso e Favoriti R\u00e9gion Pays de la Loire Tour 2026 - SpazioCiclismo","robots":{"index":"index","follow":"follow","max-snippet":"max-snippet:-1","max-image-preview":"max-image-preview:large","max-video-preview":"max-video-preview:-1"},"canonical":"https:\/\/cyclingpro.net\/spaziociclismo\/presentazione-corse\/presentazione-percorso-e-favoriti-region-pays-de-la-loire-tour-2026\/","og_locale":"it_IT","og_type":"article","og_title":"Presentazione Percorso e Favoriti R\u00e9gion Pays de la Loire Tour 2026 - SpazioCiclismo","og_description":"Da marted\u00ec 7 e fino a venerd\u00ec 10 si correr\u00e0 il R\u00e9gion Pays de la Loire Tour 2026, con una novit\u00e0 importante. #R\u00e9gionTour\u00a0","og_url":"https:\/\/cyclingpro.net\/spaziociclismo\/presentazione-corse\/presentazione-percorso-e-favoriti-region-pays-de-la-loire-tour-2026\/","og_site_name":"SpazioCiclismo","article_publisher":"https:\/\/www.facebook.com\/SpazioCiclismo\/","article_published_time":"2026-04-06T18:00:22+00:00","article_modified_time":"2026-04-07T12:25:48+00:00","og_image":[{"width":1200,"height":800,"url":"https:\/\/cyclingpro.net\/spaziociclismo\/wp-content\/uploads\/2025\/04\/Kevin-Vauquelin-Tappa-4-Region-Pays-de-la-Loire-Tour-2025.jpg","type":"image\/jpeg"}],"author":"Francesco Mitola","twitter_card":"summary_large_image","twitter_creator":"@spaziociclismo","twitter_site":"@spaziociclismo","twitter_misc":{"Scritto da":"Francesco Mitola","Tempo di lettura stimato":"8 minuti"},"schema":{"@context":"https:\/\/schema.org","@graph":[{"@type":"Article","@id":"https:\/\/cyclingpro.net\/spaziociclismo\/presentazione-corse\/presentazione-percorso-e-favoriti-region-pays-de-la-loire-tour-2026\/#article","isPartOf":{"@id":"https:\/\/cyclingpro.net\/spaziociclismo\/presentazione-corse\/presentazione-percorso-e-favoriti-region-pays-de-la-loire-tour-2026\/"},"author":{"name":"Francesco Mitola","@id":"https:\/\/cyclingpro.net\/spaziociclismo\/#\/schema\/person\/627dbc08c9712c25304b059bbb765de8"},"headline":"Presentazione Percorso e Favoriti R\u00e9gion Pays de la Loire Tour 2026","datePublished":"2026-04-06T18:00:22+00:00","dateModified":"2026-04-07T12:25:48+00:00","mainEntityOfPage":{"@id":"https:\/\/cyclingpro.net\/spaziociclismo\/presentazione-corse\/presentazione-percorso-e-favoriti-region-pays-de-la-loire-tour-2026\/"},"wordCount":1361,"commentCount":0,"publisher":{"@id":"https:\/\/cyclingpro.net\/spaziociclismo\/#organization"},"image":{"@id":"https:\/\/cyclingpro.net\/spaziociclismo\/presentazione-corse\/presentazione-percorso-e-favoriti-region-pays-de-la-loire-tour-2026\/#primaryimage"},"thumbnailUrl":"https:\/\/cyclingpro.net\/spaziociclismo\/wp-content\/uploads\/2025\/04\/Kevin-Vauquelin-Tappa-4-Region-Pays-de-la-Loire-Tour-2025.jpg","keywords":["R\u00e9gion Pays de la Loire Tour 2026"],"articleSection":["Continental","Presentazione Corse","Vetrina"],"inLanguage":"it-IT","potentialAction":[{"@type":"CommentAction","name":"Comment","target":["https:\/\/cyclingpro.net\/spaziociclismo\/presentazione-corse\/presentazione-percorso-e-favoriti-region-pays-de-la-loire-tour-2026\/#respond"]}]},{"@type":"WebPage","@id":"https:\/\/cyclingpro.net\/spaziociclismo\/presentazione-corse\/presentazione-percorso-e-favoriti-region-pays-de-la-loire-tour-2026\/","url":"https:\/\/cyclingpro.net\/spaziociclismo\/presentazione-corse\/presentazione-percorso-e-favoriti-region-pays-de-la-loire-tour-2026\/","name":"Presentazione Percorso e Favoriti R\u00e9gion Pays de la Loire Tour 2026 - SpazioCiclismo","isPartOf":{"@id":"https:\/\/cyclingpro.net\/spaziociclismo\/#website"},"primaryImageOfPage":{"@id":"https:\/\/cyclingpro.net\/spaziociclismo\/presentazione-corse\/presentazione-percorso-e-favoriti-region-pays-de-la-loire-tour-2026\/#primaryimage"},"image":{"@id":"https:\/\/cyclingpro.net\/spaziociclismo\/presentazione-corse\/presentazione-percorso-e-favoriti-region-pays-de-la-loire-tour-2026\/#primaryimage"},"thumbnailUrl":"https:\/\/cyclingpro.net\/spaziociclismo\/wp-content\/uploads\/2025\/04\/Kevin-Vauquelin-Tappa-4-Region-Pays-de-la-Loire-Tour-2025.jpg","datePublished":"2026-04-06T18:00:22+00:00","dateModified":"2026-04-07T12:25:48+00:00","breadcrumb":{"@id":"https:\/\/cyclingpro.net\/spaziociclismo\/presentazione-corse\/presentazione-percorso-e-favoriti-region-pays-de-la-loire-tour-2026\/#breadcrumb"},"inLanguage":"it-IT","potentialAction":[{"@type":"ReadAction","target":["https:\/\/cyclingpro.net\/spaziociclismo\/presentazione-corse\/presentazione-percorso-e-favoriti-region-pays-de-la-loire-tour-2026\/"]}]},{"@type":"ImageObject","inLanguage":"it-IT","@id":"https:\/\/cyclingpro.net\/spaziociclismo\/presentazione-corse\/presentazione-percorso-e-favoriti-region-pays-de-la-loire-tour-2026\/#primaryimage","url":"https:\/\/cyclingpro.net\/spaziociclismo\/wp-content\/uploads\/2025\/04\/Kevin-Vauquelin-Tappa-4-Region-Pays-de-la-Loire-Tour-2025.jpg","contentUrl":"https:\/\/cyclingpro.net\/spaziociclismo\/wp-content\/uploads\/2025\/04\/Kevin-Vauquelin-Tappa-4-Region-Pays-de-la-Loire-Tour-2025.jpg","width":1200,"height":800,"caption":"\u00a9 LNC \/ Marie Vaning"},{"@type":"BreadcrumbList","@id":"https:\/\/cyclingpro.net\/spaziociclismo\/presentazione-corse\/presentazione-percorso-e-favoriti-region-pays-de-la-loire-tour-2026\/#breadcrumb","itemListElement":[{"@type":"ListItem","position":1,"name":"Home","item":"https:\/\/cyclingpro.net\/spaziociclismo\/"},{"@type":"ListItem","position":2,"name":"Presentazione Percorso e Favoriti R\u00e9gion Pays de la Loire Tour 2026"}]},{"@type":"WebSite","@id":"https:\/\/cyclingpro.net\/spaziociclismo\/#website","url":"https:\/\/cyclingpro.net\/spaziociclismo\/","name":"SpazioCiclismo","description":"Tutto il ciclismo minuto per minuto","publisher":{"@id":"https:\/\/cyclingpro.net\/spaziociclismo\/#organization"},"potentialAction":[{"@type":"SearchAction","target":{"@type":"EntryPoint","urlTemplate":"https:\/\/cyclingpro.net\/spaziociclismo\/?s={search_term_string}"},"query-input":{"@type":"PropertyValueSpecification","valueRequired":true,"valueName":"search_term_string"}}],"inLanguage":"it-IT"},{"@type":"Organization","@id":"https:\/\/cyclingpro.net\/spaziociclismo\/#organization","name":"SpazioCiclismo","url":"https:\/\/cyclingpro.net\/spaziociclismo\/","logo":{"@type":"ImageObject","inLanguage":"it-IT","@id":"https:\/\/cyclingpro.net\/spaziociclismo\/#\/schema\/logo\/image\/","url":"https:\/\/cyclingpro.net\/spaziociclismo\/wp-content\/uploads\/2017\/02\/SpazioCiclismo-Logo-Quadrato.png","contentUrl":"https:\/\/cyclingpro.net\/spaziociclismo\/wp-content\/uploads\/2017\/02\/SpazioCiclismo-Logo-Quadrato.png","width":450,"height":450,"caption":"SpazioCiclismo"},"image":{"@id":"https:\/\/cyclingpro.net\/spaziociclismo\/#\/schema\/logo\/image\/"},"sameAs":["https:\/\/www.facebook.com\/SpazioCiclismo\/","https:\/\/x.com\/spaziociclismo","https:\/\/www.instagram.com\/spaziociclismo\/"]},{"@type":"Person","@id":"https:\/\/cyclingpro.net\/spaziociclismo\/#\/schema\/person\/627dbc08c9712c25304b059bbb765de8","name":"Francesco Mitola","image":{"@type":"ImageObject","inLanguage":"it-IT","@id":"https:\/\/secure.gravatar.com\/avatar\/dc58a640368550cd17129d2ff185eec5cb2821b7c3403fc06dcaca847ae762d3?s=96&d=mm&r=g","url":"https:\/\/secure.gravatar.com\/avatar\/dc58a640368550cd17129d2ff185eec5cb2821b7c3403fc06dcaca847ae762d3?s=96&d=mm&r=g","contentUrl":"https:\/\/secure.gravatar.com\/avatar\/dc58a640368550cd17129d2ff185eec5cb2821b7c3403fc06dcaca847ae762d3?s=96&d=mm&r=g","caption":"Francesco Mitola"},"url":"https:\/\/cyclingpro.net\/spaziociclismo\/author\/fmitola\/"}]}},"_links":{"self":[{"href":"https:\/\/cyclingpro.net\/spaziociclismo\/wp-json\/wp\/v2\/posts\/372480","targetHints":{"allow":["GET"]}}],"collection":[{"href":"https:\/\/cyclingpro.net\/spaziociclismo\/wp-json\/wp\/v2\/posts"}],"about":[{"href":"https:\/\/cyclingpro.net\/spaziociclismo\/wp-json\/wp\/v2\/types\/post"}],"author":[{"embeddable":true,"href":"https:\/\/cyclingpro.net\/spaziociclismo\/wp-json\/wp\/v2\/users\/25"}],"replies":[{"embeddable":true,"href":"https:\/\/cyclingpro.net\/spaziociclismo\/wp-json\/wp\/v2\/comments?post=372480"}],"version-history":[{"count":13,"href":"https:\/\/cyclingpro.net\/spaziociclismo\/wp-json\/wp\/v2\/posts\/372480\/revisions"}],"predecessor-version":[{"id":372620,"href":"https:\/\/cyclingpro.net\/spaziociclismo\/wp-json\/wp\/v2\/posts\/372480\/revisions\/372620"}],"wp:featuredmedia":[{"embeddable":true,"href":"https:\/\/cyclingpro.net\/spaziociclismo\/wp-json\/wp\/v2\/media\/330385"}],"wp:attachment":[{"href":"https:\/\/cyclingpro.net\/spaziociclismo\/wp-json\/wp\/v2\/media?parent=372480"}],"wp:term":[{"taxonomy":"category","embeddable":true,"href":"https:\/\/cyclingpro.net\/spaziociclismo\/wp-json\/wp\/v2\/categories?post=372480"},{"taxonomy":"post_tag","embeddable":true,"href":"https:\/\/cyclingpro.net\/spaziociclismo\/wp-json\/wp\/v2\/tags?post=372480"}],"curies":[{"name":"wp","href":"https:\/\/api.w.org\/{rel}","templated":true}]}}