{"id":372082,"date":"2026-04-03T18:12:17","date_gmt":"2026-04-03T16:12:17","guid":{"rendered":"https:\/\/cyclingpro.net\/spaziociclismo\/?p=372082"},"modified":"2026-04-04T10:48:32","modified_gmt":"2026-04-04T08:48:32","slug":"lidl-trek-thibau-nys-ancora-fermo-per-infortunio-mentalmente-e-difficile-da-affrontare-spero-di-tornare-a-correre-a-giugno-o-luglio","status":"publish","type":"post","link":"https:\/\/cyclingpro.net\/spaziociclismo\/worldtour\/lidl-trek-thibau-nys-ancora-fermo-per-infortunio-mentalmente-e-difficile-da-affrontare-spero-di-tornare-a-correre-a-giugno-o-luglio\/","title":{"rendered":"Lidl-Trek, Thibau Nys salta anche il Giro: \u201cMentalmente \u00e8 difficile da affrontare.  Spero di tornare a correre a giugno o luglio\u201d"},"content":{"rendered":"<p>Servir\u00e0 aspettare ancora diversi mesi per il rientro in corsa di <strong>Thibau Nys<\/strong>. Il corridore della <strong>Lidl-Trek<\/strong> non ha ancora fatto il proprio debutto stagionale su strada a causa di un infortunio al ginocchio sinistro. Il giovane belga, dopo aver concluso la stagione di ciclocross con il bronzo ai Mondiali, \u00e8 stato sottoposto ad un <a href=\"https:\/\/cyclingpro.net\/spaziociclismo\/worldtour\/lidl-trek-thibau-nys-operato-al-ginocchio-primavera-addio\/\">intervento per la sindrome da attrito prerotuleo<\/a>, emersa durante l\u2019allenamento invernale. Il belga non potr\u00e0 fare l\u2019esordio programmato al GP Indurain di questa settimana, ma nei prossimi giorni dovrebbe tornare almeno ad allenarsi in bici, con un possibile rientro in gara previsto tra giugno e luglio.<\/p>\n<p>&#8220;\u00c8 un infortunio che colpisce quasi esclusivamente i ciclisti \u2013 ha spiegato Nys in un\u2019intervista a <em>Wielerflits<\/em> &#8211; Mi hanno assistito in modo impeccabile all&#8217;ospedale di Herentals. \u00c8 stato un intervento di routine, ma \u00e8 arrivato <strong>nel peggior momento possibile<\/strong> dell&#8217;anno, con conseguenze piuttosto significative&#8221;.<\/p>\n<p>Le ricadute principali sono state la perdita di tono muscolare e anche la difficolt\u00e0 psicologica di dover restare fermo a lungo: \u201cNon posso certo lamentarmi. Mi rendo conto che ci sono cose ben peggiori al mondo del mio infortunio, ma <strong>mentalmente \u00e8 un po&#8217; dura<\/strong>. Mi sento un po&#8217; perso quando cammino per casa. Ogni giorno vedo i muscoli della gamba scomparire come neve al sole. \u00c8 mentalmente difficile. \u00c8 un po&#8217; deprimente e difficile da affrontare, ma c&#8217;\u00e8 una luce in fondo al tunnel\u201d.<\/p>\n<p>Infatti il ritorno sulla bici sembra ormai vicino, anche se sar\u00e0 solo l\u2019inizio di un lungo percorso di riabilitazione per tornare in forma: \u201cNella migliore delle ipotesi, potrei essere autorizzato a ricominciare ad andare in bicicletta in silenzio la prossima settimana. Poi la domanda \u00e8 quando sar\u00f2 di nuovo in piena forma. Non lo so, ma spero di <strong>tornare a correre a giugno o luglio<\/strong>\u201d. Il che significa che il Giro d&#8217;Italia, che era nel suo programma, \u00e8 ormai scartato.<\/p>\n","protected":false},"excerpt":{"rendered":"<p>Thibau Nys prevede di tornare a correre tra giugno e luglio dopo l&#8217;infortunio al ginocchio<\/p>\n","protected":false},"author":52,"featured_media":331209,"comment_status":"open","ping_status":"closed","sticky":false,"template":"","format":"standard","meta":{"footnotes":""},"categories":[25],"tags":[6546,3334],"class_list":["post-372082","post","type-post","status-publish","format-standard","has-post-thumbnail","hentry","category-worldtour","tag-lidl-trek-2026","tag-thibau-nys"],"yoast_head":"<!-- This site is optimized with the Yoast SEO plugin v27.4 - https:\/\/yoast.com\/product\/yoast-seo-wordpress\/ -->\n<title>Lidl-Trek, Thibau Nys salta anche il Giro: \u201cMentalmente \u00e8 difficile da affrontare. Spero di tornare a correre a giugno o luglio\u201d - SpazioCiclismo<\/title>\n<meta name=\"robots\" content=\"index, follow, max-snippet:-1, max-image-preview:large, max-video-preview:-1\" \/>\n<link rel=\"canonical\" href=\"https:\/\/cyclingpro.net\/spaziociclismo\/worldtour\/lidl-trek-thibau-nys-ancora-fermo-per-infortunio-mentalmente-e-difficile-da-affrontare-spero-di-tornare-a-correre-a-giugno-o-luglio\/\" \/>\n<meta property=\"og:locale\" content=\"it_IT\" \/>\n<meta property=\"og:type\" content=\"article\" \/>\n<meta property=\"og:title\" content=\"Lidl-Trek, Thibau Nys salta anche il Giro: \u201cMentalmente \u00e8 difficile da affrontare. Spero di tornare a correre a giugno o luglio\u201d - SpazioCiclismo\" \/>\n<meta property=\"og:description\" content=\"Thibau Nys prevede di tornare a correre tra giugno e luglio dopo l&#039;infortunio al ginocchio\" \/>\n<meta property=\"og:url\" content=\"https:\/\/cyclingpro.net\/spaziociclismo\/worldtour\/lidl-trek-thibau-nys-ancora-fermo-per-infortunio-mentalmente-e-difficile-da-affrontare-spero-di-tornare-a-correre-a-giugno-o-luglio\/\" \/>\n<meta property=\"og:site_name\" content=\"SpazioCiclismo\" \/>\n<meta property=\"article:publisher\" content=\"https:\/\/www.facebook.com\/SpazioCiclismo\/\" \/>\n<meta property=\"article:published_time\" content=\"2026-04-03T16:12:17+00:00\" \/>\n<meta property=\"article:modified_time\" content=\"2026-04-04T08:48:32+00:00\" \/>\n<meta property=\"og:image\" content=\"https:\/\/cyclingpro.net\/spaziociclismo\/wp-content\/uploads\/2025\/04\/1210957881-scaled.jpg\" \/>\n\t<meta property=\"og:image:width\" content=\"2560\" \/>\n\t<meta property=\"og:image:height\" content=\"1707\" \/>\n\t<meta property=\"og:image:type\" content=\"image\/jpeg\" \/>\n<meta name=\"author\" content=\"Alessandro Farina\" \/>\n<meta name=\"twitter:card\" content=\"summary_large_image\" \/>\n<meta name=\"twitter:creator\" content=\"@spaziociclismo\" \/>\n<meta name=\"twitter:site\" content=\"@spaziociclismo\" \/>\n<meta name=\"twitter:label1\" content=\"Scritto da\" \/>\n\t<meta name=\"twitter:data1\" content=\"Alessandro Farina\" \/>\n\t<meta name=\"twitter:label2\" content=\"Tempo di lettura stimato\" \/>\n\t<meta name=\"twitter:data2\" content=\"2 minuti\" \/>\n<script type=\"application\/ld+json\" class=\"yoast-schema-graph\">{\"@context\":\"https:\\\/\\\/schema.org\",\"@graph\":[{\"@type\":\"Article\",\"@id\":\"https:\\\/\\\/cyclingpro.net\\\/spaziociclismo\\\/worldtour\\\/lidl-trek-thibau-nys-ancora-fermo-per-infortunio-mentalmente-e-difficile-da-affrontare-spero-di-tornare-a-correre-a-giugno-o-luglio\\\/#article\",\"isPartOf\":{\"@id\":\"https:\\\/\\\/cyclingpro.net\\\/spaziociclismo\\\/worldtour\\\/lidl-trek-thibau-nys-ancora-fermo-per-infortunio-mentalmente-e-difficile-da-affrontare-spero-di-tornare-a-correre-a-giugno-o-luglio\\\/\"},\"author\":{\"name\":\"Alessandro Farina\",\"@id\":\"https:\\\/\\\/cyclingpro.net\\\/spaziociclismo\\\/#\\\/schema\\\/person\\\/fda4d079a95104c2764f9c3ffa3fc26f\"},\"headline\":\"Lidl-Trek, Thibau Nys salta anche il Giro: \u201cMentalmente \u00e8 difficile da affrontare. Spero di tornare a correre a giugno o luglio\u201d\",\"datePublished\":\"2026-04-03T16:12:17+00:00\",\"dateModified\":\"2026-04-04T08:48:32+00:00\",\"mainEntityOfPage\":{\"@id\":\"https:\\\/\\\/cyclingpro.net\\\/spaziociclismo\\\/worldtour\\\/lidl-trek-thibau-nys-ancora-fermo-per-infortunio-mentalmente-e-difficile-da-affrontare-spero-di-tornare-a-correre-a-giugno-o-luglio\\\/\"},\"wordCount\":328,\"commentCount\":0,\"publisher\":{\"@id\":\"https:\\\/\\\/cyclingpro.net\\\/spaziociclismo\\\/#organization\"},\"image\":{\"@id\":\"https:\\\/\\\/cyclingpro.net\\\/spaziociclismo\\\/worldtour\\\/lidl-trek-thibau-nys-ancora-fermo-per-infortunio-mentalmente-e-difficile-da-affrontare-spero-di-tornare-a-correre-a-giugno-o-luglio\\\/#primaryimage\"},\"thumbnailUrl\":\"https:\\\/\\\/cyclingpro.net\\\/spaziociclismo\\\/wp-content\\\/uploads\\\/2025\\\/04\\\/1210957881-scaled.jpg\",\"keywords\":[\"Lidl - Trek 2026\",\"Thibau Nys\"],\"articleSection\":[\"WorldTour\"],\"inLanguage\":\"it-IT\",\"potentialAction\":[{\"@type\":\"CommentAction\",\"name\":\"Comment\",\"target\":[\"https:\\\/\\\/cyclingpro.net\\\/spaziociclismo\\\/worldtour\\\/lidl-trek-thibau-nys-ancora-fermo-per-infortunio-mentalmente-e-difficile-da-affrontare-spero-di-tornare-a-correre-a-giugno-o-luglio\\\/#respond\"]}]},{\"@type\":\"WebPage\",\"@id\":\"https:\\\/\\\/cyclingpro.net\\\/spaziociclismo\\\/worldtour\\\/lidl-trek-thibau-nys-ancora-fermo-per-infortunio-mentalmente-e-difficile-da-affrontare-spero-di-tornare-a-correre-a-giugno-o-luglio\\\/\",\"url\":\"https:\\\/\\\/cyclingpro.net\\\/spaziociclismo\\\/worldtour\\\/lidl-trek-thibau-nys-ancora-fermo-per-infortunio-mentalmente-e-difficile-da-affrontare-spero-di-tornare-a-correre-a-giugno-o-luglio\\\/\",\"name\":\"Lidl-Trek, Thibau Nys salta anche il Giro: \u201cMentalmente \u00e8 difficile da affrontare. Spero di tornare a correre a giugno o luglio\u201d - SpazioCiclismo\",\"isPartOf\":{\"@id\":\"https:\\\/\\\/cyclingpro.net\\\/spaziociclismo\\\/#website\"},\"primaryImageOfPage\":{\"@id\":\"https:\\\/\\\/cyclingpro.net\\\/spaziociclismo\\\/worldtour\\\/lidl-trek-thibau-nys-ancora-fermo-per-infortunio-mentalmente-e-difficile-da-affrontare-spero-di-tornare-a-correre-a-giugno-o-luglio\\\/#primaryimage\"},\"image\":{\"@id\":\"https:\\\/\\\/cyclingpro.net\\\/spaziociclismo\\\/worldtour\\\/lidl-trek-thibau-nys-ancora-fermo-per-infortunio-mentalmente-e-difficile-da-affrontare-spero-di-tornare-a-correre-a-giugno-o-luglio\\\/#primaryimage\"},\"thumbnailUrl\":\"https:\\\/\\\/cyclingpro.net\\\/spaziociclismo\\\/wp-content\\\/uploads\\\/2025\\\/04\\\/1210957881-scaled.jpg\",\"datePublished\":\"2026-04-03T16:12:17+00:00\",\"dateModified\":\"2026-04-04T08:48:32+00:00\",\"breadcrumb\":{\"@id\":\"https:\\\/\\\/cyclingpro.net\\\/spaziociclismo\\\/worldtour\\\/lidl-trek-thibau-nys-ancora-fermo-per-infortunio-mentalmente-e-difficile-da-affrontare-spero-di-tornare-a-correre-a-giugno-o-luglio\\\/#breadcrumb\"},\"inLanguage\":\"it-IT\",\"potentialAction\":[{\"@type\":\"ReadAction\",\"target\":[\"https:\\\/\\\/cyclingpro.net\\\/spaziociclismo\\\/worldtour\\\/lidl-trek-thibau-nys-ancora-fermo-per-infortunio-mentalmente-e-difficile-da-affrontare-spero-di-tornare-a-correre-a-giugno-o-luglio\\\/\"]}]},{\"@type\":\"ImageObject\",\"inLanguage\":\"it-IT\",\"@id\":\"https:\\\/\\\/cyclingpro.net\\\/spaziociclismo\\\/worldtour\\\/lidl-trek-thibau-nys-ancora-fermo-per-infortunio-mentalmente-e-difficile-da-affrontare-spero-di-tornare-a-correre-a-giugno-o-luglio\\\/#primaryimage\",\"url\":\"https:\\\/\\\/cyclingpro.net\\\/spaziociclismo\\\/wp-content\\\/uploads\\\/2025\\\/04\\\/1210957881-scaled.jpg\",\"contentUrl\":\"https:\\\/\\\/cyclingpro.net\\\/spaziociclismo\\\/wp-content\\\/uploads\\\/2025\\\/04\\\/1210957881-scaled.jpg\",\"width\":2560,\"height\":1707,\"caption\":\"\u00a9 Sirotti\"},{\"@type\":\"BreadcrumbList\",\"@id\":\"https:\\\/\\\/cyclingpro.net\\\/spaziociclismo\\\/worldtour\\\/lidl-trek-thibau-nys-ancora-fermo-per-infortunio-mentalmente-e-difficile-da-affrontare-spero-di-tornare-a-correre-a-giugno-o-luglio\\\/#breadcrumb\",\"itemListElement\":[{\"@type\":\"ListItem\",\"position\":1,\"name\":\"Home\",\"item\":\"https:\\\/\\\/cyclingpro.net\\\/spaziociclismo\\\/\"},{\"@type\":\"ListItem\",\"position\":2,\"name\":\"Lidl-Trek, Thibau Nys salta anche il Giro: \u201cMentalmente \u00e8 difficile da affrontare. Spero di tornare a correre a giugno o luglio\u201d\"}]},{\"@type\":\"WebSite\",\"@id\":\"https:\\\/\\\/cyclingpro.net\\\/spaziociclismo\\\/#website\",\"url\":\"https:\\\/\\\/cyclingpro.net\\\/spaziociclismo\\\/\",\"name\":\"SpazioCiclismo\",\"description\":\"Tutto il ciclismo minuto per minuto\",\"publisher\":{\"@id\":\"https:\\\/\\\/cyclingpro.net\\\/spaziociclismo\\\/#organization\"},\"potentialAction\":[{\"@type\":\"SearchAction\",\"target\":{\"@type\":\"EntryPoint\",\"urlTemplate\":\"https:\\\/\\\/cyclingpro.net\\\/spaziociclismo\\\/?s={search_term_string}\"},\"query-input\":{\"@type\":\"PropertyValueSpecification\",\"valueRequired\":true,\"valueName\":\"search_term_string\"}}],\"inLanguage\":\"it-IT\"},{\"@type\":\"Organization\",\"@id\":\"https:\\\/\\\/cyclingpro.net\\\/spaziociclismo\\\/#organization\",\"name\":\"SpazioCiclismo\",\"url\":\"https:\\\/\\\/cyclingpro.net\\\/spaziociclismo\\\/\",\"logo\":{\"@type\":\"ImageObject\",\"inLanguage\":\"it-IT\",\"@id\":\"https:\\\/\\\/cyclingpro.net\\\/spaziociclismo\\\/#\\\/schema\\\/logo\\\/image\\\/\",\"url\":\"https:\\\/\\\/cyclingpro.net\\\/spaziociclismo\\\/wp-content\\\/uploads\\\/2017\\\/02\\\/SpazioCiclismo-Logo-Quadrato.png\",\"contentUrl\":\"https:\\\/\\\/cyclingpro.net\\\/spaziociclismo\\\/wp-content\\\/uploads\\\/2017\\\/02\\\/SpazioCiclismo-Logo-Quadrato.png\",\"width\":450,\"height\":450,\"caption\":\"SpazioCiclismo\"},\"image\":{\"@id\":\"https:\\\/\\\/cyclingpro.net\\\/spaziociclismo\\\/#\\\/schema\\\/logo\\\/image\\\/\"},\"sameAs\":[\"https:\\\/\\\/www.facebook.com\\\/SpazioCiclismo\\\/\",\"https:\\\/\\\/x.com\\\/spaziociclismo\",\"https:\\\/\\\/www.instagram.com\\\/spaziociclismo\\\/\"]},{\"@type\":\"Person\",\"@id\":\"https:\\\/\\\/cyclingpro.net\\\/spaziociclismo\\\/#\\\/schema\\\/person\\\/fda4d079a95104c2764f9c3ffa3fc26f\",\"name\":\"Alessandro Farina\",\"image\":{\"@type\":\"ImageObject\",\"inLanguage\":\"it-IT\",\"@id\":\"https:\\\/\\\/secure.gravatar.com\\\/avatar\\\/a15b660280727ff1737611bc5349040155e2609201d613ef2611905cdc7a122a?s=96&d=mm&r=g\",\"url\":\"https:\\\/\\\/secure.gravatar.com\\\/avatar\\\/a15b660280727ff1737611bc5349040155e2609201d613ef2611905cdc7a122a?s=96&d=mm&r=g\",\"contentUrl\":\"https:\\\/\\\/secure.gravatar.com\\\/avatar\\\/a15b660280727ff1737611bc5349040155e2609201d613ef2611905cdc7a122a?s=96&d=mm&r=g\",\"caption\":\"Alessandro Farina\"},\"url\":\"https:\\\/\\\/cyclingpro.net\\\/spaziociclismo\\\/author\\\/afarina\\\/\"}]}<\/script>\n<!-- \/ Yoast SEO plugin. -->","yoast_head_json":{"title":"Lidl-Trek, Thibau Nys salta anche il Giro: \u201cMentalmente \u00e8 difficile da affrontare. Spero di tornare a correre a giugno o luglio\u201d - SpazioCiclismo","robots":{"index":"index","follow":"follow","max-snippet":"max-snippet:-1","max-image-preview":"max-image-preview:large","max-video-preview":"max-video-preview:-1"},"canonical":"https:\/\/cyclingpro.net\/spaziociclismo\/worldtour\/lidl-trek-thibau-nys-ancora-fermo-per-infortunio-mentalmente-e-difficile-da-affrontare-spero-di-tornare-a-correre-a-giugno-o-luglio\/","og_locale":"it_IT","og_type":"article","og_title":"Lidl-Trek, Thibau Nys salta anche il Giro: \u201cMentalmente \u00e8 difficile da affrontare. Spero di tornare a correre a giugno o luglio\u201d - SpazioCiclismo","og_description":"Thibau Nys prevede di tornare a correre tra giugno e luglio dopo l'infortunio al ginocchio","og_url":"https:\/\/cyclingpro.net\/spaziociclismo\/worldtour\/lidl-trek-thibau-nys-ancora-fermo-per-infortunio-mentalmente-e-difficile-da-affrontare-spero-di-tornare-a-correre-a-giugno-o-luglio\/","og_site_name":"SpazioCiclismo","article_publisher":"https:\/\/www.facebook.com\/SpazioCiclismo\/","article_published_time":"2026-04-03T16:12:17+00:00","article_modified_time":"2026-04-04T08:48:32+00:00","og_image":[{"width":2560,"height":1707,"url":"https:\/\/cyclingpro.net\/spaziociclismo\/wp-content\/uploads\/2025\/04\/1210957881-scaled.jpg","type":"image\/jpeg"}],"author":"Alessandro Farina","twitter_card":"summary_large_image","twitter_creator":"@spaziociclismo","twitter_site":"@spaziociclismo","twitter_misc":{"Scritto da":"Alessandro Farina","Tempo di lettura stimato":"2 minuti"},"schema":{"@context":"https:\/\/schema.org","@graph":[{"@type":"Article","@id":"https:\/\/cyclingpro.net\/spaziociclismo\/worldtour\/lidl-trek-thibau-nys-ancora-fermo-per-infortunio-mentalmente-e-difficile-da-affrontare-spero-di-tornare-a-correre-a-giugno-o-luglio\/#article","isPartOf":{"@id":"https:\/\/cyclingpro.net\/spaziociclismo\/worldtour\/lidl-trek-thibau-nys-ancora-fermo-per-infortunio-mentalmente-e-difficile-da-affrontare-spero-di-tornare-a-correre-a-giugno-o-luglio\/"},"author":{"name":"Alessandro Farina","@id":"https:\/\/cyclingpro.net\/spaziociclismo\/#\/schema\/person\/fda4d079a95104c2764f9c3ffa3fc26f"},"headline":"Lidl-Trek, Thibau Nys salta anche il Giro: \u201cMentalmente \u00e8 difficile da affrontare. Spero di tornare a correre a giugno o luglio\u201d","datePublished":"2026-04-03T16:12:17+00:00","dateModified":"2026-04-04T08:48:32+00:00","mainEntityOfPage":{"@id":"https:\/\/cyclingpro.net\/spaziociclismo\/worldtour\/lidl-trek-thibau-nys-ancora-fermo-per-infortunio-mentalmente-e-difficile-da-affrontare-spero-di-tornare-a-correre-a-giugno-o-luglio\/"},"wordCount":328,"commentCount":0,"publisher":{"@id":"https:\/\/cyclingpro.net\/spaziociclismo\/#organization"},"image":{"@id":"https:\/\/cyclingpro.net\/spaziociclismo\/worldtour\/lidl-trek-thibau-nys-ancora-fermo-per-infortunio-mentalmente-e-difficile-da-affrontare-spero-di-tornare-a-correre-a-giugno-o-luglio\/#primaryimage"},"thumbnailUrl":"https:\/\/cyclingpro.net\/spaziociclismo\/wp-content\/uploads\/2025\/04\/1210957881-scaled.jpg","keywords":["Lidl - Trek 2026","Thibau Nys"],"articleSection":["WorldTour"],"inLanguage":"it-IT","potentialAction":[{"@type":"CommentAction","name":"Comment","target":["https:\/\/cyclingpro.net\/spaziociclismo\/worldtour\/lidl-trek-thibau-nys-ancora-fermo-per-infortunio-mentalmente-e-difficile-da-affrontare-spero-di-tornare-a-correre-a-giugno-o-luglio\/#respond"]}]},{"@type":"WebPage","@id":"https:\/\/cyclingpro.net\/spaziociclismo\/worldtour\/lidl-trek-thibau-nys-ancora-fermo-per-infortunio-mentalmente-e-difficile-da-affrontare-spero-di-tornare-a-correre-a-giugno-o-luglio\/","url":"https:\/\/cyclingpro.net\/spaziociclismo\/worldtour\/lidl-trek-thibau-nys-ancora-fermo-per-infortunio-mentalmente-e-difficile-da-affrontare-spero-di-tornare-a-correre-a-giugno-o-luglio\/","name":"Lidl-Trek, Thibau Nys salta anche il Giro: \u201cMentalmente \u00e8 difficile da affrontare. Spero di tornare a correre a giugno o luglio\u201d - SpazioCiclismo","isPartOf":{"@id":"https:\/\/cyclingpro.net\/spaziociclismo\/#website"},"primaryImageOfPage":{"@id":"https:\/\/cyclingpro.net\/spaziociclismo\/worldtour\/lidl-trek-thibau-nys-ancora-fermo-per-infortunio-mentalmente-e-difficile-da-affrontare-spero-di-tornare-a-correre-a-giugno-o-luglio\/#primaryimage"},"image":{"@id":"https:\/\/cyclingpro.net\/spaziociclismo\/worldtour\/lidl-trek-thibau-nys-ancora-fermo-per-infortunio-mentalmente-e-difficile-da-affrontare-spero-di-tornare-a-correre-a-giugno-o-luglio\/#primaryimage"},"thumbnailUrl":"https:\/\/cyclingpro.net\/spaziociclismo\/wp-content\/uploads\/2025\/04\/1210957881-scaled.jpg","datePublished":"2026-04-03T16:12:17+00:00","dateModified":"2026-04-04T08:48:32+00:00","breadcrumb":{"@id":"https:\/\/cyclingpro.net\/spaziociclismo\/worldtour\/lidl-trek-thibau-nys-ancora-fermo-per-infortunio-mentalmente-e-difficile-da-affrontare-spero-di-tornare-a-correre-a-giugno-o-luglio\/#breadcrumb"},"inLanguage":"it-IT","potentialAction":[{"@type":"ReadAction","target":["https:\/\/cyclingpro.net\/spaziociclismo\/worldtour\/lidl-trek-thibau-nys-ancora-fermo-per-infortunio-mentalmente-e-difficile-da-affrontare-spero-di-tornare-a-correre-a-giugno-o-luglio\/"]}]},{"@type":"ImageObject","inLanguage":"it-IT","@id":"https:\/\/cyclingpro.net\/spaziociclismo\/worldtour\/lidl-trek-thibau-nys-ancora-fermo-per-infortunio-mentalmente-e-difficile-da-affrontare-spero-di-tornare-a-correre-a-giugno-o-luglio\/#primaryimage","url":"https:\/\/cyclingpro.net\/spaziociclismo\/wp-content\/uploads\/2025\/04\/1210957881-scaled.jpg","contentUrl":"https:\/\/cyclingpro.net\/spaziociclismo\/wp-content\/uploads\/2025\/04\/1210957881-scaled.jpg","width":2560,"height":1707,"caption":"\u00a9 Sirotti"},{"@type":"BreadcrumbList","@id":"https:\/\/cyclingpro.net\/spaziociclismo\/worldtour\/lidl-trek-thibau-nys-ancora-fermo-per-infortunio-mentalmente-e-difficile-da-affrontare-spero-di-tornare-a-correre-a-giugno-o-luglio\/#breadcrumb","itemListElement":[{"@type":"ListItem","position":1,"name":"Home","item":"https:\/\/cyclingpro.net\/spaziociclismo\/"},{"@type":"ListItem","position":2,"name":"Lidl-Trek, Thibau Nys salta anche il Giro: \u201cMentalmente \u00e8 difficile da affrontare. Spero di tornare a correre a giugno o luglio\u201d"}]},{"@type":"WebSite","@id":"https:\/\/cyclingpro.net\/spaziociclismo\/#website","url":"https:\/\/cyclingpro.net\/spaziociclismo\/","name":"SpazioCiclismo","description":"Tutto il ciclismo minuto per minuto","publisher":{"@id":"https:\/\/cyclingpro.net\/spaziociclismo\/#organization"},"potentialAction":[{"@type":"SearchAction","target":{"@type":"EntryPoint","urlTemplate":"https:\/\/cyclingpro.net\/spaziociclismo\/?s={search_term_string}"},"query-input":{"@type":"PropertyValueSpecification","valueRequired":true,"valueName":"search_term_string"}}],"inLanguage":"it-IT"},{"@type":"Organization","@id":"https:\/\/cyclingpro.net\/spaziociclismo\/#organization","name":"SpazioCiclismo","url":"https:\/\/cyclingpro.net\/spaziociclismo\/","logo":{"@type":"ImageObject","inLanguage":"it-IT","@id":"https:\/\/cyclingpro.net\/spaziociclismo\/#\/schema\/logo\/image\/","url":"https:\/\/cyclingpro.net\/spaziociclismo\/wp-content\/uploads\/2017\/02\/SpazioCiclismo-Logo-Quadrato.png","contentUrl":"https:\/\/cyclingpro.net\/spaziociclismo\/wp-content\/uploads\/2017\/02\/SpazioCiclismo-Logo-Quadrato.png","width":450,"height":450,"caption":"SpazioCiclismo"},"image":{"@id":"https:\/\/cyclingpro.net\/spaziociclismo\/#\/schema\/logo\/image\/"},"sameAs":["https:\/\/www.facebook.com\/SpazioCiclismo\/","https:\/\/x.com\/spaziociclismo","https:\/\/www.instagram.com\/spaziociclismo\/"]},{"@type":"Person","@id":"https:\/\/cyclingpro.net\/spaziociclismo\/#\/schema\/person\/fda4d079a95104c2764f9c3ffa3fc26f","name":"Alessandro Farina","image":{"@type":"ImageObject","inLanguage":"it-IT","@id":"https:\/\/secure.gravatar.com\/avatar\/a15b660280727ff1737611bc5349040155e2609201d613ef2611905cdc7a122a?s=96&d=mm&r=g","url":"https:\/\/secure.gravatar.com\/avatar\/a15b660280727ff1737611bc5349040155e2609201d613ef2611905cdc7a122a?s=96&d=mm&r=g","contentUrl":"https:\/\/secure.gravatar.com\/avatar\/a15b660280727ff1737611bc5349040155e2609201d613ef2611905cdc7a122a?s=96&d=mm&r=g","caption":"Alessandro Farina"},"url":"https:\/\/cyclingpro.net\/spaziociclismo\/author\/afarina\/"}]}},"_links":{"self":[{"href":"https:\/\/cyclingpro.net\/spaziociclismo\/wp-json\/wp\/v2\/posts\/372082","targetHints":{"allow":["GET"]}}],"collection":[{"href":"https:\/\/cyclingpro.net\/spaziociclismo\/wp-json\/wp\/v2\/posts"}],"about":[{"href":"https:\/\/cyclingpro.net\/spaziociclismo\/wp-json\/wp\/v2\/types\/post"}],"author":[{"embeddable":true,"href":"https:\/\/cyclingpro.net\/spaziociclismo\/wp-json\/wp\/v2\/users\/52"}],"replies":[{"embeddable":true,"href":"https:\/\/cyclingpro.net\/spaziociclismo\/wp-json\/wp\/v2\/comments?post=372082"}],"version-history":[{"count":4,"href":"https:\/\/cyclingpro.net\/spaziociclismo\/wp-json\/wp\/v2\/posts\/372082\/revisions"}],"predecessor-version":[{"id":372148,"href":"https:\/\/cyclingpro.net\/spaziociclismo\/wp-json\/wp\/v2\/posts\/372082\/revisions\/372148"}],"wp:featuredmedia":[{"embeddable":true,"href":"https:\/\/cyclingpro.net\/spaziociclismo\/wp-json\/wp\/v2\/media\/331209"}],"wp:attachment":[{"href":"https:\/\/cyclingpro.net\/spaziociclismo\/wp-json\/wp\/v2\/media?parent=372082"}],"wp:term":[{"taxonomy":"category","embeddable":true,"href":"https:\/\/cyclingpro.net\/spaziociclismo\/wp-json\/wp\/v2\/categories?post=372082"},{"taxonomy":"post_tag","embeddable":true,"href":"https:\/\/cyclingpro.net\/spaziociclismo\/wp-json\/wp\/v2\/tags?post=372082"}],"curies":[{"name":"wp","href":"https:\/\/api.w.org\/{rel}","templated":true}]}}