{"id":371942,"date":"2026-04-03T18:40:34","date_gmt":"2026-04-03T16:40:34","guid":{"rendered":"https:\/\/cyclingpro.net\/spaziociclismo\/?p=371942"},"modified":"2026-04-03T20:29:08","modified_gmt":"2026-04-03T18:29:08","slug":"gp-indurain-2026-la-startlist","status":"publish","type":"post","link":"https:\/\/cyclingpro.net\/spaziociclismo\/startlist\/gp-indurain-2026-la-startlist\/","title":{"rendered":"GP Indurain 2026, la startlist definitiva"},"content":{"rendered":"<p>19 squadre al via del <strong>GP Indurain 2026<\/strong>. In programma <strong>sabato 4 aprile<\/strong>, la corsa spagnola di categoria UCI 1.Pro conferma anche per questa sua 35<sup>a<\/sup> edizione un parterre di ottimo livello, dato che molti dei partecipanti si schiereranno poi anche alla partenza del vicino Giro dei Paesi Baschi, che scatter\u00e0 48 ore pi\u00f9 tardi. Ad animare la gara che lo scorso anno vide imporsi Thibau Nys saranno i corridori di dieci formazioni WorldTour, rappresentando quindi pi\u00f9 di met\u00e0 di un gruppo che verr\u00e0 completato da sette compagini Professional e da due team Continental.<\/p>\n<h2>Startlist Definitiva GP Indurain 2026<\/h2>\n<p><strong>LIDL-TREK<\/strong><br \/>\n1 BAGIOLI Andrea<br \/>\n2 BERNARD Julien<br \/>\n3 SIMMONS Quinn<br \/>\n4 VERONA Carlos<br \/>\n5 ALVAREZ Hector<br \/>\n6 URKAREGI E\u00f1aut<\/p>\n<p><strong>BAHRAIN VICTORIOUS<\/strong><br \/>\n11 BILBAO Pello<br \/>\n12 BRUTTOMESSO Alberto<br \/>\n13 ERMAKOV Roman<br \/>\n14 TIBERI Antonio<br \/>\n15 STOCKWELL Oliver<br \/>\n16 OMRZEL Jakob<br \/>\n17 VALTER Attila<\/p>\n<p><strong>EF EDUCATION-EASYPOST<\/strong><br \/>\n21 SHAW James<br \/>\n22 NERURKAR Lukas<br \/>\n23 VAN DER LEE Jardi Christiaan<br \/>\n24 BELOKI Markel<br \/>\n25 BATTISTELLA Samuele<br \/>\n26 BAUDIN Alex<br \/>\n27 LEONARD Michael<\/p>\n<p><strong>LOTTO-INTERMARCH\u00c9<\/strong><br \/>\n31 ORINS Robin<br \/>\n32 THOMPSON Reuben<br \/>\n33 VEISTROFFER Baptiste<br \/>\n34 VAN EETVELT Lennert<br \/>\n35 ZIMMERMANN Georg<br \/>\n36 DONIE Milan<br \/>\n37 MARIVOET SCHOLIERS Duarte<\/p>\n<p><strong>MOVISTAR TEAM<\/strong><br \/>\n41 ARCAS Jorge<br \/>\n42 ADRIA Roger<br \/>\n43 GARCIA PIERNA Raul<br \/>\n44 TESFAZION Natnael<br \/>\n45 VILLATE Ibai<br \/>\n46 PARETA Roger<br \/>\n47 ROMO Javier<\/p>\n<p><strong>NSN CYCLING TEAM<\/strong><br \/>\n51 BENNETT George<br \/>\n52 GILMORE Brady<br \/>\n53 HIRT Jan<br \/>\n54 MARTI Pau<br \/>\n55 NEILANDS Krists<br \/>\n56 GARCIA Alvaro<br \/>\n57 MARRIAGE Zachary<\/p>\n<p><strong>RED BULL-BORA-HANSGROHE<\/strong><br \/>\n61 ETXEBERRIA Haimar<br \/>\n62 FISHER-BLACK Finn<br \/>\n63 HERZOG Emil<br \/>\n64 MOSCON Gianni<br \/>\n65 PUTZ Sebastian<br \/>\n66 WANDAHL Frederik<\/p>\n<p><strong>TEAM PICNIC POSTNL<\/strong><br \/>\n71 DINHAM Matthew<br \/>\n72 FAURE PROST Alexy<br \/>\n73 GAFFURI Mattia<br \/>\n74 KNOX James<br \/>\n75 MARTINEZ Guillermo Juan<br \/>\n76 VANHUFFEL Matteo<\/p>\n<p><strong>UAE TEAM EMIRATES XRG<\/strong><br \/>\n81 ARRIETA Igor<br \/>\n82 GROSSSCHARTNER Felix<br \/>\n83 NOVAK Domen<br \/>\n84 PERICAS Adria<br \/>\n85 SOLER Marc<br \/>\n86 TORRES Jaime<\/p>\n<p><strong>XDS ASTANA TEAM<\/strong><br \/>\n91 CHAMPOUSSIN Cl\u00e9ment<br \/>\n92 CONCI Nicola<br \/>\n93 HIGUITA Sergio<br \/>\n94 SCARONI Christian<br \/>\n95 TEJADA Harold<br \/>\n96 VELASCO Simone<br \/>\n97 ULISSI Diego<\/p>\n<p><strong>BURGOS BURPELLET BH<\/strong><br \/>\n101 OKAMIKA Ander<br \/>\n102 GARCIA PIERNA Carlos<br \/>\n103 HERRADA Jesus<br \/>\n104 KUDUS Merhawi<br \/>\n105 DIAZ Jose Manuel<br \/>\n106 QUARTUCCI Lorenzo<br \/>\n107 FERNANDEZ Sinuhe<\/p>\n<p><strong>CAJA RURAL-SEGUROS RGA<\/strong><br \/>\n111 BARCELO Fernando<br \/>\n112 BOU Joan<br \/>\n113 FERNANDEZ Samuel<br \/>\n114 MOLENAAR Alex<br \/>\n115 ARRIOLA-BENGOA Julen<br \/>\n116 OLDANI Stefano<br \/>\n117 LOPEZ Joseba<\/p>\n<p><strong>COFIDIS<\/strong><br \/>\n121 ARANBURU Alex<br \/>\n122 IZAGIRRE Ion<br \/>\n123 BUCHMANN Emanuel<br \/>\n124 MEEHAN Jamie<br \/>\n125 JOALLAND Ya\u00ebl<br \/>\n126 MAAS Jan<br \/>\n127 OURSELIN Paul<\/p>\n<p><strong>EQUIPO KERN PHARMA<\/strong><br \/>\n131 BERRADE Urko<br \/>\n132 COBO Ivan<br \/>\n133 ELOSEGUI I\u00f1igo<br \/>\n134 IRIBAR Unai<br \/>\n135 RAMOS Unai<br \/>\n136 RUIZ Ibon<br \/>\n137 URIARTE Diego<\/p>\n<p><strong>EUSKALTEL-EUSKADI<\/strong><br \/>\n141 MINTEGI Iker<br \/>\n142 MURGUIALDAY Jokin<br \/>\n143 JUARISTI Txomin<br \/>\n144 LASTRA Jonathan<br \/>\n145 MARTIN Gotzon<br \/>\n146 ALUSTIZA Nicolas<br \/>\n147 AZNAR Unai<\/p>\n<p><strong>TOTALENERGIES<\/strong><br \/>\n151 BOUCHARD Geoffrey<br \/>\n153 BURGAUDEAU Mathieu<br \/>\n154 DELBOVE Joris<br \/>\n155 DOUBEY Fabien<br \/>\n156 JOUSSEAUME Alan<br \/>\n157 VERCHER Matteo<\/p>\n<p><strong>TUDOR PRO CYCLING TEAM<\/strong><br \/>\n161 HIRSCHI Marc<br \/>\n162 BRENNER Marco<br \/>\n163 WEISS Fabian<br \/>\n164 ERIKSSON Jacob<br \/>\n165 THALMANN Roland<br \/>\n166 VOISARD Yannis<br \/>\n167 WILKSCH Hannes<\/p>\n<p><strong>EFAPEL CYCLING<\/strong><br \/>\n171 PE\u00d1A Jesus David<br \/>\n172 LEAL Tiago<br \/>\n173 LOPES Lucas<br \/>\n174 DUR\u00c3ES Rafael<br \/>\n175 GRIGOREV Aleksandr<br \/>\n176 SWIRBUL Keegan<br \/>\n177 TAVARES Gon\u00e7alo<\/p>\n<p><strong>ANICOLOR \/ CAMPICARN<\/strong><br \/>\n181 GUERIN Alexis<br \/>\n182 LOPEZ DE ABETXUKO Andoni<br \/>\n183 FERNANDEZ Ruben<br \/>\n185 FERREIRA Louis<br \/>\n187 OBHOLZER Theodor<\/p>\n","protected":false},"excerpt":{"rendered":"<p>Ecco i partenti al #GPIndurain di sabato 4 aprile<\/p>\n","protected":false},"author":27,"featured_media":330448,"comment_status":"open","ping_status":"closed","sticky":false,"template":"","format":"standard","meta":{"footnotes":""},"categories":[6,18],"tags":[6912],"class_list":["post-371942","post","type-post","status-publish","format-standard","has-post-thumbnail","hentry","category-continental","category-startlist","tag-gp-indurain-2026"],"yoast_head":"<!-- This site is optimized with the Yoast SEO plugin v27.4 - https:\/\/yoast.com\/product\/yoast-seo-wordpress\/ -->\n<title>GP Indurain 2026, la startlist definitiva - SpazioCiclismo<\/title>\n<meta name=\"robots\" content=\"index, follow, max-snippet:-1, max-image-preview:large, max-video-preview:-1\" \/>\n<link rel=\"canonical\" href=\"https:\/\/cyclingpro.net\/spaziociclismo\/startlist\/gp-indurain-2026-la-startlist\/\" \/>\n<meta property=\"og:locale\" content=\"it_IT\" \/>\n<meta property=\"og:type\" content=\"article\" \/>\n<meta property=\"og:title\" content=\"GP Indurain 2026, la startlist definitiva - SpazioCiclismo\" \/>\n<meta property=\"og:description\" content=\"Ecco i partenti al #GPIndurain di sabato 4 aprile\" \/>\n<meta property=\"og:url\" content=\"https:\/\/cyclingpro.net\/spaziociclismo\/startlist\/gp-indurain-2026-la-startlist\/\" \/>\n<meta property=\"og:site_name\" content=\"SpazioCiclismo\" \/>\n<meta property=\"article:publisher\" content=\"https:\/\/www.facebook.com\/SpazioCiclismo\/\" \/>\n<meta property=\"article:published_time\" content=\"2026-04-03T16:40:34+00:00\" \/>\n<meta property=\"article:modified_time\" content=\"2026-04-03T18:29:08+00:00\" \/>\n<meta property=\"og:image\" content=\"https:\/\/cyclingpro.net\/spaziociclismo\/wp-content\/uploads\/2025\/04\/Gruppo-Giro-dei-Paesi-Baschi-2024-Montagne.jpg\" \/>\n\t<meta property=\"og:image:width\" content=\"1200\" \/>\n\t<meta property=\"og:image:height\" content=\"800\" \/>\n\t<meta property=\"og:image:type\" content=\"image\/jpeg\" \/>\n<meta name=\"author\" content=\"Davide Filippi\" \/>\n<meta name=\"twitter:card\" content=\"summary_large_image\" \/>\n<meta name=\"twitter:creator\" content=\"@spaziociclismo\" \/>\n<meta name=\"twitter:site\" content=\"@spaziociclismo\" \/>\n<meta name=\"twitter:label1\" content=\"Scritto da\" \/>\n\t<meta name=\"twitter:data1\" content=\"Davide Filippi\" \/>\n\t<meta name=\"twitter:label2\" content=\"Tempo di lettura stimato\" \/>\n\t<meta name=\"twitter:data2\" content=\"4 minuti\" \/>\n<script type=\"application\/ld+json\" class=\"yoast-schema-graph\">{\"@context\":\"https:\\\/\\\/schema.org\",\"@graph\":[{\"@type\":\"Article\",\"@id\":\"https:\\\/\\\/cyclingpro.net\\\/spaziociclismo\\\/startlist\\\/gp-indurain-2026-la-startlist\\\/#article\",\"isPartOf\":{\"@id\":\"https:\\\/\\\/cyclingpro.net\\\/spaziociclismo\\\/startlist\\\/gp-indurain-2026-la-startlist\\\/\"},\"author\":{\"name\":\"Davide Filippi\",\"@id\":\"https:\\\/\\\/cyclingpro.net\\\/spaziociclismo\\\/#\\\/schema\\\/person\\\/5b11f525424bc937dcd939655cae5de3\"},\"headline\":\"GP Indurain 2026, la startlist definitiva\",\"datePublished\":\"2026-04-03T16:40:34+00:00\",\"dateModified\":\"2026-04-03T18:29:08+00:00\",\"mainEntityOfPage\":{\"@id\":\"https:\\\/\\\/cyclingpro.net\\\/spaziociclismo\\\/startlist\\\/gp-indurain-2026-la-startlist\\\/\"},\"wordCount\":414,\"commentCount\":0,\"publisher\":{\"@id\":\"https:\\\/\\\/cyclingpro.net\\\/spaziociclismo\\\/#organization\"},\"image\":{\"@id\":\"https:\\\/\\\/cyclingpro.net\\\/spaziociclismo\\\/startlist\\\/gp-indurain-2026-la-startlist\\\/#primaryimage\"},\"thumbnailUrl\":\"https:\\\/\\\/cyclingpro.net\\\/spaziociclismo\\\/wp-content\\\/uploads\\\/2025\\\/04\\\/Gruppo-Giro-dei-Paesi-Baschi-2024-Montagne.jpg\",\"keywords\":[\"GP Indurain 2026\"],\"articleSection\":[\"Continental\",\"Startlist\"],\"inLanguage\":\"it-IT\",\"potentialAction\":[{\"@type\":\"CommentAction\",\"name\":\"Comment\",\"target\":[\"https:\\\/\\\/cyclingpro.net\\\/spaziociclismo\\\/startlist\\\/gp-indurain-2026-la-startlist\\\/#respond\"]}]},{\"@type\":\"WebPage\",\"@id\":\"https:\\\/\\\/cyclingpro.net\\\/spaziociclismo\\\/startlist\\\/gp-indurain-2026-la-startlist\\\/\",\"url\":\"https:\\\/\\\/cyclingpro.net\\\/spaziociclismo\\\/startlist\\\/gp-indurain-2026-la-startlist\\\/\",\"name\":\"GP Indurain 2026, la startlist definitiva - SpazioCiclismo\",\"isPartOf\":{\"@id\":\"https:\\\/\\\/cyclingpro.net\\\/spaziociclismo\\\/#website\"},\"primaryImageOfPage\":{\"@id\":\"https:\\\/\\\/cyclingpro.net\\\/spaziociclismo\\\/startlist\\\/gp-indurain-2026-la-startlist\\\/#primaryimage\"},\"image\":{\"@id\":\"https:\\\/\\\/cyclingpro.net\\\/spaziociclismo\\\/startlist\\\/gp-indurain-2026-la-startlist\\\/#primaryimage\"},\"thumbnailUrl\":\"https:\\\/\\\/cyclingpro.net\\\/spaziociclismo\\\/wp-content\\\/uploads\\\/2025\\\/04\\\/Gruppo-Giro-dei-Paesi-Baschi-2024-Montagne.jpg\",\"datePublished\":\"2026-04-03T16:40:34+00:00\",\"dateModified\":\"2026-04-03T18:29:08+00:00\",\"breadcrumb\":{\"@id\":\"https:\\\/\\\/cyclingpro.net\\\/spaziociclismo\\\/startlist\\\/gp-indurain-2026-la-startlist\\\/#breadcrumb\"},\"inLanguage\":\"it-IT\",\"potentialAction\":[{\"@type\":\"ReadAction\",\"target\":[\"https:\\\/\\\/cyclingpro.net\\\/spaziociclismo\\\/startlist\\\/gp-indurain-2026-la-startlist\\\/\"]}]},{\"@type\":\"ImageObject\",\"inLanguage\":\"it-IT\",\"@id\":\"https:\\\/\\\/cyclingpro.net\\\/spaziociclismo\\\/startlist\\\/gp-indurain-2026-la-startlist\\\/#primaryimage\",\"url\":\"https:\\\/\\\/cyclingpro.net\\\/spaziociclismo\\\/wp-content\\\/uploads\\\/2025\\\/04\\\/Gruppo-Giro-dei-Paesi-Baschi-2024-Montagne.jpg\",\"contentUrl\":\"https:\\\/\\\/cyclingpro.net\\\/spaziociclismo\\\/wp-content\\\/uploads\\\/2025\\\/04\\\/Gruppo-Giro-dei-Paesi-Baschi-2024-Montagne.jpg\",\"width\":1200,\"height\":800,\"caption\":\"\u00a9 Itzulia \\\/ Sprint Cycling Agency\"},{\"@type\":\"BreadcrumbList\",\"@id\":\"https:\\\/\\\/cyclingpro.net\\\/spaziociclismo\\\/startlist\\\/gp-indurain-2026-la-startlist\\\/#breadcrumb\",\"itemListElement\":[{\"@type\":\"ListItem\",\"position\":1,\"name\":\"Home\",\"item\":\"https:\\\/\\\/cyclingpro.net\\\/spaziociclismo\\\/\"},{\"@type\":\"ListItem\",\"position\":2,\"name\":\"GP Indurain 2026, la startlist definitiva\"}]},{\"@type\":\"WebSite\",\"@id\":\"https:\\\/\\\/cyclingpro.net\\\/spaziociclismo\\\/#website\",\"url\":\"https:\\\/\\\/cyclingpro.net\\\/spaziociclismo\\\/\",\"name\":\"SpazioCiclismo\",\"description\":\"Tutto il ciclismo minuto per minuto\",\"publisher\":{\"@id\":\"https:\\\/\\\/cyclingpro.net\\\/spaziociclismo\\\/#organization\"},\"potentialAction\":[{\"@type\":\"SearchAction\",\"target\":{\"@type\":\"EntryPoint\",\"urlTemplate\":\"https:\\\/\\\/cyclingpro.net\\\/spaziociclismo\\\/?s={search_term_string}\"},\"query-input\":{\"@type\":\"PropertyValueSpecification\",\"valueRequired\":true,\"valueName\":\"search_term_string\"}}],\"inLanguage\":\"it-IT\"},{\"@type\":\"Organization\",\"@id\":\"https:\\\/\\\/cyclingpro.net\\\/spaziociclismo\\\/#organization\",\"name\":\"SpazioCiclismo\",\"url\":\"https:\\\/\\\/cyclingpro.net\\\/spaziociclismo\\\/\",\"logo\":{\"@type\":\"ImageObject\",\"inLanguage\":\"it-IT\",\"@id\":\"https:\\\/\\\/cyclingpro.net\\\/spaziociclismo\\\/#\\\/schema\\\/logo\\\/image\\\/\",\"url\":\"https:\\\/\\\/cyclingpro.net\\\/spaziociclismo\\\/wp-content\\\/uploads\\\/2017\\\/02\\\/SpazioCiclismo-Logo-Quadrato.png\",\"contentUrl\":\"https:\\\/\\\/cyclingpro.net\\\/spaziociclismo\\\/wp-content\\\/uploads\\\/2017\\\/02\\\/SpazioCiclismo-Logo-Quadrato.png\",\"width\":450,\"height\":450,\"caption\":\"SpazioCiclismo\"},\"image\":{\"@id\":\"https:\\\/\\\/cyclingpro.net\\\/spaziociclismo\\\/#\\\/schema\\\/logo\\\/image\\\/\"},\"sameAs\":[\"https:\\\/\\\/www.facebook.com\\\/SpazioCiclismo\\\/\",\"https:\\\/\\\/x.com\\\/spaziociclismo\",\"https:\\\/\\\/www.instagram.com\\\/spaziociclismo\\\/\"]},{\"@type\":\"Person\",\"@id\":\"https:\\\/\\\/cyclingpro.net\\\/spaziociclismo\\\/#\\\/schema\\\/person\\\/5b11f525424bc937dcd939655cae5de3\",\"name\":\"Davide Filippi\",\"image\":{\"@type\":\"ImageObject\",\"inLanguage\":\"it-IT\",\"@id\":\"https:\\\/\\\/secure.gravatar.com\\\/avatar\\\/acf38569376402ef43c46c36ea62f8a431f13c39fac703a2ed157f3bbfa5c1ab?s=96&d=mm&r=g\",\"url\":\"https:\\\/\\\/secure.gravatar.com\\\/avatar\\\/acf38569376402ef43c46c36ea62f8a431f13c39fac703a2ed157f3bbfa5c1ab?s=96&d=mm&r=g\",\"contentUrl\":\"https:\\\/\\\/secure.gravatar.com\\\/avatar\\\/acf38569376402ef43c46c36ea62f8a431f13c39fac703a2ed157f3bbfa5c1ab?s=96&d=mm&r=g\",\"caption\":\"Davide Filippi\"},\"url\":\"https:\\\/\\\/cyclingpro.net\\\/spaziociclismo\\\/author\\\/dfilippi\\\/\"}]}<\/script>\n<!-- \/ Yoast SEO plugin. -->","yoast_head_json":{"title":"GP Indurain 2026, la startlist definitiva - SpazioCiclismo","robots":{"index":"index","follow":"follow","max-snippet":"max-snippet:-1","max-image-preview":"max-image-preview:large","max-video-preview":"max-video-preview:-1"},"canonical":"https:\/\/cyclingpro.net\/spaziociclismo\/startlist\/gp-indurain-2026-la-startlist\/","og_locale":"it_IT","og_type":"article","og_title":"GP Indurain 2026, la startlist definitiva - SpazioCiclismo","og_description":"Ecco i partenti al #GPIndurain di sabato 4 aprile","og_url":"https:\/\/cyclingpro.net\/spaziociclismo\/startlist\/gp-indurain-2026-la-startlist\/","og_site_name":"SpazioCiclismo","article_publisher":"https:\/\/www.facebook.com\/SpazioCiclismo\/","article_published_time":"2026-04-03T16:40:34+00:00","article_modified_time":"2026-04-03T18:29:08+00:00","og_image":[{"width":1200,"height":800,"url":"https:\/\/cyclingpro.net\/spaziociclismo\/wp-content\/uploads\/2025\/04\/Gruppo-Giro-dei-Paesi-Baschi-2024-Montagne.jpg","type":"image\/jpeg"}],"author":"Davide Filippi","twitter_card":"summary_large_image","twitter_creator":"@spaziociclismo","twitter_site":"@spaziociclismo","twitter_misc":{"Scritto da":"Davide Filippi","Tempo di lettura stimato":"4 minuti"},"schema":{"@context":"https:\/\/schema.org","@graph":[{"@type":"Article","@id":"https:\/\/cyclingpro.net\/spaziociclismo\/startlist\/gp-indurain-2026-la-startlist\/#article","isPartOf":{"@id":"https:\/\/cyclingpro.net\/spaziociclismo\/startlist\/gp-indurain-2026-la-startlist\/"},"author":{"name":"Davide Filippi","@id":"https:\/\/cyclingpro.net\/spaziociclismo\/#\/schema\/person\/5b11f525424bc937dcd939655cae5de3"},"headline":"GP Indurain 2026, la startlist definitiva","datePublished":"2026-04-03T16:40:34+00:00","dateModified":"2026-04-03T18:29:08+00:00","mainEntityOfPage":{"@id":"https:\/\/cyclingpro.net\/spaziociclismo\/startlist\/gp-indurain-2026-la-startlist\/"},"wordCount":414,"commentCount":0,"publisher":{"@id":"https:\/\/cyclingpro.net\/spaziociclismo\/#organization"},"image":{"@id":"https:\/\/cyclingpro.net\/spaziociclismo\/startlist\/gp-indurain-2026-la-startlist\/#primaryimage"},"thumbnailUrl":"https:\/\/cyclingpro.net\/spaziociclismo\/wp-content\/uploads\/2025\/04\/Gruppo-Giro-dei-Paesi-Baschi-2024-Montagne.jpg","keywords":["GP Indurain 2026"],"articleSection":["Continental","Startlist"],"inLanguage":"it-IT","potentialAction":[{"@type":"CommentAction","name":"Comment","target":["https:\/\/cyclingpro.net\/spaziociclismo\/startlist\/gp-indurain-2026-la-startlist\/#respond"]}]},{"@type":"WebPage","@id":"https:\/\/cyclingpro.net\/spaziociclismo\/startlist\/gp-indurain-2026-la-startlist\/","url":"https:\/\/cyclingpro.net\/spaziociclismo\/startlist\/gp-indurain-2026-la-startlist\/","name":"GP Indurain 2026, la startlist definitiva - SpazioCiclismo","isPartOf":{"@id":"https:\/\/cyclingpro.net\/spaziociclismo\/#website"},"primaryImageOfPage":{"@id":"https:\/\/cyclingpro.net\/spaziociclismo\/startlist\/gp-indurain-2026-la-startlist\/#primaryimage"},"image":{"@id":"https:\/\/cyclingpro.net\/spaziociclismo\/startlist\/gp-indurain-2026-la-startlist\/#primaryimage"},"thumbnailUrl":"https:\/\/cyclingpro.net\/spaziociclismo\/wp-content\/uploads\/2025\/04\/Gruppo-Giro-dei-Paesi-Baschi-2024-Montagne.jpg","datePublished":"2026-04-03T16:40:34+00:00","dateModified":"2026-04-03T18:29:08+00:00","breadcrumb":{"@id":"https:\/\/cyclingpro.net\/spaziociclismo\/startlist\/gp-indurain-2026-la-startlist\/#breadcrumb"},"inLanguage":"it-IT","potentialAction":[{"@type":"ReadAction","target":["https:\/\/cyclingpro.net\/spaziociclismo\/startlist\/gp-indurain-2026-la-startlist\/"]}]},{"@type":"ImageObject","inLanguage":"it-IT","@id":"https:\/\/cyclingpro.net\/spaziociclismo\/startlist\/gp-indurain-2026-la-startlist\/#primaryimage","url":"https:\/\/cyclingpro.net\/spaziociclismo\/wp-content\/uploads\/2025\/04\/Gruppo-Giro-dei-Paesi-Baschi-2024-Montagne.jpg","contentUrl":"https:\/\/cyclingpro.net\/spaziociclismo\/wp-content\/uploads\/2025\/04\/Gruppo-Giro-dei-Paesi-Baschi-2024-Montagne.jpg","width":1200,"height":800,"caption":"\u00a9 Itzulia \/ Sprint Cycling Agency"},{"@type":"BreadcrumbList","@id":"https:\/\/cyclingpro.net\/spaziociclismo\/startlist\/gp-indurain-2026-la-startlist\/#breadcrumb","itemListElement":[{"@type":"ListItem","position":1,"name":"Home","item":"https:\/\/cyclingpro.net\/spaziociclismo\/"},{"@type":"ListItem","position":2,"name":"GP Indurain 2026, la startlist definitiva"}]},{"@type":"WebSite","@id":"https:\/\/cyclingpro.net\/spaziociclismo\/#website","url":"https:\/\/cyclingpro.net\/spaziociclismo\/","name":"SpazioCiclismo","description":"Tutto il ciclismo minuto per minuto","publisher":{"@id":"https:\/\/cyclingpro.net\/spaziociclismo\/#organization"},"potentialAction":[{"@type":"SearchAction","target":{"@type":"EntryPoint","urlTemplate":"https:\/\/cyclingpro.net\/spaziociclismo\/?s={search_term_string}"},"query-input":{"@type":"PropertyValueSpecification","valueRequired":true,"valueName":"search_term_string"}}],"inLanguage":"it-IT"},{"@type":"Organization","@id":"https:\/\/cyclingpro.net\/spaziociclismo\/#organization","name":"SpazioCiclismo","url":"https:\/\/cyclingpro.net\/spaziociclismo\/","logo":{"@type":"ImageObject","inLanguage":"it-IT","@id":"https:\/\/cyclingpro.net\/spaziociclismo\/#\/schema\/logo\/image\/","url":"https:\/\/cyclingpro.net\/spaziociclismo\/wp-content\/uploads\/2017\/02\/SpazioCiclismo-Logo-Quadrato.png","contentUrl":"https:\/\/cyclingpro.net\/spaziociclismo\/wp-content\/uploads\/2017\/02\/SpazioCiclismo-Logo-Quadrato.png","width":450,"height":450,"caption":"SpazioCiclismo"},"image":{"@id":"https:\/\/cyclingpro.net\/spaziociclismo\/#\/schema\/logo\/image\/"},"sameAs":["https:\/\/www.facebook.com\/SpazioCiclismo\/","https:\/\/x.com\/spaziociclismo","https:\/\/www.instagram.com\/spaziociclismo\/"]},{"@type":"Person","@id":"https:\/\/cyclingpro.net\/spaziociclismo\/#\/schema\/person\/5b11f525424bc937dcd939655cae5de3","name":"Davide Filippi","image":{"@type":"ImageObject","inLanguage":"it-IT","@id":"https:\/\/secure.gravatar.com\/avatar\/acf38569376402ef43c46c36ea62f8a431f13c39fac703a2ed157f3bbfa5c1ab?s=96&d=mm&r=g","url":"https:\/\/secure.gravatar.com\/avatar\/acf38569376402ef43c46c36ea62f8a431f13c39fac703a2ed157f3bbfa5c1ab?s=96&d=mm&r=g","contentUrl":"https:\/\/secure.gravatar.com\/avatar\/acf38569376402ef43c46c36ea62f8a431f13c39fac703a2ed157f3bbfa5c1ab?s=96&d=mm&r=g","caption":"Davide Filippi"},"url":"https:\/\/cyclingpro.net\/spaziociclismo\/author\/dfilippi\/"}]}},"_links":{"self":[{"href":"https:\/\/cyclingpro.net\/spaziociclismo\/wp-json\/wp\/v2\/posts\/371942","targetHints":{"allow":["GET"]}}],"collection":[{"href":"https:\/\/cyclingpro.net\/spaziociclismo\/wp-json\/wp\/v2\/posts"}],"about":[{"href":"https:\/\/cyclingpro.net\/spaziociclismo\/wp-json\/wp\/v2\/types\/post"}],"author":[{"embeddable":true,"href":"https:\/\/cyclingpro.net\/spaziociclismo\/wp-json\/wp\/v2\/users\/27"}],"replies":[{"embeddable":true,"href":"https:\/\/cyclingpro.net\/spaziociclismo\/wp-json\/wp\/v2\/comments?post=371942"}],"version-history":[{"count":10,"href":"https:\/\/cyclingpro.net\/spaziociclismo\/wp-json\/wp\/v2\/posts\/371942\/revisions"}],"predecessor-version":[{"id":372117,"href":"https:\/\/cyclingpro.net\/spaziociclismo\/wp-json\/wp\/v2\/posts\/371942\/revisions\/372117"}],"wp:featuredmedia":[{"embeddable":true,"href":"https:\/\/cyclingpro.net\/spaziociclismo\/wp-json\/wp\/v2\/media\/330448"}],"wp:attachment":[{"href":"https:\/\/cyclingpro.net\/spaziociclismo\/wp-json\/wp\/v2\/media?parent=371942"}],"wp:term":[{"taxonomy":"category","embeddable":true,"href":"https:\/\/cyclingpro.net\/spaziociclismo\/wp-json\/wp\/v2\/categories?post=371942"},{"taxonomy":"post_tag","embeddable":true,"href":"https:\/\/cyclingpro.net\/spaziociclismo\/wp-json\/wp\/v2\/tags?post=371942"}],"curies":[{"name":"wp","href":"https:\/\/api.w.org\/{rel}","templated":true}]}}