{"id":371236,"date":"2026-03-27T16:48:23","date_gmt":"2026-03-27T15:48:23","guid":{"rendered":"https:\/\/cyclingpro.net\/spaziociclismo\/?p=371236"},"modified":"2026-03-27T22:16:34","modified_gmt":"2026-03-27T21:16:34","slug":"volta-a-catalunya-2026-giulio-ciccone-protagonista-in-fuga-oggi-non-era-la-giornata-giusta-ma-alla-fine-e-stato-un-buon-test-sono-contento-della-mia-forma","status":"publish","type":"post","link":"https:\/\/cyclingpro.net\/spaziociclismo\/worldtour\/volta-a-catalunya-2026-giulio-ciccone-protagonista-in-fuga-oggi-non-era-la-giornata-giusta-ma-alla-fine-e-stato-un-buon-test-sono-contento-della-mia-forma\/","title":{"rendered":"Volta a Catalunya 2026, Giulio Ciccone protagonista in fuga: &#8220;Oggi non era la giornata giusta, ma alla fine \u00e8 stato un buon test e sono contento della mia forma&#8221;"},"content":{"rendered":"<p><strong>Giulio Ciccone<\/strong> all&#8217;attacco nella quinta tappa della <strong>Volta a Catalunya 2026<\/strong>. Assieme ad altri quattro corridori, l&#8217;abruzzese della <strong>Lidl-Trek<\/strong> ha animato la fuga di giornata che si \u00e8 formata lungo la prima salita, senza riuscire tuttavia a prendere grande vantaggio sul gruppo, che non ha concesso molto spazio all&#8217;azione con l&#8217;intenzione di giocarsi il successo. Il 31enne ha comunque lottato fino in fondo, staccando gli altri attaccanti all&#8217;inizio dell&#8217;ascesa finale e venendo ripreso solo negli ultimi sette chilometri, quando i big hanno iniziato a darsi battaglia.<\/p>\n<p>&#8220;<strong>Non \u00e8 stata una buona giornata per la fuga e credo che fosse gi\u00e0 chiaro fin dalla prima salita<\/strong>, quando dietro continuavano a spingere e non volevano concederci un buon vantaggio &#8211; ha dichiarato Ciccone ai nostri microfoni &#8211; <strong>Ma alla fine \u00e8 stato un buon test per me, ero l\u00ec e pensavo solo a dare il massimo fino alla fine<\/strong>. Nell&#8217;ultima salita c&#8217;era vento contrario e a un certo punto mi sono reso conto che era impossibile arrivare. Soprattutto quando sai che ci sono certi corridori che stanno arrivando. Quindi s\u00ec, \u00e8 stata una buona giornata, abbiamo anche Skjelmose in classifica generale. <strong>Domani c&#8217;\u00e8 un&#8217;altra tappa dura e poi quella di Barcellona, quindi continuiamo cos\u00ec<\/strong>&#8220;.<\/p>\n<p>&#8220;<strong>Ovviamente la mia intenzione era vincere la tappa, ma era anche chiaro che oggi non era la giornata giusta<\/strong> &#8211; ha aggiunto l&#8217;abruzzese &#8211; Perch\u00e9 senza la salita di ieri, oggi era sicuramente una giornata da classifica generale e quindi era davvero quasi impossibile, ma <strong>quando sei l\u00ec bisogna provarci e penso anche che le gambe fossero abbastanza buone. Quindi sono contento della mia forma e continuiamo a lottare<\/strong>&#8220;.<\/p>\n","protected":false},"excerpt":{"rendered":"<p>Giulio Ciccone protagonista in fuga nella quinta tappa della #VoltaCatalunya105<\/p>\n","protected":false},"author":27,"featured_media":333138,"comment_status":"open","ping_status":"closed","sticky":false,"template":"","format":"standard","meta":{"footnotes":""},"categories":[25],"tags":[180,6546,6732],"class_list":["post-371236","post","type-post","status-publish","format-standard","has-post-thumbnail","hentry","category-worldtour","tag-giulio-ciccone","tag-lidl-trek-2026","tag-volta-a-catalunya-2026"],"yoast_head":"<!-- This site is optimized with the Yoast SEO plugin v27.4 - https:\/\/yoast.com\/product\/yoast-seo-wordpress\/ -->\n<title>Volta a Catalunya 2026, Giulio Ciccone protagonista in fuga: &quot;Oggi non era la giornata giusta, ma alla fine \u00e8 stato un buon test e sono contento della mia forma&quot; - SpazioCiclismo<\/title>\n<meta name=\"robots\" content=\"index, follow, max-snippet:-1, max-image-preview:large, max-video-preview:-1\" \/>\n<link rel=\"canonical\" href=\"https:\/\/cyclingpro.net\/spaziociclismo\/worldtour\/volta-a-catalunya-2026-giulio-ciccone-protagonista-in-fuga-oggi-non-era-la-giornata-giusta-ma-alla-fine-e-stato-un-buon-test-sono-contento-della-mia-forma\/\" \/>\n<meta property=\"og:locale\" content=\"it_IT\" \/>\n<meta property=\"og:type\" content=\"article\" \/>\n<meta property=\"og:title\" content=\"Volta a Catalunya 2026, Giulio Ciccone protagonista in fuga: &quot;Oggi non era la giornata giusta, ma alla fine \u00e8 stato un buon test e sono contento della mia forma&quot; - SpazioCiclismo\" \/>\n<meta property=\"og:description\" content=\"Giulio Ciccone protagonista in fuga nella quinta tappa della #VoltaCatalunya105\" \/>\n<meta property=\"og:url\" content=\"https:\/\/cyclingpro.net\/spaziociclismo\/worldtour\/volta-a-catalunya-2026-giulio-ciccone-protagonista-in-fuga-oggi-non-era-la-giornata-giusta-ma-alla-fine-e-stato-un-buon-test-sono-contento-della-mia-forma\/\" \/>\n<meta property=\"og:site_name\" content=\"SpazioCiclismo\" \/>\n<meta property=\"article:publisher\" content=\"https:\/\/www.facebook.com\/SpazioCiclismo\/\" \/>\n<meta property=\"article:published_time\" content=\"2026-03-27T15:48:23+00:00\" \/>\n<meta property=\"article:modified_time\" content=\"2026-03-27T21:16:34+00:00\" \/>\n<meta property=\"og:image\" content=\"https:\/\/cyclingpro.net\/spaziociclismo\/wp-content\/uploads\/2025\/05\/1214463063-scaled.jpg\" \/>\n\t<meta property=\"og:image:width\" content=\"2560\" \/>\n\t<meta property=\"og:image:height\" content=\"1707\" \/>\n\t<meta property=\"og:image:type\" content=\"image\/jpeg\" \/>\n<meta name=\"author\" content=\"Davide Filippi\" \/>\n<meta name=\"twitter:card\" content=\"summary_large_image\" \/>\n<meta name=\"twitter:creator\" content=\"@spaziociclismo\" \/>\n<meta name=\"twitter:site\" content=\"@spaziociclismo\" \/>\n<meta name=\"twitter:label1\" content=\"Scritto da\" \/>\n\t<meta name=\"twitter:data1\" content=\"Davide Filippi\" \/>\n\t<meta name=\"twitter:label2\" content=\"Tempo di lettura stimato\" \/>\n\t<meta name=\"twitter:data2\" content=\"2 minuti\" \/>\n<script type=\"application\/ld+json\" class=\"yoast-schema-graph\">{\"@context\":\"https:\\\/\\\/schema.org\",\"@graph\":[{\"@type\":\"Article\",\"@id\":\"https:\\\/\\\/cyclingpro.net\\\/spaziociclismo\\\/worldtour\\\/volta-a-catalunya-2026-giulio-ciccone-protagonista-in-fuga-oggi-non-era-la-giornata-giusta-ma-alla-fine-e-stato-un-buon-test-sono-contento-della-mia-forma\\\/#article\",\"isPartOf\":{\"@id\":\"https:\\\/\\\/cyclingpro.net\\\/spaziociclismo\\\/worldtour\\\/volta-a-catalunya-2026-giulio-ciccone-protagonista-in-fuga-oggi-non-era-la-giornata-giusta-ma-alla-fine-e-stato-un-buon-test-sono-contento-della-mia-forma\\\/\"},\"author\":{\"name\":\"Davide Filippi\",\"@id\":\"https:\\\/\\\/cyclingpro.net\\\/spaziociclismo\\\/#\\\/schema\\\/person\\\/5b11f525424bc937dcd939655cae5de3\"},\"headline\":\"Volta a Catalunya 2026, Giulio Ciccone protagonista in fuga: &#8220;Oggi non era la giornata giusta, ma alla fine \u00e8 stato un buon test e sono contento della mia forma&#8221;\",\"datePublished\":\"2026-03-27T15:48:23+00:00\",\"dateModified\":\"2026-03-27T21:16:34+00:00\",\"mainEntityOfPage\":{\"@id\":\"https:\\\/\\\/cyclingpro.net\\\/spaziociclismo\\\/worldtour\\\/volta-a-catalunya-2026-giulio-ciccone-protagonista-in-fuga-oggi-non-era-la-giornata-giusta-ma-alla-fine-e-stato-un-buon-test-sono-contento-della-mia-forma\\\/\"},\"wordCount\":303,\"commentCount\":0,\"publisher\":{\"@id\":\"https:\\\/\\\/cyclingpro.net\\\/spaziociclismo\\\/#organization\"},\"image\":{\"@id\":\"https:\\\/\\\/cyclingpro.net\\\/spaziociclismo\\\/worldtour\\\/volta-a-catalunya-2026-giulio-ciccone-protagonista-in-fuga-oggi-non-era-la-giornata-giusta-ma-alla-fine-e-stato-un-buon-test-sono-contento-della-mia-forma\\\/#primaryimage\"},\"thumbnailUrl\":\"https:\\\/\\\/cyclingpro.net\\\/spaziociclismo\\\/wp-content\\\/uploads\\\/2025\\\/05\\\/1214463063-scaled.jpg\",\"keywords\":[\"Giulio Ciccone\",\"Lidl - Trek 2026\",\"Volta a Catalunya 2026\"],\"articleSection\":[\"WorldTour\"],\"inLanguage\":\"it-IT\",\"potentialAction\":[{\"@type\":\"CommentAction\",\"name\":\"Comment\",\"target\":[\"https:\\\/\\\/cyclingpro.net\\\/spaziociclismo\\\/worldtour\\\/volta-a-catalunya-2026-giulio-ciccone-protagonista-in-fuga-oggi-non-era-la-giornata-giusta-ma-alla-fine-e-stato-un-buon-test-sono-contento-della-mia-forma\\\/#respond\"]}]},{\"@type\":\"WebPage\",\"@id\":\"https:\\\/\\\/cyclingpro.net\\\/spaziociclismo\\\/worldtour\\\/volta-a-catalunya-2026-giulio-ciccone-protagonista-in-fuga-oggi-non-era-la-giornata-giusta-ma-alla-fine-e-stato-un-buon-test-sono-contento-della-mia-forma\\\/\",\"url\":\"https:\\\/\\\/cyclingpro.net\\\/spaziociclismo\\\/worldtour\\\/volta-a-catalunya-2026-giulio-ciccone-protagonista-in-fuga-oggi-non-era-la-giornata-giusta-ma-alla-fine-e-stato-un-buon-test-sono-contento-della-mia-forma\\\/\",\"name\":\"Volta a Catalunya 2026, Giulio Ciccone protagonista in fuga: \\\"Oggi non era la giornata giusta, ma alla fine \u00e8 stato un buon test e sono contento della mia forma\\\" - SpazioCiclismo\",\"isPartOf\":{\"@id\":\"https:\\\/\\\/cyclingpro.net\\\/spaziociclismo\\\/#website\"},\"primaryImageOfPage\":{\"@id\":\"https:\\\/\\\/cyclingpro.net\\\/spaziociclismo\\\/worldtour\\\/volta-a-catalunya-2026-giulio-ciccone-protagonista-in-fuga-oggi-non-era-la-giornata-giusta-ma-alla-fine-e-stato-un-buon-test-sono-contento-della-mia-forma\\\/#primaryimage\"},\"image\":{\"@id\":\"https:\\\/\\\/cyclingpro.net\\\/spaziociclismo\\\/worldtour\\\/volta-a-catalunya-2026-giulio-ciccone-protagonista-in-fuga-oggi-non-era-la-giornata-giusta-ma-alla-fine-e-stato-un-buon-test-sono-contento-della-mia-forma\\\/#primaryimage\"},\"thumbnailUrl\":\"https:\\\/\\\/cyclingpro.net\\\/spaziociclismo\\\/wp-content\\\/uploads\\\/2025\\\/05\\\/1214463063-scaled.jpg\",\"datePublished\":\"2026-03-27T15:48:23+00:00\",\"dateModified\":\"2026-03-27T21:16:34+00:00\",\"breadcrumb\":{\"@id\":\"https:\\\/\\\/cyclingpro.net\\\/spaziociclismo\\\/worldtour\\\/volta-a-catalunya-2026-giulio-ciccone-protagonista-in-fuga-oggi-non-era-la-giornata-giusta-ma-alla-fine-e-stato-un-buon-test-sono-contento-della-mia-forma\\\/#breadcrumb\"},\"inLanguage\":\"it-IT\",\"potentialAction\":[{\"@type\":\"ReadAction\",\"target\":[\"https:\\\/\\\/cyclingpro.net\\\/spaziociclismo\\\/worldtour\\\/volta-a-catalunya-2026-giulio-ciccone-protagonista-in-fuga-oggi-non-era-la-giornata-giusta-ma-alla-fine-e-stato-un-buon-test-sono-contento-della-mia-forma\\\/\"]}]},{\"@type\":\"ImageObject\",\"inLanguage\":\"it-IT\",\"@id\":\"https:\\\/\\\/cyclingpro.net\\\/spaziociclismo\\\/worldtour\\\/volta-a-catalunya-2026-giulio-ciccone-protagonista-in-fuga-oggi-non-era-la-giornata-giusta-ma-alla-fine-e-stato-un-buon-test-sono-contento-della-mia-forma\\\/#primaryimage\",\"url\":\"https:\\\/\\\/cyclingpro.net\\\/spaziociclismo\\\/wp-content\\\/uploads\\\/2025\\\/05\\\/1214463063-scaled.jpg\",\"contentUrl\":\"https:\\\/\\\/cyclingpro.net\\\/spaziociclismo\\\/wp-content\\\/uploads\\\/2025\\\/05\\\/1214463063-scaled.jpg\",\"width\":2560,\"height\":1707,\"caption\":\"\u00a9 Sirotti\"},{\"@type\":\"BreadcrumbList\",\"@id\":\"https:\\\/\\\/cyclingpro.net\\\/spaziociclismo\\\/worldtour\\\/volta-a-catalunya-2026-giulio-ciccone-protagonista-in-fuga-oggi-non-era-la-giornata-giusta-ma-alla-fine-e-stato-un-buon-test-sono-contento-della-mia-forma\\\/#breadcrumb\",\"itemListElement\":[{\"@type\":\"ListItem\",\"position\":1,\"name\":\"Home\",\"item\":\"https:\\\/\\\/cyclingpro.net\\\/spaziociclismo\\\/\"},{\"@type\":\"ListItem\",\"position\":2,\"name\":\"Volta a Catalunya 2026, Giulio Ciccone protagonista in fuga: &#8220;Oggi non era la giornata giusta, ma alla fine \u00e8 stato un buon test e sono contento della mia forma&#8221;\"}]},{\"@type\":\"WebSite\",\"@id\":\"https:\\\/\\\/cyclingpro.net\\\/spaziociclismo\\\/#website\",\"url\":\"https:\\\/\\\/cyclingpro.net\\\/spaziociclismo\\\/\",\"name\":\"SpazioCiclismo\",\"description\":\"Tutto il ciclismo minuto per minuto\",\"publisher\":{\"@id\":\"https:\\\/\\\/cyclingpro.net\\\/spaziociclismo\\\/#organization\"},\"potentialAction\":[{\"@type\":\"SearchAction\",\"target\":{\"@type\":\"EntryPoint\",\"urlTemplate\":\"https:\\\/\\\/cyclingpro.net\\\/spaziociclismo\\\/?s={search_term_string}\"},\"query-input\":{\"@type\":\"PropertyValueSpecification\",\"valueRequired\":true,\"valueName\":\"search_term_string\"}}],\"inLanguage\":\"it-IT\"},{\"@type\":\"Organization\",\"@id\":\"https:\\\/\\\/cyclingpro.net\\\/spaziociclismo\\\/#organization\",\"name\":\"SpazioCiclismo\",\"url\":\"https:\\\/\\\/cyclingpro.net\\\/spaziociclismo\\\/\",\"logo\":{\"@type\":\"ImageObject\",\"inLanguage\":\"it-IT\",\"@id\":\"https:\\\/\\\/cyclingpro.net\\\/spaziociclismo\\\/#\\\/schema\\\/logo\\\/image\\\/\",\"url\":\"https:\\\/\\\/cyclingpro.net\\\/spaziociclismo\\\/wp-content\\\/uploads\\\/2017\\\/02\\\/SpazioCiclismo-Logo-Quadrato.png\",\"contentUrl\":\"https:\\\/\\\/cyclingpro.net\\\/spaziociclismo\\\/wp-content\\\/uploads\\\/2017\\\/02\\\/SpazioCiclismo-Logo-Quadrato.png\",\"width\":450,\"height\":450,\"caption\":\"SpazioCiclismo\"},\"image\":{\"@id\":\"https:\\\/\\\/cyclingpro.net\\\/spaziociclismo\\\/#\\\/schema\\\/logo\\\/image\\\/\"},\"sameAs\":[\"https:\\\/\\\/www.facebook.com\\\/SpazioCiclismo\\\/\",\"https:\\\/\\\/x.com\\\/spaziociclismo\",\"https:\\\/\\\/www.instagram.com\\\/spaziociclismo\\\/\"]},{\"@type\":\"Person\",\"@id\":\"https:\\\/\\\/cyclingpro.net\\\/spaziociclismo\\\/#\\\/schema\\\/person\\\/5b11f525424bc937dcd939655cae5de3\",\"name\":\"Davide Filippi\",\"image\":{\"@type\":\"ImageObject\",\"inLanguage\":\"it-IT\",\"@id\":\"https:\\\/\\\/secure.gravatar.com\\\/avatar\\\/acf38569376402ef43c46c36ea62f8a431f13c39fac703a2ed157f3bbfa5c1ab?s=96&d=mm&r=g\",\"url\":\"https:\\\/\\\/secure.gravatar.com\\\/avatar\\\/acf38569376402ef43c46c36ea62f8a431f13c39fac703a2ed157f3bbfa5c1ab?s=96&d=mm&r=g\",\"contentUrl\":\"https:\\\/\\\/secure.gravatar.com\\\/avatar\\\/acf38569376402ef43c46c36ea62f8a431f13c39fac703a2ed157f3bbfa5c1ab?s=96&d=mm&r=g\",\"caption\":\"Davide Filippi\"},\"url\":\"https:\\\/\\\/cyclingpro.net\\\/spaziociclismo\\\/author\\\/dfilippi\\\/\"}]}<\/script>\n<!-- \/ Yoast SEO plugin. -->","yoast_head_json":{"title":"Volta a Catalunya 2026, Giulio Ciccone protagonista in fuga: \"Oggi non era la giornata giusta, ma alla fine \u00e8 stato un buon test e sono contento della mia forma\" - SpazioCiclismo","robots":{"index":"index","follow":"follow","max-snippet":"max-snippet:-1","max-image-preview":"max-image-preview:large","max-video-preview":"max-video-preview:-1"},"canonical":"https:\/\/cyclingpro.net\/spaziociclismo\/worldtour\/volta-a-catalunya-2026-giulio-ciccone-protagonista-in-fuga-oggi-non-era-la-giornata-giusta-ma-alla-fine-e-stato-un-buon-test-sono-contento-della-mia-forma\/","og_locale":"it_IT","og_type":"article","og_title":"Volta a Catalunya 2026, Giulio Ciccone protagonista in fuga: \"Oggi non era la giornata giusta, ma alla fine \u00e8 stato un buon test e sono contento della mia forma\" - SpazioCiclismo","og_description":"Giulio Ciccone protagonista in fuga nella quinta tappa della #VoltaCatalunya105","og_url":"https:\/\/cyclingpro.net\/spaziociclismo\/worldtour\/volta-a-catalunya-2026-giulio-ciccone-protagonista-in-fuga-oggi-non-era-la-giornata-giusta-ma-alla-fine-e-stato-un-buon-test-sono-contento-della-mia-forma\/","og_site_name":"SpazioCiclismo","article_publisher":"https:\/\/www.facebook.com\/SpazioCiclismo\/","article_published_time":"2026-03-27T15:48:23+00:00","article_modified_time":"2026-03-27T21:16:34+00:00","og_image":[{"width":2560,"height":1707,"url":"https:\/\/cyclingpro.net\/spaziociclismo\/wp-content\/uploads\/2025\/05\/1214463063-scaled.jpg","type":"image\/jpeg"}],"author":"Davide Filippi","twitter_card":"summary_large_image","twitter_creator":"@spaziociclismo","twitter_site":"@spaziociclismo","twitter_misc":{"Scritto da":"Davide Filippi","Tempo di lettura stimato":"2 minuti"},"schema":{"@context":"https:\/\/schema.org","@graph":[{"@type":"Article","@id":"https:\/\/cyclingpro.net\/spaziociclismo\/worldtour\/volta-a-catalunya-2026-giulio-ciccone-protagonista-in-fuga-oggi-non-era-la-giornata-giusta-ma-alla-fine-e-stato-un-buon-test-sono-contento-della-mia-forma\/#article","isPartOf":{"@id":"https:\/\/cyclingpro.net\/spaziociclismo\/worldtour\/volta-a-catalunya-2026-giulio-ciccone-protagonista-in-fuga-oggi-non-era-la-giornata-giusta-ma-alla-fine-e-stato-un-buon-test-sono-contento-della-mia-forma\/"},"author":{"name":"Davide Filippi","@id":"https:\/\/cyclingpro.net\/spaziociclismo\/#\/schema\/person\/5b11f525424bc937dcd939655cae5de3"},"headline":"Volta a Catalunya 2026, Giulio Ciccone protagonista in fuga: &#8220;Oggi non era la giornata giusta, ma alla fine \u00e8 stato un buon test e sono contento della mia forma&#8221;","datePublished":"2026-03-27T15:48:23+00:00","dateModified":"2026-03-27T21:16:34+00:00","mainEntityOfPage":{"@id":"https:\/\/cyclingpro.net\/spaziociclismo\/worldtour\/volta-a-catalunya-2026-giulio-ciccone-protagonista-in-fuga-oggi-non-era-la-giornata-giusta-ma-alla-fine-e-stato-un-buon-test-sono-contento-della-mia-forma\/"},"wordCount":303,"commentCount":0,"publisher":{"@id":"https:\/\/cyclingpro.net\/spaziociclismo\/#organization"},"image":{"@id":"https:\/\/cyclingpro.net\/spaziociclismo\/worldtour\/volta-a-catalunya-2026-giulio-ciccone-protagonista-in-fuga-oggi-non-era-la-giornata-giusta-ma-alla-fine-e-stato-un-buon-test-sono-contento-della-mia-forma\/#primaryimage"},"thumbnailUrl":"https:\/\/cyclingpro.net\/spaziociclismo\/wp-content\/uploads\/2025\/05\/1214463063-scaled.jpg","keywords":["Giulio Ciccone","Lidl - Trek 2026","Volta a Catalunya 2026"],"articleSection":["WorldTour"],"inLanguage":"it-IT","potentialAction":[{"@type":"CommentAction","name":"Comment","target":["https:\/\/cyclingpro.net\/spaziociclismo\/worldtour\/volta-a-catalunya-2026-giulio-ciccone-protagonista-in-fuga-oggi-non-era-la-giornata-giusta-ma-alla-fine-e-stato-un-buon-test-sono-contento-della-mia-forma\/#respond"]}]},{"@type":"WebPage","@id":"https:\/\/cyclingpro.net\/spaziociclismo\/worldtour\/volta-a-catalunya-2026-giulio-ciccone-protagonista-in-fuga-oggi-non-era-la-giornata-giusta-ma-alla-fine-e-stato-un-buon-test-sono-contento-della-mia-forma\/","url":"https:\/\/cyclingpro.net\/spaziociclismo\/worldtour\/volta-a-catalunya-2026-giulio-ciccone-protagonista-in-fuga-oggi-non-era-la-giornata-giusta-ma-alla-fine-e-stato-un-buon-test-sono-contento-della-mia-forma\/","name":"Volta a Catalunya 2026, Giulio Ciccone protagonista in fuga: \"Oggi non era la giornata giusta, ma alla fine \u00e8 stato un buon test e sono contento della mia forma\" - SpazioCiclismo","isPartOf":{"@id":"https:\/\/cyclingpro.net\/spaziociclismo\/#website"},"primaryImageOfPage":{"@id":"https:\/\/cyclingpro.net\/spaziociclismo\/worldtour\/volta-a-catalunya-2026-giulio-ciccone-protagonista-in-fuga-oggi-non-era-la-giornata-giusta-ma-alla-fine-e-stato-un-buon-test-sono-contento-della-mia-forma\/#primaryimage"},"image":{"@id":"https:\/\/cyclingpro.net\/spaziociclismo\/worldtour\/volta-a-catalunya-2026-giulio-ciccone-protagonista-in-fuga-oggi-non-era-la-giornata-giusta-ma-alla-fine-e-stato-un-buon-test-sono-contento-della-mia-forma\/#primaryimage"},"thumbnailUrl":"https:\/\/cyclingpro.net\/spaziociclismo\/wp-content\/uploads\/2025\/05\/1214463063-scaled.jpg","datePublished":"2026-03-27T15:48:23+00:00","dateModified":"2026-03-27T21:16:34+00:00","breadcrumb":{"@id":"https:\/\/cyclingpro.net\/spaziociclismo\/worldtour\/volta-a-catalunya-2026-giulio-ciccone-protagonista-in-fuga-oggi-non-era-la-giornata-giusta-ma-alla-fine-e-stato-un-buon-test-sono-contento-della-mia-forma\/#breadcrumb"},"inLanguage":"it-IT","potentialAction":[{"@type":"ReadAction","target":["https:\/\/cyclingpro.net\/spaziociclismo\/worldtour\/volta-a-catalunya-2026-giulio-ciccone-protagonista-in-fuga-oggi-non-era-la-giornata-giusta-ma-alla-fine-e-stato-un-buon-test-sono-contento-della-mia-forma\/"]}]},{"@type":"ImageObject","inLanguage":"it-IT","@id":"https:\/\/cyclingpro.net\/spaziociclismo\/worldtour\/volta-a-catalunya-2026-giulio-ciccone-protagonista-in-fuga-oggi-non-era-la-giornata-giusta-ma-alla-fine-e-stato-un-buon-test-sono-contento-della-mia-forma\/#primaryimage","url":"https:\/\/cyclingpro.net\/spaziociclismo\/wp-content\/uploads\/2025\/05\/1214463063-scaled.jpg","contentUrl":"https:\/\/cyclingpro.net\/spaziociclismo\/wp-content\/uploads\/2025\/05\/1214463063-scaled.jpg","width":2560,"height":1707,"caption":"\u00a9 Sirotti"},{"@type":"BreadcrumbList","@id":"https:\/\/cyclingpro.net\/spaziociclismo\/worldtour\/volta-a-catalunya-2026-giulio-ciccone-protagonista-in-fuga-oggi-non-era-la-giornata-giusta-ma-alla-fine-e-stato-un-buon-test-sono-contento-della-mia-forma\/#breadcrumb","itemListElement":[{"@type":"ListItem","position":1,"name":"Home","item":"https:\/\/cyclingpro.net\/spaziociclismo\/"},{"@type":"ListItem","position":2,"name":"Volta a Catalunya 2026, Giulio Ciccone protagonista in fuga: &#8220;Oggi non era la giornata giusta, ma alla fine \u00e8 stato un buon test e sono contento della mia forma&#8221;"}]},{"@type":"WebSite","@id":"https:\/\/cyclingpro.net\/spaziociclismo\/#website","url":"https:\/\/cyclingpro.net\/spaziociclismo\/","name":"SpazioCiclismo","description":"Tutto il ciclismo minuto per minuto","publisher":{"@id":"https:\/\/cyclingpro.net\/spaziociclismo\/#organization"},"potentialAction":[{"@type":"SearchAction","target":{"@type":"EntryPoint","urlTemplate":"https:\/\/cyclingpro.net\/spaziociclismo\/?s={search_term_string}"},"query-input":{"@type":"PropertyValueSpecification","valueRequired":true,"valueName":"search_term_string"}}],"inLanguage":"it-IT"},{"@type":"Organization","@id":"https:\/\/cyclingpro.net\/spaziociclismo\/#organization","name":"SpazioCiclismo","url":"https:\/\/cyclingpro.net\/spaziociclismo\/","logo":{"@type":"ImageObject","inLanguage":"it-IT","@id":"https:\/\/cyclingpro.net\/spaziociclismo\/#\/schema\/logo\/image\/","url":"https:\/\/cyclingpro.net\/spaziociclismo\/wp-content\/uploads\/2017\/02\/SpazioCiclismo-Logo-Quadrato.png","contentUrl":"https:\/\/cyclingpro.net\/spaziociclismo\/wp-content\/uploads\/2017\/02\/SpazioCiclismo-Logo-Quadrato.png","width":450,"height":450,"caption":"SpazioCiclismo"},"image":{"@id":"https:\/\/cyclingpro.net\/spaziociclismo\/#\/schema\/logo\/image\/"},"sameAs":["https:\/\/www.facebook.com\/SpazioCiclismo\/","https:\/\/x.com\/spaziociclismo","https:\/\/www.instagram.com\/spaziociclismo\/"]},{"@type":"Person","@id":"https:\/\/cyclingpro.net\/spaziociclismo\/#\/schema\/person\/5b11f525424bc937dcd939655cae5de3","name":"Davide Filippi","image":{"@type":"ImageObject","inLanguage":"it-IT","@id":"https:\/\/secure.gravatar.com\/avatar\/acf38569376402ef43c46c36ea62f8a431f13c39fac703a2ed157f3bbfa5c1ab?s=96&d=mm&r=g","url":"https:\/\/secure.gravatar.com\/avatar\/acf38569376402ef43c46c36ea62f8a431f13c39fac703a2ed157f3bbfa5c1ab?s=96&d=mm&r=g","contentUrl":"https:\/\/secure.gravatar.com\/avatar\/acf38569376402ef43c46c36ea62f8a431f13c39fac703a2ed157f3bbfa5c1ab?s=96&d=mm&r=g","caption":"Davide Filippi"},"url":"https:\/\/cyclingpro.net\/spaziociclismo\/author\/dfilippi\/"}]}},"_links":{"self":[{"href":"https:\/\/cyclingpro.net\/spaziociclismo\/wp-json\/wp\/v2\/posts\/371236","targetHints":{"allow":["GET"]}}],"collection":[{"href":"https:\/\/cyclingpro.net\/spaziociclismo\/wp-json\/wp\/v2\/posts"}],"about":[{"href":"https:\/\/cyclingpro.net\/spaziociclismo\/wp-json\/wp\/v2\/types\/post"}],"author":[{"embeddable":true,"href":"https:\/\/cyclingpro.net\/spaziociclismo\/wp-json\/wp\/v2\/users\/27"}],"replies":[{"embeddable":true,"href":"https:\/\/cyclingpro.net\/spaziociclismo\/wp-json\/wp\/v2\/comments?post=371236"}],"version-history":[{"count":2,"href":"https:\/\/cyclingpro.net\/spaziociclismo\/wp-json\/wp\/v2\/posts\/371236\/revisions"}],"predecessor-version":[{"id":371283,"href":"https:\/\/cyclingpro.net\/spaziociclismo\/wp-json\/wp\/v2\/posts\/371236\/revisions\/371283"}],"wp:featuredmedia":[{"embeddable":true,"href":"https:\/\/cyclingpro.net\/spaziociclismo\/wp-json\/wp\/v2\/media\/333138"}],"wp:attachment":[{"href":"https:\/\/cyclingpro.net\/spaziociclismo\/wp-json\/wp\/v2\/media?parent=371236"}],"wp:term":[{"taxonomy":"category","embeddable":true,"href":"https:\/\/cyclingpro.net\/spaziociclismo\/wp-json\/wp\/v2\/categories?post=371236"},{"taxonomy":"post_tag","embeddable":true,"href":"https:\/\/cyclingpro.net\/spaziociclismo\/wp-json\/wp\/v2\/tags?post=371236"}],"curies":[{"name":"wp","href":"https:\/\/api.w.org\/{rel}","templated":true}]}}