{"id":369421,"date":"2026-03-15T18:23:27","date_gmt":"2026-03-15T17:23:27","guid":{"rendered":"https:\/\/cyclingpro.net\/spaziociclismo\/?p=369421"},"modified":"2026-03-15T21:03:44","modified_gmt":"2026-03-15T20:03:44","slug":"parigi-nizza-2026-jonas-vingegaard-si-gode-il-successo-finale-i-distacchi-non-ci-penso-sono-solo-felice-per-la-vittoria","status":"publish","type":"post","link":"https:\/\/cyclingpro.net\/spaziociclismo\/worldtour\/parigi-nizza-2026-jonas-vingegaard-si-gode-il-successo-finale-i-distacchi-non-ci-penso-sono-solo-felice-per-la-vittoria\/","title":{"rendered":"Parigi-Nizza 2026, Jonas Vingegaard si gode il successo finale: &#8220;I distacchi? Non ci penso, sono solo felice per la vittoria&#8221;"},"content":{"rendered":"<p><strong>Jonas Vingegaard<\/strong> vince la <strong>Parigi-Nizza 2026<\/strong> e aggiunge un altro trofeo di prestigio alla sua bacheca personale. Il danese ha gi\u00e0 vinto in carriera, oltre al Tour de France (due) e alla Vuelta a Espa\u00f1a, anche la Tirreno-Adriatico, il Giro dei Paesi Baschi e il Giro del Delfinato; stando cos\u00ec le cose, gli mancano, nell&#8217;ambito delle grandi corse a tappe del calendario internazionale, il Giro d&#8217;Italia (che ha nel mirino), la Volta a Catalunya (idem), il Giro di Svizzera e il Giro di Romandia. Per il campione della <strong>Visma|Lease a Bike<\/strong> si \u00e8 trattato di un debutto stagionale perfetto, <a href=\"https:\/\/cyclingpro.net\/spaziociclismo\/worldtour\/vismalease-a-bike-jonas-vingegaard-parla-della-caduta-in-allenamento-per-distanziare-un-amatore-se-mi-alleno-da-solo-e-perche-voglio-stare-da-solo\/\" target=\"_blank\" rel=\"noopener\">dopo il rinvio dovuto all&#8217;incidente occorsogli in allenamento.\u00a0<\/a><\/p>\n<p>Il danese ha chiuso la sua settimana con il secondo posto nell&#8217;ultima tappa, <a href=\"https:\/\/cyclingpro.net\/spaziociclismo\/sintesi-gare\/parigi-nizza-2026-lenny-martinez-regola-jonas-vingegaard-allo-sprint-finale-il-danese-conquista-la-corsa\/\" target=\"_blank\" rel=\"noopener\">superato nel duello conclusivo da <strong>Lenny Martine<\/strong><\/a><strong>z<\/strong>: &#8220;Beh, lui \u00e8 molto veloce nelle volate di questo tipo &#8211; il commento di Vingegaard <em><a href=\"https:\/\/www.youtube.com\/watch?v=Mmi7zRqYWZY\" target=\"_blank\" rel=\"noopener\">ai nostri microfon<\/a><\/em>i a fine tappa &#8211;<strong> Ha meritato la vittoria, anche perch\u00e9 io ho fatto probabilmente un errore aspettando troppo a partire.<\/strong> Ma va bene cos\u00ec, sono comunque felice della settimana che ho avuto&#8221;.<\/p>\n<p>Vingegaard ha rifilato distacchi pesantissimi alla concorrenza, nell&#8217;ambito di una corsa tradizionalmente molto equilibrato: &#8220;Io non mi aspettavo una cosa simile &#8211; le parole del campione danese &#8211; Ma credo che sia tutto maturato nella tappa della pioggia, oltre che in quella successiva. <strong>Comunque, non \u00e8 una cosa a cui penso particolarmente. Sono solo felice di essere riuscito a vincere questa corsa<\/strong>&#8220;:<\/p>\n<div class=\"ytwTimelineItemViewModelContentItems\">Il portacolori della Visma|Lease a Bike si \u00e8 imposto alla terza partecipazione alla Corsa del Sole (che ultimamente di sole non ne vede poi cos\u00ec tanto&#8230;): &#8220;<strong>\u00c8 un successo che va nei primi posti di quelli che ho ottenuto finora in carriera.<\/strong> La Parigi-Nizza \u00e8 una delle gare pi\u00f9 importanti al mondo e stavolta sono riuscito a concluderla nel modo giusto, finalmente. \u00c8 una cosa che mi rende felice e anche orgoglioso&#8221;.<\/div>\n<div><\/div>\n<div>\n<div class=\"ytwTimelineItemViewModelContentItems\">Indicazioni sul futuro? &#8220;Mi sento in buone condizioni &#8211; l&#8217;analisi di Vingegaard &#8211; <strong>Non sono al meglio, ma il livello \u00e8 gi\u00e0 pi\u00f9 che buono, migliore rispetto a quello in cui mi trovavo lo scorso anno di questi tempi.<\/strong> Avr\u00f2 tempo poi di consolidare la forma dopo la Volta a Catalunya, prima del Giro d&#8217;Italia e poi del Tour de France&#8221;.<\/div>\n<\/div>\n","protected":false},"excerpt":{"rendered":"<p>&#8220;La forma \u00e8 buona, sto sicuramente meglio rispetto all&#8217;anno scorso di questi tempi&#8221;., il commento del dominatore della #ParisNice.<\/p>\n","protected":false},"author":25,"featured_media":369422,"comment_status":"open","ping_status":"closed","sticky":false,"template":"","format":"standard","meta":{"footnotes":""},"categories":[25],"tags":[2107,6801,6773],"class_list":["post-369421","post","type-post","status-publish","format-standard","has-post-thumbnail","hentry","category-worldtour","tag-jonas-vingegaard","tag-parigi-nizza-2026","tag-team-visma-lease-a-bike-2026"],"yoast_head":"<!-- This site is optimized with the Yoast SEO plugin v27.4 - https:\/\/yoast.com\/product\/yoast-seo-wordpress\/ -->\n<title>Parigi-Nizza 2026, Jonas Vingegaard si gode il successo finale: &quot;I distacchi? Non ci penso, sono solo felice per la vittoria&quot; - SpazioCiclismo<\/title>\n<meta name=\"robots\" content=\"index, follow, max-snippet:-1, max-image-preview:large, max-video-preview:-1\" \/>\n<link rel=\"canonical\" href=\"https:\/\/cyclingpro.net\/spaziociclismo\/worldtour\/parigi-nizza-2026-jonas-vingegaard-si-gode-il-successo-finale-i-distacchi-non-ci-penso-sono-solo-felice-per-la-vittoria\/\" \/>\n<meta property=\"og:locale\" content=\"it_IT\" \/>\n<meta property=\"og:type\" content=\"article\" \/>\n<meta property=\"og:title\" content=\"Parigi-Nizza 2026, Jonas Vingegaard si gode il successo finale: &quot;I distacchi? Non ci penso, sono solo felice per la vittoria&quot; - SpazioCiclismo\" \/>\n<meta property=\"og:description\" content=\"&quot;La forma \u00e8 buona, sto sicuramente meglio rispetto all&#039;anno scorso di questi tempi&quot;., il commento del dominatore della #ParisNice.\" \/>\n<meta property=\"og:url\" content=\"https:\/\/cyclingpro.net\/spaziociclismo\/worldtour\/parigi-nizza-2026-jonas-vingegaard-si-gode-il-successo-finale-i-distacchi-non-ci-penso-sono-solo-felice-per-la-vittoria\/\" \/>\n<meta property=\"og:site_name\" content=\"SpazioCiclismo\" \/>\n<meta property=\"article:publisher\" content=\"https:\/\/www.facebook.com\/SpazioCiclismo\/\" \/>\n<meta property=\"article:published_time\" content=\"2026-03-15T17:23:27+00:00\" \/>\n<meta property=\"article:modified_time\" content=\"2026-03-15T20:03:44+00:00\" \/>\n<meta property=\"og:image\" content=\"https:\/\/cyclingpro.net\/spaziociclismo\/wp-content\/uploads\/2026\/03\/vngegaard-nizza-2026-finale.jpg\" \/>\n\t<meta property=\"og:image:width\" content=\"1000\" \/>\n\t<meta property=\"og:image:height\" content=\"668\" \/>\n\t<meta property=\"og:image:type\" content=\"image\/jpeg\" \/>\n<meta name=\"author\" content=\"Francesco Mitola\" \/>\n<meta name=\"twitter:card\" content=\"summary_large_image\" \/>\n<meta name=\"twitter:creator\" content=\"@spaziociclismo\" \/>\n<meta name=\"twitter:site\" content=\"@spaziociclismo\" \/>\n<meta name=\"twitter:label1\" content=\"Scritto da\" \/>\n\t<meta name=\"twitter:data1\" content=\"Francesco Mitola\" \/>\n\t<meta name=\"twitter:label2\" content=\"Tempo di lettura stimato\" \/>\n\t<meta name=\"twitter:data2\" content=\"3 minuti\" \/>\n<script type=\"application\/ld+json\" class=\"yoast-schema-graph\">{\"@context\":\"https:\\\/\\\/schema.org\",\"@graph\":[{\"@type\":\"Article\",\"@id\":\"https:\\\/\\\/cyclingpro.net\\\/spaziociclismo\\\/worldtour\\\/parigi-nizza-2026-jonas-vingegaard-si-gode-il-successo-finale-i-distacchi-non-ci-penso-sono-solo-felice-per-la-vittoria\\\/#article\",\"isPartOf\":{\"@id\":\"https:\\\/\\\/cyclingpro.net\\\/spaziociclismo\\\/worldtour\\\/parigi-nizza-2026-jonas-vingegaard-si-gode-il-successo-finale-i-distacchi-non-ci-penso-sono-solo-felice-per-la-vittoria\\\/\"},\"author\":{\"name\":\"Francesco Mitola\",\"@id\":\"https:\\\/\\\/cyclingpro.net\\\/spaziociclismo\\\/#\\\/schema\\\/person\\\/627dbc08c9712c25304b059bbb765de8\"},\"headline\":\"Parigi-Nizza 2026, Jonas Vingegaard si gode il successo finale: &#8220;I distacchi? Non ci penso, sono solo felice per la vittoria&#8221;\",\"datePublished\":\"2026-03-15T17:23:27+00:00\",\"dateModified\":\"2026-03-15T20:03:44+00:00\",\"mainEntityOfPage\":{\"@id\":\"https:\\\/\\\/cyclingpro.net\\\/spaziociclismo\\\/worldtour\\\/parigi-nizza-2026-jonas-vingegaard-si-gode-il-successo-finale-i-distacchi-non-ci-penso-sono-solo-felice-per-la-vittoria\\\/\"},\"wordCount\":394,\"commentCount\":0,\"publisher\":{\"@id\":\"https:\\\/\\\/cyclingpro.net\\\/spaziociclismo\\\/#organization\"},\"image\":{\"@id\":\"https:\\\/\\\/cyclingpro.net\\\/spaziociclismo\\\/worldtour\\\/parigi-nizza-2026-jonas-vingegaard-si-gode-il-successo-finale-i-distacchi-non-ci-penso-sono-solo-felice-per-la-vittoria\\\/#primaryimage\"},\"thumbnailUrl\":\"https:\\\/\\\/cyclingpro.net\\\/spaziociclismo\\\/wp-content\\\/uploads\\\/2026\\\/03\\\/vngegaard-nizza-2026-finale.jpg\",\"keywords\":[\"Jonas Vingegaard\",\"Parigi - Nizza 2026\",\"Team Visma | Lease a Bike 2026\"],\"articleSection\":[\"WorldTour\"],\"inLanguage\":\"it-IT\",\"potentialAction\":[{\"@type\":\"CommentAction\",\"name\":\"Comment\",\"target\":[\"https:\\\/\\\/cyclingpro.net\\\/spaziociclismo\\\/worldtour\\\/parigi-nizza-2026-jonas-vingegaard-si-gode-il-successo-finale-i-distacchi-non-ci-penso-sono-solo-felice-per-la-vittoria\\\/#respond\"]}]},{\"@type\":\"WebPage\",\"@id\":\"https:\\\/\\\/cyclingpro.net\\\/spaziociclismo\\\/worldtour\\\/parigi-nizza-2026-jonas-vingegaard-si-gode-il-successo-finale-i-distacchi-non-ci-penso-sono-solo-felice-per-la-vittoria\\\/\",\"url\":\"https:\\\/\\\/cyclingpro.net\\\/spaziociclismo\\\/worldtour\\\/parigi-nizza-2026-jonas-vingegaard-si-gode-il-successo-finale-i-distacchi-non-ci-penso-sono-solo-felice-per-la-vittoria\\\/\",\"name\":\"Parigi-Nizza 2026, Jonas Vingegaard si gode il successo finale: \\\"I distacchi? Non ci penso, sono solo felice per la vittoria\\\" - SpazioCiclismo\",\"isPartOf\":{\"@id\":\"https:\\\/\\\/cyclingpro.net\\\/spaziociclismo\\\/#website\"},\"primaryImageOfPage\":{\"@id\":\"https:\\\/\\\/cyclingpro.net\\\/spaziociclismo\\\/worldtour\\\/parigi-nizza-2026-jonas-vingegaard-si-gode-il-successo-finale-i-distacchi-non-ci-penso-sono-solo-felice-per-la-vittoria\\\/#primaryimage\"},\"image\":{\"@id\":\"https:\\\/\\\/cyclingpro.net\\\/spaziociclismo\\\/worldtour\\\/parigi-nizza-2026-jonas-vingegaard-si-gode-il-successo-finale-i-distacchi-non-ci-penso-sono-solo-felice-per-la-vittoria\\\/#primaryimage\"},\"thumbnailUrl\":\"https:\\\/\\\/cyclingpro.net\\\/spaziociclismo\\\/wp-content\\\/uploads\\\/2026\\\/03\\\/vngegaard-nizza-2026-finale.jpg\",\"datePublished\":\"2026-03-15T17:23:27+00:00\",\"dateModified\":\"2026-03-15T20:03:44+00:00\",\"breadcrumb\":{\"@id\":\"https:\\\/\\\/cyclingpro.net\\\/spaziociclismo\\\/worldtour\\\/parigi-nizza-2026-jonas-vingegaard-si-gode-il-successo-finale-i-distacchi-non-ci-penso-sono-solo-felice-per-la-vittoria\\\/#breadcrumb\"},\"inLanguage\":\"it-IT\",\"potentialAction\":[{\"@type\":\"ReadAction\",\"target\":[\"https:\\\/\\\/cyclingpro.net\\\/spaziociclismo\\\/worldtour\\\/parigi-nizza-2026-jonas-vingegaard-si-gode-il-successo-finale-i-distacchi-non-ci-penso-sono-solo-felice-per-la-vittoria\\\/\"]}]},{\"@type\":\"ImageObject\",\"inLanguage\":\"it-IT\",\"@id\":\"https:\\\/\\\/cyclingpro.net\\\/spaziociclismo\\\/worldtour\\\/parigi-nizza-2026-jonas-vingegaard-si-gode-il-successo-finale-i-distacchi-non-ci-penso-sono-solo-felice-per-la-vittoria\\\/#primaryimage\",\"url\":\"https:\\\/\\\/cyclingpro.net\\\/spaziociclismo\\\/wp-content\\\/uploads\\\/2026\\\/03\\\/vngegaard-nizza-2026-finale.jpg\",\"contentUrl\":\"https:\\\/\\\/cyclingpro.net\\\/spaziociclismo\\\/wp-content\\\/uploads\\\/2026\\\/03\\\/vngegaard-nizza-2026-finale.jpg\",\"width\":1000,\"height\":668,\"caption\":\"\u00a9 A.S.O. \\\/ Billy Ceusters\"},{\"@type\":\"BreadcrumbList\",\"@id\":\"https:\\\/\\\/cyclingpro.net\\\/spaziociclismo\\\/worldtour\\\/parigi-nizza-2026-jonas-vingegaard-si-gode-il-successo-finale-i-distacchi-non-ci-penso-sono-solo-felice-per-la-vittoria\\\/#breadcrumb\",\"itemListElement\":[{\"@type\":\"ListItem\",\"position\":1,\"name\":\"Home\",\"item\":\"https:\\\/\\\/cyclingpro.net\\\/spaziociclismo\\\/\"},{\"@type\":\"ListItem\",\"position\":2,\"name\":\"Parigi-Nizza 2026, Jonas Vingegaard si gode il successo finale: &#8220;I distacchi? Non ci penso, sono solo felice per la vittoria&#8221;\"}]},{\"@type\":\"WebSite\",\"@id\":\"https:\\\/\\\/cyclingpro.net\\\/spaziociclismo\\\/#website\",\"url\":\"https:\\\/\\\/cyclingpro.net\\\/spaziociclismo\\\/\",\"name\":\"SpazioCiclismo\",\"description\":\"Tutto il ciclismo minuto per minuto\",\"publisher\":{\"@id\":\"https:\\\/\\\/cyclingpro.net\\\/spaziociclismo\\\/#organization\"},\"potentialAction\":[{\"@type\":\"SearchAction\",\"target\":{\"@type\":\"EntryPoint\",\"urlTemplate\":\"https:\\\/\\\/cyclingpro.net\\\/spaziociclismo\\\/?s={search_term_string}\"},\"query-input\":{\"@type\":\"PropertyValueSpecification\",\"valueRequired\":true,\"valueName\":\"search_term_string\"}}],\"inLanguage\":\"it-IT\"},{\"@type\":\"Organization\",\"@id\":\"https:\\\/\\\/cyclingpro.net\\\/spaziociclismo\\\/#organization\",\"name\":\"SpazioCiclismo\",\"url\":\"https:\\\/\\\/cyclingpro.net\\\/spaziociclismo\\\/\",\"logo\":{\"@type\":\"ImageObject\",\"inLanguage\":\"it-IT\",\"@id\":\"https:\\\/\\\/cyclingpro.net\\\/spaziociclismo\\\/#\\\/schema\\\/logo\\\/image\\\/\",\"url\":\"https:\\\/\\\/cyclingpro.net\\\/spaziociclismo\\\/wp-content\\\/uploads\\\/2017\\\/02\\\/SpazioCiclismo-Logo-Quadrato.png\",\"contentUrl\":\"https:\\\/\\\/cyclingpro.net\\\/spaziociclismo\\\/wp-content\\\/uploads\\\/2017\\\/02\\\/SpazioCiclismo-Logo-Quadrato.png\",\"width\":450,\"height\":450,\"caption\":\"SpazioCiclismo\"},\"image\":{\"@id\":\"https:\\\/\\\/cyclingpro.net\\\/spaziociclismo\\\/#\\\/schema\\\/logo\\\/image\\\/\"},\"sameAs\":[\"https:\\\/\\\/www.facebook.com\\\/SpazioCiclismo\\\/\",\"https:\\\/\\\/x.com\\\/spaziociclismo\",\"https:\\\/\\\/www.instagram.com\\\/spaziociclismo\\\/\"]},{\"@type\":\"Person\",\"@id\":\"https:\\\/\\\/cyclingpro.net\\\/spaziociclismo\\\/#\\\/schema\\\/person\\\/627dbc08c9712c25304b059bbb765de8\",\"name\":\"Francesco Mitola\",\"image\":{\"@type\":\"ImageObject\",\"inLanguage\":\"it-IT\",\"@id\":\"https:\\\/\\\/secure.gravatar.com\\\/avatar\\\/dc58a640368550cd17129d2ff185eec5cb2821b7c3403fc06dcaca847ae762d3?s=96&d=mm&r=g\",\"url\":\"https:\\\/\\\/secure.gravatar.com\\\/avatar\\\/dc58a640368550cd17129d2ff185eec5cb2821b7c3403fc06dcaca847ae762d3?s=96&d=mm&r=g\",\"contentUrl\":\"https:\\\/\\\/secure.gravatar.com\\\/avatar\\\/dc58a640368550cd17129d2ff185eec5cb2821b7c3403fc06dcaca847ae762d3?s=96&d=mm&r=g\",\"caption\":\"Francesco Mitola\"},\"url\":\"https:\\\/\\\/cyclingpro.net\\\/spaziociclismo\\\/author\\\/fmitola\\\/\"}]}<\/script>\n<!-- \/ Yoast SEO plugin. -->","yoast_head_json":{"title":"Parigi-Nizza 2026, Jonas Vingegaard si gode il successo finale: \"I distacchi? Non ci penso, sono solo felice per la vittoria\" - SpazioCiclismo","robots":{"index":"index","follow":"follow","max-snippet":"max-snippet:-1","max-image-preview":"max-image-preview:large","max-video-preview":"max-video-preview:-1"},"canonical":"https:\/\/cyclingpro.net\/spaziociclismo\/worldtour\/parigi-nizza-2026-jonas-vingegaard-si-gode-il-successo-finale-i-distacchi-non-ci-penso-sono-solo-felice-per-la-vittoria\/","og_locale":"it_IT","og_type":"article","og_title":"Parigi-Nizza 2026, Jonas Vingegaard si gode il successo finale: \"I distacchi? Non ci penso, sono solo felice per la vittoria\" - SpazioCiclismo","og_description":"\"La forma \u00e8 buona, sto sicuramente meglio rispetto all'anno scorso di questi tempi\"., il commento del dominatore della #ParisNice.","og_url":"https:\/\/cyclingpro.net\/spaziociclismo\/worldtour\/parigi-nizza-2026-jonas-vingegaard-si-gode-il-successo-finale-i-distacchi-non-ci-penso-sono-solo-felice-per-la-vittoria\/","og_site_name":"SpazioCiclismo","article_publisher":"https:\/\/www.facebook.com\/SpazioCiclismo\/","article_published_time":"2026-03-15T17:23:27+00:00","article_modified_time":"2026-03-15T20:03:44+00:00","og_image":[{"width":1000,"height":668,"url":"https:\/\/cyclingpro.net\/spaziociclismo\/wp-content\/uploads\/2026\/03\/vngegaard-nizza-2026-finale.jpg","type":"image\/jpeg"}],"author":"Francesco Mitola","twitter_card":"summary_large_image","twitter_creator":"@spaziociclismo","twitter_site":"@spaziociclismo","twitter_misc":{"Scritto da":"Francesco Mitola","Tempo di lettura stimato":"3 minuti"},"schema":{"@context":"https:\/\/schema.org","@graph":[{"@type":"Article","@id":"https:\/\/cyclingpro.net\/spaziociclismo\/worldtour\/parigi-nizza-2026-jonas-vingegaard-si-gode-il-successo-finale-i-distacchi-non-ci-penso-sono-solo-felice-per-la-vittoria\/#article","isPartOf":{"@id":"https:\/\/cyclingpro.net\/spaziociclismo\/worldtour\/parigi-nizza-2026-jonas-vingegaard-si-gode-il-successo-finale-i-distacchi-non-ci-penso-sono-solo-felice-per-la-vittoria\/"},"author":{"name":"Francesco Mitola","@id":"https:\/\/cyclingpro.net\/spaziociclismo\/#\/schema\/person\/627dbc08c9712c25304b059bbb765de8"},"headline":"Parigi-Nizza 2026, Jonas Vingegaard si gode il successo finale: &#8220;I distacchi? Non ci penso, sono solo felice per la vittoria&#8221;","datePublished":"2026-03-15T17:23:27+00:00","dateModified":"2026-03-15T20:03:44+00:00","mainEntityOfPage":{"@id":"https:\/\/cyclingpro.net\/spaziociclismo\/worldtour\/parigi-nizza-2026-jonas-vingegaard-si-gode-il-successo-finale-i-distacchi-non-ci-penso-sono-solo-felice-per-la-vittoria\/"},"wordCount":394,"commentCount":0,"publisher":{"@id":"https:\/\/cyclingpro.net\/spaziociclismo\/#organization"},"image":{"@id":"https:\/\/cyclingpro.net\/spaziociclismo\/worldtour\/parigi-nizza-2026-jonas-vingegaard-si-gode-il-successo-finale-i-distacchi-non-ci-penso-sono-solo-felice-per-la-vittoria\/#primaryimage"},"thumbnailUrl":"https:\/\/cyclingpro.net\/spaziociclismo\/wp-content\/uploads\/2026\/03\/vngegaard-nizza-2026-finale.jpg","keywords":["Jonas Vingegaard","Parigi - Nizza 2026","Team Visma | Lease a Bike 2026"],"articleSection":["WorldTour"],"inLanguage":"it-IT","potentialAction":[{"@type":"CommentAction","name":"Comment","target":["https:\/\/cyclingpro.net\/spaziociclismo\/worldtour\/parigi-nizza-2026-jonas-vingegaard-si-gode-il-successo-finale-i-distacchi-non-ci-penso-sono-solo-felice-per-la-vittoria\/#respond"]}]},{"@type":"WebPage","@id":"https:\/\/cyclingpro.net\/spaziociclismo\/worldtour\/parigi-nizza-2026-jonas-vingegaard-si-gode-il-successo-finale-i-distacchi-non-ci-penso-sono-solo-felice-per-la-vittoria\/","url":"https:\/\/cyclingpro.net\/spaziociclismo\/worldtour\/parigi-nizza-2026-jonas-vingegaard-si-gode-il-successo-finale-i-distacchi-non-ci-penso-sono-solo-felice-per-la-vittoria\/","name":"Parigi-Nizza 2026, Jonas Vingegaard si gode il successo finale: \"I distacchi? Non ci penso, sono solo felice per la vittoria\" - SpazioCiclismo","isPartOf":{"@id":"https:\/\/cyclingpro.net\/spaziociclismo\/#website"},"primaryImageOfPage":{"@id":"https:\/\/cyclingpro.net\/spaziociclismo\/worldtour\/parigi-nizza-2026-jonas-vingegaard-si-gode-il-successo-finale-i-distacchi-non-ci-penso-sono-solo-felice-per-la-vittoria\/#primaryimage"},"image":{"@id":"https:\/\/cyclingpro.net\/spaziociclismo\/worldtour\/parigi-nizza-2026-jonas-vingegaard-si-gode-il-successo-finale-i-distacchi-non-ci-penso-sono-solo-felice-per-la-vittoria\/#primaryimage"},"thumbnailUrl":"https:\/\/cyclingpro.net\/spaziociclismo\/wp-content\/uploads\/2026\/03\/vngegaard-nizza-2026-finale.jpg","datePublished":"2026-03-15T17:23:27+00:00","dateModified":"2026-03-15T20:03:44+00:00","breadcrumb":{"@id":"https:\/\/cyclingpro.net\/spaziociclismo\/worldtour\/parigi-nizza-2026-jonas-vingegaard-si-gode-il-successo-finale-i-distacchi-non-ci-penso-sono-solo-felice-per-la-vittoria\/#breadcrumb"},"inLanguage":"it-IT","potentialAction":[{"@type":"ReadAction","target":["https:\/\/cyclingpro.net\/spaziociclismo\/worldtour\/parigi-nizza-2026-jonas-vingegaard-si-gode-il-successo-finale-i-distacchi-non-ci-penso-sono-solo-felice-per-la-vittoria\/"]}]},{"@type":"ImageObject","inLanguage":"it-IT","@id":"https:\/\/cyclingpro.net\/spaziociclismo\/worldtour\/parigi-nizza-2026-jonas-vingegaard-si-gode-il-successo-finale-i-distacchi-non-ci-penso-sono-solo-felice-per-la-vittoria\/#primaryimage","url":"https:\/\/cyclingpro.net\/spaziociclismo\/wp-content\/uploads\/2026\/03\/vngegaard-nizza-2026-finale.jpg","contentUrl":"https:\/\/cyclingpro.net\/spaziociclismo\/wp-content\/uploads\/2026\/03\/vngegaard-nizza-2026-finale.jpg","width":1000,"height":668,"caption":"\u00a9 A.S.O. \/ Billy Ceusters"},{"@type":"BreadcrumbList","@id":"https:\/\/cyclingpro.net\/spaziociclismo\/worldtour\/parigi-nizza-2026-jonas-vingegaard-si-gode-il-successo-finale-i-distacchi-non-ci-penso-sono-solo-felice-per-la-vittoria\/#breadcrumb","itemListElement":[{"@type":"ListItem","position":1,"name":"Home","item":"https:\/\/cyclingpro.net\/spaziociclismo\/"},{"@type":"ListItem","position":2,"name":"Parigi-Nizza 2026, Jonas Vingegaard si gode il successo finale: &#8220;I distacchi? Non ci penso, sono solo felice per la vittoria&#8221;"}]},{"@type":"WebSite","@id":"https:\/\/cyclingpro.net\/spaziociclismo\/#website","url":"https:\/\/cyclingpro.net\/spaziociclismo\/","name":"SpazioCiclismo","description":"Tutto il ciclismo minuto per minuto","publisher":{"@id":"https:\/\/cyclingpro.net\/spaziociclismo\/#organization"},"potentialAction":[{"@type":"SearchAction","target":{"@type":"EntryPoint","urlTemplate":"https:\/\/cyclingpro.net\/spaziociclismo\/?s={search_term_string}"},"query-input":{"@type":"PropertyValueSpecification","valueRequired":true,"valueName":"search_term_string"}}],"inLanguage":"it-IT"},{"@type":"Organization","@id":"https:\/\/cyclingpro.net\/spaziociclismo\/#organization","name":"SpazioCiclismo","url":"https:\/\/cyclingpro.net\/spaziociclismo\/","logo":{"@type":"ImageObject","inLanguage":"it-IT","@id":"https:\/\/cyclingpro.net\/spaziociclismo\/#\/schema\/logo\/image\/","url":"https:\/\/cyclingpro.net\/spaziociclismo\/wp-content\/uploads\/2017\/02\/SpazioCiclismo-Logo-Quadrato.png","contentUrl":"https:\/\/cyclingpro.net\/spaziociclismo\/wp-content\/uploads\/2017\/02\/SpazioCiclismo-Logo-Quadrato.png","width":450,"height":450,"caption":"SpazioCiclismo"},"image":{"@id":"https:\/\/cyclingpro.net\/spaziociclismo\/#\/schema\/logo\/image\/"},"sameAs":["https:\/\/www.facebook.com\/SpazioCiclismo\/","https:\/\/x.com\/spaziociclismo","https:\/\/www.instagram.com\/spaziociclismo\/"]},{"@type":"Person","@id":"https:\/\/cyclingpro.net\/spaziociclismo\/#\/schema\/person\/627dbc08c9712c25304b059bbb765de8","name":"Francesco Mitola","image":{"@type":"ImageObject","inLanguage":"it-IT","@id":"https:\/\/secure.gravatar.com\/avatar\/dc58a640368550cd17129d2ff185eec5cb2821b7c3403fc06dcaca847ae762d3?s=96&d=mm&r=g","url":"https:\/\/secure.gravatar.com\/avatar\/dc58a640368550cd17129d2ff185eec5cb2821b7c3403fc06dcaca847ae762d3?s=96&d=mm&r=g","contentUrl":"https:\/\/secure.gravatar.com\/avatar\/dc58a640368550cd17129d2ff185eec5cb2821b7c3403fc06dcaca847ae762d3?s=96&d=mm&r=g","caption":"Francesco Mitola"},"url":"https:\/\/cyclingpro.net\/spaziociclismo\/author\/fmitola\/"}]}},"_links":{"self":[{"href":"https:\/\/cyclingpro.net\/spaziociclismo\/wp-json\/wp\/v2\/posts\/369421","targetHints":{"allow":["GET"]}}],"collection":[{"href":"https:\/\/cyclingpro.net\/spaziociclismo\/wp-json\/wp\/v2\/posts"}],"about":[{"href":"https:\/\/cyclingpro.net\/spaziociclismo\/wp-json\/wp\/v2\/types\/post"}],"author":[{"embeddable":true,"href":"https:\/\/cyclingpro.net\/spaziociclismo\/wp-json\/wp\/v2\/users\/25"}],"replies":[{"embeddable":true,"href":"https:\/\/cyclingpro.net\/spaziociclismo\/wp-json\/wp\/v2\/comments?post=369421"}],"version-history":[{"count":2,"href":"https:\/\/cyclingpro.net\/spaziociclismo\/wp-json\/wp\/v2\/posts\/369421\/revisions"}],"predecessor-version":[{"id":369438,"href":"https:\/\/cyclingpro.net\/spaziociclismo\/wp-json\/wp\/v2\/posts\/369421\/revisions\/369438"}],"wp:featuredmedia":[{"embeddable":true,"href":"https:\/\/cyclingpro.net\/spaziociclismo\/wp-json\/wp\/v2\/media\/369422"}],"wp:attachment":[{"href":"https:\/\/cyclingpro.net\/spaziociclismo\/wp-json\/wp\/v2\/media?parent=369421"}],"wp:term":[{"taxonomy":"category","embeddable":true,"href":"https:\/\/cyclingpro.net\/spaziociclismo\/wp-json\/wp\/v2\/categories?post=369421"},{"taxonomy":"post_tag","embeddable":true,"href":"https:\/\/cyclingpro.net\/spaziociclismo\/wp-json\/wp\/v2\/tags?post=369421"}],"curies":[{"name":"wp","href":"https:\/\/api.w.org\/{rel}","templated":true}]}}