{"id":369329,"date":"2026-03-15T19:35:48","date_gmt":"2026-03-15T18:35:48","guid":{"rendered":"https:\/\/cyclingpro.net\/spaziociclismo\/?p=369329"},"modified":"2026-03-16T13:49:14","modified_gmt":"2026-03-16T12:49:14","slug":"pagelle-parigi-nizza-2026-vingegaard-su-un-altro-livello-buoni-risultati-per-i-due-martinez-sorpresa-steinhauser-poca-gloria-uae-sfortuna-ayuso","status":"publish","type":"post","link":"https:\/\/cyclingpro.net\/spaziociclismo\/topflop\/pagelle-parigi-nizza-2026-vingegaard-su-un-altro-livello-buoni-risultati-per-i-due-martinez-sorpresa-steinhauser-poca-gloria-uae-sfortuna-ayuso\/","title":{"rendered":"Pagelle Parigi-Nizza 2026: Vingegaard su un altro livello, buoni risultati per i due Martinez, sorpresa Steinhauser &#8211; Poca gloria UAE, sfortuna Ayuso"},"content":{"rendered":"<p><strong>Jonas Vingegaard (Visma | Lease a Bike), 10:\u00a0<\/strong>Domina la scena, uscendo in maniera eccellente dalla tappa &#8220;pazza&#8221; che segna in pratica l&#8217;intero andamento della corsa e dando poi una dimostrazione di forza nella quinta frazione, staccando tutti e ipotecando la corsa con una prestazione ingestibile per tutti gli altri. Cerca il successo anche all&#8217;ultima tappa, ma trova sulla sua strada un Lenny Martinez in giornata di grazia. L&#8217;obiettivo, comunque, \u00e8 raggiunto, la condizione \u00e8 buona e il morale \u00e8 altro: lo dice lui stesso, &#8220;sto meglio rispetto all&#8217;anno scorso di questi tempi&#8221;. Suona come una convinta dichiarazione di intenti, in vista delle prossime sfide.<\/p>\n<p><strong>Daniel Felipe Mart\u00ednez (Red Bull-Bora-hansgrohe), 8,5:\u00a0<\/strong>Capitalizza al massimo il clamoroso lavoro di squadra messo in scena durante la &#8220;tonnara&#8221; della quarta tappa e concludendo al secondo posto una corsa di grande importanza. La Maglia Gialla viaggia su livelli irraggiungibili e per lui risulta pi\u00f9 importante riuscire a difendere il secondo posto finale dal pericolo causato dalla caduta in cui incappa durante l&#8217;ultima giornata di gara.<\/p>\n<p><strong>Georg Steinhauser (EF Education-EasyPost), 8,5:\u00a0<\/strong>Il terzo posto finale \u00e8 il miglior risultato della sua carriera, per distacco. Il tedesco, reduce da un 2025 da incubo per via di problemi di salute, entra in classifica nella folle quarta tappa, ma poi ci resta riuscendo a non perdere terreno n\u00e9 nella frazione seguente n\u00e9 in quella finale, difendendo brillantemente il piazzamento e portandosi a casa anche la classifica dei giovani.<\/p>\n<p><strong>Dorian Godon (Ineos Grenadiers), 8:\u00a0<\/strong>Settimana quasi perfetta per il campione nazionale francese, che vince la (mini)tappa di Isola, raccoglie un secondo e un quarto posto su altri traguardi parziali e figura anche come componente della formazione che vince la cronosquadre. Il &#8220;quasi&#8221; sta nel fatto che il vorace Vingegaard di questa corsa gli porta via la Maglia Verde, che definisce il primo nella classifica a punti, proprio all&#8217;ultimo arrivo.<\/p>\n<p><strong>Lenny Martinez (Bahrain Victorious), 8: <\/strong>Ormai \u00e8 diventato un professionista della stoccata. Da tempo si combatte fra la voglia (pi\u00f9 della squadra che sua) di classifiche generali e quelle di tappa, ma sembra proprio che la caccia ai successi parziali gli si addica ben di pi\u00f9. Confeziona una affermazione notevole resistendo a Vingegaard e battendolo poi nel duello finale, sulle strade dell&#8217;ultima tappa. Era quello che serviva a lui, e anche alla sua formazione; poi, guardi la classifica generale e lo trovi al quinto posto, che non \u00e8 proprio un piazzamento da buttare.<\/p>\n<p><strong>K\u00e9vin Vauquelin (Ineos Grenadiers), 7,5:\u00a0<\/strong>Nella positiva spedizione della formazione britannica c&#8217;\u00e8 anche un altro neo-arrivo, francese pure lui. Gli resta il rammarico di non essere riuscito a prendersi un posto sul podio finale (con qualche recriminazione, vista la caduta che gli fa perdere tempo nel giorno &#8220;pazzo&#8221; che segna la classifica), ma pu\u00f2 chiudere la sua settimana con un sorriso quantomeno accennato. Avr\u00e0 altre occasioni.<\/p>\n<p><strong>Harold Tejada (XDS Astana), 7,5:\u00a0<\/strong>Si toglie finalmente lo sfizio della vittoria piazzando un acuto di quelli da ricordare, al termine di una tappa molto combattuta. Grinta e determinazione non gli sono mai mancate e questa affermazione potrebbe anche alleggerirgli l&#8217;animo in vista delle prossime gare. Entra anche nella Top 10 della generale, facendo pi\u00f9 che contenta la squadra.<\/p>\n<p><strong>Luke Lamperti (EF Education-EasyPost), 7: <\/strong>Si impone nella prima tappa, coronando un bel lavoro di squadra e celebrando quello che &#8211; finora &#8211; \u00e8 il successo pi\u00f9 importante della sua ancor giovane carriera. Si gode anche un paio di giornate in Giallo e raccoglie un paio di piazzamenti discreti. Non porta per\u00f2 a termine la corsa, ritirandosi prima dell&#8217;ultima tappa.<\/p>\n<p><strong>Max Kanter (XDS Astana), 7:\u00a0<\/strong>Tanti anni da professionista per cogliere, proprio durante questa settimana, la prima vittoria su un palcoscenico WorldTour. Il tedesco si conferma velocista affidabile e determinato e l&#8217;aria della squadra kazaka sembra avergli fatto un gran bene nelle ultime stagioni.<\/p>\n<p><strong>Josh Tarling (Ineos Grenadiers), 7:<\/strong> Non lo trovi negli ordini d&#8217;arrivo o nelle classifiche, ma lascia il segno, eccome. Nella cronosquadre \u00e8 motore determinante per la marcia che porta poi Vauquelin a far segnare il miglior tempo, nella frazione conquistata da Godon svolge un lavoro fondamentale negli ultimi chilometri, va pi\u00f9 volte all&#8217;attacco e non fa mai mancare il sostegno ai compagni nel momento del bisogno. Corridore ancora in fase di sviluppo, ma sempre pi\u00f9 convincente.<\/p>\n<p><strong>Mathys Rondel (Tudor Pro Cycling Team), 7: <\/strong>Cresce di corsa in corsa e di settimana in settimana. 22 anni, secondo anno da professionista e una regolarit\u00e0 invidiabile, sa muoversi in salita, sa assorbire percorsi complicati e sa, a questo punto \u00e8 chiaro, gestire anche situazioni in cui la pressione si alza. Chiude ottavo nella generale e si conferma una bella speranza per la formazione Professional svizzera.<\/p>\n<p><strong>Ion Izagirre (Cofidis), 6,5:\u00a0<\/strong>Chi si rivede! Dopo una stagione avara di soddisfazioni e dopo l&#8217;annuncio della chiusura della carriera alla fine di quest&#8217;anno, il basco torna a recitare da protagonista su un palcoscenico WorldTour. Si trova sempre nel posto giusto al momento giusto e porta a casa un settimo posto finale, molto ben accolto da una squadra a cui i punti UCI fanno molto comodo, sia per la prossima stagione sia a lunga scadenza. Tra l&#8217;altro, \u00e8 l&#8217;unico corridore della Cofidis a portare a termine la gara.<\/p>\n<p><strong>Marc Soler (UAE Team Emirates XRG), 6,5:\u00a0<\/strong>Si ritrova a svolgere compiti di classifica per la squadra numero uno al mondo e, tutto sommato, porta a casa la pagnotta, chiudendo al sesto posto. Non si vedono le sue consuete accelerazioni &#8220;fuori registro&#8221;, ma, alla fine, il compito era quello di guadagnare qualcosa, anche in chiave classifica UCI, che in casa UAE tengono sempre d&#8217;occhio.<\/p>\n<p><strong>Valentin Paret-Peintre (Soudal Quick-Step), 6,5:\u00a0<\/strong>Esce di classifica dopo la &#8220;tonnara&#8221; di met\u00e0 percorso, ma non si arrende e va a caccia di soddisfazioni parziali. Prova quindi ad attaccare nelle tappe a lui pi\u00f9 adatte, ma le sue ambizioni cozzano con quelle della Maglia Gialla, che indirizza le corse su binari non propizi per il francese. Generoso e combattivo, cercher\u00e0 altre strade per lasciare il segno.<\/p>\n<p><strong>Carlos Rodr\u00edguez (Ineos Grenadiers), 6:<\/strong> Paga la tappa convulsa di Uchon, ma porta a termine la settimana in crescendo di condizione, al punto tale che \u00e8 fra i migliori di giornata nelle due tappe pi\u00f9 dure dal punto di vista del dislivello positivo. Arriva da un lungo periodo difficile, chiss\u00e0 che questa corsa non possa proiettarlo definitivamente fuori dalla galleria in cui si era venuto a trovare, suo malgrado.<\/p>\n<p><strong>Matteo Trentin (Tudor Pro Cycling Team), 6: <\/strong>Presente nella mischia della quarta tappa, si infila poi in altre due volate ottenendone altrettanti piazzamenti fra i primi 10 di giornata. Sempre pronto a dare il massimo, quando ce n&#8217;\u00e8 la possibilit\u00e0.<\/p>\n<p><strong>Biniam Girmay (NSN Cycling Team), 5,5:<\/strong> Di fatto avrebbe a disposizione tre occasioni, ma non riesce a far pesare il suo status da velocista &#8220;principale&#8221; presente. Nella &#8220;mini-tappa&#8221; ci va vicino (e lui \u00e8 comunque contento, visto che \u00e8 la sua miglior prestazione in condizioni meteo estreme) ma non riesce a sopravanzare Godon, mentre le due volate di inizio corsa non lo vedono fra i protagonisti primari.<\/p>\n<p><strong>David Gaudu (Groupama-FDJ United), 5<\/strong>: Sopravvissuto bene alla folle quarta tappa e ben piazzato in classifica generale, lo scalatore esce di scena meno di 24 ore pi\u00f9 tardi, completamente esausto. Ennesima delusione per il 29enne, che tre anni fa, proprio in questa gara, sembrava aver fatto il definitivo salto di qualit\u00e0 e che invece da allora ha faticato a trovare risultati e continuit\u00e0.<\/p>\n<p><strong>Juan Ayuso (Lidl-Trek), sv<\/strong>: Era il principale rivale di Vingegaard alla vigilia e, dopo la cronosquadre, le cose per lui si erano messe bene, dato che si trovava in Maglia Gialla con 17&#8243; di vantaggio sul danese, ma la caduta nella quarta tappa lo costringe ad abbandonare la corsa in ambulanza.<\/p>\n<p><strong>Brandon McNulty (UAE Team Emirates XRG), sv<\/strong>: Ritrovatosi leader della formazione emiratina dopo la defezione di Jo\u00e3o Almeida, lo statunitense non fa praticamente in tempo a mettersi in evidenza dato che \u00e8 costretto al ritiro dopo essere rimasto coinvolto nella stessa caduta di Ayuso.<\/p>\n<p><strong>Movistar, sv<\/strong>: Molto sfortunata la formazione spagnola, che tra malanni e cadute perde tutti e tre i suoi uomini principali (Iv\u00e1n Romeo, Pablo Castrillo e Raul Garcia Pierna) e con i restanti fa quel che pu\u00f2, cogliendo comunque un podio di tappa con Orluis Aular e mettendosi in evidenza con le fughe di Lorenzo Milesi e Jefferson Cepeda.<\/p>\n<p><strong>Eddie Dunbar (Pinarello-Q36.5 Pro Cycling Team), sv<\/strong>: Visto l&#8217;andamento della settimana, l&#8217;irlandese avrebbe potuto andare a caccia di qualche risultato pesante, ma anche lui finisce nella lunghissima lista dei ritirati, non trovando quindi il modo di far fruttare la sua presenza in questa corsa.<\/p>\n<p><strong>Oscar Onley (Ineos Grenadiers), sv<\/strong>: Tra i candidati al podio finale, lo scozzese si ritrova in ottima posizione dopo la cronosquadre e riesce anche a non farsi sorprendere nella tappa dei ventagli, dove per\u00f2 \u00e8 poi costretto a rincorrere due volte, prima a causa di una caduta e poi di una foratura. Le tante energie spese e il freddo lo portano probabilmente ad ammalarsi, tanto che, dopo aver contenuto i danni nella quinta frazione, \u00e8 costretto a ritirarsi alla vigilia della sesta.<\/p>\n","protected":false},"excerpt":{"rendered":"<p>I pi\u00f9 efficaci e i meno brillanti alla #ParisNice. <\/p>\n","protected":false},"author":2,"featured_media":369433,"comment_status":"open","ping_status":"closed","sticky":false,"template":"","format":"standard","meta":{"footnotes":""},"categories":[19,21,25],"tags":[6801],"class_list":["post-369329","post","type-post","status-publish","format-standard","has-post-thumbnail","hentry","category-topflop","category-vetrina","category-worldtour","tag-parigi-nizza-2026"],"yoast_head":"<!-- This site is optimized with the Yoast SEO plugin v27.4 - https:\/\/yoast.com\/product\/yoast-seo-wordpress\/ -->\n<title>Pagelle Parigi-Nizza 2026: Vingegaard su un altro livello, buoni risultati per i due Martinez, sorpresa Steinhauser - Poca gloria UAE, sfortuna Ayuso - SpazioCiclismo<\/title>\n<meta name=\"robots\" content=\"index, follow, max-snippet:-1, max-image-preview:large, max-video-preview:-1\" \/>\n<link rel=\"canonical\" href=\"https:\/\/cyclingpro.net\/spaziociclismo\/topflop\/pagelle-parigi-nizza-2026-vingegaard-su-un-altro-livello-buoni-risultati-per-i-due-martinez-sorpresa-steinhauser-poca-gloria-uae-sfortuna-ayuso\/\" \/>\n<meta property=\"og:locale\" content=\"it_IT\" \/>\n<meta property=\"og:type\" content=\"article\" \/>\n<meta property=\"og:title\" content=\"Pagelle Parigi-Nizza 2026: Vingegaard su un altro livello, buoni risultati per i due Martinez, sorpresa Steinhauser - Poca gloria UAE, sfortuna Ayuso - SpazioCiclismo\" \/>\n<meta property=\"og:description\" content=\"I pi\u00f9 efficaci e i meno brillanti alla #ParisNice.\" \/>\n<meta property=\"og:url\" content=\"https:\/\/cyclingpro.net\/spaziociclismo\/topflop\/pagelle-parigi-nizza-2026-vingegaard-su-un-altro-livello-buoni-risultati-per-i-due-martinez-sorpresa-steinhauser-poca-gloria-uae-sfortuna-ayuso\/\" \/>\n<meta property=\"og:site_name\" content=\"SpazioCiclismo\" \/>\n<meta property=\"article:publisher\" content=\"https:\/\/www.facebook.com\/SpazioCiclismo\/\" \/>\n<meta property=\"article:published_time\" content=\"2026-03-15T18:35:48+00:00\" \/>\n<meta property=\"article:modified_time\" content=\"2026-03-16T12:49:14+00:00\" \/>\n<meta property=\"og:image\" content=\"https:\/\/cyclingpro.net\/spaziociclismo\/wp-content\/uploads\/2026\/03\/Podio-Parigi-Nizza-2026-Martinez-Vingegaard-Steinhauser.webp\" \/>\n\t<meta property=\"og:image:width\" content=\"1200\" \/>\n\t<meta property=\"og:image:height\" content=\"802\" \/>\n\t<meta property=\"og:image:type\" content=\"image\/webp\" \/>\n<meta name=\"author\" content=\"Redazione SpazioCiclismo\" \/>\n<meta name=\"twitter:card\" content=\"summary_large_image\" \/>\n<meta name=\"twitter:creator\" content=\"@spaziociclismo\" \/>\n<meta name=\"twitter:site\" content=\"@spaziociclismo\" \/>\n<meta name=\"twitter:label1\" content=\"Scritto da\" \/>\n\t<meta name=\"twitter:data1\" content=\"Redazione SpazioCiclismo\" \/>\n\t<meta name=\"twitter:label2\" content=\"Tempo di lettura stimato\" \/>\n\t<meta name=\"twitter:data2\" content=\"9 minuti\" \/>\n<script type=\"application\/ld+json\" class=\"yoast-schema-graph\">{\"@context\":\"https:\\\/\\\/schema.org\",\"@graph\":[{\"@type\":\"Article\",\"@id\":\"https:\\\/\\\/cyclingpro.net\\\/spaziociclismo\\\/topflop\\\/pagelle-parigi-nizza-2026-vingegaard-su-un-altro-livello-buoni-risultati-per-i-due-martinez-sorpresa-steinhauser-poca-gloria-uae-sfortuna-ayuso\\\/#article\",\"isPartOf\":{\"@id\":\"https:\\\/\\\/cyclingpro.net\\\/spaziociclismo\\\/topflop\\\/pagelle-parigi-nizza-2026-vingegaard-su-un-altro-livello-buoni-risultati-per-i-due-martinez-sorpresa-steinhauser-poca-gloria-uae-sfortuna-ayuso\\\/\"},\"author\":{\"name\":\"Redazione SpazioCiclismo\",\"@id\":\"https:\\\/\\\/cyclingpro.net\\\/spaziociclismo\\\/#\\\/schema\\\/person\\\/f104b5d2588ef53ce9f1b43295c352e1\"},\"headline\":\"Pagelle Parigi-Nizza 2026: Vingegaard su un altro livello, buoni risultati per i due Martinez, sorpresa Steinhauser &#8211; Poca gloria UAE, sfortuna Ayuso\",\"datePublished\":\"2026-03-15T18:35:48+00:00\",\"dateModified\":\"2026-03-16T12:49:14+00:00\",\"mainEntityOfPage\":{\"@id\":\"https:\\\/\\\/cyclingpro.net\\\/spaziociclismo\\\/topflop\\\/pagelle-parigi-nizza-2026-vingegaard-su-un-altro-livello-buoni-risultati-per-i-due-martinez-sorpresa-steinhauser-poca-gloria-uae-sfortuna-ayuso\\\/\"},\"wordCount\":1515,\"commentCount\":0,\"publisher\":{\"@id\":\"https:\\\/\\\/cyclingpro.net\\\/spaziociclismo\\\/#organization\"},\"image\":{\"@id\":\"https:\\\/\\\/cyclingpro.net\\\/spaziociclismo\\\/topflop\\\/pagelle-parigi-nizza-2026-vingegaard-su-un-altro-livello-buoni-risultati-per-i-due-martinez-sorpresa-steinhauser-poca-gloria-uae-sfortuna-ayuso\\\/#primaryimage\"},\"thumbnailUrl\":\"https:\\\/\\\/cyclingpro.net\\\/spaziociclismo\\\/wp-content\\\/uploads\\\/2026\\\/03\\\/Podio-Parigi-Nizza-2026-Martinez-Vingegaard-Steinhauser.webp\",\"keywords\":[\"Parigi - Nizza 2026\"],\"articleSection\":[\"Top\\\/Flop\",\"Vetrina\",\"WorldTour\"],\"inLanguage\":\"it-IT\",\"potentialAction\":[{\"@type\":\"CommentAction\",\"name\":\"Comment\",\"target\":[\"https:\\\/\\\/cyclingpro.net\\\/spaziociclismo\\\/topflop\\\/pagelle-parigi-nizza-2026-vingegaard-su-un-altro-livello-buoni-risultati-per-i-due-martinez-sorpresa-steinhauser-poca-gloria-uae-sfortuna-ayuso\\\/#respond\"]}]},{\"@type\":\"WebPage\",\"@id\":\"https:\\\/\\\/cyclingpro.net\\\/spaziociclismo\\\/topflop\\\/pagelle-parigi-nizza-2026-vingegaard-su-un-altro-livello-buoni-risultati-per-i-due-martinez-sorpresa-steinhauser-poca-gloria-uae-sfortuna-ayuso\\\/\",\"url\":\"https:\\\/\\\/cyclingpro.net\\\/spaziociclismo\\\/topflop\\\/pagelle-parigi-nizza-2026-vingegaard-su-un-altro-livello-buoni-risultati-per-i-due-martinez-sorpresa-steinhauser-poca-gloria-uae-sfortuna-ayuso\\\/\",\"name\":\"Pagelle Parigi-Nizza 2026: Vingegaard su un altro livello, buoni risultati per i due Martinez, sorpresa Steinhauser - Poca gloria UAE, sfortuna Ayuso - SpazioCiclismo\",\"isPartOf\":{\"@id\":\"https:\\\/\\\/cyclingpro.net\\\/spaziociclismo\\\/#website\"},\"primaryImageOfPage\":{\"@id\":\"https:\\\/\\\/cyclingpro.net\\\/spaziociclismo\\\/topflop\\\/pagelle-parigi-nizza-2026-vingegaard-su-un-altro-livello-buoni-risultati-per-i-due-martinez-sorpresa-steinhauser-poca-gloria-uae-sfortuna-ayuso\\\/#primaryimage\"},\"image\":{\"@id\":\"https:\\\/\\\/cyclingpro.net\\\/spaziociclismo\\\/topflop\\\/pagelle-parigi-nizza-2026-vingegaard-su-un-altro-livello-buoni-risultati-per-i-due-martinez-sorpresa-steinhauser-poca-gloria-uae-sfortuna-ayuso\\\/#primaryimage\"},\"thumbnailUrl\":\"https:\\\/\\\/cyclingpro.net\\\/spaziociclismo\\\/wp-content\\\/uploads\\\/2026\\\/03\\\/Podio-Parigi-Nizza-2026-Martinez-Vingegaard-Steinhauser.webp\",\"datePublished\":\"2026-03-15T18:35:48+00:00\",\"dateModified\":\"2026-03-16T12:49:14+00:00\",\"breadcrumb\":{\"@id\":\"https:\\\/\\\/cyclingpro.net\\\/spaziociclismo\\\/topflop\\\/pagelle-parigi-nizza-2026-vingegaard-su-un-altro-livello-buoni-risultati-per-i-due-martinez-sorpresa-steinhauser-poca-gloria-uae-sfortuna-ayuso\\\/#breadcrumb\"},\"inLanguage\":\"it-IT\",\"potentialAction\":[{\"@type\":\"ReadAction\",\"target\":[\"https:\\\/\\\/cyclingpro.net\\\/spaziociclismo\\\/topflop\\\/pagelle-parigi-nizza-2026-vingegaard-su-un-altro-livello-buoni-risultati-per-i-due-martinez-sorpresa-steinhauser-poca-gloria-uae-sfortuna-ayuso\\\/\"]}]},{\"@type\":\"ImageObject\",\"inLanguage\":\"it-IT\",\"@id\":\"https:\\\/\\\/cyclingpro.net\\\/spaziociclismo\\\/topflop\\\/pagelle-parigi-nizza-2026-vingegaard-su-un-altro-livello-buoni-risultati-per-i-due-martinez-sorpresa-steinhauser-poca-gloria-uae-sfortuna-ayuso\\\/#primaryimage\",\"url\":\"https:\\\/\\\/cyclingpro.net\\\/spaziociclismo\\\/wp-content\\\/uploads\\\/2026\\\/03\\\/Podio-Parigi-Nizza-2026-Martinez-Vingegaard-Steinhauser.webp\",\"contentUrl\":\"https:\\\/\\\/cyclingpro.net\\\/spaziociclismo\\\/wp-content\\\/uploads\\\/2026\\\/03\\\/Podio-Parigi-Nizza-2026-Martinez-Vingegaard-Steinhauser.webp\",\"width\":1200,\"height\":802,\"caption\":\"\u00a9 ASO \\\/ Billy Ceusters\"},{\"@type\":\"BreadcrumbList\",\"@id\":\"https:\\\/\\\/cyclingpro.net\\\/spaziociclismo\\\/topflop\\\/pagelle-parigi-nizza-2026-vingegaard-su-un-altro-livello-buoni-risultati-per-i-due-martinez-sorpresa-steinhauser-poca-gloria-uae-sfortuna-ayuso\\\/#breadcrumb\",\"itemListElement\":[{\"@type\":\"ListItem\",\"position\":1,\"name\":\"Home\",\"item\":\"https:\\\/\\\/cyclingpro.net\\\/spaziociclismo\\\/\"},{\"@type\":\"ListItem\",\"position\":2,\"name\":\"Pagelle Parigi-Nizza 2026: Vingegaard su un altro livello, buoni risultati per i due Martinez, sorpresa Steinhauser &#8211; Poca gloria UAE, sfortuna Ayuso\"}]},{\"@type\":\"WebSite\",\"@id\":\"https:\\\/\\\/cyclingpro.net\\\/spaziociclismo\\\/#website\",\"url\":\"https:\\\/\\\/cyclingpro.net\\\/spaziociclismo\\\/\",\"name\":\"SpazioCiclismo\",\"description\":\"Tutto il ciclismo minuto per minuto\",\"publisher\":{\"@id\":\"https:\\\/\\\/cyclingpro.net\\\/spaziociclismo\\\/#organization\"},\"potentialAction\":[{\"@type\":\"SearchAction\",\"target\":{\"@type\":\"EntryPoint\",\"urlTemplate\":\"https:\\\/\\\/cyclingpro.net\\\/spaziociclismo\\\/?s={search_term_string}\"},\"query-input\":{\"@type\":\"PropertyValueSpecification\",\"valueRequired\":true,\"valueName\":\"search_term_string\"}}],\"inLanguage\":\"it-IT\"},{\"@type\":\"Organization\",\"@id\":\"https:\\\/\\\/cyclingpro.net\\\/spaziociclismo\\\/#organization\",\"name\":\"SpazioCiclismo\",\"url\":\"https:\\\/\\\/cyclingpro.net\\\/spaziociclismo\\\/\",\"logo\":{\"@type\":\"ImageObject\",\"inLanguage\":\"it-IT\",\"@id\":\"https:\\\/\\\/cyclingpro.net\\\/spaziociclismo\\\/#\\\/schema\\\/logo\\\/image\\\/\",\"url\":\"https:\\\/\\\/cyclingpro.net\\\/spaziociclismo\\\/wp-content\\\/uploads\\\/2017\\\/02\\\/SpazioCiclismo-Logo-Quadrato.png\",\"contentUrl\":\"https:\\\/\\\/cyclingpro.net\\\/spaziociclismo\\\/wp-content\\\/uploads\\\/2017\\\/02\\\/SpazioCiclismo-Logo-Quadrato.png\",\"width\":450,\"height\":450,\"caption\":\"SpazioCiclismo\"},\"image\":{\"@id\":\"https:\\\/\\\/cyclingpro.net\\\/spaziociclismo\\\/#\\\/schema\\\/logo\\\/image\\\/\"},\"sameAs\":[\"https:\\\/\\\/www.facebook.com\\\/SpazioCiclismo\\\/\",\"https:\\\/\\\/x.com\\\/spaziociclismo\",\"https:\\\/\\\/www.instagram.com\\\/spaziociclismo\\\/\"]},{\"@type\":\"Person\",\"@id\":\"https:\\\/\\\/cyclingpro.net\\\/spaziociclismo\\\/#\\\/schema\\\/person\\\/f104b5d2588ef53ce9f1b43295c352e1\",\"name\":\"Redazione SpazioCiclismo\",\"image\":{\"@type\":\"ImageObject\",\"inLanguage\":\"it-IT\",\"@id\":\"https:\\\/\\\/secure.gravatar.com\\\/avatar\\\/f1cae17b9ecd38864463422521239d4a656d6b657478a63e445df7b8ebc2b81c?s=96&d=mm&r=g\",\"url\":\"https:\\\/\\\/secure.gravatar.com\\\/avatar\\\/f1cae17b9ecd38864463422521239d4a656d6b657478a63e445df7b8ebc2b81c?s=96&d=mm&r=g\",\"contentUrl\":\"https:\\\/\\\/secure.gravatar.com\\\/avatar\\\/f1cae17b9ecd38864463422521239d4a656d6b657478a63e445df7b8ebc2b81c?s=96&d=mm&r=g\",\"caption\":\"Redazione SpazioCiclismo\"},\"url\":\"https:\\\/\\\/cyclingpro.net\\\/spaziociclismo\\\/author\\\/wptstmssc\\\/\"}]}<\/script>\n<!-- \/ Yoast SEO plugin. -->","yoast_head_json":{"title":"Pagelle Parigi-Nizza 2026: Vingegaard su un altro livello, buoni risultati per i due Martinez, sorpresa Steinhauser - Poca gloria UAE, sfortuna Ayuso - SpazioCiclismo","robots":{"index":"index","follow":"follow","max-snippet":"max-snippet:-1","max-image-preview":"max-image-preview:large","max-video-preview":"max-video-preview:-1"},"canonical":"https:\/\/cyclingpro.net\/spaziociclismo\/topflop\/pagelle-parigi-nizza-2026-vingegaard-su-un-altro-livello-buoni-risultati-per-i-due-martinez-sorpresa-steinhauser-poca-gloria-uae-sfortuna-ayuso\/","og_locale":"it_IT","og_type":"article","og_title":"Pagelle Parigi-Nizza 2026: Vingegaard su un altro livello, buoni risultati per i due Martinez, sorpresa Steinhauser - Poca gloria UAE, sfortuna Ayuso - SpazioCiclismo","og_description":"I pi\u00f9 efficaci e i meno brillanti alla #ParisNice.","og_url":"https:\/\/cyclingpro.net\/spaziociclismo\/topflop\/pagelle-parigi-nizza-2026-vingegaard-su-un-altro-livello-buoni-risultati-per-i-due-martinez-sorpresa-steinhauser-poca-gloria-uae-sfortuna-ayuso\/","og_site_name":"SpazioCiclismo","article_publisher":"https:\/\/www.facebook.com\/SpazioCiclismo\/","article_published_time":"2026-03-15T18:35:48+00:00","article_modified_time":"2026-03-16T12:49:14+00:00","og_image":[{"width":1200,"height":802,"url":"https:\/\/cyclingpro.net\/spaziociclismo\/wp-content\/uploads\/2026\/03\/Podio-Parigi-Nizza-2026-Martinez-Vingegaard-Steinhauser.webp","type":"image\/webp"}],"author":"Redazione SpazioCiclismo","twitter_card":"summary_large_image","twitter_creator":"@spaziociclismo","twitter_site":"@spaziociclismo","twitter_misc":{"Scritto da":"Redazione SpazioCiclismo","Tempo di lettura stimato":"9 minuti"},"schema":{"@context":"https:\/\/schema.org","@graph":[{"@type":"Article","@id":"https:\/\/cyclingpro.net\/spaziociclismo\/topflop\/pagelle-parigi-nizza-2026-vingegaard-su-un-altro-livello-buoni-risultati-per-i-due-martinez-sorpresa-steinhauser-poca-gloria-uae-sfortuna-ayuso\/#article","isPartOf":{"@id":"https:\/\/cyclingpro.net\/spaziociclismo\/topflop\/pagelle-parigi-nizza-2026-vingegaard-su-un-altro-livello-buoni-risultati-per-i-due-martinez-sorpresa-steinhauser-poca-gloria-uae-sfortuna-ayuso\/"},"author":{"name":"Redazione SpazioCiclismo","@id":"https:\/\/cyclingpro.net\/spaziociclismo\/#\/schema\/person\/f104b5d2588ef53ce9f1b43295c352e1"},"headline":"Pagelle Parigi-Nizza 2026: Vingegaard su un altro livello, buoni risultati per i due Martinez, sorpresa Steinhauser &#8211; Poca gloria UAE, sfortuna Ayuso","datePublished":"2026-03-15T18:35:48+00:00","dateModified":"2026-03-16T12:49:14+00:00","mainEntityOfPage":{"@id":"https:\/\/cyclingpro.net\/spaziociclismo\/topflop\/pagelle-parigi-nizza-2026-vingegaard-su-un-altro-livello-buoni-risultati-per-i-due-martinez-sorpresa-steinhauser-poca-gloria-uae-sfortuna-ayuso\/"},"wordCount":1515,"commentCount":0,"publisher":{"@id":"https:\/\/cyclingpro.net\/spaziociclismo\/#organization"},"image":{"@id":"https:\/\/cyclingpro.net\/spaziociclismo\/topflop\/pagelle-parigi-nizza-2026-vingegaard-su-un-altro-livello-buoni-risultati-per-i-due-martinez-sorpresa-steinhauser-poca-gloria-uae-sfortuna-ayuso\/#primaryimage"},"thumbnailUrl":"https:\/\/cyclingpro.net\/spaziociclismo\/wp-content\/uploads\/2026\/03\/Podio-Parigi-Nizza-2026-Martinez-Vingegaard-Steinhauser.webp","keywords":["Parigi - Nizza 2026"],"articleSection":["Top\/Flop","Vetrina","WorldTour"],"inLanguage":"it-IT","potentialAction":[{"@type":"CommentAction","name":"Comment","target":["https:\/\/cyclingpro.net\/spaziociclismo\/topflop\/pagelle-parigi-nizza-2026-vingegaard-su-un-altro-livello-buoni-risultati-per-i-due-martinez-sorpresa-steinhauser-poca-gloria-uae-sfortuna-ayuso\/#respond"]}]},{"@type":"WebPage","@id":"https:\/\/cyclingpro.net\/spaziociclismo\/topflop\/pagelle-parigi-nizza-2026-vingegaard-su-un-altro-livello-buoni-risultati-per-i-due-martinez-sorpresa-steinhauser-poca-gloria-uae-sfortuna-ayuso\/","url":"https:\/\/cyclingpro.net\/spaziociclismo\/topflop\/pagelle-parigi-nizza-2026-vingegaard-su-un-altro-livello-buoni-risultati-per-i-due-martinez-sorpresa-steinhauser-poca-gloria-uae-sfortuna-ayuso\/","name":"Pagelle Parigi-Nizza 2026: Vingegaard su un altro livello, buoni risultati per i due Martinez, sorpresa Steinhauser - Poca gloria UAE, sfortuna Ayuso - SpazioCiclismo","isPartOf":{"@id":"https:\/\/cyclingpro.net\/spaziociclismo\/#website"},"primaryImageOfPage":{"@id":"https:\/\/cyclingpro.net\/spaziociclismo\/topflop\/pagelle-parigi-nizza-2026-vingegaard-su-un-altro-livello-buoni-risultati-per-i-due-martinez-sorpresa-steinhauser-poca-gloria-uae-sfortuna-ayuso\/#primaryimage"},"image":{"@id":"https:\/\/cyclingpro.net\/spaziociclismo\/topflop\/pagelle-parigi-nizza-2026-vingegaard-su-un-altro-livello-buoni-risultati-per-i-due-martinez-sorpresa-steinhauser-poca-gloria-uae-sfortuna-ayuso\/#primaryimage"},"thumbnailUrl":"https:\/\/cyclingpro.net\/spaziociclismo\/wp-content\/uploads\/2026\/03\/Podio-Parigi-Nizza-2026-Martinez-Vingegaard-Steinhauser.webp","datePublished":"2026-03-15T18:35:48+00:00","dateModified":"2026-03-16T12:49:14+00:00","breadcrumb":{"@id":"https:\/\/cyclingpro.net\/spaziociclismo\/topflop\/pagelle-parigi-nizza-2026-vingegaard-su-un-altro-livello-buoni-risultati-per-i-due-martinez-sorpresa-steinhauser-poca-gloria-uae-sfortuna-ayuso\/#breadcrumb"},"inLanguage":"it-IT","potentialAction":[{"@type":"ReadAction","target":["https:\/\/cyclingpro.net\/spaziociclismo\/topflop\/pagelle-parigi-nizza-2026-vingegaard-su-un-altro-livello-buoni-risultati-per-i-due-martinez-sorpresa-steinhauser-poca-gloria-uae-sfortuna-ayuso\/"]}]},{"@type":"ImageObject","inLanguage":"it-IT","@id":"https:\/\/cyclingpro.net\/spaziociclismo\/topflop\/pagelle-parigi-nizza-2026-vingegaard-su-un-altro-livello-buoni-risultati-per-i-due-martinez-sorpresa-steinhauser-poca-gloria-uae-sfortuna-ayuso\/#primaryimage","url":"https:\/\/cyclingpro.net\/spaziociclismo\/wp-content\/uploads\/2026\/03\/Podio-Parigi-Nizza-2026-Martinez-Vingegaard-Steinhauser.webp","contentUrl":"https:\/\/cyclingpro.net\/spaziociclismo\/wp-content\/uploads\/2026\/03\/Podio-Parigi-Nizza-2026-Martinez-Vingegaard-Steinhauser.webp","width":1200,"height":802,"caption":"\u00a9 ASO \/ Billy Ceusters"},{"@type":"BreadcrumbList","@id":"https:\/\/cyclingpro.net\/spaziociclismo\/topflop\/pagelle-parigi-nizza-2026-vingegaard-su-un-altro-livello-buoni-risultati-per-i-due-martinez-sorpresa-steinhauser-poca-gloria-uae-sfortuna-ayuso\/#breadcrumb","itemListElement":[{"@type":"ListItem","position":1,"name":"Home","item":"https:\/\/cyclingpro.net\/spaziociclismo\/"},{"@type":"ListItem","position":2,"name":"Pagelle Parigi-Nizza 2026: Vingegaard su un altro livello, buoni risultati per i due Martinez, sorpresa Steinhauser &#8211; Poca gloria UAE, sfortuna Ayuso"}]},{"@type":"WebSite","@id":"https:\/\/cyclingpro.net\/spaziociclismo\/#website","url":"https:\/\/cyclingpro.net\/spaziociclismo\/","name":"SpazioCiclismo","description":"Tutto il ciclismo minuto per minuto","publisher":{"@id":"https:\/\/cyclingpro.net\/spaziociclismo\/#organization"},"potentialAction":[{"@type":"SearchAction","target":{"@type":"EntryPoint","urlTemplate":"https:\/\/cyclingpro.net\/spaziociclismo\/?s={search_term_string}"},"query-input":{"@type":"PropertyValueSpecification","valueRequired":true,"valueName":"search_term_string"}}],"inLanguage":"it-IT"},{"@type":"Organization","@id":"https:\/\/cyclingpro.net\/spaziociclismo\/#organization","name":"SpazioCiclismo","url":"https:\/\/cyclingpro.net\/spaziociclismo\/","logo":{"@type":"ImageObject","inLanguage":"it-IT","@id":"https:\/\/cyclingpro.net\/spaziociclismo\/#\/schema\/logo\/image\/","url":"https:\/\/cyclingpro.net\/spaziociclismo\/wp-content\/uploads\/2017\/02\/SpazioCiclismo-Logo-Quadrato.png","contentUrl":"https:\/\/cyclingpro.net\/spaziociclismo\/wp-content\/uploads\/2017\/02\/SpazioCiclismo-Logo-Quadrato.png","width":450,"height":450,"caption":"SpazioCiclismo"},"image":{"@id":"https:\/\/cyclingpro.net\/spaziociclismo\/#\/schema\/logo\/image\/"},"sameAs":["https:\/\/www.facebook.com\/SpazioCiclismo\/","https:\/\/x.com\/spaziociclismo","https:\/\/www.instagram.com\/spaziociclismo\/"]},{"@type":"Person","@id":"https:\/\/cyclingpro.net\/spaziociclismo\/#\/schema\/person\/f104b5d2588ef53ce9f1b43295c352e1","name":"Redazione SpazioCiclismo","image":{"@type":"ImageObject","inLanguage":"it-IT","@id":"https:\/\/secure.gravatar.com\/avatar\/f1cae17b9ecd38864463422521239d4a656d6b657478a63e445df7b8ebc2b81c?s=96&d=mm&r=g","url":"https:\/\/secure.gravatar.com\/avatar\/f1cae17b9ecd38864463422521239d4a656d6b657478a63e445df7b8ebc2b81c?s=96&d=mm&r=g","contentUrl":"https:\/\/secure.gravatar.com\/avatar\/f1cae17b9ecd38864463422521239d4a656d6b657478a63e445df7b8ebc2b81c?s=96&d=mm&r=g","caption":"Redazione SpazioCiclismo"},"url":"https:\/\/cyclingpro.net\/spaziociclismo\/author\/wptstmssc\/"}]}},"_links":{"self":[{"href":"https:\/\/cyclingpro.net\/spaziociclismo\/wp-json\/wp\/v2\/posts\/369329","targetHints":{"allow":["GET"]}}],"collection":[{"href":"https:\/\/cyclingpro.net\/spaziociclismo\/wp-json\/wp\/v2\/posts"}],"about":[{"href":"https:\/\/cyclingpro.net\/spaziociclismo\/wp-json\/wp\/v2\/types\/post"}],"author":[{"embeddable":true,"href":"https:\/\/cyclingpro.net\/spaziociclismo\/wp-json\/wp\/v2\/users\/2"}],"replies":[{"embeddable":true,"href":"https:\/\/cyclingpro.net\/spaziociclismo\/wp-json\/wp\/v2\/comments?post=369329"}],"version-history":[{"count":7,"href":"https:\/\/cyclingpro.net\/spaziociclismo\/wp-json\/wp\/v2\/posts\/369329\/revisions"}],"predecessor-version":[{"id":369527,"href":"https:\/\/cyclingpro.net\/spaziociclismo\/wp-json\/wp\/v2\/posts\/369329\/revisions\/369527"}],"wp:featuredmedia":[{"embeddable":true,"href":"https:\/\/cyclingpro.net\/spaziociclismo\/wp-json\/wp\/v2\/media\/369433"}],"wp:attachment":[{"href":"https:\/\/cyclingpro.net\/spaziociclismo\/wp-json\/wp\/v2\/media?parent=369329"}],"wp:term":[{"taxonomy":"category","embeddable":true,"href":"https:\/\/cyclingpro.net\/spaziociclismo\/wp-json\/wp\/v2\/categories?post=369329"},{"taxonomy":"post_tag","embeddable":true,"href":"https:\/\/cyclingpro.net\/spaziociclismo\/wp-json\/wp\/v2\/tags?post=369329"}],"curies":[{"name":"wp","href":"https:\/\/api.w.org\/{rel}","templated":true}]}}