{"id":369160,"date":"2026-03-14T11:15:04","date_gmt":"2026-03-14T10:15:04","guid":{"rendered":"https:\/\/cyclingpro.net\/spaziociclismo\/?p=369160"},"modified":"2026-03-14T11:20:01","modified_gmt":"2026-03-14T10:20:01","slug":"tour-de-taiwan-2026-la-startlist","status":"publish","type":"post","link":"https:\/\/cyclingpro.net\/spaziociclismo\/startlist\/tour-de-taiwan-2026-la-startlist\/","title":{"rendered":"Tour de Taiwan 2026, la startlist definitiva"},"content":{"rendered":"<p>21 squadre al via del <strong>Tour de Taiwan 2026<\/strong>. In programma <strong>dal 15 al 19 marzo<\/strong>, la corsa asiatica di categoria UCI 2.1 potr\u00e0 contare quest&#8217;anno sulla presenza di una formazione WorldTour, la Lotto-Intermarch\u00e9, che si va ad unire alle cinque compagini Professional partecipanti, tra le quali c&#8217;\u00e8 anche l&#8217;italiana Solution Tech-Nippo-Rali. Come sempre, dunque, il grosso del gruppo che animer\u00e0 le cinque giornate di gara sar\u00e0 composto da team Continental, ben 13, provenienti non solo dall&#8217;Asia ma anche da Europa e Oceania, cui si aggiungono le selezioni nazionali di Taiwan e Thailandia.<\/p>\n<h2>Startlist Definitiva Tour de Taiwan 2026<\/h2>\n<p><strong>EUSKALTEL-EUSKADI<\/strong><br \/>\n1 LOPEZ CARAVACA Jordi<br \/>\n2 HENNEQUIN Paul<br \/>\n3 ISASA LARRA\u00d1AGA Xabier<br \/>\n4 SUTTON David Louis<\/p>\n<p><strong>LOTTO-INTERMARCH\u00c9<\/strong><br \/>\n11 FOX Luke Matthew<br \/>\n12 GRISEL Matys<br \/>\n13 BERNARD Thibaut<br \/>\n14 IMAMURA Shunsuke<br \/>\n15 VAN DE WYNKELE Lorenz<\/p>\n<p><strong>SOLUTION TECH-NIPPO-RALI<\/strong><br \/>\n21 ARASHIRO Yukiya<br \/>\n22 GRANGER Ben<br \/>\n23 FINK\u0160T Tilen<br \/>\n24 KAMADA Koki<br \/>\n25 RAJOVIC Dusan<\/p>\n<p><strong>BURGOS BURPELLET BH<\/strong><br \/>\n31 ALVAREZ RODRIGUEZ Rodrigo<br \/>\n32 KOYAMA Tomoya<br \/>\n33 REY VAZQUEZ Martin<br \/>\n34 QUARTUCCI Lorenzo<br \/>\n35 SAINBAYAR Jambaljamts<\/p>\n<p><strong>TEAM NOVO NORDISK<\/strong><br \/>\n41 BEADLE Hamish<br \/>\n42 MULLER Anton<br \/>\n43 WATTELLE C\u00e9lestin<br \/>\n44 LOPEZ RODRIGUEZ Juan Jose<br \/>\n45 MACKIE Donovan<\/p>\n<p><strong>EQUIPO KERN PHARMA<\/strong><br \/>\n51 COBO CAYON Ivan<br \/>\n52 PEREZ LOPEZ Cesar<br \/>\n53 GIMENO FERRER Nil<br \/>\n54 ELOSEGUI MOME\u00d1E I\u00f1igo<br \/>\n55 HO Yen Yi<\/p>\n<p><strong>HRINKOW ADVARICS<\/strong><br \/>\n61 PRIMO\u017dI\u010c Jaka<br \/>\n62 DIRNBAUER Josef<br \/>\n63 FORTIN Filippo<br \/>\n64 RI\u0160KA Richard<br \/>\n65 BETTENDORFF Lo\u00efc<\/p>\n<p><strong>KINAN RACING TEAM<\/strong><br \/>\n71 KOISHI Yuma<br \/>\n72 CARSTENSEN Lucas<br \/>\n73 ARASHIRO Yudai<br \/>\n74 YAMAMOTO Genki<br \/>\n75 KUSABA Keigo<\/p>\n<p><strong>TEAM UKYO<\/strong><br \/>\n81 D&#8217;AMATO Andrea<br \/>\n82 RACCANI Simone<br \/>\n83 TERADA Yoshiki<br \/>\n84 YAMAMOTO Tetsuo<br \/>\n85 KUBOKI Kazushige<\/p>\n<p><strong>TERENGGANU CYCLING TEAM<\/strong><br \/>\n91 BROWNING Fergus<br \/>\n92 BREGNH\u00d8J Mathias<br \/>\n93 KYFFIN Zeb<br \/>\n94 KEE Zhe Yie<br \/>\n95 VAN ENGELEN Adne<\/p>\n<p><strong>CCACHE X BODYWRAP<\/strong><br \/>\n111 GREENWOOD Matthew<br \/>\n112 WALSH Liam<br \/>\n113 CAMPBELL Max<br \/>\n114 BLANNIN Noah<br \/>\n115 HEFFERNAN William<\/p>\n<p><strong>AISAN RACING TEAM<\/strong><br \/>\n121 TODOME Yuhi<br \/>\n122 OKAMOTO Hayato<br \/>\n123 TOBARU Hayato<br \/>\n124 MATSUI George<br \/>\n125 MINAMI Kazuto<\/p>\n<p><strong>7ELEVEN CLIQQ ROADBIKE PHILIPPINES<\/strong><br \/>\n131 CARCUEVA Jonel<br \/>\n132 QUITA Ronnilan<br \/>\n133 LEQUIN Khyll<br \/>\n134 MCGEOUGH Cormac<br \/>\n135 YON HIN Daniel Joseph<\/p>\n<p><strong>VICTORIA SPORTS PRO CYCLING<\/strong><br \/>\n141 MEIJERS Jeroen<br \/>\n142 GROSPE Ismael Jr.<br \/>\n143 FELIPE Marcelo<br \/>\n144 PAREJA Nichol<br \/>\n145 FRANCISCO Jude Gabriel<\/p>\n<p><strong>ASTEMO UTSUNOMIYA BLITZEN<\/strong><br \/>\n151 FENG Chun Kai<br \/>\n152 TU Chin Hao<br \/>\n153 OKA Atsushi<br \/>\n154 MIYAZAKI Taishi<br \/>\n155 MASUDA Nariyuki<\/p>\n<p><strong>ROOJAI INSURANCE WINSPACE<\/strong><br \/>\n161 BATSAIKHAN Tegshbayar<br \/>\n162 HOPKINS Dylan<br \/>\n163 BETTLES Carter<br \/>\n164 YUN Jaebin<br \/>\n165 LI Ting Wei<\/p>\n<p><strong>SPARKLE OITA RACING TEAM<\/strong><br \/>\n171 KUROEDA Shiki<br \/>\n172 SATO Ken<br \/>\n173 SUMIYOSHI Kota<br \/>\n174 ASO Keisuke<br \/>\n175 KANAI Kensho<\/p>\n<p><strong>EUROCYCLINGTRIPS &#8211; CCN<\/strong><br \/>\n181 BENNETT St\u00e9fan<br \/>\n182 DROUIN David<br \/>\n183 SLOOTJES Jordi<br \/>\n184 PEYROTON-DARTET Thomas<br \/>\n185 LUTZ-ATKINSON Hugo<\/p>\n<p><strong>JAKARTA PRO CYCLING TEAM<\/strong><br \/>\n191 YUDHA KUSUMA Terry<br \/>\n192 OETOMO Yosandy Darmawan<br \/>\n193 ABDURROHMAN Muhammad<br \/>\n194 HEFNAR Ilham Sultansyah<br \/>\n195 PRAYOGO Dealton Nur Arif<\/p>\n<p><strong>THAILANDIA<\/strong><br \/>\n201 CHAWCHIANGKWANG Peerapol<br \/>\n202 SIRIRONNACHAI Sarawut<br \/>\n203 JUMCHAT Nattapol<br \/>\n204 CHAIYASOMBAT Thanakhan<br \/>\n205 YAOWARAT Ratchanon<\/p>\n<p><strong>TAIWAN<\/strong><br \/>\n211 LU Shao Hsuan<br \/>\n212 HUNG Kun Hung<br \/>\n213 CHANG You Cheng<br \/>\n214 HUANG Wei Cheng<br \/>\n215 YE Syuan You<\/p>\n","protected":false},"excerpt":{"rendered":"<p>Dorsali e partenti del #TourDeTaiwan, in programma dal 15 al 19 marzo<\/p>\n","protected":false},"author":27,"featured_media":325983,"comment_status":"open","ping_status":"closed","sticky":false,"template":"","format":"standard","meta":{"footnotes":""},"categories":[6,18],"tags":[6898],"class_list":["post-369160","post","type-post","status-publish","format-standard","has-post-thumbnail","hentry","category-continental","category-startlist","tag-tour-de-taiwan-2026"],"yoast_head":"<!-- This site is optimized with the Yoast SEO plugin v27.4 - https:\/\/yoast.com\/product\/yoast-seo-wordpress\/ -->\n<title>Tour de Taiwan 2026, la startlist definitiva - SpazioCiclismo<\/title>\n<meta name=\"robots\" content=\"index, follow, max-snippet:-1, max-image-preview:large, max-video-preview:-1\" \/>\n<link rel=\"canonical\" href=\"https:\/\/cyclingpro.net\/spaziociclismo\/startlist\/tour-de-taiwan-2026-la-startlist\/\" \/>\n<meta property=\"og:locale\" content=\"it_IT\" \/>\n<meta property=\"og:type\" content=\"article\" \/>\n<meta property=\"og:title\" content=\"Tour de Taiwan 2026, la startlist definitiva - SpazioCiclismo\" \/>\n<meta property=\"og:description\" content=\"Dorsali e partenti del #TourDeTaiwan, in programma dal 15 al 19 marzo\" \/>\n<meta property=\"og:url\" content=\"https:\/\/cyclingpro.net\/spaziociclismo\/startlist\/tour-de-taiwan-2026-la-startlist\/\" \/>\n<meta property=\"og:site_name\" content=\"SpazioCiclismo\" \/>\n<meta property=\"article:publisher\" content=\"https:\/\/www.facebook.com\/SpazioCiclismo\/\" \/>\n<meta property=\"article:published_time\" content=\"2026-03-14T10:15:04+00:00\" \/>\n<meta property=\"article:modified_time\" content=\"2026-03-14T10:20:01+00:00\" \/>\n<meta property=\"og:image\" content=\"https:\/\/cyclingpro.net\/spaziociclismo\/wp-content\/uploads\/2025\/03\/Tour-de-Taiwan-2024-Gruppo-Alberi.jpg\" \/>\n\t<meta property=\"og:image:width\" content=\"1200\" \/>\n\t<meta property=\"og:image:height\" content=\"800\" \/>\n\t<meta property=\"og:image:type\" content=\"image\/jpeg\" \/>\n<meta name=\"author\" content=\"Davide Filippi\" \/>\n<meta name=\"twitter:card\" content=\"summary_large_image\" \/>\n<meta name=\"twitter:creator\" content=\"@spaziociclismo\" \/>\n<meta name=\"twitter:site\" content=\"@spaziociclismo\" \/>\n<meta name=\"twitter:label1\" content=\"Scritto da\" \/>\n\t<meta name=\"twitter:data1\" content=\"Davide Filippi\" \/>\n\t<meta name=\"twitter:label2\" content=\"Tempo di lettura stimato\" \/>\n\t<meta name=\"twitter:data2\" content=\"3 minuti\" \/>\n<script type=\"application\/ld+json\" class=\"yoast-schema-graph\">{\"@context\":\"https:\\\/\\\/schema.org\",\"@graph\":[{\"@type\":\"Article\",\"@id\":\"https:\\\/\\\/cyclingpro.net\\\/spaziociclismo\\\/startlist\\\/tour-de-taiwan-2026-la-startlist\\\/#article\",\"isPartOf\":{\"@id\":\"https:\\\/\\\/cyclingpro.net\\\/spaziociclismo\\\/startlist\\\/tour-de-taiwan-2026-la-startlist\\\/\"},\"author\":{\"name\":\"Davide Filippi\",\"@id\":\"https:\\\/\\\/cyclingpro.net\\\/spaziociclismo\\\/#\\\/schema\\\/person\\\/5b11f525424bc937dcd939655cae5de3\"},\"headline\":\"Tour de Taiwan 2026, la startlist definitiva\",\"datePublished\":\"2026-03-14T10:15:04+00:00\",\"dateModified\":\"2026-03-14T10:20:01+00:00\",\"mainEntityOfPage\":{\"@id\":\"https:\\\/\\\/cyclingpro.net\\\/spaziociclismo\\\/startlist\\\/tour-de-taiwan-2026-la-startlist\\\/\"},\"wordCount\":410,\"commentCount\":0,\"publisher\":{\"@id\":\"https:\\\/\\\/cyclingpro.net\\\/spaziociclismo\\\/#organization\"},\"image\":{\"@id\":\"https:\\\/\\\/cyclingpro.net\\\/spaziociclismo\\\/startlist\\\/tour-de-taiwan-2026-la-startlist\\\/#primaryimage\"},\"thumbnailUrl\":\"https:\\\/\\\/cyclingpro.net\\\/spaziociclismo\\\/wp-content\\\/uploads\\\/2025\\\/03\\\/Tour-de-Taiwan-2024-Gruppo-Alberi.jpg\",\"keywords\":[\"Tour de Taiwan 2026\"],\"articleSection\":[\"Continental\",\"Startlist\"],\"inLanguage\":\"it-IT\",\"potentialAction\":[{\"@type\":\"CommentAction\",\"name\":\"Comment\",\"target\":[\"https:\\\/\\\/cyclingpro.net\\\/spaziociclismo\\\/startlist\\\/tour-de-taiwan-2026-la-startlist\\\/#respond\"]}]},{\"@type\":\"WebPage\",\"@id\":\"https:\\\/\\\/cyclingpro.net\\\/spaziociclismo\\\/startlist\\\/tour-de-taiwan-2026-la-startlist\\\/\",\"url\":\"https:\\\/\\\/cyclingpro.net\\\/spaziociclismo\\\/startlist\\\/tour-de-taiwan-2026-la-startlist\\\/\",\"name\":\"Tour de Taiwan 2026, la startlist definitiva - SpazioCiclismo\",\"isPartOf\":{\"@id\":\"https:\\\/\\\/cyclingpro.net\\\/spaziociclismo\\\/#website\"},\"primaryImageOfPage\":{\"@id\":\"https:\\\/\\\/cyclingpro.net\\\/spaziociclismo\\\/startlist\\\/tour-de-taiwan-2026-la-startlist\\\/#primaryimage\"},\"image\":{\"@id\":\"https:\\\/\\\/cyclingpro.net\\\/spaziociclismo\\\/startlist\\\/tour-de-taiwan-2026-la-startlist\\\/#primaryimage\"},\"thumbnailUrl\":\"https:\\\/\\\/cyclingpro.net\\\/spaziociclismo\\\/wp-content\\\/uploads\\\/2025\\\/03\\\/Tour-de-Taiwan-2024-Gruppo-Alberi.jpg\",\"datePublished\":\"2026-03-14T10:15:04+00:00\",\"dateModified\":\"2026-03-14T10:20:01+00:00\",\"breadcrumb\":{\"@id\":\"https:\\\/\\\/cyclingpro.net\\\/spaziociclismo\\\/startlist\\\/tour-de-taiwan-2026-la-startlist\\\/#breadcrumb\"},\"inLanguage\":\"it-IT\",\"potentialAction\":[{\"@type\":\"ReadAction\",\"target\":[\"https:\\\/\\\/cyclingpro.net\\\/spaziociclismo\\\/startlist\\\/tour-de-taiwan-2026-la-startlist\\\/\"]}]},{\"@type\":\"ImageObject\",\"inLanguage\":\"it-IT\",\"@id\":\"https:\\\/\\\/cyclingpro.net\\\/spaziociclismo\\\/startlist\\\/tour-de-taiwan-2026-la-startlist\\\/#primaryimage\",\"url\":\"https:\\\/\\\/cyclingpro.net\\\/spaziociclismo\\\/wp-content\\\/uploads\\\/2025\\\/03\\\/Tour-de-Taiwan-2024-Gruppo-Alberi.jpg\",\"contentUrl\":\"https:\\\/\\\/cyclingpro.net\\\/spaziociclismo\\\/wp-content\\\/uploads\\\/2025\\\/03\\\/Tour-de-Taiwan-2024-Gruppo-Alberi.jpg\",\"width\":1200,\"height\":800,\"caption\":\"\u00a9 Tour de Taiwan\"},{\"@type\":\"BreadcrumbList\",\"@id\":\"https:\\\/\\\/cyclingpro.net\\\/spaziociclismo\\\/startlist\\\/tour-de-taiwan-2026-la-startlist\\\/#breadcrumb\",\"itemListElement\":[{\"@type\":\"ListItem\",\"position\":1,\"name\":\"Home\",\"item\":\"https:\\\/\\\/cyclingpro.net\\\/spaziociclismo\\\/\"},{\"@type\":\"ListItem\",\"position\":2,\"name\":\"Tour de Taiwan 2026, la startlist definitiva\"}]},{\"@type\":\"WebSite\",\"@id\":\"https:\\\/\\\/cyclingpro.net\\\/spaziociclismo\\\/#website\",\"url\":\"https:\\\/\\\/cyclingpro.net\\\/spaziociclismo\\\/\",\"name\":\"SpazioCiclismo\",\"description\":\"Tutto il ciclismo minuto per minuto\",\"publisher\":{\"@id\":\"https:\\\/\\\/cyclingpro.net\\\/spaziociclismo\\\/#organization\"},\"potentialAction\":[{\"@type\":\"SearchAction\",\"target\":{\"@type\":\"EntryPoint\",\"urlTemplate\":\"https:\\\/\\\/cyclingpro.net\\\/spaziociclismo\\\/?s={search_term_string}\"},\"query-input\":{\"@type\":\"PropertyValueSpecification\",\"valueRequired\":true,\"valueName\":\"search_term_string\"}}],\"inLanguage\":\"it-IT\"},{\"@type\":\"Organization\",\"@id\":\"https:\\\/\\\/cyclingpro.net\\\/spaziociclismo\\\/#organization\",\"name\":\"SpazioCiclismo\",\"url\":\"https:\\\/\\\/cyclingpro.net\\\/spaziociclismo\\\/\",\"logo\":{\"@type\":\"ImageObject\",\"inLanguage\":\"it-IT\",\"@id\":\"https:\\\/\\\/cyclingpro.net\\\/spaziociclismo\\\/#\\\/schema\\\/logo\\\/image\\\/\",\"url\":\"https:\\\/\\\/cyclingpro.net\\\/spaziociclismo\\\/wp-content\\\/uploads\\\/2017\\\/02\\\/SpazioCiclismo-Logo-Quadrato.png\",\"contentUrl\":\"https:\\\/\\\/cyclingpro.net\\\/spaziociclismo\\\/wp-content\\\/uploads\\\/2017\\\/02\\\/SpazioCiclismo-Logo-Quadrato.png\",\"width\":450,\"height\":450,\"caption\":\"SpazioCiclismo\"},\"image\":{\"@id\":\"https:\\\/\\\/cyclingpro.net\\\/spaziociclismo\\\/#\\\/schema\\\/logo\\\/image\\\/\"},\"sameAs\":[\"https:\\\/\\\/www.facebook.com\\\/SpazioCiclismo\\\/\",\"https:\\\/\\\/x.com\\\/spaziociclismo\",\"https:\\\/\\\/www.instagram.com\\\/spaziociclismo\\\/\"]},{\"@type\":\"Person\",\"@id\":\"https:\\\/\\\/cyclingpro.net\\\/spaziociclismo\\\/#\\\/schema\\\/person\\\/5b11f525424bc937dcd939655cae5de3\",\"name\":\"Davide Filippi\",\"image\":{\"@type\":\"ImageObject\",\"inLanguage\":\"it-IT\",\"@id\":\"https:\\\/\\\/secure.gravatar.com\\\/avatar\\\/acf38569376402ef43c46c36ea62f8a431f13c39fac703a2ed157f3bbfa5c1ab?s=96&d=mm&r=g\",\"url\":\"https:\\\/\\\/secure.gravatar.com\\\/avatar\\\/acf38569376402ef43c46c36ea62f8a431f13c39fac703a2ed157f3bbfa5c1ab?s=96&d=mm&r=g\",\"contentUrl\":\"https:\\\/\\\/secure.gravatar.com\\\/avatar\\\/acf38569376402ef43c46c36ea62f8a431f13c39fac703a2ed157f3bbfa5c1ab?s=96&d=mm&r=g\",\"caption\":\"Davide Filippi\"},\"url\":\"https:\\\/\\\/cyclingpro.net\\\/spaziociclismo\\\/author\\\/dfilippi\\\/\"}]}<\/script>\n<!-- \/ Yoast SEO plugin. -->","yoast_head_json":{"title":"Tour de Taiwan 2026, la startlist definitiva - SpazioCiclismo","robots":{"index":"index","follow":"follow","max-snippet":"max-snippet:-1","max-image-preview":"max-image-preview:large","max-video-preview":"max-video-preview:-1"},"canonical":"https:\/\/cyclingpro.net\/spaziociclismo\/startlist\/tour-de-taiwan-2026-la-startlist\/","og_locale":"it_IT","og_type":"article","og_title":"Tour de Taiwan 2026, la startlist definitiva - SpazioCiclismo","og_description":"Dorsali e partenti del #TourDeTaiwan, in programma dal 15 al 19 marzo","og_url":"https:\/\/cyclingpro.net\/spaziociclismo\/startlist\/tour-de-taiwan-2026-la-startlist\/","og_site_name":"SpazioCiclismo","article_publisher":"https:\/\/www.facebook.com\/SpazioCiclismo\/","article_published_time":"2026-03-14T10:15:04+00:00","article_modified_time":"2026-03-14T10:20:01+00:00","og_image":[{"width":1200,"height":800,"url":"https:\/\/cyclingpro.net\/spaziociclismo\/wp-content\/uploads\/2025\/03\/Tour-de-Taiwan-2024-Gruppo-Alberi.jpg","type":"image\/jpeg"}],"author":"Davide Filippi","twitter_card":"summary_large_image","twitter_creator":"@spaziociclismo","twitter_site":"@spaziociclismo","twitter_misc":{"Scritto da":"Davide Filippi","Tempo di lettura stimato":"3 minuti"},"schema":{"@context":"https:\/\/schema.org","@graph":[{"@type":"Article","@id":"https:\/\/cyclingpro.net\/spaziociclismo\/startlist\/tour-de-taiwan-2026-la-startlist\/#article","isPartOf":{"@id":"https:\/\/cyclingpro.net\/spaziociclismo\/startlist\/tour-de-taiwan-2026-la-startlist\/"},"author":{"name":"Davide Filippi","@id":"https:\/\/cyclingpro.net\/spaziociclismo\/#\/schema\/person\/5b11f525424bc937dcd939655cae5de3"},"headline":"Tour de Taiwan 2026, la startlist definitiva","datePublished":"2026-03-14T10:15:04+00:00","dateModified":"2026-03-14T10:20:01+00:00","mainEntityOfPage":{"@id":"https:\/\/cyclingpro.net\/spaziociclismo\/startlist\/tour-de-taiwan-2026-la-startlist\/"},"wordCount":410,"commentCount":0,"publisher":{"@id":"https:\/\/cyclingpro.net\/spaziociclismo\/#organization"},"image":{"@id":"https:\/\/cyclingpro.net\/spaziociclismo\/startlist\/tour-de-taiwan-2026-la-startlist\/#primaryimage"},"thumbnailUrl":"https:\/\/cyclingpro.net\/spaziociclismo\/wp-content\/uploads\/2025\/03\/Tour-de-Taiwan-2024-Gruppo-Alberi.jpg","keywords":["Tour de Taiwan 2026"],"articleSection":["Continental","Startlist"],"inLanguage":"it-IT","potentialAction":[{"@type":"CommentAction","name":"Comment","target":["https:\/\/cyclingpro.net\/spaziociclismo\/startlist\/tour-de-taiwan-2026-la-startlist\/#respond"]}]},{"@type":"WebPage","@id":"https:\/\/cyclingpro.net\/spaziociclismo\/startlist\/tour-de-taiwan-2026-la-startlist\/","url":"https:\/\/cyclingpro.net\/spaziociclismo\/startlist\/tour-de-taiwan-2026-la-startlist\/","name":"Tour de Taiwan 2026, la startlist definitiva - SpazioCiclismo","isPartOf":{"@id":"https:\/\/cyclingpro.net\/spaziociclismo\/#website"},"primaryImageOfPage":{"@id":"https:\/\/cyclingpro.net\/spaziociclismo\/startlist\/tour-de-taiwan-2026-la-startlist\/#primaryimage"},"image":{"@id":"https:\/\/cyclingpro.net\/spaziociclismo\/startlist\/tour-de-taiwan-2026-la-startlist\/#primaryimage"},"thumbnailUrl":"https:\/\/cyclingpro.net\/spaziociclismo\/wp-content\/uploads\/2025\/03\/Tour-de-Taiwan-2024-Gruppo-Alberi.jpg","datePublished":"2026-03-14T10:15:04+00:00","dateModified":"2026-03-14T10:20:01+00:00","breadcrumb":{"@id":"https:\/\/cyclingpro.net\/spaziociclismo\/startlist\/tour-de-taiwan-2026-la-startlist\/#breadcrumb"},"inLanguage":"it-IT","potentialAction":[{"@type":"ReadAction","target":["https:\/\/cyclingpro.net\/spaziociclismo\/startlist\/tour-de-taiwan-2026-la-startlist\/"]}]},{"@type":"ImageObject","inLanguage":"it-IT","@id":"https:\/\/cyclingpro.net\/spaziociclismo\/startlist\/tour-de-taiwan-2026-la-startlist\/#primaryimage","url":"https:\/\/cyclingpro.net\/spaziociclismo\/wp-content\/uploads\/2025\/03\/Tour-de-Taiwan-2024-Gruppo-Alberi.jpg","contentUrl":"https:\/\/cyclingpro.net\/spaziociclismo\/wp-content\/uploads\/2025\/03\/Tour-de-Taiwan-2024-Gruppo-Alberi.jpg","width":1200,"height":800,"caption":"\u00a9 Tour de Taiwan"},{"@type":"BreadcrumbList","@id":"https:\/\/cyclingpro.net\/spaziociclismo\/startlist\/tour-de-taiwan-2026-la-startlist\/#breadcrumb","itemListElement":[{"@type":"ListItem","position":1,"name":"Home","item":"https:\/\/cyclingpro.net\/spaziociclismo\/"},{"@type":"ListItem","position":2,"name":"Tour de Taiwan 2026, la startlist definitiva"}]},{"@type":"WebSite","@id":"https:\/\/cyclingpro.net\/spaziociclismo\/#website","url":"https:\/\/cyclingpro.net\/spaziociclismo\/","name":"SpazioCiclismo","description":"Tutto il ciclismo minuto per minuto","publisher":{"@id":"https:\/\/cyclingpro.net\/spaziociclismo\/#organization"},"potentialAction":[{"@type":"SearchAction","target":{"@type":"EntryPoint","urlTemplate":"https:\/\/cyclingpro.net\/spaziociclismo\/?s={search_term_string}"},"query-input":{"@type":"PropertyValueSpecification","valueRequired":true,"valueName":"search_term_string"}}],"inLanguage":"it-IT"},{"@type":"Organization","@id":"https:\/\/cyclingpro.net\/spaziociclismo\/#organization","name":"SpazioCiclismo","url":"https:\/\/cyclingpro.net\/spaziociclismo\/","logo":{"@type":"ImageObject","inLanguage":"it-IT","@id":"https:\/\/cyclingpro.net\/spaziociclismo\/#\/schema\/logo\/image\/","url":"https:\/\/cyclingpro.net\/spaziociclismo\/wp-content\/uploads\/2017\/02\/SpazioCiclismo-Logo-Quadrato.png","contentUrl":"https:\/\/cyclingpro.net\/spaziociclismo\/wp-content\/uploads\/2017\/02\/SpazioCiclismo-Logo-Quadrato.png","width":450,"height":450,"caption":"SpazioCiclismo"},"image":{"@id":"https:\/\/cyclingpro.net\/spaziociclismo\/#\/schema\/logo\/image\/"},"sameAs":["https:\/\/www.facebook.com\/SpazioCiclismo\/","https:\/\/x.com\/spaziociclismo","https:\/\/www.instagram.com\/spaziociclismo\/"]},{"@type":"Person","@id":"https:\/\/cyclingpro.net\/spaziociclismo\/#\/schema\/person\/5b11f525424bc937dcd939655cae5de3","name":"Davide Filippi","image":{"@type":"ImageObject","inLanguage":"it-IT","@id":"https:\/\/secure.gravatar.com\/avatar\/acf38569376402ef43c46c36ea62f8a431f13c39fac703a2ed157f3bbfa5c1ab?s=96&d=mm&r=g","url":"https:\/\/secure.gravatar.com\/avatar\/acf38569376402ef43c46c36ea62f8a431f13c39fac703a2ed157f3bbfa5c1ab?s=96&d=mm&r=g","contentUrl":"https:\/\/secure.gravatar.com\/avatar\/acf38569376402ef43c46c36ea62f8a431f13c39fac703a2ed157f3bbfa5c1ab?s=96&d=mm&r=g","caption":"Davide Filippi"},"url":"https:\/\/cyclingpro.net\/spaziociclismo\/author\/dfilippi\/"}]}},"_links":{"self":[{"href":"https:\/\/cyclingpro.net\/spaziociclismo\/wp-json\/wp\/v2\/posts\/369160","targetHints":{"allow":["GET"]}}],"collection":[{"href":"https:\/\/cyclingpro.net\/spaziociclismo\/wp-json\/wp\/v2\/posts"}],"about":[{"href":"https:\/\/cyclingpro.net\/spaziociclismo\/wp-json\/wp\/v2\/types\/post"}],"author":[{"embeddable":true,"href":"https:\/\/cyclingpro.net\/spaziociclismo\/wp-json\/wp\/v2\/users\/27"}],"replies":[{"embeddable":true,"href":"https:\/\/cyclingpro.net\/spaziociclismo\/wp-json\/wp\/v2\/comments?post=369160"}],"version-history":[{"count":1,"href":"https:\/\/cyclingpro.net\/spaziociclismo\/wp-json\/wp\/v2\/posts\/369160\/revisions"}],"predecessor-version":[{"id":369165,"href":"https:\/\/cyclingpro.net\/spaziociclismo\/wp-json\/wp\/v2\/posts\/369160\/revisions\/369165"}],"wp:featuredmedia":[{"embeddable":true,"href":"https:\/\/cyclingpro.net\/spaziociclismo\/wp-json\/wp\/v2\/media\/325983"}],"wp:attachment":[{"href":"https:\/\/cyclingpro.net\/spaziociclismo\/wp-json\/wp\/v2\/media?parent=369160"}],"wp:term":[{"taxonomy":"category","embeddable":true,"href":"https:\/\/cyclingpro.net\/spaziociclismo\/wp-json\/wp\/v2\/categories?post=369160"},{"taxonomy":"post_tag","embeddable":true,"href":"https:\/\/cyclingpro.net\/spaziociclismo\/wp-json\/wp\/v2\/tags?post=369160"}],"curies":[{"name":"wp","href":"https:\/\/api.w.org\/{rel}","templated":true}]}}