{"id":367928,"date":"2026-03-06T14:34:20","date_gmt":"2026-03-06T13:34:20","guid":{"rendered":"https:\/\/cyclingpro.net\/spaziociclismo\/?p=367928"},"modified":"2026-03-06T14:34:20","modified_gmt":"2026-03-06T13:34:20","slug":"tirreno-adriatico-2026-paul-magnier-prima-punta-di-una-soudal-che-punta-a-lasciare-il-segno","status":"publish","type":"post","link":"https:\/\/cyclingpro.net\/spaziociclismo\/worldtour\/tirreno-adriatico-2026-paul-magnier-prima-punta-di-una-soudal-che-punta-a-lasciare-il-segno\/","title":{"rendered":"Tirreno-Adriatico 2026, Paul Magnier prima punta di una Soudal che punta &#8220;a lasciare il segno&#8221;"},"content":{"rendered":"<p><strong>Soudal Quick-Step<\/strong> a caccia di tappe alla <strong>Tirreno &#8211; Adriatico 2026<\/strong>. Su di un percorso senza grandi montagne, ma comunque praticamente ogni giorno nervoso, la formazione belga mette in primo piano il talentuoso <strong>Paul Magnier<\/strong>, che avr\u00e0 pi\u00f9 di una occasione per provare a far valere le sue qualit\u00e0 di resistenza per poi giocarsi il successo allo sprint, comunque mai scontato. Per questo non mancheranno anche corridori che possono dire la loro anche su altri scenari, partendo dalla cronometro inaugurale nella quale prover\u00e0 a farsi notare il campione britannico della specialit\u00e0 <strong>Ethan Hayter<\/strong>, pedina potenzialmente spendibile anche per altre frazioni viste le sue caratteristiche.<\/p>\n<p>Con loro <strong>dal 9 al 15 marzo<\/strong> ci saranno anche altre tre corridori resistenti e veloci come <strong>Ayco Bastiaens<\/strong>, <strong>Laurenz Rex<\/strong> e <strong>Dries Van Gestel<\/strong>, senza dimenticare <strong>Ilan Van Wilder<\/strong> e <strong>Louis Vervaeke<\/strong>, che punteranno invece alle frazioni pi\u00f9 impegnative, con il primo che potrebbe anche cercare di portarsi a casa una buona classifica generale viste anche le sue qualit\u00e0 nelle prove contro il tempo.<\/p>\n<p>\u201cCome si pu\u00f2 notare, abbiamo una squadra forte e versatile per la Tirreno-Adriatico, una gara che amiamo e nella quale i nostri corridori dovrebbero avere l&#8217;opportunit\u00e0 di essere sotto i riflettori &#8211; ha spiegato il direttore sportivo Davide Bramati &#8211; Il percorso \u00e8 un po&#8217; diverso da quello dell&#8217;anno scorso, ma ci arriviamo con molta fiducia dopo i nostri ultimi risultati e con la motivazione di poter fare qualcosa di bello e lasciare il segno nella gara\u201d..<\/p>\n","protected":false},"excerpt":{"rendered":"<p>Soudal Quick-Step a caccia di tappe alla #TirrenoAdriatico<\/p>\n","protected":false},"author":2,"featured_media":366293,"comment_status":"open","ping_status":"closed","sticky":false,"template":"","format":"standard","meta":{"footnotes":""},"categories":[25],"tags":[5413,6669,6841],"class_list":["post-367928","post","type-post","status-publish","format-standard","has-post-thumbnail","hentry","category-worldtour","tag-paul-magnier","tag-soudal-quick-step-2026","tag-tirreno-adriatico-2026"],"yoast_head":"<!-- This site is optimized with the Yoast SEO plugin v27.4 - https:\/\/yoast.com\/product\/yoast-seo-wordpress\/ -->\n<title>Tirreno-Adriatico 2026, Paul Magnier prima punta di una Soudal che punta &quot;a lasciare il segno&quot; - SpazioCiclismo<\/title>\n<meta name=\"robots\" content=\"index, follow, max-snippet:-1, max-image-preview:large, max-video-preview:-1\" \/>\n<link rel=\"canonical\" href=\"https:\/\/cyclingpro.net\/spaziociclismo\/worldtour\/tirreno-adriatico-2026-paul-magnier-prima-punta-di-una-soudal-che-punta-a-lasciare-il-segno\/\" \/>\n<meta property=\"og:locale\" content=\"it_IT\" \/>\n<meta property=\"og:type\" content=\"article\" \/>\n<meta property=\"og:title\" content=\"Tirreno-Adriatico 2026, Paul Magnier prima punta di una Soudal che punta &quot;a lasciare il segno&quot; - SpazioCiclismo\" \/>\n<meta property=\"og:description\" content=\"Soudal Quick-Step a caccia di tappe alla #TirrenoAdriatico\" \/>\n<meta property=\"og:url\" content=\"https:\/\/cyclingpro.net\/spaziociclismo\/worldtour\/tirreno-adriatico-2026-paul-magnier-prima-punta-di-una-soudal-che-punta-a-lasciare-il-segno\/\" \/>\n<meta property=\"og:site_name\" content=\"SpazioCiclismo\" \/>\n<meta property=\"article:publisher\" content=\"https:\/\/www.facebook.com\/SpazioCiclismo\/\" \/>\n<meta property=\"article:published_time\" content=\"2026-03-06T13:34:20+00:00\" \/>\n<meta property=\"og:image\" content=\"https:\/\/cyclingpro.net\/spaziociclismo\/wp-content\/uploads\/2026\/02\/Paul-Magnier-Volta-ao-Algarve-2026.webp\" \/>\n\t<meta property=\"og:image:width\" content=\"1200\" \/>\n\t<meta property=\"og:image:height\" content=\"800\" \/>\n\t<meta property=\"og:image:type\" content=\"image\/webp\" \/>\n<meta name=\"author\" content=\"Redazione SpazioCiclismo\" \/>\n<meta name=\"twitter:card\" content=\"summary_large_image\" \/>\n<meta name=\"twitter:creator\" content=\"@spaziociclismo\" \/>\n<meta name=\"twitter:site\" content=\"@spaziociclismo\" \/>\n<meta name=\"twitter:label1\" content=\"Scritto da\" \/>\n\t<meta name=\"twitter:data1\" content=\"Redazione SpazioCiclismo\" \/>\n\t<meta name=\"twitter:label2\" content=\"Tempo di lettura stimato\" \/>\n\t<meta name=\"twitter:data2\" content=\"2 minuti\" \/>\n<script type=\"application\/ld+json\" class=\"yoast-schema-graph\">{\"@context\":\"https:\\\/\\\/schema.org\",\"@graph\":[{\"@type\":\"Article\",\"@id\":\"https:\\\/\\\/cyclingpro.net\\\/spaziociclismo\\\/worldtour\\\/tirreno-adriatico-2026-paul-magnier-prima-punta-di-una-soudal-che-punta-a-lasciare-il-segno\\\/#article\",\"isPartOf\":{\"@id\":\"https:\\\/\\\/cyclingpro.net\\\/spaziociclismo\\\/worldtour\\\/tirreno-adriatico-2026-paul-magnier-prima-punta-di-una-soudal-che-punta-a-lasciare-il-segno\\\/\"},\"author\":{\"name\":\"Redazione SpazioCiclismo\",\"@id\":\"https:\\\/\\\/cyclingpro.net\\\/spaziociclismo\\\/#\\\/schema\\\/person\\\/f104b5d2588ef53ce9f1b43295c352e1\"},\"headline\":\"Tirreno-Adriatico 2026, Paul Magnier prima punta di una Soudal che punta &#8220;a lasciare il segno&#8221;\",\"datePublished\":\"2026-03-06T13:34:20+00:00\",\"mainEntityOfPage\":{\"@id\":\"https:\\\/\\\/cyclingpro.net\\\/spaziociclismo\\\/worldtour\\\/tirreno-adriatico-2026-paul-magnier-prima-punta-di-una-soudal-che-punta-a-lasciare-il-segno\\\/\"},\"wordCount\":258,\"commentCount\":0,\"publisher\":{\"@id\":\"https:\\\/\\\/cyclingpro.net\\\/spaziociclismo\\\/#organization\"},\"image\":{\"@id\":\"https:\\\/\\\/cyclingpro.net\\\/spaziociclismo\\\/worldtour\\\/tirreno-adriatico-2026-paul-magnier-prima-punta-di-una-soudal-che-punta-a-lasciare-il-segno\\\/#primaryimage\"},\"thumbnailUrl\":\"https:\\\/\\\/cyclingpro.net\\\/spaziociclismo\\\/wp-content\\\/uploads\\\/2026\\\/02\\\/Paul-Magnier-Volta-ao-Algarve-2026.webp\",\"keywords\":[\"Paul Magnier\",\"Soudal Quick-Step 2026\",\"Tirreno - Adriatico 2026\"],\"articleSection\":[\"WorldTour\"],\"inLanguage\":\"it-IT\",\"potentialAction\":[{\"@type\":\"CommentAction\",\"name\":\"Comment\",\"target\":[\"https:\\\/\\\/cyclingpro.net\\\/spaziociclismo\\\/worldtour\\\/tirreno-adriatico-2026-paul-magnier-prima-punta-di-una-soudal-che-punta-a-lasciare-il-segno\\\/#respond\"]}]},{\"@type\":\"WebPage\",\"@id\":\"https:\\\/\\\/cyclingpro.net\\\/spaziociclismo\\\/worldtour\\\/tirreno-adriatico-2026-paul-magnier-prima-punta-di-una-soudal-che-punta-a-lasciare-il-segno\\\/\",\"url\":\"https:\\\/\\\/cyclingpro.net\\\/spaziociclismo\\\/worldtour\\\/tirreno-adriatico-2026-paul-magnier-prima-punta-di-una-soudal-che-punta-a-lasciare-il-segno\\\/\",\"name\":\"Tirreno-Adriatico 2026, Paul Magnier prima punta di una Soudal che punta \\\"a lasciare il segno\\\" - SpazioCiclismo\",\"isPartOf\":{\"@id\":\"https:\\\/\\\/cyclingpro.net\\\/spaziociclismo\\\/#website\"},\"primaryImageOfPage\":{\"@id\":\"https:\\\/\\\/cyclingpro.net\\\/spaziociclismo\\\/worldtour\\\/tirreno-adriatico-2026-paul-magnier-prima-punta-di-una-soudal-che-punta-a-lasciare-il-segno\\\/#primaryimage\"},\"image\":{\"@id\":\"https:\\\/\\\/cyclingpro.net\\\/spaziociclismo\\\/worldtour\\\/tirreno-adriatico-2026-paul-magnier-prima-punta-di-una-soudal-che-punta-a-lasciare-il-segno\\\/#primaryimage\"},\"thumbnailUrl\":\"https:\\\/\\\/cyclingpro.net\\\/spaziociclismo\\\/wp-content\\\/uploads\\\/2026\\\/02\\\/Paul-Magnier-Volta-ao-Algarve-2026.webp\",\"datePublished\":\"2026-03-06T13:34:20+00:00\",\"breadcrumb\":{\"@id\":\"https:\\\/\\\/cyclingpro.net\\\/spaziociclismo\\\/worldtour\\\/tirreno-adriatico-2026-paul-magnier-prima-punta-di-una-soudal-che-punta-a-lasciare-il-segno\\\/#breadcrumb\"},\"inLanguage\":\"it-IT\",\"potentialAction\":[{\"@type\":\"ReadAction\",\"target\":[\"https:\\\/\\\/cyclingpro.net\\\/spaziociclismo\\\/worldtour\\\/tirreno-adriatico-2026-paul-magnier-prima-punta-di-una-soudal-che-punta-a-lasciare-il-segno\\\/\"]}]},{\"@type\":\"ImageObject\",\"inLanguage\":\"it-IT\",\"@id\":\"https:\\\/\\\/cyclingpro.net\\\/spaziociclismo\\\/worldtour\\\/tirreno-adriatico-2026-paul-magnier-prima-punta-di-una-soudal-che-punta-a-lasciare-il-segno\\\/#primaryimage\",\"url\":\"https:\\\/\\\/cyclingpro.net\\\/spaziociclismo\\\/wp-content\\\/uploads\\\/2026\\\/02\\\/Paul-Magnier-Volta-ao-Algarve-2026.webp\",\"contentUrl\":\"https:\\\/\\\/cyclingpro.net\\\/spaziociclismo\\\/wp-content\\\/uploads\\\/2026\\\/02\\\/Paul-Magnier-Volta-ao-Algarve-2026.webp\",\"width\":1200,\"height\":800,\"caption\":\"\u00a9 Soudal Quick-Step \\\/ GettyImages\"},{\"@type\":\"BreadcrumbList\",\"@id\":\"https:\\\/\\\/cyclingpro.net\\\/spaziociclismo\\\/worldtour\\\/tirreno-adriatico-2026-paul-magnier-prima-punta-di-una-soudal-che-punta-a-lasciare-il-segno\\\/#breadcrumb\",\"itemListElement\":[{\"@type\":\"ListItem\",\"position\":1,\"name\":\"Home\",\"item\":\"https:\\\/\\\/cyclingpro.net\\\/spaziociclismo\\\/\"},{\"@type\":\"ListItem\",\"position\":2,\"name\":\"Tirreno-Adriatico 2026, Paul Magnier prima punta di una Soudal che punta &#8220;a lasciare il segno&#8221;\"}]},{\"@type\":\"WebSite\",\"@id\":\"https:\\\/\\\/cyclingpro.net\\\/spaziociclismo\\\/#website\",\"url\":\"https:\\\/\\\/cyclingpro.net\\\/spaziociclismo\\\/\",\"name\":\"SpazioCiclismo\",\"description\":\"Tutto il ciclismo minuto per minuto\",\"publisher\":{\"@id\":\"https:\\\/\\\/cyclingpro.net\\\/spaziociclismo\\\/#organization\"},\"potentialAction\":[{\"@type\":\"SearchAction\",\"target\":{\"@type\":\"EntryPoint\",\"urlTemplate\":\"https:\\\/\\\/cyclingpro.net\\\/spaziociclismo\\\/?s={search_term_string}\"},\"query-input\":{\"@type\":\"PropertyValueSpecification\",\"valueRequired\":true,\"valueName\":\"search_term_string\"}}],\"inLanguage\":\"it-IT\"},{\"@type\":\"Organization\",\"@id\":\"https:\\\/\\\/cyclingpro.net\\\/spaziociclismo\\\/#organization\",\"name\":\"SpazioCiclismo\",\"url\":\"https:\\\/\\\/cyclingpro.net\\\/spaziociclismo\\\/\",\"logo\":{\"@type\":\"ImageObject\",\"inLanguage\":\"it-IT\",\"@id\":\"https:\\\/\\\/cyclingpro.net\\\/spaziociclismo\\\/#\\\/schema\\\/logo\\\/image\\\/\",\"url\":\"https:\\\/\\\/cyclingpro.net\\\/spaziociclismo\\\/wp-content\\\/uploads\\\/2017\\\/02\\\/SpazioCiclismo-Logo-Quadrato.png\",\"contentUrl\":\"https:\\\/\\\/cyclingpro.net\\\/spaziociclismo\\\/wp-content\\\/uploads\\\/2017\\\/02\\\/SpazioCiclismo-Logo-Quadrato.png\",\"width\":450,\"height\":450,\"caption\":\"SpazioCiclismo\"},\"image\":{\"@id\":\"https:\\\/\\\/cyclingpro.net\\\/spaziociclismo\\\/#\\\/schema\\\/logo\\\/image\\\/\"},\"sameAs\":[\"https:\\\/\\\/www.facebook.com\\\/SpazioCiclismo\\\/\",\"https:\\\/\\\/x.com\\\/spaziociclismo\",\"https:\\\/\\\/www.instagram.com\\\/spaziociclismo\\\/\"]},{\"@type\":\"Person\",\"@id\":\"https:\\\/\\\/cyclingpro.net\\\/spaziociclismo\\\/#\\\/schema\\\/person\\\/f104b5d2588ef53ce9f1b43295c352e1\",\"name\":\"Redazione SpazioCiclismo\",\"image\":{\"@type\":\"ImageObject\",\"inLanguage\":\"it-IT\",\"@id\":\"https:\\\/\\\/secure.gravatar.com\\\/avatar\\\/f1cae17b9ecd38864463422521239d4a656d6b657478a63e445df7b8ebc2b81c?s=96&d=mm&r=g\",\"url\":\"https:\\\/\\\/secure.gravatar.com\\\/avatar\\\/f1cae17b9ecd38864463422521239d4a656d6b657478a63e445df7b8ebc2b81c?s=96&d=mm&r=g\",\"contentUrl\":\"https:\\\/\\\/secure.gravatar.com\\\/avatar\\\/f1cae17b9ecd38864463422521239d4a656d6b657478a63e445df7b8ebc2b81c?s=96&d=mm&r=g\",\"caption\":\"Redazione SpazioCiclismo\"},\"url\":\"https:\\\/\\\/cyclingpro.net\\\/spaziociclismo\\\/author\\\/wptstmssc\\\/\"}]}<\/script>\n<!-- \/ Yoast SEO plugin. -->","yoast_head_json":{"title":"Tirreno-Adriatico 2026, Paul Magnier prima punta di una Soudal che punta \"a lasciare il segno\" - SpazioCiclismo","robots":{"index":"index","follow":"follow","max-snippet":"max-snippet:-1","max-image-preview":"max-image-preview:large","max-video-preview":"max-video-preview:-1"},"canonical":"https:\/\/cyclingpro.net\/spaziociclismo\/worldtour\/tirreno-adriatico-2026-paul-magnier-prima-punta-di-una-soudal-che-punta-a-lasciare-il-segno\/","og_locale":"it_IT","og_type":"article","og_title":"Tirreno-Adriatico 2026, Paul Magnier prima punta di una Soudal che punta \"a lasciare il segno\" - SpazioCiclismo","og_description":"Soudal Quick-Step a caccia di tappe alla #TirrenoAdriatico","og_url":"https:\/\/cyclingpro.net\/spaziociclismo\/worldtour\/tirreno-adriatico-2026-paul-magnier-prima-punta-di-una-soudal-che-punta-a-lasciare-il-segno\/","og_site_name":"SpazioCiclismo","article_publisher":"https:\/\/www.facebook.com\/SpazioCiclismo\/","article_published_time":"2026-03-06T13:34:20+00:00","og_image":[{"width":1200,"height":800,"url":"https:\/\/cyclingpro.net\/spaziociclismo\/wp-content\/uploads\/2026\/02\/Paul-Magnier-Volta-ao-Algarve-2026.webp","type":"image\/webp"}],"author":"Redazione SpazioCiclismo","twitter_card":"summary_large_image","twitter_creator":"@spaziociclismo","twitter_site":"@spaziociclismo","twitter_misc":{"Scritto da":"Redazione SpazioCiclismo","Tempo di lettura stimato":"2 minuti"},"schema":{"@context":"https:\/\/schema.org","@graph":[{"@type":"Article","@id":"https:\/\/cyclingpro.net\/spaziociclismo\/worldtour\/tirreno-adriatico-2026-paul-magnier-prima-punta-di-una-soudal-che-punta-a-lasciare-il-segno\/#article","isPartOf":{"@id":"https:\/\/cyclingpro.net\/spaziociclismo\/worldtour\/tirreno-adriatico-2026-paul-magnier-prima-punta-di-una-soudal-che-punta-a-lasciare-il-segno\/"},"author":{"name":"Redazione SpazioCiclismo","@id":"https:\/\/cyclingpro.net\/spaziociclismo\/#\/schema\/person\/f104b5d2588ef53ce9f1b43295c352e1"},"headline":"Tirreno-Adriatico 2026, Paul Magnier prima punta di una Soudal che punta &#8220;a lasciare il segno&#8221;","datePublished":"2026-03-06T13:34:20+00:00","mainEntityOfPage":{"@id":"https:\/\/cyclingpro.net\/spaziociclismo\/worldtour\/tirreno-adriatico-2026-paul-magnier-prima-punta-di-una-soudal-che-punta-a-lasciare-il-segno\/"},"wordCount":258,"commentCount":0,"publisher":{"@id":"https:\/\/cyclingpro.net\/spaziociclismo\/#organization"},"image":{"@id":"https:\/\/cyclingpro.net\/spaziociclismo\/worldtour\/tirreno-adriatico-2026-paul-magnier-prima-punta-di-una-soudal-che-punta-a-lasciare-il-segno\/#primaryimage"},"thumbnailUrl":"https:\/\/cyclingpro.net\/spaziociclismo\/wp-content\/uploads\/2026\/02\/Paul-Magnier-Volta-ao-Algarve-2026.webp","keywords":["Paul Magnier","Soudal Quick-Step 2026","Tirreno - Adriatico 2026"],"articleSection":["WorldTour"],"inLanguage":"it-IT","potentialAction":[{"@type":"CommentAction","name":"Comment","target":["https:\/\/cyclingpro.net\/spaziociclismo\/worldtour\/tirreno-adriatico-2026-paul-magnier-prima-punta-di-una-soudal-che-punta-a-lasciare-il-segno\/#respond"]}]},{"@type":"WebPage","@id":"https:\/\/cyclingpro.net\/spaziociclismo\/worldtour\/tirreno-adriatico-2026-paul-magnier-prima-punta-di-una-soudal-che-punta-a-lasciare-il-segno\/","url":"https:\/\/cyclingpro.net\/spaziociclismo\/worldtour\/tirreno-adriatico-2026-paul-magnier-prima-punta-di-una-soudal-che-punta-a-lasciare-il-segno\/","name":"Tirreno-Adriatico 2026, Paul Magnier prima punta di una Soudal che punta \"a lasciare il segno\" - SpazioCiclismo","isPartOf":{"@id":"https:\/\/cyclingpro.net\/spaziociclismo\/#website"},"primaryImageOfPage":{"@id":"https:\/\/cyclingpro.net\/spaziociclismo\/worldtour\/tirreno-adriatico-2026-paul-magnier-prima-punta-di-una-soudal-che-punta-a-lasciare-il-segno\/#primaryimage"},"image":{"@id":"https:\/\/cyclingpro.net\/spaziociclismo\/worldtour\/tirreno-adriatico-2026-paul-magnier-prima-punta-di-una-soudal-che-punta-a-lasciare-il-segno\/#primaryimage"},"thumbnailUrl":"https:\/\/cyclingpro.net\/spaziociclismo\/wp-content\/uploads\/2026\/02\/Paul-Magnier-Volta-ao-Algarve-2026.webp","datePublished":"2026-03-06T13:34:20+00:00","breadcrumb":{"@id":"https:\/\/cyclingpro.net\/spaziociclismo\/worldtour\/tirreno-adriatico-2026-paul-magnier-prima-punta-di-una-soudal-che-punta-a-lasciare-il-segno\/#breadcrumb"},"inLanguage":"it-IT","potentialAction":[{"@type":"ReadAction","target":["https:\/\/cyclingpro.net\/spaziociclismo\/worldtour\/tirreno-adriatico-2026-paul-magnier-prima-punta-di-una-soudal-che-punta-a-lasciare-il-segno\/"]}]},{"@type":"ImageObject","inLanguage":"it-IT","@id":"https:\/\/cyclingpro.net\/spaziociclismo\/worldtour\/tirreno-adriatico-2026-paul-magnier-prima-punta-di-una-soudal-che-punta-a-lasciare-il-segno\/#primaryimage","url":"https:\/\/cyclingpro.net\/spaziociclismo\/wp-content\/uploads\/2026\/02\/Paul-Magnier-Volta-ao-Algarve-2026.webp","contentUrl":"https:\/\/cyclingpro.net\/spaziociclismo\/wp-content\/uploads\/2026\/02\/Paul-Magnier-Volta-ao-Algarve-2026.webp","width":1200,"height":800,"caption":"\u00a9 Soudal Quick-Step \/ GettyImages"},{"@type":"BreadcrumbList","@id":"https:\/\/cyclingpro.net\/spaziociclismo\/worldtour\/tirreno-adriatico-2026-paul-magnier-prima-punta-di-una-soudal-che-punta-a-lasciare-il-segno\/#breadcrumb","itemListElement":[{"@type":"ListItem","position":1,"name":"Home","item":"https:\/\/cyclingpro.net\/spaziociclismo\/"},{"@type":"ListItem","position":2,"name":"Tirreno-Adriatico 2026, Paul Magnier prima punta di una Soudal che punta &#8220;a lasciare il segno&#8221;"}]},{"@type":"WebSite","@id":"https:\/\/cyclingpro.net\/spaziociclismo\/#website","url":"https:\/\/cyclingpro.net\/spaziociclismo\/","name":"SpazioCiclismo","description":"Tutto il ciclismo minuto per minuto","publisher":{"@id":"https:\/\/cyclingpro.net\/spaziociclismo\/#organization"},"potentialAction":[{"@type":"SearchAction","target":{"@type":"EntryPoint","urlTemplate":"https:\/\/cyclingpro.net\/spaziociclismo\/?s={search_term_string}"},"query-input":{"@type":"PropertyValueSpecification","valueRequired":true,"valueName":"search_term_string"}}],"inLanguage":"it-IT"},{"@type":"Organization","@id":"https:\/\/cyclingpro.net\/spaziociclismo\/#organization","name":"SpazioCiclismo","url":"https:\/\/cyclingpro.net\/spaziociclismo\/","logo":{"@type":"ImageObject","inLanguage":"it-IT","@id":"https:\/\/cyclingpro.net\/spaziociclismo\/#\/schema\/logo\/image\/","url":"https:\/\/cyclingpro.net\/spaziociclismo\/wp-content\/uploads\/2017\/02\/SpazioCiclismo-Logo-Quadrato.png","contentUrl":"https:\/\/cyclingpro.net\/spaziociclismo\/wp-content\/uploads\/2017\/02\/SpazioCiclismo-Logo-Quadrato.png","width":450,"height":450,"caption":"SpazioCiclismo"},"image":{"@id":"https:\/\/cyclingpro.net\/spaziociclismo\/#\/schema\/logo\/image\/"},"sameAs":["https:\/\/www.facebook.com\/SpazioCiclismo\/","https:\/\/x.com\/spaziociclismo","https:\/\/www.instagram.com\/spaziociclismo\/"]},{"@type":"Person","@id":"https:\/\/cyclingpro.net\/spaziociclismo\/#\/schema\/person\/f104b5d2588ef53ce9f1b43295c352e1","name":"Redazione SpazioCiclismo","image":{"@type":"ImageObject","inLanguage":"it-IT","@id":"https:\/\/secure.gravatar.com\/avatar\/f1cae17b9ecd38864463422521239d4a656d6b657478a63e445df7b8ebc2b81c?s=96&d=mm&r=g","url":"https:\/\/secure.gravatar.com\/avatar\/f1cae17b9ecd38864463422521239d4a656d6b657478a63e445df7b8ebc2b81c?s=96&d=mm&r=g","contentUrl":"https:\/\/secure.gravatar.com\/avatar\/f1cae17b9ecd38864463422521239d4a656d6b657478a63e445df7b8ebc2b81c?s=96&d=mm&r=g","caption":"Redazione SpazioCiclismo"},"url":"https:\/\/cyclingpro.net\/spaziociclismo\/author\/wptstmssc\/"}]}},"_links":{"self":[{"href":"https:\/\/cyclingpro.net\/spaziociclismo\/wp-json\/wp\/v2\/posts\/367928","targetHints":{"allow":["GET"]}}],"collection":[{"href":"https:\/\/cyclingpro.net\/spaziociclismo\/wp-json\/wp\/v2\/posts"}],"about":[{"href":"https:\/\/cyclingpro.net\/spaziociclismo\/wp-json\/wp\/v2\/types\/post"}],"author":[{"embeddable":true,"href":"https:\/\/cyclingpro.net\/spaziociclismo\/wp-json\/wp\/v2\/users\/2"}],"replies":[{"embeddable":true,"href":"https:\/\/cyclingpro.net\/spaziociclismo\/wp-json\/wp\/v2\/comments?post=367928"}],"version-history":[{"count":1,"href":"https:\/\/cyclingpro.net\/spaziociclismo\/wp-json\/wp\/v2\/posts\/367928\/revisions"}],"predecessor-version":[{"id":367935,"href":"https:\/\/cyclingpro.net\/spaziociclismo\/wp-json\/wp\/v2\/posts\/367928\/revisions\/367935"}],"wp:featuredmedia":[{"embeddable":true,"href":"https:\/\/cyclingpro.net\/spaziociclismo\/wp-json\/wp\/v2\/media\/366293"}],"wp:attachment":[{"href":"https:\/\/cyclingpro.net\/spaziociclismo\/wp-json\/wp\/v2\/media?parent=367928"}],"wp:term":[{"taxonomy":"category","embeddable":true,"href":"https:\/\/cyclingpro.net\/spaziociclismo\/wp-json\/wp\/v2\/categories?post=367928"},{"taxonomy":"post_tag","embeddable":true,"href":"https:\/\/cyclingpro.net\/spaziociclismo\/wp-json\/wp\/v2\/tags?post=367928"}],"curies":[{"name":"wp","href":"https:\/\/api.w.org\/{rel}","templated":true}]}}