{"id":367726,"date":"2026-03-04T17:45:44","date_gmt":"2026-03-04T16:45:44","guid":{"rendered":"https:\/\/cyclingpro.net\/spaziociclismo\/?p=367726"},"modified":"2026-03-04T17:54:38","modified_gmt":"2026-03-04T16:54:38","slug":"trofeo-laigueglia-2026-antonio-tiberi-nuovamente-protagonista-in-questo-inizio-di-stagione-una-prestazione-che-conferma-le-buone-sensazioni-e-che-mette-tanta-sicurezza-in-vista-della-tirreno","status":"publish","type":"post","link":"https:\/\/cyclingpro.net\/spaziociclismo\/continental\/trofeo-laigueglia-2026-antonio-tiberi-nuovamente-protagonista-in-questo-inizio-di-stagione-una-prestazione-che-conferma-le-buone-sensazioni-e-che-mette-tanta-sicurezza-in-vista-della-tirreno\/","title":{"rendered":"Trofeo Laigueglia 2026, Antonio Tiberi nuovamente protagonista in questo inizio di stagione: &#8220;Una prestazione che conferma le buone sensazioni e che mette tanta sicurezza in vista della Tirreno&#8221;"},"content":{"rendered":"<p>Il <strong>Trofeo Laigueglia 2026<\/strong> ha confermato un <strong>Antonio Tiberi<\/strong> in ottima condizione in questo inizio di stagione. Nella corsa ligure, il 24enne della <strong>Bahrain Victorious<\/strong> ha dato il l\u00e0 all&#8217;azione decisiva attaccando in salita a una trentina di chilometri dalla conclusione e portando via un drappello comprendente il compagno di squadra <strong>Santiago Buitrago<\/strong>, <strong>Romain Gr\u00e9goire<\/strong> (Groupama-FDJ United) e <strong>Quinten Hermans<\/strong> (Pinarello-Q36.5). Nel finale, rimasti in superiorit\u00e0 numerica contro il francese, il frusinate e il colombiano hanno quindi fatto gioco di squadra, con Buitrago che si \u00e8 involato sull&#8217;ultima salita ed \u00e8 andato a trionfare in solitaria, mentre Tiberi ha fatto da stopper su Gr\u00e9goire e ha poi chiuso al terzo posto alle spalle del transalpino, cogliendo dunque un altro bel piazzamento dopo quelli gi\u00e0 ottenuti nelle precedenti gare.<\/p>\n<p>&#8220;<strong>Oggi gara veramente ottima, da parte mia, da parte del team soprattutto<\/strong>, con la vittoria di Santiago e un ottimo lavoro di tutti i compagni che ci hanno supportato durante la giornata &#8211; ha dichiarato Tiberi ai nostri microfoni dopo l&#8217;arrivo &#8211; <strong>Una prestazione che conferma le buone sensazioni che abbiamo sia io che Santiago, sicuramente qualcosa di molto positivo che ci mette tanta sicurezza in vista della Tirreno<\/strong>, dove ci saremo entrambi, quindi \u00e8 andata veramente bene come gara&#8221;.<\/p>\n<p>Il 24enne ha poi raccontato l&#8217;attacco decisivo: &#8220;<strong>Ho detto a Santiago: &#8216;Dai, l&#8217;ultima volta che facciamo la salita proviamo ad attaccare prima io e poi te&#8217;<\/strong>. Ho visto che aveva un&#8217;ottima gamba, forse stava un pochino meglio di me, allora ho detto: &#8216;Provo io ad anticipare e poi te vai con l&#8217;attacco decisivo&#8217;. <strong>Cos\u00ec abbiamo fatto, infatti al primo attacco abbiamo visto Gr\u00e9goire che stava un pochino in difficolt\u00e0 e appena ha chiuso su di me subito \u00e8 partito lui in contrattacco, ha guadagnato qualche metro e poi riuscito ad andare fino all&#8217;arrivo<\/strong>&#8220;.<\/p>\n<p>A quel punto, il frusinate ha difeso l&#8217;attacco del compagno di squadra dal tentativo di Gr\u00e9goire di chiudere il gap: &#8220;<strong>Il mio ruolo da stopper \u00e8 stato importante, forse un pochino Gr\u00e9goire si demoralizzava ad avermi l\u00ec a ruota e senza potergli dare cambi<\/strong>. Quindi anche quello \u00e8 stato decisivo per Santiago. Poi vedendo un po&#8217; da dietro tutta quanta la situazione, <strong>aiutavo Santiago anche alla radio, dandogli qualche consiglio su quando spingere<\/strong>, perch\u00e9 vedevo com&#8217;era da dietro il distacco, e comunque Gr\u00e9goire non riusciva a guadagnare su di lui, quindi gli davo un po&#8217; di sostegno morale alla radio&#8221;, ha concluso Tiberi.<\/p>\n","protected":false},"excerpt":{"rendered":"<p>Il #TrofeoLaigueglia 2026 ha confermato un Antonio Tiberi in ottima condizione in questo inizio di stagione<\/p>\n","protected":false},"author":27,"featured_media":367746,"comment_status":"open","ping_status":"closed","sticky":false,"template":"","format":"standard","meta":{"footnotes":""},"categories":[6],"tags":[3074,6796,6861],"class_list":["post-367726","post","type-post","status-publish","format-standard","has-post-thumbnail","hentry","category-continental","tag-antonio-tiberi","tag-bahrain-victorious-2026","tag-trofeo-laigueglia-2026"],"yoast_head":"<!-- This site is optimized with the Yoast SEO plugin v27.4 - https:\/\/yoast.com\/product\/yoast-seo-wordpress\/ -->\n<title>Trofeo Laigueglia 2026, Antonio Tiberi nuovamente protagonista in questo inizio di stagione: &quot;Una prestazione che conferma le buone sensazioni e che mette tanta sicurezza in vista della Tirreno&quot; - SpazioCiclismo<\/title>\n<meta name=\"robots\" content=\"index, follow, max-snippet:-1, max-image-preview:large, max-video-preview:-1\" \/>\n<link rel=\"canonical\" href=\"https:\/\/cyclingpro.net\/spaziociclismo\/continental\/trofeo-laigueglia-2026-antonio-tiberi-nuovamente-protagonista-in-questo-inizio-di-stagione-una-prestazione-che-conferma-le-buone-sensazioni-e-che-mette-tanta-sicurezza-in-vista-della-tirreno\/\" \/>\n<meta property=\"og:locale\" content=\"it_IT\" \/>\n<meta property=\"og:type\" content=\"article\" \/>\n<meta property=\"og:title\" content=\"Trofeo Laigueglia 2026, Antonio Tiberi nuovamente protagonista in questo inizio di stagione: &quot;Una prestazione che conferma le buone sensazioni e che mette tanta sicurezza in vista della Tirreno&quot; - SpazioCiclismo\" \/>\n<meta property=\"og:description\" content=\"Il #TrofeoLaigueglia 2026 ha confermato un Antonio Tiberi in ottima condizione in questo inizio di stagione\" \/>\n<meta property=\"og:url\" content=\"https:\/\/cyclingpro.net\/spaziociclismo\/continental\/trofeo-laigueglia-2026-antonio-tiberi-nuovamente-protagonista-in-questo-inizio-di-stagione-una-prestazione-che-conferma-le-buone-sensazioni-e-che-mette-tanta-sicurezza-in-vista-della-tirreno\/\" \/>\n<meta property=\"og:site_name\" content=\"SpazioCiclismo\" \/>\n<meta property=\"article:publisher\" content=\"https:\/\/www.facebook.com\/SpazioCiclismo\/\" \/>\n<meta property=\"article:published_time\" content=\"2026-03-04T16:45:44+00:00\" \/>\n<meta property=\"article:modified_time\" content=\"2026-03-04T16:54:38+00:00\" \/>\n<meta property=\"og:image\" content=\"https:\/\/cyclingpro.net\/spaziociclismo\/wp-content\/uploads\/2026\/03\/Gregoire-Buitrago-Tiberi-Podio-Trofeo-Laigueglia-2026.jpg\" \/>\n\t<meta property=\"og:image:width\" content=\"1200\" \/>\n\t<meta property=\"og:image:height\" content=\"800\" \/>\n\t<meta property=\"og:image:type\" content=\"image\/jpeg\" \/>\n<meta name=\"author\" content=\"Davide Filippi\" \/>\n<meta name=\"twitter:card\" content=\"summary_large_image\" \/>\n<meta name=\"twitter:creator\" content=\"@spaziociclismo\" \/>\n<meta name=\"twitter:site\" content=\"@spaziociclismo\" \/>\n<meta name=\"twitter:label1\" content=\"Scritto da\" \/>\n\t<meta name=\"twitter:data1\" content=\"Davide Filippi\" \/>\n\t<meta name=\"twitter:label2\" content=\"Tempo di lettura stimato\" \/>\n\t<meta name=\"twitter:data2\" content=\"3 minuti\" \/>\n<script type=\"application\/ld+json\" class=\"yoast-schema-graph\">{\"@context\":\"https:\\\/\\\/schema.org\",\"@graph\":[{\"@type\":\"Article\",\"@id\":\"https:\\\/\\\/cyclingpro.net\\\/spaziociclismo\\\/continental\\\/trofeo-laigueglia-2026-antonio-tiberi-nuovamente-protagonista-in-questo-inizio-di-stagione-una-prestazione-che-conferma-le-buone-sensazioni-e-che-mette-tanta-sicurezza-in-vista-della-tirreno\\\/#article\",\"isPartOf\":{\"@id\":\"https:\\\/\\\/cyclingpro.net\\\/spaziociclismo\\\/continental\\\/trofeo-laigueglia-2026-antonio-tiberi-nuovamente-protagonista-in-questo-inizio-di-stagione-una-prestazione-che-conferma-le-buone-sensazioni-e-che-mette-tanta-sicurezza-in-vista-della-tirreno\\\/\"},\"author\":{\"name\":\"Davide Filippi\",\"@id\":\"https:\\\/\\\/cyclingpro.net\\\/spaziociclismo\\\/#\\\/schema\\\/person\\\/5b11f525424bc937dcd939655cae5de3\"},\"headline\":\"Trofeo Laigueglia 2026, Antonio Tiberi nuovamente protagonista in questo inizio di stagione: &#8220;Una prestazione che conferma le buone sensazioni e che mette tanta sicurezza in vista della Tirreno&#8221;\",\"datePublished\":\"2026-03-04T16:45:44+00:00\",\"dateModified\":\"2026-03-04T16:54:38+00:00\",\"mainEntityOfPage\":{\"@id\":\"https:\\\/\\\/cyclingpro.net\\\/spaziociclismo\\\/continental\\\/trofeo-laigueglia-2026-antonio-tiberi-nuovamente-protagonista-in-questo-inizio-di-stagione-una-prestazione-che-conferma-le-buone-sensazioni-e-che-mette-tanta-sicurezza-in-vista-della-tirreno\\\/\"},\"wordCount\":440,\"commentCount\":0,\"publisher\":{\"@id\":\"https:\\\/\\\/cyclingpro.net\\\/spaziociclismo\\\/#organization\"},\"image\":{\"@id\":\"https:\\\/\\\/cyclingpro.net\\\/spaziociclismo\\\/continental\\\/trofeo-laigueglia-2026-antonio-tiberi-nuovamente-protagonista-in-questo-inizio-di-stagione-una-prestazione-che-conferma-le-buone-sensazioni-e-che-mette-tanta-sicurezza-in-vista-della-tirreno\\\/#primaryimage\"},\"thumbnailUrl\":\"https:\\\/\\\/cyclingpro.net\\\/spaziociclismo\\\/wp-content\\\/uploads\\\/2026\\\/03\\\/Gregoire-Buitrago-Tiberi-Podio-Trofeo-Laigueglia-2026.jpg\",\"keywords\":[\"Antonio Tiberi\",\"Bahrain Victorious 2026\",\"Trofeo Laigueglia 2026\"],\"articleSection\":[\"Continental\"],\"inLanguage\":\"it-IT\",\"potentialAction\":[{\"@type\":\"CommentAction\",\"name\":\"Comment\",\"target\":[\"https:\\\/\\\/cyclingpro.net\\\/spaziociclismo\\\/continental\\\/trofeo-laigueglia-2026-antonio-tiberi-nuovamente-protagonista-in-questo-inizio-di-stagione-una-prestazione-che-conferma-le-buone-sensazioni-e-che-mette-tanta-sicurezza-in-vista-della-tirreno\\\/#respond\"]}]},{\"@type\":\"WebPage\",\"@id\":\"https:\\\/\\\/cyclingpro.net\\\/spaziociclismo\\\/continental\\\/trofeo-laigueglia-2026-antonio-tiberi-nuovamente-protagonista-in-questo-inizio-di-stagione-una-prestazione-che-conferma-le-buone-sensazioni-e-che-mette-tanta-sicurezza-in-vista-della-tirreno\\\/\",\"url\":\"https:\\\/\\\/cyclingpro.net\\\/spaziociclismo\\\/continental\\\/trofeo-laigueglia-2026-antonio-tiberi-nuovamente-protagonista-in-questo-inizio-di-stagione-una-prestazione-che-conferma-le-buone-sensazioni-e-che-mette-tanta-sicurezza-in-vista-della-tirreno\\\/\",\"name\":\"Trofeo Laigueglia 2026, Antonio Tiberi nuovamente protagonista in questo inizio di stagione: \\\"Una prestazione che conferma le buone sensazioni e che mette tanta sicurezza in vista della Tirreno\\\" - SpazioCiclismo\",\"isPartOf\":{\"@id\":\"https:\\\/\\\/cyclingpro.net\\\/spaziociclismo\\\/#website\"},\"primaryImageOfPage\":{\"@id\":\"https:\\\/\\\/cyclingpro.net\\\/spaziociclismo\\\/continental\\\/trofeo-laigueglia-2026-antonio-tiberi-nuovamente-protagonista-in-questo-inizio-di-stagione-una-prestazione-che-conferma-le-buone-sensazioni-e-che-mette-tanta-sicurezza-in-vista-della-tirreno\\\/#primaryimage\"},\"image\":{\"@id\":\"https:\\\/\\\/cyclingpro.net\\\/spaziociclismo\\\/continental\\\/trofeo-laigueglia-2026-antonio-tiberi-nuovamente-protagonista-in-questo-inizio-di-stagione-una-prestazione-che-conferma-le-buone-sensazioni-e-che-mette-tanta-sicurezza-in-vista-della-tirreno\\\/#primaryimage\"},\"thumbnailUrl\":\"https:\\\/\\\/cyclingpro.net\\\/spaziociclismo\\\/wp-content\\\/uploads\\\/2026\\\/03\\\/Gregoire-Buitrago-Tiberi-Podio-Trofeo-Laigueglia-2026.jpg\",\"datePublished\":\"2026-03-04T16:45:44+00:00\",\"dateModified\":\"2026-03-04T16:54:38+00:00\",\"breadcrumb\":{\"@id\":\"https:\\\/\\\/cyclingpro.net\\\/spaziociclismo\\\/continental\\\/trofeo-laigueglia-2026-antonio-tiberi-nuovamente-protagonista-in-questo-inizio-di-stagione-una-prestazione-che-conferma-le-buone-sensazioni-e-che-mette-tanta-sicurezza-in-vista-della-tirreno\\\/#breadcrumb\"},\"inLanguage\":\"it-IT\",\"potentialAction\":[{\"@type\":\"ReadAction\",\"target\":[\"https:\\\/\\\/cyclingpro.net\\\/spaziociclismo\\\/continental\\\/trofeo-laigueglia-2026-antonio-tiberi-nuovamente-protagonista-in-questo-inizio-di-stagione-una-prestazione-che-conferma-le-buone-sensazioni-e-che-mette-tanta-sicurezza-in-vista-della-tirreno\\\/\"]}]},{\"@type\":\"ImageObject\",\"inLanguage\":\"it-IT\",\"@id\":\"https:\\\/\\\/cyclingpro.net\\\/spaziociclismo\\\/continental\\\/trofeo-laigueglia-2026-antonio-tiberi-nuovamente-protagonista-in-questo-inizio-di-stagione-una-prestazione-che-conferma-le-buone-sensazioni-e-che-mette-tanta-sicurezza-in-vista-della-tirreno\\\/#primaryimage\",\"url\":\"https:\\\/\\\/cyclingpro.net\\\/spaziociclismo\\\/wp-content\\\/uploads\\\/2026\\\/03\\\/Gregoire-Buitrago-Tiberi-Podio-Trofeo-Laigueglia-2026.jpg\",\"contentUrl\":\"https:\\\/\\\/cyclingpro.net\\\/spaziociclismo\\\/wp-content\\\/uploads\\\/2026\\\/03\\\/Gregoire-Buitrago-Tiberi-Podio-Trofeo-Laigueglia-2026.jpg\",\"width\":1200,\"height\":800,\"caption\":\"\u00a9 Tommaso Pelagalli \\\/ Sprint Cycling Agency\"},{\"@type\":\"BreadcrumbList\",\"@id\":\"https:\\\/\\\/cyclingpro.net\\\/spaziociclismo\\\/continental\\\/trofeo-laigueglia-2026-antonio-tiberi-nuovamente-protagonista-in-questo-inizio-di-stagione-una-prestazione-che-conferma-le-buone-sensazioni-e-che-mette-tanta-sicurezza-in-vista-della-tirreno\\\/#breadcrumb\",\"itemListElement\":[{\"@type\":\"ListItem\",\"position\":1,\"name\":\"Home\",\"item\":\"https:\\\/\\\/cyclingpro.net\\\/spaziociclismo\\\/\"},{\"@type\":\"ListItem\",\"position\":2,\"name\":\"Trofeo Laigueglia 2026, Antonio Tiberi nuovamente protagonista in questo inizio di stagione: &#8220;Una prestazione che conferma le buone sensazioni e che mette tanta sicurezza in vista della Tirreno&#8221;\"}]},{\"@type\":\"WebSite\",\"@id\":\"https:\\\/\\\/cyclingpro.net\\\/spaziociclismo\\\/#website\",\"url\":\"https:\\\/\\\/cyclingpro.net\\\/spaziociclismo\\\/\",\"name\":\"SpazioCiclismo\",\"description\":\"Tutto il ciclismo minuto per minuto\",\"publisher\":{\"@id\":\"https:\\\/\\\/cyclingpro.net\\\/spaziociclismo\\\/#organization\"},\"potentialAction\":[{\"@type\":\"SearchAction\",\"target\":{\"@type\":\"EntryPoint\",\"urlTemplate\":\"https:\\\/\\\/cyclingpro.net\\\/spaziociclismo\\\/?s={search_term_string}\"},\"query-input\":{\"@type\":\"PropertyValueSpecification\",\"valueRequired\":true,\"valueName\":\"search_term_string\"}}],\"inLanguage\":\"it-IT\"},{\"@type\":\"Organization\",\"@id\":\"https:\\\/\\\/cyclingpro.net\\\/spaziociclismo\\\/#organization\",\"name\":\"SpazioCiclismo\",\"url\":\"https:\\\/\\\/cyclingpro.net\\\/spaziociclismo\\\/\",\"logo\":{\"@type\":\"ImageObject\",\"inLanguage\":\"it-IT\",\"@id\":\"https:\\\/\\\/cyclingpro.net\\\/spaziociclismo\\\/#\\\/schema\\\/logo\\\/image\\\/\",\"url\":\"https:\\\/\\\/cyclingpro.net\\\/spaziociclismo\\\/wp-content\\\/uploads\\\/2017\\\/02\\\/SpazioCiclismo-Logo-Quadrato.png\",\"contentUrl\":\"https:\\\/\\\/cyclingpro.net\\\/spaziociclismo\\\/wp-content\\\/uploads\\\/2017\\\/02\\\/SpazioCiclismo-Logo-Quadrato.png\",\"width\":450,\"height\":450,\"caption\":\"SpazioCiclismo\"},\"image\":{\"@id\":\"https:\\\/\\\/cyclingpro.net\\\/spaziociclismo\\\/#\\\/schema\\\/logo\\\/image\\\/\"},\"sameAs\":[\"https:\\\/\\\/www.facebook.com\\\/SpazioCiclismo\\\/\",\"https:\\\/\\\/x.com\\\/spaziociclismo\",\"https:\\\/\\\/www.instagram.com\\\/spaziociclismo\\\/\"]},{\"@type\":\"Person\",\"@id\":\"https:\\\/\\\/cyclingpro.net\\\/spaziociclismo\\\/#\\\/schema\\\/person\\\/5b11f525424bc937dcd939655cae5de3\",\"name\":\"Davide Filippi\",\"image\":{\"@type\":\"ImageObject\",\"inLanguage\":\"it-IT\",\"@id\":\"https:\\\/\\\/secure.gravatar.com\\\/avatar\\\/acf38569376402ef43c46c36ea62f8a431f13c39fac703a2ed157f3bbfa5c1ab?s=96&d=mm&r=g\",\"url\":\"https:\\\/\\\/secure.gravatar.com\\\/avatar\\\/acf38569376402ef43c46c36ea62f8a431f13c39fac703a2ed157f3bbfa5c1ab?s=96&d=mm&r=g\",\"contentUrl\":\"https:\\\/\\\/secure.gravatar.com\\\/avatar\\\/acf38569376402ef43c46c36ea62f8a431f13c39fac703a2ed157f3bbfa5c1ab?s=96&d=mm&r=g\",\"caption\":\"Davide Filippi\"},\"url\":\"https:\\\/\\\/cyclingpro.net\\\/spaziociclismo\\\/author\\\/dfilippi\\\/\"}]}<\/script>\n<!-- \/ Yoast SEO plugin. -->","yoast_head_json":{"title":"Trofeo Laigueglia 2026, Antonio Tiberi nuovamente protagonista in questo inizio di stagione: \"Una prestazione che conferma le buone sensazioni e che mette tanta sicurezza in vista della Tirreno\" - SpazioCiclismo","robots":{"index":"index","follow":"follow","max-snippet":"max-snippet:-1","max-image-preview":"max-image-preview:large","max-video-preview":"max-video-preview:-1"},"canonical":"https:\/\/cyclingpro.net\/spaziociclismo\/continental\/trofeo-laigueglia-2026-antonio-tiberi-nuovamente-protagonista-in-questo-inizio-di-stagione-una-prestazione-che-conferma-le-buone-sensazioni-e-che-mette-tanta-sicurezza-in-vista-della-tirreno\/","og_locale":"it_IT","og_type":"article","og_title":"Trofeo Laigueglia 2026, Antonio Tiberi nuovamente protagonista in questo inizio di stagione: \"Una prestazione che conferma le buone sensazioni e che mette tanta sicurezza in vista della Tirreno\" - SpazioCiclismo","og_description":"Il #TrofeoLaigueglia 2026 ha confermato un Antonio Tiberi in ottima condizione in questo inizio di stagione","og_url":"https:\/\/cyclingpro.net\/spaziociclismo\/continental\/trofeo-laigueglia-2026-antonio-tiberi-nuovamente-protagonista-in-questo-inizio-di-stagione-una-prestazione-che-conferma-le-buone-sensazioni-e-che-mette-tanta-sicurezza-in-vista-della-tirreno\/","og_site_name":"SpazioCiclismo","article_publisher":"https:\/\/www.facebook.com\/SpazioCiclismo\/","article_published_time":"2026-03-04T16:45:44+00:00","article_modified_time":"2026-03-04T16:54:38+00:00","og_image":[{"width":1200,"height":800,"url":"https:\/\/cyclingpro.net\/spaziociclismo\/wp-content\/uploads\/2026\/03\/Gregoire-Buitrago-Tiberi-Podio-Trofeo-Laigueglia-2026.jpg","type":"image\/jpeg"}],"author":"Davide Filippi","twitter_card":"summary_large_image","twitter_creator":"@spaziociclismo","twitter_site":"@spaziociclismo","twitter_misc":{"Scritto da":"Davide Filippi","Tempo di lettura stimato":"3 minuti"},"schema":{"@context":"https:\/\/schema.org","@graph":[{"@type":"Article","@id":"https:\/\/cyclingpro.net\/spaziociclismo\/continental\/trofeo-laigueglia-2026-antonio-tiberi-nuovamente-protagonista-in-questo-inizio-di-stagione-una-prestazione-che-conferma-le-buone-sensazioni-e-che-mette-tanta-sicurezza-in-vista-della-tirreno\/#article","isPartOf":{"@id":"https:\/\/cyclingpro.net\/spaziociclismo\/continental\/trofeo-laigueglia-2026-antonio-tiberi-nuovamente-protagonista-in-questo-inizio-di-stagione-una-prestazione-che-conferma-le-buone-sensazioni-e-che-mette-tanta-sicurezza-in-vista-della-tirreno\/"},"author":{"name":"Davide Filippi","@id":"https:\/\/cyclingpro.net\/spaziociclismo\/#\/schema\/person\/5b11f525424bc937dcd939655cae5de3"},"headline":"Trofeo Laigueglia 2026, Antonio Tiberi nuovamente protagonista in questo inizio di stagione: &#8220;Una prestazione che conferma le buone sensazioni e che mette tanta sicurezza in vista della Tirreno&#8221;","datePublished":"2026-03-04T16:45:44+00:00","dateModified":"2026-03-04T16:54:38+00:00","mainEntityOfPage":{"@id":"https:\/\/cyclingpro.net\/spaziociclismo\/continental\/trofeo-laigueglia-2026-antonio-tiberi-nuovamente-protagonista-in-questo-inizio-di-stagione-una-prestazione-che-conferma-le-buone-sensazioni-e-che-mette-tanta-sicurezza-in-vista-della-tirreno\/"},"wordCount":440,"commentCount":0,"publisher":{"@id":"https:\/\/cyclingpro.net\/spaziociclismo\/#organization"},"image":{"@id":"https:\/\/cyclingpro.net\/spaziociclismo\/continental\/trofeo-laigueglia-2026-antonio-tiberi-nuovamente-protagonista-in-questo-inizio-di-stagione-una-prestazione-che-conferma-le-buone-sensazioni-e-che-mette-tanta-sicurezza-in-vista-della-tirreno\/#primaryimage"},"thumbnailUrl":"https:\/\/cyclingpro.net\/spaziociclismo\/wp-content\/uploads\/2026\/03\/Gregoire-Buitrago-Tiberi-Podio-Trofeo-Laigueglia-2026.jpg","keywords":["Antonio Tiberi","Bahrain Victorious 2026","Trofeo Laigueglia 2026"],"articleSection":["Continental"],"inLanguage":"it-IT","potentialAction":[{"@type":"CommentAction","name":"Comment","target":["https:\/\/cyclingpro.net\/spaziociclismo\/continental\/trofeo-laigueglia-2026-antonio-tiberi-nuovamente-protagonista-in-questo-inizio-di-stagione-una-prestazione-che-conferma-le-buone-sensazioni-e-che-mette-tanta-sicurezza-in-vista-della-tirreno\/#respond"]}]},{"@type":"WebPage","@id":"https:\/\/cyclingpro.net\/spaziociclismo\/continental\/trofeo-laigueglia-2026-antonio-tiberi-nuovamente-protagonista-in-questo-inizio-di-stagione-una-prestazione-che-conferma-le-buone-sensazioni-e-che-mette-tanta-sicurezza-in-vista-della-tirreno\/","url":"https:\/\/cyclingpro.net\/spaziociclismo\/continental\/trofeo-laigueglia-2026-antonio-tiberi-nuovamente-protagonista-in-questo-inizio-di-stagione-una-prestazione-che-conferma-le-buone-sensazioni-e-che-mette-tanta-sicurezza-in-vista-della-tirreno\/","name":"Trofeo Laigueglia 2026, Antonio Tiberi nuovamente protagonista in questo inizio di stagione: \"Una prestazione che conferma le buone sensazioni e che mette tanta sicurezza in vista della Tirreno\" - SpazioCiclismo","isPartOf":{"@id":"https:\/\/cyclingpro.net\/spaziociclismo\/#website"},"primaryImageOfPage":{"@id":"https:\/\/cyclingpro.net\/spaziociclismo\/continental\/trofeo-laigueglia-2026-antonio-tiberi-nuovamente-protagonista-in-questo-inizio-di-stagione-una-prestazione-che-conferma-le-buone-sensazioni-e-che-mette-tanta-sicurezza-in-vista-della-tirreno\/#primaryimage"},"image":{"@id":"https:\/\/cyclingpro.net\/spaziociclismo\/continental\/trofeo-laigueglia-2026-antonio-tiberi-nuovamente-protagonista-in-questo-inizio-di-stagione-una-prestazione-che-conferma-le-buone-sensazioni-e-che-mette-tanta-sicurezza-in-vista-della-tirreno\/#primaryimage"},"thumbnailUrl":"https:\/\/cyclingpro.net\/spaziociclismo\/wp-content\/uploads\/2026\/03\/Gregoire-Buitrago-Tiberi-Podio-Trofeo-Laigueglia-2026.jpg","datePublished":"2026-03-04T16:45:44+00:00","dateModified":"2026-03-04T16:54:38+00:00","breadcrumb":{"@id":"https:\/\/cyclingpro.net\/spaziociclismo\/continental\/trofeo-laigueglia-2026-antonio-tiberi-nuovamente-protagonista-in-questo-inizio-di-stagione-una-prestazione-che-conferma-le-buone-sensazioni-e-che-mette-tanta-sicurezza-in-vista-della-tirreno\/#breadcrumb"},"inLanguage":"it-IT","potentialAction":[{"@type":"ReadAction","target":["https:\/\/cyclingpro.net\/spaziociclismo\/continental\/trofeo-laigueglia-2026-antonio-tiberi-nuovamente-protagonista-in-questo-inizio-di-stagione-una-prestazione-che-conferma-le-buone-sensazioni-e-che-mette-tanta-sicurezza-in-vista-della-tirreno\/"]}]},{"@type":"ImageObject","inLanguage":"it-IT","@id":"https:\/\/cyclingpro.net\/spaziociclismo\/continental\/trofeo-laigueglia-2026-antonio-tiberi-nuovamente-protagonista-in-questo-inizio-di-stagione-una-prestazione-che-conferma-le-buone-sensazioni-e-che-mette-tanta-sicurezza-in-vista-della-tirreno\/#primaryimage","url":"https:\/\/cyclingpro.net\/spaziociclismo\/wp-content\/uploads\/2026\/03\/Gregoire-Buitrago-Tiberi-Podio-Trofeo-Laigueglia-2026.jpg","contentUrl":"https:\/\/cyclingpro.net\/spaziociclismo\/wp-content\/uploads\/2026\/03\/Gregoire-Buitrago-Tiberi-Podio-Trofeo-Laigueglia-2026.jpg","width":1200,"height":800,"caption":"\u00a9 Tommaso Pelagalli \/ Sprint Cycling Agency"},{"@type":"BreadcrumbList","@id":"https:\/\/cyclingpro.net\/spaziociclismo\/continental\/trofeo-laigueglia-2026-antonio-tiberi-nuovamente-protagonista-in-questo-inizio-di-stagione-una-prestazione-che-conferma-le-buone-sensazioni-e-che-mette-tanta-sicurezza-in-vista-della-tirreno\/#breadcrumb","itemListElement":[{"@type":"ListItem","position":1,"name":"Home","item":"https:\/\/cyclingpro.net\/spaziociclismo\/"},{"@type":"ListItem","position":2,"name":"Trofeo Laigueglia 2026, Antonio Tiberi nuovamente protagonista in questo inizio di stagione: &#8220;Una prestazione che conferma le buone sensazioni e che mette tanta sicurezza in vista della Tirreno&#8221;"}]},{"@type":"WebSite","@id":"https:\/\/cyclingpro.net\/spaziociclismo\/#website","url":"https:\/\/cyclingpro.net\/spaziociclismo\/","name":"SpazioCiclismo","description":"Tutto il ciclismo minuto per minuto","publisher":{"@id":"https:\/\/cyclingpro.net\/spaziociclismo\/#organization"},"potentialAction":[{"@type":"SearchAction","target":{"@type":"EntryPoint","urlTemplate":"https:\/\/cyclingpro.net\/spaziociclismo\/?s={search_term_string}"},"query-input":{"@type":"PropertyValueSpecification","valueRequired":true,"valueName":"search_term_string"}}],"inLanguage":"it-IT"},{"@type":"Organization","@id":"https:\/\/cyclingpro.net\/spaziociclismo\/#organization","name":"SpazioCiclismo","url":"https:\/\/cyclingpro.net\/spaziociclismo\/","logo":{"@type":"ImageObject","inLanguage":"it-IT","@id":"https:\/\/cyclingpro.net\/spaziociclismo\/#\/schema\/logo\/image\/","url":"https:\/\/cyclingpro.net\/spaziociclismo\/wp-content\/uploads\/2017\/02\/SpazioCiclismo-Logo-Quadrato.png","contentUrl":"https:\/\/cyclingpro.net\/spaziociclismo\/wp-content\/uploads\/2017\/02\/SpazioCiclismo-Logo-Quadrato.png","width":450,"height":450,"caption":"SpazioCiclismo"},"image":{"@id":"https:\/\/cyclingpro.net\/spaziociclismo\/#\/schema\/logo\/image\/"},"sameAs":["https:\/\/www.facebook.com\/SpazioCiclismo\/","https:\/\/x.com\/spaziociclismo","https:\/\/www.instagram.com\/spaziociclismo\/"]},{"@type":"Person","@id":"https:\/\/cyclingpro.net\/spaziociclismo\/#\/schema\/person\/5b11f525424bc937dcd939655cae5de3","name":"Davide Filippi","image":{"@type":"ImageObject","inLanguage":"it-IT","@id":"https:\/\/secure.gravatar.com\/avatar\/acf38569376402ef43c46c36ea62f8a431f13c39fac703a2ed157f3bbfa5c1ab?s=96&d=mm&r=g","url":"https:\/\/secure.gravatar.com\/avatar\/acf38569376402ef43c46c36ea62f8a431f13c39fac703a2ed157f3bbfa5c1ab?s=96&d=mm&r=g","contentUrl":"https:\/\/secure.gravatar.com\/avatar\/acf38569376402ef43c46c36ea62f8a431f13c39fac703a2ed157f3bbfa5c1ab?s=96&d=mm&r=g","caption":"Davide Filippi"},"url":"https:\/\/cyclingpro.net\/spaziociclismo\/author\/dfilippi\/"}]}},"_links":{"self":[{"href":"https:\/\/cyclingpro.net\/spaziociclismo\/wp-json\/wp\/v2\/posts\/367726","targetHints":{"allow":["GET"]}}],"collection":[{"href":"https:\/\/cyclingpro.net\/spaziociclismo\/wp-json\/wp\/v2\/posts"}],"about":[{"href":"https:\/\/cyclingpro.net\/spaziociclismo\/wp-json\/wp\/v2\/types\/post"}],"author":[{"embeddable":true,"href":"https:\/\/cyclingpro.net\/spaziociclismo\/wp-json\/wp\/v2\/users\/27"}],"replies":[{"embeddable":true,"href":"https:\/\/cyclingpro.net\/spaziociclismo\/wp-json\/wp\/v2\/comments?post=367726"}],"version-history":[{"count":1,"href":"https:\/\/cyclingpro.net\/spaziociclismo\/wp-json\/wp\/v2\/posts\/367726\/revisions"}],"predecessor-version":[{"id":367745,"href":"https:\/\/cyclingpro.net\/spaziociclismo\/wp-json\/wp\/v2\/posts\/367726\/revisions\/367745"}],"wp:featuredmedia":[{"embeddable":true,"href":"https:\/\/cyclingpro.net\/spaziociclismo\/wp-json\/wp\/v2\/media\/367746"}],"wp:attachment":[{"href":"https:\/\/cyclingpro.net\/spaziociclismo\/wp-json\/wp\/v2\/media?parent=367726"}],"wp:term":[{"taxonomy":"category","embeddable":true,"href":"https:\/\/cyclingpro.net\/spaziociclismo\/wp-json\/wp\/v2\/categories?post=367726"},{"taxonomy":"post_tag","embeddable":true,"href":"https:\/\/cyclingpro.net\/spaziociclismo\/wp-json\/wp\/v2\/tags?post=367726"}],"curies":[{"name":"wp","href":"https:\/\/api.w.org\/{rel}","templated":true}]}}