{"id":362607,"date":"2026-01-27T10:02:40","date_gmt":"2026-01-27T09:02:40","guid":{"rendered":"https:\/\/cyclingpro.net\/spaziociclismo\/?p=362607"},"modified":"2026-01-27T14:40:20","modified_gmt":"2026-01-27T13:40:20","slug":"visma-lease-a-bike-jonas-vingegaard-cade-in-discesa-in-allenamento-per-cercare-di-distanziare-un-amatore","status":"publish","type":"post","link":"https:\/\/cyclingpro.net\/spaziociclismo\/worldtour\/visma-lease-a-bike-jonas-vingegaard-cade-in-discesa-in-allenamento-per-cercare-di-distanziare-un-amatore\/","title":{"rendered":"Visma | Lease a Bike, Jonas Vingegaard cade in discesa in allenamento per cercare di distanziare un amatore"},"content":{"rendered":"<p><strong>Jonas Vingegaard<\/strong> ha subito una caduta in allenamento mentre veniva disturbato da un ciclista amatore. Il campione danese si trova attualmente in Spagna, per la precisione nei dintorni di Malaga, per allenarsi in vista dell\u2019esordio stagionale previsto con l\u2019UAE Tour a met\u00e0 febbraio. La caduta \u00e8 stata confermata dalla sua squadra tramite i social media, che ha per\u00f2 rassicurato sulle condizioni del corridore, sottolineando come i danni riportati non siano gravi. Gi\u00e0 prima della comunicazione ufficiale da parte della <strong>Visma | Lease a Bike<\/strong>, sull\u2019app Strava circolavano alcune voci sull\u2019incidente, nate da un post di un amatore spagnolo che affermava di aver pedalato vicino al 29enne poco prima della caduta.<\/p>\n<p>\u201cJonas Vingegaard \u00e8 caduto luned\u00ec durante un allenamento\u201d, ha scritto il team neerlandese su X sottolineando che il proprio leader &#8220;fortunatamente sta bene e non ha riportato ferite gravi.\u201d La squadra ha per\u00f2 colto l\u2019occasione per lanciare anche un appello ai numerosi appassionati che ogni giorno incontrano e pedalano accanto ai professionisti. \u201cIn generale, come squadra, <strong>vogliamo esortare tutti gli appassionati di ciclismo a mettere sempre la sicurezza al primo posto<\/strong> &#8211; commenta la compagine giallonera &#8211; Per la vostra sicurezza e quella degli altri, vi chiediamo di lasciare spazio ai corridori durante gli allenamenti e di garantire loro il pi\u00f9 possibile tranquillit\u00e0 e libert\u00e0 di movimento.\u201d<\/p>\n<p>Il motivo di questo appello \u00e8 legato proprio a quanto emerso su Strava, dove un amatore, Pedro Garc\u00eda Fernandez, ha pubblicato un post in cui afferma di aver pedalato a ruota del corridore della Visma | Lease a Bike poco prima che quest\u2019ultimo finisse a terra. \u201cSi pu\u00f2 essere professionisti rimanendo anche umili. <strong>Jonas \u00e8 caduto dopo aver tentato di staccarmi nella discesa di Fuente de la Reina<\/strong>. Mi sono fermato per chiedergli come stesse, ma era arrabbiato perch\u00e9 lo stavo seguendo in discesa. Stava andando molto forte per distanziarmi ed \u00e8 finito a terra\u201d, ha scritto lo spagnolo.<\/p>\n<p>A quelle parole ha replicato anche un altro testimone: \u201c<strong>Vi ho visti entrambi superarmi in discesa come se fosse l\u2019ultima curva<\/strong>. Ho trovato Jonas vicino al guardrail e aveva il volto sanguinante in due punti [&#8230;] <strong>Mi \u00e8 sembrato che fosse sotto pressione e che stesse affrontando la discesa a una velocit\u00e0 eccessiva su una strada che non conosceva molto bene<\/strong>\u201d. Nel commento si sottolinea per\u00f2 anche come i professionisti meritino rispetto e spazio, riconoscendo che sono s\u00ec responsabili di s\u00e9 stessi, ma ricordando che il ciclismo \u00e8 il loro lavoro, un\u2019attivit\u00e0 in cui rischiano non solo la propria carriera, ma talvolta anche la vita, per cui andrebbero rispettati e bisognerebbe lasciargli spazio.<\/p>\n","protected":false},"excerpt":{"rendered":"<p>Jonas Vingegaard ha subito una caduta in allenamento mentre veniva disturbato da un ciclista amatore<\/p>\n","protected":false},"author":46,"featured_media":359744,"comment_status":"open","ping_status":"closed","sticky":false,"template":"","format":"standard","meta":{"footnotes":""},"categories":[21,25],"tags":[2107,6773],"class_list":["post-362607","post","type-post","status-publish","format-standard","has-post-thumbnail","hentry","category-vetrina","category-worldtour","tag-jonas-vingegaard","tag-team-visma-lease-a-bike-2026"],"yoast_head":"<!-- This site is optimized with the Yoast SEO plugin v27.4 - https:\/\/yoast.com\/product\/yoast-seo-wordpress\/ -->\n<title>Visma | Lease a Bike, Jonas Vingegaard cade in discesa in allenamento per cercare di distanziare un amatore - SpazioCiclismo<\/title>\n<meta name=\"robots\" content=\"index, follow, max-snippet:-1, max-image-preview:large, max-video-preview:-1\" \/>\n<link rel=\"canonical\" href=\"https:\/\/cyclingpro.net\/spaziociclismo\/vetrina\/visma-lease-a-bike-jonas-vingegaard-cade-in-discesa-in-allenamento-per-cercare-di-distanziare-un-amatore\/\" \/>\n<meta property=\"og:locale\" content=\"it_IT\" \/>\n<meta property=\"og:type\" content=\"article\" \/>\n<meta property=\"og:title\" content=\"Visma | Lease a Bike, Jonas Vingegaard cade in discesa in allenamento per cercare di distanziare un amatore - SpazioCiclismo\" \/>\n<meta property=\"og:description\" content=\"Jonas Vingegaard ha subito una caduta in allenamento mentre veniva disturbato da un ciclista amatore\" \/>\n<meta property=\"og:url\" content=\"https:\/\/cyclingpro.net\/spaziociclismo\/vetrina\/visma-lease-a-bike-jonas-vingegaard-cade-in-discesa-in-allenamento-per-cercare-di-distanziare-un-amatore\/\" \/>\n<meta property=\"og:site_name\" content=\"SpazioCiclismo\" \/>\n<meta property=\"article:publisher\" content=\"https:\/\/www.facebook.com\/SpazioCiclismo\/\" \/>\n<meta property=\"article:published_time\" content=\"2026-01-27T09:02:40+00:00\" \/>\n<meta property=\"article:modified_time\" content=\"2026-01-27T13:40:20+00:00\" \/>\n<meta property=\"og:image\" content=\"https:\/\/cyclingpro.net\/spaziociclismo\/wp-content\/uploads\/2026\/01\/Jonas-Vingegaard-Casco-Allenamento.webp\" \/>\n\t<meta property=\"og:image:width\" content=\"1200\" \/>\n\t<meta property=\"og:image:height\" content=\"800\" \/>\n\t<meta property=\"og:image:type\" content=\"image\/webp\" \/>\n<meta name=\"author\" content=\"Michela Guarguaglini\" \/>\n<meta name=\"twitter:card\" content=\"summary_large_image\" \/>\n<meta name=\"twitter:creator\" content=\"@spaziociclismo\" \/>\n<meta name=\"twitter:site\" content=\"@spaziociclismo\" \/>\n<meta name=\"twitter:label1\" content=\"Scritto da\" \/>\n\t<meta name=\"twitter:data1\" content=\"Michela Guarguaglini\" \/>\n\t<meta name=\"twitter:label2\" content=\"Tempo di lettura stimato\" \/>\n\t<meta name=\"twitter:data2\" content=\"3 minuti\" \/>\n<script type=\"application\/ld+json\" class=\"yoast-schema-graph\">{\"@context\":\"https:\\\/\\\/schema.org\",\"@graph\":[{\"@type\":\"Article\",\"@id\":\"https:\\\/\\\/cyclingpro.net\\\/spaziociclismo\\\/vetrina\\\/visma-lease-a-bike-jonas-vingegaard-cade-in-discesa-in-allenamento-per-cercare-di-distanziare-un-amatore\\\/#article\",\"isPartOf\":{\"@id\":\"https:\\\/\\\/cyclingpro.net\\\/spaziociclismo\\\/vetrina\\\/visma-lease-a-bike-jonas-vingegaard-cade-in-discesa-in-allenamento-per-cercare-di-distanziare-un-amatore\\\/\"},\"author\":{\"name\":\"Michela Guarguaglini\",\"@id\":\"https:\\\/\\\/cyclingpro.net\\\/spaziociclismo\\\/#\\\/schema\\\/person\\\/dd749f54075861d6da7622fa9f4ca58d\"},\"headline\":\"Visma | Lease a Bike, Jonas Vingegaard cade in discesa in allenamento per cercare di distanziare un amatore\",\"datePublished\":\"2026-01-27T09:02:40+00:00\",\"dateModified\":\"2026-01-27T13:40:20+00:00\",\"mainEntityOfPage\":{\"@id\":\"https:\\\/\\\/cyclingpro.net\\\/spaziociclismo\\\/vetrina\\\/visma-lease-a-bike-jonas-vingegaard-cade-in-discesa-in-allenamento-per-cercare-di-distanziare-un-amatore\\\/\"},\"wordCount\":445,\"commentCount\":0,\"publisher\":{\"@id\":\"https:\\\/\\\/cyclingpro.net\\\/spaziociclismo\\\/#organization\"},\"image\":{\"@id\":\"https:\\\/\\\/cyclingpro.net\\\/spaziociclismo\\\/vetrina\\\/visma-lease-a-bike-jonas-vingegaard-cade-in-discesa-in-allenamento-per-cercare-di-distanziare-un-amatore\\\/#primaryimage\"},\"thumbnailUrl\":\"https:\\\/\\\/cyclingpro.net\\\/spaziociclismo\\\/wp-content\\\/uploads\\\/2026\\\/01\\\/Jonas-Vingegaard-Casco-Allenamento.webp\",\"keywords\":[\"Jonas Vingegaard\",\"Team Visma | Lease a Bike 2026\"],\"articleSection\":[\"Vetrina\",\"WorldTour\"],\"inLanguage\":\"it-IT\",\"potentialAction\":[{\"@type\":\"CommentAction\",\"name\":\"Comment\",\"target\":[\"https:\\\/\\\/cyclingpro.net\\\/spaziociclismo\\\/vetrina\\\/visma-lease-a-bike-jonas-vingegaard-cade-in-discesa-in-allenamento-per-cercare-di-distanziare-un-amatore\\\/#respond\"]}]},{\"@type\":\"WebPage\",\"@id\":\"https:\\\/\\\/cyclingpro.net\\\/spaziociclismo\\\/vetrina\\\/visma-lease-a-bike-jonas-vingegaard-cade-in-discesa-in-allenamento-per-cercare-di-distanziare-un-amatore\\\/\",\"url\":\"https:\\\/\\\/cyclingpro.net\\\/spaziociclismo\\\/vetrina\\\/visma-lease-a-bike-jonas-vingegaard-cade-in-discesa-in-allenamento-per-cercare-di-distanziare-un-amatore\\\/\",\"name\":\"Visma | Lease a Bike, Jonas Vingegaard cade in discesa in allenamento per cercare di distanziare un amatore - SpazioCiclismo\",\"isPartOf\":{\"@id\":\"https:\\\/\\\/cyclingpro.net\\\/spaziociclismo\\\/#website\"},\"primaryImageOfPage\":{\"@id\":\"https:\\\/\\\/cyclingpro.net\\\/spaziociclismo\\\/vetrina\\\/visma-lease-a-bike-jonas-vingegaard-cade-in-discesa-in-allenamento-per-cercare-di-distanziare-un-amatore\\\/#primaryimage\"},\"image\":{\"@id\":\"https:\\\/\\\/cyclingpro.net\\\/spaziociclismo\\\/vetrina\\\/visma-lease-a-bike-jonas-vingegaard-cade-in-discesa-in-allenamento-per-cercare-di-distanziare-un-amatore\\\/#primaryimage\"},\"thumbnailUrl\":\"https:\\\/\\\/cyclingpro.net\\\/spaziociclismo\\\/wp-content\\\/uploads\\\/2026\\\/01\\\/Jonas-Vingegaard-Casco-Allenamento.webp\",\"datePublished\":\"2026-01-27T09:02:40+00:00\",\"dateModified\":\"2026-01-27T13:40:20+00:00\",\"breadcrumb\":{\"@id\":\"https:\\\/\\\/cyclingpro.net\\\/spaziociclismo\\\/vetrina\\\/visma-lease-a-bike-jonas-vingegaard-cade-in-discesa-in-allenamento-per-cercare-di-distanziare-un-amatore\\\/#breadcrumb\"},\"inLanguage\":\"it-IT\",\"potentialAction\":[{\"@type\":\"ReadAction\",\"target\":[\"https:\\\/\\\/cyclingpro.net\\\/spaziociclismo\\\/vetrina\\\/visma-lease-a-bike-jonas-vingegaard-cade-in-discesa-in-allenamento-per-cercare-di-distanziare-un-amatore\\\/\"]}]},{\"@type\":\"ImageObject\",\"inLanguage\":\"it-IT\",\"@id\":\"https:\\\/\\\/cyclingpro.net\\\/spaziociclismo\\\/vetrina\\\/visma-lease-a-bike-jonas-vingegaard-cade-in-discesa-in-allenamento-per-cercare-di-distanziare-un-amatore\\\/#primaryimage\",\"url\":\"https:\\\/\\\/cyclingpro.net\\\/spaziociclismo\\\/wp-content\\\/uploads\\\/2026\\\/01\\\/Jonas-Vingegaard-Casco-Allenamento.webp\",\"contentUrl\":\"https:\\\/\\\/cyclingpro.net\\\/spaziociclismo\\\/wp-content\\\/uploads\\\/2026\\\/01\\\/Jonas-Vingegaard-Casco-Allenamento.webp\",\"width\":1200,\"height\":800,\"caption\":\"\u00a9 Bram Berkien\"},{\"@type\":\"BreadcrumbList\",\"@id\":\"https:\\\/\\\/cyclingpro.net\\\/spaziociclismo\\\/vetrina\\\/visma-lease-a-bike-jonas-vingegaard-cade-in-discesa-in-allenamento-per-cercare-di-distanziare-un-amatore\\\/#breadcrumb\",\"itemListElement\":[{\"@type\":\"ListItem\",\"position\":1,\"name\":\"Home\",\"item\":\"https:\\\/\\\/cyclingpro.net\\\/spaziociclismo\\\/\"},{\"@type\":\"ListItem\",\"position\":2,\"name\":\"Visma | Lease a Bike, Jonas Vingegaard cade in discesa in allenamento per cercare di distanziare un amatore\"}]},{\"@type\":\"WebSite\",\"@id\":\"https:\\\/\\\/cyclingpro.net\\\/spaziociclismo\\\/#website\",\"url\":\"https:\\\/\\\/cyclingpro.net\\\/spaziociclismo\\\/\",\"name\":\"SpazioCiclismo\",\"description\":\"Tutto il ciclismo minuto per minuto\",\"publisher\":{\"@id\":\"https:\\\/\\\/cyclingpro.net\\\/spaziociclismo\\\/#organization\"},\"potentialAction\":[{\"@type\":\"SearchAction\",\"target\":{\"@type\":\"EntryPoint\",\"urlTemplate\":\"https:\\\/\\\/cyclingpro.net\\\/spaziociclismo\\\/?s={search_term_string}\"},\"query-input\":{\"@type\":\"PropertyValueSpecification\",\"valueRequired\":true,\"valueName\":\"search_term_string\"}}],\"inLanguage\":\"it-IT\"},{\"@type\":\"Organization\",\"@id\":\"https:\\\/\\\/cyclingpro.net\\\/spaziociclismo\\\/#organization\",\"name\":\"SpazioCiclismo\",\"url\":\"https:\\\/\\\/cyclingpro.net\\\/spaziociclismo\\\/\",\"logo\":{\"@type\":\"ImageObject\",\"inLanguage\":\"it-IT\",\"@id\":\"https:\\\/\\\/cyclingpro.net\\\/spaziociclismo\\\/#\\\/schema\\\/logo\\\/image\\\/\",\"url\":\"https:\\\/\\\/cyclingpro.net\\\/spaziociclismo\\\/wp-content\\\/uploads\\\/2017\\\/02\\\/SpazioCiclismo-Logo-Quadrato.png\",\"contentUrl\":\"https:\\\/\\\/cyclingpro.net\\\/spaziociclismo\\\/wp-content\\\/uploads\\\/2017\\\/02\\\/SpazioCiclismo-Logo-Quadrato.png\",\"width\":450,\"height\":450,\"caption\":\"SpazioCiclismo\"},\"image\":{\"@id\":\"https:\\\/\\\/cyclingpro.net\\\/spaziociclismo\\\/#\\\/schema\\\/logo\\\/image\\\/\"},\"sameAs\":[\"https:\\\/\\\/www.facebook.com\\\/SpazioCiclismo\\\/\",\"https:\\\/\\\/x.com\\\/spaziociclismo\",\"https:\\\/\\\/www.instagram.com\\\/spaziociclismo\\\/\"]},{\"@type\":\"Person\",\"@id\":\"https:\\\/\\\/cyclingpro.net\\\/spaziociclismo\\\/#\\\/schema\\\/person\\\/dd749f54075861d6da7622fa9f4ca58d\",\"name\":\"Michela Guarguaglini\",\"image\":{\"@type\":\"ImageObject\",\"inLanguage\":\"it-IT\",\"@id\":\"https:\\\/\\\/secure.gravatar.com\\\/avatar\\\/7c861ceff251a282d2b1cc9b3503d3893a703cfd410d29b7869304cd92a0c7c2?s=96&d=mm&r=g\",\"url\":\"https:\\\/\\\/secure.gravatar.com\\\/avatar\\\/7c861ceff251a282d2b1cc9b3503d3893a703cfd410d29b7869304cd92a0c7c2?s=96&d=mm&r=g\",\"contentUrl\":\"https:\\\/\\\/secure.gravatar.com\\\/avatar\\\/7c861ceff251a282d2b1cc9b3503d3893a703cfd410d29b7869304cd92a0c7c2?s=96&d=mm&r=g\",\"caption\":\"Michela Guarguaglini\"},\"url\":\"https:\\\/\\\/cyclingpro.net\\\/spaziociclismo\\\/author\\\/mguarguaglini\\\/\"}]}<\/script>\n<!-- \/ Yoast SEO plugin. -->","yoast_head_json":{"title":"Visma | Lease a Bike, Jonas Vingegaard cade in discesa in allenamento per cercare di distanziare un amatore - SpazioCiclismo","robots":{"index":"index","follow":"follow","max-snippet":"max-snippet:-1","max-image-preview":"max-image-preview:large","max-video-preview":"max-video-preview:-1"},"canonical":"https:\/\/cyclingpro.net\/spaziociclismo\/vetrina\/visma-lease-a-bike-jonas-vingegaard-cade-in-discesa-in-allenamento-per-cercare-di-distanziare-un-amatore\/","og_locale":"it_IT","og_type":"article","og_title":"Visma | Lease a Bike, Jonas Vingegaard cade in discesa in allenamento per cercare di distanziare un amatore - SpazioCiclismo","og_description":"Jonas Vingegaard ha subito una caduta in allenamento mentre veniva disturbato da un ciclista amatore","og_url":"https:\/\/cyclingpro.net\/spaziociclismo\/vetrina\/visma-lease-a-bike-jonas-vingegaard-cade-in-discesa-in-allenamento-per-cercare-di-distanziare-un-amatore\/","og_site_name":"SpazioCiclismo","article_publisher":"https:\/\/www.facebook.com\/SpazioCiclismo\/","article_published_time":"2026-01-27T09:02:40+00:00","article_modified_time":"2026-01-27T13:40:20+00:00","og_image":[{"width":1200,"height":800,"url":"https:\/\/cyclingpro.net\/spaziociclismo\/wp-content\/uploads\/2026\/01\/Jonas-Vingegaard-Casco-Allenamento.webp","type":"image\/webp"}],"author":"Michela Guarguaglini","twitter_card":"summary_large_image","twitter_creator":"@spaziociclismo","twitter_site":"@spaziociclismo","twitter_misc":{"Scritto da":"Michela Guarguaglini","Tempo di lettura stimato":"3 minuti"},"schema":{"@context":"https:\/\/schema.org","@graph":[{"@type":"Article","@id":"https:\/\/cyclingpro.net\/spaziociclismo\/vetrina\/visma-lease-a-bike-jonas-vingegaard-cade-in-discesa-in-allenamento-per-cercare-di-distanziare-un-amatore\/#article","isPartOf":{"@id":"https:\/\/cyclingpro.net\/spaziociclismo\/vetrina\/visma-lease-a-bike-jonas-vingegaard-cade-in-discesa-in-allenamento-per-cercare-di-distanziare-un-amatore\/"},"author":{"name":"Michela Guarguaglini","@id":"https:\/\/cyclingpro.net\/spaziociclismo\/#\/schema\/person\/dd749f54075861d6da7622fa9f4ca58d"},"headline":"Visma | Lease a Bike, Jonas Vingegaard cade in discesa in allenamento per cercare di distanziare un amatore","datePublished":"2026-01-27T09:02:40+00:00","dateModified":"2026-01-27T13:40:20+00:00","mainEntityOfPage":{"@id":"https:\/\/cyclingpro.net\/spaziociclismo\/vetrina\/visma-lease-a-bike-jonas-vingegaard-cade-in-discesa-in-allenamento-per-cercare-di-distanziare-un-amatore\/"},"wordCount":445,"commentCount":0,"publisher":{"@id":"https:\/\/cyclingpro.net\/spaziociclismo\/#organization"},"image":{"@id":"https:\/\/cyclingpro.net\/spaziociclismo\/vetrina\/visma-lease-a-bike-jonas-vingegaard-cade-in-discesa-in-allenamento-per-cercare-di-distanziare-un-amatore\/#primaryimage"},"thumbnailUrl":"https:\/\/cyclingpro.net\/spaziociclismo\/wp-content\/uploads\/2026\/01\/Jonas-Vingegaard-Casco-Allenamento.webp","keywords":["Jonas Vingegaard","Team Visma | Lease a Bike 2026"],"articleSection":["Vetrina","WorldTour"],"inLanguage":"it-IT","potentialAction":[{"@type":"CommentAction","name":"Comment","target":["https:\/\/cyclingpro.net\/spaziociclismo\/vetrina\/visma-lease-a-bike-jonas-vingegaard-cade-in-discesa-in-allenamento-per-cercare-di-distanziare-un-amatore\/#respond"]}]},{"@type":"WebPage","@id":"https:\/\/cyclingpro.net\/spaziociclismo\/vetrina\/visma-lease-a-bike-jonas-vingegaard-cade-in-discesa-in-allenamento-per-cercare-di-distanziare-un-amatore\/","url":"https:\/\/cyclingpro.net\/spaziociclismo\/vetrina\/visma-lease-a-bike-jonas-vingegaard-cade-in-discesa-in-allenamento-per-cercare-di-distanziare-un-amatore\/","name":"Visma | Lease a Bike, Jonas Vingegaard cade in discesa in allenamento per cercare di distanziare un amatore - SpazioCiclismo","isPartOf":{"@id":"https:\/\/cyclingpro.net\/spaziociclismo\/#website"},"primaryImageOfPage":{"@id":"https:\/\/cyclingpro.net\/spaziociclismo\/vetrina\/visma-lease-a-bike-jonas-vingegaard-cade-in-discesa-in-allenamento-per-cercare-di-distanziare-un-amatore\/#primaryimage"},"image":{"@id":"https:\/\/cyclingpro.net\/spaziociclismo\/vetrina\/visma-lease-a-bike-jonas-vingegaard-cade-in-discesa-in-allenamento-per-cercare-di-distanziare-un-amatore\/#primaryimage"},"thumbnailUrl":"https:\/\/cyclingpro.net\/spaziociclismo\/wp-content\/uploads\/2026\/01\/Jonas-Vingegaard-Casco-Allenamento.webp","datePublished":"2026-01-27T09:02:40+00:00","dateModified":"2026-01-27T13:40:20+00:00","breadcrumb":{"@id":"https:\/\/cyclingpro.net\/spaziociclismo\/vetrina\/visma-lease-a-bike-jonas-vingegaard-cade-in-discesa-in-allenamento-per-cercare-di-distanziare-un-amatore\/#breadcrumb"},"inLanguage":"it-IT","potentialAction":[{"@type":"ReadAction","target":["https:\/\/cyclingpro.net\/spaziociclismo\/vetrina\/visma-lease-a-bike-jonas-vingegaard-cade-in-discesa-in-allenamento-per-cercare-di-distanziare-un-amatore\/"]}]},{"@type":"ImageObject","inLanguage":"it-IT","@id":"https:\/\/cyclingpro.net\/spaziociclismo\/vetrina\/visma-lease-a-bike-jonas-vingegaard-cade-in-discesa-in-allenamento-per-cercare-di-distanziare-un-amatore\/#primaryimage","url":"https:\/\/cyclingpro.net\/spaziociclismo\/wp-content\/uploads\/2026\/01\/Jonas-Vingegaard-Casco-Allenamento.webp","contentUrl":"https:\/\/cyclingpro.net\/spaziociclismo\/wp-content\/uploads\/2026\/01\/Jonas-Vingegaard-Casco-Allenamento.webp","width":1200,"height":800,"caption":"\u00a9 Bram Berkien"},{"@type":"BreadcrumbList","@id":"https:\/\/cyclingpro.net\/spaziociclismo\/vetrina\/visma-lease-a-bike-jonas-vingegaard-cade-in-discesa-in-allenamento-per-cercare-di-distanziare-un-amatore\/#breadcrumb","itemListElement":[{"@type":"ListItem","position":1,"name":"Home","item":"https:\/\/cyclingpro.net\/spaziociclismo\/"},{"@type":"ListItem","position":2,"name":"Visma | Lease a Bike, Jonas Vingegaard cade in discesa in allenamento per cercare di distanziare un amatore"}]},{"@type":"WebSite","@id":"https:\/\/cyclingpro.net\/spaziociclismo\/#website","url":"https:\/\/cyclingpro.net\/spaziociclismo\/","name":"SpazioCiclismo","description":"Tutto il ciclismo minuto per minuto","publisher":{"@id":"https:\/\/cyclingpro.net\/spaziociclismo\/#organization"},"potentialAction":[{"@type":"SearchAction","target":{"@type":"EntryPoint","urlTemplate":"https:\/\/cyclingpro.net\/spaziociclismo\/?s={search_term_string}"},"query-input":{"@type":"PropertyValueSpecification","valueRequired":true,"valueName":"search_term_string"}}],"inLanguage":"it-IT"},{"@type":"Organization","@id":"https:\/\/cyclingpro.net\/spaziociclismo\/#organization","name":"SpazioCiclismo","url":"https:\/\/cyclingpro.net\/spaziociclismo\/","logo":{"@type":"ImageObject","inLanguage":"it-IT","@id":"https:\/\/cyclingpro.net\/spaziociclismo\/#\/schema\/logo\/image\/","url":"https:\/\/cyclingpro.net\/spaziociclismo\/wp-content\/uploads\/2017\/02\/SpazioCiclismo-Logo-Quadrato.png","contentUrl":"https:\/\/cyclingpro.net\/spaziociclismo\/wp-content\/uploads\/2017\/02\/SpazioCiclismo-Logo-Quadrato.png","width":450,"height":450,"caption":"SpazioCiclismo"},"image":{"@id":"https:\/\/cyclingpro.net\/spaziociclismo\/#\/schema\/logo\/image\/"},"sameAs":["https:\/\/www.facebook.com\/SpazioCiclismo\/","https:\/\/x.com\/spaziociclismo","https:\/\/www.instagram.com\/spaziociclismo\/"]},{"@type":"Person","@id":"https:\/\/cyclingpro.net\/spaziociclismo\/#\/schema\/person\/dd749f54075861d6da7622fa9f4ca58d","name":"Michela Guarguaglini","image":{"@type":"ImageObject","inLanguage":"it-IT","@id":"https:\/\/secure.gravatar.com\/avatar\/7c861ceff251a282d2b1cc9b3503d3893a703cfd410d29b7869304cd92a0c7c2?s=96&d=mm&r=g","url":"https:\/\/secure.gravatar.com\/avatar\/7c861ceff251a282d2b1cc9b3503d3893a703cfd410d29b7869304cd92a0c7c2?s=96&d=mm&r=g","contentUrl":"https:\/\/secure.gravatar.com\/avatar\/7c861ceff251a282d2b1cc9b3503d3893a703cfd410d29b7869304cd92a0c7c2?s=96&d=mm&r=g","caption":"Michela Guarguaglini"},"url":"https:\/\/cyclingpro.net\/spaziociclismo\/author\/mguarguaglini\/"}]}},"_links":{"self":[{"href":"https:\/\/cyclingpro.net\/spaziociclismo\/wp-json\/wp\/v2\/posts\/362607","targetHints":{"allow":["GET"]}}],"collection":[{"href":"https:\/\/cyclingpro.net\/spaziociclismo\/wp-json\/wp\/v2\/posts"}],"about":[{"href":"https:\/\/cyclingpro.net\/spaziociclismo\/wp-json\/wp\/v2\/types\/post"}],"author":[{"embeddable":true,"href":"https:\/\/cyclingpro.net\/spaziociclismo\/wp-json\/wp\/v2\/users\/46"}],"replies":[{"embeddable":true,"href":"https:\/\/cyclingpro.net\/spaziociclismo\/wp-json\/wp\/v2\/comments?post=362607"}],"version-history":[{"count":4,"href":"https:\/\/cyclingpro.net\/spaziociclismo\/wp-json\/wp\/v2\/posts\/362607\/revisions"}],"predecessor-version":[{"id":362622,"href":"https:\/\/cyclingpro.net\/spaziociclismo\/wp-json\/wp\/v2\/posts\/362607\/revisions\/362622"}],"wp:featuredmedia":[{"embeddable":true,"href":"https:\/\/cyclingpro.net\/spaziociclismo\/wp-json\/wp\/v2\/media\/359744"}],"wp:attachment":[{"href":"https:\/\/cyclingpro.net\/spaziociclismo\/wp-json\/wp\/v2\/media?parent=362607"}],"wp:term":[{"taxonomy":"category","embeddable":true,"href":"https:\/\/cyclingpro.net\/spaziociclismo\/wp-json\/wp\/v2\/categories?post=362607"},{"taxonomy":"post_tag","embeddable":true,"href":"https:\/\/cyclingpro.net\/spaziociclismo\/wp-json\/wp\/v2\/tags?post=362607"}],"curies":[{"name":"wp","href":"https:\/\/api.w.org\/{rel}","templated":true}]}}