{"id":357202,"date":"2025-12-10T16:58:37","date_gmt":"2025-12-10T15:58:37","guid":{"rendered":"https:\/\/cyclingpro.net\/spaziociclismo\/?p=357202"},"modified":"2026-04-09T18:51:14","modified_gmt":"2026-04-09T16:51:14","slug":"giro-ditalia-2026-remco-evenepoel-la-decisione-di-non-venirci-e-stata-la-piu-dura-ma-ho-in-testa-i-mondiali-e-non-voglio-fare-cose-pazze","status":"publish","type":"post","link":"https:\/\/cyclingpro.net\/spaziociclismo\/giro-2026\/giro-ditalia-2026-remco-evenepoel-la-decisione-di-non-venirci-e-stata-la-piu-dura-ma-ho-in-testa-i-mondiali-e-non-voglio-fare-cose-pazze\/","title":{"rendered":"Giro d&#8217;Italia 2026, Remco Evenepoel: &#8220;La decisione di non venirci \u00e8 stata la pi\u00f9 dura, ma ho in testa i Mondiali e non voglio fare &#8216;cose pazze&#8217;&#8230;&#8221;"},"content":{"rendered":"<p><strong>Remco Evenepoel,<\/strong> quindi, non sar\u00e0 al <strong>Giro d&#8217;Italia 2026<\/strong>. Il belga era stato accostato con una certa insistenza alla prossima Corsa Rosa, anche per via del percorso disegnato per questa edizione, ma il programma del bi-campione olimpico, <a href=\"https:\/\/cyclingpro.net\/spaziociclismo\/worldtour\/red-bull-bora-hansgrohe-remco-evenepoel-dovrebbe-debuttare-alla-valenciana-si-al-fiandre-in-forse-la-sanremo-no-al-giro\/\" target=\"_blank\" rel=\"noopener\">stilato insieme ai tecnici della sua nuova squadra, la Red Bull-Bora-Hansgrohe,<\/a> non preveder\u00e0 impegni italiani, Giro compreso, almeno sulla carta, anche se qualche integrazione \u00e8 ancora possibile. Evenepoel non sar\u00e0 quindi uno dei pretendenti al Trofeo senza Fine, la cui caccia, almeno per il 2026, non vedr\u00e0 fra i protagonisti <a href=\"https:\/\/cyclingpro.net\/spaziociclismo\/worldtour\/red-bull-bora-hansgrohe-i-programmi-dei-big-evenepoel-roglic-e-lipowitz-al-tour-pellizzari-e-hindley-al-giro\/\" target=\"_blank\" rel=\"noopener\">neppure <strong>Tadej Poga\u010dar<\/strong> e <strong>Primo\u017e Rogli\u010d.<\/strong>\u00a0<\/a><\/p>\n<p>Per Evenepoel, la definizione del programma 2026 sembra essere stata cosa abbastanza lineare: &#8220;Mi trovo in una squadra nuova e in un ambiente nuovo, quindi ho voluto provare a seguire un programma normale &#8211; le parole del belga raccolte da <a href=\"https:\/\/www.wielerflits.nl\/nieuws\/remco-evenepoel-legt-seizoensplanning-uit-wel-of-geen-giro-dat-was-het-lastigste-punt\/\" target=\"_blank\" rel=\"noopener\"><em>WielerFlits<\/em><\/a> &#8211; Vedremo come andr\u00e0.<strong> Ne abbiamo discusso tanto, ma quest&#8217;anno per me sar\u00e0 importante tornare al mio livello, approfittando di un inverno senza problemi.<\/strong> L&#8217;anno scorso ho perso 5-6 mesi <a href=\"https:\/\/cyclingpro.net\/spaziociclismo\/worldtour\/soudal-quickstep-remco-evenepoel-lascia-lospedale-e-racconta-lincidente-sono-stato-catapultato-dallaltro-lato-della-strada\/\" target=\"_blank\" rel=\"noopener\">a causa di quell&#8217;incidente in allenamento<\/a>, quindi per il 2026 voglio solo una annata tranquilla, senza problemi&#8221;.<\/p>\n<p>Quindi, niente Giro d&#8217;Italia: &#8220;Andarci o meno \u00e8 stato il punto su cui abbiamo discusso di pi\u00f9 &#8211; rivela Evenepoel &#8211; Il percorso mi piace molto. <strong>Non \u00e8 un giro &#8216;mostruoso&#8217;, diverso rispetto ad alcuni di quelli che abbiamo visto in passato.<\/strong> Ci sono sicuramente tappe difficili, ma non \u00e8 il tracciato da Giro pi\u00f9 duro che abbiamo visto ultimamente. Per\u00f2, i Mondiali in Canada per me saranno molto importanti, mettono a disposizione due grandi opportunit\u00e0 per vincere titoli e, dato che sono cos\u00ec lontani nel tempo, penso che siano una ragione importante per me per non fare niente di pazzo&#8221;.<\/p>\n<p>Il programma di Evenepoel \u00e8 quindi definito, anche se c&#8217;\u00e8 un &#8220;buco&#8221; che potrebbe riempirsi nelle prossime settimane: &#8220;Fra la fine della Volta Valenciana e l&#8217;inizio della Volta a Catalunya ci sono pi\u00f9 di 6 settimane. Dobbiamo ancora guardare cosa pu\u00f2 essere meglio in termini di programmazione; <strong>in quel periodo ci sono in calendario alcune corse WorldTour (UAE Tour, Parigi-Nizza, Tirreno-Adriatico &#8211; <em>ndr<\/em>) e una di quelle mi piacerebbe correrla<\/strong>&#8220;.<\/p>\n","protected":false},"excerpt":{"rendered":"<p>Il bi-campione di #Paris2024 spiega i motivi che hanno portato lui e la squadra alla definizione del suo programma 2026: &#8220;Il #Giro2026 \u00e8 stato il punto su cui abbiamo discusso di pi\u00f9&#8221;. <\/p>\n","protected":false},"author":25,"featured_media":252224,"comment_status":"open","ping_status":"closed","sticky":false,"template":"","format":"standard","meta":{"footnotes":""},"categories":[6623],"tags":[6516,6514,2034],"class_list":["post-357202","post","type-post","status-publish","format-standard","has-post-thumbnail","hentry","category-giro-2026","tag-giro-2026","tag-red-bull-bora-hansgrohe-2026","tag-remco-evenepoel"],"yoast_head":"<!-- This site is optimized with the Yoast SEO plugin v27.4 - https:\/\/yoast.com\/product\/yoast-seo-wordpress\/ -->\n<title>Giro d&#039;Italia 2026, Remco Evenepoel: &quot;La decisione di non venirci \u00e8 stata la pi\u00f9 dura, ma ho in testa i Mondiali e non voglio fare &#039;cose pazze&#039;...&quot; - SpazioCiclismo<\/title>\n<meta name=\"robots\" content=\"index, follow, max-snippet:-1, max-image-preview:large, max-video-preview:-1\" \/>\n<link rel=\"canonical\" href=\"https:\/\/cyclingpro.net\/spaziociclismo\/giro-2026\/giro-ditalia-2026-remco-evenepoel-la-decisione-di-non-venirci-e-stata-la-piu-dura-ma-ho-in-testa-i-mondiali-e-non-voglio-fare-cose-pazze\/\" \/>\n<meta property=\"og:locale\" content=\"it_IT\" \/>\n<meta property=\"og:type\" content=\"article\" \/>\n<meta property=\"og:title\" content=\"Giro d&#039;Italia 2026, Remco Evenepoel: &quot;La decisione di non venirci \u00e8 stata la pi\u00f9 dura, ma ho in testa i Mondiali e non voglio fare &#039;cose pazze&#039;...&quot; - SpazioCiclismo\" \/>\n<meta property=\"og:description\" content=\"Il bi-campione di #Paris2024 spiega i motivi che hanno portato lui e la squadra alla definizione del suo programma 2026: &quot;Il #Giro2026 \u00e8 stato il punto su cui abbiamo discusso di pi\u00f9&quot;.\" \/>\n<meta property=\"og:url\" content=\"https:\/\/cyclingpro.net\/spaziociclismo\/giro-2026\/giro-ditalia-2026-remco-evenepoel-la-decisione-di-non-venirci-e-stata-la-piu-dura-ma-ho-in-testa-i-mondiali-e-non-voglio-fare-cose-pazze\/\" \/>\n<meta property=\"og:site_name\" content=\"SpazioCiclismo\" \/>\n<meta property=\"article:publisher\" content=\"https:\/\/www.facebook.com\/SpazioCiclismo\/\" \/>\n<meta property=\"article:published_time\" content=\"2025-12-10T15:58:37+00:00\" \/>\n<meta property=\"article:modified_time\" content=\"2026-04-09T16:51:14+00:00\" \/>\n<meta property=\"og:image\" content=\"https:\/\/cyclingpro.net\/spaziociclismo\/wp-content\/uploads\/2023\/05\/Remco-Evenepoel-Maglia-Rosa-Podio-Spumante-Giro-dItalia-2023-scaled.jpg\" \/>\n\t<meta property=\"og:image:width\" content=\"2560\" \/>\n\t<meta property=\"og:image:height\" content=\"1707\" \/>\n\t<meta property=\"og:image:type\" content=\"image\/jpeg\" \/>\n<meta name=\"author\" content=\"Francesco Mitola\" \/>\n<meta name=\"twitter:card\" content=\"summary_large_image\" \/>\n<meta name=\"twitter:creator\" content=\"@spaziociclismo\" \/>\n<meta name=\"twitter:site\" content=\"@spaziociclismo\" \/>\n<meta name=\"twitter:label1\" content=\"Scritto da\" \/>\n\t<meta name=\"twitter:data1\" content=\"Francesco Mitola\" \/>\n\t<meta name=\"twitter:label2\" content=\"Tempo di lettura stimato\" \/>\n\t<meta name=\"twitter:data2\" content=\"3 minuti\" \/>\n<script type=\"application\/ld+json\" class=\"yoast-schema-graph\">{\"@context\":\"https:\\\/\\\/schema.org\",\"@graph\":[{\"@type\":\"Article\",\"@id\":\"https:\\\/\\\/cyclingpro.net\\\/spaziociclismo\\\/giro-2026\\\/giro-ditalia-2026-remco-evenepoel-la-decisione-di-non-venirci-e-stata-la-piu-dura-ma-ho-in-testa-i-mondiali-e-non-voglio-fare-cose-pazze\\\/#article\",\"isPartOf\":{\"@id\":\"https:\\\/\\\/cyclingpro.net\\\/spaziociclismo\\\/giro-2026\\\/giro-ditalia-2026-remco-evenepoel-la-decisione-di-non-venirci-e-stata-la-piu-dura-ma-ho-in-testa-i-mondiali-e-non-voglio-fare-cose-pazze\\\/\"},\"author\":{\"name\":\"Francesco Mitola\",\"@id\":\"https:\\\/\\\/cyclingpro.net\\\/spaziociclismo\\\/#\\\/schema\\\/person\\\/627dbc08c9712c25304b059bbb765de8\"},\"headline\":\"Giro d&#8217;Italia 2026, Remco Evenepoel: &#8220;La decisione di non venirci \u00e8 stata la pi\u00f9 dura, ma ho in testa i Mondiali e non voglio fare &#8216;cose pazze&#8217;&#8230;&#8221;\",\"datePublished\":\"2025-12-10T15:58:37+00:00\",\"dateModified\":\"2026-04-09T16:51:14+00:00\",\"mainEntityOfPage\":{\"@id\":\"https:\\\/\\\/cyclingpro.net\\\/spaziociclismo\\\/giro-2026\\\/giro-ditalia-2026-remco-evenepoel-la-decisione-di-non-venirci-e-stata-la-piu-dura-ma-ho-in-testa-i-mondiali-e-non-voglio-fare-cose-pazze\\\/\"},\"wordCount\":375,\"commentCount\":0,\"publisher\":{\"@id\":\"https:\\\/\\\/cyclingpro.net\\\/spaziociclismo\\\/#organization\"},\"image\":{\"@id\":\"https:\\\/\\\/cyclingpro.net\\\/spaziociclismo\\\/giro-2026\\\/giro-ditalia-2026-remco-evenepoel-la-decisione-di-non-venirci-e-stata-la-piu-dura-ma-ho-in-testa-i-mondiali-e-non-voglio-fare-cose-pazze\\\/#primaryimage\"},\"thumbnailUrl\":\"https:\\\/\\\/cyclingpro.net\\\/spaziociclismo\\\/wp-content\\\/uploads\\\/2023\\\/05\\\/Remco-Evenepoel-Maglia-Rosa-Podio-Spumante-Giro-dItalia-2023-scaled.jpg\",\"keywords\":[\"Giro d'Italia 2026\",\"Red Bull - Bora - hansgrohe 2026\",\"Remco Evenepoel\"],\"articleSection\":[\"Giro 2026\"],\"inLanguage\":\"it-IT\",\"potentialAction\":[{\"@type\":\"CommentAction\",\"name\":\"Comment\",\"target\":[\"https:\\\/\\\/cyclingpro.net\\\/spaziociclismo\\\/giro-2026\\\/giro-ditalia-2026-remco-evenepoel-la-decisione-di-non-venirci-e-stata-la-piu-dura-ma-ho-in-testa-i-mondiali-e-non-voglio-fare-cose-pazze\\\/#respond\"]}]},{\"@type\":\"WebPage\",\"@id\":\"https:\\\/\\\/cyclingpro.net\\\/spaziociclismo\\\/giro-2026\\\/giro-ditalia-2026-remco-evenepoel-la-decisione-di-non-venirci-e-stata-la-piu-dura-ma-ho-in-testa-i-mondiali-e-non-voglio-fare-cose-pazze\\\/\",\"url\":\"https:\\\/\\\/cyclingpro.net\\\/spaziociclismo\\\/giro-2026\\\/giro-ditalia-2026-remco-evenepoel-la-decisione-di-non-venirci-e-stata-la-piu-dura-ma-ho-in-testa-i-mondiali-e-non-voglio-fare-cose-pazze\\\/\",\"name\":\"Giro d'Italia 2026, Remco Evenepoel: \\\"La decisione di non venirci \u00e8 stata la pi\u00f9 dura, ma ho in testa i Mondiali e non voglio fare 'cose pazze'...\\\" - SpazioCiclismo\",\"isPartOf\":{\"@id\":\"https:\\\/\\\/cyclingpro.net\\\/spaziociclismo\\\/#website\"},\"primaryImageOfPage\":{\"@id\":\"https:\\\/\\\/cyclingpro.net\\\/spaziociclismo\\\/giro-2026\\\/giro-ditalia-2026-remco-evenepoel-la-decisione-di-non-venirci-e-stata-la-piu-dura-ma-ho-in-testa-i-mondiali-e-non-voglio-fare-cose-pazze\\\/#primaryimage\"},\"image\":{\"@id\":\"https:\\\/\\\/cyclingpro.net\\\/spaziociclismo\\\/giro-2026\\\/giro-ditalia-2026-remco-evenepoel-la-decisione-di-non-venirci-e-stata-la-piu-dura-ma-ho-in-testa-i-mondiali-e-non-voglio-fare-cose-pazze\\\/#primaryimage\"},\"thumbnailUrl\":\"https:\\\/\\\/cyclingpro.net\\\/spaziociclismo\\\/wp-content\\\/uploads\\\/2023\\\/05\\\/Remco-Evenepoel-Maglia-Rosa-Podio-Spumante-Giro-dItalia-2023-scaled.jpg\",\"datePublished\":\"2025-12-10T15:58:37+00:00\",\"dateModified\":\"2026-04-09T16:51:14+00:00\",\"breadcrumb\":{\"@id\":\"https:\\\/\\\/cyclingpro.net\\\/spaziociclismo\\\/giro-2026\\\/giro-ditalia-2026-remco-evenepoel-la-decisione-di-non-venirci-e-stata-la-piu-dura-ma-ho-in-testa-i-mondiali-e-non-voglio-fare-cose-pazze\\\/#breadcrumb\"},\"inLanguage\":\"it-IT\",\"potentialAction\":[{\"@type\":\"ReadAction\",\"target\":[\"https:\\\/\\\/cyclingpro.net\\\/spaziociclismo\\\/giro-2026\\\/giro-ditalia-2026-remco-evenepoel-la-decisione-di-non-venirci-e-stata-la-piu-dura-ma-ho-in-testa-i-mondiali-e-non-voglio-fare-cose-pazze\\\/\"]}]},{\"@type\":\"ImageObject\",\"inLanguage\":\"it-IT\",\"@id\":\"https:\\\/\\\/cyclingpro.net\\\/spaziociclismo\\\/giro-2026\\\/giro-ditalia-2026-remco-evenepoel-la-decisione-di-non-venirci-e-stata-la-piu-dura-ma-ho-in-testa-i-mondiali-e-non-voglio-fare-cose-pazze\\\/#primaryimage\",\"url\":\"https:\\\/\\\/cyclingpro.net\\\/spaziociclismo\\\/wp-content\\\/uploads\\\/2023\\\/05\\\/Remco-Evenepoel-Maglia-Rosa-Podio-Spumante-Giro-dItalia-2023-scaled.jpg\",\"contentUrl\":\"https:\\\/\\\/cyclingpro.net\\\/spaziociclismo\\\/wp-content\\\/uploads\\\/2023\\\/05\\\/Remco-Evenepoel-Maglia-Rosa-Podio-Spumante-Giro-dItalia-2023-scaled.jpg\",\"width\":2560,\"height\":1707,\"caption\":\"\u00a9 LaPresse\"},{\"@type\":\"BreadcrumbList\",\"@id\":\"https:\\\/\\\/cyclingpro.net\\\/spaziociclismo\\\/giro-2026\\\/giro-ditalia-2026-remco-evenepoel-la-decisione-di-non-venirci-e-stata-la-piu-dura-ma-ho-in-testa-i-mondiali-e-non-voglio-fare-cose-pazze\\\/#breadcrumb\",\"itemListElement\":[{\"@type\":\"ListItem\",\"position\":1,\"name\":\"Home\",\"item\":\"https:\\\/\\\/cyclingpro.net\\\/spaziociclismo\\\/\"},{\"@type\":\"ListItem\",\"position\":2,\"name\":\"Giro d&#8217;Italia 2026, Remco Evenepoel: &#8220;La decisione di non venirci \u00e8 stata la pi\u00f9 dura, ma ho in testa i Mondiali e non voglio fare &#8216;cose pazze&#8217;&#8230;&#8221;\"}]},{\"@type\":\"WebSite\",\"@id\":\"https:\\\/\\\/cyclingpro.net\\\/spaziociclismo\\\/#website\",\"url\":\"https:\\\/\\\/cyclingpro.net\\\/spaziociclismo\\\/\",\"name\":\"SpazioCiclismo\",\"description\":\"Tutto il ciclismo minuto per minuto\",\"publisher\":{\"@id\":\"https:\\\/\\\/cyclingpro.net\\\/spaziociclismo\\\/#organization\"},\"potentialAction\":[{\"@type\":\"SearchAction\",\"target\":{\"@type\":\"EntryPoint\",\"urlTemplate\":\"https:\\\/\\\/cyclingpro.net\\\/spaziociclismo\\\/?s={search_term_string}\"},\"query-input\":{\"@type\":\"PropertyValueSpecification\",\"valueRequired\":true,\"valueName\":\"search_term_string\"}}],\"inLanguage\":\"it-IT\"},{\"@type\":\"Organization\",\"@id\":\"https:\\\/\\\/cyclingpro.net\\\/spaziociclismo\\\/#organization\",\"name\":\"SpazioCiclismo\",\"url\":\"https:\\\/\\\/cyclingpro.net\\\/spaziociclismo\\\/\",\"logo\":{\"@type\":\"ImageObject\",\"inLanguage\":\"it-IT\",\"@id\":\"https:\\\/\\\/cyclingpro.net\\\/spaziociclismo\\\/#\\\/schema\\\/logo\\\/image\\\/\",\"url\":\"https:\\\/\\\/cyclingpro.net\\\/spaziociclismo\\\/wp-content\\\/uploads\\\/2017\\\/02\\\/SpazioCiclismo-Logo-Quadrato.png\",\"contentUrl\":\"https:\\\/\\\/cyclingpro.net\\\/spaziociclismo\\\/wp-content\\\/uploads\\\/2017\\\/02\\\/SpazioCiclismo-Logo-Quadrato.png\",\"width\":450,\"height\":450,\"caption\":\"SpazioCiclismo\"},\"image\":{\"@id\":\"https:\\\/\\\/cyclingpro.net\\\/spaziociclismo\\\/#\\\/schema\\\/logo\\\/image\\\/\"},\"sameAs\":[\"https:\\\/\\\/www.facebook.com\\\/SpazioCiclismo\\\/\",\"https:\\\/\\\/x.com\\\/spaziociclismo\",\"https:\\\/\\\/www.instagram.com\\\/spaziociclismo\\\/\"]},{\"@type\":\"Person\",\"@id\":\"https:\\\/\\\/cyclingpro.net\\\/spaziociclismo\\\/#\\\/schema\\\/person\\\/627dbc08c9712c25304b059bbb765de8\",\"name\":\"Francesco Mitola\",\"image\":{\"@type\":\"ImageObject\",\"inLanguage\":\"it-IT\",\"@id\":\"https:\\\/\\\/secure.gravatar.com\\\/avatar\\\/dc58a640368550cd17129d2ff185eec5cb2821b7c3403fc06dcaca847ae762d3?s=96&d=mm&r=g\",\"url\":\"https:\\\/\\\/secure.gravatar.com\\\/avatar\\\/dc58a640368550cd17129d2ff185eec5cb2821b7c3403fc06dcaca847ae762d3?s=96&d=mm&r=g\",\"contentUrl\":\"https:\\\/\\\/secure.gravatar.com\\\/avatar\\\/dc58a640368550cd17129d2ff185eec5cb2821b7c3403fc06dcaca847ae762d3?s=96&d=mm&r=g\",\"caption\":\"Francesco Mitola\"},\"url\":\"https:\\\/\\\/cyclingpro.net\\\/spaziociclismo\\\/author\\\/fmitola\\\/\"}]}<\/script>\n<!-- \/ Yoast SEO plugin. -->","yoast_head_json":{"title":"Giro d'Italia 2026, Remco Evenepoel: \"La decisione di non venirci \u00e8 stata la pi\u00f9 dura, ma ho in testa i Mondiali e non voglio fare 'cose pazze'...\" - SpazioCiclismo","robots":{"index":"index","follow":"follow","max-snippet":"max-snippet:-1","max-image-preview":"max-image-preview:large","max-video-preview":"max-video-preview:-1"},"canonical":"https:\/\/cyclingpro.net\/spaziociclismo\/giro-2026\/giro-ditalia-2026-remco-evenepoel-la-decisione-di-non-venirci-e-stata-la-piu-dura-ma-ho-in-testa-i-mondiali-e-non-voglio-fare-cose-pazze\/","og_locale":"it_IT","og_type":"article","og_title":"Giro d'Italia 2026, Remco Evenepoel: \"La decisione di non venirci \u00e8 stata la pi\u00f9 dura, ma ho in testa i Mondiali e non voglio fare 'cose pazze'...\" - SpazioCiclismo","og_description":"Il bi-campione di #Paris2024 spiega i motivi che hanno portato lui e la squadra alla definizione del suo programma 2026: \"Il #Giro2026 \u00e8 stato il punto su cui abbiamo discusso di pi\u00f9\".","og_url":"https:\/\/cyclingpro.net\/spaziociclismo\/giro-2026\/giro-ditalia-2026-remco-evenepoel-la-decisione-di-non-venirci-e-stata-la-piu-dura-ma-ho-in-testa-i-mondiali-e-non-voglio-fare-cose-pazze\/","og_site_name":"SpazioCiclismo","article_publisher":"https:\/\/www.facebook.com\/SpazioCiclismo\/","article_published_time":"2025-12-10T15:58:37+00:00","article_modified_time":"2026-04-09T16:51:14+00:00","og_image":[{"width":2560,"height":1707,"url":"https:\/\/cyclingpro.net\/spaziociclismo\/wp-content\/uploads\/2023\/05\/Remco-Evenepoel-Maglia-Rosa-Podio-Spumante-Giro-dItalia-2023-scaled.jpg","type":"image\/jpeg"}],"author":"Francesco Mitola","twitter_card":"summary_large_image","twitter_creator":"@spaziociclismo","twitter_site":"@spaziociclismo","twitter_misc":{"Scritto da":"Francesco Mitola","Tempo di lettura stimato":"3 minuti"},"schema":{"@context":"https:\/\/schema.org","@graph":[{"@type":"Article","@id":"https:\/\/cyclingpro.net\/spaziociclismo\/giro-2026\/giro-ditalia-2026-remco-evenepoel-la-decisione-di-non-venirci-e-stata-la-piu-dura-ma-ho-in-testa-i-mondiali-e-non-voglio-fare-cose-pazze\/#article","isPartOf":{"@id":"https:\/\/cyclingpro.net\/spaziociclismo\/giro-2026\/giro-ditalia-2026-remco-evenepoel-la-decisione-di-non-venirci-e-stata-la-piu-dura-ma-ho-in-testa-i-mondiali-e-non-voglio-fare-cose-pazze\/"},"author":{"name":"Francesco Mitola","@id":"https:\/\/cyclingpro.net\/spaziociclismo\/#\/schema\/person\/627dbc08c9712c25304b059bbb765de8"},"headline":"Giro d&#8217;Italia 2026, Remco Evenepoel: &#8220;La decisione di non venirci \u00e8 stata la pi\u00f9 dura, ma ho in testa i Mondiali e non voglio fare &#8216;cose pazze&#8217;&#8230;&#8221;","datePublished":"2025-12-10T15:58:37+00:00","dateModified":"2026-04-09T16:51:14+00:00","mainEntityOfPage":{"@id":"https:\/\/cyclingpro.net\/spaziociclismo\/giro-2026\/giro-ditalia-2026-remco-evenepoel-la-decisione-di-non-venirci-e-stata-la-piu-dura-ma-ho-in-testa-i-mondiali-e-non-voglio-fare-cose-pazze\/"},"wordCount":375,"commentCount":0,"publisher":{"@id":"https:\/\/cyclingpro.net\/spaziociclismo\/#organization"},"image":{"@id":"https:\/\/cyclingpro.net\/spaziociclismo\/giro-2026\/giro-ditalia-2026-remco-evenepoel-la-decisione-di-non-venirci-e-stata-la-piu-dura-ma-ho-in-testa-i-mondiali-e-non-voglio-fare-cose-pazze\/#primaryimage"},"thumbnailUrl":"https:\/\/cyclingpro.net\/spaziociclismo\/wp-content\/uploads\/2023\/05\/Remco-Evenepoel-Maglia-Rosa-Podio-Spumante-Giro-dItalia-2023-scaled.jpg","keywords":["Giro d'Italia 2026","Red Bull - Bora - hansgrohe 2026","Remco Evenepoel"],"articleSection":["Giro 2026"],"inLanguage":"it-IT","potentialAction":[{"@type":"CommentAction","name":"Comment","target":["https:\/\/cyclingpro.net\/spaziociclismo\/giro-2026\/giro-ditalia-2026-remco-evenepoel-la-decisione-di-non-venirci-e-stata-la-piu-dura-ma-ho-in-testa-i-mondiali-e-non-voglio-fare-cose-pazze\/#respond"]}]},{"@type":"WebPage","@id":"https:\/\/cyclingpro.net\/spaziociclismo\/giro-2026\/giro-ditalia-2026-remco-evenepoel-la-decisione-di-non-venirci-e-stata-la-piu-dura-ma-ho-in-testa-i-mondiali-e-non-voglio-fare-cose-pazze\/","url":"https:\/\/cyclingpro.net\/spaziociclismo\/giro-2026\/giro-ditalia-2026-remco-evenepoel-la-decisione-di-non-venirci-e-stata-la-piu-dura-ma-ho-in-testa-i-mondiali-e-non-voglio-fare-cose-pazze\/","name":"Giro d'Italia 2026, Remco Evenepoel: \"La decisione di non venirci \u00e8 stata la pi\u00f9 dura, ma ho in testa i Mondiali e non voglio fare 'cose pazze'...\" - SpazioCiclismo","isPartOf":{"@id":"https:\/\/cyclingpro.net\/spaziociclismo\/#website"},"primaryImageOfPage":{"@id":"https:\/\/cyclingpro.net\/spaziociclismo\/giro-2026\/giro-ditalia-2026-remco-evenepoel-la-decisione-di-non-venirci-e-stata-la-piu-dura-ma-ho-in-testa-i-mondiali-e-non-voglio-fare-cose-pazze\/#primaryimage"},"image":{"@id":"https:\/\/cyclingpro.net\/spaziociclismo\/giro-2026\/giro-ditalia-2026-remco-evenepoel-la-decisione-di-non-venirci-e-stata-la-piu-dura-ma-ho-in-testa-i-mondiali-e-non-voglio-fare-cose-pazze\/#primaryimage"},"thumbnailUrl":"https:\/\/cyclingpro.net\/spaziociclismo\/wp-content\/uploads\/2023\/05\/Remco-Evenepoel-Maglia-Rosa-Podio-Spumante-Giro-dItalia-2023-scaled.jpg","datePublished":"2025-12-10T15:58:37+00:00","dateModified":"2026-04-09T16:51:14+00:00","breadcrumb":{"@id":"https:\/\/cyclingpro.net\/spaziociclismo\/giro-2026\/giro-ditalia-2026-remco-evenepoel-la-decisione-di-non-venirci-e-stata-la-piu-dura-ma-ho-in-testa-i-mondiali-e-non-voglio-fare-cose-pazze\/#breadcrumb"},"inLanguage":"it-IT","potentialAction":[{"@type":"ReadAction","target":["https:\/\/cyclingpro.net\/spaziociclismo\/giro-2026\/giro-ditalia-2026-remco-evenepoel-la-decisione-di-non-venirci-e-stata-la-piu-dura-ma-ho-in-testa-i-mondiali-e-non-voglio-fare-cose-pazze\/"]}]},{"@type":"ImageObject","inLanguage":"it-IT","@id":"https:\/\/cyclingpro.net\/spaziociclismo\/giro-2026\/giro-ditalia-2026-remco-evenepoel-la-decisione-di-non-venirci-e-stata-la-piu-dura-ma-ho-in-testa-i-mondiali-e-non-voglio-fare-cose-pazze\/#primaryimage","url":"https:\/\/cyclingpro.net\/spaziociclismo\/wp-content\/uploads\/2023\/05\/Remco-Evenepoel-Maglia-Rosa-Podio-Spumante-Giro-dItalia-2023-scaled.jpg","contentUrl":"https:\/\/cyclingpro.net\/spaziociclismo\/wp-content\/uploads\/2023\/05\/Remco-Evenepoel-Maglia-Rosa-Podio-Spumante-Giro-dItalia-2023-scaled.jpg","width":2560,"height":1707,"caption":"\u00a9 LaPresse"},{"@type":"BreadcrumbList","@id":"https:\/\/cyclingpro.net\/spaziociclismo\/giro-2026\/giro-ditalia-2026-remco-evenepoel-la-decisione-di-non-venirci-e-stata-la-piu-dura-ma-ho-in-testa-i-mondiali-e-non-voglio-fare-cose-pazze\/#breadcrumb","itemListElement":[{"@type":"ListItem","position":1,"name":"Home","item":"https:\/\/cyclingpro.net\/spaziociclismo\/"},{"@type":"ListItem","position":2,"name":"Giro d&#8217;Italia 2026, Remco Evenepoel: &#8220;La decisione di non venirci \u00e8 stata la pi\u00f9 dura, ma ho in testa i Mondiali e non voglio fare &#8216;cose pazze&#8217;&#8230;&#8221;"}]},{"@type":"WebSite","@id":"https:\/\/cyclingpro.net\/spaziociclismo\/#website","url":"https:\/\/cyclingpro.net\/spaziociclismo\/","name":"SpazioCiclismo","description":"Tutto il ciclismo minuto per minuto","publisher":{"@id":"https:\/\/cyclingpro.net\/spaziociclismo\/#organization"},"potentialAction":[{"@type":"SearchAction","target":{"@type":"EntryPoint","urlTemplate":"https:\/\/cyclingpro.net\/spaziociclismo\/?s={search_term_string}"},"query-input":{"@type":"PropertyValueSpecification","valueRequired":true,"valueName":"search_term_string"}}],"inLanguage":"it-IT"},{"@type":"Organization","@id":"https:\/\/cyclingpro.net\/spaziociclismo\/#organization","name":"SpazioCiclismo","url":"https:\/\/cyclingpro.net\/spaziociclismo\/","logo":{"@type":"ImageObject","inLanguage":"it-IT","@id":"https:\/\/cyclingpro.net\/spaziociclismo\/#\/schema\/logo\/image\/","url":"https:\/\/cyclingpro.net\/spaziociclismo\/wp-content\/uploads\/2017\/02\/SpazioCiclismo-Logo-Quadrato.png","contentUrl":"https:\/\/cyclingpro.net\/spaziociclismo\/wp-content\/uploads\/2017\/02\/SpazioCiclismo-Logo-Quadrato.png","width":450,"height":450,"caption":"SpazioCiclismo"},"image":{"@id":"https:\/\/cyclingpro.net\/spaziociclismo\/#\/schema\/logo\/image\/"},"sameAs":["https:\/\/www.facebook.com\/SpazioCiclismo\/","https:\/\/x.com\/spaziociclismo","https:\/\/www.instagram.com\/spaziociclismo\/"]},{"@type":"Person","@id":"https:\/\/cyclingpro.net\/spaziociclismo\/#\/schema\/person\/627dbc08c9712c25304b059bbb765de8","name":"Francesco Mitola","image":{"@type":"ImageObject","inLanguage":"it-IT","@id":"https:\/\/secure.gravatar.com\/avatar\/dc58a640368550cd17129d2ff185eec5cb2821b7c3403fc06dcaca847ae762d3?s=96&d=mm&r=g","url":"https:\/\/secure.gravatar.com\/avatar\/dc58a640368550cd17129d2ff185eec5cb2821b7c3403fc06dcaca847ae762d3?s=96&d=mm&r=g","contentUrl":"https:\/\/secure.gravatar.com\/avatar\/dc58a640368550cd17129d2ff185eec5cb2821b7c3403fc06dcaca847ae762d3?s=96&d=mm&r=g","caption":"Francesco Mitola"},"url":"https:\/\/cyclingpro.net\/spaziociclismo\/author\/fmitola\/"}]}},"_links":{"self":[{"href":"https:\/\/cyclingpro.net\/spaziociclismo\/wp-json\/wp\/v2\/posts\/357202","targetHints":{"allow":["GET"]}}],"collection":[{"href":"https:\/\/cyclingpro.net\/spaziociclismo\/wp-json\/wp\/v2\/posts"}],"about":[{"href":"https:\/\/cyclingpro.net\/spaziociclismo\/wp-json\/wp\/v2\/types\/post"}],"author":[{"embeddable":true,"href":"https:\/\/cyclingpro.net\/spaziociclismo\/wp-json\/wp\/v2\/users\/25"}],"replies":[{"embeddable":true,"href":"https:\/\/cyclingpro.net\/spaziociclismo\/wp-json\/wp\/v2\/comments?post=357202"}],"version-history":[{"count":1,"href":"https:\/\/cyclingpro.net\/spaziociclismo\/wp-json\/wp\/v2\/posts\/357202\/revisions"}],"predecessor-version":[{"id":357203,"href":"https:\/\/cyclingpro.net\/spaziociclismo\/wp-json\/wp\/v2\/posts\/357202\/revisions\/357203"}],"wp:featuredmedia":[{"embeddable":true,"href":"https:\/\/cyclingpro.net\/spaziociclismo\/wp-json\/wp\/v2\/media\/252224"}],"wp:attachment":[{"href":"https:\/\/cyclingpro.net\/spaziociclismo\/wp-json\/wp\/v2\/media?parent=357202"}],"wp:term":[{"taxonomy":"category","embeddable":true,"href":"https:\/\/cyclingpro.net\/spaziociclismo\/wp-json\/wp\/v2\/categories?post=357202"},{"taxonomy":"post_tag","embeddable":true,"href":"https:\/\/cyclingpro.net\/spaziociclismo\/wp-json\/wp\/v2\/tags?post=357202"}],"curies":[{"name":"wp","href":"https:\/\/api.w.org\/{rel}","templated":true}]}}