{"id":354199,"date":"2025-11-07T17:21:00","date_gmt":"2025-11-07T16:21:00","guid":{"rendered":"https:\/\/cyclingpro.net\/spaziociclismo\/?p=354199"},"modified":"2025-11-08T13:11:02","modified_gmt":"2025-11-08T12:11:02","slug":"europei-ciclocross-middelkerke-2025-il-c-t-italiano-daniele-pontoni-fissa-lobiettivo-lambizione-e-alta","status":"publish","type":"post","link":"https:\/\/cyclingpro.net\/spaziociclismo\/altro\/ciclocross\/europei-ciclocross-middelkerke-2025-il-c-t-italiano-daniele-pontoni-fissa-lobiettivo-lambizione-e-alta\/","title":{"rendered":"Europei Ciclocross Middelkerke 2025, il c.t. italiano Daniele Pontoni fissa l&#8217;obiettivo: &#8220;L&#8217;ambizione \u00e8 alta&#8221;"},"content":{"rendered":"<p>L&#8217;Italia si presenta agli <strong>Europei Ciclocross Middelkerke 2025<\/strong> con buone possibilit\u00e0. La rassegna continentale, in <a href=\"https:\/\/cyclingpro.net\/spaziociclismo\/altro\/ciclocross\/europei-ciclocross-middelkerke-2025-calendario-programma-date-percorso-tv-streaming\/\">programma sabato 8 e domenica 9 novembre<\/a>, vedr\u00e0 al via alcuni dei migliori specialisti di categoria. Gli azzurri, dal canto loro, non vogliono sfigurare, consapevoli di avere buone possibilit\u00e0 di medaglia nella maggior parte delle categorie. Ne \u00e8 consapevole anche Daniele Pontoni, il commissario tecnico dell&#8217;Italia per il ciclocross che ha diramato le <a href=\"https:\/\/cyclingpro.net\/spaziociclismo\/altro\/ciclocross\/europei-ciclocross-middelkerke-2025-i-convocati-dellitalia-mattia-agostinacchio-sara-casasola-e-stefano-viezzi-le-punte\/\" target=\"_blank\" rel=\"noopener\">convocazioni per il weekend<\/a>, in cui ha incluso le tre punte attese della nostra nazionale: <strong>Mattia Agostinacchio<\/strong>, <strong>Sara Casasola<\/strong> e <strong>Stefano Viezzi<\/strong>. \u00c8 chiaro che su di loro sono riposte le maggiori speranze degli azzurri di andare a medaglia, magari salendo anche sul gradino pi\u00f9 alto del podio.<\/p>\n<p>Intervenuto ai microfoni di\u00a0<em>RadioCorsa\u00a0<\/em>nella puntata di gioved\u00ec 6 novembre, <strong>Daniele Pontoni <\/strong>ha fissato gli obiettivi: &#8220;Purtroppo \u00e8 un compito difficile fare le convocazioni, si lascia sempre scontento qualcuno. A me per\u00f2 piace parlare di chi c&#8217;\u00e8 e i ragazzi chiamati in causa in questi quattro anni mi hanno dato grosse soddisfazioni e spero che anche quest&#8217;anno sia cos\u00ec. Abbiamo una nazionale composta da 15 ragazzi e con 7 o 8 di loro abbiamo ambizione di medaglia in almeno 4 categorie. Andiamo al via fiduciosi e speranzosi. Rispettiamo tutti, ma l&#8217;ambizione \u00e8 alta. I ragazzi sono pronti. L&#8217;anno scorso abbiamo vinto il medagliere, tornando a casa con due ori e varie medaglie. Speriamo di migliorarci quest&#8217;anno, soprattutto coi giovani ma anche con Sara Casasola e nell&#8217;Under 23&#8221;.<\/p>\n<p>Riguardo il futuro, invece, il commissario tecnico non ha dubbi: &#8220;Io credo che riusciremo a tenere Agostinacchio e Viezzi fino ai professionisti. Agostinacchio ha firmato un triennale tra gli under e sicuramente lo avremo nel ciclocross, Viezzi come Casasola hanno firmato con i Roodhoft (nella Alpecin-Deceuninck, ndr), che danno spazio al ciclocross. Per gli altri ovviamente dipender\u00e0 con che squadra firmeranno e da quello capiremo se continueranno a correre con noi. Stiamo comunque vedendo che questi ragazzi hanno la volont\u00e0 di fare ciclocross&#8221;.<\/p>\n","protected":false},"excerpt":{"rendered":"<p>&#8220;L&#8217;anno scorso abbiamo vinto il medagliere, tornando a casa con due ori e varie medaglie&#8221;<\/p>\n","protected":false},"author":15,"featured_media":353099,"comment_status":"open","ping_status":"closed","sticky":false,"template":"","format":"standard","meta":{"footnotes":""},"categories":[4],"tags":[6600],"class_list":["post-354199","post","type-post","status-publish","format-standard","has-post-thumbnail","hentry","category-ciclocross","tag-europei-cx-middelkerke-2025"],"yoast_head":"<!-- This site is optimized with the Yoast SEO plugin v27.4 - https:\/\/yoast.com\/product\/yoast-seo-wordpress\/ -->\n<title>Europei Ciclocross Middelkerke 2025, il c.t. italiano Daniele Pontoni fissa l&#039;obiettivo: &quot;L&#039;ambizione \u00e8 alta&quot; - SpazioCiclismo<\/title>\n<meta name=\"robots\" content=\"index, follow, max-snippet:-1, max-image-preview:large, max-video-preview:-1\" \/>\n<link rel=\"canonical\" href=\"https:\/\/cyclingpro.net\/spaziociclismo\/altro\/ciclocross\/europei-ciclocross-middelkerke-2025-il-c-t-italiano-daniele-pontoni-fissa-lobiettivo-lambizione-e-alta\/\" \/>\n<meta property=\"og:locale\" content=\"it_IT\" \/>\n<meta property=\"og:type\" content=\"article\" \/>\n<meta property=\"og:title\" content=\"Europei Ciclocross Middelkerke 2025, il c.t. italiano Daniele Pontoni fissa l&#039;obiettivo: &quot;L&#039;ambizione \u00e8 alta&quot; - SpazioCiclismo\" \/>\n<meta property=\"og:description\" content=\"&quot;L&#039;anno scorso abbiamo vinto il medagliere, tornando a casa con due ori e varie medaglie&quot;\" \/>\n<meta property=\"og:url\" content=\"https:\/\/cyclingpro.net\/spaziociclismo\/altro\/ciclocross\/europei-ciclocross-middelkerke-2025-il-c-t-italiano-daniele-pontoni-fissa-lobiettivo-lambizione-e-alta\/\" \/>\n<meta property=\"og:site_name\" content=\"SpazioCiclismo\" \/>\n<meta property=\"article:publisher\" content=\"https:\/\/www.facebook.com\/SpazioCiclismo\/\" \/>\n<meta property=\"article:published_time\" content=\"2025-11-07T16:21:00+00:00\" \/>\n<meta property=\"article:modified_time\" content=\"2025-11-08T12:11:02+00:00\" \/>\n<meta property=\"og:image\" content=\"https:\/\/cyclingpro.net\/spaziociclismo\/wp-content\/uploads\/2025\/10\/Mattia-Agostinacchio-Ciclocross-GP-Cicli-Bianchi.jpg\" \/>\n\t<meta property=\"og:image:width\" content=\"1200\" \/>\n\t<meta property=\"og:image:height\" content=\"800\" \/>\n\t<meta property=\"og:image:type\" content=\"image\/jpeg\" \/>\n<meta name=\"author\" content=\"Davide Terraneo\" \/>\n<meta name=\"twitter:card\" content=\"summary_large_image\" \/>\n<meta name=\"twitter:creator\" content=\"@spaziociclismo\" \/>\n<meta name=\"twitter:site\" content=\"@spaziociclismo\" \/>\n<meta name=\"twitter:label1\" content=\"Scritto da\" \/>\n\t<meta name=\"twitter:data1\" content=\"Davide Terraneo\" \/>\n\t<meta name=\"twitter:label2\" content=\"Tempo di lettura stimato\" \/>\n\t<meta name=\"twitter:data2\" content=\"2 minuti\" \/>\n<script type=\"application\/ld+json\" class=\"yoast-schema-graph\">{\"@context\":\"https:\\\/\\\/schema.org\",\"@graph\":[{\"@type\":\"Article\",\"@id\":\"https:\\\/\\\/cyclingpro.net\\\/spaziociclismo\\\/altro\\\/ciclocross\\\/europei-ciclocross-middelkerke-2025-il-c-t-italiano-daniele-pontoni-fissa-lobiettivo-lambizione-e-alta\\\/#article\",\"isPartOf\":{\"@id\":\"https:\\\/\\\/cyclingpro.net\\\/spaziociclismo\\\/altro\\\/ciclocross\\\/europei-ciclocross-middelkerke-2025-il-c-t-italiano-daniele-pontoni-fissa-lobiettivo-lambizione-e-alta\\\/\"},\"author\":{\"name\":\"Davide Terraneo\",\"@id\":\"https:\\\/\\\/cyclingpro.net\\\/spaziociclismo\\\/#\\\/schema\\\/person\\\/7e1a937a7dba4e684209b697ab87796a\"},\"headline\":\"Europei Ciclocross Middelkerke 2025, il c.t. italiano Daniele Pontoni fissa l&#8217;obiettivo: &#8220;L&#8217;ambizione \u00e8 alta&#8221;\",\"datePublished\":\"2025-11-07T16:21:00+00:00\",\"dateModified\":\"2025-11-08T12:11:02+00:00\",\"mainEntityOfPage\":{\"@id\":\"https:\\\/\\\/cyclingpro.net\\\/spaziociclismo\\\/altro\\\/ciclocross\\\/europei-ciclocross-middelkerke-2025-il-c-t-italiano-daniele-pontoni-fissa-lobiettivo-lambizione-e-alta\\\/\"},\"wordCount\":336,\"commentCount\":0,\"publisher\":{\"@id\":\"https:\\\/\\\/cyclingpro.net\\\/spaziociclismo\\\/#organization\"},\"image\":{\"@id\":\"https:\\\/\\\/cyclingpro.net\\\/spaziociclismo\\\/altro\\\/ciclocross\\\/europei-ciclocross-middelkerke-2025-il-c-t-italiano-daniele-pontoni-fissa-lobiettivo-lambizione-e-alta\\\/#primaryimage\"},\"thumbnailUrl\":\"https:\\\/\\\/cyclingpro.net\\\/spaziociclismo\\\/wp-content\\\/uploads\\\/2025\\\/10\\\/Mattia-Agostinacchio-Ciclocross-GP-Cicli-Bianchi.jpg\",\"keywords\":[\"Europei CX Middelkerke 2025\"],\"articleSection\":[\"Ciclocross\"],\"inLanguage\":\"it-IT\",\"potentialAction\":[{\"@type\":\"CommentAction\",\"name\":\"Comment\",\"target\":[\"https:\\\/\\\/cyclingpro.net\\\/spaziociclismo\\\/altro\\\/ciclocross\\\/europei-ciclocross-middelkerke-2025-il-c-t-italiano-daniele-pontoni-fissa-lobiettivo-lambizione-e-alta\\\/#respond\"]}]},{\"@type\":\"WebPage\",\"@id\":\"https:\\\/\\\/cyclingpro.net\\\/spaziociclismo\\\/altro\\\/ciclocross\\\/europei-ciclocross-middelkerke-2025-il-c-t-italiano-daniele-pontoni-fissa-lobiettivo-lambizione-e-alta\\\/\",\"url\":\"https:\\\/\\\/cyclingpro.net\\\/spaziociclismo\\\/altro\\\/ciclocross\\\/europei-ciclocross-middelkerke-2025-il-c-t-italiano-daniele-pontoni-fissa-lobiettivo-lambizione-e-alta\\\/\",\"name\":\"Europei Ciclocross Middelkerke 2025, il c.t. italiano Daniele Pontoni fissa l'obiettivo: \\\"L'ambizione \u00e8 alta\\\" - SpazioCiclismo\",\"isPartOf\":{\"@id\":\"https:\\\/\\\/cyclingpro.net\\\/spaziociclismo\\\/#website\"},\"primaryImageOfPage\":{\"@id\":\"https:\\\/\\\/cyclingpro.net\\\/spaziociclismo\\\/altro\\\/ciclocross\\\/europei-ciclocross-middelkerke-2025-il-c-t-italiano-daniele-pontoni-fissa-lobiettivo-lambizione-e-alta\\\/#primaryimage\"},\"image\":{\"@id\":\"https:\\\/\\\/cyclingpro.net\\\/spaziociclismo\\\/altro\\\/ciclocross\\\/europei-ciclocross-middelkerke-2025-il-c-t-italiano-daniele-pontoni-fissa-lobiettivo-lambizione-e-alta\\\/#primaryimage\"},\"thumbnailUrl\":\"https:\\\/\\\/cyclingpro.net\\\/spaziociclismo\\\/wp-content\\\/uploads\\\/2025\\\/10\\\/Mattia-Agostinacchio-Ciclocross-GP-Cicli-Bianchi.jpg\",\"datePublished\":\"2025-11-07T16:21:00+00:00\",\"dateModified\":\"2025-11-08T12:11:02+00:00\",\"breadcrumb\":{\"@id\":\"https:\\\/\\\/cyclingpro.net\\\/spaziociclismo\\\/altro\\\/ciclocross\\\/europei-ciclocross-middelkerke-2025-il-c-t-italiano-daniele-pontoni-fissa-lobiettivo-lambizione-e-alta\\\/#breadcrumb\"},\"inLanguage\":\"it-IT\",\"potentialAction\":[{\"@type\":\"ReadAction\",\"target\":[\"https:\\\/\\\/cyclingpro.net\\\/spaziociclismo\\\/altro\\\/ciclocross\\\/europei-ciclocross-middelkerke-2025-il-c-t-italiano-daniele-pontoni-fissa-lobiettivo-lambizione-e-alta\\\/\"]}]},{\"@type\":\"ImageObject\",\"inLanguage\":\"it-IT\",\"@id\":\"https:\\\/\\\/cyclingpro.net\\\/spaziociclismo\\\/altro\\\/ciclocross\\\/europei-ciclocross-middelkerke-2025-il-c-t-italiano-daniele-pontoni-fissa-lobiettivo-lambizione-e-alta\\\/#primaryimage\",\"url\":\"https:\\\/\\\/cyclingpro.net\\\/spaziociclismo\\\/wp-content\\\/uploads\\\/2025\\\/10\\\/Mattia-Agostinacchio-Ciclocross-GP-Cicli-Bianchi.jpg\",\"contentUrl\":\"https:\\\/\\\/cyclingpro.net\\\/spaziociclismo\\\/wp-content\\\/uploads\\\/2025\\\/10\\\/Mattia-Agostinacchio-Ciclocross-GP-Cicli-Bianchi.jpg\",\"width\":1200,\"height\":800,\"caption\":\"\u00a9 EF Education-EasyPost\"},{\"@type\":\"BreadcrumbList\",\"@id\":\"https:\\\/\\\/cyclingpro.net\\\/spaziociclismo\\\/altro\\\/ciclocross\\\/europei-ciclocross-middelkerke-2025-il-c-t-italiano-daniele-pontoni-fissa-lobiettivo-lambizione-e-alta\\\/#breadcrumb\",\"itemListElement\":[{\"@type\":\"ListItem\",\"position\":1,\"name\":\"Home\",\"item\":\"https:\\\/\\\/cyclingpro.net\\\/spaziociclismo\\\/\"},{\"@type\":\"ListItem\",\"position\":2,\"name\":\"Europei Ciclocross Middelkerke 2025, il c.t. italiano Daniele Pontoni fissa l&#8217;obiettivo: &#8220;L&#8217;ambizione \u00e8 alta&#8221;\"}]},{\"@type\":\"WebSite\",\"@id\":\"https:\\\/\\\/cyclingpro.net\\\/spaziociclismo\\\/#website\",\"url\":\"https:\\\/\\\/cyclingpro.net\\\/spaziociclismo\\\/\",\"name\":\"SpazioCiclismo\",\"description\":\"Tutto il ciclismo minuto per minuto\",\"publisher\":{\"@id\":\"https:\\\/\\\/cyclingpro.net\\\/spaziociclismo\\\/#organization\"},\"potentialAction\":[{\"@type\":\"SearchAction\",\"target\":{\"@type\":\"EntryPoint\",\"urlTemplate\":\"https:\\\/\\\/cyclingpro.net\\\/spaziociclismo\\\/?s={search_term_string}\"},\"query-input\":{\"@type\":\"PropertyValueSpecification\",\"valueRequired\":true,\"valueName\":\"search_term_string\"}}],\"inLanguage\":\"it-IT\"},{\"@type\":\"Organization\",\"@id\":\"https:\\\/\\\/cyclingpro.net\\\/spaziociclismo\\\/#organization\",\"name\":\"SpazioCiclismo\",\"url\":\"https:\\\/\\\/cyclingpro.net\\\/spaziociclismo\\\/\",\"logo\":{\"@type\":\"ImageObject\",\"inLanguage\":\"it-IT\",\"@id\":\"https:\\\/\\\/cyclingpro.net\\\/spaziociclismo\\\/#\\\/schema\\\/logo\\\/image\\\/\",\"url\":\"https:\\\/\\\/cyclingpro.net\\\/spaziociclismo\\\/wp-content\\\/uploads\\\/2017\\\/02\\\/SpazioCiclismo-Logo-Quadrato.png\",\"contentUrl\":\"https:\\\/\\\/cyclingpro.net\\\/spaziociclismo\\\/wp-content\\\/uploads\\\/2017\\\/02\\\/SpazioCiclismo-Logo-Quadrato.png\",\"width\":450,\"height\":450,\"caption\":\"SpazioCiclismo\"},\"image\":{\"@id\":\"https:\\\/\\\/cyclingpro.net\\\/spaziociclismo\\\/#\\\/schema\\\/logo\\\/image\\\/\"},\"sameAs\":[\"https:\\\/\\\/www.facebook.com\\\/SpazioCiclismo\\\/\",\"https:\\\/\\\/x.com\\\/spaziociclismo\",\"https:\\\/\\\/www.instagram.com\\\/spaziociclismo\\\/\"]},{\"@type\":\"Person\",\"@id\":\"https:\\\/\\\/cyclingpro.net\\\/spaziociclismo\\\/#\\\/schema\\\/person\\\/7e1a937a7dba4e684209b697ab87796a\",\"name\":\"Davide Terraneo\",\"image\":{\"@type\":\"ImageObject\",\"inLanguage\":\"it-IT\",\"@id\":\"https:\\\/\\\/secure.gravatar.com\\\/avatar\\\/ff8491b63094864b9d94b44d6465d0050c0872ad4112e51a3cee77d0500a47c5?s=96&d=mm&r=g\",\"url\":\"https:\\\/\\\/secure.gravatar.com\\\/avatar\\\/ff8491b63094864b9d94b44d6465d0050c0872ad4112e51a3cee77d0500a47c5?s=96&d=mm&r=g\",\"contentUrl\":\"https:\\\/\\\/secure.gravatar.com\\\/avatar\\\/ff8491b63094864b9d94b44d6465d0050c0872ad4112e51a3cee77d0500a47c5?s=96&d=mm&r=g\",\"caption\":\"Davide Terraneo\"},\"url\":\"https:\\\/\\\/cyclingpro.net\\\/spaziociclismo\\\/author\\\/dterraneo\\\/\"}]}<\/script>\n<!-- \/ Yoast SEO plugin. -->","yoast_head_json":{"title":"Europei Ciclocross Middelkerke 2025, il c.t. italiano Daniele Pontoni fissa l'obiettivo: \"L'ambizione \u00e8 alta\" - SpazioCiclismo","robots":{"index":"index","follow":"follow","max-snippet":"max-snippet:-1","max-image-preview":"max-image-preview:large","max-video-preview":"max-video-preview:-1"},"canonical":"https:\/\/cyclingpro.net\/spaziociclismo\/altro\/ciclocross\/europei-ciclocross-middelkerke-2025-il-c-t-italiano-daniele-pontoni-fissa-lobiettivo-lambizione-e-alta\/","og_locale":"it_IT","og_type":"article","og_title":"Europei Ciclocross Middelkerke 2025, il c.t. italiano Daniele Pontoni fissa l'obiettivo: \"L'ambizione \u00e8 alta\" - SpazioCiclismo","og_description":"\"L'anno scorso abbiamo vinto il medagliere, tornando a casa con due ori e varie medaglie\"","og_url":"https:\/\/cyclingpro.net\/spaziociclismo\/altro\/ciclocross\/europei-ciclocross-middelkerke-2025-il-c-t-italiano-daniele-pontoni-fissa-lobiettivo-lambizione-e-alta\/","og_site_name":"SpazioCiclismo","article_publisher":"https:\/\/www.facebook.com\/SpazioCiclismo\/","article_published_time":"2025-11-07T16:21:00+00:00","article_modified_time":"2025-11-08T12:11:02+00:00","og_image":[{"width":1200,"height":800,"url":"https:\/\/cyclingpro.net\/spaziociclismo\/wp-content\/uploads\/2025\/10\/Mattia-Agostinacchio-Ciclocross-GP-Cicli-Bianchi.jpg","type":"image\/jpeg"}],"author":"Davide Terraneo","twitter_card":"summary_large_image","twitter_creator":"@spaziociclismo","twitter_site":"@spaziociclismo","twitter_misc":{"Scritto da":"Davide Terraneo","Tempo di lettura stimato":"2 minuti"},"schema":{"@context":"https:\/\/schema.org","@graph":[{"@type":"Article","@id":"https:\/\/cyclingpro.net\/spaziociclismo\/altro\/ciclocross\/europei-ciclocross-middelkerke-2025-il-c-t-italiano-daniele-pontoni-fissa-lobiettivo-lambizione-e-alta\/#article","isPartOf":{"@id":"https:\/\/cyclingpro.net\/spaziociclismo\/altro\/ciclocross\/europei-ciclocross-middelkerke-2025-il-c-t-italiano-daniele-pontoni-fissa-lobiettivo-lambizione-e-alta\/"},"author":{"name":"Davide Terraneo","@id":"https:\/\/cyclingpro.net\/spaziociclismo\/#\/schema\/person\/7e1a937a7dba4e684209b697ab87796a"},"headline":"Europei Ciclocross Middelkerke 2025, il c.t. italiano Daniele Pontoni fissa l&#8217;obiettivo: &#8220;L&#8217;ambizione \u00e8 alta&#8221;","datePublished":"2025-11-07T16:21:00+00:00","dateModified":"2025-11-08T12:11:02+00:00","mainEntityOfPage":{"@id":"https:\/\/cyclingpro.net\/spaziociclismo\/altro\/ciclocross\/europei-ciclocross-middelkerke-2025-il-c-t-italiano-daniele-pontoni-fissa-lobiettivo-lambizione-e-alta\/"},"wordCount":336,"commentCount":0,"publisher":{"@id":"https:\/\/cyclingpro.net\/spaziociclismo\/#organization"},"image":{"@id":"https:\/\/cyclingpro.net\/spaziociclismo\/altro\/ciclocross\/europei-ciclocross-middelkerke-2025-il-c-t-italiano-daniele-pontoni-fissa-lobiettivo-lambizione-e-alta\/#primaryimage"},"thumbnailUrl":"https:\/\/cyclingpro.net\/spaziociclismo\/wp-content\/uploads\/2025\/10\/Mattia-Agostinacchio-Ciclocross-GP-Cicli-Bianchi.jpg","keywords":["Europei CX Middelkerke 2025"],"articleSection":["Ciclocross"],"inLanguage":"it-IT","potentialAction":[{"@type":"CommentAction","name":"Comment","target":["https:\/\/cyclingpro.net\/spaziociclismo\/altro\/ciclocross\/europei-ciclocross-middelkerke-2025-il-c-t-italiano-daniele-pontoni-fissa-lobiettivo-lambizione-e-alta\/#respond"]}]},{"@type":"WebPage","@id":"https:\/\/cyclingpro.net\/spaziociclismo\/altro\/ciclocross\/europei-ciclocross-middelkerke-2025-il-c-t-italiano-daniele-pontoni-fissa-lobiettivo-lambizione-e-alta\/","url":"https:\/\/cyclingpro.net\/spaziociclismo\/altro\/ciclocross\/europei-ciclocross-middelkerke-2025-il-c-t-italiano-daniele-pontoni-fissa-lobiettivo-lambizione-e-alta\/","name":"Europei Ciclocross Middelkerke 2025, il c.t. italiano Daniele Pontoni fissa l'obiettivo: \"L'ambizione \u00e8 alta\" - SpazioCiclismo","isPartOf":{"@id":"https:\/\/cyclingpro.net\/spaziociclismo\/#website"},"primaryImageOfPage":{"@id":"https:\/\/cyclingpro.net\/spaziociclismo\/altro\/ciclocross\/europei-ciclocross-middelkerke-2025-il-c-t-italiano-daniele-pontoni-fissa-lobiettivo-lambizione-e-alta\/#primaryimage"},"image":{"@id":"https:\/\/cyclingpro.net\/spaziociclismo\/altro\/ciclocross\/europei-ciclocross-middelkerke-2025-il-c-t-italiano-daniele-pontoni-fissa-lobiettivo-lambizione-e-alta\/#primaryimage"},"thumbnailUrl":"https:\/\/cyclingpro.net\/spaziociclismo\/wp-content\/uploads\/2025\/10\/Mattia-Agostinacchio-Ciclocross-GP-Cicli-Bianchi.jpg","datePublished":"2025-11-07T16:21:00+00:00","dateModified":"2025-11-08T12:11:02+00:00","breadcrumb":{"@id":"https:\/\/cyclingpro.net\/spaziociclismo\/altro\/ciclocross\/europei-ciclocross-middelkerke-2025-il-c-t-italiano-daniele-pontoni-fissa-lobiettivo-lambizione-e-alta\/#breadcrumb"},"inLanguage":"it-IT","potentialAction":[{"@type":"ReadAction","target":["https:\/\/cyclingpro.net\/spaziociclismo\/altro\/ciclocross\/europei-ciclocross-middelkerke-2025-il-c-t-italiano-daniele-pontoni-fissa-lobiettivo-lambizione-e-alta\/"]}]},{"@type":"ImageObject","inLanguage":"it-IT","@id":"https:\/\/cyclingpro.net\/spaziociclismo\/altro\/ciclocross\/europei-ciclocross-middelkerke-2025-il-c-t-italiano-daniele-pontoni-fissa-lobiettivo-lambizione-e-alta\/#primaryimage","url":"https:\/\/cyclingpro.net\/spaziociclismo\/wp-content\/uploads\/2025\/10\/Mattia-Agostinacchio-Ciclocross-GP-Cicli-Bianchi.jpg","contentUrl":"https:\/\/cyclingpro.net\/spaziociclismo\/wp-content\/uploads\/2025\/10\/Mattia-Agostinacchio-Ciclocross-GP-Cicli-Bianchi.jpg","width":1200,"height":800,"caption":"\u00a9 EF Education-EasyPost"},{"@type":"BreadcrumbList","@id":"https:\/\/cyclingpro.net\/spaziociclismo\/altro\/ciclocross\/europei-ciclocross-middelkerke-2025-il-c-t-italiano-daniele-pontoni-fissa-lobiettivo-lambizione-e-alta\/#breadcrumb","itemListElement":[{"@type":"ListItem","position":1,"name":"Home","item":"https:\/\/cyclingpro.net\/spaziociclismo\/"},{"@type":"ListItem","position":2,"name":"Europei Ciclocross Middelkerke 2025, il c.t. italiano Daniele Pontoni fissa l&#8217;obiettivo: &#8220;L&#8217;ambizione \u00e8 alta&#8221;"}]},{"@type":"WebSite","@id":"https:\/\/cyclingpro.net\/spaziociclismo\/#website","url":"https:\/\/cyclingpro.net\/spaziociclismo\/","name":"SpazioCiclismo","description":"Tutto il ciclismo minuto per minuto","publisher":{"@id":"https:\/\/cyclingpro.net\/spaziociclismo\/#organization"},"potentialAction":[{"@type":"SearchAction","target":{"@type":"EntryPoint","urlTemplate":"https:\/\/cyclingpro.net\/spaziociclismo\/?s={search_term_string}"},"query-input":{"@type":"PropertyValueSpecification","valueRequired":true,"valueName":"search_term_string"}}],"inLanguage":"it-IT"},{"@type":"Organization","@id":"https:\/\/cyclingpro.net\/spaziociclismo\/#organization","name":"SpazioCiclismo","url":"https:\/\/cyclingpro.net\/spaziociclismo\/","logo":{"@type":"ImageObject","inLanguage":"it-IT","@id":"https:\/\/cyclingpro.net\/spaziociclismo\/#\/schema\/logo\/image\/","url":"https:\/\/cyclingpro.net\/spaziociclismo\/wp-content\/uploads\/2017\/02\/SpazioCiclismo-Logo-Quadrato.png","contentUrl":"https:\/\/cyclingpro.net\/spaziociclismo\/wp-content\/uploads\/2017\/02\/SpazioCiclismo-Logo-Quadrato.png","width":450,"height":450,"caption":"SpazioCiclismo"},"image":{"@id":"https:\/\/cyclingpro.net\/spaziociclismo\/#\/schema\/logo\/image\/"},"sameAs":["https:\/\/www.facebook.com\/SpazioCiclismo\/","https:\/\/x.com\/spaziociclismo","https:\/\/www.instagram.com\/spaziociclismo\/"]},{"@type":"Person","@id":"https:\/\/cyclingpro.net\/spaziociclismo\/#\/schema\/person\/7e1a937a7dba4e684209b697ab87796a","name":"Davide Terraneo","image":{"@type":"ImageObject","inLanguage":"it-IT","@id":"https:\/\/secure.gravatar.com\/avatar\/ff8491b63094864b9d94b44d6465d0050c0872ad4112e51a3cee77d0500a47c5?s=96&d=mm&r=g","url":"https:\/\/secure.gravatar.com\/avatar\/ff8491b63094864b9d94b44d6465d0050c0872ad4112e51a3cee77d0500a47c5?s=96&d=mm&r=g","contentUrl":"https:\/\/secure.gravatar.com\/avatar\/ff8491b63094864b9d94b44d6465d0050c0872ad4112e51a3cee77d0500a47c5?s=96&d=mm&r=g","caption":"Davide Terraneo"},"url":"https:\/\/cyclingpro.net\/spaziociclismo\/author\/dterraneo\/"}]}},"_links":{"self":[{"href":"https:\/\/cyclingpro.net\/spaziociclismo\/wp-json\/wp\/v2\/posts\/354199","targetHints":{"allow":["GET"]}}],"collection":[{"href":"https:\/\/cyclingpro.net\/spaziociclismo\/wp-json\/wp\/v2\/posts"}],"about":[{"href":"https:\/\/cyclingpro.net\/spaziociclismo\/wp-json\/wp\/v2\/types\/post"}],"author":[{"embeddable":true,"href":"https:\/\/cyclingpro.net\/spaziociclismo\/wp-json\/wp\/v2\/users\/15"}],"replies":[{"embeddable":true,"href":"https:\/\/cyclingpro.net\/spaziociclismo\/wp-json\/wp\/v2\/comments?post=354199"}],"version-history":[{"count":6,"href":"https:\/\/cyclingpro.net\/spaziociclismo\/wp-json\/wp\/v2\/posts\/354199\/revisions"}],"predecessor-version":[{"id":354287,"href":"https:\/\/cyclingpro.net\/spaziociclismo\/wp-json\/wp\/v2\/posts\/354199\/revisions\/354287"}],"wp:featuredmedia":[{"embeddable":true,"href":"https:\/\/cyclingpro.net\/spaziociclismo\/wp-json\/wp\/v2\/media\/353099"}],"wp:attachment":[{"href":"https:\/\/cyclingpro.net\/spaziociclismo\/wp-json\/wp\/v2\/media?parent=354199"}],"wp:term":[{"taxonomy":"category","embeddable":true,"href":"https:\/\/cyclingpro.net\/spaziociclismo\/wp-json\/wp\/v2\/categories?post=354199"},{"taxonomy":"post_tag","embeddable":true,"href":"https:\/\/cyclingpro.net\/spaziociclismo\/wp-json\/wp\/v2\/tags?post=354199"}],"curies":[{"name":"wp","href":"https:\/\/api.w.org\/{rel}","templated":true}]}}