{"id":350527,"date":"2025-10-05T09:53:57","date_gmt":"2025-10-05T07:53:57","guid":{"rendered":"https:\/\/cyclingpro.net\/spaziociclismo\/?p=350527"},"modified":"2025-10-05T09:54:59","modified_gmt":"2025-10-05T07:54:59","slug":"cofidis-anthony-perez-chiudera-la-carriera-alla-fine-di-questa-stagione","status":"publish","type":"post","link":"https:\/\/cyclingpro.net\/spaziociclismo\/ciclomercato\/cofidis-anthony-perez-chiudera-la-carriera-alla-fine-di-questa-stagione\/","title":{"rendered":"Cofidis, Anthony Perez chiuder\u00e0 la carriera alla fine di questa stagione"},"content":{"rendered":"<p>Mancano poche corse alla fine della carriera agonistica su strada di <strong>Anthony Perez<\/strong>. Il francese, 34 anni, ha infatti annunciato che chiuder\u00e0 la sua esperienza in sella dopo il Tour de Vend\u00e9e 2025, previsto per sabato 11 ottobre. Perez saluter\u00e0 quindi il gruppo chiudendo un percorso che lo ha visto da sempre legato alle sorti della Cofidis, squadra a cui si \u00e8 unito nel 2016 e che non ha pi\u00f9 lasciato. In tutto, il nativo di Toulouse ha raccolto, in queste dieci stagioni, cinque vittorie: l&#8217;ultima di queste risale ormai a pi\u00f9 di due anni fa, quando Perez <a href=\"https:\/\/cyclingpro.net\/spaziociclismo\/continental\/faun-drome-classic-2023-anthony-perez-al-settimo-cielo-questa-e-la-felicita\/\" target=\"_blank\" rel=\"noopener\">si impose in solitaria sul traguardo della <strong>Faun Dr\u00f4me Classic 2023<\/strong>.\u00a0<\/a><\/p>\n<p>La notizia del ritiro di Perez \u00e8 stata data dallo stesso corridore in un&#8217;intervista a <a href=\"https:\/\/www.ladepeche.fr\/2025\/10\/03\/info-la-depeche-cyclisme-cest-un-soulagement-anthony-perez-annonce-larret-de-sa-carriere-apres-dix-ans-dans-le-peloton-professionnel-12970312.php\" target=\"_blank\" rel=\"noopener\"><em>La D\u00e9p\u00eache<\/em><\/a>, intervista in cui l&#8217;esperto atleta francese ha definito un &#8220;sollievo&#8221; la decisione presa di chiudere la carriera.<\/p>\n","protected":false},"excerpt":{"rendered":"<p>Il corridore francese ha vestito la maglia della Cofidis per tutto il suo percorso professionistico, dal 2016 a oggi. #CicloMercato<\/p>\n","protected":false},"author":25,"featured_media":242514,"comment_status":"open","ping_status":"closed","sticky":false,"template":"","format":"standard","meta":{"footnotes":""},"categories":[5,25],"tags":[5565],"class_list":["post-350527","post","type-post","status-publish","format-standard","has-post-thumbnail","hentry","category-ciclomercato","category-worldtour","tag-ciclomercato-2026"],"yoast_head":"<!-- This site is optimized with the Yoast SEO plugin v27.4 - https:\/\/yoast.com\/product\/yoast-seo-wordpress\/ -->\n<title>Cofidis, Anthony Perez chiuder\u00e0 la carriera alla fine di questa stagione - SpazioCiclismo<\/title>\n<meta name=\"robots\" content=\"index, follow, max-snippet:-1, max-image-preview:large, max-video-preview:-1\" \/>\n<link rel=\"canonical\" href=\"https:\/\/cyclingpro.net\/spaziociclismo\/ciclomercato\/cofidis-anthony-perez-chiudera-la-carriera-alla-fine-di-questa-stagione\/\" \/>\n<meta property=\"og:locale\" content=\"it_IT\" \/>\n<meta property=\"og:type\" content=\"article\" \/>\n<meta property=\"og:title\" content=\"Cofidis, Anthony Perez chiuder\u00e0 la carriera alla fine di questa stagione - SpazioCiclismo\" \/>\n<meta property=\"og:description\" content=\"Il corridore francese ha vestito la maglia della Cofidis per tutto il suo percorso professionistico, dal 2016 a oggi. #CicloMercato\" \/>\n<meta property=\"og:url\" content=\"https:\/\/cyclingpro.net\/spaziociclismo\/ciclomercato\/cofidis-anthony-perez-chiudera-la-carriera-alla-fine-di-questa-stagione\/\" \/>\n<meta property=\"og:site_name\" content=\"SpazioCiclismo\" \/>\n<meta property=\"article:publisher\" content=\"https:\/\/www.facebook.com\/SpazioCiclismo\/\" \/>\n<meta property=\"article:published_time\" content=\"2025-10-05T07:53:57+00:00\" \/>\n<meta property=\"article:modified_time\" content=\"2025-10-05T07:54:59+00:00\" \/>\n<meta property=\"og:image\" content=\"https:\/\/cyclingpro.net\/spaziociclismo\/wp-content\/uploads\/2023\/02\/Anthony-Perez-Faun-Drome-Classic-2023.jpg\" \/>\n\t<meta property=\"og:image:width\" content=\"1200\" \/>\n\t<meta property=\"og:image:height\" content=\"800\" \/>\n\t<meta property=\"og:image:type\" content=\"image\/jpeg\" \/>\n<meta name=\"author\" content=\"Francesco Mitola\" \/>\n<meta name=\"twitter:card\" content=\"summary_large_image\" \/>\n<meta name=\"twitter:creator\" content=\"@spaziociclismo\" \/>\n<meta name=\"twitter:site\" content=\"@spaziociclismo\" \/>\n<meta name=\"twitter:label1\" content=\"Scritto da\" \/>\n\t<meta name=\"twitter:data1\" content=\"Francesco Mitola\" \/>\n\t<meta name=\"twitter:label2\" content=\"Tempo di lettura stimato\" \/>\n\t<meta name=\"twitter:data2\" content=\"1 minuto\" \/>\n<script type=\"application\/ld+json\" class=\"yoast-schema-graph\">{\"@context\":\"https:\\\/\\\/schema.org\",\"@graph\":[{\"@type\":\"Article\",\"@id\":\"https:\\\/\\\/cyclingpro.net\\\/spaziociclismo\\\/ciclomercato\\\/cofidis-anthony-perez-chiudera-la-carriera-alla-fine-di-questa-stagione\\\/#article\",\"isPartOf\":{\"@id\":\"https:\\\/\\\/cyclingpro.net\\\/spaziociclismo\\\/ciclomercato\\\/cofidis-anthony-perez-chiudera-la-carriera-alla-fine-di-questa-stagione\\\/\"},\"author\":{\"name\":\"Francesco Mitola\",\"@id\":\"https:\\\/\\\/cyclingpro.net\\\/spaziociclismo\\\/#\\\/schema\\\/person\\\/627dbc08c9712c25304b059bbb765de8\"},\"headline\":\"Cofidis, Anthony Perez chiuder\u00e0 la carriera alla fine di questa stagione\",\"datePublished\":\"2025-10-05T07:53:57+00:00\",\"dateModified\":\"2025-10-05T07:54:59+00:00\",\"mainEntityOfPage\":{\"@id\":\"https:\\\/\\\/cyclingpro.net\\\/spaziociclismo\\\/ciclomercato\\\/cofidis-anthony-perez-chiudera-la-carriera-alla-fine-di-questa-stagione\\\/\"},\"wordCount\":154,\"commentCount\":0,\"publisher\":{\"@id\":\"https:\\\/\\\/cyclingpro.net\\\/spaziociclismo\\\/#organization\"},\"image\":{\"@id\":\"https:\\\/\\\/cyclingpro.net\\\/spaziociclismo\\\/ciclomercato\\\/cofidis-anthony-perez-chiudera-la-carriera-alla-fine-di-questa-stagione\\\/#primaryimage\"},\"thumbnailUrl\":\"https:\\\/\\\/cyclingpro.net\\\/spaziociclismo\\\/wp-content\\\/uploads\\\/2023\\\/02\\\/Anthony-Perez-Faun-Drome-Classic-2023.jpg\",\"keywords\":[\"CicloMercato 2026\"],\"articleSection\":[\"CicloMercato\",\"WorldTour\"],\"inLanguage\":\"it-IT\",\"potentialAction\":[{\"@type\":\"CommentAction\",\"name\":\"Comment\",\"target\":[\"https:\\\/\\\/cyclingpro.net\\\/spaziociclismo\\\/ciclomercato\\\/cofidis-anthony-perez-chiudera-la-carriera-alla-fine-di-questa-stagione\\\/#respond\"]}]},{\"@type\":\"WebPage\",\"@id\":\"https:\\\/\\\/cyclingpro.net\\\/spaziociclismo\\\/ciclomercato\\\/cofidis-anthony-perez-chiudera-la-carriera-alla-fine-di-questa-stagione\\\/\",\"url\":\"https:\\\/\\\/cyclingpro.net\\\/spaziociclismo\\\/ciclomercato\\\/cofidis-anthony-perez-chiudera-la-carriera-alla-fine-di-questa-stagione\\\/\",\"name\":\"Cofidis, Anthony Perez chiuder\u00e0 la carriera alla fine di questa stagione - SpazioCiclismo\",\"isPartOf\":{\"@id\":\"https:\\\/\\\/cyclingpro.net\\\/spaziociclismo\\\/#website\"},\"primaryImageOfPage\":{\"@id\":\"https:\\\/\\\/cyclingpro.net\\\/spaziociclismo\\\/ciclomercato\\\/cofidis-anthony-perez-chiudera-la-carriera-alla-fine-di-questa-stagione\\\/#primaryimage\"},\"image\":{\"@id\":\"https:\\\/\\\/cyclingpro.net\\\/spaziociclismo\\\/ciclomercato\\\/cofidis-anthony-perez-chiudera-la-carriera-alla-fine-di-questa-stagione\\\/#primaryimage\"},\"thumbnailUrl\":\"https:\\\/\\\/cyclingpro.net\\\/spaziociclismo\\\/wp-content\\\/uploads\\\/2023\\\/02\\\/Anthony-Perez-Faun-Drome-Classic-2023.jpg\",\"datePublished\":\"2025-10-05T07:53:57+00:00\",\"dateModified\":\"2025-10-05T07:54:59+00:00\",\"breadcrumb\":{\"@id\":\"https:\\\/\\\/cyclingpro.net\\\/spaziociclismo\\\/ciclomercato\\\/cofidis-anthony-perez-chiudera-la-carriera-alla-fine-di-questa-stagione\\\/#breadcrumb\"},\"inLanguage\":\"it-IT\",\"potentialAction\":[{\"@type\":\"ReadAction\",\"target\":[\"https:\\\/\\\/cyclingpro.net\\\/spaziociclismo\\\/ciclomercato\\\/cofidis-anthony-perez-chiudera-la-carriera-alla-fine-di-questa-stagione\\\/\"]}]},{\"@type\":\"ImageObject\",\"inLanguage\":\"it-IT\",\"@id\":\"https:\\\/\\\/cyclingpro.net\\\/spaziociclismo\\\/ciclomercato\\\/cofidis-anthony-perez-chiudera-la-carriera-alla-fine-di-questa-stagione\\\/#primaryimage\",\"url\":\"https:\\\/\\\/cyclingpro.net\\\/spaziociclismo\\\/wp-content\\\/uploads\\\/2023\\\/02\\\/Anthony-Perez-Faun-Drome-Classic-2023.jpg\",\"contentUrl\":\"https:\\\/\\\/cyclingpro.net\\\/spaziociclismo\\\/wp-content\\\/uploads\\\/2023\\\/02\\\/Anthony-Perez-Faun-Drome-Classic-2023.jpg\",\"width\":1200,\"height\":800,\"caption\":\"\u00a9 Sirotti\"},{\"@type\":\"BreadcrumbList\",\"@id\":\"https:\\\/\\\/cyclingpro.net\\\/spaziociclismo\\\/ciclomercato\\\/cofidis-anthony-perez-chiudera-la-carriera-alla-fine-di-questa-stagione\\\/#breadcrumb\",\"itemListElement\":[{\"@type\":\"ListItem\",\"position\":1,\"name\":\"Home\",\"item\":\"https:\\\/\\\/cyclingpro.net\\\/spaziociclismo\\\/\"},{\"@type\":\"ListItem\",\"position\":2,\"name\":\"Cofidis, Anthony Perez chiuder\u00e0 la carriera alla fine di questa stagione\"}]},{\"@type\":\"WebSite\",\"@id\":\"https:\\\/\\\/cyclingpro.net\\\/spaziociclismo\\\/#website\",\"url\":\"https:\\\/\\\/cyclingpro.net\\\/spaziociclismo\\\/\",\"name\":\"SpazioCiclismo\",\"description\":\"Tutto il ciclismo minuto per minuto\",\"publisher\":{\"@id\":\"https:\\\/\\\/cyclingpro.net\\\/spaziociclismo\\\/#organization\"},\"potentialAction\":[{\"@type\":\"SearchAction\",\"target\":{\"@type\":\"EntryPoint\",\"urlTemplate\":\"https:\\\/\\\/cyclingpro.net\\\/spaziociclismo\\\/?s={search_term_string}\"},\"query-input\":{\"@type\":\"PropertyValueSpecification\",\"valueRequired\":true,\"valueName\":\"search_term_string\"}}],\"inLanguage\":\"it-IT\"},{\"@type\":\"Organization\",\"@id\":\"https:\\\/\\\/cyclingpro.net\\\/spaziociclismo\\\/#organization\",\"name\":\"SpazioCiclismo\",\"url\":\"https:\\\/\\\/cyclingpro.net\\\/spaziociclismo\\\/\",\"logo\":{\"@type\":\"ImageObject\",\"inLanguage\":\"it-IT\",\"@id\":\"https:\\\/\\\/cyclingpro.net\\\/spaziociclismo\\\/#\\\/schema\\\/logo\\\/image\\\/\",\"url\":\"https:\\\/\\\/cyclingpro.net\\\/spaziociclismo\\\/wp-content\\\/uploads\\\/2017\\\/02\\\/SpazioCiclismo-Logo-Quadrato.png\",\"contentUrl\":\"https:\\\/\\\/cyclingpro.net\\\/spaziociclismo\\\/wp-content\\\/uploads\\\/2017\\\/02\\\/SpazioCiclismo-Logo-Quadrato.png\",\"width\":450,\"height\":450,\"caption\":\"SpazioCiclismo\"},\"image\":{\"@id\":\"https:\\\/\\\/cyclingpro.net\\\/spaziociclismo\\\/#\\\/schema\\\/logo\\\/image\\\/\"},\"sameAs\":[\"https:\\\/\\\/www.facebook.com\\\/SpazioCiclismo\\\/\",\"https:\\\/\\\/x.com\\\/spaziociclismo\",\"https:\\\/\\\/www.instagram.com\\\/spaziociclismo\\\/\"]},{\"@type\":\"Person\",\"@id\":\"https:\\\/\\\/cyclingpro.net\\\/spaziociclismo\\\/#\\\/schema\\\/person\\\/627dbc08c9712c25304b059bbb765de8\",\"name\":\"Francesco Mitola\",\"image\":{\"@type\":\"ImageObject\",\"inLanguage\":\"it-IT\",\"@id\":\"https:\\\/\\\/secure.gravatar.com\\\/avatar\\\/dc58a640368550cd17129d2ff185eec5cb2821b7c3403fc06dcaca847ae762d3?s=96&d=mm&r=g\",\"url\":\"https:\\\/\\\/secure.gravatar.com\\\/avatar\\\/dc58a640368550cd17129d2ff185eec5cb2821b7c3403fc06dcaca847ae762d3?s=96&d=mm&r=g\",\"contentUrl\":\"https:\\\/\\\/secure.gravatar.com\\\/avatar\\\/dc58a640368550cd17129d2ff185eec5cb2821b7c3403fc06dcaca847ae762d3?s=96&d=mm&r=g\",\"caption\":\"Francesco Mitola\"},\"url\":\"https:\\\/\\\/cyclingpro.net\\\/spaziociclismo\\\/author\\\/fmitola\\\/\"}]}<\/script>\n<!-- \/ Yoast SEO plugin. -->","yoast_head_json":{"title":"Cofidis, Anthony Perez chiuder\u00e0 la carriera alla fine di questa stagione - SpazioCiclismo","robots":{"index":"index","follow":"follow","max-snippet":"max-snippet:-1","max-image-preview":"max-image-preview:large","max-video-preview":"max-video-preview:-1"},"canonical":"https:\/\/cyclingpro.net\/spaziociclismo\/ciclomercato\/cofidis-anthony-perez-chiudera-la-carriera-alla-fine-di-questa-stagione\/","og_locale":"it_IT","og_type":"article","og_title":"Cofidis, Anthony Perez chiuder\u00e0 la carriera alla fine di questa stagione - SpazioCiclismo","og_description":"Il corridore francese ha vestito la maglia della Cofidis per tutto il suo percorso professionistico, dal 2016 a oggi. #CicloMercato","og_url":"https:\/\/cyclingpro.net\/spaziociclismo\/ciclomercato\/cofidis-anthony-perez-chiudera-la-carriera-alla-fine-di-questa-stagione\/","og_site_name":"SpazioCiclismo","article_publisher":"https:\/\/www.facebook.com\/SpazioCiclismo\/","article_published_time":"2025-10-05T07:53:57+00:00","article_modified_time":"2025-10-05T07:54:59+00:00","og_image":[{"width":1200,"height":800,"url":"https:\/\/cyclingpro.net\/spaziociclismo\/wp-content\/uploads\/2023\/02\/Anthony-Perez-Faun-Drome-Classic-2023.jpg","type":"image\/jpeg"}],"author":"Francesco Mitola","twitter_card":"summary_large_image","twitter_creator":"@spaziociclismo","twitter_site":"@spaziociclismo","twitter_misc":{"Scritto da":"Francesco Mitola","Tempo di lettura stimato":"1 minuto"},"schema":{"@context":"https:\/\/schema.org","@graph":[{"@type":"Article","@id":"https:\/\/cyclingpro.net\/spaziociclismo\/ciclomercato\/cofidis-anthony-perez-chiudera-la-carriera-alla-fine-di-questa-stagione\/#article","isPartOf":{"@id":"https:\/\/cyclingpro.net\/spaziociclismo\/ciclomercato\/cofidis-anthony-perez-chiudera-la-carriera-alla-fine-di-questa-stagione\/"},"author":{"name":"Francesco Mitola","@id":"https:\/\/cyclingpro.net\/spaziociclismo\/#\/schema\/person\/627dbc08c9712c25304b059bbb765de8"},"headline":"Cofidis, Anthony Perez chiuder\u00e0 la carriera alla fine di questa stagione","datePublished":"2025-10-05T07:53:57+00:00","dateModified":"2025-10-05T07:54:59+00:00","mainEntityOfPage":{"@id":"https:\/\/cyclingpro.net\/spaziociclismo\/ciclomercato\/cofidis-anthony-perez-chiudera-la-carriera-alla-fine-di-questa-stagione\/"},"wordCount":154,"commentCount":0,"publisher":{"@id":"https:\/\/cyclingpro.net\/spaziociclismo\/#organization"},"image":{"@id":"https:\/\/cyclingpro.net\/spaziociclismo\/ciclomercato\/cofidis-anthony-perez-chiudera-la-carriera-alla-fine-di-questa-stagione\/#primaryimage"},"thumbnailUrl":"https:\/\/cyclingpro.net\/spaziociclismo\/wp-content\/uploads\/2023\/02\/Anthony-Perez-Faun-Drome-Classic-2023.jpg","keywords":["CicloMercato 2026"],"articleSection":["CicloMercato","WorldTour"],"inLanguage":"it-IT","potentialAction":[{"@type":"CommentAction","name":"Comment","target":["https:\/\/cyclingpro.net\/spaziociclismo\/ciclomercato\/cofidis-anthony-perez-chiudera-la-carriera-alla-fine-di-questa-stagione\/#respond"]}]},{"@type":"WebPage","@id":"https:\/\/cyclingpro.net\/spaziociclismo\/ciclomercato\/cofidis-anthony-perez-chiudera-la-carriera-alla-fine-di-questa-stagione\/","url":"https:\/\/cyclingpro.net\/spaziociclismo\/ciclomercato\/cofidis-anthony-perez-chiudera-la-carriera-alla-fine-di-questa-stagione\/","name":"Cofidis, Anthony Perez chiuder\u00e0 la carriera alla fine di questa stagione - SpazioCiclismo","isPartOf":{"@id":"https:\/\/cyclingpro.net\/spaziociclismo\/#website"},"primaryImageOfPage":{"@id":"https:\/\/cyclingpro.net\/spaziociclismo\/ciclomercato\/cofidis-anthony-perez-chiudera-la-carriera-alla-fine-di-questa-stagione\/#primaryimage"},"image":{"@id":"https:\/\/cyclingpro.net\/spaziociclismo\/ciclomercato\/cofidis-anthony-perez-chiudera-la-carriera-alla-fine-di-questa-stagione\/#primaryimage"},"thumbnailUrl":"https:\/\/cyclingpro.net\/spaziociclismo\/wp-content\/uploads\/2023\/02\/Anthony-Perez-Faun-Drome-Classic-2023.jpg","datePublished":"2025-10-05T07:53:57+00:00","dateModified":"2025-10-05T07:54:59+00:00","breadcrumb":{"@id":"https:\/\/cyclingpro.net\/spaziociclismo\/ciclomercato\/cofidis-anthony-perez-chiudera-la-carriera-alla-fine-di-questa-stagione\/#breadcrumb"},"inLanguage":"it-IT","potentialAction":[{"@type":"ReadAction","target":["https:\/\/cyclingpro.net\/spaziociclismo\/ciclomercato\/cofidis-anthony-perez-chiudera-la-carriera-alla-fine-di-questa-stagione\/"]}]},{"@type":"ImageObject","inLanguage":"it-IT","@id":"https:\/\/cyclingpro.net\/spaziociclismo\/ciclomercato\/cofidis-anthony-perez-chiudera-la-carriera-alla-fine-di-questa-stagione\/#primaryimage","url":"https:\/\/cyclingpro.net\/spaziociclismo\/wp-content\/uploads\/2023\/02\/Anthony-Perez-Faun-Drome-Classic-2023.jpg","contentUrl":"https:\/\/cyclingpro.net\/spaziociclismo\/wp-content\/uploads\/2023\/02\/Anthony-Perez-Faun-Drome-Classic-2023.jpg","width":1200,"height":800,"caption":"\u00a9 Sirotti"},{"@type":"BreadcrumbList","@id":"https:\/\/cyclingpro.net\/spaziociclismo\/ciclomercato\/cofidis-anthony-perez-chiudera-la-carriera-alla-fine-di-questa-stagione\/#breadcrumb","itemListElement":[{"@type":"ListItem","position":1,"name":"Home","item":"https:\/\/cyclingpro.net\/spaziociclismo\/"},{"@type":"ListItem","position":2,"name":"Cofidis, Anthony Perez chiuder\u00e0 la carriera alla fine di questa stagione"}]},{"@type":"WebSite","@id":"https:\/\/cyclingpro.net\/spaziociclismo\/#website","url":"https:\/\/cyclingpro.net\/spaziociclismo\/","name":"SpazioCiclismo","description":"Tutto il ciclismo minuto per minuto","publisher":{"@id":"https:\/\/cyclingpro.net\/spaziociclismo\/#organization"},"potentialAction":[{"@type":"SearchAction","target":{"@type":"EntryPoint","urlTemplate":"https:\/\/cyclingpro.net\/spaziociclismo\/?s={search_term_string}"},"query-input":{"@type":"PropertyValueSpecification","valueRequired":true,"valueName":"search_term_string"}}],"inLanguage":"it-IT"},{"@type":"Organization","@id":"https:\/\/cyclingpro.net\/spaziociclismo\/#organization","name":"SpazioCiclismo","url":"https:\/\/cyclingpro.net\/spaziociclismo\/","logo":{"@type":"ImageObject","inLanguage":"it-IT","@id":"https:\/\/cyclingpro.net\/spaziociclismo\/#\/schema\/logo\/image\/","url":"https:\/\/cyclingpro.net\/spaziociclismo\/wp-content\/uploads\/2017\/02\/SpazioCiclismo-Logo-Quadrato.png","contentUrl":"https:\/\/cyclingpro.net\/spaziociclismo\/wp-content\/uploads\/2017\/02\/SpazioCiclismo-Logo-Quadrato.png","width":450,"height":450,"caption":"SpazioCiclismo"},"image":{"@id":"https:\/\/cyclingpro.net\/spaziociclismo\/#\/schema\/logo\/image\/"},"sameAs":["https:\/\/www.facebook.com\/SpazioCiclismo\/","https:\/\/x.com\/spaziociclismo","https:\/\/www.instagram.com\/spaziociclismo\/"]},{"@type":"Person","@id":"https:\/\/cyclingpro.net\/spaziociclismo\/#\/schema\/person\/627dbc08c9712c25304b059bbb765de8","name":"Francesco Mitola","image":{"@type":"ImageObject","inLanguage":"it-IT","@id":"https:\/\/secure.gravatar.com\/avatar\/dc58a640368550cd17129d2ff185eec5cb2821b7c3403fc06dcaca847ae762d3?s=96&d=mm&r=g","url":"https:\/\/secure.gravatar.com\/avatar\/dc58a640368550cd17129d2ff185eec5cb2821b7c3403fc06dcaca847ae762d3?s=96&d=mm&r=g","contentUrl":"https:\/\/secure.gravatar.com\/avatar\/dc58a640368550cd17129d2ff185eec5cb2821b7c3403fc06dcaca847ae762d3?s=96&d=mm&r=g","caption":"Francesco Mitola"},"url":"https:\/\/cyclingpro.net\/spaziociclismo\/author\/fmitola\/"}]}},"_links":{"self":[{"href":"https:\/\/cyclingpro.net\/spaziociclismo\/wp-json\/wp\/v2\/posts\/350527","targetHints":{"allow":["GET"]}}],"collection":[{"href":"https:\/\/cyclingpro.net\/spaziociclismo\/wp-json\/wp\/v2\/posts"}],"about":[{"href":"https:\/\/cyclingpro.net\/spaziociclismo\/wp-json\/wp\/v2\/types\/post"}],"author":[{"embeddable":true,"href":"https:\/\/cyclingpro.net\/spaziociclismo\/wp-json\/wp\/v2\/users\/25"}],"replies":[{"embeddable":true,"href":"https:\/\/cyclingpro.net\/spaziociclismo\/wp-json\/wp\/v2\/comments?post=350527"}],"version-history":[{"count":2,"href":"https:\/\/cyclingpro.net\/spaziociclismo\/wp-json\/wp\/v2\/posts\/350527\/revisions"}],"predecessor-version":[{"id":350529,"href":"https:\/\/cyclingpro.net\/spaziociclismo\/wp-json\/wp\/v2\/posts\/350527\/revisions\/350529"}],"wp:featuredmedia":[{"embeddable":true,"href":"https:\/\/cyclingpro.net\/spaziociclismo\/wp-json\/wp\/v2\/media\/242514"}],"wp:attachment":[{"href":"https:\/\/cyclingpro.net\/spaziociclismo\/wp-json\/wp\/v2\/media?parent=350527"}],"wp:term":[{"taxonomy":"category","embeddable":true,"href":"https:\/\/cyclingpro.net\/spaziociclismo\/wp-json\/wp\/v2\/categories?post=350527"},{"taxonomy":"post_tag","embeddable":true,"href":"https:\/\/cyclingpro.net\/spaziociclismo\/wp-json\/wp\/v2\/tags?post=350527"}],"curies":[{"name":"wp","href":"https:\/\/api.w.org\/{rel}","templated":true}]}}