{"id":341756,"date":"2025-07-24T11:57:05","date_gmt":"2025-07-24T09:57:05","guid":{"rendered":"https:\/\/cyclingpro.net\/spaziociclismo\/?p=341756"},"modified":"2025-07-24T11:57:05","modified_gmt":"2025-07-24T09:57:05","slug":"tour-of-britain-2025-geraint-thomas-chiudera-la-carriera-nella-sua-cardiff-sara-incredibile-un-modo-straordinario-per-concludere","status":"publish","type":"post","link":"https:\/\/cyclingpro.net\/spaziociclismo\/continental\/tour-of-britain-2025-geraint-thomas-chiudera-la-carriera-nella-sua-cardiff-sara-incredibile-un-modo-straordinario-per-concludere\/","title":{"rendered":"Tour of Britain 2025, Geraint Thomas chiuder\u00e0 la carriera nella sua Cardiff: &#8220;Sar\u00e0 incredibile, un modo straordinario per concludere&#8221;"},"content":{"rendered":"<p>Sar\u00e0 un ultimo giorno in gruppo particolarmente emozionante per Geraint Thomas. Il corridore gallese, che aveva gi\u00e0 annunciato che questa sarebbe stata la sua ultima stagione da professionista, ha infatti scelto il Tour of Britain come ultima gara. La corsa pi\u00f9 importante del paese accoglier\u00e0 dunque il ritiro di uno degli esponenti di spicco del movimento britannico, tra gli uomini pi\u00f9 importanti del fu Team Sky con il trionfo a Tour de France 2018 come apice di una carriera che lo ha visto poi salire altre due volte sul podio della Grande Boucle e altrettante su quelle del Giro d&#8217;Italia. Per l&#8217;ex pistard, vincitore anche due ori olimpici oltre che quattro mondiali, sar\u00e0 un giorno ancor pi\u00f9 speciale perch\u00e9 l&#8217;ultima tappa della corsa e quindi della sua vita ciclistica, sar\u00e0 a Cardiff, la sua citt\u00e0 natale.<\/p>\n<p>Una giornata pensata appositamente per lui. &#8220;Sar\u00e0 incredibile &#8211; ha commentato a <em>Cyclingnews<\/em> &#8211; Non ho ancora visto tutti i dettagli, ma conosco pi\u00f9 o meno il percorso e sar\u00e0 un modo straordinario di concludere la carriera&#8221;. Attualmente impegnato al Tour de France, il portacolori della Ineos Grenadiers avr\u00e0 sicuramente un omaggio importante anche a Parigi in occasione della sua ultima tappa alla Grande Boucle, ma l&#8217;ultima nel suo Galles sar\u00e0 indubbiamente speciale, anche perch\u00e9 partir\u00e0 dal Velodromo di Newport, al quale \u00e8 stato dato il\u00a0 nome di&#8230; Geraint Thomas, per poi passare anche dal Maindy Velodrome, sede del Maindy Flyers Youth Cycling Club, con il quale il 39enne ha mosso le sue prime pedalate dentro e fuori dall&#8217;ovale.<\/p>\n","protected":false},"excerpt":{"rendered":"<p>Sar\u00e0 un ultimo giorno in gruppo particolarmente emozionante per Geraint Thomas<\/p>\n","protected":false},"author":2,"featured_media":62249,"comment_status":"open","ping_status":"closed","sticky":false,"template":"","format":"standard","meta":{"footnotes":""},"categories":[6],"tags":[164,6049,6496],"class_list":["post-341756","post","type-post","status-publish","format-standard","has-post-thumbnail","hentry","category-continental","tag-geraint-thomas","tag-ineos-grenadiers-2025","tag-tour-of-britain-2025"],"yoast_head":"<!-- This site is optimized with the Yoast SEO plugin v27.4 - https:\/\/yoast.com\/product\/yoast-seo-wordpress\/ -->\n<title>Tour of Britain 2025, Geraint Thomas chiuder\u00e0 la carriera nella sua Cardiff: &quot;Sar\u00e0 incredibile, un modo straordinario per concludere&quot; - SpazioCiclismo<\/title>\n<meta name=\"robots\" content=\"index, follow, max-snippet:-1, max-image-preview:large, max-video-preview:-1\" \/>\n<link rel=\"canonical\" href=\"https:\/\/cyclingpro.net\/spaziociclismo\/continental\/tour-of-britain-2025-geraint-thomas-chiudera-la-carriera-nella-sua-cardiff-sara-incredibile-un-modo-straordinario-per-concludere\/\" \/>\n<meta property=\"og:locale\" content=\"it_IT\" \/>\n<meta property=\"og:type\" content=\"article\" \/>\n<meta property=\"og:title\" content=\"Tour of Britain 2025, Geraint Thomas chiuder\u00e0 la carriera nella sua Cardiff: &quot;Sar\u00e0 incredibile, un modo straordinario per concludere&quot; - SpazioCiclismo\" \/>\n<meta property=\"og:description\" content=\"Sar\u00e0 un ultimo giorno in gruppo particolarmente emozionante per Geraint Thomas\" \/>\n<meta property=\"og:url\" content=\"https:\/\/cyclingpro.net\/spaziociclismo\/continental\/tour-of-britain-2025-geraint-thomas-chiudera-la-carriera-nella-sua-cardiff-sara-incredibile-un-modo-straordinario-per-concludere\/\" \/>\n<meta property=\"og:site_name\" content=\"SpazioCiclismo\" \/>\n<meta property=\"article:publisher\" content=\"https:\/\/www.facebook.com\/SpazioCiclismo\/\" \/>\n<meta property=\"article:published_time\" content=\"2025-07-24T09:57:05+00:00\" \/>\n<meta property=\"og:image\" content=\"https:\/\/cyclingpro.net\/spaziociclismo\/wp-content\/uploads\/2018\/07\/Geraint-Thomas-Maglia-Gialla-Podio-Tour-de-France-2018.jpg\" \/>\n\t<meta property=\"og:image:width\" content=\"660\" \/>\n\t<meta property=\"og:image:height\" content=\"336\" \/>\n\t<meta property=\"og:image:type\" content=\"image\/jpeg\" \/>\n<meta name=\"author\" content=\"Redazione SpazioCiclismo\" \/>\n<meta name=\"twitter:card\" content=\"summary_large_image\" \/>\n<meta name=\"twitter:creator\" content=\"@spaziociclismo\" \/>\n<meta name=\"twitter:site\" content=\"@spaziociclismo\" \/>\n<meta name=\"twitter:label1\" content=\"Scritto da\" \/>\n\t<meta name=\"twitter:data1\" content=\"Redazione SpazioCiclismo\" \/>\n\t<meta name=\"twitter:label2\" content=\"Tempo di lettura stimato\" \/>\n\t<meta name=\"twitter:data2\" content=\"2 minuti\" \/>\n<script type=\"application\/ld+json\" class=\"yoast-schema-graph\">{\"@context\":\"https:\\\/\\\/schema.org\",\"@graph\":[{\"@type\":\"Article\",\"@id\":\"https:\\\/\\\/cyclingpro.net\\\/spaziociclismo\\\/continental\\\/tour-of-britain-2025-geraint-thomas-chiudera-la-carriera-nella-sua-cardiff-sara-incredibile-un-modo-straordinario-per-concludere\\\/#article\",\"isPartOf\":{\"@id\":\"https:\\\/\\\/cyclingpro.net\\\/spaziociclismo\\\/continental\\\/tour-of-britain-2025-geraint-thomas-chiudera-la-carriera-nella-sua-cardiff-sara-incredibile-un-modo-straordinario-per-concludere\\\/\"},\"author\":{\"name\":\"Redazione SpazioCiclismo\",\"@id\":\"https:\\\/\\\/cyclingpro.net\\\/spaziociclismo\\\/#\\\/schema\\\/person\\\/f104b5d2588ef53ce9f1b43295c352e1\"},\"headline\":\"Tour of Britain 2025, Geraint Thomas chiuder\u00e0 la carriera nella sua Cardiff: &#8220;Sar\u00e0 incredibile, un modo straordinario per concludere&#8221;\",\"datePublished\":\"2025-07-24T09:57:05+00:00\",\"mainEntityOfPage\":{\"@id\":\"https:\\\/\\\/cyclingpro.net\\\/spaziociclismo\\\/continental\\\/tour-of-britain-2025-geraint-thomas-chiudera-la-carriera-nella-sua-cardiff-sara-incredibile-un-modo-straordinario-per-concludere\\\/\"},\"wordCount\":276,\"commentCount\":0,\"publisher\":{\"@id\":\"https:\\\/\\\/cyclingpro.net\\\/spaziociclismo\\\/#organization\"},\"image\":{\"@id\":\"https:\\\/\\\/cyclingpro.net\\\/spaziociclismo\\\/continental\\\/tour-of-britain-2025-geraint-thomas-chiudera-la-carriera-nella-sua-cardiff-sara-incredibile-un-modo-straordinario-per-concludere\\\/#primaryimage\"},\"thumbnailUrl\":\"https:\\\/\\\/cyclingpro.net\\\/spaziociclismo\\\/wp-content\\\/uploads\\\/2018\\\/07\\\/Geraint-Thomas-Maglia-Gialla-Podio-Tour-de-France-2018.jpg\",\"keywords\":[\"Geraint Thomas\",\"INEOS Grenadiers 2025\",\"Tour of Britain 2025\"],\"articleSection\":[\"Continental\"],\"inLanguage\":\"it-IT\",\"potentialAction\":[{\"@type\":\"CommentAction\",\"name\":\"Comment\",\"target\":[\"https:\\\/\\\/cyclingpro.net\\\/spaziociclismo\\\/continental\\\/tour-of-britain-2025-geraint-thomas-chiudera-la-carriera-nella-sua-cardiff-sara-incredibile-un-modo-straordinario-per-concludere\\\/#respond\"]}]},{\"@type\":\"WebPage\",\"@id\":\"https:\\\/\\\/cyclingpro.net\\\/spaziociclismo\\\/continental\\\/tour-of-britain-2025-geraint-thomas-chiudera-la-carriera-nella-sua-cardiff-sara-incredibile-un-modo-straordinario-per-concludere\\\/\",\"url\":\"https:\\\/\\\/cyclingpro.net\\\/spaziociclismo\\\/continental\\\/tour-of-britain-2025-geraint-thomas-chiudera-la-carriera-nella-sua-cardiff-sara-incredibile-un-modo-straordinario-per-concludere\\\/\",\"name\":\"Tour of Britain 2025, Geraint Thomas chiuder\u00e0 la carriera nella sua Cardiff: \\\"Sar\u00e0 incredibile, un modo straordinario per concludere\\\" - SpazioCiclismo\",\"isPartOf\":{\"@id\":\"https:\\\/\\\/cyclingpro.net\\\/spaziociclismo\\\/#website\"},\"primaryImageOfPage\":{\"@id\":\"https:\\\/\\\/cyclingpro.net\\\/spaziociclismo\\\/continental\\\/tour-of-britain-2025-geraint-thomas-chiudera-la-carriera-nella-sua-cardiff-sara-incredibile-un-modo-straordinario-per-concludere\\\/#primaryimage\"},\"image\":{\"@id\":\"https:\\\/\\\/cyclingpro.net\\\/spaziociclismo\\\/continental\\\/tour-of-britain-2025-geraint-thomas-chiudera-la-carriera-nella-sua-cardiff-sara-incredibile-un-modo-straordinario-per-concludere\\\/#primaryimage\"},\"thumbnailUrl\":\"https:\\\/\\\/cyclingpro.net\\\/spaziociclismo\\\/wp-content\\\/uploads\\\/2018\\\/07\\\/Geraint-Thomas-Maglia-Gialla-Podio-Tour-de-France-2018.jpg\",\"datePublished\":\"2025-07-24T09:57:05+00:00\",\"breadcrumb\":{\"@id\":\"https:\\\/\\\/cyclingpro.net\\\/spaziociclismo\\\/continental\\\/tour-of-britain-2025-geraint-thomas-chiudera-la-carriera-nella-sua-cardiff-sara-incredibile-un-modo-straordinario-per-concludere\\\/#breadcrumb\"},\"inLanguage\":\"it-IT\",\"potentialAction\":[{\"@type\":\"ReadAction\",\"target\":[\"https:\\\/\\\/cyclingpro.net\\\/spaziociclismo\\\/continental\\\/tour-of-britain-2025-geraint-thomas-chiudera-la-carriera-nella-sua-cardiff-sara-incredibile-un-modo-straordinario-per-concludere\\\/\"]}]},{\"@type\":\"ImageObject\",\"inLanguage\":\"it-IT\",\"@id\":\"https:\\\/\\\/cyclingpro.net\\\/spaziociclismo\\\/continental\\\/tour-of-britain-2025-geraint-thomas-chiudera-la-carriera-nella-sua-cardiff-sara-incredibile-un-modo-straordinario-per-concludere\\\/#primaryimage\",\"url\":\"https:\\\/\\\/cyclingpro.net\\\/spaziociclismo\\\/wp-content\\\/uploads\\\/2018\\\/07\\\/Geraint-Thomas-Maglia-Gialla-Podio-Tour-de-France-2018.jpg\",\"contentUrl\":\"https:\\\/\\\/cyclingpro.net\\\/spaziociclismo\\\/wp-content\\\/uploads\\\/2018\\\/07\\\/Geraint-Thomas-Maglia-Gialla-Podio-Tour-de-France-2018.jpg\",\"width\":\"660\",\"height\":\"336\",\"caption\":\"\u00a9 Team Sky\"},{\"@type\":\"BreadcrumbList\",\"@id\":\"https:\\\/\\\/cyclingpro.net\\\/spaziociclismo\\\/continental\\\/tour-of-britain-2025-geraint-thomas-chiudera-la-carriera-nella-sua-cardiff-sara-incredibile-un-modo-straordinario-per-concludere\\\/#breadcrumb\",\"itemListElement\":[{\"@type\":\"ListItem\",\"position\":1,\"name\":\"Home\",\"item\":\"https:\\\/\\\/cyclingpro.net\\\/spaziociclismo\\\/\"},{\"@type\":\"ListItem\",\"position\":2,\"name\":\"Tour of Britain 2025, Geraint Thomas chiuder\u00e0 la carriera nella sua Cardiff: &#8220;Sar\u00e0 incredibile, un modo straordinario per concludere&#8221;\"}]},{\"@type\":\"WebSite\",\"@id\":\"https:\\\/\\\/cyclingpro.net\\\/spaziociclismo\\\/#website\",\"url\":\"https:\\\/\\\/cyclingpro.net\\\/spaziociclismo\\\/\",\"name\":\"SpazioCiclismo\",\"description\":\"Tutto il ciclismo minuto per minuto\",\"publisher\":{\"@id\":\"https:\\\/\\\/cyclingpro.net\\\/spaziociclismo\\\/#organization\"},\"potentialAction\":[{\"@type\":\"SearchAction\",\"target\":{\"@type\":\"EntryPoint\",\"urlTemplate\":\"https:\\\/\\\/cyclingpro.net\\\/spaziociclismo\\\/?s={search_term_string}\"},\"query-input\":{\"@type\":\"PropertyValueSpecification\",\"valueRequired\":true,\"valueName\":\"search_term_string\"}}],\"inLanguage\":\"it-IT\"},{\"@type\":\"Organization\",\"@id\":\"https:\\\/\\\/cyclingpro.net\\\/spaziociclismo\\\/#organization\",\"name\":\"SpazioCiclismo\",\"url\":\"https:\\\/\\\/cyclingpro.net\\\/spaziociclismo\\\/\",\"logo\":{\"@type\":\"ImageObject\",\"inLanguage\":\"it-IT\",\"@id\":\"https:\\\/\\\/cyclingpro.net\\\/spaziociclismo\\\/#\\\/schema\\\/logo\\\/image\\\/\",\"url\":\"https:\\\/\\\/cyclingpro.net\\\/spaziociclismo\\\/wp-content\\\/uploads\\\/2017\\\/02\\\/SpazioCiclismo-Logo-Quadrato.png\",\"contentUrl\":\"https:\\\/\\\/cyclingpro.net\\\/spaziociclismo\\\/wp-content\\\/uploads\\\/2017\\\/02\\\/SpazioCiclismo-Logo-Quadrato.png\",\"width\":450,\"height\":450,\"caption\":\"SpazioCiclismo\"},\"image\":{\"@id\":\"https:\\\/\\\/cyclingpro.net\\\/spaziociclismo\\\/#\\\/schema\\\/logo\\\/image\\\/\"},\"sameAs\":[\"https:\\\/\\\/www.facebook.com\\\/SpazioCiclismo\\\/\",\"https:\\\/\\\/x.com\\\/spaziociclismo\",\"https:\\\/\\\/www.instagram.com\\\/spaziociclismo\\\/\"]},{\"@type\":\"Person\",\"@id\":\"https:\\\/\\\/cyclingpro.net\\\/spaziociclismo\\\/#\\\/schema\\\/person\\\/f104b5d2588ef53ce9f1b43295c352e1\",\"name\":\"Redazione SpazioCiclismo\",\"image\":{\"@type\":\"ImageObject\",\"inLanguage\":\"it-IT\",\"@id\":\"https:\\\/\\\/secure.gravatar.com\\\/avatar\\\/f1cae17b9ecd38864463422521239d4a656d6b657478a63e445df7b8ebc2b81c?s=96&d=mm&r=g\",\"url\":\"https:\\\/\\\/secure.gravatar.com\\\/avatar\\\/f1cae17b9ecd38864463422521239d4a656d6b657478a63e445df7b8ebc2b81c?s=96&d=mm&r=g\",\"contentUrl\":\"https:\\\/\\\/secure.gravatar.com\\\/avatar\\\/f1cae17b9ecd38864463422521239d4a656d6b657478a63e445df7b8ebc2b81c?s=96&d=mm&r=g\",\"caption\":\"Redazione SpazioCiclismo\"},\"url\":\"https:\\\/\\\/cyclingpro.net\\\/spaziociclismo\\\/author\\\/wptstmssc\\\/\"}]}<\/script>\n<!-- \/ Yoast SEO plugin. -->","yoast_head_json":{"title":"Tour of Britain 2025, Geraint Thomas chiuder\u00e0 la carriera nella sua Cardiff: \"Sar\u00e0 incredibile, un modo straordinario per concludere\" - SpazioCiclismo","robots":{"index":"index","follow":"follow","max-snippet":"max-snippet:-1","max-image-preview":"max-image-preview:large","max-video-preview":"max-video-preview:-1"},"canonical":"https:\/\/cyclingpro.net\/spaziociclismo\/continental\/tour-of-britain-2025-geraint-thomas-chiudera-la-carriera-nella-sua-cardiff-sara-incredibile-un-modo-straordinario-per-concludere\/","og_locale":"it_IT","og_type":"article","og_title":"Tour of Britain 2025, Geraint Thomas chiuder\u00e0 la carriera nella sua Cardiff: \"Sar\u00e0 incredibile, un modo straordinario per concludere\" - SpazioCiclismo","og_description":"Sar\u00e0 un ultimo giorno in gruppo particolarmente emozionante per Geraint Thomas","og_url":"https:\/\/cyclingpro.net\/spaziociclismo\/continental\/tour-of-britain-2025-geraint-thomas-chiudera-la-carriera-nella-sua-cardiff-sara-incredibile-un-modo-straordinario-per-concludere\/","og_site_name":"SpazioCiclismo","article_publisher":"https:\/\/www.facebook.com\/SpazioCiclismo\/","article_published_time":"2025-07-24T09:57:05+00:00","og_image":[{"width":660,"height":336,"url":"https:\/\/cyclingpro.net\/spaziociclismo\/wp-content\/uploads\/2018\/07\/Geraint-Thomas-Maglia-Gialla-Podio-Tour-de-France-2018.jpg","type":"image\/jpeg"}],"author":"Redazione SpazioCiclismo","twitter_card":"summary_large_image","twitter_creator":"@spaziociclismo","twitter_site":"@spaziociclismo","twitter_misc":{"Scritto da":"Redazione SpazioCiclismo","Tempo di lettura stimato":"2 minuti"},"schema":{"@context":"https:\/\/schema.org","@graph":[{"@type":"Article","@id":"https:\/\/cyclingpro.net\/spaziociclismo\/continental\/tour-of-britain-2025-geraint-thomas-chiudera-la-carriera-nella-sua-cardiff-sara-incredibile-un-modo-straordinario-per-concludere\/#article","isPartOf":{"@id":"https:\/\/cyclingpro.net\/spaziociclismo\/continental\/tour-of-britain-2025-geraint-thomas-chiudera-la-carriera-nella-sua-cardiff-sara-incredibile-un-modo-straordinario-per-concludere\/"},"author":{"name":"Redazione SpazioCiclismo","@id":"https:\/\/cyclingpro.net\/spaziociclismo\/#\/schema\/person\/f104b5d2588ef53ce9f1b43295c352e1"},"headline":"Tour of Britain 2025, Geraint Thomas chiuder\u00e0 la carriera nella sua Cardiff: &#8220;Sar\u00e0 incredibile, un modo straordinario per concludere&#8221;","datePublished":"2025-07-24T09:57:05+00:00","mainEntityOfPage":{"@id":"https:\/\/cyclingpro.net\/spaziociclismo\/continental\/tour-of-britain-2025-geraint-thomas-chiudera-la-carriera-nella-sua-cardiff-sara-incredibile-un-modo-straordinario-per-concludere\/"},"wordCount":276,"commentCount":0,"publisher":{"@id":"https:\/\/cyclingpro.net\/spaziociclismo\/#organization"},"image":{"@id":"https:\/\/cyclingpro.net\/spaziociclismo\/continental\/tour-of-britain-2025-geraint-thomas-chiudera-la-carriera-nella-sua-cardiff-sara-incredibile-un-modo-straordinario-per-concludere\/#primaryimage"},"thumbnailUrl":"https:\/\/cyclingpro.net\/spaziociclismo\/wp-content\/uploads\/2018\/07\/Geraint-Thomas-Maglia-Gialla-Podio-Tour-de-France-2018.jpg","keywords":["Geraint Thomas","INEOS Grenadiers 2025","Tour of Britain 2025"],"articleSection":["Continental"],"inLanguage":"it-IT","potentialAction":[{"@type":"CommentAction","name":"Comment","target":["https:\/\/cyclingpro.net\/spaziociclismo\/continental\/tour-of-britain-2025-geraint-thomas-chiudera-la-carriera-nella-sua-cardiff-sara-incredibile-un-modo-straordinario-per-concludere\/#respond"]}]},{"@type":"WebPage","@id":"https:\/\/cyclingpro.net\/spaziociclismo\/continental\/tour-of-britain-2025-geraint-thomas-chiudera-la-carriera-nella-sua-cardiff-sara-incredibile-un-modo-straordinario-per-concludere\/","url":"https:\/\/cyclingpro.net\/spaziociclismo\/continental\/tour-of-britain-2025-geraint-thomas-chiudera-la-carriera-nella-sua-cardiff-sara-incredibile-un-modo-straordinario-per-concludere\/","name":"Tour of Britain 2025, Geraint Thomas chiuder\u00e0 la carriera nella sua Cardiff: \"Sar\u00e0 incredibile, un modo straordinario per concludere\" - SpazioCiclismo","isPartOf":{"@id":"https:\/\/cyclingpro.net\/spaziociclismo\/#website"},"primaryImageOfPage":{"@id":"https:\/\/cyclingpro.net\/spaziociclismo\/continental\/tour-of-britain-2025-geraint-thomas-chiudera-la-carriera-nella-sua-cardiff-sara-incredibile-un-modo-straordinario-per-concludere\/#primaryimage"},"image":{"@id":"https:\/\/cyclingpro.net\/spaziociclismo\/continental\/tour-of-britain-2025-geraint-thomas-chiudera-la-carriera-nella-sua-cardiff-sara-incredibile-un-modo-straordinario-per-concludere\/#primaryimage"},"thumbnailUrl":"https:\/\/cyclingpro.net\/spaziociclismo\/wp-content\/uploads\/2018\/07\/Geraint-Thomas-Maglia-Gialla-Podio-Tour-de-France-2018.jpg","datePublished":"2025-07-24T09:57:05+00:00","breadcrumb":{"@id":"https:\/\/cyclingpro.net\/spaziociclismo\/continental\/tour-of-britain-2025-geraint-thomas-chiudera-la-carriera-nella-sua-cardiff-sara-incredibile-un-modo-straordinario-per-concludere\/#breadcrumb"},"inLanguage":"it-IT","potentialAction":[{"@type":"ReadAction","target":["https:\/\/cyclingpro.net\/spaziociclismo\/continental\/tour-of-britain-2025-geraint-thomas-chiudera-la-carriera-nella-sua-cardiff-sara-incredibile-un-modo-straordinario-per-concludere\/"]}]},{"@type":"ImageObject","inLanguage":"it-IT","@id":"https:\/\/cyclingpro.net\/spaziociclismo\/continental\/tour-of-britain-2025-geraint-thomas-chiudera-la-carriera-nella-sua-cardiff-sara-incredibile-un-modo-straordinario-per-concludere\/#primaryimage","url":"https:\/\/cyclingpro.net\/spaziociclismo\/wp-content\/uploads\/2018\/07\/Geraint-Thomas-Maglia-Gialla-Podio-Tour-de-France-2018.jpg","contentUrl":"https:\/\/cyclingpro.net\/spaziociclismo\/wp-content\/uploads\/2018\/07\/Geraint-Thomas-Maglia-Gialla-Podio-Tour-de-France-2018.jpg","width":"660","height":"336","caption":"\u00a9 Team Sky"},{"@type":"BreadcrumbList","@id":"https:\/\/cyclingpro.net\/spaziociclismo\/continental\/tour-of-britain-2025-geraint-thomas-chiudera-la-carriera-nella-sua-cardiff-sara-incredibile-un-modo-straordinario-per-concludere\/#breadcrumb","itemListElement":[{"@type":"ListItem","position":1,"name":"Home","item":"https:\/\/cyclingpro.net\/spaziociclismo\/"},{"@type":"ListItem","position":2,"name":"Tour of Britain 2025, Geraint Thomas chiuder\u00e0 la carriera nella sua Cardiff: &#8220;Sar\u00e0 incredibile, un modo straordinario per concludere&#8221;"}]},{"@type":"WebSite","@id":"https:\/\/cyclingpro.net\/spaziociclismo\/#website","url":"https:\/\/cyclingpro.net\/spaziociclismo\/","name":"SpazioCiclismo","description":"Tutto il ciclismo minuto per minuto","publisher":{"@id":"https:\/\/cyclingpro.net\/spaziociclismo\/#organization"},"potentialAction":[{"@type":"SearchAction","target":{"@type":"EntryPoint","urlTemplate":"https:\/\/cyclingpro.net\/spaziociclismo\/?s={search_term_string}"},"query-input":{"@type":"PropertyValueSpecification","valueRequired":true,"valueName":"search_term_string"}}],"inLanguage":"it-IT"},{"@type":"Organization","@id":"https:\/\/cyclingpro.net\/spaziociclismo\/#organization","name":"SpazioCiclismo","url":"https:\/\/cyclingpro.net\/spaziociclismo\/","logo":{"@type":"ImageObject","inLanguage":"it-IT","@id":"https:\/\/cyclingpro.net\/spaziociclismo\/#\/schema\/logo\/image\/","url":"https:\/\/cyclingpro.net\/spaziociclismo\/wp-content\/uploads\/2017\/02\/SpazioCiclismo-Logo-Quadrato.png","contentUrl":"https:\/\/cyclingpro.net\/spaziociclismo\/wp-content\/uploads\/2017\/02\/SpazioCiclismo-Logo-Quadrato.png","width":450,"height":450,"caption":"SpazioCiclismo"},"image":{"@id":"https:\/\/cyclingpro.net\/spaziociclismo\/#\/schema\/logo\/image\/"},"sameAs":["https:\/\/www.facebook.com\/SpazioCiclismo\/","https:\/\/x.com\/spaziociclismo","https:\/\/www.instagram.com\/spaziociclismo\/"]},{"@type":"Person","@id":"https:\/\/cyclingpro.net\/spaziociclismo\/#\/schema\/person\/f104b5d2588ef53ce9f1b43295c352e1","name":"Redazione SpazioCiclismo","image":{"@type":"ImageObject","inLanguage":"it-IT","@id":"https:\/\/secure.gravatar.com\/avatar\/f1cae17b9ecd38864463422521239d4a656d6b657478a63e445df7b8ebc2b81c?s=96&d=mm&r=g","url":"https:\/\/secure.gravatar.com\/avatar\/f1cae17b9ecd38864463422521239d4a656d6b657478a63e445df7b8ebc2b81c?s=96&d=mm&r=g","contentUrl":"https:\/\/secure.gravatar.com\/avatar\/f1cae17b9ecd38864463422521239d4a656d6b657478a63e445df7b8ebc2b81c?s=96&d=mm&r=g","caption":"Redazione SpazioCiclismo"},"url":"https:\/\/cyclingpro.net\/spaziociclismo\/author\/wptstmssc\/"}]}},"_links":{"self":[{"href":"https:\/\/cyclingpro.net\/spaziociclismo\/wp-json\/wp\/v2\/posts\/341756","targetHints":{"allow":["GET"]}}],"collection":[{"href":"https:\/\/cyclingpro.net\/spaziociclismo\/wp-json\/wp\/v2\/posts"}],"about":[{"href":"https:\/\/cyclingpro.net\/spaziociclismo\/wp-json\/wp\/v2\/types\/post"}],"author":[{"embeddable":true,"href":"https:\/\/cyclingpro.net\/spaziociclismo\/wp-json\/wp\/v2\/users\/2"}],"replies":[{"embeddable":true,"href":"https:\/\/cyclingpro.net\/spaziociclismo\/wp-json\/wp\/v2\/comments?post=341756"}],"version-history":[{"count":1,"href":"https:\/\/cyclingpro.net\/spaziociclismo\/wp-json\/wp\/v2\/posts\/341756\/revisions"}],"predecessor-version":[{"id":341759,"href":"https:\/\/cyclingpro.net\/spaziociclismo\/wp-json\/wp\/v2\/posts\/341756\/revisions\/341759"}],"wp:featuredmedia":[{"embeddable":true,"href":"https:\/\/cyclingpro.net\/spaziociclismo\/wp-json\/wp\/v2\/media\/62249"}],"wp:attachment":[{"href":"https:\/\/cyclingpro.net\/spaziociclismo\/wp-json\/wp\/v2\/media?parent=341756"}],"wp:term":[{"taxonomy":"category","embeddable":true,"href":"https:\/\/cyclingpro.net\/spaziociclismo\/wp-json\/wp\/v2\/categories?post=341756"},{"taxonomy":"post_tag","embeddable":true,"href":"https:\/\/cyclingpro.net\/spaziociclismo\/wp-json\/wp\/v2\/tags?post=341756"}],"curies":[{"name":"wp","href":"https:\/\/api.w.org\/{rel}","templated":true}]}}