{"id":339265,"date":"2025-07-01T14:00:05","date_gmt":"2025-07-01T12:00:05","guid":{"rendered":"https:\/\/cyclingpro.net\/spaziociclismo\/?p=339265"},"modified":"2025-07-01T14:13:11","modified_gmt":"2025-07-01T12:13:11","slug":"analisi-percorso-tour-de-france-2025-inizio-con-tante-insidie-poi-i-pirenei-il-mont-ventoux-le-alpi-e-il-gran-finale-parigino-con-lo-strappo-di-montmartre","status":"publish","type":"post","link":"https:\/\/cyclingpro.net\/spaziociclismo\/presentazione-corse\/analisi-percorso-tour-de-france-2025-inizio-con-tante-insidie-poi-i-pirenei-il-mont-ventoux-le-alpi-e-il-gran-finale-parigino-con-lo-strappo-di-montmartre\/","title":{"rendered":"Analisi Percorso Tour de France 2025: inizio con tante insidie, poi i Pirenei, il Mont Ventoux, le Alpi e il gran finale parigino con lo strappo di Montmartre"},"content":{"rendered":"<p>Il<strong> Tour de France 2025<\/strong> si svolger\u00e0 su un percorso davvero variegato e ricco di momenti particolari. La corsa a tappe francese, in programma <strong>da sabato 5 a domenica 27 luglio<\/strong>, si svolger\u00e0 su 21 giorni di corsa e su due riposi; il primo di questi, peraltro, arriver\u00e0 abbastanza in l\u00e0, dato che i corridori si fermeranno per la prima volta dopo aver completato la tappa numero 10, quindi quasi a met\u00e0 percorso. In questa edizione non ci sar\u00e0 nessuno sconfinamento: il Grand D\u00e9part avverr\u00e0 infatti nel Nord della Francia, con<strong> Lille<\/strong> sede della frazione inagurale, e nessuna delle Nazioni adiacenti all&#8217;Esagono verr\u00e0 interessata dal tracciato, diversamente da quanto avvenuto nel recente passato. Due le cronometro, entrambe individuali, previste; una di queste sar\u00e0 peraltro una cronoscalata. In tutto, i corridori che arriveranno a <strong>Parigi<\/strong>, che torna conclusione del Tour dopo il finale di Nizza dello scorso anno, avranno percorso 3338,8 chilometri e avranno assorbito un dislivello positivo complessivo di 52.500 metri.<\/p>\n<p><a href=\"https:\/\/cyclingpro.net\/spaziociclismo\/wp-content\/uploads\/2025\/07\/cartina-generale-tour-2025-scaled.jpg\"><img loading=\"lazy\" decoding=\"async\" class=\"aligncenter wp-image-339266 size-large\" src=\"https:\/\/cyclingpro.net\/spaziociclismo\/wp-content\/uploads\/2025\/07\/cartina-generale-tour-2025-893x1024.jpg\" alt=\"\" width=\"893\" height=\"1024\" srcset=\"https:\/\/cyclingpro.net\/spaziociclismo\/wp-content\/uploads\/2025\/07\/cartina-generale-tour-2025-893x1024.jpg 893w, https:\/\/cyclingpro.net\/spaziociclismo\/wp-content\/uploads\/2025\/07\/cartina-generale-tour-2025-261x300.jpg 261w, https:\/\/cyclingpro.net\/spaziociclismo\/wp-content\/uploads\/2025\/07\/cartina-generale-tour-2025-131x150.jpg 131w, https:\/\/cyclingpro.net\/spaziociclismo\/wp-content\/uploads\/2025\/07\/cartina-generale-tour-2025-768x881.jpg 768w, https:\/\/cyclingpro.net\/spaziociclismo\/wp-content\/uploads\/2025\/07\/cartina-generale-tour-2025-1339x1536.jpg 1339w, https:\/\/cyclingpro.net\/spaziociclismo\/wp-content\/uploads\/2025\/07\/cartina-generale-tour-2025-1785x2048.jpg 1785w\" sizes=\"auto, (max-width: 893px) 100vw, 893px\" \/><\/a><\/p>\n<p>&nbsp;<\/p>\n<h2>Percorso Tour de France 2025<\/h2>\n<p>Teatro del primo giorno di corsa sar\u00e0 <strong>Lille<\/strong>, che sar\u00e0 sede di partenza e arrivo della tappa inaugurale. La giornata rappresenta una enorme opportunit\u00e0 per i velocisti che potranno andare a caccia della prima Maglia Gialla di questa edizione. Lungo il tracciato, che misura 184,9 km, sono infatti disseminati tre Gran premi della Montagna di Quarta categoria, la <strong>C\u00f4te de Notre-Dame-de-Lorette<\/strong> (1 km al 7,6%), <strong>Mont Cassel<\/strong> (1,9 km al 3,5%) e <strong>Mont Noir<\/strong> (1,3 km al 6,4%), ovvero salite che non dovrebbero rappresentare difficolt\u00e0 per i corridori pi\u00f9 pesanti. Gli ultimi 40 chilometri saranno poi tutti pianeggianti, fino al traguardo posto in Boulevard Vauban.<\/p>\n<p>Ben pi\u00f9 movimentato, dal punto di vista altimetrico, il finale della seconda tappa. Si parte da <strong>Lauwin-Planque<\/strong> e si percorrono 209,1 chilometri in direzione di <strong>Boulogne-sur-Mer<\/strong>, arrivo tradizionale per il Tour. A met\u00e0 giornata ci sar\u00e0 da scalare il Gpm della <strong>C\u00f4te de Cavron-Saint-Martin<\/strong> (1 km al 5,9%), che aprir\u00e0 un settore di gara abbastanza nervoso. Negli ultimi 35 chilometri saranno poi concentrati tre Gran premi della Montagna, prima dello strappo che porter\u00e0 all&#8217;arrivo: nell&#8217;ordine, si affronteranno la <strong>C\u00f4te de Haut-Pichot<\/strong> (1,1 km al 9,4%), la <strong>C\u00f4te de Saint-Etienne-au-Mont<\/strong> (1 km al 10,6%, con una punta al 15%) e la <strong>C\u00f4te d&#8217;Outreau <\/strong>(0,8 km al 8,8%, con una punta al 12%). Queste ultime due, peraltro, sono piazzate all&#8217;interno degli ultimi 10 chilometri di gara. Un breve tratto di respiro e poi si affronteranno gli ultimi 1200 metri, caratterizzati da una pendenza media del 3,8 per cento.<\/p>\n<p>La terza tappa chiamer\u00e0 nuovamente al lavoro i velocisti. Si parte da <strong>Valenciennes<\/strong> e si affrontano 178,3 chilometri praticamente senza difficolt\u00e0 altimetriche, tanto che la pi\u00f9 &#8220;gravosa&#8221;, oltre che unica, sar\u00e0 Mont Cassel (2,3 km al 3,8%), salita in parte gi\u00e0 affrontata durante la prima tappa, la cui sommit\u00e0 cade a poco pi\u00f9 di 30 chilometri dal traguardo, posto a <strong>Dunkerque<\/strong>. Il Tour de France proseguir\u00e0 poi con una frazione che sapr\u00e0 molto di Classica del Nord: partenza da Amiens e 174,2 chilometri da percorrere prima dell&#8217;arrivo a Rouen. A fronte di circa 120 km abbastanza tranquilli, la giornata sar\u00e0 caratterizzata da un finale molto irregolare: negli ultimi 45 km saranno infatti sparsi cinque Gpm, di cui di Terza categoria. Il primo sar\u00e0 la <strong>C\u00f4te de Jacques Anquetil\u00a0<\/strong>(3,5 km al 3,6%), ascesa dedicata alla memoria del grande campione francese, seguita dalla <strong>C\u00f4te de Belbeuf<\/strong> (1,3 km al 9,1%). A stretto giro di posta ci saranno poi la <strong>C\u00f4te de Bonsecours<\/strong> (0,9 km al 7,2%), la <strong>C\u00f4te de la Grand&#8217;Mare<\/strong> (1,8 km al 5%) e la <strong>Rampe Saint-Hillaire<\/strong> (0,8 km al 10,6%). Quest&#8217;ultima terminer\u00e0 a poco pi\u00f9 di 5 chilometri dall&#8217;arrivo, che sar\u00e0 peraltro raggiunto dopo aver percorso un ulteriore strappetto di 500 metri, proprio nel finale.<\/p>\n<p>La quinta giornata di gara prevede una cronometro individuale, con partenza e arrivo a <strong>Caen<\/strong>. Il tracciato misura 33 chilometri ed \u00e8 fondamentalmente pianeggiante (200 metri il dislivello positivo complessivo), aspetto che potrebbe fare la differenza a favore di corridori in grado di spingere lunghi rapporti per altrettanto lunghi periodi di sforzo. La sesta tappa vedr\u00e0 nuovamente i corridori affrontare un tracciato molto nervoso: fra la partenza da <strong>Bayeux<\/strong> e l&#8217;arrivo a <strong>Vire Normandie<\/strong> sono infatti compresi ben 6 Gran premi della Montagna, di cui cinque di Terza categoria. La <strong>C\u00f4te du Mont-Pin\u00e7on <\/strong>(5,6 km al 3,7%) e la <strong>C\u00f4te de la Ran\u00e7onni\u00e8re<\/strong> (2,2 km al 7,9%) movimenteranno l&#8217;avvio, mentre gli ultimi 60 chilometri vedranno succedersi la <strong>C\u00f4te de Mortain Cote 314 <\/strong>(1,6 km al 9,5%), la <strong>C\u00f4te de Juvigny-le-Tertre<\/strong> (2,2 km al 7,3%), la <strong>C\u00f4te de Saint-Michel-de-Montjolie<\/strong> (3,7 km al 4,5%) e la <strong>C\u00f4te de Vaudry <\/strong>(1,2 km al 7,2%), che finisce a poco pi\u00f9 di 4 km dall&#8217;arrivo. Non \u00e8 finita, per\u00f2, dato che lo striscione del traguardo sar\u00e0 posto alla fine di uno strappo di 700 metri, con pendenza media del 10,2 per cento e una punta al 15.<\/p>\n<p>Finale che si annuncia molto spettacolare anche per la settima tappa, che muover\u00e0 da <strong>Saint-Malo<\/strong> per concludersi sul <strong>M\u00fbr-de-Bretagne<\/strong>, altro arrivo gi\u00e0 nella storia del Tour. Il tracciato sar\u00e0 principalmente pianeggiante fino agli ultimi 20 chilometri, che prevederanno la <strong>C\u00f4te du Village de M\u00fbr-de-Bretagne<\/strong> (1,6 km al 4,1%) e un primo passaggio sotto lo striscione del traguardo, dove \u00e8 posto un Gpm di Terza categoria (2 km al 6,9%). Un anello di poco meno di 16 chilometri riporter\u00e0 poi i corridori in zona arrivo, con un&#8217;ulteriore ascesa al celebre muro bretone, che presenta anche una punta al 15 per cento di pendenza. La tappa numero 8 dovrebbe permettere ai corridori di tirare un po&#8217; il fiato, eccezion fatta per i velocisti e i loro gregari: partenza da <strong>Saint-M\u00e9en-le-Grand<\/strong>, arrivo a <strong>Laval<\/strong> e in mezzo 171,4 chilometri di quasi assoluta pianura. Previsto infatti solo un Gpm di Quarta categoria, la <strong>C\u00f4te de Nuill\u00e9-sur-Vicoin <\/strong>(0,9 km al 3,8%), prima di un rettilineo finale che tirer\u00e0 in maniera quasi impercettibile verso l&#8217;alto.<\/p>\n<p>Il copione da velocisti dovrebbe ripetersi anche per la nona tappa, che non presenta alcun Gpm: da <strong>Chinon<\/strong> a <strong>Ch\u00e2teauroux<\/strong> ci saranno da mandar gi\u00f9 174,1 chilometri, prima di un epilogo che pare decisamente scontato. Tutto molto diverso rispetto a quanto avverr\u00e0 il giorno successivo, in occasione della frazione numero 10, la prima di montagna. Fra la partenza da <strong>Ennezat<\/strong> e l&#8217;arrivo in cima a <strong>Le Mont-Dore<\/strong> ci sono infatti 165,3 chilometri e la bellezza di 7 Gpm, oltre a quello posto in corrispondenza del traguardo. Una tappa senza respiro, quindi, che vedr\u00e0 la <strong>C\u00f4te de Loubeyrat\u00a0<\/strong>(4,1 km al 6,3%) come prima asperit\u00e0. Nella fase centrale ci saranno tre Gpm in rapida sequenza: si tratta della <strong>C\u00f4te de la Barraque\u00a0<\/strong>(4,8 km al 7,4%), della <strong>C\u00f4te de Charade\u00a0<\/strong>(5,1 km al 3,6%) e della <strong>C\u00f4te de Berzet\u00a0<\/strong>(3,4 km al 7,4%). La strada rimarr\u00e0 irregolare, si star\u00e0 costantemente sopra i 1000 metri di altitudine e negli ultimi 50 km i corridori dovranno scalare il <strong>Col de Gu\u00e9ry<\/strong> (3,4 km al 6,7%), il <strong>Col de la Croix Morand<\/strong> (3,4 km al 5,7%) e, dopo un breve tratto di respiro, il <strong>Col de la Croix Saint-Robert<\/strong> (5,1 km al 6,4%). Gran finale sull&#8217;ascesa del Puy de Sancy (3,3 km all&#8217;8%), che si concluder\u00e0 in localit\u00e0 Le Mont-Dore.<\/p>\n<p>Dopo il primo giorno di riposo, previsto a Toulouse, il Tour ripartir\u00e0 con i Pirenei gi\u00e0 sullo sfondo, ma il programma prevede prima una tappa senza grandi salite, ma molto nervoso. La partenza e l&#8217;arrivo saranno proprio a <strong>Toulouse<\/strong> e il tracciato di 156,8 km prevede infatti 5 Gpm, di cui 4 concentrati nell&#8217;ultima parte. Il primo sar\u00e0 la <strong>C\u00f4te de Castelnau-d&#8217;Estr\u00e9tefonds <\/strong>(1,4 km al 6,6%), dopo una ventina di chilometri di gara, mentre gli ultimi saranno, in successione, la <strong>C\u00f4te de Montgiscard <\/strong>(1,6 km al 5,3%), la <strong>C\u00f4te de Corronsac <\/strong>(0,9 km al 6,7%), la <strong>C\u00f4te de la Vielle-Toulouse <\/strong>(1,3 km al 6,6%) e, infine, la <strong>C\u00f4te de Pech David <\/strong>(0,8 km al 12,4%), che terminer\u00e0 a 12 chilometri dal traguardo. Se sar\u00e0 volata, i velocisti dovranno davvero sudarsela.<\/p>\n<p>Pirenei, poi. La tappa numero 12 partir\u00e0 da <strong>Auch<\/strong> per fare rotta verso una salita che fa ormai parte della storia del ciclismo, <strong>Hautacam<\/strong>. In mezzo, 180,6 km, con un Gpm di Quarta categoria, la <strong>C\u00f4te de Labatmale <\/strong>(1,3 km al 6,3%), il <strong>Col du Soulor<\/strong> (11,8 km al 7,3%) e il <strong>Col des Bord\u00e9res<\/strong> (3,1 km al 7,7%). Un lungo tratto di discesa porter\u00e0 poi ai piedi della salita conclusiva, che misura 13,5 chilometri, con una pendenza media del 7,8 per cento e punte oltre l&#8217;11 per cento. Si rester\u00e0 sui Pirenei anche per la tappa numero 13, che sar\u00e0 una cronoscalata: partenza da <strong>Loudenvielle<\/strong> e arrivo a <strong>Peyragudes<\/strong> dopo una prova di 10,9 chilometri: i primi tre saranno di pianura, i restanti 8 saranno su una salita dal 7,9 per cento di pendenza media e punte, soprattutto nel finale, al 16%.<\/p>\n<p>La parte pirenaica del men\u00f9 non \u00e8 ancora finita, perch\u00e9 la tappa numero 14 rappresenta un vero e proprio &#8220;tappone di montagna&#8221;, sempre sulle strade del sud francese. Partenza da <strong>Pau<\/strong> e <strong>Col du Tourmalet<\/strong> (19 km al 7,4%) come prima ascesa di giornata, oltre che primo punto oltre i 2000 metri di questa edizione. Si prosegue poi scalando il <strong>Col d&#8217;Aspin<\/strong> (5 km al 7,6%) e il <strong>Col du Peyresourde<\/strong> (7,1 km al 7,8%). La giornata si concluder\u00e0 lungo le rampe che portano all&#8217;arrivo posto a <strong>Luchon-Superbagn\u00e8res<\/strong> (12,4 km al 7,3%), a pi\u00f9 di 1800 metri di altitudine e alla fine di una giornata da 4950 metri di dislivello positivo complessivo. La frazione successiva, quella numero 15, sar\u00e0 molto ambita dai fuggitivi: 169,3 km, fra <strong>Muret<\/strong> e <strong>Carcassonne<\/strong>, e in mezzo tre Gpm che potrebbero rendere la vita difficile ai velocisti. Si andr\u00e0 sulla <strong>C\u00f4te de Saint-Ferr\u00e9ol <\/strong>(1,7 km al 7%), sulla <strong>C\u00f4te de Sor\u00e8ze <\/strong>(6,2 km al 5,5%) e sul Pas du Sant (2,9 km al 10,2%). La strada rimarr\u00e0 poi a puntare verso l&#8217;alto fino ai -40 dall&#8217;arrivo: ci sar\u00e0 quindi tempo per ricomporre le cose, in chiave volata, ma sar\u00e0 tutt&#8217;altro che facile.<\/p>\n<p>Trascorso il secondo giorno riposo a<strong> Montpellier<\/strong>, da l\u00ec si ripartir\u00e0 per iniziare l&#8217;ultima settimana. La tappa numero 16, che misura 171,5 km rappresenter\u00e0 peraltro un momento molto importante della corsa, dato che la giornata si concluder\u00e0 in cima al<strong> Mont Ventoux<\/strong>. Prima di quella salita (15,7 km all&#8217;8,8%) non ci saranno infatti difficolt\u00e0 altimetriche e quel che verr\u00e0 fuori sar\u00e0 quindi una frazione &#8220;unipuerto&#8221;, molto pi\u00f9 diffusa, solitamente, nei percorsi della Vuelta a Espa\u00f1a. Si prosegue poi con la <strong>Boll\u00e8ne-Valence<\/strong>, frazione di 160,4 km che dovrebbe consentire ai velocisti di tornare in copertina: lungo il tracciato ci sono due Gpm, il <strong>Col du Pertuis <\/strong>(3,7 km al 6,6%) e il <strong>Col de Tartaiguille<\/strong> (3,6 km al 3,5%), che non dovrebbero creare particolari problemi, anche perch\u00e9 ben lontani dall&#8217;arrivo.<\/p>\n<p>Si va quindi per la resa dei conti, che inizia con la tappa numero 18, tutta sulle Alpi. Partenza da <strong>Vif<\/strong> e &#8220;solo&#8221; tre Gran premi della Montagna, tutti &#8220;fuori-categoria&#8221;. Il primo sar\u00e0 il <strong>Col du Glandon<\/strong> (21,7 km al 5,1%), il secondo sar\u00e0 il <strong>Col de la Madeleine<\/strong> (19,2 km al 7,9%) e l&#8217;ultimo, al termine del quale sar\u00e0 posto l&#8217;arrivo, sar\u00e0 il tremendo <strong>Col de la Loze<\/strong> (26,4 km al 6,5%). Il traguardo sar\u00e0 nel territorio di<strong> Courchevel<\/strong> e sar\u00e0 caratterizzato dal &#8220;solito&#8221; ultimo chilometro che non finisce mai, con pendenze intorno all&#8217;8 per cento. La temperatura altimetrica non caler\u00e0 il giorno successivo, quando, per la tappa numero 19, si partir\u00e0 da Albertville e si affronter\u00e0 una frazione &#8220;corta&#8221; con i suoi 129,9 chilometri. Nel men\u00f9 di giornata ci sono per\u00f2 la <strong>C\u00f4te d&#8217;H\u00e9ry-sur-Ugine <\/strong>(11,3 km al 5,1%), il Col des Saisies (13,7 km al 6,4%), il temibilissimo <strong>Col du Pr\u00e9<\/strong> (12,6 km al 7,7%) e il Cormet de Roselend (5,9 km al 6,3%). A seguire ci sar\u00e0 un lunghissimo tratto di discesa, prima della lunga impennata conclusiva verso l&#8217;arrivo di <strong>La Plagne<\/strong> (19,1 km al 7,2%).<\/p>\n<p>Come gi\u00e0 visto nelle ultime edizioni, il Tour sceglie un profilo movimentato ma non impossibile per la sua penultima tappa. Stavolta si parte da Nantua e si arriva a Pontarlier, per 184,2 km che paiono molto adatti alle fughe da lontano. In mezzo ci saranno il <strong>Col de la Croix de la Serra <\/strong>(12,1 km al 4,1%), la <strong>C\u00f4te de Valfin <\/strong>(5,7 km al 4,2%) e, proseguendo su una strada sempre molto irregolare, la <strong>C\u00f4te de Th\u00e9sy <\/strong>(3,6 km all&#8217;8,9%). L&#8217;ultimo Gpm categorizzato sar\u00e0 quello della <strong>C\u00f4te de Longeville <\/strong>(2,5 km al 5,5%), posto a poco pi\u00f9 di 20 km dal traguardo. L&#8217;ultimo atto potrebbe rappresentare un momento decisivo, anche se non sar\u00e0 una cronometro: gli organizzatori hanno infatti deciso di far passare la 21esima tappa del Tour, che partir\u00e0 da <strong>Mantes-la-Ville <\/strong>e che si concluder\u00e0 nella capitale <strong>Paris<\/strong>, sulla pittoresca salita di Montmartre, che ha riscosso un enorme successo mediatico in occasione dei Giochi olimpici del 2024. Lungo il tracciato che porter\u00e0 alla classica conclusione sugli Champs-\u00c9lys\u00e8es, dopo il Gpm della <strong>C\u00f4te de Bazemont <\/strong>(1,7 km al 7%) e quello della <strong>C\u00f4te du Pav\u00e9s des Gardes <\/strong>(0,7 km al 9,7%), ci sar\u00e0 infatti da affrontare per tre volte la <strong>C\u00f4te de la Butte Montmartre <\/strong>(1,1 km al 5,9%), &#8220;triplo&#8221; passaggio che potrebbe causare anche qualche distacco fra uomini di classifica. L&#8217;ultimo transito in cima sar\u00e0 a 6 chilometri dall&#8217;arrivo e riesce quindi difficile immaginarsi un &#8220;classico&#8221; arrivo in volata.<\/p>\n<h2>Tappe Tour de France 2025<\/h2>\n<table class=\"wikitable\" style=\"height: 948px; width: 100%;\">\n<tbody>\n<tr style=\"height: 38px;\">\n<td style=\"width: 7.88938%; height: 38px;\" align=\"center\"><strong>#<\/strong><\/td>\n<td style=\"width: 10.3484%; height: 38px;\"><strong>Giorno<\/strong><\/td>\n<td style=\"width: 10.1435%; height: 38px;\"><strong>KM<\/strong><\/td>\n<td style=\"width: 13.9343%; height: 38px;\"><strong>Tipo<\/strong><\/td>\n<td style=\"width: 37.7308%; height: 38px;\"><strong>Tappa<\/strong><\/td>\n<td style=\"width: 19.7488%; height: 38px;\"><strong>Dislivello<\/strong><\/td>\n<\/tr>\n<tr style=\"height: 38px;\">\n<td style=\"width: 7.88938%; height: 38px;\" align=\"center\">1\u00aa<\/td>\n<td style=\"width: 10.3484%; height: 38px;\">\n<div class=\"css-175oi2r r-1adg3ll r-11f147o r-3o4zer\">\n<div class=\"css-146c3p1 r-bcqeeo r-1ttztb7 r-qvutc0 r-37j5jr r-a023e6 r-16dba41 r-a8ghvy\" dir=\"ltr\"><span class=\"css-1jxf684 r-bcqeeo r-1ttztb7 r-qvutc0 r-poiln3\">05\/07<\/span><\/div>\n<\/div>\n<\/td>\n<td style=\"width: 10.1435%; height: 38px;\">\n<div class=\"css-175oi2r r-1adg3ll r-11f147o r-3o4zer\">\n<div class=\"css-146c3p1 r-bcqeeo r-1ttztb7 r-qvutc0 r-37j5jr r-a023e6 r-16dba41 r-a8ghvy\" dir=\"ltr\"><span class=\"css-1jxf684 r-bcqeeo r-1ttztb7 r-qvutc0 r-poiln3\">184,9<\/span><\/div>\n<\/div>\n<\/td>\n<td style=\"width: 13.9343%; height: 38px;\">Pianura<\/td>\n<td style=\"width: 37.7308%;\">\n<div class=\"css-175oi2r r-1adg3ll r-11f147o r-3o4zer\">\n<div class=\"css-146c3p1 r-bcqeeo r-1ttztb7 r-qvutc0 r-37j5jr r-a023e6 r-16dba41 r-a8ghvy\" dir=\"ltr\"><span class=\"css-1jxf684 r-bcqeeo r-1ttztb7 r-qvutc0 r-poiln3\">Lille \u2013 Lille<\/span><\/div>\n<\/div>\n<\/td>\n<td style=\"width: 19.7488%; height: 38px;\">1150 m<\/td>\n<\/tr>\n<tr style=\"height: 38px;\">\n<td style=\"width: 7.88938%; height: 38px;\" align=\"center\">2\u00aa<\/td>\n<td style=\"width: 10.3484%; height: 38px;\">\n<div class=\"css-175oi2r r-1adg3ll r-11f147o r-3o4zer\">\n<div class=\"css-146c3p1 r-bcqeeo r-1ttztb7 r-qvutc0 r-37j5jr r-a023e6 r-16dba41 r-a8ghvy\" dir=\"ltr\"><span class=\"css-1jxf684 r-bcqeeo r-1ttztb7 r-qvutc0 r-poiln3\">06\/07<\/span><\/div>\n<\/div>\n<\/td>\n<td style=\"width: 10.1435%; height: 38px;\">\n<div class=\"css-175oi2r r-1adg3ll r-11f147o r-3o4zer\">\n<div class=\"css-146c3p1 r-bcqeeo r-1ttztb7 r-qvutc0 r-37j5jr r-a023e6 r-16dba41 r-a8ghvy\" dir=\"ltr\"><span class=\"css-1jxf684 r-bcqeeo r-1ttztb7 r-qvutc0 r-poiln3\">209,1<\/span><\/div>\n<\/div>\n<\/td>\n<td style=\"width: 13.9343%; height: 38px;\">Collina<\/td>\n<td style=\"width: 37.7308%;\">\n<div class=\"css-175oi2r r-1adg3ll r-11f147o r-3o4zer\">\n<div class=\"css-146c3p1 r-bcqeeo r-1ttztb7 r-qvutc0 r-37j5jr r-a023e6 r-16dba41 r-a8ghvy\" dir=\"ltr\"><span class=\"css-1jxf684 r-bcqeeo r-1ttztb7 r-qvutc0 r-poiln3\">Lauwin-Planque \u2013 Boulogne-sur-Mer<\/span><\/div>\n<\/div>\n<\/td>\n<td style=\"width: 19.7488%; height: 38px;\">2550 m<\/td>\n<\/tr>\n<tr style=\"height: 38px;\">\n<td style=\"width: 7.88938%; height: 38px;\" align=\"center\">3\u00aa<\/td>\n<td style=\"width: 10.3484%; height: 38px;\">\n<div class=\"css-175oi2r r-1adg3ll r-11f147o r-3o4zer\">\n<div class=\"css-146c3p1 r-bcqeeo r-1ttztb7 r-qvutc0 r-37j5jr r-a023e6 r-16dba41 r-a8ghvy\" dir=\"ltr\"><span class=\"css-1jxf684 r-bcqeeo r-1ttztb7 r-qvutc0 r-poiln3\">07\/07<\/span><\/div>\n<\/div>\n<\/td>\n<td style=\"width: 10.1435%; height: 38px;\">\n<div class=\"css-175oi2r r-1adg3ll r-11f147o r-3o4zer\">\n<div class=\"css-146c3p1 r-bcqeeo r-1ttztb7 r-qvutc0 r-37j5jr r-a023e6 r-16dba41 r-a8ghvy\" dir=\"ltr\"><span class=\"css-1jxf684 r-bcqeeo r-1ttztb7 r-qvutc0 r-poiln3\">178,3<\/span><\/div>\n<\/div>\n<\/td>\n<td style=\"width: 13.9343%; height: 38px;\">Pianura<\/td>\n<td style=\"width: 37.7308%;\">\n<div class=\"css-175oi2r r-1adg3ll r-11f147o r-3o4zer\">\n<div class=\"css-146c3p1 r-bcqeeo r-1ttztb7 r-qvutc0 r-37j5jr r-a023e6 r-16dba41 r-a8ghvy\" dir=\"ltr\"><span class=\"css-1jxf684 r-bcqeeo r-1ttztb7 r-qvutc0 r-poiln3\">Valenciennes \u2013 Dunkerque<\/span><\/div>\n<\/div>\n<\/td>\n<td style=\"width: 19.7488%; height: 38px;\">800 m<\/td>\n<\/tr>\n<tr style=\"height: 38px;\">\n<td style=\"width: 7.88938%; height: 38px;\" align=\"center\">4\u00aa<\/td>\n<td style=\"width: 10.3484%; height: 38px;\">\n<div class=\"css-175oi2r r-1adg3ll r-11f147o r-3o4zer\">\n<div class=\"css-146c3p1 r-bcqeeo r-1ttztb7 r-qvutc0 r-37j5jr r-a023e6 r-16dba41 r-a8ghvy\" dir=\"ltr\"><span class=\"css-1jxf684 r-bcqeeo r-1ttztb7 r-qvutc0 r-poiln3\">08\/07<\/span><\/div>\n<\/div>\n<\/td>\n<td style=\"width: 10.1435%; height: 38px;\">\n<div class=\"css-175oi2r r-1adg3ll r-11f147o r-3o4zer\">\n<div class=\"css-146c3p1 r-bcqeeo r-1ttztb7 r-qvutc0 r-37j5jr r-a023e6 r-16dba41 r-a8ghvy\" dir=\"ltr\"><span class=\"css-1jxf684 r-bcqeeo r-1ttztb7 r-qvutc0 r-poiln3\">174,2<\/span><\/div>\n<\/div>\n<\/td>\n<td style=\"width: 13.9343%; height: 38px;\">Collina<\/td>\n<td style=\"width: 37.7308%;\">\n<div class=\"css-175oi2r r-1adg3ll r-11f147o r-3o4zer\">\n<div class=\"css-146c3p1 r-bcqeeo r-1ttztb7 r-qvutc0 r-37j5jr r-a023e6 r-16dba41 r-a8ghvy\" dir=\"ltr\"><span class=\"css-1jxf684 r-bcqeeo r-1ttztb7 r-qvutc0 r-poiln3\">Amiens \u2013 Rouen<\/span><\/div>\n<\/div>\n<\/td>\n<td style=\"width: 19.7488%; height: 38px;\">2050 m<\/td>\n<\/tr>\n<tr style=\"height: 38px;\">\n<td style=\"width: 7.88938%; height: 38px;\" align=\"center\">5\u00aa<\/td>\n<td style=\"width: 10.3484%; height: 38px;\">\n<div class=\"css-175oi2r r-1adg3ll r-11f147o r-3o4zer\">\n<div class=\"css-146c3p1 r-bcqeeo r-1ttztb7 r-qvutc0 r-37j5jr r-a023e6 r-16dba41 r-a8ghvy\" dir=\"ltr\"><span class=\"css-1jxf684 r-bcqeeo r-1ttztb7 r-qvutc0 r-poiln3\">09\/07<\/span><\/div>\n<\/div>\n<\/td>\n<td style=\"width: 10.1435%; height: 38px;\">\n<div class=\"css-175oi2r r-1adg3ll r-11f147o r-3o4zer\">\n<div class=\"css-146c3p1 r-bcqeeo r-1ttztb7 r-qvutc0 r-37j5jr r-a023e6 r-16dba41 r-a8ghvy\" dir=\"ltr\"><span class=\"css-1jxf684 r-bcqeeo r-1ttztb7 r-qvutc0 r-poiln3\">33<\/span><\/div>\n<\/div>\n<\/td>\n<td style=\"width: 13.9343%; height: 38px;\">Cronometro<\/td>\n<td style=\"width: 37.7308%;\">\n<div class=\"css-175oi2r r-1adg3ll r-11f147o r-3o4zer\">\n<div class=\"css-146c3p1 r-bcqeeo r-1ttztb7 r-qvutc0 r-37j5jr r-a023e6 r-16dba41 r-a8ghvy\" dir=\"ltr\"><span class=\"css-1jxf684 r-bcqeeo r-1ttztb7 r-qvutc0 r-poiln3\">Caen \u2013 Caen<\/span><\/div>\n<\/div>\n<\/td>\n<td style=\"width: 19.7488%; height: 38px;\">200 m<\/td>\n<\/tr>\n<tr style=\"height: 38px;\">\n<td style=\"width: 7.88938%; height: 38px;\" align=\"center\">6\u00aa<\/td>\n<td style=\"width: 10.3484%; height: 38px;\">\n<div class=\"css-175oi2r r-1adg3ll r-11f147o r-3o4zer\">\n<div class=\"css-146c3p1 r-bcqeeo r-1ttztb7 r-qvutc0 r-37j5jr r-a023e6 r-16dba41 r-a8ghvy\" dir=\"ltr\"><span class=\"css-1jxf684 r-bcqeeo r-1ttztb7 r-qvutc0 r-poiln3\">10\/07<\/span><\/div>\n<\/div>\n<\/td>\n<td style=\"width: 10.1435%; height: 38px;\">\n<div class=\"css-175oi2r r-1adg3ll r-11f147o r-3o4zer\">\n<div class=\"css-146c3p1 r-bcqeeo r-1ttztb7 r-qvutc0 r-37j5jr r-a023e6 r-16dba41 r-a8ghvy\" dir=\"ltr\"><span class=\"css-1jxf684 r-bcqeeo r-1ttztb7 r-qvutc0 r-poiln3\">201,5<\/span><\/div>\n<\/div>\n<\/td>\n<td style=\"width: 13.9343%; height: 38px;\">Collina<\/td>\n<td style=\"width: 37.7308%;\">\n<div class=\"css-175oi2r r-1adg3ll r-11f147o r-3o4zer\">\n<div class=\"css-146c3p1 r-bcqeeo r-1ttztb7 r-qvutc0 r-37j5jr r-a023e6 r-16dba41 r-a8ghvy\" dir=\"ltr\"><span class=\"css-1jxf684 r-bcqeeo r-1ttztb7 r-qvutc0 r-poiln3\">Bayeux \u2013 Vire Normandie<\/span><\/div>\n<\/div>\n<\/td>\n<td style=\"width: 19.7488%; height: 38px;\">3550 m<\/td>\n<\/tr>\n<tr style=\"height: 38px;\">\n<td style=\"width: 7.88938%; height: 38px;\" align=\"center\">7\u00aa<\/td>\n<td style=\"width: 10.3484%; height: 38px;\">\n<div class=\"css-175oi2r r-1adg3ll r-11f147o r-3o4zer\">\n<div class=\"css-146c3p1 r-bcqeeo r-1ttztb7 r-qvutc0 r-37j5jr r-a023e6 r-16dba41 r-a8ghvy\" dir=\"ltr\"><span class=\"css-1jxf684 r-bcqeeo r-1ttztb7 r-qvutc0 r-poiln3\">11\/07<\/span><\/div>\n<\/div>\n<\/td>\n<td style=\"width: 10.1435%; height: 38px;\">\n<div class=\"css-175oi2r r-1adg3ll r-11f147o r-3o4zer\">\n<div class=\"css-146c3p1 r-bcqeeo r-1ttztb7 r-qvutc0 r-37j5jr r-a023e6 r-16dba41 r-a8ghvy\" dir=\"ltr\"><span class=\"css-1jxf684 r-bcqeeo r-1ttztb7 r-qvutc0 r-poiln3\">197<\/span><\/div>\n<\/div>\n<\/td>\n<td style=\"width: 13.9343%; height: 38px;\">Collina<\/td>\n<td style=\"width: 37.7308%;\">\n<div class=\"css-175oi2r r-1adg3ll r-11f147o r-3o4zer\">\n<div class=\"css-146c3p1 r-bcqeeo r-1ttztb7 r-qvutc0 r-37j5jr r-a023e6 r-16dba41 r-a8ghvy\" dir=\"ltr\"><span class=\"css-1jxf684 r-bcqeeo r-1ttztb7 r-qvutc0 r-poiln3\">Saint-Malo \u2013 M\u00fbr-de-Bretagne<\/span><\/div>\n<\/div>\n<\/td>\n<td style=\"width: 19.7488%; height: 38px;\">2450 m<\/td>\n<\/tr>\n<tr style=\"height: 38px;\">\n<td style=\"width: 7.88938%; height: 38px;\" align=\"center\">8\u00aa<\/td>\n<td style=\"width: 10.3484%; height: 38px;\">\n<div class=\"css-175oi2r r-1adg3ll r-11f147o r-3o4zer\">\n<div class=\"css-146c3p1 r-bcqeeo r-1ttztb7 r-qvutc0 r-37j5jr r-a023e6 r-16dba41 r-a8ghvy\" dir=\"ltr\"><span class=\"css-1jxf684 r-bcqeeo r-1ttztb7 r-qvutc0 r-poiln3\">12\/07<\/span><\/div>\n<\/div>\n<\/td>\n<td style=\"width: 10.1435%; height: 38px;\">\n<div class=\"css-175oi2r r-1adg3ll r-11f147o r-3o4zer\">\n<div class=\"css-146c3p1 r-bcqeeo r-1ttztb7 r-qvutc0 r-37j5jr r-a023e6 r-16dba41 r-a8ghvy\" dir=\"ltr\"><span class=\"css-1jxf684 r-bcqeeo r-1ttztb7 r-qvutc0 r-poiln3\">171,4<\/span><\/div>\n<\/div>\n<\/td>\n<td style=\"width: 13.9343%; height: 38px;\">Pianura<\/td>\n<td style=\"width: 37.7308%;\">\n<div class=\"css-175oi2r r-1adg3ll r-11f147o r-3o4zer\">\n<div class=\"css-146c3p1 r-bcqeeo r-1ttztb7 r-qvutc0 r-37j5jr r-a023e6 r-16dba41 r-a8ghvy\" dir=\"ltr\"><span class=\"css-1jxf684 r-bcqeeo r-1ttztb7 r-qvutc0 r-poiln3\">Saint Meen Le Grand \u2013 Laval<\/span><\/div>\n<\/div>\n<\/td>\n<td style=\"width: 19.7488%; height: 38px;\">1700 m<\/td>\n<\/tr>\n<tr style=\"height: 38px;\">\n<td style=\"width: 7.88938%; height: 38px;\" align=\"center\">9\u00aa<\/td>\n<td style=\"width: 10.3484%; height: 38px;\">\n<div class=\"css-175oi2r r-1adg3ll r-11f147o r-3o4zer\">\n<div class=\"css-146c3p1 r-bcqeeo r-1ttztb7 r-qvutc0 r-37j5jr r-a023e6 r-16dba41 r-a8ghvy\" dir=\"ltr\"><span class=\"css-1jxf684 r-bcqeeo r-1ttztb7 r-qvutc0 r-poiln3\">13\/07<\/span><\/div>\n<\/div>\n<\/td>\n<td style=\"width: 10.1435%; height: 38px;\">\n<div class=\"css-175oi2r r-1adg3ll r-11f147o r-3o4zer\">\n<div class=\"css-146c3p1 r-bcqeeo r-1ttztb7 r-qvutc0 r-37j5jr r-a023e6 r-16dba41 r-a8ghvy\" dir=\"ltr\"><span class=\"css-1jxf684 r-bcqeeo r-1ttztb7 r-qvutc0 r-poiln3\">170<\/span><\/div>\n<\/div>\n<\/td>\n<td style=\"width: 13.9343%; height: 38px;\">Pianura<\/td>\n<td style=\"width: 37.7308%;\">\n<div class=\"css-175oi2r r-1adg3ll r-11f147o r-3o4zer\">\n<div class=\"css-146c3p1 r-bcqeeo r-1ttztb7 r-qvutc0 r-37j5jr r-a023e6 r-16dba41 r-a8ghvy\" dir=\"ltr\"><span class=\"css-1jxf684 r-bcqeeo r-1ttztb7 r-qvutc0 r-poiln3\">Chinon \u2013 Ch\u00e2teauroux<\/span><\/div>\n<\/div>\n<\/td>\n<td style=\"width: 19.7488%; height: 38px;\">1400 m<\/td>\n<\/tr>\n<tr style=\"height: 38px;\">\n<td style=\"width: 7.88938%; height: 38px;\">10\u00aa<\/td>\n<td style=\"width: 10.3484%; height: 38px;\">\n<div class=\"css-175oi2r r-1adg3ll r-11f147o r-3o4zer\">\n<div class=\"css-146c3p1 r-bcqeeo r-1ttztb7 r-qvutc0 r-37j5jr r-a023e6 r-16dba41 r-a8ghvy\" dir=\"ltr\"><span class=\"css-1jxf684 r-bcqeeo r-1ttztb7 r-qvutc0 r-poiln3\">14\/07<\/span><\/div>\n<\/div>\n<\/td>\n<td style=\"width: 10.1435%; height: 38px;\">\n<div class=\"css-175oi2r r-1adg3ll r-11f147o r-3o4zer\">\n<div class=\"css-146c3p1 r-bcqeeo r-1ttztb7 r-qvutc0 r-37j5jr r-a023e6 r-16dba41 r-a8ghvy\" dir=\"ltr\"><span class=\"css-1jxf684 r-bcqeeo r-1ttztb7 r-qvutc0 r-poiln3\">165,3<\/span><\/div>\n<\/div>\n<\/td>\n<td style=\"width: 13.9343%; height: 38px;\">Montagna<\/td>\n<td style=\"width: 37.7308%;\">\n<div class=\"css-175oi2r r-1adg3ll r-11f147o r-3o4zer\">\n<div class=\"css-146c3p1 r-bcqeeo r-1ttztb7 r-qvutc0 r-37j5jr r-a023e6 r-16dba41 r-a8ghvy\" dir=\"ltr\"><span class=\"css-1jxf684 r-bcqeeo r-1ttztb7 r-qvutc0 r-poiln3\">Ennezat \u2013 Le Mont Dore<\/span><\/div>\n<\/div>\n<\/td>\n<td style=\"width: 19.7488%; height: 38px;\">4450 m<\/td>\n<\/tr>\n<tr style=\"height: 38px;\">\n<td style=\"width: 7.88938%; height: 38px;\" align=\"center\"><\/td>\n<td style=\"width: 10.3484%; height: 38px;\">\n<div class=\"css-175oi2r r-1adg3ll r-11f147o r-3o4zer\">\n<div class=\"css-146c3p1 r-bcqeeo r-1ttztb7 r-qvutc0 r-37j5jr r-a023e6 r-16dba41 r-a8ghvy\" dir=\"ltr\"><span class=\"css-1jxf684 r-bcqeeo r-1ttztb7 r-qvutc0 r-poiln3\">15\/07<\/span><\/div>\n<\/div>\n<\/td>\n<td style=\"width: 10.1435%; height: 38px;\">\n<div class=\"css-175oi2r r-1adg3ll r-11f147o r-3o4zer\">\n<div class=\"css-146c3p1 r-bcqeeo r-1ttztb7 r-qvutc0 r-37j5jr r-a023e6 r-16dba41 r-a8ghvy\" dir=\"ltr\"><span class=\"css-1jxf684 r-bcqeeo r-1ttztb7 r-qvutc0 r-poiln3\">\u00a0<\/span><\/div>\n<\/div>\n<\/td>\n<td style=\"width: 13.9343%; height: 38px;\"><\/td>\n<td style=\"width: 37.7308%;\">\n<div class=\"css-175oi2r r-1adg3ll r-11f147o r-3o4zer\">\n<div class=\"css-146c3p1 r-bcqeeo r-1ttztb7 r-qvutc0 r-37j5jr r-a023e6 r-16dba41 r-a8ghvy\" dir=\"ltr\"><em><span class=\"css-1jxf684 r-bcqeeo r-1ttztb7 r-qvutc0 r-poiln3\">Riposo a Toulouse<\/span><\/em><\/div>\n<\/div>\n<\/td>\n<td style=\"width: 19.7488%; height: 38px;\">950 m<\/td>\n<\/tr>\n<tr style=\"height: 38px;\">\n<td style=\"width: 7.88938%; height: 38px;\" align=\"center\">11\u00aa<\/td>\n<td style=\"width: 10.3484%; height: 38px;\">\n<div class=\"css-175oi2r r-1adg3ll r-11f147o r-3o4zer\">\n<div class=\"css-146c3p1 r-bcqeeo r-1ttztb7 r-qvutc0 r-37j5jr r-a023e6 r-16dba41 r-a8ghvy\" dir=\"ltr\"><span class=\"css-1jxf684 r-bcqeeo r-1ttztb7 r-qvutc0 r-poiln3\">16\/07<\/span><\/div>\n<\/div>\n<\/td>\n<td style=\"width: 10.1435%; height: 38px;\">\n<div class=\"css-175oi2r r-1adg3ll r-11f147o r-3o4zer\">\n<div class=\"css-146c3p1 r-bcqeeo r-1ttztb7 r-qvutc0 r-37j5jr r-a023e6 r-16dba41 r-a8ghvy\" dir=\"ltr\"><span class=\"css-1jxf684 r-bcqeeo r-1ttztb7 r-qvutc0 r-poiln3\">156,8<\/span><\/div>\n<\/div>\n<\/td>\n<td style=\"width: 13.9343%; height: 38px;\">Pianura<\/td>\n<td style=\"width: 37.7308%;\">\n<div class=\"css-175oi2r r-1adg3ll r-11f147o r-3o4zer\">\n<div class=\"css-146c3p1 r-bcqeeo r-1ttztb7 r-qvutc0 r-37j5jr r-a023e6 r-16dba41 r-a8ghvy\" dir=\"ltr\"><span class=\"css-1jxf684 r-bcqeeo r-1ttztb7 r-qvutc0 r-poiln3\">Toulouse \u2013 Toulouse<\/span><\/div>\n<\/div>\n<\/td>\n<td style=\"width: 19.7488%; height: 38px;\">1750 m<\/td>\n<\/tr>\n<tr style=\"height: 38px;\">\n<td style=\"width: 7.88938%; height: 38px;\" align=\"center\">12\u00aa<\/td>\n<td style=\"width: 10.3484%; height: 38px;\">\n<div class=\"css-175oi2r r-1adg3ll r-11f147o r-3o4zer\">\n<div class=\"css-146c3p1 r-bcqeeo r-1ttztb7 r-qvutc0 r-37j5jr r-a023e6 r-16dba41 r-a8ghvy\" dir=\"ltr\"><span class=\"css-1jxf684 r-bcqeeo r-1ttztb7 r-qvutc0 r-poiln3\">17\/07<\/span><\/div>\n<\/div>\n<\/td>\n<td style=\"width: 10.1435%; height: 38px;\">\n<div class=\"css-175oi2r r-1adg3ll r-11f147o r-3o4zer\">\n<div class=\"css-146c3p1 r-bcqeeo r-1ttztb7 r-qvutc0 r-37j5jr r-a023e6 r-16dba41 r-a8ghvy\" dir=\"ltr\"><span class=\"css-1jxf684 r-bcqeeo r-1ttztb7 r-qvutc0 r-poiln3\">180,6<\/span><\/div>\n<\/div>\n<\/td>\n<td style=\"width: 13.9343%; height: 38px;\">Montagna<\/td>\n<td style=\"width: 37.7308%;\">\n<div class=\"css-175oi2r r-1adg3ll r-11f147o r-3o4zer\">\n<div class=\"css-146c3p1 r-bcqeeo r-1ttztb7 r-qvutc0 r-37j5jr r-a023e6 r-16dba41 r-a8ghvy\" dir=\"ltr\"><span class=\"css-1jxf684 r-bcqeeo r-1ttztb7 r-qvutc0 r-poiln3\">Auch \u2013 Hautacam<\/span><\/div>\n<\/div>\n<\/td>\n<td style=\"width: 19.7488%; height: 38px;\">3850 m<\/td>\n<\/tr>\n<tr style=\"height: 38px;\">\n<td style=\"width: 7.88938%; height: 38px;\" align=\"center\">13\u00aa<\/td>\n<td style=\"width: 10.3484%; height: 38px;\">\n<div class=\"css-175oi2r r-1adg3ll r-11f147o r-3o4zer\">\n<div class=\"css-146c3p1 r-bcqeeo r-1ttztb7 r-qvutc0 r-37j5jr r-a023e6 r-16dba41 r-a8ghvy\" dir=\"ltr\"><span class=\"css-1jxf684 r-bcqeeo r-1ttztb7 r-qvutc0 r-poiln3\">18\/07<\/span><\/div>\n<\/div>\n<\/td>\n<td style=\"width: 10.1435%; height: 38px;\">\n<div class=\"css-175oi2r r-1adg3ll r-11f147o r-3o4zer\">\n<div class=\"css-146c3p1 r-bcqeeo r-1ttztb7 r-qvutc0 r-37j5jr r-a023e6 r-16dba41 r-a8ghvy\" dir=\"ltr\"><span class=\"css-1jxf684 r-bcqeeo r-1ttztb7 r-qvutc0 r-poiln3\">10,9<\/span><\/div>\n<\/div>\n<\/td>\n<td style=\"width: 13.9343%; height: 38px;\">Cronometro<\/td>\n<td style=\"width: 37.7308%;\">\n<div class=\"css-175oi2r r-1adg3ll r-11f147o r-3o4zer\">\n<div class=\"css-146c3p1 r-bcqeeo r-1ttztb7 r-qvutc0 r-37j5jr r-a023e6 r-16dba41 r-a8ghvy\" dir=\"ltr\"><span class=\"css-1jxf684 r-bcqeeo r-1ttztb7 r-qvutc0 r-poiln3\">Loudenvielle \u2013 Peyragudes<\/span><\/div>\n<\/div>\n<\/td>\n<td style=\"width: 19.7488%; height: 38px;\">650 m<\/td>\n<\/tr>\n<tr style=\"height: 38px;\">\n<td style=\"width: 7.88938%; height: 38px;\" align=\"center\">14\u00aa<\/td>\n<td style=\"width: 10.3484%; height: 38px;\">\n<div class=\"css-175oi2r r-1adg3ll r-11f147o r-3o4zer\">\n<div class=\"css-146c3p1 r-bcqeeo r-1ttztb7 r-qvutc0 r-37j5jr r-a023e6 r-16dba41 r-a8ghvy\" dir=\"ltr\"><span class=\"css-1jxf684 r-bcqeeo r-1ttztb7 r-qvutc0 r-poiln3\">19\/07<\/span><\/div>\n<\/div>\n<\/td>\n<td style=\"width: 10.1435%; height: 38px;\">\n<div class=\"css-175oi2r r-1adg3ll r-11f147o r-3o4zer\">\n<div class=\"css-146c3p1 r-bcqeeo r-1ttztb7 r-qvutc0 r-37j5jr r-a023e6 r-16dba41 r-a8ghvy\" dir=\"ltr\"><span class=\"css-1jxf684 r-bcqeeo r-1ttztb7 r-qvutc0 r-poiln3\">182,6<\/span><\/div>\n<\/div>\n<\/td>\n<td style=\"width: 13.9343%; height: 38px;\">Montagna<\/td>\n<td style=\"width: 37.7308%;\">\n<div class=\"css-175oi2r r-1adg3ll r-11f147o r-3o4zer\">\n<div class=\"css-146c3p1 r-bcqeeo r-1ttztb7 r-qvutc0 r-37j5jr r-a023e6 r-16dba41 r-a8ghvy\" dir=\"ltr\"><span class=\"css-1jxf684 r-bcqeeo r-1ttztb7 r-qvutc0 r-poiln3\">Pau \u2013 Luchon-Superbagn\u00e8res<\/span><\/div>\n<\/div>\n<\/td>\n<td style=\"width: 19.7488%; height: 38px;\">4950 m<\/td>\n<\/tr>\n<tr style=\"height: 38px;\">\n<td style=\"width: 7.88938%; height: 38px;\" align=\"center\">15\u00aa<\/td>\n<td style=\"width: 10.3484%; height: 38px;\">\n<div class=\"css-175oi2r r-1adg3ll r-11f147o r-3o4zer\">\n<div class=\"css-146c3p1 r-bcqeeo r-1ttztb7 r-qvutc0 r-37j5jr r-a023e6 r-16dba41 r-a8ghvy\" dir=\"ltr\"><span class=\"css-1jxf684 r-bcqeeo r-1ttztb7 r-qvutc0 r-poiln3\">20\/07<\/span><\/div>\n<\/div>\n<\/td>\n<td style=\"width: 10.1435%; height: 38px;\">\n<div class=\"css-175oi2r r-1adg3ll r-11f147o r-3o4zer\">\n<div class=\"css-146c3p1 r-bcqeeo r-1ttztb7 r-qvutc0 r-37j5jr r-a023e6 r-16dba41 r-a8ghvy\" dir=\"ltr\"><span class=\"css-1jxf684 r-bcqeeo r-1ttztb7 r-qvutc0 r-poiln3\">169,3<\/span><\/div>\n<\/div>\n<\/td>\n<td style=\"width: 13.9343%; height: 38px;\">Collina<\/td>\n<td style=\"width: 37.7308%;\">\n<div class=\"css-175oi2r r-1adg3ll r-11f147o r-3o4zer\">\n<div class=\"css-146c3p1 r-bcqeeo r-1ttztb7 r-qvutc0 r-37j5jr r-a023e6 r-16dba41 r-a8ghvy\" dir=\"ltr\"><span class=\"css-1jxf684 r-bcqeeo r-1ttztb7 r-qvutc0 r-poiln3\">Muret \u2013 Carcassonne<\/span><\/div>\n<\/div>\n<\/td>\n<td style=\"width: 19.7488%; height: 38px;\">2400 m<\/td>\n<\/tr>\n<tr style=\"height: 38px;\">\n<td style=\"width: 7.88938%; height: 38px;\"><\/td>\n<td style=\"width: 10.3484%; height: 38px;\">\n<div class=\"css-175oi2r r-1adg3ll r-11f147o r-3o4zer\">\n<div class=\"css-146c3p1 r-bcqeeo r-1ttztb7 r-qvutc0 r-37j5jr r-a023e6 r-16dba41 r-a8ghvy\" dir=\"ltr\"><span class=\"css-1jxf684 r-bcqeeo r-1ttztb7 r-qvutc0 r-poiln3\">21\/07<\/span><\/div>\n<\/div>\n<\/td>\n<td style=\"width: 10.1435%; height: 38px;\">\n<div class=\"css-175oi2r r-1adg3ll r-11f147o r-3o4zer\">\n<div class=\"css-146c3p1 r-bcqeeo r-1ttztb7 r-qvutc0 r-37j5jr r-a023e6 r-16dba41 r-a8ghvy\" dir=\"ltr\"><span class=\"css-1jxf684 r-bcqeeo r-1ttztb7 r-qvutc0 r-poiln3\">\u00a0<\/span><\/div>\n<\/div>\n<\/td>\n<td style=\"width: 13.9343%; height: 38px;\"><\/td>\n<td style=\"width: 37.7308%;\">\n<div class=\"css-175oi2r r-1adg3ll r-11f147o r-3o4zer\">\n<div class=\"css-146c3p1 r-bcqeeo r-1ttztb7 r-qvutc0 r-37j5jr r-a023e6 r-16dba41 r-a8ghvy\" dir=\"ltr\"><span class=\"css-1jxf684 r-bcqeeo r-1ttztb7 r-qvutc0 r-poiln3\"><em>Riposo a Montpellier<\/em><\/span><\/div>\n<\/div>\n<\/td>\n<td style=\"width: 19.7488%; height: 38px;\"><em>\u00a0<\/em><\/td>\n<\/tr>\n<tr style=\"height: 38px;\">\n<td style=\"width: 7.88938%; height: 38px;\" align=\"center\">16\u00aa<\/td>\n<td style=\"width: 10.3484%; height: 38px;\">\n<div class=\"css-175oi2r r-1adg3ll r-11f147o r-3o4zer\">\n<div class=\"css-146c3p1 r-bcqeeo r-1ttztb7 r-qvutc0 r-37j5jr r-a023e6 r-16dba41 r-a8ghvy\" dir=\"ltr\"><span class=\"css-1jxf684 r-bcqeeo r-1ttztb7 r-qvutc0 r-poiln3\">22\/07<\/span><\/div>\n<\/div>\n<\/td>\n<td style=\"width: 10.1435%; height: 38px;\">\n<div class=\"css-175oi2r r-1adg3ll r-11f147o r-3o4zer\">\n<div class=\"css-146c3p1 r-bcqeeo r-1ttztb7 r-qvutc0 r-37j5jr r-a023e6 r-16dba41 r-a8ghvy\" dir=\"ltr\"><span class=\"css-1jxf684 r-bcqeeo r-1ttztb7 r-qvutc0 r-poiln3\">171,5<\/span><\/div>\n<\/div>\n<\/td>\n<td style=\"width: 13.9343%; height: 38px;\">Montagna<\/td>\n<td style=\"width: 37.7308%;\">\n<div class=\"css-175oi2r r-1adg3ll r-11f147o r-3o4zer\">\n<div class=\"css-146c3p1 r-bcqeeo r-1ttztb7 r-qvutc0 r-37j5jr r-a023e6 r-16dba41 r-a8ghvy\" dir=\"ltr\"><span class=\"css-1jxf684 r-bcqeeo r-1ttztb7 r-qvutc0 r-poiln3\">Montpellier \u2013 Mont Ventoux<\/span><\/div>\n<\/div>\n<\/td>\n<td style=\"width: 19.7488%; height: 38px;\">2950 m<\/td>\n<\/tr>\n<tr style=\"height: 38px;\">\n<td style=\"width: 7.88938%; height: 38px;\" align=\"center\">17\u00aa<\/td>\n<td style=\"width: 10.3484%; height: 38px;\">\n<div class=\"css-175oi2r r-1adg3ll r-11f147o r-3o4zer\">\n<div class=\"css-146c3p1 r-bcqeeo r-1ttztb7 r-qvutc0 r-37j5jr r-a023e6 r-16dba41 r-a8ghvy\" dir=\"ltr\"><span class=\"css-1jxf684 r-bcqeeo r-1ttztb7 r-qvutc0 r-poiln3\">23\/07<\/span><\/div>\n<\/div>\n<\/td>\n<td style=\"width: 10.1435%; height: 38px;\">\n<div class=\"css-175oi2r r-1adg3ll r-11f147o r-3o4zer\">\n<div class=\"css-146c3p1 r-bcqeeo r-1ttztb7 r-qvutc0 r-37j5jr r-a023e6 r-16dba41 r-a8ghvy\" dir=\"ltr\"><span class=\"css-1jxf684 r-bcqeeo r-1ttztb7 r-qvutc0 r-poiln3\">160,4<\/span><\/div>\n<\/div>\n<\/td>\n<td style=\"width: 13.9343%; height: 38px;\">Pianura<\/td>\n<td style=\"width: 37.7308%;\">\n<div class=\"css-175oi2r r-1adg3ll r-11f147o r-3o4zer\">\n<div class=\"css-146c3p1 r-bcqeeo r-1ttztb7 r-qvutc0 r-37j5jr r-a023e6 r-16dba41 r-a8ghvy\" dir=\"ltr\"><span class=\"css-1jxf684 r-bcqeeo r-1ttztb7 r-qvutc0 r-poiln3\">Boll\u00e8ne \u2013 Valence<\/span><\/div>\n<\/div>\n<\/td>\n<td style=\"width: 19.7488%; height: 38px;\">1650 m<\/td>\n<\/tr>\n<tr style=\"height: 38px;\">\n<td style=\"width: 7.88938%; height: 38px;\" align=\"center\">18\u00aa<\/td>\n<td style=\"width: 10.3484%; height: 38px;\">\n<div class=\"css-175oi2r r-1adg3ll r-11f147o r-3o4zer\">\n<div class=\"css-146c3p1 r-bcqeeo r-1ttztb7 r-qvutc0 r-37j5jr r-a023e6 r-16dba41 r-a8ghvy\" dir=\"ltr\"><span class=\"css-1jxf684 r-bcqeeo r-1ttztb7 r-qvutc0 r-poiln3\">24\/07<\/span><\/div>\n<\/div>\n<\/td>\n<td style=\"width: 10.1435%; height: 38px;\">\n<div class=\"css-175oi2r r-1adg3ll r-11f147o r-3o4zer\">\n<div class=\"css-146c3p1 r-bcqeeo r-1ttztb7 r-qvutc0 r-37j5jr r-a023e6 r-16dba41 r-a8ghvy\" dir=\"ltr\"><span class=\"css-1jxf684 r-bcqeeo r-1ttztb7 r-qvutc0 r-poiln3\">171,5<\/span><\/div>\n<\/div>\n<\/td>\n<td style=\"width: 13.9343%; height: 38px;\">Montagna<\/td>\n<td style=\"width: 37.7308%;\">\n<div class=\"css-175oi2r r-1adg3ll r-11f147o r-3o4zer\">\n<div class=\"css-146c3p1 r-bcqeeo r-1ttztb7 r-qvutc0 r-37j5jr r-a023e6 r-16dba41 r-a8ghvy\" dir=\"ltr\"><span class=\"css-1jxf684 r-bcqeeo r-1ttztb7 r-qvutc0 r-poiln3\">Vif \u2013 Courchevel \/ Col de la Loze<\/span><\/div>\n<\/div>\n<\/td>\n<td style=\"width: 19.7488%; height: 38px;\">5450 m<\/td>\n<\/tr>\n<tr style=\"height: 38px;\">\n<td style=\"width: 7.88938%; height: 38px;\" align=\"center\">19\u00aa<\/td>\n<td style=\"width: 10.3484%; height: 38px;\">\n<div class=\"css-175oi2r r-1adg3ll r-11f147o r-3o4zer\">\n<div class=\"css-146c3p1 r-bcqeeo r-1ttztb7 r-qvutc0 r-37j5jr r-a023e6 r-16dba41 r-a8ghvy\" dir=\"ltr\"><span class=\"css-1jxf684 r-bcqeeo r-1ttztb7 r-qvutc0 r-poiln3\">25\/07<\/span><\/div>\n<\/div>\n<\/td>\n<td style=\"width: 10.1435%; height: 38px;\">\n<div class=\"css-175oi2r r-1adg3ll r-11f147o r-3o4zer\">\n<div class=\"css-146c3p1 r-bcqeeo r-1ttztb7 r-qvutc0 r-37j5jr r-a023e6 r-16dba41 r-a8ghvy\" dir=\"ltr\"><span class=\"css-1jxf684 r-bcqeeo r-1ttztb7 r-qvutc0 r-poiln3\">129,9<\/span><\/div>\n<\/div>\n<\/td>\n<td style=\"width: 13.9343%; height: 38px;\">Montagna<\/td>\n<td style=\"width: 37.7308%;\">\n<div class=\"css-175oi2r r-1adg3ll r-11f147o r-3o4zer\">\n<div class=\"css-146c3p1 r-bcqeeo r-1ttztb7 r-qvutc0 r-37j5jr r-a023e6 r-16dba41 r-a8ghvy\" dir=\"ltr\"><span class=\"css-1jxf684 r-bcqeeo r-1ttztb7 r-qvutc0 r-poiln3\">Albertville \u2013 La Plagne<\/span><\/div>\n<\/div>\n<\/td>\n<td style=\"width: 19.7488%; height: 38px;\">4550 m<\/td>\n<\/tr>\n<tr style=\"height: 38px;\">\n<td style=\"width: 7.88938%; height: 38px;\" align=\"center\">20\u00aa<\/td>\n<td style=\"width: 10.3484%; height: 38px;\">\n<div class=\"css-175oi2r r-1adg3ll r-11f147o r-3o4zer\">\n<div class=\"css-146c3p1 r-bcqeeo r-1ttztb7 r-qvutc0 r-37j5jr r-a023e6 r-16dba41 r-a8ghvy\" dir=\"ltr\"><span class=\"css-1jxf684 r-bcqeeo r-1ttztb7 r-qvutc0 r-poiln3\">26\/07<\/span><\/div>\n<\/div>\n<\/td>\n<td style=\"width: 10.1435%; height: 38px;\">\n<div class=\"css-175oi2r r-1adg3ll r-11f147o r-3o4zer\">\n<div class=\"css-146c3p1 r-bcqeeo r-1ttztb7 r-qvutc0 r-37j5jr r-a023e6 r-16dba41 r-a8ghvy\" dir=\"ltr\"><span class=\"css-1jxf684 r-bcqeeo r-1ttztb7 r-qvutc0 r-poiln3\">184,2<\/span><\/div>\n<\/div>\n<\/td>\n<td style=\"width: 13.9343%; height: 38px;\">Collina<\/td>\n<td style=\"width: 37.7308%;\">\n<div class=\"css-175oi2r r-1adg3ll r-11f147o r-3o4zer\">\n<div class=\"css-146c3p1 r-bcqeeo r-1ttztb7 r-qvutc0 r-37j5jr r-a023e6 r-16dba41 r-a8ghvy\" dir=\"ltr\"><span class=\"css-1jxf684 r-bcqeeo r-1ttztb7 r-qvutc0 r-poiln3\">Nantua \u2013 Pontarlier<\/span><\/div>\n<\/div>\n<\/td>\n<td style=\"width: 19.7488%; height: 38px;\">2900 m<\/td>\n<\/tr>\n<tr style=\"height: 37px;\">\n<td style=\"width: 7.88938%; height: 37px;\" align=\"center\">21\u00aa<\/td>\n<td style=\"width: 10.3484%; height: 37px;\">\n<div class=\"css-175oi2r r-1adg3ll r-11f147o r-3o4zer\">\n<div class=\"css-146c3p1 r-bcqeeo r-1ttztb7 r-qvutc0 r-37j5jr r-a023e6 r-16dba41 r-a8ghvy\" dir=\"ltr\"><span class=\"css-1jxf684 r-bcqeeo r-1ttztb7 r-qvutc0 r-poiln3\">27\/07<\/span><\/div>\n<\/div>\n<\/td>\n<td style=\"width: 10.1435%; height: 37px;\">\n<div class=\"css-175oi2r r-1adg3ll r-11f147o r-3o4zer\">\n<div class=\"css-146c3p1 r-bcqeeo r-1ttztb7 r-qvutc0 r-37j5jr r-a023e6 r-16dba41 r-a8ghvy\" dir=\"ltr\"><span class=\"css-1jxf684 r-bcqeeo r-1ttztb7 r-qvutc0 r-poiln3\">132,3<\/span><\/div>\n<\/div>\n<\/td>\n<td style=\"width: 13.9343%; height: 37px;\">Pianura<\/td>\n<td style=\"width: 37.7308%;\">\n<div class=\"css-175oi2r r-1adg3ll r-11f147o r-3o4zer\">\n<div class=\"css-146c3p1 r-bcqeeo r-1ttztb7 r-qvutc0 r-37j5jr r-a023e6 r-16dba41 r-a8ghvy\" dir=\"ltr\"><span class=\"css-1jxf684 r-bcqeeo r-1ttztb7 r-qvutc0 r-poiln3\">Mantes la Ville \u2013 Parigi<\/span><\/div>\n<\/div>\n<\/td>\n<td style=\"width: 19.7488%; height: 37px;\">1100 m<\/td>\n<\/tr>\n<tr style=\"height: 37px;\">\n<td style=\"width: 7.88938%; height: 37px;\"><\/td>\n<td style=\"width: 10.3484%; height: 37px;\"><strong>TOTALE<\/strong><\/td>\n<td style=\"width: 10.1435%; height: 37px;\"><strong>3338,8 km<\/strong><\/td>\n<td style=\"width: 13.9343%; height: 37px;\"><\/td>\n<td style=\"width: 37.7308%; height: 37px;\"><\/td>\n<td style=\"width: 19.7488%; height: 37px;\"><strong>52.500 m<\/strong><\/td>\n<\/tr>\n<\/tbody>\n<\/table>\n<h2>Altimetrie e Planimetrie Tour de France 2025<\/h2>\n<div id='gallery-1' class='gallery galleryid-339265 gallery-columns-7 gallery-size-full'><figure class='gallery-item'>\n\t\t\t<div class='gallery-icon landscape'>\n\t\t\t\t<a href='https:\/\/cyclingpro.net\/spaziociclismo\/wp-content\/uploads\/2025\/06\/Tour-de-France-2025-Tappa-1-Altimetria.png'><img loading=\"lazy\" decoding=\"async\" width=\"960\" height=\"676\" src=\"https:\/\/cyclingpro.net\/spaziociclismo\/wp-content\/uploads\/2025\/06\/Tour-de-France-2025-Tappa-1-Altimetria.png\" class=\"attachment-full size-full\" alt=\"\" srcset=\"https:\/\/cyclingpro.net\/spaziociclismo\/wp-content\/uploads\/2025\/06\/Tour-de-France-2025-Tappa-1-Altimetria.png 960w, https:\/\/cyclingpro.net\/spaziociclismo\/wp-content\/uploads\/2025\/06\/Tour-de-France-2025-Tappa-1-Altimetria-300x211.png 300w, https:\/\/cyclingpro.net\/spaziociclismo\/wp-content\/uploads\/2025\/06\/Tour-de-France-2025-Tappa-1-Altimetria-150x106.png 150w, https:\/\/cyclingpro.net\/spaziociclismo\/wp-content\/uploads\/2025\/06\/Tour-de-France-2025-Tappa-1-Altimetria-768x541.png 768w\" sizes=\"auto, (max-width: 960px) 100vw, 960px\" \/><\/a>\n\t\t\t<\/div><\/figure><figure class='gallery-item'>\n\t\t\t<div class='gallery-icon landscape'>\n\t\t\t\t<a href='https:\/\/cyclingpro.net\/spaziociclismo\/wp-content\/uploads\/2025\/06\/Tour-de-France-2025-Tappa-2-Altimetria.png'><img loading=\"lazy\" decoding=\"async\" width=\"960\" height=\"753\" src=\"https:\/\/cyclingpro.net\/spaziociclismo\/wp-content\/uploads\/2025\/06\/Tour-de-France-2025-Tappa-2-Altimetria.png\" class=\"attachment-full size-full\" alt=\"\" srcset=\"https:\/\/cyclingpro.net\/spaziociclismo\/wp-content\/uploads\/2025\/06\/Tour-de-France-2025-Tappa-2-Altimetria.png 960w, https:\/\/cyclingpro.net\/spaziociclismo\/wp-content\/uploads\/2025\/06\/Tour-de-France-2025-Tappa-2-Altimetria-300x235.png 300w, https:\/\/cyclingpro.net\/spaziociclismo\/wp-content\/uploads\/2025\/06\/Tour-de-France-2025-Tappa-2-Altimetria-150x118.png 150w, https:\/\/cyclingpro.net\/spaziociclismo\/wp-content\/uploads\/2025\/06\/Tour-de-France-2025-Tappa-2-Altimetria-768x602.png 768w\" sizes=\"auto, (max-width: 960px) 100vw, 960px\" \/><\/a>\n\t\t\t<\/div><\/figure><figure class='gallery-item'>\n\t\t\t<div class='gallery-icon landscape'>\n\t\t\t\t<a href='https:\/\/cyclingpro.net\/spaziociclismo\/wp-content\/uploads\/2025\/06\/Tour-de-France-2025-Tappa-3-Altimetria.png'><img loading=\"lazy\" decoding=\"async\" width=\"960\" height=\"753\" src=\"https:\/\/cyclingpro.net\/spaziociclismo\/wp-content\/uploads\/2025\/06\/Tour-de-France-2025-Tappa-3-Altimetria.png\" class=\"attachment-full size-full\" alt=\"\" srcset=\"https:\/\/cyclingpro.net\/spaziociclismo\/wp-content\/uploads\/2025\/06\/Tour-de-France-2025-Tappa-3-Altimetria.png 960w, https:\/\/cyclingpro.net\/spaziociclismo\/wp-content\/uploads\/2025\/06\/Tour-de-France-2025-Tappa-3-Altimetria-300x235.png 300w, https:\/\/cyclingpro.net\/spaziociclismo\/wp-content\/uploads\/2025\/06\/Tour-de-France-2025-Tappa-3-Altimetria-150x118.png 150w, https:\/\/cyclingpro.net\/spaziociclismo\/wp-content\/uploads\/2025\/06\/Tour-de-France-2025-Tappa-3-Altimetria-768x602.png 768w\" sizes=\"auto, (max-width: 960px) 100vw, 960px\" \/><\/a>\n\t\t\t<\/div><\/figure><figure class='gallery-item'>\n\t\t\t<div class='gallery-icon landscape'>\n\t\t\t\t<a href='https:\/\/cyclingpro.net\/spaziociclismo\/wp-content\/uploads\/2025\/06\/Tour-de-France-2025-Tappa-4-Altimetria.png'><img loading=\"lazy\" decoding=\"async\" width=\"960\" height=\"753\" src=\"https:\/\/cyclingpro.net\/spaziociclismo\/wp-content\/uploads\/2025\/06\/Tour-de-France-2025-Tappa-4-Altimetria.png\" class=\"attachment-full size-full\" alt=\"\" srcset=\"https:\/\/cyclingpro.net\/spaziociclismo\/wp-content\/uploads\/2025\/06\/Tour-de-France-2025-Tappa-4-Altimetria.png 960w, https:\/\/cyclingpro.net\/spaziociclismo\/wp-content\/uploads\/2025\/06\/Tour-de-France-2025-Tappa-4-Altimetria-300x235.png 300w, https:\/\/cyclingpro.net\/spaziociclismo\/wp-content\/uploads\/2025\/06\/Tour-de-France-2025-Tappa-4-Altimetria-150x118.png 150w, https:\/\/cyclingpro.net\/spaziociclismo\/wp-content\/uploads\/2025\/06\/Tour-de-France-2025-Tappa-4-Altimetria-768x602.png 768w\" sizes=\"auto, (max-width: 960px) 100vw, 960px\" \/><\/a>\n\t\t\t<\/div><\/figure><figure class='gallery-item'>\n\t\t\t<div class='gallery-icon landscape'>\n\t\t\t\t<a href='https:\/\/cyclingpro.net\/spaziociclismo\/wp-content\/uploads\/2025\/06\/Tour-de-France-2025-Tappa-5-Altimetria.png'><img loading=\"lazy\" decoding=\"async\" width=\"960\" height=\"753\" src=\"https:\/\/cyclingpro.net\/spaziociclismo\/wp-content\/uploads\/2025\/06\/Tour-de-France-2025-Tappa-5-Altimetria.png\" class=\"attachment-full size-full\" alt=\"\" srcset=\"https:\/\/cyclingpro.net\/spaziociclismo\/wp-content\/uploads\/2025\/06\/Tour-de-France-2025-Tappa-5-Altimetria.png 960w, https:\/\/cyclingpro.net\/spaziociclismo\/wp-content\/uploads\/2025\/06\/Tour-de-France-2025-Tappa-5-Altimetria-300x235.png 300w, https:\/\/cyclingpro.net\/spaziociclismo\/wp-content\/uploads\/2025\/06\/Tour-de-France-2025-Tappa-5-Altimetria-150x118.png 150w, https:\/\/cyclingpro.net\/spaziociclismo\/wp-content\/uploads\/2025\/06\/Tour-de-France-2025-Tappa-5-Altimetria-768x602.png 768w\" sizes=\"auto, (max-width: 960px) 100vw, 960px\" \/><\/a>\n\t\t\t<\/div><\/figure><figure class='gallery-item'>\n\t\t\t<div class='gallery-icon landscape'>\n\t\t\t\t<a href='https:\/\/cyclingpro.net\/spaziociclismo\/wp-content\/uploads\/2025\/06\/Tour-de-France-2025-Tappa-6-Altimetria.png'><img loading=\"lazy\" decoding=\"async\" width=\"960\" height=\"753\" src=\"https:\/\/cyclingpro.net\/spaziociclismo\/wp-content\/uploads\/2025\/06\/Tour-de-France-2025-Tappa-6-Altimetria.png\" class=\"attachment-full size-full\" alt=\"\" srcset=\"https:\/\/cyclingpro.net\/spaziociclismo\/wp-content\/uploads\/2025\/06\/Tour-de-France-2025-Tappa-6-Altimetria.png 960w, https:\/\/cyclingpro.net\/spaziociclismo\/wp-content\/uploads\/2025\/06\/Tour-de-France-2025-Tappa-6-Altimetria-300x235.png 300w, https:\/\/cyclingpro.net\/spaziociclismo\/wp-content\/uploads\/2025\/06\/Tour-de-France-2025-Tappa-6-Altimetria-150x118.png 150w, https:\/\/cyclingpro.net\/spaziociclismo\/wp-content\/uploads\/2025\/06\/Tour-de-France-2025-Tappa-6-Altimetria-768x602.png 768w\" sizes=\"auto, (max-width: 960px) 100vw, 960px\" \/><\/a>\n\t\t\t<\/div><\/figure><figure class='gallery-item'>\n\t\t\t<div class='gallery-icon landscape'>\n\t\t\t\t<a href='https:\/\/cyclingpro.net\/spaziociclismo\/wp-content\/uploads\/2025\/06\/Tour-de-France-2025-Tappa-7-Altimetria.png'><img loading=\"lazy\" decoding=\"async\" width=\"960\" height=\"753\" src=\"https:\/\/cyclingpro.net\/spaziociclismo\/wp-content\/uploads\/2025\/06\/Tour-de-France-2025-Tappa-7-Altimetria.png\" class=\"attachment-full size-full\" alt=\"\" srcset=\"https:\/\/cyclingpro.net\/spaziociclismo\/wp-content\/uploads\/2025\/06\/Tour-de-France-2025-Tappa-7-Altimetria.png 960w, https:\/\/cyclingpro.net\/spaziociclismo\/wp-content\/uploads\/2025\/06\/Tour-de-France-2025-Tappa-7-Altimetria-300x235.png 300w, https:\/\/cyclingpro.net\/spaziociclismo\/wp-content\/uploads\/2025\/06\/Tour-de-France-2025-Tappa-7-Altimetria-150x118.png 150w, https:\/\/cyclingpro.net\/spaziociclismo\/wp-content\/uploads\/2025\/06\/Tour-de-France-2025-Tappa-7-Altimetria-768x602.png 768w\" sizes=\"auto, (max-width: 960px) 100vw, 960px\" \/><\/a>\n\t\t\t<\/div><\/figure><figure class='gallery-item'>\n\t\t\t<div class='gallery-icon landscape'>\n\t\t\t\t<a href='https:\/\/cyclingpro.net\/spaziociclismo\/wp-content\/uploads\/2025\/06\/Tour-de-France-2025-Tappa-8-Altimetria.png'><img loading=\"lazy\" decoding=\"async\" width=\"960\" height=\"753\" src=\"https:\/\/cyclingpro.net\/spaziociclismo\/wp-content\/uploads\/2025\/06\/Tour-de-France-2025-Tappa-8-Altimetria.png\" class=\"attachment-full size-full\" alt=\"\" srcset=\"https:\/\/cyclingpro.net\/spaziociclismo\/wp-content\/uploads\/2025\/06\/Tour-de-France-2025-Tappa-8-Altimetria.png 960w, https:\/\/cyclingpro.net\/spaziociclismo\/wp-content\/uploads\/2025\/06\/Tour-de-France-2025-Tappa-8-Altimetria-300x235.png 300w, https:\/\/cyclingpro.net\/spaziociclismo\/wp-content\/uploads\/2025\/06\/Tour-de-France-2025-Tappa-8-Altimetria-150x118.png 150w, https:\/\/cyclingpro.net\/spaziociclismo\/wp-content\/uploads\/2025\/06\/Tour-de-France-2025-Tappa-8-Altimetria-768x602.png 768w\" sizes=\"auto, (max-width: 960px) 100vw, 960px\" \/><\/a>\n\t\t\t<\/div><\/figure><figure class='gallery-item'>\n\t\t\t<div class='gallery-icon landscape'>\n\t\t\t\t<a href='https:\/\/cyclingpro.net\/spaziociclismo\/wp-content\/uploads\/2025\/06\/Tour-de-France-2025-Tappa-9-Altimetria-1.png'><img loading=\"lazy\" decoding=\"async\" width=\"960\" height=\"753\" src=\"https:\/\/cyclingpro.net\/spaziociclismo\/wp-content\/uploads\/2025\/06\/Tour-de-France-2025-Tappa-9-Altimetria-1.png\" class=\"attachment-full size-full\" alt=\"\" srcset=\"https:\/\/cyclingpro.net\/spaziociclismo\/wp-content\/uploads\/2025\/06\/Tour-de-France-2025-Tappa-9-Altimetria-1.png 960w, https:\/\/cyclingpro.net\/spaziociclismo\/wp-content\/uploads\/2025\/06\/Tour-de-France-2025-Tappa-9-Altimetria-1-300x235.png 300w, https:\/\/cyclingpro.net\/spaziociclismo\/wp-content\/uploads\/2025\/06\/Tour-de-France-2025-Tappa-9-Altimetria-1-150x118.png 150w, https:\/\/cyclingpro.net\/spaziociclismo\/wp-content\/uploads\/2025\/06\/Tour-de-France-2025-Tappa-9-Altimetria-1-768x602.png 768w\" sizes=\"auto, (max-width: 960px) 100vw, 960px\" \/><\/a>\n\t\t\t<\/div><\/figure><figure class='gallery-item'>\n\t\t\t<div class='gallery-icon landscape'>\n\t\t\t\t<a href='https:\/\/cyclingpro.net\/spaziociclismo\/wp-content\/uploads\/2025\/06\/Tour-de-France-2025-Tappa-10-Altimetria.png'><img loading=\"lazy\" decoding=\"async\" width=\"960\" height=\"753\" src=\"https:\/\/cyclingpro.net\/spaziociclismo\/wp-content\/uploads\/2025\/06\/Tour-de-France-2025-Tappa-10-Altimetria.png\" class=\"attachment-full size-full\" alt=\"\" srcset=\"https:\/\/cyclingpro.net\/spaziociclismo\/wp-content\/uploads\/2025\/06\/Tour-de-France-2025-Tappa-10-Altimetria.png 960w, https:\/\/cyclingpro.net\/spaziociclismo\/wp-content\/uploads\/2025\/06\/Tour-de-France-2025-Tappa-10-Altimetria-300x235.png 300w, https:\/\/cyclingpro.net\/spaziociclismo\/wp-content\/uploads\/2025\/06\/Tour-de-France-2025-Tappa-10-Altimetria-150x118.png 150w, https:\/\/cyclingpro.net\/spaziociclismo\/wp-content\/uploads\/2025\/06\/Tour-de-France-2025-Tappa-10-Altimetria-768x602.png 768w\" sizes=\"auto, (max-width: 960px) 100vw, 960px\" \/><\/a>\n\t\t\t<\/div><\/figure><figure class='gallery-item'>\n\t\t\t<div class='gallery-icon landscape'>\n\t\t\t\t<a href='https:\/\/cyclingpro.net\/spaziociclismo\/wp-content\/uploads\/2025\/06\/Tour-de-France-2025-Tappa-11-Altimetria.png'><img loading=\"lazy\" decoding=\"async\" width=\"960\" height=\"753\" src=\"https:\/\/cyclingpro.net\/spaziociclismo\/wp-content\/uploads\/2025\/06\/Tour-de-France-2025-Tappa-11-Altimetria.png\" class=\"attachment-full size-full\" alt=\"\" srcset=\"https:\/\/cyclingpro.net\/spaziociclismo\/wp-content\/uploads\/2025\/06\/Tour-de-France-2025-Tappa-11-Altimetria.png 960w, https:\/\/cyclingpro.net\/spaziociclismo\/wp-content\/uploads\/2025\/06\/Tour-de-France-2025-Tappa-11-Altimetria-300x235.png 300w, https:\/\/cyclingpro.net\/spaziociclismo\/wp-content\/uploads\/2025\/06\/Tour-de-France-2025-Tappa-11-Altimetria-150x118.png 150w, https:\/\/cyclingpro.net\/spaziociclismo\/wp-content\/uploads\/2025\/06\/Tour-de-France-2025-Tappa-11-Altimetria-768x602.png 768w\" sizes=\"auto, (max-width: 960px) 100vw, 960px\" \/><\/a>\n\t\t\t<\/div><\/figure><figure class='gallery-item'>\n\t\t\t<div class='gallery-icon landscape'>\n\t\t\t\t<a href='https:\/\/cyclingpro.net\/spaziociclismo\/wp-content\/uploads\/2025\/06\/Tour-de-France-2025-Tappa-12-Altimetria.png'><img loading=\"lazy\" decoding=\"async\" width=\"960\" height=\"753\" src=\"https:\/\/cyclingpro.net\/spaziociclismo\/wp-content\/uploads\/2025\/06\/Tour-de-France-2025-Tappa-12-Altimetria.png\" class=\"attachment-full size-full\" alt=\"\" srcset=\"https:\/\/cyclingpro.net\/spaziociclismo\/wp-content\/uploads\/2025\/06\/Tour-de-France-2025-Tappa-12-Altimetria.png 960w, https:\/\/cyclingpro.net\/spaziociclismo\/wp-content\/uploads\/2025\/06\/Tour-de-France-2025-Tappa-12-Altimetria-300x235.png 300w, https:\/\/cyclingpro.net\/spaziociclismo\/wp-content\/uploads\/2025\/06\/Tour-de-France-2025-Tappa-12-Altimetria-150x118.png 150w, https:\/\/cyclingpro.net\/spaziociclismo\/wp-content\/uploads\/2025\/06\/Tour-de-France-2025-Tappa-12-Altimetria-768x602.png 768w\" sizes=\"auto, (max-width: 960px) 100vw, 960px\" \/><\/a>\n\t\t\t<\/div><\/figure><figure class='gallery-item'>\n\t\t\t<div class='gallery-icon landscape'>\n\t\t\t\t<a href='https:\/\/cyclingpro.net\/spaziociclismo\/wp-content\/uploads\/2025\/06\/Tour-de-France-2025-Tappa-13-Altimetria.png'><img loading=\"lazy\" decoding=\"async\" width=\"960\" height=\"753\" src=\"https:\/\/cyclingpro.net\/spaziociclismo\/wp-content\/uploads\/2025\/06\/Tour-de-France-2025-Tappa-13-Altimetria.png\" class=\"attachment-full size-full\" alt=\"\" srcset=\"https:\/\/cyclingpro.net\/spaziociclismo\/wp-content\/uploads\/2025\/06\/Tour-de-France-2025-Tappa-13-Altimetria.png 960w, https:\/\/cyclingpro.net\/spaziociclismo\/wp-content\/uploads\/2025\/06\/Tour-de-France-2025-Tappa-13-Altimetria-300x235.png 300w, https:\/\/cyclingpro.net\/spaziociclismo\/wp-content\/uploads\/2025\/06\/Tour-de-France-2025-Tappa-13-Altimetria-150x118.png 150w, https:\/\/cyclingpro.net\/spaziociclismo\/wp-content\/uploads\/2025\/06\/Tour-de-France-2025-Tappa-13-Altimetria-768x602.png 768w\" sizes=\"auto, (max-width: 960px) 100vw, 960px\" \/><\/a>\n\t\t\t<\/div><\/figure><figure class='gallery-item'>\n\t\t\t<div class='gallery-icon landscape'>\n\t\t\t\t<a href='https:\/\/cyclingpro.net\/spaziociclismo\/wp-content\/uploads\/2025\/06\/Tour-de-France-2025-Tappa-14-Altimetria.png'><img loading=\"lazy\" decoding=\"async\" width=\"960\" height=\"753\" src=\"https:\/\/cyclingpro.net\/spaziociclismo\/wp-content\/uploads\/2025\/06\/Tour-de-France-2025-Tappa-14-Altimetria.png\" class=\"attachment-full size-full\" alt=\"\" srcset=\"https:\/\/cyclingpro.net\/spaziociclismo\/wp-content\/uploads\/2025\/06\/Tour-de-France-2025-Tappa-14-Altimetria.png 960w, https:\/\/cyclingpro.net\/spaziociclismo\/wp-content\/uploads\/2025\/06\/Tour-de-France-2025-Tappa-14-Altimetria-300x235.png 300w, https:\/\/cyclingpro.net\/spaziociclismo\/wp-content\/uploads\/2025\/06\/Tour-de-France-2025-Tappa-14-Altimetria-150x118.png 150w, https:\/\/cyclingpro.net\/spaziociclismo\/wp-content\/uploads\/2025\/06\/Tour-de-France-2025-Tappa-14-Altimetria-768x602.png 768w\" sizes=\"auto, (max-width: 960px) 100vw, 960px\" \/><\/a>\n\t\t\t<\/div><\/figure><figure class='gallery-item'>\n\t\t\t<div class='gallery-icon landscape'>\n\t\t\t\t<a href='https:\/\/cyclingpro.net\/spaziociclismo\/wp-content\/uploads\/2025\/06\/Tour-de-France-2025-Tappa-15-Altimetria.png'><img loading=\"lazy\" decoding=\"async\" width=\"960\" height=\"753\" src=\"https:\/\/cyclingpro.net\/spaziociclismo\/wp-content\/uploads\/2025\/06\/Tour-de-France-2025-Tappa-15-Altimetria.png\" class=\"attachment-full size-full\" alt=\"\" srcset=\"https:\/\/cyclingpro.net\/spaziociclismo\/wp-content\/uploads\/2025\/06\/Tour-de-France-2025-Tappa-15-Altimetria.png 960w, https:\/\/cyclingpro.net\/spaziociclismo\/wp-content\/uploads\/2025\/06\/Tour-de-France-2025-Tappa-15-Altimetria-300x235.png 300w, https:\/\/cyclingpro.net\/spaziociclismo\/wp-content\/uploads\/2025\/06\/Tour-de-France-2025-Tappa-15-Altimetria-150x118.png 150w, https:\/\/cyclingpro.net\/spaziociclismo\/wp-content\/uploads\/2025\/06\/Tour-de-France-2025-Tappa-15-Altimetria-768x602.png 768w\" sizes=\"auto, (max-width: 960px) 100vw, 960px\" \/><\/a>\n\t\t\t<\/div><\/figure><figure class='gallery-item'>\n\t\t\t<div class='gallery-icon landscape'>\n\t\t\t\t<a href='https:\/\/cyclingpro.net\/spaziociclismo\/wp-content\/uploads\/2025\/06\/Tour-de-France-2025-Tappa-16-Altimetria.png'><img loading=\"lazy\" decoding=\"async\" width=\"960\" height=\"753\" src=\"https:\/\/cyclingpro.net\/spaziociclismo\/wp-content\/uploads\/2025\/06\/Tour-de-France-2025-Tappa-16-Altimetria.png\" class=\"attachment-full size-full\" alt=\"\" srcset=\"https:\/\/cyclingpro.net\/spaziociclismo\/wp-content\/uploads\/2025\/06\/Tour-de-France-2025-Tappa-16-Altimetria.png 960w, https:\/\/cyclingpro.net\/spaziociclismo\/wp-content\/uploads\/2025\/06\/Tour-de-France-2025-Tappa-16-Altimetria-300x235.png 300w, https:\/\/cyclingpro.net\/spaziociclismo\/wp-content\/uploads\/2025\/06\/Tour-de-France-2025-Tappa-16-Altimetria-150x118.png 150w, https:\/\/cyclingpro.net\/spaziociclismo\/wp-content\/uploads\/2025\/06\/Tour-de-France-2025-Tappa-16-Altimetria-768x602.png 768w\" sizes=\"auto, (max-width: 960px) 100vw, 960px\" \/><\/a>\n\t\t\t<\/div><\/figure><figure class='gallery-item'>\n\t\t\t<div class='gallery-icon landscape'>\n\t\t\t\t<a href='https:\/\/cyclingpro.net\/spaziociclismo\/wp-content\/uploads\/2025\/06\/Tour-de-France-2025-Tappa-17-Altimetria.png'><img loading=\"lazy\" decoding=\"async\" width=\"960\" height=\"753\" src=\"https:\/\/cyclingpro.net\/spaziociclismo\/wp-content\/uploads\/2025\/06\/Tour-de-France-2025-Tappa-17-Altimetria.png\" class=\"attachment-full size-full\" alt=\"\" srcset=\"https:\/\/cyclingpro.net\/spaziociclismo\/wp-content\/uploads\/2025\/06\/Tour-de-France-2025-Tappa-17-Altimetria.png 960w, https:\/\/cyclingpro.net\/spaziociclismo\/wp-content\/uploads\/2025\/06\/Tour-de-France-2025-Tappa-17-Altimetria-300x235.png 300w, https:\/\/cyclingpro.net\/spaziociclismo\/wp-content\/uploads\/2025\/06\/Tour-de-France-2025-Tappa-17-Altimetria-150x118.png 150w, https:\/\/cyclingpro.net\/spaziociclismo\/wp-content\/uploads\/2025\/06\/Tour-de-France-2025-Tappa-17-Altimetria-768x602.png 768w\" sizes=\"auto, (max-width: 960px) 100vw, 960px\" \/><\/a>\n\t\t\t<\/div><\/figure><figure class='gallery-item'>\n\t\t\t<div class='gallery-icon landscape'>\n\t\t\t\t<a href='https:\/\/cyclingpro.net\/spaziociclismo\/wp-content\/uploads\/2025\/06\/Tour-de-France-2025-Tappa-18-Altimetria.png'><img loading=\"lazy\" decoding=\"async\" width=\"960\" height=\"753\" src=\"https:\/\/cyclingpro.net\/spaziociclismo\/wp-content\/uploads\/2025\/06\/Tour-de-France-2025-Tappa-18-Altimetria.png\" class=\"attachment-full size-full\" alt=\"\" srcset=\"https:\/\/cyclingpro.net\/spaziociclismo\/wp-content\/uploads\/2025\/06\/Tour-de-France-2025-Tappa-18-Altimetria.png 960w, https:\/\/cyclingpro.net\/spaziociclismo\/wp-content\/uploads\/2025\/06\/Tour-de-France-2025-Tappa-18-Altimetria-300x235.png 300w, https:\/\/cyclingpro.net\/spaziociclismo\/wp-content\/uploads\/2025\/06\/Tour-de-France-2025-Tappa-18-Altimetria-150x118.png 150w, https:\/\/cyclingpro.net\/spaziociclismo\/wp-content\/uploads\/2025\/06\/Tour-de-France-2025-Tappa-18-Altimetria-768x602.png 768w\" sizes=\"auto, (max-width: 960px) 100vw, 960px\" \/><\/a>\n\t\t\t<\/div><\/figure><figure class='gallery-item'>\n\t\t\t<div class='gallery-icon landscape'>\n\t\t\t\t<a href='https:\/\/cyclingpro.net\/spaziociclismo\/wp-content\/uploads\/2025\/06\/Tour-de-France-2025-Tappa-19-Altimetria.png'><img loading=\"lazy\" decoding=\"async\" width=\"960\" height=\"753\" src=\"https:\/\/cyclingpro.net\/spaziociclismo\/wp-content\/uploads\/2025\/06\/Tour-de-France-2025-Tappa-19-Altimetria.png\" class=\"attachment-full size-full\" alt=\"\" srcset=\"https:\/\/cyclingpro.net\/spaziociclismo\/wp-content\/uploads\/2025\/06\/Tour-de-France-2025-Tappa-19-Altimetria.png 960w, https:\/\/cyclingpro.net\/spaziociclismo\/wp-content\/uploads\/2025\/06\/Tour-de-France-2025-Tappa-19-Altimetria-300x235.png 300w, https:\/\/cyclingpro.net\/spaziociclismo\/wp-content\/uploads\/2025\/06\/Tour-de-France-2025-Tappa-19-Altimetria-150x118.png 150w, https:\/\/cyclingpro.net\/spaziociclismo\/wp-content\/uploads\/2025\/06\/Tour-de-France-2025-Tappa-19-Altimetria-768x602.png 768w\" sizes=\"auto, (max-width: 960px) 100vw, 960px\" \/><\/a>\n\t\t\t<\/div><\/figure><figure class='gallery-item'>\n\t\t\t<div class='gallery-icon landscape'>\n\t\t\t\t<a href='https:\/\/cyclingpro.net\/spaziociclismo\/wp-content\/uploads\/2025\/06\/Tour-de-France-2025-Tappa-20-Altimetria.png'><img loading=\"lazy\" decoding=\"async\" width=\"960\" height=\"753\" src=\"https:\/\/cyclingpro.net\/spaziociclismo\/wp-content\/uploads\/2025\/06\/Tour-de-France-2025-Tappa-20-Altimetria.png\" class=\"attachment-full size-full\" alt=\"\" srcset=\"https:\/\/cyclingpro.net\/spaziociclismo\/wp-content\/uploads\/2025\/06\/Tour-de-France-2025-Tappa-20-Altimetria.png 960w, https:\/\/cyclingpro.net\/spaziociclismo\/wp-content\/uploads\/2025\/06\/Tour-de-France-2025-Tappa-20-Altimetria-300x235.png 300w, https:\/\/cyclingpro.net\/spaziociclismo\/wp-content\/uploads\/2025\/06\/Tour-de-France-2025-Tappa-20-Altimetria-150x118.png 150w, https:\/\/cyclingpro.net\/spaziociclismo\/wp-content\/uploads\/2025\/06\/Tour-de-France-2025-Tappa-20-Altimetria-768x602.png 768w\" sizes=\"auto, (max-width: 960px) 100vw, 960px\" \/><\/a>\n\t\t\t<\/div><\/figure><figure class='gallery-item'>\n\t\t\t<div class='gallery-icon landscape'>\n\t\t\t\t<a href='https:\/\/cyclingpro.net\/spaziociclismo\/wp-content\/uploads\/2025\/06\/Tour-de-France-2025-Tappa-21-Altimetria.png'><img loading=\"lazy\" decoding=\"async\" width=\"960\" height=\"753\" src=\"https:\/\/cyclingpro.net\/spaziociclismo\/wp-content\/uploads\/2025\/06\/Tour-de-France-2025-Tappa-21-Altimetria.png\" class=\"attachment-full size-full\" alt=\"\" srcset=\"https:\/\/cyclingpro.net\/spaziociclismo\/wp-content\/uploads\/2025\/06\/Tour-de-France-2025-Tappa-21-Altimetria.png 960w, https:\/\/cyclingpro.net\/spaziociclismo\/wp-content\/uploads\/2025\/06\/Tour-de-France-2025-Tappa-21-Altimetria-300x235.png 300w, https:\/\/cyclingpro.net\/spaziociclismo\/wp-content\/uploads\/2025\/06\/Tour-de-France-2025-Tappa-21-Altimetria-150x118.png 150w, https:\/\/cyclingpro.net\/spaziociclismo\/wp-content\/uploads\/2025\/06\/Tour-de-France-2025-Tappa-21-Altimetria-768x602.png 768w\" sizes=\"auto, (max-width: 960px) 100vw, 960px\" \/><\/a>\n\t\t\t<\/div><\/figure><figure class='gallery-item'>\n\t\t\t<div class='gallery-icon portrait'>\n\t\t\t\t<a href='https:\/\/cyclingpro.net\/spaziociclismo\/wp-content\/uploads\/2025\/06\/Tour-de-France-2025-Tappa-1-Planimetria.jpg'><img loading=\"lazy\" decoding=\"async\" width=\"960\" height=\"1358\" src=\"https:\/\/cyclingpro.net\/spaziociclismo\/wp-content\/uploads\/2025\/06\/Tour-de-France-2025-Tappa-1-Planimetria.jpg\" class=\"attachment-full size-full\" alt=\"\" srcset=\"https:\/\/cyclingpro.net\/spaziociclismo\/wp-content\/uploads\/2025\/06\/Tour-de-France-2025-Tappa-1-Planimetria.jpg 960w, https:\/\/cyclingpro.net\/spaziociclismo\/wp-content\/uploads\/2025\/06\/Tour-de-France-2025-Tappa-1-Planimetria-212x300.jpg 212w, https:\/\/cyclingpro.net\/spaziociclismo\/wp-content\/uploads\/2025\/06\/Tour-de-France-2025-Tappa-1-Planimetria-724x1024.jpg 724w, https:\/\/cyclingpro.net\/spaziociclismo\/wp-content\/uploads\/2025\/06\/Tour-de-France-2025-Tappa-1-Planimetria-106x150.jpg 106w, https:\/\/cyclingpro.net\/spaziociclismo\/wp-content\/uploads\/2025\/06\/Tour-de-France-2025-Tappa-1-Planimetria-768x1086.jpg 768w\" sizes=\"auto, (max-width: 960px) 100vw, 960px\" \/><\/a>\n\t\t\t<\/div><\/figure><figure class='gallery-item'>\n\t\t\t<div class='gallery-icon landscape'>\n\t\t\t\t<a href='https:\/\/cyclingpro.net\/spaziociclismo\/wp-content\/uploads\/2025\/06\/Tour-de-France-2025-Tappa-2-Planimetria.jpg'><img loading=\"lazy\" decoding=\"async\" width=\"960\" height=\"680\" src=\"https:\/\/cyclingpro.net\/spaziociclismo\/wp-content\/uploads\/2025\/06\/Tour-de-France-2025-Tappa-2-Planimetria.jpg\" class=\"attachment-full size-full\" alt=\"\" srcset=\"https:\/\/cyclingpro.net\/spaziociclismo\/wp-content\/uploads\/2025\/06\/Tour-de-France-2025-Tappa-2-Planimetria.jpg 960w, https:\/\/cyclingpro.net\/spaziociclismo\/wp-content\/uploads\/2025\/06\/Tour-de-France-2025-Tappa-2-Planimetria-300x213.jpg 300w, https:\/\/cyclingpro.net\/spaziociclismo\/wp-content\/uploads\/2025\/06\/Tour-de-France-2025-Tappa-2-Planimetria-150x106.jpg 150w, https:\/\/cyclingpro.net\/spaziociclismo\/wp-content\/uploads\/2025\/06\/Tour-de-France-2025-Tappa-2-Planimetria-768x544.jpg 768w\" sizes=\"auto, (max-width: 960px) 100vw, 960px\" \/><\/a>\n\t\t\t<\/div><\/figure><figure class='gallery-item'>\n\t\t\t<div class='gallery-icon landscape'>\n\t\t\t\t<a href='https:\/\/cyclingpro.net\/spaziociclismo\/wp-content\/uploads\/2025\/06\/Tour-de-France-2025-Tappa-3-Planimetria.jpg'><img loading=\"lazy\" decoding=\"async\" width=\"960\" height=\"680\" src=\"https:\/\/cyclingpro.net\/spaziociclismo\/wp-content\/uploads\/2025\/06\/Tour-de-France-2025-Tappa-3-Planimetria.jpg\" class=\"attachment-full size-full\" alt=\"\" srcset=\"https:\/\/cyclingpro.net\/spaziociclismo\/wp-content\/uploads\/2025\/06\/Tour-de-France-2025-Tappa-3-Planimetria.jpg 960w, https:\/\/cyclingpro.net\/spaziociclismo\/wp-content\/uploads\/2025\/06\/Tour-de-France-2025-Tappa-3-Planimetria-300x213.jpg 300w, https:\/\/cyclingpro.net\/spaziociclismo\/wp-content\/uploads\/2025\/06\/Tour-de-France-2025-Tappa-3-Planimetria-150x106.jpg 150w, https:\/\/cyclingpro.net\/spaziociclismo\/wp-content\/uploads\/2025\/06\/Tour-de-France-2025-Tappa-3-Planimetria-768x544.jpg 768w\" sizes=\"auto, (max-width: 960px) 100vw, 960px\" \/><\/a>\n\t\t\t<\/div><\/figure><figure class='gallery-item'>\n\t\t\t<div class='gallery-icon landscape'>\n\t\t\t\t<a href='https:\/\/cyclingpro.net\/spaziociclismo\/wp-content\/uploads\/2025\/06\/Tour-de-France-2025-Tappa-4-Planimetria.jpg'><img loading=\"lazy\" decoding=\"async\" width=\"960\" height=\"680\" src=\"https:\/\/cyclingpro.net\/spaziociclismo\/wp-content\/uploads\/2025\/06\/Tour-de-France-2025-Tappa-4-Planimetria.jpg\" class=\"attachment-full size-full\" alt=\"\" srcset=\"https:\/\/cyclingpro.net\/spaziociclismo\/wp-content\/uploads\/2025\/06\/Tour-de-France-2025-Tappa-4-Planimetria.jpg 960w, https:\/\/cyclingpro.net\/spaziociclismo\/wp-content\/uploads\/2025\/06\/Tour-de-France-2025-Tappa-4-Planimetria-300x213.jpg 300w, https:\/\/cyclingpro.net\/spaziociclismo\/wp-content\/uploads\/2025\/06\/Tour-de-France-2025-Tappa-4-Planimetria-150x106.jpg 150w, https:\/\/cyclingpro.net\/spaziociclismo\/wp-content\/uploads\/2025\/06\/Tour-de-France-2025-Tappa-4-Planimetria-768x544.jpg 768w\" sizes=\"auto, (max-width: 960px) 100vw, 960px\" \/><\/a>\n\t\t\t<\/div><\/figure><figure class='gallery-item'>\n\t\t\t<div class='gallery-icon portrait'>\n\t\t\t\t<a href='https:\/\/cyclingpro.net\/spaziociclismo\/wp-content\/uploads\/2025\/06\/Tour-de-France-2025-Tappa-5-Planimetria.jpg'><img loading=\"lazy\" decoding=\"async\" width=\"960\" height=\"1358\" src=\"https:\/\/cyclingpro.net\/spaziociclismo\/wp-content\/uploads\/2025\/06\/Tour-de-France-2025-Tappa-5-Planimetria.jpg\" class=\"attachment-full size-full\" alt=\"\" srcset=\"https:\/\/cyclingpro.net\/spaziociclismo\/wp-content\/uploads\/2025\/06\/Tour-de-France-2025-Tappa-5-Planimetria.jpg 960w, https:\/\/cyclingpro.net\/spaziociclismo\/wp-content\/uploads\/2025\/06\/Tour-de-France-2025-Tappa-5-Planimetria-212x300.jpg 212w, https:\/\/cyclingpro.net\/spaziociclismo\/wp-content\/uploads\/2025\/06\/Tour-de-France-2025-Tappa-5-Planimetria-724x1024.jpg 724w, https:\/\/cyclingpro.net\/spaziociclismo\/wp-content\/uploads\/2025\/06\/Tour-de-France-2025-Tappa-5-Planimetria-106x150.jpg 106w, https:\/\/cyclingpro.net\/spaziociclismo\/wp-content\/uploads\/2025\/06\/Tour-de-France-2025-Tappa-5-Planimetria-768x1086.jpg 768w\" sizes=\"auto, (max-width: 960px) 100vw, 960px\" \/><\/a>\n\t\t\t<\/div><\/figure><figure class='gallery-item'>\n\t\t\t<div class='gallery-icon portrait'>\n\t\t\t\t<a href='https:\/\/cyclingpro.net\/spaziociclismo\/wp-content\/uploads\/2025\/06\/Tour-de-France-2025-Tappa-6-Planimetria.jpg'><img loading=\"lazy\" decoding=\"async\" width=\"960\" height=\"1358\" src=\"https:\/\/cyclingpro.net\/spaziociclismo\/wp-content\/uploads\/2025\/06\/Tour-de-France-2025-Tappa-6-Planimetria.jpg\" class=\"attachment-full size-full\" alt=\"\" srcset=\"https:\/\/cyclingpro.net\/spaziociclismo\/wp-content\/uploads\/2025\/06\/Tour-de-France-2025-Tappa-6-Planimetria.jpg 960w, https:\/\/cyclingpro.net\/spaziociclismo\/wp-content\/uploads\/2025\/06\/Tour-de-France-2025-Tappa-6-Planimetria-212x300.jpg 212w, https:\/\/cyclingpro.net\/spaziociclismo\/wp-content\/uploads\/2025\/06\/Tour-de-France-2025-Tappa-6-Planimetria-724x1024.jpg 724w, https:\/\/cyclingpro.net\/spaziociclismo\/wp-content\/uploads\/2025\/06\/Tour-de-France-2025-Tappa-6-Planimetria-106x150.jpg 106w, https:\/\/cyclingpro.net\/spaziociclismo\/wp-content\/uploads\/2025\/06\/Tour-de-France-2025-Tappa-6-Planimetria-768x1086.jpg 768w\" sizes=\"auto, (max-width: 960px) 100vw, 960px\" \/><\/a>\n\t\t\t<\/div><\/figure><figure class='gallery-item'>\n\t\t\t<div class='gallery-icon landscape'>\n\t\t\t\t<a href='https:\/\/cyclingpro.net\/spaziociclismo\/wp-content\/uploads\/2025\/06\/Tour-de-France-2025-Tappa-7-Planimetria.jpg'><img loading=\"lazy\" decoding=\"async\" width=\"960\" height=\"680\" src=\"https:\/\/cyclingpro.net\/spaziociclismo\/wp-content\/uploads\/2025\/06\/Tour-de-France-2025-Tappa-7-Planimetria.jpg\" class=\"attachment-full size-full\" alt=\"\" srcset=\"https:\/\/cyclingpro.net\/spaziociclismo\/wp-content\/uploads\/2025\/06\/Tour-de-France-2025-Tappa-7-Planimetria.jpg 960w, https:\/\/cyclingpro.net\/spaziociclismo\/wp-content\/uploads\/2025\/06\/Tour-de-France-2025-Tappa-7-Planimetria-300x213.jpg 300w, https:\/\/cyclingpro.net\/spaziociclismo\/wp-content\/uploads\/2025\/06\/Tour-de-France-2025-Tappa-7-Planimetria-150x106.jpg 150w, https:\/\/cyclingpro.net\/spaziociclismo\/wp-content\/uploads\/2025\/06\/Tour-de-France-2025-Tappa-7-Planimetria-768x544.jpg 768w\" sizes=\"auto, (max-width: 960px) 100vw, 960px\" \/><\/a>\n\t\t\t<\/div><\/figure><figure class='gallery-item'>\n\t\t\t<div class='gallery-icon landscape'>\n\t\t\t\t<a href='https:\/\/cyclingpro.net\/spaziociclismo\/wp-content\/uploads\/2025\/06\/Tour-de-France-2025-Tappa-8-Planimetria.jpg'><img loading=\"lazy\" decoding=\"async\" width=\"960\" height=\"680\" src=\"https:\/\/cyclingpro.net\/spaziociclismo\/wp-content\/uploads\/2025\/06\/Tour-de-France-2025-Tappa-8-Planimetria.jpg\" class=\"attachment-full size-full\" alt=\"\" srcset=\"https:\/\/cyclingpro.net\/spaziociclismo\/wp-content\/uploads\/2025\/06\/Tour-de-France-2025-Tappa-8-Planimetria.jpg 960w, https:\/\/cyclingpro.net\/spaziociclismo\/wp-content\/uploads\/2025\/06\/Tour-de-France-2025-Tappa-8-Planimetria-300x213.jpg 300w, https:\/\/cyclingpro.net\/spaziociclismo\/wp-content\/uploads\/2025\/06\/Tour-de-France-2025-Tappa-8-Planimetria-150x106.jpg 150w, https:\/\/cyclingpro.net\/spaziociclismo\/wp-content\/uploads\/2025\/06\/Tour-de-France-2025-Tappa-8-Planimetria-768x544.jpg 768w\" sizes=\"auto, (max-width: 960px) 100vw, 960px\" \/><\/a>\n\t\t\t<\/div><\/figure><figure class='gallery-item'>\n\t\t\t<div class='gallery-icon landscape'>\n\t\t\t\t<a href='https:\/\/cyclingpro.net\/spaziociclismo\/wp-content\/uploads\/2025\/06\/Tour-de-France-2025-Tappa-9-Planimetria.jpg'><img loading=\"lazy\" decoding=\"async\" width=\"960\" height=\"680\" src=\"https:\/\/cyclingpro.net\/spaziociclismo\/wp-content\/uploads\/2025\/06\/Tour-de-France-2025-Tappa-9-Planimetria.jpg\" class=\"attachment-full size-full\" alt=\"\" srcset=\"https:\/\/cyclingpro.net\/spaziociclismo\/wp-content\/uploads\/2025\/06\/Tour-de-France-2025-Tappa-9-Planimetria.jpg 960w, https:\/\/cyclingpro.net\/spaziociclismo\/wp-content\/uploads\/2025\/06\/Tour-de-France-2025-Tappa-9-Planimetria-300x213.jpg 300w, https:\/\/cyclingpro.net\/spaziociclismo\/wp-content\/uploads\/2025\/06\/Tour-de-France-2025-Tappa-9-Planimetria-150x106.jpg 150w, https:\/\/cyclingpro.net\/spaziociclismo\/wp-content\/uploads\/2025\/06\/Tour-de-France-2025-Tappa-9-Planimetria-768x544.jpg 768w\" sizes=\"auto, (max-width: 960px) 100vw, 960px\" \/><\/a>\n\t\t\t<\/div><\/figure><figure class='gallery-item'>\n\t\t\t<div class='gallery-icon portrait'>\n\t\t\t\t<a href='https:\/\/cyclingpro.net\/spaziociclismo\/wp-content\/uploads\/2025\/06\/Tour-de-France-2025-Tappa-10-Planimetria.jpg'><img loading=\"lazy\" decoding=\"async\" width=\"960\" height=\"1358\" src=\"https:\/\/cyclingpro.net\/spaziociclismo\/wp-content\/uploads\/2025\/06\/Tour-de-France-2025-Tappa-10-Planimetria.jpg\" class=\"attachment-full size-full\" alt=\"\" srcset=\"https:\/\/cyclingpro.net\/spaziociclismo\/wp-content\/uploads\/2025\/06\/Tour-de-France-2025-Tappa-10-Planimetria.jpg 960w, https:\/\/cyclingpro.net\/spaziociclismo\/wp-content\/uploads\/2025\/06\/Tour-de-France-2025-Tappa-10-Planimetria-212x300.jpg 212w, https:\/\/cyclingpro.net\/spaziociclismo\/wp-content\/uploads\/2025\/06\/Tour-de-France-2025-Tappa-10-Planimetria-724x1024.jpg 724w, https:\/\/cyclingpro.net\/spaziociclismo\/wp-content\/uploads\/2025\/06\/Tour-de-France-2025-Tappa-10-Planimetria-106x150.jpg 106w, https:\/\/cyclingpro.net\/spaziociclismo\/wp-content\/uploads\/2025\/06\/Tour-de-France-2025-Tappa-10-Planimetria-768x1086.jpg 768w\" sizes=\"auto, (max-width: 960px) 100vw, 960px\" \/><\/a>\n\t\t\t<\/div><\/figure><figure class='gallery-item'>\n\t\t\t<div class='gallery-icon portrait'>\n\t\t\t\t<a href='https:\/\/cyclingpro.net\/spaziociclismo\/wp-content\/uploads\/2025\/06\/Tour-de-France-2025-Tappa-11-Planimetria.jpg'><img loading=\"lazy\" decoding=\"async\" width=\"960\" height=\"1358\" src=\"https:\/\/cyclingpro.net\/spaziociclismo\/wp-content\/uploads\/2025\/06\/Tour-de-France-2025-Tappa-11-Planimetria.jpg\" class=\"attachment-full size-full\" alt=\"\" srcset=\"https:\/\/cyclingpro.net\/spaziociclismo\/wp-content\/uploads\/2025\/06\/Tour-de-France-2025-Tappa-11-Planimetria.jpg 960w, https:\/\/cyclingpro.net\/spaziociclismo\/wp-content\/uploads\/2025\/06\/Tour-de-France-2025-Tappa-11-Planimetria-212x300.jpg 212w, https:\/\/cyclingpro.net\/spaziociclismo\/wp-content\/uploads\/2025\/06\/Tour-de-France-2025-Tappa-11-Planimetria-724x1024.jpg 724w, https:\/\/cyclingpro.net\/spaziociclismo\/wp-content\/uploads\/2025\/06\/Tour-de-France-2025-Tappa-11-Planimetria-106x150.jpg 106w, https:\/\/cyclingpro.net\/spaziociclismo\/wp-content\/uploads\/2025\/06\/Tour-de-France-2025-Tappa-11-Planimetria-768x1086.jpg 768w\" sizes=\"auto, (max-width: 960px) 100vw, 960px\" \/><\/a>\n\t\t\t<\/div><\/figure><figure class='gallery-item'>\n\t\t\t<div class='gallery-icon landscape'>\n\t\t\t\t<a href='https:\/\/cyclingpro.net\/spaziociclismo\/wp-content\/uploads\/2025\/06\/Tour-de-France-2025-Tappa-12-Planimetria.jpg'><img loading=\"lazy\" decoding=\"async\" width=\"960\" height=\"680\" src=\"https:\/\/cyclingpro.net\/spaziociclismo\/wp-content\/uploads\/2025\/06\/Tour-de-France-2025-Tappa-12-Planimetria.jpg\" class=\"attachment-full size-full\" alt=\"\" srcset=\"https:\/\/cyclingpro.net\/spaziociclismo\/wp-content\/uploads\/2025\/06\/Tour-de-France-2025-Tappa-12-Planimetria.jpg 960w, https:\/\/cyclingpro.net\/spaziociclismo\/wp-content\/uploads\/2025\/06\/Tour-de-France-2025-Tappa-12-Planimetria-300x213.jpg 300w, https:\/\/cyclingpro.net\/spaziociclismo\/wp-content\/uploads\/2025\/06\/Tour-de-France-2025-Tappa-12-Planimetria-150x106.jpg 150w, https:\/\/cyclingpro.net\/spaziociclismo\/wp-content\/uploads\/2025\/06\/Tour-de-France-2025-Tappa-12-Planimetria-768x544.jpg 768w\" sizes=\"auto, (max-width: 960px) 100vw, 960px\" \/><\/a>\n\t\t\t<\/div><\/figure><figure class='gallery-item'>\n\t\t\t<div class='gallery-icon portrait'>\n\t\t\t\t<a href='https:\/\/cyclingpro.net\/spaziociclismo\/wp-content\/uploads\/2025\/06\/Tour-de-France-2025-Tappa-13-Planimetria.jpg'><img loading=\"lazy\" decoding=\"async\" width=\"960\" height=\"1358\" src=\"https:\/\/cyclingpro.net\/spaziociclismo\/wp-content\/uploads\/2025\/06\/Tour-de-France-2025-Tappa-13-Planimetria.jpg\" class=\"attachment-full size-full\" alt=\"\" srcset=\"https:\/\/cyclingpro.net\/spaziociclismo\/wp-content\/uploads\/2025\/06\/Tour-de-France-2025-Tappa-13-Planimetria.jpg 960w, https:\/\/cyclingpro.net\/spaziociclismo\/wp-content\/uploads\/2025\/06\/Tour-de-France-2025-Tappa-13-Planimetria-212x300.jpg 212w, https:\/\/cyclingpro.net\/spaziociclismo\/wp-content\/uploads\/2025\/06\/Tour-de-France-2025-Tappa-13-Planimetria-724x1024.jpg 724w, https:\/\/cyclingpro.net\/spaziociclismo\/wp-content\/uploads\/2025\/06\/Tour-de-France-2025-Tappa-13-Planimetria-106x150.jpg 106w, https:\/\/cyclingpro.net\/spaziociclismo\/wp-content\/uploads\/2025\/06\/Tour-de-France-2025-Tappa-13-Planimetria-768x1086.jpg 768w\" sizes=\"auto, (max-width: 960px) 100vw, 960px\" \/><\/a>\n\t\t\t<\/div><\/figure><figure class='gallery-item'>\n\t\t\t<div class='gallery-icon landscape'>\n\t\t\t\t<a href='https:\/\/cyclingpro.net\/spaziociclismo\/wp-content\/uploads\/2025\/06\/Tour-de-France-2025-Tappa-14-Planimetria.jpg'><img loading=\"lazy\" decoding=\"async\" width=\"960\" height=\"680\" src=\"https:\/\/cyclingpro.net\/spaziociclismo\/wp-content\/uploads\/2025\/06\/Tour-de-France-2025-Tappa-14-Planimetria.jpg\" class=\"attachment-full size-full\" alt=\"\" srcset=\"https:\/\/cyclingpro.net\/spaziociclismo\/wp-content\/uploads\/2025\/06\/Tour-de-France-2025-Tappa-14-Planimetria.jpg 960w, https:\/\/cyclingpro.net\/spaziociclismo\/wp-content\/uploads\/2025\/06\/Tour-de-France-2025-Tappa-14-Planimetria-300x213.jpg 300w, https:\/\/cyclingpro.net\/spaziociclismo\/wp-content\/uploads\/2025\/06\/Tour-de-France-2025-Tappa-14-Planimetria-150x106.jpg 150w, https:\/\/cyclingpro.net\/spaziociclismo\/wp-content\/uploads\/2025\/06\/Tour-de-France-2025-Tappa-14-Planimetria-768x544.jpg 768w\" sizes=\"auto, (max-width: 960px) 100vw, 960px\" \/><\/a>\n\t\t\t<\/div><\/figure><figure class='gallery-item'>\n\t\t\t<div class='gallery-icon landscape'>\n\t\t\t\t<a href='https:\/\/cyclingpro.net\/spaziociclismo\/wp-content\/uploads\/2025\/06\/Tour-de-France-2025-Tappa-15-Planimetria.jpg'><img loading=\"lazy\" decoding=\"async\" width=\"960\" height=\"680\" src=\"https:\/\/cyclingpro.net\/spaziociclismo\/wp-content\/uploads\/2025\/06\/Tour-de-France-2025-Tappa-15-Planimetria.jpg\" class=\"attachment-full size-full\" alt=\"\" srcset=\"https:\/\/cyclingpro.net\/spaziociclismo\/wp-content\/uploads\/2025\/06\/Tour-de-France-2025-Tappa-15-Planimetria.jpg 960w, https:\/\/cyclingpro.net\/spaziociclismo\/wp-content\/uploads\/2025\/06\/Tour-de-France-2025-Tappa-15-Planimetria-300x213.jpg 300w, https:\/\/cyclingpro.net\/spaziociclismo\/wp-content\/uploads\/2025\/06\/Tour-de-France-2025-Tappa-15-Planimetria-150x106.jpg 150w, https:\/\/cyclingpro.net\/spaziociclismo\/wp-content\/uploads\/2025\/06\/Tour-de-France-2025-Tappa-15-Planimetria-768x544.jpg 768w\" sizes=\"auto, (max-width: 960px) 100vw, 960px\" \/><\/a>\n\t\t\t<\/div><\/figure><figure class='gallery-item'>\n\t\t\t<div class='gallery-icon landscape'>\n\t\t\t\t<a href='https:\/\/cyclingpro.net\/spaziociclismo\/wp-content\/uploads\/2025\/06\/Tour-de-France-2025-Tappa-16-Planimetria.jpg'><img loading=\"lazy\" decoding=\"async\" width=\"960\" height=\"680\" src=\"https:\/\/cyclingpro.net\/spaziociclismo\/wp-content\/uploads\/2025\/06\/Tour-de-France-2025-Tappa-16-Planimetria.jpg\" class=\"attachment-full size-full\" alt=\"\" srcset=\"https:\/\/cyclingpro.net\/spaziociclismo\/wp-content\/uploads\/2025\/06\/Tour-de-France-2025-Tappa-16-Planimetria.jpg 960w, https:\/\/cyclingpro.net\/spaziociclismo\/wp-content\/uploads\/2025\/06\/Tour-de-France-2025-Tappa-16-Planimetria-300x213.jpg 300w, https:\/\/cyclingpro.net\/spaziociclismo\/wp-content\/uploads\/2025\/06\/Tour-de-France-2025-Tappa-16-Planimetria-150x106.jpg 150w, https:\/\/cyclingpro.net\/spaziociclismo\/wp-content\/uploads\/2025\/06\/Tour-de-France-2025-Tappa-16-Planimetria-768x544.jpg 768w\" sizes=\"auto, (max-width: 960px) 100vw, 960px\" \/><\/a>\n\t\t\t<\/div><\/figure><figure class='gallery-item'>\n\t\t\t<div class='gallery-icon portrait'>\n\t\t\t\t<a href='https:\/\/cyclingpro.net\/spaziociclismo\/wp-content\/uploads\/2025\/06\/Tour-de-France-2025-Tappa-17-Planimetria.jpg'><img loading=\"lazy\" decoding=\"async\" width=\"960\" height=\"1358\" src=\"https:\/\/cyclingpro.net\/spaziociclismo\/wp-content\/uploads\/2025\/06\/Tour-de-France-2025-Tappa-17-Planimetria.jpg\" class=\"attachment-full size-full\" alt=\"\" srcset=\"https:\/\/cyclingpro.net\/spaziociclismo\/wp-content\/uploads\/2025\/06\/Tour-de-France-2025-Tappa-17-Planimetria.jpg 960w, https:\/\/cyclingpro.net\/spaziociclismo\/wp-content\/uploads\/2025\/06\/Tour-de-France-2025-Tappa-17-Planimetria-212x300.jpg 212w, https:\/\/cyclingpro.net\/spaziociclismo\/wp-content\/uploads\/2025\/06\/Tour-de-France-2025-Tappa-17-Planimetria-724x1024.jpg 724w, https:\/\/cyclingpro.net\/spaziociclismo\/wp-content\/uploads\/2025\/06\/Tour-de-France-2025-Tappa-17-Planimetria-106x150.jpg 106w, https:\/\/cyclingpro.net\/spaziociclismo\/wp-content\/uploads\/2025\/06\/Tour-de-France-2025-Tappa-17-Planimetria-768x1086.jpg 768w\" sizes=\"auto, (max-width: 960px) 100vw, 960px\" \/><\/a>\n\t\t\t<\/div><\/figure><figure class='gallery-item'>\n\t\t\t<div class='gallery-icon landscape'>\n\t\t\t\t<a href='https:\/\/cyclingpro.net\/spaziociclismo\/wp-content\/uploads\/2025\/06\/Tour-de-France-2025-Tappa-18-Planimetria.jpg'><img loading=\"lazy\" decoding=\"async\" width=\"960\" height=\"680\" src=\"https:\/\/cyclingpro.net\/spaziociclismo\/wp-content\/uploads\/2025\/06\/Tour-de-France-2025-Tappa-18-Planimetria.jpg\" class=\"attachment-full size-full\" alt=\"\" srcset=\"https:\/\/cyclingpro.net\/spaziociclismo\/wp-content\/uploads\/2025\/06\/Tour-de-France-2025-Tappa-18-Planimetria.jpg 960w, https:\/\/cyclingpro.net\/spaziociclismo\/wp-content\/uploads\/2025\/06\/Tour-de-France-2025-Tappa-18-Planimetria-300x213.jpg 300w, https:\/\/cyclingpro.net\/spaziociclismo\/wp-content\/uploads\/2025\/06\/Tour-de-France-2025-Tappa-18-Planimetria-150x106.jpg 150w, https:\/\/cyclingpro.net\/spaziociclismo\/wp-content\/uploads\/2025\/06\/Tour-de-France-2025-Tappa-18-Planimetria-768x544.jpg 768w\" sizes=\"auto, (max-width: 960px) 100vw, 960px\" \/><\/a>\n\t\t\t<\/div><\/figure><figure class='gallery-item'>\n\t\t\t<div class='gallery-icon portrait'>\n\t\t\t\t<a href='https:\/\/cyclingpro.net\/spaziociclismo\/wp-content\/uploads\/2025\/06\/Tour-de-France-2025-Tappa-19-Planimetria.jpg'><img loading=\"lazy\" decoding=\"async\" width=\"960\" height=\"1358\" src=\"https:\/\/cyclingpro.net\/spaziociclismo\/wp-content\/uploads\/2025\/06\/Tour-de-France-2025-Tappa-19-Planimetria.jpg\" class=\"attachment-full size-full\" alt=\"\" srcset=\"https:\/\/cyclingpro.net\/spaziociclismo\/wp-content\/uploads\/2025\/06\/Tour-de-France-2025-Tappa-19-Planimetria.jpg 960w, https:\/\/cyclingpro.net\/spaziociclismo\/wp-content\/uploads\/2025\/06\/Tour-de-France-2025-Tappa-19-Planimetria-212x300.jpg 212w, https:\/\/cyclingpro.net\/spaziociclismo\/wp-content\/uploads\/2025\/06\/Tour-de-France-2025-Tappa-19-Planimetria-724x1024.jpg 724w, https:\/\/cyclingpro.net\/spaziociclismo\/wp-content\/uploads\/2025\/06\/Tour-de-France-2025-Tappa-19-Planimetria-106x150.jpg 106w, https:\/\/cyclingpro.net\/spaziociclismo\/wp-content\/uploads\/2025\/06\/Tour-de-France-2025-Tappa-19-Planimetria-768x1086.jpg 768w\" sizes=\"auto, (max-width: 960px) 100vw, 960px\" \/><\/a>\n\t\t\t<\/div><\/figure><figure class='gallery-item'>\n\t\t\t<div class='gallery-icon portrait'>\n\t\t\t\t<a href='https:\/\/cyclingpro.net\/spaziociclismo\/wp-content\/uploads\/2025\/06\/Tour-de-France-2025-Tappa-20-Planimetria.jpg'><img loading=\"lazy\" decoding=\"async\" width=\"960\" height=\"1358\" src=\"https:\/\/cyclingpro.net\/spaziociclismo\/wp-content\/uploads\/2025\/06\/Tour-de-France-2025-Tappa-20-Planimetria.jpg\" class=\"attachment-full size-full\" alt=\"\" srcset=\"https:\/\/cyclingpro.net\/spaziociclismo\/wp-content\/uploads\/2025\/06\/Tour-de-France-2025-Tappa-20-Planimetria.jpg 960w, https:\/\/cyclingpro.net\/spaziociclismo\/wp-content\/uploads\/2025\/06\/Tour-de-France-2025-Tappa-20-Planimetria-212x300.jpg 212w, https:\/\/cyclingpro.net\/spaziociclismo\/wp-content\/uploads\/2025\/06\/Tour-de-France-2025-Tappa-20-Planimetria-724x1024.jpg 724w, https:\/\/cyclingpro.net\/spaziociclismo\/wp-content\/uploads\/2025\/06\/Tour-de-France-2025-Tappa-20-Planimetria-106x150.jpg 106w, https:\/\/cyclingpro.net\/spaziociclismo\/wp-content\/uploads\/2025\/06\/Tour-de-France-2025-Tappa-20-Planimetria-768x1086.jpg 768w\" sizes=\"auto, (max-width: 960px) 100vw, 960px\" \/><\/a>\n\t\t\t<\/div><\/figure><figure class='gallery-item'>\n\t\t\t<div class='gallery-icon landscape'>\n\t\t\t\t<a href='https:\/\/cyclingpro.net\/spaziociclismo\/wp-content\/uploads\/2025\/06\/Tour-de-France-2025-Tappa-21-Planimetria.jpg'><img loading=\"lazy\" decoding=\"async\" width=\"960\" height=\"680\" src=\"https:\/\/cyclingpro.net\/spaziociclismo\/wp-content\/uploads\/2025\/06\/Tour-de-France-2025-Tappa-21-Planimetria.jpg\" class=\"attachment-full size-full\" alt=\"\" srcset=\"https:\/\/cyclingpro.net\/spaziociclismo\/wp-content\/uploads\/2025\/06\/Tour-de-France-2025-Tappa-21-Planimetria.jpg 960w, https:\/\/cyclingpro.net\/spaziociclismo\/wp-content\/uploads\/2025\/06\/Tour-de-France-2025-Tappa-21-Planimetria-300x213.jpg 300w, https:\/\/cyclingpro.net\/spaziociclismo\/wp-content\/uploads\/2025\/06\/Tour-de-France-2025-Tappa-21-Planimetria-150x106.jpg 150w, https:\/\/cyclingpro.net\/spaziociclismo\/wp-content\/uploads\/2025\/06\/Tour-de-France-2025-Tappa-21-Planimetria-768x544.jpg 768w\" sizes=\"auto, (max-width: 960px) 100vw, 960px\" \/><\/a>\n\t\t\t<\/div><\/figure>\n\t\t<\/div>\n\n","protected":false},"excerpt":{"rendered":"<p>Prima settimana a tutta velocit\u00e0, poi si andr\u00e0 verso le montagne. Due le cronometro previste, mentre l&#8217;epilogo torna sulle strade di Parigi, con un tracciato per\u00f2 ben pi\u00f9 movimentato del solito. #TDF2025 <\/p>\n","protected":false},"author":25,"featured_media":339266,"comment_status":"open","ping_status":"closed","sticky":false,"template":"","format":"standard","meta":{"footnotes":""},"categories":[14,5401,21],"tags":[2936],"class_list":["post-339265","post","type-post","status-publish","format-standard","has-post-thumbnail","hentry","category-presentazione-corse","category-tour-2025","category-vetrina","tag-tour-de-france-2025"],"yoast_head":"<!-- This site is optimized with the Yoast SEO plugin v27.4 - https:\/\/yoast.com\/product\/yoast-seo-wordpress\/ -->\n<title>Analisi Percorso Tour de France 2025: inizio con tante insidie, poi i Pirenei, il Mont Ventoux, le Alpi e il gran finale parigino con lo strappo di Montmartre - SpazioCiclismo<\/title>\n<meta name=\"robots\" content=\"index, follow, max-snippet:-1, max-image-preview:large, max-video-preview:-1\" \/>\n<link rel=\"canonical\" href=\"https:\/\/cyclingpro.net\/spaziociclismo\/presentazione-corse\/analisi-percorso-tour-de-france-2025-inizio-con-tante-insidie-poi-i-pirenei-il-mont-ventoux-le-alpi-e-il-gran-finale-parigino-con-lo-strappo-di-montmartre\/\" \/>\n<meta property=\"og:locale\" content=\"it_IT\" \/>\n<meta property=\"og:type\" content=\"article\" \/>\n<meta property=\"og:title\" content=\"Analisi Percorso Tour de France 2025: inizio con tante insidie, poi i Pirenei, il Mont Ventoux, le Alpi e il gran finale parigino con lo strappo di Montmartre - SpazioCiclismo\" \/>\n<meta property=\"og:description\" content=\"Prima settimana a tutta velocit\u00e0, poi si andr\u00e0 verso le montagne. Due le cronometro previste, mentre l&#039;epilogo torna sulle strade di Parigi, con un tracciato per\u00f2 ben pi\u00f9 movimentato del solito. #TDF2025\" \/>\n<meta property=\"og:url\" content=\"https:\/\/cyclingpro.net\/spaziociclismo\/presentazione-corse\/analisi-percorso-tour-de-france-2025-inizio-con-tante-insidie-poi-i-pirenei-il-mont-ventoux-le-alpi-e-il-gran-finale-parigino-con-lo-strappo-di-montmartre\/\" \/>\n<meta property=\"og:site_name\" content=\"SpazioCiclismo\" \/>\n<meta property=\"article:publisher\" content=\"https:\/\/www.facebook.com\/SpazioCiclismo\/\" \/>\n<meta property=\"article:published_time\" content=\"2025-07-01T12:00:05+00:00\" \/>\n<meta property=\"article:modified_time\" content=\"2025-07-01T12:13:11+00:00\" \/>\n<meta property=\"og:image\" content=\"https:\/\/cyclingpro.net\/spaziociclismo\/wp-content\/uploads\/2025\/07\/cartina-generale-tour-2025-scaled.jpg\" \/>\n\t<meta property=\"og:image:width\" content=\"2231\" \/>\n\t<meta property=\"og:image:height\" content=\"2560\" \/>\n\t<meta property=\"og:image:type\" content=\"image\/jpeg\" \/>\n<meta name=\"author\" content=\"Francesco Mitola\" \/>\n<meta name=\"twitter:card\" content=\"summary_large_image\" \/>\n<meta name=\"twitter:creator\" content=\"@spaziociclismo\" \/>\n<meta name=\"twitter:site\" content=\"@spaziociclismo\" \/>\n<meta name=\"twitter:label1\" content=\"Scritto da\" \/>\n\t<meta name=\"twitter:data1\" content=\"Francesco Mitola\" \/>\n\t<meta name=\"twitter:label2\" content=\"Tempo di lettura stimato\" \/>\n\t<meta name=\"twitter:data2\" content=\"14 minuti\" \/>\n<script type=\"application\/ld+json\" class=\"yoast-schema-graph\">{\"@context\":\"https:\\\/\\\/schema.org\",\"@graph\":[{\"@type\":\"Article\",\"@id\":\"https:\\\/\\\/cyclingpro.net\\\/spaziociclismo\\\/presentazione-corse\\\/analisi-percorso-tour-de-france-2025-inizio-con-tante-insidie-poi-i-pirenei-il-mont-ventoux-le-alpi-e-il-gran-finale-parigino-con-lo-strappo-di-montmartre\\\/#article\",\"isPartOf\":{\"@id\":\"https:\\\/\\\/cyclingpro.net\\\/spaziociclismo\\\/presentazione-corse\\\/analisi-percorso-tour-de-france-2025-inizio-con-tante-insidie-poi-i-pirenei-il-mont-ventoux-le-alpi-e-il-gran-finale-parigino-con-lo-strappo-di-montmartre\\\/\"},\"author\":{\"name\":\"Francesco Mitola\",\"@id\":\"https:\\\/\\\/cyclingpro.net\\\/spaziociclismo\\\/#\\\/schema\\\/person\\\/627dbc08c9712c25304b059bbb765de8\"},\"headline\":\"Analisi Percorso Tour de France 2025: inizio con tante insidie, poi i Pirenei, il Mont Ventoux, le Alpi e il gran finale parigino con lo strappo di Montmartre\",\"datePublished\":\"2025-07-01T12:00:05+00:00\",\"dateModified\":\"2025-07-01T12:13:11+00:00\",\"mainEntityOfPage\":{\"@id\":\"https:\\\/\\\/cyclingpro.net\\\/spaziociclismo\\\/presentazione-corse\\\/analisi-percorso-tour-de-france-2025-inizio-con-tante-insidie-poi-i-pirenei-il-mont-ventoux-le-alpi-e-il-gran-finale-parigino-con-lo-strappo-di-montmartre\\\/\"},\"wordCount\":2283,\"commentCount\":0,\"publisher\":{\"@id\":\"https:\\\/\\\/cyclingpro.net\\\/spaziociclismo\\\/#organization\"},\"image\":{\"@id\":\"https:\\\/\\\/cyclingpro.net\\\/spaziociclismo\\\/presentazione-corse\\\/analisi-percorso-tour-de-france-2025-inizio-con-tante-insidie-poi-i-pirenei-il-mont-ventoux-le-alpi-e-il-gran-finale-parigino-con-lo-strappo-di-montmartre\\\/#primaryimage\"},\"thumbnailUrl\":\"https:\\\/\\\/cyclingpro.net\\\/spaziociclismo\\\/wp-content\\\/uploads\\\/2025\\\/07\\\/cartina-generale-tour-2025-scaled.jpg\",\"keywords\":[\"Tour de France 2025\"],\"articleSection\":[\"Presentazione Corse\",\"Tour 2025\",\"Vetrina\"],\"inLanguage\":\"it-IT\",\"potentialAction\":[{\"@type\":\"CommentAction\",\"name\":\"Comment\",\"target\":[\"https:\\\/\\\/cyclingpro.net\\\/spaziociclismo\\\/presentazione-corse\\\/analisi-percorso-tour-de-france-2025-inizio-con-tante-insidie-poi-i-pirenei-il-mont-ventoux-le-alpi-e-il-gran-finale-parigino-con-lo-strappo-di-montmartre\\\/#respond\"]}]},{\"@type\":\"WebPage\",\"@id\":\"https:\\\/\\\/cyclingpro.net\\\/spaziociclismo\\\/presentazione-corse\\\/analisi-percorso-tour-de-france-2025-inizio-con-tante-insidie-poi-i-pirenei-il-mont-ventoux-le-alpi-e-il-gran-finale-parigino-con-lo-strappo-di-montmartre\\\/\",\"url\":\"https:\\\/\\\/cyclingpro.net\\\/spaziociclismo\\\/presentazione-corse\\\/analisi-percorso-tour-de-france-2025-inizio-con-tante-insidie-poi-i-pirenei-il-mont-ventoux-le-alpi-e-il-gran-finale-parigino-con-lo-strappo-di-montmartre\\\/\",\"name\":\"Analisi Percorso Tour de France 2025: inizio con tante insidie, poi i Pirenei, il Mont Ventoux, le Alpi e il gran finale parigino con lo strappo di Montmartre - SpazioCiclismo\",\"isPartOf\":{\"@id\":\"https:\\\/\\\/cyclingpro.net\\\/spaziociclismo\\\/#website\"},\"primaryImageOfPage\":{\"@id\":\"https:\\\/\\\/cyclingpro.net\\\/spaziociclismo\\\/presentazione-corse\\\/analisi-percorso-tour-de-france-2025-inizio-con-tante-insidie-poi-i-pirenei-il-mont-ventoux-le-alpi-e-il-gran-finale-parigino-con-lo-strappo-di-montmartre\\\/#primaryimage\"},\"image\":{\"@id\":\"https:\\\/\\\/cyclingpro.net\\\/spaziociclismo\\\/presentazione-corse\\\/analisi-percorso-tour-de-france-2025-inizio-con-tante-insidie-poi-i-pirenei-il-mont-ventoux-le-alpi-e-il-gran-finale-parigino-con-lo-strappo-di-montmartre\\\/#primaryimage\"},\"thumbnailUrl\":\"https:\\\/\\\/cyclingpro.net\\\/spaziociclismo\\\/wp-content\\\/uploads\\\/2025\\\/07\\\/cartina-generale-tour-2025-scaled.jpg\",\"datePublished\":\"2025-07-01T12:00:05+00:00\",\"dateModified\":\"2025-07-01T12:13:11+00:00\",\"breadcrumb\":{\"@id\":\"https:\\\/\\\/cyclingpro.net\\\/spaziociclismo\\\/presentazione-corse\\\/analisi-percorso-tour-de-france-2025-inizio-con-tante-insidie-poi-i-pirenei-il-mont-ventoux-le-alpi-e-il-gran-finale-parigino-con-lo-strappo-di-montmartre\\\/#breadcrumb\"},\"inLanguage\":\"it-IT\",\"potentialAction\":[{\"@type\":\"ReadAction\",\"target\":[\"https:\\\/\\\/cyclingpro.net\\\/spaziociclismo\\\/presentazione-corse\\\/analisi-percorso-tour-de-france-2025-inizio-con-tante-insidie-poi-i-pirenei-il-mont-ventoux-le-alpi-e-il-gran-finale-parigino-con-lo-strappo-di-montmartre\\\/\"]}]},{\"@type\":\"ImageObject\",\"inLanguage\":\"it-IT\",\"@id\":\"https:\\\/\\\/cyclingpro.net\\\/spaziociclismo\\\/presentazione-corse\\\/analisi-percorso-tour-de-france-2025-inizio-con-tante-insidie-poi-i-pirenei-il-mont-ventoux-le-alpi-e-il-gran-finale-parigino-con-lo-strappo-di-montmartre\\\/#primaryimage\",\"url\":\"https:\\\/\\\/cyclingpro.net\\\/spaziociclismo\\\/wp-content\\\/uploads\\\/2025\\\/07\\\/cartina-generale-tour-2025-scaled.jpg\",\"contentUrl\":\"https:\\\/\\\/cyclingpro.net\\\/spaziociclismo\\\/wp-content\\\/uploads\\\/2025\\\/07\\\/cartina-generale-tour-2025-scaled.jpg\",\"width\":2231,\"height\":2560},{\"@type\":\"BreadcrumbList\",\"@id\":\"https:\\\/\\\/cyclingpro.net\\\/spaziociclismo\\\/presentazione-corse\\\/analisi-percorso-tour-de-france-2025-inizio-con-tante-insidie-poi-i-pirenei-il-mont-ventoux-le-alpi-e-il-gran-finale-parigino-con-lo-strappo-di-montmartre\\\/#breadcrumb\",\"itemListElement\":[{\"@type\":\"ListItem\",\"position\":1,\"name\":\"Home\",\"item\":\"https:\\\/\\\/cyclingpro.net\\\/spaziociclismo\\\/\"},{\"@type\":\"ListItem\",\"position\":2,\"name\":\"Analisi Percorso Tour de France 2025: inizio con tante insidie, poi i Pirenei, il Mont Ventoux, le Alpi e il gran finale parigino con lo strappo di Montmartre\"}]},{\"@type\":\"WebSite\",\"@id\":\"https:\\\/\\\/cyclingpro.net\\\/spaziociclismo\\\/#website\",\"url\":\"https:\\\/\\\/cyclingpro.net\\\/spaziociclismo\\\/\",\"name\":\"SpazioCiclismo\",\"description\":\"Tutto il ciclismo minuto per minuto\",\"publisher\":{\"@id\":\"https:\\\/\\\/cyclingpro.net\\\/spaziociclismo\\\/#organization\"},\"potentialAction\":[{\"@type\":\"SearchAction\",\"target\":{\"@type\":\"EntryPoint\",\"urlTemplate\":\"https:\\\/\\\/cyclingpro.net\\\/spaziociclismo\\\/?s={search_term_string}\"},\"query-input\":{\"@type\":\"PropertyValueSpecification\",\"valueRequired\":true,\"valueName\":\"search_term_string\"}}],\"inLanguage\":\"it-IT\"},{\"@type\":\"Organization\",\"@id\":\"https:\\\/\\\/cyclingpro.net\\\/spaziociclismo\\\/#organization\",\"name\":\"SpazioCiclismo\",\"url\":\"https:\\\/\\\/cyclingpro.net\\\/spaziociclismo\\\/\",\"logo\":{\"@type\":\"ImageObject\",\"inLanguage\":\"it-IT\",\"@id\":\"https:\\\/\\\/cyclingpro.net\\\/spaziociclismo\\\/#\\\/schema\\\/logo\\\/image\\\/\",\"url\":\"https:\\\/\\\/cyclingpro.net\\\/spaziociclismo\\\/wp-content\\\/uploads\\\/2017\\\/02\\\/SpazioCiclismo-Logo-Quadrato.png\",\"contentUrl\":\"https:\\\/\\\/cyclingpro.net\\\/spaziociclismo\\\/wp-content\\\/uploads\\\/2017\\\/02\\\/SpazioCiclismo-Logo-Quadrato.png\",\"width\":450,\"height\":450,\"caption\":\"SpazioCiclismo\"},\"image\":{\"@id\":\"https:\\\/\\\/cyclingpro.net\\\/spaziociclismo\\\/#\\\/schema\\\/logo\\\/image\\\/\"},\"sameAs\":[\"https:\\\/\\\/www.facebook.com\\\/SpazioCiclismo\\\/\",\"https:\\\/\\\/x.com\\\/spaziociclismo\",\"https:\\\/\\\/www.instagram.com\\\/spaziociclismo\\\/\"]},{\"@type\":\"Person\",\"@id\":\"https:\\\/\\\/cyclingpro.net\\\/spaziociclismo\\\/#\\\/schema\\\/person\\\/627dbc08c9712c25304b059bbb765de8\",\"name\":\"Francesco Mitola\",\"image\":{\"@type\":\"ImageObject\",\"inLanguage\":\"it-IT\",\"@id\":\"https:\\\/\\\/secure.gravatar.com\\\/avatar\\\/dc58a640368550cd17129d2ff185eec5cb2821b7c3403fc06dcaca847ae762d3?s=96&d=mm&r=g\",\"url\":\"https:\\\/\\\/secure.gravatar.com\\\/avatar\\\/dc58a640368550cd17129d2ff185eec5cb2821b7c3403fc06dcaca847ae762d3?s=96&d=mm&r=g\",\"contentUrl\":\"https:\\\/\\\/secure.gravatar.com\\\/avatar\\\/dc58a640368550cd17129d2ff185eec5cb2821b7c3403fc06dcaca847ae762d3?s=96&d=mm&r=g\",\"caption\":\"Francesco Mitola\"},\"url\":\"https:\\\/\\\/cyclingpro.net\\\/spaziociclismo\\\/author\\\/fmitola\\\/\"}]}<\/script>\n<!-- \/ Yoast SEO plugin. -->","yoast_head_json":{"title":"Analisi Percorso Tour de France 2025: inizio con tante insidie, poi i Pirenei, il Mont Ventoux, le Alpi e il gran finale parigino con lo strappo di Montmartre - SpazioCiclismo","robots":{"index":"index","follow":"follow","max-snippet":"max-snippet:-1","max-image-preview":"max-image-preview:large","max-video-preview":"max-video-preview:-1"},"canonical":"https:\/\/cyclingpro.net\/spaziociclismo\/presentazione-corse\/analisi-percorso-tour-de-france-2025-inizio-con-tante-insidie-poi-i-pirenei-il-mont-ventoux-le-alpi-e-il-gran-finale-parigino-con-lo-strappo-di-montmartre\/","og_locale":"it_IT","og_type":"article","og_title":"Analisi Percorso Tour de France 2025: inizio con tante insidie, poi i Pirenei, il Mont Ventoux, le Alpi e il gran finale parigino con lo strappo di Montmartre - SpazioCiclismo","og_description":"Prima settimana a tutta velocit\u00e0, poi si andr\u00e0 verso le montagne. Due le cronometro previste, mentre l'epilogo torna sulle strade di Parigi, con un tracciato per\u00f2 ben pi\u00f9 movimentato del solito. #TDF2025","og_url":"https:\/\/cyclingpro.net\/spaziociclismo\/presentazione-corse\/analisi-percorso-tour-de-france-2025-inizio-con-tante-insidie-poi-i-pirenei-il-mont-ventoux-le-alpi-e-il-gran-finale-parigino-con-lo-strappo-di-montmartre\/","og_site_name":"SpazioCiclismo","article_publisher":"https:\/\/www.facebook.com\/SpazioCiclismo\/","article_published_time":"2025-07-01T12:00:05+00:00","article_modified_time":"2025-07-01T12:13:11+00:00","og_image":[{"width":2231,"height":2560,"url":"https:\/\/cyclingpro.net\/spaziociclismo\/wp-content\/uploads\/2025\/07\/cartina-generale-tour-2025-scaled.jpg","type":"image\/jpeg"}],"author":"Francesco Mitola","twitter_card":"summary_large_image","twitter_creator":"@spaziociclismo","twitter_site":"@spaziociclismo","twitter_misc":{"Scritto da":"Francesco Mitola","Tempo di lettura stimato":"14 minuti"},"schema":{"@context":"https:\/\/schema.org","@graph":[{"@type":"Article","@id":"https:\/\/cyclingpro.net\/spaziociclismo\/presentazione-corse\/analisi-percorso-tour-de-france-2025-inizio-con-tante-insidie-poi-i-pirenei-il-mont-ventoux-le-alpi-e-il-gran-finale-parigino-con-lo-strappo-di-montmartre\/#article","isPartOf":{"@id":"https:\/\/cyclingpro.net\/spaziociclismo\/presentazione-corse\/analisi-percorso-tour-de-france-2025-inizio-con-tante-insidie-poi-i-pirenei-il-mont-ventoux-le-alpi-e-il-gran-finale-parigino-con-lo-strappo-di-montmartre\/"},"author":{"name":"Francesco Mitola","@id":"https:\/\/cyclingpro.net\/spaziociclismo\/#\/schema\/person\/627dbc08c9712c25304b059bbb765de8"},"headline":"Analisi Percorso Tour de France 2025: inizio con tante insidie, poi i Pirenei, il Mont Ventoux, le Alpi e il gran finale parigino con lo strappo di Montmartre","datePublished":"2025-07-01T12:00:05+00:00","dateModified":"2025-07-01T12:13:11+00:00","mainEntityOfPage":{"@id":"https:\/\/cyclingpro.net\/spaziociclismo\/presentazione-corse\/analisi-percorso-tour-de-france-2025-inizio-con-tante-insidie-poi-i-pirenei-il-mont-ventoux-le-alpi-e-il-gran-finale-parigino-con-lo-strappo-di-montmartre\/"},"wordCount":2283,"commentCount":0,"publisher":{"@id":"https:\/\/cyclingpro.net\/spaziociclismo\/#organization"},"image":{"@id":"https:\/\/cyclingpro.net\/spaziociclismo\/presentazione-corse\/analisi-percorso-tour-de-france-2025-inizio-con-tante-insidie-poi-i-pirenei-il-mont-ventoux-le-alpi-e-il-gran-finale-parigino-con-lo-strappo-di-montmartre\/#primaryimage"},"thumbnailUrl":"https:\/\/cyclingpro.net\/spaziociclismo\/wp-content\/uploads\/2025\/07\/cartina-generale-tour-2025-scaled.jpg","keywords":["Tour de France 2025"],"articleSection":["Presentazione Corse","Tour 2025","Vetrina"],"inLanguage":"it-IT","potentialAction":[{"@type":"CommentAction","name":"Comment","target":["https:\/\/cyclingpro.net\/spaziociclismo\/presentazione-corse\/analisi-percorso-tour-de-france-2025-inizio-con-tante-insidie-poi-i-pirenei-il-mont-ventoux-le-alpi-e-il-gran-finale-parigino-con-lo-strappo-di-montmartre\/#respond"]}]},{"@type":"WebPage","@id":"https:\/\/cyclingpro.net\/spaziociclismo\/presentazione-corse\/analisi-percorso-tour-de-france-2025-inizio-con-tante-insidie-poi-i-pirenei-il-mont-ventoux-le-alpi-e-il-gran-finale-parigino-con-lo-strappo-di-montmartre\/","url":"https:\/\/cyclingpro.net\/spaziociclismo\/presentazione-corse\/analisi-percorso-tour-de-france-2025-inizio-con-tante-insidie-poi-i-pirenei-il-mont-ventoux-le-alpi-e-il-gran-finale-parigino-con-lo-strappo-di-montmartre\/","name":"Analisi Percorso Tour de France 2025: inizio con tante insidie, poi i Pirenei, il Mont Ventoux, le Alpi e il gran finale parigino con lo strappo di Montmartre - SpazioCiclismo","isPartOf":{"@id":"https:\/\/cyclingpro.net\/spaziociclismo\/#website"},"primaryImageOfPage":{"@id":"https:\/\/cyclingpro.net\/spaziociclismo\/presentazione-corse\/analisi-percorso-tour-de-france-2025-inizio-con-tante-insidie-poi-i-pirenei-il-mont-ventoux-le-alpi-e-il-gran-finale-parigino-con-lo-strappo-di-montmartre\/#primaryimage"},"image":{"@id":"https:\/\/cyclingpro.net\/spaziociclismo\/presentazione-corse\/analisi-percorso-tour-de-france-2025-inizio-con-tante-insidie-poi-i-pirenei-il-mont-ventoux-le-alpi-e-il-gran-finale-parigino-con-lo-strappo-di-montmartre\/#primaryimage"},"thumbnailUrl":"https:\/\/cyclingpro.net\/spaziociclismo\/wp-content\/uploads\/2025\/07\/cartina-generale-tour-2025-scaled.jpg","datePublished":"2025-07-01T12:00:05+00:00","dateModified":"2025-07-01T12:13:11+00:00","breadcrumb":{"@id":"https:\/\/cyclingpro.net\/spaziociclismo\/presentazione-corse\/analisi-percorso-tour-de-france-2025-inizio-con-tante-insidie-poi-i-pirenei-il-mont-ventoux-le-alpi-e-il-gran-finale-parigino-con-lo-strappo-di-montmartre\/#breadcrumb"},"inLanguage":"it-IT","potentialAction":[{"@type":"ReadAction","target":["https:\/\/cyclingpro.net\/spaziociclismo\/presentazione-corse\/analisi-percorso-tour-de-france-2025-inizio-con-tante-insidie-poi-i-pirenei-il-mont-ventoux-le-alpi-e-il-gran-finale-parigino-con-lo-strappo-di-montmartre\/"]}]},{"@type":"ImageObject","inLanguage":"it-IT","@id":"https:\/\/cyclingpro.net\/spaziociclismo\/presentazione-corse\/analisi-percorso-tour-de-france-2025-inizio-con-tante-insidie-poi-i-pirenei-il-mont-ventoux-le-alpi-e-il-gran-finale-parigino-con-lo-strappo-di-montmartre\/#primaryimage","url":"https:\/\/cyclingpro.net\/spaziociclismo\/wp-content\/uploads\/2025\/07\/cartina-generale-tour-2025-scaled.jpg","contentUrl":"https:\/\/cyclingpro.net\/spaziociclismo\/wp-content\/uploads\/2025\/07\/cartina-generale-tour-2025-scaled.jpg","width":2231,"height":2560},{"@type":"BreadcrumbList","@id":"https:\/\/cyclingpro.net\/spaziociclismo\/presentazione-corse\/analisi-percorso-tour-de-france-2025-inizio-con-tante-insidie-poi-i-pirenei-il-mont-ventoux-le-alpi-e-il-gran-finale-parigino-con-lo-strappo-di-montmartre\/#breadcrumb","itemListElement":[{"@type":"ListItem","position":1,"name":"Home","item":"https:\/\/cyclingpro.net\/spaziociclismo\/"},{"@type":"ListItem","position":2,"name":"Analisi Percorso Tour de France 2025: inizio con tante insidie, poi i Pirenei, il Mont Ventoux, le Alpi e il gran finale parigino con lo strappo di Montmartre"}]},{"@type":"WebSite","@id":"https:\/\/cyclingpro.net\/spaziociclismo\/#website","url":"https:\/\/cyclingpro.net\/spaziociclismo\/","name":"SpazioCiclismo","description":"Tutto il ciclismo minuto per minuto","publisher":{"@id":"https:\/\/cyclingpro.net\/spaziociclismo\/#organization"},"potentialAction":[{"@type":"SearchAction","target":{"@type":"EntryPoint","urlTemplate":"https:\/\/cyclingpro.net\/spaziociclismo\/?s={search_term_string}"},"query-input":{"@type":"PropertyValueSpecification","valueRequired":true,"valueName":"search_term_string"}}],"inLanguage":"it-IT"},{"@type":"Organization","@id":"https:\/\/cyclingpro.net\/spaziociclismo\/#organization","name":"SpazioCiclismo","url":"https:\/\/cyclingpro.net\/spaziociclismo\/","logo":{"@type":"ImageObject","inLanguage":"it-IT","@id":"https:\/\/cyclingpro.net\/spaziociclismo\/#\/schema\/logo\/image\/","url":"https:\/\/cyclingpro.net\/spaziociclismo\/wp-content\/uploads\/2017\/02\/SpazioCiclismo-Logo-Quadrato.png","contentUrl":"https:\/\/cyclingpro.net\/spaziociclismo\/wp-content\/uploads\/2017\/02\/SpazioCiclismo-Logo-Quadrato.png","width":450,"height":450,"caption":"SpazioCiclismo"},"image":{"@id":"https:\/\/cyclingpro.net\/spaziociclismo\/#\/schema\/logo\/image\/"},"sameAs":["https:\/\/www.facebook.com\/SpazioCiclismo\/","https:\/\/x.com\/spaziociclismo","https:\/\/www.instagram.com\/spaziociclismo\/"]},{"@type":"Person","@id":"https:\/\/cyclingpro.net\/spaziociclismo\/#\/schema\/person\/627dbc08c9712c25304b059bbb765de8","name":"Francesco Mitola","image":{"@type":"ImageObject","inLanguage":"it-IT","@id":"https:\/\/secure.gravatar.com\/avatar\/dc58a640368550cd17129d2ff185eec5cb2821b7c3403fc06dcaca847ae762d3?s=96&d=mm&r=g","url":"https:\/\/secure.gravatar.com\/avatar\/dc58a640368550cd17129d2ff185eec5cb2821b7c3403fc06dcaca847ae762d3?s=96&d=mm&r=g","contentUrl":"https:\/\/secure.gravatar.com\/avatar\/dc58a640368550cd17129d2ff185eec5cb2821b7c3403fc06dcaca847ae762d3?s=96&d=mm&r=g","caption":"Francesco Mitola"},"url":"https:\/\/cyclingpro.net\/spaziociclismo\/author\/fmitola\/"}]}},"_links":{"self":[{"href":"https:\/\/cyclingpro.net\/spaziociclismo\/wp-json\/wp\/v2\/posts\/339265","targetHints":{"allow":["GET"]}}],"collection":[{"href":"https:\/\/cyclingpro.net\/spaziociclismo\/wp-json\/wp\/v2\/posts"}],"about":[{"href":"https:\/\/cyclingpro.net\/spaziociclismo\/wp-json\/wp\/v2\/types\/post"}],"author":[{"embeddable":true,"href":"https:\/\/cyclingpro.net\/spaziociclismo\/wp-json\/wp\/v2\/users\/25"}],"replies":[{"embeddable":true,"href":"https:\/\/cyclingpro.net\/spaziociclismo\/wp-json\/wp\/v2\/comments?post=339265"}],"version-history":[{"count":5,"href":"https:\/\/cyclingpro.net\/spaziociclismo\/wp-json\/wp\/v2\/posts\/339265\/revisions"}],"predecessor-version":[{"id":339280,"href":"https:\/\/cyclingpro.net\/spaziociclismo\/wp-json\/wp\/v2\/posts\/339265\/revisions\/339280"}],"wp:featuredmedia":[{"embeddable":true,"href":"https:\/\/cyclingpro.net\/spaziociclismo\/wp-json\/wp\/v2\/media\/339266"}],"wp:attachment":[{"href":"https:\/\/cyclingpro.net\/spaziociclismo\/wp-json\/wp\/v2\/media?parent=339265"}],"wp:term":[{"taxonomy":"category","embeddable":true,"href":"https:\/\/cyclingpro.net\/spaziociclismo\/wp-json\/wp\/v2\/categories?post=339265"},{"taxonomy":"post_tag","embeddable":true,"href":"https:\/\/cyclingpro.net\/spaziociclismo\/wp-json\/wp\/v2\/tags?post=339265"}],"curies":[{"name":"wp","href":"https:\/\/api.w.org\/{rel}","templated":true}]}}