{"id":337423,"date":"2025-06-22T17:00:09","date_gmt":"2025-06-22T15:00:09","guid":{"rendered":"https:\/\/cyclingpro.net\/spaziociclismo\/?p=337423"},"modified":"2025-06-23T10:24:03","modified_gmt":"2025-06-23T08:24:03","slug":"giro-di-svizzera-2025-classifica-big","status":"publish","type":"post","link":"https:\/\/cyclingpro.net\/spaziociclismo\/worldtour\/giro-di-svizzera-2025-classifica-big\/","title":{"rendered":"Giro di Svizzera 2025, la classifica big: Jo\u00e3o Almeida completa la rimonta nella crono finale!"},"content":{"rendered":"<p>La prima giornata del <strong>Giro di Svizzera 2025<\/strong> regala subito emozioni e sorprese. Una fuga bidone crea da subito una classifica molto particolare, con molti corridori che si prendono un margine non indifferente sui grandi favoriti della corsa. Il vincitore <strong>Romain Gr\u00e9goire<\/strong> (Groupama-FDJ) parte infatti con un tesoretto di 3&#8217;22&#8221; sui pretedenti al successo finale, ma nel mezzo ci sono anche uomini di spessore, fra i quali spicca <strong>Ben O&#8217;Connor<\/strong> (Team Jayco-AlUla), a 1&#8217;17&#8221; dal vincitore, assieme a <strong>Lennard K\u00e4mna<\/strong> (Lidl-Trek), ma attenzione potenzialmente anche a <strong>K\u00e9vin Vauquelin<\/strong> (Ark\u00e9a-B&amp;B Hotels), che parte da un vantaggio ancor pi\u00f9 consistente essendo secondo a 24&#8243;.<\/p>\n<p>Sostanzialmente tutto invariato al termine della seconda frazione, con Gr\u00e9goire che si prende un altro secondo con gli abbuoni, ma per il resto i distacchi non cambiano visto che il gruppo arriva in gran parte compatto al traguardo. Comincia a sfoltirsi invece la classifica dopo la terza frazione, che vede gran parte dei fuggitivi del primo giorno restare davanti ai big, ma alcuni iniziano a perdere terreno, oppure sono gi\u00e0 dietro. 4\u00b0 di giornata, Romain Gregoire resta ancora davanti a tutti e nella top 10 si registrano pochi cambiamenti, fra i quali l&#8217;ingresso di <strong>Lorenzo Fortunato<\/strong>, in decima. Da segnalare anche la seconda posizione di giornata di <strong>Joao Almeida<\/strong>, primo del gruppo, che gli consente di guadagnare sei secondi di abbuono, mentre quattro li recupera <strong>Oscar Onley<\/strong>, battuto allo sprint dal portoghese.<\/p>\n<p>L&#8217;attesa tappa del Passo dello Spluga non tradisce le attese e la classifica prende una nuova forma grazie alla azione dalla distanza di <strong>Joao Almeida<\/strong>, che prova a riaprire i giochi. Il portoghese si impone in solitaria e recupera pi\u00f9 di un minuto alla Maglia Oro <strong>Romain Gregoire<\/strong>, che conserva la leadership arrivando nel secondo gruppetto di inseguitori assieme a <strong>K\u00e9vin Vauquelin<\/strong>, <strong>Julian Alaphilippe<\/strong>, <strong>Lennard K\u00e4mna<\/strong> e <strong>Pablo Castrillo<\/strong>, altri reduci della maxi-fuga del primo giorno, sui quali guadagnano una ventina di secondi anche <strong>Ben O&#8217;Connor<\/strong>, che sale cos\u00ec in quarta posizione, e <strong>Oscar Onley<\/strong>, che si avvicina cos\u00ec a sua volta.<\/p>\n<p>La quinta frazione porta ad ulteriori cambiamenti visto che Romain Gregoire deve cedere lo scettro. Distanziato sin dalla penultima salita del giorno, il francese esce di classifica a vantaggio dei connazionali K\u00e9vin Vauquelin e Julian Alaphilippe, che stringono i denti nell&#8217;ultimo GPM e contengono il ritardo da uno scatenato Joao Almeida, che con il suo consueto stile in salita stacca quasi tutti, ad eccezione di Oscar Onley che poi lo supera sul traguardo. La nuova Maglia Oro Vauquelin \u00e8 cos\u00ec primo per 29 secondi su Alaphilippe e 39 su Almeida, con Onley quarto a 1&#8217;21&#8221;. A sorpresa cede Ben O&#8217;Connor, sesto a 2&#8217;16&#8221;, mentre tra i migliori del giorno anche Felix Gall, ora settimo a 2&#8217;20&#8221;.<\/p>\n<p>La settima tappa vede un nuovo successo di Jo\u00e3o Almeida, che regola in volata ristretta un quintetto di favoriti riuscendo cos\u00ec a rosicchiare sei secondi al leader K\u00e9vin Vauquelin, terzo di giornata alle spalle anche di Oscar Onley dopo aver cercato di anticipare lo sprint. Qualche secondo di ritardo invece per Julian Alaphilippe, che perde la seconda posizione a vantaggio del portoghese, che affronter\u00e0 la crono finale con 33 secondi di ritardo dal leader. Con i migliori ache Felix Gall, che guadagna cos\u00ec due posti e sale in Top5.<\/p>\n<p>Jo\u00e3o Almeida finalizza la sua rimonta nella crono finale, dominata con un ritmo impressionante che vede il solo Felix Gall contenere a meno di un minuto. Quarto di giornata a 1&#8217;40&#8221;, K\u00e9vin Vauquelin fa del suo meglio ma \u00e8 costretto a cedere la sua prima posizione mentre il podio finale \u00e8 completato da Oscar Onley, che con il terzo tempo nei 10,1 chilometri in programma scavalca nettamente Julian Alaphilippe, in difficolt\u00e0 in un esercizio che non prepara di certo da tempo, venendo cos\u00ec superato anche da Gall.<\/p>\n<h2>Classifica Big Giro di Svizzera 2025<\/h2>\n<table style=\"width: 100%;\">\n<tbody>\n<tr>\n<td style=\"width: 4.26497%;\" width=\"86\">1<\/td>\n<td style=\"width: 86.2976%;\" width=\"262\">Jo\u00e3o Almeida<\/td>\n<td style=\"width: 9.25587%;\" width=\"86\">29:29:01.00<\/td>\n<\/tr>\n<tr>\n<td style=\"width: 4.26497%;\">2<\/td>\n<td style=\"width: 86.2976%;\">K\u00e9vin Vauquelin<\/td>\n<td style=\"width: 9.25587%;\">+1:07<\/td>\n<\/tr>\n<tr>\n<td style=\"width: 4.26497%;\">3<\/td>\n<td style=\"width: 86.2976%;\">Oscar Onley<\/td>\n<td style=\"width: 9.25587%;\">+1:58<\/td>\n<\/tr>\n<tr>\n<td style=\"width: 4.26497%;\">4<\/td>\n<td style=\"width: 86.2976%;\">Felix Gall<\/td>\n<td style=\"width: 9.25587%;\">+2:20<\/td>\n<\/tr>\n<tr>\n<td style=\"width: 4.26497%;\">5<\/td>\n<td style=\"width: 86.2976%;\">Julian Alaphilippe<\/td>\n<td style=\"width: 9.25587%;\">+3:57<\/td>\n<\/tr>\n<tr>\n<td style=\"width: 4.26497%;\">6<\/td>\n<td style=\"width: 86.2976%;\">Lennard K\u00e4mna<\/td>\n<td style=\"width: 9.25587%;\">+4:52<\/td>\n<\/tr>\n<tr>\n<td style=\"width: 4.26497%;\">7<\/td>\n<td style=\"width: 86.2976%;\">Ben O&#8217;Connor<\/td>\n<td style=\"width: 9.25587%;\">+5:08<\/td>\n<\/tr>\n<tr>\n<td style=\"width: 4.26497%;\">8<\/td>\n<td style=\"width: 86.2976%;\">Ilan Van Wilder<\/td>\n<td style=\"width: 9.25587%;\">+6:16<\/td>\n<\/tr>\n<tr>\n<td style=\"width: 4.26497%;\">9<\/td>\n<td style=\"width: 86.2976%;\">Pablo Castrillo<\/td>\n<td style=\"width: 9.25587%;\">+6:41<\/td>\n<\/tr>\n<tr>\n<td style=\"width: 4.26497%;\">10<\/td>\n<td style=\"width: 86.2976%;\">Cl\u00e9ment Champoussin<\/td>\n<td style=\"width: 9.25587%;\">+8:30<\/td>\n<\/tr>\n<tr>\n<td style=\"width: 4.26497%;\">11<\/td>\n<td style=\"width: 86.2976%;\">Felix Grossschartner<\/td>\n<td style=\"width: 9.25587%;\">+8:45<\/td>\n<\/tr>\n<tr>\n<td style=\"width: 4.26497%;\">12<\/td>\n<td style=\"width: 86.2976%;\">William Barta<\/td>\n<td style=\"width: 9.25587%;\">+9:27<\/td>\n<\/tr>\n<tr>\n<td style=\"width: 4.26497%;\">13<\/td>\n<td style=\"width: 86.2976%;\">Finlay Pickering<\/td>\n<td style=\"width: 9.25587%;\">+12:58<\/td>\n<\/tr>\n<tr>\n<td style=\"width: 4.26497%;\">14<\/td>\n<td style=\"width: 86.2976%;\">George Bennett<\/td>\n<td style=\"width: 9.25587%;\">+13:56<\/td>\n<\/tr>\n<tr>\n<td style=\"width: 4.26497%;\">15<\/td>\n<td style=\"width: 86.2976%;\">Georg Zimmermann<\/td>\n<td style=\"width: 9.25587%;\">+14:18<\/td>\n<\/tr>\n<tr>\n<td style=\"width: 4.26497%;\">16<\/td>\n<td style=\"width: 86.2976%;\">Warren Barguil<\/td>\n<td style=\"width: 9.25587%;\">+16:23<\/td>\n<\/tr>\n<tr>\n<td style=\"width: 4.26497%;\">17<\/td>\n<td style=\"width: 86.2976%;\">Romain Gregoire<\/td>\n<td style=\"width: 9.25587%;\">+16:41<\/td>\n<\/tr>\n<tr>\n<td style=\"width: 4.26497%;\">18<\/td>\n<td style=\"width: 86.2976%;\">Eduardo Sepulveda<\/td>\n<td style=\"width: 9.25587%;\">+17:40<\/td>\n<\/tr>\n<tr>\n<td style=\"width: 4.26497%;\">19<\/td>\n<td style=\"width: 86.2976%;\">Joseph Blackmore<\/td>\n<td style=\"width: 9.25587%;\">+20:00<\/td>\n<\/tr>\n<tr>\n<td style=\"width: 4.26497%;\">20<\/td>\n<td style=\"width: 86.2976%;\">Bart Lemmen<\/td>\n<td style=\"width: 9.25587%;\">+20:24<\/td>\n<\/tr>\n<tr>\n<td style=\"width: 4.26497%;\">21<\/td>\n<td style=\"width: 86.2976%;\">Aleksandr Vlasov<\/td>\n<td style=\"width: 9.25587%;\">+28:14<\/td>\n<\/tr>\n<tr>\n<td style=\"width: 4.26497%;\">25<\/td>\n<td style=\"width: 86.2976%;\">Tao Geoghegan Hart<\/td>\n<td style=\"width: 9.25587%;\">+35:17<\/td>\n<\/tr>\n<tr>\n<td style=\"width: 4.26497%;\">36<\/td>\n<td style=\"width: 86.2976%;\">Juan Pedro Lopez<\/td>\n<td style=\"width: 9.25587%;\">+48:59<\/td>\n<\/tr>\n<tr>\n<td style=\"width: 4.26497%;\">38<\/td>\n<td style=\"width: 86.2976%;\">Neilson Powless<\/td>\n<td style=\"width: 9.25587%;\">+49:36<\/td>\n<\/tr>\n<tr>\n<td style=\"width: 4.26497%;\">47<\/td>\n<td style=\"width: 86.2976%;\">Rainer Kepplinger<\/td>\n<td style=\"width: 9.25587%;\">+57:55<\/td>\n<\/tr>\n<tr>\n<td style=\"width: 4.26497%;\">48<\/td>\n<td style=\"width: 86.2976%;\">Lorenzo Fortunato<\/td>\n<td style=\"width: 9.25587%;\">+59:04<\/td>\n<\/tr>\n<tr>\n<td style=\"width: 4.26497%;\">50<\/td>\n<td style=\"width: 86.2976%;\">Nairo Quintana<\/td>\n<td style=\"width: 9.25587%;\">+59:29<\/td>\n<\/tr>\n<tr>\n<td style=\"width: 4.26497%;\">52<\/td>\n<td style=\"width: 86.2976%;\">Ion Izaguirre<\/td>\n<td style=\"width: 9.25587%;\">+1:01:33<\/td>\n<\/tr>\n<tr>\n<td style=\"width: 4.26497%;\">57<\/td>\n<td style=\"width: 86.2976%;\">Pello Bilbao<\/td>\n<td style=\"width: 9.25587%;\">+1:04:59<\/td>\n<\/tr>\n<tr>\n<td style=\"width: 4.26497%;\">99<\/td>\n<td style=\"width: 86.2976%;\">Chris Froome<\/td>\n<td style=\"width: 9.25587%;\">+1:39:17<\/td>\n<\/tr>\n<\/tbody>\n<\/table>\n","protected":false},"excerpt":{"rendered":"<p>La prima giornata del Giro di Svizzera 2025 regala subito emozioni e sorprese #tourdesuisse #tds2025<\/p>\n","protected":false},"author":2,"featured_media":256239,"comment_status":"open","ping_status":"closed","sticky":false,"template":"","format":"standard","meta":{"footnotes":""},"categories":[25],"tags":[5802],"class_list":["post-337423","post","type-post","status-publish","format-standard","has-post-thumbnail","hentry","category-worldtour","tag-giro-di-svizzera-2025"],"yoast_head":"<!-- This site is optimized with the Yoast SEO plugin v27.4 - https:\/\/yoast.com\/product\/yoast-seo-wordpress\/ -->\n<title>Giro di Svizzera 2025, la classifica big: Jo\u00e3o Almeida completa la rimonta nella crono finale! - SpazioCiclismo<\/title>\n<meta name=\"robots\" content=\"index, follow, max-snippet:-1, max-image-preview:large, max-video-preview:-1\" \/>\n<link rel=\"canonical\" href=\"https:\/\/cyclingpro.net\/spaziociclismo\/worldtour\/giro-di-svizzera-2025-classifica-big\/\" \/>\n<meta property=\"og:locale\" content=\"it_IT\" \/>\n<meta property=\"og:type\" content=\"article\" \/>\n<meta property=\"og:title\" content=\"Giro di Svizzera 2025, la classifica big: Jo\u00e3o Almeida completa la rimonta nella crono finale! - SpazioCiclismo\" \/>\n<meta property=\"og:description\" content=\"La prima giornata del Giro di Svizzera 2025 regala subito emozioni e sorprese #tourdesuisse #tds2025\" \/>\n<meta property=\"og:url\" content=\"https:\/\/cyclingpro.net\/spaziociclismo\/worldtour\/giro-di-svizzera-2025-classifica-big\/\" \/>\n<meta property=\"og:site_name\" content=\"SpazioCiclismo\" \/>\n<meta property=\"article:publisher\" content=\"https:\/\/www.facebook.com\/SpazioCiclismo\/\" \/>\n<meta property=\"article:published_time\" content=\"2025-06-22T15:00:09+00:00\" \/>\n<meta property=\"article:modified_time\" content=\"2025-06-23T08:24:03+00:00\" \/>\n<meta property=\"og:image\" content=\"https:\/\/cyclingpro.net\/spaziociclismo\/wp-content\/uploads\/2023\/06\/Gruppo-Giro-di-Svizzera-2023.jpg\" \/>\n\t<meta property=\"og:image:width\" content=\"1200\" \/>\n\t<meta property=\"og:image:height\" content=\"800\" \/>\n\t<meta property=\"og:image:type\" content=\"image\/jpeg\" \/>\n<meta name=\"author\" content=\"Redazione SpazioCiclismo\" \/>\n<meta name=\"twitter:card\" content=\"summary_large_image\" \/>\n<meta name=\"twitter:creator\" content=\"@spaziociclismo\" \/>\n<meta name=\"twitter:site\" content=\"@spaziociclismo\" \/>\n<meta name=\"twitter:label1\" content=\"Scritto da\" \/>\n\t<meta name=\"twitter:data1\" content=\"Redazione SpazioCiclismo\" \/>\n\t<meta name=\"twitter:label2\" content=\"Tempo di lettura stimato\" \/>\n\t<meta name=\"twitter:data2\" content=\"5 minuti\" \/>\n<script type=\"application\/ld+json\" class=\"yoast-schema-graph\">{\"@context\":\"https:\\\/\\\/schema.org\",\"@graph\":[{\"@type\":\"Article\",\"@id\":\"https:\\\/\\\/cyclingpro.net\\\/spaziociclismo\\\/worldtour\\\/giro-di-svizzera-2025-classifica-big\\\/#article\",\"isPartOf\":{\"@id\":\"https:\\\/\\\/cyclingpro.net\\\/spaziociclismo\\\/worldtour\\\/giro-di-svizzera-2025-classifica-big\\\/\"},\"author\":{\"name\":\"Redazione SpazioCiclismo\",\"@id\":\"https:\\\/\\\/cyclingpro.net\\\/spaziociclismo\\\/#\\\/schema\\\/person\\\/f104b5d2588ef53ce9f1b43295c352e1\"},\"headline\":\"Giro di Svizzera 2025, la classifica big: Jo\u00e3o Almeida completa la rimonta nella crono finale!\",\"datePublished\":\"2025-06-22T15:00:09+00:00\",\"dateModified\":\"2025-06-23T08:24:03+00:00\",\"mainEntityOfPage\":{\"@id\":\"https:\\\/\\\/cyclingpro.net\\\/spaziociclismo\\\/worldtour\\\/giro-di-svizzera-2025-classifica-big\\\/\"},\"wordCount\":719,\"commentCount\":0,\"publisher\":{\"@id\":\"https:\\\/\\\/cyclingpro.net\\\/spaziociclismo\\\/#organization\"},\"image\":{\"@id\":\"https:\\\/\\\/cyclingpro.net\\\/spaziociclismo\\\/worldtour\\\/giro-di-svizzera-2025-classifica-big\\\/#primaryimage\"},\"thumbnailUrl\":\"https:\\\/\\\/cyclingpro.net\\\/spaziociclismo\\\/wp-content\\\/uploads\\\/2023\\\/06\\\/Gruppo-Giro-di-Svizzera-2023.jpg\",\"keywords\":[\"Giro di Svizzera 2025\"],\"articleSection\":[\"WorldTour\"],\"inLanguage\":\"it-IT\",\"potentialAction\":[{\"@type\":\"CommentAction\",\"name\":\"Comment\",\"target\":[\"https:\\\/\\\/cyclingpro.net\\\/spaziociclismo\\\/worldtour\\\/giro-di-svizzera-2025-classifica-big\\\/#respond\"]}]},{\"@type\":\"WebPage\",\"@id\":\"https:\\\/\\\/cyclingpro.net\\\/spaziociclismo\\\/worldtour\\\/giro-di-svizzera-2025-classifica-big\\\/\",\"url\":\"https:\\\/\\\/cyclingpro.net\\\/spaziociclismo\\\/worldtour\\\/giro-di-svizzera-2025-classifica-big\\\/\",\"name\":\"Giro di Svizzera 2025, la classifica big: Jo\u00e3o Almeida completa la rimonta nella crono finale! - SpazioCiclismo\",\"isPartOf\":{\"@id\":\"https:\\\/\\\/cyclingpro.net\\\/spaziociclismo\\\/#website\"},\"primaryImageOfPage\":{\"@id\":\"https:\\\/\\\/cyclingpro.net\\\/spaziociclismo\\\/worldtour\\\/giro-di-svizzera-2025-classifica-big\\\/#primaryimage\"},\"image\":{\"@id\":\"https:\\\/\\\/cyclingpro.net\\\/spaziociclismo\\\/worldtour\\\/giro-di-svizzera-2025-classifica-big\\\/#primaryimage\"},\"thumbnailUrl\":\"https:\\\/\\\/cyclingpro.net\\\/spaziociclismo\\\/wp-content\\\/uploads\\\/2023\\\/06\\\/Gruppo-Giro-di-Svizzera-2023.jpg\",\"datePublished\":\"2025-06-22T15:00:09+00:00\",\"dateModified\":\"2025-06-23T08:24:03+00:00\",\"breadcrumb\":{\"@id\":\"https:\\\/\\\/cyclingpro.net\\\/spaziociclismo\\\/worldtour\\\/giro-di-svizzera-2025-classifica-big\\\/#breadcrumb\"},\"inLanguage\":\"it-IT\",\"potentialAction\":[{\"@type\":\"ReadAction\",\"target\":[\"https:\\\/\\\/cyclingpro.net\\\/spaziociclismo\\\/worldtour\\\/giro-di-svizzera-2025-classifica-big\\\/\"]}]},{\"@type\":\"ImageObject\",\"inLanguage\":\"it-IT\",\"@id\":\"https:\\\/\\\/cyclingpro.net\\\/spaziociclismo\\\/worldtour\\\/giro-di-svizzera-2025-classifica-big\\\/#primaryimage\",\"url\":\"https:\\\/\\\/cyclingpro.net\\\/spaziociclismo\\\/wp-content\\\/uploads\\\/2023\\\/06\\\/Gruppo-Giro-di-Svizzera-2023.jpg\",\"contentUrl\":\"https:\\\/\\\/cyclingpro.net\\\/spaziociclismo\\\/wp-content\\\/uploads\\\/2023\\\/06\\\/Gruppo-Giro-di-Svizzera-2023.jpg\",\"width\":1200,\"height\":800,\"caption\":\"\u00a9 Buchli Photography | Sam Buchli\"},{\"@type\":\"BreadcrumbList\",\"@id\":\"https:\\\/\\\/cyclingpro.net\\\/spaziociclismo\\\/worldtour\\\/giro-di-svizzera-2025-classifica-big\\\/#breadcrumb\",\"itemListElement\":[{\"@type\":\"ListItem\",\"position\":1,\"name\":\"Home\",\"item\":\"https:\\\/\\\/cyclingpro.net\\\/spaziociclismo\\\/\"},{\"@type\":\"ListItem\",\"position\":2,\"name\":\"Giro di Svizzera 2025, la classifica big: Jo\u00e3o Almeida completa la rimonta nella crono finale!\"}]},{\"@type\":\"WebSite\",\"@id\":\"https:\\\/\\\/cyclingpro.net\\\/spaziociclismo\\\/#website\",\"url\":\"https:\\\/\\\/cyclingpro.net\\\/spaziociclismo\\\/\",\"name\":\"SpazioCiclismo\",\"description\":\"Tutto il ciclismo minuto per minuto\",\"publisher\":{\"@id\":\"https:\\\/\\\/cyclingpro.net\\\/spaziociclismo\\\/#organization\"},\"potentialAction\":[{\"@type\":\"SearchAction\",\"target\":{\"@type\":\"EntryPoint\",\"urlTemplate\":\"https:\\\/\\\/cyclingpro.net\\\/spaziociclismo\\\/?s={search_term_string}\"},\"query-input\":{\"@type\":\"PropertyValueSpecification\",\"valueRequired\":true,\"valueName\":\"search_term_string\"}}],\"inLanguage\":\"it-IT\"},{\"@type\":\"Organization\",\"@id\":\"https:\\\/\\\/cyclingpro.net\\\/spaziociclismo\\\/#organization\",\"name\":\"SpazioCiclismo\",\"url\":\"https:\\\/\\\/cyclingpro.net\\\/spaziociclismo\\\/\",\"logo\":{\"@type\":\"ImageObject\",\"inLanguage\":\"it-IT\",\"@id\":\"https:\\\/\\\/cyclingpro.net\\\/spaziociclismo\\\/#\\\/schema\\\/logo\\\/image\\\/\",\"url\":\"https:\\\/\\\/cyclingpro.net\\\/spaziociclismo\\\/wp-content\\\/uploads\\\/2017\\\/02\\\/SpazioCiclismo-Logo-Quadrato.png\",\"contentUrl\":\"https:\\\/\\\/cyclingpro.net\\\/spaziociclismo\\\/wp-content\\\/uploads\\\/2017\\\/02\\\/SpazioCiclismo-Logo-Quadrato.png\",\"width\":450,\"height\":450,\"caption\":\"SpazioCiclismo\"},\"image\":{\"@id\":\"https:\\\/\\\/cyclingpro.net\\\/spaziociclismo\\\/#\\\/schema\\\/logo\\\/image\\\/\"},\"sameAs\":[\"https:\\\/\\\/www.facebook.com\\\/SpazioCiclismo\\\/\",\"https:\\\/\\\/x.com\\\/spaziociclismo\",\"https:\\\/\\\/www.instagram.com\\\/spaziociclismo\\\/\"]},{\"@type\":\"Person\",\"@id\":\"https:\\\/\\\/cyclingpro.net\\\/spaziociclismo\\\/#\\\/schema\\\/person\\\/f104b5d2588ef53ce9f1b43295c352e1\",\"name\":\"Redazione SpazioCiclismo\",\"image\":{\"@type\":\"ImageObject\",\"inLanguage\":\"it-IT\",\"@id\":\"https:\\\/\\\/secure.gravatar.com\\\/avatar\\\/f1cae17b9ecd38864463422521239d4a656d6b657478a63e445df7b8ebc2b81c?s=96&d=mm&r=g\",\"url\":\"https:\\\/\\\/secure.gravatar.com\\\/avatar\\\/f1cae17b9ecd38864463422521239d4a656d6b657478a63e445df7b8ebc2b81c?s=96&d=mm&r=g\",\"contentUrl\":\"https:\\\/\\\/secure.gravatar.com\\\/avatar\\\/f1cae17b9ecd38864463422521239d4a656d6b657478a63e445df7b8ebc2b81c?s=96&d=mm&r=g\",\"caption\":\"Redazione SpazioCiclismo\"},\"url\":\"https:\\\/\\\/cyclingpro.net\\\/spaziociclismo\\\/author\\\/wptstmssc\\\/\"}]}<\/script>\n<!-- \/ Yoast SEO plugin. -->","yoast_head_json":{"title":"Giro di Svizzera 2025, la classifica big: Jo\u00e3o Almeida completa la rimonta nella crono finale! - SpazioCiclismo","robots":{"index":"index","follow":"follow","max-snippet":"max-snippet:-1","max-image-preview":"max-image-preview:large","max-video-preview":"max-video-preview:-1"},"canonical":"https:\/\/cyclingpro.net\/spaziociclismo\/worldtour\/giro-di-svizzera-2025-classifica-big\/","og_locale":"it_IT","og_type":"article","og_title":"Giro di Svizzera 2025, la classifica big: Jo\u00e3o Almeida completa la rimonta nella crono finale! - SpazioCiclismo","og_description":"La prima giornata del Giro di Svizzera 2025 regala subito emozioni e sorprese #tourdesuisse #tds2025","og_url":"https:\/\/cyclingpro.net\/spaziociclismo\/worldtour\/giro-di-svizzera-2025-classifica-big\/","og_site_name":"SpazioCiclismo","article_publisher":"https:\/\/www.facebook.com\/SpazioCiclismo\/","article_published_time":"2025-06-22T15:00:09+00:00","article_modified_time":"2025-06-23T08:24:03+00:00","og_image":[{"width":1200,"height":800,"url":"https:\/\/cyclingpro.net\/spaziociclismo\/wp-content\/uploads\/2023\/06\/Gruppo-Giro-di-Svizzera-2023.jpg","type":"image\/jpeg"}],"author":"Redazione SpazioCiclismo","twitter_card":"summary_large_image","twitter_creator":"@spaziociclismo","twitter_site":"@spaziociclismo","twitter_misc":{"Scritto da":"Redazione SpazioCiclismo","Tempo di lettura stimato":"5 minuti"},"schema":{"@context":"https:\/\/schema.org","@graph":[{"@type":"Article","@id":"https:\/\/cyclingpro.net\/spaziociclismo\/worldtour\/giro-di-svizzera-2025-classifica-big\/#article","isPartOf":{"@id":"https:\/\/cyclingpro.net\/spaziociclismo\/worldtour\/giro-di-svizzera-2025-classifica-big\/"},"author":{"name":"Redazione SpazioCiclismo","@id":"https:\/\/cyclingpro.net\/spaziociclismo\/#\/schema\/person\/f104b5d2588ef53ce9f1b43295c352e1"},"headline":"Giro di Svizzera 2025, la classifica big: Jo\u00e3o Almeida completa la rimonta nella crono finale!","datePublished":"2025-06-22T15:00:09+00:00","dateModified":"2025-06-23T08:24:03+00:00","mainEntityOfPage":{"@id":"https:\/\/cyclingpro.net\/spaziociclismo\/worldtour\/giro-di-svizzera-2025-classifica-big\/"},"wordCount":719,"commentCount":0,"publisher":{"@id":"https:\/\/cyclingpro.net\/spaziociclismo\/#organization"},"image":{"@id":"https:\/\/cyclingpro.net\/spaziociclismo\/worldtour\/giro-di-svizzera-2025-classifica-big\/#primaryimage"},"thumbnailUrl":"https:\/\/cyclingpro.net\/spaziociclismo\/wp-content\/uploads\/2023\/06\/Gruppo-Giro-di-Svizzera-2023.jpg","keywords":["Giro di Svizzera 2025"],"articleSection":["WorldTour"],"inLanguage":"it-IT","potentialAction":[{"@type":"CommentAction","name":"Comment","target":["https:\/\/cyclingpro.net\/spaziociclismo\/worldtour\/giro-di-svizzera-2025-classifica-big\/#respond"]}]},{"@type":"WebPage","@id":"https:\/\/cyclingpro.net\/spaziociclismo\/worldtour\/giro-di-svizzera-2025-classifica-big\/","url":"https:\/\/cyclingpro.net\/spaziociclismo\/worldtour\/giro-di-svizzera-2025-classifica-big\/","name":"Giro di Svizzera 2025, la classifica big: Jo\u00e3o Almeida completa la rimonta nella crono finale! - SpazioCiclismo","isPartOf":{"@id":"https:\/\/cyclingpro.net\/spaziociclismo\/#website"},"primaryImageOfPage":{"@id":"https:\/\/cyclingpro.net\/spaziociclismo\/worldtour\/giro-di-svizzera-2025-classifica-big\/#primaryimage"},"image":{"@id":"https:\/\/cyclingpro.net\/spaziociclismo\/worldtour\/giro-di-svizzera-2025-classifica-big\/#primaryimage"},"thumbnailUrl":"https:\/\/cyclingpro.net\/spaziociclismo\/wp-content\/uploads\/2023\/06\/Gruppo-Giro-di-Svizzera-2023.jpg","datePublished":"2025-06-22T15:00:09+00:00","dateModified":"2025-06-23T08:24:03+00:00","breadcrumb":{"@id":"https:\/\/cyclingpro.net\/spaziociclismo\/worldtour\/giro-di-svizzera-2025-classifica-big\/#breadcrumb"},"inLanguage":"it-IT","potentialAction":[{"@type":"ReadAction","target":["https:\/\/cyclingpro.net\/spaziociclismo\/worldtour\/giro-di-svizzera-2025-classifica-big\/"]}]},{"@type":"ImageObject","inLanguage":"it-IT","@id":"https:\/\/cyclingpro.net\/spaziociclismo\/worldtour\/giro-di-svizzera-2025-classifica-big\/#primaryimage","url":"https:\/\/cyclingpro.net\/spaziociclismo\/wp-content\/uploads\/2023\/06\/Gruppo-Giro-di-Svizzera-2023.jpg","contentUrl":"https:\/\/cyclingpro.net\/spaziociclismo\/wp-content\/uploads\/2023\/06\/Gruppo-Giro-di-Svizzera-2023.jpg","width":1200,"height":800,"caption":"\u00a9 Buchli Photography | Sam Buchli"},{"@type":"BreadcrumbList","@id":"https:\/\/cyclingpro.net\/spaziociclismo\/worldtour\/giro-di-svizzera-2025-classifica-big\/#breadcrumb","itemListElement":[{"@type":"ListItem","position":1,"name":"Home","item":"https:\/\/cyclingpro.net\/spaziociclismo\/"},{"@type":"ListItem","position":2,"name":"Giro di Svizzera 2025, la classifica big: Jo\u00e3o Almeida completa la rimonta nella crono finale!"}]},{"@type":"WebSite","@id":"https:\/\/cyclingpro.net\/spaziociclismo\/#website","url":"https:\/\/cyclingpro.net\/spaziociclismo\/","name":"SpazioCiclismo","description":"Tutto il ciclismo minuto per minuto","publisher":{"@id":"https:\/\/cyclingpro.net\/spaziociclismo\/#organization"},"potentialAction":[{"@type":"SearchAction","target":{"@type":"EntryPoint","urlTemplate":"https:\/\/cyclingpro.net\/spaziociclismo\/?s={search_term_string}"},"query-input":{"@type":"PropertyValueSpecification","valueRequired":true,"valueName":"search_term_string"}}],"inLanguage":"it-IT"},{"@type":"Organization","@id":"https:\/\/cyclingpro.net\/spaziociclismo\/#organization","name":"SpazioCiclismo","url":"https:\/\/cyclingpro.net\/spaziociclismo\/","logo":{"@type":"ImageObject","inLanguage":"it-IT","@id":"https:\/\/cyclingpro.net\/spaziociclismo\/#\/schema\/logo\/image\/","url":"https:\/\/cyclingpro.net\/spaziociclismo\/wp-content\/uploads\/2017\/02\/SpazioCiclismo-Logo-Quadrato.png","contentUrl":"https:\/\/cyclingpro.net\/spaziociclismo\/wp-content\/uploads\/2017\/02\/SpazioCiclismo-Logo-Quadrato.png","width":450,"height":450,"caption":"SpazioCiclismo"},"image":{"@id":"https:\/\/cyclingpro.net\/spaziociclismo\/#\/schema\/logo\/image\/"},"sameAs":["https:\/\/www.facebook.com\/SpazioCiclismo\/","https:\/\/x.com\/spaziociclismo","https:\/\/www.instagram.com\/spaziociclismo\/"]},{"@type":"Person","@id":"https:\/\/cyclingpro.net\/spaziociclismo\/#\/schema\/person\/f104b5d2588ef53ce9f1b43295c352e1","name":"Redazione SpazioCiclismo","image":{"@type":"ImageObject","inLanguage":"it-IT","@id":"https:\/\/secure.gravatar.com\/avatar\/f1cae17b9ecd38864463422521239d4a656d6b657478a63e445df7b8ebc2b81c?s=96&d=mm&r=g","url":"https:\/\/secure.gravatar.com\/avatar\/f1cae17b9ecd38864463422521239d4a656d6b657478a63e445df7b8ebc2b81c?s=96&d=mm&r=g","contentUrl":"https:\/\/secure.gravatar.com\/avatar\/f1cae17b9ecd38864463422521239d4a656d6b657478a63e445df7b8ebc2b81c?s=96&d=mm&r=g","caption":"Redazione SpazioCiclismo"},"url":"https:\/\/cyclingpro.net\/spaziociclismo\/author\/wptstmssc\/"}]}},"_links":{"self":[{"href":"https:\/\/cyclingpro.net\/spaziociclismo\/wp-json\/wp\/v2\/posts\/337423","targetHints":{"allow":["GET"]}}],"collection":[{"href":"https:\/\/cyclingpro.net\/spaziociclismo\/wp-json\/wp\/v2\/posts"}],"about":[{"href":"https:\/\/cyclingpro.net\/spaziociclismo\/wp-json\/wp\/v2\/types\/post"}],"author":[{"embeddable":true,"href":"https:\/\/cyclingpro.net\/spaziociclismo\/wp-json\/wp\/v2\/users\/2"}],"replies":[{"embeddable":true,"href":"https:\/\/cyclingpro.net\/spaziociclismo\/wp-json\/wp\/v2\/comments?post=337423"}],"version-history":[{"count":14,"href":"https:\/\/cyclingpro.net\/spaziociclismo\/wp-json\/wp\/v2\/posts\/337423\/revisions"}],"predecessor-version":[{"id":338334,"href":"https:\/\/cyclingpro.net\/spaziociclismo\/wp-json\/wp\/v2\/posts\/337423\/revisions\/338334"}],"wp:featuredmedia":[{"embeddable":true,"href":"https:\/\/cyclingpro.net\/spaziociclismo\/wp-json\/wp\/v2\/media\/256239"}],"wp:attachment":[{"href":"https:\/\/cyclingpro.net\/spaziociclismo\/wp-json\/wp\/v2\/media?parent=337423"}],"wp:term":[{"taxonomy":"category","embeddable":true,"href":"https:\/\/cyclingpro.net\/spaziociclismo\/wp-json\/wp\/v2\/categories?post=337423"},{"taxonomy":"post_tag","embeddable":true,"href":"https:\/\/cyclingpro.net\/spaziociclismo\/wp-json\/wp\/v2\/tags?post=337423"}],"curies":[{"name":"wp","href":"https:\/\/api.w.org\/{rel}","templated":true}]}}