{"id":337400,"date":"2025-06-15T17:33:11","date_gmt":"2025-06-15T15:33:11","guid":{"rendered":"https:\/\/cyclingpro.net\/spaziociclismo\/?p=337400"},"modified":"2025-06-15T20:10:40","modified_gmt":"2025-06-15T18:10:40","slug":"giro-di-svizzera-2025-romain-gregoire-vince-la-prima-tappa-caratterizzata-da-una-maxi-fuga","status":"publish","type":"post","link":"https:\/\/cyclingpro.net\/spaziociclismo\/sintesi-gare\/giro-di-svizzera-2025-romain-gregoire-vince-la-prima-tappa-caratterizzata-da-una-maxi-fuga\/","title":{"rendered":"Giro di Svizzera 2025, Romain Gr\u00e9goire vince una prima tappa caratterizzata da una maxi-fuga &#8211; 10\u00b0 Nicola Conci, gruppo a pi\u00f9 di 3&#8242;"},"content":{"rendered":"<p>Splendido successo di <strong>Romain Gr\u00e9goire<\/strong> nella prima tappa del <strong>Giro di Svizzera 2025<\/strong>. Il transalpino della <strong>Groupama-FDJ<\/strong>, che faceva parte della maxi-fuga di 29 corridori che ha caratterizzato la giornata inaugurale della corsa elvetica, si \u00e8 imposto in solitaria sul traguardo di <strong>K\u00fcssnacht<\/strong> dopo aver attaccato in discesa a una dozzina di chilometri dalla conclusione staccando <strong>K\u00e9vin Vauquelin<\/strong> (Ark\u00e9a-B&amp;B Hotels), <strong>Bart Lemmen<\/strong> (Visma | Lease a Bike) e <strong>Julian Alaphilippe<\/strong> (Tudor Pro Cycling Team), poi giunti in quest&#8217;ordine all&#8217;arrivo con un ritardo di 20&#8243;.<\/p>\n<p>Poco dopo, a 1&#8217;07&#8221;, ha concluso un drappello di ex attaccanti comprendente anche <strong>Ben O&#8217;Connor<\/strong> (Team Jayco AlUla), mentre a 1&#8217;26&#8221; sono arrivati i restanti fuggitivi di giornata, con <strong>Nicola Conci<\/strong> (XDS Astana) a regolare tutti quanti e a prendersi la decima posizione. La prima parte del gruppo con dentro la maggior parte dei big ha invece chiuso con un ritardo di 3&#8217;12&#8221;.<\/p>\n<h2>Il video dell&#8217;arrivo<\/h2>\n<p><span class=\"zq3Ij1VZo0hKA9ki2vuJLawSE\"><iframe loading=\"lazy\" title=\"IMMENSE POWER! \ud83d\udc4f | 2025 Tour de Suisse Men Stage 1 Final KM&#039;s | TNT Sports Cycling\" width=\"500\" height=\"281\" src=\"https:\/\/www.youtube.com\/embed\/Nsd0m3AaQxE?feature=oembed\" frameborder=\"0\" allow=\"accelerometer; autoplay; clipboard-write; encrypted-media; gyroscope; picture-in-picture; web-share\" referrerpolicy=\"strict-origin-when-cross-origin\" allowfullscreen><\/iframe><\/span><\/p>\n<h2>Il racconto della corsa<\/h2>\n<p>Numerosi gli attacchi sin dalle fasi iniziali di gara, che vedono tanti corridori provare ad avvantaggiarsi nei primi chilometri e anche lungo il GPM <strong>Adligenswilerstrasse<\/strong>, ma il gruppo va a chiudere su tutti i tentativi, alcuni anche piuttosto cospicui, e arriva sostanzialmente compatto ai piedi della salita di <strong>Michaelskreuzstrasse<\/strong>. Anche qui gli attacchi non si contano, con il plotone che finisce cos\u00ec per spezzarsi in diversi tronconi, mentre ad avvantaggiarsi sono cinque corridori, ma tre perdono subito contatto. Davanti restano quindi solo<strong> Julian Alaphilippe<\/strong> (Tudor Pro Cycling Team) e <strong>Felix Engelhardt<\/strong> (Team Jayco AlUla), che scollinano con 20&#8243; di margine su un drappello di una dozzina di inseguitori e 50&#8243; su ci\u00f2 che resta del gruppo, dal quale fuoriescono in seguito altri atleti.<\/p>\n<p>I primi inseguitori riescono a riportarsi su Alaphilippe ed Engelhardt dopo pi\u00f9 di 40 chilometri percorsi a tutta velocit\u00e0, e poco dopo rientra sulla testa della corsa anche un altro drappello di attaccanti. Al comando si ritrovano cos\u00ec ben 29 corridori, ovvero <strong>Felix Grossschartner<\/strong> (UAE Team Emirates XRG), <strong>Ewen Costiou<\/strong>, <strong>Mathis Le Berre<\/strong> e<strong> K\u00e9vin Vauquelin<\/strong> (Ark\u00e9a-B&amp;B Hotels), <strong>Sam Maisonobe<\/strong> (Cofidis), <strong>Matej Mohoric<\/strong> e <strong>Rainer Kepplinger<\/strong> (Bahrain Victorious), <strong>Beno\u00eet Cosnefroy<\/strong> (Decathlon AG2R La Mondiale), <strong>Romain Gregoire<\/strong> (Groupama-FDJ), <strong>Ben Swift<\/strong> (Ineos Grenadiers), <strong>Georg Zimmermann<\/strong> e <strong>Simone Petilli<\/strong> (Intermarch\u00e9 &#8211; Wanty), <strong>Lennard K\u00e4mna<\/strong> e <strong>Quinn Simmons<\/strong> (Lidl-Trek), <strong>Pablo Castrillo<\/strong> e <strong>William Barta<\/strong> (Movistar Team), <strong>Luke Durbridge<\/strong>, <strong>Felix Engelhardt<\/strong> e <strong>Ben O&#8217;Connor<\/strong> (Team Jayco AlUla), <strong>Warren Barguil<\/strong> (Team Picnic PostNL),<strong> Tijmen Graat<\/strong> e <strong>Bart Lemmen<\/strong> (Visma | Lease A Bike), <strong>Nicola Conci<\/strong> e <strong>Lorenzo Fortunato<\/strong> (XDS Astana Team), <strong>George Bennett<\/strong> e <strong>Hugo Houle<\/strong> (Israel-Premier Tech), <strong>Julian Alaphilippe<\/strong> (Tudor Pro Cycling Team), <strong>Matteo Badilatti<\/strong> e <strong>Sjoerd Bax<\/strong> (Q36.5 Pro Cycling Team).<\/p>\n<p>Tornato assieme, il gruppo principale paga gi\u00e0 pi\u00f9 di due minuti di ritardo da questi fuggitivi, un gap che aumenta ulteriormente nel tratto centrale della tappa e arriva a toccare un massimo di 3&#8217;40&#8221;. Dietro \u00e8 soprattutto la <strong>UAE Team Emirates XRG<\/strong> a incaricarsi dell&#8217;inseguimento, ma davanti c&#8217;\u00e8 grande accordo e il distacco si attesta a lungo tra i 3&#8217;30&#8221; e i 3&#8217;20&#8221;, margine con il quale gli attaccanti entrano negli ultimi 40 chilometri, quando anche la pioggia fa la propria comparsa. I battistrada approcciano con ancora 3&#8242; di vantaggio la seconda ascesa di <strong>Adligenswilerstrasse<\/strong>, mantenendo 2&#8217;50&#8221; allo scollinamento, dopo il quale davanti sono soprattutto Durbridge ed Engelhardt a sacrificarsi per tenere a distanza il plotone e consentire cos\u00ec a O&#8217;Connor di guadagnare terreno sugli altri big.<\/p>\n<p>All&#8217;inizio della salita di <strong>Michaelskreuzstrasse<\/strong> \u00e8 quindi proprio O&#8217;Connor a prendere in mano la situazione e ad alzare il ritmo, mandando in difficolt\u00e0 molti degli attaccanti, ma l&#8217;azione decisiva nasce ai -15 dalla conclusione su impulso di Alaphilippe, con il quale restano solo Vauquelin, Gr\u00e9goire e Lemmen. O&#8217;Connor prova a riportarsi su questo quartetto, ma Lemmen rilancia e il neerlandese, assieme ai tre francesi, scollina con una decina di secondi di margine sull&#8217;australiano, raggiunto da Kepplinger, Castrillo e Grossschartner. Il distacco aumenta nel corso della successiva discesa, affrontata a rotta di collo da Gr\u00e9goire nonostante la presenza di strada bagnata, con il transalpino che riesce cos\u00ec a guadagnare qualche secondo di vantaggio su Alaphilippe, Vauquelin e Lemmen.<\/p>\n<p>I tre provano ad organizzarsi per chiudere il gap, avvicinandosi leggermente sul breve strappo posto ai -7 dalla conclusione, ma Gr\u00e9goire trova poi la forza per rilanciare e torna a guadagnare in discesa e nei 5000 metri finali, presentandosi cos\u00ec alla<em> flamme rouge<\/em> con un margine rassicurante. Il 22enne taglia cos\u00ec in solitaria il traguardo con 20&#8243; sui tre inseguitori, dove Vauquelin ha la meglio su Lemmen e Alaphilippe nello sprint per la seconda piazza, mentre il resto dei fuggitivi della prima giunge all&#8217;arrivo in due diversi drappelli e con un ritardo superiore al minuto. Distacco ancor pi\u00f9 consistente per il gruppo dei migliori, che nel finale non riesce a guadagnare terreno e anzi perde ancora qualcosa, chiudendo a 3&#8217;12&#8221;.<\/p>\n<h2>Risultato e Classifiche Tappa 1 Giro di Svizzera 2025<\/h2>\n<p><iframe loading=\"lazy\" src=\"https:\/\/secure.cyclingprodata.com\/widgets\/latest\/widgets.html?type=results&amp;tour_id=853&amp;stage_number=1&amp;use_icons_for_one_column=true&amp;reflow_mode=true\" width=\"100%\" height=\"1000px\" data-mce-fragment=\"1\"><\/iframe><\/p>\n","protected":false},"excerpt":{"rendered":"<p>Successo di Romain Gr\u00e9goire nella prima tappa del #tourdesuisse #tds2025, caratterizzata da una maxi-fuga di 29 corridori<\/p>\n","protected":false},"author":27,"featured_media":337461,"comment_status":"open","ping_status":"closed","sticky":false,"template":"","format":"standard","meta":{"footnotes":""},"categories":[17,21,25],"tags":[5802,6052,5027],"class_list":["post-337400","post","type-post","status-publish","format-standard","has-post-thumbnail","hentry","category-sintesi-gare","category-vetrina","category-worldtour","tag-giro-di-svizzera-2025","tag-groupama-fdj-2025","tag-romain-gregoire"],"yoast_head":"<!-- This site is optimized with the Yoast SEO plugin v27.4 - https:\/\/yoast.com\/product\/yoast-seo-wordpress\/ -->\n<title>Giro di Svizzera 2025, Romain Gr\u00e9goire vince una prima tappa caratterizzata da una maxi-fuga - 10\u00b0 Nicola Conci, gruppo a pi\u00f9 di 3&#039; - SpazioCiclismo<\/title>\n<meta name=\"robots\" content=\"index, follow, max-snippet:-1, max-image-preview:large, max-video-preview:-1\" \/>\n<link rel=\"canonical\" href=\"https:\/\/cyclingpro.net\/spaziociclismo\/sintesi-gare\/giro-di-svizzera-2025-romain-gregoire-vince-la-prima-tappa-caratterizzata-da-una-maxi-fuga\/\" \/>\n<meta property=\"og:locale\" content=\"it_IT\" \/>\n<meta property=\"og:type\" content=\"article\" \/>\n<meta property=\"og:title\" content=\"Giro di Svizzera 2025, Romain Gr\u00e9goire vince una prima tappa caratterizzata da una maxi-fuga - 10\u00b0 Nicola Conci, gruppo a pi\u00f9 di 3&#039; - SpazioCiclismo\" \/>\n<meta property=\"og:description\" content=\"Successo di Romain Gr\u00e9goire nella prima tappa del #tourdesuisse #tds2025, caratterizzata da una maxi-fuga di 29 corridori\" \/>\n<meta property=\"og:url\" content=\"https:\/\/cyclingpro.net\/spaziociclismo\/sintesi-gare\/giro-di-svizzera-2025-romain-gregoire-vince-la-prima-tappa-caratterizzata-da-una-maxi-fuga\/\" \/>\n<meta property=\"og:site_name\" content=\"SpazioCiclismo\" \/>\n<meta property=\"article:publisher\" content=\"https:\/\/www.facebook.com\/SpazioCiclismo\/\" \/>\n<meta property=\"article:published_time\" content=\"2025-06-15T15:33:11+00:00\" \/>\n<meta property=\"article:modified_time\" content=\"2025-06-15T18:10:40+00:00\" \/>\n<meta property=\"og:image\" content=\"https:\/\/cyclingpro.net\/spaziociclismo\/wp-content\/uploads\/2025\/06\/giro-di-svizzera-2025-romain-gregoire.webp\" \/>\n\t<meta property=\"og:image:width\" content=\"764\" \/>\n\t<meta property=\"og:image:height\" content=\"620\" \/>\n\t<meta property=\"og:image:type\" content=\"image\/webp\" \/>\n<meta name=\"author\" content=\"Davide Filippi\" \/>\n<meta name=\"twitter:card\" content=\"summary_large_image\" \/>\n<meta name=\"twitter:creator\" content=\"@spaziociclismo\" \/>\n<meta name=\"twitter:site\" content=\"@spaziociclismo\" \/>\n<meta name=\"twitter:label1\" content=\"Scritto da\" \/>\n\t<meta name=\"twitter:data1\" content=\"Davide Filippi\" \/>\n\t<meta name=\"twitter:label2\" content=\"Tempo di lettura stimato\" \/>\n\t<meta name=\"twitter:data2\" content=\"5 minuti\" \/>\n<script type=\"application\/ld+json\" class=\"yoast-schema-graph\">{\"@context\":\"https:\\\/\\\/schema.org\",\"@graph\":[{\"@type\":\"Article\",\"@id\":\"https:\\\/\\\/cyclingpro.net\\\/spaziociclismo\\\/sintesi-gare\\\/giro-di-svizzera-2025-romain-gregoire-vince-la-prima-tappa-caratterizzata-da-una-maxi-fuga\\\/#article\",\"isPartOf\":{\"@id\":\"https:\\\/\\\/cyclingpro.net\\\/spaziociclismo\\\/sintesi-gare\\\/giro-di-svizzera-2025-romain-gregoire-vince-la-prima-tappa-caratterizzata-da-una-maxi-fuga\\\/\"},\"author\":{\"name\":\"Davide Filippi\",\"@id\":\"https:\\\/\\\/cyclingpro.net\\\/spaziociclismo\\\/#\\\/schema\\\/person\\\/5b11f525424bc937dcd939655cae5de3\"},\"headline\":\"Giro di Svizzera 2025, Romain Gr\u00e9goire vince una prima tappa caratterizzata da una maxi-fuga &#8211; 10\u00b0 Nicola Conci, gruppo a pi\u00f9 di 3&#8242;\",\"datePublished\":\"2025-06-15T15:33:11+00:00\",\"dateModified\":\"2025-06-15T18:10:40+00:00\",\"mainEntityOfPage\":{\"@id\":\"https:\\\/\\\/cyclingpro.net\\\/spaziociclismo\\\/sintesi-gare\\\/giro-di-svizzera-2025-romain-gregoire-vince-la-prima-tappa-caratterizzata-da-una-maxi-fuga\\\/\"},\"wordCount\":842,\"commentCount\":0,\"publisher\":{\"@id\":\"https:\\\/\\\/cyclingpro.net\\\/spaziociclismo\\\/#organization\"},\"image\":{\"@id\":\"https:\\\/\\\/cyclingpro.net\\\/spaziociclismo\\\/sintesi-gare\\\/giro-di-svizzera-2025-romain-gregoire-vince-la-prima-tappa-caratterizzata-da-una-maxi-fuga\\\/#primaryimage\"},\"thumbnailUrl\":\"https:\\\/\\\/cyclingpro.net\\\/spaziociclismo\\\/wp-content\\\/uploads\\\/2025\\\/06\\\/giro-di-svizzera-2025-romain-gregoire.webp\",\"keywords\":[\"Giro di Svizzera 2025\",\"Groupama - FDJ 2025\",\"Romain Gregoire\"],\"articleSection\":[\"Sintesi Gare\",\"Vetrina\",\"WorldTour\"],\"inLanguage\":\"it-IT\",\"potentialAction\":[{\"@type\":\"CommentAction\",\"name\":\"Comment\",\"target\":[\"https:\\\/\\\/cyclingpro.net\\\/spaziociclismo\\\/sintesi-gare\\\/giro-di-svizzera-2025-romain-gregoire-vince-la-prima-tappa-caratterizzata-da-una-maxi-fuga\\\/#respond\"]}]},{\"@type\":\"WebPage\",\"@id\":\"https:\\\/\\\/cyclingpro.net\\\/spaziociclismo\\\/sintesi-gare\\\/giro-di-svizzera-2025-romain-gregoire-vince-la-prima-tappa-caratterizzata-da-una-maxi-fuga\\\/\",\"url\":\"https:\\\/\\\/cyclingpro.net\\\/spaziociclismo\\\/sintesi-gare\\\/giro-di-svizzera-2025-romain-gregoire-vince-la-prima-tappa-caratterizzata-da-una-maxi-fuga\\\/\",\"name\":\"Giro di Svizzera 2025, Romain Gr\u00e9goire vince una prima tappa caratterizzata da una maxi-fuga - 10\u00b0 Nicola Conci, gruppo a pi\u00f9 di 3' - SpazioCiclismo\",\"isPartOf\":{\"@id\":\"https:\\\/\\\/cyclingpro.net\\\/spaziociclismo\\\/#website\"},\"primaryImageOfPage\":{\"@id\":\"https:\\\/\\\/cyclingpro.net\\\/spaziociclismo\\\/sintesi-gare\\\/giro-di-svizzera-2025-romain-gregoire-vince-la-prima-tappa-caratterizzata-da-una-maxi-fuga\\\/#primaryimage\"},\"image\":{\"@id\":\"https:\\\/\\\/cyclingpro.net\\\/spaziociclismo\\\/sintesi-gare\\\/giro-di-svizzera-2025-romain-gregoire-vince-la-prima-tappa-caratterizzata-da-una-maxi-fuga\\\/#primaryimage\"},\"thumbnailUrl\":\"https:\\\/\\\/cyclingpro.net\\\/spaziociclismo\\\/wp-content\\\/uploads\\\/2025\\\/06\\\/giro-di-svizzera-2025-romain-gregoire.webp\",\"datePublished\":\"2025-06-15T15:33:11+00:00\",\"dateModified\":\"2025-06-15T18:10:40+00:00\",\"breadcrumb\":{\"@id\":\"https:\\\/\\\/cyclingpro.net\\\/spaziociclismo\\\/sintesi-gare\\\/giro-di-svizzera-2025-romain-gregoire-vince-la-prima-tappa-caratterizzata-da-una-maxi-fuga\\\/#breadcrumb\"},\"inLanguage\":\"it-IT\",\"potentialAction\":[{\"@type\":\"ReadAction\",\"target\":[\"https:\\\/\\\/cyclingpro.net\\\/spaziociclismo\\\/sintesi-gare\\\/giro-di-svizzera-2025-romain-gregoire-vince-la-prima-tappa-caratterizzata-da-una-maxi-fuga\\\/\"]}]},{\"@type\":\"ImageObject\",\"inLanguage\":\"it-IT\",\"@id\":\"https:\\\/\\\/cyclingpro.net\\\/spaziociclismo\\\/sintesi-gare\\\/giro-di-svizzera-2025-romain-gregoire-vince-la-prima-tappa-caratterizzata-da-una-maxi-fuga\\\/#primaryimage\",\"url\":\"https:\\\/\\\/cyclingpro.net\\\/spaziociclismo\\\/wp-content\\\/uploads\\\/2025\\\/06\\\/giro-di-svizzera-2025-romain-gregoire.webp\",\"contentUrl\":\"https:\\\/\\\/cyclingpro.net\\\/spaziociclismo\\\/wp-content\\\/uploads\\\/2025\\\/06\\\/giro-di-svizzera-2025-romain-gregoire.webp\",\"width\":764,\"height\":620,\"caption\":\"\u00a9 Tour de Suisse\"},{\"@type\":\"BreadcrumbList\",\"@id\":\"https:\\\/\\\/cyclingpro.net\\\/spaziociclismo\\\/sintesi-gare\\\/giro-di-svizzera-2025-romain-gregoire-vince-la-prima-tappa-caratterizzata-da-una-maxi-fuga\\\/#breadcrumb\",\"itemListElement\":[{\"@type\":\"ListItem\",\"position\":1,\"name\":\"Home\",\"item\":\"https:\\\/\\\/cyclingpro.net\\\/spaziociclismo\\\/\"},{\"@type\":\"ListItem\",\"position\":2,\"name\":\"Giro di Svizzera 2025, Romain Gr\u00e9goire vince una prima tappa caratterizzata da una maxi-fuga &#8211; 10\u00b0 Nicola Conci, gruppo a pi\u00f9 di 3&#8242;\"}]},{\"@type\":\"WebSite\",\"@id\":\"https:\\\/\\\/cyclingpro.net\\\/spaziociclismo\\\/#website\",\"url\":\"https:\\\/\\\/cyclingpro.net\\\/spaziociclismo\\\/\",\"name\":\"SpazioCiclismo\",\"description\":\"Tutto il ciclismo minuto per minuto\",\"publisher\":{\"@id\":\"https:\\\/\\\/cyclingpro.net\\\/spaziociclismo\\\/#organization\"},\"potentialAction\":[{\"@type\":\"SearchAction\",\"target\":{\"@type\":\"EntryPoint\",\"urlTemplate\":\"https:\\\/\\\/cyclingpro.net\\\/spaziociclismo\\\/?s={search_term_string}\"},\"query-input\":{\"@type\":\"PropertyValueSpecification\",\"valueRequired\":true,\"valueName\":\"search_term_string\"}}],\"inLanguage\":\"it-IT\"},{\"@type\":\"Organization\",\"@id\":\"https:\\\/\\\/cyclingpro.net\\\/spaziociclismo\\\/#organization\",\"name\":\"SpazioCiclismo\",\"url\":\"https:\\\/\\\/cyclingpro.net\\\/spaziociclismo\\\/\",\"logo\":{\"@type\":\"ImageObject\",\"inLanguage\":\"it-IT\",\"@id\":\"https:\\\/\\\/cyclingpro.net\\\/spaziociclismo\\\/#\\\/schema\\\/logo\\\/image\\\/\",\"url\":\"https:\\\/\\\/cyclingpro.net\\\/spaziociclismo\\\/wp-content\\\/uploads\\\/2017\\\/02\\\/SpazioCiclismo-Logo-Quadrato.png\",\"contentUrl\":\"https:\\\/\\\/cyclingpro.net\\\/spaziociclismo\\\/wp-content\\\/uploads\\\/2017\\\/02\\\/SpazioCiclismo-Logo-Quadrato.png\",\"width\":450,\"height\":450,\"caption\":\"SpazioCiclismo\"},\"image\":{\"@id\":\"https:\\\/\\\/cyclingpro.net\\\/spaziociclismo\\\/#\\\/schema\\\/logo\\\/image\\\/\"},\"sameAs\":[\"https:\\\/\\\/www.facebook.com\\\/SpazioCiclismo\\\/\",\"https:\\\/\\\/x.com\\\/spaziociclismo\",\"https:\\\/\\\/www.instagram.com\\\/spaziociclismo\\\/\"]},{\"@type\":\"Person\",\"@id\":\"https:\\\/\\\/cyclingpro.net\\\/spaziociclismo\\\/#\\\/schema\\\/person\\\/5b11f525424bc937dcd939655cae5de3\",\"name\":\"Davide Filippi\",\"image\":{\"@type\":\"ImageObject\",\"inLanguage\":\"it-IT\",\"@id\":\"https:\\\/\\\/secure.gravatar.com\\\/avatar\\\/acf38569376402ef43c46c36ea62f8a431f13c39fac703a2ed157f3bbfa5c1ab?s=96&d=mm&r=g\",\"url\":\"https:\\\/\\\/secure.gravatar.com\\\/avatar\\\/acf38569376402ef43c46c36ea62f8a431f13c39fac703a2ed157f3bbfa5c1ab?s=96&d=mm&r=g\",\"contentUrl\":\"https:\\\/\\\/secure.gravatar.com\\\/avatar\\\/acf38569376402ef43c46c36ea62f8a431f13c39fac703a2ed157f3bbfa5c1ab?s=96&d=mm&r=g\",\"caption\":\"Davide Filippi\"},\"url\":\"https:\\\/\\\/cyclingpro.net\\\/spaziociclismo\\\/author\\\/dfilippi\\\/\"}]}<\/script>\n<!-- \/ Yoast SEO plugin. -->","yoast_head_json":{"title":"Giro di Svizzera 2025, Romain Gr\u00e9goire vince una prima tappa caratterizzata da una maxi-fuga - 10\u00b0 Nicola Conci, gruppo a pi\u00f9 di 3' - SpazioCiclismo","robots":{"index":"index","follow":"follow","max-snippet":"max-snippet:-1","max-image-preview":"max-image-preview:large","max-video-preview":"max-video-preview:-1"},"canonical":"https:\/\/cyclingpro.net\/spaziociclismo\/sintesi-gare\/giro-di-svizzera-2025-romain-gregoire-vince-la-prima-tappa-caratterizzata-da-una-maxi-fuga\/","og_locale":"it_IT","og_type":"article","og_title":"Giro di Svizzera 2025, Romain Gr\u00e9goire vince una prima tappa caratterizzata da una maxi-fuga - 10\u00b0 Nicola Conci, gruppo a pi\u00f9 di 3' - SpazioCiclismo","og_description":"Successo di Romain Gr\u00e9goire nella prima tappa del #tourdesuisse #tds2025, caratterizzata da una maxi-fuga di 29 corridori","og_url":"https:\/\/cyclingpro.net\/spaziociclismo\/sintesi-gare\/giro-di-svizzera-2025-romain-gregoire-vince-la-prima-tappa-caratterizzata-da-una-maxi-fuga\/","og_site_name":"SpazioCiclismo","article_publisher":"https:\/\/www.facebook.com\/SpazioCiclismo\/","article_published_time":"2025-06-15T15:33:11+00:00","article_modified_time":"2025-06-15T18:10:40+00:00","og_image":[{"width":764,"height":620,"url":"https:\/\/cyclingpro.net\/spaziociclismo\/wp-content\/uploads\/2025\/06\/giro-di-svizzera-2025-romain-gregoire.webp","type":"image\/webp"}],"author":"Davide Filippi","twitter_card":"summary_large_image","twitter_creator":"@spaziociclismo","twitter_site":"@spaziociclismo","twitter_misc":{"Scritto da":"Davide Filippi","Tempo di lettura stimato":"5 minuti"},"schema":{"@context":"https:\/\/schema.org","@graph":[{"@type":"Article","@id":"https:\/\/cyclingpro.net\/spaziociclismo\/sintesi-gare\/giro-di-svizzera-2025-romain-gregoire-vince-la-prima-tappa-caratterizzata-da-una-maxi-fuga\/#article","isPartOf":{"@id":"https:\/\/cyclingpro.net\/spaziociclismo\/sintesi-gare\/giro-di-svizzera-2025-romain-gregoire-vince-la-prima-tappa-caratterizzata-da-una-maxi-fuga\/"},"author":{"name":"Davide Filippi","@id":"https:\/\/cyclingpro.net\/spaziociclismo\/#\/schema\/person\/5b11f525424bc937dcd939655cae5de3"},"headline":"Giro di Svizzera 2025, Romain Gr\u00e9goire vince una prima tappa caratterizzata da una maxi-fuga &#8211; 10\u00b0 Nicola Conci, gruppo a pi\u00f9 di 3&#8242;","datePublished":"2025-06-15T15:33:11+00:00","dateModified":"2025-06-15T18:10:40+00:00","mainEntityOfPage":{"@id":"https:\/\/cyclingpro.net\/spaziociclismo\/sintesi-gare\/giro-di-svizzera-2025-romain-gregoire-vince-la-prima-tappa-caratterizzata-da-una-maxi-fuga\/"},"wordCount":842,"commentCount":0,"publisher":{"@id":"https:\/\/cyclingpro.net\/spaziociclismo\/#organization"},"image":{"@id":"https:\/\/cyclingpro.net\/spaziociclismo\/sintesi-gare\/giro-di-svizzera-2025-romain-gregoire-vince-la-prima-tappa-caratterizzata-da-una-maxi-fuga\/#primaryimage"},"thumbnailUrl":"https:\/\/cyclingpro.net\/spaziociclismo\/wp-content\/uploads\/2025\/06\/giro-di-svizzera-2025-romain-gregoire.webp","keywords":["Giro di Svizzera 2025","Groupama - FDJ 2025","Romain Gregoire"],"articleSection":["Sintesi Gare","Vetrina","WorldTour"],"inLanguage":"it-IT","potentialAction":[{"@type":"CommentAction","name":"Comment","target":["https:\/\/cyclingpro.net\/spaziociclismo\/sintesi-gare\/giro-di-svizzera-2025-romain-gregoire-vince-la-prima-tappa-caratterizzata-da-una-maxi-fuga\/#respond"]}]},{"@type":"WebPage","@id":"https:\/\/cyclingpro.net\/spaziociclismo\/sintesi-gare\/giro-di-svizzera-2025-romain-gregoire-vince-la-prima-tappa-caratterizzata-da-una-maxi-fuga\/","url":"https:\/\/cyclingpro.net\/spaziociclismo\/sintesi-gare\/giro-di-svizzera-2025-romain-gregoire-vince-la-prima-tappa-caratterizzata-da-una-maxi-fuga\/","name":"Giro di Svizzera 2025, Romain Gr\u00e9goire vince una prima tappa caratterizzata da una maxi-fuga - 10\u00b0 Nicola Conci, gruppo a pi\u00f9 di 3' - SpazioCiclismo","isPartOf":{"@id":"https:\/\/cyclingpro.net\/spaziociclismo\/#website"},"primaryImageOfPage":{"@id":"https:\/\/cyclingpro.net\/spaziociclismo\/sintesi-gare\/giro-di-svizzera-2025-romain-gregoire-vince-la-prima-tappa-caratterizzata-da-una-maxi-fuga\/#primaryimage"},"image":{"@id":"https:\/\/cyclingpro.net\/spaziociclismo\/sintesi-gare\/giro-di-svizzera-2025-romain-gregoire-vince-la-prima-tappa-caratterizzata-da-una-maxi-fuga\/#primaryimage"},"thumbnailUrl":"https:\/\/cyclingpro.net\/spaziociclismo\/wp-content\/uploads\/2025\/06\/giro-di-svizzera-2025-romain-gregoire.webp","datePublished":"2025-06-15T15:33:11+00:00","dateModified":"2025-06-15T18:10:40+00:00","breadcrumb":{"@id":"https:\/\/cyclingpro.net\/spaziociclismo\/sintesi-gare\/giro-di-svizzera-2025-romain-gregoire-vince-la-prima-tappa-caratterizzata-da-una-maxi-fuga\/#breadcrumb"},"inLanguage":"it-IT","potentialAction":[{"@type":"ReadAction","target":["https:\/\/cyclingpro.net\/spaziociclismo\/sintesi-gare\/giro-di-svizzera-2025-romain-gregoire-vince-la-prima-tappa-caratterizzata-da-una-maxi-fuga\/"]}]},{"@type":"ImageObject","inLanguage":"it-IT","@id":"https:\/\/cyclingpro.net\/spaziociclismo\/sintesi-gare\/giro-di-svizzera-2025-romain-gregoire-vince-la-prima-tappa-caratterizzata-da-una-maxi-fuga\/#primaryimage","url":"https:\/\/cyclingpro.net\/spaziociclismo\/wp-content\/uploads\/2025\/06\/giro-di-svizzera-2025-romain-gregoire.webp","contentUrl":"https:\/\/cyclingpro.net\/spaziociclismo\/wp-content\/uploads\/2025\/06\/giro-di-svizzera-2025-romain-gregoire.webp","width":764,"height":620,"caption":"\u00a9 Tour de Suisse"},{"@type":"BreadcrumbList","@id":"https:\/\/cyclingpro.net\/spaziociclismo\/sintesi-gare\/giro-di-svizzera-2025-romain-gregoire-vince-la-prima-tappa-caratterizzata-da-una-maxi-fuga\/#breadcrumb","itemListElement":[{"@type":"ListItem","position":1,"name":"Home","item":"https:\/\/cyclingpro.net\/spaziociclismo\/"},{"@type":"ListItem","position":2,"name":"Giro di Svizzera 2025, Romain Gr\u00e9goire vince una prima tappa caratterizzata da una maxi-fuga &#8211; 10\u00b0 Nicola Conci, gruppo a pi\u00f9 di 3&#8242;"}]},{"@type":"WebSite","@id":"https:\/\/cyclingpro.net\/spaziociclismo\/#website","url":"https:\/\/cyclingpro.net\/spaziociclismo\/","name":"SpazioCiclismo","description":"Tutto il ciclismo minuto per minuto","publisher":{"@id":"https:\/\/cyclingpro.net\/spaziociclismo\/#organization"},"potentialAction":[{"@type":"SearchAction","target":{"@type":"EntryPoint","urlTemplate":"https:\/\/cyclingpro.net\/spaziociclismo\/?s={search_term_string}"},"query-input":{"@type":"PropertyValueSpecification","valueRequired":true,"valueName":"search_term_string"}}],"inLanguage":"it-IT"},{"@type":"Organization","@id":"https:\/\/cyclingpro.net\/spaziociclismo\/#organization","name":"SpazioCiclismo","url":"https:\/\/cyclingpro.net\/spaziociclismo\/","logo":{"@type":"ImageObject","inLanguage":"it-IT","@id":"https:\/\/cyclingpro.net\/spaziociclismo\/#\/schema\/logo\/image\/","url":"https:\/\/cyclingpro.net\/spaziociclismo\/wp-content\/uploads\/2017\/02\/SpazioCiclismo-Logo-Quadrato.png","contentUrl":"https:\/\/cyclingpro.net\/spaziociclismo\/wp-content\/uploads\/2017\/02\/SpazioCiclismo-Logo-Quadrato.png","width":450,"height":450,"caption":"SpazioCiclismo"},"image":{"@id":"https:\/\/cyclingpro.net\/spaziociclismo\/#\/schema\/logo\/image\/"},"sameAs":["https:\/\/www.facebook.com\/SpazioCiclismo\/","https:\/\/x.com\/spaziociclismo","https:\/\/www.instagram.com\/spaziociclismo\/"]},{"@type":"Person","@id":"https:\/\/cyclingpro.net\/spaziociclismo\/#\/schema\/person\/5b11f525424bc937dcd939655cae5de3","name":"Davide Filippi","image":{"@type":"ImageObject","inLanguage":"it-IT","@id":"https:\/\/secure.gravatar.com\/avatar\/acf38569376402ef43c46c36ea62f8a431f13c39fac703a2ed157f3bbfa5c1ab?s=96&d=mm&r=g","url":"https:\/\/secure.gravatar.com\/avatar\/acf38569376402ef43c46c36ea62f8a431f13c39fac703a2ed157f3bbfa5c1ab?s=96&d=mm&r=g","contentUrl":"https:\/\/secure.gravatar.com\/avatar\/acf38569376402ef43c46c36ea62f8a431f13c39fac703a2ed157f3bbfa5c1ab?s=96&d=mm&r=g","caption":"Davide Filippi"},"url":"https:\/\/cyclingpro.net\/spaziociclismo\/author\/dfilippi\/"}]}},"_links":{"self":[{"href":"https:\/\/cyclingpro.net\/spaziociclismo\/wp-json\/wp\/v2\/posts\/337400","targetHints":{"allow":["GET"]}}],"collection":[{"href":"https:\/\/cyclingpro.net\/spaziociclismo\/wp-json\/wp\/v2\/posts"}],"about":[{"href":"https:\/\/cyclingpro.net\/spaziociclismo\/wp-json\/wp\/v2\/types\/post"}],"author":[{"embeddable":true,"href":"https:\/\/cyclingpro.net\/spaziociclismo\/wp-json\/wp\/v2\/users\/27"}],"replies":[{"embeddable":true,"href":"https:\/\/cyclingpro.net\/spaziociclismo\/wp-json\/wp\/v2\/comments?post=337400"}],"version-history":[{"count":4,"href":"https:\/\/cyclingpro.net\/spaziociclismo\/wp-json\/wp\/v2\/posts\/337400\/revisions"}],"predecessor-version":[{"id":337436,"href":"https:\/\/cyclingpro.net\/spaziociclismo\/wp-json\/wp\/v2\/posts\/337400\/revisions\/337436"}],"wp:featuredmedia":[{"embeddable":true,"href":"https:\/\/cyclingpro.net\/spaziociclismo\/wp-json\/wp\/v2\/media\/337461"}],"wp:attachment":[{"href":"https:\/\/cyclingpro.net\/spaziociclismo\/wp-json\/wp\/v2\/media?parent=337400"}],"wp:term":[{"taxonomy":"category","embeddable":true,"href":"https:\/\/cyclingpro.net\/spaziociclismo\/wp-json\/wp\/v2\/categories?post=337400"},{"taxonomy":"post_tag","embeddable":true,"href":"https:\/\/cyclingpro.net\/spaziociclismo\/wp-json\/wp\/v2\/tags?post=337400"}],"curies":[{"name":"wp","href":"https:\/\/api.w.org\/{rel}","templated":true}]}}