{"id":308005,"date":"2024-09-01T18:32:49","date_gmt":"2024-09-01T16:32:49","guid":{"rendered":"https:\/\/cyclingpro.net\/spaziociclismo\/?p=308005"},"modified":"2024-09-01T18:39:24","modified_gmt":"2024-09-01T16:39:24","slug":"vuelta-a-espana-2024-sepp-kuss-si-riavvicina-alla-top-10-nella-terza-settimana-dovro-scegliere-il-momento-giusto-per-provare-qualcosa","status":"publish","type":"post","link":"https:\/\/cyclingpro.net\/spaziociclismo\/vuelta-2024\/vuelta-a-espana-2024-sepp-kuss-si-riavvicina-alla-top-10-nella-terza-settimana-dovro-scegliere-il-momento-giusto-per-provare-qualcosa\/","title":{"rendered":"Vuelta a Espa\u00f1a 2024, Sepp Kuss si riavvicina alla top10: &#8220;Nella terza settimana dovr\u00f2 scegliere il momento giusto per provare qualcosa&#8221;"},"content":{"rendered":"<p><strong>Sepp Kuss<\/strong> chiude all&#8217;ottavo posto la 15\u00aa tappa della <strong>Vuelta a Espa\u00f1a 2024<\/strong>. Il corridore della <strong>Visma|Lease a Bike<\/strong> \u00e8 stato tra i migliori nel gruppo dei favoriti, terminando la tappa a soli 18&#8243; dalla coppia formata da<strong> Enric Mas<\/strong> (Movistar) e <strong>Primoz Roglic<\/strong> (Red Bull &#8211; Bora &#8211; hansgrohe) che ha provato a fare la differenza sulle durissime rampe degli ultimi chilometri della salita di Cuitu Negru. Con questo risultato lo statunitense recupera altre due posizioni in classifica generale, portandosi al 12\u00b0 posto, a poco meno di due minuti dalla top-10. Dopo un inizio di Vuelta difficile il nativo di Durango sembra essere in crescita nelle ultime tappe, e potr\u00e0 affrontare la terza settimana all&#8217;attacco con la speranza di recuperare posizioni in classifica e, magari, di vincere anche una tappa.<\/p>\n<p>&#8220;<strong>\u00c8 stata molto dura<\/strong>. &#8211; racconta il nativo di Durango ai nostri microfoni pochi minuti dopo l&#8217;arrivo &#8211; Una salita lunga con strade larghe che poi finisce col botto negli ultimi 2-3 chilometri. La tappa \u00e8 stata dura dall&#8217;inizio, abbiamo affrontato tutte le salite ad alta velocit\u00e0. Per me \u00e8 stata una buona tappa, ho cercato di gestirmi meglio rimanendo dentro i miei limiti per poi accelerare nel finale, non so quanto bene sia andata come tempi, ma le mie sensazioni erano buone&#8221;.<\/p>\n<p>I segnali positivi delle ultime giornate lasciano quindi spazio al 29enne per poter immaginare qualche attacco, magari anche in fuga dal mattino, per provare a far saltare i piani di chi si trova davanti a lui in classifica: &#8220;\u00c8 difficile dire quale sia il mio obiettivo per la terza settimana &#8211; conclude il classe 1994 &#8211; sono abbastanza lontano in classifica e guardando le prossime tappe ce ne sono ancora diverse molto dure che devono arrivare. <strong>Non ho nulla da perdere<\/strong>, ma dovr\u00f2 scegliere il momento giusto per provare qualcosa e sperare anche che le mie sensazioni siano buone&#8221;.<\/p>\n<p>&nbsp;<\/p>\n","protected":false},"excerpt":{"rendered":"<p>Un Sepp Kuss in crescita chiude a pochi secondi dai migliori la 15\u00aa frazione de #LaVuelta24<\/p>\n","protected":false},"author":45,"featured_media":308016,"comment_status":"open","ping_status":"closed","sticky":false,"template":"","format":"standard","meta":{"footnotes":""},"categories":[5370],"tags":[1457,5424,5362],"class_list":["post-308005","post","type-post","status-publish","format-standard","has-post-thumbnail","hentry","category-vuelta-2024","tag-sepp-kuss","tag-team-jumbo-visma-2024","tag-vuelta-a-espana-2024"],"yoast_head":"<!-- This site is optimized with the Yoast SEO plugin v27.4 - https:\/\/yoast.com\/product\/yoast-seo-wordpress\/ -->\n<title>Vuelta a Espa\u00f1a 2024, Sepp Kuss si riavvicina alla top10: &quot;Nella terza settimana dovr\u00f2 scegliere il momento giusto per provare qualcosa&quot; - SpazioCiclismo<\/title>\n<meta name=\"robots\" content=\"index, follow, max-snippet:-1, max-image-preview:large, max-video-preview:-1\" \/>\n<link rel=\"canonical\" href=\"https:\/\/cyclingpro.net\/spaziociclismo\/vuelta-2024\/vuelta-a-espana-2024-sepp-kuss-si-riavvicina-alla-top-10-nella-terza-settimana-dovro-scegliere-il-momento-giusto-per-provare-qualcosa\/\" \/>\n<meta property=\"og:locale\" content=\"it_IT\" \/>\n<meta property=\"og:type\" content=\"article\" \/>\n<meta property=\"og:title\" content=\"Vuelta a Espa\u00f1a 2024, Sepp Kuss si riavvicina alla top10: &quot;Nella terza settimana dovr\u00f2 scegliere il momento giusto per provare qualcosa&quot; - SpazioCiclismo\" \/>\n<meta property=\"og:description\" content=\"Un Sepp Kuss in crescita chiude a pochi secondi dai migliori la 15\u00aa frazione de #LaVuelta24\" \/>\n<meta property=\"og:url\" content=\"https:\/\/cyclingpro.net\/spaziociclismo\/vuelta-2024\/vuelta-a-espana-2024-sepp-kuss-si-riavvicina-alla-top-10-nella-terza-settimana-dovro-scegliere-il-momento-giusto-per-provare-qualcosa\/\" \/>\n<meta property=\"og:site_name\" content=\"SpazioCiclismo\" \/>\n<meta property=\"article:publisher\" content=\"https:\/\/www.facebook.com\/SpazioCiclismo\/\" \/>\n<meta property=\"article:published_time\" content=\"2024-09-01T16:32:49+00:00\" \/>\n<meta property=\"article:modified_time\" content=\"2024-09-01T16:39:24+00:00\" \/>\n<meta property=\"og:image\" content=\"https:\/\/cyclingpro.net\/spaziociclismo\/wp-content\/uploads\/2024\/09\/1182527243.jpg\" \/>\n\t<meta property=\"og:image:width\" content=\"1200\" \/>\n\t<meta property=\"og:image:height\" content=\"800\" \/>\n\t<meta property=\"og:image:type\" content=\"image\/jpeg\" \/>\n<meta name=\"author\" content=\"Jacopo Cigoli\" \/>\n<meta name=\"twitter:card\" content=\"summary_large_image\" \/>\n<meta name=\"twitter:creator\" content=\"@spaziociclismo\" \/>\n<meta name=\"twitter:site\" content=\"@spaziociclismo\" \/>\n<meta name=\"twitter:label1\" content=\"Scritto da\" \/>\n\t<meta name=\"twitter:data1\" content=\"Jacopo Cigoli\" \/>\n\t<meta name=\"twitter:label2\" content=\"Tempo di lettura stimato\" \/>\n\t<meta name=\"twitter:data2\" content=\"2 minuti\" \/>\n<script type=\"application\/ld+json\" class=\"yoast-schema-graph\">{\"@context\":\"https:\\\/\\\/schema.org\",\"@graph\":[{\"@type\":\"Article\",\"@id\":\"https:\\\/\\\/cyclingpro.net\\\/spaziociclismo\\\/vuelta-2024\\\/vuelta-a-espana-2024-sepp-kuss-si-riavvicina-alla-top-10-nella-terza-settimana-dovro-scegliere-il-momento-giusto-per-provare-qualcosa\\\/#article\",\"isPartOf\":{\"@id\":\"https:\\\/\\\/cyclingpro.net\\\/spaziociclismo\\\/vuelta-2024\\\/vuelta-a-espana-2024-sepp-kuss-si-riavvicina-alla-top-10-nella-terza-settimana-dovro-scegliere-il-momento-giusto-per-provare-qualcosa\\\/\"},\"author\":{\"name\":\"Jacopo Cigoli\",\"@id\":\"https:\\\/\\\/cyclingpro.net\\\/spaziociclismo\\\/#\\\/schema\\\/person\\\/9a6dbc3cf0df9a8cb7373df4b3ccf28f\"},\"headline\":\"Vuelta a Espa\u00f1a 2024, Sepp Kuss si riavvicina alla top10: &#8220;Nella terza settimana dovr\u00f2 scegliere il momento giusto per provare qualcosa&#8221;\",\"datePublished\":\"2024-09-01T16:32:49+00:00\",\"dateModified\":\"2024-09-01T16:39:24+00:00\",\"mainEntityOfPage\":{\"@id\":\"https:\\\/\\\/cyclingpro.net\\\/spaziociclismo\\\/vuelta-2024\\\/vuelta-a-espana-2024-sepp-kuss-si-riavvicina-alla-top-10-nella-terza-settimana-dovro-scegliere-il-momento-giusto-per-provare-qualcosa\\\/\"},\"wordCount\":331,\"commentCount\":0,\"publisher\":{\"@id\":\"https:\\\/\\\/cyclingpro.net\\\/spaziociclismo\\\/#organization\"},\"image\":{\"@id\":\"https:\\\/\\\/cyclingpro.net\\\/spaziociclismo\\\/vuelta-2024\\\/vuelta-a-espana-2024-sepp-kuss-si-riavvicina-alla-top-10-nella-terza-settimana-dovro-scegliere-il-momento-giusto-per-provare-qualcosa\\\/#primaryimage\"},\"thumbnailUrl\":\"https:\\\/\\\/cyclingpro.net\\\/spaziociclismo\\\/wp-content\\\/uploads\\\/2024\\\/09\\\/1182527243.jpg\",\"keywords\":[\"Sepp Kuss\",\"Team Visma | Lease a Bike 2024\",\"Vuelta a Espa\u00f1a 2024\"],\"articleSection\":[\"Vuelta 2024\"],\"inLanguage\":\"it-IT\",\"potentialAction\":[{\"@type\":\"CommentAction\",\"name\":\"Comment\",\"target\":[\"https:\\\/\\\/cyclingpro.net\\\/spaziociclismo\\\/vuelta-2024\\\/vuelta-a-espana-2024-sepp-kuss-si-riavvicina-alla-top-10-nella-terza-settimana-dovro-scegliere-il-momento-giusto-per-provare-qualcosa\\\/#respond\"]}]},{\"@type\":\"WebPage\",\"@id\":\"https:\\\/\\\/cyclingpro.net\\\/spaziociclismo\\\/vuelta-2024\\\/vuelta-a-espana-2024-sepp-kuss-si-riavvicina-alla-top-10-nella-terza-settimana-dovro-scegliere-il-momento-giusto-per-provare-qualcosa\\\/\",\"url\":\"https:\\\/\\\/cyclingpro.net\\\/spaziociclismo\\\/vuelta-2024\\\/vuelta-a-espana-2024-sepp-kuss-si-riavvicina-alla-top-10-nella-terza-settimana-dovro-scegliere-il-momento-giusto-per-provare-qualcosa\\\/\",\"name\":\"Vuelta a Espa\u00f1a 2024, Sepp Kuss si riavvicina alla top10: \\\"Nella terza settimana dovr\u00f2 scegliere il momento giusto per provare qualcosa\\\" - SpazioCiclismo\",\"isPartOf\":{\"@id\":\"https:\\\/\\\/cyclingpro.net\\\/spaziociclismo\\\/#website\"},\"primaryImageOfPage\":{\"@id\":\"https:\\\/\\\/cyclingpro.net\\\/spaziociclismo\\\/vuelta-2024\\\/vuelta-a-espana-2024-sepp-kuss-si-riavvicina-alla-top-10-nella-terza-settimana-dovro-scegliere-il-momento-giusto-per-provare-qualcosa\\\/#primaryimage\"},\"image\":{\"@id\":\"https:\\\/\\\/cyclingpro.net\\\/spaziociclismo\\\/vuelta-2024\\\/vuelta-a-espana-2024-sepp-kuss-si-riavvicina-alla-top-10-nella-terza-settimana-dovro-scegliere-il-momento-giusto-per-provare-qualcosa\\\/#primaryimage\"},\"thumbnailUrl\":\"https:\\\/\\\/cyclingpro.net\\\/spaziociclismo\\\/wp-content\\\/uploads\\\/2024\\\/09\\\/1182527243.jpg\",\"datePublished\":\"2024-09-01T16:32:49+00:00\",\"dateModified\":\"2024-09-01T16:39:24+00:00\",\"breadcrumb\":{\"@id\":\"https:\\\/\\\/cyclingpro.net\\\/spaziociclismo\\\/vuelta-2024\\\/vuelta-a-espana-2024-sepp-kuss-si-riavvicina-alla-top-10-nella-terza-settimana-dovro-scegliere-il-momento-giusto-per-provare-qualcosa\\\/#breadcrumb\"},\"inLanguage\":\"it-IT\",\"potentialAction\":[{\"@type\":\"ReadAction\",\"target\":[\"https:\\\/\\\/cyclingpro.net\\\/spaziociclismo\\\/vuelta-2024\\\/vuelta-a-espana-2024-sepp-kuss-si-riavvicina-alla-top-10-nella-terza-settimana-dovro-scegliere-il-momento-giusto-per-provare-qualcosa\\\/\"]}]},{\"@type\":\"ImageObject\",\"inLanguage\":\"it-IT\",\"@id\":\"https:\\\/\\\/cyclingpro.net\\\/spaziociclismo\\\/vuelta-2024\\\/vuelta-a-espana-2024-sepp-kuss-si-riavvicina-alla-top-10-nella-terza-settimana-dovro-scegliere-il-momento-giusto-per-provare-qualcosa\\\/#primaryimage\",\"url\":\"https:\\\/\\\/cyclingpro.net\\\/spaziociclismo\\\/wp-content\\\/uploads\\\/2024\\\/09\\\/1182527243.jpg\",\"contentUrl\":\"https:\\\/\\\/cyclingpro.net\\\/spaziociclismo\\\/wp-content\\\/uploads\\\/2024\\\/09\\\/1182527243.jpg\",\"width\":1200,\"height\":800,\"caption\":\"\u00a9 Sirotti\"},{\"@type\":\"BreadcrumbList\",\"@id\":\"https:\\\/\\\/cyclingpro.net\\\/spaziociclismo\\\/vuelta-2024\\\/vuelta-a-espana-2024-sepp-kuss-si-riavvicina-alla-top-10-nella-terza-settimana-dovro-scegliere-il-momento-giusto-per-provare-qualcosa\\\/#breadcrumb\",\"itemListElement\":[{\"@type\":\"ListItem\",\"position\":1,\"name\":\"Home\",\"item\":\"https:\\\/\\\/cyclingpro.net\\\/spaziociclismo\\\/\"},{\"@type\":\"ListItem\",\"position\":2,\"name\":\"Vuelta a Espa\u00f1a 2024, Sepp Kuss si riavvicina alla top10: &#8220;Nella terza settimana dovr\u00f2 scegliere il momento giusto per provare qualcosa&#8221;\"}]},{\"@type\":\"WebSite\",\"@id\":\"https:\\\/\\\/cyclingpro.net\\\/spaziociclismo\\\/#website\",\"url\":\"https:\\\/\\\/cyclingpro.net\\\/spaziociclismo\\\/\",\"name\":\"SpazioCiclismo\",\"description\":\"Tutto il ciclismo minuto per minuto\",\"publisher\":{\"@id\":\"https:\\\/\\\/cyclingpro.net\\\/spaziociclismo\\\/#organization\"},\"potentialAction\":[{\"@type\":\"SearchAction\",\"target\":{\"@type\":\"EntryPoint\",\"urlTemplate\":\"https:\\\/\\\/cyclingpro.net\\\/spaziociclismo\\\/?s={search_term_string}\"},\"query-input\":{\"@type\":\"PropertyValueSpecification\",\"valueRequired\":true,\"valueName\":\"search_term_string\"}}],\"inLanguage\":\"it-IT\"},{\"@type\":\"Organization\",\"@id\":\"https:\\\/\\\/cyclingpro.net\\\/spaziociclismo\\\/#organization\",\"name\":\"SpazioCiclismo\",\"url\":\"https:\\\/\\\/cyclingpro.net\\\/spaziociclismo\\\/\",\"logo\":{\"@type\":\"ImageObject\",\"inLanguage\":\"it-IT\",\"@id\":\"https:\\\/\\\/cyclingpro.net\\\/spaziociclismo\\\/#\\\/schema\\\/logo\\\/image\\\/\",\"url\":\"https:\\\/\\\/cyclingpro.net\\\/spaziociclismo\\\/wp-content\\\/uploads\\\/2017\\\/02\\\/SpazioCiclismo-Logo-Quadrato.png\",\"contentUrl\":\"https:\\\/\\\/cyclingpro.net\\\/spaziociclismo\\\/wp-content\\\/uploads\\\/2017\\\/02\\\/SpazioCiclismo-Logo-Quadrato.png\",\"width\":450,\"height\":450,\"caption\":\"SpazioCiclismo\"},\"image\":{\"@id\":\"https:\\\/\\\/cyclingpro.net\\\/spaziociclismo\\\/#\\\/schema\\\/logo\\\/image\\\/\"},\"sameAs\":[\"https:\\\/\\\/www.facebook.com\\\/SpazioCiclismo\\\/\",\"https:\\\/\\\/x.com\\\/spaziociclismo\",\"https:\\\/\\\/www.instagram.com\\\/spaziociclismo\\\/\"]},{\"@type\":\"Person\",\"@id\":\"https:\\\/\\\/cyclingpro.net\\\/spaziociclismo\\\/#\\\/schema\\\/person\\\/9a6dbc3cf0df9a8cb7373df4b3ccf28f\",\"name\":\"Jacopo Cigoli\",\"image\":{\"@type\":\"ImageObject\",\"inLanguage\":\"it-IT\",\"@id\":\"https:\\\/\\\/secure.gravatar.com\\\/avatar\\\/fdd5d40e08c3e000b5685e098e37f84acbbda1f410034fe897155991525e80ba?s=96&d=mm&r=g\",\"url\":\"https:\\\/\\\/secure.gravatar.com\\\/avatar\\\/fdd5d40e08c3e000b5685e098e37f84acbbda1f410034fe897155991525e80ba?s=96&d=mm&r=g\",\"contentUrl\":\"https:\\\/\\\/secure.gravatar.com\\\/avatar\\\/fdd5d40e08c3e000b5685e098e37f84acbbda1f410034fe897155991525e80ba?s=96&d=mm&r=g\",\"caption\":\"Jacopo Cigoli\"},\"url\":\"https:\\\/\\\/cyclingpro.net\\\/spaziociclismo\\\/author\\\/jcigoli\\\/\"}]}<\/script>\n<!-- \/ Yoast SEO plugin. -->","yoast_head_json":{"title":"Vuelta a Espa\u00f1a 2024, Sepp Kuss si riavvicina alla top10: \"Nella terza settimana dovr\u00f2 scegliere il momento giusto per provare qualcosa\" - SpazioCiclismo","robots":{"index":"index","follow":"follow","max-snippet":"max-snippet:-1","max-image-preview":"max-image-preview:large","max-video-preview":"max-video-preview:-1"},"canonical":"https:\/\/cyclingpro.net\/spaziociclismo\/vuelta-2024\/vuelta-a-espana-2024-sepp-kuss-si-riavvicina-alla-top-10-nella-terza-settimana-dovro-scegliere-il-momento-giusto-per-provare-qualcosa\/","og_locale":"it_IT","og_type":"article","og_title":"Vuelta a Espa\u00f1a 2024, Sepp Kuss si riavvicina alla top10: \"Nella terza settimana dovr\u00f2 scegliere il momento giusto per provare qualcosa\" - SpazioCiclismo","og_description":"Un Sepp Kuss in crescita chiude a pochi secondi dai migliori la 15\u00aa frazione de #LaVuelta24","og_url":"https:\/\/cyclingpro.net\/spaziociclismo\/vuelta-2024\/vuelta-a-espana-2024-sepp-kuss-si-riavvicina-alla-top-10-nella-terza-settimana-dovro-scegliere-il-momento-giusto-per-provare-qualcosa\/","og_site_name":"SpazioCiclismo","article_publisher":"https:\/\/www.facebook.com\/SpazioCiclismo\/","article_published_time":"2024-09-01T16:32:49+00:00","article_modified_time":"2024-09-01T16:39:24+00:00","og_image":[{"width":1200,"height":800,"url":"https:\/\/cyclingpro.net\/spaziociclismo\/wp-content\/uploads\/2024\/09\/1182527243.jpg","type":"image\/jpeg"}],"author":"Jacopo Cigoli","twitter_card":"summary_large_image","twitter_creator":"@spaziociclismo","twitter_site":"@spaziociclismo","twitter_misc":{"Scritto da":"Jacopo Cigoli","Tempo di lettura stimato":"2 minuti"},"schema":{"@context":"https:\/\/schema.org","@graph":[{"@type":"Article","@id":"https:\/\/cyclingpro.net\/spaziociclismo\/vuelta-2024\/vuelta-a-espana-2024-sepp-kuss-si-riavvicina-alla-top-10-nella-terza-settimana-dovro-scegliere-il-momento-giusto-per-provare-qualcosa\/#article","isPartOf":{"@id":"https:\/\/cyclingpro.net\/spaziociclismo\/vuelta-2024\/vuelta-a-espana-2024-sepp-kuss-si-riavvicina-alla-top-10-nella-terza-settimana-dovro-scegliere-il-momento-giusto-per-provare-qualcosa\/"},"author":{"name":"Jacopo Cigoli","@id":"https:\/\/cyclingpro.net\/spaziociclismo\/#\/schema\/person\/9a6dbc3cf0df9a8cb7373df4b3ccf28f"},"headline":"Vuelta a Espa\u00f1a 2024, Sepp Kuss si riavvicina alla top10: &#8220;Nella terza settimana dovr\u00f2 scegliere il momento giusto per provare qualcosa&#8221;","datePublished":"2024-09-01T16:32:49+00:00","dateModified":"2024-09-01T16:39:24+00:00","mainEntityOfPage":{"@id":"https:\/\/cyclingpro.net\/spaziociclismo\/vuelta-2024\/vuelta-a-espana-2024-sepp-kuss-si-riavvicina-alla-top-10-nella-terza-settimana-dovro-scegliere-il-momento-giusto-per-provare-qualcosa\/"},"wordCount":331,"commentCount":0,"publisher":{"@id":"https:\/\/cyclingpro.net\/spaziociclismo\/#organization"},"image":{"@id":"https:\/\/cyclingpro.net\/spaziociclismo\/vuelta-2024\/vuelta-a-espana-2024-sepp-kuss-si-riavvicina-alla-top-10-nella-terza-settimana-dovro-scegliere-il-momento-giusto-per-provare-qualcosa\/#primaryimage"},"thumbnailUrl":"https:\/\/cyclingpro.net\/spaziociclismo\/wp-content\/uploads\/2024\/09\/1182527243.jpg","keywords":["Sepp Kuss","Team Visma | Lease a Bike 2024","Vuelta a Espa\u00f1a 2024"],"articleSection":["Vuelta 2024"],"inLanguage":"it-IT","potentialAction":[{"@type":"CommentAction","name":"Comment","target":["https:\/\/cyclingpro.net\/spaziociclismo\/vuelta-2024\/vuelta-a-espana-2024-sepp-kuss-si-riavvicina-alla-top-10-nella-terza-settimana-dovro-scegliere-il-momento-giusto-per-provare-qualcosa\/#respond"]}]},{"@type":"WebPage","@id":"https:\/\/cyclingpro.net\/spaziociclismo\/vuelta-2024\/vuelta-a-espana-2024-sepp-kuss-si-riavvicina-alla-top-10-nella-terza-settimana-dovro-scegliere-il-momento-giusto-per-provare-qualcosa\/","url":"https:\/\/cyclingpro.net\/spaziociclismo\/vuelta-2024\/vuelta-a-espana-2024-sepp-kuss-si-riavvicina-alla-top-10-nella-terza-settimana-dovro-scegliere-il-momento-giusto-per-provare-qualcosa\/","name":"Vuelta a Espa\u00f1a 2024, Sepp Kuss si riavvicina alla top10: \"Nella terza settimana dovr\u00f2 scegliere il momento giusto per provare qualcosa\" - SpazioCiclismo","isPartOf":{"@id":"https:\/\/cyclingpro.net\/spaziociclismo\/#website"},"primaryImageOfPage":{"@id":"https:\/\/cyclingpro.net\/spaziociclismo\/vuelta-2024\/vuelta-a-espana-2024-sepp-kuss-si-riavvicina-alla-top-10-nella-terza-settimana-dovro-scegliere-il-momento-giusto-per-provare-qualcosa\/#primaryimage"},"image":{"@id":"https:\/\/cyclingpro.net\/spaziociclismo\/vuelta-2024\/vuelta-a-espana-2024-sepp-kuss-si-riavvicina-alla-top-10-nella-terza-settimana-dovro-scegliere-il-momento-giusto-per-provare-qualcosa\/#primaryimage"},"thumbnailUrl":"https:\/\/cyclingpro.net\/spaziociclismo\/wp-content\/uploads\/2024\/09\/1182527243.jpg","datePublished":"2024-09-01T16:32:49+00:00","dateModified":"2024-09-01T16:39:24+00:00","breadcrumb":{"@id":"https:\/\/cyclingpro.net\/spaziociclismo\/vuelta-2024\/vuelta-a-espana-2024-sepp-kuss-si-riavvicina-alla-top-10-nella-terza-settimana-dovro-scegliere-il-momento-giusto-per-provare-qualcosa\/#breadcrumb"},"inLanguage":"it-IT","potentialAction":[{"@type":"ReadAction","target":["https:\/\/cyclingpro.net\/spaziociclismo\/vuelta-2024\/vuelta-a-espana-2024-sepp-kuss-si-riavvicina-alla-top-10-nella-terza-settimana-dovro-scegliere-il-momento-giusto-per-provare-qualcosa\/"]}]},{"@type":"ImageObject","inLanguage":"it-IT","@id":"https:\/\/cyclingpro.net\/spaziociclismo\/vuelta-2024\/vuelta-a-espana-2024-sepp-kuss-si-riavvicina-alla-top-10-nella-terza-settimana-dovro-scegliere-il-momento-giusto-per-provare-qualcosa\/#primaryimage","url":"https:\/\/cyclingpro.net\/spaziociclismo\/wp-content\/uploads\/2024\/09\/1182527243.jpg","contentUrl":"https:\/\/cyclingpro.net\/spaziociclismo\/wp-content\/uploads\/2024\/09\/1182527243.jpg","width":1200,"height":800,"caption":"\u00a9 Sirotti"},{"@type":"BreadcrumbList","@id":"https:\/\/cyclingpro.net\/spaziociclismo\/vuelta-2024\/vuelta-a-espana-2024-sepp-kuss-si-riavvicina-alla-top-10-nella-terza-settimana-dovro-scegliere-il-momento-giusto-per-provare-qualcosa\/#breadcrumb","itemListElement":[{"@type":"ListItem","position":1,"name":"Home","item":"https:\/\/cyclingpro.net\/spaziociclismo\/"},{"@type":"ListItem","position":2,"name":"Vuelta a Espa\u00f1a 2024, Sepp Kuss si riavvicina alla top10: &#8220;Nella terza settimana dovr\u00f2 scegliere il momento giusto per provare qualcosa&#8221;"}]},{"@type":"WebSite","@id":"https:\/\/cyclingpro.net\/spaziociclismo\/#website","url":"https:\/\/cyclingpro.net\/spaziociclismo\/","name":"SpazioCiclismo","description":"Tutto il ciclismo minuto per minuto","publisher":{"@id":"https:\/\/cyclingpro.net\/spaziociclismo\/#organization"},"potentialAction":[{"@type":"SearchAction","target":{"@type":"EntryPoint","urlTemplate":"https:\/\/cyclingpro.net\/spaziociclismo\/?s={search_term_string}"},"query-input":{"@type":"PropertyValueSpecification","valueRequired":true,"valueName":"search_term_string"}}],"inLanguage":"it-IT"},{"@type":"Organization","@id":"https:\/\/cyclingpro.net\/spaziociclismo\/#organization","name":"SpazioCiclismo","url":"https:\/\/cyclingpro.net\/spaziociclismo\/","logo":{"@type":"ImageObject","inLanguage":"it-IT","@id":"https:\/\/cyclingpro.net\/spaziociclismo\/#\/schema\/logo\/image\/","url":"https:\/\/cyclingpro.net\/spaziociclismo\/wp-content\/uploads\/2017\/02\/SpazioCiclismo-Logo-Quadrato.png","contentUrl":"https:\/\/cyclingpro.net\/spaziociclismo\/wp-content\/uploads\/2017\/02\/SpazioCiclismo-Logo-Quadrato.png","width":450,"height":450,"caption":"SpazioCiclismo"},"image":{"@id":"https:\/\/cyclingpro.net\/spaziociclismo\/#\/schema\/logo\/image\/"},"sameAs":["https:\/\/www.facebook.com\/SpazioCiclismo\/","https:\/\/x.com\/spaziociclismo","https:\/\/www.instagram.com\/spaziociclismo\/"]},{"@type":"Person","@id":"https:\/\/cyclingpro.net\/spaziociclismo\/#\/schema\/person\/9a6dbc3cf0df9a8cb7373df4b3ccf28f","name":"Jacopo Cigoli","image":{"@type":"ImageObject","inLanguage":"it-IT","@id":"https:\/\/secure.gravatar.com\/avatar\/fdd5d40e08c3e000b5685e098e37f84acbbda1f410034fe897155991525e80ba?s=96&d=mm&r=g","url":"https:\/\/secure.gravatar.com\/avatar\/fdd5d40e08c3e000b5685e098e37f84acbbda1f410034fe897155991525e80ba?s=96&d=mm&r=g","contentUrl":"https:\/\/secure.gravatar.com\/avatar\/fdd5d40e08c3e000b5685e098e37f84acbbda1f410034fe897155991525e80ba?s=96&d=mm&r=g","caption":"Jacopo Cigoli"},"url":"https:\/\/cyclingpro.net\/spaziociclismo\/author\/jcigoli\/"}]}},"_links":{"self":[{"href":"https:\/\/cyclingpro.net\/spaziociclismo\/wp-json\/wp\/v2\/posts\/308005","targetHints":{"allow":["GET"]}}],"collection":[{"href":"https:\/\/cyclingpro.net\/spaziociclismo\/wp-json\/wp\/v2\/posts"}],"about":[{"href":"https:\/\/cyclingpro.net\/spaziociclismo\/wp-json\/wp\/v2\/types\/post"}],"author":[{"embeddable":true,"href":"https:\/\/cyclingpro.net\/spaziociclismo\/wp-json\/wp\/v2\/users\/45"}],"replies":[{"embeddable":true,"href":"https:\/\/cyclingpro.net\/spaziociclismo\/wp-json\/wp\/v2\/comments?post=308005"}],"version-history":[{"count":2,"href":"https:\/\/cyclingpro.net\/spaziociclismo\/wp-json\/wp\/v2\/posts\/308005\/revisions"}],"predecessor-version":[{"id":308018,"href":"https:\/\/cyclingpro.net\/spaziociclismo\/wp-json\/wp\/v2\/posts\/308005\/revisions\/308018"}],"wp:featuredmedia":[{"embeddable":true,"href":"https:\/\/cyclingpro.net\/spaziociclismo\/wp-json\/wp\/v2\/media\/308016"}],"wp:attachment":[{"href":"https:\/\/cyclingpro.net\/spaziociclismo\/wp-json\/wp\/v2\/media?parent=308005"}],"wp:term":[{"taxonomy":"category","embeddable":true,"href":"https:\/\/cyclingpro.net\/spaziociclismo\/wp-json\/wp\/v2\/categories?post=308005"},{"taxonomy":"post_tag","embeddable":true,"href":"https:\/\/cyclingpro.net\/spaziociclismo\/wp-json\/wp\/v2\/tags?post=308005"}],"curies":[{"name":"wp","href":"https:\/\/api.w.org\/{rel}","templated":true}]}}