{"id":307726,"date":"2024-08-30T14:10:21","date_gmt":"2024-08-30T12:10:21","guid":{"rendered":"https:\/\/cyclingpro.net\/spaziociclismo\/?p=307726"},"modified":"2024-08-30T14:27:38","modified_gmt":"2024-08-30T12:27:38","slug":"vuelta-a-espana-2024-sepp-kuss-la-salita-finale-e-molto-ripida-bisognera-solo-avere-le-gambe-spero-di-poterci-provare","status":"publish","type":"post","link":"https:\/\/cyclingpro.net\/spaziociclismo\/vuelta-2024\/vuelta-a-espana-2024-sepp-kuss-la-salita-finale-e-molto-ripida-bisognera-solo-avere-le-gambe-spero-di-poterci-provare\/","title":{"rendered":"Vuelta a Espa\u00f1a 2024, Sepp Kuss: &#8220;La salita finale \u00e8 molto ripida, bisogner\u00e0 solo avere le gambe. Spero di poterci provare&#8221;"},"content":{"rendered":"<p><strong>Sepp Kuss<\/strong> atteso da un test importante nella tredicesima tappa della <strong>Vuelta a Espa\u00f1a 2024<\/strong>. Il campione uscente del GT iberico ha fin qui faticato a esprimersi al suo miglior livello e si trova al momento al 15\u00b0 posto nella classifica generale con 8&#8217;16&#8221; di ritardo dalla Maglia Rossa <strong>Ben O&#8217;Connor<\/strong> (Decathlon Ag2r La Mondiale) e 2&#8217;30&#8221; dal decimo posto. Molto, per\u00f2, pu\u00f2 ancora cambiare ora che arrivano salite pi\u00f9 lunghe e pi\u00f9 adatte alle caratteristiche dello statunitense della <strong>Visma | Lease a Bike<\/strong>, a partire proprio da oggi, quando nel finale si affronteranno le dure rampe del <strong>Puerto de Ancares<\/strong>.<\/p>\n<p>&#8220;Credo che una salita come quella di oggi sia abbastanza semplice &#8211; ha dichiarato Kuss ai nostri microfoni prima del via della tappa &#8211; <strong>\u00c8 solo molto ripida e devi solo avere grandi gambe<\/strong> (sorride, ndr). <strong>Spero di poterci provare<\/strong>. \u00c8 difficile dire se questa sia la miglior salita per me. Di sicuro, \u00e8 una tra quelle adatte a me&#8221;.<\/p>\n<p>Di questi tempi, un anno fa, lo statunitense vestiva la Maglia Rossa di leader, ma da allora molto \u00e8 cambiato: &#8220;<strong>Sono bei ricordi, ma questo \u00e8 un anno diverso e la storia \u00e8 diversa<\/strong>. Roglic se ne \u00e8 andato ed \u00e8 diverso correre contro di lui dopo essere stati compagni di squadra per tanto tempo. In gara siamo avversari, ma tutto \u00e8 sempre amichevole&#8221;, ha concluso il 29enne.<\/p>\n","protected":false},"excerpt":{"rendered":"<p>Sepp Kuss spera di riuscire a dire la sua nella salita finale della tredicesima tappa de #LaVuelta24<\/p>\n","protected":false},"author":27,"featured_media":296892,"comment_status":"open","ping_status":"closed","sticky":false,"template":"","format":"standard","meta":{"footnotes":""},"categories":[5370],"tags":[1457,5424,5362],"class_list":["post-307726","post","type-post","status-publish","format-standard","has-post-thumbnail","hentry","category-vuelta-2024","tag-sepp-kuss","tag-team-jumbo-visma-2024","tag-vuelta-a-espana-2024"],"yoast_head":"<!-- This site is optimized with the Yoast SEO plugin v27.4 - https:\/\/yoast.com\/product\/yoast-seo-wordpress\/ -->\n<title>Vuelta a Espa\u00f1a 2024, Sepp Kuss: &quot;La salita finale \u00e8 molto ripida, bisogner\u00e0 solo avere le gambe. Spero di poterci provare&quot; - SpazioCiclismo<\/title>\n<meta name=\"robots\" content=\"index, follow, max-snippet:-1, max-image-preview:large, max-video-preview:-1\" \/>\n<link rel=\"canonical\" href=\"https:\/\/cyclingpro.net\/spaziociclismo\/vuelta-2024\/vuelta-a-espana-2024-sepp-kuss-la-salita-finale-e-molto-ripida-bisognera-solo-avere-le-gambe-spero-di-poterci-provare\/\" \/>\n<meta property=\"og:locale\" content=\"it_IT\" \/>\n<meta property=\"og:type\" content=\"article\" \/>\n<meta property=\"og:title\" content=\"Vuelta a Espa\u00f1a 2024, Sepp Kuss: &quot;La salita finale \u00e8 molto ripida, bisogner\u00e0 solo avere le gambe. Spero di poterci provare&quot; - SpazioCiclismo\" \/>\n<meta property=\"og:description\" content=\"Sepp Kuss spera di riuscire a dire la sua nella salita finale della tredicesima tappa de #LaVuelta24\" \/>\n<meta property=\"og:url\" content=\"https:\/\/cyclingpro.net\/spaziociclismo\/vuelta-2024\/vuelta-a-espana-2024-sepp-kuss-la-salita-finale-e-molto-ripida-bisognera-solo-avere-le-gambe-spero-di-poterci-provare\/\" \/>\n<meta property=\"og:site_name\" content=\"SpazioCiclismo\" \/>\n<meta property=\"article:publisher\" content=\"https:\/\/www.facebook.com\/SpazioCiclismo\/\" \/>\n<meta property=\"article:published_time\" content=\"2024-08-30T12:10:21+00:00\" \/>\n<meta property=\"article:modified_time\" content=\"2024-08-30T12:27:38+00:00\" \/>\n<meta property=\"og:image\" content=\"https:\/\/cyclingpro.net\/spaziociclismo\/wp-content\/uploads\/2024\/06\/1166923333-scaled.jpg\" \/>\n\t<meta property=\"og:image:width\" content=\"2560\" \/>\n\t<meta property=\"og:image:height\" content=\"1439\" \/>\n\t<meta property=\"og:image:type\" content=\"image\/jpeg\" \/>\n<meta name=\"author\" content=\"Davide Filippi\" \/>\n<meta name=\"twitter:card\" content=\"summary_large_image\" \/>\n<meta name=\"twitter:creator\" content=\"@spaziociclismo\" \/>\n<meta name=\"twitter:site\" content=\"@spaziociclismo\" \/>\n<meta name=\"twitter:label1\" content=\"Scritto da\" \/>\n\t<meta name=\"twitter:data1\" content=\"Davide Filippi\" \/>\n\t<meta name=\"twitter:label2\" content=\"Tempo di lettura stimato\" \/>\n\t<meta name=\"twitter:data2\" content=\"2 minuti\" \/>\n<script type=\"application\/ld+json\" class=\"yoast-schema-graph\">{\"@context\":\"https:\\\/\\\/schema.org\",\"@graph\":[{\"@type\":\"Article\",\"@id\":\"https:\\\/\\\/cyclingpro.net\\\/spaziociclismo\\\/vuelta-2024\\\/vuelta-a-espana-2024-sepp-kuss-la-salita-finale-e-molto-ripida-bisognera-solo-avere-le-gambe-spero-di-poterci-provare\\\/#article\",\"isPartOf\":{\"@id\":\"https:\\\/\\\/cyclingpro.net\\\/spaziociclismo\\\/vuelta-2024\\\/vuelta-a-espana-2024-sepp-kuss-la-salita-finale-e-molto-ripida-bisognera-solo-avere-le-gambe-spero-di-poterci-provare\\\/\"},\"author\":{\"name\":\"Davide Filippi\",\"@id\":\"https:\\\/\\\/cyclingpro.net\\\/spaziociclismo\\\/#\\\/schema\\\/person\\\/5b11f525424bc937dcd939655cae5de3\"},\"headline\":\"Vuelta a Espa\u00f1a 2024, Sepp Kuss: &#8220;La salita finale \u00e8 molto ripida, bisogner\u00e0 solo avere le gambe. Spero di poterci provare&#8221;\",\"datePublished\":\"2024-08-30T12:10:21+00:00\",\"dateModified\":\"2024-08-30T12:27:38+00:00\",\"mainEntityOfPage\":{\"@id\":\"https:\\\/\\\/cyclingpro.net\\\/spaziociclismo\\\/vuelta-2024\\\/vuelta-a-espana-2024-sepp-kuss-la-salita-finale-e-molto-ripida-bisognera-solo-avere-le-gambe-spero-di-poterci-provare\\\/\"},\"wordCount\":238,\"commentCount\":0,\"publisher\":{\"@id\":\"https:\\\/\\\/cyclingpro.net\\\/spaziociclismo\\\/#organization\"},\"image\":{\"@id\":\"https:\\\/\\\/cyclingpro.net\\\/spaziociclismo\\\/vuelta-2024\\\/vuelta-a-espana-2024-sepp-kuss-la-salita-finale-e-molto-ripida-bisognera-solo-avere-le-gambe-spero-di-poterci-provare\\\/#primaryimage\"},\"thumbnailUrl\":\"https:\\\/\\\/cyclingpro.net\\\/spaziociclismo\\\/wp-content\\\/uploads\\\/2024\\\/06\\\/1166923333-scaled.jpg\",\"keywords\":[\"Sepp Kuss\",\"Team Visma | Lease a Bike 2024\",\"Vuelta a Espa\u00f1a 2024\"],\"articleSection\":[\"Vuelta 2024\"],\"inLanguage\":\"it-IT\",\"potentialAction\":[{\"@type\":\"CommentAction\",\"name\":\"Comment\",\"target\":[\"https:\\\/\\\/cyclingpro.net\\\/spaziociclismo\\\/vuelta-2024\\\/vuelta-a-espana-2024-sepp-kuss-la-salita-finale-e-molto-ripida-bisognera-solo-avere-le-gambe-spero-di-poterci-provare\\\/#respond\"]}]},{\"@type\":\"WebPage\",\"@id\":\"https:\\\/\\\/cyclingpro.net\\\/spaziociclismo\\\/vuelta-2024\\\/vuelta-a-espana-2024-sepp-kuss-la-salita-finale-e-molto-ripida-bisognera-solo-avere-le-gambe-spero-di-poterci-provare\\\/\",\"url\":\"https:\\\/\\\/cyclingpro.net\\\/spaziociclismo\\\/vuelta-2024\\\/vuelta-a-espana-2024-sepp-kuss-la-salita-finale-e-molto-ripida-bisognera-solo-avere-le-gambe-spero-di-poterci-provare\\\/\",\"name\":\"Vuelta a Espa\u00f1a 2024, Sepp Kuss: \\\"La salita finale \u00e8 molto ripida, bisogner\u00e0 solo avere le gambe. Spero di poterci provare\\\" - SpazioCiclismo\",\"isPartOf\":{\"@id\":\"https:\\\/\\\/cyclingpro.net\\\/spaziociclismo\\\/#website\"},\"primaryImageOfPage\":{\"@id\":\"https:\\\/\\\/cyclingpro.net\\\/spaziociclismo\\\/vuelta-2024\\\/vuelta-a-espana-2024-sepp-kuss-la-salita-finale-e-molto-ripida-bisognera-solo-avere-le-gambe-spero-di-poterci-provare\\\/#primaryimage\"},\"image\":{\"@id\":\"https:\\\/\\\/cyclingpro.net\\\/spaziociclismo\\\/vuelta-2024\\\/vuelta-a-espana-2024-sepp-kuss-la-salita-finale-e-molto-ripida-bisognera-solo-avere-le-gambe-spero-di-poterci-provare\\\/#primaryimage\"},\"thumbnailUrl\":\"https:\\\/\\\/cyclingpro.net\\\/spaziociclismo\\\/wp-content\\\/uploads\\\/2024\\\/06\\\/1166923333-scaled.jpg\",\"datePublished\":\"2024-08-30T12:10:21+00:00\",\"dateModified\":\"2024-08-30T12:27:38+00:00\",\"breadcrumb\":{\"@id\":\"https:\\\/\\\/cyclingpro.net\\\/spaziociclismo\\\/vuelta-2024\\\/vuelta-a-espana-2024-sepp-kuss-la-salita-finale-e-molto-ripida-bisognera-solo-avere-le-gambe-spero-di-poterci-provare\\\/#breadcrumb\"},\"inLanguage\":\"it-IT\",\"potentialAction\":[{\"@type\":\"ReadAction\",\"target\":[\"https:\\\/\\\/cyclingpro.net\\\/spaziociclismo\\\/vuelta-2024\\\/vuelta-a-espana-2024-sepp-kuss-la-salita-finale-e-molto-ripida-bisognera-solo-avere-le-gambe-spero-di-poterci-provare\\\/\"]}]},{\"@type\":\"ImageObject\",\"inLanguage\":\"it-IT\",\"@id\":\"https:\\\/\\\/cyclingpro.net\\\/spaziociclismo\\\/vuelta-2024\\\/vuelta-a-espana-2024-sepp-kuss-la-salita-finale-e-molto-ripida-bisognera-solo-avere-le-gambe-spero-di-poterci-provare\\\/#primaryimage\",\"url\":\"https:\\\/\\\/cyclingpro.net\\\/spaziociclismo\\\/wp-content\\\/uploads\\\/2024\\\/06\\\/1166923333-scaled.jpg\",\"contentUrl\":\"https:\\\/\\\/cyclingpro.net\\\/spaziociclismo\\\/wp-content\\\/uploads\\\/2024\\\/06\\\/1166923333-scaled.jpg\",\"width\":2560,\"height\":1439,\"caption\":\"\u00a9 Sirotti\"},{\"@type\":\"BreadcrumbList\",\"@id\":\"https:\\\/\\\/cyclingpro.net\\\/spaziociclismo\\\/vuelta-2024\\\/vuelta-a-espana-2024-sepp-kuss-la-salita-finale-e-molto-ripida-bisognera-solo-avere-le-gambe-spero-di-poterci-provare\\\/#breadcrumb\",\"itemListElement\":[{\"@type\":\"ListItem\",\"position\":1,\"name\":\"Home\",\"item\":\"https:\\\/\\\/cyclingpro.net\\\/spaziociclismo\\\/\"},{\"@type\":\"ListItem\",\"position\":2,\"name\":\"Vuelta a Espa\u00f1a 2024, Sepp Kuss: &#8220;La salita finale \u00e8 molto ripida, bisogner\u00e0 solo avere le gambe. Spero di poterci provare&#8221;\"}]},{\"@type\":\"WebSite\",\"@id\":\"https:\\\/\\\/cyclingpro.net\\\/spaziociclismo\\\/#website\",\"url\":\"https:\\\/\\\/cyclingpro.net\\\/spaziociclismo\\\/\",\"name\":\"SpazioCiclismo\",\"description\":\"Tutto il ciclismo minuto per minuto\",\"publisher\":{\"@id\":\"https:\\\/\\\/cyclingpro.net\\\/spaziociclismo\\\/#organization\"},\"potentialAction\":[{\"@type\":\"SearchAction\",\"target\":{\"@type\":\"EntryPoint\",\"urlTemplate\":\"https:\\\/\\\/cyclingpro.net\\\/spaziociclismo\\\/?s={search_term_string}\"},\"query-input\":{\"@type\":\"PropertyValueSpecification\",\"valueRequired\":true,\"valueName\":\"search_term_string\"}}],\"inLanguage\":\"it-IT\"},{\"@type\":\"Organization\",\"@id\":\"https:\\\/\\\/cyclingpro.net\\\/spaziociclismo\\\/#organization\",\"name\":\"SpazioCiclismo\",\"url\":\"https:\\\/\\\/cyclingpro.net\\\/spaziociclismo\\\/\",\"logo\":{\"@type\":\"ImageObject\",\"inLanguage\":\"it-IT\",\"@id\":\"https:\\\/\\\/cyclingpro.net\\\/spaziociclismo\\\/#\\\/schema\\\/logo\\\/image\\\/\",\"url\":\"https:\\\/\\\/cyclingpro.net\\\/spaziociclismo\\\/wp-content\\\/uploads\\\/2017\\\/02\\\/SpazioCiclismo-Logo-Quadrato.png\",\"contentUrl\":\"https:\\\/\\\/cyclingpro.net\\\/spaziociclismo\\\/wp-content\\\/uploads\\\/2017\\\/02\\\/SpazioCiclismo-Logo-Quadrato.png\",\"width\":450,\"height\":450,\"caption\":\"SpazioCiclismo\"},\"image\":{\"@id\":\"https:\\\/\\\/cyclingpro.net\\\/spaziociclismo\\\/#\\\/schema\\\/logo\\\/image\\\/\"},\"sameAs\":[\"https:\\\/\\\/www.facebook.com\\\/SpazioCiclismo\\\/\",\"https:\\\/\\\/x.com\\\/spaziociclismo\",\"https:\\\/\\\/www.instagram.com\\\/spaziociclismo\\\/\"]},{\"@type\":\"Person\",\"@id\":\"https:\\\/\\\/cyclingpro.net\\\/spaziociclismo\\\/#\\\/schema\\\/person\\\/5b11f525424bc937dcd939655cae5de3\",\"name\":\"Davide Filippi\",\"image\":{\"@type\":\"ImageObject\",\"inLanguage\":\"it-IT\",\"@id\":\"https:\\\/\\\/secure.gravatar.com\\\/avatar\\\/acf38569376402ef43c46c36ea62f8a431f13c39fac703a2ed157f3bbfa5c1ab?s=96&d=mm&r=g\",\"url\":\"https:\\\/\\\/secure.gravatar.com\\\/avatar\\\/acf38569376402ef43c46c36ea62f8a431f13c39fac703a2ed157f3bbfa5c1ab?s=96&d=mm&r=g\",\"contentUrl\":\"https:\\\/\\\/secure.gravatar.com\\\/avatar\\\/acf38569376402ef43c46c36ea62f8a431f13c39fac703a2ed157f3bbfa5c1ab?s=96&d=mm&r=g\",\"caption\":\"Davide Filippi\"},\"url\":\"https:\\\/\\\/cyclingpro.net\\\/spaziociclismo\\\/author\\\/dfilippi\\\/\"}]}<\/script>\n<!-- \/ Yoast SEO plugin. -->","yoast_head_json":{"title":"Vuelta a Espa\u00f1a 2024, Sepp Kuss: \"La salita finale \u00e8 molto ripida, bisogner\u00e0 solo avere le gambe. Spero di poterci provare\" - SpazioCiclismo","robots":{"index":"index","follow":"follow","max-snippet":"max-snippet:-1","max-image-preview":"max-image-preview:large","max-video-preview":"max-video-preview:-1"},"canonical":"https:\/\/cyclingpro.net\/spaziociclismo\/vuelta-2024\/vuelta-a-espana-2024-sepp-kuss-la-salita-finale-e-molto-ripida-bisognera-solo-avere-le-gambe-spero-di-poterci-provare\/","og_locale":"it_IT","og_type":"article","og_title":"Vuelta a Espa\u00f1a 2024, Sepp Kuss: \"La salita finale \u00e8 molto ripida, bisogner\u00e0 solo avere le gambe. Spero di poterci provare\" - SpazioCiclismo","og_description":"Sepp Kuss spera di riuscire a dire la sua nella salita finale della tredicesima tappa de #LaVuelta24","og_url":"https:\/\/cyclingpro.net\/spaziociclismo\/vuelta-2024\/vuelta-a-espana-2024-sepp-kuss-la-salita-finale-e-molto-ripida-bisognera-solo-avere-le-gambe-spero-di-poterci-provare\/","og_site_name":"SpazioCiclismo","article_publisher":"https:\/\/www.facebook.com\/SpazioCiclismo\/","article_published_time":"2024-08-30T12:10:21+00:00","article_modified_time":"2024-08-30T12:27:38+00:00","og_image":[{"width":2560,"height":1439,"url":"https:\/\/cyclingpro.net\/spaziociclismo\/wp-content\/uploads\/2024\/06\/1166923333-scaled.jpg","type":"image\/jpeg"}],"author":"Davide Filippi","twitter_card":"summary_large_image","twitter_creator":"@spaziociclismo","twitter_site":"@spaziociclismo","twitter_misc":{"Scritto da":"Davide Filippi","Tempo di lettura stimato":"2 minuti"},"schema":{"@context":"https:\/\/schema.org","@graph":[{"@type":"Article","@id":"https:\/\/cyclingpro.net\/spaziociclismo\/vuelta-2024\/vuelta-a-espana-2024-sepp-kuss-la-salita-finale-e-molto-ripida-bisognera-solo-avere-le-gambe-spero-di-poterci-provare\/#article","isPartOf":{"@id":"https:\/\/cyclingpro.net\/spaziociclismo\/vuelta-2024\/vuelta-a-espana-2024-sepp-kuss-la-salita-finale-e-molto-ripida-bisognera-solo-avere-le-gambe-spero-di-poterci-provare\/"},"author":{"name":"Davide Filippi","@id":"https:\/\/cyclingpro.net\/spaziociclismo\/#\/schema\/person\/5b11f525424bc937dcd939655cae5de3"},"headline":"Vuelta a Espa\u00f1a 2024, Sepp Kuss: &#8220;La salita finale \u00e8 molto ripida, bisogner\u00e0 solo avere le gambe. Spero di poterci provare&#8221;","datePublished":"2024-08-30T12:10:21+00:00","dateModified":"2024-08-30T12:27:38+00:00","mainEntityOfPage":{"@id":"https:\/\/cyclingpro.net\/spaziociclismo\/vuelta-2024\/vuelta-a-espana-2024-sepp-kuss-la-salita-finale-e-molto-ripida-bisognera-solo-avere-le-gambe-spero-di-poterci-provare\/"},"wordCount":238,"commentCount":0,"publisher":{"@id":"https:\/\/cyclingpro.net\/spaziociclismo\/#organization"},"image":{"@id":"https:\/\/cyclingpro.net\/spaziociclismo\/vuelta-2024\/vuelta-a-espana-2024-sepp-kuss-la-salita-finale-e-molto-ripida-bisognera-solo-avere-le-gambe-spero-di-poterci-provare\/#primaryimage"},"thumbnailUrl":"https:\/\/cyclingpro.net\/spaziociclismo\/wp-content\/uploads\/2024\/06\/1166923333-scaled.jpg","keywords":["Sepp Kuss","Team Visma | Lease a Bike 2024","Vuelta a Espa\u00f1a 2024"],"articleSection":["Vuelta 2024"],"inLanguage":"it-IT","potentialAction":[{"@type":"CommentAction","name":"Comment","target":["https:\/\/cyclingpro.net\/spaziociclismo\/vuelta-2024\/vuelta-a-espana-2024-sepp-kuss-la-salita-finale-e-molto-ripida-bisognera-solo-avere-le-gambe-spero-di-poterci-provare\/#respond"]}]},{"@type":"WebPage","@id":"https:\/\/cyclingpro.net\/spaziociclismo\/vuelta-2024\/vuelta-a-espana-2024-sepp-kuss-la-salita-finale-e-molto-ripida-bisognera-solo-avere-le-gambe-spero-di-poterci-provare\/","url":"https:\/\/cyclingpro.net\/spaziociclismo\/vuelta-2024\/vuelta-a-espana-2024-sepp-kuss-la-salita-finale-e-molto-ripida-bisognera-solo-avere-le-gambe-spero-di-poterci-provare\/","name":"Vuelta a Espa\u00f1a 2024, Sepp Kuss: \"La salita finale \u00e8 molto ripida, bisogner\u00e0 solo avere le gambe. Spero di poterci provare\" - SpazioCiclismo","isPartOf":{"@id":"https:\/\/cyclingpro.net\/spaziociclismo\/#website"},"primaryImageOfPage":{"@id":"https:\/\/cyclingpro.net\/spaziociclismo\/vuelta-2024\/vuelta-a-espana-2024-sepp-kuss-la-salita-finale-e-molto-ripida-bisognera-solo-avere-le-gambe-spero-di-poterci-provare\/#primaryimage"},"image":{"@id":"https:\/\/cyclingpro.net\/spaziociclismo\/vuelta-2024\/vuelta-a-espana-2024-sepp-kuss-la-salita-finale-e-molto-ripida-bisognera-solo-avere-le-gambe-spero-di-poterci-provare\/#primaryimage"},"thumbnailUrl":"https:\/\/cyclingpro.net\/spaziociclismo\/wp-content\/uploads\/2024\/06\/1166923333-scaled.jpg","datePublished":"2024-08-30T12:10:21+00:00","dateModified":"2024-08-30T12:27:38+00:00","breadcrumb":{"@id":"https:\/\/cyclingpro.net\/spaziociclismo\/vuelta-2024\/vuelta-a-espana-2024-sepp-kuss-la-salita-finale-e-molto-ripida-bisognera-solo-avere-le-gambe-spero-di-poterci-provare\/#breadcrumb"},"inLanguage":"it-IT","potentialAction":[{"@type":"ReadAction","target":["https:\/\/cyclingpro.net\/spaziociclismo\/vuelta-2024\/vuelta-a-espana-2024-sepp-kuss-la-salita-finale-e-molto-ripida-bisognera-solo-avere-le-gambe-spero-di-poterci-provare\/"]}]},{"@type":"ImageObject","inLanguage":"it-IT","@id":"https:\/\/cyclingpro.net\/spaziociclismo\/vuelta-2024\/vuelta-a-espana-2024-sepp-kuss-la-salita-finale-e-molto-ripida-bisognera-solo-avere-le-gambe-spero-di-poterci-provare\/#primaryimage","url":"https:\/\/cyclingpro.net\/spaziociclismo\/wp-content\/uploads\/2024\/06\/1166923333-scaled.jpg","contentUrl":"https:\/\/cyclingpro.net\/spaziociclismo\/wp-content\/uploads\/2024\/06\/1166923333-scaled.jpg","width":2560,"height":1439,"caption":"\u00a9 Sirotti"},{"@type":"BreadcrumbList","@id":"https:\/\/cyclingpro.net\/spaziociclismo\/vuelta-2024\/vuelta-a-espana-2024-sepp-kuss-la-salita-finale-e-molto-ripida-bisognera-solo-avere-le-gambe-spero-di-poterci-provare\/#breadcrumb","itemListElement":[{"@type":"ListItem","position":1,"name":"Home","item":"https:\/\/cyclingpro.net\/spaziociclismo\/"},{"@type":"ListItem","position":2,"name":"Vuelta a Espa\u00f1a 2024, Sepp Kuss: &#8220;La salita finale \u00e8 molto ripida, bisogner\u00e0 solo avere le gambe. Spero di poterci provare&#8221;"}]},{"@type":"WebSite","@id":"https:\/\/cyclingpro.net\/spaziociclismo\/#website","url":"https:\/\/cyclingpro.net\/spaziociclismo\/","name":"SpazioCiclismo","description":"Tutto il ciclismo minuto per minuto","publisher":{"@id":"https:\/\/cyclingpro.net\/spaziociclismo\/#organization"},"potentialAction":[{"@type":"SearchAction","target":{"@type":"EntryPoint","urlTemplate":"https:\/\/cyclingpro.net\/spaziociclismo\/?s={search_term_string}"},"query-input":{"@type":"PropertyValueSpecification","valueRequired":true,"valueName":"search_term_string"}}],"inLanguage":"it-IT"},{"@type":"Organization","@id":"https:\/\/cyclingpro.net\/spaziociclismo\/#organization","name":"SpazioCiclismo","url":"https:\/\/cyclingpro.net\/spaziociclismo\/","logo":{"@type":"ImageObject","inLanguage":"it-IT","@id":"https:\/\/cyclingpro.net\/spaziociclismo\/#\/schema\/logo\/image\/","url":"https:\/\/cyclingpro.net\/spaziociclismo\/wp-content\/uploads\/2017\/02\/SpazioCiclismo-Logo-Quadrato.png","contentUrl":"https:\/\/cyclingpro.net\/spaziociclismo\/wp-content\/uploads\/2017\/02\/SpazioCiclismo-Logo-Quadrato.png","width":450,"height":450,"caption":"SpazioCiclismo"},"image":{"@id":"https:\/\/cyclingpro.net\/spaziociclismo\/#\/schema\/logo\/image\/"},"sameAs":["https:\/\/www.facebook.com\/SpazioCiclismo\/","https:\/\/x.com\/spaziociclismo","https:\/\/www.instagram.com\/spaziociclismo\/"]},{"@type":"Person","@id":"https:\/\/cyclingpro.net\/spaziociclismo\/#\/schema\/person\/5b11f525424bc937dcd939655cae5de3","name":"Davide Filippi","image":{"@type":"ImageObject","inLanguage":"it-IT","@id":"https:\/\/secure.gravatar.com\/avatar\/acf38569376402ef43c46c36ea62f8a431f13c39fac703a2ed157f3bbfa5c1ab?s=96&d=mm&r=g","url":"https:\/\/secure.gravatar.com\/avatar\/acf38569376402ef43c46c36ea62f8a431f13c39fac703a2ed157f3bbfa5c1ab?s=96&d=mm&r=g","contentUrl":"https:\/\/secure.gravatar.com\/avatar\/acf38569376402ef43c46c36ea62f8a431f13c39fac703a2ed157f3bbfa5c1ab?s=96&d=mm&r=g","caption":"Davide Filippi"},"url":"https:\/\/cyclingpro.net\/spaziociclismo\/author\/dfilippi\/"}]}},"_links":{"self":[{"href":"https:\/\/cyclingpro.net\/spaziociclismo\/wp-json\/wp\/v2\/posts\/307726","targetHints":{"allow":["GET"]}}],"collection":[{"href":"https:\/\/cyclingpro.net\/spaziociclismo\/wp-json\/wp\/v2\/posts"}],"about":[{"href":"https:\/\/cyclingpro.net\/spaziociclismo\/wp-json\/wp\/v2\/types\/post"}],"author":[{"embeddable":true,"href":"https:\/\/cyclingpro.net\/spaziociclismo\/wp-json\/wp\/v2\/users\/27"}],"replies":[{"embeddable":true,"href":"https:\/\/cyclingpro.net\/spaziociclismo\/wp-json\/wp\/v2\/comments?post=307726"}],"version-history":[{"count":1,"href":"https:\/\/cyclingpro.net\/spaziociclismo\/wp-json\/wp\/v2\/posts\/307726\/revisions"}],"predecessor-version":[{"id":307728,"href":"https:\/\/cyclingpro.net\/spaziociclismo\/wp-json\/wp\/v2\/posts\/307726\/revisions\/307728"}],"wp:featuredmedia":[{"embeddable":true,"href":"https:\/\/cyclingpro.net\/spaziociclismo\/wp-json\/wp\/v2\/media\/296892"}],"wp:attachment":[{"href":"https:\/\/cyclingpro.net\/spaziociclismo\/wp-json\/wp\/v2\/media?parent=307726"}],"wp:term":[{"taxonomy":"category","embeddable":true,"href":"https:\/\/cyclingpro.net\/spaziociclismo\/wp-json\/wp\/v2\/categories?post=307726"},{"taxonomy":"post_tag","embeddable":true,"href":"https:\/\/cyclingpro.net\/spaziociclismo\/wp-json\/wp\/v2\/tags?post=307726"}],"curies":[{"name":"wp","href":"https:\/\/api.w.org\/{rel}","templated":true}]}}