{"id":275162,"date":"2023-12-15T19:00:56","date_gmt":"2023-12-15T18:00:56","guid":{"rendered":"https:\/\/cyclingpro.net\/spaziociclismo\/?p=275162"},"modified":"2023-12-15T20:40:36","modified_gmt":"2023-12-15T19:40:36","slug":"visma-lease-a-bike-sepp-kuss-torna-a-parlare-della-vuelta-e-stata-una-dinamica-strana-sperare-che-unaltra-squadra-insegua-un-tuo-compagno","status":"publish","type":"post","link":"https:\/\/cyclingpro.net\/spaziociclismo\/worldtour\/visma-lease-a-bike-sepp-kuss-torna-a-parlare-della-vuelta-e-stata-una-dinamica-strana-sperare-che-unaltra-squadra-insegua-un-tuo-compagno\/","title":{"rendered":"Visma | Lease a Bike, Sepp Kuss torna a parlare della Vuelta: &#8220;\u00c8 stata una dinamica strana sperare che un&#8217;altra squadra insegua un tuo compagno&#8221;"},"content":{"rendered":"<p><strong>Sepp Kuss<\/strong> si sta ancora godendo l&#8217;inaspettato successo alla <strong>Vuelta a Espa\u00f1a 2023<\/strong>. Lo scorso settembre, lo scalatore statunitense ha ottenuto la sua vittoria pi\u00f9 importante conquistando la classifica finale del GT spagnolo, una vittoria arrivata non solo grazie alle sue grandi qualit\u00e0, ma anche per le tattiche e per il gioco di squadra attuate con i compagni <strong>Jonas Vingegaard<\/strong> e <strong>Primoz Roglic<\/strong>, che in quella corsa partivano con i gradi di capitani della <strong>Jumbo-Visma<\/strong> ma che alla fine sono finiti sul podio alle spalle di colui che, in teoria, avrebbe dovuto essere loro gregario. Durante l&#8217;ultimo episodio del podcast <em>Geraint Thomas Cycling Club<\/em>, il 29enne \u00e8 tornato a parlare della gara e delle dinamiche che si sono create in squadra dopo che, al termine della settima tappa, \u00e8 andato a vestire la Maglia Rossa con ampio margine sui propri capitani.<\/p>\n<p>&#8220;<strong>All&#8217;inizio non mi sembrava giusto dire: &#8216;Voglio questo, questo, questo&#8217;, perch\u00e9 avevo anche capito che ero in quella posizione a causa della tattica della nostra squadra<\/strong>, il che \u00e8 giusto &#8211; ha spiegato Kuss &#8211; Non avevo intenzione di mettere al loro posto il vincitore del Giro e il vincitore del Tour, nemmeno sapendo che alla fine avrei avuto le gambe per farlo. Ho sempre avuto fiducia in me stesso, ma <strong>non volevo dettare legge in quel modo<\/strong>&#8220;.<\/p>\n<p>Lo statunitense ha poi mantenuto il simbolo del primato anche dopo la cronometro e per tutta la seconda settimana, ma all&#8217;inizio della terza ha rischiato di perdere la leadership dopo che, nella tappa 16, Vingegaard ha attaccato sulla salita finale di Bejes: &#8220;Ha chiesto alla radio: &#8216;Posso attaccare?&#8217; e io ho detto: &#8216;Certo, qualcuno deve inseguire, quindi non \u00e8 un male&#8217;. <strong>Poi, quando si \u00e8 verificato uno stallo totale e l&#8217;UAE aveva tutti questi corridori e nessuno tirava, ero tipo &#8216;Oh merda<\/strong>. Ok, bene, voglio che Jonas vinca ma spero che qualcuno dietro tiri, altrimenti cosa facciamo? Non lo rincorrer\u00f2 io&#8217;. <strong>\u00c8 stata una dinamica strana sperare che un&#8217;altra squadra insegua il tuo compagno di squadra<\/strong>. Lo dico in senso positivo, volevo che vincesse quella tappa, non c&#8217;\u00e8 niente di sbagliato in questo, ma \u00e8 stato uno stallo strano&#8221;.<\/p>\n<p>Un&#8217;altra giornata decisiva \u00e8 stata poi quella dell&#8217;Angliru del giorno seguente, dove Kuss si \u00e8 ritrovato staccato sia da Vingegaard che da Roglic: &#8220;<strong>Prima di quel momento, mi sentivo bene<\/strong>. Ho pensato: &#8216;Potrei vincere questa tappa, questa \u00e8 la tappa che volevo vincere in tutta la Vuelta e mi sento molto bene&#8217;. Poi, a un chilometro dall&#8217;arrivo, andavano sempre pi\u00f9 veloci e io ero al limite.<strong> Quando mi sono reso conto che stavo per staccarmi, ho pensato: &#8216;Ok, beh, questa \u00e8 la fine per me<\/strong>. Questo \u00e8 ci\u00f2 che abbiamo concordato e non pensavo che accadesse in questo modo, ma immagino che sar\u00e0 cos\u00ec'&#8221;.<\/p>\n<p>Il 29enne \u00e8 invece riuscito a mantenere il simbolo del primato e, da quel momento, anche grazie a un accordo interno al team (<a href=\"https:\/\/cyclingpro.net\/spaziociclismo\/worldtour\/vuelta-a-espana-2023-in-casa-jumbo-non-e-stato-tutto-rose-e-fiori-dopo-langliru-abbiamo-fatto-una-riunione-7-corridori-su-8-erano-daccordo-perche-vincesse-kuss-roglic-si-e-adattato\/\">non senza qualche tensione<\/a>), \u00e8 stato deciso che sarebbe stato lui a conquistare la corsa. Lo statunitense non crede per\u00f2 di aver vinto solo grazie a questa &#8216;gentile concessione&#8217; di Vingegaard e Roglic: &#8220;Anche quel ragionamento \u00e8 valido, ma se ci penso, che dire di tutte le volte che li ho portati in giro, o dell\u2019anno in cui ho salvato Primo\u017e sull\u2019Angliru? <strong>Se il ciclismo \u00e8 come un sistema di caste, dove sei un gregario e lo sei in qualsiasi caso, allora \u00e8 un modo di vedere la cosa, ma poi, a sua volta, chiunque abbia la maglia di leader \u00e8 il leader in qualsiasi caso<\/strong>. In qualunque modo la si giri, devi giocartela all&#8217;interno dei livelli della squadra, anche chi \u00e8 il pi\u00f9 forte, e <strong>penso di essere stato il pi\u00f9 forte in quella situazione<\/strong>&#8220;.<\/p>\n","protected":false},"excerpt":{"rendered":"<p>Sepp Kuss si sta ancora godendo l&#8217;inaspettato successo alla Vuelta a Espa\u00f1a 2023. Lo scorso settembre, lo scalatore statunitense ha ottenuto la sua vittoria pi\u00f9 importante conquistando la classifica finale del GT spagnolo, una vittoria arrivata non solo grazie alle sue grandi qualit\u00e0, ma anche per le tattiche e per il gioco di squadra attuate &hellip;<\/p>\n","protected":false},"author":27,"featured_media":268226,"comment_status":"open","ping_status":"open","sticky":false,"template":"","format":"standard","meta":{"footnotes":""},"categories":[25],"tags":[1457,4843,4781],"class_list":["post-275162","post","type-post","status-publish","format-standard","has-post-thumbnail","hentry","category-worldtour","tag-sepp-kuss","tag-team-jumbo-visma-2023","tag-vuelta-a-espana-2023"],"yoast_head":"<!-- This site is optimized with the Yoast SEO plugin v27.4 - https:\/\/yoast.com\/product\/yoast-seo-wordpress\/ -->\n<title>Visma | Lease a Bike, Sepp Kuss torna a parlare della Vuelta: &quot;\u00c8 stata una dinamica strana sperare che un&#039;altra squadra insegua un tuo compagno&quot; - SpazioCiclismo<\/title>\n<meta name=\"robots\" content=\"index, follow, max-snippet:-1, max-image-preview:large, max-video-preview:-1\" \/>\n<link rel=\"canonical\" href=\"https:\/\/cyclingpro.net\/spaziociclismo\/worldtour\/visma-lease-a-bike-sepp-kuss-torna-a-parlare-della-vuelta-e-stata-una-dinamica-strana-sperare-che-unaltra-squadra-insegua-un-tuo-compagno\/\" \/>\n<meta property=\"og:locale\" content=\"it_IT\" \/>\n<meta property=\"og:type\" content=\"article\" \/>\n<meta property=\"og:title\" content=\"Visma | Lease a Bike, Sepp Kuss torna a parlare della Vuelta: &quot;\u00c8 stata una dinamica strana sperare che un&#039;altra squadra insegua un tuo compagno&quot; - SpazioCiclismo\" \/>\n<meta property=\"og:description\" content=\"Sepp Kuss si sta ancora godendo l&#8217;inaspettato successo alla Vuelta a Espa\u00f1a 2023. Lo scorso settembre, lo scalatore statunitense ha ottenuto la sua vittoria pi\u00f9 importante conquistando la classifica finale del GT spagnolo, una vittoria arrivata non solo grazie alle sue grandi qualit\u00e0, ma anche per le tattiche e per il gioco di squadra attuate &hellip;\" \/>\n<meta property=\"og:url\" content=\"https:\/\/cyclingpro.net\/spaziociclismo\/worldtour\/visma-lease-a-bike-sepp-kuss-torna-a-parlare-della-vuelta-e-stata-una-dinamica-strana-sperare-che-unaltra-squadra-insegua-un-tuo-compagno\/\" \/>\n<meta property=\"og:site_name\" content=\"SpazioCiclismo\" \/>\n<meta property=\"article:publisher\" content=\"https:\/\/www.facebook.com\/SpazioCiclismo\/\" \/>\n<meta property=\"article:published_time\" content=\"2023-12-15T18:00:56+00:00\" \/>\n<meta property=\"article:modified_time\" content=\"2023-12-15T19:40:36+00:00\" \/>\n<meta property=\"og:image\" content=\"https:\/\/cyclingpro.net\/spaziociclismo\/wp-content\/uploads\/2023\/09\/Podio-Vuelta-a-Espana-2023-Sepp-Kuss-Jonas-Vingegaard-Primoz-Roglic.jpg\" \/>\n\t<meta property=\"og:image:width\" content=\"1200\" \/>\n\t<meta property=\"og:image:height\" content=\"800\" \/>\n\t<meta property=\"og:image:type\" content=\"image\/jpeg\" \/>\n<meta name=\"author\" content=\"Davide Filippi\" \/>\n<meta name=\"twitter:card\" content=\"summary_large_image\" \/>\n<meta name=\"twitter:creator\" content=\"@spaziociclismo\" \/>\n<meta name=\"twitter:site\" content=\"@spaziociclismo\" \/>\n<meta name=\"twitter:label1\" content=\"Scritto da\" \/>\n\t<meta name=\"twitter:data1\" content=\"Davide Filippi\" \/>\n\t<meta name=\"twitter:label2\" content=\"Tempo di lettura stimato\" \/>\n\t<meta name=\"twitter:data2\" content=\"4 minuti\" \/>\n<script type=\"application\/ld+json\" class=\"yoast-schema-graph\">{\"@context\":\"https:\\\/\\\/schema.org\",\"@graph\":[{\"@type\":\"Article\",\"@id\":\"https:\\\/\\\/cyclingpro.net\\\/spaziociclismo\\\/worldtour\\\/visma-lease-a-bike-sepp-kuss-torna-a-parlare-della-vuelta-e-stata-una-dinamica-strana-sperare-che-unaltra-squadra-insegua-un-tuo-compagno\\\/#article\",\"isPartOf\":{\"@id\":\"https:\\\/\\\/cyclingpro.net\\\/spaziociclismo\\\/worldtour\\\/visma-lease-a-bike-sepp-kuss-torna-a-parlare-della-vuelta-e-stata-una-dinamica-strana-sperare-che-unaltra-squadra-insegua-un-tuo-compagno\\\/\"},\"author\":{\"name\":\"Davide Filippi\",\"@id\":\"https:\\\/\\\/cyclingpro.net\\\/spaziociclismo\\\/#\\\/schema\\\/person\\\/5b11f525424bc937dcd939655cae5de3\"},\"headline\":\"Visma | Lease a Bike, Sepp Kuss torna a parlare della Vuelta: &#8220;\u00c8 stata una dinamica strana sperare che un&#8217;altra squadra insegua un tuo compagno&#8221;\",\"datePublished\":\"2023-12-15T18:00:56+00:00\",\"dateModified\":\"2023-12-15T19:40:36+00:00\",\"mainEntityOfPage\":{\"@id\":\"https:\\\/\\\/cyclingpro.net\\\/spaziociclismo\\\/worldtour\\\/visma-lease-a-bike-sepp-kuss-torna-a-parlare-della-vuelta-e-stata-una-dinamica-strana-sperare-che-unaltra-squadra-insegua-un-tuo-compagno\\\/\"},\"wordCount\":637,\"commentCount\":0,\"publisher\":{\"@id\":\"https:\\\/\\\/cyclingpro.net\\\/spaziociclismo\\\/#organization\"},\"image\":{\"@id\":\"https:\\\/\\\/cyclingpro.net\\\/spaziociclismo\\\/worldtour\\\/visma-lease-a-bike-sepp-kuss-torna-a-parlare-della-vuelta-e-stata-una-dinamica-strana-sperare-che-unaltra-squadra-insegua-un-tuo-compagno\\\/#primaryimage\"},\"thumbnailUrl\":\"https:\\\/\\\/cyclingpro.net\\\/spaziociclismo\\\/wp-content\\\/uploads\\\/2023\\\/09\\\/Podio-Vuelta-a-Espana-2023-Sepp-Kuss-Jonas-Vingegaard-Primoz-Roglic.jpg\",\"keywords\":[\"Sepp Kuss\",\"Team Jumbo - Visma 2023\",\"Vuelta a Espa\u00f1a 2023\"],\"articleSection\":[\"WorldTour\"],\"inLanguage\":\"it-IT\",\"potentialAction\":[{\"@type\":\"CommentAction\",\"name\":\"Comment\",\"target\":[\"https:\\\/\\\/cyclingpro.net\\\/spaziociclismo\\\/worldtour\\\/visma-lease-a-bike-sepp-kuss-torna-a-parlare-della-vuelta-e-stata-una-dinamica-strana-sperare-che-unaltra-squadra-insegua-un-tuo-compagno\\\/#respond\"]}]},{\"@type\":\"WebPage\",\"@id\":\"https:\\\/\\\/cyclingpro.net\\\/spaziociclismo\\\/worldtour\\\/visma-lease-a-bike-sepp-kuss-torna-a-parlare-della-vuelta-e-stata-una-dinamica-strana-sperare-che-unaltra-squadra-insegua-un-tuo-compagno\\\/\",\"url\":\"https:\\\/\\\/cyclingpro.net\\\/spaziociclismo\\\/worldtour\\\/visma-lease-a-bike-sepp-kuss-torna-a-parlare-della-vuelta-e-stata-una-dinamica-strana-sperare-che-unaltra-squadra-insegua-un-tuo-compagno\\\/\",\"name\":\"Visma | Lease a Bike, Sepp Kuss torna a parlare della Vuelta: \\\"\u00c8 stata una dinamica strana sperare che un'altra squadra insegua un tuo compagno\\\" - SpazioCiclismo\",\"isPartOf\":{\"@id\":\"https:\\\/\\\/cyclingpro.net\\\/spaziociclismo\\\/#website\"},\"primaryImageOfPage\":{\"@id\":\"https:\\\/\\\/cyclingpro.net\\\/spaziociclismo\\\/worldtour\\\/visma-lease-a-bike-sepp-kuss-torna-a-parlare-della-vuelta-e-stata-una-dinamica-strana-sperare-che-unaltra-squadra-insegua-un-tuo-compagno\\\/#primaryimage\"},\"image\":{\"@id\":\"https:\\\/\\\/cyclingpro.net\\\/spaziociclismo\\\/worldtour\\\/visma-lease-a-bike-sepp-kuss-torna-a-parlare-della-vuelta-e-stata-una-dinamica-strana-sperare-che-unaltra-squadra-insegua-un-tuo-compagno\\\/#primaryimage\"},\"thumbnailUrl\":\"https:\\\/\\\/cyclingpro.net\\\/spaziociclismo\\\/wp-content\\\/uploads\\\/2023\\\/09\\\/Podio-Vuelta-a-Espana-2023-Sepp-Kuss-Jonas-Vingegaard-Primoz-Roglic.jpg\",\"datePublished\":\"2023-12-15T18:00:56+00:00\",\"dateModified\":\"2023-12-15T19:40:36+00:00\",\"breadcrumb\":{\"@id\":\"https:\\\/\\\/cyclingpro.net\\\/spaziociclismo\\\/worldtour\\\/visma-lease-a-bike-sepp-kuss-torna-a-parlare-della-vuelta-e-stata-una-dinamica-strana-sperare-che-unaltra-squadra-insegua-un-tuo-compagno\\\/#breadcrumb\"},\"inLanguage\":\"it-IT\",\"potentialAction\":[{\"@type\":\"ReadAction\",\"target\":[\"https:\\\/\\\/cyclingpro.net\\\/spaziociclismo\\\/worldtour\\\/visma-lease-a-bike-sepp-kuss-torna-a-parlare-della-vuelta-e-stata-una-dinamica-strana-sperare-che-unaltra-squadra-insegua-un-tuo-compagno\\\/\"]}]},{\"@type\":\"ImageObject\",\"inLanguage\":\"it-IT\",\"@id\":\"https:\\\/\\\/cyclingpro.net\\\/spaziociclismo\\\/worldtour\\\/visma-lease-a-bike-sepp-kuss-torna-a-parlare-della-vuelta-e-stata-una-dinamica-strana-sperare-che-unaltra-squadra-insegua-un-tuo-compagno\\\/#primaryimage\",\"url\":\"https:\\\/\\\/cyclingpro.net\\\/spaziociclismo\\\/wp-content\\\/uploads\\\/2023\\\/09\\\/Podio-Vuelta-a-Espana-2023-Sepp-Kuss-Jonas-Vingegaard-Primoz-Roglic.jpg\",\"contentUrl\":\"https:\\\/\\\/cyclingpro.net\\\/spaziociclismo\\\/wp-content\\\/uploads\\\/2023\\\/09\\\/Podio-Vuelta-a-Espana-2023-Sepp-Kuss-Jonas-Vingegaard-Primoz-Roglic.jpg\",\"width\":1200,\"height\":800,\"caption\":\"\u00a9 Sirotti\"},{\"@type\":\"BreadcrumbList\",\"@id\":\"https:\\\/\\\/cyclingpro.net\\\/spaziociclismo\\\/worldtour\\\/visma-lease-a-bike-sepp-kuss-torna-a-parlare-della-vuelta-e-stata-una-dinamica-strana-sperare-che-unaltra-squadra-insegua-un-tuo-compagno\\\/#breadcrumb\",\"itemListElement\":[{\"@type\":\"ListItem\",\"position\":1,\"name\":\"Home\",\"item\":\"https:\\\/\\\/cyclingpro.net\\\/spaziociclismo\\\/\"},{\"@type\":\"ListItem\",\"position\":2,\"name\":\"Visma | Lease a Bike, Sepp Kuss torna a parlare della Vuelta: &#8220;\u00c8 stata una dinamica strana sperare che un&#8217;altra squadra insegua un tuo compagno&#8221;\"}]},{\"@type\":\"WebSite\",\"@id\":\"https:\\\/\\\/cyclingpro.net\\\/spaziociclismo\\\/#website\",\"url\":\"https:\\\/\\\/cyclingpro.net\\\/spaziociclismo\\\/\",\"name\":\"SpazioCiclismo\",\"description\":\"Tutto il ciclismo minuto per minuto\",\"publisher\":{\"@id\":\"https:\\\/\\\/cyclingpro.net\\\/spaziociclismo\\\/#organization\"},\"potentialAction\":[{\"@type\":\"SearchAction\",\"target\":{\"@type\":\"EntryPoint\",\"urlTemplate\":\"https:\\\/\\\/cyclingpro.net\\\/spaziociclismo\\\/?s={search_term_string}\"},\"query-input\":{\"@type\":\"PropertyValueSpecification\",\"valueRequired\":true,\"valueName\":\"search_term_string\"}}],\"inLanguage\":\"it-IT\"},{\"@type\":\"Organization\",\"@id\":\"https:\\\/\\\/cyclingpro.net\\\/spaziociclismo\\\/#organization\",\"name\":\"SpazioCiclismo\",\"url\":\"https:\\\/\\\/cyclingpro.net\\\/spaziociclismo\\\/\",\"logo\":{\"@type\":\"ImageObject\",\"inLanguage\":\"it-IT\",\"@id\":\"https:\\\/\\\/cyclingpro.net\\\/spaziociclismo\\\/#\\\/schema\\\/logo\\\/image\\\/\",\"url\":\"https:\\\/\\\/cyclingpro.net\\\/spaziociclismo\\\/wp-content\\\/uploads\\\/2017\\\/02\\\/SpazioCiclismo-Logo-Quadrato.png\",\"contentUrl\":\"https:\\\/\\\/cyclingpro.net\\\/spaziociclismo\\\/wp-content\\\/uploads\\\/2017\\\/02\\\/SpazioCiclismo-Logo-Quadrato.png\",\"width\":450,\"height\":450,\"caption\":\"SpazioCiclismo\"},\"image\":{\"@id\":\"https:\\\/\\\/cyclingpro.net\\\/spaziociclismo\\\/#\\\/schema\\\/logo\\\/image\\\/\"},\"sameAs\":[\"https:\\\/\\\/www.facebook.com\\\/SpazioCiclismo\\\/\",\"https:\\\/\\\/x.com\\\/spaziociclismo\",\"https:\\\/\\\/www.instagram.com\\\/spaziociclismo\\\/\"]},{\"@type\":\"Person\",\"@id\":\"https:\\\/\\\/cyclingpro.net\\\/spaziociclismo\\\/#\\\/schema\\\/person\\\/5b11f525424bc937dcd939655cae5de3\",\"name\":\"Davide Filippi\",\"image\":{\"@type\":\"ImageObject\",\"inLanguage\":\"it-IT\",\"@id\":\"https:\\\/\\\/secure.gravatar.com\\\/avatar\\\/acf38569376402ef43c46c36ea62f8a431f13c39fac703a2ed157f3bbfa5c1ab?s=96&d=mm&r=g\",\"url\":\"https:\\\/\\\/secure.gravatar.com\\\/avatar\\\/acf38569376402ef43c46c36ea62f8a431f13c39fac703a2ed157f3bbfa5c1ab?s=96&d=mm&r=g\",\"contentUrl\":\"https:\\\/\\\/secure.gravatar.com\\\/avatar\\\/acf38569376402ef43c46c36ea62f8a431f13c39fac703a2ed157f3bbfa5c1ab?s=96&d=mm&r=g\",\"caption\":\"Davide Filippi\"},\"url\":\"https:\\\/\\\/cyclingpro.net\\\/spaziociclismo\\\/author\\\/dfilippi\\\/\"}]}<\/script>\n<!-- \/ Yoast SEO plugin. -->","yoast_head_json":{"title":"Visma | Lease a Bike, Sepp Kuss torna a parlare della Vuelta: \"\u00c8 stata una dinamica strana sperare che un'altra squadra insegua un tuo compagno\" - SpazioCiclismo","robots":{"index":"index","follow":"follow","max-snippet":"max-snippet:-1","max-image-preview":"max-image-preview:large","max-video-preview":"max-video-preview:-1"},"canonical":"https:\/\/cyclingpro.net\/spaziociclismo\/worldtour\/visma-lease-a-bike-sepp-kuss-torna-a-parlare-della-vuelta-e-stata-una-dinamica-strana-sperare-che-unaltra-squadra-insegua-un-tuo-compagno\/","og_locale":"it_IT","og_type":"article","og_title":"Visma | Lease a Bike, Sepp Kuss torna a parlare della Vuelta: \"\u00c8 stata una dinamica strana sperare che un'altra squadra insegua un tuo compagno\" - SpazioCiclismo","og_description":"Sepp Kuss si sta ancora godendo l&#8217;inaspettato successo alla Vuelta a Espa\u00f1a 2023. Lo scorso settembre, lo scalatore statunitense ha ottenuto la sua vittoria pi\u00f9 importante conquistando la classifica finale del GT spagnolo, una vittoria arrivata non solo grazie alle sue grandi qualit\u00e0, ma anche per le tattiche e per il gioco di squadra attuate &hellip;","og_url":"https:\/\/cyclingpro.net\/spaziociclismo\/worldtour\/visma-lease-a-bike-sepp-kuss-torna-a-parlare-della-vuelta-e-stata-una-dinamica-strana-sperare-che-unaltra-squadra-insegua-un-tuo-compagno\/","og_site_name":"SpazioCiclismo","article_publisher":"https:\/\/www.facebook.com\/SpazioCiclismo\/","article_published_time":"2023-12-15T18:00:56+00:00","article_modified_time":"2023-12-15T19:40:36+00:00","og_image":[{"width":1200,"height":800,"url":"https:\/\/cyclingpro.net\/spaziociclismo\/wp-content\/uploads\/2023\/09\/Podio-Vuelta-a-Espana-2023-Sepp-Kuss-Jonas-Vingegaard-Primoz-Roglic.jpg","type":"image\/jpeg"}],"author":"Davide Filippi","twitter_card":"summary_large_image","twitter_creator":"@spaziociclismo","twitter_site":"@spaziociclismo","twitter_misc":{"Scritto da":"Davide Filippi","Tempo di lettura stimato":"4 minuti"},"schema":{"@context":"https:\/\/schema.org","@graph":[{"@type":"Article","@id":"https:\/\/cyclingpro.net\/spaziociclismo\/worldtour\/visma-lease-a-bike-sepp-kuss-torna-a-parlare-della-vuelta-e-stata-una-dinamica-strana-sperare-che-unaltra-squadra-insegua-un-tuo-compagno\/#article","isPartOf":{"@id":"https:\/\/cyclingpro.net\/spaziociclismo\/worldtour\/visma-lease-a-bike-sepp-kuss-torna-a-parlare-della-vuelta-e-stata-una-dinamica-strana-sperare-che-unaltra-squadra-insegua-un-tuo-compagno\/"},"author":{"name":"Davide Filippi","@id":"https:\/\/cyclingpro.net\/spaziociclismo\/#\/schema\/person\/5b11f525424bc937dcd939655cae5de3"},"headline":"Visma | Lease a Bike, Sepp Kuss torna a parlare della Vuelta: &#8220;\u00c8 stata una dinamica strana sperare che un&#8217;altra squadra insegua un tuo compagno&#8221;","datePublished":"2023-12-15T18:00:56+00:00","dateModified":"2023-12-15T19:40:36+00:00","mainEntityOfPage":{"@id":"https:\/\/cyclingpro.net\/spaziociclismo\/worldtour\/visma-lease-a-bike-sepp-kuss-torna-a-parlare-della-vuelta-e-stata-una-dinamica-strana-sperare-che-unaltra-squadra-insegua-un-tuo-compagno\/"},"wordCount":637,"commentCount":0,"publisher":{"@id":"https:\/\/cyclingpro.net\/spaziociclismo\/#organization"},"image":{"@id":"https:\/\/cyclingpro.net\/spaziociclismo\/worldtour\/visma-lease-a-bike-sepp-kuss-torna-a-parlare-della-vuelta-e-stata-una-dinamica-strana-sperare-che-unaltra-squadra-insegua-un-tuo-compagno\/#primaryimage"},"thumbnailUrl":"https:\/\/cyclingpro.net\/spaziociclismo\/wp-content\/uploads\/2023\/09\/Podio-Vuelta-a-Espana-2023-Sepp-Kuss-Jonas-Vingegaard-Primoz-Roglic.jpg","keywords":["Sepp Kuss","Team Jumbo - Visma 2023","Vuelta a Espa\u00f1a 2023"],"articleSection":["WorldTour"],"inLanguage":"it-IT","potentialAction":[{"@type":"CommentAction","name":"Comment","target":["https:\/\/cyclingpro.net\/spaziociclismo\/worldtour\/visma-lease-a-bike-sepp-kuss-torna-a-parlare-della-vuelta-e-stata-una-dinamica-strana-sperare-che-unaltra-squadra-insegua-un-tuo-compagno\/#respond"]}]},{"@type":"WebPage","@id":"https:\/\/cyclingpro.net\/spaziociclismo\/worldtour\/visma-lease-a-bike-sepp-kuss-torna-a-parlare-della-vuelta-e-stata-una-dinamica-strana-sperare-che-unaltra-squadra-insegua-un-tuo-compagno\/","url":"https:\/\/cyclingpro.net\/spaziociclismo\/worldtour\/visma-lease-a-bike-sepp-kuss-torna-a-parlare-della-vuelta-e-stata-una-dinamica-strana-sperare-che-unaltra-squadra-insegua-un-tuo-compagno\/","name":"Visma | Lease a Bike, Sepp Kuss torna a parlare della Vuelta: \"\u00c8 stata una dinamica strana sperare che un'altra squadra insegua un tuo compagno\" - SpazioCiclismo","isPartOf":{"@id":"https:\/\/cyclingpro.net\/spaziociclismo\/#website"},"primaryImageOfPage":{"@id":"https:\/\/cyclingpro.net\/spaziociclismo\/worldtour\/visma-lease-a-bike-sepp-kuss-torna-a-parlare-della-vuelta-e-stata-una-dinamica-strana-sperare-che-unaltra-squadra-insegua-un-tuo-compagno\/#primaryimage"},"image":{"@id":"https:\/\/cyclingpro.net\/spaziociclismo\/worldtour\/visma-lease-a-bike-sepp-kuss-torna-a-parlare-della-vuelta-e-stata-una-dinamica-strana-sperare-che-unaltra-squadra-insegua-un-tuo-compagno\/#primaryimage"},"thumbnailUrl":"https:\/\/cyclingpro.net\/spaziociclismo\/wp-content\/uploads\/2023\/09\/Podio-Vuelta-a-Espana-2023-Sepp-Kuss-Jonas-Vingegaard-Primoz-Roglic.jpg","datePublished":"2023-12-15T18:00:56+00:00","dateModified":"2023-12-15T19:40:36+00:00","breadcrumb":{"@id":"https:\/\/cyclingpro.net\/spaziociclismo\/worldtour\/visma-lease-a-bike-sepp-kuss-torna-a-parlare-della-vuelta-e-stata-una-dinamica-strana-sperare-che-unaltra-squadra-insegua-un-tuo-compagno\/#breadcrumb"},"inLanguage":"it-IT","potentialAction":[{"@type":"ReadAction","target":["https:\/\/cyclingpro.net\/spaziociclismo\/worldtour\/visma-lease-a-bike-sepp-kuss-torna-a-parlare-della-vuelta-e-stata-una-dinamica-strana-sperare-che-unaltra-squadra-insegua-un-tuo-compagno\/"]}]},{"@type":"ImageObject","inLanguage":"it-IT","@id":"https:\/\/cyclingpro.net\/spaziociclismo\/worldtour\/visma-lease-a-bike-sepp-kuss-torna-a-parlare-della-vuelta-e-stata-una-dinamica-strana-sperare-che-unaltra-squadra-insegua-un-tuo-compagno\/#primaryimage","url":"https:\/\/cyclingpro.net\/spaziociclismo\/wp-content\/uploads\/2023\/09\/Podio-Vuelta-a-Espana-2023-Sepp-Kuss-Jonas-Vingegaard-Primoz-Roglic.jpg","contentUrl":"https:\/\/cyclingpro.net\/spaziociclismo\/wp-content\/uploads\/2023\/09\/Podio-Vuelta-a-Espana-2023-Sepp-Kuss-Jonas-Vingegaard-Primoz-Roglic.jpg","width":1200,"height":800,"caption":"\u00a9 Sirotti"},{"@type":"BreadcrumbList","@id":"https:\/\/cyclingpro.net\/spaziociclismo\/worldtour\/visma-lease-a-bike-sepp-kuss-torna-a-parlare-della-vuelta-e-stata-una-dinamica-strana-sperare-che-unaltra-squadra-insegua-un-tuo-compagno\/#breadcrumb","itemListElement":[{"@type":"ListItem","position":1,"name":"Home","item":"https:\/\/cyclingpro.net\/spaziociclismo\/"},{"@type":"ListItem","position":2,"name":"Visma | Lease a Bike, Sepp Kuss torna a parlare della Vuelta: &#8220;\u00c8 stata una dinamica strana sperare che un&#8217;altra squadra insegua un tuo compagno&#8221;"}]},{"@type":"WebSite","@id":"https:\/\/cyclingpro.net\/spaziociclismo\/#website","url":"https:\/\/cyclingpro.net\/spaziociclismo\/","name":"SpazioCiclismo","description":"Tutto il ciclismo minuto per minuto","publisher":{"@id":"https:\/\/cyclingpro.net\/spaziociclismo\/#organization"},"potentialAction":[{"@type":"SearchAction","target":{"@type":"EntryPoint","urlTemplate":"https:\/\/cyclingpro.net\/spaziociclismo\/?s={search_term_string}"},"query-input":{"@type":"PropertyValueSpecification","valueRequired":true,"valueName":"search_term_string"}}],"inLanguage":"it-IT"},{"@type":"Organization","@id":"https:\/\/cyclingpro.net\/spaziociclismo\/#organization","name":"SpazioCiclismo","url":"https:\/\/cyclingpro.net\/spaziociclismo\/","logo":{"@type":"ImageObject","inLanguage":"it-IT","@id":"https:\/\/cyclingpro.net\/spaziociclismo\/#\/schema\/logo\/image\/","url":"https:\/\/cyclingpro.net\/spaziociclismo\/wp-content\/uploads\/2017\/02\/SpazioCiclismo-Logo-Quadrato.png","contentUrl":"https:\/\/cyclingpro.net\/spaziociclismo\/wp-content\/uploads\/2017\/02\/SpazioCiclismo-Logo-Quadrato.png","width":450,"height":450,"caption":"SpazioCiclismo"},"image":{"@id":"https:\/\/cyclingpro.net\/spaziociclismo\/#\/schema\/logo\/image\/"},"sameAs":["https:\/\/www.facebook.com\/SpazioCiclismo\/","https:\/\/x.com\/spaziociclismo","https:\/\/www.instagram.com\/spaziociclismo\/"]},{"@type":"Person","@id":"https:\/\/cyclingpro.net\/spaziociclismo\/#\/schema\/person\/5b11f525424bc937dcd939655cae5de3","name":"Davide Filippi","image":{"@type":"ImageObject","inLanguage":"it-IT","@id":"https:\/\/secure.gravatar.com\/avatar\/acf38569376402ef43c46c36ea62f8a431f13c39fac703a2ed157f3bbfa5c1ab?s=96&d=mm&r=g","url":"https:\/\/secure.gravatar.com\/avatar\/acf38569376402ef43c46c36ea62f8a431f13c39fac703a2ed157f3bbfa5c1ab?s=96&d=mm&r=g","contentUrl":"https:\/\/secure.gravatar.com\/avatar\/acf38569376402ef43c46c36ea62f8a431f13c39fac703a2ed157f3bbfa5c1ab?s=96&d=mm&r=g","caption":"Davide Filippi"},"url":"https:\/\/cyclingpro.net\/spaziociclismo\/author\/dfilippi\/"}]}},"_links":{"self":[{"href":"https:\/\/cyclingpro.net\/spaziociclismo\/wp-json\/wp\/v2\/posts\/275162","targetHints":{"allow":["GET"]}}],"collection":[{"href":"https:\/\/cyclingpro.net\/spaziociclismo\/wp-json\/wp\/v2\/posts"}],"about":[{"href":"https:\/\/cyclingpro.net\/spaziociclismo\/wp-json\/wp\/v2\/types\/post"}],"author":[{"embeddable":true,"href":"https:\/\/cyclingpro.net\/spaziociclismo\/wp-json\/wp\/v2\/users\/27"}],"replies":[{"embeddable":true,"href":"https:\/\/cyclingpro.net\/spaziociclismo\/wp-json\/wp\/v2\/comments?post=275162"}],"version-history":[{"count":2,"href":"https:\/\/cyclingpro.net\/spaziociclismo\/wp-json\/wp\/v2\/posts\/275162\/revisions"}],"predecessor-version":[{"id":275168,"href":"https:\/\/cyclingpro.net\/spaziociclismo\/wp-json\/wp\/v2\/posts\/275162\/revisions\/275168"}],"wp:featuredmedia":[{"embeddable":true,"href":"https:\/\/cyclingpro.net\/spaziociclismo\/wp-json\/wp\/v2\/media\/268226"}],"wp:attachment":[{"href":"https:\/\/cyclingpro.net\/spaziociclismo\/wp-json\/wp\/v2\/media?parent=275162"}],"wp:term":[{"taxonomy":"category","embeddable":true,"href":"https:\/\/cyclingpro.net\/spaziociclismo\/wp-json\/wp\/v2\/categories?post=275162"},{"taxonomy":"post_tag","embeddable":true,"href":"https:\/\/cyclingpro.net\/spaziociclismo\/wp-json\/wp\/v2\/tags?post=275162"}],"curies":[{"name":"wp","href":"https:\/\/api.w.org\/{rel}","templated":true}]}}