{"id":267610,"date":"2023-09-13T17:18:31","date_gmt":"2023-09-13T15:18:31","guid":{"rendered":"https:\/\/cyclingpro.net\/spaziociclismo\/?p=267610"},"modified":"2023-09-14T11:28:31","modified_gmt":"2023-09-14T09:28:31","slug":"vuelta-a-espana-2023-jumbo-visma-senza-rivali-tripletta-sullangliru-primoz-roglic-vince-sepp-kuss-conserva-la-maglia-rossa","status":"publish","type":"post","link":"https:\/\/cyclingpro.net\/spaziociclismo\/sintesi-gare\/vuelta-a-espana-2023-jumbo-visma-senza-rivali-tripletta-sullangliru-primoz-roglic-vince-sepp-kuss-conserva-la-maglia-rossa\/","title":{"rendered":"Vuelta a Espa\u00f1a 2023, Jumbo-Visma senza rivali: tripletta sull&#8217;Angliru! Primoz Roglic vince, Sepp Kuss conserva la Maglia Rossa"},"content":{"rendered":"<p>Altro show <strong>Jumbo-Visma<\/strong> alla <strong>Vuelta a Espa\u00f1a 2023<\/strong>. Impressionante prova sull&#8217;Angliru della formazione neerlandese, che realizza un&#8217;altra tripletta (stavolta l&#8217;ordine di arrivo \u00e8 <strong>Primoz Roglic<\/strong>, <strong>Jonas Vingegaard<\/strong> e <strong>Sepp Kuss<\/strong>). Malgrado abbia perso contatto nel finale, l&#8217;americano conserva la Maglia Rossa con una manciata di secondi sul danese. Unico a limitare i danni rispetto al terribile trio \u00e8 <strong>Mikel Landa<\/strong> (Bahrain-Victorious), che conclude in quarta posizione, assieme a Kuss, con un ritardo di 19 secondi rispetto al vincitore di giornata, seguito a ruota da Vingegaard.<\/p>\n<p>In classifica generale si rafforza cos\u00ec il dominio del team neerlandese, con Kuss che resta in testa per otto secondi su Vingegaard e 1&#8217;08&#8221; su Roglic. Respinto dalle durissime rampe del mostro asturiano <strong>Juan Ayuso<\/strong> resta in quarta posizione, ma si trova ormai a quattro minuti dal leader, resistendo comunque alla rimonta di <strong>Mikel Landa<\/strong>, quinto a 4&#8217;16&#8221; superando <strong>Enric Mas<\/strong>, solo inizialmente in grado di seguire il ritmo sfrenato della Bahrain &#8211; Victorious che ha fatto esplodere il gruppo prima che salisse in cattedra la Jumbo-Visma.<\/p>\n<h2>Il video dell&#8217;arrivo<\/h2>\n<p><span class=\"l7OeFnpAZx6H57wRNEYS0ECK18jHY2kNjScxsrAcyhZkFvBo9mJPTGI6z3uymLgqiRtediVPJOD4\"><iframe loading=\"lazy\" title=\"Last Km - Stage 17 - La Vuelta 2023\" frameborder=\"0\" width=\"500\" height=\"281\" src=\"https:\/\/geo.dailymotion.com\/player.html?video=x8o1sb7&#038;\" allowfullscreen allow=\"autoplay; fullscreen; picture-in-picture; web-share\"><\/iframe><\/span><\/p>\n<h2>Il racconto della corsa<\/h2>\n<p>Come prevedibile, la partenza \u00e8 subito molto veloce e sono numerosi i corridori che provano a lanciarsi all\u2019attacco. Tra i pi\u00f9 attivi anche oggi c&#8217;\u00e8 <strong>Remco Evenepoel<\/strong> (Soudal-QuickStep), che inizialmente riesce ad avvantaggiarsi assieme al compagno di squadra <strong>Casper Pedersen<\/strong> e a <strong>Thomas De Gendt<\/strong> (Lotto Dstny), ma la loro azione viene presto annullata. Altri drappelli provano a sganciarsi dal gruppo, tra cui uno di 14 uomini comprendente nuovamente Evenepoel, ma il plotone torna nuovamente compatto dopo 20 chilometri di gara. Poco dopo, anche in seguito a una caduta nelle prime posizioni del gruppo che coinvolge corridori di UAE Team Emirates, Ineos Grenadiers, Bahrain Victorious e Burgos-BH, riescono finalmente a sganciarsi in cinque.<\/p>\n<p>Si tratta di <strong>Mattia Cattaneo<\/strong> (Soudal-QuickStep), <strong>Larry Warbasse<\/strong> (Ag2r Citro\u00ebn), <strong>Lorenzo Germani<\/strong> (Groupama-FDJ), <strong>Chris Hamilton<\/strong> e <strong>Romain Combaud<\/strong> (Team dsm-firmenich), sui quali provano a riportarsi prima <strong>Jacopo Mosca<\/strong> (Lidl-Trek) e <strong>Oier Lazkano<\/strong> (Movistar), poi <strong>Edward Theuns<\/strong> (Lidl-Trek) e <strong>Stefan Bissegger<\/strong> (EF Education-EasyPost). Gli inseguitori, per\u00f2, desistono presto, e i cinque battistrada riescono a guadagnare una trentina di secondi di vantaggio sul gruppo. Proseguono tuttavia gli scatti con <strong>Geoffrey Bouchard<\/strong> (AG2R Citro\u00ebn Team) e <strong>K\u00e9vin Ledanois<\/strong> (Team Ark\u00e9a &#8211; Samsic) che provano a lanciarsi all&#8217;inseguimento, raggiunti da <strong>Jarrad Drizners<\/strong> (Lotto Dstny). Poco dopo si muove nuovamente anche Remco Evenepoel, che raggiunge i primi inseguitori assieme a <strong>Jorge Arcas<\/strong> (Movistar Team) e <strong>Paul Ourselin<\/strong> (TotalEnergies). Sotto l&#8217;impulso dell&#8217;ex iridato il ricongiungimento non tarda ad arrivare.<\/p>\n<p>Alcuni uomini come <strong>Hugh Carthy<\/strong> (EF Education &#8211; EasyPost) e <strong>Rui Costa<\/strong> (Intermarch\u00e9-Circus-Wanty) provano ancora a muoversi, ma ora il gruppo non fa pi\u00f9 uscire tenendo un ritmo alto grazie a <strong>Dylan Van Baarle<\/strong> (Jumbo-Visma). La prima ora di corsa si chiude cos\u00ec a 49,5 chilometri orari, ma il ritmo non accenna a calare visto che in testa arrivano nuovi scatti grazie alla coppia Soudal-QuickStep, assieme alla quale restano solamente Warbasse, Drizners e Germani, ma dopo poco \u00e8 solo l&#8217;italiano a riuscire a resistere al ritmo sfrenato. Malgrado l&#8217;alta velocit\u00e0 il gruppo \u00e8 ancora in subbuglio e ad allungare a quel punto sono <strong>Eduardo Sepulveda<\/strong> (Lotto Dstny), <strong>Andreas Kron<\/strong> (Lotto Dstny) ed <strong>Edward Theuns<\/strong> (Lidl &#8211; Trek), che provano a muoversi prima che si arrivi sul primo GPM di giornata.<\/p>\n<p>Qui tuttavia davanti Evenepoel e Cattaneo accelerano ancora, con Germani stavolta costretto a rialzarsi. I primi inseguitori iniziano la salita con un gap di 30 secondi, mentre il gruppo si trova a un minuto, con un ritmo in calando. Quando la strada inizia a salire ne prova ad approfittare <strong>Marc Soler<\/strong> (UAE Team Emirates), che si muove quando la coppia di testa ha intanto guadagnato un altro minuto abbondante. L&#8217;azione del corridore spagnolo \u00e8 decisa e rapidamente inizia a rientrare sui corridori usciti in precedenza, scollinando con un ritardo di 52 secondi dalla coppia di testa, precedendo di poco Germani e Sepulveda, mentre il gruppo conclude l&#8217;ascesa con un gap di 2&#8217;25&#8221;. Nella discesa tuttavia davanti tengono alto il ritmo, respingendo il rientro del corridore iberico, ripreso anche da Germani e Sepulveda, che tuttavia nella pianura che porta all&#8217;Alto del Cordal non riescono a dare un grande contributo.<\/p>\n<p>Sulla salita, esaurito il grande lavoro di Cattaneo, Evenepoel prova subito a rilanciare l&#8217;azione restando da solo al comando. Dietro di lui Soler stacca gli altri e raggiunge presto l&#8217;italiano, che prova ad accodarsi, ma nella salita non tiene il ritmo del belga. In gruppo \u00e8 invece la <strong>Bahrain &#8211; Victorious<\/strong> che decide di prendere in mano la situazione con <strong>Antonio Tiberi<\/strong>, alzando notevolmente il ritmo. Se Evenepoel conserva il suo vantaggio praticamente invariato sino in cima, dove scollina con un margine ancora di 2&#8217;20&#8221;, ben diversa la sorte di Soler, che finisce per essere ripreso poco dopo lo scollinamento da un gruppo che spinge a tutta anche in discesa, contrariamente ad Evenepoel, che sembra voler scendere al sicuro.<\/p>\n<p>Conclusa la rapida picchiata, all&#8217;arrivo sulle prime rampe dell&#8217;Angliru Remco ha perso un minuto con la formazione bahreinita che continua il suo ritmo feroce, imboccando nel tratto pi\u00f9 impegnativo con un ritardo di ormai appena un minuto, anticipato di qualche secondo da <strong>Lennert Van Eetvelt<\/strong> (Lotto Dstny), che ha provato a muoversi in contropiede senza grande fortuna venendo ripreso a sei chilometri dalla conclusione<\/p>\n<p>In quel momento in gruppo restano ancora solamente Sepp Kuss (Jumbo-Visma), Jonas Vingegaard (Jumbo-Visma), Primo\u017e Rogli\u010d (Jumbo-Visma), Juan Ayuso (UAE Team Emirates), Enric Mas (Movistar Team), Mikel Landa (Bahrain &#8211; Victorious), Aleksandr Vlasov (BORA &#8211; hansgrohe), Cian Uijtdebroeks (BORA &#8211; hansgrohe), Jo\u00e3o Almeida (UAE Team Emirates), Steff Cras (TotalEnergies), Santiago Buitrago (Bahrain &#8211; Victorious), Cristi\u00e1n Rodr\u00edguez (Team Ark\u00e9a &#8211; Samsic), Juan Pedro L\u00f3pez (Lidl &#8211; Trek), Einer Rubio (Movistar Team), Wout Poels (Bahrain &#8211; Victorious), Damiano Caruso (Bahrain &#8211; Victorious), Romain Bardet (Team dsm &#8211; firmenich), Finn Fisher-Black (UAE Team Emirates), Lennert Van Eetvelt (Lotto Dstny), Ben Zwiehoff (BORA &#8211; hansgrohe), Pelayo S\u00e1nchez (Burgos-BH) e Abel Balderstone (Caja Rural &#8211; Seguros RGA), ma l&#8217;elenco \u00e8 destinato a scendere rapidamente quando si sposta l&#8217;ottimo Tiberi, ormai esausto.<\/p>\n<p>Quando Caruso si mette a fare il ritmo saltano infatti ancora altri uomini, tra cui <strong>Aleksandr Vlasov<\/strong> (Bora-hansgrohe). A sancire la fine dell&#8217;azione di Evenepoel, a cinque chilometri dal traguardo, \u00e8 uno scatto di <strong>Romain Bardet<\/strong> (Team dsm &#8211; firmenich), subito rintuzzato da <strong>Wout Poels<\/strong> (Bahrain-Victorious), che poi risponde anche alla seconda accelerazione del volenteroso scalatore francese. A quel punto il ritmo si impenna ulteriormente e a perder contatto \u00e8 <strong>Joao Almeida<\/strong> (UAE Team Emirates), che preferisce salire del suo passo. Poco dopo tocca, a sorpresa, a <strong>Cian Uijtdebroeks<\/strong> (Bora-hansgrohe) e <strong>Juan Ayuso<\/strong> (UAE Team Emirates), tanto che davanti restano solamente in sette: Poels, <strong>Santiago Buitrago<\/strong> (Bahrain &#8211; Victorious), <strong>Mikel Landa <\/strong>(Bahrain &#8211; Victorious), <strong>Sepp Kuss<\/strong> (Jumbo-Visma), <strong>Primoz Roglic <\/strong>(Jumbo-Visma), <strong>Jonas Vingegaard<\/strong> (Jumbo-Visma) e l&#8217;intruso <strong>Enric Mas<\/strong> (Movistar), unico a seguire le due terzine.<\/p>\n<p>Lo spagnolo tuttavia dura poco a sua volta, cedendo di schianto. Poco pi\u00f9 avanti tocca a Buitrago, sorprendendo il suo capitano Landa che si guarda dietro per capire cosa succede. Poels intanto prosegue il suo ritmo infernale fino a tre chilometri dalla conclusione, quando \u00e8 Roglic a prendere in mano il ritmo, seguito da Landa e dagli altri due Jumbo-Visma, mentre Poels \u00e8 costretto a sfilarsi. Landa tuttavia non riesce a tenere e perde progressivamente centimetri, poi metri, poi secondi.<\/p>\n<p>Compreso che lo spagnolo non ne ha, Kuss e Vingegaard si alzano sui pedali e vanno a chiudere il buco che si era formato alle spalle dello sloveano. Dietro intanto si rimescolano le carte con Uijtdebroeks e Almeida che si sono gestiti meglio degli altri, mentre Ayuso e Mas appaiono sempre pi\u00f9 in difficolt\u00e0. Il trenino Jumbo-Visma entra nei due chilometri finali compatto, ma poco dopo Kuss inizia a faticare, comunicando le sue difficolt\u00e0 alla radio. Roglic e Vingegaard proseguono invece allo stesso ritmo, senza alcun rallentamento malgrado il compagno in Maglia Rossa abbia perso contatto. L&#8217;americano prova comunque a gestirsi e trova in Mikel Landa una ancora di salvezza visto che lo spagnolo non si scompone quando lo riprende e prosegue del suo passo, prendendosi l&#8217;americano nella ruota nel suo tentativo di guadagnare su tutti gli altri.<\/p>\n<p>La parte dura della salita \u00e8 ormai finita, con il tratto finale che chiaramente non cambia quanto successo fino a quel momento. A vincere \u00e8 cos\u00ec ovviamente Roglic, seguito a ruota da Vingegaard, mentre Kuss va a chiudere il podio superando con una cattiveria agonistica di cui poi andr\u00e0 a scusarsi con il basco. La nuova tripletta Jumbo-Visma non cambia la classifica generale, perlomeno nelle posizioni, ma ora a Kuss restano appena otto secondi su Vingegaard.<\/p>\n<h2>Risultato Tappa 17 Vuelta a Espa\u00f1a 2023<\/h2>\n<p><iframe loading=\"lazy\" src=\"https:\/\/secure.cyclingprodata.com\/widgets\/latest\/widgets.html?type=results&amp;tour_id=415&amp;stage_number=17&amp;reflow_mode=true&amp;language=it\" width=\"100%\" height=\"1000px\" data-mce-fragment=\"1\"><span data-mce-type=\"bookmark\" style=\"display: inline-block; width: 0px; overflow: hidden; line-height: 0;\" class=\"mce_SELRES_start\">\ufeff<\/span><\/iframe><\/p>\n<h2>Classifiche Vuelta a Espa\u00f1a 2023<\/h2>\n<p><iframe loading=\"lazy\" src=\"https:\/\/secure.cyclingprodata.com\/widgets\/latest\/widgets.html?type=standings&amp;tour_id=415&amp;stage_number=17&amp;reflow_mode=true&amp;language=it\" width=\"100%\" height=\"1000px\" data-mce-fragment=\"1\"><\/iframe><\/p>\n","protected":false},"excerpt":{"rendered":"<p>Altro show Jumbo-Visma alla Vuelta a Espa\u00f1a 2023. Impressionante prova sull&#8217;Angliru della formazione neerlandese, che realizza un&#8217;altra tripletta (stavolta l&#8217;ordine di arrivo \u00e8 Primoz Roglic, Jonas Vingegaard e Sepp Kuss). Malgrado abbia perso contatto nel finale, l&#8217;americano conserva la Maglia Rossa con una manciata di secondi sul danese. Unico a limitare i danni rispetto al &hellip;<\/p>\n","protected":false},"author":2,"featured_media":267622,"comment_status":"open","ping_status":"open","sticky":false,"template":"","format":"standard","meta":{"footnotes":""},"categories":[17,21,4896],"tags":[515,1457,4843,4781],"class_list":["post-267610","post","type-post","status-publish","format-standard","has-post-thumbnail","hentry","category-sintesi-gare","category-vetrina","category-vuelta-2023","tag-primoz-roglic","tag-sepp-kuss","tag-team-jumbo-visma-2023","tag-vuelta-a-espana-2023"],"yoast_head":"<!-- This site is optimized with the Yoast SEO plugin v27.4 - https:\/\/yoast.com\/product\/yoast-seo-wordpress\/ -->\n<title>Vuelta a Espa\u00f1a 2023, Jumbo-Visma senza rivali: tripletta sull&#039;Angliru! Primoz Roglic vince, Sepp Kuss conserva la Maglia Rossa - SpazioCiclismo<\/title>\n<meta name=\"robots\" content=\"index, follow, max-snippet:-1, max-image-preview:large, max-video-preview:-1\" \/>\n<link rel=\"canonical\" href=\"https:\/\/cyclingpro.net\/spaziociclismo\/sintesi-gare\/vuelta-a-espana-2023-jumbo-visma-senza-rivali-tripletta-sullangliru-primoz-roglic-vince-sepp-kuss-conserva-la-maglia-rossa\/\" \/>\n<meta property=\"og:locale\" content=\"it_IT\" \/>\n<meta property=\"og:type\" content=\"article\" \/>\n<meta property=\"og:title\" content=\"Vuelta a Espa\u00f1a 2023, Jumbo-Visma senza rivali: tripletta sull&#039;Angliru! Primoz Roglic vince, Sepp Kuss conserva la Maglia Rossa - SpazioCiclismo\" \/>\n<meta property=\"og:description\" content=\"Altro show Jumbo-Visma alla Vuelta a Espa\u00f1a 2023. Impressionante prova sull&#8217;Angliru della formazione neerlandese, che realizza un&#8217;altra tripletta (stavolta l&#8217;ordine di arrivo \u00e8 Primoz Roglic, Jonas Vingegaard e Sepp Kuss). Malgrado abbia perso contatto nel finale, l&#8217;americano conserva la Maglia Rossa con una manciata di secondi sul danese. Unico a limitare i danni rispetto al &hellip;\" \/>\n<meta property=\"og:url\" content=\"https:\/\/cyclingpro.net\/spaziociclismo\/sintesi-gare\/vuelta-a-espana-2023-jumbo-visma-senza-rivali-tripletta-sullangliru-primoz-roglic-vince-sepp-kuss-conserva-la-maglia-rossa\/\" \/>\n<meta property=\"og:site_name\" content=\"SpazioCiclismo\" \/>\n<meta property=\"article:publisher\" content=\"https:\/\/www.facebook.com\/SpazioCiclismo\/\" \/>\n<meta property=\"article:published_time\" content=\"2023-09-13T15:18:31+00:00\" \/>\n<meta property=\"article:modified_time\" content=\"2023-09-14T09:28:31+00:00\" \/>\n<meta property=\"og:image\" content=\"https:\/\/cyclingpro.net\/spaziociclismo\/wp-content\/uploads\/2023\/09\/Primoz-Roglic-Vingegaard-Angliru-Vuelta-a-Espana-2023.jpg\" \/>\n\t<meta property=\"og:image:width\" content=\"2000\" \/>\n\t<meta property=\"og:image:height\" content=\"1333\" \/>\n\t<meta property=\"og:image:type\" content=\"image\/jpeg\" \/>\n<meta name=\"author\" content=\"Redazione SpazioCiclismo\" \/>\n<meta name=\"twitter:card\" content=\"summary_large_image\" \/>\n<meta name=\"twitter:creator\" content=\"@spaziociclismo\" \/>\n<meta name=\"twitter:site\" content=\"@spaziociclismo\" \/>\n<meta name=\"twitter:label1\" content=\"Scritto da\" \/>\n\t<meta name=\"twitter:data1\" content=\"Redazione SpazioCiclismo\" \/>\n\t<meta name=\"twitter:label2\" content=\"Tempo di lettura stimato\" \/>\n\t<meta name=\"twitter:data2\" content=\"8 minuti\" \/>\n<script type=\"application\/ld+json\" class=\"yoast-schema-graph\">{\"@context\":\"https:\\\/\\\/schema.org\",\"@graph\":[{\"@type\":\"Article\",\"@id\":\"https:\\\/\\\/cyclingpro.net\\\/spaziociclismo\\\/sintesi-gare\\\/vuelta-a-espana-2023-jumbo-visma-senza-rivali-tripletta-sullangliru-primoz-roglic-vince-sepp-kuss-conserva-la-maglia-rossa\\\/#article\",\"isPartOf\":{\"@id\":\"https:\\\/\\\/cyclingpro.net\\\/spaziociclismo\\\/sintesi-gare\\\/vuelta-a-espana-2023-jumbo-visma-senza-rivali-tripletta-sullangliru-primoz-roglic-vince-sepp-kuss-conserva-la-maglia-rossa\\\/\"},\"author\":{\"name\":\"Redazione SpazioCiclismo\",\"@id\":\"https:\\\/\\\/cyclingpro.net\\\/spaziociclismo\\\/#\\\/schema\\\/person\\\/f104b5d2588ef53ce9f1b43295c352e1\"},\"headline\":\"Vuelta a Espa\u00f1a 2023, Jumbo-Visma senza rivali: tripletta sull&#8217;Angliru! Primoz Roglic vince, Sepp Kuss conserva la Maglia Rossa\",\"datePublished\":\"2023-09-13T15:18:31+00:00\",\"dateModified\":\"2023-09-14T09:28:31+00:00\",\"mainEntityOfPage\":{\"@id\":\"https:\\\/\\\/cyclingpro.net\\\/spaziociclismo\\\/sintesi-gare\\\/vuelta-a-espana-2023-jumbo-visma-senza-rivali-tripletta-sullangliru-primoz-roglic-vince-sepp-kuss-conserva-la-maglia-rossa\\\/\"},\"wordCount\":1481,\"commentCount\":0,\"publisher\":{\"@id\":\"https:\\\/\\\/cyclingpro.net\\\/spaziociclismo\\\/#organization\"},\"image\":{\"@id\":\"https:\\\/\\\/cyclingpro.net\\\/spaziociclismo\\\/sintesi-gare\\\/vuelta-a-espana-2023-jumbo-visma-senza-rivali-tripletta-sullangliru-primoz-roglic-vince-sepp-kuss-conserva-la-maglia-rossa\\\/#primaryimage\"},\"thumbnailUrl\":\"https:\\\/\\\/cyclingpro.net\\\/spaziociclismo\\\/wp-content\\\/uploads\\\/2023\\\/09\\\/Primoz-Roglic-Vingegaard-Angliru-Vuelta-a-Espana-2023.jpg\",\"keywords\":[\"Primo\u017e Rogli\u010d\",\"Sepp Kuss\",\"Team Jumbo - Visma 2023\",\"Vuelta a Espa\u00f1a 2023\"],\"articleSection\":[\"Sintesi Gare\",\"Vetrina\",\"Vuelta 2023\"],\"inLanguage\":\"it-IT\",\"potentialAction\":[{\"@type\":\"CommentAction\",\"name\":\"Comment\",\"target\":[\"https:\\\/\\\/cyclingpro.net\\\/spaziociclismo\\\/sintesi-gare\\\/vuelta-a-espana-2023-jumbo-visma-senza-rivali-tripletta-sullangliru-primoz-roglic-vince-sepp-kuss-conserva-la-maglia-rossa\\\/#respond\"]}]},{\"@type\":\"WebPage\",\"@id\":\"https:\\\/\\\/cyclingpro.net\\\/spaziociclismo\\\/sintesi-gare\\\/vuelta-a-espana-2023-jumbo-visma-senza-rivali-tripletta-sullangliru-primoz-roglic-vince-sepp-kuss-conserva-la-maglia-rossa\\\/\",\"url\":\"https:\\\/\\\/cyclingpro.net\\\/spaziociclismo\\\/sintesi-gare\\\/vuelta-a-espana-2023-jumbo-visma-senza-rivali-tripletta-sullangliru-primoz-roglic-vince-sepp-kuss-conserva-la-maglia-rossa\\\/\",\"name\":\"Vuelta a Espa\u00f1a 2023, Jumbo-Visma senza rivali: tripletta sull'Angliru! Primoz Roglic vince, Sepp Kuss conserva la Maglia Rossa - SpazioCiclismo\",\"isPartOf\":{\"@id\":\"https:\\\/\\\/cyclingpro.net\\\/spaziociclismo\\\/#website\"},\"primaryImageOfPage\":{\"@id\":\"https:\\\/\\\/cyclingpro.net\\\/spaziociclismo\\\/sintesi-gare\\\/vuelta-a-espana-2023-jumbo-visma-senza-rivali-tripletta-sullangliru-primoz-roglic-vince-sepp-kuss-conserva-la-maglia-rossa\\\/#primaryimage\"},\"image\":{\"@id\":\"https:\\\/\\\/cyclingpro.net\\\/spaziociclismo\\\/sintesi-gare\\\/vuelta-a-espana-2023-jumbo-visma-senza-rivali-tripletta-sullangliru-primoz-roglic-vince-sepp-kuss-conserva-la-maglia-rossa\\\/#primaryimage\"},\"thumbnailUrl\":\"https:\\\/\\\/cyclingpro.net\\\/spaziociclismo\\\/wp-content\\\/uploads\\\/2023\\\/09\\\/Primoz-Roglic-Vingegaard-Angliru-Vuelta-a-Espana-2023.jpg\",\"datePublished\":\"2023-09-13T15:18:31+00:00\",\"dateModified\":\"2023-09-14T09:28:31+00:00\",\"breadcrumb\":{\"@id\":\"https:\\\/\\\/cyclingpro.net\\\/spaziociclismo\\\/sintesi-gare\\\/vuelta-a-espana-2023-jumbo-visma-senza-rivali-tripletta-sullangliru-primoz-roglic-vince-sepp-kuss-conserva-la-maglia-rossa\\\/#breadcrumb\"},\"inLanguage\":\"it-IT\",\"potentialAction\":[{\"@type\":\"ReadAction\",\"target\":[\"https:\\\/\\\/cyclingpro.net\\\/spaziociclismo\\\/sintesi-gare\\\/vuelta-a-espana-2023-jumbo-visma-senza-rivali-tripletta-sullangliru-primoz-roglic-vince-sepp-kuss-conserva-la-maglia-rossa\\\/\"]}]},{\"@type\":\"ImageObject\",\"inLanguage\":\"it-IT\",\"@id\":\"https:\\\/\\\/cyclingpro.net\\\/spaziociclismo\\\/sintesi-gare\\\/vuelta-a-espana-2023-jumbo-visma-senza-rivali-tripletta-sullangliru-primoz-roglic-vince-sepp-kuss-conserva-la-maglia-rossa\\\/#primaryimage\",\"url\":\"https:\\\/\\\/cyclingpro.net\\\/spaziociclismo\\\/wp-content\\\/uploads\\\/2023\\\/09\\\/Primoz-Roglic-Vingegaard-Angliru-Vuelta-a-Espana-2023.jpg\",\"contentUrl\":\"https:\\\/\\\/cyclingpro.net\\\/spaziociclismo\\\/wp-content\\\/uploads\\\/2023\\\/09\\\/Primoz-Roglic-Vingegaard-Angliru-Vuelta-a-Espana-2023.jpg\",\"width\":2000,\"height\":1333,\"caption\":\"\u00a9 Unipublic \\\/ Sprint Cycling Agency\"},{\"@type\":\"BreadcrumbList\",\"@id\":\"https:\\\/\\\/cyclingpro.net\\\/spaziociclismo\\\/sintesi-gare\\\/vuelta-a-espana-2023-jumbo-visma-senza-rivali-tripletta-sullangliru-primoz-roglic-vince-sepp-kuss-conserva-la-maglia-rossa\\\/#breadcrumb\",\"itemListElement\":[{\"@type\":\"ListItem\",\"position\":1,\"name\":\"Home\",\"item\":\"https:\\\/\\\/cyclingpro.net\\\/spaziociclismo\\\/\"},{\"@type\":\"ListItem\",\"position\":2,\"name\":\"Vuelta a Espa\u00f1a 2023, Jumbo-Visma senza rivali: tripletta sull&#8217;Angliru! Primoz Roglic vince, Sepp Kuss conserva la Maglia Rossa\"}]},{\"@type\":\"WebSite\",\"@id\":\"https:\\\/\\\/cyclingpro.net\\\/spaziociclismo\\\/#website\",\"url\":\"https:\\\/\\\/cyclingpro.net\\\/spaziociclismo\\\/\",\"name\":\"SpazioCiclismo\",\"description\":\"Tutto il ciclismo minuto per minuto\",\"publisher\":{\"@id\":\"https:\\\/\\\/cyclingpro.net\\\/spaziociclismo\\\/#organization\"},\"potentialAction\":[{\"@type\":\"SearchAction\",\"target\":{\"@type\":\"EntryPoint\",\"urlTemplate\":\"https:\\\/\\\/cyclingpro.net\\\/spaziociclismo\\\/?s={search_term_string}\"},\"query-input\":{\"@type\":\"PropertyValueSpecification\",\"valueRequired\":true,\"valueName\":\"search_term_string\"}}],\"inLanguage\":\"it-IT\"},{\"@type\":\"Organization\",\"@id\":\"https:\\\/\\\/cyclingpro.net\\\/spaziociclismo\\\/#organization\",\"name\":\"SpazioCiclismo\",\"url\":\"https:\\\/\\\/cyclingpro.net\\\/spaziociclismo\\\/\",\"logo\":{\"@type\":\"ImageObject\",\"inLanguage\":\"it-IT\",\"@id\":\"https:\\\/\\\/cyclingpro.net\\\/spaziociclismo\\\/#\\\/schema\\\/logo\\\/image\\\/\",\"url\":\"https:\\\/\\\/cyclingpro.net\\\/spaziociclismo\\\/wp-content\\\/uploads\\\/2017\\\/02\\\/SpazioCiclismo-Logo-Quadrato.png\",\"contentUrl\":\"https:\\\/\\\/cyclingpro.net\\\/spaziociclismo\\\/wp-content\\\/uploads\\\/2017\\\/02\\\/SpazioCiclismo-Logo-Quadrato.png\",\"width\":450,\"height\":450,\"caption\":\"SpazioCiclismo\"},\"image\":{\"@id\":\"https:\\\/\\\/cyclingpro.net\\\/spaziociclismo\\\/#\\\/schema\\\/logo\\\/image\\\/\"},\"sameAs\":[\"https:\\\/\\\/www.facebook.com\\\/SpazioCiclismo\\\/\",\"https:\\\/\\\/x.com\\\/spaziociclismo\",\"https:\\\/\\\/www.instagram.com\\\/spaziociclismo\\\/\"]},{\"@type\":\"Person\",\"@id\":\"https:\\\/\\\/cyclingpro.net\\\/spaziociclismo\\\/#\\\/schema\\\/person\\\/f104b5d2588ef53ce9f1b43295c352e1\",\"name\":\"Redazione SpazioCiclismo\",\"image\":{\"@type\":\"ImageObject\",\"inLanguage\":\"it-IT\",\"@id\":\"https:\\\/\\\/secure.gravatar.com\\\/avatar\\\/f1cae17b9ecd38864463422521239d4a656d6b657478a63e445df7b8ebc2b81c?s=96&d=mm&r=g\",\"url\":\"https:\\\/\\\/secure.gravatar.com\\\/avatar\\\/f1cae17b9ecd38864463422521239d4a656d6b657478a63e445df7b8ebc2b81c?s=96&d=mm&r=g\",\"contentUrl\":\"https:\\\/\\\/secure.gravatar.com\\\/avatar\\\/f1cae17b9ecd38864463422521239d4a656d6b657478a63e445df7b8ebc2b81c?s=96&d=mm&r=g\",\"caption\":\"Redazione SpazioCiclismo\"},\"url\":\"https:\\\/\\\/cyclingpro.net\\\/spaziociclismo\\\/author\\\/wptstmssc\\\/\"}]}<\/script>\n<!-- \/ Yoast SEO plugin. -->","yoast_head_json":{"title":"Vuelta a Espa\u00f1a 2023, Jumbo-Visma senza rivali: tripletta sull'Angliru! Primoz Roglic vince, Sepp Kuss conserva la Maglia Rossa - SpazioCiclismo","robots":{"index":"index","follow":"follow","max-snippet":"max-snippet:-1","max-image-preview":"max-image-preview:large","max-video-preview":"max-video-preview:-1"},"canonical":"https:\/\/cyclingpro.net\/spaziociclismo\/sintesi-gare\/vuelta-a-espana-2023-jumbo-visma-senza-rivali-tripletta-sullangliru-primoz-roglic-vince-sepp-kuss-conserva-la-maglia-rossa\/","og_locale":"it_IT","og_type":"article","og_title":"Vuelta a Espa\u00f1a 2023, Jumbo-Visma senza rivali: tripletta sull'Angliru! Primoz Roglic vince, Sepp Kuss conserva la Maglia Rossa - SpazioCiclismo","og_description":"Altro show Jumbo-Visma alla Vuelta a Espa\u00f1a 2023. Impressionante prova sull&#8217;Angliru della formazione neerlandese, che realizza un&#8217;altra tripletta (stavolta l&#8217;ordine di arrivo \u00e8 Primoz Roglic, Jonas Vingegaard e Sepp Kuss). Malgrado abbia perso contatto nel finale, l&#8217;americano conserva la Maglia Rossa con una manciata di secondi sul danese. Unico a limitare i danni rispetto al &hellip;","og_url":"https:\/\/cyclingpro.net\/spaziociclismo\/sintesi-gare\/vuelta-a-espana-2023-jumbo-visma-senza-rivali-tripletta-sullangliru-primoz-roglic-vince-sepp-kuss-conserva-la-maglia-rossa\/","og_site_name":"SpazioCiclismo","article_publisher":"https:\/\/www.facebook.com\/SpazioCiclismo\/","article_published_time":"2023-09-13T15:18:31+00:00","article_modified_time":"2023-09-14T09:28:31+00:00","og_image":[{"width":2000,"height":1333,"url":"https:\/\/cyclingpro.net\/spaziociclismo\/wp-content\/uploads\/2023\/09\/Primoz-Roglic-Vingegaard-Angliru-Vuelta-a-Espana-2023.jpg","type":"image\/jpeg"}],"author":"Redazione SpazioCiclismo","twitter_card":"summary_large_image","twitter_creator":"@spaziociclismo","twitter_site":"@spaziociclismo","twitter_misc":{"Scritto da":"Redazione SpazioCiclismo","Tempo di lettura stimato":"8 minuti"},"schema":{"@context":"https:\/\/schema.org","@graph":[{"@type":"Article","@id":"https:\/\/cyclingpro.net\/spaziociclismo\/sintesi-gare\/vuelta-a-espana-2023-jumbo-visma-senza-rivali-tripletta-sullangliru-primoz-roglic-vince-sepp-kuss-conserva-la-maglia-rossa\/#article","isPartOf":{"@id":"https:\/\/cyclingpro.net\/spaziociclismo\/sintesi-gare\/vuelta-a-espana-2023-jumbo-visma-senza-rivali-tripletta-sullangliru-primoz-roglic-vince-sepp-kuss-conserva-la-maglia-rossa\/"},"author":{"name":"Redazione SpazioCiclismo","@id":"https:\/\/cyclingpro.net\/spaziociclismo\/#\/schema\/person\/f104b5d2588ef53ce9f1b43295c352e1"},"headline":"Vuelta a Espa\u00f1a 2023, Jumbo-Visma senza rivali: tripletta sull&#8217;Angliru! Primoz Roglic vince, Sepp Kuss conserva la Maglia Rossa","datePublished":"2023-09-13T15:18:31+00:00","dateModified":"2023-09-14T09:28:31+00:00","mainEntityOfPage":{"@id":"https:\/\/cyclingpro.net\/spaziociclismo\/sintesi-gare\/vuelta-a-espana-2023-jumbo-visma-senza-rivali-tripletta-sullangliru-primoz-roglic-vince-sepp-kuss-conserva-la-maglia-rossa\/"},"wordCount":1481,"commentCount":0,"publisher":{"@id":"https:\/\/cyclingpro.net\/spaziociclismo\/#organization"},"image":{"@id":"https:\/\/cyclingpro.net\/spaziociclismo\/sintesi-gare\/vuelta-a-espana-2023-jumbo-visma-senza-rivali-tripletta-sullangliru-primoz-roglic-vince-sepp-kuss-conserva-la-maglia-rossa\/#primaryimage"},"thumbnailUrl":"https:\/\/cyclingpro.net\/spaziociclismo\/wp-content\/uploads\/2023\/09\/Primoz-Roglic-Vingegaard-Angliru-Vuelta-a-Espana-2023.jpg","keywords":["Primo\u017e Rogli\u010d","Sepp Kuss","Team Jumbo - Visma 2023","Vuelta a Espa\u00f1a 2023"],"articleSection":["Sintesi Gare","Vetrina","Vuelta 2023"],"inLanguage":"it-IT","potentialAction":[{"@type":"CommentAction","name":"Comment","target":["https:\/\/cyclingpro.net\/spaziociclismo\/sintesi-gare\/vuelta-a-espana-2023-jumbo-visma-senza-rivali-tripletta-sullangliru-primoz-roglic-vince-sepp-kuss-conserva-la-maglia-rossa\/#respond"]}]},{"@type":"WebPage","@id":"https:\/\/cyclingpro.net\/spaziociclismo\/sintesi-gare\/vuelta-a-espana-2023-jumbo-visma-senza-rivali-tripletta-sullangliru-primoz-roglic-vince-sepp-kuss-conserva-la-maglia-rossa\/","url":"https:\/\/cyclingpro.net\/spaziociclismo\/sintesi-gare\/vuelta-a-espana-2023-jumbo-visma-senza-rivali-tripletta-sullangliru-primoz-roglic-vince-sepp-kuss-conserva-la-maglia-rossa\/","name":"Vuelta a Espa\u00f1a 2023, Jumbo-Visma senza rivali: tripletta sull'Angliru! Primoz Roglic vince, Sepp Kuss conserva la Maglia Rossa - SpazioCiclismo","isPartOf":{"@id":"https:\/\/cyclingpro.net\/spaziociclismo\/#website"},"primaryImageOfPage":{"@id":"https:\/\/cyclingpro.net\/spaziociclismo\/sintesi-gare\/vuelta-a-espana-2023-jumbo-visma-senza-rivali-tripletta-sullangliru-primoz-roglic-vince-sepp-kuss-conserva-la-maglia-rossa\/#primaryimage"},"image":{"@id":"https:\/\/cyclingpro.net\/spaziociclismo\/sintesi-gare\/vuelta-a-espana-2023-jumbo-visma-senza-rivali-tripletta-sullangliru-primoz-roglic-vince-sepp-kuss-conserva-la-maglia-rossa\/#primaryimage"},"thumbnailUrl":"https:\/\/cyclingpro.net\/spaziociclismo\/wp-content\/uploads\/2023\/09\/Primoz-Roglic-Vingegaard-Angliru-Vuelta-a-Espana-2023.jpg","datePublished":"2023-09-13T15:18:31+00:00","dateModified":"2023-09-14T09:28:31+00:00","breadcrumb":{"@id":"https:\/\/cyclingpro.net\/spaziociclismo\/sintesi-gare\/vuelta-a-espana-2023-jumbo-visma-senza-rivali-tripletta-sullangliru-primoz-roglic-vince-sepp-kuss-conserva-la-maglia-rossa\/#breadcrumb"},"inLanguage":"it-IT","potentialAction":[{"@type":"ReadAction","target":["https:\/\/cyclingpro.net\/spaziociclismo\/sintesi-gare\/vuelta-a-espana-2023-jumbo-visma-senza-rivali-tripletta-sullangliru-primoz-roglic-vince-sepp-kuss-conserva-la-maglia-rossa\/"]}]},{"@type":"ImageObject","inLanguage":"it-IT","@id":"https:\/\/cyclingpro.net\/spaziociclismo\/sintesi-gare\/vuelta-a-espana-2023-jumbo-visma-senza-rivali-tripletta-sullangliru-primoz-roglic-vince-sepp-kuss-conserva-la-maglia-rossa\/#primaryimage","url":"https:\/\/cyclingpro.net\/spaziociclismo\/wp-content\/uploads\/2023\/09\/Primoz-Roglic-Vingegaard-Angliru-Vuelta-a-Espana-2023.jpg","contentUrl":"https:\/\/cyclingpro.net\/spaziociclismo\/wp-content\/uploads\/2023\/09\/Primoz-Roglic-Vingegaard-Angliru-Vuelta-a-Espana-2023.jpg","width":2000,"height":1333,"caption":"\u00a9 Unipublic \/ Sprint Cycling Agency"},{"@type":"BreadcrumbList","@id":"https:\/\/cyclingpro.net\/spaziociclismo\/sintesi-gare\/vuelta-a-espana-2023-jumbo-visma-senza-rivali-tripletta-sullangliru-primoz-roglic-vince-sepp-kuss-conserva-la-maglia-rossa\/#breadcrumb","itemListElement":[{"@type":"ListItem","position":1,"name":"Home","item":"https:\/\/cyclingpro.net\/spaziociclismo\/"},{"@type":"ListItem","position":2,"name":"Vuelta a Espa\u00f1a 2023, Jumbo-Visma senza rivali: tripletta sull&#8217;Angliru! Primoz Roglic vince, Sepp Kuss conserva la Maglia Rossa"}]},{"@type":"WebSite","@id":"https:\/\/cyclingpro.net\/spaziociclismo\/#website","url":"https:\/\/cyclingpro.net\/spaziociclismo\/","name":"SpazioCiclismo","description":"Tutto il ciclismo minuto per minuto","publisher":{"@id":"https:\/\/cyclingpro.net\/spaziociclismo\/#organization"},"potentialAction":[{"@type":"SearchAction","target":{"@type":"EntryPoint","urlTemplate":"https:\/\/cyclingpro.net\/spaziociclismo\/?s={search_term_string}"},"query-input":{"@type":"PropertyValueSpecification","valueRequired":true,"valueName":"search_term_string"}}],"inLanguage":"it-IT"},{"@type":"Organization","@id":"https:\/\/cyclingpro.net\/spaziociclismo\/#organization","name":"SpazioCiclismo","url":"https:\/\/cyclingpro.net\/spaziociclismo\/","logo":{"@type":"ImageObject","inLanguage":"it-IT","@id":"https:\/\/cyclingpro.net\/spaziociclismo\/#\/schema\/logo\/image\/","url":"https:\/\/cyclingpro.net\/spaziociclismo\/wp-content\/uploads\/2017\/02\/SpazioCiclismo-Logo-Quadrato.png","contentUrl":"https:\/\/cyclingpro.net\/spaziociclismo\/wp-content\/uploads\/2017\/02\/SpazioCiclismo-Logo-Quadrato.png","width":450,"height":450,"caption":"SpazioCiclismo"},"image":{"@id":"https:\/\/cyclingpro.net\/spaziociclismo\/#\/schema\/logo\/image\/"},"sameAs":["https:\/\/www.facebook.com\/SpazioCiclismo\/","https:\/\/x.com\/spaziociclismo","https:\/\/www.instagram.com\/spaziociclismo\/"]},{"@type":"Person","@id":"https:\/\/cyclingpro.net\/spaziociclismo\/#\/schema\/person\/f104b5d2588ef53ce9f1b43295c352e1","name":"Redazione SpazioCiclismo","image":{"@type":"ImageObject","inLanguage":"it-IT","@id":"https:\/\/secure.gravatar.com\/avatar\/f1cae17b9ecd38864463422521239d4a656d6b657478a63e445df7b8ebc2b81c?s=96&d=mm&r=g","url":"https:\/\/secure.gravatar.com\/avatar\/f1cae17b9ecd38864463422521239d4a656d6b657478a63e445df7b8ebc2b81c?s=96&d=mm&r=g","contentUrl":"https:\/\/secure.gravatar.com\/avatar\/f1cae17b9ecd38864463422521239d4a656d6b657478a63e445df7b8ebc2b81c?s=96&d=mm&r=g","caption":"Redazione SpazioCiclismo"},"url":"https:\/\/cyclingpro.net\/spaziociclismo\/author\/wptstmssc\/"}]}},"_links":{"self":[{"href":"https:\/\/cyclingpro.net\/spaziociclismo\/wp-json\/wp\/v2\/posts\/267610","targetHints":{"allow":["GET"]}}],"collection":[{"href":"https:\/\/cyclingpro.net\/spaziociclismo\/wp-json\/wp\/v2\/posts"}],"about":[{"href":"https:\/\/cyclingpro.net\/spaziociclismo\/wp-json\/wp\/v2\/types\/post"}],"author":[{"embeddable":true,"href":"https:\/\/cyclingpro.net\/spaziociclismo\/wp-json\/wp\/v2\/users\/2"}],"replies":[{"embeddable":true,"href":"https:\/\/cyclingpro.net\/spaziociclismo\/wp-json\/wp\/v2\/comments?post=267610"}],"version-history":[{"count":5,"href":"https:\/\/cyclingpro.net\/spaziociclismo\/wp-json\/wp\/v2\/posts\/267610\/revisions"}],"predecessor-version":[{"id":267720,"href":"https:\/\/cyclingpro.net\/spaziociclismo\/wp-json\/wp\/v2\/posts\/267610\/revisions\/267720"}],"wp:featuredmedia":[{"embeddable":true,"href":"https:\/\/cyclingpro.net\/spaziociclismo\/wp-json\/wp\/v2\/media\/267622"}],"wp:attachment":[{"href":"https:\/\/cyclingpro.net\/spaziociclismo\/wp-json\/wp\/v2\/media?parent=267610"}],"wp:term":[{"taxonomy":"category","embeddable":true,"href":"https:\/\/cyclingpro.net\/spaziociclismo\/wp-json\/wp\/v2\/categories?post=267610"},{"taxonomy":"post_tag","embeddable":true,"href":"https:\/\/cyclingpro.net\/spaziociclismo\/wp-json\/wp\/v2\/tags?post=267610"}],"curies":[{"name":"wp","href":"https:\/\/api.w.org\/{rel}","templated":true}]}}