{"id":258447,"date":"2023-07-01T08:53:20","date_gmt":"2023-07-01T06:53:20","guid":{"rendered":"https:\/\/cyclingpro.net\/spaziociclismo\/?p=258447"},"modified":"2023-07-01T08:53:20","modified_gmt":"2023-07-01T06:53:20","slug":"dove-vedere-il-tour-de-france-2023-in-tv-e-streaming","status":"publish","type":"post","link":"https:\/\/cyclingpro.net\/spaziociclismo\/tour-2023\/dove-vedere-il-tour-de-france-2023-in-tv-e-streaming\/","title":{"rendered":"Dove vedere il Tour de France 2023 in TV e streaming?"},"content":{"rendered":"<p>Anche quest&#8217;anno per la corsa pi\u00f9 importante della stagione sar\u00e0 garantita un&#8217;ampia copertura tv in Italia. Gli appassionati di ciclismo potranno seguire, infatti, il\u00a0<strong>Tour de France<\/strong> 2023, in programma dall&#8217;1 al 23 luglio, sia su Eurosport che sulla Rai, oltre che su tutte le piattaforme di streaming online collegate alle due emittenti. Sar\u00e0 solo Eurosport, per\u00f2, a garantire la dirette integrale di ogni singola tappa, mentre la TV di stato comincer\u00e0 le trasmissioni pi\u00f9 tardi e, al termine della frazione, offrir\u00e0 un piccolo spazio a commenti ed analisi dallo studio. Per chi, poi, non potesse seguire la corsa durante la giornata, la Rai offrir\u00e0 uno spazio dedicato alle repliche tutte le sere e anche per quanto riguarda il gruppo Discovery non mancheranno le riproposizioni (ovviamente poi sar\u00e0 possibile rivedere le trasmissioni in qualsiasi momento tramite le varie piattaforme online).<\/p>\n<h2>Dove vedere il Tour de France 2023 in TV e Streaming<\/h2>\n<p>Come sempre noi vi offriremo sul nostro sito e sulla nostra app le dirette integrali di ogni singola giornata di corsa fin dai primi colpi di pedale: il racconto inizier\u00e0, infatti, fin dal tratto di trasferimento e i nostri inviati ci permetteranno di tenervi aggiornati sulle eventuali novit\u00e0 o notizie che arriveranno dal foglio firma. Grazie alle numerose funzionalit\u00e0 a vostra disposizione, dal Tracking GPS alle classifiche aggiornate in tempo reale, potrete inoltre usare il nostro live anche per completare le informazioni che vedete sullo schermo, ancor di pi\u00f9 se non avete la possibilit\u00e0 di seguire anche l\u2019audio. La nostra redazione poi vi offrir\u00e0 interviste e approfondimenti nel corso di tutta la giornata.<\/p>\n<p>Su\u00a0<strong>Rai 2<\/strong>, come detto non sar\u00e0 possibile seguire tutta tutta la tappa: la diretta, infatti, comincer\u00e0 alle 14:45 (ad eccezione della sedicesima tappa quando il collegamento inizier\u00e0 alla 14 e dell&#8217;ultima, quando le immagini saranno attese per le 17:15). La copertura della corsa sar\u00e0 garantita dalle trasmissioni\u00a0<strong>Tour in Diretta\u00a0<\/strong>e\u00a0<strong>Tour all&#8217;Arrivo<\/strong>, con la telecronaca di Andrea Di Luca e Stefano Garzelli mentre <strong>Tour Replay\u00a0<\/strong>sar\u00e0 una specie di Processo alla Tappa guidato da Francesco Pancani. Su <strong>Rai Sport HD<\/strong>, invece, sar\u00e0 possibile rivedere il meglio della giornata con\u00a0<strong>Tour di Sera\u00a0<\/strong>alla 20 e\u00a0<strong>Tour di Notte\u00a0<\/strong>alle 23:50.<\/p>\n<p>Sar\u00e0 mutevole, invece, l&#8217;orario di inizio della diretta sul gruppo di <strong>Discovery<\/strong>: questo avverr\u00e0 perch\u00e9 tutti i giorni sar\u00e0 garantita la copertura integrale della tappa con la telecronaca di Riccardo Magrini e Luca Gregorio, a cui si aggiungeranno a seconda della giornata anche Moreno Moser o Wladimir Belli. Al termine della frazione, poi, Giulia Cicchin\u00e8 condurr\u00e0 Tour-360. Le trasmissioni saranno arricchite dagli interventi internazionali con \u00a0le analisi dalla moto-corsa di Alberto Contador e Philippe Gilbert, senza dimenticare Jens Voigt e Adam Blythe.<\/p>\n<h2>Palinsesto RAI Tour de France 2023<\/h2>\n<div class=\"\" data-block=\"true\" data-editor=\"6sg0r\" data-offset-key=\"32kt6-0-0\">\n<div class=\"_1mf _1mj\" data-offset-key=\"32kt6-0-0\"><span data-offset-key=\"32kt6-0-0\">14:45-16:15 | Rai2: Tour in Diretta<\/span><\/div>\n<\/div>\n<div class=\"\" data-block=\"true\" data-editor=\"6sg0r\" data-offset-key=\"1mesl-0-0\">\n<div class=\"_1mf _1mj\" data-offset-key=\"1mesl-0-0\"><span data-offset-key=\"1mesl-0-0\">16:15-17:25 | Rai2: Tour all\u2019Arrivo<\/span><\/div>\n<\/div>\n<div class=\"\" data-block=\"true\" data-editor=\"6sg0r\" data-offset-key=\"c0tud-0-0\">\n<div class=\"_1mf _1mj\" data-offset-key=\"c0tud-0-0\"><span data-offset-key=\"c0tud-0-0\">17:25-18:00 | Rai2: Tour Replay<\/span><\/div>\n<\/div>\n<div class=\"\" data-block=\"true\" data-editor=\"6sg0r\" data-offset-key=\"7abb3-0-0\">\n<div class=\"_1mf _1mj\" data-offset-key=\"7abb3-0-0\"><span data-offset-key=\"7abb3-0-0\">20:00-21:00 | RaiSport: Tour di sera<\/span><\/div>\n<\/div>\n<div class=\"\" data-block=\"true\" data-editor=\"6sg0r\" data-offset-key=\"2q2lb-0-0\">\n<div class=\"_1mf _1mj\" data-offset-key=\"2q2lb-0-0\"><span data-offset-key=\"2q2lb-0-0\">23:50 | RaiSport: Tour di Notte<\/span><\/div>\n<div data-offset-key=\"2q2lb-0-0\"><\/div>\n<\/div>\n<div class=\"table-is-responsive\">\n<table>\n<tbody>\n<tr>\n<td width=\"86\"><strong>#<\/strong><\/td>\n<td width=\"86\"><strong>Giorno<\/strong><\/td>\n<td width=\"86\"><strong>KM<\/strong><\/td>\n<td width=\"86\"><strong>Tipo<\/strong><\/td>\n<td width=\"86\"><strong>Tappa<\/strong><\/td>\n<td width=\"86\"><strong>Tour in diretta<\/strong><\/td>\n<td width=\"86\"><strong>Tour all\u2019arrivo<\/strong><\/td>\n<td width=\"86\"><strong>Tour Replay<\/strong><\/td>\n<td width=\"86\"><strong>Tour di Sera<\/strong><\/td>\n<td width=\"86\"><strong>Tour di Notte<\/strong><\/td>\n<\/tr>\n<tr>\n<td align=\"center\">1<\/td>\n<td>01\/07<\/td>\n<td>182<\/td>\n<td>Collina<\/td>\n<td>Bilbao \u2013 Bilbao<\/td>\n<td>14.45<\/td>\n<td>17.20<\/td>\n<td>17.35<\/td>\n<td>20.00<\/td>\n<td>23.50<\/td>\n<\/tr>\n<tr>\n<td align=\"center\">2<\/td>\n<td>02\/07<\/td>\n<td>208,9<\/td>\n<td>Collina<\/td>\n<td>Vitoria-Gasteiz \u2013 Donostia-San S\u00e9basti\u00e1n<\/td>\n<td>14.45<\/td>\n<td>16.00<\/td>\n<td>17.15<\/td>\n<td>20.00<\/td>\n<td>23.50<\/td>\n<\/tr>\n<tr>\n<td align=\"center\">3<\/td>\n<td>03\/07<\/td>\n<td>193,5<\/td>\n<td>Pianura<\/td>\n<td>Amorebieta-Etxano \u2013 Bayonne<\/td>\n<td>14.45<\/td>\n<td>16.15<\/td>\n<td>17.30<\/td>\n<td>20.00<\/td>\n<td>23.50<\/td>\n<\/tr>\n<tr>\n<td>4<\/td>\n<td>04\/07<\/td>\n<td>181,8<\/td>\n<td>Pianura<\/td>\n<td>Dax \u2013 Nogaro<\/td>\n<td>14.45<\/td>\n<td>16.10<\/td>\n<td>17.25<\/td>\n<td>20.00<\/td>\n<td>23.50<\/td>\n<\/tr>\n<tr>\n<td align=\"center\">5<\/td>\n<td>05\/07<\/td>\n<td>162,7<\/td>\n<td>Collina<\/td>\n<td>Pau \u2013 Laruns<\/td>\n<td>14.45<\/td>\n<td>16.20<\/td>\n<td>17.35<\/td>\n<td>20.00<\/td>\n<td>23.50<\/td>\n<\/tr>\n<tr>\n<td align=\"center\">6<\/td>\n<td>06\/07<\/td>\n<td>144,9<\/td>\n<td>Montagna<\/td>\n<td>Tarbes \u2013 Cauterets-Cambasque<\/td>\n<td>14.45<\/td>\n<td>16.05<\/td>\n<td>17.20<\/td>\n<td>20.00<\/td>\n<td>23.50<\/td>\n<\/tr>\n<tr>\n<td align=\"center\">7<\/td>\n<td>07\/07<\/td>\n<td>169,9<\/td>\n<td>Pianura<\/td>\n<td>Mont-de-Marsan \u2013 Bordeaux<\/td>\n<td>14.45<\/td>\n<td>16.15<\/td>\n<td>17.30<\/td>\n<td>20.00<\/td>\n<td>23.50<\/td>\n<\/tr>\n<tr>\n<td align=\"center\">8<\/td>\n<td>08\/07<\/td>\n<td>200,7<\/td>\n<td>Pianura<\/td>\n<td>Libourne \u2013 Limoges<\/td>\n<td>14.45<\/td>\n<td>16.05<\/td>\n<td>17.20<\/td>\n<td>20.00<\/td>\n<td>23.50<\/td>\n<\/tr>\n<tr>\n<td align=\"center\">9<\/td>\n<td>09\/07<\/td>\n<td>182,4<\/td>\n<td>Montagna<\/td>\n<td>Saint-L\u00e9onard-de-Noblat \u2013 Puy de D\u00f4me<\/td>\n<td>14.45<\/td>\n<td>16.50<\/td>\n<td>18.05<\/td>\n<td>20.00<\/td>\n<td>23.50<\/td>\n<\/tr>\n<tr>\n<td align=\"center\">\u2013<\/td>\n<td>10\/07<\/td>\n<td><\/td>\n<td><\/td>\n<td><em>Riposo a Clermont-Ferrand<\/em><\/td>\n<td><\/td>\n<td><\/td>\n<td><\/td>\n<td><\/td>\n<td><\/td>\n<\/tr>\n<tr>\n<td>10<\/td>\n<td>11\/07<\/td>\n<td align=\"center\">167,2<\/td>\n<td>Collina<\/td>\n<td align=\"center\">Vulcania \u2013 Issoire<\/td>\n<td>14.45<\/td>\n<td>16.15<\/td>\n<td>17.30<\/td>\n<td>20.00<\/td>\n<td>23.50<\/td>\n<\/tr>\n<tr>\n<td align=\"center\">11<\/td>\n<td>12\/07<\/td>\n<td>179,8<\/td>\n<td>Pianura<\/td>\n<td>Clermont-Ferrand \u2013 Moulins<\/td>\n<td>14.45<\/td>\n<td>16.10<\/td>\n<td>17.25<\/td>\n<td>20.00<\/td>\n<td>23.50<\/td>\n<\/tr>\n<tr>\n<td align=\"center\">12<\/td>\n<td>13\/07<\/td>\n<td>168,8<\/td>\n<td>Collina<\/td>\n<td>Roanne \u2013 Belleville-en-Beaujolais<\/td>\n<td>14.45<\/td>\n<td>16.20<\/td>\n<td>17.35<\/td>\n<td>20.00<\/td>\n<td>23.50<\/td>\n<\/tr>\n<tr>\n<td align=\"center\">13<\/td>\n<td>14\/07<\/td>\n<td>137,8<\/td>\n<td>Montagna<\/td>\n<td>Ch\u00e2tillon-Sur-Chalaronne \u2013 Grand Colombier<\/td>\n<td>14.45<\/td>\n<td>16.10<\/td>\n<td>17.25<\/td>\n<td>20.00<\/td>\n<td>23.50<\/td>\n<\/tr>\n<tr>\n<td align=\"center\">14<\/td>\n<td>15\/07<\/td>\n<td>151,8<\/td>\n<td>Montagna<\/td>\n<td>Annemasse \u2013 Morzine les Portes du Soleil<\/td>\n<td>14.45<\/td>\n<td>16.20<\/td>\n<td>17.35<\/td>\n<td>20.00<\/td>\n<td>23.50<\/td>\n<\/tr>\n<tr>\n<td align=\"center\">15<\/td>\n<td>16\/07<\/td>\n<td>179<\/td>\n<td>Montagna<\/td>\n<td>Les Gets les Portes du Soleil \u2013 Saint-Gervais Mont-Blanc le Bettex<\/td>\n<td>14.45<\/td>\n<td>16.10<\/td>\n<td>18.25<\/td>\n<td>20.00<\/td>\n<td>23.50<\/td>\n<\/tr>\n<tr>\n<td align=\"center\">.<\/td>\n<td>17\/07<\/td>\n<td><\/td>\n<td><\/td>\n<td><em>Riposo a Saint-Gervais Mont-Blanc<\/em><\/td>\n<td><\/td>\n<td><\/td>\n<td><\/td>\n<td><\/td>\n<td><\/td>\n<\/tr>\n<tr>\n<td>16<\/td>\n<td>18\/07<\/td>\n<td align=\"center\">22,4<\/td>\n<td>Crono<\/td>\n<td align=\"center\">Passy \u2013 Combloux<\/td>\n<td>14.00<\/td>\n<td>16.20<\/td>\n<td>17.35<\/td>\n<td>20.00<\/td>\n<td>23.50<\/td>\n<\/tr>\n<tr>\n<td align=\"center\">17<\/td>\n<td>19\/07<\/td>\n<td>165,7<\/td>\n<td>Montagna<\/td>\n<td>Saint-Gervais Mont-Blanc \u2013 Courcheve<\/td>\n<td>14.45<\/td>\n<td>16.10<\/td>\n<td>17.25<\/td>\n<td>20.00<\/td>\n<td>23.50<\/td>\n<\/tr>\n<tr>\n<td align=\"center\">18<\/td>\n<td>20\/07<\/td>\n<td>184,9<\/td>\n<td>Collina<\/td>\n<td>Mo\u00fbtiers \u2013 Bourg-en-Bresse<\/td>\n<td>14.45<\/td>\n<td>16.20<\/td>\n<td>17.35<\/td>\n<td>20.00<\/td>\n<td>23.50<\/td>\n<\/tr>\n<tr>\n<td align=\"center\">19<\/td>\n<td>21\/07<\/td>\n<td>172,8<\/td>\n<td>Montagna<\/td>\n<td>Moirans-en-Montagne \u2013 Poligny<\/td>\n<td>14.45<\/td>\n<td>16.05<\/td>\n<td>17.20<\/td>\n<td>20.00<\/td>\n<td>23.50<\/td>\n<\/tr>\n<tr>\n<td align=\"center\">20<\/td>\n<td>22\/07<\/td>\n<td>133,5<\/td>\n<td>Montagna<\/td>\n<td>Belfort \u2013 Le Markstein<\/td>\n<td>14.45<\/td>\n<td>16.05<\/td>\n<td>17.20<\/td>\n<td>20.00<\/td>\n<td>23.50<\/td>\n<\/tr>\n<tr>\n<td align=\"center\">21<\/td>\n<td>23\/07<\/td>\n<td>115,1<\/td>\n<td>Pianura<\/td>\n<td>Saint-Quentin-en-Yvelines \u2013 Paris<\/td>\n<td>17.15<\/td>\n<td>18.15<\/td>\n<td>19.30<\/td>\n<td>20.00<\/td>\n<td>23.50<\/td>\n<\/tr>\n<\/tbody>\n<\/table>\n<\/div>\n<h2>Palinsesto Tour de France 2023 Discovery<\/h2>\n<p class=\"x_MsoNormal\">1\u00b0 luglio:\u00a0<b>Bilbao-Bilbao<\/b>\u00a0alle 12:00<br \/>\n2 luglio:\u00a0<b>Vitoria Gasteiz-San Sebasti\u00e1n<\/b>\u00a0alle 12:00<br \/>\n3 luglio:\u00a0<b>Amorebieta Etxano-Bayonne<\/b>\u00a0alle 12:45<br \/>\n4 luglio:\u00a0<b>Dax-Nogaro<\/b>\u00a0alle 12:45<\/p>\n<p class=\"x_MsoNormal\">5 luglio:\u00a0<b>Pau-Laruns\u00a0<\/b>alle 12:45<br \/>\n6 luglio:\u00a0<b>Tarbes-Cauterets Cambasque<\/b>\u00a0alle 13:00<\/p>\n<div class=\"code-block code-block-10\"><\/div>\n<p class=\"x_MsoNormal\">7 luglio:\u00a0<b>Mont de Marsan-Bordeaux<\/b>\u00a0alle 13:00<\/p>\n<p class=\"x_MsoNormal\">8 luglio:\u00a0<b>Libourne-Limoges<\/b>\u00a0alle 12:15<\/p>\n<div class=\"code-block code-block-10\"><\/div>\n<p class=\"x_MsoNormal\">9 luglio:\u00a0<b>Saint L\u00e9onard de Noblat-Puy de D\u00f4me<\/b>\u00a0alle 13:00<br \/>\n11 luglio:\u00a0<b>Vulcania-Issoire<\/b>\u00a0alle 12:45<br \/>\n12 luglio:\u00a0<b>Clermont Ferrand-Moulins<\/b>\u00a0alle 12:45<br \/>\n13 luglio:\u00a0<b>Roanne-Belleville en Beaujolais<\/b>\u00a0alle 12:45<br \/>\n14 luglio:\u00a0<b>Ch\u00e2tillon sur Chalaronne-Col du Grand Colombier<\/b>\u00a0alle 13:30<\/p>\n<p class=\"x_MsoNormal\">15 luglio:\u00a0<b>Annemasse-Morzine<\/b>\u00a0alle 12:45<br \/>\n16 luglio:\u00a0<b>Les Gets-Saint Gervais Les Bains<\/b>\u00a0alle 12:45<br \/>\n18 luglio:\u00a0<b>Passy-Combloux<\/b>\u00a0alle 12:45<\/p>\n<p class=\"x_MsoNormal\"><span lang=\"EN-US\">19 luglio:\u00a0<\/span><b><span lang=\"EN-US\">Saint Gervais Les Bains-Courchevel<\/span><\/b><span lang=\"EN-US\">\u00a0alle 12:00<br \/>\n20 luglio:\u00a0<\/span><b><span lang=\"EN-US\">Mo\u00fbtiers-Bourg en Bresse<\/span><\/b><span lang=\"EN-US\">\u00a0alle 13:00<\/span><\/p>\n<p class=\"x_MsoNormal\">21 luglio:\u00a0<b>Moirans en Montagne-Poligny<\/b>\u00a0alle 13:00<br \/>\n22 luglio:\u00a0<b>Belfort-Le Markstein<\/b>\u00a0alle 13:00<\/p>\n<p class=\"x_MsoNormal\">23 luglio:\u00a0<b>Saint Quentin en Yvelines-Paris<\/b>\u00a0alle 16:00<\/p>\n","protected":false},"excerpt":{"rendered":"<p>Anche quest&#8217;anno per la corsa pi\u00f9 importante della stagione sar\u00e0 garantita un&#8217;ampia copertura tv in Italia. Gli appassionati di ciclismo potranno seguire, infatti, il\u00a0Tour de France 2023, in programma dall&#8217;1 al 23 luglio, sia su Eurosport che sulla Rai, oltre che su tutte le piattaforme di streaming online collegate alle due emittenti. Sar\u00e0 solo Eurosport, &hellip;<\/p>\n","protected":false},"author":39,"featured_media":211582,"comment_status":"open","ping_status":"open","sticky":false,"template":"","format":"standard","meta":{"footnotes":""},"categories":[4838,21],"tags":[3162],"class_list":["post-258447","post","type-post","status-publish","format-standard","has-post-thumbnail","hentry","category-tour-2023","category-vetrina","tag-tour-de-france-2023"],"yoast_head":"<!-- This site is optimized with the Yoast SEO plugin v27.4 - https:\/\/yoast.com\/product\/yoast-seo-wordpress\/ -->\n<title>Dove vedere il Tour de France 2023 in TV e streaming? - SpazioCiclismo<\/title>\n<meta name=\"robots\" content=\"index, follow, max-snippet:-1, max-image-preview:large, max-video-preview:-1\" \/>\n<link rel=\"canonical\" href=\"https:\/\/cyclingpro.net\/spaziociclismo\/tour-2023\/dove-vedere-il-tour-de-france-2023-in-tv-e-streaming\/\" \/>\n<meta property=\"og:locale\" content=\"it_IT\" \/>\n<meta property=\"og:type\" content=\"article\" \/>\n<meta property=\"og:title\" content=\"Dove vedere il Tour de France 2023 in TV e streaming? - SpazioCiclismo\" \/>\n<meta property=\"og:description\" content=\"Anche quest&#8217;anno per la corsa pi\u00f9 importante della stagione sar\u00e0 garantita un&#8217;ampia copertura tv in Italia. Gli appassionati di ciclismo potranno seguire, infatti, il\u00a0Tour de France 2023, in programma dall&#8217;1 al 23 luglio, sia su Eurosport che sulla Rai, oltre che su tutte le piattaforme di streaming online collegate alle due emittenti. Sar\u00e0 solo Eurosport, &hellip;\" \/>\n<meta property=\"og:url\" content=\"https:\/\/cyclingpro.net\/spaziociclismo\/tour-2023\/dove-vedere-il-tour-de-france-2023-in-tv-e-streaming\/\" \/>\n<meta property=\"og:site_name\" content=\"SpazioCiclismo\" \/>\n<meta property=\"article:publisher\" content=\"https:\/\/www.facebook.com\/SpazioCiclismo\/\" \/>\n<meta property=\"article:published_time\" content=\"2023-07-01T06:53:20+00:00\" \/>\n<meta property=\"og:image\" content=\"https:\/\/i0.wp.com\/cyclingpro.net\/spaziociclismo\/wp-content\/uploads\/2022\/06\/Moto-TV-Telecamera-Fuggitivi-Giro-del-Delfinato-2022.jpg?fit=1200%2C800&ssl=1\" \/>\n\t<meta property=\"og:image:width\" content=\"1200\" \/>\n\t<meta property=\"og:image:height\" content=\"800\" \/>\n\t<meta property=\"og:image:type\" content=\"image\/jpeg\" \/>\n<meta name=\"author\" content=\"Menichincheri Francesco\" \/>\n<meta name=\"twitter:card\" content=\"summary_large_image\" \/>\n<meta name=\"twitter:creator\" content=\"@spaziociclismo\" \/>\n<meta name=\"twitter:site\" content=\"@spaziociclismo\" \/>\n<meta name=\"twitter:label1\" content=\"Scritto da\" \/>\n\t<meta name=\"twitter:data1\" content=\"Menichincheri Francesco\" \/>\n\t<meta name=\"twitter:label2\" content=\"Tempo di lettura stimato\" \/>\n\t<meta name=\"twitter:data2\" content=\"5 minuti\" \/>\n<script type=\"application\/ld+json\" class=\"yoast-schema-graph\">{\"@context\":\"https:\\\/\\\/schema.org\",\"@graph\":[{\"@type\":\"Article\",\"@id\":\"https:\\\/\\\/cyclingpro.net\\\/spaziociclismo\\\/tour-2023\\\/dove-vedere-il-tour-de-france-2023-in-tv-e-streaming\\\/#article\",\"isPartOf\":{\"@id\":\"https:\\\/\\\/cyclingpro.net\\\/spaziociclismo\\\/tour-2023\\\/dove-vedere-il-tour-de-france-2023-in-tv-e-streaming\\\/\"},\"author\":{\"name\":\"Menichincheri Francesco\",\"@id\":\"https:\\\/\\\/cyclingpro.net\\\/spaziociclismo\\\/#\\\/schema\\\/person\\\/7b753c2542d601818fbffc674f35c422\"},\"headline\":\"Dove vedere il Tour de France 2023 in TV e streaming?\",\"datePublished\":\"2023-07-01T06:53:20+00:00\",\"mainEntityOfPage\":{\"@id\":\"https:\\\/\\\/cyclingpro.net\\\/spaziociclismo\\\/tour-2023\\\/dove-vedere-il-tour-de-france-2023-in-tv-e-streaming\\\/\"},\"wordCount\":702,\"commentCount\":0,\"publisher\":{\"@id\":\"https:\\\/\\\/cyclingpro.net\\\/spaziociclismo\\\/#organization\"},\"image\":{\"@id\":\"https:\\\/\\\/cyclingpro.net\\\/spaziociclismo\\\/tour-2023\\\/dove-vedere-il-tour-de-france-2023-in-tv-e-streaming\\\/#primaryimage\"},\"thumbnailUrl\":\"https:\\\/\\\/cyclingpro.net\\\/spaziociclismo\\\/wp-content\\\/uploads\\\/2022\\\/06\\\/Moto-TV-Telecamera-Fuggitivi-Giro-del-Delfinato-2022.jpg\",\"keywords\":[\"Tour de France 2023\"],\"articleSection\":[\"Tour 2023\",\"Vetrina\"],\"inLanguage\":\"it-IT\",\"potentialAction\":[{\"@type\":\"CommentAction\",\"name\":\"Comment\",\"target\":[\"https:\\\/\\\/cyclingpro.net\\\/spaziociclismo\\\/tour-2023\\\/dove-vedere-il-tour-de-france-2023-in-tv-e-streaming\\\/#respond\"]}]},{\"@type\":\"WebPage\",\"@id\":\"https:\\\/\\\/cyclingpro.net\\\/spaziociclismo\\\/tour-2023\\\/dove-vedere-il-tour-de-france-2023-in-tv-e-streaming\\\/\",\"url\":\"https:\\\/\\\/cyclingpro.net\\\/spaziociclismo\\\/tour-2023\\\/dove-vedere-il-tour-de-france-2023-in-tv-e-streaming\\\/\",\"name\":\"Dove vedere il Tour de France 2023 in TV e streaming? - SpazioCiclismo\",\"isPartOf\":{\"@id\":\"https:\\\/\\\/cyclingpro.net\\\/spaziociclismo\\\/#website\"},\"primaryImageOfPage\":{\"@id\":\"https:\\\/\\\/cyclingpro.net\\\/spaziociclismo\\\/tour-2023\\\/dove-vedere-il-tour-de-france-2023-in-tv-e-streaming\\\/#primaryimage\"},\"image\":{\"@id\":\"https:\\\/\\\/cyclingpro.net\\\/spaziociclismo\\\/tour-2023\\\/dove-vedere-il-tour-de-france-2023-in-tv-e-streaming\\\/#primaryimage\"},\"thumbnailUrl\":\"https:\\\/\\\/cyclingpro.net\\\/spaziociclismo\\\/wp-content\\\/uploads\\\/2022\\\/06\\\/Moto-TV-Telecamera-Fuggitivi-Giro-del-Delfinato-2022.jpg\",\"datePublished\":\"2023-07-01T06:53:20+00:00\",\"breadcrumb\":{\"@id\":\"https:\\\/\\\/cyclingpro.net\\\/spaziociclismo\\\/tour-2023\\\/dove-vedere-il-tour-de-france-2023-in-tv-e-streaming\\\/#breadcrumb\"},\"inLanguage\":\"it-IT\",\"potentialAction\":[{\"@type\":\"ReadAction\",\"target\":[\"https:\\\/\\\/cyclingpro.net\\\/spaziociclismo\\\/tour-2023\\\/dove-vedere-il-tour-de-france-2023-in-tv-e-streaming\\\/\"]}]},{\"@type\":\"ImageObject\",\"inLanguage\":\"it-IT\",\"@id\":\"https:\\\/\\\/cyclingpro.net\\\/spaziociclismo\\\/tour-2023\\\/dove-vedere-il-tour-de-france-2023-in-tv-e-streaming\\\/#primaryimage\",\"url\":\"https:\\\/\\\/cyclingpro.net\\\/spaziociclismo\\\/wp-content\\\/uploads\\\/2022\\\/06\\\/Moto-TV-Telecamera-Fuggitivi-Giro-del-Delfinato-2022.jpg\",\"contentUrl\":\"https:\\\/\\\/cyclingpro.net\\\/spaziociclismo\\\/wp-content\\\/uploads\\\/2022\\\/06\\\/Moto-TV-Telecamera-Fuggitivi-Giro-del-Delfinato-2022.jpg\",\"width\":1200,\"height\":800,\"caption\":\"\u00a9 ASO \\\/ Aur\u00e9lien Vialatte\"},{\"@type\":\"BreadcrumbList\",\"@id\":\"https:\\\/\\\/cyclingpro.net\\\/spaziociclismo\\\/tour-2023\\\/dove-vedere-il-tour-de-france-2023-in-tv-e-streaming\\\/#breadcrumb\",\"itemListElement\":[{\"@type\":\"ListItem\",\"position\":1,\"name\":\"Home\",\"item\":\"https:\\\/\\\/cyclingpro.net\\\/spaziociclismo\\\/\"},{\"@type\":\"ListItem\",\"position\":2,\"name\":\"Dove vedere il Tour de France 2023 in TV e streaming?\"}]},{\"@type\":\"WebSite\",\"@id\":\"https:\\\/\\\/cyclingpro.net\\\/spaziociclismo\\\/#website\",\"url\":\"https:\\\/\\\/cyclingpro.net\\\/spaziociclismo\\\/\",\"name\":\"SpazioCiclismo\",\"description\":\"Tutto il ciclismo minuto per minuto\",\"publisher\":{\"@id\":\"https:\\\/\\\/cyclingpro.net\\\/spaziociclismo\\\/#organization\"},\"potentialAction\":[{\"@type\":\"SearchAction\",\"target\":{\"@type\":\"EntryPoint\",\"urlTemplate\":\"https:\\\/\\\/cyclingpro.net\\\/spaziociclismo\\\/?s={search_term_string}\"},\"query-input\":{\"@type\":\"PropertyValueSpecification\",\"valueRequired\":true,\"valueName\":\"search_term_string\"}}],\"inLanguage\":\"it-IT\"},{\"@type\":\"Organization\",\"@id\":\"https:\\\/\\\/cyclingpro.net\\\/spaziociclismo\\\/#organization\",\"name\":\"SpazioCiclismo\",\"url\":\"https:\\\/\\\/cyclingpro.net\\\/spaziociclismo\\\/\",\"logo\":{\"@type\":\"ImageObject\",\"inLanguage\":\"it-IT\",\"@id\":\"https:\\\/\\\/cyclingpro.net\\\/spaziociclismo\\\/#\\\/schema\\\/logo\\\/image\\\/\",\"url\":\"https:\\\/\\\/cyclingpro.net\\\/spaziociclismo\\\/wp-content\\\/uploads\\\/2017\\\/02\\\/SpazioCiclismo-Logo-Quadrato.png\",\"contentUrl\":\"https:\\\/\\\/cyclingpro.net\\\/spaziociclismo\\\/wp-content\\\/uploads\\\/2017\\\/02\\\/SpazioCiclismo-Logo-Quadrato.png\",\"width\":450,\"height\":450,\"caption\":\"SpazioCiclismo\"},\"image\":{\"@id\":\"https:\\\/\\\/cyclingpro.net\\\/spaziociclismo\\\/#\\\/schema\\\/logo\\\/image\\\/\"},\"sameAs\":[\"https:\\\/\\\/www.facebook.com\\\/SpazioCiclismo\\\/\",\"https:\\\/\\\/x.com\\\/spaziociclismo\",\"https:\\\/\\\/www.instagram.com\\\/spaziociclismo\\\/\"]},{\"@type\":\"Person\",\"@id\":\"https:\\\/\\\/cyclingpro.net\\\/spaziociclismo\\\/#\\\/schema\\\/person\\\/7b753c2542d601818fbffc674f35c422\",\"name\":\"Menichincheri Francesco\",\"image\":{\"@type\":\"ImageObject\",\"inLanguage\":\"it-IT\",\"@id\":\"https:\\\/\\\/secure.gravatar.com\\\/avatar\\\/9694e9ffaa9af7b51695531c90e621753d696b003fc3a136cf77ab179abf49bd?s=96&d=mm&r=g\",\"url\":\"https:\\\/\\\/secure.gravatar.com\\\/avatar\\\/9694e9ffaa9af7b51695531c90e621753d696b003fc3a136cf77ab179abf49bd?s=96&d=mm&r=g\",\"contentUrl\":\"https:\\\/\\\/secure.gravatar.com\\\/avatar\\\/9694e9ffaa9af7b51695531c90e621753d696b003fc3a136cf77ab179abf49bd?s=96&d=mm&r=g\",\"caption\":\"Menichincheri Francesco\"},\"url\":\"https:\\\/\\\/cyclingpro.net\\\/spaziociclismo\\\/author\\\/fmenichincheri\\\/\"}]}<\/script>\n<!-- \/ Yoast SEO plugin. -->","yoast_head_json":{"title":"Dove vedere il Tour de France 2023 in TV e streaming? - SpazioCiclismo","robots":{"index":"index","follow":"follow","max-snippet":"max-snippet:-1","max-image-preview":"max-image-preview:large","max-video-preview":"max-video-preview:-1"},"canonical":"https:\/\/cyclingpro.net\/spaziociclismo\/tour-2023\/dove-vedere-il-tour-de-france-2023-in-tv-e-streaming\/","og_locale":"it_IT","og_type":"article","og_title":"Dove vedere il Tour de France 2023 in TV e streaming? - SpazioCiclismo","og_description":"Anche quest&#8217;anno per la corsa pi\u00f9 importante della stagione sar\u00e0 garantita un&#8217;ampia copertura tv in Italia. Gli appassionati di ciclismo potranno seguire, infatti, il\u00a0Tour de France 2023, in programma dall&#8217;1 al 23 luglio, sia su Eurosport che sulla Rai, oltre che su tutte le piattaforme di streaming online collegate alle due emittenti. Sar\u00e0 solo Eurosport, &hellip;","og_url":"https:\/\/cyclingpro.net\/spaziociclismo\/tour-2023\/dove-vedere-il-tour-de-france-2023-in-tv-e-streaming\/","og_site_name":"SpazioCiclismo","article_publisher":"https:\/\/www.facebook.com\/SpazioCiclismo\/","article_published_time":"2023-07-01T06:53:20+00:00","og_image":[{"width":1200,"height":800,"url":"https:\/\/i0.wp.com\/cyclingpro.net\/spaziociclismo\/wp-content\/uploads\/2022\/06\/Moto-TV-Telecamera-Fuggitivi-Giro-del-Delfinato-2022.jpg?fit=1200%2C800&ssl=1","type":"image\/jpeg"}],"author":"Menichincheri Francesco","twitter_card":"summary_large_image","twitter_creator":"@spaziociclismo","twitter_site":"@spaziociclismo","twitter_misc":{"Scritto da":"Menichincheri Francesco","Tempo di lettura stimato":"5 minuti"},"schema":{"@context":"https:\/\/schema.org","@graph":[{"@type":"Article","@id":"https:\/\/cyclingpro.net\/spaziociclismo\/tour-2023\/dove-vedere-il-tour-de-france-2023-in-tv-e-streaming\/#article","isPartOf":{"@id":"https:\/\/cyclingpro.net\/spaziociclismo\/tour-2023\/dove-vedere-il-tour-de-france-2023-in-tv-e-streaming\/"},"author":{"name":"Menichincheri Francesco","@id":"https:\/\/cyclingpro.net\/spaziociclismo\/#\/schema\/person\/7b753c2542d601818fbffc674f35c422"},"headline":"Dove vedere il Tour de France 2023 in TV e streaming?","datePublished":"2023-07-01T06:53:20+00:00","mainEntityOfPage":{"@id":"https:\/\/cyclingpro.net\/spaziociclismo\/tour-2023\/dove-vedere-il-tour-de-france-2023-in-tv-e-streaming\/"},"wordCount":702,"commentCount":0,"publisher":{"@id":"https:\/\/cyclingpro.net\/spaziociclismo\/#organization"},"image":{"@id":"https:\/\/cyclingpro.net\/spaziociclismo\/tour-2023\/dove-vedere-il-tour-de-france-2023-in-tv-e-streaming\/#primaryimage"},"thumbnailUrl":"https:\/\/cyclingpro.net\/spaziociclismo\/wp-content\/uploads\/2022\/06\/Moto-TV-Telecamera-Fuggitivi-Giro-del-Delfinato-2022.jpg","keywords":["Tour de France 2023"],"articleSection":["Tour 2023","Vetrina"],"inLanguage":"it-IT","potentialAction":[{"@type":"CommentAction","name":"Comment","target":["https:\/\/cyclingpro.net\/spaziociclismo\/tour-2023\/dove-vedere-il-tour-de-france-2023-in-tv-e-streaming\/#respond"]}]},{"@type":"WebPage","@id":"https:\/\/cyclingpro.net\/spaziociclismo\/tour-2023\/dove-vedere-il-tour-de-france-2023-in-tv-e-streaming\/","url":"https:\/\/cyclingpro.net\/spaziociclismo\/tour-2023\/dove-vedere-il-tour-de-france-2023-in-tv-e-streaming\/","name":"Dove vedere il Tour de France 2023 in TV e streaming? - SpazioCiclismo","isPartOf":{"@id":"https:\/\/cyclingpro.net\/spaziociclismo\/#website"},"primaryImageOfPage":{"@id":"https:\/\/cyclingpro.net\/spaziociclismo\/tour-2023\/dove-vedere-il-tour-de-france-2023-in-tv-e-streaming\/#primaryimage"},"image":{"@id":"https:\/\/cyclingpro.net\/spaziociclismo\/tour-2023\/dove-vedere-il-tour-de-france-2023-in-tv-e-streaming\/#primaryimage"},"thumbnailUrl":"https:\/\/cyclingpro.net\/spaziociclismo\/wp-content\/uploads\/2022\/06\/Moto-TV-Telecamera-Fuggitivi-Giro-del-Delfinato-2022.jpg","datePublished":"2023-07-01T06:53:20+00:00","breadcrumb":{"@id":"https:\/\/cyclingpro.net\/spaziociclismo\/tour-2023\/dove-vedere-il-tour-de-france-2023-in-tv-e-streaming\/#breadcrumb"},"inLanguage":"it-IT","potentialAction":[{"@type":"ReadAction","target":["https:\/\/cyclingpro.net\/spaziociclismo\/tour-2023\/dove-vedere-il-tour-de-france-2023-in-tv-e-streaming\/"]}]},{"@type":"ImageObject","inLanguage":"it-IT","@id":"https:\/\/cyclingpro.net\/spaziociclismo\/tour-2023\/dove-vedere-il-tour-de-france-2023-in-tv-e-streaming\/#primaryimage","url":"https:\/\/cyclingpro.net\/spaziociclismo\/wp-content\/uploads\/2022\/06\/Moto-TV-Telecamera-Fuggitivi-Giro-del-Delfinato-2022.jpg","contentUrl":"https:\/\/cyclingpro.net\/spaziociclismo\/wp-content\/uploads\/2022\/06\/Moto-TV-Telecamera-Fuggitivi-Giro-del-Delfinato-2022.jpg","width":1200,"height":800,"caption":"\u00a9 ASO \/ Aur\u00e9lien Vialatte"},{"@type":"BreadcrumbList","@id":"https:\/\/cyclingpro.net\/spaziociclismo\/tour-2023\/dove-vedere-il-tour-de-france-2023-in-tv-e-streaming\/#breadcrumb","itemListElement":[{"@type":"ListItem","position":1,"name":"Home","item":"https:\/\/cyclingpro.net\/spaziociclismo\/"},{"@type":"ListItem","position":2,"name":"Dove vedere il Tour de France 2023 in TV e streaming?"}]},{"@type":"WebSite","@id":"https:\/\/cyclingpro.net\/spaziociclismo\/#website","url":"https:\/\/cyclingpro.net\/spaziociclismo\/","name":"SpazioCiclismo","description":"Tutto il ciclismo minuto per minuto","publisher":{"@id":"https:\/\/cyclingpro.net\/spaziociclismo\/#organization"},"potentialAction":[{"@type":"SearchAction","target":{"@type":"EntryPoint","urlTemplate":"https:\/\/cyclingpro.net\/spaziociclismo\/?s={search_term_string}"},"query-input":{"@type":"PropertyValueSpecification","valueRequired":true,"valueName":"search_term_string"}}],"inLanguage":"it-IT"},{"@type":"Organization","@id":"https:\/\/cyclingpro.net\/spaziociclismo\/#organization","name":"SpazioCiclismo","url":"https:\/\/cyclingpro.net\/spaziociclismo\/","logo":{"@type":"ImageObject","inLanguage":"it-IT","@id":"https:\/\/cyclingpro.net\/spaziociclismo\/#\/schema\/logo\/image\/","url":"https:\/\/cyclingpro.net\/spaziociclismo\/wp-content\/uploads\/2017\/02\/SpazioCiclismo-Logo-Quadrato.png","contentUrl":"https:\/\/cyclingpro.net\/spaziociclismo\/wp-content\/uploads\/2017\/02\/SpazioCiclismo-Logo-Quadrato.png","width":450,"height":450,"caption":"SpazioCiclismo"},"image":{"@id":"https:\/\/cyclingpro.net\/spaziociclismo\/#\/schema\/logo\/image\/"},"sameAs":["https:\/\/www.facebook.com\/SpazioCiclismo\/","https:\/\/x.com\/spaziociclismo","https:\/\/www.instagram.com\/spaziociclismo\/"]},{"@type":"Person","@id":"https:\/\/cyclingpro.net\/spaziociclismo\/#\/schema\/person\/7b753c2542d601818fbffc674f35c422","name":"Menichincheri Francesco","image":{"@type":"ImageObject","inLanguage":"it-IT","@id":"https:\/\/secure.gravatar.com\/avatar\/9694e9ffaa9af7b51695531c90e621753d696b003fc3a136cf77ab179abf49bd?s=96&d=mm&r=g","url":"https:\/\/secure.gravatar.com\/avatar\/9694e9ffaa9af7b51695531c90e621753d696b003fc3a136cf77ab179abf49bd?s=96&d=mm&r=g","contentUrl":"https:\/\/secure.gravatar.com\/avatar\/9694e9ffaa9af7b51695531c90e621753d696b003fc3a136cf77ab179abf49bd?s=96&d=mm&r=g","caption":"Menichincheri Francesco"},"url":"https:\/\/cyclingpro.net\/spaziociclismo\/author\/fmenichincheri\/"}]}},"_links":{"self":[{"href":"https:\/\/cyclingpro.net\/spaziociclismo\/wp-json\/wp\/v2\/posts\/258447","targetHints":{"allow":["GET"]}}],"collection":[{"href":"https:\/\/cyclingpro.net\/spaziociclismo\/wp-json\/wp\/v2\/posts"}],"about":[{"href":"https:\/\/cyclingpro.net\/spaziociclismo\/wp-json\/wp\/v2\/types\/post"}],"author":[{"embeddable":true,"href":"https:\/\/cyclingpro.net\/spaziociclismo\/wp-json\/wp\/v2\/users\/39"}],"replies":[{"embeddable":true,"href":"https:\/\/cyclingpro.net\/spaziociclismo\/wp-json\/wp\/v2\/comments?post=258447"}],"version-history":[{"count":1,"href":"https:\/\/cyclingpro.net\/spaziociclismo\/wp-json\/wp\/v2\/posts\/258447\/revisions"}],"predecessor-version":[{"id":258448,"href":"https:\/\/cyclingpro.net\/spaziociclismo\/wp-json\/wp\/v2\/posts\/258447\/revisions\/258448"}],"wp:featuredmedia":[{"embeddable":true,"href":"https:\/\/cyclingpro.net\/spaziociclismo\/wp-json\/wp\/v2\/media\/211582"}],"wp:attachment":[{"href":"https:\/\/cyclingpro.net\/spaziociclismo\/wp-json\/wp\/v2\/media?parent=258447"}],"wp:term":[{"taxonomy":"category","embeddable":true,"href":"https:\/\/cyclingpro.net\/spaziociclismo\/wp-json\/wp\/v2\/categories?post=258447"},{"taxonomy":"post_tag","embeddable":true,"href":"https:\/\/cyclingpro.net\/spaziociclismo\/wp-json\/wp\/v2\/tags?post=258447"}],"curies":[{"name":"wp","href":"https:\/\/api.w.org\/{rel}","templated":true}]}}