{"id":248960,"date":"2023-04-19T19:49:55","date_gmt":"2023-04-19T17:49:55","guid":{"rendered":"https:\/\/cyclingpro.net\/spaziociclismo\/?p=248960"},"modified":"2023-04-19T19:51:27","modified_gmt":"2023-04-19T17:51:27","slug":"alpecin-deceuninck-i-paesi-bassi-puntano-a-un-doppio-van-der-poel-ai-mondiali-2023-strada-e-mountain-bike","status":"publish","type":"post","link":"https:\/\/cyclingpro.net\/spaziociclismo\/worldtour\/alpecin-deceuninck-i-paesi-bassi-puntano-a-un-doppio-van-der-poel-ai-mondiali-2023-strada-e-mountain-bike\/","title":{"rendered":"Mondiali Glasgow 2023, i Paesi Bassi puntano a un &#8220;doppio&#8221; Van der Poel: strada e mountain bike"},"content":{"rendered":"<p>In vista dei <strong>Mondiali<\/strong> di <strong>Glasgow 2023<\/strong>, che in questa stagione saranno per la prima volta &#8220;super&#8221;, coniugando tutte le discipline ciclistiche in un&#8217;unica manifestazione, la Federazione dei <strong>Paesi Bassi<\/strong> vuole un <strong>Mathieu van der Poel<\/strong> in versione &#8220;multipla&#8221;. Il neerlandese, per il quale la gara in linea su strada sembra molto adatta, potrebbe essere impiegato anche nel settore della mountain bike, anche se lo scenario sembra abbastanza complicato.<\/p>\n<p>Il calendario dell&#8217;evento scozzese vede la suddetta prova su strada in programma per domenica 6 agosto. Sei giorni dopo, sabato 12, c&#8217;\u00e8 invece la prova di mountain bike, che ingolosisce i vertici &#8220;arancioni&#8221;: &#8220;Lo spazio fra le due corse potrebbe permettere di combinare i due impegni&#8221; le parole di <strong>Gerben de Knegt<\/strong>, tecnico del settore mtb neerlandese, riportate da <a href=\"https:\/\/nos.nl\/artikel\/2471848-na-magistraal-voorjaar-begint-rekenwerk-wanneer-stapt-van-der-poel-op-welke-fiets\" target=\"_blank\" rel=\"noopener\"><em>Nos<\/em><\/a>.<\/p>\n<p>Parlando di Van der Poel, il responsabile arancione sottolinea: &#8220;So che lui vuole mettere in calendario delle prove di mountain bike di Coppa del mondo, ma ancora non abbiamo chiaro quando vorr\u00e0 farlo. <strong>Capisco che non sia la sua priorit\u00e0, ma a me serve saperlo.<\/strong> Questa settimana lo chiamer\u00f2&#8221;.<\/p>\n<p>I Paesi Bassi hanno anche necessit\u00e0 di &#8220;muovere&#8221; la classifica per nazioni del settore mtb, visto che al momento sono 30esimi, posizione che non darebbe loro la possibilit\u00e0 di portare alcun corridore a <strong>Parigi 2024.\u00a0<\/strong>La prova iridata di Glasgow, per\u00f2, qualificher\u00e0 direttamente ai Giochi il primo e il secondo classificato. Un motivo in pi\u00f9, quindi, perch\u00e9 Van der Poel &#8211; <a href=\"https:\/\/cyclingpro.net\/spaziociclismo\/tokyo-2020\/tokyo-2020-nessuna-frattura-per-mathieu-van-der-poel-tornero\/\" target=\"_blank\" rel=\"noopener\">che dell&#8217;edizione precedente, quella di <strong>Tokyo 2020,<\/strong> era stato sfortunato protagonista<\/a> &#8211; possa sottoporsi a un notevole doppio sforzo nel mese di agosto.<\/p>\n","protected":false},"excerpt":{"rendered":"<p>In vista dei Mondiali di Glasgow 2023, che in questa stagione saranno per la prima volta &#8220;super&#8221;, coniugando tutte le discipline ciclistiche in un&#8217;unica manifestazione, la Federazione dei Paesi Bassi vuole un Mathieu van der Poel in versione &#8220;multipla&#8221;. Il neerlandese, per il quale la gara in linea su strada sembra molto adatta, potrebbe essere &hellip;<\/p>\n","protected":false},"author":25,"featured_media":247764,"comment_status":"open","ping_status":"open","sticky":false,"template":"","format":"standard","meta":{"footnotes":""},"categories":[25],"tags":[4679,258,2705],"class_list":["post-248960","post","type-post","status-publish","format-standard","has-post-thumbnail","hentry","category-worldtour","tag-alpecin-deceuninck-2023","tag-mathieu-van-der-poel","tag-mondiali-glasgow-2023"],"yoast_head":"<!-- This site is optimized with the Yoast SEO plugin v27.4 - https:\/\/yoast.com\/product\/yoast-seo-wordpress\/ -->\n<title>Mondiali Glasgow 2023, i Paesi Bassi puntano a un &quot;doppio&quot; Van der Poel: strada e mountain bike - SpazioCiclismo<\/title>\n<meta name=\"robots\" content=\"index, follow, max-snippet:-1, max-image-preview:large, max-video-preview:-1\" \/>\n<link rel=\"canonical\" href=\"https:\/\/cyclingpro.net\/spaziociclismo\/worldtour\/alpecin-deceuninck-i-paesi-bassi-puntano-a-un-doppio-van-der-poel-ai-mondiali-2023-strada-e-mountain-bike\/\" \/>\n<meta property=\"og:locale\" content=\"it_IT\" \/>\n<meta property=\"og:type\" content=\"article\" \/>\n<meta property=\"og:title\" content=\"Mondiali Glasgow 2023, i Paesi Bassi puntano a un &quot;doppio&quot; Van der Poel: strada e mountain bike - SpazioCiclismo\" \/>\n<meta property=\"og:description\" content=\"In vista dei Mondiali di Glasgow 2023, che in questa stagione saranno per la prima volta &#8220;super&#8221;, coniugando tutte le discipline ciclistiche in un&#8217;unica manifestazione, la Federazione dei Paesi Bassi vuole un Mathieu van der Poel in versione &#8220;multipla&#8221;. Il neerlandese, per il quale la gara in linea su strada sembra molto adatta, potrebbe essere &hellip;\" \/>\n<meta property=\"og:url\" content=\"https:\/\/cyclingpro.net\/spaziociclismo\/worldtour\/alpecin-deceuninck-i-paesi-bassi-puntano-a-un-doppio-van-der-poel-ai-mondiali-2023-strada-e-mountain-bike\/\" \/>\n<meta property=\"og:site_name\" content=\"SpazioCiclismo\" \/>\n<meta property=\"article:publisher\" content=\"https:\/\/www.facebook.com\/SpazioCiclismo\/\" \/>\n<meta property=\"article:published_time\" content=\"2023-04-19T17:49:55+00:00\" \/>\n<meta property=\"article:modified_time\" content=\"2023-04-19T17:51:27+00:00\" \/>\n<meta property=\"og:image\" content=\"https:\/\/cyclingpro.net\/spaziociclismo\/wp-content\/uploads\/2023\/04\/Mathieu-Van-Der-Poel-Podio-Pietra-Pave-Parigi-Roubaix-2023.jpg\" \/>\n\t<meta property=\"og:image:width\" content=\"1200\" \/>\n\t<meta property=\"og:image:height\" content=\"801\" \/>\n\t<meta property=\"og:image:type\" content=\"image\/jpeg\" \/>\n<meta name=\"author\" content=\"Francesco Mitola\" \/>\n<meta name=\"twitter:card\" content=\"summary_large_image\" \/>\n<meta name=\"twitter:creator\" content=\"@spaziociclismo\" \/>\n<meta name=\"twitter:site\" content=\"@spaziociclismo\" \/>\n<meta name=\"twitter:label1\" content=\"Scritto da\" \/>\n\t<meta name=\"twitter:data1\" content=\"Francesco Mitola\" \/>\n\t<meta name=\"twitter:label2\" content=\"Tempo di lettura stimato\" \/>\n\t<meta name=\"twitter:data2\" content=\"2 minuti\" \/>\n<script type=\"application\/ld+json\" class=\"yoast-schema-graph\">{\"@context\":\"https:\\\/\\\/schema.org\",\"@graph\":[{\"@type\":\"Article\",\"@id\":\"https:\\\/\\\/cyclingpro.net\\\/spaziociclismo\\\/worldtour\\\/alpecin-deceuninck-i-paesi-bassi-puntano-a-un-doppio-van-der-poel-ai-mondiali-2023-strada-e-mountain-bike\\\/#article\",\"isPartOf\":{\"@id\":\"https:\\\/\\\/cyclingpro.net\\\/spaziociclismo\\\/worldtour\\\/alpecin-deceuninck-i-paesi-bassi-puntano-a-un-doppio-van-der-poel-ai-mondiali-2023-strada-e-mountain-bike\\\/\"},\"author\":{\"name\":\"Francesco Mitola\",\"@id\":\"https:\\\/\\\/cyclingpro.net\\\/spaziociclismo\\\/#\\\/schema\\\/person\\\/627dbc08c9712c25304b059bbb765de8\"},\"headline\":\"Mondiali Glasgow 2023, i Paesi Bassi puntano a un &#8220;doppio&#8221; Van der Poel: strada e mountain bike\",\"datePublished\":\"2023-04-19T17:49:55+00:00\",\"dateModified\":\"2023-04-19T17:51:27+00:00\",\"mainEntityOfPage\":{\"@id\":\"https:\\\/\\\/cyclingpro.net\\\/spaziociclismo\\\/worldtour\\\/alpecin-deceuninck-i-paesi-bassi-puntano-a-un-doppio-van-der-poel-ai-mondiali-2023-strada-e-mountain-bike\\\/\"},\"wordCount\":276,\"commentCount\":0,\"publisher\":{\"@id\":\"https:\\\/\\\/cyclingpro.net\\\/spaziociclismo\\\/#organization\"},\"image\":{\"@id\":\"https:\\\/\\\/cyclingpro.net\\\/spaziociclismo\\\/worldtour\\\/alpecin-deceuninck-i-paesi-bassi-puntano-a-un-doppio-van-der-poel-ai-mondiali-2023-strada-e-mountain-bike\\\/#primaryimage\"},\"thumbnailUrl\":\"https:\\\/\\\/cyclingpro.net\\\/spaziociclismo\\\/wp-content\\\/uploads\\\/2023\\\/04\\\/Mathieu-Van-Der-Poel-Podio-Pietra-Pave-Parigi-Roubaix-2023.jpg\",\"keywords\":[\"Alpecin - Deceuninck 2023\",\"Mathieu van der Poel\",\"Mondiali Glasgow 2023\"],\"articleSection\":[\"WorldTour\"],\"inLanguage\":\"it-IT\",\"potentialAction\":[{\"@type\":\"CommentAction\",\"name\":\"Comment\",\"target\":[\"https:\\\/\\\/cyclingpro.net\\\/spaziociclismo\\\/worldtour\\\/alpecin-deceuninck-i-paesi-bassi-puntano-a-un-doppio-van-der-poel-ai-mondiali-2023-strada-e-mountain-bike\\\/#respond\"]}]},{\"@type\":\"WebPage\",\"@id\":\"https:\\\/\\\/cyclingpro.net\\\/spaziociclismo\\\/worldtour\\\/alpecin-deceuninck-i-paesi-bassi-puntano-a-un-doppio-van-der-poel-ai-mondiali-2023-strada-e-mountain-bike\\\/\",\"url\":\"https:\\\/\\\/cyclingpro.net\\\/spaziociclismo\\\/worldtour\\\/alpecin-deceuninck-i-paesi-bassi-puntano-a-un-doppio-van-der-poel-ai-mondiali-2023-strada-e-mountain-bike\\\/\",\"name\":\"Mondiali Glasgow 2023, i Paesi Bassi puntano a un \\\"doppio\\\" Van der Poel: strada e mountain bike - SpazioCiclismo\",\"isPartOf\":{\"@id\":\"https:\\\/\\\/cyclingpro.net\\\/spaziociclismo\\\/#website\"},\"primaryImageOfPage\":{\"@id\":\"https:\\\/\\\/cyclingpro.net\\\/spaziociclismo\\\/worldtour\\\/alpecin-deceuninck-i-paesi-bassi-puntano-a-un-doppio-van-der-poel-ai-mondiali-2023-strada-e-mountain-bike\\\/#primaryimage\"},\"image\":{\"@id\":\"https:\\\/\\\/cyclingpro.net\\\/spaziociclismo\\\/worldtour\\\/alpecin-deceuninck-i-paesi-bassi-puntano-a-un-doppio-van-der-poel-ai-mondiali-2023-strada-e-mountain-bike\\\/#primaryimage\"},\"thumbnailUrl\":\"https:\\\/\\\/cyclingpro.net\\\/spaziociclismo\\\/wp-content\\\/uploads\\\/2023\\\/04\\\/Mathieu-Van-Der-Poel-Podio-Pietra-Pave-Parigi-Roubaix-2023.jpg\",\"datePublished\":\"2023-04-19T17:49:55+00:00\",\"dateModified\":\"2023-04-19T17:51:27+00:00\",\"breadcrumb\":{\"@id\":\"https:\\\/\\\/cyclingpro.net\\\/spaziociclismo\\\/worldtour\\\/alpecin-deceuninck-i-paesi-bassi-puntano-a-un-doppio-van-der-poel-ai-mondiali-2023-strada-e-mountain-bike\\\/#breadcrumb\"},\"inLanguage\":\"it-IT\",\"potentialAction\":[{\"@type\":\"ReadAction\",\"target\":[\"https:\\\/\\\/cyclingpro.net\\\/spaziociclismo\\\/worldtour\\\/alpecin-deceuninck-i-paesi-bassi-puntano-a-un-doppio-van-der-poel-ai-mondiali-2023-strada-e-mountain-bike\\\/\"]}]},{\"@type\":\"ImageObject\",\"inLanguage\":\"it-IT\",\"@id\":\"https:\\\/\\\/cyclingpro.net\\\/spaziociclismo\\\/worldtour\\\/alpecin-deceuninck-i-paesi-bassi-puntano-a-un-doppio-van-der-poel-ai-mondiali-2023-strada-e-mountain-bike\\\/#primaryimage\",\"url\":\"https:\\\/\\\/cyclingpro.net\\\/spaziociclismo\\\/wp-content\\\/uploads\\\/2023\\\/04\\\/Mathieu-Van-Der-Poel-Podio-Pietra-Pave-Parigi-Roubaix-2023.jpg\",\"contentUrl\":\"https:\\\/\\\/cyclingpro.net\\\/spaziociclismo\\\/wp-content\\\/uploads\\\/2023\\\/04\\\/Mathieu-Van-Der-Poel-Podio-Pietra-Pave-Parigi-Roubaix-2023.jpg\",\"width\":1200,\"height\":801,\"caption\":\"\u00a9 ASO \\\/ Pauline Ballet\"},{\"@type\":\"BreadcrumbList\",\"@id\":\"https:\\\/\\\/cyclingpro.net\\\/spaziociclismo\\\/worldtour\\\/alpecin-deceuninck-i-paesi-bassi-puntano-a-un-doppio-van-der-poel-ai-mondiali-2023-strada-e-mountain-bike\\\/#breadcrumb\",\"itemListElement\":[{\"@type\":\"ListItem\",\"position\":1,\"name\":\"Home\",\"item\":\"https:\\\/\\\/cyclingpro.net\\\/spaziociclismo\\\/\"},{\"@type\":\"ListItem\",\"position\":2,\"name\":\"Mondiali Glasgow 2023, i Paesi Bassi puntano a un &#8220;doppio&#8221; Van der Poel: strada e mountain bike\"}]},{\"@type\":\"WebSite\",\"@id\":\"https:\\\/\\\/cyclingpro.net\\\/spaziociclismo\\\/#website\",\"url\":\"https:\\\/\\\/cyclingpro.net\\\/spaziociclismo\\\/\",\"name\":\"SpazioCiclismo\",\"description\":\"Tutto il ciclismo minuto per minuto\",\"publisher\":{\"@id\":\"https:\\\/\\\/cyclingpro.net\\\/spaziociclismo\\\/#organization\"},\"potentialAction\":[{\"@type\":\"SearchAction\",\"target\":{\"@type\":\"EntryPoint\",\"urlTemplate\":\"https:\\\/\\\/cyclingpro.net\\\/spaziociclismo\\\/?s={search_term_string}\"},\"query-input\":{\"@type\":\"PropertyValueSpecification\",\"valueRequired\":true,\"valueName\":\"search_term_string\"}}],\"inLanguage\":\"it-IT\"},{\"@type\":\"Organization\",\"@id\":\"https:\\\/\\\/cyclingpro.net\\\/spaziociclismo\\\/#organization\",\"name\":\"SpazioCiclismo\",\"url\":\"https:\\\/\\\/cyclingpro.net\\\/spaziociclismo\\\/\",\"logo\":{\"@type\":\"ImageObject\",\"inLanguage\":\"it-IT\",\"@id\":\"https:\\\/\\\/cyclingpro.net\\\/spaziociclismo\\\/#\\\/schema\\\/logo\\\/image\\\/\",\"url\":\"https:\\\/\\\/cyclingpro.net\\\/spaziociclismo\\\/wp-content\\\/uploads\\\/2017\\\/02\\\/SpazioCiclismo-Logo-Quadrato.png\",\"contentUrl\":\"https:\\\/\\\/cyclingpro.net\\\/spaziociclismo\\\/wp-content\\\/uploads\\\/2017\\\/02\\\/SpazioCiclismo-Logo-Quadrato.png\",\"width\":450,\"height\":450,\"caption\":\"SpazioCiclismo\"},\"image\":{\"@id\":\"https:\\\/\\\/cyclingpro.net\\\/spaziociclismo\\\/#\\\/schema\\\/logo\\\/image\\\/\"},\"sameAs\":[\"https:\\\/\\\/www.facebook.com\\\/SpazioCiclismo\\\/\",\"https:\\\/\\\/x.com\\\/spaziociclismo\",\"https:\\\/\\\/www.instagram.com\\\/spaziociclismo\\\/\"]},{\"@type\":\"Person\",\"@id\":\"https:\\\/\\\/cyclingpro.net\\\/spaziociclismo\\\/#\\\/schema\\\/person\\\/627dbc08c9712c25304b059bbb765de8\",\"name\":\"Francesco Mitola\",\"image\":{\"@type\":\"ImageObject\",\"inLanguage\":\"it-IT\",\"@id\":\"https:\\\/\\\/secure.gravatar.com\\\/avatar\\\/dc58a640368550cd17129d2ff185eec5cb2821b7c3403fc06dcaca847ae762d3?s=96&d=mm&r=g\",\"url\":\"https:\\\/\\\/secure.gravatar.com\\\/avatar\\\/dc58a640368550cd17129d2ff185eec5cb2821b7c3403fc06dcaca847ae762d3?s=96&d=mm&r=g\",\"contentUrl\":\"https:\\\/\\\/secure.gravatar.com\\\/avatar\\\/dc58a640368550cd17129d2ff185eec5cb2821b7c3403fc06dcaca847ae762d3?s=96&d=mm&r=g\",\"caption\":\"Francesco Mitola\"},\"url\":\"https:\\\/\\\/cyclingpro.net\\\/spaziociclismo\\\/author\\\/fmitola\\\/\"}]}<\/script>\n<!-- \/ Yoast SEO plugin. -->","yoast_head_json":{"title":"Mondiali Glasgow 2023, i Paesi Bassi puntano a un \"doppio\" Van der Poel: strada e mountain bike - SpazioCiclismo","robots":{"index":"index","follow":"follow","max-snippet":"max-snippet:-1","max-image-preview":"max-image-preview:large","max-video-preview":"max-video-preview:-1"},"canonical":"https:\/\/cyclingpro.net\/spaziociclismo\/worldtour\/alpecin-deceuninck-i-paesi-bassi-puntano-a-un-doppio-van-der-poel-ai-mondiali-2023-strada-e-mountain-bike\/","og_locale":"it_IT","og_type":"article","og_title":"Mondiali Glasgow 2023, i Paesi Bassi puntano a un \"doppio\" Van der Poel: strada e mountain bike - SpazioCiclismo","og_description":"In vista dei Mondiali di Glasgow 2023, che in questa stagione saranno per la prima volta &#8220;super&#8221;, coniugando tutte le discipline ciclistiche in un&#8217;unica manifestazione, la Federazione dei Paesi Bassi vuole un Mathieu van der Poel in versione &#8220;multipla&#8221;. Il neerlandese, per il quale la gara in linea su strada sembra molto adatta, potrebbe essere &hellip;","og_url":"https:\/\/cyclingpro.net\/spaziociclismo\/worldtour\/alpecin-deceuninck-i-paesi-bassi-puntano-a-un-doppio-van-der-poel-ai-mondiali-2023-strada-e-mountain-bike\/","og_site_name":"SpazioCiclismo","article_publisher":"https:\/\/www.facebook.com\/SpazioCiclismo\/","article_published_time":"2023-04-19T17:49:55+00:00","article_modified_time":"2023-04-19T17:51:27+00:00","og_image":[{"width":1200,"height":801,"url":"https:\/\/cyclingpro.net\/spaziociclismo\/wp-content\/uploads\/2023\/04\/Mathieu-Van-Der-Poel-Podio-Pietra-Pave-Parigi-Roubaix-2023.jpg","type":"image\/jpeg"}],"author":"Francesco Mitola","twitter_card":"summary_large_image","twitter_creator":"@spaziociclismo","twitter_site":"@spaziociclismo","twitter_misc":{"Scritto da":"Francesco Mitola","Tempo di lettura stimato":"2 minuti"},"schema":{"@context":"https:\/\/schema.org","@graph":[{"@type":"Article","@id":"https:\/\/cyclingpro.net\/spaziociclismo\/worldtour\/alpecin-deceuninck-i-paesi-bassi-puntano-a-un-doppio-van-der-poel-ai-mondiali-2023-strada-e-mountain-bike\/#article","isPartOf":{"@id":"https:\/\/cyclingpro.net\/spaziociclismo\/worldtour\/alpecin-deceuninck-i-paesi-bassi-puntano-a-un-doppio-van-der-poel-ai-mondiali-2023-strada-e-mountain-bike\/"},"author":{"name":"Francesco Mitola","@id":"https:\/\/cyclingpro.net\/spaziociclismo\/#\/schema\/person\/627dbc08c9712c25304b059bbb765de8"},"headline":"Mondiali Glasgow 2023, i Paesi Bassi puntano a un &#8220;doppio&#8221; Van der Poel: strada e mountain bike","datePublished":"2023-04-19T17:49:55+00:00","dateModified":"2023-04-19T17:51:27+00:00","mainEntityOfPage":{"@id":"https:\/\/cyclingpro.net\/spaziociclismo\/worldtour\/alpecin-deceuninck-i-paesi-bassi-puntano-a-un-doppio-van-der-poel-ai-mondiali-2023-strada-e-mountain-bike\/"},"wordCount":276,"commentCount":0,"publisher":{"@id":"https:\/\/cyclingpro.net\/spaziociclismo\/#organization"},"image":{"@id":"https:\/\/cyclingpro.net\/spaziociclismo\/worldtour\/alpecin-deceuninck-i-paesi-bassi-puntano-a-un-doppio-van-der-poel-ai-mondiali-2023-strada-e-mountain-bike\/#primaryimage"},"thumbnailUrl":"https:\/\/cyclingpro.net\/spaziociclismo\/wp-content\/uploads\/2023\/04\/Mathieu-Van-Der-Poel-Podio-Pietra-Pave-Parigi-Roubaix-2023.jpg","keywords":["Alpecin - Deceuninck 2023","Mathieu van der Poel","Mondiali Glasgow 2023"],"articleSection":["WorldTour"],"inLanguage":"it-IT","potentialAction":[{"@type":"CommentAction","name":"Comment","target":["https:\/\/cyclingpro.net\/spaziociclismo\/worldtour\/alpecin-deceuninck-i-paesi-bassi-puntano-a-un-doppio-van-der-poel-ai-mondiali-2023-strada-e-mountain-bike\/#respond"]}]},{"@type":"WebPage","@id":"https:\/\/cyclingpro.net\/spaziociclismo\/worldtour\/alpecin-deceuninck-i-paesi-bassi-puntano-a-un-doppio-van-der-poel-ai-mondiali-2023-strada-e-mountain-bike\/","url":"https:\/\/cyclingpro.net\/spaziociclismo\/worldtour\/alpecin-deceuninck-i-paesi-bassi-puntano-a-un-doppio-van-der-poel-ai-mondiali-2023-strada-e-mountain-bike\/","name":"Mondiali Glasgow 2023, i Paesi Bassi puntano a un \"doppio\" Van der Poel: strada e mountain bike - SpazioCiclismo","isPartOf":{"@id":"https:\/\/cyclingpro.net\/spaziociclismo\/#website"},"primaryImageOfPage":{"@id":"https:\/\/cyclingpro.net\/spaziociclismo\/worldtour\/alpecin-deceuninck-i-paesi-bassi-puntano-a-un-doppio-van-der-poel-ai-mondiali-2023-strada-e-mountain-bike\/#primaryimage"},"image":{"@id":"https:\/\/cyclingpro.net\/spaziociclismo\/worldtour\/alpecin-deceuninck-i-paesi-bassi-puntano-a-un-doppio-van-der-poel-ai-mondiali-2023-strada-e-mountain-bike\/#primaryimage"},"thumbnailUrl":"https:\/\/cyclingpro.net\/spaziociclismo\/wp-content\/uploads\/2023\/04\/Mathieu-Van-Der-Poel-Podio-Pietra-Pave-Parigi-Roubaix-2023.jpg","datePublished":"2023-04-19T17:49:55+00:00","dateModified":"2023-04-19T17:51:27+00:00","breadcrumb":{"@id":"https:\/\/cyclingpro.net\/spaziociclismo\/worldtour\/alpecin-deceuninck-i-paesi-bassi-puntano-a-un-doppio-van-der-poel-ai-mondiali-2023-strada-e-mountain-bike\/#breadcrumb"},"inLanguage":"it-IT","potentialAction":[{"@type":"ReadAction","target":["https:\/\/cyclingpro.net\/spaziociclismo\/worldtour\/alpecin-deceuninck-i-paesi-bassi-puntano-a-un-doppio-van-der-poel-ai-mondiali-2023-strada-e-mountain-bike\/"]}]},{"@type":"ImageObject","inLanguage":"it-IT","@id":"https:\/\/cyclingpro.net\/spaziociclismo\/worldtour\/alpecin-deceuninck-i-paesi-bassi-puntano-a-un-doppio-van-der-poel-ai-mondiali-2023-strada-e-mountain-bike\/#primaryimage","url":"https:\/\/cyclingpro.net\/spaziociclismo\/wp-content\/uploads\/2023\/04\/Mathieu-Van-Der-Poel-Podio-Pietra-Pave-Parigi-Roubaix-2023.jpg","contentUrl":"https:\/\/cyclingpro.net\/spaziociclismo\/wp-content\/uploads\/2023\/04\/Mathieu-Van-Der-Poel-Podio-Pietra-Pave-Parigi-Roubaix-2023.jpg","width":1200,"height":801,"caption":"\u00a9 ASO \/ Pauline Ballet"},{"@type":"BreadcrumbList","@id":"https:\/\/cyclingpro.net\/spaziociclismo\/worldtour\/alpecin-deceuninck-i-paesi-bassi-puntano-a-un-doppio-van-der-poel-ai-mondiali-2023-strada-e-mountain-bike\/#breadcrumb","itemListElement":[{"@type":"ListItem","position":1,"name":"Home","item":"https:\/\/cyclingpro.net\/spaziociclismo\/"},{"@type":"ListItem","position":2,"name":"Mondiali Glasgow 2023, i Paesi Bassi puntano a un &#8220;doppio&#8221; Van der Poel: strada e mountain bike"}]},{"@type":"WebSite","@id":"https:\/\/cyclingpro.net\/spaziociclismo\/#website","url":"https:\/\/cyclingpro.net\/spaziociclismo\/","name":"SpazioCiclismo","description":"Tutto il ciclismo minuto per minuto","publisher":{"@id":"https:\/\/cyclingpro.net\/spaziociclismo\/#organization"},"potentialAction":[{"@type":"SearchAction","target":{"@type":"EntryPoint","urlTemplate":"https:\/\/cyclingpro.net\/spaziociclismo\/?s={search_term_string}"},"query-input":{"@type":"PropertyValueSpecification","valueRequired":true,"valueName":"search_term_string"}}],"inLanguage":"it-IT"},{"@type":"Organization","@id":"https:\/\/cyclingpro.net\/spaziociclismo\/#organization","name":"SpazioCiclismo","url":"https:\/\/cyclingpro.net\/spaziociclismo\/","logo":{"@type":"ImageObject","inLanguage":"it-IT","@id":"https:\/\/cyclingpro.net\/spaziociclismo\/#\/schema\/logo\/image\/","url":"https:\/\/cyclingpro.net\/spaziociclismo\/wp-content\/uploads\/2017\/02\/SpazioCiclismo-Logo-Quadrato.png","contentUrl":"https:\/\/cyclingpro.net\/spaziociclismo\/wp-content\/uploads\/2017\/02\/SpazioCiclismo-Logo-Quadrato.png","width":450,"height":450,"caption":"SpazioCiclismo"},"image":{"@id":"https:\/\/cyclingpro.net\/spaziociclismo\/#\/schema\/logo\/image\/"},"sameAs":["https:\/\/www.facebook.com\/SpazioCiclismo\/","https:\/\/x.com\/spaziociclismo","https:\/\/www.instagram.com\/spaziociclismo\/"]},{"@type":"Person","@id":"https:\/\/cyclingpro.net\/spaziociclismo\/#\/schema\/person\/627dbc08c9712c25304b059bbb765de8","name":"Francesco Mitola","image":{"@type":"ImageObject","inLanguage":"it-IT","@id":"https:\/\/secure.gravatar.com\/avatar\/dc58a640368550cd17129d2ff185eec5cb2821b7c3403fc06dcaca847ae762d3?s=96&d=mm&r=g","url":"https:\/\/secure.gravatar.com\/avatar\/dc58a640368550cd17129d2ff185eec5cb2821b7c3403fc06dcaca847ae762d3?s=96&d=mm&r=g","contentUrl":"https:\/\/secure.gravatar.com\/avatar\/dc58a640368550cd17129d2ff185eec5cb2821b7c3403fc06dcaca847ae762d3?s=96&d=mm&r=g","caption":"Francesco Mitola"},"url":"https:\/\/cyclingpro.net\/spaziociclismo\/author\/fmitola\/"}]}},"_links":{"self":[{"href":"https:\/\/cyclingpro.net\/spaziociclismo\/wp-json\/wp\/v2\/posts\/248960","targetHints":{"allow":["GET"]}}],"collection":[{"href":"https:\/\/cyclingpro.net\/spaziociclismo\/wp-json\/wp\/v2\/posts"}],"about":[{"href":"https:\/\/cyclingpro.net\/spaziociclismo\/wp-json\/wp\/v2\/types\/post"}],"author":[{"embeddable":true,"href":"https:\/\/cyclingpro.net\/spaziociclismo\/wp-json\/wp\/v2\/users\/25"}],"replies":[{"embeddable":true,"href":"https:\/\/cyclingpro.net\/spaziociclismo\/wp-json\/wp\/v2\/comments?post=248960"}],"version-history":[{"count":3,"href":"https:\/\/cyclingpro.net\/spaziociclismo\/wp-json\/wp\/v2\/posts\/248960\/revisions"}],"predecessor-version":[{"id":248963,"href":"https:\/\/cyclingpro.net\/spaziociclismo\/wp-json\/wp\/v2\/posts\/248960\/revisions\/248963"}],"wp:featuredmedia":[{"embeddable":true,"href":"https:\/\/cyclingpro.net\/spaziociclismo\/wp-json\/wp\/v2\/media\/247764"}],"wp:attachment":[{"href":"https:\/\/cyclingpro.net\/spaziociclismo\/wp-json\/wp\/v2\/media?parent=248960"}],"wp:term":[{"taxonomy":"category","embeddable":true,"href":"https:\/\/cyclingpro.net\/spaziociclismo\/wp-json\/wp\/v2\/categories?post=248960"},{"taxonomy":"post_tag","embeddable":true,"href":"https:\/\/cyclingpro.net\/spaziociclismo\/wp-json\/wp\/v2\/tags?post=248960"}],"curies":[{"name":"wp","href":"https:\/\/api.w.org\/{rel}","templated":true}]}}