{"id":231553,"date":"2022-11-20T08:00:57","date_gmt":"2022-11-20T07:00:57","guid":{"rendered":"https:\/\/cyclingpro.net\/spaziociclismo\/?p=231553"},"modified":"2022-11-20T08:22:58","modified_gmt":"2022-11-20T07:22:58","slug":"un-anno-fa-astana-qazaqstan-joe-dombrowski-impressionato-da-pogacar-puo-ottenere-risultati-ovunque-anche-sul-pave","status":"publish","type":"post","link":"https:\/\/cyclingpro.net\/spaziociclismo\/un-anno-fa\/un-anno-fa-astana-qazaqstan-joe-dombrowski-impressionato-da-pogacar-puo-ottenere-risultati-ovunque-anche-sul-pave\/","title":{"rendered":"Un Anno Fa&#8230;Astana Qazaqstan, Joe Dombrowski impressionato da Pogacar: \u201cPu\u00f2 ottenere risultati ovunque, anche sul pav\u00e8\u201d"},"content":{"rendered":"<p><strong>Joe Dombrowski<\/strong>\u00a0pronto ad una nuova avventura. Dopo due stagioni all\u2019<strong>UAE Team Emirates<\/strong>, nel 2022 il corridore statunitense sar\u00e0 in gruppo con la maglia dell\u2019<strong>Astana Qazaqstan<\/strong>,\u00a0<a href=\"https:\/\/cyclingpro.net\/spaziociclismo\/ciclomercato\/ciclomercato-2022-anacona-bagues-cepeda-claeys-dombrowski-g-izagirre-marcato-s-martin-a-nibali-petit-sabatini\/\">formazione con la quale ha firmato un contratto valido fino al termine del 2023<\/a>. Considerato in passato un giovane molto promettente, visto anche il suo successo al\u00a0<strong>Giro d\u2019Italia Giovani<\/strong>\u00a0del 2012 (davanti a Fabio Aru), il classe 1991 ha faticato ad imporsi tra i grandi, ottenendo solo un paio di vittorie in corse americane. Il suo successo pi\u00f9 importante \u00e8 arrivato per\u00f2 proprio quest\u2019anno con la formazione emiratina,\u00a0<a href=\"https:\/\/cyclingpro.net\/spaziociclismo\/sintesi-gare\/giro-ditalia-2021-jo-dombrowski-regola-la-fuga-alessandro-de-marchi-maglia-rosa-landa-e-bernal-allattacco\/\">quando a\u00a0<strong>Sestola<\/strong>\u00a0il 30enne \u00e8 riuscito a conquistare la quarta frazione del\u00a0<strong>Giro d\u2019Italia<\/strong>\u00a0davanti ad Alessandro De Marchi<\/a>. Un risultato che, ovviamente, Dombrowski spera di poter replicare nella prossima stagione con la squadra kazaka.<\/p>\n<p>\u201cHo il potenziale sia per andare a caccia di tappe, in particolare nei Grandi Giri, sia aiutare l\u2019uomo di classifica nei GT o nelle gare a tappe di una settimana\u201d, le parole rilasciate a\u00a0<em>FloBikes<\/em>\u00a0dallo statunitense, che ha spiegato la scelta di trasferirsi in Astana: \u201cHanno mostrato interesse in me e ho pensato che sarebbe stata una bella opportunit\u00e0. Ho deciso che volevo indossare l\u2019azzurro l\u2019anno prossimo.\u00a0<strong>Quando ho parlato con altri corridori che sono stati nella squadra hanno sempre detto che era un bell\u2019ambiente, una specie di squadra familiare<\/strong>\u201c.<\/p>\n<p>\u201cSento che a volte pu\u00f2 essere bello cambiare \u2013 ha proseguito il classe 1991 \u2013\u00a0<strong>Si possono ricavare cose nuove dall\u2019essere in un nuovo ambiente e dal lavorare con nuove persone<\/strong>, e penso anche che probabilmente possa esercitare una nuova pressione. Pu\u00f2 essere rigenerante in un certo senso\u201d.<\/p>\n<div class=\"code-block code-block-10\"><\/div>\n<p>Nelle sue due stagioni all\u2019UAE Dombrowski ha avuto la possibilit\u00e0 di vedere da vicino\u00a0<strong>Tadej Pogacar<\/strong>, che ha lasciato una buona impressione allo scalatore statunitense: \u201c<strong>Direi che forse \u00e8 il miglior corridore del mondo in questo momento<\/strong>. S\u00ec, ha vinto il Tour de France, il che \u00e8 fantastico, e lo ha fatto due volte ora. Penso che finora abbia fatto tre Grandi Giri nella sua carriera e ne abbia vinti due. E ha vinto pi\u00f9 tappe. Ma non pu\u00f2 fare bene solo nei Grandi Giri,\u00a0<strong>pu\u00f2 ottenere risultati davvero ovunque<\/strong>. Ho quasi la sensazione che se corresse le classiche del pav\u00e9, potrebbe essere davanti anche l\u00ec. Non sembra proprio che ci sia qualcosa che non possa fare\u201d.<\/p>\n<div class=\"code-block code-block-10\"><\/div>\n<p>Un elemento che ha colpito molto il 30enne \u00e8 la forza mentale del giovane talento sloveno: \u201c<strong>Un vantaggio per lui \u00e8 che \u00e8 molto calmo<\/strong>\u00a0<strong>anche se \u00e8 ancora cos\u00ec giovane<\/strong>. E possiamo immaginare che ci sia un\u2019enorme quantit\u00e0 di pressione su di lui. Ma hai la sensazione che gli venga tutto molto naturale. Non spende molte energie mentali per fare quello che fa. A volte, quando i ragazzi hanno cos\u00ec tanto successo pu\u00f2 diventare un peso sulle loro spalle, ma con la sua personalit\u00e0 non vedo questo. \u00c8 come se fosse solo un ragazzo che si diverte l\u00e0 fuori in sella alla sua bicicletta.\u00a0 E poi ovviamente ha un grande talento.\u00a0<strong>Credo che \u00e8 da tanto tempo che non vedevamo un corridore come lui<\/strong>\u201c.<\/p>\n","protected":false},"excerpt":{"rendered":"<p>Joe Dombrowski\u00a0pronto ad una nuova avventura. Dopo due stagioni all\u2019UAE Team Emirates, nel 2022 il corridore statunitense sar\u00e0 in gruppo con la maglia dell\u2019Astana Qazaqstan,\u00a0formazione con la quale ha firmato un contratto valido fino al termine del 2023. Considerato in passato un giovane molto promettente, visto anche il suo successo al\u00a0Giro d\u2019Italia Giovani\u00a0del 2012 (davanti &hellip;<\/p>\n","protected":false},"author":5,"featured_media":178415,"comment_status":"open","ping_status":"open","sticky":false,"template":"","format":"standard","meta":{"footnotes":""},"categories":[490],"tags":[],"class_list":["post-231553","post","type-post","status-publish","format-standard","has-post-thumbnail","hentry","category-un-anno-fa"],"yoast_head":"<!-- This site is optimized with the Yoast SEO plugin v27.4 - https:\/\/yoast.com\/product\/yoast-seo-wordpress\/ -->\n<title>Un Anno Fa...Astana Qazaqstan, Joe Dombrowski impressionato da Pogacar: \u201cPu\u00f2 ottenere risultati ovunque, anche sul pav\u00e8\u201d - SpazioCiclismo<\/title>\n<meta name=\"robots\" content=\"index, follow, max-snippet:-1, max-image-preview:large, max-video-preview:-1\" \/>\n<link rel=\"canonical\" href=\"https:\/\/cyclingpro.net\/spaziociclismo\/un-anno-fa\/un-anno-fa-astana-qazaqstan-joe-dombrowski-impressionato-da-pogacar-puo-ottenere-risultati-ovunque-anche-sul-pave\/\" \/>\n<meta property=\"og:locale\" content=\"it_IT\" \/>\n<meta property=\"og:type\" content=\"article\" \/>\n<meta property=\"og:title\" content=\"Un Anno Fa...Astana Qazaqstan, Joe Dombrowski impressionato da Pogacar: \u201cPu\u00f2 ottenere risultati ovunque, anche sul pav\u00e8\u201d - SpazioCiclismo\" \/>\n<meta property=\"og:description\" content=\"Joe Dombrowski\u00a0pronto ad una nuova avventura. Dopo due stagioni all\u2019UAE Team Emirates, nel 2022 il corridore statunitense sar\u00e0 in gruppo con la maglia dell\u2019Astana Qazaqstan,\u00a0formazione con la quale ha firmato un contratto valido fino al termine del 2023. Considerato in passato un giovane molto promettente, visto anche il suo successo al\u00a0Giro d\u2019Italia Giovani\u00a0del 2012 (davanti &hellip;\" \/>\n<meta property=\"og:url\" content=\"https:\/\/cyclingpro.net\/spaziociclismo\/un-anno-fa\/un-anno-fa-astana-qazaqstan-joe-dombrowski-impressionato-da-pogacar-puo-ottenere-risultati-ovunque-anche-sul-pave\/\" \/>\n<meta property=\"og:site_name\" content=\"SpazioCiclismo\" \/>\n<meta property=\"article:publisher\" content=\"https:\/\/www.facebook.com\/SpazioCiclismo\/\" \/>\n<meta property=\"article:author\" content=\"https:\/\/www.facebook.com\/giamp.alm\" \/>\n<meta property=\"article:published_time\" content=\"2022-11-20T07:00:57+00:00\" \/>\n<meta property=\"article:modified_time\" content=\"2022-11-20T07:22:58+00:00\" \/>\n<meta property=\"og:image\" content=\"https:\/\/i0.wp.com\/cyclingpro.net\/spaziociclismo\/wp-content\/uploads\/2021\/08\/Joe-Dombrowski-Vuelta-a-Espana-2021.jpeg?fit=1200%2C600&ssl=1\" \/>\n\t<meta property=\"og:image:width\" content=\"1200\" \/>\n\t<meta property=\"og:image:height\" content=\"600\" \/>\n\t<meta property=\"og:image:type\" content=\"image\/jpeg\" \/>\n<meta name=\"author\" content=\"Giampaolo Almeida\" \/>\n<meta name=\"twitter:card\" content=\"summary_large_image\" \/>\n<meta name=\"twitter:creator\" content=\"@GiampAlmeida\" \/>\n<meta name=\"twitter:site\" content=\"@spaziociclismo\" \/>\n<meta name=\"twitter:label1\" content=\"Scritto da\" \/>\n\t<meta name=\"twitter:data1\" content=\"Giampaolo Almeida\" \/>\n\t<meta name=\"twitter:label2\" content=\"Tempo di lettura stimato\" \/>\n\t<meta name=\"twitter:data2\" content=\"3 minuti\" \/>\n<script type=\"application\/ld+json\" class=\"yoast-schema-graph\">{\"@context\":\"https:\\\/\\\/schema.org\",\"@graph\":[{\"@type\":\"Article\",\"@id\":\"https:\\\/\\\/cyclingpro.net\\\/spaziociclismo\\\/un-anno-fa\\\/un-anno-fa-astana-qazaqstan-joe-dombrowski-impressionato-da-pogacar-puo-ottenere-risultati-ovunque-anche-sul-pave\\\/#article\",\"isPartOf\":{\"@id\":\"https:\\\/\\\/cyclingpro.net\\\/spaziociclismo\\\/un-anno-fa\\\/un-anno-fa-astana-qazaqstan-joe-dombrowski-impressionato-da-pogacar-puo-ottenere-risultati-ovunque-anche-sul-pave\\\/\"},\"author\":{\"name\":\"Giampaolo Almeida\",\"@id\":\"https:\\\/\\\/cyclingpro.net\\\/spaziociclismo\\\/#\\\/schema\\\/person\\\/6bf244a2cd055bbd4c8f4b1f5c9b1182\"},\"headline\":\"Un Anno Fa&#8230;Astana Qazaqstan, Joe Dombrowski impressionato da Pogacar: \u201cPu\u00f2 ottenere risultati ovunque, anche sul pav\u00e8\u201d\",\"datePublished\":\"2022-11-20T07:00:57+00:00\",\"dateModified\":\"2022-11-20T07:22:58+00:00\",\"mainEntityOfPage\":{\"@id\":\"https:\\\/\\\/cyclingpro.net\\\/spaziociclismo\\\/un-anno-fa\\\/un-anno-fa-astana-qazaqstan-joe-dombrowski-impressionato-da-pogacar-puo-ottenere-risultati-ovunque-anche-sul-pave\\\/\"},\"wordCount\":524,\"commentCount\":0,\"publisher\":{\"@id\":\"https:\\\/\\\/cyclingpro.net\\\/spaziociclismo\\\/#organization\"},\"image\":{\"@id\":\"https:\\\/\\\/cyclingpro.net\\\/spaziociclismo\\\/un-anno-fa\\\/un-anno-fa-astana-qazaqstan-joe-dombrowski-impressionato-da-pogacar-puo-ottenere-risultati-ovunque-anche-sul-pave\\\/#primaryimage\"},\"thumbnailUrl\":\"https:\\\/\\\/cyclingpro.net\\\/spaziociclismo\\\/wp-content\\\/uploads\\\/2021\\\/08\\\/Joe-Dombrowski-Vuelta-a-Espana-2021.jpeg\",\"articleSection\":[\"Un anno fa\"],\"inLanguage\":\"it-IT\",\"potentialAction\":[{\"@type\":\"CommentAction\",\"name\":\"Comment\",\"target\":[\"https:\\\/\\\/cyclingpro.net\\\/spaziociclismo\\\/un-anno-fa\\\/un-anno-fa-astana-qazaqstan-joe-dombrowski-impressionato-da-pogacar-puo-ottenere-risultati-ovunque-anche-sul-pave\\\/#respond\"]}]},{\"@type\":\"WebPage\",\"@id\":\"https:\\\/\\\/cyclingpro.net\\\/spaziociclismo\\\/un-anno-fa\\\/un-anno-fa-astana-qazaqstan-joe-dombrowski-impressionato-da-pogacar-puo-ottenere-risultati-ovunque-anche-sul-pave\\\/\",\"url\":\"https:\\\/\\\/cyclingpro.net\\\/spaziociclismo\\\/un-anno-fa\\\/un-anno-fa-astana-qazaqstan-joe-dombrowski-impressionato-da-pogacar-puo-ottenere-risultati-ovunque-anche-sul-pave\\\/\",\"name\":\"Un Anno Fa...Astana Qazaqstan, Joe Dombrowski impressionato da Pogacar: \u201cPu\u00f2 ottenere risultati ovunque, anche sul pav\u00e8\u201d - SpazioCiclismo\",\"isPartOf\":{\"@id\":\"https:\\\/\\\/cyclingpro.net\\\/spaziociclismo\\\/#website\"},\"primaryImageOfPage\":{\"@id\":\"https:\\\/\\\/cyclingpro.net\\\/spaziociclismo\\\/un-anno-fa\\\/un-anno-fa-astana-qazaqstan-joe-dombrowski-impressionato-da-pogacar-puo-ottenere-risultati-ovunque-anche-sul-pave\\\/#primaryimage\"},\"image\":{\"@id\":\"https:\\\/\\\/cyclingpro.net\\\/spaziociclismo\\\/un-anno-fa\\\/un-anno-fa-astana-qazaqstan-joe-dombrowski-impressionato-da-pogacar-puo-ottenere-risultati-ovunque-anche-sul-pave\\\/#primaryimage\"},\"thumbnailUrl\":\"https:\\\/\\\/cyclingpro.net\\\/spaziociclismo\\\/wp-content\\\/uploads\\\/2021\\\/08\\\/Joe-Dombrowski-Vuelta-a-Espana-2021.jpeg\",\"datePublished\":\"2022-11-20T07:00:57+00:00\",\"dateModified\":\"2022-11-20T07:22:58+00:00\",\"breadcrumb\":{\"@id\":\"https:\\\/\\\/cyclingpro.net\\\/spaziociclismo\\\/un-anno-fa\\\/un-anno-fa-astana-qazaqstan-joe-dombrowski-impressionato-da-pogacar-puo-ottenere-risultati-ovunque-anche-sul-pave\\\/#breadcrumb\"},\"inLanguage\":\"it-IT\",\"potentialAction\":[{\"@type\":\"ReadAction\",\"target\":[\"https:\\\/\\\/cyclingpro.net\\\/spaziociclismo\\\/un-anno-fa\\\/un-anno-fa-astana-qazaqstan-joe-dombrowski-impressionato-da-pogacar-puo-ottenere-risultati-ovunque-anche-sul-pave\\\/\"]}]},{\"@type\":\"ImageObject\",\"inLanguage\":\"it-IT\",\"@id\":\"https:\\\/\\\/cyclingpro.net\\\/spaziociclismo\\\/un-anno-fa\\\/un-anno-fa-astana-qazaqstan-joe-dombrowski-impressionato-da-pogacar-puo-ottenere-risultati-ovunque-anche-sul-pave\\\/#primaryimage\",\"url\":\"https:\\\/\\\/cyclingpro.net\\\/spaziociclismo\\\/wp-content\\\/uploads\\\/2021\\\/08\\\/Joe-Dombrowski-Vuelta-a-Espana-2021.jpeg\",\"contentUrl\":\"https:\\\/\\\/cyclingpro.net\\\/spaziociclismo\\\/wp-content\\\/uploads\\\/2021\\\/08\\\/Joe-Dombrowski-Vuelta-a-Espana-2021.jpeg\",\"width\":1200,\"height\":600,\"caption\":\"\u00a9 UAE Team Emirates \\\/ BettiniPhoto\"},{\"@type\":\"BreadcrumbList\",\"@id\":\"https:\\\/\\\/cyclingpro.net\\\/spaziociclismo\\\/un-anno-fa\\\/un-anno-fa-astana-qazaqstan-joe-dombrowski-impressionato-da-pogacar-puo-ottenere-risultati-ovunque-anche-sul-pave\\\/#breadcrumb\",\"itemListElement\":[{\"@type\":\"ListItem\",\"position\":1,\"name\":\"Home\",\"item\":\"https:\\\/\\\/cyclingpro.net\\\/spaziociclismo\\\/\"},{\"@type\":\"ListItem\",\"position\":2,\"name\":\"Un Anno Fa&#8230;Astana Qazaqstan, Joe Dombrowski impressionato da Pogacar: \u201cPu\u00f2 ottenere risultati ovunque, anche sul pav\u00e8\u201d\"}]},{\"@type\":\"WebSite\",\"@id\":\"https:\\\/\\\/cyclingpro.net\\\/spaziociclismo\\\/#website\",\"url\":\"https:\\\/\\\/cyclingpro.net\\\/spaziociclismo\\\/\",\"name\":\"SpazioCiclismo\",\"description\":\"Tutto il ciclismo minuto per minuto\",\"publisher\":{\"@id\":\"https:\\\/\\\/cyclingpro.net\\\/spaziociclismo\\\/#organization\"},\"potentialAction\":[{\"@type\":\"SearchAction\",\"target\":{\"@type\":\"EntryPoint\",\"urlTemplate\":\"https:\\\/\\\/cyclingpro.net\\\/spaziociclismo\\\/?s={search_term_string}\"},\"query-input\":{\"@type\":\"PropertyValueSpecification\",\"valueRequired\":true,\"valueName\":\"search_term_string\"}}],\"inLanguage\":\"it-IT\"},{\"@type\":\"Organization\",\"@id\":\"https:\\\/\\\/cyclingpro.net\\\/spaziociclismo\\\/#organization\",\"name\":\"SpazioCiclismo\",\"url\":\"https:\\\/\\\/cyclingpro.net\\\/spaziociclismo\\\/\",\"logo\":{\"@type\":\"ImageObject\",\"inLanguage\":\"it-IT\",\"@id\":\"https:\\\/\\\/cyclingpro.net\\\/spaziociclismo\\\/#\\\/schema\\\/logo\\\/image\\\/\",\"url\":\"https:\\\/\\\/cyclingpro.net\\\/spaziociclismo\\\/wp-content\\\/uploads\\\/2017\\\/02\\\/SpazioCiclismo-Logo-Quadrato.png\",\"contentUrl\":\"https:\\\/\\\/cyclingpro.net\\\/spaziociclismo\\\/wp-content\\\/uploads\\\/2017\\\/02\\\/SpazioCiclismo-Logo-Quadrato.png\",\"width\":450,\"height\":450,\"caption\":\"SpazioCiclismo\"},\"image\":{\"@id\":\"https:\\\/\\\/cyclingpro.net\\\/spaziociclismo\\\/#\\\/schema\\\/logo\\\/image\\\/\"},\"sameAs\":[\"https:\\\/\\\/www.facebook.com\\\/SpazioCiclismo\\\/\",\"https:\\\/\\\/x.com\\\/spaziociclismo\",\"https:\\\/\\\/www.instagram.com\\\/spaziociclismo\\\/\"]},{\"@type\":\"Person\",\"@id\":\"https:\\\/\\\/cyclingpro.net\\\/spaziociclismo\\\/#\\\/schema\\\/person\\\/6bf244a2cd055bbd4c8f4b1f5c9b1182\",\"name\":\"Giampaolo Almeida\",\"image\":{\"@type\":\"ImageObject\",\"inLanguage\":\"it-IT\",\"@id\":\"https:\\\/\\\/secure.gravatar.com\\\/avatar\\\/d41bfaa1b2a989193b648411b0d7dd176aa346ed66b1a24d163592d6b58e02ef?s=96&d=mm&r=g\",\"url\":\"https:\\\/\\\/secure.gravatar.com\\\/avatar\\\/d41bfaa1b2a989193b648411b0d7dd176aa346ed66b1a24d163592d6b58e02ef?s=96&d=mm&r=g\",\"contentUrl\":\"https:\\\/\\\/secure.gravatar.com\\\/avatar\\\/d41bfaa1b2a989193b648411b0d7dd176aa346ed66b1a24d163592d6b58e02ef?s=96&d=mm&r=g\",\"caption\":\"Giampaolo Almeida\"},\"description\":\"Architetto - Capo Redattore per SpazioCiclismo e Amministratore della community Una Vita In Sella - Online since 1995\",\"sameAs\":[\"http:\\\/\\\/www.unavitainsella.it\",\"https:\\\/\\\/www.facebook.com\\\/giamp.alm\",\"https:\\\/\\\/x.com\\\/GiampAlmeida\"],\"url\":\"https:\\\/\\\/cyclingpro.net\\\/spaziociclismo\\\/author\\\/galmeida\\\/\"}]}<\/script>\n<!-- \/ Yoast SEO plugin. -->","yoast_head_json":{"title":"Un Anno Fa...Astana Qazaqstan, Joe Dombrowski impressionato da Pogacar: \u201cPu\u00f2 ottenere risultati ovunque, anche sul pav\u00e8\u201d - SpazioCiclismo","robots":{"index":"index","follow":"follow","max-snippet":"max-snippet:-1","max-image-preview":"max-image-preview:large","max-video-preview":"max-video-preview:-1"},"canonical":"https:\/\/cyclingpro.net\/spaziociclismo\/un-anno-fa\/un-anno-fa-astana-qazaqstan-joe-dombrowski-impressionato-da-pogacar-puo-ottenere-risultati-ovunque-anche-sul-pave\/","og_locale":"it_IT","og_type":"article","og_title":"Un Anno Fa...Astana Qazaqstan, Joe Dombrowski impressionato da Pogacar: \u201cPu\u00f2 ottenere risultati ovunque, anche sul pav\u00e8\u201d - SpazioCiclismo","og_description":"Joe Dombrowski\u00a0pronto ad una nuova avventura. Dopo due stagioni all\u2019UAE Team Emirates, nel 2022 il corridore statunitense sar\u00e0 in gruppo con la maglia dell\u2019Astana Qazaqstan,\u00a0formazione con la quale ha firmato un contratto valido fino al termine del 2023. Considerato in passato un giovane molto promettente, visto anche il suo successo al\u00a0Giro d\u2019Italia Giovani\u00a0del 2012 (davanti &hellip;","og_url":"https:\/\/cyclingpro.net\/spaziociclismo\/un-anno-fa\/un-anno-fa-astana-qazaqstan-joe-dombrowski-impressionato-da-pogacar-puo-ottenere-risultati-ovunque-anche-sul-pave\/","og_site_name":"SpazioCiclismo","article_publisher":"https:\/\/www.facebook.com\/SpazioCiclismo\/","article_author":"https:\/\/www.facebook.com\/giamp.alm","article_published_time":"2022-11-20T07:00:57+00:00","article_modified_time":"2022-11-20T07:22:58+00:00","og_image":[{"width":1200,"height":600,"url":"https:\/\/i0.wp.com\/cyclingpro.net\/spaziociclismo\/wp-content\/uploads\/2021\/08\/Joe-Dombrowski-Vuelta-a-Espana-2021.jpeg?fit=1200%2C600&ssl=1","type":"image\/jpeg"}],"author":"Giampaolo Almeida","twitter_card":"summary_large_image","twitter_creator":"@GiampAlmeida","twitter_site":"@spaziociclismo","twitter_misc":{"Scritto da":"Giampaolo Almeida","Tempo di lettura stimato":"3 minuti"},"schema":{"@context":"https:\/\/schema.org","@graph":[{"@type":"Article","@id":"https:\/\/cyclingpro.net\/spaziociclismo\/un-anno-fa\/un-anno-fa-astana-qazaqstan-joe-dombrowski-impressionato-da-pogacar-puo-ottenere-risultati-ovunque-anche-sul-pave\/#article","isPartOf":{"@id":"https:\/\/cyclingpro.net\/spaziociclismo\/un-anno-fa\/un-anno-fa-astana-qazaqstan-joe-dombrowski-impressionato-da-pogacar-puo-ottenere-risultati-ovunque-anche-sul-pave\/"},"author":{"name":"Giampaolo Almeida","@id":"https:\/\/cyclingpro.net\/spaziociclismo\/#\/schema\/person\/6bf244a2cd055bbd4c8f4b1f5c9b1182"},"headline":"Un Anno Fa&#8230;Astana Qazaqstan, Joe Dombrowski impressionato da Pogacar: \u201cPu\u00f2 ottenere risultati ovunque, anche sul pav\u00e8\u201d","datePublished":"2022-11-20T07:00:57+00:00","dateModified":"2022-11-20T07:22:58+00:00","mainEntityOfPage":{"@id":"https:\/\/cyclingpro.net\/spaziociclismo\/un-anno-fa\/un-anno-fa-astana-qazaqstan-joe-dombrowski-impressionato-da-pogacar-puo-ottenere-risultati-ovunque-anche-sul-pave\/"},"wordCount":524,"commentCount":0,"publisher":{"@id":"https:\/\/cyclingpro.net\/spaziociclismo\/#organization"},"image":{"@id":"https:\/\/cyclingpro.net\/spaziociclismo\/un-anno-fa\/un-anno-fa-astana-qazaqstan-joe-dombrowski-impressionato-da-pogacar-puo-ottenere-risultati-ovunque-anche-sul-pave\/#primaryimage"},"thumbnailUrl":"https:\/\/cyclingpro.net\/spaziociclismo\/wp-content\/uploads\/2021\/08\/Joe-Dombrowski-Vuelta-a-Espana-2021.jpeg","articleSection":["Un anno fa"],"inLanguage":"it-IT","potentialAction":[{"@type":"CommentAction","name":"Comment","target":["https:\/\/cyclingpro.net\/spaziociclismo\/un-anno-fa\/un-anno-fa-astana-qazaqstan-joe-dombrowski-impressionato-da-pogacar-puo-ottenere-risultati-ovunque-anche-sul-pave\/#respond"]}]},{"@type":"WebPage","@id":"https:\/\/cyclingpro.net\/spaziociclismo\/un-anno-fa\/un-anno-fa-astana-qazaqstan-joe-dombrowski-impressionato-da-pogacar-puo-ottenere-risultati-ovunque-anche-sul-pave\/","url":"https:\/\/cyclingpro.net\/spaziociclismo\/un-anno-fa\/un-anno-fa-astana-qazaqstan-joe-dombrowski-impressionato-da-pogacar-puo-ottenere-risultati-ovunque-anche-sul-pave\/","name":"Un Anno Fa...Astana Qazaqstan, Joe Dombrowski impressionato da Pogacar: \u201cPu\u00f2 ottenere risultati ovunque, anche sul pav\u00e8\u201d - SpazioCiclismo","isPartOf":{"@id":"https:\/\/cyclingpro.net\/spaziociclismo\/#website"},"primaryImageOfPage":{"@id":"https:\/\/cyclingpro.net\/spaziociclismo\/un-anno-fa\/un-anno-fa-astana-qazaqstan-joe-dombrowski-impressionato-da-pogacar-puo-ottenere-risultati-ovunque-anche-sul-pave\/#primaryimage"},"image":{"@id":"https:\/\/cyclingpro.net\/spaziociclismo\/un-anno-fa\/un-anno-fa-astana-qazaqstan-joe-dombrowski-impressionato-da-pogacar-puo-ottenere-risultati-ovunque-anche-sul-pave\/#primaryimage"},"thumbnailUrl":"https:\/\/cyclingpro.net\/spaziociclismo\/wp-content\/uploads\/2021\/08\/Joe-Dombrowski-Vuelta-a-Espana-2021.jpeg","datePublished":"2022-11-20T07:00:57+00:00","dateModified":"2022-11-20T07:22:58+00:00","breadcrumb":{"@id":"https:\/\/cyclingpro.net\/spaziociclismo\/un-anno-fa\/un-anno-fa-astana-qazaqstan-joe-dombrowski-impressionato-da-pogacar-puo-ottenere-risultati-ovunque-anche-sul-pave\/#breadcrumb"},"inLanguage":"it-IT","potentialAction":[{"@type":"ReadAction","target":["https:\/\/cyclingpro.net\/spaziociclismo\/un-anno-fa\/un-anno-fa-astana-qazaqstan-joe-dombrowski-impressionato-da-pogacar-puo-ottenere-risultati-ovunque-anche-sul-pave\/"]}]},{"@type":"ImageObject","inLanguage":"it-IT","@id":"https:\/\/cyclingpro.net\/spaziociclismo\/un-anno-fa\/un-anno-fa-astana-qazaqstan-joe-dombrowski-impressionato-da-pogacar-puo-ottenere-risultati-ovunque-anche-sul-pave\/#primaryimage","url":"https:\/\/cyclingpro.net\/spaziociclismo\/wp-content\/uploads\/2021\/08\/Joe-Dombrowski-Vuelta-a-Espana-2021.jpeg","contentUrl":"https:\/\/cyclingpro.net\/spaziociclismo\/wp-content\/uploads\/2021\/08\/Joe-Dombrowski-Vuelta-a-Espana-2021.jpeg","width":1200,"height":600,"caption":"\u00a9 UAE Team Emirates \/ BettiniPhoto"},{"@type":"BreadcrumbList","@id":"https:\/\/cyclingpro.net\/spaziociclismo\/un-anno-fa\/un-anno-fa-astana-qazaqstan-joe-dombrowski-impressionato-da-pogacar-puo-ottenere-risultati-ovunque-anche-sul-pave\/#breadcrumb","itemListElement":[{"@type":"ListItem","position":1,"name":"Home","item":"https:\/\/cyclingpro.net\/spaziociclismo\/"},{"@type":"ListItem","position":2,"name":"Un Anno Fa&#8230;Astana Qazaqstan, Joe Dombrowski impressionato da Pogacar: \u201cPu\u00f2 ottenere risultati ovunque, anche sul pav\u00e8\u201d"}]},{"@type":"WebSite","@id":"https:\/\/cyclingpro.net\/spaziociclismo\/#website","url":"https:\/\/cyclingpro.net\/spaziociclismo\/","name":"SpazioCiclismo","description":"Tutto il ciclismo minuto per minuto","publisher":{"@id":"https:\/\/cyclingpro.net\/spaziociclismo\/#organization"},"potentialAction":[{"@type":"SearchAction","target":{"@type":"EntryPoint","urlTemplate":"https:\/\/cyclingpro.net\/spaziociclismo\/?s={search_term_string}"},"query-input":{"@type":"PropertyValueSpecification","valueRequired":true,"valueName":"search_term_string"}}],"inLanguage":"it-IT"},{"@type":"Organization","@id":"https:\/\/cyclingpro.net\/spaziociclismo\/#organization","name":"SpazioCiclismo","url":"https:\/\/cyclingpro.net\/spaziociclismo\/","logo":{"@type":"ImageObject","inLanguage":"it-IT","@id":"https:\/\/cyclingpro.net\/spaziociclismo\/#\/schema\/logo\/image\/","url":"https:\/\/cyclingpro.net\/spaziociclismo\/wp-content\/uploads\/2017\/02\/SpazioCiclismo-Logo-Quadrato.png","contentUrl":"https:\/\/cyclingpro.net\/spaziociclismo\/wp-content\/uploads\/2017\/02\/SpazioCiclismo-Logo-Quadrato.png","width":450,"height":450,"caption":"SpazioCiclismo"},"image":{"@id":"https:\/\/cyclingpro.net\/spaziociclismo\/#\/schema\/logo\/image\/"},"sameAs":["https:\/\/www.facebook.com\/SpazioCiclismo\/","https:\/\/x.com\/spaziociclismo","https:\/\/www.instagram.com\/spaziociclismo\/"]},{"@type":"Person","@id":"https:\/\/cyclingpro.net\/spaziociclismo\/#\/schema\/person\/6bf244a2cd055bbd4c8f4b1f5c9b1182","name":"Giampaolo Almeida","image":{"@type":"ImageObject","inLanguage":"it-IT","@id":"https:\/\/secure.gravatar.com\/avatar\/d41bfaa1b2a989193b648411b0d7dd176aa346ed66b1a24d163592d6b58e02ef?s=96&d=mm&r=g","url":"https:\/\/secure.gravatar.com\/avatar\/d41bfaa1b2a989193b648411b0d7dd176aa346ed66b1a24d163592d6b58e02ef?s=96&d=mm&r=g","contentUrl":"https:\/\/secure.gravatar.com\/avatar\/d41bfaa1b2a989193b648411b0d7dd176aa346ed66b1a24d163592d6b58e02ef?s=96&d=mm&r=g","caption":"Giampaolo Almeida"},"description":"Architetto - Capo Redattore per SpazioCiclismo e Amministratore della community Una Vita In Sella - Online since 1995","sameAs":["http:\/\/www.unavitainsella.it","https:\/\/www.facebook.com\/giamp.alm","https:\/\/x.com\/GiampAlmeida"],"url":"https:\/\/cyclingpro.net\/spaziociclismo\/author\/galmeida\/"}]}},"_links":{"self":[{"href":"https:\/\/cyclingpro.net\/spaziociclismo\/wp-json\/wp\/v2\/posts\/231553","targetHints":{"allow":["GET"]}}],"collection":[{"href":"https:\/\/cyclingpro.net\/spaziociclismo\/wp-json\/wp\/v2\/posts"}],"about":[{"href":"https:\/\/cyclingpro.net\/spaziociclismo\/wp-json\/wp\/v2\/types\/post"}],"author":[{"embeddable":true,"href":"https:\/\/cyclingpro.net\/spaziociclismo\/wp-json\/wp\/v2\/users\/5"}],"replies":[{"embeddable":true,"href":"https:\/\/cyclingpro.net\/spaziociclismo\/wp-json\/wp\/v2\/comments?post=231553"}],"version-history":[{"count":1,"href":"https:\/\/cyclingpro.net\/spaziociclismo\/wp-json\/wp\/v2\/posts\/231553\/revisions"}],"predecessor-version":[{"id":231554,"href":"https:\/\/cyclingpro.net\/spaziociclismo\/wp-json\/wp\/v2\/posts\/231553\/revisions\/231554"}],"wp:featuredmedia":[{"embeddable":true,"href":"https:\/\/cyclingpro.net\/spaziociclismo\/wp-json\/wp\/v2\/media\/178415"}],"wp:attachment":[{"href":"https:\/\/cyclingpro.net\/spaziociclismo\/wp-json\/wp\/v2\/media?parent=231553"}],"wp:term":[{"taxonomy":"category","embeddable":true,"href":"https:\/\/cyclingpro.net\/spaziociclismo\/wp-json\/wp\/v2\/categories?post=231553"},{"taxonomy":"post_tag","embeddable":true,"href":"https:\/\/cyclingpro.net\/spaziociclismo\/wp-json\/wp\/v2\/tags?post=231553"}],"curies":[{"name":"wp","href":"https:\/\/api.w.org\/{rel}","templated":true}]}}