{"id":189135,"date":"2021-11-11T17:38:02","date_gmt":"2021-11-11T16:38:02","guid":{"rendered":"https:\/\/cyclingpro.net\/spaziociclismo\/?p=189135"},"modified":"2021-11-11T17:40:46","modified_gmt":"2021-11-11T16:40:46","slug":"israel-start-up-nation-chris-froome-in-israele-tra-allenamenti-e-incontri-con-i-tifosi-e-veramente-affascinante-conoscere-la-storia-di-questo-posto","status":"publish","type":"post","link":"https:\/\/cyclingpro.net\/spaziociclismo\/worldtour\/israel-start-up-nation-chris-froome-in-israele-tra-allenamenti-e-incontri-con-i-tifosi-e-veramente-affascinante-conoscere-la-storia-di-questo-posto\/","title":{"rendered":"Israel Start-Up Nation, Chris Froome in Israele tra allenamenti e incontri con i tifosi: &#8220;\u00c8 veramente affascinante conoscere la storia di questo posto&#8221;"},"content":{"rendered":"<p><strong>Chris Froome\u00a0<\/strong>ha passato alcuni giorni in Israele assieme a tutto il team. Il britannico della <strong>Israel Start-Up Nation<\/strong>, infatti, ha raggiunto con i compagni la sede della sua squadra per passare un po&#8217; di tempo in tranquillit\u00e0. L&#8217;obiettivo non \u00e8 stato solo quello di creare complicit\u00e0 tra i corridori della formazione, alternando attivit\u00e0 fisiche con gite turistiche nei luoghi simbolo di quella terra, ma anche quello di mettere in contatto i ciclisti con il pubblico locale. Il quattro volte vincitore del Tour de France ha parlato di tutto questo a <em><a href=\"https:\/\/www.velonews.com\/culture\/chris-froome-on-hyperbaric-therapy-being-in-israel-and-his-investment-in-cycling-companies\/\">velonews.com<\/a>,\u00a0<\/em>fornendo, inoltre, anche alcuni particolare sul suo recupero, come l&#8217;utilizzo della tenda ipobarica.<\/p>\n<p>&#8220;<strong>\u00c8 veramente affascinante conoscere la storia di questo posto<\/strong>, una storia cos\u00ec complessa &#8211; ha raccontato il nativo di Nairobi &#8211; \u00c8 significativo anche perch\u00e9 corriamo per un team israeliano. [&#8230;] Andare al museo dell&#8217;olocausto, per esempio, \u00e8 stato molto toccante: conoscere esattamente cosa hanno passato gli ebrei non troppo tempo fa. Si tratta di una generazione o due, quindi \u00e8 ancora molto fresca&#8221;.<\/p>\n<p>Questo viaggio \u00e8 stato anche l&#8217;occasione per conoscere meglio la squadra: &#8220;L&#8217;anno scorso con il Covid \u00e8 stato tutto pi\u00f9 complicato. Adesso ho avuto l&#8217;opportunit\u00e0 di conoscere tutti nel team e vedere alcune facce nuove. [&#8230;] Abbiamo speso questo tempo con una sorta di warming-up: non ci sono stati necessariamente allenamenti intesi, ma<strong> abbiamo lavorato molto rilassati conoscendoci reciprocamente<\/strong>. Abbiamo corso, fatto qualche pedalata che \u00e8 importante per creare legami. Allo stesso tempo ci siamo goduti la compagnia e abbiamo conosciuto il paese&#8221;.<\/p>\n<p>L&#8217;ex Sky ha anche fatto un confronto tra le sua squadra attuale e quella precedente: &#8220;In passato ho fatto parte del team Sky e uno degli obiettivi era quello di ispirare il pubblico britannico e avere un impatto sul ciclismo della gente comune. Penso che Sylvan [Adams, il proprietario della squadra, ndr] abbia una visione molto simile per la Israel: avere un impatto simile sul pubblico israeliano e la prossima generazione di ciclisti locali.&#8221;<\/p>\n<p>&#8220;Penso che si sia visto gi\u00e0 visto cosa il team \u00e8 riuscito ad ottenere &#8211; ha aggiunto &#8211; <strong>ci sono molti giovani israeliani che si affacciano al ciclismo e sognano di diventare professionisti<\/strong>. Il giorno che abbiamo incontrato i fans, <strong>non mi immaginavo cos\u00ec tanto entusiasmo per la bicicletta qui in Israele, ma c&#8217;era un gran numero di loro<\/strong>. Questo periodo dell&#8217;anno \u00e8 il momento in cui non ti costa nulla spendere qualche minuto a parlare con i tifosi [&#8230;] \u00c8 molto gratificante per noi vedere che quello che facciamo ha questo impatto sulle altre persone&#8221;.<\/p>\n<p>Il due volte vincitore della Vuelta a Espa\u00f1a si \u00e8 poi soffermato anche sulla sua esperienza con la tenda ipobarica, che ha usato durante il periodo della riabiltazione e che ha potuto vedere utilizzata anche in un ospedale israeliano: &#8220;Ho passato un po&#8217; di tempo nella tenda iporbarica quando sono stato a casa. [&#8230;] <strong>\u00c8 stata una parte importante della mia riabilitazione<\/strong> e ho percepito veramente i benefici ed \u00e8 stato affascinante vederle qui per usi terapeutici e performance sportive&#8221;.<\/p>\n<p>Adesso il classe 1985 non la usa pi\u00f9, ma dopo l&#8217;incidente questa esperienza \u00e8 stata fondamentale: &#8220;\u00c8 molto simile a una tenda &#8211; ha raccontato &#8211; dentro la quale puoi entrare e simula un&#8217;altitudine di 10-15 metri sotto il livello del mare. [&#8230;] Qualche volta ci sono stato quattro ore al giorno: due sessioni di due ore. \u00c8 stato molto importante per il mio recupero [&#8230;]. Adesso non la uso pi\u00f9&#8221;.<\/p>\n<p>Il vincitore del Giro d&#8217;Italia 2018 ha poi parlato anche dei suoi investimenti fatti con varie aziende, compresa la Factor che fornisce le biciclette alla sua squadra: &#8220;\u00c8 un brand britannico: <strong>amo le loro bici, mi piace il modo in cui disegnano i mezzi<\/strong>. Loro guardano alle performance e cosa il cliente vuole dalla sua bicicletta. Sono molto contento di essere coinvolto in questo. [&#8230;] Factor mi ha dato tanti feedback in termini di miglioramento&#8221;.<\/p>\n","protected":false},"excerpt":{"rendered":"<p>Chris Froome\u00a0ha passato alcuni giorni in Israele assieme a tutto il team. Il britannico della Israel Start-Up Nation, infatti, ha raggiunto con i compagni la sede della sua squadra per passare un po&#8217; di tempo in tranquillit\u00e0. L&#8217;obiettivo non \u00e8 stato solo quello di creare complicit\u00e0 tra i corridori della formazione, alternando attivit\u00e0 fisiche con &hellip;<\/p>\n","protected":false},"author":39,"featured_media":151762,"comment_status":"open","ping_status":"open","sticky":false,"template":"","format":"standard","meta":{"footnotes":""},"categories":[25],"tags":[89,3689],"class_list":["post-189135","post","type-post","status-publish","format-standard","has-post-thumbnail","hentry","category-worldtour","tag-chris-froome","tag-israel-start-up-nation-2021"],"yoast_head":"<!-- This site is optimized with the Yoast SEO plugin v27.4 - https:\/\/yoast.com\/product\/yoast-seo-wordpress\/ -->\n<title>Israel Start-Up Nation, Chris Froome in Israele tra allenamenti e incontri con i tifosi: &quot;\u00c8 veramente affascinante conoscere la storia di questo posto&quot; - SpazioCiclismo<\/title>\n<meta name=\"robots\" content=\"index, follow, max-snippet:-1, max-image-preview:large, max-video-preview:-1\" \/>\n<link rel=\"canonical\" href=\"https:\/\/cyclingpro.net\/spaziociclismo\/worldtour\/israel-start-up-nation-chris-froome-in-israele-tra-allenamenti-e-incontri-con-i-tifosi-e-veramente-affascinante-conoscere-la-storia-di-questo-posto\/\" \/>\n<meta property=\"og:locale\" content=\"it_IT\" \/>\n<meta property=\"og:type\" content=\"article\" \/>\n<meta property=\"og:title\" content=\"Israel Start-Up Nation, Chris Froome in Israele tra allenamenti e incontri con i tifosi: &quot;\u00c8 veramente affascinante conoscere la storia di questo posto&quot; - SpazioCiclismo\" \/>\n<meta property=\"og:description\" content=\"Chris Froome\u00a0ha passato alcuni giorni in Israele assieme a tutto il team. Il britannico della Israel Start-Up Nation, infatti, ha raggiunto con i compagni la sede della sua squadra per passare un po&#8217; di tempo in tranquillit\u00e0. L&#8217;obiettivo non \u00e8 stato solo quello di creare complicit\u00e0 tra i corridori della formazione, alternando attivit\u00e0 fisiche con &hellip;\" \/>\n<meta property=\"og:url\" content=\"https:\/\/cyclingpro.net\/spaziociclismo\/worldtour\/israel-start-up-nation-chris-froome-in-israele-tra-allenamenti-e-incontri-con-i-tifosi-e-veramente-affascinante-conoscere-la-storia-di-questo-posto\/\" \/>\n<meta property=\"og:site_name\" content=\"SpazioCiclismo\" \/>\n<meta property=\"article:publisher\" content=\"https:\/\/www.facebook.com\/SpazioCiclismo\/\" \/>\n<meta property=\"article:published_time\" content=\"2021-11-11T16:38:02+00:00\" \/>\n<meta property=\"article:modified_time\" content=\"2021-11-11T16:40:46+00:00\" \/>\n<meta property=\"og:image\" content=\"https:\/\/i0.wp.com\/cyclingpro.net\/spaziociclismo\/wp-content\/uploads\/2021\/01\/Chris-Froome-Israel-Start-Up-Nation-2021-1.jpg?fit=660%2C330&ssl=1\" \/>\n\t<meta property=\"og:image:width\" content=\"660\" \/>\n\t<meta property=\"og:image:height\" content=\"330\" \/>\n\t<meta property=\"og:image:type\" content=\"image\/jpeg\" \/>\n<meta name=\"author\" content=\"Menichincheri Francesco\" \/>\n<meta name=\"twitter:card\" content=\"summary_large_image\" \/>\n<meta name=\"twitter:creator\" content=\"@spaziociclismo\" \/>\n<meta name=\"twitter:site\" content=\"@spaziociclismo\" \/>\n<meta name=\"twitter:label1\" content=\"Scritto da\" \/>\n\t<meta name=\"twitter:data1\" content=\"Menichincheri Francesco\" \/>\n\t<meta name=\"twitter:label2\" content=\"Tempo di lettura stimato\" \/>\n\t<meta name=\"twitter:data2\" content=\"3 minuti\" \/>\n<script type=\"application\/ld+json\" class=\"yoast-schema-graph\">{\"@context\":\"https:\\\/\\\/schema.org\",\"@graph\":[{\"@type\":\"Article\",\"@id\":\"https:\\\/\\\/cyclingpro.net\\\/spaziociclismo\\\/worldtour\\\/israel-start-up-nation-chris-froome-in-israele-tra-allenamenti-e-incontri-con-i-tifosi-e-veramente-affascinante-conoscere-la-storia-di-questo-posto\\\/#article\",\"isPartOf\":{\"@id\":\"https:\\\/\\\/cyclingpro.net\\\/spaziociclismo\\\/worldtour\\\/israel-start-up-nation-chris-froome-in-israele-tra-allenamenti-e-incontri-con-i-tifosi-e-veramente-affascinante-conoscere-la-storia-di-questo-posto\\\/\"},\"author\":{\"name\":\"Menichincheri Francesco\",\"@id\":\"https:\\\/\\\/cyclingpro.net\\\/spaziociclismo\\\/#\\\/schema\\\/person\\\/7b753c2542d601818fbffc674f35c422\"},\"headline\":\"Israel Start-Up Nation, Chris Froome in Israele tra allenamenti e incontri con i tifosi: &#8220;\u00c8 veramente affascinante conoscere la storia di questo posto&#8221;\",\"datePublished\":\"2021-11-11T16:38:02+00:00\",\"dateModified\":\"2021-11-11T16:40:46+00:00\",\"mainEntityOfPage\":{\"@id\":\"https:\\\/\\\/cyclingpro.net\\\/spaziociclismo\\\/worldtour\\\/israel-start-up-nation-chris-froome-in-israele-tra-allenamenti-e-incontri-con-i-tifosi-e-veramente-affascinante-conoscere-la-storia-di-questo-posto\\\/\"},\"wordCount\":657,\"commentCount\":0,\"publisher\":{\"@id\":\"https:\\\/\\\/cyclingpro.net\\\/spaziociclismo\\\/#organization\"},\"image\":{\"@id\":\"https:\\\/\\\/cyclingpro.net\\\/spaziociclismo\\\/worldtour\\\/israel-start-up-nation-chris-froome-in-israele-tra-allenamenti-e-incontri-con-i-tifosi-e-veramente-affascinante-conoscere-la-storia-di-questo-posto\\\/#primaryimage\"},\"thumbnailUrl\":\"https:\\\/\\\/cyclingpro.net\\\/spaziociclismo\\\/wp-content\\\/uploads\\\/2021\\\/01\\\/Chris-Froome-Israel-Start-Up-Nation-2021-1.jpg\",\"keywords\":[\"Chris Froome\",\"Israel Start-Up Nation 2021\"],\"articleSection\":[\"WorldTour\"],\"inLanguage\":\"it-IT\",\"potentialAction\":[{\"@type\":\"CommentAction\",\"name\":\"Comment\",\"target\":[\"https:\\\/\\\/cyclingpro.net\\\/spaziociclismo\\\/worldtour\\\/israel-start-up-nation-chris-froome-in-israele-tra-allenamenti-e-incontri-con-i-tifosi-e-veramente-affascinante-conoscere-la-storia-di-questo-posto\\\/#respond\"]}]},{\"@type\":\"WebPage\",\"@id\":\"https:\\\/\\\/cyclingpro.net\\\/spaziociclismo\\\/worldtour\\\/israel-start-up-nation-chris-froome-in-israele-tra-allenamenti-e-incontri-con-i-tifosi-e-veramente-affascinante-conoscere-la-storia-di-questo-posto\\\/\",\"url\":\"https:\\\/\\\/cyclingpro.net\\\/spaziociclismo\\\/worldtour\\\/israel-start-up-nation-chris-froome-in-israele-tra-allenamenti-e-incontri-con-i-tifosi-e-veramente-affascinante-conoscere-la-storia-di-questo-posto\\\/\",\"name\":\"Israel Start-Up Nation, Chris Froome in Israele tra allenamenti e incontri con i tifosi: \\\"\u00c8 veramente affascinante conoscere la storia di questo posto\\\" - SpazioCiclismo\",\"isPartOf\":{\"@id\":\"https:\\\/\\\/cyclingpro.net\\\/spaziociclismo\\\/#website\"},\"primaryImageOfPage\":{\"@id\":\"https:\\\/\\\/cyclingpro.net\\\/spaziociclismo\\\/worldtour\\\/israel-start-up-nation-chris-froome-in-israele-tra-allenamenti-e-incontri-con-i-tifosi-e-veramente-affascinante-conoscere-la-storia-di-questo-posto\\\/#primaryimage\"},\"image\":{\"@id\":\"https:\\\/\\\/cyclingpro.net\\\/spaziociclismo\\\/worldtour\\\/israel-start-up-nation-chris-froome-in-israele-tra-allenamenti-e-incontri-con-i-tifosi-e-veramente-affascinante-conoscere-la-storia-di-questo-posto\\\/#primaryimage\"},\"thumbnailUrl\":\"https:\\\/\\\/cyclingpro.net\\\/spaziociclismo\\\/wp-content\\\/uploads\\\/2021\\\/01\\\/Chris-Froome-Israel-Start-Up-Nation-2021-1.jpg\",\"datePublished\":\"2021-11-11T16:38:02+00:00\",\"dateModified\":\"2021-11-11T16:40:46+00:00\",\"breadcrumb\":{\"@id\":\"https:\\\/\\\/cyclingpro.net\\\/spaziociclismo\\\/worldtour\\\/israel-start-up-nation-chris-froome-in-israele-tra-allenamenti-e-incontri-con-i-tifosi-e-veramente-affascinante-conoscere-la-storia-di-questo-posto\\\/#breadcrumb\"},\"inLanguage\":\"it-IT\",\"potentialAction\":[{\"@type\":\"ReadAction\",\"target\":[\"https:\\\/\\\/cyclingpro.net\\\/spaziociclismo\\\/worldtour\\\/israel-start-up-nation-chris-froome-in-israele-tra-allenamenti-e-incontri-con-i-tifosi-e-veramente-affascinante-conoscere-la-storia-di-questo-posto\\\/\"]}]},{\"@type\":\"ImageObject\",\"inLanguage\":\"it-IT\",\"@id\":\"https:\\\/\\\/cyclingpro.net\\\/spaziociclismo\\\/worldtour\\\/israel-start-up-nation-chris-froome-in-israele-tra-allenamenti-e-incontri-con-i-tifosi-e-veramente-affascinante-conoscere-la-storia-di-questo-posto\\\/#primaryimage\",\"url\":\"https:\\\/\\\/cyclingpro.net\\\/spaziociclismo\\\/wp-content\\\/uploads\\\/2021\\\/01\\\/Chris-Froome-Israel-Start-Up-Nation-2021-1.jpg\",\"contentUrl\":\"https:\\\/\\\/cyclingpro.net\\\/spaziociclismo\\\/wp-content\\\/uploads\\\/2021\\\/01\\\/Chris-Froome-Israel-Start-Up-Nation-2021-1.jpg\",\"width\":660,\"height\":330,\"caption\":\"\u00a9 Israel Start-Up Nation\"},{\"@type\":\"BreadcrumbList\",\"@id\":\"https:\\\/\\\/cyclingpro.net\\\/spaziociclismo\\\/worldtour\\\/israel-start-up-nation-chris-froome-in-israele-tra-allenamenti-e-incontri-con-i-tifosi-e-veramente-affascinante-conoscere-la-storia-di-questo-posto\\\/#breadcrumb\",\"itemListElement\":[{\"@type\":\"ListItem\",\"position\":1,\"name\":\"Home\",\"item\":\"https:\\\/\\\/cyclingpro.net\\\/spaziociclismo\\\/\"},{\"@type\":\"ListItem\",\"position\":2,\"name\":\"Israel Start-Up Nation, Chris Froome in Israele tra allenamenti e incontri con i tifosi: &#8220;\u00c8 veramente affascinante conoscere la storia di questo posto&#8221;\"}]},{\"@type\":\"WebSite\",\"@id\":\"https:\\\/\\\/cyclingpro.net\\\/spaziociclismo\\\/#website\",\"url\":\"https:\\\/\\\/cyclingpro.net\\\/spaziociclismo\\\/\",\"name\":\"SpazioCiclismo\",\"description\":\"Tutto il ciclismo minuto per minuto\",\"publisher\":{\"@id\":\"https:\\\/\\\/cyclingpro.net\\\/spaziociclismo\\\/#organization\"},\"potentialAction\":[{\"@type\":\"SearchAction\",\"target\":{\"@type\":\"EntryPoint\",\"urlTemplate\":\"https:\\\/\\\/cyclingpro.net\\\/spaziociclismo\\\/?s={search_term_string}\"},\"query-input\":{\"@type\":\"PropertyValueSpecification\",\"valueRequired\":true,\"valueName\":\"search_term_string\"}}],\"inLanguage\":\"it-IT\"},{\"@type\":\"Organization\",\"@id\":\"https:\\\/\\\/cyclingpro.net\\\/spaziociclismo\\\/#organization\",\"name\":\"SpazioCiclismo\",\"url\":\"https:\\\/\\\/cyclingpro.net\\\/spaziociclismo\\\/\",\"logo\":{\"@type\":\"ImageObject\",\"inLanguage\":\"it-IT\",\"@id\":\"https:\\\/\\\/cyclingpro.net\\\/spaziociclismo\\\/#\\\/schema\\\/logo\\\/image\\\/\",\"url\":\"https:\\\/\\\/cyclingpro.net\\\/spaziociclismo\\\/wp-content\\\/uploads\\\/2017\\\/02\\\/SpazioCiclismo-Logo-Quadrato.png\",\"contentUrl\":\"https:\\\/\\\/cyclingpro.net\\\/spaziociclismo\\\/wp-content\\\/uploads\\\/2017\\\/02\\\/SpazioCiclismo-Logo-Quadrato.png\",\"width\":450,\"height\":450,\"caption\":\"SpazioCiclismo\"},\"image\":{\"@id\":\"https:\\\/\\\/cyclingpro.net\\\/spaziociclismo\\\/#\\\/schema\\\/logo\\\/image\\\/\"},\"sameAs\":[\"https:\\\/\\\/www.facebook.com\\\/SpazioCiclismo\\\/\",\"https:\\\/\\\/x.com\\\/spaziociclismo\",\"https:\\\/\\\/www.instagram.com\\\/spaziociclismo\\\/\"]},{\"@type\":\"Person\",\"@id\":\"https:\\\/\\\/cyclingpro.net\\\/spaziociclismo\\\/#\\\/schema\\\/person\\\/7b753c2542d601818fbffc674f35c422\",\"name\":\"Menichincheri Francesco\",\"image\":{\"@type\":\"ImageObject\",\"inLanguage\":\"it-IT\",\"@id\":\"https:\\\/\\\/secure.gravatar.com\\\/avatar\\\/9694e9ffaa9af7b51695531c90e621753d696b003fc3a136cf77ab179abf49bd?s=96&d=mm&r=g\",\"url\":\"https:\\\/\\\/secure.gravatar.com\\\/avatar\\\/9694e9ffaa9af7b51695531c90e621753d696b003fc3a136cf77ab179abf49bd?s=96&d=mm&r=g\",\"contentUrl\":\"https:\\\/\\\/secure.gravatar.com\\\/avatar\\\/9694e9ffaa9af7b51695531c90e621753d696b003fc3a136cf77ab179abf49bd?s=96&d=mm&r=g\",\"caption\":\"Menichincheri Francesco\"},\"url\":\"https:\\\/\\\/cyclingpro.net\\\/spaziociclismo\\\/author\\\/fmenichincheri\\\/\"}]}<\/script>\n<!-- \/ Yoast SEO plugin. -->","yoast_head_json":{"title":"Israel Start-Up Nation, Chris Froome in Israele tra allenamenti e incontri con i tifosi: \"\u00c8 veramente affascinante conoscere la storia di questo posto\" - SpazioCiclismo","robots":{"index":"index","follow":"follow","max-snippet":"max-snippet:-1","max-image-preview":"max-image-preview:large","max-video-preview":"max-video-preview:-1"},"canonical":"https:\/\/cyclingpro.net\/spaziociclismo\/worldtour\/israel-start-up-nation-chris-froome-in-israele-tra-allenamenti-e-incontri-con-i-tifosi-e-veramente-affascinante-conoscere-la-storia-di-questo-posto\/","og_locale":"it_IT","og_type":"article","og_title":"Israel Start-Up Nation, Chris Froome in Israele tra allenamenti e incontri con i tifosi: \"\u00c8 veramente affascinante conoscere la storia di questo posto\" - SpazioCiclismo","og_description":"Chris Froome\u00a0ha passato alcuni giorni in Israele assieme a tutto il team. Il britannico della Israel Start-Up Nation, infatti, ha raggiunto con i compagni la sede della sua squadra per passare un po&#8217; di tempo in tranquillit\u00e0. L&#8217;obiettivo non \u00e8 stato solo quello di creare complicit\u00e0 tra i corridori della formazione, alternando attivit\u00e0 fisiche con &hellip;","og_url":"https:\/\/cyclingpro.net\/spaziociclismo\/worldtour\/israel-start-up-nation-chris-froome-in-israele-tra-allenamenti-e-incontri-con-i-tifosi-e-veramente-affascinante-conoscere-la-storia-di-questo-posto\/","og_site_name":"SpazioCiclismo","article_publisher":"https:\/\/www.facebook.com\/SpazioCiclismo\/","article_published_time":"2021-11-11T16:38:02+00:00","article_modified_time":"2021-11-11T16:40:46+00:00","og_image":[{"width":660,"height":330,"url":"https:\/\/i0.wp.com\/cyclingpro.net\/spaziociclismo\/wp-content\/uploads\/2021\/01\/Chris-Froome-Israel-Start-Up-Nation-2021-1.jpg?fit=660%2C330&ssl=1","type":"image\/jpeg"}],"author":"Menichincheri Francesco","twitter_card":"summary_large_image","twitter_creator":"@spaziociclismo","twitter_site":"@spaziociclismo","twitter_misc":{"Scritto da":"Menichincheri Francesco","Tempo di lettura stimato":"3 minuti"},"schema":{"@context":"https:\/\/schema.org","@graph":[{"@type":"Article","@id":"https:\/\/cyclingpro.net\/spaziociclismo\/worldtour\/israel-start-up-nation-chris-froome-in-israele-tra-allenamenti-e-incontri-con-i-tifosi-e-veramente-affascinante-conoscere-la-storia-di-questo-posto\/#article","isPartOf":{"@id":"https:\/\/cyclingpro.net\/spaziociclismo\/worldtour\/israel-start-up-nation-chris-froome-in-israele-tra-allenamenti-e-incontri-con-i-tifosi-e-veramente-affascinante-conoscere-la-storia-di-questo-posto\/"},"author":{"name":"Menichincheri Francesco","@id":"https:\/\/cyclingpro.net\/spaziociclismo\/#\/schema\/person\/7b753c2542d601818fbffc674f35c422"},"headline":"Israel Start-Up Nation, Chris Froome in Israele tra allenamenti e incontri con i tifosi: &#8220;\u00c8 veramente affascinante conoscere la storia di questo posto&#8221;","datePublished":"2021-11-11T16:38:02+00:00","dateModified":"2021-11-11T16:40:46+00:00","mainEntityOfPage":{"@id":"https:\/\/cyclingpro.net\/spaziociclismo\/worldtour\/israel-start-up-nation-chris-froome-in-israele-tra-allenamenti-e-incontri-con-i-tifosi-e-veramente-affascinante-conoscere-la-storia-di-questo-posto\/"},"wordCount":657,"commentCount":0,"publisher":{"@id":"https:\/\/cyclingpro.net\/spaziociclismo\/#organization"},"image":{"@id":"https:\/\/cyclingpro.net\/spaziociclismo\/worldtour\/israel-start-up-nation-chris-froome-in-israele-tra-allenamenti-e-incontri-con-i-tifosi-e-veramente-affascinante-conoscere-la-storia-di-questo-posto\/#primaryimage"},"thumbnailUrl":"https:\/\/cyclingpro.net\/spaziociclismo\/wp-content\/uploads\/2021\/01\/Chris-Froome-Israel-Start-Up-Nation-2021-1.jpg","keywords":["Chris Froome","Israel Start-Up Nation 2021"],"articleSection":["WorldTour"],"inLanguage":"it-IT","potentialAction":[{"@type":"CommentAction","name":"Comment","target":["https:\/\/cyclingpro.net\/spaziociclismo\/worldtour\/israel-start-up-nation-chris-froome-in-israele-tra-allenamenti-e-incontri-con-i-tifosi-e-veramente-affascinante-conoscere-la-storia-di-questo-posto\/#respond"]}]},{"@type":"WebPage","@id":"https:\/\/cyclingpro.net\/spaziociclismo\/worldtour\/israel-start-up-nation-chris-froome-in-israele-tra-allenamenti-e-incontri-con-i-tifosi-e-veramente-affascinante-conoscere-la-storia-di-questo-posto\/","url":"https:\/\/cyclingpro.net\/spaziociclismo\/worldtour\/israel-start-up-nation-chris-froome-in-israele-tra-allenamenti-e-incontri-con-i-tifosi-e-veramente-affascinante-conoscere-la-storia-di-questo-posto\/","name":"Israel Start-Up Nation, Chris Froome in Israele tra allenamenti e incontri con i tifosi: \"\u00c8 veramente affascinante conoscere la storia di questo posto\" - SpazioCiclismo","isPartOf":{"@id":"https:\/\/cyclingpro.net\/spaziociclismo\/#website"},"primaryImageOfPage":{"@id":"https:\/\/cyclingpro.net\/spaziociclismo\/worldtour\/israel-start-up-nation-chris-froome-in-israele-tra-allenamenti-e-incontri-con-i-tifosi-e-veramente-affascinante-conoscere-la-storia-di-questo-posto\/#primaryimage"},"image":{"@id":"https:\/\/cyclingpro.net\/spaziociclismo\/worldtour\/israel-start-up-nation-chris-froome-in-israele-tra-allenamenti-e-incontri-con-i-tifosi-e-veramente-affascinante-conoscere-la-storia-di-questo-posto\/#primaryimage"},"thumbnailUrl":"https:\/\/cyclingpro.net\/spaziociclismo\/wp-content\/uploads\/2021\/01\/Chris-Froome-Israel-Start-Up-Nation-2021-1.jpg","datePublished":"2021-11-11T16:38:02+00:00","dateModified":"2021-11-11T16:40:46+00:00","breadcrumb":{"@id":"https:\/\/cyclingpro.net\/spaziociclismo\/worldtour\/israel-start-up-nation-chris-froome-in-israele-tra-allenamenti-e-incontri-con-i-tifosi-e-veramente-affascinante-conoscere-la-storia-di-questo-posto\/#breadcrumb"},"inLanguage":"it-IT","potentialAction":[{"@type":"ReadAction","target":["https:\/\/cyclingpro.net\/spaziociclismo\/worldtour\/israel-start-up-nation-chris-froome-in-israele-tra-allenamenti-e-incontri-con-i-tifosi-e-veramente-affascinante-conoscere-la-storia-di-questo-posto\/"]}]},{"@type":"ImageObject","inLanguage":"it-IT","@id":"https:\/\/cyclingpro.net\/spaziociclismo\/worldtour\/israel-start-up-nation-chris-froome-in-israele-tra-allenamenti-e-incontri-con-i-tifosi-e-veramente-affascinante-conoscere-la-storia-di-questo-posto\/#primaryimage","url":"https:\/\/cyclingpro.net\/spaziociclismo\/wp-content\/uploads\/2021\/01\/Chris-Froome-Israel-Start-Up-Nation-2021-1.jpg","contentUrl":"https:\/\/cyclingpro.net\/spaziociclismo\/wp-content\/uploads\/2021\/01\/Chris-Froome-Israel-Start-Up-Nation-2021-1.jpg","width":660,"height":330,"caption":"\u00a9 Israel Start-Up Nation"},{"@type":"BreadcrumbList","@id":"https:\/\/cyclingpro.net\/spaziociclismo\/worldtour\/israel-start-up-nation-chris-froome-in-israele-tra-allenamenti-e-incontri-con-i-tifosi-e-veramente-affascinante-conoscere-la-storia-di-questo-posto\/#breadcrumb","itemListElement":[{"@type":"ListItem","position":1,"name":"Home","item":"https:\/\/cyclingpro.net\/spaziociclismo\/"},{"@type":"ListItem","position":2,"name":"Israel Start-Up Nation, Chris Froome in Israele tra allenamenti e incontri con i tifosi: &#8220;\u00c8 veramente affascinante conoscere la storia di questo posto&#8221;"}]},{"@type":"WebSite","@id":"https:\/\/cyclingpro.net\/spaziociclismo\/#website","url":"https:\/\/cyclingpro.net\/spaziociclismo\/","name":"SpazioCiclismo","description":"Tutto il ciclismo minuto per minuto","publisher":{"@id":"https:\/\/cyclingpro.net\/spaziociclismo\/#organization"},"potentialAction":[{"@type":"SearchAction","target":{"@type":"EntryPoint","urlTemplate":"https:\/\/cyclingpro.net\/spaziociclismo\/?s={search_term_string}"},"query-input":{"@type":"PropertyValueSpecification","valueRequired":true,"valueName":"search_term_string"}}],"inLanguage":"it-IT"},{"@type":"Organization","@id":"https:\/\/cyclingpro.net\/spaziociclismo\/#organization","name":"SpazioCiclismo","url":"https:\/\/cyclingpro.net\/spaziociclismo\/","logo":{"@type":"ImageObject","inLanguage":"it-IT","@id":"https:\/\/cyclingpro.net\/spaziociclismo\/#\/schema\/logo\/image\/","url":"https:\/\/cyclingpro.net\/spaziociclismo\/wp-content\/uploads\/2017\/02\/SpazioCiclismo-Logo-Quadrato.png","contentUrl":"https:\/\/cyclingpro.net\/spaziociclismo\/wp-content\/uploads\/2017\/02\/SpazioCiclismo-Logo-Quadrato.png","width":450,"height":450,"caption":"SpazioCiclismo"},"image":{"@id":"https:\/\/cyclingpro.net\/spaziociclismo\/#\/schema\/logo\/image\/"},"sameAs":["https:\/\/www.facebook.com\/SpazioCiclismo\/","https:\/\/x.com\/spaziociclismo","https:\/\/www.instagram.com\/spaziociclismo\/"]},{"@type":"Person","@id":"https:\/\/cyclingpro.net\/spaziociclismo\/#\/schema\/person\/7b753c2542d601818fbffc674f35c422","name":"Menichincheri Francesco","image":{"@type":"ImageObject","inLanguage":"it-IT","@id":"https:\/\/secure.gravatar.com\/avatar\/9694e9ffaa9af7b51695531c90e621753d696b003fc3a136cf77ab179abf49bd?s=96&d=mm&r=g","url":"https:\/\/secure.gravatar.com\/avatar\/9694e9ffaa9af7b51695531c90e621753d696b003fc3a136cf77ab179abf49bd?s=96&d=mm&r=g","contentUrl":"https:\/\/secure.gravatar.com\/avatar\/9694e9ffaa9af7b51695531c90e621753d696b003fc3a136cf77ab179abf49bd?s=96&d=mm&r=g","caption":"Menichincheri Francesco"},"url":"https:\/\/cyclingpro.net\/spaziociclismo\/author\/fmenichincheri\/"}]}},"_links":{"self":[{"href":"https:\/\/cyclingpro.net\/spaziociclismo\/wp-json\/wp\/v2\/posts\/189135","targetHints":{"allow":["GET"]}}],"collection":[{"href":"https:\/\/cyclingpro.net\/spaziociclismo\/wp-json\/wp\/v2\/posts"}],"about":[{"href":"https:\/\/cyclingpro.net\/spaziociclismo\/wp-json\/wp\/v2\/types\/post"}],"author":[{"embeddable":true,"href":"https:\/\/cyclingpro.net\/spaziociclismo\/wp-json\/wp\/v2\/users\/39"}],"replies":[{"embeddable":true,"href":"https:\/\/cyclingpro.net\/spaziociclismo\/wp-json\/wp\/v2\/comments?post=189135"}],"version-history":[{"count":3,"href":"https:\/\/cyclingpro.net\/spaziociclismo\/wp-json\/wp\/v2\/posts\/189135\/revisions"}],"predecessor-version":[{"id":189151,"href":"https:\/\/cyclingpro.net\/spaziociclismo\/wp-json\/wp\/v2\/posts\/189135\/revisions\/189151"}],"wp:featuredmedia":[{"embeddable":true,"href":"https:\/\/cyclingpro.net\/spaziociclismo\/wp-json\/wp\/v2\/media\/151762"}],"wp:attachment":[{"href":"https:\/\/cyclingpro.net\/spaziociclismo\/wp-json\/wp\/v2\/media?parent=189135"}],"wp:term":[{"taxonomy":"category","embeddable":true,"href":"https:\/\/cyclingpro.net\/spaziociclismo\/wp-json\/wp\/v2\/categories?post=189135"},{"taxonomy":"post_tag","embeddable":true,"href":"https:\/\/cyclingpro.net\/spaziociclismo\/wp-json\/wp\/v2\/tags?post=189135"}],"curies":[{"name":"wp","href":"https:\/\/api.w.org\/{rel}","templated":true}]}}