{"id":165627,"date":"2021-05-11T17:47:32","date_gmt":"2021-05-11T15:47:32","guid":{"rendered":"https:\/\/cyclingpro.net\/spaziociclismo\/?p=165627"},"modified":"2021-05-11T18:14:17","modified_gmt":"2021-05-11T16:14:17","slug":"giro-ditalia-2021-alessandro-de-marchi-in-maglia-rosa-e-un-premio-per-quanto-ho-fatto-in-questi-anni","status":"publish","type":"post","link":"https:\/\/cyclingpro.net\/spaziociclismo\/giro-2021\/giro-ditalia-2021-alessandro-de-marchi-in-maglia-rosa-e-un-premio-per-quanto-ho-fatto-in-questi-anni\/","title":{"rendered":"Giro d&#8217;Italia 2021, Alessandro De Marchi in Maglia Rosa: &#8220;\u00c8 un premio per quanto ho fatto in questi anni&#8221;"},"content":{"rendered":"<p><strong>Alessandro De Marchi<\/strong> corona il sogno di una carriera al <strong>Giro d&#8217;Italia 2021<\/strong>. <a href=\"https:\/\/cyclingpro.net\/spaziociclismo\/sintesi-gare\/giro-ditalia-2021-jo-dombrowski-regola-la-fuga-alessandro-de-marchi-maglia-rosa-landa-e-bernal-allattacco\/\" target=\"_blank\" rel=\"noopener\">Il friulano per la prima volta in carriera ha indossato la Maglia Rosa<\/a>, prestigioso simbolo del primato del Grand Tour italiano. Il corridore dell&#8217;<strong>Israel Start-Up Nation<\/strong> \u00e8 riuscito a entrare nella fuga di giornata e a sfruttare poi la sua esperienza per muoversi in vista del grande obiettivo di giornata, potendo contare su un distacco limitato nei confronti del leader del momento <strong>Filippo Ganna<\/strong> (Ineos Grenadiers). Battuto per il successo di tappa da un brillantissimo <strong>Joe Dombrowski<\/strong> (UAE Team Emirates), il Rosso di Buja si pu\u00f2 ampiamente consolare con la prima Maglia Rosa della sua carriera.<\/p>\n<p>Il friulano ha commentato commosso questo risultato appena finita la giornata: &#8220;<strong>Non so neanche cosa mi passi per la testa<\/strong>. Ho iniziato a pensare di provare a prendere la Maglia Rosa due giorni fa ma non l&#8217;ho detto a nessuno. Oggi sapevo di dover attaccare al momento giusto e che non sarebbe stato facile. <strong>Mi avrebbe dato grande dispiacere arrivare l\u00ec e perderla per poco<\/strong>. Alla fine \u00e8 servita la buona vecchia regola: <strong>non mollare mai<\/strong>. Forse questo \u00e8 un piccolo premio per i mille tentativi che ho fatto in undici anni di carriera, cercher\u00f2 di godermi al massimo questo momento. La dedico ad Alessandro De Marchi e a sua moglie Anna. <strong>\u00c8 un premio per quanto ho fatto in questi anni<\/strong>. Sono senza parole. Questa Maglia \u00e8 il sogno d&#8217;infanzia di ogni corridore&#8221;.<\/p>\n<p>&#8220;<strong>Mi sento quasi fuori posto<\/strong> &#8211; ha proseguito la nuova Maglia Rosa &#8211; mi sono abituato in questi anni a lottare per gli altri e a sacrificarmi senza avere risultati importanti. <strong>Mi sento ancora frastornato, non ho realizzato cosa stia succedendo<\/strong>. Forse stanotte realizzer\u00f2, magari pianger\u00f2 un po&#8217; per la gioia e domani sar\u00f2 pronto per partire. <strong>A Ganna voglio dire di non mollare mai, che ha un grande talento<\/strong>. Deve tenere duro, con la classe che ha continuer\u00e0 a raccogliere risultati&#8221;.<\/p>\n","protected":false},"excerpt":{"rendered":"<p>Alessandro De Marchi corona il sogno di una carriera al Giro d&#8217;Italia 2021. Il friulano per la prima volta in carriera ha indossato la Maglia Rosa, prestigioso simbolo del primato del Grand Tour italiano. Il corridore dell&#8217;Israel Start-Up Nation \u00e8 riuscito a entrare nella fuga di giornata e a sfruttare poi la sua esperienza per &hellip;<\/p>\n","protected":false},"author":15,"featured_media":165641,"comment_status":"open","ping_status":"open","sticky":false,"template":"","format":"standard","meta":{"footnotes":""},"categories":[2777,21],"tags":[738,2706,3689],"class_list":["post-165627","post","type-post","status-publish","format-standard","has-post-thumbnail","hentry","category-giro-2021","category-vetrina","tag-alessandro-de-marchi","tag-giro-ditalia-2021","tag-israel-start-up-nation-2021"],"yoast_head":"<!-- This site is optimized with the Yoast SEO plugin v27.4 - https:\/\/yoast.com\/product\/yoast-seo-wordpress\/ -->\n<title>Giro d&#039;Italia 2021, Alessandro De Marchi in Maglia Rosa: &quot;\u00c8 un premio per quanto ho fatto in questi anni&quot; - SpazioCiclismo<\/title>\n<meta name=\"robots\" content=\"index, follow, max-snippet:-1, max-image-preview:large, max-video-preview:-1\" \/>\n<link rel=\"canonical\" href=\"https:\/\/cyclingpro.net\/spaziociclismo\/giro-2021\/giro-ditalia-2021-alessandro-de-marchi-in-maglia-rosa-e-un-premio-per-quanto-ho-fatto-in-questi-anni\/\" \/>\n<meta property=\"og:locale\" content=\"it_IT\" \/>\n<meta property=\"og:type\" content=\"article\" \/>\n<meta property=\"og:title\" content=\"Giro d&#039;Italia 2021, Alessandro De Marchi in Maglia Rosa: &quot;\u00c8 un premio per quanto ho fatto in questi anni&quot; - SpazioCiclismo\" \/>\n<meta property=\"og:description\" content=\"Alessandro De Marchi corona il sogno di una carriera al Giro d&#8217;Italia 2021. Il friulano per la prima volta in carriera ha indossato la Maglia Rosa, prestigioso simbolo del primato del Grand Tour italiano. Il corridore dell&#8217;Israel Start-Up Nation \u00e8 riuscito a entrare nella fuga di giornata e a sfruttare poi la sua esperienza per &hellip;\" \/>\n<meta property=\"og:url\" content=\"https:\/\/cyclingpro.net\/spaziociclismo\/giro-2021\/giro-ditalia-2021-alessandro-de-marchi-in-maglia-rosa-e-un-premio-per-quanto-ho-fatto-in-questi-anni\/\" \/>\n<meta property=\"og:site_name\" content=\"SpazioCiclismo\" \/>\n<meta property=\"article:publisher\" content=\"https:\/\/www.facebook.com\/SpazioCiclismo\/\" \/>\n<meta property=\"article:published_time\" content=\"2021-05-11T15:47:32+00:00\" \/>\n<meta property=\"article:modified_time\" content=\"2021-05-11T16:14:17+00:00\" \/>\n<meta property=\"og:image\" content=\"https:\/\/i0.wp.com\/cyclingpro.net\/spaziociclismo\/wp-content\/uploads\/2021\/05\/Alessandro-De-Marchi-Maglia-Rosa-Tappa-4-Giro-dItalia-2021.jpg?fit=660%2C330&ssl=1\" \/>\n\t<meta property=\"og:image:width\" content=\"660\" \/>\n\t<meta property=\"og:image:height\" content=\"330\" \/>\n\t<meta property=\"og:image:type\" content=\"image\/jpeg\" \/>\n<meta name=\"author\" content=\"Davide Terraneo\" \/>\n<meta name=\"twitter:card\" content=\"summary_large_image\" \/>\n<meta name=\"twitter:creator\" content=\"@spaziociclismo\" \/>\n<meta name=\"twitter:site\" content=\"@spaziociclismo\" \/>\n<meta name=\"twitter:label1\" content=\"Scritto da\" \/>\n\t<meta name=\"twitter:data1\" content=\"Davide Terraneo\" \/>\n\t<meta name=\"twitter:label2\" content=\"Tempo di lettura stimato\" \/>\n\t<meta name=\"twitter:data2\" content=\"2 minuti\" \/>\n<script type=\"application\/ld+json\" class=\"yoast-schema-graph\">{\"@context\":\"https:\\\/\\\/schema.org\",\"@graph\":[{\"@type\":\"Article\",\"@id\":\"https:\\\/\\\/cyclingpro.net\\\/spaziociclismo\\\/giro-2021\\\/giro-ditalia-2021-alessandro-de-marchi-in-maglia-rosa-e-un-premio-per-quanto-ho-fatto-in-questi-anni\\\/#article\",\"isPartOf\":{\"@id\":\"https:\\\/\\\/cyclingpro.net\\\/spaziociclismo\\\/giro-2021\\\/giro-ditalia-2021-alessandro-de-marchi-in-maglia-rosa-e-un-premio-per-quanto-ho-fatto-in-questi-anni\\\/\"},\"author\":{\"name\":\"Davide Terraneo\",\"@id\":\"https:\\\/\\\/cyclingpro.net\\\/spaziociclismo\\\/#\\\/schema\\\/person\\\/7e1a937a7dba4e684209b697ab87796a\"},\"headline\":\"Giro d&#8217;Italia 2021, Alessandro De Marchi in Maglia Rosa: &#8220;\u00c8 un premio per quanto ho fatto in questi anni&#8221;\",\"datePublished\":\"2021-05-11T15:47:32+00:00\",\"dateModified\":\"2021-05-11T16:14:17+00:00\",\"mainEntityOfPage\":{\"@id\":\"https:\\\/\\\/cyclingpro.net\\\/spaziociclismo\\\/giro-2021\\\/giro-ditalia-2021-alessandro-de-marchi-in-maglia-rosa-e-un-premio-per-quanto-ho-fatto-in-questi-anni\\\/\"},\"wordCount\":341,\"commentCount\":0,\"publisher\":{\"@id\":\"https:\\\/\\\/cyclingpro.net\\\/spaziociclismo\\\/#organization\"},\"image\":{\"@id\":\"https:\\\/\\\/cyclingpro.net\\\/spaziociclismo\\\/giro-2021\\\/giro-ditalia-2021-alessandro-de-marchi-in-maglia-rosa-e-un-premio-per-quanto-ho-fatto-in-questi-anni\\\/#primaryimage\"},\"thumbnailUrl\":\"https:\\\/\\\/cyclingpro.net\\\/spaziociclismo\\\/wp-content\\\/uploads\\\/2021\\\/05\\\/Alessandro-De-Marchi-Maglia-Rosa-Tappa-4-Giro-dItalia-2021.jpg\",\"keywords\":[\"Alessandro De Marchi\",\"Giro d'Italia 2021\",\"Israel Start-Up Nation 2021\"],\"articleSection\":[\"Giro 2021\",\"Vetrina\"],\"inLanguage\":\"it-IT\",\"potentialAction\":[{\"@type\":\"CommentAction\",\"name\":\"Comment\",\"target\":[\"https:\\\/\\\/cyclingpro.net\\\/spaziociclismo\\\/giro-2021\\\/giro-ditalia-2021-alessandro-de-marchi-in-maglia-rosa-e-un-premio-per-quanto-ho-fatto-in-questi-anni\\\/#respond\"]}]},{\"@type\":\"WebPage\",\"@id\":\"https:\\\/\\\/cyclingpro.net\\\/spaziociclismo\\\/giro-2021\\\/giro-ditalia-2021-alessandro-de-marchi-in-maglia-rosa-e-un-premio-per-quanto-ho-fatto-in-questi-anni\\\/\",\"url\":\"https:\\\/\\\/cyclingpro.net\\\/spaziociclismo\\\/giro-2021\\\/giro-ditalia-2021-alessandro-de-marchi-in-maglia-rosa-e-un-premio-per-quanto-ho-fatto-in-questi-anni\\\/\",\"name\":\"Giro d'Italia 2021, Alessandro De Marchi in Maglia Rosa: \\\"\u00c8 un premio per quanto ho fatto in questi anni\\\" - SpazioCiclismo\",\"isPartOf\":{\"@id\":\"https:\\\/\\\/cyclingpro.net\\\/spaziociclismo\\\/#website\"},\"primaryImageOfPage\":{\"@id\":\"https:\\\/\\\/cyclingpro.net\\\/spaziociclismo\\\/giro-2021\\\/giro-ditalia-2021-alessandro-de-marchi-in-maglia-rosa-e-un-premio-per-quanto-ho-fatto-in-questi-anni\\\/#primaryimage\"},\"image\":{\"@id\":\"https:\\\/\\\/cyclingpro.net\\\/spaziociclismo\\\/giro-2021\\\/giro-ditalia-2021-alessandro-de-marchi-in-maglia-rosa-e-un-premio-per-quanto-ho-fatto-in-questi-anni\\\/#primaryimage\"},\"thumbnailUrl\":\"https:\\\/\\\/cyclingpro.net\\\/spaziociclismo\\\/wp-content\\\/uploads\\\/2021\\\/05\\\/Alessandro-De-Marchi-Maglia-Rosa-Tappa-4-Giro-dItalia-2021.jpg\",\"datePublished\":\"2021-05-11T15:47:32+00:00\",\"dateModified\":\"2021-05-11T16:14:17+00:00\",\"breadcrumb\":{\"@id\":\"https:\\\/\\\/cyclingpro.net\\\/spaziociclismo\\\/giro-2021\\\/giro-ditalia-2021-alessandro-de-marchi-in-maglia-rosa-e-un-premio-per-quanto-ho-fatto-in-questi-anni\\\/#breadcrumb\"},\"inLanguage\":\"it-IT\",\"potentialAction\":[{\"@type\":\"ReadAction\",\"target\":[\"https:\\\/\\\/cyclingpro.net\\\/spaziociclismo\\\/giro-2021\\\/giro-ditalia-2021-alessandro-de-marchi-in-maglia-rosa-e-un-premio-per-quanto-ho-fatto-in-questi-anni\\\/\"]}]},{\"@type\":\"ImageObject\",\"inLanguage\":\"it-IT\",\"@id\":\"https:\\\/\\\/cyclingpro.net\\\/spaziociclismo\\\/giro-2021\\\/giro-ditalia-2021-alessandro-de-marchi-in-maglia-rosa-e-un-premio-per-quanto-ho-fatto-in-questi-anni\\\/#primaryimage\",\"url\":\"https:\\\/\\\/cyclingpro.net\\\/spaziociclismo\\\/wp-content\\\/uploads\\\/2021\\\/05\\\/Alessandro-De-Marchi-Maglia-Rosa-Tappa-4-Giro-dItalia-2021.jpg\",\"contentUrl\":\"https:\\\/\\\/cyclingpro.net\\\/spaziociclismo\\\/wp-content\\\/uploads\\\/2021\\\/05\\\/Alessandro-De-Marchi-Maglia-Rosa-Tappa-4-Giro-dItalia-2021.jpg\",\"width\":660,\"height\":330,\"caption\":\"\u00a9 LaPresse\"},{\"@type\":\"BreadcrumbList\",\"@id\":\"https:\\\/\\\/cyclingpro.net\\\/spaziociclismo\\\/giro-2021\\\/giro-ditalia-2021-alessandro-de-marchi-in-maglia-rosa-e-un-premio-per-quanto-ho-fatto-in-questi-anni\\\/#breadcrumb\",\"itemListElement\":[{\"@type\":\"ListItem\",\"position\":1,\"name\":\"Home\",\"item\":\"https:\\\/\\\/cyclingpro.net\\\/spaziociclismo\\\/\"},{\"@type\":\"ListItem\",\"position\":2,\"name\":\"Giro d&#8217;Italia 2021, Alessandro De Marchi in Maglia Rosa: &#8220;\u00c8 un premio per quanto ho fatto in questi anni&#8221;\"}]},{\"@type\":\"WebSite\",\"@id\":\"https:\\\/\\\/cyclingpro.net\\\/spaziociclismo\\\/#website\",\"url\":\"https:\\\/\\\/cyclingpro.net\\\/spaziociclismo\\\/\",\"name\":\"SpazioCiclismo\",\"description\":\"Tutto il ciclismo minuto per minuto\",\"publisher\":{\"@id\":\"https:\\\/\\\/cyclingpro.net\\\/spaziociclismo\\\/#organization\"},\"potentialAction\":[{\"@type\":\"SearchAction\",\"target\":{\"@type\":\"EntryPoint\",\"urlTemplate\":\"https:\\\/\\\/cyclingpro.net\\\/spaziociclismo\\\/?s={search_term_string}\"},\"query-input\":{\"@type\":\"PropertyValueSpecification\",\"valueRequired\":true,\"valueName\":\"search_term_string\"}}],\"inLanguage\":\"it-IT\"},{\"@type\":\"Organization\",\"@id\":\"https:\\\/\\\/cyclingpro.net\\\/spaziociclismo\\\/#organization\",\"name\":\"SpazioCiclismo\",\"url\":\"https:\\\/\\\/cyclingpro.net\\\/spaziociclismo\\\/\",\"logo\":{\"@type\":\"ImageObject\",\"inLanguage\":\"it-IT\",\"@id\":\"https:\\\/\\\/cyclingpro.net\\\/spaziociclismo\\\/#\\\/schema\\\/logo\\\/image\\\/\",\"url\":\"https:\\\/\\\/cyclingpro.net\\\/spaziociclismo\\\/wp-content\\\/uploads\\\/2017\\\/02\\\/SpazioCiclismo-Logo-Quadrato.png\",\"contentUrl\":\"https:\\\/\\\/cyclingpro.net\\\/spaziociclismo\\\/wp-content\\\/uploads\\\/2017\\\/02\\\/SpazioCiclismo-Logo-Quadrato.png\",\"width\":450,\"height\":450,\"caption\":\"SpazioCiclismo\"},\"image\":{\"@id\":\"https:\\\/\\\/cyclingpro.net\\\/spaziociclismo\\\/#\\\/schema\\\/logo\\\/image\\\/\"},\"sameAs\":[\"https:\\\/\\\/www.facebook.com\\\/SpazioCiclismo\\\/\",\"https:\\\/\\\/x.com\\\/spaziociclismo\",\"https:\\\/\\\/www.instagram.com\\\/spaziociclismo\\\/\"]},{\"@type\":\"Person\",\"@id\":\"https:\\\/\\\/cyclingpro.net\\\/spaziociclismo\\\/#\\\/schema\\\/person\\\/7e1a937a7dba4e684209b697ab87796a\",\"name\":\"Davide Terraneo\",\"image\":{\"@type\":\"ImageObject\",\"inLanguage\":\"it-IT\",\"@id\":\"https:\\\/\\\/secure.gravatar.com\\\/avatar\\\/ff8491b63094864b9d94b44d6465d0050c0872ad4112e51a3cee77d0500a47c5?s=96&d=mm&r=g\",\"url\":\"https:\\\/\\\/secure.gravatar.com\\\/avatar\\\/ff8491b63094864b9d94b44d6465d0050c0872ad4112e51a3cee77d0500a47c5?s=96&d=mm&r=g\",\"contentUrl\":\"https:\\\/\\\/secure.gravatar.com\\\/avatar\\\/ff8491b63094864b9d94b44d6465d0050c0872ad4112e51a3cee77d0500a47c5?s=96&d=mm&r=g\",\"caption\":\"Davide Terraneo\"},\"url\":\"https:\\\/\\\/cyclingpro.net\\\/spaziociclismo\\\/author\\\/dterraneo\\\/\"}]}<\/script>\n<!-- \/ Yoast SEO plugin. -->","yoast_head_json":{"title":"Giro d'Italia 2021, Alessandro De Marchi in Maglia Rosa: \"\u00c8 un premio per quanto ho fatto in questi anni\" - SpazioCiclismo","robots":{"index":"index","follow":"follow","max-snippet":"max-snippet:-1","max-image-preview":"max-image-preview:large","max-video-preview":"max-video-preview:-1"},"canonical":"https:\/\/cyclingpro.net\/spaziociclismo\/giro-2021\/giro-ditalia-2021-alessandro-de-marchi-in-maglia-rosa-e-un-premio-per-quanto-ho-fatto-in-questi-anni\/","og_locale":"it_IT","og_type":"article","og_title":"Giro d'Italia 2021, Alessandro De Marchi in Maglia Rosa: \"\u00c8 un premio per quanto ho fatto in questi anni\" - SpazioCiclismo","og_description":"Alessandro De Marchi corona il sogno di una carriera al Giro d&#8217;Italia 2021. Il friulano per la prima volta in carriera ha indossato la Maglia Rosa, prestigioso simbolo del primato del Grand Tour italiano. Il corridore dell&#8217;Israel Start-Up Nation \u00e8 riuscito a entrare nella fuga di giornata e a sfruttare poi la sua esperienza per &hellip;","og_url":"https:\/\/cyclingpro.net\/spaziociclismo\/giro-2021\/giro-ditalia-2021-alessandro-de-marchi-in-maglia-rosa-e-un-premio-per-quanto-ho-fatto-in-questi-anni\/","og_site_name":"SpazioCiclismo","article_publisher":"https:\/\/www.facebook.com\/SpazioCiclismo\/","article_published_time":"2021-05-11T15:47:32+00:00","article_modified_time":"2021-05-11T16:14:17+00:00","og_image":[{"width":660,"height":330,"url":"https:\/\/i0.wp.com\/cyclingpro.net\/spaziociclismo\/wp-content\/uploads\/2021\/05\/Alessandro-De-Marchi-Maglia-Rosa-Tappa-4-Giro-dItalia-2021.jpg?fit=660%2C330&ssl=1","type":"image\/jpeg"}],"author":"Davide Terraneo","twitter_card":"summary_large_image","twitter_creator":"@spaziociclismo","twitter_site":"@spaziociclismo","twitter_misc":{"Scritto da":"Davide Terraneo","Tempo di lettura stimato":"2 minuti"},"schema":{"@context":"https:\/\/schema.org","@graph":[{"@type":"Article","@id":"https:\/\/cyclingpro.net\/spaziociclismo\/giro-2021\/giro-ditalia-2021-alessandro-de-marchi-in-maglia-rosa-e-un-premio-per-quanto-ho-fatto-in-questi-anni\/#article","isPartOf":{"@id":"https:\/\/cyclingpro.net\/spaziociclismo\/giro-2021\/giro-ditalia-2021-alessandro-de-marchi-in-maglia-rosa-e-un-premio-per-quanto-ho-fatto-in-questi-anni\/"},"author":{"name":"Davide Terraneo","@id":"https:\/\/cyclingpro.net\/spaziociclismo\/#\/schema\/person\/7e1a937a7dba4e684209b697ab87796a"},"headline":"Giro d&#8217;Italia 2021, Alessandro De Marchi in Maglia Rosa: &#8220;\u00c8 un premio per quanto ho fatto in questi anni&#8221;","datePublished":"2021-05-11T15:47:32+00:00","dateModified":"2021-05-11T16:14:17+00:00","mainEntityOfPage":{"@id":"https:\/\/cyclingpro.net\/spaziociclismo\/giro-2021\/giro-ditalia-2021-alessandro-de-marchi-in-maglia-rosa-e-un-premio-per-quanto-ho-fatto-in-questi-anni\/"},"wordCount":341,"commentCount":0,"publisher":{"@id":"https:\/\/cyclingpro.net\/spaziociclismo\/#organization"},"image":{"@id":"https:\/\/cyclingpro.net\/spaziociclismo\/giro-2021\/giro-ditalia-2021-alessandro-de-marchi-in-maglia-rosa-e-un-premio-per-quanto-ho-fatto-in-questi-anni\/#primaryimage"},"thumbnailUrl":"https:\/\/cyclingpro.net\/spaziociclismo\/wp-content\/uploads\/2021\/05\/Alessandro-De-Marchi-Maglia-Rosa-Tappa-4-Giro-dItalia-2021.jpg","keywords":["Alessandro De Marchi","Giro d'Italia 2021","Israel Start-Up Nation 2021"],"articleSection":["Giro 2021","Vetrina"],"inLanguage":"it-IT","potentialAction":[{"@type":"CommentAction","name":"Comment","target":["https:\/\/cyclingpro.net\/spaziociclismo\/giro-2021\/giro-ditalia-2021-alessandro-de-marchi-in-maglia-rosa-e-un-premio-per-quanto-ho-fatto-in-questi-anni\/#respond"]}]},{"@type":"WebPage","@id":"https:\/\/cyclingpro.net\/spaziociclismo\/giro-2021\/giro-ditalia-2021-alessandro-de-marchi-in-maglia-rosa-e-un-premio-per-quanto-ho-fatto-in-questi-anni\/","url":"https:\/\/cyclingpro.net\/spaziociclismo\/giro-2021\/giro-ditalia-2021-alessandro-de-marchi-in-maglia-rosa-e-un-premio-per-quanto-ho-fatto-in-questi-anni\/","name":"Giro d'Italia 2021, Alessandro De Marchi in Maglia Rosa: \"\u00c8 un premio per quanto ho fatto in questi anni\" - SpazioCiclismo","isPartOf":{"@id":"https:\/\/cyclingpro.net\/spaziociclismo\/#website"},"primaryImageOfPage":{"@id":"https:\/\/cyclingpro.net\/spaziociclismo\/giro-2021\/giro-ditalia-2021-alessandro-de-marchi-in-maglia-rosa-e-un-premio-per-quanto-ho-fatto-in-questi-anni\/#primaryimage"},"image":{"@id":"https:\/\/cyclingpro.net\/spaziociclismo\/giro-2021\/giro-ditalia-2021-alessandro-de-marchi-in-maglia-rosa-e-un-premio-per-quanto-ho-fatto-in-questi-anni\/#primaryimage"},"thumbnailUrl":"https:\/\/cyclingpro.net\/spaziociclismo\/wp-content\/uploads\/2021\/05\/Alessandro-De-Marchi-Maglia-Rosa-Tappa-4-Giro-dItalia-2021.jpg","datePublished":"2021-05-11T15:47:32+00:00","dateModified":"2021-05-11T16:14:17+00:00","breadcrumb":{"@id":"https:\/\/cyclingpro.net\/spaziociclismo\/giro-2021\/giro-ditalia-2021-alessandro-de-marchi-in-maglia-rosa-e-un-premio-per-quanto-ho-fatto-in-questi-anni\/#breadcrumb"},"inLanguage":"it-IT","potentialAction":[{"@type":"ReadAction","target":["https:\/\/cyclingpro.net\/spaziociclismo\/giro-2021\/giro-ditalia-2021-alessandro-de-marchi-in-maglia-rosa-e-un-premio-per-quanto-ho-fatto-in-questi-anni\/"]}]},{"@type":"ImageObject","inLanguage":"it-IT","@id":"https:\/\/cyclingpro.net\/spaziociclismo\/giro-2021\/giro-ditalia-2021-alessandro-de-marchi-in-maglia-rosa-e-un-premio-per-quanto-ho-fatto-in-questi-anni\/#primaryimage","url":"https:\/\/cyclingpro.net\/spaziociclismo\/wp-content\/uploads\/2021\/05\/Alessandro-De-Marchi-Maglia-Rosa-Tappa-4-Giro-dItalia-2021.jpg","contentUrl":"https:\/\/cyclingpro.net\/spaziociclismo\/wp-content\/uploads\/2021\/05\/Alessandro-De-Marchi-Maglia-Rosa-Tappa-4-Giro-dItalia-2021.jpg","width":660,"height":330,"caption":"\u00a9 LaPresse"},{"@type":"BreadcrumbList","@id":"https:\/\/cyclingpro.net\/spaziociclismo\/giro-2021\/giro-ditalia-2021-alessandro-de-marchi-in-maglia-rosa-e-un-premio-per-quanto-ho-fatto-in-questi-anni\/#breadcrumb","itemListElement":[{"@type":"ListItem","position":1,"name":"Home","item":"https:\/\/cyclingpro.net\/spaziociclismo\/"},{"@type":"ListItem","position":2,"name":"Giro d&#8217;Italia 2021, Alessandro De Marchi in Maglia Rosa: &#8220;\u00c8 un premio per quanto ho fatto in questi anni&#8221;"}]},{"@type":"WebSite","@id":"https:\/\/cyclingpro.net\/spaziociclismo\/#website","url":"https:\/\/cyclingpro.net\/spaziociclismo\/","name":"SpazioCiclismo","description":"Tutto il ciclismo minuto per minuto","publisher":{"@id":"https:\/\/cyclingpro.net\/spaziociclismo\/#organization"},"potentialAction":[{"@type":"SearchAction","target":{"@type":"EntryPoint","urlTemplate":"https:\/\/cyclingpro.net\/spaziociclismo\/?s={search_term_string}"},"query-input":{"@type":"PropertyValueSpecification","valueRequired":true,"valueName":"search_term_string"}}],"inLanguage":"it-IT"},{"@type":"Organization","@id":"https:\/\/cyclingpro.net\/spaziociclismo\/#organization","name":"SpazioCiclismo","url":"https:\/\/cyclingpro.net\/spaziociclismo\/","logo":{"@type":"ImageObject","inLanguage":"it-IT","@id":"https:\/\/cyclingpro.net\/spaziociclismo\/#\/schema\/logo\/image\/","url":"https:\/\/cyclingpro.net\/spaziociclismo\/wp-content\/uploads\/2017\/02\/SpazioCiclismo-Logo-Quadrato.png","contentUrl":"https:\/\/cyclingpro.net\/spaziociclismo\/wp-content\/uploads\/2017\/02\/SpazioCiclismo-Logo-Quadrato.png","width":450,"height":450,"caption":"SpazioCiclismo"},"image":{"@id":"https:\/\/cyclingpro.net\/spaziociclismo\/#\/schema\/logo\/image\/"},"sameAs":["https:\/\/www.facebook.com\/SpazioCiclismo\/","https:\/\/x.com\/spaziociclismo","https:\/\/www.instagram.com\/spaziociclismo\/"]},{"@type":"Person","@id":"https:\/\/cyclingpro.net\/spaziociclismo\/#\/schema\/person\/7e1a937a7dba4e684209b697ab87796a","name":"Davide Terraneo","image":{"@type":"ImageObject","inLanguage":"it-IT","@id":"https:\/\/secure.gravatar.com\/avatar\/ff8491b63094864b9d94b44d6465d0050c0872ad4112e51a3cee77d0500a47c5?s=96&d=mm&r=g","url":"https:\/\/secure.gravatar.com\/avatar\/ff8491b63094864b9d94b44d6465d0050c0872ad4112e51a3cee77d0500a47c5?s=96&d=mm&r=g","contentUrl":"https:\/\/secure.gravatar.com\/avatar\/ff8491b63094864b9d94b44d6465d0050c0872ad4112e51a3cee77d0500a47c5?s=96&d=mm&r=g","caption":"Davide Terraneo"},"url":"https:\/\/cyclingpro.net\/spaziociclismo\/author\/dterraneo\/"}]}},"_links":{"self":[{"href":"https:\/\/cyclingpro.net\/spaziociclismo\/wp-json\/wp\/v2\/posts\/165627","targetHints":{"allow":["GET"]}}],"collection":[{"href":"https:\/\/cyclingpro.net\/spaziociclismo\/wp-json\/wp\/v2\/posts"}],"about":[{"href":"https:\/\/cyclingpro.net\/spaziociclismo\/wp-json\/wp\/v2\/types\/post"}],"author":[{"embeddable":true,"href":"https:\/\/cyclingpro.net\/spaziociclismo\/wp-json\/wp\/v2\/users\/15"}],"replies":[{"embeddable":true,"href":"https:\/\/cyclingpro.net\/spaziociclismo\/wp-json\/wp\/v2\/comments?post=165627"}],"version-history":[{"count":7,"href":"https:\/\/cyclingpro.net\/spaziociclismo\/wp-json\/wp\/v2\/posts\/165627\/revisions"}],"predecessor-version":[{"id":165631,"href":"https:\/\/cyclingpro.net\/spaziociclismo\/wp-json\/wp\/v2\/posts\/165627\/revisions\/165631"}],"wp:featuredmedia":[{"embeddable":true,"href":"https:\/\/cyclingpro.net\/spaziociclismo\/wp-json\/wp\/v2\/media\/165641"}],"wp:attachment":[{"href":"https:\/\/cyclingpro.net\/spaziociclismo\/wp-json\/wp\/v2\/media?parent=165627"}],"wp:term":[{"taxonomy":"category","embeddable":true,"href":"https:\/\/cyclingpro.net\/spaziociclismo\/wp-json\/wp\/v2\/categories?post=165627"},{"taxonomy":"post_tag","embeddable":true,"href":"https:\/\/cyclingpro.net\/spaziociclismo\/wp-json\/wp\/v2\/tags?post=165627"}],"curies":[{"name":"wp","href":"https:\/\/api.w.org\/{rel}","templated":true}]}}