{"id":109476,"date":"2019-11-19T14:00:09","date_gmt":"2019-11-19T13:00:09","guid":{"rendered":"https:\/\/cyclingpro.net\/spaziociclismo\/?p=109476"},"modified":"2019-11-19T14:31:17","modified_gmt":"2019-11-19T13:31:17","slug":"bilancio-squadre-2019-ccc-team","status":"publish","type":"post","link":"https:\/\/cyclingpro.net\/spaziociclismo\/topflop\/bilancio-squadre-2019-ccc-team\/","title":{"rendered":"Bilancio Squadre 2019: CCC Team"},"content":{"rendered":"<p>Il 2019 ha rappresentato la stagione del debutto nella massima divisione per il\u00a0<strong>CCC Team<\/strong>. La squadra polacca, che ha raccolto l&#8217;eredit\u00e0 della BMC integrando all&#8217;interno del proprio organico alcuni corridori provenienti dalla CCC Sprandi Polkowice, ha da subito ammesso di non avere le possibilit\u00e0 di fare classifica nei Grandi Giri, non avendo al suo interno un leader per le corse a tappe, e puntava soprattutto alle classiche o ad attacchi da lontano. Certamente, nonostante le attenuanti di essere al primo anno, ci si sarebbe aspettati di pi\u00f9 nelle classiche, corse per le quali l&#8217;organico del team sembra pi\u00f9 adatto. Nel corso della stagione sono arrivate invece solamente sei vittorie, di cui solo due in corse WorldTour: un successo di tappa al Tour Down Under e\u00a0il GP de Montr\u00e9al 2019.<\/p>\n<h2>Cosa ha funzionato<\/h2>\n<p>La stagione di <strong>Greg Van Avermaet<\/strong> non \u00e8 certamente stata tra le sue migliori. Nonostante il corridore belga si sia aggiudicato la nuova\u00a0<a href=\"https:\/\/cyclingpro.net\/spaziociclismo\/worldtour\/uci-worldranking-greg-van-avermaet-conquista-la-classifica-classiche-dimostra-che-corridore-sono\/\">Classifica Classiche\u00a0dell\u2019UCI WorldRanking<\/a>, il suo rendimento, seppur costante, non \u00e8 stato esaltante. Per lui una sola vittoria al <a href=\"https:\/\/cyclingpro.net\/spaziociclismo\/sintesi-gare\/gp-de-montreal-2019-vince-greg-van-avermaet-secondo-diego-ulissi\/\">GP de Montr\u00e9al<\/a>, e, nonostante alcuni podi, come i secondi posti ottenuti alla\u00a0Omloop Het Nieuwsblad\u00a0e alla\u00a0Clasica San Sebastian, e il terzo alla\u00a0E3 BinckBank Classic\u00a0e al\u00a0GP de Qu\u00e9bec, \u00e8 arrivato lontano dai primi nelle classiche Monumento, suo obiettivo stagionale. Con la squadra caricata quasi interamente sulle sue spalle, il campione olimpico ha comunque saputo reggere la pressione, confermando la sua solidit\u00e0, pur in mancanza di un acuto importante che da lui ci si sarebbe aspettato.<\/p>\n<p>Protagonista sicuramente\u00a0 di una buona annata \u00e8 stato\u00a0<strong>Patrick Bevin<\/strong>. Il corridore neozelandese ha conquistato il suo primo successo WorldTour nella <a href=\"https:\/\/cyclingpro.net\/spaziociclismo\/sintesi-gare\/tour-down-under-2019-sorpresa-bevin-battuti-ewan-e-sagan\/\">seconda tappa del Tour Down Under<\/a>, corsa nella quale ha conquistato la maglia azzurra e in cui ha sfiorato anche il successo nella classifica generale, sfuggitogli a causa di una caduta nel penultimo giorno che lo ha condizionato nella tappa decisiva. Ha inoltre vinto i Campionati Nazionali a cronometro, confermando qualit\u00e0 crescenti specialmente nelle prove contro il tempo, in cui ha ottenuto i suoi risultati migliori, come dimostrano anche i piazzamenti ottenuti al Giro di Romandia e al Giro di Svizzera e il secondo posto nella decima tappa della Vuelta a Espa\u00f1a 2019. Ma nel complesso ha mostrato una evoluzione che ne fa uno degli elementi di punta anche su altri terreni.<\/p>\n<p>Tra le note positive, discreta la stagione, soprattutto la seconda parte, di <strong>Jonas Koch<\/strong> che si \u00e8 piazzato in top10 in alcune volate della Vuelta a Espa\u00f1a 2019. Generoso come sempre il nostro <strong>Alessandro De Marchi<\/strong>, che ha ottenuto alcuni piazzamenti importanti, tra i quali spicca il bel settimo posto alla Amstel Gold Race, confermandosi, oltre a ci\u00f2, come uno dei cacciatori di tappe pi\u00f9 validi del panorama internazionale. Costretto a concludere in anticipo la sua stagione dopo il <a href=\"https:\/\/cyclingpro.net\/spaziociclismo\/vetrina\/tour-de-france-2019-de-marchi-si-ritira-dopo-una-caduta-con-una-profonda-ferita-al-viso\/\">brutto incidente nel corso della nona tappa del Tour de France<\/a>, non ha avuto modo di poter continuare ad inseguire un meritato successo.<\/p>\n<h2>Cosa non ha funzionato<\/h2>\n<p>Ci si sarebbe aspettato molto di pi\u00f9 dal 2019 di <strong>Jakub Marecko<\/strong>. Il velocista italiano si presentava alla sua prima stagione in una squadra WorldTour motivato e alla caccia di vittorie. Invece, in un&#8217;annata caratterizzata da pochi alti e molti bassi, non \u00e8 riuscito mai ad alzare le braccia al cielo, ottenendo solamente alcuni piazzamenti che non bastano per un corridore dal grandissimo potenziale, che tuttavia deve cambiare tendenza al pi\u00f9 presto se non vuole restare con l&#8217;amaro in bocca per una carriera ad inseguire aspettative mai corrisposte.<\/p>\n<p>Il nuovo arrivato <strong>Simon Geschke<\/strong> ci aveva abituato a vederlo sempre all&#8217;attacco, pronto ad infilarsi in molte fughe da lontano. Qualche volta era riuscito a coronare le sue azioni col successo, ma la combattivit\u00e0, soprattutto nelle grandi corse a tappe, non gli \u00e8 mai mancata. Quest&#8217;anno, invece, malgrado avesse nella sua nuova avventura anche maggiore libert\u00e0, il corridore tedesco si \u00e8 visto davvero poco in una stagione conclusa in maniera anonima senza piazzamenti di rilievo (complice forse anche l&#8217;et\u00e0 che avanza). Ha deluso anche <strong>Amaro Antunes<\/strong>, che arrivava da un buon 2018 dove aveva mostrato ottime doti, apparendo molto motivato per la grande occasione di correre nel WorldTour con un ruolo primario in squadra nelle corse a lui pi\u00f9 congeniali. Il corridore portoghese non \u00e8 tuttavia mai riuscito ad emergere, condizionato anche da alcuni problemi fisici che lo hanno chiaramente rallentato.<\/p>\n<p>Il peso degli anni si \u00e8 fatto sentire per <strong>Serge Pauwels<\/strong> e <strong>Francisco Ventoso<\/strong>. Entrambi non hanno pi\u00f9 la brillantezza e il colpo di pedale di un tempo ed hanno disputato una stagione anonima, non riuscendo a farsi notare n\u00e9 in prima persona, come il belga aveva dimostrato di essere ancora in grado di fare, n\u00e9 in supporto ai propri capitani, come lo spagnolo da qualche stagione era solito fare. Annata negativa anche per <strong>Guillaume Van Keirsbulck<\/strong>, ingaggiato per supportare Van Avermaet nelle Classiche del Nord. Il belga non \u00e8 mai riuscito ad essere veramente di aiuto al suo connazionale, perdendo le ruote dei migliori gi\u00e0 nelle prime fasi di gara.<\/p>\n<p>Tra i corridori di esperienza si \u00e8 visto decisamente poco anche <strong>Laurens Ten Dam<\/strong>, arrivato per avere qualche spazio in pi\u00f9, ma mai in grado di lasciare il segno, dovendosi accontentare di qualche sporadico attacco dalla distanza. Qualche piazzamento lo ha invece raccolto <strong>Victor de la Parte<\/strong>, ma da un corridore come lui ci si aspettava presumibilmente qualcosa in pi\u00f9, specialmente nelle corse pi\u00f9 importanti, nelle quali forse dovr\u00e0 rivedere le sue ambizioni visto quanto mostrato quest&#8217;anno. Si conferma invece con un livello non sufficiente per la categoria <strong>Riccardo Zoidl<\/strong>, che non ha saputo sfruttare questa nuova occasione nella massima categoria, preferendo cos\u00ec nuovamente tornare in patria, a livello continental, dove riesce a raccogliere il meglio dalle sue caratteristiche, sia mentalmente che fisicamente.<\/p>\n<h2>Top\/Flop<\/h2>\n<p>+++<br \/>\n++ Greg Van Avermaet<br \/>\n+ Patrick Bevin<br \/>\n&#8211; Simon Geschke<br \/>\n&#8212; Guillaume Van Keirsbulck<br \/>\n&#8212;\u00a0Jakub Marecko<\/p>\n<h2>Miglior Momento<\/h2>\n<p>Il Tour Down Under 2019 di <strong>Patrick Bevin<\/strong> \u00e8 stata certamente la miglior corsa per il team durante questa stagione. Oltre ad essere riuscito ad imporsi nella seconda tappa, il corridore neozelandese ha guidato la classifica generale fino all&#8217;ultimo giorno, quando le conseguenze della caduta patita il giorno prima lo hanno costretto ad arrendersi nella tappa di Willunga Hill. <a href=\"https:\/\/cyclingpro.net\/spaziociclismo\/worldtour\/tour-down-under-2019-bevin-si-consola-con-la-maglia-azzurra-e-non-si-abbatte-ho-intenzione-di-continuare-cosi\/\">Si \u00e8 consolato comunque con la conquista della maglia azzurra della classifica a punti<\/a>. Ovviamente, volendo scegliere una singola giornata, il successo pi\u00f9 importante per la squadra polacca \u00e8 chiaramente il GP de Montr\u00e9al conquistato da Greg Van Avermaet, che ha saputo cos\u00ec in qualche modo tenere a galla la stagione del campione olimpico.<\/p>\n<p><span class=\"60drbyknhxuA7y31sIBinbWheKmlcJqzxOUCIYKDookEgLtSdGt2m7BZwVjDQX3NTcpqVE8A1RFC9juX4sPP5v\"><iframe loading=\"lazy\" title=\"Grand Prix Cycliste de Montr\u00e9al 2019 | Full Race Highlights | inCycle\" width=\"500\" height=\"281\" src=\"https:\/\/www.youtube.com\/embed\/S_64Nf5E2uE?feature=oembed\" frameborder=\"0\" allow=\"accelerometer; autoplay; clipboard-write; encrypted-media; gyroscope; picture-in-picture; web-share\" referrerpolicy=\"strict-origin-when-cross-origin\" allowfullscreen><\/iframe><\/span><\/p>\n<h2>Migliori Risultati<\/h2>\n<table style=\"width: 100%;\" border=\"0\" width=\"100%\" cellspacing=\"0\" cellpadding=\"2\">\n<tbody>\n<tr>\n<th class=\"tabheaderTB\" colspan=\"10\" align=\"left\" valign=\"top\"><span style=\"font-size: medium;\">Vittorie<\/span><\/th>\n<th class=\"tabheaderRTB\" colspan=\"2\" align=\"left\"><\/th>\n<\/tr>\n<tr>\n<td class=\"tabrow1\"><\/td>\n<td class=\"tabrow1\" align=\"right\">15\/09\/2019<\/td>\n<td class=\"tabrow1\"><\/td>\n<td class=\"tabrow1\" align=\"right\"><img decoding=\"async\" title=\"BEL\" src=\"https:\/\/cqranking.com\/common\/flags\/BEL.gif\" alt=\"BEL\" border=\"1\" \/><\/td>\n<td class=\"tabrow1\"><\/td>\n<td class=\"tabrow1\">VAN AVERMAET Greg<\/td>\n<td class=\"tabrow1\"><\/td>\n<td class=\"tabrow1\" align=\"left\">1.WT2<\/td>\n<td class=\"tabrow1\"><\/td>\n<td class=\"tabrow1\" align=\"right\"><img decoding=\"async\" title=\"Can\" src=\"https:\/\/cqranking.com\/common\/flags\/Can.gif\" alt=\"Can\" border=\"1\" \/><\/td>\n<td class=\"tabrow1\"><\/td>\n<td class=\"tabrow1\">GP de Montr\u00e9al<\/td>\n<td class=\"tabrow1\"><\/td>\n<\/tr>\n<tr>\n<td class=\"tabrow2\"><\/td>\n<td class=\"tabrow2\" align=\"right\">26\/05\/2019<\/td>\n<td class=\"tabrow2\"><\/td>\n<td class=\"tabrow2\" align=\"right\"><img decoding=\"async\" title=\"Pol\" src=\"https:\/\/cqranking.com\/common\/flags\/Pol.gif\" alt=\"Pol\" border=\"1\" \/><\/td>\n<td class=\"tabrow2\"><\/td>\n<td class=\"tabrow2\">CCC Team<\/td>\n<td class=\"tabrow2\"><\/td>\n<td class=\"tabrow2\" align=\"left\">2.1s<\/td>\n<td class=\"tabrow2\"><\/td>\n<td class=\"tabrow2\" align=\"right\"><img decoding=\"async\" title=\"Nor\" src=\"https:\/\/cqranking.com\/common\/flags\/Nor.gif\" alt=\"Nor\" border=\"1\" \/><\/td>\n<td class=\"tabrow2\"><\/td>\n<td class=\"tabrow2\">Hammer Series Stavanger, Tappa 3 : Stavanger, Hammer chase T.T.T.<\/td>\n<td class=\"tabrow2\"><\/td>\n<\/tr>\n<tr>\n<td class=\"tabrow1\"><\/td>\n<td class=\"tabrow1\" align=\"right\">5\/05\/2019<\/td>\n<td class=\"tabrow1\"><\/td>\n<td class=\"tabrow1\" align=\"right\"><img decoding=\"async\" title=\"BEL\" src=\"https:\/\/cqranking.com\/common\/flags\/BEL.gif\" alt=\"BEL\" border=\"1\" \/><\/td>\n<td class=\"tabrow1\"><\/td>\n<td class=\"tabrow1\">VAN AVERMAET Greg<\/td>\n<td class=\"tabrow1\"><\/td>\n<td class=\"tabrow1\" align=\"left\">2.HCs<\/td>\n<td class=\"tabrow1\"><\/td>\n<td class=\"tabrow1\" align=\"right\"><img decoding=\"async\" title=\"Gbr\" src=\"https:\/\/cqranking.com\/common\/flags\/Gbr.gif\" alt=\"Gbr\" border=\"1\" \/><\/td>\n<td class=\"tabrow1\"><\/td>\n<td class=\"tabrow1\">Tour de Yorkshire, Tappa 4 : Halifax &#8211; Leeds<\/td>\n<td class=\"tabrow1\"><\/td>\n<\/tr>\n<tr>\n<td class=\"tabrow2\"><\/td>\n<td class=\"tabrow2\" align=\"right\">8\/02\/2019<\/td>\n<td class=\"tabrow2\"><\/td>\n<td class=\"tabrow2\" align=\"right\"><img decoding=\"async\" title=\"BEL\" src=\"https:\/\/cqranking.com\/common\/flags\/BEL.gif\" alt=\"BEL\" border=\"1\" \/><\/td>\n<td class=\"tabrow2\"><\/td>\n<td class=\"tabrow2\">VAN AVERMAET Greg<\/td>\n<td class=\"tabrow2\"><\/td>\n<td class=\"tabrow2\" align=\"left\">2.1s<\/td>\n<td class=\"tabrow2\"><\/td>\n<td class=\"tabrow2\" align=\"right\"><img decoding=\"async\" title=\"Esp\" src=\"https:\/\/cqranking.com\/common\/flags\/Esp.gif\" alt=\"Esp\" border=\"1\" \/><\/td>\n<td class=\"tabrow2\"><\/td>\n<td class=\"tabrow2\">Volta a la Comunitat Valenciana, Tappa 3 : Quart de Poblet &#8211; Chera<\/td>\n<td class=\"tabrow2\"><\/td>\n<\/tr>\n<tr>\n<td class=\"tabrow1\"><\/td>\n<td class=\"tabrow1\" align=\"right\">16\/01\/2019<\/td>\n<td class=\"tabrow1\"><\/td>\n<td class=\"tabrow1\" align=\"right\"><img decoding=\"async\" title=\"NZL\" src=\"https:\/\/cqranking.com\/common\/flags\/NZL.gif\" alt=\"NZL\" border=\"1\" \/><\/td>\n<td class=\"tabrow1\"><\/td>\n<td class=\"tabrow1\">BEVIN Patrick<\/td>\n<td class=\"tabrow1\"><\/td>\n<td class=\"tabrow1\" align=\"left\">2.WT1s<\/td>\n<td class=\"tabrow1\"><\/td>\n<td class=\"tabrow1\" align=\"right\"><img decoding=\"async\" title=\"Aus\" src=\"https:\/\/cqranking.com\/common\/flags\/Aus.gif\" alt=\"Aus\" border=\"1\" \/><\/td>\n<td class=\"tabrow1\"><\/td>\n<td class=\"tabrow1\">Tour Down Under, Tappa 2 : Norwood &#8211; Angaston<\/td>\n<td class=\"tabrow1\"><\/td>\n<\/tr>\n<tr>\n<td class=\"tabrow2\"><\/td>\n<td class=\"tabrow2\" align=\"right\">4\/01\/2019<\/td>\n<td class=\"tabrow2\"><\/td>\n<td class=\"tabrow2\" align=\"right\"><img decoding=\"async\" title=\"NZL\" src=\"https:\/\/cqranking.com\/common\/flags\/NZL.gif\" alt=\"NZL\" border=\"1\" \/><\/td>\n<td class=\"tabrow2\"><\/td>\n<td class=\"tabrow2\">BEVIN Patrick<\/td>\n<td class=\"tabrow2\"><\/td>\n<td class=\"tabrow2\" align=\"left\">NCT3<\/td>\n<td class=\"tabrow2\"><\/td>\n<td class=\"tabrow2\" align=\"right\"><img decoding=\"async\" title=\"Nzl\" src=\"https:\/\/cqranking.com\/common\/flags\/Nzl.gif\" alt=\"Nzl\" border=\"1\" \/><\/td>\n<td class=\"tabrow2\"><\/td>\n<td class=\"tabrow2\">National Championships New Zealand (Napier) I.T.T.<\/td>\n<td class=\"tabrow2\"><\/td>\n<\/tr>\n<tr>\n<th class=\"tabheaderLTB\"><\/th>\n<th class=\"tabheaderTB\" colspan=\"11\" align=\"right\">Totale: 6<\/th>\n<th class=\"tabheaderRTB\"><\/th>\n<\/tr>\n<\/tbody>\n<\/table>\n<table border=\"0\" width=\"100%\" cellspacing=\"0\" cellpadding=\"2\">\n<tbody>\n<tr>\n<td width=\"2%\"><\/td>\n<td align=\"right\" width=\"8%\"><\/td>\n<td width=\"1%\"><\/td>\n<td align=\"center\" width=\"4%\"><\/td>\n<td width=\"1%\"><\/td>\n<td align=\"left\" width=\"22%\"><\/td>\n<td width=\"1%\"><\/td>\n<td align=\"left\" width=\"3%\"><\/td>\n<td width=\"1%\"><\/td>\n<td align=\"center\" width=\"4%\"><\/td>\n<td width=\"1%\"><\/td>\n<td align=\"left\"><\/td>\n<td width=\"2%\"><\/td>\n<\/tr>\n<tr>\n<th class=\"tabheaderLTB\" align=\"left\"><\/th>\n<th class=\"tabheaderTB\" colspan=\"10\" align=\"left\" valign=\"top\"><span style=\"font-size: medium;\">Secondi Posti<\/span><\/th>\n<th class=\"tabheaderRTB\" colspan=\"2\" align=\"left\"><\/th>\n<\/tr>\n<tr>\n<td class=\"tabrow1\"><\/td>\n<td class=\"tabrow1\" align=\"right\">3\/09\/2019<\/td>\n<td class=\"tabrow1\"><\/td>\n<td class=\"tabrow1\" align=\"right\"><img decoding=\"async\" title=\"NZL\" src=\"https:\/\/cqranking.com\/common\/flags\/NZL.gif\" alt=\"NZL\" border=\"1\" \/><\/td>\n<td class=\"tabrow1\"><\/td>\n<td class=\"tabrow1\">BEVIN Patrick<\/td>\n<td class=\"tabrow1\"><\/td>\n<td class=\"tabrow1\" align=\"left\">GT2s<\/td>\n<td class=\"tabrow1\"><\/td>\n<td class=\"tabrow1\" align=\"right\"><img decoding=\"async\" title=\"Esp\" src=\"https:\/\/cqranking.com\/common\/flags\/Esp.gif\" alt=\"Esp\" border=\"1\" \/><\/td>\n<td class=\"tabrow1\"><\/td>\n<td class=\"tabrow1\">Vuelta a Espa\u00f1a, Tappa 10 : Juran\u00e7on (FRA) &#8211; Pau (FRA) I.T.T.<\/td>\n<td class=\"tabrow1\"><\/td>\n<\/tr>\n<tr>\n<td class=\"tabrow2\"><\/td>\n<td class=\"tabrow2\" align=\"right\">18\/08\/2019<\/td>\n<td class=\"tabrow2\"><\/td>\n<td class=\"tabrow2\" align=\"right\"><img decoding=\"async\" title=\"BEL\" src=\"https:\/\/cqranking.com\/common\/flags\/BEL.gif\" alt=\"BEL\" border=\"1\" \/><\/td>\n<td class=\"tabrow2\"><\/td>\n<td class=\"tabrow2\">VAN AVERMAET Greg<\/td>\n<td class=\"tabrow2\"><\/td>\n<td class=\"tabrow2\" align=\"left\">2.WT2s<\/td>\n<td class=\"tabrow2\"><\/td>\n<td class=\"tabrow2\" align=\"right\"><img decoding=\"async\" title=\"Bel\" src=\"https:\/\/cqranking.com\/common\/flags\/Bel.gif\" alt=\"Bel\" border=\"1\" \/><\/td>\n<td class=\"tabrow2\"><\/td>\n<td class=\"tabrow2\">BinckBank Tour, Tappa 7 : Sint-Pieters-Leeuw &#8211; Geraardsbergen<\/td>\n<td class=\"tabrow2\"><\/td>\n<\/tr>\n<tr>\n<td class=\"tabrow1\"><\/td>\n<td class=\"tabrow1\" align=\"right\">3\/08\/2019<\/td>\n<td class=\"tabrow1\"><\/td>\n<td class=\"tabrow1\" align=\"right\"><img decoding=\"async\" title=\"BEL\" src=\"https:\/\/cqranking.com\/common\/flags\/BEL.gif\" alt=\"BEL\" border=\"1\" \/><\/td>\n<td class=\"tabrow1\"><\/td>\n<td class=\"tabrow1\">VAN AVERMAET Greg<\/td>\n<td class=\"tabrow1\"><\/td>\n<td class=\"tabrow1\" align=\"left\">1.WT2<\/td>\n<td class=\"tabrow1\"><\/td>\n<td class=\"tabrow1\" align=\"right\"><img decoding=\"async\" title=\"Esp\" src=\"https:\/\/cqranking.com\/common\/flags\/Esp.gif\" alt=\"Esp\" border=\"1\" \/><\/td>\n<td class=\"tabrow1\"><\/td>\n<td class=\"tabrow1\">Clasica San Sebastian<\/td>\n<td class=\"tabrow1\"><\/td>\n<\/tr>\n<tr>\n<td class=\"tabrow2\"><\/td>\n<td class=\"tabrow2\" align=\"right\">30\/07\/2019<\/td>\n<td class=\"tabrow2\"><\/td>\n<td class=\"tabrow2\" align=\"right\"><img decoding=\"async\" title=\"POL\" src=\"https:\/\/cqranking.com\/common\/flags\/POL.gif\" alt=\"POL\" border=\"1\" \/><\/td>\n<td class=\"tabrow2\"><\/td>\n<td class=\"tabrow2\">SAJNOK Szymon<\/td>\n<td class=\"tabrow2\"><\/td>\n<td class=\"tabrow2\" align=\"left\">2.HCs<\/td>\n<td class=\"tabrow2\"><\/td>\n<td class=\"tabrow2\" align=\"right\"><img decoding=\"async\" title=\"Bel\" src=\"https:\/\/cqranking.com\/common\/flags\/Bel.gif\" alt=\"Bel\" border=\"1\" \/><\/td>\n<td class=\"tabrow2\"><\/td>\n<td class=\"tabrow2\">Tour de Wallonie, Tappa 4 : Villers-le-Bouillet &#8211; Lierneux<\/td>\n<td class=\"tabrow2\"><\/td>\n<\/tr>\n<tr>\n<td class=\"tabrow1\"><\/td>\n<td class=\"tabrow1\" align=\"right\">11\/07\/2019<\/td>\n<td class=\"tabrow1\"><\/td>\n<td class=\"tabrow1\" align=\"right\"><img decoding=\"async\" title=\"GER\" src=\"https:\/\/cqranking.com\/common\/flags\/GER.gif\" alt=\"GER\" border=\"1\" \/><\/td>\n<td class=\"tabrow1\"><\/td>\n<td class=\"tabrow1\">KOCH Jonas<\/td>\n<td class=\"tabrow1\"><\/td>\n<td class=\"tabrow1\" align=\"left\">2.1s<\/td>\n<td class=\"tabrow1\"><\/td>\n<td class=\"tabrow1\" align=\"right\"><img decoding=\"async\" title=\"Aut\" src=\"https:\/\/cqranking.com\/common\/flags\/Aut.gif\" alt=\"Aut\" border=\"1\" \/><\/td>\n<td class=\"tabrow1\"><\/td>\n<td class=\"tabrow1\">\u00d6sterreich-Rundfahrt \/ Tour of Austria, Tappa 5 : Bruck &#8211; Kitzb\u00fchel<\/td>\n<td class=\"tabrow1\"><\/td>\n<\/tr>\n<tr>\n<td class=\"tabrow2\"><\/td>\n<td class=\"tabrow2\" align=\"right\">28\/06\/2019<\/td>\n<td class=\"tabrow2\"><\/td>\n<td class=\"tabrow2\" align=\"right\"><img decoding=\"async\" title=\"POL\" src=\"https:\/\/cqranking.com\/common\/flags\/POL.gif\" alt=\"POL\" border=\"1\" \/><\/td>\n<td class=\"tabrow2\"><\/td>\n<td class=\"tabrow2\">GRADEK Kamil<\/td>\n<td class=\"tabrow2\"><\/td>\n<td class=\"tabrow2\" align=\"left\">NCT3<\/td>\n<td class=\"tabrow2\"><\/td>\n<td class=\"tabrow2\" align=\"right\"><img decoding=\"async\" title=\"Pol\" src=\"https:\/\/cqranking.com\/common\/flags\/Pol.gif\" alt=\"Pol\" border=\"1\" \/><\/td>\n<td class=\"tabrow2\"><\/td>\n<td class=\"tabrow2\">National Championships Poland (Ostroda) I.T.T.<\/td>\n<td class=\"tabrow2\"><\/td>\n<\/tr>\n<tr>\n<td class=\"tabrow1\"><\/td>\n<td class=\"tabrow1\" align=\"right\">27\/06\/2019<\/td>\n<td class=\"tabrow1\"><\/td>\n<td class=\"tabrow1\" align=\"right\"><img decoding=\"async\" title=\"CZE\" src=\"https:\/\/cqranking.com\/common\/flags\/CZE.gif\" alt=\"CZE\" border=\"1\" \/><\/td>\n<td class=\"tabrow1\"><\/td>\n<td class=\"tabrow1\">CERNY Josef<\/td>\n<td class=\"tabrow1\"><\/td>\n<td class=\"tabrow1\" align=\"left\">NCT3<\/td>\n<td class=\"tabrow1\"><\/td>\n<td class=\"tabrow1\" align=\"right\"><img decoding=\"async\" title=\"Cze\" src=\"https:\/\/cqranking.com\/common\/flags\/Cze.gif\" alt=\"Cze\" border=\"1\" \/><\/td>\n<td class=\"tabrow1\"><\/td>\n<td class=\"tabrow1\">National Championships Czech Republic (Trnava,SVK) I.T.T.<\/td>\n<td class=\"tabrow1\"><\/td>\n<\/tr>\n<tr>\n<td class=\"tabrow2\"><\/td>\n<td class=\"tabrow2\" align=\"right\">14\/06\/2019<\/td>\n<td class=\"tabrow2\"><\/td>\n<td class=\"tabrow2\" align=\"right\"><img decoding=\"async\" title=\"BEL\" src=\"https:\/\/cqranking.com\/common\/flags\/BEL.gif\" alt=\"BEL\" border=\"1\" \/><\/td>\n<td class=\"tabrow2\"><\/td>\n<td class=\"tabrow2\">VAN HOOYDONCK Nathan<\/td>\n<td class=\"tabrow2\"><\/td>\n<td class=\"tabrow2\" align=\"left\">2.HCs<\/td>\n<td class=\"tabrow2\"><\/td>\n<td class=\"tabrow2\" align=\"right\"><img decoding=\"async\" title=\"Bel\" src=\"https:\/\/cqranking.com\/common\/flags\/Bel.gif\" alt=\"Bel\" border=\"1\" \/><\/td>\n<td class=\"tabrow2\"><\/td>\n<td class=\"tabrow2\">Belgium Tour, Tappa 3 : Grimbergen I.T.T.<\/td>\n<td class=\"tabrow2\"><\/td>\n<\/tr>\n<tr>\n<td class=\"tabrow1\"><\/td>\n<td class=\"tabrow1\" align=\"right\">7\/06\/2019<\/td>\n<td class=\"tabrow1\"><\/td>\n<td class=\"tabrow1\" align=\"right\"><img decoding=\"async\" title=\"Pol\" src=\"https:\/\/cqranking.com\/common\/flags\/Pol.gif\" alt=\"Pol\" border=\"1\" \/><\/td>\n<td class=\"tabrow1\"><\/td>\n<td class=\"tabrow1\">CCC Team<\/td>\n<td class=\"tabrow1\"><\/td>\n<td class=\"tabrow1\" align=\"left\">2.1s<\/td>\n<td class=\"tabrow1\"><\/td>\n<td class=\"tabrow1\" align=\"right\"><img decoding=\"async\" title=\"Ned\" src=\"https:\/\/cqranking.com\/common\/flags\/Ned.gif\" alt=\"Ned\" border=\"1\" \/><\/td>\n<td class=\"tabrow1\"><\/td>\n<td class=\"tabrow1\">Hammer Series Limburg, Tappa 1 : Vaalserberg, Hammer climb<\/td>\n<td class=\"tabrow1\"><\/td>\n<\/tr>\n<tr>\n<td class=\"tabrow2\"><\/td>\n<td class=\"tabrow2\" align=\"right\">5\/05\/2019<\/td>\n<td class=\"tabrow2\"><\/td>\n<td class=\"tabrow2\" align=\"right\"><img decoding=\"async\" title=\"BEL\" src=\"https:\/\/cqranking.com\/common\/flags\/BEL.gif\" alt=\"BEL\" border=\"1\" \/><\/td>\n<td class=\"tabrow2\"><\/td>\n<td class=\"tabrow2\">VAN AVERMAET Greg<\/td>\n<td class=\"tabrow2\"><\/td>\n<td class=\"tabrow2\" align=\"left\">2.HC<\/td>\n<td class=\"tabrow2\"><\/td>\n<td class=\"tabrow2\" align=\"right\"><img decoding=\"async\" title=\"Gbr\" src=\"https:\/\/cqranking.com\/common\/flags\/Gbr.gif\" alt=\"Gbr\" border=\"1\" \/><\/td>\n<td class=\"tabrow2\"><\/td>\n<td class=\"tabrow2\">Tour de Yorkshire<\/td>\n<td class=\"tabrow2\"><\/td>\n<\/tr>\n<tr>\n<td class=\"tabrow1\"><\/td>\n<td class=\"tabrow1\" align=\"right\">14\/03\/2019<\/td>\n<td class=\"tabrow1\"><\/td>\n<td class=\"tabrow1\" align=\"right\"><img decoding=\"async\" title=\"BEL\" src=\"https:\/\/cqranking.com\/common\/flags\/BEL.gif\" alt=\"BEL\" border=\"1\" \/><\/td>\n<td class=\"tabrow1\"><\/td>\n<td class=\"tabrow1\">VAN AVERMAET Greg<\/td>\n<td class=\"tabrow1\"><\/td>\n<td class=\"tabrow1\" align=\"left\">2.WT1s<\/td>\n<td class=\"tabrow1\"><\/td>\n<td class=\"tabrow1\" align=\"right\"><img decoding=\"async\" title=\"Ita\" src=\"https:\/\/cqranking.com\/common\/flags\/Ita.gif\" alt=\"Ita\" border=\"1\" \/><\/td>\n<td class=\"tabrow1\"><\/td>\n<td class=\"tabrow1\">Tirreno &#8211; Adriatico, Tappa 2 : Camaiore &#8211; Pomarance<\/td>\n<td class=\"tabrow1\"><\/td>\n<\/tr>\n<tr>\n<td class=\"tabrow2\"><\/td>\n<td class=\"tabrow2\" align=\"right\">2\/03\/2019<\/td>\n<td class=\"tabrow2\"><\/td>\n<td class=\"tabrow2\" align=\"right\"><img decoding=\"async\" title=\"BEL\" src=\"https:\/\/cqranking.com\/common\/flags\/BEL.gif\" alt=\"BEL\" border=\"1\" \/><\/td>\n<td class=\"tabrow2\"><\/td>\n<td class=\"tabrow2\">VAN AVERMAET Greg<\/td>\n<td class=\"tabrow2\"><\/td>\n<td class=\"tabrow2\" align=\"left\">1.WT3<\/td>\n<td class=\"tabrow2\"><\/td>\n<td class=\"tabrow2\" align=\"right\"><img decoding=\"async\" title=\"Bel\" src=\"https:\/\/cqranking.com\/common\/flags\/Bel.gif\" alt=\"Bel\" border=\"1\" \/><\/td>\n<td class=\"tabrow2\"><\/td>\n<td class=\"tabrow2\">Omloop Het Nieuwsblad<\/td>\n<td class=\"tabrow2\"><\/td>\n<\/tr>\n<tr>\n<td class=\"tabrow1\"><\/td>\n<td class=\"tabrow1\" align=\"right\">19\/02\/2019<\/td>\n<td class=\"tabrow1\"><\/td>\n<td class=\"tabrow1\" align=\"right\"><img decoding=\"async\" title=\"BEL\" src=\"https:\/\/cqranking.com\/common\/flags\/BEL.gif\" alt=\"BEL\" border=\"1\" \/><\/td>\n<td class=\"tabrow1\"><\/td>\n<td class=\"tabrow1\">VAN AVERMAET Greg<\/td>\n<td class=\"tabrow1\"><\/td>\n<td class=\"tabrow1\" align=\"left\">2.HCs<\/td>\n<td class=\"tabrow1\"><\/td>\n<td class=\"tabrow1\" align=\"right\"><img decoding=\"async\" title=\"Oma\" src=\"https:\/\/cqranking.com\/common\/flags\/Oma.gif\" alt=\"Oma\" border=\"1\" \/><\/td>\n<td class=\"tabrow1\"><\/td>\n<td class=\"tabrow1\">Tour of Oman, Tappa 4 : As Sifah &#8211; Muscat<\/td>\n<td class=\"tabrow1\"><\/td>\n<\/tr>\n<tr>\n<td class=\"tabrow2\"><\/td>\n<td class=\"tabrow2\" align=\"right\">18\/01\/2019<\/td>\n<td class=\"tabrow2\"><\/td>\n<td class=\"tabrow2\" align=\"right\"><img decoding=\"async\" title=\"NZL\" src=\"https:\/\/cqranking.com\/common\/flags\/NZL.gif\" alt=\"NZL\" border=\"1\" \/><\/td>\n<td class=\"tabrow2\"><\/td>\n<td class=\"tabrow2\">BEVIN Patrick<\/td>\n<td class=\"tabrow2\"><\/td>\n<td class=\"tabrow2\" align=\"left\">2.WT1s<\/td>\n<td class=\"tabrow2\"><\/td>\n<td class=\"tabrow2\" align=\"right\"><img decoding=\"async\" title=\"Aus\" src=\"https:\/\/cqranking.com\/common\/flags\/Aus.gif\" alt=\"Aus\" border=\"1\" \/><\/td>\n<td class=\"tabrow2\"><\/td>\n<td class=\"tabrow2\">Tour Down Under, Tappa 4 : Unley &#8211; Campbelltown<\/td>\n<td class=\"tabrow2\"><\/td>\n<\/tr>\n<tr>\n<th class=\"tabheaderLTB\"><\/th>\n<th class=\"tabheaderTB\" colspan=\"11\" align=\"right\">Totale: 14<\/th>\n<th class=\"tabheaderRTB\"><\/th>\n<\/tr>\n<\/tbody>\n<\/table>\n<table border=\"0\" width=\"100%\" cellspacing=\"0\" cellpadding=\"2\">\n<tbody>\n<tr>\n<td width=\"2%\"><\/td>\n<td align=\"right\" width=\"8%\"><\/td>\n<td width=\"1%\"><\/td>\n<td align=\"center\" width=\"4%\"><\/td>\n<td width=\"1%\"><\/td>\n<td align=\"left\" width=\"22%\"><\/td>\n<td width=\"1%\"><\/td>\n<td align=\"left\" width=\"3%\"><\/td>\n<td width=\"1%\"><\/td>\n<td align=\"center\" width=\"4%\"><\/td>\n<td width=\"1%\"><\/td>\n<td align=\"left\"><\/td>\n<td width=\"2%\"><\/td>\n<\/tr>\n<tr>\n<th class=\"tabheaderLTB\" align=\"left\"><\/th>\n<th class=\"tabheaderTB\" colspan=\"10\" align=\"left\" valign=\"top\"><span style=\"font-size: medium;\">Terzi Posti<\/span><\/th>\n<th class=\"tabheaderRTB\" colspan=\"2\" align=\"left\"><\/th>\n<\/tr>\n<tr>\n<td class=\"tabrow1\"><\/td>\n<td class=\"tabrow1\" align=\"right\">6\/10\/2019<\/td>\n<td class=\"tabrow1\"><\/td>\n<td class=\"tabrow1\" align=\"right\"><img decoding=\"async\" title=\"ESP\" src=\"https:\/\/cqranking.com\/common\/flags\/ESP.gif\" alt=\"ESP\" border=\"1\" \/><\/td>\n<td class=\"tabrow1\"><\/td>\n<td class=\"tabrow1\">DE LA PARTE GONZALEZ Victor<\/td>\n<td class=\"tabrow1\"><\/td>\n<td class=\"tabrow1\" align=\"left\">2.1<\/td>\n<td class=\"tabrow1\"><\/td>\n<td class=\"tabrow1\" align=\"right\"><img decoding=\"async\" title=\"Cro\" src=\"https:\/\/cqranking.com\/common\/flags\/Cro.gif\" alt=\"Cro\" border=\"1\" \/><\/td>\n<td class=\"tabrow1\"><\/td>\n<td class=\"tabrow1\">CRO-race<\/td>\n<td class=\"tabrow1\"><\/td>\n<\/tr>\n<tr>\n<td class=\"tabrow2\"><\/td>\n<td class=\"tabrow2\" align=\"right\">5\/10\/2019<\/td>\n<td class=\"tabrow2\"><\/td>\n<td class=\"tabrow2\" align=\"right\"><img decoding=\"async\" title=\"ESP\" src=\"https:\/\/cqranking.com\/common\/flags\/ESP.gif\" alt=\"ESP\" border=\"1\" \/><\/td>\n<td class=\"tabrow2\"><\/td>\n<td class=\"tabrow2\">DE LA PARTE GONZALEZ Victor<\/td>\n<td class=\"tabrow2\"><\/td>\n<td class=\"tabrow2\" align=\"left\">2.1s<\/td>\n<td class=\"tabrow2\"><\/td>\n<td class=\"tabrow2\" align=\"right\"><img decoding=\"async\" title=\"Cro\" src=\"https:\/\/cqranking.com\/common\/flags\/Cro.gif\" alt=\"Cro\" border=\"1\" \/><\/td>\n<td class=\"tabrow2\"><\/td>\n<td class=\"tabrow2\">CRO-race, Tappa 5 : Rabac &#8211; Platak<\/td>\n<td class=\"tabrow2\"><\/td>\n<\/tr>\n<tr>\n<td class=\"tabrow1\"><\/td>\n<td class=\"tabrow1\" align=\"right\">15\/09\/2019<\/td>\n<td class=\"tabrow1\"><\/td>\n<td class=\"tabrow1\" align=\"right\"><img decoding=\"async\" title=\"POL\" src=\"https:\/\/cqranking.com\/common\/flags\/POL.gif\" alt=\"POL\" border=\"1\" \/><\/td>\n<td class=\"tabrow1\"><\/td>\n<td class=\"tabrow1\">SAJNOK Szymon<\/td>\n<td class=\"tabrow1\"><\/td>\n<td class=\"tabrow1\" align=\"left\">GT2s<\/td>\n<td class=\"tabrow1\"><\/td>\n<td class=\"tabrow1\" align=\"right\"><img decoding=\"async\" title=\"Esp\" src=\"https:\/\/cqranking.com\/common\/flags\/Esp.gif\" alt=\"Esp\" border=\"1\" \/><\/td>\n<td class=\"tabrow1\"><\/td>\n<td class=\"tabrow1\">Vuelta a Espa\u00f1a, Tappa 21 : Fuenlabrada &#8211; Madrid<\/td>\n<td class=\"tabrow1\"><\/td>\n<\/tr>\n<tr>\n<td class=\"tabrow2\"><\/td>\n<td class=\"tabrow2\" align=\"right\">13\/09\/2019<\/td>\n<td class=\"tabrow2\"><\/td>\n<td class=\"tabrow2\" align=\"right\"><img decoding=\"async\" title=\"BEL\" src=\"https:\/\/cqranking.com\/common\/flags\/BEL.gif\" alt=\"BEL\" border=\"1\" \/><\/td>\n<td class=\"tabrow2\"><\/td>\n<td class=\"tabrow2\">VAN AVERMAET Greg<\/td>\n<td class=\"tabrow2\"><\/td>\n<td class=\"tabrow2\" align=\"left\">1.WT2<\/td>\n<td class=\"tabrow2\"><\/td>\n<td class=\"tabrow2\" align=\"right\"><img decoding=\"async\" title=\"Can\" src=\"https:\/\/cqranking.com\/common\/flags\/Can.gif\" alt=\"Can\" border=\"1\" \/><\/td>\n<td class=\"tabrow2\"><\/td>\n<td class=\"tabrow2\">GP de Qu\u00e9bec<\/td>\n<td class=\"tabrow2\"><\/td>\n<\/tr>\n<tr>\n<td class=\"tabrow1\"><\/td>\n<td class=\"tabrow1\" align=\"right\">27\/07\/2019<\/td>\n<td class=\"tabrow1\"><\/td>\n<td class=\"tabrow1\" align=\"right\"><img decoding=\"async\" title=\"ITA\" src=\"https:\/\/cqranking.com\/common\/flags\/ITA.gif\" alt=\"ITA\" border=\"1\" \/><\/td>\n<td class=\"tabrow1\"><\/td>\n<td class=\"tabrow1\">MARECZKO Jakub<\/td>\n<td class=\"tabrow1\"><\/td>\n<td class=\"tabrow1\" align=\"left\">2.HCs<\/td>\n<td class=\"tabrow1\"><\/td>\n<td class=\"tabrow1\" align=\"right\"><img decoding=\"async\" title=\"Bel\" src=\"https:\/\/cqranking.com\/common\/flags\/Bel.gif\" alt=\"Bel\" border=\"1\" \/><\/td>\n<td class=\"tabrow1\"><\/td>\n<td class=\"tabrow1\">Tour de Wallonie, Tappa 1 : Le Roeulx &#8211; Dottignies<\/td>\n<td class=\"tabrow1\"><\/td>\n<\/tr>\n<tr>\n<td class=\"tabrow2\"><\/td>\n<td class=\"tabrow2\" align=\"right\">25\/07\/2019<\/td>\n<td class=\"tabrow2\"><\/td>\n<td class=\"tabrow2\" align=\"right\"><img decoding=\"async\" title=\"ITA\" src=\"https:\/\/cqranking.com\/common\/flags\/ITA.gif\" alt=\"ITA\" border=\"1\" \/><\/td>\n<td class=\"tabrow2\"><\/td>\n<td class=\"tabrow2\">MARECZKO Jakub<\/td>\n<td class=\"tabrow2\"><\/td>\n<td class=\"tabrow2\" align=\"left\">1.1<\/td>\n<td class=\"tabrow2\"><\/td>\n<td class=\"tabrow2\" align=\"right\"><img decoding=\"async\" title=\"Bel\" src=\"https:\/\/cqranking.com\/common\/flags\/Bel.gif\" alt=\"Bel\" border=\"1\" \/><\/td>\n<td class=\"tabrow2\"><\/td>\n<td class=\"tabrow2\">GP Pino Cerami<\/td>\n<td class=\"tabrow2\"><\/td>\n<\/tr>\n<tr>\n<td class=\"tabrow1\"><\/td>\n<td class=\"tabrow1\" align=\"right\">24\/07\/2019<\/td>\n<td class=\"tabrow1\"><\/td>\n<td class=\"tabrow1\" align=\"right\"><img decoding=\"async\" title=\"BEL\" src=\"https:\/\/cqranking.com\/common\/flags\/BEL.gif\" alt=\"BEL\" border=\"1\" \/><\/td>\n<td class=\"tabrow1\"><\/td>\n<td class=\"tabrow1\">VAN AVERMAET Greg<\/td>\n<td class=\"tabrow1\"><\/td>\n<td class=\"tabrow1\" align=\"left\">GT1s<\/td>\n<td class=\"tabrow1\"><\/td>\n<td class=\"tabrow1\" align=\"right\"><img decoding=\"async\" title=\"Fra\" src=\"https:\/\/cqranking.com\/common\/flags\/Fra.gif\" alt=\"Fra\" border=\"1\" \/><\/td>\n<td class=\"tabrow1\"><\/td>\n<td class=\"tabrow1\">Tour de France, Tappa 17 : Pont-du-Gard &#8211; Gap<\/td>\n<td class=\"tabrow1\"><\/td>\n<\/tr>\n<tr>\n<td class=\"tabrow2\"><\/td>\n<td class=\"tabrow2\" align=\"right\">9\/07\/2019<\/td>\n<td class=\"tabrow2\"><\/td>\n<td class=\"tabrow2\" align=\"right\"><img decoding=\"async\" title=\"GER\" src=\"https:\/\/cqranking.com\/common\/flags\/GER.gif\" alt=\"GER\" border=\"1\" \/><\/td>\n<td class=\"tabrow2\"><\/td>\n<td class=\"tabrow2\">KOCH Jonas<\/td>\n<td class=\"tabrow2\"><\/td>\n<td class=\"tabrow2\" align=\"left\">2.1s<\/td>\n<td class=\"tabrow2\"><\/td>\n<td class=\"tabrow2\" align=\"right\"><img decoding=\"async\" title=\"Aut\" src=\"https:\/\/cqranking.com\/common\/flags\/Aut.gif\" alt=\"Aut\" border=\"1\" \/><\/td>\n<td class=\"tabrow2\"><\/td>\n<td class=\"tabrow2\">\u00d6sterreich-Rundfahrt \/ Tour of Austria, Tappa 3 : Kirchschlag &#8211; Frohnleiten<\/td>\n<td class=\"tabrow2\"><\/td>\n<\/tr>\n<tr>\n<td class=\"tabrow1\"><\/td>\n<td class=\"tabrow1\" align=\"right\">8\/07\/2019<\/td>\n<td class=\"tabrow1\"><\/td>\n<td class=\"tabrow1\" align=\"right\"><img decoding=\"async\" title=\"GER\" src=\"https:\/\/cqranking.com\/common\/flags\/GER.gif\" alt=\"GER\" border=\"1\" \/><\/td>\n<td class=\"tabrow1\"><\/td>\n<td class=\"tabrow1\">KOCH Jonas<\/td>\n<td class=\"tabrow1\"><\/td>\n<td class=\"tabrow1\" align=\"left\">2.1s<\/td>\n<td class=\"tabrow1\"><\/td>\n<td class=\"tabrow1\" align=\"right\"><img decoding=\"async\" title=\"Aut\" src=\"https:\/\/cqranking.com\/common\/flags\/Aut.gif\" alt=\"Aut\" border=\"1\" \/><\/td>\n<td class=\"tabrow1\"><\/td>\n<td class=\"tabrow1\">\u00d6sterreich-Rundfahrt \/ Tour of Austria, Tappa 2 : Zwettl &#8211; Wiener Neustadt<\/td>\n<td class=\"tabrow1\"><\/td>\n<\/tr>\n<tr>\n<td class=\"tabrow2\"><\/td>\n<td class=\"tabrow2\" align=\"right\">28\/06\/2019<\/td>\n<td class=\"tabrow2\"><\/td>\n<td class=\"tabrow2\" align=\"right\"><img decoding=\"async\" title=\"ITA\" src=\"https:\/\/cqranking.com\/common\/flags\/ITA.gif\" alt=\"ITA\" border=\"1\" \/><\/td>\n<td class=\"tabrow2\"><\/td>\n<td class=\"tabrow2\">DE MARCHI Alessandro<\/td>\n<td class=\"tabrow2\"><\/td>\n<td class=\"tabrow2\" align=\"left\">NCT1<\/td>\n<td class=\"tabrow2\"><\/td>\n<td class=\"tabrow2\" align=\"right\"><img decoding=\"async\" title=\"Ita\" src=\"https:\/\/cqranking.com\/common\/flags\/Ita.gif\" alt=\"Ita\" border=\"1\" \/><\/td>\n<td class=\"tabrow2\"><\/td>\n<td class=\"tabrow2\">National Championships Italy (Bedonia) I.T.T.<\/td>\n<td class=\"tabrow2\"><\/td>\n<\/tr>\n<tr>\n<td class=\"tabrow1\"><\/td>\n<td class=\"tabrow1\" align=\"right\">14\/06\/2019<\/td>\n<td class=\"tabrow1\"><\/td>\n<td class=\"tabrow1\" align=\"right\"><img decoding=\"async\" title=\"ITA\" src=\"https:\/\/cqranking.com\/common\/flags\/ITA.gif\" alt=\"ITA\" border=\"1\" \/><\/td>\n<td class=\"tabrow1\"><\/td>\n<td class=\"tabrow1\">DE MARCHI Alessandro<\/td>\n<td class=\"tabrow1\"><\/td>\n<td class=\"tabrow1\" align=\"left\">2.WT1s<\/td>\n<td class=\"tabrow1\"><\/td>\n<td class=\"tabrow1\" align=\"right\"><img decoding=\"async\" title=\"Fra\" src=\"https:\/\/cqranking.com\/common\/flags\/Fra.gif\" alt=\"Fra\" border=\"1\" \/><\/td>\n<td class=\"tabrow1\"><\/td>\n<td class=\"tabrow1\">Crit\u00e9rium du Dauphin\u00e9, Tappa 6 : Saint-Vulbas &#8211; Saint-Michel-de-Maurienne<\/td>\n<td class=\"tabrow1\"><\/td>\n<\/tr>\n<tr>\n<td class=\"tabrow2\"><\/td>\n<td class=\"tabrow2\" align=\"right\">31\/05\/2019<\/td>\n<td class=\"tabrow2\"><\/td>\n<td class=\"tabrow2\" align=\"right\"><img decoding=\"async\" title=\"POR\" src=\"https:\/\/cqranking.com\/common\/flags\/POR.gif\" alt=\"POR\" border=\"1\" \/><\/td>\n<td class=\"tabrow2\"><\/td>\n<td class=\"tabrow2\">ANTUNES Amaro Manuel Reposo<\/td>\n<td class=\"tabrow2\"><\/td>\n<td class=\"tabrow2\" align=\"left\">GT2s<\/td>\n<td class=\"tabrow2\"><\/td>\n<td class=\"tabrow2\" align=\"right\"><img decoding=\"async\" title=\"Ita\" src=\"https:\/\/cqranking.com\/common\/flags\/Ita.gif\" alt=\"Ita\" border=\"1\" \/><\/td>\n<td class=\"tabrow2\"><\/td>\n<td class=\"tabrow2\">Giro d&#8217;Italia, Tappa 19 : Treviso &#8211; San Martino di Castrozza<\/td>\n<td class=\"tabrow2\"><\/td>\n<\/tr>\n<tr>\n<td class=\"tabrow1\"><\/td>\n<td class=\"tabrow1\" align=\"right\">14\/05\/2019<\/td>\n<td class=\"tabrow1\"><\/td>\n<td class=\"tabrow1\" align=\"right\"><img decoding=\"async\" title=\"GER\" src=\"https:\/\/cqranking.com\/common\/flags\/GER.gif\" alt=\"GER\" border=\"1\" \/><\/td>\n<td class=\"tabrow1\"><\/td>\n<td class=\"tabrow1\">GESCHKE Simon<\/td>\n<td class=\"tabrow1\"><\/td>\n<td class=\"tabrow1\" align=\"left\">2.WT3s<\/td>\n<td class=\"tabrow1\"><\/td>\n<td class=\"tabrow1\" align=\"right\"><img decoding=\"async\" title=\"Usa\" src=\"https:\/\/cqranking.com\/common\/flags\/Usa.gif\" alt=\"Usa\" border=\"1\" \/><\/td>\n<td class=\"tabrow1\"><\/td>\n<td class=\"tabrow1\">Tour of California, Tappa 3 : Stockton &#8211; Morgan Hill<\/td>\n<td class=\"tabrow1\"><\/td>\n<\/tr>\n<tr>\n<td class=\"tabrow2\"><\/td>\n<td class=\"tabrow2\" align=\"right\">4\/05\/2019<\/td>\n<td class=\"tabrow2\"><\/td>\n<td class=\"tabrow2\" align=\"right\"><img decoding=\"async\" title=\"BEL\" src=\"https:\/\/cqranking.com\/common\/flags\/BEL.gif\" alt=\"BEL\" border=\"1\" \/><\/td>\n<td class=\"tabrow2\"><\/td>\n<td class=\"tabrow2\">VAN AVERMAET Greg<\/td>\n<td class=\"tabrow2\"><\/td>\n<td class=\"tabrow2\" align=\"left\">2.HCs<\/td>\n<td class=\"tabrow2\"><\/td>\n<td class=\"tabrow2\" align=\"right\"><img decoding=\"async\" title=\"Gbr\" src=\"https:\/\/cqranking.com\/common\/flags\/Gbr.gif\" alt=\"Gbr\" border=\"1\" \/><\/td>\n<td class=\"tabrow2\"><\/td>\n<td class=\"tabrow2\">Tour de Yorkshire, Tappa 3 : Bridlington &#8211; Scarborough<\/td>\n<td class=\"tabrow2\"><\/td>\n<\/tr>\n<tr>\n<td class=\"tabrow1\"><\/td>\n<td class=\"tabrow1\" align=\"right\">29\/03\/2019<\/td>\n<td class=\"tabrow1\"><\/td>\n<td class=\"tabrow1\" align=\"right\"><img decoding=\"async\" title=\"BEL\" src=\"https:\/\/cqranking.com\/common\/flags\/BEL.gif\" alt=\"BEL\" border=\"1\" \/><\/td>\n<td class=\"tabrow1\"><\/td>\n<td class=\"tabrow1\">VAN AVERMAET Greg<\/td>\n<td class=\"tabrow1\"><\/td>\n<td class=\"tabrow1\" align=\"left\">1.WT2<\/td>\n<td class=\"tabrow1\"><\/td>\n<td class=\"tabrow1\" align=\"right\"><img decoding=\"async\" title=\"Bel\" src=\"https:\/\/cqranking.com\/common\/flags\/Bel.gif\" alt=\"Bel\" border=\"1\" \/><\/td>\n<td class=\"tabrow1\"><\/td>\n<td class=\"tabrow1\">E3 Harelbeke<\/td>\n<td class=\"tabrow1\"><\/td>\n<\/tr>\n<tr>\n<td class=\"tabrow2\"><\/td>\n<td class=\"tabrow2\" align=\"right\">18\/02\/2019<\/td>\n<td class=\"tabrow2\"><\/td>\n<td class=\"tabrow2\" align=\"right\"><img decoding=\"async\" title=\"BEL\" src=\"https:\/\/cqranking.com\/common\/flags\/BEL.gif\" alt=\"BEL\" border=\"1\" \/><\/td>\n<td class=\"tabrow2\"><\/td>\n<td class=\"tabrow2\">VAN AVERMAET Greg<\/td>\n<td class=\"tabrow2\"><\/td>\n<td class=\"tabrow2\" align=\"left\">2.HCs<\/td>\n<td class=\"tabrow2\"><\/td>\n<td class=\"tabrow2\" align=\"right\"><img decoding=\"async\" title=\"Oma\" src=\"https:\/\/cqranking.com\/common\/flags\/Oma.gif\" alt=\"Oma\" border=\"1\" \/><\/td>\n<td class=\"tabrow2\"><\/td>\n<td class=\"tabrow2\">Tour of Oman, Tappa 3 : Shati al Qurum &#8211; Quriyat<\/td>\n<td class=\"tabrow2\"><\/td>\n<\/tr>\n<tr>\n<td class=\"tabrow1\"><\/td>\n<td class=\"tabrow1\" align=\"right\">15\/01\/2019<\/td>\n<td class=\"tabrow1\"><\/td>\n<td class=\"tabrow1\" align=\"right\"><img decoding=\"async\" title=\"ITA\" src=\"https:\/\/cqranking.com\/common\/flags\/ITA.gif\" alt=\"ITA\" border=\"1\" \/><\/td>\n<td class=\"tabrow1\"><\/td>\n<td class=\"tabrow1\">MARECZKO Jakub<\/td>\n<td class=\"tabrow1\"><\/td>\n<td class=\"tabrow1\" align=\"left\">2.WT1s<\/td>\n<td class=\"tabrow1\"><\/td>\n<td class=\"tabrow1\" align=\"right\"><img decoding=\"async\" title=\"Aus\" src=\"https:\/\/cqranking.com\/common\/flags\/Aus.gif\" alt=\"Aus\" border=\"1\" \/><\/td>\n<td class=\"tabrow1\"><\/td>\n<td class=\"tabrow1\">Tour Down Under, Tappa 1 : Barnsley &#8211; Bedale<\/td>\n<td class=\"tabrow1\"><\/td>\n<\/tr>\n<tr>\n<th class=\"tabheaderLTB\"><\/th>\n<th class=\"tabheaderTB\" colspan=\"11\" align=\"right\">Totale: 17<\/th>\n<th class=\"tabheaderRTB\"><\/th>\n<\/tr>\n<\/tbody>\n<\/table>\n","protected":false},"excerpt":{"rendered":"<p>Il 2019 ha rappresentato la stagione del debutto nella massima divisione per il\u00a0CCC Team. La squadra polacca, che ha raccolto l&#8217;eredit\u00e0 della BMC integrando all&#8217;interno del proprio organico alcuni corridori provenienti dalla CCC Sprandi Polkowice, ha da subito ammesso di non avere le possibilit\u00e0 di fare classifica nei Grandi Giri, non avendo al suo interno &hellip;<\/p>\n","protected":false},"author":33,"featured_media":76779,"comment_status":"open","ping_status":"open","sticky":false,"template":"","format":"standard","meta":{"footnotes":""},"categories":[19,21,25],"tags":[2176],"class_list":["post-109476","post","type-post","status-publish","format-standard","has-post-thumbnail","hentry","category-topflop","category-vetrina","category-worldtour","tag-ccc-racing-team-2019"],"yoast_head":"<!-- This site is optimized with the Yoast SEO plugin v27.4 - https:\/\/yoast.com\/product\/yoast-seo-wordpress\/ -->\n<title>Bilancio Squadre 2019: CCC Team - SpazioCiclismo<\/title>\n<meta name=\"robots\" content=\"index, follow, max-snippet:-1, max-image-preview:large, max-video-preview:-1\" \/>\n<link rel=\"canonical\" href=\"https:\/\/cyclingpro.net\/spaziociclismo\/topflop\/bilancio-squadre-2019-ccc-team\/\" \/>\n<meta property=\"og:locale\" content=\"it_IT\" \/>\n<meta property=\"og:type\" content=\"article\" \/>\n<meta property=\"og:title\" content=\"Bilancio Squadre 2019: CCC Team - SpazioCiclismo\" \/>\n<meta property=\"og:description\" content=\"Il 2019 ha rappresentato la stagione del debutto nella massima divisione per il\u00a0CCC Team. La squadra polacca, che ha raccolto l&#8217;eredit\u00e0 della BMC integrando all&#8217;interno del proprio organico alcuni corridori provenienti dalla CCC Sprandi Polkowice, ha da subito ammesso di non avere le possibilit\u00e0 di fare classifica nei Grandi Giri, non avendo al suo interno &hellip;\" \/>\n<meta property=\"og:url\" content=\"https:\/\/cyclingpro.net\/spaziociclismo\/topflop\/bilancio-squadre-2019-ccc-team\/\" \/>\n<meta property=\"og:site_name\" content=\"SpazioCiclismo\" \/>\n<meta property=\"article:publisher\" content=\"https:\/\/www.facebook.com\/SpazioCiclismo\/\" \/>\n<meta property=\"article:published_time\" content=\"2019-11-19T13:00:09+00:00\" \/>\n<meta property=\"article:modified_time\" content=\"2019-11-19T13:31:17+00:00\" \/>\n<meta property=\"og:image\" content=\"https:\/\/i0.wp.com\/cyclingpro.net\/spaziociclismo\/wp-content\/uploads\/2019\/01\/AP6I3704.jpg?fit=1050%2C700&ssl=1\" \/>\n\t<meta property=\"og:image:width\" content=\"1050\" \/>\n\t<meta property=\"og:image:height\" content=\"700\" \/>\n\t<meta property=\"og:image:type\" content=\"image\/jpeg\" \/>\n<meta name=\"author\" content=\"Michele Carpani\" \/>\n<meta name=\"twitter:card\" content=\"summary_large_image\" \/>\n<meta name=\"twitter:creator\" content=\"@spaziociclismo\" \/>\n<meta name=\"twitter:site\" content=\"@spaziociclismo\" \/>\n<meta name=\"twitter:label1\" content=\"Scritto da\" \/>\n\t<meta name=\"twitter:data1\" content=\"Michele Carpani\" \/>\n\t<meta name=\"twitter:label2\" content=\"Tempo di lettura stimato\" \/>\n\t<meta name=\"twitter:data2\" content=\"7 minuti\" \/>\n<script type=\"application\/ld+json\" class=\"yoast-schema-graph\">{\"@context\":\"https:\\\/\\\/schema.org\",\"@graph\":[{\"@type\":\"Article\",\"@id\":\"https:\\\/\\\/cyclingpro.net\\\/spaziociclismo\\\/topflop\\\/bilancio-squadre-2019-ccc-team\\\/#article\",\"isPartOf\":{\"@id\":\"https:\\\/\\\/cyclingpro.net\\\/spaziociclismo\\\/topflop\\\/bilancio-squadre-2019-ccc-team\\\/\"},\"author\":{\"name\":\"Michele Carpani\",\"@id\":\"https:\\\/\\\/cyclingpro.net\\\/spaziociclismo\\\/#\\\/schema\\\/person\\\/fbcea3b47035c101a8b1a9cac6365718\"},\"headline\":\"Bilancio Squadre 2019: CCC Team\",\"datePublished\":\"2019-11-19T13:00:09+00:00\",\"dateModified\":\"2019-11-19T13:31:17+00:00\",\"mainEntityOfPage\":{\"@id\":\"https:\\\/\\\/cyclingpro.net\\\/spaziociclismo\\\/topflop\\\/bilancio-squadre-2019-ccc-team\\\/\"},\"wordCount\":1509,\"commentCount\":0,\"publisher\":{\"@id\":\"https:\\\/\\\/cyclingpro.net\\\/spaziociclismo\\\/#organization\"},\"image\":{\"@id\":\"https:\\\/\\\/cyclingpro.net\\\/spaziociclismo\\\/topflop\\\/bilancio-squadre-2019-ccc-team\\\/#primaryimage\"},\"thumbnailUrl\":\"https:\\\/\\\/cyclingpro.net\\\/spaziociclismo\\\/wp-content\\\/uploads\\\/2019\\\/01\\\/AP6I3704.jpg\",\"keywords\":[\"CCC Team 2019\"],\"articleSection\":[\"Top\\\/Flop\",\"Vetrina\",\"WorldTour\"],\"inLanguage\":\"it-IT\",\"potentialAction\":[{\"@type\":\"CommentAction\",\"name\":\"Comment\",\"target\":[\"https:\\\/\\\/cyclingpro.net\\\/spaziociclismo\\\/topflop\\\/bilancio-squadre-2019-ccc-team\\\/#respond\"]}]},{\"@type\":\"WebPage\",\"@id\":\"https:\\\/\\\/cyclingpro.net\\\/spaziociclismo\\\/topflop\\\/bilancio-squadre-2019-ccc-team\\\/\",\"url\":\"https:\\\/\\\/cyclingpro.net\\\/spaziociclismo\\\/topflop\\\/bilancio-squadre-2019-ccc-team\\\/\",\"name\":\"Bilancio Squadre 2019: CCC Team - SpazioCiclismo\",\"isPartOf\":{\"@id\":\"https:\\\/\\\/cyclingpro.net\\\/spaziociclismo\\\/#website\"},\"primaryImageOfPage\":{\"@id\":\"https:\\\/\\\/cyclingpro.net\\\/spaziociclismo\\\/topflop\\\/bilancio-squadre-2019-ccc-team\\\/#primaryimage\"},\"image\":{\"@id\":\"https:\\\/\\\/cyclingpro.net\\\/spaziociclismo\\\/topflop\\\/bilancio-squadre-2019-ccc-team\\\/#primaryimage\"},\"thumbnailUrl\":\"https:\\\/\\\/cyclingpro.net\\\/spaziociclismo\\\/wp-content\\\/uploads\\\/2019\\\/01\\\/AP6I3704.jpg\",\"datePublished\":\"2019-11-19T13:00:09+00:00\",\"dateModified\":\"2019-11-19T13:31:17+00:00\",\"breadcrumb\":{\"@id\":\"https:\\\/\\\/cyclingpro.net\\\/spaziociclismo\\\/topflop\\\/bilancio-squadre-2019-ccc-team\\\/#breadcrumb\"},\"inLanguage\":\"it-IT\",\"potentialAction\":[{\"@type\":\"ReadAction\",\"target\":[\"https:\\\/\\\/cyclingpro.net\\\/spaziociclismo\\\/topflop\\\/bilancio-squadre-2019-ccc-team\\\/\"]}]},{\"@type\":\"ImageObject\",\"inLanguage\":\"it-IT\",\"@id\":\"https:\\\/\\\/cyclingpro.net\\\/spaziociclismo\\\/topflop\\\/bilancio-squadre-2019-ccc-team\\\/#primaryimage\",\"url\":\"https:\\\/\\\/cyclingpro.net\\\/spaziociclismo\\\/wp-content\\\/uploads\\\/2019\\\/01\\\/AP6I3704.jpg\",\"contentUrl\":\"https:\\\/\\\/cyclingpro.net\\\/spaziociclismo\\\/wp-content\\\/uploads\\\/2019\\\/01\\\/AP6I3704.jpg\",\"width\":1050,\"height\":700,\"caption\":\"\u00a9 CCC Team\"},{\"@type\":\"BreadcrumbList\",\"@id\":\"https:\\\/\\\/cyclingpro.net\\\/spaziociclismo\\\/topflop\\\/bilancio-squadre-2019-ccc-team\\\/#breadcrumb\",\"itemListElement\":[{\"@type\":\"ListItem\",\"position\":1,\"name\":\"Home\",\"item\":\"https:\\\/\\\/cyclingpro.net\\\/spaziociclismo\\\/\"},{\"@type\":\"ListItem\",\"position\":2,\"name\":\"Bilancio Squadre 2019: CCC Team\"}]},{\"@type\":\"WebSite\",\"@id\":\"https:\\\/\\\/cyclingpro.net\\\/spaziociclismo\\\/#website\",\"url\":\"https:\\\/\\\/cyclingpro.net\\\/spaziociclismo\\\/\",\"name\":\"SpazioCiclismo\",\"description\":\"Tutto il ciclismo minuto per minuto\",\"publisher\":{\"@id\":\"https:\\\/\\\/cyclingpro.net\\\/spaziociclismo\\\/#organization\"},\"potentialAction\":[{\"@type\":\"SearchAction\",\"target\":{\"@type\":\"EntryPoint\",\"urlTemplate\":\"https:\\\/\\\/cyclingpro.net\\\/spaziociclismo\\\/?s={search_term_string}\"},\"query-input\":{\"@type\":\"PropertyValueSpecification\",\"valueRequired\":true,\"valueName\":\"search_term_string\"}}],\"inLanguage\":\"it-IT\"},{\"@type\":\"Organization\",\"@id\":\"https:\\\/\\\/cyclingpro.net\\\/spaziociclismo\\\/#organization\",\"name\":\"SpazioCiclismo\",\"url\":\"https:\\\/\\\/cyclingpro.net\\\/spaziociclismo\\\/\",\"logo\":{\"@type\":\"ImageObject\",\"inLanguage\":\"it-IT\",\"@id\":\"https:\\\/\\\/cyclingpro.net\\\/spaziociclismo\\\/#\\\/schema\\\/logo\\\/image\\\/\",\"url\":\"https:\\\/\\\/cyclingpro.net\\\/spaziociclismo\\\/wp-content\\\/uploads\\\/2017\\\/02\\\/SpazioCiclismo-Logo-Quadrato.png\",\"contentUrl\":\"https:\\\/\\\/cyclingpro.net\\\/spaziociclismo\\\/wp-content\\\/uploads\\\/2017\\\/02\\\/SpazioCiclismo-Logo-Quadrato.png\",\"width\":450,\"height\":450,\"caption\":\"SpazioCiclismo\"},\"image\":{\"@id\":\"https:\\\/\\\/cyclingpro.net\\\/spaziociclismo\\\/#\\\/schema\\\/logo\\\/image\\\/\"},\"sameAs\":[\"https:\\\/\\\/www.facebook.com\\\/SpazioCiclismo\\\/\",\"https:\\\/\\\/x.com\\\/spaziociclismo\",\"https:\\\/\\\/www.instagram.com\\\/spaziociclismo\\\/\"]},{\"@type\":\"Person\",\"@id\":\"https:\\\/\\\/cyclingpro.net\\\/spaziociclismo\\\/#\\\/schema\\\/person\\\/fbcea3b47035c101a8b1a9cac6365718\",\"name\":\"Michele Carpani\",\"image\":{\"@type\":\"ImageObject\",\"inLanguage\":\"it-IT\",\"@id\":\"https:\\\/\\\/secure.gravatar.com\\\/avatar\\\/81f69e491144d7967425d7df0bd0e130727aad24e61f0ec63c9896db458388d6?s=96&d=mm&r=g\",\"url\":\"https:\\\/\\\/secure.gravatar.com\\\/avatar\\\/81f69e491144d7967425d7df0bd0e130727aad24e61f0ec63c9896db458388d6?s=96&d=mm&r=g\",\"contentUrl\":\"https:\\\/\\\/secure.gravatar.com\\\/avatar\\\/81f69e491144d7967425d7df0bd0e130727aad24e61f0ec63c9896db458388d6?s=96&d=mm&r=g\",\"caption\":\"Michele Carpani\"},\"url\":\"https:\\\/\\\/cyclingpro.net\\\/spaziociclismo\\\/author\\\/mcarpani\\\/\"}]}<\/script>\n<!-- \/ Yoast SEO plugin. -->","yoast_head_json":{"title":"Bilancio Squadre 2019: CCC Team - SpazioCiclismo","robots":{"index":"index","follow":"follow","max-snippet":"max-snippet:-1","max-image-preview":"max-image-preview:large","max-video-preview":"max-video-preview:-1"},"canonical":"https:\/\/cyclingpro.net\/spaziociclismo\/topflop\/bilancio-squadre-2019-ccc-team\/","og_locale":"it_IT","og_type":"article","og_title":"Bilancio Squadre 2019: CCC Team - SpazioCiclismo","og_description":"Il 2019 ha rappresentato la stagione del debutto nella massima divisione per il\u00a0CCC Team. La squadra polacca, che ha raccolto l&#8217;eredit\u00e0 della BMC integrando all&#8217;interno del proprio organico alcuni corridori provenienti dalla CCC Sprandi Polkowice, ha da subito ammesso di non avere le possibilit\u00e0 di fare classifica nei Grandi Giri, non avendo al suo interno &hellip;","og_url":"https:\/\/cyclingpro.net\/spaziociclismo\/topflop\/bilancio-squadre-2019-ccc-team\/","og_site_name":"SpazioCiclismo","article_publisher":"https:\/\/www.facebook.com\/SpazioCiclismo\/","article_published_time":"2019-11-19T13:00:09+00:00","article_modified_time":"2019-11-19T13:31:17+00:00","og_image":[{"width":1050,"height":700,"url":"https:\/\/i0.wp.com\/cyclingpro.net\/spaziociclismo\/wp-content\/uploads\/2019\/01\/AP6I3704.jpg?fit=1050%2C700&ssl=1","type":"image\/jpeg"}],"author":"Michele Carpani","twitter_card":"summary_large_image","twitter_creator":"@spaziociclismo","twitter_site":"@spaziociclismo","twitter_misc":{"Scritto da":"Michele Carpani","Tempo di lettura stimato":"7 minuti"},"schema":{"@context":"https:\/\/schema.org","@graph":[{"@type":"Article","@id":"https:\/\/cyclingpro.net\/spaziociclismo\/topflop\/bilancio-squadre-2019-ccc-team\/#article","isPartOf":{"@id":"https:\/\/cyclingpro.net\/spaziociclismo\/topflop\/bilancio-squadre-2019-ccc-team\/"},"author":{"name":"Michele Carpani","@id":"https:\/\/cyclingpro.net\/spaziociclismo\/#\/schema\/person\/fbcea3b47035c101a8b1a9cac6365718"},"headline":"Bilancio Squadre 2019: CCC Team","datePublished":"2019-11-19T13:00:09+00:00","dateModified":"2019-11-19T13:31:17+00:00","mainEntityOfPage":{"@id":"https:\/\/cyclingpro.net\/spaziociclismo\/topflop\/bilancio-squadre-2019-ccc-team\/"},"wordCount":1509,"commentCount":0,"publisher":{"@id":"https:\/\/cyclingpro.net\/spaziociclismo\/#organization"},"image":{"@id":"https:\/\/cyclingpro.net\/spaziociclismo\/topflop\/bilancio-squadre-2019-ccc-team\/#primaryimage"},"thumbnailUrl":"https:\/\/cyclingpro.net\/spaziociclismo\/wp-content\/uploads\/2019\/01\/AP6I3704.jpg","keywords":["CCC Team 2019"],"articleSection":["Top\/Flop","Vetrina","WorldTour"],"inLanguage":"it-IT","potentialAction":[{"@type":"CommentAction","name":"Comment","target":["https:\/\/cyclingpro.net\/spaziociclismo\/topflop\/bilancio-squadre-2019-ccc-team\/#respond"]}]},{"@type":"WebPage","@id":"https:\/\/cyclingpro.net\/spaziociclismo\/topflop\/bilancio-squadre-2019-ccc-team\/","url":"https:\/\/cyclingpro.net\/spaziociclismo\/topflop\/bilancio-squadre-2019-ccc-team\/","name":"Bilancio Squadre 2019: CCC Team - SpazioCiclismo","isPartOf":{"@id":"https:\/\/cyclingpro.net\/spaziociclismo\/#website"},"primaryImageOfPage":{"@id":"https:\/\/cyclingpro.net\/spaziociclismo\/topflop\/bilancio-squadre-2019-ccc-team\/#primaryimage"},"image":{"@id":"https:\/\/cyclingpro.net\/spaziociclismo\/topflop\/bilancio-squadre-2019-ccc-team\/#primaryimage"},"thumbnailUrl":"https:\/\/cyclingpro.net\/spaziociclismo\/wp-content\/uploads\/2019\/01\/AP6I3704.jpg","datePublished":"2019-11-19T13:00:09+00:00","dateModified":"2019-11-19T13:31:17+00:00","breadcrumb":{"@id":"https:\/\/cyclingpro.net\/spaziociclismo\/topflop\/bilancio-squadre-2019-ccc-team\/#breadcrumb"},"inLanguage":"it-IT","potentialAction":[{"@type":"ReadAction","target":["https:\/\/cyclingpro.net\/spaziociclismo\/topflop\/bilancio-squadre-2019-ccc-team\/"]}]},{"@type":"ImageObject","inLanguage":"it-IT","@id":"https:\/\/cyclingpro.net\/spaziociclismo\/topflop\/bilancio-squadre-2019-ccc-team\/#primaryimage","url":"https:\/\/cyclingpro.net\/spaziociclismo\/wp-content\/uploads\/2019\/01\/AP6I3704.jpg","contentUrl":"https:\/\/cyclingpro.net\/spaziociclismo\/wp-content\/uploads\/2019\/01\/AP6I3704.jpg","width":1050,"height":700,"caption":"\u00a9 CCC Team"},{"@type":"BreadcrumbList","@id":"https:\/\/cyclingpro.net\/spaziociclismo\/topflop\/bilancio-squadre-2019-ccc-team\/#breadcrumb","itemListElement":[{"@type":"ListItem","position":1,"name":"Home","item":"https:\/\/cyclingpro.net\/spaziociclismo\/"},{"@type":"ListItem","position":2,"name":"Bilancio Squadre 2019: CCC Team"}]},{"@type":"WebSite","@id":"https:\/\/cyclingpro.net\/spaziociclismo\/#website","url":"https:\/\/cyclingpro.net\/spaziociclismo\/","name":"SpazioCiclismo","description":"Tutto il ciclismo minuto per minuto","publisher":{"@id":"https:\/\/cyclingpro.net\/spaziociclismo\/#organization"},"potentialAction":[{"@type":"SearchAction","target":{"@type":"EntryPoint","urlTemplate":"https:\/\/cyclingpro.net\/spaziociclismo\/?s={search_term_string}"},"query-input":{"@type":"PropertyValueSpecification","valueRequired":true,"valueName":"search_term_string"}}],"inLanguage":"it-IT"},{"@type":"Organization","@id":"https:\/\/cyclingpro.net\/spaziociclismo\/#organization","name":"SpazioCiclismo","url":"https:\/\/cyclingpro.net\/spaziociclismo\/","logo":{"@type":"ImageObject","inLanguage":"it-IT","@id":"https:\/\/cyclingpro.net\/spaziociclismo\/#\/schema\/logo\/image\/","url":"https:\/\/cyclingpro.net\/spaziociclismo\/wp-content\/uploads\/2017\/02\/SpazioCiclismo-Logo-Quadrato.png","contentUrl":"https:\/\/cyclingpro.net\/spaziociclismo\/wp-content\/uploads\/2017\/02\/SpazioCiclismo-Logo-Quadrato.png","width":450,"height":450,"caption":"SpazioCiclismo"},"image":{"@id":"https:\/\/cyclingpro.net\/spaziociclismo\/#\/schema\/logo\/image\/"},"sameAs":["https:\/\/www.facebook.com\/SpazioCiclismo\/","https:\/\/x.com\/spaziociclismo","https:\/\/www.instagram.com\/spaziociclismo\/"]},{"@type":"Person","@id":"https:\/\/cyclingpro.net\/spaziociclismo\/#\/schema\/person\/fbcea3b47035c101a8b1a9cac6365718","name":"Michele Carpani","image":{"@type":"ImageObject","inLanguage":"it-IT","@id":"https:\/\/secure.gravatar.com\/avatar\/81f69e491144d7967425d7df0bd0e130727aad24e61f0ec63c9896db458388d6?s=96&d=mm&r=g","url":"https:\/\/secure.gravatar.com\/avatar\/81f69e491144d7967425d7df0bd0e130727aad24e61f0ec63c9896db458388d6?s=96&d=mm&r=g","contentUrl":"https:\/\/secure.gravatar.com\/avatar\/81f69e491144d7967425d7df0bd0e130727aad24e61f0ec63c9896db458388d6?s=96&d=mm&r=g","caption":"Michele Carpani"},"url":"https:\/\/cyclingpro.net\/spaziociclismo\/author\/mcarpani\/"}]}},"_links":{"self":[{"href":"https:\/\/cyclingpro.net\/spaziociclismo\/wp-json\/wp\/v2\/posts\/109476","targetHints":{"allow":["GET"]}}],"collection":[{"href":"https:\/\/cyclingpro.net\/spaziociclismo\/wp-json\/wp\/v2\/posts"}],"about":[{"href":"https:\/\/cyclingpro.net\/spaziociclismo\/wp-json\/wp\/v2\/types\/post"}],"author":[{"embeddable":true,"href":"https:\/\/cyclingpro.net\/spaziociclismo\/wp-json\/wp\/v2\/users\/33"}],"replies":[{"embeddable":true,"href":"https:\/\/cyclingpro.net\/spaziociclismo\/wp-json\/wp\/v2\/comments?post=109476"}],"version-history":[{"count":10,"href":"https:\/\/cyclingpro.net\/spaziociclismo\/wp-json\/wp\/v2\/posts\/109476\/revisions"}],"predecessor-version":[{"id":110350,"href":"https:\/\/cyclingpro.net\/spaziociclismo\/wp-json\/wp\/v2\/posts\/109476\/revisions\/110350"}],"wp:featuredmedia":[{"embeddable":true,"href":"https:\/\/cyclingpro.net\/spaziociclismo\/wp-json\/wp\/v2\/media\/76779"}],"wp:attachment":[{"href":"https:\/\/cyclingpro.net\/spaziociclismo\/wp-json\/wp\/v2\/media?parent=109476"}],"wp:term":[{"taxonomy":"category","embeddable":true,"href":"https:\/\/cyclingpro.net\/spaziociclismo\/wp-json\/wp\/v2\/categories?post=109476"},{"taxonomy":"post_tag","embeddable":true,"href":"https:\/\/cyclingpro.net\/spaziociclismo\/wp-json\/wp\/v2\/tags?post=109476"}],"curies":[{"name":"wp","href":"https:\/\/api.w.org\/{rel}","templated":true}]}}